{"id":396950,"date":"2026-04-28T08:50:49","date_gmt":"2026-04-28T07:50:49","guid":{"rendered":"https:\/\/www.webdo.tn\/fr\/?p=396950"},"modified":"2026-04-28T08:50:51","modified_gmt":"2026-04-28T07:50:51","slug":"tunisie-lotfi-bouchnak-au-coeur-dune-vive-polemique","status":"publish","type":"post","link":"https:\/\/www.webdo.tn\/fr\/actualite\/culture\/tunisie-lotfi-bouchnak-au-coeur-dune-vive-polemique\/396950\/","title":{"rendered":"Tunisie : Lotfi Bouchnak au c\u0153ur d\u2019une vive pol\u00e9mique"},"content":{"rendered":"\n<p><strong>La pol\u00e9mique autour de Lotfi Bouchnak prend une nouvelle tournure. Apr\u00e8s la circulation virale d\u2019une ancienne chanson remise en contexte sur les r\u00e9seaux sociaux et l\u2019\u00e9mergence de lectures jug\u00e9es trompeuses ou instrumentalis\u00e9es, l\u2019artiste a d\u00e9cid\u00e9 de ne pas laisser la situation s\u2019installer sans r\u00e9ponse.<\/strong><\/p>\n\n\n\n<p>Selon des informations relay\u00e9es par plusieurs m\u00e9dias, Lotfi Bouchnak aurait d\u00e9cid\u00e9 de recourir \u00e0 la justice afin de d\u00e9fendre son image et contester l\u2019exploitation de son \u0153uvre dans un cadre qu\u2019il estime d\u00e9tourn\u00e9 de son sens initial. Cette d\u00e9marche viserait notamment \u00e0 faire face aux interpr\u00e9tations jug\u00e9es abusives et aux atteintes \u00e0 sa r\u00e9putation.<\/p>\n\n\n\n<h2 class=\"wp-block-heading\" id=\"h-chanson-portant-sur-des-migrants-subsahariens\">Chanson portant sur des migrants subsahariens <\/h2>\n\n\n\n<p>La controverse s\u2019est amplifi\u00e9e ces derniers jours en ligne, o\u00f9 la chanson portant sur des migrants subsahariens en collaboration avec l&rsquo;Institut arabe des droits humains a \u00e9t\u00e9 reprise dans des publications aux tonalit\u00e9s tr\u00e8s polaris\u00e9es, alimentant un d\u00e9bat d\u00e9passant largement le cadre artistique. L\u2019artiste se retrouve ainsi malgr\u00e9 lui au centre d\u2019un affrontement discursif autour de questions sensibles, sans lien direct avec son intention initiale.<\/p>\n\n\n\n<p class=\"has-medium-font-size\">Lire aussi :\u00a0<a href=\"https:\/\/www.webdo.tn\/fr\/actualite\/national\/la-tunisie-reaffirme-son-refus-de-devenir-une-plateforme-de-transit-pour-les-migrants-irreguliers\/217889\/\">La Tunisie r\u00e9affirme son refus de devenir une plateforme de transit pour les migrants irr\u00e9guliers<\/a> <\/p>\n\n\n\n<p>Cette escalade illustre une nouvelle fois la rapidit\u00e9 avec laquelle une \u0153uvre culturelle peut \u00eatre reconfigur\u00e9e par les dynamiques des r\u00e9seaux sociaux, o\u00f9 le contexte d\u2019origine tend \u00e0 s\u2019effacer au profit de lectures fragment\u00e9es et parfois conflictuelles.<\/p>\n\n\n\n<h2 class=\"wp-block-heading\" id=\"h-volonte-de-reponse-ferme\">Volont\u00e9 de r\u00e9ponse ferme <\/h2>\n\n\n\n<p>En attendant d\u2019\u00e9ventuelles suites judiciaires, l\u2019entourage de l\u2019artiste n\u2019a pas communiqu\u00e9 de d\u00e9tails suppl\u00e9mentaires, mais confirme une volont\u00e9 de r\u00e9ponse ferme face \u00e0 ce qu\u2019il consid\u00e8re comme une d\u00e9rive de l\u2019espace num\u00e9rique.<\/p>\n\n\n\n<p><\/p>\n\n\n\n<p><\/p>\n","protected":false},"excerpt":{"rendered":"<p>La pol\u00e9mique autour de Lotfi Bouchnak prend une nouvelle tournure. Apr\u00e8s la circulation virale d\u2019une ancienne chanson remise en contexte sur les r\u00e9seaux sociaux et l\u2019\u00e9mergence de lectures jug\u00e9es trompeuses ou instrumentalis\u00e9es, l\u2019artiste a d\u00e9cid\u00e9 de ne pas laisser la situation s\u2019installer sans r\u00e9ponse. Selon des informations relay\u00e9es par plusieurs m\u00e9dias, Lotfi Bouchnak aurait d\u00e9cid\u00e9 [&hellip;]<\/p>\n","protected":false},"author":3184,"featured_media":396953,"comment_status":"closed","ping_status":"closed","sticky":false,"template":"","format":"standard","meta":{"footnotes":""},"categories":[2594],"tags":[8752,2608],"class_list":["post-396950","post","type-post","status-publish","format-standard","has-post-thumbnail","hentry","category-culture","tag-lotfi-bouchnak","tag-tunisie"],"yoast_head":"<!-- This site is optimized with the Yoast SEO Premium plugin v27.4 (Yoast SEO v27.5) - https:\/\/yoast.com\/product\/yoast-seo-premium-wordpress\/ -->\n<title>Tunisie : Lotfi Bouchnak au c\u0153ur d\u2019une vive pol\u00e9mique - webdo<\/title>\n<meta name=\"description\" content=\"D\u00e9couvrez la pol\u00e9mique entourant Lotfi Bouchnak et sa r\u00e9ponse face aux interpr\u00e9tations de son \u0153uvre musicale.\" \/>\n<link rel=\"canonical\" href=\"https:\/\/www.webdo.tn\/fr\/actualite\/culture\/tunisie-lotfi-bouchnak-au-coeur-dune-vive-polemique\/396950\/\" \/>\n<meta property=\"og:locale\" content=\"fr_FR\" \/>\n<meta property=\"og:type\" content=\"article\" \/>\n<meta property=\"og:title\" content=\"Tunisie : Lotfi Bouchnak au c\u0153ur d\u2019une vive pol\u00e9mique\" \/>\n<meta property=\"og:description\" content=\"D\u00e9couvrez la pol\u00e9mique entourant Lotfi Bouchnak et sa r\u00e9ponse face aux interpr\u00e9tations de son \u0153uvre musicale.\" \/>\n<meta property=\"og:url\" content=\"https:\/\/www.webdo.tn\/fr\/actualite\/culture\/tunisie-lotfi-bouchnak-au-coeur-dune-vive-polemique\/396950\/\" \/>\n<meta property=\"og:site_name\" content=\"webdo\" \/>\n<meta property=\"article:publisher\" content=\"https:\/\/www.facebook.com\/webdotn\" \/>\n<meta property=\"article:published_time\" content=\"2026-04-28T07:50:49+00:00\" \/>\n<meta property=\"article:modified_time\" content=\"2026-04-28T07:50:51+00:00\" \/>\n<meta property=\"og:image\" content=\"https:\/\/www.webdo.tn\/fr\/wp-content\/uploads\/2026\/04\/Lotfi-Bouchnak.jpg\" \/>\n\t<meta property=\"og:image:width\" content=\"1200\" \/>\n\t<meta property=\"og:image:height\" content=\"598\" \/>\n\t<meta property=\"og:image:type\" content=\"image\/jpeg\" \/>\n<meta name=\"author\" content=\"Wided Belhaj\" \/>\n<meta name=\"twitter:card\" content=\"summary_large_image\" \/>\n<meta name=\"twitter:creator\" content=\"@webdo_tn\" \/>\n<meta name=\"twitter:site\" content=\"@webdo_tn\" \/>\n<meta name=\"twitter:label1\" content=\"\u00c9crit par\" \/>\n\t<meta name=\"twitter:data1\" content=\"Wided Belhaj\" \/>\n\t<meta name=\"twitter:label2\" content=\"Dur\u00e9e de lecture estim\u00e9e\" \/>\n\t<meta name=\"twitter:data2\" content=\"2 minutes\" \/>\n<script type=\"application\/ld+json\" class=\"yoast-schema-graph\">{\"@context\":\"https:\\\/\\\/schema.org\",\"@graph\":[{\"@type\":\"NewsArticle\",\"@id\":\"https:\\\/\\\/www.webdo.tn\\\/fr\\\/actualite\\\/culture\\\/tunisie-lotfi-bouchnak-au-coeur-dune-vive-polemique\\\/396950\\\/#article\",\"isPartOf\":{\"@id\":\"https:\\\/\\\/www.webdo.tn\\\/fr\\\/actualite\\\/culture\\\/tunisie-lotfi-bouchnak-au-coeur-dune-vive-polemique\\\/396950\\\/\"},\"author\":{\"name\":\"Wided Belhaj\",\"@id\":\"https:\\\/\\\/www.webdo.tn\\\/fr\\\/#\\\/schema\\\/person\\\/b9ecde7a5574cb4fcf4b496ea5fadb15\"},\"headline\":\"Tunisie : Lotfi Bouchnak au c\u0153ur d\u2019une vive pol\u00e9mique\",\"datePublished\":\"2026-04-28T07:50:49+00:00\",\"dateModified\":\"2026-04-28T07:50:51+00:00\",\"mainEntityOfPage\":{\"@id\":\"https:\\\/\\\/www.webdo.tn\\\/fr\\\/actualite\\\/culture\\\/tunisie-lotfi-bouchnak-au-coeur-dune-vive-polemique\\\/396950\\\/\"},\"wordCount\":317,\"publisher\":{\"@id\":\"https:\\\/\\\/www.webdo.tn\\\/fr\\\/#organization\"},\"image\":{\"@id\":\"https:\\\/\\\/www.webdo.tn\\\/fr\\\/actualite\\\/culture\\\/tunisie-lotfi-bouchnak-au-coeur-dune-vive-polemique\\\/396950\\\/#primaryimage\"},\"thumbnailUrl\":\"https:\\\/\\\/www.webdo.tn\\\/fr\\\/wp-content\\\/uploads\\\/2026\\\/04\\\/Lotfi-Bouchnak.jpg\",\"keywords\":[\"lotfi bouchnak\",\"Tunisie\"],\"articleSection\":[\"Culture\"],\"inLanguage\":\"fr-FR\"},{\"@type\":\"WebPage\",\"@id\":\"https:\\\/\\\/www.webdo.tn\\\/fr\\\/actualite\\\/culture\\\/tunisie-lotfi-bouchnak-au-coeur-dune-vive-polemique\\\/396950\\\/\",\"url\":\"https:\\\/\\\/www.webdo.tn\\\/fr\\\/actualite\\\/culture\\\/tunisie-lotfi-bouchnak-au-coeur-dune-vive-polemique\\\/396950\\\/\",\"name\":\"Tunisie : Lotfi Bouchnak au c\u0153ur d\u2019une vive pol\u00e9mique - webdo\",\"isPartOf\":{\"@id\":\"https:\\\/\\\/www.webdo.tn\\\/fr\\\/#website\"},\"primaryImageOfPage\":{\"@id\":\"https:\\\/\\\/www.webdo.tn\\\/fr\\\/actualite\\\/culture\\\/tunisie-lotfi-bouchnak-au-coeur-dune-vive-polemique\\\/396950\\\/#primaryimage\"},\"image\":{\"@id\":\"https:\\\/\\\/www.webdo.tn\\\/fr\\\/actualite\\\/culture\\\/tunisie-lotfi-bouchnak-au-coeur-dune-vive-polemique\\\/396950\\\/#primaryimage\"},\"thumbnailUrl\":\"https:\\\/\\\/www.webdo.tn\\\/fr\\\/wp-content\\\/uploads\\\/2026\\\/04\\\/Lotfi-Bouchnak.jpg\",\"datePublished\":\"2026-04-28T07:50:49+00:00\",\"dateModified\":\"2026-04-28T07:50:51+00:00\",\"description\":\"D\u00e9couvrez la pol\u00e9mique entourant Lotfi Bouchnak et sa r\u00e9ponse face aux interpr\u00e9tations de son \u0153uvre musicale.\",\"breadcrumb\":{\"@id\":\"https:\\\/\\\/www.webdo.tn\\\/fr\\\/actualite\\\/culture\\\/tunisie-lotfi-bouchnak-au-coeur-dune-vive-polemique\\\/396950\\\/#breadcrumb\"},\"inLanguage\":\"fr-FR\",\"potentialAction\":[{\"@type\":\"ReadAction\",\"target\":[\"https:\\\/\\\/www.webdo.tn\\\/fr\\\/actualite\\\/culture\\\/tunisie-lotfi-bouchnak-au-coeur-dune-vive-polemique\\\/396950\\\/\"]}]},{\"@type\":\"ImageObject\",\"inLanguage\":\"fr-FR\",\"@id\":\"https:\\\/\\\/www.webdo.tn\\\/fr\\\/actualite\\\/culture\\\/tunisie-lotfi-bouchnak-au-coeur-dune-vive-polemique\\\/396950\\\/#primaryimage\",\"url\":\"https:\\\/\\\/www.webdo.tn\\\/fr\\\/wp-content\\\/uploads\\\/2026\\\/04\\\/Lotfi-Bouchnak.jpg\",\"contentUrl\":\"https:\\\/\\\/www.webdo.tn\\\/fr\\\/wp-content\\\/uploads\\\/2026\\\/04\\\/Lotfi-Bouchnak.jpg\",\"width\":1200,\"height\":598,\"caption\":\"Lotfi Bouchnak\"},{\"@type\":\"BreadcrumbList\",\"@id\":\"https:\\\/\\\/www.webdo.tn\\\/fr\\\/actualite\\\/culture\\\/tunisie-lotfi-bouchnak-au-coeur-dune-vive-polemique\\\/396950\\\/#breadcrumb\",\"itemListElement\":[{\"@type\":\"ListItem\",\"position\":1,\"name\":\"Accueil\",\"item\":\"https:\\\/\\\/www.webdo.tn\\\/fr\\\/\"},{\"@type\":\"ListItem\",\"position\":2,\"name\":\"Tunisie : Lotfi Bouchnak au c\u0153ur d\u2019une vive pol\u00e9mique\"}]},{\"@type\":\"WebSite\",\"@id\":\"https:\\\/\\\/www.webdo.tn\\\/fr\\\/#website\",\"url\":\"https:\\\/\\\/www.webdo.tn\\\/fr\\\/\",\"name\":\"webdo\",\"description\":\"Tunisie - News en Tunisie et \u00e0 l&#039;international sur Webdo.tn\",\"publisher\":{\"@id\":\"https:\\\/\\\/www.webdo.tn\\\/fr\\\/#organization\"},\"potentialAction\":[{\"@type\":\"SearchAction\",\"target\":{\"@type\":\"EntryPoint\",\"urlTemplate\":\"https:\\\/\\\/www.webdo.tn\\\/fr\\\/?s={search_term_string}\"},\"query-input\":{\"@type\":\"PropertyValueSpecification\",\"valueRequired\":true,\"valueName\":\"search_term_string\"}}],\"inLanguage\":\"fr-FR\"},{\"@type\":\"Organization\",\"@id\":\"https:\\\/\\\/www.webdo.tn\\\/fr\\\/#organization\",\"name\":\"Webdo\",\"alternateName\":\"Webdo.tn\",\"url\":\"https:\\\/\\\/www.webdo.tn\\\/fr\\\/\",\"logo\":{\"@type\":\"ImageObject\",\"inLanguage\":\"fr-FR\",\"@id\":\"https:\\\/\\\/www.webdo.tn\\\/fr\\\/#\\\/schema\\\/logo\\\/image\\\/\",\"url\":\"https:\\\/\\\/www.webdo.tn\\\/fr\\\/wp-content\\\/uploads\\\/2025\\\/06\\\/Webdo-Tunisie_168377.jpg\",\"contentUrl\":\"https:\\\/\\\/www.webdo.tn\\\/fr\\\/wp-content\\\/uploads\\\/2025\\\/06\\\/Webdo-Tunisie_168377.jpg\",\"width\":301,\"height\":301,\"caption\":\"Webdo\"},\"image\":{\"@id\":\"https:\\\/\\\/www.webdo.tn\\\/fr\\\/#\\\/schema\\\/logo\\\/image\\\/\"},\"sameAs\":[\"https:\\\/\\\/www.facebook.com\\\/webdotn\",\"https:\\\/\\\/x.com\\\/webdo_tn\"],\"description\":\"Webdo est un m\u00e9dia num\u00e9rique tunisien fond\u00e9 en 2010, sp\u00e9cialis\u00e9 dans l\u2019actualit\u00e9 nationale et internationale, l\u2019\u00e9conomie, la soci\u00e9t\u00e9 et les analyses politiques. Le site s\u2019adresse \u00e0 un large public francophone et couvre l\u2019information tunisienne en temps r\u00e9el.\",\"email\":\"redac@webdo.tn\",\"legalName\":\"YNJ SARL\",\"foundingDate\":\"2010-09-06\",\"numberOfEmployees\":{\"@type\":\"QuantitativeValue\",\"minValue\":\"11\",\"maxValue\":\"50\"}},{\"@type\":\"Person\",\"@id\":\"https:\\\/\\\/www.webdo.tn\\\/fr\\\/#\\\/schema\\\/person\\\/b9ecde7a5574cb4fcf4b496ea5fadb15\",\"name\":\"Wided Belhaj\",\"image\":{\"@type\":\"ImageObject\",\"inLanguage\":\"fr-FR\",\"@id\":\"https:\\\/\\\/www.webdo.tn\\\/fr\\\/wp-content\\\/uploads\\\/2026\\\/04\\\/wided-belhaj_avatar-96x96.jpg\",\"url\":\"https:\\\/\\\/www.webdo.tn\\\/fr\\\/wp-content\\\/uploads\\\/2026\\\/04\\\/wided-belhaj_avatar-96x96.jpg\",\"contentUrl\":\"https:\\\/\\\/www.webdo.tn\\\/fr\\\/wp-content\\\/uploads\\\/2026\\\/04\\\/wided-belhaj_avatar-96x96.jpg\",\"caption\":\"Wided Belhaj\"},\"description\":\"Wided Belhaj est le pseudonyme \u00e9ditorial utilis\u00e9 par Khalil Jelassi, journaliste, ma\u00eetre-assistant \u00e0 l\u2019Institut de presse et des sciences de l\u2019information (IPSI) et chercheur en sciences de l\u2019information et de la communication. Cette signature est d\u00e9di\u00e9e \u00e0 l\u2019analyse des m\u00e9dias, des pratiques journalistiques et des mutations de l\u2019information \u00e0 l\u2019\u00e8re digitale. \u00c0 travers ses contributions, Wided Belhaj propose une lecture analytique de l\u2019actualit\u00e9, en croisant regard critique et expertise acad\u00e9mique.\",\"knowsAbout\":[\"m\u00e9dias\",\"journalisme\",\"communication\",\"information\",\"transformation num\u00e9rique\",\"analyse des m\u00e9dias\"],\"knowsLanguage\":[\"Fran\u00e7ais\",\"Arabe\"],\"jobTitle\":\"Webdo.tn\",\"worksFor\":\"Journaliste \u2013 Analyse des m\u00e9dias\",\"url\":\"https:\\\/\\\/www.webdo.tn\\\/fr\\\/actualite\\\/author\\\/wided-belhaj\\\/\"}]}<\/script>\n<!-- \/ Yoast SEO Premium plugin. -->","yoast_head_json":{"title":"Tunisie : Lotfi Bouchnak au c\u0153ur d\u2019une vive pol\u00e9mique - webdo","description":"D\u00e9couvrez la pol\u00e9mique entourant Lotfi Bouchnak et sa r\u00e9ponse face aux interpr\u00e9tations de son \u0153uvre musicale.","canonical":"https:\/\/www.webdo.tn\/fr\/actualite\/culture\/tunisie-lotfi-bouchnak-au-coeur-dune-vive-polemique\/396950\/","og_locale":"fr_FR","og_type":"article","og_title":"Tunisie : Lotfi Bouchnak au c\u0153ur d\u2019une vive pol\u00e9mique","og_description":"D\u00e9couvrez la pol\u00e9mique entourant Lotfi Bouchnak et sa r\u00e9ponse face aux interpr\u00e9tations de son \u0153uvre musicale.","og_url":"https:\/\/www.webdo.tn\/fr\/actualite\/culture\/tunisie-lotfi-bouchnak-au-coeur-dune-vive-polemique\/396950\/","og_site_name":"webdo","article_publisher":"https:\/\/www.facebook.com\/webdotn","article_published_time":"2026-04-28T07:50:49+00:00","article_modified_time":"2026-04-28T07:50:51+00:00","og_image":[{"width":1200,"height":598,"url":"https:\/\/www.webdo.tn\/fr\/wp-content\/uploads\/2026\/04\/Lotfi-Bouchnak.jpg","type":"image\/jpeg"}],"author":"Wided Belhaj","twitter_card":"summary_large_image","twitter_creator":"@webdo_tn","twitter_site":"@webdo_tn","twitter_misc":{"\u00c9crit par":"Wided Belhaj","Dur\u00e9e de lecture estim\u00e9e":"2 minutes"},"schema":{"@context":"https:\/\/schema.org","@graph":[{"@type":"NewsArticle","@id":"https:\/\/www.webdo.tn\/fr\/actualite\/culture\/tunisie-lotfi-bouchnak-au-coeur-dune-vive-polemique\/396950\/#article","isPartOf":{"@id":"https:\/\/www.webdo.tn\/fr\/actualite\/culture\/tunisie-lotfi-bouchnak-au-coeur-dune-vive-polemique\/396950\/"},"author":{"name":"Wided Belhaj","@id":"https:\/\/www.webdo.tn\/fr\/#\/schema\/person\/b9ecde7a5574cb4fcf4b496ea5fadb15"},"headline":"Tunisie : Lotfi Bouchnak au c\u0153ur d\u2019une vive pol\u00e9mique","datePublished":"2026-04-28T07:50:49+00:00","dateModified":"2026-04-28T07:50:51+00:00","mainEntityOfPage":{"@id":"https:\/\/www.webdo.tn\/fr\/actualite\/culture\/tunisie-lotfi-bouchnak-au-coeur-dune-vive-polemique\/396950\/"},"wordCount":317,"publisher":{"@id":"https:\/\/www.webdo.tn\/fr\/#organization"},"image":{"@id":"https:\/\/www.webdo.tn\/fr\/actualite\/culture\/tunisie-lotfi-bouchnak-au-coeur-dune-vive-polemique\/396950\/#primaryimage"},"thumbnailUrl":"https:\/\/www.webdo.tn\/fr\/wp-content\/uploads\/2026\/04\/Lotfi-Bouchnak.jpg","keywords":["lotfi bouchnak","Tunisie"],"articleSection":["Culture"],"inLanguage":"fr-FR"},{"@type":"WebPage","@id":"https:\/\/www.webdo.tn\/fr\/actualite\/culture\/tunisie-lotfi-bouchnak-au-coeur-dune-vive-polemique\/396950\/","url":"https:\/\/www.webdo.tn\/fr\/actualite\/culture\/tunisie-lotfi-bouchnak-au-coeur-dune-vive-polemique\/396950\/","name":"Tunisie : Lotfi Bouchnak au c\u0153ur d\u2019une vive pol\u00e9mique - webdo","isPartOf":{"@id":"https:\/\/www.webdo.tn\/fr\/#website"},"primaryImageOfPage":{"@id":"https:\/\/www.webdo.tn\/fr\/actualite\/culture\/tunisie-lotfi-bouchnak-au-coeur-dune-vive-polemique\/396950\/#primaryimage"},"image":{"@id":"https:\/\/www.webdo.tn\/fr\/actualite\/culture\/tunisie-lotfi-bouchnak-au-coeur-dune-vive-polemique\/396950\/#primaryimage"},"thumbnailUrl":"https:\/\/www.webdo.tn\/fr\/wp-content\/uploads\/2026\/04\/Lotfi-Bouchnak.jpg","datePublished":"2026-04-28T07:50:49+00:00","dateModified":"2026-04-28T07:50:51+00:00","description":"D\u00e9couvrez la pol\u00e9mique entourant Lotfi Bouchnak et sa r\u00e9ponse face aux interpr\u00e9tations de son \u0153uvre musicale.","breadcrumb":{"@id":"https:\/\/www.webdo.tn\/fr\/actualite\/culture\/tunisie-lotfi-bouchnak-au-coeur-dune-vive-polemique\/396950\/#breadcrumb"},"inLanguage":"fr-FR","potentialAction":[{"@type":"ReadAction","target":["https:\/\/www.webdo.tn\/fr\/actualite\/culture\/tunisie-lotfi-bouchnak-au-coeur-dune-vive-polemique\/396950\/"]}]},{"@type":"ImageObject","inLanguage":"fr-FR","@id":"https:\/\/www.webdo.tn\/fr\/actualite\/culture\/tunisie-lotfi-bouchnak-au-coeur-dune-vive-polemique\/396950\/#primaryimage","url":"https:\/\/www.webdo.tn\/fr\/wp-content\/uploads\/2026\/04\/Lotfi-Bouchnak.jpg","contentUrl":"https:\/\/www.webdo.tn\/fr\/wp-content\/uploads\/2026\/04\/Lotfi-Bouchnak.jpg","width":1200,"height":598,"caption":"Lotfi Bouchnak"},{"@type":"BreadcrumbList","@id":"https:\/\/www.webdo.tn\/fr\/actualite\/culture\/tunisie-lotfi-bouchnak-au-coeur-dune-vive-polemique\/396950\/#breadcrumb","itemListElement":[{"@type":"ListItem","position":1,"name":"Accueil","item":"https:\/\/www.webdo.tn\/fr\/"},{"@type":"ListItem","position":2,"name":"Tunisie : Lotfi Bouchnak au c\u0153ur d\u2019une vive pol\u00e9mique"}]},{"@type":"WebSite","@id":"https:\/\/www.webdo.tn\/fr\/#website","url":"https:\/\/www.webdo.tn\/fr\/","name":"webdo","description":"Tunisie - News en Tunisie et \u00e0 l&#039;international sur Webdo.tn","publisher":{"@id":"https:\/\/www.webdo.tn\/fr\/#organization"},"potentialAction":[{"@type":"SearchAction","target":{"@type":"EntryPoint","urlTemplate":"https:\/\/www.webdo.tn\/fr\/?s={search_term_string}"},"query-input":{"@type":"PropertyValueSpecification","valueRequired":true,"valueName":"search_term_string"}}],"inLanguage":"fr-FR"},{"@type":"Organization","@id":"https:\/\/www.webdo.tn\/fr\/#organization","name":"Webdo","alternateName":"Webdo.tn","url":"https:\/\/www.webdo.tn\/fr\/","logo":{"@type":"ImageObject","inLanguage":"fr-FR","@id":"https:\/\/www.webdo.tn\/fr\/#\/schema\/logo\/image\/","url":"https:\/\/www.webdo.tn\/fr\/wp-content\/uploads\/2025\/06\/Webdo-Tunisie_168377.jpg","contentUrl":"https:\/\/www.webdo.tn\/fr\/wp-content\/uploads\/2025\/06\/Webdo-Tunisie_168377.jpg","width":301,"height":301,"caption":"Webdo"},"image":{"@id":"https:\/\/www.webdo.tn\/fr\/#\/schema\/logo\/image\/"},"sameAs":["https:\/\/www.facebook.com\/webdotn","https:\/\/x.com\/webdo_tn"],"description":"Webdo est un m\u00e9dia num\u00e9rique tunisien fond\u00e9 en 2010, sp\u00e9cialis\u00e9 dans l\u2019actualit\u00e9 nationale et internationale, l\u2019\u00e9conomie, la soci\u00e9t\u00e9 et les analyses politiques. Le site s\u2019adresse \u00e0 un large public francophone et couvre l\u2019information tunisienne en temps r\u00e9el.","email":"redac@webdo.tn","legalName":"YNJ SARL","foundingDate":"2010-09-06","numberOfEmployees":{"@type":"QuantitativeValue","minValue":"11","maxValue":"50"}},{"@type":"Person","@id":"https:\/\/www.webdo.tn\/fr\/#\/schema\/person\/b9ecde7a5574cb4fcf4b496ea5fadb15","name":"Wided Belhaj","image":{"@type":"ImageObject","inLanguage":"fr-FR","@id":"https:\/\/www.webdo.tn\/fr\/wp-content\/uploads\/2026\/04\/wided-belhaj_avatar-96x96.jpg","url":"https:\/\/www.webdo.tn\/fr\/wp-content\/uploads\/2026\/04\/wided-belhaj_avatar-96x96.jpg","contentUrl":"https:\/\/www.webdo.tn\/fr\/wp-content\/uploads\/2026\/04\/wided-belhaj_avatar-96x96.jpg","caption":"Wided Belhaj"},"description":"Wided Belhaj est le pseudonyme \u00e9ditorial utilis\u00e9 par Khalil Jelassi, journaliste, ma\u00eetre-assistant \u00e0 l\u2019Institut de presse et des sciences de l\u2019information (IPSI) et chercheur en sciences de l\u2019information et de la communication. Cette signature est d\u00e9di\u00e9e \u00e0 l\u2019analyse des m\u00e9dias, des pratiques journalistiques et des mutations de l\u2019information \u00e0 l\u2019\u00e8re digitale. \u00c0 travers ses contributions, Wided Belhaj propose une lecture analytique de l\u2019actualit\u00e9, en croisant regard critique et expertise acad\u00e9mique.","knowsAbout":["m\u00e9dias","journalisme","communication","information","transformation num\u00e9rique","analyse des m\u00e9dias"],"knowsLanguage":["Fran\u00e7ais","Arabe"],"jobTitle":"Webdo.tn","worksFor":"Journaliste \u2013 Analyse des m\u00e9dias","url":"https:\/\/www.webdo.tn\/fr\/actualite\/author\/wided-belhaj\/"}]}},"_links":{"self":[{"href":"https:\/\/www.webdo.tn\/fr\/wp-json\/wp\/v2\/posts\/396950","targetHints":{"allow":["GET"]}}],"collection":[{"href":"https:\/\/www.webdo.tn\/fr\/wp-json\/wp\/v2\/posts"}],"about":[{"href":"https:\/\/www.webdo.tn\/fr\/wp-json\/wp\/v2\/types\/post"}],"author":[{"embeddable":true,"href":"https:\/\/www.webdo.tn\/fr\/wp-json\/wp\/v2\/users\/3184"}],"replies":[{"embeddable":true,"href":"https:\/\/www.webdo.tn\/fr\/wp-json\/wp\/v2\/comments?post=396950"}],"version-history":[{"count":1,"href":"https:\/\/www.webdo.tn\/fr\/wp-json\/wp\/v2\/posts\/396950\/revisions"}],"predecessor-version":[{"id":396954,"href":"https:\/\/www.webdo.tn\/fr\/wp-json\/wp\/v2\/posts\/396950\/revisions\/396954"}],"wp:featuredmedia":[{"embeddable":true,"href":"https:\/\/www.webdo.tn\/fr\/wp-json\/wp\/v2\/media\/396953"}],"wp:attachment":[{"href":"https:\/\/www.webdo.tn\/fr\/wp-json\/wp\/v2\/media?parent=396950"}],"wp:term":[{"taxonomy":"category","embeddable":true,"href":"https:\/\/www.webdo.tn\/fr\/wp-json\/wp\/v2\/categories?post=396950"},{"taxonomy":"post_tag","embeddable":true,"href":"https:\/\/www.webdo.tn\/fr\/wp-json\/wp\/v2\/tags?post=396950"}],"curies":[{"name":"wp","href":"https:\/\/api.w.org\/{rel}","templated":true}]}}