{"id":396949,"date":"2026-04-28T08:45:18","date_gmt":"2026-04-28T07:45:18","guid":{"rendered":"https:\/\/www.webdo.tn\/fr\/?p=396949"},"modified":"2026-04-28T08:45:19","modified_gmt":"2026-04-28T07:45:19","slug":"tgm-trafic-partiellement-suspendu-entre-tunis-marine-et-la-goulette-pour-travaux","status":"publish","type":"post","link":"https:\/\/www.webdo.tn\/fr\/actualite\/regions\/tgm-trafic-partiellement-suspendu-entre-tunis-marine-et-la-goulette-pour-travaux\/396949\/","title":{"rendered":"TGM : Trafic partiellement suspendu entre Tunis Marine et La Goulette pour travaux"},"content":{"rendered":"\n<p><strong>La Soci\u00e9t\u00e9 des Transports de Tunis (TRANSTU) a annonc\u00e9 une interruption partielle du trafic ferroviaire sur la ligne Tunis\u2013La Goulette\u2013La Marsa (TGM). Cette mesure s\u2019appliquera du 29 avril au 3 mai 2026. Elle s\u2019inscrit dans le cadre de travaux de r\u00e9novation et de modernisation des infrastructures.<\/strong><\/p>\n\n\n\n<h2 class=\"wp-block-heading\" id=\"h-circulation-maintenue-entre-la-goulette-et-la-marsa\">Circulation maintenue entre La Goulette et La Marsa<\/h2>\n\n\n\n<p>Dans son communiqu\u00e9 publi\u00e9 lundi, la TRANSTU pr\u00e9cise que le trafic des trains sera assur\u00e9 normalement sur la section reliant La Goulette \u00e0 La Marsa pendant toute la dur\u00e9e des travaux. Seule la portion entre Tunis Marine et La Goulette sera impact\u00e9e par cette interruption provisoire.<\/p>\n\n\n\n<p>Pour pallier cette suspension, un dispositif de substitution a \u00e9t\u00e9 mis en place. Le transport des voyageurs sera assur\u00e9 par des bus sur la section interrompue, avec un renforcement parall\u00e8le de la ligne r\u00e9guli\u00e8re n\u00b0347 afin d\u2019absorber l\u2019afflux de passagers.<\/p>\n\n\n\n<h2 class=\"wp-block-heading\" id=\"h-horaires-adaptes-et-dispositif-de-remplacement\">Horaires adapt\u00e9s et dispositif de remplacement<\/h2>\n\n\n\n<p>Concernant les horaires, la premi\u00e8re desserte depuis la station de La Goulette est programm\u00e9e \u00e0 6h00, tandis que celle au d\u00e9part de Tunis Marine d\u00e9butera \u00e0 6h30. La soci\u00e9t\u00e9 invite les usagers \u00e0 anticiper leurs d\u00e9placements en tenant compte de ces ajustements.<\/p>\n\n\n\n<p>La TRANSTU souligne que cette interruption temporaire s\u2019inscrit dans un programme global d\u2019am\u00e9lioration du r\u00e9seau ferroviaire, visant \u00e0 renforcer la s\u00e9curit\u00e9, la fiabilit\u00e9 et la qualit\u00e9 du service offert aux usagers sur l\u2019une des lignes les plus fr\u00e9quent\u00e9es du Grand Tunis.<\/p>\n\n\n\n<blockquote class=\"wp-block-quote is-layout-flow wp-block-quote-is-layout-flow\">\n<ul class=\"wp-block-list\">\n<li class=\"has-medium-font-size\"><strong>Lire aussi :<\/strong> <a href=\"https:\/\/www.webdo.tn\/fr\/actualite\/chroniques\/navrant-et-incomprehensible-qui-veut-la-peau-du-tgm\/395705\/\">Navrant et incompr\u00e9hensible : Qui veut la peau du TGM ?<\/a><\/li>\n<\/ul>\n<\/blockquote>\n","protected":false},"excerpt":{"rendered":"<p>La Soci\u00e9t\u00e9 des Transports de Tunis (TRANSTU) a annonc\u00e9 une interruption partielle du trafic ferroviaire sur la ligne Tunis\u2013La Goulette\u2013La Marsa (TGM). Cette mesure s\u2019appliquera du 29 avril au 3 mai 2026. Elle s\u2019inscrit dans le cadre de travaux de r\u00e9novation et de modernisation des infrastructures. Circulation maintenue entre La Goulette et La Marsa Dans [&hellip;]<\/p>\n","protected":false},"author":4782,"featured_media":396951,"comment_status":"closed","ping_status":"closed","sticky":false,"template":"","format":"standard","meta":{"footnotes":""},"categories":[2595],"tags":[3958,4711,2640,2608],"class_list":["post-396949","post","type-post","status-publish","format-standard","has-post-thumbnail","hentry","category-regions","tag-la-goulette","tag-tgm","tag-tunis","tag-tunisie"],"yoast_head":"<!-- This site is optimized with the Yoast SEO Premium plugin v27.4 (Yoast SEO v27.5) - https:\/\/yoast.com\/product\/yoast-seo-premium-wordpress\/ -->\n<title>TGM : Trafic partiellement suspendu entre Tunis Marine et La Goulette pour travaux - webdo<\/title>\n<meta name=\"description\" content=\"La Soci\u00e9t\u00e9 des Transports de Tunis annonce un trafic partiellement suspendu entre Tunis Marine et La Goulette du 29 avril au 3 mai 2026.\" \/>\n<link rel=\"canonical\" href=\"https:\/\/www.webdo.tn\/fr\/actualite\/regions\/tgm-trafic-partiellement-suspendu-entre-tunis-marine-et-la-goulette-pour-travaux\/396949\/\" \/>\n<meta property=\"og:locale\" content=\"fr_FR\" \/>\n<meta property=\"og:type\" content=\"article\" \/>\n<meta property=\"og:title\" content=\"TGM : Trafic partiellement suspendu entre Tunis Marine et La Goulette pour travaux\" \/>\n<meta property=\"og:description\" content=\"La Soci\u00e9t\u00e9 des Transports de Tunis annonce un trafic partiellement suspendu entre Tunis Marine et La Goulette du 29 avril au 3 mai 2026.\" \/>\n<meta property=\"og:url\" content=\"https:\/\/www.webdo.tn\/fr\/actualite\/regions\/tgm-trafic-partiellement-suspendu-entre-tunis-marine-et-la-goulette-pour-travaux\/396949\/\" \/>\n<meta property=\"og:site_name\" content=\"webdo\" \/>\n<meta property=\"article:publisher\" content=\"https:\/\/www.facebook.com\/webdotn\" \/>\n<meta property=\"article:published_time\" content=\"2026-04-28T07:45:18+00:00\" \/>\n<meta property=\"article:modified_time\" content=\"2026-04-28T07:45:19+00:00\" \/>\n<meta property=\"og:image\" content=\"https:\/\/www.webdo.tn\/fr\/wp-content\/uploads\/2026\/04\/Ligne-TGM.jpg\" \/>\n\t<meta property=\"og:image:width\" content=\"1200\" \/>\n\t<meta property=\"og:image:height\" content=\"600\" \/>\n\t<meta property=\"og:image:type\" content=\"image\/jpeg\" \/>\n<meta name=\"author\" content=\"Mohamed Fethi\" \/>\n<meta name=\"twitter:card\" content=\"summary_large_image\" \/>\n<meta name=\"twitter:creator\" content=\"@webdo_tn\" \/>\n<meta name=\"twitter:site\" content=\"@webdo_tn\" \/>\n<meta name=\"twitter:label1\" content=\"\u00c9crit par\" \/>\n\t<meta name=\"twitter:data1\" content=\"Mohamed Fethi\" \/>\n\t<meta name=\"twitter:label2\" content=\"Dur\u00e9e de lecture estim\u00e9e\" \/>\n\t<meta name=\"twitter:data2\" content=\"2 minutes\" \/>\n<script type=\"application\/ld+json\" class=\"yoast-schema-graph\">{\"@context\":\"https:\\\/\\\/schema.org\",\"@graph\":[{\"@type\":\"NewsArticle\",\"@id\":\"https:\\\/\\\/www.webdo.tn\\\/fr\\\/actualite\\\/regions\\\/tgm-trafic-partiellement-suspendu-entre-tunis-marine-et-la-goulette-pour-travaux\\\/396949\\\/#article\",\"isPartOf\":{\"@id\":\"https:\\\/\\\/www.webdo.tn\\\/fr\\\/actualite\\\/regions\\\/tgm-trafic-partiellement-suspendu-entre-tunis-marine-et-la-goulette-pour-travaux\\\/396949\\\/\"},\"author\":{\"name\":\"Mohamed Fethi\",\"@id\":\"https:\\\/\\\/www.webdo.tn\\\/fr\\\/#\\\/schema\\\/person\\\/16a4857e77dfc0b610c4c2cadffc9ac4\"},\"headline\":\"TGM : Trafic partiellement suspendu entre Tunis Marine et La Goulette pour travaux\",\"datePublished\":\"2026-04-28T07:45:18+00:00\",\"dateModified\":\"2026-04-28T07:45:19+00:00\",\"mainEntityOfPage\":{\"@id\":\"https:\\\/\\\/www.webdo.tn\\\/fr\\\/actualite\\\/regions\\\/tgm-trafic-partiellement-suspendu-entre-tunis-marine-et-la-goulette-pour-travaux\\\/396949\\\/\"},\"wordCount\":274,\"publisher\":{\"@id\":\"https:\\\/\\\/www.webdo.tn\\\/fr\\\/#organization\"},\"image\":{\"@id\":\"https:\\\/\\\/www.webdo.tn\\\/fr\\\/actualite\\\/regions\\\/tgm-trafic-partiellement-suspendu-entre-tunis-marine-et-la-goulette-pour-travaux\\\/396949\\\/#primaryimage\"},\"thumbnailUrl\":\"https:\\\/\\\/www.webdo.tn\\\/fr\\\/wp-content\\\/uploads\\\/2026\\\/04\\\/Ligne-TGM.jpg\",\"keywords\":[\"la goulette\",\"tgm\",\"Tunis\",\"Tunisie\"],\"articleSection\":[\"regions\"],\"inLanguage\":\"fr-FR\"},{\"@type\":\"WebPage\",\"@id\":\"https:\\\/\\\/www.webdo.tn\\\/fr\\\/actualite\\\/regions\\\/tgm-trafic-partiellement-suspendu-entre-tunis-marine-et-la-goulette-pour-travaux\\\/396949\\\/\",\"url\":\"https:\\\/\\\/www.webdo.tn\\\/fr\\\/actualite\\\/regions\\\/tgm-trafic-partiellement-suspendu-entre-tunis-marine-et-la-goulette-pour-travaux\\\/396949\\\/\",\"name\":\"TGM : Trafic partiellement suspendu entre Tunis Marine et La Goulette pour travaux - webdo\",\"isPartOf\":{\"@id\":\"https:\\\/\\\/www.webdo.tn\\\/fr\\\/#website\"},\"primaryImageOfPage\":{\"@id\":\"https:\\\/\\\/www.webdo.tn\\\/fr\\\/actualite\\\/regions\\\/tgm-trafic-partiellement-suspendu-entre-tunis-marine-et-la-goulette-pour-travaux\\\/396949\\\/#primaryimage\"},\"image\":{\"@id\":\"https:\\\/\\\/www.webdo.tn\\\/fr\\\/actualite\\\/regions\\\/tgm-trafic-partiellement-suspendu-entre-tunis-marine-et-la-goulette-pour-travaux\\\/396949\\\/#primaryimage\"},\"thumbnailUrl\":\"https:\\\/\\\/www.webdo.tn\\\/fr\\\/wp-content\\\/uploads\\\/2026\\\/04\\\/Ligne-TGM.jpg\",\"datePublished\":\"2026-04-28T07:45:18+00:00\",\"dateModified\":\"2026-04-28T07:45:19+00:00\",\"description\":\"La Soci\u00e9t\u00e9 des Transports de Tunis annonce un trafic partiellement suspendu entre Tunis Marine et La Goulette du 29 avril au 3 mai 2026.\",\"breadcrumb\":{\"@id\":\"https:\\\/\\\/www.webdo.tn\\\/fr\\\/actualite\\\/regions\\\/tgm-trafic-partiellement-suspendu-entre-tunis-marine-et-la-goulette-pour-travaux\\\/396949\\\/#breadcrumb\"},\"inLanguage\":\"fr-FR\",\"potentialAction\":[{\"@type\":\"ReadAction\",\"target\":[\"https:\\\/\\\/www.webdo.tn\\\/fr\\\/actualite\\\/regions\\\/tgm-trafic-partiellement-suspendu-entre-tunis-marine-et-la-goulette-pour-travaux\\\/396949\\\/\"]}]},{\"@type\":\"ImageObject\",\"inLanguage\":\"fr-FR\",\"@id\":\"https:\\\/\\\/www.webdo.tn\\\/fr\\\/actualite\\\/regions\\\/tgm-trafic-partiellement-suspendu-entre-tunis-marine-et-la-goulette-pour-travaux\\\/396949\\\/#primaryimage\",\"url\":\"https:\\\/\\\/www.webdo.tn\\\/fr\\\/wp-content\\\/uploads\\\/2026\\\/04\\\/Ligne-TGM.jpg\",\"contentUrl\":\"https:\\\/\\\/www.webdo.tn\\\/fr\\\/wp-content\\\/uploads\\\/2026\\\/04\\\/Ligne-TGM.jpg\",\"width\":1200,\"height\":600,\"caption\":\"TGM : Trafic partiellement suspendu entre Tunis Marine et La Goulette pour travaux\"},{\"@type\":\"BreadcrumbList\",\"@id\":\"https:\\\/\\\/www.webdo.tn\\\/fr\\\/actualite\\\/regions\\\/tgm-trafic-partiellement-suspendu-entre-tunis-marine-et-la-goulette-pour-travaux\\\/396949\\\/#breadcrumb\",\"itemListElement\":[{\"@type\":\"ListItem\",\"position\":1,\"name\":\"Accueil\",\"item\":\"https:\\\/\\\/www.webdo.tn\\\/fr\\\/\"},{\"@type\":\"ListItem\",\"position\":2,\"name\":\"TGM : Trafic partiellement suspendu entre Tunis Marine et La Goulette pour travaux\"}]},{\"@type\":\"WebSite\",\"@id\":\"https:\\\/\\\/www.webdo.tn\\\/fr\\\/#website\",\"url\":\"https:\\\/\\\/www.webdo.tn\\\/fr\\\/\",\"name\":\"webdo\",\"description\":\"Tunisie - News en Tunisie et \u00e0 l&#039;international sur Webdo.tn\",\"publisher\":{\"@id\":\"https:\\\/\\\/www.webdo.tn\\\/fr\\\/#organization\"},\"potentialAction\":[{\"@type\":\"SearchAction\",\"target\":{\"@type\":\"EntryPoint\",\"urlTemplate\":\"https:\\\/\\\/www.webdo.tn\\\/fr\\\/?s={search_term_string}\"},\"query-input\":{\"@type\":\"PropertyValueSpecification\",\"valueRequired\":true,\"valueName\":\"search_term_string\"}}],\"inLanguage\":\"fr-FR\"},{\"@type\":\"Organization\",\"@id\":\"https:\\\/\\\/www.webdo.tn\\\/fr\\\/#organization\",\"name\":\"Webdo\",\"alternateName\":\"Webdo.tn\",\"url\":\"https:\\\/\\\/www.webdo.tn\\\/fr\\\/\",\"logo\":{\"@type\":\"ImageObject\",\"inLanguage\":\"fr-FR\",\"@id\":\"https:\\\/\\\/www.webdo.tn\\\/fr\\\/#\\\/schema\\\/logo\\\/image\\\/\",\"url\":\"https:\\\/\\\/www.webdo.tn\\\/fr\\\/wp-content\\\/uploads\\\/2025\\\/06\\\/Webdo-Tunisie_168377.jpg\",\"contentUrl\":\"https:\\\/\\\/www.webdo.tn\\\/fr\\\/wp-content\\\/uploads\\\/2025\\\/06\\\/Webdo-Tunisie_168377.jpg\",\"width\":301,\"height\":301,\"caption\":\"Webdo\"},\"image\":{\"@id\":\"https:\\\/\\\/www.webdo.tn\\\/fr\\\/#\\\/schema\\\/logo\\\/image\\\/\"},\"sameAs\":[\"https:\\\/\\\/www.facebook.com\\\/webdotn\",\"https:\\\/\\\/x.com\\\/webdo_tn\"],\"description\":\"Webdo est un m\u00e9dia num\u00e9rique tunisien fond\u00e9 en 2010, sp\u00e9cialis\u00e9 dans l\u2019actualit\u00e9 nationale et internationale, l\u2019\u00e9conomie, la soci\u00e9t\u00e9 et les analyses politiques. Le site s\u2019adresse \u00e0 un large public francophone et couvre l\u2019information tunisienne en temps r\u00e9el.\",\"email\":\"redac@webdo.tn\",\"legalName\":\"YNJ SARL\",\"foundingDate\":\"2010-09-06\",\"numberOfEmployees\":{\"@type\":\"QuantitativeValue\",\"minValue\":\"11\",\"maxValue\":\"50\"}},{\"@type\":\"Person\",\"@id\":\"https:\\\/\\\/www.webdo.tn\\\/fr\\\/#\\\/schema\\\/person\\\/16a4857e77dfc0b610c4c2cadffc9ac4\",\"name\":\"Mohamed Fethi\",\"image\":{\"@type\":\"ImageObject\",\"inLanguage\":\"fr-FR\",\"@id\":\"https:\\\/\\\/www.webdo.tn\\\/fr\\\/wp-content\\\/uploads\\\/2026\\\/04\\\/mohamed-fethi_avatar_1-96x96.jpg\",\"url\":\"https:\\\/\\\/www.webdo.tn\\\/fr\\\/wp-content\\\/uploads\\\/2026\\\/04\\\/mohamed-fethi_avatar_1-96x96.jpg\",\"contentUrl\":\"https:\\\/\\\/www.webdo.tn\\\/fr\\\/wp-content\\\/uploads\\\/2026\\\/04\\\/mohamed-fethi_avatar_1-96x96.jpg\",\"caption\":\"Mohamed Fethi\"},\"description\":\"Signature \u00e9ditoriale de Maher Chaabane Mohamed Fethi est le pseudonyme \u00e9ditorial de Maher Chaabane, r\u00e9dacteur en chef de Webdo.tn depuis 2012. Cette signature est d\u00e9di\u00e9e au traitement intensif de l'actualit\u00e9 nationale et internationale en temps r\u00e9el. S'appuyant sur les deux d\u00e9cennies d'expertise journalistique de Maher Chaabane \u2014 d\u00e9but\u00e9e au sein du groupe Tunis Hebdo en 2000 \u2014 Mohamed Fethi assure une veille rigoureuse sur les enjeux politiques, \u00e9conomiques et sportifs. Sa mission est de garantir une information structur\u00e9e, fluide et fid\u00e8le aux standards de la r\u00e9daction. Pour consulter le parcours complet du r\u00e9dacteur en chef, visitez le profil officiel de Maher Chaabane.\",\"knowsAbout\":[\"actualit\u00e9\",\"journalisme\",\"information\",\"politique\",\"sport\",\"m\u00e9dias\",\"actualit\u00e9 internationale\"],\"knowsLanguage\":[\"Fran\u00e7ais\",\"Arabe\"],\"jobTitle\":\"Journaliste \u2013 R\u00e9daction Webdo\",\"worksFor\":\"Webdo.tn\",\"url\":\"https:\\\/\\\/www.webdo.tn\\\/fr\\\/actualite\\\/author\\\/mohamed-fethi\\\/\"}]}<\/script>\n<!-- \/ Yoast SEO Premium plugin. -->","yoast_head_json":{"title":"TGM : Trafic partiellement suspendu entre Tunis Marine et La Goulette pour travaux - webdo","description":"La Soci\u00e9t\u00e9 des Transports de Tunis annonce un trafic partiellement suspendu entre Tunis Marine et La Goulette du 29 avril au 3 mai 2026.","canonical":"https:\/\/www.webdo.tn\/fr\/actualite\/regions\/tgm-trafic-partiellement-suspendu-entre-tunis-marine-et-la-goulette-pour-travaux\/396949\/","og_locale":"fr_FR","og_type":"article","og_title":"TGM : Trafic partiellement suspendu entre Tunis Marine et La Goulette pour travaux","og_description":"La Soci\u00e9t\u00e9 des Transports de Tunis annonce un trafic partiellement suspendu entre Tunis Marine et La Goulette du 29 avril au 3 mai 2026.","og_url":"https:\/\/www.webdo.tn\/fr\/actualite\/regions\/tgm-trafic-partiellement-suspendu-entre-tunis-marine-et-la-goulette-pour-travaux\/396949\/","og_site_name":"webdo","article_publisher":"https:\/\/www.facebook.com\/webdotn","article_published_time":"2026-04-28T07:45:18+00:00","article_modified_time":"2026-04-28T07:45:19+00:00","og_image":[{"width":1200,"height":600,"url":"https:\/\/www.webdo.tn\/fr\/wp-content\/uploads\/2026\/04\/Ligne-TGM.jpg","type":"image\/jpeg"}],"author":"Mohamed Fethi","twitter_card":"summary_large_image","twitter_creator":"@webdo_tn","twitter_site":"@webdo_tn","twitter_misc":{"\u00c9crit par":"Mohamed Fethi","Dur\u00e9e de lecture estim\u00e9e":"2 minutes"},"schema":{"@context":"https:\/\/schema.org","@graph":[{"@type":"NewsArticle","@id":"https:\/\/www.webdo.tn\/fr\/actualite\/regions\/tgm-trafic-partiellement-suspendu-entre-tunis-marine-et-la-goulette-pour-travaux\/396949\/#article","isPartOf":{"@id":"https:\/\/www.webdo.tn\/fr\/actualite\/regions\/tgm-trafic-partiellement-suspendu-entre-tunis-marine-et-la-goulette-pour-travaux\/396949\/"},"author":{"name":"Mohamed Fethi","@id":"https:\/\/www.webdo.tn\/fr\/#\/schema\/person\/16a4857e77dfc0b610c4c2cadffc9ac4"},"headline":"TGM : Trafic partiellement suspendu entre Tunis Marine et La Goulette pour travaux","datePublished":"2026-04-28T07:45:18+00:00","dateModified":"2026-04-28T07:45:19+00:00","mainEntityOfPage":{"@id":"https:\/\/www.webdo.tn\/fr\/actualite\/regions\/tgm-trafic-partiellement-suspendu-entre-tunis-marine-et-la-goulette-pour-travaux\/396949\/"},"wordCount":274,"publisher":{"@id":"https:\/\/www.webdo.tn\/fr\/#organization"},"image":{"@id":"https:\/\/www.webdo.tn\/fr\/actualite\/regions\/tgm-trafic-partiellement-suspendu-entre-tunis-marine-et-la-goulette-pour-travaux\/396949\/#primaryimage"},"thumbnailUrl":"https:\/\/www.webdo.tn\/fr\/wp-content\/uploads\/2026\/04\/Ligne-TGM.jpg","keywords":["la goulette","tgm","Tunis","Tunisie"],"articleSection":["regions"],"inLanguage":"fr-FR"},{"@type":"WebPage","@id":"https:\/\/www.webdo.tn\/fr\/actualite\/regions\/tgm-trafic-partiellement-suspendu-entre-tunis-marine-et-la-goulette-pour-travaux\/396949\/","url":"https:\/\/www.webdo.tn\/fr\/actualite\/regions\/tgm-trafic-partiellement-suspendu-entre-tunis-marine-et-la-goulette-pour-travaux\/396949\/","name":"TGM : Trafic partiellement suspendu entre Tunis Marine et La Goulette pour travaux - webdo","isPartOf":{"@id":"https:\/\/www.webdo.tn\/fr\/#website"},"primaryImageOfPage":{"@id":"https:\/\/www.webdo.tn\/fr\/actualite\/regions\/tgm-trafic-partiellement-suspendu-entre-tunis-marine-et-la-goulette-pour-travaux\/396949\/#primaryimage"},"image":{"@id":"https:\/\/www.webdo.tn\/fr\/actualite\/regions\/tgm-trafic-partiellement-suspendu-entre-tunis-marine-et-la-goulette-pour-travaux\/396949\/#primaryimage"},"thumbnailUrl":"https:\/\/www.webdo.tn\/fr\/wp-content\/uploads\/2026\/04\/Ligne-TGM.jpg","datePublished":"2026-04-28T07:45:18+00:00","dateModified":"2026-04-28T07:45:19+00:00","description":"La Soci\u00e9t\u00e9 des Transports de Tunis annonce un trafic partiellement suspendu entre Tunis Marine et La Goulette du 29 avril au 3 mai 2026.","breadcrumb":{"@id":"https:\/\/www.webdo.tn\/fr\/actualite\/regions\/tgm-trafic-partiellement-suspendu-entre-tunis-marine-et-la-goulette-pour-travaux\/396949\/#breadcrumb"},"inLanguage":"fr-FR","potentialAction":[{"@type":"ReadAction","target":["https:\/\/www.webdo.tn\/fr\/actualite\/regions\/tgm-trafic-partiellement-suspendu-entre-tunis-marine-et-la-goulette-pour-travaux\/396949\/"]}]},{"@type":"ImageObject","inLanguage":"fr-FR","@id":"https:\/\/www.webdo.tn\/fr\/actualite\/regions\/tgm-trafic-partiellement-suspendu-entre-tunis-marine-et-la-goulette-pour-travaux\/396949\/#primaryimage","url":"https:\/\/www.webdo.tn\/fr\/wp-content\/uploads\/2026\/04\/Ligne-TGM.jpg","contentUrl":"https:\/\/www.webdo.tn\/fr\/wp-content\/uploads\/2026\/04\/Ligne-TGM.jpg","width":1200,"height":600,"caption":"TGM : Trafic partiellement suspendu entre Tunis Marine et La Goulette pour travaux"},{"@type":"BreadcrumbList","@id":"https:\/\/www.webdo.tn\/fr\/actualite\/regions\/tgm-trafic-partiellement-suspendu-entre-tunis-marine-et-la-goulette-pour-travaux\/396949\/#breadcrumb","itemListElement":[{"@type":"ListItem","position":1,"name":"Accueil","item":"https:\/\/www.webdo.tn\/fr\/"},{"@type":"ListItem","position":2,"name":"TGM : Trafic partiellement suspendu entre Tunis Marine et La Goulette pour travaux"}]},{"@type":"WebSite","@id":"https:\/\/www.webdo.tn\/fr\/#website","url":"https:\/\/www.webdo.tn\/fr\/","name":"webdo","description":"Tunisie - News en Tunisie et \u00e0 l&#039;international sur Webdo.tn","publisher":{"@id":"https:\/\/www.webdo.tn\/fr\/#organization"},"potentialAction":[{"@type":"SearchAction","target":{"@type":"EntryPoint","urlTemplate":"https:\/\/www.webdo.tn\/fr\/?s={search_term_string}"},"query-input":{"@type":"PropertyValueSpecification","valueRequired":true,"valueName":"search_term_string"}}],"inLanguage":"fr-FR"},{"@type":"Organization","@id":"https:\/\/www.webdo.tn\/fr\/#organization","name":"Webdo","alternateName":"Webdo.tn","url":"https:\/\/www.webdo.tn\/fr\/","logo":{"@type":"ImageObject","inLanguage":"fr-FR","@id":"https:\/\/www.webdo.tn\/fr\/#\/schema\/logo\/image\/","url":"https:\/\/www.webdo.tn\/fr\/wp-content\/uploads\/2025\/06\/Webdo-Tunisie_168377.jpg","contentUrl":"https:\/\/www.webdo.tn\/fr\/wp-content\/uploads\/2025\/06\/Webdo-Tunisie_168377.jpg","width":301,"height":301,"caption":"Webdo"},"image":{"@id":"https:\/\/www.webdo.tn\/fr\/#\/schema\/logo\/image\/"},"sameAs":["https:\/\/www.facebook.com\/webdotn","https:\/\/x.com\/webdo_tn"],"description":"Webdo est un m\u00e9dia num\u00e9rique tunisien fond\u00e9 en 2010, sp\u00e9cialis\u00e9 dans l\u2019actualit\u00e9 nationale et internationale, l\u2019\u00e9conomie, la soci\u00e9t\u00e9 et les analyses politiques. Le site s\u2019adresse \u00e0 un large public francophone et couvre l\u2019information tunisienne en temps r\u00e9el.","email":"redac@webdo.tn","legalName":"YNJ SARL","foundingDate":"2010-09-06","numberOfEmployees":{"@type":"QuantitativeValue","minValue":"11","maxValue":"50"}},{"@type":"Person","@id":"https:\/\/www.webdo.tn\/fr\/#\/schema\/person\/16a4857e77dfc0b610c4c2cadffc9ac4","name":"Mohamed Fethi","image":{"@type":"ImageObject","inLanguage":"fr-FR","@id":"https:\/\/www.webdo.tn\/fr\/wp-content\/uploads\/2026\/04\/mohamed-fethi_avatar_1-96x96.jpg","url":"https:\/\/www.webdo.tn\/fr\/wp-content\/uploads\/2026\/04\/mohamed-fethi_avatar_1-96x96.jpg","contentUrl":"https:\/\/www.webdo.tn\/fr\/wp-content\/uploads\/2026\/04\/mohamed-fethi_avatar_1-96x96.jpg","caption":"Mohamed Fethi"},"description":"Signature \u00e9ditoriale de Maher Chaabane Mohamed Fethi est le pseudonyme \u00e9ditorial de Maher Chaabane, r\u00e9dacteur en chef de Webdo.tn depuis 2012. Cette signature est d\u00e9di\u00e9e au traitement intensif de l'actualit\u00e9 nationale et internationale en temps r\u00e9el. S'appuyant sur les deux d\u00e9cennies d'expertise journalistique de Maher Chaabane \u2014 d\u00e9but\u00e9e au sein du groupe Tunis Hebdo en 2000 \u2014 Mohamed Fethi assure une veille rigoureuse sur les enjeux politiques, \u00e9conomiques et sportifs. Sa mission est de garantir une information structur\u00e9e, fluide et fid\u00e8le aux standards de la r\u00e9daction. Pour consulter le parcours complet du r\u00e9dacteur en chef, visitez le profil officiel de Maher Chaabane.","knowsAbout":["actualit\u00e9","journalisme","information","politique","sport","m\u00e9dias","actualit\u00e9 internationale"],"knowsLanguage":["Fran\u00e7ais","Arabe"],"jobTitle":"Journaliste \u2013 R\u00e9daction Webdo","worksFor":"Webdo.tn","url":"https:\/\/www.webdo.tn\/fr\/actualite\/author\/mohamed-fethi\/"}]}},"_links":{"self":[{"href":"https:\/\/www.webdo.tn\/fr\/wp-json\/wp\/v2\/posts\/396949","targetHints":{"allow":["GET"]}}],"collection":[{"href":"https:\/\/www.webdo.tn\/fr\/wp-json\/wp\/v2\/posts"}],"about":[{"href":"https:\/\/www.webdo.tn\/fr\/wp-json\/wp\/v2\/types\/post"}],"author":[{"embeddable":true,"href":"https:\/\/www.webdo.tn\/fr\/wp-json\/wp\/v2\/users\/4782"}],"replies":[{"embeddable":true,"href":"https:\/\/www.webdo.tn\/fr\/wp-json\/wp\/v2\/comments?post=396949"}],"version-history":[{"count":1,"href":"https:\/\/www.webdo.tn\/fr\/wp-json\/wp\/v2\/posts\/396949\/revisions"}],"predecessor-version":[{"id":396952,"href":"https:\/\/www.webdo.tn\/fr\/wp-json\/wp\/v2\/posts\/396949\/revisions\/396952"}],"wp:featuredmedia":[{"embeddable":true,"href":"https:\/\/www.webdo.tn\/fr\/wp-json\/wp\/v2\/media\/396951"}],"wp:attachment":[{"href":"https:\/\/www.webdo.tn\/fr\/wp-json\/wp\/v2\/media?parent=396949"}],"wp:term":[{"taxonomy":"category","embeddable":true,"href":"https:\/\/www.webdo.tn\/fr\/wp-json\/wp\/v2\/categories?post=396949"},{"taxonomy":"post_tag","embeddable":true,"href":"https:\/\/www.webdo.tn\/fr\/wp-json\/wp\/v2\/tags?post=396949"}],"curies":[{"name":"wp","href":"https:\/\/api.w.org\/{rel}","templated":true}]}}