{"id":396946,"date":"2026-04-28T08:20:37","date_gmt":"2026-04-28T07:20:37","guid":{"rendered":"https:\/\/www.webdo.tn\/fr\/?p=396946"},"modified":"2026-04-28T08:20:38","modified_gmt":"2026-04-28T07:20:38","slug":"les-syndicalistes-de-la-steg-en-colere-mobilisation-devant-le-parlement-contre-des-contrats-denergie","status":"publish","type":"post","link":"https:\/\/www.webdo.tn\/fr\/actualite\/national\/les-syndicalistes-de-la-steg-en-colere-mobilisation-devant-le-parlement-contre-des-contrats-denergie\/396946\/","title":{"rendered":"Les syndicalistes de la STEG en col\u00e8re : Mobilisation devant le Parlement contre des contrats d&rsquo;\u00e9nergie"},"content":{"rendered":"\n<p><strong>La tension monte dans le secteur de l\u2019\u00e9nergie en Tunisie. La F\u00e9d\u00e9ration g\u00e9n\u00e9rale de l\u2019\u00e9lectricit\u00e9 et du gaz, relevant de l\u2019Union g\u00e9n\u00e9rale tunisienne du travail Union g\u00e9n\u00e9rale tunisienne du travail, a appel\u00e9 l\u2019ensemble des agents de la Soci\u00e9t\u00e9 tunisienne de l\u2019\u00e9lectricit\u00e9 et du gaz Soci\u00e9t\u00e9 tunisienne de l&rsquo;\u00e9lectricit\u00e9 et du gaz ainsi que les syndicalistes \u00e0 observer une manifestation ce mardi 28 avril 2026.<\/strong><\/p>\n\n\n\n<p>Le rassemblement est pr\u00e9vu \u00e0 partir de 11 heures devant le si\u00e8ge de l\u2019Assembl\u00e9e des repr\u00e9sentants du peuple. L\u2019objectif affich\u00e9 est clair : exprimer un refus cat\u00e9gorique des projets de loi relatifs aux concessions de production d\u2019\u00e9lectricit\u00e9 \u00e0 partir des \u00e9nergies renouvelables actuellement d\u00e9battus au Parlement.<\/p>\n\n\n\n<h2 class=\"wp-block-heading\" id=\"h-souverainete-energetique-du-pays\"> Souverainet\u00e9 \u00e9nerg\u00e9tique du pays<\/h2>\n\n\n\n<p>Dans son communiqu\u00e9, la structure syndicale estime que ces textes soul\u00e8vent des enjeux majeurs li\u00e9s \u00e0 la souverainet\u00e9 \u00e9nerg\u00e9tique du pays. Elle consid\u00e8re \u00e9galement que ces orientations pourraient fragiliser le r\u00f4le strat\u00e9gique de la STEG dans le syst\u00e8me \u00e9lectrique national.<\/p>\n\n\n\n<p class=\"has-medium-font-size\"><strong>Lire aussi :<\/strong> <a href=\"https:\/\/www.webdo.tn\/fr\/actualite\/national\/la-tunisie-vend-son-soleil-a-letranger-polemique-autour-des-contrats-energetiques\/396933\/\">\u00ab\u00a0La Tunisie vend son soleil \u00e0 l\u2019\u00e9tranger\u00a0\u00bb : Pol\u00e9mique autour des contrats \u00e9nerg\u00e9tiques<\/a><br><\/p>\n\n\n\n<p>La mobilisation annonc\u00e9e s\u2019inscrit ainsi dans une logique de pression syndicale visant \u00e0 peser sur les choix l\u00e9gislatifs en cours, dans un contexte o\u00f9 la transition \u00e9nerg\u00e9tique et l\u2019ouverture \u00e0 l\u2019investissement priv\u00e9 dans les \u00e9nergies renouvelables suscitent un d\u00e9bat de plus en plus tendu entre autorit\u00e9s, syndicat et acteurs du secteur.<\/p>\n\n\n\n<h2 class=\"wp-block-heading\" id=\"h-polemique-a-l-arp\">Pol\u00e9mique \u00e0 l&rsquo;ARP <\/h2>\n\n\n\n<p>Une controverse s\u2019est install\u00e9e ces derniers jours en Tunisie autour de plusieurs contrats li\u00e9s aux \u00e9nergies renouvelables, actuellement examin\u00e9s par l\u2019Assembl\u00e9e des repr\u00e9sentants du peuple (ARP). Au c\u0153ur du d\u00e9bat : des projets de production d\u2019\u00e9lectricit\u00e9 solaire confi\u00e9s, sous forme de concessions, \u00e0 des investisseurs priv\u00e9s.<\/p>\n\n\n\n<p>L\u2019ARP \u00e9tudie cinq projets de loi portant sur des accords de concession pour la r\u00e9alisation et l\u2019exploitation de centrales photovolta\u00efques. Une pleni\u00e8re y est consacr\u00e9 demain mardi. Ces projets s\u2019inscrivent dans la strat\u00e9gie nationale visant \u00e0 d\u00e9velopper les \u00e9nergies renouvelables, attirer des investissements et r\u00e9duire la d\u00e9pendance \u00e9nerg\u00e9tique du pays.<\/p>\n","protected":false},"excerpt":{"rendered":"<p>La tension monte dans le secteur de l\u2019\u00e9nergie en Tunisie. La F\u00e9d\u00e9ration g\u00e9n\u00e9rale de l\u2019\u00e9lectricit\u00e9 et du gaz, relevant de l\u2019Union g\u00e9n\u00e9rale tunisienne du travail Union g\u00e9n\u00e9rale tunisienne du travail, a appel\u00e9 l\u2019ensemble des agents de la Soci\u00e9t\u00e9 tunisienne de l\u2019\u00e9lectricit\u00e9 et du gaz Soci\u00e9t\u00e9 tunisienne de l&rsquo;\u00e9lectricit\u00e9 et du gaz ainsi que les syndicalistes [&hellip;]<\/p>\n","protected":false},"author":3184,"featured_media":387082,"comment_status":"closed","ping_status":"closed","sticky":false,"template":"","format":"standard","meta":{"footnotes":""},"categories":[13163,44],"tags":[2742,3093,2608],"class_list":["post-396946","post","type-post","status-publish","format-standard","has-post-thumbnail","hentry","category-epingle","category-national","tag-steg","tag-syndicat","tag-tunisie"],"yoast_head":"<!-- This site is optimized with the Yoast SEO Premium plugin v27.4 (Yoast SEO v27.4) - https:\/\/yoast.com\/product\/yoast-seo-premium-wordpress\/ -->\n<title>Les syndicalistes de la STEG en col\u00e8re : Mobilisation devant le Parlement contre des contrats d&#039;\u00e9nergie - webdo<\/title>\n<meta name=\"description\" content=\"D\u00e9couvrez les enjeux autour de la STEG et la manifestation pr\u00e9vue le 28 avril 2026 pour d\u00e9fendre la souverainet\u00e9 \u00e9nerg\u00e9tique.\" \/>\n<link rel=\"canonical\" href=\"https:\/\/www.webdo.tn\/fr\/actualite\/national\/les-syndicalistes-de-la-steg-en-colere-mobilisation-devant-le-parlement-contre-des-contrats-denergie\/396946\/\" \/>\n<meta property=\"og:locale\" content=\"fr_FR\" \/>\n<meta property=\"og:type\" content=\"article\" \/>\n<meta property=\"og:title\" content=\"Les syndicalistes de la STEG en col\u00e8re : Mobilisation devant le Parlement contre des contrats d&#039;\u00e9nergie\" \/>\n<meta property=\"og:description\" content=\"D\u00e9couvrez les enjeux autour de la STEG et la manifestation pr\u00e9vue le 28 avril 2026 pour d\u00e9fendre la souverainet\u00e9 \u00e9nerg\u00e9tique.\" \/>\n<meta property=\"og:url\" content=\"https:\/\/www.webdo.tn\/fr\/actualite\/national\/les-syndicalistes-de-la-steg-en-colere-mobilisation-devant-le-parlement-contre-des-contrats-denergie\/396946\/\" \/>\n<meta property=\"og:site_name\" content=\"webdo\" \/>\n<meta property=\"article:publisher\" content=\"https:\/\/www.facebook.com\/webdotn\" \/>\n<meta property=\"article:published_time\" content=\"2026-04-28T07:20:37+00:00\" \/>\n<meta property=\"article:modified_time\" content=\"2026-04-28T07:20:38+00:00\" \/>\n<meta property=\"og:image\" content=\"https:\/\/www.webdo.tn\/fr\/wp-content\/uploads\/2025\/11\/ARP-1.jpg\" \/>\n\t<meta property=\"og:image:width\" content=\"1200\" \/>\n\t<meta property=\"og:image:height\" content=\"593\" \/>\n\t<meta property=\"og:image:type\" content=\"image\/jpeg\" \/>\n<meta name=\"author\" content=\"Wided Belhaj\" \/>\n<meta name=\"twitter:card\" content=\"summary_large_image\" \/>\n<meta name=\"twitter:creator\" content=\"@webdo_tn\" \/>\n<meta name=\"twitter:site\" content=\"@webdo_tn\" \/>\n<meta name=\"twitter:label1\" content=\"\u00c9crit par\" \/>\n\t<meta name=\"twitter:data1\" content=\"Wided Belhaj\" \/>\n\t<meta name=\"twitter:label2\" content=\"Dur\u00e9e de lecture estim\u00e9e\" \/>\n\t<meta name=\"twitter:data2\" content=\"2 minutes\" \/>\n<script type=\"application\/ld+json\" class=\"yoast-schema-graph\">{\"@context\":\"https:\\\/\\\/schema.org\",\"@graph\":[{\"@type\":\"NewsArticle\",\"@id\":\"https:\\\/\\\/www.webdo.tn\\\/fr\\\/actualite\\\/national\\\/les-syndicalistes-de-la-steg-en-colere-mobilisation-devant-le-parlement-contre-des-contrats-denergie\\\/396946\\\/#article\",\"isPartOf\":{\"@id\":\"https:\\\/\\\/www.webdo.tn\\\/fr\\\/actualite\\\/national\\\/les-syndicalistes-de-la-steg-en-colere-mobilisation-devant-le-parlement-contre-des-contrats-denergie\\\/396946\\\/\"},\"author\":{\"name\":\"Wided Belhaj\",\"@id\":\"https:\\\/\\\/www.webdo.tn\\\/fr\\\/#\\\/schema\\\/person\\\/b9ecde7a5574cb4fcf4b496ea5fadb15\"},\"headline\":\"Les syndicalistes de la STEG en col\u00e8re : Mobilisation devant le Parlement contre des contrats d&rsquo;\u00e9nergie\",\"datePublished\":\"2026-04-28T07:20:37+00:00\",\"dateModified\":\"2026-04-28T07:20:38+00:00\",\"mainEntityOfPage\":{\"@id\":\"https:\\\/\\\/www.webdo.tn\\\/fr\\\/actualite\\\/national\\\/les-syndicalistes-de-la-steg-en-colere-mobilisation-devant-le-parlement-contre-des-contrats-denergie\\\/396946\\\/\"},\"wordCount\":389,\"publisher\":{\"@id\":\"https:\\\/\\\/www.webdo.tn\\\/fr\\\/#organization\"},\"image\":{\"@id\":\"https:\\\/\\\/www.webdo.tn\\\/fr\\\/actualite\\\/national\\\/les-syndicalistes-de-la-steg-en-colere-mobilisation-devant-le-parlement-contre-des-contrats-denergie\\\/396946\\\/#primaryimage\"},\"thumbnailUrl\":\"https:\\\/\\\/www.webdo.tn\\\/fr\\\/wp-content\\\/uploads\\\/2025\\\/11\\\/ARP-1.jpg\",\"keywords\":[\"steg\",\"syndicat\",\"Tunisie\"],\"articleSection\":[\"\u00c9pingle\",\"National\"],\"inLanguage\":\"fr-FR\"},{\"@type\":\"WebPage\",\"@id\":\"https:\\\/\\\/www.webdo.tn\\\/fr\\\/actualite\\\/national\\\/les-syndicalistes-de-la-steg-en-colere-mobilisation-devant-le-parlement-contre-des-contrats-denergie\\\/396946\\\/\",\"url\":\"https:\\\/\\\/www.webdo.tn\\\/fr\\\/actualite\\\/national\\\/les-syndicalistes-de-la-steg-en-colere-mobilisation-devant-le-parlement-contre-des-contrats-denergie\\\/396946\\\/\",\"name\":\"Les syndicalistes de la STEG en col\u00e8re : Mobilisation devant le Parlement contre des contrats d'\u00e9nergie - webdo\",\"isPartOf\":{\"@id\":\"https:\\\/\\\/www.webdo.tn\\\/fr\\\/#website\"},\"primaryImageOfPage\":{\"@id\":\"https:\\\/\\\/www.webdo.tn\\\/fr\\\/actualite\\\/national\\\/les-syndicalistes-de-la-steg-en-colere-mobilisation-devant-le-parlement-contre-des-contrats-denergie\\\/396946\\\/#primaryimage\"},\"image\":{\"@id\":\"https:\\\/\\\/www.webdo.tn\\\/fr\\\/actualite\\\/national\\\/les-syndicalistes-de-la-steg-en-colere-mobilisation-devant-le-parlement-contre-des-contrats-denergie\\\/396946\\\/#primaryimage\"},\"thumbnailUrl\":\"https:\\\/\\\/www.webdo.tn\\\/fr\\\/wp-content\\\/uploads\\\/2025\\\/11\\\/ARP-1.jpg\",\"datePublished\":\"2026-04-28T07:20:37+00:00\",\"dateModified\":\"2026-04-28T07:20:38+00:00\",\"description\":\"D\u00e9couvrez les enjeux autour de la STEG et la manifestation pr\u00e9vue le 28 avril 2026 pour d\u00e9fendre la souverainet\u00e9 \u00e9nerg\u00e9tique.\",\"breadcrumb\":{\"@id\":\"https:\\\/\\\/www.webdo.tn\\\/fr\\\/actualite\\\/national\\\/les-syndicalistes-de-la-steg-en-colere-mobilisation-devant-le-parlement-contre-des-contrats-denergie\\\/396946\\\/#breadcrumb\"},\"inLanguage\":\"fr-FR\",\"potentialAction\":[{\"@type\":\"ReadAction\",\"target\":[\"https:\\\/\\\/www.webdo.tn\\\/fr\\\/actualite\\\/national\\\/les-syndicalistes-de-la-steg-en-colere-mobilisation-devant-le-parlement-contre-des-contrats-denergie\\\/396946\\\/\"]}]},{\"@type\":\"ImageObject\",\"inLanguage\":\"fr-FR\",\"@id\":\"https:\\\/\\\/www.webdo.tn\\\/fr\\\/actualite\\\/national\\\/les-syndicalistes-de-la-steg-en-colere-mobilisation-devant-le-parlement-contre-des-contrats-denergie\\\/396946\\\/#primaryimage\",\"url\":\"https:\\\/\\\/www.webdo.tn\\\/fr\\\/wp-content\\\/uploads\\\/2025\\\/11\\\/ARP-1.jpg\",\"contentUrl\":\"https:\\\/\\\/www.webdo.tn\\\/fr\\\/wp-content\\\/uploads\\\/2025\\\/11\\\/ARP-1.jpg\",\"width\":1200,\"height\":593,\"caption\":\"Projet de Loi de finances 2026 : L\u2019article 50 sur l\u2019imp\u00f4t sur la fortune finalement rejet\u00e9\"},{\"@type\":\"BreadcrumbList\",\"@id\":\"https:\\\/\\\/www.webdo.tn\\\/fr\\\/actualite\\\/national\\\/les-syndicalistes-de-la-steg-en-colere-mobilisation-devant-le-parlement-contre-des-contrats-denergie\\\/396946\\\/#breadcrumb\",\"itemListElement\":[{\"@type\":\"ListItem\",\"position\":1,\"name\":\"Accueil\",\"item\":\"https:\\\/\\\/www.webdo.tn\\\/fr\\\/\"},{\"@type\":\"ListItem\",\"position\":2,\"name\":\"Les syndicalistes de la STEG en col\u00e8re : Mobilisation devant le Parlement contre des contrats d&rsquo;\u00e9nergie\"}]},{\"@type\":\"WebSite\",\"@id\":\"https:\\\/\\\/www.webdo.tn\\\/fr\\\/#website\",\"url\":\"https:\\\/\\\/www.webdo.tn\\\/fr\\\/\",\"name\":\"webdo\",\"description\":\"Tunisie - News en Tunisie et \u00e0 l&#039;international sur Webdo.tn\",\"publisher\":{\"@id\":\"https:\\\/\\\/www.webdo.tn\\\/fr\\\/#organization\"},\"potentialAction\":[{\"@type\":\"SearchAction\",\"target\":{\"@type\":\"EntryPoint\",\"urlTemplate\":\"https:\\\/\\\/www.webdo.tn\\\/fr\\\/?s={search_term_string}\"},\"query-input\":{\"@type\":\"PropertyValueSpecification\",\"valueRequired\":true,\"valueName\":\"search_term_string\"}}],\"inLanguage\":\"fr-FR\"},{\"@type\":\"Organization\",\"@id\":\"https:\\\/\\\/www.webdo.tn\\\/fr\\\/#organization\",\"name\":\"Webdo\",\"alternateName\":\"Webdo.tn\",\"url\":\"https:\\\/\\\/www.webdo.tn\\\/fr\\\/\",\"logo\":{\"@type\":\"ImageObject\",\"inLanguage\":\"fr-FR\",\"@id\":\"https:\\\/\\\/www.webdo.tn\\\/fr\\\/#\\\/schema\\\/logo\\\/image\\\/\",\"url\":\"https:\\\/\\\/www.webdo.tn\\\/fr\\\/wp-content\\\/uploads\\\/2025\\\/06\\\/Webdo-Tunisie_168377.jpg\",\"contentUrl\":\"https:\\\/\\\/www.webdo.tn\\\/fr\\\/wp-content\\\/uploads\\\/2025\\\/06\\\/Webdo-Tunisie_168377.jpg\",\"width\":301,\"height\":301,\"caption\":\"Webdo\"},\"image\":{\"@id\":\"https:\\\/\\\/www.webdo.tn\\\/fr\\\/#\\\/schema\\\/logo\\\/image\\\/\"},\"sameAs\":[\"https:\\\/\\\/www.facebook.com\\\/webdotn\",\"https:\\\/\\\/x.com\\\/webdo_tn\"],\"description\":\"Webdo est un m\u00e9dia num\u00e9rique tunisien fond\u00e9 en 2010, sp\u00e9cialis\u00e9 dans l\u2019actualit\u00e9 nationale et internationale, l\u2019\u00e9conomie, la soci\u00e9t\u00e9 et les analyses politiques. Le site s\u2019adresse \u00e0 un large public francophone et couvre l\u2019information tunisienne en temps r\u00e9el.\",\"email\":\"redac@webdo.tn\",\"legalName\":\"YNJ SARL\",\"foundingDate\":\"2010-09-06\",\"numberOfEmployees\":{\"@type\":\"QuantitativeValue\",\"minValue\":\"11\",\"maxValue\":\"50\"}},{\"@type\":\"Person\",\"@id\":\"https:\\\/\\\/www.webdo.tn\\\/fr\\\/#\\\/schema\\\/person\\\/b9ecde7a5574cb4fcf4b496ea5fadb15\",\"name\":\"Wided Belhaj\",\"image\":{\"@type\":\"ImageObject\",\"inLanguage\":\"fr-FR\",\"@id\":\"https:\\\/\\\/www.webdo.tn\\\/fr\\\/wp-content\\\/uploads\\\/2026\\\/04\\\/wided-belhaj_avatar-96x96.jpg\",\"url\":\"https:\\\/\\\/www.webdo.tn\\\/fr\\\/wp-content\\\/uploads\\\/2026\\\/04\\\/wided-belhaj_avatar-96x96.jpg\",\"contentUrl\":\"https:\\\/\\\/www.webdo.tn\\\/fr\\\/wp-content\\\/uploads\\\/2026\\\/04\\\/wided-belhaj_avatar-96x96.jpg\",\"caption\":\"Wided Belhaj\"},\"description\":\"Wided Belhaj est le pseudonyme \u00e9ditorial utilis\u00e9 par Khalil Jelassi, journaliste, ma\u00eetre-assistant \u00e0 l\u2019Institut de presse et des sciences de l\u2019information (IPSI) et chercheur en sciences de l\u2019information et de la communication. Cette signature est d\u00e9di\u00e9e \u00e0 l\u2019analyse des m\u00e9dias, des pratiques journalistiques et des mutations de l\u2019information \u00e0 l\u2019\u00e8re digitale. \u00c0 travers ses contributions, Wided Belhaj propose une lecture analytique de l\u2019actualit\u00e9, en croisant regard critique et expertise acad\u00e9mique.\",\"knowsAbout\":[\"m\u00e9dias\",\"journalisme\",\"communication\",\"information\",\"transformation num\u00e9rique\",\"analyse des m\u00e9dias\"],\"knowsLanguage\":[\"Fran\u00e7ais\",\"Arabe\"],\"jobTitle\":\"Webdo.tn\",\"worksFor\":\"Journaliste \u2013 Analyse des m\u00e9dias\",\"url\":\"https:\\\/\\\/www.webdo.tn\\\/fr\\\/actualite\\\/author\\\/wided-belhaj\\\/\"}]}<\/script>\n<!-- \/ Yoast SEO Premium plugin. -->","yoast_head_json":{"title":"Les syndicalistes de la STEG en col\u00e8re : Mobilisation devant le Parlement contre des contrats d'\u00e9nergie - webdo","description":"D\u00e9couvrez les enjeux autour de la STEG et la manifestation pr\u00e9vue le 28 avril 2026 pour d\u00e9fendre la souverainet\u00e9 \u00e9nerg\u00e9tique.","canonical":"https:\/\/www.webdo.tn\/fr\/actualite\/national\/les-syndicalistes-de-la-steg-en-colere-mobilisation-devant-le-parlement-contre-des-contrats-denergie\/396946\/","og_locale":"fr_FR","og_type":"article","og_title":"Les syndicalistes de la STEG en col\u00e8re : Mobilisation devant le Parlement contre des contrats d'\u00e9nergie","og_description":"D\u00e9couvrez les enjeux autour de la STEG et la manifestation pr\u00e9vue le 28 avril 2026 pour d\u00e9fendre la souverainet\u00e9 \u00e9nerg\u00e9tique.","og_url":"https:\/\/www.webdo.tn\/fr\/actualite\/national\/les-syndicalistes-de-la-steg-en-colere-mobilisation-devant-le-parlement-contre-des-contrats-denergie\/396946\/","og_site_name":"webdo","article_publisher":"https:\/\/www.facebook.com\/webdotn","article_published_time":"2026-04-28T07:20:37+00:00","article_modified_time":"2026-04-28T07:20:38+00:00","og_image":[{"width":1200,"height":593,"url":"https:\/\/www.webdo.tn\/fr\/wp-content\/uploads\/2025\/11\/ARP-1.jpg","type":"image\/jpeg"}],"author":"Wided Belhaj","twitter_card":"summary_large_image","twitter_creator":"@webdo_tn","twitter_site":"@webdo_tn","twitter_misc":{"\u00c9crit par":"Wided Belhaj","Dur\u00e9e de lecture estim\u00e9e":"2 minutes"},"schema":{"@context":"https:\/\/schema.org","@graph":[{"@type":"NewsArticle","@id":"https:\/\/www.webdo.tn\/fr\/actualite\/national\/les-syndicalistes-de-la-steg-en-colere-mobilisation-devant-le-parlement-contre-des-contrats-denergie\/396946\/#article","isPartOf":{"@id":"https:\/\/www.webdo.tn\/fr\/actualite\/national\/les-syndicalistes-de-la-steg-en-colere-mobilisation-devant-le-parlement-contre-des-contrats-denergie\/396946\/"},"author":{"name":"Wided Belhaj","@id":"https:\/\/www.webdo.tn\/fr\/#\/schema\/person\/b9ecde7a5574cb4fcf4b496ea5fadb15"},"headline":"Les syndicalistes de la STEG en col\u00e8re : Mobilisation devant le Parlement contre des contrats d&rsquo;\u00e9nergie","datePublished":"2026-04-28T07:20:37+00:00","dateModified":"2026-04-28T07:20:38+00:00","mainEntityOfPage":{"@id":"https:\/\/www.webdo.tn\/fr\/actualite\/national\/les-syndicalistes-de-la-steg-en-colere-mobilisation-devant-le-parlement-contre-des-contrats-denergie\/396946\/"},"wordCount":389,"publisher":{"@id":"https:\/\/www.webdo.tn\/fr\/#organization"},"image":{"@id":"https:\/\/www.webdo.tn\/fr\/actualite\/national\/les-syndicalistes-de-la-steg-en-colere-mobilisation-devant-le-parlement-contre-des-contrats-denergie\/396946\/#primaryimage"},"thumbnailUrl":"https:\/\/www.webdo.tn\/fr\/wp-content\/uploads\/2025\/11\/ARP-1.jpg","keywords":["steg","syndicat","Tunisie"],"articleSection":["\u00c9pingle","National"],"inLanguage":"fr-FR"},{"@type":"WebPage","@id":"https:\/\/www.webdo.tn\/fr\/actualite\/national\/les-syndicalistes-de-la-steg-en-colere-mobilisation-devant-le-parlement-contre-des-contrats-denergie\/396946\/","url":"https:\/\/www.webdo.tn\/fr\/actualite\/national\/les-syndicalistes-de-la-steg-en-colere-mobilisation-devant-le-parlement-contre-des-contrats-denergie\/396946\/","name":"Les syndicalistes de la STEG en col\u00e8re : Mobilisation devant le Parlement contre des contrats d'\u00e9nergie - webdo","isPartOf":{"@id":"https:\/\/www.webdo.tn\/fr\/#website"},"primaryImageOfPage":{"@id":"https:\/\/www.webdo.tn\/fr\/actualite\/national\/les-syndicalistes-de-la-steg-en-colere-mobilisation-devant-le-parlement-contre-des-contrats-denergie\/396946\/#primaryimage"},"image":{"@id":"https:\/\/www.webdo.tn\/fr\/actualite\/national\/les-syndicalistes-de-la-steg-en-colere-mobilisation-devant-le-parlement-contre-des-contrats-denergie\/396946\/#primaryimage"},"thumbnailUrl":"https:\/\/www.webdo.tn\/fr\/wp-content\/uploads\/2025\/11\/ARP-1.jpg","datePublished":"2026-04-28T07:20:37+00:00","dateModified":"2026-04-28T07:20:38+00:00","description":"D\u00e9couvrez les enjeux autour de la STEG et la manifestation pr\u00e9vue le 28 avril 2026 pour d\u00e9fendre la souverainet\u00e9 \u00e9nerg\u00e9tique.","breadcrumb":{"@id":"https:\/\/www.webdo.tn\/fr\/actualite\/national\/les-syndicalistes-de-la-steg-en-colere-mobilisation-devant-le-parlement-contre-des-contrats-denergie\/396946\/#breadcrumb"},"inLanguage":"fr-FR","potentialAction":[{"@type":"ReadAction","target":["https:\/\/www.webdo.tn\/fr\/actualite\/national\/les-syndicalistes-de-la-steg-en-colere-mobilisation-devant-le-parlement-contre-des-contrats-denergie\/396946\/"]}]},{"@type":"ImageObject","inLanguage":"fr-FR","@id":"https:\/\/www.webdo.tn\/fr\/actualite\/national\/les-syndicalistes-de-la-steg-en-colere-mobilisation-devant-le-parlement-contre-des-contrats-denergie\/396946\/#primaryimage","url":"https:\/\/www.webdo.tn\/fr\/wp-content\/uploads\/2025\/11\/ARP-1.jpg","contentUrl":"https:\/\/www.webdo.tn\/fr\/wp-content\/uploads\/2025\/11\/ARP-1.jpg","width":1200,"height":593,"caption":"Projet de Loi de finances 2026 : L\u2019article 50 sur l\u2019imp\u00f4t sur la fortune finalement rejet\u00e9"},{"@type":"BreadcrumbList","@id":"https:\/\/www.webdo.tn\/fr\/actualite\/national\/les-syndicalistes-de-la-steg-en-colere-mobilisation-devant-le-parlement-contre-des-contrats-denergie\/396946\/#breadcrumb","itemListElement":[{"@type":"ListItem","position":1,"name":"Accueil","item":"https:\/\/www.webdo.tn\/fr\/"},{"@type":"ListItem","position":2,"name":"Les syndicalistes de la STEG en col\u00e8re : Mobilisation devant le Parlement contre des contrats d&rsquo;\u00e9nergie"}]},{"@type":"WebSite","@id":"https:\/\/www.webdo.tn\/fr\/#website","url":"https:\/\/www.webdo.tn\/fr\/","name":"webdo","description":"Tunisie - News en Tunisie et \u00e0 l&#039;international sur Webdo.tn","publisher":{"@id":"https:\/\/www.webdo.tn\/fr\/#organization"},"potentialAction":[{"@type":"SearchAction","target":{"@type":"EntryPoint","urlTemplate":"https:\/\/www.webdo.tn\/fr\/?s={search_term_string}"},"query-input":{"@type":"PropertyValueSpecification","valueRequired":true,"valueName":"search_term_string"}}],"inLanguage":"fr-FR"},{"@type":"Organization","@id":"https:\/\/www.webdo.tn\/fr\/#organization","name":"Webdo","alternateName":"Webdo.tn","url":"https:\/\/www.webdo.tn\/fr\/","logo":{"@type":"ImageObject","inLanguage":"fr-FR","@id":"https:\/\/www.webdo.tn\/fr\/#\/schema\/logo\/image\/","url":"https:\/\/www.webdo.tn\/fr\/wp-content\/uploads\/2025\/06\/Webdo-Tunisie_168377.jpg","contentUrl":"https:\/\/www.webdo.tn\/fr\/wp-content\/uploads\/2025\/06\/Webdo-Tunisie_168377.jpg","width":301,"height":301,"caption":"Webdo"},"image":{"@id":"https:\/\/www.webdo.tn\/fr\/#\/schema\/logo\/image\/"},"sameAs":["https:\/\/www.facebook.com\/webdotn","https:\/\/x.com\/webdo_tn"],"description":"Webdo est un m\u00e9dia num\u00e9rique tunisien fond\u00e9 en 2010, sp\u00e9cialis\u00e9 dans l\u2019actualit\u00e9 nationale et internationale, l\u2019\u00e9conomie, la soci\u00e9t\u00e9 et les analyses politiques. Le site s\u2019adresse \u00e0 un large public francophone et couvre l\u2019information tunisienne en temps r\u00e9el.","email":"redac@webdo.tn","legalName":"YNJ SARL","foundingDate":"2010-09-06","numberOfEmployees":{"@type":"QuantitativeValue","minValue":"11","maxValue":"50"}},{"@type":"Person","@id":"https:\/\/www.webdo.tn\/fr\/#\/schema\/person\/b9ecde7a5574cb4fcf4b496ea5fadb15","name":"Wided Belhaj","image":{"@type":"ImageObject","inLanguage":"fr-FR","@id":"https:\/\/www.webdo.tn\/fr\/wp-content\/uploads\/2026\/04\/wided-belhaj_avatar-96x96.jpg","url":"https:\/\/www.webdo.tn\/fr\/wp-content\/uploads\/2026\/04\/wided-belhaj_avatar-96x96.jpg","contentUrl":"https:\/\/www.webdo.tn\/fr\/wp-content\/uploads\/2026\/04\/wided-belhaj_avatar-96x96.jpg","caption":"Wided Belhaj"},"description":"Wided Belhaj est le pseudonyme \u00e9ditorial utilis\u00e9 par Khalil Jelassi, journaliste, ma\u00eetre-assistant \u00e0 l\u2019Institut de presse et des sciences de l\u2019information (IPSI) et chercheur en sciences de l\u2019information et de la communication. Cette signature est d\u00e9di\u00e9e \u00e0 l\u2019analyse des m\u00e9dias, des pratiques journalistiques et des mutations de l\u2019information \u00e0 l\u2019\u00e8re digitale. \u00c0 travers ses contributions, Wided Belhaj propose une lecture analytique de l\u2019actualit\u00e9, en croisant regard critique et expertise acad\u00e9mique.","knowsAbout":["m\u00e9dias","journalisme","communication","information","transformation num\u00e9rique","analyse des m\u00e9dias"],"knowsLanguage":["Fran\u00e7ais","Arabe"],"jobTitle":"Webdo.tn","worksFor":"Journaliste \u2013 Analyse des m\u00e9dias","url":"https:\/\/www.webdo.tn\/fr\/actualite\/author\/wided-belhaj\/"}]}},"_links":{"self":[{"href":"https:\/\/www.webdo.tn\/fr\/wp-json\/wp\/v2\/posts\/396946","targetHints":{"allow":["GET"]}}],"collection":[{"href":"https:\/\/www.webdo.tn\/fr\/wp-json\/wp\/v2\/posts"}],"about":[{"href":"https:\/\/www.webdo.tn\/fr\/wp-json\/wp\/v2\/types\/post"}],"author":[{"embeddable":true,"href":"https:\/\/www.webdo.tn\/fr\/wp-json\/wp\/v2\/users\/3184"}],"replies":[{"embeddable":true,"href":"https:\/\/www.webdo.tn\/fr\/wp-json\/wp\/v2\/comments?post=396946"}],"version-history":[{"count":1,"href":"https:\/\/www.webdo.tn\/fr\/wp-json\/wp\/v2\/posts\/396946\/revisions"}],"predecessor-version":[{"id":396947,"href":"https:\/\/www.webdo.tn\/fr\/wp-json\/wp\/v2\/posts\/396946\/revisions\/396947"}],"wp:featuredmedia":[{"embeddable":true,"href":"https:\/\/www.webdo.tn\/fr\/wp-json\/wp\/v2\/media\/387082"}],"wp:attachment":[{"href":"https:\/\/www.webdo.tn\/fr\/wp-json\/wp\/v2\/media?parent=396946"}],"wp:term":[{"taxonomy":"category","embeddable":true,"href":"https:\/\/www.webdo.tn\/fr\/wp-json\/wp\/v2\/categories?post=396946"},{"taxonomy":"post_tag","embeddable":true,"href":"https:\/\/www.webdo.tn\/fr\/wp-json\/wp\/v2\/tags?post=396946"}],"curies":[{"name":"wp","href":"https:\/\/api.w.org\/{rel}","templated":true}]}}