{"id":396943,"date":"2026-04-28T07:48:43","date_gmt":"2026-04-28T06:48:43","guid":{"rendered":"https:\/\/www.webdo.tn\/fr\/?p=396943"},"modified":"2026-04-28T07:48:44","modified_gmt":"2026-04-28T06:48:44","slug":"carthage-cap-sur-les-augmentations-salariales-dans-le-public-le-prive-et-les-retraites","status":"publish","type":"post","link":"https:\/\/www.webdo.tn\/fr\/actualite\/national\/carthage-cap-sur-les-augmentations-salariales-dans-le-public-le-prive-et-les-retraites\/396943\/","title":{"rendered":"Carthage : Cap sur les augmentations salariales dans le public, le priv\u00e9 et les retraites"},"content":{"rendered":"\n<p><\/p>\n\n\n\n<p><strong>Le pr\u00e9sident de la R\u00e9publique, Ka\u00efs Sa\u00efed, a pr\u00e9sid\u00e9 dimanche 27 avril au palais de Carthage une r\u00e9union consacr\u00e9e \u00e0 la mise en \u0153uvre de l\u2019article 15 de la loi de finances en vigueur. Cette disposition concerne la revalorisation des salaires et des r\u00e9mun\u00e9rations dans les secteurs public et priv\u00e9, ainsi que les pensions de retraite, pour les ann\u00e9es 2026, 2027 et 2028.<\/strong><\/p>\n\n\n\n<p>La rencontre a r\u00e9uni la cheffe du gouvernement Sarra Zaafrani Zenzri, la ministre des Finances Mechkat Slama Khaldi, le ministre des Affaires sociales Issam Lahmar et le ministre de l\u2019Emploi et de la Formation professionnelle Riadh Chaoued.<\/p>\n\n\n\n<h2 class=\"wp-block-heading\" id=\"h-mecanisme-d-augmentations-salariales\">M\u00e9canisme d\u2019augmentations salariales <\/h2>\n\n\n\n<p>Au c\u0153ur des discussions : la concr\u00e9tisation du m\u00e9canisme d\u2019augmentations salariales pr\u00e9vu par la loi de finances. Le chef de l\u2019\u00c9tat a insist\u00e9 sur la poursuite de la politique sociale de l\u2019\u00c9tat et sur la n\u00e9cessit\u00e9 de renforcer les \u00e9quilibres sociaux, dans un contexte \u00e9conomique d\u00e9licat.<\/p>\n\n\n\n<p>Le dispositif en pr\u00e9paration pr\u00e9voit des hausses progressives des salaires et des pensions sur une p\u00e9riode de trois ans, touchant aussi bien les agents du secteur public que ceux du secteur priv\u00e9. L\u2019objectif affich\u00e9 est d\u2019assurer une meilleure pr\u00e9visibilit\u00e9 des revenus et d\u2019am\u00e9liorer le pouvoir d\u2019achat, particuli\u00e8rement pour les retrait\u00e9s.<\/p>\n\n\n\n<p class=\"has-medium-font-size\"><strong>Lire aussi :<\/strong>\u00a0<a href=\"https:\/\/www.webdo.tn\/fr\/actualite\/national\/augmentations-salariales-apres-lannonce-presidentielle-a-quel-taux-faut-il-sattendre\/395082\/\">Augmentations salariales : Apr\u00e8s l\u2019annonce pr\u00e9sidentielle, \u00e0 quel taux faut-il s\u2019attendre ?<\/a> <\/p>\n\n\n\n<p>Ka\u00efs Sa\u00efed a \u00e9galement appel\u00e9 \u00e0 finaliser la plateforme num\u00e9rique destin\u00e9e \u00e0 l\u2019ouverture de recrutements pour les ch\u00f4meurs de longue dur\u00e9e. Il a insist\u00e9 sur des crit\u00e8res fond\u00e9s, selon lui, sur \u00ab l\u2019\u00e9quit\u00e9 et la justice \u00bb, tout en critiquant les recrutements pass\u00e9s qu\u2019il estime avoir \u00e9t\u00e9 bas\u00e9s sur des logiques de favoritisme.<\/p>\n\n\n\n<h2 class=\"wp-block-heading\" id=\"h-lutter-contre-la-corruption-et-les-pratiques-illegales\">Lutter contre la corruption et les pratiques ill\u00e9gales<\/h2>\n\n\n\n<p>Dans son intervention, le pr\u00e9sident a r\u00e9affirm\u00e9 la volont\u00e9 de l\u2019\u00c9tat de lutter contre la corruption et les pratiques ill\u00e9gales au sein de l\u2019administration, tout en r\u00e9it\u00e9rant son engagement en faveur des objectifs de la r\u00e9volution, notamment l\u2019emploi, la libert\u00e9 et la dignit\u00e9 nationale.<\/p>\n\n\n\n<p>Enfin, sur un autre plan, la pr\u00e9sidence a annonc\u00e9 la r\u00e9vocation de la ministre de l\u2019Industrie, des Mines et de l\u2019\u00c9nergie. Le ministre de l\u2019\u00c9quipement et de l\u2019Habitat, Salah Zouari, a \u00e9t\u00e9 charg\u00e9 d\u2019assurer l\u2019int\u00e9rim \u00e0 la t\u00eate du d\u00e9partement.<\/p>\n\n\n\n<p><\/p>\n","protected":false},"excerpt":{"rendered":"<p>Le pr\u00e9sident de la R\u00e9publique, Ka\u00efs Sa\u00efed, a pr\u00e9sid\u00e9 dimanche 27 avril au palais de Carthage une r\u00e9union consacr\u00e9e \u00e0 la mise en \u0153uvre de l\u2019article 15 de la loi de finances en vigueur. Cette disposition concerne la revalorisation des salaires et des r\u00e9mun\u00e9rations dans les secteurs public et priv\u00e9, ainsi que les pensions de [&hellip;]<\/p>\n","protected":false},"author":3184,"featured_media":396944,"comment_status":"closed","ping_status":"closed","sticky":false,"template":"","format":"standard","meta":{"footnotes":""},"categories":[13163,44],"tags":[2614,5442,6686,2608],"class_list":["post-396943","post","type-post","status-publish","format-standard","has-post-thumbnail","hentry","category-epingle","category-national","tag-kais-saied","tag-presidence-de-la-republique","tag-salaires","tag-tunisie"],"yoast_head":"<!-- This site is optimized with the Yoast SEO Premium plugin v27.4 (Yoast SEO v27.4) - https:\/\/yoast.com\/product\/yoast-seo-premium-wordpress\/ -->\n<title>Carthage : Cap sur les augmentations salariales dans le public, le priv\u00e9 et les retraites - webdo<\/title>\n<meta name=\"description\" content=\"D\u00e9couvrez les augmentations salariales discut\u00e9es lors de la r\u00e9union du pr\u00e9sident Ka\u00efs Sa\u00efed pour les ann\u00e9es 2026 \u00e0 2028.\" \/>\n<link rel=\"canonical\" href=\"https:\/\/www.webdo.tn\/fr\/actualite\/national\/carthage-cap-sur-les-augmentations-salariales-dans-le-public-le-prive-et-les-retraites\/396943\/\" \/>\n<meta property=\"og:locale\" content=\"fr_FR\" \/>\n<meta property=\"og:type\" content=\"article\" \/>\n<meta property=\"og:title\" content=\"Carthage : Cap sur les augmentations salariales dans le public, le priv\u00e9 et les retraites\" \/>\n<meta property=\"og:description\" content=\"D\u00e9couvrez les augmentations salariales discut\u00e9es lors de la r\u00e9union du pr\u00e9sident Ka\u00efs Sa\u00efed pour les ann\u00e9es 2026 \u00e0 2028.\" \/>\n<meta property=\"og:url\" content=\"https:\/\/www.webdo.tn\/fr\/actualite\/national\/carthage-cap-sur-les-augmentations-salariales-dans-le-public-le-prive-et-les-retraites\/396943\/\" \/>\n<meta property=\"og:site_name\" content=\"webdo\" \/>\n<meta property=\"article:publisher\" content=\"https:\/\/www.facebook.com\/webdotn\" \/>\n<meta property=\"article:published_time\" content=\"2026-04-28T06:48:43+00:00\" \/>\n<meta property=\"article:modified_time\" content=\"2026-04-28T06:48:44+00:00\" \/>\n<meta property=\"og:image\" content=\"https:\/\/www.webdo.tn\/fr\/wp-content\/uploads\/2026\/04\/presidence.jpg\" \/>\n\t<meta property=\"og:image:width\" content=\"1200\" \/>\n\t<meta property=\"og:image:height\" content=\"601\" \/>\n\t<meta property=\"og:image:type\" content=\"image\/jpeg\" \/>\n<meta name=\"author\" content=\"Wided Belhaj\" \/>\n<meta name=\"twitter:card\" content=\"summary_large_image\" \/>\n<meta name=\"twitter:creator\" content=\"@webdo_tn\" \/>\n<meta name=\"twitter:site\" content=\"@webdo_tn\" \/>\n<meta name=\"twitter:label1\" content=\"\u00c9crit par\" \/>\n\t<meta name=\"twitter:data1\" content=\"Wided Belhaj\" \/>\n\t<meta name=\"twitter:label2\" content=\"Dur\u00e9e de lecture estim\u00e9e\" \/>\n\t<meta name=\"twitter:data2\" content=\"3 minutes\" \/>\n<script type=\"application\/ld+json\" class=\"yoast-schema-graph\">{\"@context\":\"https:\\\/\\\/schema.org\",\"@graph\":[{\"@type\":\"NewsArticle\",\"@id\":\"https:\\\/\\\/www.webdo.tn\\\/fr\\\/actualite\\\/national\\\/carthage-cap-sur-les-augmentations-salariales-dans-le-public-le-prive-et-les-retraites\\\/396943\\\/#article\",\"isPartOf\":{\"@id\":\"https:\\\/\\\/www.webdo.tn\\\/fr\\\/actualite\\\/national\\\/carthage-cap-sur-les-augmentations-salariales-dans-le-public-le-prive-et-les-retraites\\\/396943\\\/\"},\"author\":{\"name\":\"Wided Belhaj\",\"@id\":\"https:\\\/\\\/www.webdo.tn\\\/fr\\\/#\\\/schema\\\/person\\\/b9ecde7a5574cb4fcf4b496ea5fadb15\"},\"headline\":\"Carthage : Cap sur les augmentations salariales dans le public, le priv\u00e9 et les retraites\",\"datePublished\":\"2026-04-28T06:48:43+00:00\",\"dateModified\":\"2026-04-28T06:48:44+00:00\",\"mainEntityOfPage\":{\"@id\":\"https:\\\/\\\/www.webdo.tn\\\/fr\\\/actualite\\\/national\\\/carthage-cap-sur-les-augmentations-salariales-dans-le-public-le-prive-et-les-retraites\\\/396943\\\/\"},\"wordCount\":430,\"publisher\":{\"@id\":\"https:\\\/\\\/www.webdo.tn\\\/fr\\\/#organization\"},\"image\":{\"@id\":\"https:\\\/\\\/www.webdo.tn\\\/fr\\\/actualite\\\/national\\\/carthage-cap-sur-les-augmentations-salariales-dans-le-public-le-prive-et-les-retraites\\\/396943\\\/#primaryimage\"},\"thumbnailUrl\":\"https:\\\/\\\/www.webdo.tn\\\/fr\\\/wp-content\\\/uploads\\\/2026\\\/04\\\/presidence.jpg\",\"keywords\":[\"Kais Saied\",\"pr\u00e9sidence de la R\u00e9publique\",\"Salaires\",\"Tunisie\"],\"articleSection\":[\"\u00c9pingle\",\"National\"],\"inLanguage\":\"fr-FR\"},{\"@type\":\"WebPage\",\"@id\":\"https:\\\/\\\/www.webdo.tn\\\/fr\\\/actualite\\\/national\\\/carthage-cap-sur-les-augmentations-salariales-dans-le-public-le-prive-et-les-retraites\\\/396943\\\/\",\"url\":\"https:\\\/\\\/www.webdo.tn\\\/fr\\\/actualite\\\/national\\\/carthage-cap-sur-les-augmentations-salariales-dans-le-public-le-prive-et-les-retraites\\\/396943\\\/\",\"name\":\"Carthage : Cap sur les augmentations salariales dans le public, le priv\u00e9 et les retraites - webdo\",\"isPartOf\":{\"@id\":\"https:\\\/\\\/www.webdo.tn\\\/fr\\\/#website\"},\"primaryImageOfPage\":{\"@id\":\"https:\\\/\\\/www.webdo.tn\\\/fr\\\/actualite\\\/national\\\/carthage-cap-sur-les-augmentations-salariales-dans-le-public-le-prive-et-les-retraites\\\/396943\\\/#primaryimage\"},\"image\":{\"@id\":\"https:\\\/\\\/www.webdo.tn\\\/fr\\\/actualite\\\/national\\\/carthage-cap-sur-les-augmentations-salariales-dans-le-public-le-prive-et-les-retraites\\\/396943\\\/#primaryimage\"},\"thumbnailUrl\":\"https:\\\/\\\/www.webdo.tn\\\/fr\\\/wp-content\\\/uploads\\\/2026\\\/04\\\/presidence.jpg\",\"datePublished\":\"2026-04-28T06:48:43+00:00\",\"dateModified\":\"2026-04-28T06:48:44+00:00\",\"description\":\"D\u00e9couvrez les augmentations salariales discut\u00e9es lors de la r\u00e9union du pr\u00e9sident Ka\u00efs Sa\u00efed pour les ann\u00e9es 2026 \u00e0 2028.\",\"breadcrumb\":{\"@id\":\"https:\\\/\\\/www.webdo.tn\\\/fr\\\/actualite\\\/national\\\/carthage-cap-sur-les-augmentations-salariales-dans-le-public-le-prive-et-les-retraites\\\/396943\\\/#breadcrumb\"},\"inLanguage\":\"fr-FR\",\"potentialAction\":[{\"@type\":\"ReadAction\",\"target\":[\"https:\\\/\\\/www.webdo.tn\\\/fr\\\/actualite\\\/national\\\/carthage-cap-sur-les-augmentations-salariales-dans-le-public-le-prive-et-les-retraites\\\/396943\\\/\"]}]},{\"@type\":\"ImageObject\",\"inLanguage\":\"fr-FR\",\"@id\":\"https:\\\/\\\/www.webdo.tn\\\/fr\\\/actualite\\\/national\\\/carthage-cap-sur-les-augmentations-salariales-dans-le-public-le-prive-et-les-retraites\\\/396943\\\/#primaryimage\",\"url\":\"https:\\\/\\\/www.webdo.tn\\\/fr\\\/wp-content\\\/uploads\\\/2026\\\/04\\\/presidence.jpg\",\"contentUrl\":\"https:\\\/\\\/www.webdo.tn\\\/fr\\\/wp-content\\\/uploads\\\/2026\\\/04\\\/presidence.jpg\",\"width\":1200,\"height\":601},{\"@type\":\"BreadcrumbList\",\"@id\":\"https:\\\/\\\/www.webdo.tn\\\/fr\\\/actualite\\\/national\\\/carthage-cap-sur-les-augmentations-salariales-dans-le-public-le-prive-et-les-retraites\\\/396943\\\/#breadcrumb\",\"itemListElement\":[{\"@type\":\"ListItem\",\"position\":1,\"name\":\"Accueil\",\"item\":\"https:\\\/\\\/www.webdo.tn\\\/fr\\\/\"},{\"@type\":\"ListItem\",\"position\":2,\"name\":\"Carthage : Cap sur les augmentations salariales dans le public, le priv\u00e9 et les retraites\"}]},{\"@type\":\"WebSite\",\"@id\":\"https:\\\/\\\/www.webdo.tn\\\/fr\\\/#website\",\"url\":\"https:\\\/\\\/www.webdo.tn\\\/fr\\\/\",\"name\":\"webdo\",\"description\":\"Tunisie - News en Tunisie et \u00e0 l&#039;international sur Webdo.tn\",\"publisher\":{\"@id\":\"https:\\\/\\\/www.webdo.tn\\\/fr\\\/#organization\"},\"potentialAction\":[{\"@type\":\"SearchAction\",\"target\":{\"@type\":\"EntryPoint\",\"urlTemplate\":\"https:\\\/\\\/www.webdo.tn\\\/fr\\\/?s={search_term_string}\"},\"query-input\":{\"@type\":\"PropertyValueSpecification\",\"valueRequired\":true,\"valueName\":\"search_term_string\"}}],\"inLanguage\":\"fr-FR\"},{\"@type\":\"Organization\",\"@id\":\"https:\\\/\\\/www.webdo.tn\\\/fr\\\/#organization\",\"name\":\"Webdo\",\"alternateName\":\"Webdo.tn\",\"url\":\"https:\\\/\\\/www.webdo.tn\\\/fr\\\/\",\"logo\":{\"@type\":\"ImageObject\",\"inLanguage\":\"fr-FR\",\"@id\":\"https:\\\/\\\/www.webdo.tn\\\/fr\\\/#\\\/schema\\\/logo\\\/image\\\/\",\"url\":\"https:\\\/\\\/www.webdo.tn\\\/fr\\\/wp-content\\\/uploads\\\/2025\\\/06\\\/Webdo-Tunisie_168377.jpg\",\"contentUrl\":\"https:\\\/\\\/www.webdo.tn\\\/fr\\\/wp-content\\\/uploads\\\/2025\\\/06\\\/Webdo-Tunisie_168377.jpg\",\"width\":301,\"height\":301,\"caption\":\"Webdo\"},\"image\":{\"@id\":\"https:\\\/\\\/www.webdo.tn\\\/fr\\\/#\\\/schema\\\/logo\\\/image\\\/\"},\"sameAs\":[\"https:\\\/\\\/www.facebook.com\\\/webdotn\",\"https:\\\/\\\/x.com\\\/webdo_tn\"],\"description\":\"Webdo est un m\u00e9dia num\u00e9rique tunisien fond\u00e9 en 2010, sp\u00e9cialis\u00e9 dans l\u2019actualit\u00e9 nationale et internationale, l\u2019\u00e9conomie, la soci\u00e9t\u00e9 et les analyses politiques. Le site s\u2019adresse \u00e0 un large public francophone et couvre l\u2019information tunisienne en temps r\u00e9el.\",\"email\":\"redac@webdo.tn\",\"legalName\":\"YNJ SARL\",\"foundingDate\":\"2010-09-06\",\"numberOfEmployees\":{\"@type\":\"QuantitativeValue\",\"minValue\":\"11\",\"maxValue\":\"50\"}},{\"@type\":\"Person\",\"@id\":\"https:\\\/\\\/www.webdo.tn\\\/fr\\\/#\\\/schema\\\/person\\\/b9ecde7a5574cb4fcf4b496ea5fadb15\",\"name\":\"Wided Belhaj\",\"image\":{\"@type\":\"ImageObject\",\"inLanguage\":\"fr-FR\",\"@id\":\"https:\\\/\\\/www.webdo.tn\\\/fr\\\/wp-content\\\/uploads\\\/2026\\\/04\\\/wided-belhaj_avatar-96x96.jpg\",\"url\":\"https:\\\/\\\/www.webdo.tn\\\/fr\\\/wp-content\\\/uploads\\\/2026\\\/04\\\/wided-belhaj_avatar-96x96.jpg\",\"contentUrl\":\"https:\\\/\\\/www.webdo.tn\\\/fr\\\/wp-content\\\/uploads\\\/2026\\\/04\\\/wided-belhaj_avatar-96x96.jpg\",\"caption\":\"Wided Belhaj\"},\"description\":\"Wided Belhaj est le pseudonyme \u00e9ditorial utilis\u00e9 par Khalil Jelassi, journaliste, ma\u00eetre-assistant \u00e0 l\u2019Institut de presse et des sciences de l\u2019information (IPSI) et chercheur en sciences de l\u2019information et de la communication. Cette signature est d\u00e9di\u00e9e \u00e0 l\u2019analyse des m\u00e9dias, des pratiques journalistiques et des mutations de l\u2019information \u00e0 l\u2019\u00e8re digitale. \u00c0 travers ses contributions, Wided Belhaj propose une lecture analytique de l\u2019actualit\u00e9, en croisant regard critique et expertise acad\u00e9mique.\",\"knowsAbout\":[\"m\u00e9dias\",\"journalisme\",\"communication\",\"information\",\"transformation num\u00e9rique\",\"analyse des m\u00e9dias\"],\"knowsLanguage\":[\"Fran\u00e7ais\",\"Arabe\"],\"jobTitle\":\"Webdo.tn\",\"worksFor\":\"Journaliste \u2013 Analyse des m\u00e9dias\",\"url\":\"https:\\\/\\\/www.webdo.tn\\\/fr\\\/actualite\\\/author\\\/wided-belhaj\\\/\"}]}<\/script>\n<!-- \/ Yoast SEO Premium plugin. -->","yoast_head_json":{"title":"Carthage : Cap sur les augmentations salariales dans le public, le priv\u00e9 et les retraites - webdo","description":"D\u00e9couvrez les augmentations salariales discut\u00e9es lors de la r\u00e9union du pr\u00e9sident Ka\u00efs Sa\u00efed pour les ann\u00e9es 2026 \u00e0 2028.","canonical":"https:\/\/www.webdo.tn\/fr\/actualite\/national\/carthage-cap-sur-les-augmentations-salariales-dans-le-public-le-prive-et-les-retraites\/396943\/","og_locale":"fr_FR","og_type":"article","og_title":"Carthage : Cap sur les augmentations salariales dans le public, le priv\u00e9 et les retraites","og_description":"D\u00e9couvrez les augmentations salariales discut\u00e9es lors de la r\u00e9union du pr\u00e9sident Ka\u00efs Sa\u00efed pour les ann\u00e9es 2026 \u00e0 2028.","og_url":"https:\/\/www.webdo.tn\/fr\/actualite\/national\/carthage-cap-sur-les-augmentations-salariales-dans-le-public-le-prive-et-les-retraites\/396943\/","og_site_name":"webdo","article_publisher":"https:\/\/www.facebook.com\/webdotn","article_published_time":"2026-04-28T06:48:43+00:00","article_modified_time":"2026-04-28T06:48:44+00:00","og_image":[{"width":1200,"height":601,"url":"https:\/\/www.webdo.tn\/fr\/wp-content\/uploads\/2026\/04\/presidence.jpg","type":"image\/jpeg"}],"author":"Wided Belhaj","twitter_card":"summary_large_image","twitter_creator":"@webdo_tn","twitter_site":"@webdo_tn","twitter_misc":{"\u00c9crit par":"Wided Belhaj","Dur\u00e9e de lecture estim\u00e9e":"3 minutes"},"schema":{"@context":"https:\/\/schema.org","@graph":[{"@type":"NewsArticle","@id":"https:\/\/www.webdo.tn\/fr\/actualite\/national\/carthage-cap-sur-les-augmentations-salariales-dans-le-public-le-prive-et-les-retraites\/396943\/#article","isPartOf":{"@id":"https:\/\/www.webdo.tn\/fr\/actualite\/national\/carthage-cap-sur-les-augmentations-salariales-dans-le-public-le-prive-et-les-retraites\/396943\/"},"author":{"name":"Wided Belhaj","@id":"https:\/\/www.webdo.tn\/fr\/#\/schema\/person\/b9ecde7a5574cb4fcf4b496ea5fadb15"},"headline":"Carthage : Cap sur les augmentations salariales dans le public, le priv\u00e9 et les retraites","datePublished":"2026-04-28T06:48:43+00:00","dateModified":"2026-04-28T06:48:44+00:00","mainEntityOfPage":{"@id":"https:\/\/www.webdo.tn\/fr\/actualite\/national\/carthage-cap-sur-les-augmentations-salariales-dans-le-public-le-prive-et-les-retraites\/396943\/"},"wordCount":430,"publisher":{"@id":"https:\/\/www.webdo.tn\/fr\/#organization"},"image":{"@id":"https:\/\/www.webdo.tn\/fr\/actualite\/national\/carthage-cap-sur-les-augmentations-salariales-dans-le-public-le-prive-et-les-retraites\/396943\/#primaryimage"},"thumbnailUrl":"https:\/\/www.webdo.tn\/fr\/wp-content\/uploads\/2026\/04\/presidence.jpg","keywords":["Kais Saied","pr\u00e9sidence de la R\u00e9publique","Salaires","Tunisie"],"articleSection":["\u00c9pingle","National"],"inLanguage":"fr-FR"},{"@type":"WebPage","@id":"https:\/\/www.webdo.tn\/fr\/actualite\/national\/carthage-cap-sur-les-augmentations-salariales-dans-le-public-le-prive-et-les-retraites\/396943\/","url":"https:\/\/www.webdo.tn\/fr\/actualite\/national\/carthage-cap-sur-les-augmentations-salariales-dans-le-public-le-prive-et-les-retraites\/396943\/","name":"Carthage : Cap sur les augmentations salariales dans le public, le priv\u00e9 et les retraites - webdo","isPartOf":{"@id":"https:\/\/www.webdo.tn\/fr\/#website"},"primaryImageOfPage":{"@id":"https:\/\/www.webdo.tn\/fr\/actualite\/national\/carthage-cap-sur-les-augmentations-salariales-dans-le-public-le-prive-et-les-retraites\/396943\/#primaryimage"},"image":{"@id":"https:\/\/www.webdo.tn\/fr\/actualite\/national\/carthage-cap-sur-les-augmentations-salariales-dans-le-public-le-prive-et-les-retraites\/396943\/#primaryimage"},"thumbnailUrl":"https:\/\/www.webdo.tn\/fr\/wp-content\/uploads\/2026\/04\/presidence.jpg","datePublished":"2026-04-28T06:48:43+00:00","dateModified":"2026-04-28T06:48:44+00:00","description":"D\u00e9couvrez les augmentations salariales discut\u00e9es lors de la r\u00e9union du pr\u00e9sident Ka\u00efs Sa\u00efed pour les ann\u00e9es 2026 \u00e0 2028.","breadcrumb":{"@id":"https:\/\/www.webdo.tn\/fr\/actualite\/national\/carthage-cap-sur-les-augmentations-salariales-dans-le-public-le-prive-et-les-retraites\/396943\/#breadcrumb"},"inLanguage":"fr-FR","potentialAction":[{"@type":"ReadAction","target":["https:\/\/www.webdo.tn\/fr\/actualite\/national\/carthage-cap-sur-les-augmentations-salariales-dans-le-public-le-prive-et-les-retraites\/396943\/"]}]},{"@type":"ImageObject","inLanguage":"fr-FR","@id":"https:\/\/www.webdo.tn\/fr\/actualite\/national\/carthage-cap-sur-les-augmentations-salariales-dans-le-public-le-prive-et-les-retraites\/396943\/#primaryimage","url":"https:\/\/www.webdo.tn\/fr\/wp-content\/uploads\/2026\/04\/presidence.jpg","contentUrl":"https:\/\/www.webdo.tn\/fr\/wp-content\/uploads\/2026\/04\/presidence.jpg","width":1200,"height":601},{"@type":"BreadcrumbList","@id":"https:\/\/www.webdo.tn\/fr\/actualite\/national\/carthage-cap-sur-les-augmentations-salariales-dans-le-public-le-prive-et-les-retraites\/396943\/#breadcrumb","itemListElement":[{"@type":"ListItem","position":1,"name":"Accueil","item":"https:\/\/www.webdo.tn\/fr\/"},{"@type":"ListItem","position":2,"name":"Carthage : Cap sur les augmentations salariales dans le public, le priv\u00e9 et les retraites"}]},{"@type":"WebSite","@id":"https:\/\/www.webdo.tn\/fr\/#website","url":"https:\/\/www.webdo.tn\/fr\/","name":"webdo","description":"Tunisie - News en Tunisie et \u00e0 l&#039;international sur Webdo.tn","publisher":{"@id":"https:\/\/www.webdo.tn\/fr\/#organization"},"potentialAction":[{"@type":"SearchAction","target":{"@type":"EntryPoint","urlTemplate":"https:\/\/www.webdo.tn\/fr\/?s={search_term_string}"},"query-input":{"@type":"PropertyValueSpecification","valueRequired":true,"valueName":"search_term_string"}}],"inLanguage":"fr-FR"},{"@type":"Organization","@id":"https:\/\/www.webdo.tn\/fr\/#organization","name":"Webdo","alternateName":"Webdo.tn","url":"https:\/\/www.webdo.tn\/fr\/","logo":{"@type":"ImageObject","inLanguage":"fr-FR","@id":"https:\/\/www.webdo.tn\/fr\/#\/schema\/logo\/image\/","url":"https:\/\/www.webdo.tn\/fr\/wp-content\/uploads\/2025\/06\/Webdo-Tunisie_168377.jpg","contentUrl":"https:\/\/www.webdo.tn\/fr\/wp-content\/uploads\/2025\/06\/Webdo-Tunisie_168377.jpg","width":301,"height":301,"caption":"Webdo"},"image":{"@id":"https:\/\/www.webdo.tn\/fr\/#\/schema\/logo\/image\/"},"sameAs":["https:\/\/www.facebook.com\/webdotn","https:\/\/x.com\/webdo_tn"],"description":"Webdo est un m\u00e9dia num\u00e9rique tunisien fond\u00e9 en 2010, sp\u00e9cialis\u00e9 dans l\u2019actualit\u00e9 nationale et internationale, l\u2019\u00e9conomie, la soci\u00e9t\u00e9 et les analyses politiques. Le site s\u2019adresse \u00e0 un large public francophone et couvre l\u2019information tunisienne en temps r\u00e9el.","email":"redac@webdo.tn","legalName":"YNJ SARL","foundingDate":"2010-09-06","numberOfEmployees":{"@type":"QuantitativeValue","minValue":"11","maxValue":"50"}},{"@type":"Person","@id":"https:\/\/www.webdo.tn\/fr\/#\/schema\/person\/b9ecde7a5574cb4fcf4b496ea5fadb15","name":"Wided Belhaj","image":{"@type":"ImageObject","inLanguage":"fr-FR","@id":"https:\/\/www.webdo.tn\/fr\/wp-content\/uploads\/2026\/04\/wided-belhaj_avatar-96x96.jpg","url":"https:\/\/www.webdo.tn\/fr\/wp-content\/uploads\/2026\/04\/wided-belhaj_avatar-96x96.jpg","contentUrl":"https:\/\/www.webdo.tn\/fr\/wp-content\/uploads\/2026\/04\/wided-belhaj_avatar-96x96.jpg","caption":"Wided Belhaj"},"description":"Wided Belhaj est le pseudonyme \u00e9ditorial utilis\u00e9 par Khalil Jelassi, journaliste, ma\u00eetre-assistant \u00e0 l\u2019Institut de presse et des sciences de l\u2019information (IPSI) et chercheur en sciences de l\u2019information et de la communication. Cette signature est d\u00e9di\u00e9e \u00e0 l\u2019analyse des m\u00e9dias, des pratiques journalistiques et des mutations de l\u2019information \u00e0 l\u2019\u00e8re digitale. \u00c0 travers ses contributions, Wided Belhaj propose une lecture analytique de l\u2019actualit\u00e9, en croisant regard critique et expertise acad\u00e9mique.","knowsAbout":["m\u00e9dias","journalisme","communication","information","transformation num\u00e9rique","analyse des m\u00e9dias"],"knowsLanguage":["Fran\u00e7ais","Arabe"],"jobTitle":"Webdo.tn","worksFor":"Journaliste \u2013 Analyse des m\u00e9dias","url":"https:\/\/www.webdo.tn\/fr\/actualite\/author\/wided-belhaj\/"}]}},"_links":{"self":[{"href":"https:\/\/www.webdo.tn\/fr\/wp-json\/wp\/v2\/posts\/396943","targetHints":{"allow":["GET"]}}],"collection":[{"href":"https:\/\/www.webdo.tn\/fr\/wp-json\/wp\/v2\/posts"}],"about":[{"href":"https:\/\/www.webdo.tn\/fr\/wp-json\/wp\/v2\/types\/post"}],"author":[{"embeddable":true,"href":"https:\/\/www.webdo.tn\/fr\/wp-json\/wp\/v2\/users\/3184"}],"replies":[{"embeddable":true,"href":"https:\/\/www.webdo.tn\/fr\/wp-json\/wp\/v2\/comments?post=396943"}],"version-history":[{"count":1,"href":"https:\/\/www.webdo.tn\/fr\/wp-json\/wp\/v2\/posts\/396943\/revisions"}],"predecessor-version":[{"id":396945,"href":"https:\/\/www.webdo.tn\/fr\/wp-json\/wp\/v2\/posts\/396943\/revisions\/396945"}],"wp:featuredmedia":[{"embeddable":true,"href":"https:\/\/www.webdo.tn\/fr\/wp-json\/wp\/v2\/media\/396944"}],"wp:attachment":[{"href":"https:\/\/www.webdo.tn\/fr\/wp-json\/wp\/v2\/media?parent=396943"}],"wp:term":[{"taxonomy":"category","embeddable":true,"href":"https:\/\/www.webdo.tn\/fr\/wp-json\/wp\/v2\/categories?post=396943"},{"taxonomy":"post_tag","embeddable":true,"href":"https:\/\/www.webdo.tn\/fr\/wp-json\/wp\/v2\/tags?post=396943"}],"curies":[{"name":"wp","href":"https:\/\/api.w.org\/{rel}","templated":true}]}}