{"id":396940,"date":"2026-04-28T07:12:54","date_gmt":"2026-04-28T06:12:54","guid":{"rendered":"https:\/\/www.webdo.tn\/fr\/?p=396940"},"modified":"2026-04-28T07:12:56","modified_gmt":"2026-04-28T06:12:56","slug":"industrie-et-energie-kais-saied-ecarte-la-ministre-sans-mentionner-son-nom","status":"publish","type":"post","link":"https:\/\/www.webdo.tn\/fr\/actualite\/national\/industrie-et-energie-kais-saied-ecarte-la-ministre-sans-mentionner-son-nom\/396940\/","title":{"rendered":"Industrie et \u00e9nergie : Ka\u00efs Sa\u00efed \u00e9carte la ministre sans mentionner son nom"},"content":{"rendered":"\n<p><strong>Le pr\u00e9sident de la R\u00e9publique, Ka\u00efs Sa\u00efed, a d\u00e9cid\u00e9 d\u2019op\u00e9rer un changement inattendu \u00e0 la t\u00eate du minist\u00e8re de l\u2019Industrie, des Mines et de l\u2019\u00c9nergie. Dans un communiqu\u00e9 officiel, la pr\u00e9sidence a annonc\u00e9 l\u2019\u00e9viction de la ministre en fonction, sans toutefois en mentionner explicitement le nom.<\/strong><\/p>\n\n\n\n<p>Selon le m\u00eame communiqu\u00e9, le chef de l\u2019\u00c9tat a charg\u00e9 Salah Zouari, actuel ministre de l\u2019\u00c9quipement et de l\u2019Habitat, d\u2019assurer l\u2019int\u00e9rim \u00e0 la t\u00eate de ce d\u00e9partement strat\u00e9gique.<\/p>\n\n\n\n<h2 class=\"wp-block-heading\" id=\"h-en-poste-depuis-2024\">En poste depuis 2024 <\/h2>\n\n\n\n<p>Fatma Thabet Chiboub \u00e9tait en poste depuis le 24 janvier 2024 et pilotait notamment le dossier des \u00e9nergies renouvelables autour duquel une grosse pol\u00e9mique enfle actuellement. <\/p>\n\n\n\n<p>Aucune pr\u00e9cision n\u2019a \u00e9t\u00e9 fournie quant aux motifs de cette d\u00e9cision, qui intervient dans un contexte marqu\u00e9 par des enjeux \u00e9conomiques et \u00e9nerg\u00e9tiques sensibles. Ce limogeage, op\u00e9r\u00e9 sans explication d\u00e9taill\u00e9e, alimente les interrogations sur les orientations \u00e0 venir au sein du secteur, notamment en mati\u00e8re de politique \u00e9nerg\u00e9tique et de gestion des ressources mini\u00e8res.<\/p>\n\n\n\n<p class=\"has-medium-font-size\"><strong>Lire aussi : <\/strong><a href=\"https:\/\/www.webdo.tn\/fr\/actualite\/national\/la-tunisie-vend-son-soleil-a-letranger-polemique-autour-des-contrats-energetiques\/396933\/#:~:text=La%20F%C3%A9d%C3%A9ration%20g%C3%A9n%C3%A9rale%20de%20l,secteur%20%C3%A0%20des%20acteurs%20ext%C3%A9rieurs.\">\u00ab\u00a0La Tunisie vend son soleil \u00e0 l\u2019\u00e9tranger\u00a0\u00bb : Pol\u00e9mique autour des contrats \u00e9nerg\u00e9tiques<\/a><br><\/p>\n\n\n\n<h2 class=\"wp-block-heading\" id=\"h-communication-minimaliste\">Communication minimaliste<\/h2>\n\n\n\n<p>Ce nouveau remaniement partiel s\u2019inscrit dans une s\u00e9rie de d\u00e9cisions pr\u00e9sidentielles caract\u00e9ris\u00e9es par leur caract\u00e8re abrupt et leur communication minimaliste, laissant place \u00e0 de nombreuses sp\u00e9culations sur les raisons et les implications de ces changements au sommet de l\u2019\u00c9tat.<\/p>\n","protected":false},"excerpt":{"rendered":"<p>Le pr\u00e9sident de la R\u00e9publique, Ka\u00efs Sa\u00efed, a d\u00e9cid\u00e9 d\u2019op\u00e9rer un changement inattendu \u00e0 la t\u00eate du minist\u00e8re de l\u2019Industrie, des Mines et de l\u2019\u00c9nergie. Dans un communiqu\u00e9 officiel, la pr\u00e9sidence a annonc\u00e9 l\u2019\u00e9viction de la ministre en fonction, sans toutefois en mentionner explicitement le nom. Selon le m\u00eame communiqu\u00e9, le chef de l\u2019\u00c9tat a [&hellip;]<\/p>\n","protected":false},"author":3184,"featured_media":396941,"comment_status":"closed","ping_status":"closed","sticky":false,"template":"","format":"standard","meta":{"footnotes":""},"categories":[13163,44],"tags":[5024,3887,2608],"class_list":["post-396940","post","type-post","status-publish","format-standard","has-post-thumbnail","hentry","category-epingle","category-national","tag-limogeage","tag-ministre","tag-tunisie"],"yoast_head":"<!-- This site is optimized with the Yoast SEO Premium plugin v27.4 (Yoast SEO v27.4) - https:\/\/yoast.com\/product\/yoast-seo-premium-wordpress\/ -->\n<title>Industrie et \u00e9nergie : Ka\u00efs Sa\u00efed \u00e9carte la ministre sans mentionner son nom - webdo<\/title>\n<meta name=\"description\" content=\"D\u00e9couvrez le changement minist\u00e9riel inattendu par Kais Saied dans le minist\u00e8re de l&#039;Industrie et des \u00c9nergies.\" \/>\n<link rel=\"canonical\" href=\"https:\/\/www.webdo.tn\/fr\/actualite\/national\/industrie-et-energie-kais-saied-ecarte-la-ministre-sans-mentionner-son-nom\/396940\/\" \/>\n<meta property=\"og:locale\" content=\"fr_FR\" \/>\n<meta property=\"og:type\" content=\"article\" \/>\n<meta property=\"og:title\" content=\"Industrie et \u00e9nergie : Ka\u00efs Sa\u00efed \u00e9carte la ministre sans mentionner son nom\" \/>\n<meta property=\"og:description\" content=\"D\u00e9couvrez le changement minist\u00e9riel inattendu par Kais Saied dans le minist\u00e8re de l&#039;Industrie et des \u00c9nergies.\" \/>\n<meta property=\"og:url\" content=\"https:\/\/www.webdo.tn\/fr\/actualite\/national\/industrie-et-energie-kais-saied-ecarte-la-ministre-sans-mentionner-son-nom\/396940\/\" \/>\n<meta property=\"og:site_name\" content=\"webdo\" \/>\n<meta property=\"article:publisher\" content=\"https:\/\/www.facebook.com\/webdotn\" \/>\n<meta property=\"article:published_time\" content=\"2026-04-28T06:12:54+00:00\" \/>\n<meta property=\"article:modified_time\" content=\"2026-04-28T06:12:56+00:00\" \/>\n<meta property=\"og:image\" content=\"https:\/\/www.webdo.tn\/fr\/wp-content\/uploads\/2026\/04\/fatma-thabet.jpg\" \/>\n\t<meta property=\"og:image:width\" content=\"1200\" \/>\n\t<meta property=\"og:image:height\" content=\"612\" \/>\n\t<meta property=\"og:image:type\" content=\"image\/jpeg\" \/>\n<meta name=\"author\" content=\"Wided Belhaj\" \/>\n<meta name=\"twitter:card\" content=\"summary_large_image\" \/>\n<meta name=\"twitter:creator\" content=\"@webdo_tn\" \/>\n<meta name=\"twitter:site\" content=\"@webdo_tn\" \/>\n<meta name=\"twitter:label1\" content=\"\u00c9crit par\" \/>\n\t<meta name=\"twitter:data1\" content=\"Wided Belhaj\" \/>\n\t<meta name=\"twitter:label2\" content=\"Dur\u00e9e de lecture estim\u00e9e\" \/>\n\t<meta name=\"twitter:data2\" content=\"2 minutes\" \/>\n<script type=\"application\/ld+json\" class=\"yoast-schema-graph\">{\"@context\":\"https:\\\/\\\/schema.org\",\"@graph\":[{\"@type\":\"NewsArticle\",\"@id\":\"https:\\\/\\\/www.webdo.tn\\\/fr\\\/actualite\\\/national\\\/industrie-et-energie-kais-saied-ecarte-la-ministre-sans-mentionner-son-nom\\\/396940\\\/#article\",\"isPartOf\":{\"@id\":\"https:\\\/\\\/www.webdo.tn\\\/fr\\\/actualite\\\/national\\\/industrie-et-energie-kais-saied-ecarte-la-ministre-sans-mentionner-son-nom\\\/396940\\\/\"},\"author\":{\"name\":\"Wided Belhaj\",\"@id\":\"https:\\\/\\\/www.webdo.tn\\\/fr\\\/#\\\/schema\\\/person\\\/b9ecde7a5574cb4fcf4b496ea5fadb15\"},\"headline\":\"Industrie et \u00e9nergie : Ka\u00efs Sa\u00efed \u00e9carte la ministre sans mentionner son nom\",\"datePublished\":\"2026-04-28T06:12:54+00:00\",\"dateModified\":\"2026-04-28T06:12:56+00:00\",\"mainEntityOfPage\":{\"@id\":\"https:\\\/\\\/www.webdo.tn\\\/fr\\\/actualite\\\/national\\\/industrie-et-energie-kais-saied-ecarte-la-ministre-sans-mentionner-son-nom\\\/396940\\\/\"},\"wordCount\":265,\"publisher\":{\"@id\":\"https:\\\/\\\/www.webdo.tn\\\/fr\\\/#organization\"},\"image\":{\"@id\":\"https:\\\/\\\/www.webdo.tn\\\/fr\\\/actualite\\\/national\\\/industrie-et-energie-kais-saied-ecarte-la-ministre-sans-mentionner-son-nom\\\/396940\\\/#primaryimage\"},\"thumbnailUrl\":\"https:\\\/\\\/www.webdo.tn\\\/fr\\\/wp-content\\\/uploads\\\/2026\\\/04\\\/fatma-thabet.jpg\",\"keywords\":[\"Limogeage\",\"ministre\",\"Tunisie\"],\"articleSection\":[\"\u00c9pingle\",\"National\"],\"inLanguage\":\"fr-FR\"},{\"@type\":\"WebPage\",\"@id\":\"https:\\\/\\\/www.webdo.tn\\\/fr\\\/actualite\\\/national\\\/industrie-et-energie-kais-saied-ecarte-la-ministre-sans-mentionner-son-nom\\\/396940\\\/\",\"url\":\"https:\\\/\\\/www.webdo.tn\\\/fr\\\/actualite\\\/national\\\/industrie-et-energie-kais-saied-ecarte-la-ministre-sans-mentionner-son-nom\\\/396940\\\/\",\"name\":\"Industrie et \u00e9nergie : Ka\u00efs Sa\u00efed \u00e9carte la ministre sans mentionner son nom - webdo\",\"isPartOf\":{\"@id\":\"https:\\\/\\\/www.webdo.tn\\\/fr\\\/#website\"},\"primaryImageOfPage\":{\"@id\":\"https:\\\/\\\/www.webdo.tn\\\/fr\\\/actualite\\\/national\\\/industrie-et-energie-kais-saied-ecarte-la-ministre-sans-mentionner-son-nom\\\/396940\\\/#primaryimage\"},\"image\":{\"@id\":\"https:\\\/\\\/www.webdo.tn\\\/fr\\\/actualite\\\/national\\\/industrie-et-energie-kais-saied-ecarte-la-ministre-sans-mentionner-son-nom\\\/396940\\\/#primaryimage\"},\"thumbnailUrl\":\"https:\\\/\\\/www.webdo.tn\\\/fr\\\/wp-content\\\/uploads\\\/2026\\\/04\\\/fatma-thabet.jpg\",\"datePublished\":\"2026-04-28T06:12:54+00:00\",\"dateModified\":\"2026-04-28T06:12:56+00:00\",\"description\":\"D\u00e9couvrez le changement minist\u00e9riel inattendu par Kais Saied dans le minist\u00e8re de l'Industrie et des \u00c9nergies.\",\"breadcrumb\":{\"@id\":\"https:\\\/\\\/www.webdo.tn\\\/fr\\\/actualite\\\/national\\\/industrie-et-energie-kais-saied-ecarte-la-ministre-sans-mentionner-son-nom\\\/396940\\\/#breadcrumb\"},\"inLanguage\":\"fr-FR\",\"potentialAction\":[{\"@type\":\"ReadAction\",\"target\":[\"https:\\\/\\\/www.webdo.tn\\\/fr\\\/actualite\\\/national\\\/industrie-et-energie-kais-saied-ecarte-la-ministre-sans-mentionner-son-nom\\\/396940\\\/\"]}]},{\"@type\":\"ImageObject\",\"inLanguage\":\"fr-FR\",\"@id\":\"https:\\\/\\\/www.webdo.tn\\\/fr\\\/actualite\\\/national\\\/industrie-et-energie-kais-saied-ecarte-la-ministre-sans-mentionner-son-nom\\\/396940\\\/#primaryimage\",\"url\":\"https:\\\/\\\/www.webdo.tn\\\/fr\\\/wp-content\\\/uploads\\\/2026\\\/04\\\/fatma-thabet.jpg\",\"contentUrl\":\"https:\\\/\\\/www.webdo.tn\\\/fr\\\/wp-content\\\/uploads\\\/2026\\\/04\\\/fatma-thabet.jpg\",\"width\":1200,\"height\":612,\"caption\":\"Fatma Thabet\"},{\"@type\":\"BreadcrumbList\",\"@id\":\"https:\\\/\\\/www.webdo.tn\\\/fr\\\/actualite\\\/national\\\/industrie-et-energie-kais-saied-ecarte-la-ministre-sans-mentionner-son-nom\\\/396940\\\/#breadcrumb\",\"itemListElement\":[{\"@type\":\"ListItem\",\"position\":1,\"name\":\"Accueil\",\"item\":\"https:\\\/\\\/www.webdo.tn\\\/fr\\\/\"},{\"@type\":\"ListItem\",\"position\":2,\"name\":\"Industrie et \u00e9nergie : Ka\u00efs Sa\u00efed \u00e9carte la ministre sans mentionner son nom\"}]},{\"@type\":\"WebSite\",\"@id\":\"https:\\\/\\\/www.webdo.tn\\\/fr\\\/#website\",\"url\":\"https:\\\/\\\/www.webdo.tn\\\/fr\\\/\",\"name\":\"webdo\",\"description\":\"Tunisie - News en Tunisie et \u00e0 l&#039;international sur Webdo.tn\",\"publisher\":{\"@id\":\"https:\\\/\\\/www.webdo.tn\\\/fr\\\/#organization\"},\"potentialAction\":[{\"@type\":\"SearchAction\",\"target\":{\"@type\":\"EntryPoint\",\"urlTemplate\":\"https:\\\/\\\/www.webdo.tn\\\/fr\\\/?s={search_term_string}\"},\"query-input\":{\"@type\":\"PropertyValueSpecification\",\"valueRequired\":true,\"valueName\":\"search_term_string\"}}],\"inLanguage\":\"fr-FR\"},{\"@type\":\"Organization\",\"@id\":\"https:\\\/\\\/www.webdo.tn\\\/fr\\\/#organization\",\"name\":\"Webdo\",\"alternateName\":\"Webdo.tn\",\"url\":\"https:\\\/\\\/www.webdo.tn\\\/fr\\\/\",\"logo\":{\"@type\":\"ImageObject\",\"inLanguage\":\"fr-FR\",\"@id\":\"https:\\\/\\\/www.webdo.tn\\\/fr\\\/#\\\/schema\\\/logo\\\/image\\\/\",\"url\":\"https:\\\/\\\/www.webdo.tn\\\/fr\\\/wp-content\\\/uploads\\\/2025\\\/06\\\/Webdo-Tunisie_168377.jpg\",\"contentUrl\":\"https:\\\/\\\/www.webdo.tn\\\/fr\\\/wp-content\\\/uploads\\\/2025\\\/06\\\/Webdo-Tunisie_168377.jpg\",\"width\":301,\"height\":301,\"caption\":\"Webdo\"},\"image\":{\"@id\":\"https:\\\/\\\/www.webdo.tn\\\/fr\\\/#\\\/schema\\\/logo\\\/image\\\/\"},\"sameAs\":[\"https:\\\/\\\/www.facebook.com\\\/webdotn\",\"https:\\\/\\\/x.com\\\/webdo_tn\"],\"description\":\"Webdo est un m\u00e9dia num\u00e9rique tunisien fond\u00e9 en 2010, sp\u00e9cialis\u00e9 dans l\u2019actualit\u00e9 nationale et internationale, l\u2019\u00e9conomie, la soci\u00e9t\u00e9 et les analyses politiques. Le site s\u2019adresse \u00e0 un large public francophone et couvre l\u2019information tunisienne en temps r\u00e9el.\",\"email\":\"redac@webdo.tn\",\"legalName\":\"YNJ SARL\",\"foundingDate\":\"2010-09-06\",\"numberOfEmployees\":{\"@type\":\"QuantitativeValue\",\"minValue\":\"11\",\"maxValue\":\"50\"}},{\"@type\":\"Person\",\"@id\":\"https:\\\/\\\/www.webdo.tn\\\/fr\\\/#\\\/schema\\\/person\\\/b9ecde7a5574cb4fcf4b496ea5fadb15\",\"name\":\"Wided Belhaj\",\"image\":{\"@type\":\"ImageObject\",\"inLanguage\":\"fr-FR\",\"@id\":\"https:\\\/\\\/www.webdo.tn\\\/fr\\\/wp-content\\\/uploads\\\/2026\\\/04\\\/wided-belhaj_avatar-96x96.jpg\",\"url\":\"https:\\\/\\\/www.webdo.tn\\\/fr\\\/wp-content\\\/uploads\\\/2026\\\/04\\\/wided-belhaj_avatar-96x96.jpg\",\"contentUrl\":\"https:\\\/\\\/www.webdo.tn\\\/fr\\\/wp-content\\\/uploads\\\/2026\\\/04\\\/wided-belhaj_avatar-96x96.jpg\",\"caption\":\"Wided Belhaj\"},\"description\":\"Wided Belhaj est le pseudonyme \u00e9ditorial utilis\u00e9 par Khalil Jelassi, journaliste, ma\u00eetre-assistant \u00e0 l\u2019Institut de presse et des sciences de l\u2019information (IPSI) et chercheur en sciences de l\u2019information et de la communication. Cette signature est d\u00e9di\u00e9e \u00e0 l\u2019analyse des m\u00e9dias, des pratiques journalistiques et des mutations de l\u2019information \u00e0 l\u2019\u00e8re digitale. \u00c0 travers ses contributions, Wided Belhaj propose une lecture analytique de l\u2019actualit\u00e9, en croisant regard critique et expertise acad\u00e9mique.\",\"knowsAbout\":[\"m\u00e9dias\",\"journalisme\",\"communication\",\"information\",\"transformation num\u00e9rique\",\"analyse des m\u00e9dias\"],\"knowsLanguage\":[\"Fran\u00e7ais\",\"Arabe\"],\"jobTitle\":\"Webdo.tn\",\"worksFor\":\"Journaliste \u2013 Analyse des m\u00e9dias\",\"url\":\"https:\\\/\\\/www.webdo.tn\\\/fr\\\/actualite\\\/author\\\/wided-belhaj\\\/\"}]}<\/script>\n<!-- \/ Yoast SEO Premium plugin. -->","yoast_head_json":{"title":"Industrie et \u00e9nergie : Ka\u00efs Sa\u00efed \u00e9carte la ministre sans mentionner son nom - webdo","description":"D\u00e9couvrez le changement minist\u00e9riel inattendu par Kais Saied dans le minist\u00e8re de l'Industrie et des \u00c9nergies.","canonical":"https:\/\/www.webdo.tn\/fr\/actualite\/national\/industrie-et-energie-kais-saied-ecarte-la-ministre-sans-mentionner-son-nom\/396940\/","og_locale":"fr_FR","og_type":"article","og_title":"Industrie et \u00e9nergie : Ka\u00efs Sa\u00efed \u00e9carte la ministre sans mentionner son nom","og_description":"D\u00e9couvrez le changement minist\u00e9riel inattendu par Kais Saied dans le minist\u00e8re de l'Industrie et des \u00c9nergies.","og_url":"https:\/\/www.webdo.tn\/fr\/actualite\/national\/industrie-et-energie-kais-saied-ecarte-la-ministre-sans-mentionner-son-nom\/396940\/","og_site_name":"webdo","article_publisher":"https:\/\/www.facebook.com\/webdotn","article_published_time":"2026-04-28T06:12:54+00:00","article_modified_time":"2026-04-28T06:12:56+00:00","og_image":[{"width":1200,"height":612,"url":"https:\/\/www.webdo.tn\/fr\/wp-content\/uploads\/2026\/04\/fatma-thabet.jpg","type":"image\/jpeg"}],"author":"Wided Belhaj","twitter_card":"summary_large_image","twitter_creator":"@webdo_tn","twitter_site":"@webdo_tn","twitter_misc":{"\u00c9crit par":"Wided Belhaj","Dur\u00e9e de lecture estim\u00e9e":"2 minutes"},"schema":{"@context":"https:\/\/schema.org","@graph":[{"@type":"NewsArticle","@id":"https:\/\/www.webdo.tn\/fr\/actualite\/national\/industrie-et-energie-kais-saied-ecarte-la-ministre-sans-mentionner-son-nom\/396940\/#article","isPartOf":{"@id":"https:\/\/www.webdo.tn\/fr\/actualite\/national\/industrie-et-energie-kais-saied-ecarte-la-ministre-sans-mentionner-son-nom\/396940\/"},"author":{"name":"Wided Belhaj","@id":"https:\/\/www.webdo.tn\/fr\/#\/schema\/person\/b9ecde7a5574cb4fcf4b496ea5fadb15"},"headline":"Industrie et \u00e9nergie : Ka\u00efs Sa\u00efed \u00e9carte la ministre sans mentionner son nom","datePublished":"2026-04-28T06:12:54+00:00","dateModified":"2026-04-28T06:12:56+00:00","mainEntityOfPage":{"@id":"https:\/\/www.webdo.tn\/fr\/actualite\/national\/industrie-et-energie-kais-saied-ecarte-la-ministre-sans-mentionner-son-nom\/396940\/"},"wordCount":265,"publisher":{"@id":"https:\/\/www.webdo.tn\/fr\/#organization"},"image":{"@id":"https:\/\/www.webdo.tn\/fr\/actualite\/national\/industrie-et-energie-kais-saied-ecarte-la-ministre-sans-mentionner-son-nom\/396940\/#primaryimage"},"thumbnailUrl":"https:\/\/www.webdo.tn\/fr\/wp-content\/uploads\/2026\/04\/fatma-thabet.jpg","keywords":["Limogeage","ministre","Tunisie"],"articleSection":["\u00c9pingle","National"],"inLanguage":"fr-FR"},{"@type":"WebPage","@id":"https:\/\/www.webdo.tn\/fr\/actualite\/national\/industrie-et-energie-kais-saied-ecarte-la-ministre-sans-mentionner-son-nom\/396940\/","url":"https:\/\/www.webdo.tn\/fr\/actualite\/national\/industrie-et-energie-kais-saied-ecarte-la-ministre-sans-mentionner-son-nom\/396940\/","name":"Industrie et \u00e9nergie : Ka\u00efs Sa\u00efed \u00e9carte la ministre sans mentionner son nom - webdo","isPartOf":{"@id":"https:\/\/www.webdo.tn\/fr\/#website"},"primaryImageOfPage":{"@id":"https:\/\/www.webdo.tn\/fr\/actualite\/national\/industrie-et-energie-kais-saied-ecarte-la-ministre-sans-mentionner-son-nom\/396940\/#primaryimage"},"image":{"@id":"https:\/\/www.webdo.tn\/fr\/actualite\/national\/industrie-et-energie-kais-saied-ecarte-la-ministre-sans-mentionner-son-nom\/396940\/#primaryimage"},"thumbnailUrl":"https:\/\/www.webdo.tn\/fr\/wp-content\/uploads\/2026\/04\/fatma-thabet.jpg","datePublished":"2026-04-28T06:12:54+00:00","dateModified":"2026-04-28T06:12:56+00:00","description":"D\u00e9couvrez le changement minist\u00e9riel inattendu par Kais Saied dans le minist\u00e8re de l'Industrie et des \u00c9nergies.","breadcrumb":{"@id":"https:\/\/www.webdo.tn\/fr\/actualite\/national\/industrie-et-energie-kais-saied-ecarte-la-ministre-sans-mentionner-son-nom\/396940\/#breadcrumb"},"inLanguage":"fr-FR","potentialAction":[{"@type":"ReadAction","target":["https:\/\/www.webdo.tn\/fr\/actualite\/national\/industrie-et-energie-kais-saied-ecarte-la-ministre-sans-mentionner-son-nom\/396940\/"]}]},{"@type":"ImageObject","inLanguage":"fr-FR","@id":"https:\/\/www.webdo.tn\/fr\/actualite\/national\/industrie-et-energie-kais-saied-ecarte-la-ministre-sans-mentionner-son-nom\/396940\/#primaryimage","url":"https:\/\/www.webdo.tn\/fr\/wp-content\/uploads\/2026\/04\/fatma-thabet.jpg","contentUrl":"https:\/\/www.webdo.tn\/fr\/wp-content\/uploads\/2026\/04\/fatma-thabet.jpg","width":1200,"height":612,"caption":"Fatma Thabet"},{"@type":"BreadcrumbList","@id":"https:\/\/www.webdo.tn\/fr\/actualite\/national\/industrie-et-energie-kais-saied-ecarte-la-ministre-sans-mentionner-son-nom\/396940\/#breadcrumb","itemListElement":[{"@type":"ListItem","position":1,"name":"Accueil","item":"https:\/\/www.webdo.tn\/fr\/"},{"@type":"ListItem","position":2,"name":"Industrie et \u00e9nergie : Ka\u00efs Sa\u00efed \u00e9carte la ministre sans mentionner son nom"}]},{"@type":"WebSite","@id":"https:\/\/www.webdo.tn\/fr\/#website","url":"https:\/\/www.webdo.tn\/fr\/","name":"webdo","description":"Tunisie - News en Tunisie et \u00e0 l&#039;international sur Webdo.tn","publisher":{"@id":"https:\/\/www.webdo.tn\/fr\/#organization"},"potentialAction":[{"@type":"SearchAction","target":{"@type":"EntryPoint","urlTemplate":"https:\/\/www.webdo.tn\/fr\/?s={search_term_string}"},"query-input":{"@type":"PropertyValueSpecification","valueRequired":true,"valueName":"search_term_string"}}],"inLanguage":"fr-FR"},{"@type":"Organization","@id":"https:\/\/www.webdo.tn\/fr\/#organization","name":"Webdo","alternateName":"Webdo.tn","url":"https:\/\/www.webdo.tn\/fr\/","logo":{"@type":"ImageObject","inLanguage":"fr-FR","@id":"https:\/\/www.webdo.tn\/fr\/#\/schema\/logo\/image\/","url":"https:\/\/www.webdo.tn\/fr\/wp-content\/uploads\/2025\/06\/Webdo-Tunisie_168377.jpg","contentUrl":"https:\/\/www.webdo.tn\/fr\/wp-content\/uploads\/2025\/06\/Webdo-Tunisie_168377.jpg","width":301,"height":301,"caption":"Webdo"},"image":{"@id":"https:\/\/www.webdo.tn\/fr\/#\/schema\/logo\/image\/"},"sameAs":["https:\/\/www.facebook.com\/webdotn","https:\/\/x.com\/webdo_tn"],"description":"Webdo est un m\u00e9dia num\u00e9rique tunisien fond\u00e9 en 2010, sp\u00e9cialis\u00e9 dans l\u2019actualit\u00e9 nationale et internationale, l\u2019\u00e9conomie, la soci\u00e9t\u00e9 et les analyses politiques. Le site s\u2019adresse \u00e0 un large public francophone et couvre l\u2019information tunisienne en temps r\u00e9el.","email":"redac@webdo.tn","legalName":"YNJ SARL","foundingDate":"2010-09-06","numberOfEmployees":{"@type":"QuantitativeValue","minValue":"11","maxValue":"50"}},{"@type":"Person","@id":"https:\/\/www.webdo.tn\/fr\/#\/schema\/person\/b9ecde7a5574cb4fcf4b496ea5fadb15","name":"Wided Belhaj","image":{"@type":"ImageObject","inLanguage":"fr-FR","@id":"https:\/\/www.webdo.tn\/fr\/wp-content\/uploads\/2026\/04\/wided-belhaj_avatar-96x96.jpg","url":"https:\/\/www.webdo.tn\/fr\/wp-content\/uploads\/2026\/04\/wided-belhaj_avatar-96x96.jpg","contentUrl":"https:\/\/www.webdo.tn\/fr\/wp-content\/uploads\/2026\/04\/wided-belhaj_avatar-96x96.jpg","caption":"Wided Belhaj"},"description":"Wided Belhaj est le pseudonyme \u00e9ditorial utilis\u00e9 par Khalil Jelassi, journaliste, ma\u00eetre-assistant \u00e0 l\u2019Institut de presse et des sciences de l\u2019information (IPSI) et chercheur en sciences de l\u2019information et de la communication. Cette signature est d\u00e9di\u00e9e \u00e0 l\u2019analyse des m\u00e9dias, des pratiques journalistiques et des mutations de l\u2019information \u00e0 l\u2019\u00e8re digitale. \u00c0 travers ses contributions, Wided Belhaj propose une lecture analytique de l\u2019actualit\u00e9, en croisant regard critique et expertise acad\u00e9mique.","knowsAbout":["m\u00e9dias","journalisme","communication","information","transformation num\u00e9rique","analyse des m\u00e9dias"],"knowsLanguage":["Fran\u00e7ais","Arabe"],"jobTitle":"Webdo.tn","worksFor":"Journaliste \u2013 Analyse des m\u00e9dias","url":"https:\/\/www.webdo.tn\/fr\/actualite\/author\/wided-belhaj\/"}]}},"_links":{"self":[{"href":"https:\/\/www.webdo.tn\/fr\/wp-json\/wp\/v2\/posts\/396940","targetHints":{"allow":["GET"]}}],"collection":[{"href":"https:\/\/www.webdo.tn\/fr\/wp-json\/wp\/v2\/posts"}],"about":[{"href":"https:\/\/www.webdo.tn\/fr\/wp-json\/wp\/v2\/types\/post"}],"author":[{"embeddable":true,"href":"https:\/\/www.webdo.tn\/fr\/wp-json\/wp\/v2\/users\/3184"}],"replies":[{"embeddable":true,"href":"https:\/\/www.webdo.tn\/fr\/wp-json\/wp\/v2\/comments?post=396940"}],"version-history":[{"count":1,"href":"https:\/\/www.webdo.tn\/fr\/wp-json\/wp\/v2\/posts\/396940\/revisions"}],"predecessor-version":[{"id":396942,"href":"https:\/\/www.webdo.tn\/fr\/wp-json\/wp\/v2\/posts\/396940\/revisions\/396942"}],"wp:featuredmedia":[{"embeddable":true,"href":"https:\/\/www.webdo.tn\/fr\/wp-json\/wp\/v2\/media\/396941"}],"wp:attachment":[{"href":"https:\/\/www.webdo.tn\/fr\/wp-json\/wp\/v2\/media?parent=396940"}],"wp:term":[{"taxonomy":"category","embeddable":true,"href":"https:\/\/www.webdo.tn\/fr\/wp-json\/wp\/v2\/categories?post=396940"},{"taxonomy":"post_tag","embeddable":true,"href":"https:\/\/www.webdo.tn\/fr\/wp-json\/wp\/v2\/tags?post=396940"}],"curies":[{"name":"wp","href":"https:\/\/api.w.org\/{rel}","templated":true}]}}