{"id":396935,"date":"2026-04-27T19:45:36","date_gmt":"2026-04-27T18:45:36","guid":{"rendered":"https:\/\/www.webdo.tn\/fr\/?p=396935"},"modified":"2026-04-27T19:45:37","modified_gmt":"2026-04-27T18:45:37","slug":"la-marsa-mordu-il-capture-le-serpent-et-file-a-lhopital-avec-lui","status":"publish","type":"post","link":"https:\/\/www.webdo.tn\/fr\/actualite\/divers\/la-marsa-mordu-il-capture-le-serpent-et-file-a-lhopital-avec-lui\/396935\/","title":{"rendered":"La Marsa : Mordu &#8230; il capture le serpent et file \u00e0 l\u2019h\u00f4pital avec lui !"},"content":{"rendered":"\n<p><strong>Un adolescent de 16 ans a transform\u00e9 une urgence m\u00e9dicale en sc\u00e8ne pour le moins insolite mais dangereuse, ce week-end, \u00e0 l\u2019h\u00f4pital Mongi Slim de La Marsa.<\/strong><\/p>\n\n\n\n<p>Selon des informations rapport\u00e9es par Webdo, le jeune aurait \u00e9t\u00e9 mordu par un serpent avant de r\u00e9ussir \u00e0 capturer l\u2019animal, qu\u2019il aurait ensuite enferm\u00e9 dans une bouteille. Dans un r\u00e9flexe aussi inattendu que risqu\u00e9, il se serait pr\u00e9sent\u00e9 aux urgences avec le reptile encore vivant, d\u00e9clenchant un moment de surprise g\u00e9n\u00e9rale au sein du service.<\/p>\n\n\n\n<h2 class=\"wp-block-heading\" id=\"h-premiers-soins\">Premiers soins <\/h2>\n\n\n\n<p>La sc\u00e8ne a bri\u00e8vement perturb\u00e9 l\u2019atmosph\u00e8re habituelle des urgences de l\u2019\u00e9tablissement H\u00f4pital Mongi Slim de La Marsa. Patients et personnel m\u00e9dical auraient \u00e9t\u00e9 surpris par cet invit\u00e9 inhabituel, m\u00ealant blessure et animal captur\u00e9.<\/p>\n\n\n\n<p>Le jeune patient a imm\u00e9diatement \u00e9t\u00e9 pris en charge par les urgentistes, qui lui ont administr\u00e9 les premiers soins avant de l\u2019orienter vers le Centre d&rsquo;assistance m\u00e9dicale urgente de Tunis &#8211; CAMU. Les circonstances exactes de la morsure et l\u2019esp\u00e8ce du serpent n\u2019ont pas \u00e9t\u00e9 pr\u00e9cis\u00e9es.<\/p>\n\n\n\n<h2 class=\"wp-block-heading\" id=\"h-ce-que-l-on-doit-faire\">Ce que l\u2019on doit faire<\/h2>\n\n\n\n<p>Face \u00e0 une morsure de serpent, les gestes rapides et adapt\u00e9s peuvent faire la diff\u00e9rence. Il est d\u2019abord recommand\u00e9 de garder son calme et de limiter les mouvements. L\u2019agitation acc\u00e9l\u00e8re la circulation du venin dans le corps. Le membre touch\u00e9 doit \u00eatre immobilis\u00e9, sans garrot ni incision, pratiques aujourd\u2019hui d\u00e9conseill\u00e9es.<\/p>\n\n\n\n<p class=\"has-medium-font-size\"><strong>Lire aussi : <\/strong><a href=\"https:\/\/www.webdo.tn\/fr\/actualite\/divers\/piqure-de-scorpion-et-morsure-de-serpent-ce-qu-il-faut-faire\/206724\/\">Piqure de scorpion et morsure de serpent : Ce qu\u2019il faut faire<\/a><br><\/p>\n\n\n\n<p>Il est \u00e9galement important de ne pas tenter d\u2019aspirer le venin, de ne pas appliquer de glace, ni de consommer d\u2019alcool ou de m\u00e9dicaments non prescrits. Ces gestes peuvent aggraver la situation.<\/p>\n\n\n\n<h2 class=\"wp-block-heading\" id=\"h-une-urgence-absolue\">Une urgence absolue <\/h2>\n\n\n\n<p>La priorit\u00e9 est d\u2019alerter les secours et de se rendre rapidement dans une structure hospitali\u00e8re. Si possible, retenir des \u00e9l\u00e9ments d\u2019identification du serpent (couleur, taille, forme) peut aider les \u00e9quipes m\u00e9dicales \u00e0 adapter le traitement, sans le ramener \u00e0 l&rsquo;h\u00f4pital bien sur. <\/p>\n\n\n\n<p>Enfin, m\u00eame si la situation peut para\u00eetre ma\u00eetris\u00e9e sur le moment, toute morsure de serpent doit \u00eatre consid\u00e9r\u00e9e comme une urgence m\u00e9dicale et trait\u00e9e sans d\u00e9lai.<\/p>\n\n\n\n<p><\/p>\n","protected":false},"excerpt":{"rendered":"<p>Un adolescent de 16 ans a transform\u00e9 une urgence m\u00e9dicale en sc\u00e8ne pour le moins insolite mais dangereuse, ce week-end, \u00e0 l\u2019h\u00f4pital Mongi Slim de La Marsa. Selon des informations rapport\u00e9es par Webdo, le jeune aurait \u00e9t\u00e9 mordu par un serpent avant de r\u00e9ussir \u00e0 capturer l\u2019animal, qu\u2019il aurait ensuite enferm\u00e9 dans une bouteille. Dans [&hellip;]<\/p>\n","protected":false},"author":3204,"featured_media":396936,"comment_status":"closed","ping_status":"closed","sticky":false,"template":"","format":"standard","meta":{"footnotes":""},"categories":[2839,13163],"tags":[2858,8283,2608],"class_list":["post-396935","post","type-post","status-publish","format-standard","has-post-thumbnail","hentry","category-divers","category-epingle","tag-hopital","tag-serpent","tag-tunisie"],"yoast_head":"<!-- This site is optimized with the Yoast SEO Premium plugin v27.4 (Yoast SEO v27.4) - https:\/\/yoast.com\/product\/yoast-seo-premium-wordpress\/ -->\n<title>La Marsa : Mordu ... il capture le serpent et file \u00e0 l\u2019h\u00f4pital avec lui ! - webdo<\/title>\n<meta name=\"description\" content=\"D\u00e9couvrez l&#039;incroyable histoire d&#039;un adolescent qui a captur\u00e9 un serpent apr\u00e8s une morsure et l&#039;a amen\u00e9 aux urgences.\" \/>\n<link rel=\"canonical\" href=\"https:\/\/www.webdo.tn\/fr\/actualite\/divers\/la-marsa-mordu-il-capture-le-serpent-et-file-a-lhopital-avec-lui\/396935\/\" \/>\n<meta property=\"og:locale\" content=\"fr_FR\" \/>\n<meta property=\"og:type\" content=\"article\" \/>\n<meta property=\"og:title\" content=\"La Marsa : Mordu ... il capture le serpent et file \u00e0 l\u2019h\u00f4pital avec lui !\" \/>\n<meta property=\"og:description\" content=\"D\u00e9couvrez l&#039;incroyable histoire d&#039;un adolescent qui a captur\u00e9 un serpent apr\u00e8s une morsure et l&#039;a amen\u00e9 aux urgences.\" \/>\n<meta property=\"og:url\" content=\"https:\/\/www.webdo.tn\/fr\/actualite\/divers\/la-marsa-mordu-il-capture-le-serpent-et-file-a-lhopital-avec-lui\/396935\/\" \/>\n<meta property=\"og:site_name\" content=\"webdo\" \/>\n<meta property=\"article:publisher\" content=\"https:\/\/www.facebook.com\/webdotn\" \/>\n<meta property=\"article:author\" content=\"https:\/\/www.facebook.com\/khalil.jelassi.7\" \/>\n<meta property=\"article:published_time\" content=\"2026-04-27T18:45:36+00:00\" \/>\n<meta property=\"article:modified_time\" content=\"2026-04-27T18:45:37+00:00\" \/>\n<meta property=\"og:image\" content=\"https:\/\/www.webdo.tn\/fr\/wp-content\/uploads\/2026\/04\/serpent.jpg\" \/>\n\t<meta property=\"og:image:width\" content=\"1200\" \/>\n\t<meta property=\"og:image:height\" content=\"600\" \/>\n\t<meta property=\"og:image:type\" content=\"image\/jpeg\" \/>\n<meta name=\"author\" content=\"Khalil JELASSI\" \/>\n<meta name=\"twitter:card\" content=\"summary_large_image\" \/>\n<meta name=\"twitter:creator\" content=\"@webdo_tn\" \/>\n<meta name=\"twitter:site\" content=\"@webdo_tn\" \/>\n<meta name=\"twitter:label1\" content=\"\u00c9crit par\" \/>\n\t<meta name=\"twitter:data1\" content=\"Khalil JELASSI\" \/>\n\t<meta name=\"twitter:label2\" content=\"Dur\u00e9e de lecture estim\u00e9e\" \/>\n\t<meta name=\"twitter:data2\" content=\"2 minutes\" \/>\n<script type=\"application\/ld+json\" class=\"yoast-schema-graph\">{\"@context\":\"https:\\\/\\\/schema.org\",\"@graph\":[{\"@type\":\"NewsArticle\",\"@id\":\"https:\\\/\\\/www.webdo.tn\\\/fr\\\/actualite\\\/divers\\\/la-marsa-mordu-il-capture-le-serpent-et-file-a-lhopital-avec-lui\\\/396935\\\/#article\",\"isPartOf\":{\"@id\":\"https:\\\/\\\/www.webdo.tn\\\/fr\\\/actualite\\\/divers\\\/la-marsa-mordu-il-capture-le-serpent-et-file-a-lhopital-avec-lui\\\/396935\\\/\"},\"author\":{\"name\":\"Khalil JELASSI\",\"@id\":\"https:\\\/\\\/www.webdo.tn\\\/fr\\\/#\\\/schema\\\/person\\\/5fb2f8f3d4ef4fd1d129927fd4b020ff\"},\"headline\":\"La Marsa : Mordu &#8230; il capture le serpent et file \u00e0 l\u2019h\u00f4pital avec lui !\",\"datePublished\":\"2026-04-27T18:45:36+00:00\",\"dateModified\":\"2026-04-27T18:45:37+00:00\",\"mainEntityOfPage\":{\"@id\":\"https:\\\/\\\/www.webdo.tn\\\/fr\\\/actualite\\\/divers\\\/la-marsa-mordu-il-capture-le-serpent-et-file-a-lhopital-avec-lui\\\/396935\\\/\"},\"wordCount\":402,\"publisher\":{\"@id\":\"https:\\\/\\\/www.webdo.tn\\\/fr\\\/#organization\"},\"image\":{\"@id\":\"https:\\\/\\\/www.webdo.tn\\\/fr\\\/actualite\\\/divers\\\/la-marsa-mordu-il-capture-le-serpent-et-file-a-lhopital-avec-lui\\\/396935\\\/#primaryimage\"},\"thumbnailUrl\":\"https:\\\/\\\/www.webdo.tn\\\/fr\\\/wp-content\\\/uploads\\\/2026\\\/04\\\/serpent.jpg\",\"keywords\":[\"H\u00f4pital\",\"Serpent\",\"Tunisie\"],\"articleSection\":[\"Divers\",\"\u00c9pingle\"],\"inLanguage\":\"fr-FR\"},{\"@type\":\"WebPage\",\"@id\":\"https:\\\/\\\/www.webdo.tn\\\/fr\\\/actualite\\\/divers\\\/la-marsa-mordu-il-capture-le-serpent-et-file-a-lhopital-avec-lui\\\/396935\\\/\",\"url\":\"https:\\\/\\\/www.webdo.tn\\\/fr\\\/actualite\\\/divers\\\/la-marsa-mordu-il-capture-le-serpent-et-file-a-lhopital-avec-lui\\\/396935\\\/\",\"name\":\"La Marsa : Mordu ... il capture le serpent et file \u00e0 l\u2019h\u00f4pital avec lui ! - webdo\",\"isPartOf\":{\"@id\":\"https:\\\/\\\/www.webdo.tn\\\/fr\\\/#website\"},\"primaryImageOfPage\":{\"@id\":\"https:\\\/\\\/www.webdo.tn\\\/fr\\\/actualite\\\/divers\\\/la-marsa-mordu-il-capture-le-serpent-et-file-a-lhopital-avec-lui\\\/396935\\\/#primaryimage\"},\"image\":{\"@id\":\"https:\\\/\\\/www.webdo.tn\\\/fr\\\/actualite\\\/divers\\\/la-marsa-mordu-il-capture-le-serpent-et-file-a-lhopital-avec-lui\\\/396935\\\/#primaryimage\"},\"thumbnailUrl\":\"https:\\\/\\\/www.webdo.tn\\\/fr\\\/wp-content\\\/uploads\\\/2026\\\/04\\\/serpent.jpg\",\"datePublished\":\"2026-04-27T18:45:36+00:00\",\"dateModified\":\"2026-04-27T18:45:37+00:00\",\"description\":\"D\u00e9couvrez l'incroyable histoire d'un adolescent qui a captur\u00e9 un serpent apr\u00e8s une morsure et l'a amen\u00e9 aux urgences.\",\"breadcrumb\":{\"@id\":\"https:\\\/\\\/www.webdo.tn\\\/fr\\\/actualite\\\/divers\\\/la-marsa-mordu-il-capture-le-serpent-et-file-a-lhopital-avec-lui\\\/396935\\\/#breadcrumb\"},\"inLanguage\":\"fr-FR\",\"potentialAction\":[{\"@type\":\"ReadAction\",\"target\":[\"https:\\\/\\\/www.webdo.tn\\\/fr\\\/actualite\\\/divers\\\/la-marsa-mordu-il-capture-le-serpent-et-file-a-lhopital-avec-lui\\\/396935\\\/\"]}]},{\"@type\":\"ImageObject\",\"inLanguage\":\"fr-FR\",\"@id\":\"https:\\\/\\\/www.webdo.tn\\\/fr\\\/actualite\\\/divers\\\/la-marsa-mordu-il-capture-le-serpent-et-file-a-lhopital-avec-lui\\\/396935\\\/#primaryimage\",\"url\":\"https:\\\/\\\/www.webdo.tn\\\/fr\\\/wp-content\\\/uploads\\\/2026\\\/04\\\/serpent.jpg\",\"contentUrl\":\"https:\\\/\\\/www.webdo.tn\\\/fr\\\/wp-content\\\/uploads\\\/2026\\\/04\\\/serpent.jpg\",\"width\":1200,\"height\":600,\"caption\":\"Serpent\"},{\"@type\":\"BreadcrumbList\",\"@id\":\"https:\\\/\\\/www.webdo.tn\\\/fr\\\/actualite\\\/divers\\\/la-marsa-mordu-il-capture-le-serpent-et-file-a-lhopital-avec-lui\\\/396935\\\/#breadcrumb\",\"itemListElement\":[{\"@type\":\"ListItem\",\"position\":1,\"name\":\"Accueil\",\"item\":\"https:\\\/\\\/www.webdo.tn\\\/fr\\\/\"},{\"@type\":\"ListItem\",\"position\":2,\"name\":\"La Marsa : Mordu &#8230; il capture le serpent et file \u00e0 l\u2019h\u00f4pital avec lui !\"}]},{\"@type\":\"WebSite\",\"@id\":\"https:\\\/\\\/www.webdo.tn\\\/fr\\\/#website\",\"url\":\"https:\\\/\\\/www.webdo.tn\\\/fr\\\/\",\"name\":\"webdo\",\"description\":\"Tunisie - News en Tunisie et \u00e0 l&#039;international sur Webdo.tn\",\"publisher\":{\"@id\":\"https:\\\/\\\/www.webdo.tn\\\/fr\\\/#organization\"},\"potentialAction\":[{\"@type\":\"SearchAction\",\"target\":{\"@type\":\"EntryPoint\",\"urlTemplate\":\"https:\\\/\\\/www.webdo.tn\\\/fr\\\/?s={search_term_string}\"},\"query-input\":{\"@type\":\"PropertyValueSpecification\",\"valueRequired\":true,\"valueName\":\"search_term_string\"}}],\"inLanguage\":\"fr-FR\"},{\"@type\":\"Organization\",\"@id\":\"https:\\\/\\\/www.webdo.tn\\\/fr\\\/#organization\",\"name\":\"Webdo\",\"alternateName\":\"Webdo.tn\",\"url\":\"https:\\\/\\\/www.webdo.tn\\\/fr\\\/\",\"logo\":{\"@type\":\"ImageObject\",\"inLanguage\":\"fr-FR\",\"@id\":\"https:\\\/\\\/www.webdo.tn\\\/fr\\\/#\\\/schema\\\/logo\\\/image\\\/\",\"url\":\"https:\\\/\\\/www.webdo.tn\\\/fr\\\/wp-content\\\/uploads\\\/2025\\\/06\\\/Webdo-Tunisie_168377.jpg\",\"contentUrl\":\"https:\\\/\\\/www.webdo.tn\\\/fr\\\/wp-content\\\/uploads\\\/2025\\\/06\\\/Webdo-Tunisie_168377.jpg\",\"width\":301,\"height\":301,\"caption\":\"Webdo\"},\"image\":{\"@id\":\"https:\\\/\\\/www.webdo.tn\\\/fr\\\/#\\\/schema\\\/logo\\\/image\\\/\"},\"sameAs\":[\"https:\\\/\\\/www.facebook.com\\\/webdotn\",\"https:\\\/\\\/x.com\\\/webdo_tn\"],\"description\":\"Webdo est un m\u00e9dia num\u00e9rique tunisien fond\u00e9 en 2010, sp\u00e9cialis\u00e9 dans l\u2019actualit\u00e9 nationale et internationale, l\u2019\u00e9conomie, la soci\u00e9t\u00e9 et les analyses politiques. Le site s\u2019adresse \u00e0 un large public francophone et couvre l\u2019information tunisienne en temps r\u00e9el.\",\"email\":\"redac@webdo.tn\",\"legalName\":\"YNJ SARL\",\"foundingDate\":\"2010-09-06\",\"numberOfEmployees\":{\"@type\":\"QuantitativeValue\",\"minValue\":\"11\",\"maxValue\":\"50\"}},{\"@type\":\"Person\",\"@id\":\"https:\\\/\\\/www.webdo.tn\\\/fr\\\/#\\\/schema\\\/person\\\/5fb2f8f3d4ef4fd1d129927fd4b020ff\",\"name\":\"Khalil JELASSI\",\"image\":{\"@type\":\"ImageObject\",\"inLanguage\":\"fr-FR\",\"@id\":\"https:\\\/\\\/www.webdo.tn\\\/fr\\\/wp-content\\\/uploads\\\/2026\\\/04\\\/khalil-jelassi_avatar-96x96.jpg\",\"url\":\"https:\\\/\\\/www.webdo.tn\\\/fr\\\/wp-content\\\/uploads\\\/2026\\\/04\\\/khalil-jelassi_avatar-96x96.jpg\",\"contentUrl\":\"https:\\\/\\\/www.webdo.tn\\\/fr\\\/wp-content\\\/uploads\\\/2026\\\/04\\\/khalil-jelassi_avatar-96x96.jpg\",\"caption\":\"Khalil JELASSI\"},\"description\":\"Khalil Jelassi est journaliste, ma\u00eetre-assistant \u00e0 l\u2019Institut de presse et des sciences de l\u2019information (IPSI) et chercheur en sciences de l\u2019information et de la communication. Sp\u00e9cialiste des m\u00e9dias, des pratiques journalistiques et des mutations de l\u2019information, il s\u2019int\u00e9resse particuli\u00e8rement aux transformations du paysage m\u00e9diatique, aux enjeux num\u00e9riques et aux dynamiques de production de l\u2019information. \u00c0 travers ses contributions, il propose une lecture analytique de l\u2019actualit\u00e9, en croisant approche acad\u00e9mique et exp\u00e9rience journalistique. \ud83d\udd17 Facebook : https:\\\/\\\/www.facebook.com\\\/khalil.jelassi.7\",\"sameAs\":[\"https:\\\/\\\/www.facebook.com\\\/khalil.jelassi.7\"],\"knowsAbout\":[\"journalisme\",\"m\u00e9dias\",\"communication\",\"sciences de l'information\",\"transformation num\u00e9rique\",\"analyse des m\u00e9dias\"],\"knowsLanguage\":[\"Fran\u00e7ais\",\"Arabe\",\"Anglais\"],\"jobTitle\":\"Ma\u00eetre-assistant et journaliste\",\"worksFor\":\"IPSI \u2013 Institut de presse et des sciences de l'information\",\"url\":\"https:\\\/\\\/www.webdo.tn\\\/fr\\\/actualite\\\/author\\\/khalil-jelassi\\\/\"}]}<\/script>\n<!-- \/ Yoast SEO Premium plugin. -->","yoast_head_json":{"title":"La Marsa : Mordu ... il capture le serpent et file \u00e0 l\u2019h\u00f4pital avec lui ! - webdo","description":"D\u00e9couvrez l'incroyable histoire d'un adolescent qui a captur\u00e9 un serpent apr\u00e8s une morsure et l'a amen\u00e9 aux urgences.","canonical":"https:\/\/www.webdo.tn\/fr\/actualite\/divers\/la-marsa-mordu-il-capture-le-serpent-et-file-a-lhopital-avec-lui\/396935\/","og_locale":"fr_FR","og_type":"article","og_title":"La Marsa : Mordu ... il capture le serpent et file \u00e0 l\u2019h\u00f4pital avec lui !","og_description":"D\u00e9couvrez l'incroyable histoire d'un adolescent qui a captur\u00e9 un serpent apr\u00e8s une morsure et l'a amen\u00e9 aux urgences.","og_url":"https:\/\/www.webdo.tn\/fr\/actualite\/divers\/la-marsa-mordu-il-capture-le-serpent-et-file-a-lhopital-avec-lui\/396935\/","og_site_name":"webdo","article_publisher":"https:\/\/www.facebook.com\/webdotn","article_author":"https:\/\/www.facebook.com\/khalil.jelassi.7","article_published_time":"2026-04-27T18:45:36+00:00","article_modified_time":"2026-04-27T18:45:37+00:00","og_image":[{"width":1200,"height":600,"url":"https:\/\/www.webdo.tn\/fr\/wp-content\/uploads\/2026\/04\/serpent.jpg","type":"image\/jpeg"}],"author":"Khalil JELASSI","twitter_card":"summary_large_image","twitter_creator":"@webdo_tn","twitter_site":"@webdo_tn","twitter_misc":{"\u00c9crit par":"Khalil JELASSI","Dur\u00e9e de lecture estim\u00e9e":"2 minutes"},"schema":{"@context":"https:\/\/schema.org","@graph":[{"@type":"NewsArticle","@id":"https:\/\/www.webdo.tn\/fr\/actualite\/divers\/la-marsa-mordu-il-capture-le-serpent-et-file-a-lhopital-avec-lui\/396935\/#article","isPartOf":{"@id":"https:\/\/www.webdo.tn\/fr\/actualite\/divers\/la-marsa-mordu-il-capture-le-serpent-et-file-a-lhopital-avec-lui\/396935\/"},"author":{"name":"Khalil JELASSI","@id":"https:\/\/www.webdo.tn\/fr\/#\/schema\/person\/5fb2f8f3d4ef4fd1d129927fd4b020ff"},"headline":"La Marsa : Mordu &#8230; il capture le serpent et file \u00e0 l\u2019h\u00f4pital avec lui !","datePublished":"2026-04-27T18:45:36+00:00","dateModified":"2026-04-27T18:45:37+00:00","mainEntityOfPage":{"@id":"https:\/\/www.webdo.tn\/fr\/actualite\/divers\/la-marsa-mordu-il-capture-le-serpent-et-file-a-lhopital-avec-lui\/396935\/"},"wordCount":402,"publisher":{"@id":"https:\/\/www.webdo.tn\/fr\/#organization"},"image":{"@id":"https:\/\/www.webdo.tn\/fr\/actualite\/divers\/la-marsa-mordu-il-capture-le-serpent-et-file-a-lhopital-avec-lui\/396935\/#primaryimage"},"thumbnailUrl":"https:\/\/www.webdo.tn\/fr\/wp-content\/uploads\/2026\/04\/serpent.jpg","keywords":["H\u00f4pital","Serpent","Tunisie"],"articleSection":["Divers","\u00c9pingle"],"inLanguage":"fr-FR"},{"@type":"WebPage","@id":"https:\/\/www.webdo.tn\/fr\/actualite\/divers\/la-marsa-mordu-il-capture-le-serpent-et-file-a-lhopital-avec-lui\/396935\/","url":"https:\/\/www.webdo.tn\/fr\/actualite\/divers\/la-marsa-mordu-il-capture-le-serpent-et-file-a-lhopital-avec-lui\/396935\/","name":"La Marsa : Mordu ... il capture le serpent et file \u00e0 l\u2019h\u00f4pital avec lui ! - webdo","isPartOf":{"@id":"https:\/\/www.webdo.tn\/fr\/#website"},"primaryImageOfPage":{"@id":"https:\/\/www.webdo.tn\/fr\/actualite\/divers\/la-marsa-mordu-il-capture-le-serpent-et-file-a-lhopital-avec-lui\/396935\/#primaryimage"},"image":{"@id":"https:\/\/www.webdo.tn\/fr\/actualite\/divers\/la-marsa-mordu-il-capture-le-serpent-et-file-a-lhopital-avec-lui\/396935\/#primaryimage"},"thumbnailUrl":"https:\/\/www.webdo.tn\/fr\/wp-content\/uploads\/2026\/04\/serpent.jpg","datePublished":"2026-04-27T18:45:36+00:00","dateModified":"2026-04-27T18:45:37+00:00","description":"D\u00e9couvrez l'incroyable histoire d'un adolescent qui a captur\u00e9 un serpent apr\u00e8s une morsure et l'a amen\u00e9 aux urgences.","breadcrumb":{"@id":"https:\/\/www.webdo.tn\/fr\/actualite\/divers\/la-marsa-mordu-il-capture-le-serpent-et-file-a-lhopital-avec-lui\/396935\/#breadcrumb"},"inLanguage":"fr-FR","potentialAction":[{"@type":"ReadAction","target":["https:\/\/www.webdo.tn\/fr\/actualite\/divers\/la-marsa-mordu-il-capture-le-serpent-et-file-a-lhopital-avec-lui\/396935\/"]}]},{"@type":"ImageObject","inLanguage":"fr-FR","@id":"https:\/\/www.webdo.tn\/fr\/actualite\/divers\/la-marsa-mordu-il-capture-le-serpent-et-file-a-lhopital-avec-lui\/396935\/#primaryimage","url":"https:\/\/www.webdo.tn\/fr\/wp-content\/uploads\/2026\/04\/serpent.jpg","contentUrl":"https:\/\/www.webdo.tn\/fr\/wp-content\/uploads\/2026\/04\/serpent.jpg","width":1200,"height":600,"caption":"Serpent"},{"@type":"BreadcrumbList","@id":"https:\/\/www.webdo.tn\/fr\/actualite\/divers\/la-marsa-mordu-il-capture-le-serpent-et-file-a-lhopital-avec-lui\/396935\/#breadcrumb","itemListElement":[{"@type":"ListItem","position":1,"name":"Accueil","item":"https:\/\/www.webdo.tn\/fr\/"},{"@type":"ListItem","position":2,"name":"La Marsa : Mordu &#8230; il capture le serpent et file \u00e0 l\u2019h\u00f4pital avec lui !"}]},{"@type":"WebSite","@id":"https:\/\/www.webdo.tn\/fr\/#website","url":"https:\/\/www.webdo.tn\/fr\/","name":"webdo","description":"Tunisie - News en Tunisie et \u00e0 l&#039;international sur Webdo.tn","publisher":{"@id":"https:\/\/www.webdo.tn\/fr\/#organization"},"potentialAction":[{"@type":"SearchAction","target":{"@type":"EntryPoint","urlTemplate":"https:\/\/www.webdo.tn\/fr\/?s={search_term_string}"},"query-input":{"@type":"PropertyValueSpecification","valueRequired":true,"valueName":"search_term_string"}}],"inLanguage":"fr-FR"},{"@type":"Organization","@id":"https:\/\/www.webdo.tn\/fr\/#organization","name":"Webdo","alternateName":"Webdo.tn","url":"https:\/\/www.webdo.tn\/fr\/","logo":{"@type":"ImageObject","inLanguage":"fr-FR","@id":"https:\/\/www.webdo.tn\/fr\/#\/schema\/logo\/image\/","url":"https:\/\/www.webdo.tn\/fr\/wp-content\/uploads\/2025\/06\/Webdo-Tunisie_168377.jpg","contentUrl":"https:\/\/www.webdo.tn\/fr\/wp-content\/uploads\/2025\/06\/Webdo-Tunisie_168377.jpg","width":301,"height":301,"caption":"Webdo"},"image":{"@id":"https:\/\/www.webdo.tn\/fr\/#\/schema\/logo\/image\/"},"sameAs":["https:\/\/www.facebook.com\/webdotn","https:\/\/x.com\/webdo_tn"],"description":"Webdo est un m\u00e9dia num\u00e9rique tunisien fond\u00e9 en 2010, sp\u00e9cialis\u00e9 dans l\u2019actualit\u00e9 nationale et internationale, l\u2019\u00e9conomie, la soci\u00e9t\u00e9 et les analyses politiques. Le site s\u2019adresse \u00e0 un large public francophone et couvre l\u2019information tunisienne en temps r\u00e9el.","email":"redac@webdo.tn","legalName":"YNJ SARL","foundingDate":"2010-09-06","numberOfEmployees":{"@type":"QuantitativeValue","minValue":"11","maxValue":"50"}},{"@type":"Person","@id":"https:\/\/www.webdo.tn\/fr\/#\/schema\/person\/5fb2f8f3d4ef4fd1d129927fd4b020ff","name":"Khalil JELASSI","image":{"@type":"ImageObject","inLanguage":"fr-FR","@id":"https:\/\/www.webdo.tn\/fr\/wp-content\/uploads\/2026\/04\/khalil-jelassi_avatar-96x96.jpg","url":"https:\/\/www.webdo.tn\/fr\/wp-content\/uploads\/2026\/04\/khalil-jelassi_avatar-96x96.jpg","contentUrl":"https:\/\/www.webdo.tn\/fr\/wp-content\/uploads\/2026\/04\/khalil-jelassi_avatar-96x96.jpg","caption":"Khalil JELASSI"},"description":"Khalil Jelassi est journaliste, ma\u00eetre-assistant \u00e0 l\u2019Institut de presse et des sciences de l\u2019information (IPSI) et chercheur en sciences de l\u2019information et de la communication. Sp\u00e9cialiste des m\u00e9dias, des pratiques journalistiques et des mutations de l\u2019information, il s\u2019int\u00e9resse particuli\u00e8rement aux transformations du paysage m\u00e9diatique, aux enjeux num\u00e9riques et aux dynamiques de production de l\u2019information. \u00c0 travers ses contributions, il propose une lecture analytique de l\u2019actualit\u00e9, en croisant approche acad\u00e9mique et exp\u00e9rience journalistique. \ud83d\udd17 Facebook : https:\/\/www.facebook.com\/khalil.jelassi.7","sameAs":["https:\/\/www.facebook.com\/khalil.jelassi.7"],"knowsAbout":["journalisme","m\u00e9dias","communication","sciences de l'information","transformation num\u00e9rique","analyse des m\u00e9dias"],"knowsLanguage":["Fran\u00e7ais","Arabe","Anglais"],"jobTitle":"Ma\u00eetre-assistant et journaliste","worksFor":"IPSI \u2013 Institut de presse et des sciences de l'information","url":"https:\/\/www.webdo.tn\/fr\/actualite\/author\/khalil-jelassi\/"}]}},"_links":{"self":[{"href":"https:\/\/www.webdo.tn\/fr\/wp-json\/wp\/v2\/posts\/396935","targetHints":{"allow":["GET"]}}],"collection":[{"href":"https:\/\/www.webdo.tn\/fr\/wp-json\/wp\/v2\/posts"}],"about":[{"href":"https:\/\/www.webdo.tn\/fr\/wp-json\/wp\/v2\/types\/post"}],"author":[{"embeddable":true,"href":"https:\/\/www.webdo.tn\/fr\/wp-json\/wp\/v2\/users\/3204"}],"replies":[{"embeddable":true,"href":"https:\/\/www.webdo.tn\/fr\/wp-json\/wp\/v2\/comments?post=396935"}],"version-history":[{"count":0,"href":"https:\/\/www.webdo.tn\/fr\/wp-json\/wp\/v2\/posts\/396935\/revisions"}],"wp:featuredmedia":[{"embeddable":true,"href":"https:\/\/www.webdo.tn\/fr\/wp-json\/wp\/v2\/media\/396936"}],"wp:attachment":[{"href":"https:\/\/www.webdo.tn\/fr\/wp-json\/wp\/v2\/media?parent=396935"}],"wp:term":[{"taxonomy":"category","embeddable":true,"href":"https:\/\/www.webdo.tn\/fr\/wp-json\/wp\/v2\/categories?post=396935"},{"taxonomy":"post_tag","embeddable":true,"href":"https:\/\/www.webdo.tn\/fr\/wp-json\/wp\/v2\/tags?post=396935"}],"curies":[{"name":"wp","href":"https:\/\/api.w.org\/{rel}","templated":true}]}}