{"id":396933,"date":"2026-04-27T18:51:57","date_gmt":"2026-04-27T17:51:57","guid":{"rendered":"https:\/\/www.webdo.tn\/fr\/?p=396933"},"modified":"2026-04-27T18:51:58","modified_gmt":"2026-04-27T17:51:58","slug":"la-tunisie-vend-son-soleil-a-letranger-polemique-autour-des-contrats-energetiques","status":"publish","type":"post","link":"https:\/\/www.webdo.tn\/fr\/actualite\/national\/la-tunisie-vend-son-soleil-a-letranger-polemique-autour-des-contrats-energetiques\/396933\/","title":{"rendered":"\u00ab\u00a0La Tunisie vend son soleil \u00e0 l&rsquo;\u00e9tranger\u00a0\u00bb : Pol\u00e9mique autour des contrats \u00e9nerg\u00e9tiques"},"content":{"rendered":"\n<p><strong>Une controverse s\u2019est install\u00e9e ces derniers jours en Tunisie autour de plusieurs contrats li\u00e9s aux \u00e9nergies renouvelables, actuellement examin\u00e9s par l\u2019Assembl\u00e9e des repr\u00e9sentants du peuple (ARP). Au c\u0153ur du d\u00e9bat : des projets de production d\u2019\u00e9lectricit\u00e9 solaire confi\u00e9s, sous forme de concessions, \u00e0 des investisseurs priv\u00e9s. <\/strong><\/p>\n\n\n\n<p>L\u2019ARP \u00e9tudie cinq projets de loi portant sur des accords de concession pour la r\u00e9alisation et l\u2019exploitation de centrales photovolta\u00efques. Une pleni\u00e8re y est consacr\u00e9 demain mardi. Ces projets s\u2019inscrivent dans la strat\u00e9gie nationale visant \u00e0 d\u00e9velopper les \u00e9nergies renouvelables, attirer des investissements et r\u00e9duire la d\u00e9pendance \u00e9nerg\u00e9tique du pays.<\/p>\n\n\n\n<p>En effet, les cinq projets de loi relatifs aux concessions d\u2019\u00e9nergies renouvelables ont d\u00e9j\u00e0 franchi l\u2019\u00e9tape de l\u2019examen en commission parlementaire. Ils doivent d\u00e9sormais \u00eatre soumis \u00e0 une s\u00e9ance pl\u00e9ni\u00e8re demain, au cours de laquelle les d\u00e9put\u00e9s proc\u00e9deront au vote final. C\u2019est \u00e0 ce stade que les textes pourront \u00eatre adopt\u00e9s ou rejet\u00e9s. Ce passage imminent en pl\u00e9ni\u00e8re explique en grande partie la mont\u00e9e des tensions, les critiques et les prises de position s\u2019\u00e9tant intensifi\u00e9es \u00e0 l\u2019approche de cette \u00e9ch\u00e9ance d\u00e9cisive.<\/p>\n\n\n\n<h2 class=\"wp-block-heading\" id=\"h-des-critiques-sur-la-souverainete-energetique\">Des critiques sur la souverainet\u00e9 \u00e9nerg\u00e9tique<\/h2>\n\n\n\n<p>La F\u00e9d\u00e9ration g\u00e9n\u00e9rale de l\u2019\u00e9lectricit\u00e9 et du gaz, relevant de l\u2019UGTT, a exprim\u00e9 son opposition \u00e0 ces contrats. Elle estime que les concessions accord\u00e9es \u00e0 des op\u00e9rateurs \u00e9trangers pourraient affecter la souverainet\u00e9 \u00e9nerg\u00e9tique de la Tunisie, en transf\u00e9rant une partie du contr\u00f4le du secteur \u00e0 des acteurs ext\u00e9rieurs.<\/p>\n\n\n\n<p class=\"has-medium-font-size\"><strong>Lire aussi :<\/strong>\u00a0<a href=\"https:\/\/www.webdo.tn\/fr\/actualite\/national\/la-tunisie-mise-sur-l-hydrogene-vert-pour-impulser-sa-transition-energetique\/218102\/\">La Tunisie mise sur l\u2019hydrog\u00e8ne vert pour impulser sa transition \u00e9nerg\u00e9tique<\/a> <\/p>\n\n\n\n<p>Les critiques portent \u00e9galement sur les retomb\u00e9es \u00e9conomiques de ces accords. Des responsables syndicaux \u00e9voquent des pertes potentielles pour l\u2019\u00c9tat, notamment en lien avec la gestion des cr\u00e9dits carbone dans des projets pr\u00e9c\u00e9dents. Ils appellent \u00e0 un examen approfondi des contrats d\u00e9j\u00e0 conclus, en particulier ceux sign\u00e9s ces derni\u00e8res ann\u00e9es, avant d\u2019en approuver de nouveaux.<\/p>\n\n\n\n<p>De m\u00eame, plusieurs d\u00e9put\u00e9s ont critiqu\u00e9 la version actuelle des contrats estimant que la Tunisie va c\u00e9der son soleil \u00e0 des \u00e9trangers. <\/p>\n\n\n\n<h2 class=\"wp-block-heading\" id=\"h-un-manque-de-concertation-denonce\">Un manque de concertation d\u00e9nonc\u00e9<\/h2>\n\n\n\n<p>Autre point de tension : l\u2019absence, selon les syndicats, de concertation avec les acteurs nationaux du secteur. La f\u00e9d\u00e9ration estime ne pas avoir \u00e9t\u00e9 associ\u00e9e aux discussions autour de ces projets, malgr\u00e9 son implication dans le domaine de l\u2019\u00e9lectricit\u00e9 et du gaz.<\/p>\n\n\n\n<p>Cette pol\u00e9mique met en lumi\u00e8re un d\u00e9bat plus large sur les choix \u00e9nerg\u00e9tiques de la Tunisie. Le pays reste fortement d\u00e9pendant des importations d\u2019\u00e9nergie, tandis que la part des renouvelables dans la production \u00e9lectrique demeure limit\u00e9e. Dans ce contexte, les autorit\u00e9s misent sur l\u2019investissement priv\u00e9 pour acc\u00e9l\u00e9rer la transition \u00e9nerg\u00e9tique, une orientation qui continue de susciter des r\u00e9serves.<\/p>\n\n\n\n<p>Les discussions se poursuivent au sein du Parlement, o\u00f9 ces projets de loi doivent encore \u00eatre examin\u00e9s et adopt\u00e9s.<\/p>\n\n\n\n<p><\/p>\n","protected":false},"excerpt":{"rendered":"<p>Une controverse s\u2019est install\u00e9e ces derniers jours en Tunisie autour de plusieurs contrats li\u00e9s aux \u00e9nergies renouvelables, actuellement examin\u00e9s par l\u2019Assembl\u00e9e des repr\u00e9sentants du peuple (ARP). Au c\u0153ur du d\u00e9bat : des projets de production d\u2019\u00e9lectricit\u00e9 solaire confi\u00e9s, sous forme de concessions, \u00e0 des investisseurs priv\u00e9s. L\u2019ARP \u00e9tudie cinq projets de loi portant sur des [&hellip;]<\/p>\n","protected":false},"author":3184,"featured_media":396644,"comment_status":"closed","ping_status":"closed","sticky":false,"template":"","format":"standard","meta":{"footnotes":""},"categories":[44],"tags":[14051,2608],"class_list":["post-396933","post","type-post","status-publish","format-standard","has-post-thumbnail","hentry","category-national","tag-soleil","tag-tunisie"],"yoast_head":"<!-- This site is optimized with the Yoast SEO Premium plugin v27.4 (Yoast SEO v27.4) - https:\/\/yoast.com\/product\/yoast-seo-premium-wordpress\/ -->\n<title>&quot;La Tunisie vend son soleil \u00e0 l&#039;\u00e9tranger&quot; : Pol\u00e9mique autour des contrats \u00e9nerg\u00e9tiques - webdo<\/title>\n<meta name=\"description\" content=\"D\u00e9couvrez les contrats \u00e9nerg\u00e9tiques en Tunisie et les projets de loi sur les \u00e9nergies renouvelables examin\u00e9s par l&#039;ARP.\" \/>\n<link rel=\"canonical\" href=\"https:\/\/www.webdo.tn\/fr\/actualite\/national\/la-tunisie-vend-son-soleil-a-letranger-polemique-autour-des-contrats-energetiques\/396933\/\" \/>\n<meta property=\"og:locale\" content=\"fr_FR\" \/>\n<meta property=\"og:type\" content=\"article\" \/>\n<meta property=\"og:title\" content=\"&quot;La Tunisie vend son soleil \u00e0 l&#039;\u00e9tranger&quot; : Pol\u00e9mique autour des contrats \u00e9nerg\u00e9tiques\" \/>\n<meta property=\"og:description\" content=\"D\u00e9couvrez les contrats \u00e9nerg\u00e9tiques en Tunisie et les projets de loi sur les \u00e9nergies renouvelables examin\u00e9s par l&#039;ARP.\" \/>\n<meta property=\"og:url\" content=\"https:\/\/www.webdo.tn\/fr\/actualite\/national\/la-tunisie-vend-son-soleil-a-letranger-polemique-autour-des-contrats-energetiques\/396933\/\" \/>\n<meta property=\"og:site_name\" content=\"webdo\" \/>\n<meta property=\"article:publisher\" content=\"https:\/\/www.facebook.com\/webdotn\" \/>\n<meta property=\"article:published_time\" content=\"2026-04-27T17:51:57+00:00\" \/>\n<meta property=\"article:modified_time\" content=\"2026-04-27T17:51:58+00:00\" \/>\n<meta property=\"og:image\" content=\"https:\/\/www.webdo.tn\/fr\/wp-content\/uploads\/2026\/04\/centralesolaire-photovoltaique2.jpg\" \/>\n\t<meta property=\"og:image:width\" content=\"1200\" \/>\n\t<meta property=\"og:image:height\" content=\"601\" \/>\n\t<meta property=\"og:image:type\" content=\"image\/jpeg\" \/>\n<meta name=\"author\" content=\"Wided Belhaj\" \/>\n<meta name=\"twitter:card\" content=\"summary_large_image\" \/>\n<meta name=\"twitter:creator\" content=\"@webdo_tn\" \/>\n<meta name=\"twitter:site\" content=\"@webdo_tn\" \/>\n<meta name=\"twitter:label1\" content=\"\u00c9crit par\" \/>\n\t<meta name=\"twitter:data1\" content=\"Wided Belhaj\" \/>\n\t<meta name=\"twitter:label2\" content=\"Dur\u00e9e de lecture estim\u00e9e\" \/>\n\t<meta name=\"twitter:data2\" content=\"3 minutes\" \/>\n<script type=\"application\/ld+json\" class=\"yoast-schema-graph\">{\"@context\":\"https:\\\/\\\/schema.org\",\"@graph\":[{\"@type\":\"NewsArticle\",\"@id\":\"https:\\\/\\\/www.webdo.tn\\\/fr\\\/actualite\\\/national\\\/la-tunisie-vend-son-soleil-a-letranger-polemique-autour-des-contrats-energetiques\\\/396933\\\/#article\",\"isPartOf\":{\"@id\":\"https:\\\/\\\/www.webdo.tn\\\/fr\\\/actualite\\\/national\\\/la-tunisie-vend-son-soleil-a-letranger-polemique-autour-des-contrats-energetiques\\\/396933\\\/\"},\"author\":{\"name\":\"Wided Belhaj\",\"@id\":\"https:\\\/\\\/www.webdo.tn\\\/fr\\\/#\\\/schema\\\/person\\\/b9ecde7a5574cb4fcf4b496ea5fadb15\"},\"headline\":\"\u00ab\u00a0La Tunisie vend son soleil \u00e0 l&rsquo;\u00e9tranger\u00a0\u00bb : Pol\u00e9mique autour des contrats \u00e9nerg\u00e9tiques\",\"datePublished\":\"2026-04-27T17:51:57+00:00\",\"dateModified\":\"2026-04-27T17:51:58+00:00\",\"mainEntityOfPage\":{\"@id\":\"https:\\\/\\\/www.webdo.tn\\\/fr\\\/actualite\\\/national\\\/la-tunisie-vend-son-soleil-a-letranger-polemique-autour-des-contrats-energetiques\\\/396933\\\/\"},\"wordCount\":543,\"publisher\":{\"@id\":\"https:\\\/\\\/www.webdo.tn\\\/fr\\\/#organization\"},\"image\":{\"@id\":\"https:\\\/\\\/www.webdo.tn\\\/fr\\\/actualite\\\/national\\\/la-tunisie-vend-son-soleil-a-letranger-polemique-autour-des-contrats-energetiques\\\/396933\\\/#primaryimage\"},\"thumbnailUrl\":\"https:\\\/\\\/www.webdo.tn\\\/fr\\\/wp-content\\\/uploads\\\/2026\\\/04\\\/centralesolaire-photovoltaique2.jpg\",\"keywords\":[\"Soleil\",\"Tunisie\"],\"articleSection\":[\"National\"],\"inLanguage\":\"fr-FR\"},{\"@type\":\"WebPage\",\"@id\":\"https:\\\/\\\/www.webdo.tn\\\/fr\\\/actualite\\\/national\\\/la-tunisie-vend-son-soleil-a-letranger-polemique-autour-des-contrats-energetiques\\\/396933\\\/\",\"url\":\"https:\\\/\\\/www.webdo.tn\\\/fr\\\/actualite\\\/national\\\/la-tunisie-vend-son-soleil-a-letranger-polemique-autour-des-contrats-energetiques\\\/396933\\\/\",\"name\":\"\\\"La Tunisie vend son soleil \u00e0 l'\u00e9tranger\\\" : Pol\u00e9mique autour des contrats \u00e9nerg\u00e9tiques - webdo\",\"isPartOf\":{\"@id\":\"https:\\\/\\\/www.webdo.tn\\\/fr\\\/#website\"},\"primaryImageOfPage\":{\"@id\":\"https:\\\/\\\/www.webdo.tn\\\/fr\\\/actualite\\\/national\\\/la-tunisie-vend-son-soleil-a-letranger-polemique-autour-des-contrats-energetiques\\\/396933\\\/#primaryimage\"},\"image\":{\"@id\":\"https:\\\/\\\/www.webdo.tn\\\/fr\\\/actualite\\\/national\\\/la-tunisie-vend-son-soleil-a-letranger-polemique-autour-des-contrats-energetiques\\\/396933\\\/#primaryimage\"},\"thumbnailUrl\":\"https:\\\/\\\/www.webdo.tn\\\/fr\\\/wp-content\\\/uploads\\\/2026\\\/04\\\/centralesolaire-photovoltaique2.jpg\",\"datePublished\":\"2026-04-27T17:51:57+00:00\",\"dateModified\":\"2026-04-27T17:51:58+00:00\",\"description\":\"D\u00e9couvrez les contrats \u00e9nerg\u00e9tiques en Tunisie et les projets de loi sur les \u00e9nergies renouvelables examin\u00e9s par l'ARP.\",\"breadcrumb\":{\"@id\":\"https:\\\/\\\/www.webdo.tn\\\/fr\\\/actualite\\\/national\\\/la-tunisie-vend-son-soleil-a-letranger-polemique-autour-des-contrats-energetiques\\\/396933\\\/#breadcrumb\"},\"inLanguage\":\"fr-FR\",\"potentialAction\":[{\"@type\":\"ReadAction\",\"target\":[\"https:\\\/\\\/www.webdo.tn\\\/fr\\\/actualite\\\/national\\\/la-tunisie-vend-son-soleil-a-letranger-polemique-autour-des-contrats-energetiques\\\/396933\\\/\"]}]},{\"@type\":\"ImageObject\",\"inLanguage\":\"fr-FR\",\"@id\":\"https:\\\/\\\/www.webdo.tn\\\/fr\\\/actualite\\\/national\\\/la-tunisie-vend-son-soleil-a-letranger-polemique-autour-des-contrats-energetiques\\\/396933\\\/#primaryimage\",\"url\":\"https:\\\/\\\/www.webdo.tn\\\/fr\\\/wp-content\\\/uploads\\\/2026\\\/04\\\/centralesolaire-photovoltaique2.jpg\",\"contentUrl\":\"https:\\\/\\\/www.webdo.tn\\\/fr\\\/wp-content\\\/uploads\\\/2026\\\/04\\\/centralesolaire-photovoltaique2.jpg\",\"width\":1200,\"height\":601},{\"@type\":\"BreadcrumbList\",\"@id\":\"https:\\\/\\\/www.webdo.tn\\\/fr\\\/actualite\\\/national\\\/la-tunisie-vend-son-soleil-a-letranger-polemique-autour-des-contrats-energetiques\\\/396933\\\/#breadcrumb\",\"itemListElement\":[{\"@type\":\"ListItem\",\"position\":1,\"name\":\"Accueil\",\"item\":\"https:\\\/\\\/www.webdo.tn\\\/fr\\\/\"},{\"@type\":\"ListItem\",\"position\":2,\"name\":\"\u00ab\u00a0La Tunisie vend son soleil \u00e0 l&rsquo;\u00e9tranger\u00a0\u00bb : Pol\u00e9mique autour des contrats \u00e9nerg\u00e9tiques\"}]},{\"@type\":\"WebSite\",\"@id\":\"https:\\\/\\\/www.webdo.tn\\\/fr\\\/#website\",\"url\":\"https:\\\/\\\/www.webdo.tn\\\/fr\\\/\",\"name\":\"webdo\",\"description\":\"Tunisie - News en Tunisie et \u00e0 l&#039;international sur Webdo.tn\",\"publisher\":{\"@id\":\"https:\\\/\\\/www.webdo.tn\\\/fr\\\/#organization\"},\"potentialAction\":[{\"@type\":\"SearchAction\",\"target\":{\"@type\":\"EntryPoint\",\"urlTemplate\":\"https:\\\/\\\/www.webdo.tn\\\/fr\\\/?s={search_term_string}\"},\"query-input\":{\"@type\":\"PropertyValueSpecification\",\"valueRequired\":true,\"valueName\":\"search_term_string\"}}],\"inLanguage\":\"fr-FR\"},{\"@type\":\"Organization\",\"@id\":\"https:\\\/\\\/www.webdo.tn\\\/fr\\\/#organization\",\"name\":\"Webdo\",\"alternateName\":\"Webdo.tn\",\"url\":\"https:\\\/\\\/www.webdo.tn\\\/fr\\\/\",\"logo\":{\"@type\":\"ImageObject\",\"inLanguage\":\"fr-FR\",\"@id\":\"https:\\\/\\\/www.webdo.tn\\\/fr\\\/#\\\/schema\\\/logo\\\/image\\\/\",\"url\":\"https:\\\/\\\/www.webdo.tn\\\/fr\\\/wp-content\\\/uploads\\\/2025\\\/06\\\/Webdo-Tunisie_168377.jpg\",\"contentUrl\":\"https:\\\/\\\/www.webdo.tn\\\/fr\\\/wp-content\\\/uploads\\\/2025\\\/06\\\/Webdo-Tunisie_168377.jpg\",\"width\":301,\"height\":301,\"caption\":\"Webdo\"},\"image\":{\"@id\":\"https:\\\/\\\/www.webdo.tn\\\/fr\\\/#\\\/schema\\\/logo\\\/image\\\/\"},\"sameAs\":[\"https:\\\/\\\/www.facebook.com\\\/webdotn\",\"https:\\\/\\\/x.com\\\/webdo_tn\"],\"description\":\"Webdo est un m\u00e9dia num\u00e9rique tunisien fond\u00e9 en 2010, sp\u00e9cialis\u00e9 dans l\u2019actualit\u00e9 nationale et internationale, l\u2019\u00e9conomie, la soci\u00e9t\u00e9 et les analyses politiques. Le site s\u2019adresse \u00e0 un large public francophone et couvre l\u2019information tunisienne en temps r\u00e9el.\",\"email\":\"redac@webdo.tn\",\"legalName\":\"YNJ SARL\",\"foundingDate\":\"2010-09-06\",\"numberOfEmployees\":{\"@type\":\"QuantitativeValue\",\"minValue\":\"11\",\"maxValue\":\"50\"}},{\"@type\":\"Person\",\"@id\":\"https:\\\/\\\/www.webdo.tn\\\/fr\\\/#\\\/schema\\\/person\\\/b9ecde7a5574cb4fcf4b496ea5fadb15\",\"name\":\"Wided Belhaj\",\"image\":{\"@type\":\"ImageObject\",\"inLanguage\":\"fr-FR\",\"@id\":\"https:\\\/\\\/www.webdo.tn\\\/fr\\\/wp-content\\\/uploads\\\/2026\\\/04\\\/wided-belhaj_avatar-96x96.jpg\",\"url\":\"https:\\\/\\\/www.webdo.tn\\\/fr\\\/wp-content\\\/uploads\\\/2026\\\/04\\\/wided-belhaj_avatar-96x96.jpg\",\"contentUrl\":\"https:\\\/\\\/www.webdo.tn\\\/fr\\\/wp-content\\\/uploads\\\/2026\\\/04\\\/wided-belhaj_avatar-96x96.jpg\",\"caption\":\"Wided Belhaj\"},\"description\":\"Wided Belhaj est le pseudonyme \u00e9ditorial utilis\u00e9 par Khalil Jelassi, journaliste, ma\u00eetre-assistant \u00e0 l\u2019Institut de presse et des sciences de l\u2019information (IPSI) et chercheur en sciences de l\u2019information et de la communication. Cette signature est d\u00e9di\u00e9e \u00e0 l\u2019analyse des m\u00e9dias, des pratiques journalistiques et des mutations de l\u2019information \u00e0 l\u2019\u00e8re digitale. \u00c0 travers ses contributions, Wided Belhaj propose une lecture analytique de l\u2019actualit\u00e9, en croisant regard critique et expertise acad\u00e9mique.\",\"knowsAbout\":[\"m\u00e9dias\",\"journalisme\",\"communication\",\"information\",\"transformation num\u00e9rique\",\"analyse des m\u00e9dias\"],\"knowsLanguage\":[\"Fran\u00e7ais\",\"Arabe\"],\"jobTitle\":\"Webdo.tn\",\"worksFor\":\"Journaliste \u2013 Analyse des m\u00e9dias\",\"url\":\"https:\\\/\\\/www.webdo.tn\\\/fr\\\/actualite\\\/author\\\/wided-belhaj\\\/\"}]}<\/script>\n<!-- \/ Yoast SEO Premium plugin. -->","yoast_head_json":{"title":"\"La Tunisie vend son soleil \u00e0 l'\u00e9tranger\" : Pol\u00e9mique autour des contrats \u00e9nerg\u00e9tiques - webdo","description":"D\u00e9couvrez les contrats \u00e9nerg\u00e9tiques en Tunisie et les projets de loi sur les \u00e9nergies renouvelables examin\u00e9s par l'ARP.","canonical":"https:\/\/www.webdo.tn\/fr\/actualite\/national\/la-tunisie-vend-son-soleil-a-letranger-polemique-autour-des-contrats-energetiques\/396933\/","og_locale":"fr_FR","og_type":"article","og_title":"\"La Tunisie vend son soleil \u00e0 l'\u00e9tranger\" : Pol\u00e9mique autour des contrats \u00e9nerg\u00e9tiques","og_description":"D\u00e9couvrez les contrats \u00e9nerg\u00e9tiques en Tunisie et les projets de loi sur les \u00e9nergies renouvelables examin\u00e9s par l'ARP.","og_url":"https:\/\/www.webdo.tn\/fr\/actualite\/national\/la-tunisie-vend-son-soleil-a-letranger-polemique-autour-des-contrats-energetiques\/396933\/","og_site_name":"webdo","article_publisher":"https:\/\/www.facebook.com\/webdotn","article_published_time":"2026-04-27T17:51:57+00:00","article_modified_time":"2026-04-27T17:51:58+00:00","og_image":[{"width":1200,"height":601,"url":"https:\/\/www.webdo.tn\/fr\/wp-content\/uploads\/2026\/04\/centralesolaire-photovoltaique2.jpg","type":"image\/jpeg"}],"author":"Wided Belhaj","twitter_card":"summary_large_image","twitter_creator":"@webdo_tn","twitter_site":"@webdo_tn","twitter_misc":{"\u00c9crit par":"Wided Belhaj","Dur\u00e9e de lecture estim\u00e9e":"3 minutes"},"schema":{"@context":"https:\/\/schema.org","@graph":[{"@type":"NewsArticle","@id":"https:\/\/www.webdo.tn\/fr\/actualite\/national\/la-tunisie-vend-son-soleil-a-letranger-polemique-autour-des-contrats-energetiques\/396933\/#article","isPartOf":{"@id":"https:\/\/www.webdo.tn\/fr\/actualite\/national\/la-tunisie-vend-son-soleil-a-letranger-polemique-autour-des-contrats-energetiques\/396933\/"},"author":{"name":"Wided Belhaj","@id":"https:\/\/www.webdo.tn\/fr\/#\/schema\/person\/b9ecde7a5574cb4fcf4b496ea5fadb15"},"headline":"\u00ab\u00a0La Tunisie vend son soleil \u00e0 l&rsquo;\u00e9tranger\u00a0\u00bb : Pol\u00e9mique autour des contrats \u00e9nerg\u00e9tiques","datePublished":"2026-04-27T17:51:57+00:00","dateModified":"2026-04-27T17:51:58+00:00","mainEntityOfPage":{"@id":"https:\/\/www.webdo.tn\/fr\/actualite\/national\/la-tunisie-vend-son-soleil-a-letranger-polemique-autour-des-contrats-energetiques\/396933\/"},"wordCount":543,"publisher":{"@id":"https:\/\/www.webdo.tn\/fr\/#organization"},"image":{"@id":"https:\/\/www.webdo.tn\/fr\/actualite\/national\/la-tunisie-vend-son-soleil-a-letranger-polemique-autour-des-contrats-energetiques\/396933\/#primaryimage"},"thumbnailUrl":"https:\/\/www.webdo.tn\/fr\/wp-content\/uploads\/2026\/04\/centralesolaire-photovoltaique2.jpg","keywords":["Soleil","Tunisie"],"articleSection":["National"],"inLanguage":"fr-FR"},{"@type":"WebPage","@id":"https:\/\/www.webdo.tn\/fr\/actualite\/national\/la-tunisie-vend-son-soleil-a-letranger-polemique-autour-des-contrats-energetiques\/396933\/","url":"https:\/\/www.webdo.tn\/fr\/actualite\/national\/la-tunisie-vend-son-soleil-a-letranger-polemique-autour-des-contrats-energetiques\/396933\/","name":"\"La Tunisie vend son soleil \u00e0 l'\u00e9tranger\" : Pol\u00e9mique autour des contrats \u00e9nerg\u00e9tiques - webdo","isPartOf":{"@id":"https:\/\/www.webdo.tn\/fr\/#website"},"primaryImageOfPage":{"@id":"https:\/\/www.webdo.tn\/fr\/actualite\/national\/la-tunisie-vend-son-soleil-a-letranger-polemique-autour-des-contrats-energetiques\/396933\/#primaryimage"},"image":{"@id":"https:\/\/www.webdo.tn\/fr\/actualite\/national\/la-tunisie-vend-son-soleil-a-letranger-polemique-autour-des-contrats-energetiques\/396933\/#primaryimage"},"thumbnailUrl":"https:\/\/www.webdo.tn\/fr\/wp-content\/uploads\/2026\/04\/centralesolaire-photovoltaique2.jpg","datePublished":"2026-04-27T17:51:57+00:00","dateModified":"2026-04-27T17:51:58+00:00","description":"D\u00e9couvrez les contrats \u00e9nerg\u00e9tiques en Tunisie et les projets de loi sur les \u00e9nergies renouvelables examin\u00e9s par l'ARP.","breadcrumb":{"@id":"https:\/\/www.webdo.tn\/fr\/actualite\/national\/la-tunisie-vend-son-soleil-a-letranger-polemique-autour-des-contrats-energetiques\/396933\/#breadcrumb"},"inLanguage":"fr-FR","potentialAction":[{"@type":"ReadAction","target":["https:\/\/www.webdo.tn\/fr\/actualite\/national\/la-tunisie-vend-son-soleil-a-letranger-polemique-autour-des-contrats-energetiques\/396933\/"]}]},{"@type":"ImageObject","inLanguage":"fr-FR","@id":"https:\/\/www.webdo.tn\/fr\/actualite\/national\/la-tunisie-vend-son-soleil-a-letranger-polemique-autour-des-contrats-energetiques\/396933\/#primaryimage","url":"https:\/\/www.webdo.tn\/fr\/wp-content\/uploads\/2026\/04\/centralesolaire-photovoltaique2.jpg","contentUrl":"https:\/\/www.webdo.tn\/fr\/wp-content\/uploads\/2026\/04\/centralesolaire-photovoltaique2.jpg","width":1200,"height":601},{"@type":"BreadcrumbList","@id":"https:\/\/www.webdo.tn\/fr\/actualite\/national\/la-tunisie-vend-son-soleil-a-letranger-polemique-autour-des-contrats-energetiques\/396933\/#breadcrumb","itemListElement":[{"@type":"ListItem","position":1,"name":"Accueil","item":"https:\/\/www.webdo.tn\/fr\/"},{"@type":"ListItem","position":2,"name":"\u00ab\u00a0La Tunisie vend son soleil \u00e0 l&rsquo;\u00e9tranger\u00a0\u00bb : Pol\u00e9mique autour des contrats \u00e9nerg\u00e9tiques"}]},{"@type":"WebSite","@id":"https:\/\/www.webdo.tn\/fr\/#website","url":"https:\/\/www.webdo.tn\/fr\/","name":"webdo","description":"Tunisie - News en Tunisie et \u00e0 l&#039;international sur Webdo.tn","publisher":{"@id":"https:\/\/www.webdo.tn\/fr\/#organization"},"potentialAction":[{"@type":"SearchAction","target":{"@type":"EntryPoint","urlTemplate":"https:\/\/www.webdo.tn\/fr\/?s={search_term_string}"},"query-input":{"@type":"PropertyValueSpecification","valueRequired":true,"valueName":"search_term_string"}}],"inLanguage":"fr-FR"},{"@type":"Organization","@id":"https:\/\/www.webdo.tn\/fr\/#organization","name":"Webdo","alternateName":"Webdo.tn","url":"https:\/\/www.webdo.tn\/fr\/","logo":{"@type":"ImageObject","inLanguage":"fr-FR","@id":"https:\/\/www.webdo.tn\/fr\/#\/schema\/logo\/image\/","url":"https:\/\/www.webdo.tn\/fr\/wp-content\/uploads\/2025\/06\/Webdo-Tunisie_168377.jpg","contentUrl":"https:\/\/www.webdo.tn\/fr\/wp-content\/uploads\/2025\/06\/Webdo-Tunisie_168377.jpg","width":301,"height":301,"caption":"Webdo"},"image":{"@id":"https:\/\/www.webdo.tn\/fr\/#\/schema\/logo\/image\/"},"sameAs":["https:\/\/www.facebook.com\/webdotn","https:\/\/x.com\/webdo_tn"],"description":"Webdo est un m\u00e9dia num\u00e9rique tunisien fond\u00e9 en 2010, sp\u00e9cialis\u00e9 dans l\u2019actualit\u00e9 nationale et internationale, l\u2019\u00e9conomie, la soci\u00e9t\u00e9 et les analyses politiques. Le site s\u2019adresse \u00e0 un large public francophone et couvre l\u2019information tunisienne en temps r\u00e9el.","email":"redac@webdo.tn","legalName":"YNJ SARL","foundingDate":"2010-09-06","numberOfEmployees":{"@type":"QuantitativeValue","minValue":"11","maxValue":"50"}},{"@type":"Person","@id":"https:\/\/www.webdo.tn\/fr\/#\/schema\/person\/b9ecde7a5574cb4fcf4b496ea5fadb15","name":"Wided Belhaj","image":{"@type":"ImageObject","inLanguage":"fr-FR","@id":"https:\/\/www.webdo.tn\/fr\/wp-content\/uploads\/2026\/04\/wided-belhaj_avatar-96x96.jpg","url":"https:\/\/www.webdo.tn\/fr\/wp-content\/uploads\/2026\/04\/wided-belhaj_avatar-96x96.jpg","contentUrl":"https:\/\/www.webdo.tn\/fr\/wp-content\/uploads\/2026\/04\/wided-belhaj_avatar-96x96.jpg","caption":"Wided Belhaj"},"description":"Wided Belhaj est le pseudonyme \u00e9ditorial utilis\u00e9 par Khalil Jelassi, journaliste, ma\u00eetre-assistant \u00e0 l\u2019Institut de presse et des sciences de l\u2019information (IPSI) et chercheur en sciences de l\u2019information et de la communication. Cette signature est d\u00e9di\u00e9e \u00e0 l\u2019analyse des m\u00e9dias, des pratiques journalistiques et des mutations de l\u2019information \u00e0 l\u2019\u00e8re digitale. \u00c0 travers ses contributions, Wided Belhaj propose une lecture analytique de l\u2019actualit\u00e9, en croisant regard critique et expertise acad\u00e9mique.","knowsAbout":["m\u00e9dias","journalisme","communication","information","transformation num\u00e9rique","analyse des m\u00e9dias"],"knowsLanguage":["Fran\u00e7ais","Arabe"],"jobTitle":"Webdo.tn","worksFor":"Journaliste \u2013 Analyse des m\u00e9dias","url":"https:\/\/www.webdo.tn\/fr\/actualite\/author\/wided-belhaj\/"}]}},"_links":{"self":[{"href":"https:\/\/www.webdo.tn\/fr\/wp-json\/wp\/v2\/posts\/396933","targetHints":{"allow":["GET"]}}],"collection":[{"href":"https:\/\/www.webdo.tn\/fr\/wp-json\/wp\/v2\/posts"}],"about":[{"href":"https:\/\/www.webdo.tn\/fr\/wp-json\/wp\/v2\/types\/post"}],"author":[{"embeddable":true,"href":"https:\/\/www.webdo.tn\/fr\/wp-json\/wp\/v2\/users\/3184"}],"replies":[{"embeddable":true,"href":"https:\/\/www.webdo.tn\/fr\/wp-json\/wp\/v2\/comments?post=396933"}],"version-history":[{"count":0,"href":"https:\/\/www.webdo.tn\/fr\/wp-json\/wp\/v2\/posts\/396933\/revisions"}],"wp:featuredmedia":[{"embeddable":true,"href":"https:\/\/www.webdo.tn\/fr\/wp-json\/wp\/v2\/media\/396644"}],"wp:attachment":[{"href":"https:\/\/www.webdo.tn\/fr\/wp-json\/wp\/v2\/media?parent=396933"}],"wp:term":[{"taxonomy":"category","embeddable":true,"href":"https:\/\/www.webdo.tn\/fr\/wp-json\/wp\/v2\/categories?post=396933"},{"taxonomy":"post_tag","embeddable":true,"href":"https:\/\/www.webdo.tn\/fr\/wp-json\/wp\/v2\/tags?post=396933"}],"curies":[{"name":"wp","href":"https:\/\/api.w.org\/{rel}","templated":true}]}}