{"id":396931,"date":"2026-04-27T18:28:14","date_gmt":"2026-04-27T17:28:14","guid":{"rendered":"https:\/\/www.webdo.tn\/fr\/?p=396931"},"modified":"2026-04-27T18:28:15","modified_gmt":"2026-04-27T17:28:15","slug":"conflit-arme-tunisair-annule-ses-vols-vers-bamako","status":"publish","type":"post","link":"https:\/\/www.webdo.tn\/fr\/actualite\/national\/conflit-arme-tunisair-annule-ses-vols-vers-bamako\/396931\/","title":{"rendered":"Conflit arm\u00e9 : Tunisair annule ses vols vers Bamako"},"content":{"rendered":"\n<p><strong>La compagnie Tunisair a annonc\u00e9, lundi, l\u2019annulation de deux vols programm\u00e9s pour le mardi 28 avril 2026 \u00e0 destination et en provenance de Bamako, en raison de la d\u00e9gradation de la situation s\u00e9curitaire au Mali.<\/strong><\/p>\n\n\n\n<p>Dans un communiqu\u00e9, la compagnie pr\u00e9cise que le vol TU399 (aller) et le vol TU400 (retour), pr\u00e9vus entre Tunis et la capitale malienne via Abidjan, au d\u00e9part de l\u2019a\u00e9roport de A\u00e9roport international de Tunis-Carthage, ne seront pas assur\u00e9s.<\/p>\n\n\n\n<h2 class=\"wp-block-heading\" id=\"h-par-mesure-de-precaution\">Par mesure de pr\u00e9caution<\/h2>\n\n\n\n<p>Tunisair indique que cette d\u00e9cision intervient \u00ab par mesure de pr\u00e9caution \u00bb et dans le souci de garantir la s\u00e9curit\u00e9 des passagers et du personnel, alors que le Mali conna\u00eet actuellement une recrudescence d\u2019affrontements arm\u00e9s.<\/p>\n\n\n\n<p>Des solutions de r\u00e9acheminement ont \u00e9t\u00e9 mises en place. Les passagers de la ligne Tunis\u2013Abidjan\u2013Tunis seront transport\u00e9s sur le vol TU401 pr\u00e9vu le mercredi 29 avril. En revanche, les voyageurs \u00e0 destination de Bamako devront attendre le vendredi 1er mai pour un \u00e9ventuel d\u00e9part, sous r\u00e9serve d\u2019une am\u00e9lioration de la situation s\u00e9curitaire dans le pays.<\/p>\n\n\n\n<p class=\"has-medium-font-size\"><strong>Lire aussi :\u00a0<\/strong><a href=\"https:\/\/www.webdo.tn\/fr\/actualite\/national\/tunisair-sous-pression-parlementaire-restructuration-et-retards-au-coeur-dune-audition\/394056\/\">Tunisair sous pression parlementaire : Restructuration et retards au c\u0153ur d\u2019une audition<\/a><\/p>\n\n\n\n<p>La compagnie invite ses clients \u00e0 contacter son centre d\u2019appel pour toute information compl\u00e9mentaire.<\/p>\n\n\n\n<h2 class=\"wp-block-heading\" id=\"h-un-contexte-securitaire-instable-au-mali\">Un contexte s\u00e9curitaire instable au Mali<\/h2>\n\n\n\n<p>Cette d\u00e9cision intervient dans un contexte particuli\u00e8rement tendu au Mali, o\u00f9 les violences arm\u00e9es se sont intensifi\u00e9es ces derni\u00e8res semaines. Le pays est confront\u00e9 \u00e0 une instabilit\u00e9 persistante depuis plusieurs ann\u00e9es, marqu\u00e9e par des affrontements entre forces arm\u00e9es, groupes jihadistes et mouvements rebelles, notamment dans le nord et le centre.<\/p>\n\n\n\n<p>Depuis les coups d\u2019\u00c9tat militaires de 2020 et 2021, les autorit\u00e9s de transition peinent \u00e0 stabiliser la situation s\u00e9curitaire, malgr\u00e9 des op\u00e9rations militaires r\u00e9guli\u00e8res. Le retrait progressif de forces \u00e9trang\u00e8res, notamment fran\u00e7aises, ainsi que la reconfiguration des alliances s\u00e9curitaires, ont \u00e9galement contribu\u00e9 \u00e0 un environnement incertain.<\/p>\n\n\n\n<p>Les r\u00e9centes escalades de violence, qui affectent parfois les axes de transport et les grandes villes, ont conduit plusieurs compagnies et acteurs internationaux \u00e0 revoir leurs activit\u00e9s dans le pays, y compris dans le secteur a\u00e9rien.<\/p>\n\n\n\n<p><\/p>\n","protected":false},"excerpt":{"rendered":"<p>La compagnie Tunisair a annonc\u00e9, lundi, l\u2019annulation de deux vols programm\u00e9s pour le mardi 28 avril 2026 \u00e0 destination et en provenance de Bamako, en raison de la d\u00e9gradation de la situation s\u00e9curitaire au Mali. Dans un communiqu\u00e9, la compagnie pr\u00e9cise que le vol TU399 (aller) et le vol TU400 (retour), pr\u00e9vus entre Tunis et [&hellip;]<\/p>\n","protected":false},"author":3184,"featured_media":394057,"comment_status":"closed","ping_status":"closed","sticky":false,"template":"","format":"standard","meta":{"footnotes":""},"categories":[13163,44],"tags":[3344,3451,2608,2995],"class_list":["post-396931","post","type-post","status-publish","format-standard","has-post-thumbnail","hentry","category-epingle","category-national","tag-mali","tag-tunisair","tag-tunisie","tag-vol"],"yoast_head":"<!-- This site is optimized with the Yoast SEO Premium plugin v27.4 (Yoast SEO v27.4) - https:\/\/yoast.com\/product\/yoast-seo-premium-wordpress\/ -->\n<title>Conflit arm\u00e9 : Tunisair annule ses vols vers Bamako - webdo<\/title>\n<meta name=\"description\" content=\"Tunisair annonce l&#039;annulation de deux vols pour Bamako en raison de la situation s\u00e9curitaire. Plus d&#039;informations ici.\" \/>\n<link rel=\"canonical\" href=\"https:\/\/www.webdo.tn\/fr\/actualite\/national\/conflit-arme-tunisair-annule-ses-vols-vers-bamako\/396931\/\" \/>\n<meta property=\"og:locale\" content=\"fr_FR\" \/>\n<meta property=\"og:type\" content=\"article\" \/>\n<meta property=\"og:title\" content=\"Conflit arm\u00e9 : Tunisair annule ses vols vers Bamako\" \/>\n<meta property=\"og:description\" content=\"Tunisair annonce l&#039;annulation de deux vols pour Bamako en raison de la situation s\u00e9curitaire. Plus d&#039;informations ici.\" \/>\n<meta property=\"og:url\" content=\"https:\/\/www.webdo.tn\/fr\/actualite\/national\/conflit-arme-tunisair-annule-ses-vols-vers-bamako\/396931\/\" \/>\n<meta property=\"og:site_name\" content=\"webdo\" \/>\n<meta property=\"article:publisher\" content=\"https:\/\/www.facebook.com\/webdotn\" \/>\n<meta property=\"article:published_time\" content=\"2026-04-27T17:28:14+00:00\" \/>\n<meta property=\"article:modified_time\" content=\"2026-04-27T17:28:15+00:00\" \/>\n<meta property=\"og:image\" content=\"https:\/\/www.webdo.tn\/fr\/wp-content\/uploads\/2026\/03\/tunisair.jpg\" \/>\n\t<meta property=\"og:image:width\" content=\"1200\" \/>\n\t<meta property=\"og:image:height\" content=\"608\" \/>\n\t<meta property=\"og:image:type\" content=\"image\/jpeg\" \/>\n<meta name=\"author\" content=\"Wided Belhaj\" \/>\n<meta name=\"twitter:card\" content=\"summary_large_image\" \/>\n<meta name=\"twitter:creator\" content=\"@webdo_tn\" \/>\n<meta name=\"twitter:site\" content=\"@webdo_tn\" \/>\n<meta name=\"twitter:label1\" content=\"\u00c9crit par\" \/>\n\t<meta name=\"twitter:data1\" content=\"Wided Belhaj\" \/>\n\t<meta name=\"twitter:label2\" content=\"Dur\u00e9e de lecture estim\u00e9e\" \/>\n\t<meta name=\"twitter:data2\" content=\"2 minutes\" \/>\n<script type=\"application\/ld+json\" class=\"yoast-schema-graph\">{\"@context\":\"https:\\\/\\\/schema.org\",\"@graph\":[{\"@type\":\"NewsArticle\",\"@id\":\"https:\\\/\\\/www.webdo.tn\\\/fr\\\/actualite\\\/national\\\/conflit-arme-tunisair-annule-ses-vols-vers-bamako\\\/396931\\\/#article\",\"isPartOf\":{\"@id\":\"https:\\\/\\\/www.webdo.tn\\\/fr\\\/actualite\\\/national\\\/conflit-arme-tunisair-annule-ses-vols-vers-bamako\\\/396931\\\/\"},\"author\":{\"name\":\"Wided Belhaj\",\"@id\":\"https:\\\/\\\/www.webdo.tn\\\/fr\\\/#\\\/schema\\\/person\\\/b9ecde7a5574cb4fcf4b496ea5fadb15\"},\"headline\":\"Conflit arm\u00e9 : Tunisair annule ses vols vers Bamako\",\"datePublished\":\"2026-04-27T17:28:14+00:00\",\"dateModified\":\"2026-04-27T17:28:15+00:00\",\"mainEntityOfPage\":{\"@id\":\"https:\\\/\\\/www.webdo.tn\\\/fr\\\/actualite\\\/national\\\/conflit-arme-tunisair-annule-ses-vols-vers-bamako\\\/396931\\\/\"},\"wordCount\":379,\"publisher\":{\"@id\":\"https:\\\/\\\/www.webdo.tn\\\/fr\\\/#organization\"},\"image\":{\"@id\":\"https:\\\/\\\/www.webdo.tn\\\/fr\\\/actualite\\\/national\\\/conflit-arme-tunisair-annule-ses-vols-vers-bamako\\\/396931\\\/#primaryimage\"},\"thumbnailUrl\":\"https:\\\/\\\/www.webdo.tn\\\/fr\\\/wp-content\\\/uploads\\\/2026\\\/03\\\/tunisair.jpg\",\"keywords\":[\"Mali\",\"Tunisair\",\"Tunisie\",\"vol\"],\"articleSection\":[\"\u00c9pingle\",\"National\"],\"inLanguage\":\"fr-FR\"},{\"@type\":\"WebPage\",\"@id\":\"https:\\\/\\\/www.webdo.tn\\\/fr\\\/actualite\\\/national\\\/conflit-arme-tunisair-annule-ses-vols-vers-bamako\\\/396931\\\/\",\"url\":\"https:\\\/\\\/www.webdo.tn\\\/fr\\\/actualite\\\/national\\\/conflit-arme-tunisair-annule-ses-vols-vers-bamako\\\/396931\\\/\",\"name\":\"Conflit arm\u00e9 : Tunisair annule ses vols vers Bamako - webdo\",\"isPartOf\":{\"@id\":\"https:\\\/\\\/www.webdo.tn\\\/fr\\\/#website\"},\"primaryImageOfPage\":{\"@id\":\"https:\\\/\\\/www.webdo.tn\\\/fr\\\/actualite\\\/national\\\/conflit-arme-tunisair-annule-ses-vols-vers-bamako\\\/396931\\\/#primaryimage\"},\"image\":{\"@id\":\"https:\\\/\\\/www.webdo.tn\\\/fr\\\/actualite\\\/national\\\/conflit-arme-tunisair-annule-ses-vols-vers-bamako\\\/396931\\\/#primaryimage\"},\"thumbnailUrl\":\"https:\\\/\\\/www.webdo.tn\\\/fr\\\/wp-content\\\/uploads\\\/2026\\\/03\\\/tunisair.jpg\",\"datePublished\":\"2026-04-27T17:28:14+00:00\",\"dateModified\":\"2026-04-27T17:28:15+00:00\",\"description\":\"Tunisair annonce l'annulation de deux vols pour Bamako en raison de la situation s\u00e9curitaire. Plus d'informations ici.\",\"breadcrumb\":{\"@id\":\"https:\\\/\\\/www.webdo.tn\\\/fr\\\/actualite\\\/national\\\/conflit-arme-tunisair-annule-ses-vols-vers-bamako\\\/396931\\\/#breadcrumb\"},\"inLanguage\":\"fr-FR\",\"potentialAction\":[{\"@type\":\"ReadAction\",\"target\":[\"https:\\\/\\\/www.webdo.tn\\\/fr\\\/actualite\\\/national\\\/conflit-arme-tunisair-annule-ses-vols-vers-bamako\\\/396931\\\/\"]}]},{\"@type\":\"ImageObject\",\"inLanguage\":\"fr-FR\",\"@id\":\"https:\\\/\\\/www.webdo.tn\\\/fr\\\/actualite\\\/national\\\/conflit-arme-tunisair-annule-ses-vols-vers-bamako\\\/396931\\\/#primaryimage\",\"url\":\"https:\\\/\\\/www.webdo.tn\\\/fr\\\/wp-content\\\/uploads\\\/2026\\\/03\\\/tunisair.jpg\",\"contentUrl\":\"https:\\\/\\\/www.webdo.tn\\\/fr\\\/wp-content\\\/uploads\\\/2026\\\/03\\\/tunisair.jpg\",\"width\":1200,\"height\":608,\"caption\":\"Tunisair sous pression parlementaire : Restructuration et retards au c\u0153ur d\u2019une audition\"},{\"@type\":\"BreadcrumbList\",\"@id\":\"https:\\\/\\\/www.webdo.tn\\\/fr\\\/actualite\\\/national\\\/conflit-arme-tunisair-annule-ses-vols-vers-bamako\\\/396931\\\/#breadcrumb\",\"itemListElement\":[{\"@type\":\"ListItem\",\"position\":1,\"name\":\"Accueil\",\"item\":\"https:\\\/\\\/www.webdo.tn\\\/fr\\\/\"},{\"@type\":\"ListItem\",\"position\":2,\"name\":\"Conflit arm\u00e9 : Tunisair annule ses vols vers Bamako\"}]},{\"@type\":\"WebSite\",\"@id\":\"https:\\\/\\\/www.webdo.tn\\\/fr\\\/#website\",\"url\":\"https:\\\/\\\/www.webdo.tn\\\/fr\\\/\",\"name\":\"webdo\",\"description\":\"Tunisie - News en Tunisie et \u00e0 l&#039;international sur Webdo.tn\",\"publisher\":{\"@id\":\"https:\\\/\\\/www.webdo.tn\\\/fr\\\/#organization\"},\"potentialAction\":[{\"@type\":\"SearchAction\",\"target\":{\"@type\":\"EntryPoint\",\"urlTemplate\":\"https:\\\/\\\/www.webdo.tn\\\/fr\\\/?s={search_term_string}\"},\"query-input\":{\"@type\":\"PropertyValueSpecification\",\"valueRequired\":true,\"valueName\":\"search_term_string\"}}],\"inLanguage\":\"fr-FR\"},{\"@type\":\"Organization\",\"@id\":\"https:\\\/\\\/www.webdo.tn\\\/fr\\\/#organization\",\"name\":\"Webdo\",\"alternateName\":\"Webdo.tn\",\"url\":\"https:\\\/\\\/www.webdo.tn\\\/fr\\\/\",\"logo\":{\"@type\":\"ImageObject\",\"inLanguage\":\"fr-FR\",\"@id\":\"https:\\\/\\\/www.webdo.tn\\\/fr\\\/#\\\/schema\\\/logo\\\/image\\\/\",\"url\":\"https:\\\/\\\/www.webdo.tn\\\/fr\\\/wp-content\\\/uploads\\\/2025\\\/06\\\/Webdo-Tunisie_168377.jpg\",\"contentUrl\":\"https:\\\/\\\/www.webdo.tn\\\/fr\\\/wp-content\\\/uploads\\\/2025\\\/06\\\/Webdo-Tunisie_168377.jpg\",\"width\":301,\"height\":301,\"caption\":\"Webdo\"},\"image\":{\"@id\":\"https:\\\/\\\/www.webdo.tn\\\/fr\\\/#\\\/schema\\\/logo\\\/image\\\/\"},\"sameAs\":[\"https:\\\/\\\/www.facebook.com\\\/webdotn\",\"https:\\\/\\\/x.com\\\/webdo_tn\"],\"description\":\"Webdo est un m\u00e9dia num\u00e9rique tunisien fond\u00e9 en 2010, sp\u00e9cialis\u00e9 dans l\u2019actualit\u00e9 nationale et internationale, l\u2019\u00e9conomie, la soci\u00e9t\u00e9 et les analyses politiques. Le site s\u2019adresse \u00e0 un large public francophone et couvre l\u2019information tunisienne en temps r\u00e9el.\",\"email\":\"redac@webdo.tn\",\"legalName\":\"YNJ SARL\",\"foundingDate\":\"2010-09-06\",\"numberOfEmployees\":{\"@type\":\"QuantitativeValue\",\"minValue\":\"11\",\"maxValue\":\"50\"}},{\"@type\":\"Person\",\"@id\":\"https:\\\/\\\/www.webdo.tn\\\/fr\\\/#\\\/schema\\\/person\\\/b9ecde7a5574cb4fcf4b496ea5fadb15\",\"name\":\"Wided Belhaj\",\"image\":{\"@type\":\"ImageObject\",\"inLanguage\":\"fr-FR\",\"@id\":\"https:\\\/\\\/www.webdo.tn\\\/fr\\\/wp-content\\\/uploads\\\/2026\\\/04\\\/wided-belhaj_avatar-96x96.jpg\",\"url\":\"https:\\\/\\\/www.webdo.tn\\\/fr\\\/wp-content\\\/uploads\\\/2026\\\/04\\\/wided-belhaj_avatar-96x96.jpg\",\"contentUrl\":\"https:\\\/\\\/www.webdo.tn\\\/fr\\\/wp-content\\\/uploads\\\/2026\\\/04\\\/wided-belhaj_avatar-96x96.jpg\",\"caption\":\"Wided Belhaj\"},\"description\":\"Wided Belhaj est le pseudonyme \u00e9ditorial utilis\u00e9 par Khalil Jelassi, journaliste, ma\u00eetre-assistant \u00e0 l\u2019Institut de presse et des sciences de l\u2019information (IPSI) et chercheur en sciences de l\u2019information et de la communication. Cette signature est d\u00e9di\u00e9e \u00e0 l\u2019analyse des m\u00e9dias, des pratiques journalistiques et des mutations de l\u2019information \u00e0 l\u2019\u00e8re digitale. \u00c0 travers ses contributions, Wided Belhaj propose une lecture analytique de l\u2019actualit\u00e9, en croisant regard critique et expertise acad\u00e9mique.\",\"knowsAbout\":[\"m\u00e9dias\",\"journalisme\",\"communication\",\"information\",\"transformation num\u00e9rique\",\"analyse des m\u00e9dias\"],\"knowsLanguage\":[\"Fran\u00e7ais\",\"Arabe\"],\"jobTitle\":\"Webdo.tn\",\"worksFor\":\"Journaliste \u2013 Analyse des m\u00e9dias\",\"url\":\"https:\\\/\\\/www.webdo.tn\\\/fr\\\/actualite\\\/author\\\/wided-belhaj\\\/\"}]}<\/script>\n<!-- \/ Yoast SEO Premium plugin. -->","yoast_head_json":{"title":"Conflit arm\u00e9 : Tunisair annule ses vols vers Bamako - webdo","description":"Tunisair annonce l'annulation de deux vols pour Bamako en raison de la situation s\u00e9curitaire. Plus d'informations ici.","canonical":"https:\/\/www.webdo.tn\/fr\/actualite\/national\/conflit-arme-tunisair-annule-ses-vols-vers-bamako\/396931\/","og_locale":"fr_FR","og_type":"article","og_title":"Conflit arm\u00e9 : Tunisair annule ses vols vers Bamako","og_description":"Tunisair annonce l'annulation de deux vols pour Bamako en raison de la situation s\u00e9curitaire. Plus d'informations ici.","og_url":"https:\/\/www.webdo.tn\/fr\/actualite\/national\/conflit-arme-tunisair-annule-ses-vols-vers-bamako\/396931\/","og_site_name":"webdo","article_publisher":"https:\/\/www.facebook.com\/webdotn","article_published_time":"2026-04-27T17:28:14+00:00","article_modified_time":"2026-04-27T17:28:15+00:00","og_image":[{"width":1200,"height":608,"url":"https:\/\/www.webdo.tn\/fr\/wp-content\/uploads\/2026\/03\/tunisair.jpg","type":"image\/jpeg"}],"author":"Wided Belhaj","twitter_card":"summary_large_image","twitter_creator":"@webdo_tn","twitter_site":"@webdo_tn","twitter_misc":{"\u00c9crit par":"Wided Belhaj","Dur\u00e9e de lecture estim\u00e9e":"2 minutes"},"schema":{"@context":"https:\/\/schema.org","@graph":[{"@type":"NewsArticle","@id":"https:\/\/www.webdo.tn\/fr\/actualite\/national\/conflit-arme-tunisair-annule-ses-vols-vers-bamako\/396931\/#article","isPartOf":{"@id":"https:\/\/www.webdo.tn\/fr\/actualite\/national\/conflit-arme-tunisair-annule-ses-vols-vers-bamako\/396931\/"},"author":{"name":"Wided Belhaj","@id":"https:\/\/www.webdo.tn\/fr\/#\/schema\/person\/b9ecde7a5574cb4fcf4b496ea5fadb15"},"headline":"Conflit arm\u00e9 : Tunisair annule ses vols vers Bamako","datePublished":"2026-04-27T17:28:14+00:00","dateModified":"2026-04-27T17:28:15+00:00","mainEntityOfPage":{"@id":"https:\/\/www.webdo.tn\/fr\/actualite\/national\/conflit-arme-tunisair-annule-ses-vols-vers-bamako\/396931\/"},"wordCount":379,"publisher":{"@id":"https:\/\/www.webdo.tn\/fr\/#organization"},"image":{"@id":"https:\/\/www.webdo.tn\/fr\/actualite\/national\/conflit-arme-tunisair-annule-ses-vols-vers-bamako\/396931\/#primaryimage"},"thumbnailUrl":"https:\/\/www.webdo.tn\/fr\/wp-content\/uploads\/2026\/03\/tunisair.jpg","keywords":["Mali","Tunisair","Tunisie","vol"],"articleSection":["\u00c9pingle","National"],"inLanguage":"fr-FR"},{"@type":"WebPage","@id":"https:\/\/www.webdo.tn\/fr\/actualite\/national\/conflit-arme-tunisair-annule-ses-vols-vers-bamako\/396931\/","url":"https:\/\/www.webdo.tn\/fr\/actualite\/national\/conflit-arme-tunisair-annule-ses-vols-vers-bamako\/396931\/","name":"Conflit arm\u00e9 : Tunisair annule ses vols vers Bamako - webdo","isPartOf":{"@id":"https:\/\/www.webdo.tn\/fr\/#website"},"primaryImageOfPage":{"@id":"https:\/\/www.webdo.tn\/fr\/actualite\/national\/conflit-arme-tunisair-annule-ses-vols-vers-bamako\/396931\/#primaryimage"},"image":{"@id":"https:\/\/www.webdo.tn\/fr\/actualite\/national\/conflit-arme-tunisair-annule-ses-vols-vers-bamako\/396931\/#primaryimage"},"thumbnailUrl":"https:\/\/www.webdo.tn\/fr\/wp-content\/uploads\/2026\/03\/tunisair.jpg","datePublished":"2026-04-27T17:28:14+00:00","dateModified":"2026-04-27T17:28:15+00:00","description":"Tunisair annonce l'annulation de deux vols pour Bamako en raison de la situation s\u00e9curitaire. Plus d'informations ici.","breadcrumb":{"@id":"https:\/\/www.webdo.tn\/fr\/actualite\/national\/conflit-arme-tunisair-annule-ses-vols-vers-bamako\/396931\/#breadcrumb"},"inLanguage":"fr-FR","potentialAction":[{"@type":"ReadAction","target":["https:\/\/www.webdo.tn\/fr\/actualite\/national\/conflit-arme-tunisair-annule-ses-vols-vers-bamako\/396931\/"]}]},{"@type":"ImageObject","inLanguage":"fr-FR","@id":"https:\/\/www.webdo.tn\/fr\/actualite\/national\/conflit-arme-tunisair-annule-ses-vols-vers-bamako\/396931\/#primaryimage","url":"https:\/\/www.webdo.tn\/fr\/wp-content\/uploads\/2026\/03\/tunisair.jpg","contentUrl":"https:\/\/www.webdo.tn\/fr\/wp-content\/uploads\/2026\/03\/tunisair.jpg","width":1200,"height":608,"caption":"Tunisair sous pression parlementaire : Restructuration et retards au c\u0153ur d\u2019une audition"},{"@type":"BreadcrumbList","@id":"https:\/\/www.webdo.tn\/fr\/actualite\/national\/conflit-arme-tunisair-annule-ses-vols-vers-bamako\/396931\/#breadcrumb","itemListElement":[{"@type":"ListItem","position":1,"name":"Accueil","item":"https:\/\/www.webdo.tn\/fr\/"},{"@type":"ListItem","position":2,"name":"Conflit arm\u00e9 : Tunisair annule ses vols vers Bamako"}]},{"@type":"WebSite","@id":"https:\/\/www.webdo.tn\/fr\/#website","url":"https:\/\/www.webdo.tn\/fr\/","name":"webdo","description":"Tunisie - News en Tunisie et \u00e0 l&#039;international sur Webdo.tn","publisher":{"@id":"https:\/\/www.webdo.tn\/fr\/#organization"},"potentialAction":[{"@type":"SearchAction","target":{"@type":"EntryPoint","urlTemplate":"https:\/\/www.webdo.tn\/fr\/?s={search_term_string}"},"query-input":{"@type":"PropertyValueSpecification","valueRequired":true,"valueName":"search_term_string"}}],"inLanguage":"fr-FR"},{"@type":"Organization","@id":"https:\/\/www.webdo.tn\/fr\/#organization","name":"Webdo","alternateName":"Webdo.tn","url":"https:\/\/www.webdo.tn\/fr\/","logo":{"@type":"ImageObject","inLanguage":"fr-FR","@id":"https:\/\/www.webdo.tn\/fr\/#\/schema\/logo\/image\/","url":"https:\/\/www.webdo.tn\/fr\/wp-content\/uploads\/2025\/06\/Webdo-Tunisie_168377.jpg","contentUrl":"https:\/\/www.webdo.tn\/fr\/wp-content\/uploads\/2025\/06\/Webdo-Tunisie_168377.jpg","width":301,"height":301,"caption":"Webdo"},"image":{"@id":"https:\/\/www.webdo.tn\/fr\/#\/schema\/logo\/image\/"},"sameAs":["https:\/\/www.facebook.com\/webdotn","https:\/\/x.com\/webdo_tn"],"description":"Webdo est un m\u00e9dia num\u00e9rique tunisien fond\u00e9 en 2010, sp\u00e9cialis\u00e9 dans l\u2019actualit\u00e9 nationale et internationale, l\u2019\u00e9conomie, la soci\u00e9t\u00e9 et les analyses politiques. Le site s\u2019adresse \u00e0 un large public francophone et couvre l\u2019information tunisienne en temps r\u00e9el.","email":"redac@webdo.tn","legalName":"YNJ SARL","foundingDate":"2010-09-06","numberOfEmployees":{"@type":"QuantitativeValue","minValue":"11","maxValue":"50"}},{"@type":"Person","@id":"https:\/\/www.webdo.tn\/fr\/#\/schema\/person\/b9ecde7a5574cb4fcf4b496ea5fadb15","name":"Wided Belhaj","image":{"@type":"ImageObject","inLanguage":"fr-FR","@id":"https:\/\/www.webdo.tn\/fr\/wp-content\/uploads\/2026\/04\/wided-belhaj_avatar-96x96.jpg","url":"https:\/\/www.webdo.tn\/fr\/wp-content\/uploads\/2026\/04\/wided-belhaj_avatar-96x96.jpg","contentUrl":"https:\/\/www.webdo.tn\/fr\/wp-content\/uploads\/2026\/04\/wided-belhaj_avatar-96x96.jpg","caption":"Wided Belhaj"},"description":"Wided Belhaj est le pseudonyme \u00e9ditorial utilis\u00e9 par Khalil Jelassi, journaliste, ma\u00eetre-assistant \u00e0 l\u2019Institut de presse et des sciences de l\u2019information (IPSI) et chercheur en sciences de l\u2019information et de la communication. Cette signature est d\u00e9di\u00e9e \u00e0 l\u2019analyse des m\u00e9dias, des pratiques journalistiques et des mutations de l\u2019information \u00e0 l\u2019\u00e8re digitale. \u00c0 travers ses contributions, Wided Belhaj propose une lecture analytique de l\u2019actualit\u00e9, en croisant regard critique et expertise acad\u00e9mique.","knowsAbout":["m\u00e9dias","journalisme","communication","information","transformation num\u00e9rique","analyse des m\u00e9dias"],"knowsLanguage":["Fran\u00e7ais","Arabe"],"jobTitle":"Webdo.tn","worksFor":"Journaliste \u2013 Analyse des m\u00e9dias","url":"https:\/\/www.webdo.tn\/fr\/actualite\/author\/wided-belhaj\/"}]}},"_links":{"self":[{"href":"https:\/\/www.webdo.tn\/fr\/wp-json\/wp\/v2\/posts\/396931","targetHints":{"allow":["GET"]}}],"collection":[{"href":"https:\/\/www.webdo.tn\/fr\/wp-json\/wp\/v2\/posts"}],"about":[{"href":"https:\/\/www.webdo.tn\/fr\/wp-json\/wp\/v2\/types\/post"}],"author":[{"embeddable":true,"href":"https:\/\/www.webdo.tn\/fr\/wp-json\/wp\/v2\/users\/3184"}],"replies":[{"embeddable":true,"href":"https:\/\/www.webdo.tn\/fr\/wp-json\/wp\/v2\/comments?post=396931"}],"version-history":[{"count":1,"href":"https:\/\/www.webdo.tn\/fr\/wp-json\/wp\/v2\/posts\/396931\/revisions"}],"predecessor-version":[{"id":396932,"href":"https:\/\/www.webdo.tn\/fr\/wp-json\/wp\/v2\/posts\/396931\/revisions\/396932"}],"wp:featuredmedia":[{"embeddable":true,"href":"https:\/\/www.webdo.tn\/fr\/wp-json\/wp\/v2\/media\/394057"}],"wp:attachment":[{"href":"https:\/\/www.webdo.tn\/fr\/wp-json\/wp\/v2\/media?parent=396931"}],"wp:term":[{"taxonomy":"category","embeddable":true,"href":"https:\/\/www.webdo.tn\/fr\/wp-json\/wp\/v2\/categories?post=396931"},{"taxonomy":"post_tag","embeddable":true,"href":"https:\/\/www.webdo.tn\/fr\/wp-json\/wp\/v2\/tags?post=396931"}],"curies":[{"name":"wp","href":"https:\/\/api.w.org\/{rel}","templated":true}]}}