{"id":396927,"date":"2026-04-27T18:13:24","date_gmt":"2026-04-27T17:13:24","guid":{"rendered":"https:\/\/www.webdo.tn\/fr\/?p=396927"},"modified":"2026-04-27T18:24:09","modified_gmt":"2026-04-27T17:24:09","slug":"tunisie-feu-vert-americain-pour-une-vente-militaire-de-95-millions-de-dollars","status":"publish","type":"post","link":"https:\/\/www.webdo.tn\/fr\/actualite\/national\/tunisie-feu-vert-americain-pour-une-vente-militaire-de-95-millions-de-dollars\/396927\/","title":{"rendered":"Tunisie : Feu vert am\u00e9ricain pour une vente militaire de 95 millions de dollars"},"content":{"rendered":"\n<p><strong>Le D\u00e9partement d\u2019\u00c9tat des \u00c9tats-Unis a annonc\u00e9 son approbation d\u2019une<a href=\"https:\/\/www.state.gov\/releases\/bureau-of-political-military-affairs\/2026\/04\/tunisia-border-security-project-phase-iii\/?fbclid=IwY2xjawRcb5tleHRuA2FlbQIxMABicmlkETFUMXY5NHZhWjE4QmFoeVlZc3J0YwZhcHBfaWQQMjIyMDM5MTc4ODIwMDg5MgABHk_2fAmQOlE4nhmV2P3xmzAJXDqdyji1zyMyAzteCxjIWDsMU0VHfwDswgES_aem_XhvLohLIuGN-o61TZwayZw\"> \u00e9ventuelle vente militaire \u00e0 l\u2019\u00e9tranger<\/a> au profit de la Tunisie, d\u2019un montant estim\u00e9 \u00e0 95 millions de dollars. Cette op\u00e9ration s\u2019inscrit dans le cadre du soutien \u00e0 la troisi\u00e8me phase du projet de s\u00e9curisation des fronti\u00e8res.<\/strong><\/p>\n\n\n\n<p>Selon les informations publi\u00e9es, l\u2019accord porte sur des \u00e9quipements de d\u00e9fense non l\u00e9taux, comprenant notamment des v\u00e9hicules de terrain, des syst\u00e8mes de communication, des cam\u00e9ras thermiques, des radars et divers capteurs. <\/p>\n\n\n\n<h2 class=\"wp-block-heading\" id=\"h-des-technologies-avancees-de-detection-des-explosifs\">Des technologies avanc\u00e9es de d\u00e9tection des explosifs <\/h2>\n\n\n\n<p>Le dispositif inclut \u00e9galement des technologies avanc\u00e9es de d\u00e9tection des explosifs ainsi que des mati\u00e8res chimiques et radiologiques, en plus de syst\u00e8mes de commandement et de contr\u00f4le, d\u2019\u00e9quipements de soutien logistique et de prestations d\u2019installation et de formation.<\/p>\n\n\n\n<p class=\"has-medium-font-size\"><strong>Lire aussi :<\/strong> <a href=\"https:\/\/www.webdo.tn\/fr\/actualite\/national\/la-pentagone-approuve-la-vente-de-missiles-javelin-a-la-tunisie\/218077\/\">Le Pentagone approuve la vente de missiles Javelin \u00e0 la Tunisie<\/a><br><\/p>\n\n\n\n<p>Le D\u00e9partement d\u2019\u00c9tat pr\u00e9cise que cette transaction r\u00e9pond aux objectifs de la politique \u00e9trang\u00e8re et de s\u00e9curit\u00e9 nationale des \u00c9tats-Unis, en renfor\u00e7ant les capacit\u00e9s d\u2019un partenaire strat\u00e9gique. La Tunisie est en effet consid\u00e9r\u00e9e comme un alli\u00e9 majeur hors OTAN, un statut qui contribue \u00e0 consolider la coop\u00e9ration s\u00e9curitaire entre les deux pays.<\/p>\n\n\n\n<h2 class=\"wp-block-heading\" id=\"h-renforcement-durable-des-capacites-de-defense-tunisiennes\">Renforcement durable des capacit\u00e9s de d\u00e9fense tunisiennes<\/h2>\n\n\n\n<p>Au-del\u00e0 de l\u2019aspect s\u00e9curitaire imm\u00e9diat, cette op\u00e9ration devrait permettre un renforcement durable des capacit\u00e9s de d\u00e9fense tunisiennes, en particulier en mati\u00e8re de protection des fronti\u00e8res et de pr\u00e9servation de la souverainet\u00e9 nationale, avec des retomb\u00e9es attendues sur la stabilit\u00e9 politique et le d\u00e9veloppement \u00e9conomique en Afrique du Nord.<\/p>\n\n\n\n<p>La mise en \u0153uvre du projet devrait \u00eatre assur\u00e9e par les entreprises am\u00e9ricaines L3Harris Technologies, bas\u00e9e en Floride, et Toyota, impliqu\u00e9e dans ce programme depuis le Texas.<\/p>\n\n\n\n<p><\/p>\n","protected":false},"excerpt":{"rendered":"<p>Le D\u00e9partement d\u2019\u00c9tat des \u00c9tats-Unis a annonc\u00e9 son approbation d\u2019une \u00e9ventuelle vente militaire \u00e0 l\u2019\u00e9tranger au profit de la Tunisie, d\u2019un montant estim\u00e9 \u00e0 95 millions de dollars. Cette op\u00e9ration s\u2019inscrit dans le cadre du soutien \u00e0 la troisi\u00e8me phase du projet de s\u00e9curisation des fronti\u00e8res. Selon les informations publi\u00e9es, l\u2019accord porte sur des \u00e9quipements [&hellip;]<\/p>\n","protected":false},"author":3184,"featured_media":396928,"comment_status":"closed","ping_status":"closed","sticky":false,"template":"","format":"standard","meta":{"footnotes":""},"categories":[13163,44],"tags":[4151,2608,3061],"class_list":["post-396927","post","type-post","status-publish","format-standard","has-post-thumbnail","hentry","category-epingle","category-national","tag-militaire","tag-tunisie","tag-usa"],"yoast_head":"<!-- This site is optimized with the Yoast SEO Premium plugin v27.4 (Yoast SEO v27.4) - https:\/\/yoast.com\/product\/yoast-seo-premium-wordpress\/ -->\n<title>Tunisie : Feu vert am\u00e9ricain pour une vente militaire de 95 millions de dollars - webdo<\/title>\n<meta name=\"description\" content=\"D\u00e9couvrez les d\u00e9tails de la vente militaire des \u00c9tats-Unis \u00e0 la Tunisie, \u00e9valu\u00e9e \u00e0 95 millions de dollars pour s\u00e9curiser les fronti\u00e8res.\" \/>\n<link rel=\"canonical\" href=\"https:\/\/www.webdo.tn\/fr\/actualite\/national\/tunisie-feu-vert-americain-pour-une-vente-militaire-de-95-millions-de-dollars\/396927\/\" \/>\n<meta property=\"og:locale\" content=\"fr_FR\" \/>\n<meta property=\"og:type\" content=\"article\" \/>\n<meta property=\"og:title\" content=\"Tunisie : Feu vert am\u00e9ricain pour une vente militaire de 95 millions de dollars\" \/>\n<meta property=\"og:description\" content=\"D\u00e9couvrez les d\u00e9tails de la vente militaire des \u00c9tats-Unis \u00e0 la Tunisie, \u00e9valu\u00e9e \u00e0 95 millions de dollars pour s\u00e9curiser les fronti\u00e8res.\" \/>\n<meta property=\"og:url\" content=\"https:\/\/www.webdo.tn\/fr\/actualite\/national\/tunisie-feu-vert-americain-pour-une-vente-militaire-de-95-millions-de-dollars\/396927\/\" \/>\n<meta property=\"og:site_name\" content=\"webdo\" \/>\n<meta property=\"article:publisher\" content=\"https:\/\/www.facebook.com\/webdotn\" \/>\n<meta property=\"article:published_time\" content=\"2026-04-27T17:13:24+00:00\" \/>\n<meta property=\"article:modified_time\" content=\"2026-04-27T17:24:09+00:00\" \/>\n<meta property=\"og:image\" content=\"https:\/\/www.webdo.tn\/fr\/wp-content\/uploads\/2026\/04\/USA.jpg\" \/>\n\t<meta property=\"og:image:width\" content=\"1200\" \/>\n\t<meta property=\"og:image:height\" content=\"599\" \/>\n\t<meta property=\"og:image:type\" content=\"image\/jpeg\" \/>\n<meta name=\"author\" content=\"Wided Belhaj\" \/>\n<meta name=\"twitter:card\" content=\"summary_large_image\" \/>\n<meta name=\"twitter:creator\" content=\"@webdo_tn\" \/>\n<meta name=\"twitter:site\" content=\"@webdo_tn\" \/>\n<meta name=\"twitter:label1\" content=\"\u00c9crit par\" \/>\n\t<meta name=\"twitter:data1\" content=\"Wided Belhaj\" \/>\n\t<meta name=\"twitter:label2\" content=\"Dur\u00e9e de lecture estim\u00e9e\" \/>\n\t<meta name=\"twitter:data2\" content=\"2 minutes\" \/>\n<script type=\"application\/ld+json\" class=\"yoast-schema-graph\">{\"@context\":\"https:\\\/\\\/schema.org\",\"@graph\":[{\"@type\":\"NewsArticle\",\"@id\":\"https:\\\/\\\/www.webdo.tn\\\/fr\\\/actualite\\\/national\\\/tunisie-feu-vert-americain-pour-une-vente-militaire-de-95-millions-de-dollars\\\/396927\\\/#article\",\"isPartOf\":{\"@id\":\"https:\\\/\\\/www.webdo.tn\\\/fr\\\/actualite\\\/national\\\/tunisie-feu-vert-americain-pour-une-vente-militaire-de-95-millions-de-dollars\\\/396927\\\/\"},\"author\":{\"name\":\"Wided Belhaj\",\"@id\":\"https:\\\/\\\/www.webdo.tn\\\/fr\\\/#\\\/schema\\\/person\\\/b9ecde7a5574cb4fcf4b496ea5fadb15\"},\"headline\":\"Tunisie : Feu vert am\u00e9ricain pour une vente militaire de 95 millions de dollars\",\"datePublished\":\"2026-04-27T17:13:24+00:00\",\"dateModified\":\"2026-04-27T17:24:09+00:00\",\"mainEntityOfPage\":{\"@id\":\"https:\\\/\\\/www.webdo.tn\\\/fr\\\/actualite\\\/national\\\/tunisie-feu-vert-americain-pour-une-vente-militaire-de-95-millions-de-dollars\\\/396927\\\/\"},\"wordCount\":334,\"publisher\":{\"@id\":\"https:\\\/\\\/www.webdo.tn\\\/fr\\\/#organization\"},\"image\":{\"@id\":\"https:\\\/\\\/www.webdo.tn\\\/fr\\\/actualite\\\/national\\\/tunisie-feu-vert-americain-pour-une-vente-militaire-de-95-millions-de-dollars\\\/396927\\\/#primaryimage\"},\"thumbnailUrl\":\"https:\\\/\\\/www.webdo.tn\\\/fr\\\/wp-content\\\/uploads\\\/2026\\\/04\\\/USA.jpg\",\"keywords\":[\"Militaire\",\"Tunisie\",\"USA\"],\"articleSection\":[\"\u00c9pingle\",\"National\"],\"inLanguage\":\"fr-FR\"},{\"@type\":\"WebPage\",\"@id\":\"https:\\\/\\\/www.webdo.tn\\\/fr\\\/actualite\\\/national\\\/tunisie-feu-vert-americain-pour-une-vente-militaire-de-95-millions-de-dollars\\\/396927\\\/\",\"url\":\"https:\\\/\\\/www.webdo.tn\\\/fr\\\/actualite\\\/national\\\/tunisie-feu-vert-americain-pour-une-vente-militaire-de-95-millions-de-dollars\\\/396927\\\/\",\"name\":\"Tunisie : Feu vert am\u00e9ricain pour une vente militaire de 95 millions de dollars - webdo\",\"isPartOf\":{\"@id\":\"https:\\\/\\\/www.webdo.tn\\\/fr\\\/#website\"},\"primaryImageOfPage\":{\"@id\":\"https:\\\/\\\/www.webdo.tn\\\/fr\\\/actualite\\\/national\\\/tunisie-feu-vert-americain-pour-une-vente-militaire-de-95-millions-de-dollars\\\/396927\\\/#primaryimage\"},\"image\":{\"@id\":\"https:\\\/\\\/www.webdo.tn\\\/fr\\\/actualite\\\/national\\\/tunisie-feu-vert-americain-pour-une-vente-militaire-de-95-millions-de-dollars\\\/396927\\\/#primaryimage\"},\"thumbnailUrl\":\"https:\\\/\\\/www.webdo.tn\\\/fr\\\/wp-content\\\/uploads\\\/2026\\\/04\\\/USA.jpg\",\"datePublished\":\"2026-04-27T17:13:24+00:00\",\"dateModified\":\"2026-04-27T17:24:09+00:00\",\"description\":\"D\u00e9couvrez les d\u00e9tails de la vente militaire des \u00c9tats-Unis \u00e0 la Tunisie, \u00e9valu\u00e9e \u00e0 95 millions de dollars pour s\u00e9curiser les fronti\u00e8res.\",\"breadcrumb\":{\"@id\":\"https:\\\/\\\/www.webdo.tn\\\/fr\\\/actualite\\\/national\\\/tunisie-feu-vert-americain-pour-une-vente-militaire-de-95-millions-de-dollars\\\/396927\\\/#breadcrumb\"},\"inLanguage\":\"fr-FR\",\"potentialAction\":[{\"@type\":\"ReadAction\",\"target\":[\"https:\\\/\\\/www.webdo.tn\\\/fr\\\/actualite\\\/national\\\/tunisie-feu-vert-americain-pour-une-vente-militaire-de-95-millions-de-dollars\\\/396927\\\/\"]}]},{\"@type\":\"ImageObject\",\"inLanguage\":\"fr-FR\",\"@id\":\"https:\\\/\\\/www.webdo.tn\\\/fr\\\/actualite\\\/national\\\/tunisie-feu-vert-americain-pour-une-vente-militaire-de-95-millions-de-dollars\\\/396927\\\/#primaryimage\",\"url\":\"https:\\\/\\\/www.webdo.tn\\\/fr\\\/wp-content\\\/uploads\\\/2026\\\/04\\\/USA.jpg\",\"contentUrl\":\"https:\\\/\\\/www.webdo.tn\\\/fr\\\/wp-content\\\/uploads\\\/2026\\\/04\\\/USA.jpg\",\"width\":1200,\"height\":599,\"caption\":\"USA Tunisie\"},{\"@type\":\"BreadcrumbList\",\"@id\":\"https:\\\/\\\/www.webdo.tn\\\/fr\\\/actualite\\\/national\\\/tunisie-feu-vert-americain-pour-une-vente-militaire-de-95-millions-de-dollars\\\/396927\\\/#breadcrumb\",\"itemListElement\":[{\"@type\":\"ListItem\",\"position\":1,\"name\":\"Accueil\",\"item\":\"https:\\\/\\\/www.webdo.tn\\\/fr\\\/\"},{\"@type\":\"ListItem\",\"position\":2,\"name\":\"Tunisie : Feu vert am\u00e9ricain pour une vente militaire de 95 millions de dollars\"}]},{\"@type\":\"WebSite\",\"@id\":\"https:\\\/\\\/www.webdo.tn\\\/fr\\\/#website\",\"url\":\"https:\\\/\\\/www.webdo.tn\\\/fr\\\/\",\"name\":\"webdo\",\"description\":\"Tunisie - News en Tunisie et \u00e0 l&#039;international sur Webdo.tn\",\"publisher\":{\"@id\":\"https:\\\/\\\/www.webdo.tn\\\/fr\\\/#organization\"},\"potentialAction\":[{\"@type\":\"SearchAction\",\"target\":{\"@type\":\"EntryPoint\",\"urlTemplate\":\"https:\\\/\\\/www.webdo.tn\\\/fr\\\/?s={search_term_string}\"},\"query-input\":{\"@type\":\"PropertyValueSpecification\",\"valueRequired\":true,\"valueName\":\"search_term_string\"}}],\"inLanguage\":\"fr-FR\"},{\"@type\":\"Organization\",\"@id\":\"https:\\\/\\\/www.webdo.tn\\\/fr\\\/#organization\",\"name\":\"Webdo\",\"alternateName\":\"Webdo.tn\",\"url\":\"https:\\\/\\\/www.webdo.tn\\\/fr\\\/\",\"logo\":{\"@type\":\"ImageObject\",\"inLanguage\":\"fr-FR\",\"@id\":\"https:\\\/\\\/www.webdo.tn\\\/fr\\\/#\\\/schema\\\/logo\\\/image\\\/\",\"url\":\"https:\\\/\\\/www.webdo.tn\\\/fr\\\/wp-content\\\/uploads\\\/2025\\\/06\\\/Webdo-Tunisie_168377.jpg\",\"contentUrl\":\"https:\\\/\\\/www.webdo.tn\\\/fr\\\/wp-content\\\/uploads\\\/2025\\\/06\\\/Webdo-Tunisie_168377.jpg\",\"width\":301,\"height\":301,\"caption\":\"Webdo\"},\"image\":{\"@id\":\"https:\\\/\\\/www.webdo.tn\\\/fr\\\/#\\\/schema\\\/logo\\\/image\\\/\"},\"sameAs\":[\"https:\\\/\\\/www.facebook.com\\\/webdotn\",\"https:\\\/\\\/x.com\\\/webdo_tn\"],\"description\":\"Webdo est un m\u00e9dia num\u00e9rique tunisien fond\u00e9 en 2010, sp\u00e9cialis\u00e9 dans l\u2019actualit\u00e9 nationale et internationale, l\u2019\u00e9conomie, la soci\u00e9t\u00e9 et les analyses politiques. Le site s\u2019adresse \u00e0 un large public francophone et couvre l\u2019information tunisienne en temps r\u00e9el.\",\"email\":\"redac@webdo.tn\",\"legalName\":\"YNJ SARL\",\"foundingDate\":\"2010-09-06\",\"numberOfEmployees\":{\"@type\":\"QuantitativeValue\",\"minValue\":\"11\",\"maxValue\":\"50\"}},{\"@type\":\"Person\",\"@id\":\"https:\\\/\\\/www.webdo.tn\\\/fr\\\/#\\\/schema\\\/person\\\/b9ecde7a5574cb4fcf4b496ea5fadb15\",\"name\":\"Wided Belhaj\",\"image\":{\"@type\":\"ImageObject\",\"inLanguage\":\"fr-FR\",\"@id\":\"https:\\\/\\\/www.webdo.tn\\\/fr\\\/wp-content\\\/uploads\\\/2026\\\/04\\\/wided-belhaj_avatar-96x96.jpg\",\"url\":\"https:\\\/\\\/www.webdo.tn\\\/fr\\\/wp-content\\\/uploads\\\/2026\\\/04\\\/wided-belhaj_avatar-96x96.jpg\",\"contentUrl\":\"https:\\\/\\\/www.webdo.tn\\\/fr\\\/wp-content\\\/uploads\\\/2026\\\/04\\\/wided-belhaj_avatar-96x96.jpg\",\"caption\":\"Wided Belhaj\"},\"description\":\"Wided Belhaj est le pseudonyme \u00e9ditorial utilis\u00e9 par Khalil Jelassi, journaliste, ma\u00eetre-assistant \u00e0 l\u2019Institut de presse et des sciences de l\u2019information (IPSI) et chercheur en sciences de l\u2019information et de la communication. Cette signature est d\u00e9di\u00e9e \u00e0 l\u2019analyse des m\u00e9dias, des pratiques journalistiques et des mutations de l\u2019information \u00e0 l\u2019\u00e8re digitale. \u00c0 travers ses contributions, Wided Belhaj propose une lecture analytique de l\u2019actualit\u00e9, en croisant regard critique et expertise acad\u00e9mique.\",\"knowsAbout\":[\"m\u00e9dias\",\"journalisme\",\"communication\",\"information\",\"transformation num\u00e9rique\",\"analyse des m\u00e9dias\"],\"knowsLanguage\":[\"Fran\u00e7ais\",\"Arabe\"],\"jobTitle\":\"Webdo.tn\",\"worksFor\":\"Journaliste \u2013 Analyse des m\u00e9dias\",\"url\":\"https:\\\/\\\/www.webdo.tn\\\/fr\\\/actualite\\\/author\\\/wided-belhaj\\\/\"}]}<\/script>\n<!-- \/ Yoast SEO Premium plugin. -->","yoast_head_json":{"title":"Tunisie : Feu vert am\u00e9ricain pour une vente militaire de 95 millions de dollars - webdo","description":"D\u00e9couvrez les d\u00e9tails de la vente militaire des \u00c9tats-Unis \u00e0 la Tunisie, \u00e9valu\u00e9e \u00e0 95 millions de dollars pour s\u00e9curiser les fronti\u00e8res.","canonical":"https:\/\/www.webdo.tn\/fr\/actualite\/national\/tunisie-feu-vert-americain-pour-une-vente-militaire-de-95-millions-de-dollars\/396927\/","og_locale":"fr_FR","og_type":"article","og_title":"Tunisie : Feu vert am\u00e9ricain pour une vente militaire de 95 millions de dollars","og_description":"D\u00e9couvrez les d\u00e9tails de la vente militaire des \u00c9tats-Unis \u00e0 la Tunisie, \u00e9valu\u00e9e \u00e0 95 millions de dollars pour s\u00e9curiser les fronti\u00e8res.","og_url":"https:\/\/www.webdo.tn\/fr\/actualite\/national\/tunisie-feu-vert-americain-pour-une-vente-militaire-de-95-millions-de-dollars\/396927\/","og_site_name":"webdo","article_publisher":"https:\/\/www.facebook.com\/webdotn","article_published_time":"2026-04-27T17:13:24+00:00","article_modified_time":"2026-04-27T17:24:09+00:00","og_image":[{"width":1200,"height":599,"url":"https:\/\/www.webdo.tn\/fr\/wp-content\/uploads\/2026\/04\/USA.jpg","type":"image\/jpeg"}],"author":"Wided Belhaj","twitter_card":"summary_large_image","twitter_creator":"@webdo_tn","twitter_site":"@webdo_tn","twitter_misc":{"\u00c9crit par":"Wided Belhaj","Dur\u00e9e de lecture estim\u00e9e":"2 minutes"},"schema":{"@context":"https:\/\/schema.org","@graph":[{"@type":"NewsArticle","@id":"https:\/\/www.webdo.tn\/fr\/actualite\/national\/tunisie-feu-vert-americain-pour-une-vente-militaire-de-95-millions-de-dollars\/396927\/#article","isPartOf":{"@id":"https:\/\/www.webdo.tn\/fr\/actualite\/national\/tunisie-feu-vert-americain-pour-une-vente-militaire-de-95-millions-de-dollars\/396927\/"},"author":{"name":"Wided Belhaj","@id":"https:\/\/www.webdo.tn\/fr\/#\/schema\/person\/b9ecde7a5574cb4fcf4b496ea5fadb15"},"headline":"Tunisie : Feu vert am\u00e9ricain pour une vente militaire de 95 millions de dollars","datePublished":"2026-04-27T17:13:24+00:00","dateModified":"2026-04-27T17:24:09+00:00","mainEntityOfPage":{"@id":"https:\/\/www.webdo.tn\/fr\/actualite\/national\/tunisie-feu-vert-americain-pour-une-vente-militaire-de-95-millions-de-dollars\/396927\/"},"wordCount":334,"publisher":{"@id":"https:\/\/www.webdo.tn\/fr\/#organization"},"image":{"@id":"https:\/\/www.webdo.tn\/fr\/actualite\/national\/tunisie-feu-vert-americain-pour-une-vente-militaire-de-95-millions-de-dollars\/396927\/#primaryimage"},"thumbnailUrl":"https:\/\/www.webdo.tn\/fr\/wp-content\/uploads\/2026\/04\/USA.jpg","keywords":["Militaire","Tunisie","USA"],"articleSection":["\u00c9pingle","National"],"inLanguage":"fr-FR"},{"@type":"WebPage","@id":"https:\/\/www.webdo.tn\/fr\/actualite\/national\/tunisie-feu-vert-americain-pour-une-vente-militaire-de-95-millions-de-dollars\/396927\/","url":"https:\/\/www.webdo.tn\/fr\/actualite\/national\/tunisie-feu-vert-americain-pour-une-vente-militaire-de-95-millions-de-dollars\/396927\/","name":"Tunisie : Feu vert am\u00e9ricain pour une vente militaire de 95 millions de dollars - webdo","isPartOf":{"@id":"https:\/\/www.webdo.tn\/fr\/#website"},"primaryImageOfPage":{"@id":"https:\/\/www.webdo.tn\/fr\/actualite\/national\/tunisie-feu-vert-americain-pour-une-vente-militaire-de-95-millions-de-dollars\/396927\/#primaryimage"},"image":{"@id":"https:\/\/www.webdo.tn\/fr\/actualite\/national\/tunisie-feu-vert-americain-pour-une-vente-militaire-de-95-millions-de-dollars\/396927\/#primaryimage"},"thumbnailUrl":"https:\/\/www.webdo.tn\/fr\/wp-content\/uploads\/2026\/04\/USA.jpg","datePublished":"2026-04-27T17:13:24+00:00","dateModified":"2026-04-27T17:24:09+00:00","description":"D\u00e9couvrez les d\u00e9tails de la vente militaire des \u00c9tats-Unis \u00e0 la Tunisie, \u00e9valu\u00e9e \u00e0 95 millions de dollars pour s\u00e9curiser les fronti\u00e8res.","breadcrumb":{"@id":"https:\/\/www.webdo.tn\/fr\/actualite\/national\/tunisie-feu-vert-americain-pour-une-vente-militaire-de-95-millions-de-dollars\/396927\/#breadcrumb"},"inLanguage":"fr-FR","potentialAction":[{"@type":"ReadAction","target":["https:\/\/www.webdo.tn\/fr\/actualite\/national\/tunisie-feu-vert-americain-pour-une-vente-militaire-de-95-millions-de-dollars\/396927\/"]}]},{"@type":"ImageObject","inLanguage":"fr-FR","@id":"https:\/\/www.webdo.tn\/fr\/actualite\/national\/tunisie-feu-vert-americain-pour-une-vente-militaire-de-95-millions-de-dollars\/396927\/#primaryimage","url":"https:\/\/www.webdo.tn\/fr\/wp-content\/uploads\/2026\/04\/USA.jpg","contentUrl":"https:\/\/www.webdo.tn\/fr\/wp-content\/uploads\/2026\/04\/USA.jpg","width":1200,"height":599,"caption":"USA Tunisie"},{"@type":"BreadcrumbList","@id":"https:\/\/www.webdo.tn\/fr\/actualite\/national\/tunisie-feu-vert-americain-pour-une-vente-militaire-de-95-millions-de-dollars\/396927\/#breadcrumb","itemListElement":[{"@type":"ListItem","position":1,"name":"Accueil","item":"https:\/\/www.webdo.tn\/fr\/"},{"@type":"ListItem","position":2,"name":"Tunisie : Feu vert am\u00e9ricain pour une vente militaire de 95 millions de dollars"}]},{"@type":"WebSite","@id":"https:\/\/www.webdo.tn\/fr\/#website","url":"https:\/\/www.webdo.tn\/fr\/","name":"webdo","description":"Tunisie - News en Tunisie et \u00e0 l&#039;international sur Webdo.tn","publisher":{"@id":"https:\/\/www.webdo.tn\/fr\/#organization"},"potentialAction":[{"@type":"SearchAction","target":{"@type":"EntryPoint","urlTemplate":"https:\/\/www.webdo.tn\/fr\/?s={search_term_string}"},"query-input":{"@type":"PropertyValueSpecification","valueRequired":true,"valueName":"search_term_string"}}],"inLanguage":"fr-FR"},{"@type":"Organization","@id":"https:\/\/www.webdo.tn\/fr\/#organization","name":"Webdo","alternateName":"Webdo.tn","url":"https:\/\/www.webdo.tn\/fr\/","logo":{"@type":"ImageObject","inLanguage":"fr-FR","@id":"https:\/\/www.webdo.tn\/fr\/#\/schema\/logo\/image\/","url":"https:\/\/www.webdo.tn\/fr\/wp-content\/uploads\/2025\/06\/Webdo-Tunisie_168377.jpg","contentUrl":"https:\/\/www.webdo.tn\/fr\/wp-content\/uploads\/2025\/06\/Webdo-Tunisie_168377.jpg","width":301,"height":301,"caption":"Webdo"},"image":{"@id":"https:\/\/www.webdo.tn\/fr\/#\/schema\/logo\/image\/"},"sameAs":["https:\/\/www.facebook.com\/webdotn","https:\/\/x.com\/webdo_tn"],"description":"Webdo est un m\u00e9dia num\u00e9rique tunisien fond\u00e9 en 2010, sp\u00e9cialis\u00e9 dans l\u2019actualit\u00e9 nationale et internationale, l\u2019\u00e9conomie, la soci\u00e9t\u00e9 et les analyses politiques. Le site s\u2019adresse \u00e0 un large public francophone et couvre l\u2019information tunisienne en temps r\u00e9el.","email":"redac@webdo.tn","legalName":"YNJ SARL","foundingDate":"2010-09-06","numberOfEmployees":{"@type":"QuantitativeValue","minValue":"11","maxValue":"50"}},{"@type":"Person","@id":"https:\/\/www.webdo.tn\/fr\/#\/schema\/person\/b9ecde7a5574cb4fcf4b496ea5fadb15","name":"Wided Belhaj","image":{"@type":"ImageObject","inLanguage":"fr-FR","@id":"https:\/\/www.webdo.tn\/fr\/wp-content\/uploads\/2026\/04\/wided-belhaj_avatar-96x96.jpg","url":"https:\/\/www.webdo.tn\/fr\/wp-content\/uploads\/2026\/04\/wided-belhaj_avatar-96x96.jpg","contentUrl":"https:\/\/www.webdo.tn\/fr\/wp-content\/uploads\/2026\/04\/wided-belhaj_avatar-96x96.jpg","caption":"Wided Belhaj"},"description":"Wided Belhaj est le pseudonyme \u00e9ditorial utilis\u00e9 par Khalil Jelassi, journaliste, ma\u00eetre-assistant \u00e0 l\u2019Institut de presse et des sciences de l\u2019information (IPSI) et chercheur en sciences de l\u2019information et de la communication. Cette signature est d\u00e9di\u00e9e \u00e0 l\u2019analyse des m\u00e9dias, des pratiques journalistiques et des mutations de l\u2019information \u00e0 l\u2019\u00e8re digitale. \u00c0 travers ses contributions, Wided Belhaj propose une lecture analytique de l\u2019actualit\u00e9, en croisant regard critique et expertise acad\u00e9mique.","knowsAbout":["m\u00e9dias","journalisme","communication","information","transformation num\u00e9rique","analyse des m\u00e9dias"],"knowsLanguage":["Fran\u00e7ais","Arabe"],"jobTitle":"Webdo.tn","worksFor":"Journaliste \u2013 Analyse des m\u00e9dias","url":"https:\/\/www.webdo.tn\/fr\/actualite\/author\/wided-belhaj\/"}]}},"_links":{"self":[{"href":"https:\/\/www.webdo.tn\/fr\/wp-json\/wp\/v2\/posts\/396927","targetHints":{"allow":["GET"]}}],"collection":[{"href":"https:\/\/www.webdo.tn\/fr\/wp-json\/wp\/v2\/posts"}],"about":[{"href":"https:\/\/www.webdo.tn\/fr\/wp-json\/wp\/v2\/types\/post"}],"author":[{"embeddable":true,"href":"https:\/\/www.webdo.tn\/fr\/wp-json\/wp\/v2\/users\/3184"}],"replies":[{"embeddable":true,"href":"https:\/\/www.webdo.tn\/fr\/wp-json\/wp\/v2\/comments?post=396927"}],"version-history":[{"count":2,"href":"https:\/\/www.webdo.tn\/fr\/wp-json\/wp\/v2\/posts\/396927\/revisions"}],"predecessor-version":[{"id":396930,"href":"https:\/\/www.webdo.tn\/fr\/wp-json\/wp\/v2\/posts\/396927\/revisions\/396930"}],"wp:featuredmedia":[{"embeddable":true,"href":"https:\/\/www.webdo.tn\/fr\/wp-json\/wp\/v2\/media\/396928"}],"wp:attachment":[{"href":"https:\/\/www.webdo.tn\/fr\/wp-json\/wp\/v2\/media?parent=396927"}],"wp:term":[{"taxonomy":"category","embeddable":true,"href":"https:\/\/www.webdo.tn\/fr\/wp-json\/wp\/v2\/categories?post=396927"},{"taxonomy":"post_tag","embeddable":true,"href":"https:\/\/www.webdo.tn\/fr\/wp-json\/wp\/v2\/tags?post=396927"}],"curies":[{"name":"wp","href":"https:\/\/api.w.org\/{rel}","templated":true}]}}