{"id":396922,"date":"2026-04-27T15:33:12","date_gmt":"2026-04-27T14:33:12","guid":{"rendered":"https:\/\/www.webdo.tn\/fr\/?p=396922"},"modified":"2026-04-27T15:33:15","modified_gmt":"2026-04-27T14:33:15","slug":"guerre-au-moyen-orient-liran-veut-confier-le-detroit-dormuz-a-son-armee","status":"publish","type":"post","link":"https:\/\/www.webdo.tn\/fr\/actualite\/international\/guerre-au-moyen-orient-liran-veut-confier-le-detroit-dormuz-a-son-armee\/396922\/","title":{"rendered":"Guerre au Moyen-Orient : L\u2019Iran veut confier le d\u00e9troit d\u2019Ormuz \u00e0 son arm\u00e9e"},"content":{"rendered":"\n<p><strong>En pleine escalade r\u00e9gionale, le Parlement iranien examine un projet de loi visant \u00e0 confier la gestion du d\u00e9troit d\u2019Ormuz aux forces arm\u00e9es. Cette initiative intervient dans un contexte de tensions accrues autour de ce point n\u00e9vralgique du commerce mondial. Le texte pourrait renforcer le contr\u00f4le militaire iranien sur l\u2019un des axes maritimes les plus sensibles de la plan\u00e8te.<\/strong><\/p>\n\n\n\n<h2 class=\"wp-block-heading\" id=\"h-un-projet-de-loi-pour-militariser-la-gestion-du-detroit\">Un projet de loi pour militariser la gestion du d\u00e9troit<\/h2>\n\n\n\n<p>Selon des responsables iraniens, le projet de loi actuellement \u00e0 l\u2019\u00e9tude pr\u00e9voit que les forces arm\u00e9es deviennent l\u2019autorit\u00e9 principale charg\u00e9e de superviser le d\u00e9troit d\u2019Ormuz.<\/p>\n\n\n\n<p>Le chef de la commission de la s\u00e9curit\u00e9 nationale du Parlement a indiqu\u00e9 que cette mesure vise \u00e0 formaliser un contr\u00f4le d\u00e9j\u00e0 exerc\u00e9 sur le terrain, notamment dans un contexte de confrontation avec les puissances occidentales.<\/p>\n\n\n\n<p>Le texte inclut \u00e9galement des dispositions permettant de restreindre le passage de navires jug\u00e9s \u00ab hostiles \u00bb et d\u2019imposer certaines r\u00e8gles financi\u00e8res li\u00e9es au transit maritime.<\/p>\n\n\n\n<h2 class=\"wp-block-heading\" id=\"h-un-enjeu-strategique-mondial\">Un enjeu strat\u00e9gique mondial<\/h2>\n\n\n\n<p>Le d\u00e9troit d\u2019Ormuz constitue un point de passage vital pour le commerce \u00e9nerg\u00e9tique mondial, par lequel transite une part majeure du p\u00e9trole export\u00e9. Sa s\u00e9curisation \u2013 ou son blocage \u2013 a des r\u00e9percussions imm\u00e9diates sur les march\u00e9s internationaux.<\/p>\n\n\n\n<p>Depuis le d\u00e9but du conflit en 2026, l\u2019Iran cherche \u00e0 renforcer son emprise sur cette voie maritime strat\u00e9gique, allant jusqu\u2019\u00e0 perturber ou limiter le trafic de navires \u00e9trangers.<\/p>\n\n\n\n<p>Cette initiative l\u00e9gislative s\u2019inscrit dans un climat de confrontation directe entre l\u2019Iran, les \u00c9tats-Unis et leurs alli\u00e9s. Des incidents r\u00e9cents en mer, ainsi que des propositions diplomatiques autour de la r\u00e9ouverture du d\u00e9troit, illustrent l\u2019importance de ce levier strat\u00e9gique dans les n\u00e9gociations en cours.<\/p>\n\n\n\n<p>Le contr\u00f4le du d\u00e9troit d\u2019Ormuz appara\u00eet ainsi comme un enjeu central du rapport de force r\u00e9gional, m\u00ealant consid\u00e9rations militaires, \u00e9conomiques et g\u00e9opolitiques.<\/p>\n\n\n\n<blockquote class=\"wp-block-quote is-layout-flow wp-block-quote-is-layout-flow\">\n<ul class=\"wp-block-list\">\n<li class=\"has-medium-font-size\"><strong>Lire aussi :<\/strong> <a href=\"https:\/\/www.webdo.tn\/fr\/actualite\/international\/detroit-dormuz-sous-tension-blocus-mines-et-bras-de-fer-economique-entre-washington-et-teheran\/396727\/\">D\u00e9troit d\u2019Ormuz sous tension : Blocus, mines et bras de fer \u00e9conomique entre Washington et T\u00e9h\u00e9ran<\/a><\/li>\n<\/ul>\n<\/blockquote>\n","protected":false},"excerpt":{"rendered":"<p>En pleine escalade r\u00e9gionale, le Parlement iranien examine un projet de loi visant \u00e0 confier la gestion du d\u00e9troit d\u2019Ormuz aux forces arm\u00e9es. Cette initiative intervient dans un contexte de tensions accrues autour de ce point n\u00e9vralgique du commerce mondial. Le texte pourrait renforcer le contr\u00f4le militaire iranien sur l\u2019un des axes maritimes les plus [&hellip;]<\/p>\n","protected":false},"author":4782,"featured_media":396923,"comment_status":"closed","ping_status":"closed","sticky":false,"template":"","format":"standard","meta":{"footnotes":""},"categories":[2598],"tags":[13950,3035,2600,2912],"class_list":["post-396922","post","type-post","status-publish","format-standard","has-post-thumbnail","hentry","category-international","tag-detroit-dormuz","tag-etats-unis","tag-guerre","tag-iran"],"yoast_head":"<!-- This site is optimized with the Yoast SEO Premium plugin v27.4 (Yoast SEO v27.4) - https:\/\/yoast.com\/product\/yoast-seo-premium-wordpress\/ -->\n<title>Guerre au Moyen-Orient : L\u2019Iran veut confier le d\u00e9troit d\u2019Ormuz \u00e0 son arm\u00e9e - webdo<\/title>\n<meta name=\"description\" content=\"Analysez le projet de loi sur le d\u00e9troit d\u2019Ormuz : un contr\u00f4le accru des forces arm\u00e9es iraniennes sur un axe maritime critique.\" \/>\n<link rel=\"canonical\" href=\"https:\/\/www.webdo.tn\/fr\/actualite\/international\/guerre-au-moyen-orient-liran-veut-confier-le-detroit-dormuz-a-son-armee\/396922\/\" \/>\n<meta property=\"og:locale\" content=\"fr_FR\" \/>\n<meta property=\"og:type\" content=\"article\" \/>\n<meta property=\"og:title\" content=\"Guerre au Moyen-Orient : L\u2019Iran veut confier le d\u00e9troit d\u2019Ormuz \u00e0 son arm\u00e9e\" \/>\n<meta property=\"og:description\" content=\"Analysez le projet de loi sur le d\u00e9troit d\u2019Ormuz : un contr\u00f4le accru des forces arm\u00e9es iraniennes sur un axe maritime critique.\" \/>\n<meta property=\"og:url\" content=\"https:\/\/www.webdo.tn\/fr\/actualite\/international\/guerre-au-moyen-orient-liran-veut-confier-le-detroit-dormuz-a-son-armee\/396922\/\" \/>\n<meta property=\"og:site_name\" content=\"webdo\" \/>\n<meta property=\"article:publisher\" content=\"https:\/\/www.facebook.com\/webdotn\" \/>\n<meta property=\"article:published_time\" content=\"2026-04-27T14:33:12+00:00\" \/>\n<meta property=\"article:modified_time\" content=\"2026-04-27T14:33:15+00:00\" \/>\n<meta property=\"og:image\" content=\"https:\/\/www.webdo.tn\/fr\/wp-content\/uploads\/2026\/04\/Detroit-dOrmuz-1.jpg\" \/>\n\t<meta property=\"og:image:width\" content=\"1200\" \/>\n\t<meta property=\"og:image:height\" content=\"600\" \/>\n\t<meta property=\"og:image:type\" content=\"image\/jpeg\" \/>\n<meta name=\"author\" content=\"Mohamed Fethi\" \/>\n<meta name=\"twitter:card\" content=\"summary_large_image\" \/>\n<meta name=\"twitter:creator\" content=\"@webdo_tn\" \/>\n<meta name=\"twitter:site\" content=\"@webdo_tn\" \/>\n<meta name=\"twitter:label1\" content=\"\u00c9crit par\" \/>\n\t<meta name=\"twitter:data1\" content=\"Mohamed Fethi\" \/>\n\t<meta name=\"twitter:label2\" content=\"Dur\u00e9e de lecture estim\u00e9e\" \/>\n\t<meta name=\"twitter:data2\" content=\"2 minutes\" \/>\n<script type=\"application\/ld+json\" class=\"yoast-schema-graph\">{\"@context\":\"https:\\\/\\\/schema.org\",\"@graph\":[{\"@type\":\"NewsArticle\",\"@id\":\"https:\\\/\\\/www.webdo.tn\\\/fr\\\/actualite\\\/international\\\/guerre-au-moyen-orient-liran-veut-confier-le-detroit-dormuz-a-son-armee\\\/396922\\\/#article\",\"isPartOf\":{\"@id\":\"https:\\\/\\\/www.webdo.tn\\\/fr\\\/actualite\\\/international\\\/guerre-au-moyen-orient-liran-veut-confier-le-detroit-dormuz-a-son-armee\\\/396922\\\/\"},\"author\":{\"name\":\"Mohamed Fethi\",\"@id\":\"https:\\\/\\\/www.webdo.tn\\\/fr\\\/#\\\/schema\\\/person\\\/16a4857e77dfc0b610c4c2cadffc9ac4\"},\"headline\":\"Guerre au Moyen-Orient : L\u2019Iran veut confier le d\u00e9troit d\u2019Ormuz \u00e0 son arm\u00e9e\",\"datePublished\":\"2026-04-27T14:33:12+00:00\",\"dateModified\":\"2026-04-27T14:33:15+00:00\",\"mainEntityOfPage\":{\"@id\":\"https:\\\/\\\/www.webdo.tn\\\/fr\\\/actualite\\\/international\\\/guerre-au-moyen-orient-liran-veut-confier-le-detroit-dormuz-a-son-armee\\\/396922\\\/\"},\"wordCount\":373,\"publisher\":{\"@id\":\"https:\\\/\\\/www.webdo.tn\\\/fr\\\/#organization\"},\"image\":{\"@id\":\"https:\\\/\\\/www.webdo.tn\\\/fr\\\/actualite\\\/international\\\/guerre-au-moyen-orient-liran-veut-confier-le-detroit-dormuz-a-son-armee\\\/396922\\\/#primaryimage\"},\"thumbnailUrl\":\"https:\\\/\\\/www.webdo.tn\\\/fr\\\/wp-content\\\/uploads\\\/2026\\\/04\\\/Detroit-dOrmuz-1.jpg\",\"keywords\":[\"d\u00e9troit d\u2019Ormuz\",\"Etats-Unis\",\"guerre\",\"Iran\"],\"articleSection\":[\"International\"],\"inLanguage\":\"fr-FR\"},{\"@type\":\"WebPage\",\"@id\":\"https:\\\/\\\/www.webdo.tn\\\/fr\\\/actualite\\\/international\\\/guerre-au-moyen-orient-liran-veut-confier-le-detroit-dormuz-a-son-armee\\\/396922\\\/\",\"url\":\"https:\\\/\\\/www.webdo.tn\\\/fr\\\/actualite\\\/international\\\/guerre-au-moyen-orient-liran-veut-confier-le-detroit-dormuz-a-son-armee\\\/396922\\\/\",\"name\":\"Guerre au Moyen-Orient : L\u2019Iran veut confier le d\u00e9troit d\u2019Ormuz \u00e0 son arm\u00e9e - webdo\",\"isPartOf\":{\"@id\":\"https:\\\/\\\/www.webdo.tn\\\/fr\\\/#website\"},\"primaryImageOfPage\":{\"@id\":\"https:\\\/\\\/www.webdo.tn\\\/fr\\\/actualite\\\/international\\\/guerre-au-moyen-orient-liran-veut-confier-le-detroit-dormuz-a-son-armee\\\/396922\\\/#primaryimage\"},\"image\":{\"@id\":\"https:\\\/\\\/www.webdo.tn\\\/fr\\\/actualite\\\/international\\\/guerre-au-moyen-orient-liran-veut-confier-le-detroit-dormuz-a-son-armee\\\/396922\\\/#primaryimage\"},\"thumbnailUrl\":\"https:\\\/\\\/www.webdo.tn\\\/fr\\\/wp-content\\\/uploads\\\/2026\\\/04\\\/Detroit-dOrmuz-1.jpg\",\"datePublished\":\"2026-04-27T14:33:12+00:00\",\"dateModified\":\"2026-04-27T14:33:15+00:00\",\"description\":\"Analysez le projet de loi sur le d\u00e9troit d\u2019Ormuz : un contr\u00f4le accru des forces arm\u00e9es iraniennes sur un axe maritime critique.\",\"breadcrumb\":{\"@id\":\"https:\\\/\\\/www.webdo.tn\\\/fr\\\/actualite\\\/international\\\/guerre-au-moyen-orient-liran-veut-confier-le-detroit-dormuz-a-son-armee\\\/396922\\\/#breadcrumb\"},\"inLanguage\":\"fr-FR\",\"potentialAction\":[{\"@type\":\"ReadAction\",\"target\":[\"https:\\\/\\\/www.webdo.tn\\\/fr\\\/actualite\\\/international\\\/guerre-au-moyen-orient-liran-veut-confier-le-detroit-dormuz-a-son-armee\\\/396922\\\/\"]}]},{\"@type\":\"ImageObject\",\"inLanguage\":\"fr-FR\",\"@id\":\"https:\\\/\\\/www.webdo.tn\\\/fr\\\/actualite\\\/international\\\/guerre-au-moyen-orient-liran-veut-confier-le-detroit-dormuz-a-son-armee\\\/396922\\\/#primaryimage\",\"url\":\"https:\\\/\\\/www.webdo.tn\\\/fr\\\/wp-content\\\/uploads\\\/2026\\\/04\\\/Detroit-dOrmuz-1.jpg\",\"contentUrl\":\"https:\\\/\\\/www.webdo.tn\\\/fr\\\/wp-content\\\/uploads\\\/2026\\\/04\\\/Detroit-dOrmuz-1.jpg\",\"width\":1200,\"height\":600,\"caption\":\"Guerre au Moyen-Orient : L\u2019Iran veut confier le d\u00e9troit d\u2019Ormuz \u00e0 son arm\u00e9e\"},{\"@type\":\"BreadcrumbList\",\"@id\":\"https:\\\/\\\/www.webdo.tn\\\/fr\\\/actualite\\\/international\\\/guerre-au-moyen-orient-liran-veut-confier-le-detroit-dormuz-a-son-armee\\\/396922\\\/#breadcrumb\",\"itemListElement\":[{\"@type\":\"ListItem\",\"position\":1,\"name\":\"Accueil\",\"item\":\"https:\\\/\\\/www.webdo.tn\\\/fr\\\/\"},{\"@type\":\"ListItem\",\"position\":2,\"name\":\"Guerre au Moyen-Orient : L\u2019Iran veut confier le d\u00e9troit d\u2019Ormuz \u00e0 son arm\u00e9e\"}]},{\"@type\":\"WebSite\",\"@id\":\"https:\\\/\\\/www.webdo.tn\\\/fr\\\/#website\",\"url\":\"https:\\\/\\\/www.webdo.tn\\\/fr\\\/\",\"name\":\"webdo\",\"description\":\"Tunisie - News en Tunisie et \u00e0 l&#039;international sur Webdo.tn\",\"publisher\":{\"@id\":\"https:\\\/\\\/www.webdo.tn\\\/fr\\\/#organization\"},\"potentialAction\":[{\"@type\":\"SearchAction\",\"target\":{\"@type\":\"EntryPoint\",\"urlTemplate\":\"https:\\\/\\\/www.webdo.tn\\\/fr\\\/?s={search_term_string}\"},\"query-input\":{\"@type\":\"PropertyValueSpecification\",\"valueRequired\":true,\"valueName\":\"search_term_string\"}}],\"inLanguage\":\"fr-FR\"},{\"@type\":\"Organization\",\"@id\":\"https:\\\/\\\/www.webdo.tn\\\/fr\\\/#organization\",\"name\":\"Webdo\",\"alternateName\":\"Webdo.tn\",\"url\":\"https:\\\/\\\/www.webdo.tn\\\/fr\\\/\",\"logo\":{\"@type\":\"ImageObject\",\"inLanguage\":\"fr-FR\",\"@id\":\"https:\\\/\\\/www.webdo.tn\\\/fr\\\/#\\\/schema\\\/logo\\\/image\\\/\",\"url\":\"https:\\\/\\\/www.webdo.tn\\\/fr\\\/wp-content\\\/uploads\\\/2025\\\/06\\\/Webdo-Tunisie_168377.jpg\",\"contentUrl\":\"https:\\\/\\\/www.webdo.tn\\\/fr\\\/wp-content\\\/uploads\\\/2025\\\/06\\\/Webdo-Tunisie_168377.jpg\",\"width\":301,\"height\":301,\"caption\":\"Webdo\"},\"image\":{\"@id\":\"https:\\\/\\\/www.webdo.tn\\\/fr\\\/#\\\/schema\\\/logo\\\/image\\\/\"},\"sameAs\":[\"https:\\\/\\\/www.facebook.com\\\/webdotn\",\"https:\\\/\\\/x.com\\\/webdo_tn\"],\"description\":\"Webdo est un m\u00e9dia num\u00e9rique tunisien fond\u00e9 en 2010, sp\u00e9cialis\u00e9 dans l\u2019actualit\u00e9 nationale et internationale, l\u2019\u00e9conomie, la soci\u00e9t\u00e9 et les analyses politiques. Le site s\u2019adresse \u00e0 un large public francophone et couvre l\u2019information tunisienne en temps r\u00e9el.\",\"email\":\"redac@webdo.tn\",\"legalName\":\"YNJ SARL\",\"foundingDate\":\"2010-09-06\",\"numberOfEmployees\":{\"@type\":\"QuantitativeValue\",\"minValue\":\"11\",\"maxValue\":\"50\"}},{\"@type\":\"Person\",\"@id\":\"https:\\\/\\\/www.webdo.tn\\\/fr\\\/#\\\/schema\\\/person\\\/16a4857e77dfc0b610c4c2cadffc9ac4\",\"name\":\"Mohamed Fethi\",\"image\":{\"@type\":\"ImageObject\",\"inLanguage\":\"fr-FR\",\"@id\":\"https:\\\/\\\/www.webdo.tn\\\/fr\\\/wp-content\\\/uploads\\\/2026\\\/04\\\/mohamed-fethi_avatar_1-96x96.jpg\",\"url\":\"https:\\\/\\\/www.webdo.tn\\\/fr\\\/wp-content\\\/uploads\\\/2026\\\/04\\\/mohamed-fethi_avatar_1-96x96.jpg\",\"contentUrl\":\"https:\\\/\\\/www.webdo.tn\\\/fr\\\/wp-content\\\/uploads\\\/2026\\\/04\\\/mohamed-fethi_avatar_1-96x96.jpg\",\"caption\":\"Mohamed Fethi\"},\"description\":\"Signature \u00e9ditoriale de Maher Chaabane Mohamed Fethi est le pseudonyme \u00e9ditorial de Maher Chaabane, r\u00e9dacteur en chef de Webdo.tn depuis 2012. Cette signature est d\u00e9di\u00e9e au traitement intensif de l'actualit\u00e9 nationale et internationale en temps r\u00e9el. S'appuyant sur les deux d\u00e9cennies d'expertise journalistique de Maher Chaabane \u2014 d\u00e9but\u00e9e au sein du groupe Tunis Hebdo en 2000 \u2014 Mohamed Fethi assure une veille rigoureuse sur les enjeux politiques, \u00e9conomiques et sportifs. Sa mission est de garantir une information structur\u00e9e, fluide et fid\u00e8le aux standards de la r\u00e9daction. Pour consulter le parcours complet du r\u00e9dacteur en chef, visitez le profil officiel de Maher Chaabane.\",\"knowsAbout\":[\"actualit\u00e9\",\"journalisme\",\"information\",\"politique\",\"sport\",\"m\u00e9dias\",\"actualit\u00e9 internationale\"],\"knowsLanguage\":[\"Fran\u00e7ais\",\"Arabe\"],\"jobTitle\":\"Journaliste \u2013 R\u00e9daction Webdo\",\"worksFor\":\"Webdo.tn\",\"url\":\"https:\\\/\\\/www.webdo.tn\\\/fr\\\/actualite\\\/author\\\/mohamed-fethi\\\/\"}]}<\/script>\n<!-- \/ Yoast SEO Premium plugin. -->","yoast_head_json":{"title":"Guerre au Moyen-Orient : L\u2019Iran veut confier le d\u00e9troit d\u2019Ormuz \u00e0 son arm\u00e9e - webdo","description":"Analysez le projet de loi sur le d\u00e9troit d\u2019Ormuz : un contr\u00f4le accru des forces arm\u00e9es iraniennes sur un axe maritime critique.","canonical":"https:\/\/www.webdo.tn\/fr\/actualite\/international\/guerre-au-moyen-orient-liran-veut-confier-le-detroit-dormuz-a-son-armee\/396922\/","og_locale":"fr_FR","og_type":"article","og_title":"Guerre au Moyen-Orient : L\u2019Iran veut confier le d\u00e9troit d\u2019Ormuz \u00e0 son arm\u00e9e","og_description":"Analysez le projet de loi sur le d\u00e9troit d\u2019Ormuz : un contr\u00f4le accru des forces arm\u00e9es iraniennes sur un axe maritime critique.","og_url":"https:\/\/www.webdo.tn\/fr\/actualite\/international\/guerre-au-moyen-orient-liran-veut-confier-le-detroit-dormuz-a-son-armee\/396922\/","og_site_name":"webdo","article_publisher":"https:\/\/www.facebook.com\/webdotn","article_published_time":"2026-04-27T14:33:12+00:00","article_modified_time":"2026-04-27T14:33:15+00:00","og_image":[{"width":1200,"height":600,"url":"https:\/\/www.webdo.tn\/fr\/wp-content\/uploads\/2026\/04\/Detroit-dOrmuz-1.jpg","type":"image\/jpeg"}],"author":"Mohamed Fethi","twitter_card":"summary_large_image","twitter_creator":"@webdo_tn","twitter_site":"@webdo_tn","twitter_misc":{"\u00c9crit par":"Mohamed Fethi","Dur\u00e9e de lecture estim\u00e9e":"2 minutes"},"schema":{"@context":"https:\/\/schema.org","@graph":[{"@type":"NewsArticle","@id":"https:\/\/www.webdo.tn\/fr\/actualite\/international\/guerre-au-moyen-orient-liran-veut-confier-le-detroit-dormuz-a-son-armee\/396922\/#article","isPartOf":{"@id":"https:\/\/www.webdo.tn\/fr\/actualite\/international\/guerre-au-moyen-orient-liran-veut-confier-le-detroit-dormuz-a-son-armee\/396922\/"},"author":{"name":"Mohamed Fethi","@id":"https:\/\/www.webdo.tn\/fr\/#\/schema\/person\/16a4857e77dfc0b610c4c2cadffc9ac4"},"headline":"Guerre au Moyen-Orient : L\u2019Iran veut confier le d\u00e9troit d\u2019Ormuz \u00e0 son arm\u00e9e","datePublished":"2026-04-27T14:33:12+00:00","dateModified":"2026-04-27T14:33:15+00:00","mainEntityOfPage":{"@id":"https:\/\/www.webdo.tn\/fr\/actualite\/international\/guerre-au-moyen-orient-liran-veut-confier-le-detroit-dormuz-a-son-armee\/396922\/"},"wordCount":373,"publisher":{"@id":"https:\/\/www.webdo.tn\/fr\/#organization"},"image":{"@id":"https:\/\/www.webdo.tn\/fr\/actualite\/international\/guerre-au-moyen-orient-liran-veut-confier-le-detroit-dormuz-a-son-armee\/396922\/#primaryimage"},"thumbnailUrl":"https:\/\/www.webdo.tn\/fr\/wp-content\/uploads\/2026\/04\/Detroit-dOrmuz-1.jpg","keywords":["d\u00e9troit d\u2019Ormuz","Etats-Unis","guerre","Iran"],"articleSection":["International"],"inLanguage":"fr-FR"},{"@type":"WebPage","@id":"https:\/\/www.webdo.tn\/fr\/actualite\/international\/guerre-au-moyen-orient-liran-veut-confier-le-detroit-dormuz-a-son-armee\/396922\/","url":"https:\/\/www.webdo.tn\/fr\/actualite\/international\/guerre-au-moyen-orient-liran-veut-confier-le-detroit-dormuz-a-son-armee\/396922\/","name":"Guerre au Moyen-Orient : L\u2019Iran veut confier le d\u00e9troit d\u2019Ormuz \u00e0 son arm\u00e9e - webdo","isPartOf":{"@id":"https:\/\/www.webdo.tn\/fr\/#website"},"primaryImageOfPage":{"@id":"https:\/\/www.webdo.tn\/fr\/actualite\/international\/guerre-au-moyen-orient-liran-veut-confier-le-detroit-dormuz-a-son-armee\/396922\/#primaryimage"},"image":{"@id":"https:\/\/www.webdo.tn\/fr\/actualite\/international\/guerre-au-moyen-orient-liran-veut-confier-le-detroit-dormuz-a-son-armee\/396922\/#primaryimage"},"thumbnailUrl":"https:\/\/www.webdo.tn\/fr\/wp-content\/uploads\/2026\/04\/Detroit-dOrmuz-1.jpg","datePublished":"2026-04-27T14:33:12+00:00","dateModified":"2026-04-27T14:33:15+00:00","description":"Analysez le projet de loi sur le d\u00e9troit d\u2019Ormuz : un contr\u00f4le accru des forces arm\u00e9es iraniennes sur un axe maritime critique.","breadcrumb":{"@id":"https:\/\/www.webdo.tn\/fr\/actualite\/international\/guerre-au-moyen-orient-liran-veut-confier-le-detroit-dormuz-a-son-armee\/396922\/#breadcrumb"},"inLanguage":"fr-FR","potentialAction":[{"@type":"ReadAction","target":["https:\/\/www.webdo.tn\/fr\/actualite\/international\/guerre-au-moyen-orient-liran-veut-confier-le-detroit-dormuz-a-son-armee\/396922\/"]}]},{"@type":"ImageObject","inLanguage":"fr-FR","@id":"https:\/\/www.webdo.tn\/fr\/actualite\/international\/guerre-au-moyen-orient-liran-veut-confier-le-detroit-dormuz-a-son-armee\/396922\/#primaryimage","url":"https:\/\/www.webdo.tn\/fr\/wp-content\/uploads\/2026\/04\/Detroit-dOrmuz-1.jpg","contentUrl":"https:\/\/www.webdo.tn\/fr\/wp-content\/uploads\/2026\/04\/Detroit-dOrmuz-1.jpg","width":1200,"height":600,"caption":"Guerre au Moyen-Orient : L\u2019Iran veut confier le d\u00e9troit d\u2019Ormuz \u00e0 son arm\u00e9e"},{"@type":"BreadcrumbList","@id":"https:\/\/www.webdo.tn\/fr\/actualite\/international\/guerre-au-moyen-orient-liran-veut-confier-le-detroit-dormuz-a-son-armee\/396922\/#breadcrumb","itemListElement":[{"@type":"ListItem","position":1,"name":"Accueil","item":"https:\/\/www.webdo.tn\/fr\/"},{"@type":"ListItem","position":2,"name":"Guerre au Moyen-Orient : L\u2019Iran veut confier le d\u00e9troit d\u2019Ormuz \u00e0 son arm\u00e9e"}]},{"@type":"WebSite","@id":"https:\/\/www.webdo.tn\/fr\/#website","url":"https:\/\/www.webdo.tn\/fr\/","name":"webdo","description":"Tunisie - News en Tunisie et \u00e0 l&#039;international sur Webdo.tn","publisher":{"@id":"https:\/\/www.webdo.tn\/fr\/#organization"},"potentialAction":[{"@type":"SearchAction","target":{"@type":"EntryPoint","urlTemplate":"https:\/\/www.webdo.tn\/fr\/?s={search_term_string}"},"query-input":{"@type":"PropertyValueSpecification","valueRequired":true,"valueName":"search_term_string"}}],"inLanguage":"fr-FR"},{"@type":"Organization","@id":"https:\/\/www.webdo.tn\/fr\/#organization","name":"Webdo","alternateName":"Webdo.tn","url":"https:\/\/www.webdo.tn\/fr\/","logo":{"@type":"ImageObject","inLanguage":"fr-FR","@id":"https:\/\/www.webdo.tn\/fr\/#\/schema\/logo\/image\/","url":"https:\/\/www.webdo.tn\/fr\/wp-content\/uploads\/2025\/06\/Webdo-Tunisie_168377.jpg","contentUrl":"https:\/\/www.webdo.tn\/fr\/wp-content\/uploads\/2025\/06\/Webdo-Tunisie_168377.jpg","width":301,"height":301,"caption":"Webdo"},"image":{"@id":"https:\/\/www.webdo.tn\/fr\/#\/schema\/logo\/image\/"},"sameAs":["https:\/\/www.facebook.com\/webdotn","https:\/\/x.com\/webdo_tn"],"description":"Webdo est un m\u00e9dia num\u00e9rique tunisien fond\u00e9 en 2010, sp\u00e9cialis\u00e9 dans l\u2019actualit\u00e9 nationale et internationale, l\u2019\u00e9conomie, la soci\u00e9t\u00e9 et les analyses politiques. Le site s\u2019adresse \u00e0 un large public francophone et couvre l\u2019information tunisienne en temps r\u00e9el.","email":"redac@webdo.tn","legalName":"YNJ SARL","foundingDate":"2010-09-06","numberOfEmployees":{"@type":"QuantitativeValue","minValue":"11","maxValue":"50"}},{"@type":"Person","@id":"https:\/\/www.webdo.tn\/fr\/#\/schema\/person\/16a4857e77dfc0b610c4c2cadffc9ac4","name":"Mohamed Fethi","image":{"@type":"ImageObject","inLanguage":"fr-FR","@id":"https:\/\/www.webdo.tn\/fr\/wp-content\/uploads\/2026\/04\/mohamed-fethi_avatar_1-96x96.jpg","url":"https:\/\/www.webdo.tn\/fr\/wp-content\/uploads\/2026\/04\/mohamed-fethi_avatar_1-96x96.jpg","contentUrl":"https:\/\/www.webdo.tn\/fr\/wp-content\/uploads\/2026\/04\/mohamed-fethi_avatar_1-96x96.jpg","caption":"Mohamed Fethi"},"description":"Signature \u00e9ditoriale de Maher Chaabane Mohamed Fethi est le pseudonyme \u00e9ditorial de Maher Chaabane, r\u00e9dacteur en chef de Webdo.tn depuis 2012. Cette signature est d\u00e9di\u00e9e au traitement intensif de l'actualit\u00e9 nationale et internationale en temps r\u00e9el. S'appuyant sur les deux d\u00e9cennies d'expertise journalistique de Maher Chaabane \u2014 d\u00e9but\u00e9e au sein du groupe Tunis Hebdo en 2000 \u2014 Mohamed Fethi assure une veille rigoureuse sur les enjeux politiques, \u00e9conomiques et sportifs. Sa mission est de garantir une information structur\u00e9e, fluide et fid\u00e8le aux standards de la r\u00e9daction. Pour consulter le parcours complet du r\u00e9dacteur en chef, visitez le profil officiel de Maher Chaabane.","knowsAbout":["actualit\u00e9","journalisme","information","politique","sport","m\u00e9dias","actualit\u00e9 internationale"],"knowsLanguage":["Fran\u00e7ais","Arabe"],"jobTitle":"Journaliste \u2013 R\u00e9daction Webdo","worksFor":"Webdo.tn","url":"https:\/\/www.webdo.tn\/fr\/actualite\/author\/mohamed-fethi\/"}]}},"_links":{"self":[{"href":"https:\/\/www.webdo.tn\/fr\/wp-json\/wp\/v2\/posts\/396922","targetHints":{"allow":["GET"]}}],"collection":[{"href":"https:\/\/www.webdo.tn\/fr\/wp-json\/wp\/v2\/posts"}],"about":[{"href":"https:\/\/www.webdo.tn\/fr\/wp-json\/wp\/v2\/types\/post"}],"author":[{"embeddable":true,"href":"https:\/\/www.webdo.tn\/fr\/wp-json\/wp\/v2\/users\/4782"}],"replies":[{"embeddable":true,"href":"https:\/\/www.webdo.tn\/fr\/wp-json\/wp\/v2\/comments?post=396922"}],"version-history":[{"count":1,"href":"https:\/\/www.webdo.tn\/fr\/wp-json\/wp\/v2\/posts\/396922\/revisions"}],"predecessor-version":[{"id":396924,"href":"https:\/\/www.webdo.tn\/fr\/wp-json\/wp\/v2\/posts\/396922\/revisions\/396924"}],"wp:featuredmedia":[{"embeddable":true,"href":"https:\/\/www.webdo.tn\/fr\/wp-json\/wp\/v2\/media\/396923"}],"wp:attachment":[{"href":"https:\/\/www.webdo.tn\/fr\/wp-json\/wp\/v2\/media?parent=396922"}],"wp:term":[{"taxonomy":"category","embeddable":true,"href":"https:\/\/www.webdo.tn\/fr\/wp-json\/wp\/v2\/categories?post=396922"},{"taxonomy":"post_tag","embeddable":true,"href":"https:\/\/www.webdo.tn\/fr\/wp-json\/wp\/v2\/tags?post=396922"}],"curies":[{"name":"wp","href":"https:\/\/api.w.org\/{rel}","templated":true}]}}