{"id":396919,"date":"2026-04-27T14:52:06","date_gmt":"2026-04-27T13:52:06","guid":{"rendered":"https:\/\/www.webdo.tn\/fr\/?p=396919"},"modified":"2026-04-27T14:52:09","modified_gmt":"2026-04-27T13:52:09","slug":"absenteisme-au-travail-pres-de-60-des-absences-liees-a-la-sante","status":"publish","type":"post","link":"https:\/\/www.webdo.tn\/fr\/actualite\/national\/absenteisme-au-travail-pres-de-60-des-absences-liees-a-la-sante\/396919\/","title":{"rendered":"Absent\u00e9isme au travail : Pr\u00e8s de 60% des absences li\u00e9es \u00e0 la sant\u00e9"},"content":{"rendered":"\n<p><strong>L\u2019absent\u00e9isme au travail prend une ampleur pr\u00e9occupante en Tunisie, impactant directement la productivit\u00e9 des entreprises. Selon des donn\u00e9es r\u00e9centes pr\u00e9sent\u00e9es par des sp\u00e9cialistes du secteur, pr\u00e8s de 60% des absences sont li\u00e9es \u00e0 des raisons de sant\u00e9. Un ph\u00e9nom\u00e8ne qui r\u00e9v\u00e8le des fragilit\u00e9s structurelles du monde du travail.<\/strong><\/p>\n\n\n\n<h2 class=\"wp-block-heading\" id=\"h-un-cout-economique-et-social-eleve\">Un co\u00fbt \u00e9conomique et social \u00e9lev\u00e9<\/h2>\n\n\n\n<p>D\u2019apr\u00e8s les chiffres avanc\u00e9s aujourd\u2019hui par le pr\u00e9sident de l\u2019association tunisienne des inspecteurs de travail, Hatem Hilal, sur les ondes de la radio nationale, le taux d\u2019absent\u00e9isme dans la fonction publique oscille entre 10% et 15%, soit pr\u00e8s de deux millions de journ\u00e9es de travail perdues chaque ann\u00e9e. Dans le secteur priv\u00e9, les pertes sont estim\u00e9es \u00e0 environ 2,1% du chiffre d\u2019affaires des entreprises.<\/p>\n\n\n\n<p>Certains secteurs, notamment le textile et les industries manufacturi\u00e8res, figurent parmi les plus touch\u00e9s, en raison de leur forte d\u00e9pendance \u00e0 la pr\u00e9sence effective de la main-d\u2019\u0153uvre.<\/p>\n\n\n\n<h2 class=\"wp-block-heading\" id=\"h-la-sante-principale-cause-des-absences\">La sant\u00e9, principale cause des absences<\/h2>\n\n\n\n<p>Les donn\u00e9es indiquent que pr\u00e8s de 60% des cas d\u2019absent\u00e9isme sont directement li\u00e9s \u00e0 des probl\u00e8mes de sant\u00e9. Les autres facteurs incluent des conditions de travail difficiles, un manque de motivation, des tensions professionnelles ou encore des pressions psychologiques et sociales.<\/p>\n\n\n\n<p>Des pratiques marginales, comme les certificats m\u00e9dicaux de complaisance, existent \u00e9galement, bien qu\u2019elles restent limit\u00e9es.<\/p>\n\n\n\n<h2 class=\"wp-block-heading\" id=\"h-un-cadre-juridique-encore-flou\">Un cadre juridique encore flou<\/h2>\n\n\n\n<p>Sur le plan l\u00e9gal, le droit au cong\u00e9 maladie est garanti, mais certaines zones d\u2019ombre persistent, notamment concernant les limites des absences ou la d\u00e9finition des maladies graves. Cette situation complique la gestion des absences pour les entreprises, entre respect des droits des salari\u00e9s et imp\u00e9ratifs de productivit\u00e9.<\/p>\n\n\n\n<p>Face \u00e0 cette probl\u00e9matique, les experts plaident pour une strat\u00e9gie globale. Celle-ci doit combiner am\u00e9lioration des conditions de travail, pr\u00e9vention en mati\u00e8re de sant\u00e9, renforcement du dialogue interne et mise en place de m\u00e9canismes incitatifs pour encourager la pr\u00e9sence.<\/p>\n\n\n\n<p>Ils insistent \u00e9galement sur le r\u00f4le cl\u00e9 de la m\u00e9decine du travail et sur la n\u00e9cessit\u00e9 de mieux encadrer le ph\u00e9nom\u00e8ne \u00e0 travers des outils de suivi et une \u00e9ventuelle base de donn\u00e9es nationale d\u00e9di\u00e9e.<\/p>\n\n\n\n<blockquote class=\"wp-block-quote is-layout-flow wp-block-quote-is-layout-flow\">\n<ul class=\"wp-block-list\">\n<li class=\"has-medium-font-size\"><strong>Lire aussi :<\/strong> <a href=\"https:\/\/www.webdo.tn\/fr\/actualite\/chroniques\/dissimulation-mensonges-et-impostures-combien-coutent-les-malades-imaginaires\/383920\/\">Faux malades : dissimulation et impostures au service de l\u2019absent\u00e9isme<\/a><\/li>\n<\/ul>\n<\/blockquote>\n","protected":false},"excerpt":{"rendered":"<p>L\u2019absent\u00e9isme au travail prend une ampleur pr\u00e9occupante en Tunisie, impactant directement la productivit\u00e9 des entreprises. Selon des donn\u00e9es r\u00e9centes pr\u00e9sent\u00e9es par des sp\u00e9cialistes du secteur, pr\u00e8s de 60% des absences sont li\u00e9es \u00e0 des raisons de sant\u00e9. Un ph\u00e9nom\u00e8ne qui r\u00e9v\u00e8le des fragilit\u00e9s structurelles du monde du travail. Un co\u00fbt \u00e9conomique et social \u00e9lev\u00e9 D\u2019apr\u00e8s [&hellip;]<\/p>\n","protected":false},"author":4782,"featured_media":396920,"comment_status":"closed","ping_status":"closed","sticky":false,"template":"","format":"standard","meta":{"footnotes":""},"categories":[13163,44],"tags":[3715,2780,2608],"class_list":["post-396919","post","type-post","status-publish","format-standard","has-post-thumbnail","hentry","category-epingle","category-national","tag-absenteisme","tag-travail","tag-tunisie"],"yoast_head":"<!-- This site is optimized with the Yoast SEO Premium plugin v27.4 (Yoast SEO v27.4) - https:\/\/yoast.com\/product\/yoast-seo-premium-wordpress\/ -->\n<title>Absent\u00e9isme au travail : Pr\u00e8s de 60% des absences li\u00e9es \u00e0 la sant\u00e9 - webdo<\/title>\n<meta name=\"description\" content=\"L&#039;absent\u00e9isme au travail atteint des niveaux pr\u00e9occupants en Tunisie. Explorez ses implications pour les entreprises.\" \/>\n<link rel=\"canonical\" href=\"https:\/\/www.webdo.tn\/fr\/actualite\/national\/absenteisme-au-travail-pres-de-60-des-absences-liees-a-la-sante\/396919\/\" \/>\n<meta property=\"og:locale\" content=\"fr_FR\" \/>\n<meta property=\"og:type\" content=\"article\" \/>\n<meta property=\"og:title\" content=\"Absent\u00e9isme au travail : Pr\u00e8s de 60% des absences li\u00e9es \u00e0 la sant\u00e9\" \/>\n<meta property=\"og:description\" content=\"L&#039;absent\u00e9isme au travail atteint des niveaux pr\u00e9occupants en Tunisie. Explorez ses implications pour les entreprises.\" \/>\n<meta property=\"og:url\" content=\"https:\/\/www.webdo.tn\/fr\/actualite\/national\/absenteisme-au-travail-pres-de-60-des-absences-liees-a-la-sante\/396919\/\" \/>\n<meta property=\"og:site_name\" content=\"webdo\" \/>\n<meta property=\"article:publisher\" content=\"https:\/\/www.facebook.com\/webdotn\" \/>\n<meta property=\"article:published_time\" content=\"2026-04-27T13:52:06+00:00\" \/>\n<meta property=\"article:modified_time\" content=\"2026-04-27T13:52:09+00:00\" \/>\n<meta property=\"og:image\" content=\"https:\/\/www.webdo.tn\/fr\/wp-content\/uploads\/2026\/04\/absenteisme.jpg\" \/>\n\t<meta property=\"og:image:width\" content=\"1200\" \/>\n\t<meta property=\"og:image:height\" content=\"600\" \/>\n\t<meta property=\"og:image:type\" content=\"image\/jpeg\" \/>\n<meta name=\"author\" content=\"Mohamed Fethi\" \/>\n<meta name=\"twitter:card\" content=\"summary_large_image\" \/>\n<meta name=\"twitter:creator\" content=\"@webdo_tn\" \/>\n<meta name=\"twitter:site\" content=\"@webdo_tn\" \/>\n<meta name=\"twitter:label1\" content=\"\u00c9crit par\" \/>\n\t<meta name=\"twitter:data1\" content=\"Mohamed Fethi\" \/>\n\t<meta name=\"twitter:label2\" content=\"Dur\u00e9e de lecture estim\u00e9e\" \/>\n\t<meta name=\"twitter:data2\" content=\"2 minutes\" \/>\n<script type=\"application\/ld+json\" class=\"yoast-schema-graph\">{\"@context\":\"https:\\\/\\\/schema.org\",\"@graph\":[{\"@type\":\"NewsArticle\",\"@id\":\"https:\\\/\\\/www.webdo.tn\\\/fr\\\/actualite\\\/national\\\/absenteisme-au-travail-pres-de-60-des-absences-liees-a-la-sante\\\/396919\\\/#article\",\"isPartOf\":{\"@id\":\"https:\\\/\\\/www.webdo.tn\\\/fr\\\/actualite\\\/national\\\/absenteisme-au-travail-pres-de-60-des-absences-liees-a-la-sante\\\/396919\\\/\"},\"author\":{\"name\":\"Mohamed Fethi\",\"@id\":\"https:\\\/\\\/www.webdo.tn\\\/fr\\\/#\\\/schema\\\/person\\\/16a4857e77dfc0b610c4c2cadffc9ac4\"},\"headline\":\"Absent\u00e9isme au travail : Pr\u00e8s de 60% des absences li\u00e9es \u00e0 la sant\u00e9\",\"datePublished\":\"2026-04-27T13:52:06+00:00\",\"dateModified\":\"2026-04-27T13:52:09+00:00\",\"mainEntityOfPage\":{\"@id\":\"https:\\\/\\\/www.webdo.tn\\\/fr\\\/actualite\\\/national\\\/absenteisme-au-travail-pres-de-60-des-absences-liees-a-la-sante\\\/396919\\\/\"},\"wordCount\":412,\"publisher\":{\"@id\":\"https:\\\/\\\/www.webdo.tn\\\/fr\\\/#organization\"},\"image\":{\"@id\":\"https:\\\/\\\/www.webdo.tn\\\/fr\\\/actualite\\\/national\\\/absenteisme-au-travail-pres-de-60-des-absences-liees-a-la-sante\\\/396919\\\/#primaryimage\"},\"thumbnailUrl\":\"https:\\\/\\\/www.webdo.tn\\\/fr\\\/wp-content\\\/uploads\\\/2026\\\/04\\\/absenteisme.jpg\",\"keywords\":[\"absent\u00e9isme\",\"travail\",\"Tunisie\"],\"articleSection\":[\"\u00c9pingle\",\"National\"],\"inLanguage\":\"fr-FR\"},{\"@type\":\"WebPage\",\"@id\":\"https:\\\/\\\/www.webdo.tn\\\/fr\\\/actualite\\\/national\\\/absenteisme-au-travail-pres-de-60-des-absences-liees-a-la-sante\\\/396919\\\/\",\"url\":\"https:\\\/\\\/www.webdo.tn\\\/fr\\\/actualite\\\/national\\\/absenteisme-au-travail-pres-de-60-des-absences-liees-a-la-sante\\\/396919\\\/\",\"name\":\"Absent\u00e9isme au travail : Pr\u00e8s de 60% des absences li\u00e9es \u00e0 la sant\u00e9 - webdo\",\"isPartOf\":{\"@id\":\"https:\\\/\\\/www.webdo.tn\\\/fr\\\/#website\"},\"primaryImageOfPage\":{\"@id\":\"https:\\\/\\\/www.webdo.tn\\\/fr\\\/actualite\\\/national\\\/absenteisme-au-travail-pres-de-60-des-absences-liees-a-la-sante\\\/396919\\\/#primaryimage\"},\"image\":{\"@id\":\"https:\\\/\\\/www.webdo.tn\\\/fr\\\/actualite\\\/national\\\/absenteisme-au-travail-pres-de-60-des-absences-liees-a-la-sante\\\/396919\\\/#primaryimage\"},\"thumbnailUrl\":\"https:\\\/\\\/www.webdo.tn\\\/fr\\\/wp-content\\\/uploads\\\/2026\\\/04\\\/absenteisme.jpg\",\"datePublished\":\"2026-04-27T13:52:06+00:00\",\"dateModified\":\"2026-04-27T13:52:09+00:00\",\"description\":\"L'absent\u00e9isme au travail atteint des niveaux pr\u00e9occupants en Tunisie. Explorez ses implications pour les entreprises.\",\"breadcrumb\":{\"@id\":\"https:\\\/\\\/www.webdo.tn\\\/fr\\\/actualite\\\/national\\\/absenteisme-au-travail-pres-de-60-des-absences-liees-a-la-sante\\\/396919\\\/#breadcrumb\"},\"inLanguage\":\"fr-FR\",\"potentialAction\":[{\"@type\":\"ReadAction\",\"target\":[\"https:\\\/\\\/www.webdo.tn\\\/fr\\\/actualite\\\/national\\\/absenteisme-au-travail-pres-de-60-des-absences-liees-a-la-sante\\\/396919\\\/\"]}]},{\"@type\":\"ImageObject\",\"inLanguage\":\"fr-FR\",\"@id\":\"https:\\\/\\\/www.webdo.tn\\\/fr\\\/actualite\\\/national\\\/absenteisme-au-travail-pres-de-60-des-absences-liees-a-la-sante\\\/396919\\\/#primaryimage\",\"url\":\"https:\\\/\\\/www.webdo.tn\\\/fr\\\/wp-content\\\/uploads\\\/2026\\\/04\\\/absenteisme.jpg\",\"contentUrl\":\"https:\\\/\\\/www.webdo.tn\\\/fr\\\/wp-content\\\/uploads\\\/2026\\\/04\\\/absenteisme.jpg\",\"width\":1200,\"height\":600,\"caption\":\"Absent\u00e9isme au travail : Pr\u00e8s de 60% des absences li\u00e9es \u00e0 la sant\u00e9\"},{\"@type\":\"BreadcrumbList\",\"@id\":\"https:\\\/\\\/www.webdo.tn\\\/fr\\\/actualite\\\/national\\\/absenteisme-au-travail-pres-de-60-des-absences-liees-a-la-sante\\\/396919\\\/#breadcrumb\",\"itemListElement\":[{\"@type\":\"ListItem\",\"position\":1,\"name\":\"Accueil\",\"item\":\"https:\\\/\\\/www.webdo.tn\\\/fr\\\/\"},{\"@type\":\"ListItem\",\"position\":2,\"name\":\"Absent\u00e9isme au travail : Pr\u00e8s de 60% des absences li\u00e9es \u00e0 la sant\u00e9\"}]},{\"@type\":\"WebSite\",\"@id\":\"https:\\\/\\\/www.webdo.tn\\\/fr\\\/#website\",\"url\":\"https:\\\/\\\/www.webdo.tn\\\/fr\\\/\",\"name\":\"webdo\",\"description\":\"Tunisie - News en Tunisie et \u00e0 l&#039;international sur Webdo.tn\",\"publisher\":{\"@id\":\"https:\\\/\\\/www.webdo.tn\\\/fr\\\/#organization\"},\"potentialAction\":[{\"@type\":\"SearchAction\",\"target\":{\"@type\":\"EntryPoint\",\"urlTemplate\":\"https:\\\/\\\/www.webdo.tn\\\/fr\\\/?s={search_term_string}\"},\"query-input\":{\"@type\":\"PropertyValueSpecification\",\"valueRequired\":true,\"valueName\":\"search_term_string\"}}],\"inLanguage\":\"fr-FR\"},{\"@type\":\"Organization\",\"@id\":\"https:\\\/\\\/www.webdo.tn\\\/fr\\\/#organization\",\"name\":\"Webdo\",\"alternateName\":\"Webdo.tn\",\"url\":\"https:\\\/\\\/www.webdo.tn\\\/fr\\\/\",\"logo\":{\"@type\":\"ImageObject\",\"inLanguage\":\"fr-FR\",\"@id\":\"https:\\\/\\\/www.webdo.tn\\\/fr\\\/#\\\/schema\\\/logo\\\/image\\\/\",\"url\":\"https:\\\/\\\/www.webdo.tn\\\/fr\\\/wp-content\\\/uploads\\\/2025\\\/06\\\/Webdo-Tunisie_168377.jpg\",\"contentUrl\":\"https:\\\/\\\/www.webdo.tn\\\/fr\\\/wp-content\\\/uploads\\\/2025\\\/06\\\/Webdo-Tunisie_168377.jpg\",\"width\":301,\"height\":301,\"caption\":\"Webdo\"},\"image\":{\"@id\":\"https:\\\/\\\/www.webdo.tn\\\/fr\\\/#\\\/schema\\\/logo\\\/image\\\/\"},\"sameAs\":[\"https:\\\/\\\/www.facebook.com\\\/webdotn\",\"https:\\\/\\\/x.com\\\/webdo_tn\"],\"description\":\"Webdo est un m\u00e9dia num\u00e9rique tunisien fond\u00e9 en 2010, sp\u00e9cialis\u00e9 dans l\u2019actualit\u00e9 nationale et internationale, l\u2019\u00e9conomie, la soci\u00e9t\u00e9 et les analyses politiques. Le site s\u2019adresse \u00e0 un large public francophone et couvre l\u2019information tunisienne en temps r\u00e9el.\",\"email\":\"redac@webdo.tn\",\"legalName\":\"YNJ SARL\",\"foundingDate\":\"2010-09-06\",\"numberOfEmployees\":{\"@type\":\"QuantitativeValue\",\"minValue\":\"11\",\"maxValue\":\"50\"}},{\"@type\":\"Person\",\"@id\":\"https:\\\/\\\/www.webdo.tn\\\/fr\\\/#\\\/schema\\\/person\\\/16a4857e77dfc0b610c4c2cadffc9ac4\",\"name\":\"Mohamed Fethi\",\"image\":{\"@type\":\"ImageObject\",\"inLanguage\":\"fr-FR\",\"@id\":\"https:\\\/\\\/www.webdo.tn\\\/fr\\\/wp-content\\\/uploads\\\/2026\\\/04\\\/mohamed-fethi_avatar_1-96x96.jpg\",\"url\":\"https:\\\/\\\/www.webdo.tn\\\/fr\\\/wp-content\\\/uploads\\\/2026\\\/04\\\/mohamed-fethi_avatar_1-96x96.jpg\",\"contentUrl\":\"https:\\\/\\\/www.webdo.tn\\\/fr\\\/wp-content\\\/uploads\\\/2026\\\/04\\\/mohamed-fethi_avatar_1-96x96.jpg\",\"caption\":\"Mohamed Fethi\"},\"description\":\"Signature \u00e9ditoriale de Maher Chaabane Mohamed Fethi est le pseudonyme \u00e9ditorial de Maher Chaabane, r\u00e9dacteur en chef de Webdo.tn depuis 2012. Cette signature est d\u00e9di\u00e9e au traitement intensif de l'actualit\u00e9 nationale et internationale en temps r\u00e9el. S'appuyant sur les deux d\u00e9cennies d'expertise journalistique de Maher Chaabane \u2014 d\u00e9but\u00e9e au sein du groupe Tunis Hebdo en 2000 \u2014 Mohamed Fethi assure une veille rigoureuse sur les enjeux politiques, \u00e9conomiques et sportifs. Sa mission est de garantir une information structur\u00e9e, fluide et fid\u00e8le aux standards de la r\u00e9daction. Pour consulter le parcours complet du r\u00e9dacteur en chef, visitez le profil officiel de Maher Chaabane.\",\"knowsAbout\":[\"actualit\u00e9\",\"journalisme\",\"information\",\"politique\",\"sport\",\"m\u00e9dias\",\"actualit\u00e9 internationale\"],\"knowsLanguage\":[\"Fran\u00e7ais\",\"Arabe\"],\"jobTitle\":\"Journaliste \u2013 R\u00e9daction Webdo\",\"worksFor\":\"Webdo.tn\",\"url\":\"https:\\\/\\\/www.webdo.tn\\\/fr\\\/actualite\\\/author\\\/mohamed-fethi\\\/\"}]}<\/script>\n<!-- \/ Yoast SEO Premium plugin. -->","yoast_head_json":{"title":"Absent\u00e9isme au travail : Pr\u00e8s de 60% des absences li\u00e9es \u00e0 la sant\u00e9 - webdo","description":"L'absent\u00e9isme au travail atteint des niveaux pr\u00e9occupants en Tunisie. Explorez ses implications pour les entreprises.","canonical":"https:\/\/www.webdo.tn\/fr\/actualite\/national\/absenteisme-au-travail-pres-de-60-des-absences-liees-a-la-sante\/396919\/","og_locale":"fr_FR","og_type":"article","og_title":"Absent\u00e9isme au travail : Pr\u00e8s de 60% des absences li\u00e9es \u00e0 la sant\u00e9","og_description":"L'absent\u00e9isme au travail atteint des niveaux pr\u00e9occupants en Tunisie. Explorez ses implications pour les entreprises.","og_url":"https:\/\/www.webdo.tn\/fr\/actualite\/national\/absenteisme-au-travail-pres-de-60-des-absences-liees-a-la-sante\/396919\/","og_site_name":"webdo","article_publisher":"https:\/\/www.facebook.com\/webdotn","article_published_time":"2026-04-27T13:52:06+00:00","article_modified_time":"2026-04-27T13:52:09+00:00","og_image":[{"width":1200,"height":600,"url":"https:\/\/www.webdo.tn\/fr\/wp-content\/uploads\/2026\/04\/absenteisme.jpg","type":"image\/jpeg"}],"author":"Mohamed Fethi","twitter_card":"summary_large_image","twitter_creator":"@webdo_tn","twitter_site":"@webdo_tn","twitter_misc":{"\u00c9crit par":"Mohamed Fethi","Dur\u00e9e de lecture estim\u00e9e":"2 minutes"},"schema":{"@context":"https:\/\/schema.org","@graph":[{"@type":"NewsArticle","@id":"https:\/\/www.webdo.tn\/fr\/actualite\/national\/absenteisme-au-travail-pres-de-60-des-absences-liees-a-la-sante\/396919\/#article","isPartOf":{"@id":"https:\/\/www.webdo.tn\/fr\/actualite\/national\/absenteisme-au-travail-pres-de-60-des-absences-liees-a-la-sante\/396919\/"},"author":{"name":"Mohamed Fethi","@id":"https:\/\/www.webdo.tn\/fr\/#\/schema\/person\/16a4857e77dfc0b610c4c2cadffc9ac4"},"headline":"Absent\u00e9isme au travail : Pr\u00e8s de 60% des absences li\u00e9es \u00e0 la sant\u00e9","datePublished":"2026-04-27T13:52:06+00:00","dateModified":"2026-04-27T13:52:09+00:00","mainEntityOfPage":{"@id":"https:\/\/www.webdo.tn\/fr\/actualite\/national\/absenteisme-au-travail-pres-de-60-des-absences-liees-a-la-sante\/396919\/"},"wordCount":412,"publisher":{"@id":"https:\/\/www.webdo.tn\/fr\/#organization"},"image":{"@id":"https:\/\/www.webdo.tn\/fr\/actualite\/national\/absenteisme-au-travail-pres-de-60-des-absences-liees-a-la-sante\/396919\/#primaryimage"},"thumbnailUrl":"https:\/\/www.webdo.tn\/fr\/wp-content\/uploads\/2026\/04\/absenteisme.jpg","keywords":["absent\u00e9isme","travail","Tunisie"],"articleSection":["\u00c9pingle","National"],"inLanguage":"fr-FR"},{"@type":"WebPage","@id":"https:\/\/www.webdo.tn\/fr\/actualite\/national\/absenteisme-au-travail-pres-de-60-des-absences-liees-a-la-sante\/396919\/","url":"https:\/\/www.webdo.tn\/fr\/actualite\/national\/absenteisme-au-travail-pres-de-60-des-absences-liees-a-la-sante\/396919\/","name":"Absent\u00e9isme au travail : Pr\u00e8s de 60% des absences li\u00e9es \u00e0 la sant\u00e9 - webdo","isPartOf":{"@id":"https:\/\/www.webdo.tn\/fr\/#website"},"primaryImageOfPage":{"@id":"https:\/\/www.webdo.tn\/fr\/actualite\/national\/absenteisme-au-travail-pres-de-60-des-absences-liees-a-la-sante\/396919\/#primaryimage"},"image":{"@id":"https:\/\/www.webdo.tn\/fr\/actualite\/national\/absenteisme-au-travail-pres-de-60-des-absences-liees-a-la-sante\/396919\/#primaryimage"},"thumbnailUrl":"https:\/\/www.webdo.tn\/fr\/wp-content\/uploads\/2026\/04\/absenteisme.jpg","datePublished":"2026-04-27T13:52:06+00:00","dateModified":"2026-04-27T13:52:09+00:00","description":"L'absent\u00e9isme au travail atteint des niveaux pr\u00e9occupants en Tunisie. Explorez ses implications pour les entreprises.","breadcrumb":{"@id":"https:\/\/www.webdo.tn\/fr\/actualite\/national\/absenteisme-au-travail-pres-de-60-des-absences-liees-a-la-sante\/396919\/#breadcrumb"},"inLanguage":"fr-FR","potentialAction":[{"@type":"ReadAction","target":["https:\/\/www.webdo.tn\/fr\/actualite\/national\/absenteisme-au-travail-pres-de-60-des-absences-liees-a-la-sante\/396919\/"]}]},{"@type":"ImageObject","inLanguage":"fr-FR","@id":"https:\/\/www.webdo.tn\/fr\/actualite\/national\/absenteisme-au-travail-pres-de-60-des-absences-liees-a-la-sante\/396919\/#primaryimage","url":"https:\/\/www.webdo.tn\/fr\/wp-content\/uploads\/2026\/04\/absenteisme.jpg","contentUrl":"https:\/\/www.webdo.tn\/fr\/wp-content\/uploads\/2026\/04\/absenteisme.jpg","width":1200,"height":600,"caption":"Absent\u00e9isme au travail : Pr\u00e8s de 60% des absences li\u00e9es \u00e0 la sant\u00e9"},{"@type":"BreadcrumbList","@id":"https:\/\/www.webdo.tn\/fr\/actualite\/national\/absenteisme-au-travail-pres-de-60-des-absences-liees-a-la-sante\/396919\/#breadcrumb","itemListElement":[{"@type":"ListItem","position":1,"name":"Accueil","item":"https:\/\/www.webdo.tn\/fr\/"},{"@type":"ListItem","position":2,"name":"Absent\u00e9isme au travail : Pr\u00e8s de 60% des absences li\u00e9es \u00e0 la sant\u00e9"}]},{"@type":"WebSite","@id":"https:\/\/www.webdo.tn\/fr\/#website","url":"https:\/\/www.webdo.tn\/fr\/","name":"webdo","description":"Tunisie - News en Tunisie et \u00e0 l&#039;international sur Webdo.tn","publisher":{"@id":"https:\/\/www.webdo.tn\/fr\/#organization"},"potentialAction":[{"@type":"SearchAction","target":{"@type":"EntryPoint","urlTemplate":"https:\/\/www.webdo.tn\/fr\/?s={search_term_string}"},"query-input":{"@type":"PropertyValueSpecification","valueRequired":true,"valueName":"search_term_string"}}],"inLanguage":"fr-FR"},{"@type":"Organization","@id":"https:\/\/www.webdo.tn\/fr\/#organization","name":"Webdo","alternateName":"Webdo.tn","url":"https:\/\/www.webdo.tn\/fr\/","logo":{"@type":"ImageObject","inLanguage":"fr-FR","@id":"https:\/\/www.webdo.tn\/fr\/#\/schema\/logo\/image\/","url":"https:\/\/www.webdo.tn\/fr\/wp-content\/uploads\/2025\/06\/Webdo-Tunisie_168377.jpg","contentUrl":"https:\/\/www.webdo.tn\/fr\/wp-content\/uploads\/2025\/06\/Webdo-Tunisie_168377.jpg","width":301,"height":301,"caption":"Webdo"},"image":{"@id":"https:\/\/www.webdo.tn\/fr\/#\/schema\/logo\/image\/"},"sameAs":["https:\/\/www.facebook.com\/webdotn","https:\/\/x.com\/webdo_tn"],"description":"Webdo est un m\u00e9dia num\u00e9rique tunisien fond\u00e9 en 2010, sp\u00e9cialis\u00e9 dans l\u2019actualit\u00e9 nationale et internationale, l\u2019\u00e9conomie, la soci\u00e9t\u00e9 et les analyses politiques. Le site s\u2019adresse \u00e0 un large public francophone et couvre l\u2019information tunisienne en temps r\u00e9el.","email":"redac@webdo.tn","legalName":"YNJ SARL","foundingDate":"2010-09-06","numberOfEmployees":{"@type":"QuantitativeValue","minValue":"11","maxValue":"50"}},{"@type":"Person","@id":"https:\/\/www.webdo.tn\/fr\/#\/schema\/person\/16a4857e77dfc0b610c4c2cadffc9ac4","name":"Mohamed Fethi","image":{"@type":"ImageObject","inLanguage":"fr-FR","@id":"https:\/\/www.webdo.tn\/fr\/wp-content\/uploads\/2026\/04\/mohamed-fethi_avatar_1-96x96.jpg","url":"https:\/\/www.webdo.tn\/fr\/wp-content\/uploads\/2026\/04\/mohamed-fethi_avatar_1-96x96.jpg","contentUrl":"https:\/\/www.webdo.tn\/fr\/wp-content\/uploads\/2026\/04\/mohamed-fethi_avatar_1-96x96.jpg","caption":"Mohamed Fethi"},"description":"Signature \u00e9ditoriale de Maher Chaabane Mohamed Fethi est le pseudonyme \u00e9ditorial de Maher Chaabane, r\u00e9dacteur en chef de Webdo.tn depuis 2012. Cette signature est d\u00e9di\u00e9e au traitement intensif de l'actualit\u00e9 nationale et internationale en temps r\u00e9el. S'appuyant sur les deux d\u00e9cennies d'expertise journalistique de Maher Chaabane \u2014 d\u00e9but\u00e9e au sein du groupe Tunis Hebdo en 2000 \u2014 Mohamed Fethi assure une veille rigoureuse sur les enjeux politiques, \u00e9conomiques et sportifs. Sa mission est de garantir une information structur\u00e9e, fluide et fid\u00e8le aux standards de la r\u00e9daction. Pour consulter le parcours complet du r\u00e9dacteur en chef, visitez le profil officiel de Maher Chaabane.","knowsAbout":["actualit\u00e9","journalisme","information","politique","sport","m\u00e9dias","actualit\u00e9 internationale"],"knowsLanguage":["Fran\u00e7ais","Arabe"],"jobTitle":"Journaliste \u2013 R\u00e9daction Webdo","worksFor":"Webdo.tn","url":"https:\/\/www.webdo.tn\/fr\/actualite\/author\/mohamed-fethi\/"}]}},"_links":{"self":[{"href":"https:\/\/www.webdo.tn\/fr\/wp-json\/wp\/v2\/posts\/396919","targetHints":{"allow":["GET"]}}],"collection":[{"href":"https:\/\/www.webdo.tn\/fr\/wp-json\/wp\/v2\/posts"}],"about":[{"href":"https:\/\/www.webdo.tn\/fr\/wp-json\/wp\/v2\/types\/post"}],"author":[{"embeddable":true,"href":"https:\/\/www.webdo.tn\/fr\/wp-json\/wp\/v2\/users\/4782"}],"replies":[{"embeddable":true,"href":"https:\/\/www.webdo.tn\/fr\/wp-json\/wp\/v2\/comments?post=396919"}],"version-history":[{"count":1,"href":"https:\/\/www.webdo.tn\/fr\/wp-json\/wp\/v2\/posts\/396919\/revisions"}],"predecessor-version":[{"id":396921,"href":"https:\/\/www.webdo.tn\/fr\/wp-json\/wp\/v2\/posts\/396919\/revisions\/396921"}],"wp:featuredmedia":[{"embeddable":true,"href":"https:\/\/www.webdo.tn\/fr\/wp-json\/wp\/v2\/media\/396920"}],"wp:attachment":[{"href":"https:\/\/www.webdo.tn\/fr\/wp-json\/wp\/v2\/media?parent=396919"}],"wp:term":[{"taxonomy":"category","embeddable":true,"href":"https:\/\/www.webdo.tn\/fr\/wp-json\/wp\/v2\/categories?post=396919"},{"taxonomy":"post_tag","embeddable":true,"href":"https:\/\/www.webdo.tn\/fr\/wp-json\/wp\/v2\/tags?post=396919"}],"curies":[{"name":"wp","href":"https:\/\/api.w.org\/{rel}","templated":true}]}}