{"id":396916,"date":"2026-04-27T12:18:03","date_gmt":"2026-04-27T11:18:03","guid":{"rendered":"https:\/\/www.webdo.tn\/fr\/?p=396916"},"modified":"2026-04-27T12:18:04","modified_gmt":"2026-04-27T11:18:04","slug":"enseignement-superieur-1350-doctorants-bientot-recrutes","status":"publish","type":"post","link":"https:\/\/www.webdo.tn\/fr\/actualite\/national\/enseignement-superieur-1350-doctorants-bientot-recrutes\/396916\/","title":{"rendered":"Enseignement sup\u00e9rieur : 1350 doctorants bient\u00f4t recrut\u00e9s"},"content":{"rendered":"\n<p><strong>Le ministre de l\u2019Enseignement sup\u00e9rieur et de la Recherche scientifique, Mondher Bela\u00efd, a annonc\u00e9 le lancement prochain du processus de recrutement de 1350 doctorants en Tunisie. Cette d\u00e9claration a \u00e9t\u00e9 faite lors d\u2019une s\u00e9ance pl\u00e9ni\u00e8re consacr\u00e9e aux questions orales au Parlement. Le ministre a \u00e9galement d\u00e9taill\u00e9 les r\u00e9formes en cours pour am\u00e9liorer la qualit\u00e9 de l\u2019enseignement sup\u00e9rieur et l\u2019employabilit\u00e9 des dipl\u00f4m\u00e9s.<\/strong><\/p>\n\n\n\n<h2 class=\"wp-block-heading\" id=\"h-vers-un-meilleur-positionnement-des-universites-tunisiennes\">Vers un meilleur positionnement des universit\u00e9s tunisiennes<\/h2>\n\n\n\n<p>Le ministre a soulign\u00e9 que son d\u00e9partement \u0153uvre \u00e0 renforcer la pr\u00e9sence des universit\u00e9s tunisiennes dans les classements arabes et internationaux, \u00e0 travers des programmes de financement et des projets visant \u00e0 am\u00e9liorer la qualit\u00e9 et les indicateurs d\u2019\u00e9valuation.<\/p>\n\n\n\n<p>Il a expliqu\u00e9 que les \u00e9carts observ\u00e9s entre les diff\u00e9rents classements s\u2019expliquent par la diversit\u00e9 des crit\u00e8res utilis\u00e9s, pr\u00e9cisant que le minist\u00e8re accompagne les \u00e9tablissements pour renforcer leurs capacit\u00e9s et am\u00e9liorer leur visibilit\u00e9 \u00e0 l\u2019\u00e9chelle r\u00e9gionale et internationale.<\/p>\n\n\n\n<h2 class=\"wp-block-heading\" id=\"h-reforme-de-la-formation-et-employabilite-des-diplomes\">R\u00e9forme de la formation et employabilit\u00e9 des dipl\u00f4m\u00e9s<\/h2>\n\n\n\n<p>Concernant la strat\u00e9gie de formation, Mondher Bela\u00efd a indiqu\u00e9 qu\u2019une vaste op\u00e9ration de r\u00e9vision des parcours universitaires a \u00e9t\u00e9 lanc\u00e9e. L\u2019objectif est de mieux les aligner sur les besoins du march\u00e9 du travail, afin de renforcer l\u2019insertion professionnelle des dipl\u00f4m\u00e9s.<\/p>\n\n\n\n<blockquote class=\"wp-block-quote is-layout-flow wp-block-quote-is-layout-flow\">\n<ul class=\"wp-block-list\">\n<li class=\"has-medium-font-size\"><strong>Lire aussi :<\/strong> <a href=\"https:\/\/www.webdo.tn\/fr\/actualite\/national\/enseignement-superieur-ouverture-dun-concours-pour-recruter-1350-maitres-assistants\/386935\/\">Enseignement sup\u00e9rieur\u00a0: Ouverture d\u2019un concours pour recruter 1350 ma\u00eetres-assistants<\/a><\/li>\n<\/ul>\n<\/blockquote>\n\n\n\n<p>Le minist\u00e8re mise \u00e9galement sur le d\u00e9veloppement de la formation compl\u00e9mentaire et de la qualification professionnelle pour am\u00e9liorer les comp\u00e9tences des \u00e9tudiants.<\/p>\n\n\n\n<h2 class=\"wp-block-heading\" id=\"h-recrutement-de-doctorants-une-premiere-vague-en-preparation\">Recrutement de doctorants : une premi\u00e8re vague en pr\u00e9paration<\/h2>\n\n\n\n<p>S\u2019agissant de l\u2019emploi des titulaires de doctorat, le ministre a rappel\u00e9 l\u2019ouverture prochaine d\u2019un concours pour le recrutement de 1350 doctorants dans une premi\u00e8re phase. L\u2019\u00e9tude des dossiers devrait d\u00e9buter prochainement, en coordination avec le minist\u00e8re des Finances et la pr\u00e9sidence du gouvernement, afin de mobiliser le maximum de postes.<\/p>\n\n\n\n<p>Il a pr\u00e9cis\u00e9 que le recrutement par contrat constitue une \u00e9tape transitoire permettant aux doctorants d\u2019acqu\u00e9rir une exp\u00e9rience dans l\u2019enseignement, rejetant toute assimilation \u00e0 des formes d\u2019emploi pr\u00e9caire.<\/p>\n\n\n\n<h2 class=\"wp-block-heading\" id=\"h-infrastructures-et-situation-des-universites-a-kairouan\">Infrastructures et situation des universit\u00e9s \u00e0 Kairouan<\/h2>\n\n\n\n<p>Le ministre a \u00e9galement \u00e9voqu\u00e9 la baisse du nombre d\u2019\u00e9tudiants dans certaines institutions, appelant \u00e0 une meilleure exploitation des infrastructures existantes et \u00e0 un renforcement de la compl\u00e9mentarit\u00e9 entre \u00e9tablissements au sein des p\u00f4les universitaires.<\/p>\n\n\n\n<blockquote class=\"wp-block-quote is-layout-flow wp-block-quote-is-layout-flow\">\n<ul class=\"wp-block-list\">\n<li class=\"has-medium-font-size\"><strong>Lire aussi : <\/strong><a href=\"https:\/\/www.webdo.tn\/fr\/actualite\/national\/tunisie-un-projet-de-100-millions-de-dollars-pour-un-enseignement-superieur-plus-performant\/220186\/\">Tunisie : Un projet de 100 millions de dollars pour un enseignement sup\u00e9rieur plus performant<\/a><\/li>\n<\/ul>\n<\/blockquote>\n\n\n\n<p>Concernant la situation \u00e0 Kairouan, il a indiqu\u00e9 que la majorit\u00e9 des \u00e9tablissements disposent de locaux officiels, tandis que certains fonctionnent encore dans des espaces provisoires. Il a fait \u00e9tat de l\u2019avancement du projet de l\u2019institut pr\u00e9paratoire aux \u00e9tudes d\u2019ing\u00e9nieurs, ainsi que des efforts en cours pour lever les obstacles fonciers freinant la r\u00e9alisation de l\u2019Institut sup\u00e9rieur des \u00e9tudes juridiques et politiques.<\/p>\n\n\n\n<p>Enfin, un projet de r\u00e9habilitation de la Facult\u00e9 des lettres de Kairouan, d\u2019un co\u00fbt estim\u00e9 \u00e0 9 millions de dinars, est \u00e0 l\u2019\u00e9tude afin d\u2019augmenter sa capacit\u00e9 d\u2019accueil, dans une logique d\u2019optimisation des ressources.<\/p>\n\n\n\n<blockquote class=\"wp-block-quote is-layout-flow wp-block-quote-is-layout-flow\">\n<ul class=\"wp-block-list\">\n<li class=\"has-medium-font-size\"><strong>Lire aussi : <\/strong><a href=\"https:\/\/www.webdo.tn\/fr\/actualite\/national\/foyers-universitaires-8200-nouveaux-lits-au-coeur-du-budget-2026-de-lenseignement-superieur\/387779\/\">Foyers universitaires : 8200 nouveaux lits au c\u0153ur du budget 2026 de l\u2019Enseignement sup\u00e9rieur<\/a><\/li>\n<\/ul>\n<\/blockquote>\n","protected":false},"excerpt":{"rendered":"<p>Le ministre de l\u2019Enseignement sup\u00e9rieur et de la Recherche scientifique, Mondher Bela\u00efd, a annonc\u00e9 le lancement prochain du processus de recrutement de 1350 doctorants en Tunisie. Cette d\u00e9claration a \u00e9t\u00e9 faite lors d\u2019une s\u00e9ance pl\u00e9ni\u00e8re consacr\u00e9e aux questions orales au Parlement. Le ministre a \u00e9galement d\u00e9taill\u00e9 les r\u00e9formes en cours pour am\u00e9liorer la qualit\u00e9 de [&hellip;]<\/p>\n","protected":false},"author":4782,"featured_media":396917,"comment_status":"closed","ping_status":"closed","sticky":false,"template":"","format":"standard","meta":{"footnotes":""},"categories":[44],"tags":[6129,2940,3872,2608],"class_list":["post-396916","post","type-post","status-publish","format-standard","has-post-thumbnail","hentry","category-national","tag-doctorants","tag-enseignement-superieur","tag-recrutement","tag-tunisie"],"yoast_head":"<!-- This site is optimized with the Yoast SEO Premium plugin v27.4 (Yoast SEO v27.4) - https:\/\/yoast.com\/product\/yoast-seo-premium-wordpress\/ -->\n<title>Enseignement sup\u00e9rieur : 1350 doctorants bient\u00f4t recrut\u00e9s - webdo<\/title>\n<meta name=\"description\" content=\"Le ministre de l&#039;enseignement sup\u00e9rieur partage des initiatives pour am\u00e9liorer la qualit\u00e9 et l&#039;employabilit\u00e9 des dipl\u00f4m\u00e9s.\" \/>\n<link rel=\"canonical\" href=\"https:\/\/www.webdo.tn\/fr\/actualite\/national\/enseignement-superieur-1350-doctorants-bientot-recrutes\/396916\/\" \/>\n<meta property=\"og:locale\" content=\"fr_FR\" \/>\n<meta property=\"og:type\" content=\"article\" \/>\n<meta property=\"og:title\" content=\"Enseignement sup\u00e9rieur : 1350 doctorants bient\u00f4t recrut\u00e9s\" \/>\n<meta property=\"og:description\" content=\"Le ministre de l&#039;enseignement sup\u00e9rieur partage des initiatives pour am\u00e9liorer la qualit\u00e9 et l&#039;employabilit\u00e9 des dipl\u00f4m\u00e9s.\" \/>\n<meta property=\"og:url\" content=\"https:\/\/www.webdo.tn\/fr\/actualite\/national\/enseignement-superieur-1350-doctorants-bientot-recrutes\/396916\/\" \/>\n<meta property=\"og:site_name\" content=\"webdo\" \/>\n<meta property=\"article:publisher\" content=\"https:\/\/www.facebook.com\/webdotn\" \/>\n<meta property=\"article:published_time\" content=\"2026-04-27T11:18:03+00:00\" \/>\n<meta property=\"article:modified_time\" content=\"2026-04-27T11:18:04+00:00\" \/>\n<meta property=\"og:image\" content=\"https:\/\/www.webdo.tn\/fr\/wp-content\/uploads\/2026\/04\/Tunisie_Ministere_Enseignement_Superieure.jpg\" \/>\n\t<meta property=\"og:image:width\" content=\"1200\" \/>\n\t<meta property=\"og:image:height\" content=\"605\" \/>\n\t<meta property=\"og:image:type\" content=\"image\/jpeg\" \/>\n<meta name=\"author\" content=\"Mohamed Fethi\" \/>\n<meta name=\"twitter:card\" content=\"summary_large_image\" \/>\n<meta name=\"twitter:creator\" content=\"@webdo_tn\" \/>\n<meta name=\"twitter:site\" content=\"@webdo_tn\" \/>\n<meta name=\"twitter:label1\" content=\"\u00c9crit par\" \/>\n\t<meta name=\"twitter:data1\" content=\"Mohamed Fethi\" \/>\n\t<meta name=\"twitter:label2\" content=\"Dur\u00e9e de lecture estim\u00e9e\" \/>\n\t<meta name=\"twitter:data2\" content=\"3 minutes\" \/>\n<script type=\"application\/ld+json\" class=\"yoast-schema-graph\">{\"@context\":\"https:\\\/\\\/schema.org\",\"@graph\":[{\"@type\":\"NewsArticle\",\"@id\":\"https:\\\/\\\/www.webdo.tn\\\/fr\\\/actualite\\\/national\\\/enseignement-superieur-1350-doctorants-bientot-recrutes\\\/396916\\\/#article\",\"isPartOf\":{\"@id\":\"https:\\\/\\\/www.webdo.tn\\\/fr\\\/actualite\\\/national\\\/enseignement-superieur-1350-doctorants-bientot-recrutes\\\/396916\\\/\"},\"author\":{\"name\":\"Mohamed Fethi\",\"@id\":\"https:\\\/\\\/www.webdo.tn\\\/fr\\\/#\\\/schema\\\/person\\\/16a4857e77dfc0b610c4c2cadffc9ac4\"},\"headline\":\"Enseignement sup\u00e9rieur : 1350 doctorants bient\u00f4t recrut\u00e9s\",\"datePublished\":\"2026-04-27T11:18:03+00:00\",\"dateModified\":\"2026-04-27T11:18:04+00:00\",\"mainEntityOfPage\":{\"@id\":\"https:\\\/\\\/www.webdo.tn\\\/fr\\\/actualite\\\/national\\\/enseignement-superieur-1350-doctorants-bientot-recrutes\\\/396916\\\/\"},\"wordCount\":567,\"publisher\":{\"@id\":\"https:\\\/\\\/www.webdo.tn\\\/fr\\\/#organization\"},\"image\":{\"@id\":\"https:\\\/\\\/www.webdo.tn\\\/fr\\\/actualite\\\/national\\\/enseignement-superieur-1350-doctorants-bientot-recrutes\\\/396916\\\/#primaryimage\"},\"thumbnailUrl\":\"https:\\\/\\\/www.webdo.tn\\\/fr\\\/wp-content\\\/uploads\\\/2026\\\/04\\\/Tunisie_Ministere_Enseignement_Superieure.jpg\",\"keywords\":[\"doctorants\",\"enseignement sup\u00e9rieur\",\"recrutement\",\"Tunisie\"],\"articleSection\":[\"National\"],\"inLanguage\":\"fr-FR\"},{\"@type\":\"WebPage\",\"@id\":\"https:\\\/\\\/www.webdo.tn\\\/fr\\\/actualite\\\/national\\\/enseignement-superieur-1350-doctorants-bientot-recrutes\\\/396916\\\/\",\"url\":\"https:\\\/\\\/www.webdo.tn\\\/fr\\\/actualite\\\/national\\\/enseignement-superieur-1350-doctorants-bientot-recrutes\\\/396916\\\/\",\"name\":\"Enseignement sup\u00e9rieur : 1350 doctorants bient\u00f4t recrut\u00e9s - webdo\",\"isPartOf\":{\"@id\":\"https:\\\/\\\/www.webdo.tn\\\/fr\\\/#website\"},\"primaryImageOfPage\":{\"@id\":\"https:\\\/\\\/www.webdo.tn\\\/fr\\\/actualite\\\/national\\\/enseignement-superieur-1350-doctorants-bientot-recrutes\\\/396916\\\/#primaryimage\"},\"image\":{\"@id\":\"https:\\\/\\\/www.webdo.tn\\\/fr\\\/actualite\\\/national\\\/enseignement-superieur-1350-doctorants-bientot-recrutes\\\/396916\\\/#primaryimage\"},\"thumbnailUrl\":\"https:\\\/\\\/www.webdo.tn\\\/fr\\\/wp-content\\\/uploads\\\/2026\\\/04\\\/Tunisie_Ministere_Enseignement_Superieure.jpg\",\"datePublished\":\"2026-04-27T11:18:03+00:00\",\"dateModified\":\"2026-04-27T11:18:04+00:00\",\"description\":\"Le ministre de l'enseignement sup\u00e9rieur partage des initiatives pour am\u00e9liorer la qualit\u00e9 et l'employabilit\u00e9 des dipl\u00f4m\u00e9s.\",\"breadcrumb\":{\"@id\":\"https:\\\/\\\/www.webdo.tn\\\/fr\\\/actualite\\\/national\\\/enseignement-superieur-1350-doctorants-bientot-recrutes\\\/396916\\\/#breadcrumb\"},\"inLanguage\":\"fr-FR\",\"potentialAction\":[{\"@type\":\"ReadAction\",\"target\":[\"https:\\\/\\\/www.webdo.tn\\\/fr\\\/actualite\\\/national\\\/enseignement-superieur-1350-doctorants-bientot-recrutes\\\/396916\\\/\"]}]},{\"@type\":\"ImageObject\",\"inLanguage\":\"fr-FR\",\"@id\":\"https:\\\/\\\/www.webdo.tn\\\/fr\\\/actualite\\\/national\\\/enseignement-superieur-1350-doctorants-bientot-recrutes\\\/396916\\\/#primaryimage\",\"url\":\"https:\\\/\\\/www.webdo.tn\\\/fr\\\/wp-content\\\/uploads\\\/2026\\\/04\\\/Tunisie_Ministere_Enseignement_Superieure.jpg\",\"contentUrl\":\"https:\\\/\\\/www.webdo.tn\\\/fr\\\/wp-content\\\/uploads\\\/2026\\\/04\\\/Tunisie_Ministere_Enseignement_Superieure.jpg\",\"width\":1200,\"height\":605,\"caption\":\"Enseignement sup\u00e9rieur : 1350 doctorants bient\u00f4t recrut\u00e9s\"},{\"@type\":\"BreadcrumbList\",\"@id\":\"https:\\\/\\\/www.webdo.tn\\\/fr\\\/actualite\\\/national\\\/enseignement-superieur-1350-doctorants-bientot-recrutes\\\/396916\\\/#breadcrumb\",\"itemListElement\":[{\"@type\":\"ListItem\",\"position\":1,\"name\":\"Accueil\",\"item\":\"https:\\\/\\\/www.webdo.tn\\\/fr\\\/\"},{\"@type\":\"ListItem\",\"position\":2,\"name\":\"Enseignement sup\u00e9rieur : 1350 doctorants bient\u00f4t recrut\u00e9s\"}]},{\"@type\":\"WebSite\",\"@id\":\"https:\\\/\\\/www.webdo.tn\\\/fr\\\/#website\",\"url\":\"https:\\\/\\\/www.webdo.tn\\\/fr\\\/\",\"name\":\"webdo\",\"description\":\"Tunisie - News en Tunisie et \u00e0 l&#039;international sur Webdo.tn\",\"publisher\":{\"@id\":\"https:\\\/\\\/www.webdo.tn\\\/fr\\\/#organization\"},\"potentialAction\":[{\"@type\":\"SearchAction\",\"target\":{\"@type\":\"EntryPoint\",\"urlTemplate\":\"https:\\\/\\\/www.webdo.tn\\\/fr\\\/?s={search_term_string}\"},\"query-input\":{\"@type\":\"PropertyValueSpecification\",\"valueRequired\":true,\"valueName\":\"search_term_string\"}}],\"inLanguage\":\"fr-FR\"},{\"@type\":\"Organization\",\"@id\":\"https:\\\/\\\/www.webdo.tn\\\/fr\\\/#organization\",\"name\":\"Webdo\",\"alternateName\":\"Webdo.tn\",\"url\":\"https:\\\/\\\/www.webdo.tn\\\/fr\\\/\",\"logo\":{\"@type\":\"ImageObject\",\"inLanguage\":\"fr-FR\",\"@id\":\"https:\\\/\\\/www.webdo.tn\\\/fr\\\/#\\\/schema\\\/logo\\\/image\\\/\",\"url\":\"https:\\\/\\\/www.webdo.tn\\\/fr\\\/wp-content\\\/uploads\\\/2025\\\/06\\\/Webdo-Tunisie_168377.jpg\",\"contentUrl\":\"https:\\\/\\\/www.webdo.tn\\\/fr\\\/wp-content\\\/uploads\\\/2025\\\/06\\\/Webdo-Tunisie_168377.jpg\",\"width\":301,\"height\":301,\"caption\":\"Webdo\"},\"image\":{\"@id\":\"https:\\\/\\\/www.webdo.tn\\\/fr\\\/#\\\/schema\\\/logo\\\/image\\\/\"},\"sameAs\":[\"https:\\\/\\\/www.facebook.com\\\/webdotn\",\"https:\\\/\\\/x.com\\\/webdo_tn\"],\"description\":\"Webdo est un m\u00e9dia num\u00e9rique tunisien fond\u00e9 en 2010, sp\u00e9cialis\u00e9 dans l\u2019actualit\u00e9 nationale et internationale, l\u2019\u00e9conomie, la soci\u00e9t\u00e9 et les analyses politiques. Le site s\u2019adresse \u00e0 un large public francophone et couvre l\u2019information tunisienne en temps r\u00e9el.\",\"email\":\"redac@webdo.tn\",\"legalName\":\"YNJ SARL\",\"foundingDate\":\"2010-09-06\",\"numberOfEmployees\":{\"@type\":\"QuantitativeValue\",\"minValue\":\"11\",\"maxValue\":\"50\"}},{\"@type\":\"Person\",\"@id\":\"https:\\\/\\\/www.webdo.tn\\\/fr\\\/#\\\/schema\\\/person\\\/16a4857e77dfc0b610c4c2cadffc9ac4\",\"name\":\"Mohamed Fethi\",\"image\":{\"@type\":\"ImageObject\",\"inLanguage\":\"fr-FR\",\"@id\":\"https:\\\/\\\/www.webdo.tn\\\/fr\\\/wp-content\\\/uploads\\\/2026\\\/04\\\/mohamed-fethi_avatar_1-96x96.jpg\",\"url\":\"https:\\\/\\\/www.webdo.tn\\\/fr\\\/wp-content\\\/uploads\\\/2026\\\/04\\\/mohamed-fethi_avatar_1-96x96.jpg\",\"contentUrl\":\"https:\\\/\\\/www.webdo.tn\\\/fr\\\/wp-content\\\/uploads\\\/2026\\\/04\\\/mohamed-fethi_avatar_1-96x96.jpg\",\"caption\":\"Mohamed Fethi\"},\"description\":\"Signature \u00e9ditoriale de Maher Chaabane Mohamed Fethi est le pseudonyme \u00e9ditorial de Maher Chaabane, r\u00e9dacteur en chef de Webdo.tn depuis 2012. Cette signature est d\u00e9di\u00e9e au traitement intensif de l'actualit\u00e9 nationale et internationale en temps r\u00e9el. S'appuyant sur les deux d\u00e9cennies d'expertise journalistique de Maher Chaabane \u2014 d\u00e9but\u00e9e au sein du groupe Tunis Hebdo en 2000 \u2014 Mohamed Fethi assure une veille rigoureuse sur les enjeux politiques, \u00e9conomiques et sportifs. Sa mission est de garantir une information structur\u00e9e, fluide et fid\u00e8le aux standards de la r\u00e9daction. Pour consulter le parcours complet du r\u00e9dacteur en chef, visitez le profil officiel de Maher Chaabane.\",\"knowsAbout\":[\"actualit\u00e9\",\"journalisme\",\"information\",\"politique\",\"sport\",\"m\u00e9dias\",\"actualit\u00e9 internationale\"],\"knowsLanguage\":[\"Fran\u00e7ais\",\"Arabe\"],\"jobTitle\":\"Journaliste \u2013 R\u00e9daction Webdo\",\"worksFor\":\"Webdo.tn\",\"url\":\"https:\\\/\\\/www.webdo.tn\\\/fr\\\/actualite\\\/author\\\/mohamed-fethi\\\/\"}]}<\/script>\n<!-- \/ Yoast SEO Premium plugin. -->","yoast_head_json":{"title":"Enseignement sup\u00e9rieur : 1350 doctorants bient\u00f4t recrut\u00e9s - webdo","description":"Le ministre de l'enseignement sup\u00e9rieur partage des initiatives pour am\u00e9liorer la qualit\u00e9 et l'employabilit\u00e9 des dipl\u00f4m\u00e9s.","canonical":"https:\/\/www.webdo.tn\/fr\/actualite\/national\/enseignement-superieur-1350-doctorants-bientot-recrutes\/396916\/","og_locale":"fr_FR","og_type":"article","og_title":"Enseignement sup\u00e9rieur : 1350 doctorants bient\u00f4t recrut\u00e9s","og_description":"Le ministre de l'enseignement sup\u00e9rieur partage des initiatives pour am\u00e9liorer la qualit\u00e9 et l'employabilit\u00e9 des dipl\u00f4m\u00e9s.","og_url":"https:\/\/www.webdo.tn\/fr\/actualite\/national\/enseignement-superieur-1350-doctorants-bientot-recrutes\/396916\/","og_site_name":"webdo","article_publisher":"https:\/\/www.facebook.com\/webdotn","article_published_time":"2026-04-27T11:18:03+00:00","article_modified_time":"2026-04-27T11:18:04+00:00","og_image":[{"width":1200,"height":605,"url":"https:\/\/www.webdo.tn\/fr\/wp-content\/uploads\/2026\/04\/Tunisie_Ministere_Enseignement_Superieure.jpg","type":"image\/jpeg"}],"author":"Mohamed Fethi","twitter_card":"summary_large_image","twitter_creator":"@webdo_tn","twitter_site":"@webdo_tn","twitter_misc":{"\u00c9crit par":"Mohamed Fethi","Dur\u00e9e de lecture estim\u00e9e":"3 minutes"},"schema":{"@context":"https:\/\/schema.org","@graph":[{"@type":"NewsArticle","@id":"https:\/\/www.webdo.tn\/fr\/actualite\/national\/enseignement-superieur-1350-doctorants-bientot-recrutes\/396916\/#article","isPartOf":{"@id":"https:\/\/www.webdo.tn\/fr\/actualite\/national\/enseignement-superieur-1350-doctorants-bientot-recrutes\/396916\/"},"author":{"name":"Mohamed Fethi","@id":"https:\/\/www.webdo.tn\/fr\/#\/schema\/person\/16a4857e77dfc0b610c4c2cadffc9ac4"},"headline":"Enseignement sup\u00e9rieur : 1350 doctorants bient\u00f4t recrut\u00e9s","datePublished":"2026-04-27T11:18:03+00:00","dateModified":"2026-04-27T11:18:04+00:00","mainEntityOfPage":{"@id":"https:\/\/www.webdo.tn\/fr\/actualite\/national\/enseignement-superieur-1350-doctorants-bientot-recrutes\/396916\/"},"wordCount":567,"publisher":{"@id":"https:\/\/www.webdo.tn\/fr\/#organization"},"image":{"@id":"https:\/\/www.webdo.tn\/fr\/actualite\/national\/enseignement-superieur-1350-doctorants-bientot-recrutes\/396916\/#primaryimage"},"thumbnailUrl":"https:\/\/www.webdo.tn\/fr\/wp-content\/uploads\/2026\/04\/Tunisie_Ministere_Enseignement_Superieure.jpg","keywords":["doctorants","enseignement sup\u00e9rieur","recrutement","Tunisie"],"articleSection":["National"],"inLanguage":"fr-FR"},{"@type":"WebPage","@id":"https:\/\/www.webdo.tn\/fr\/actualite\/national\/enseignement-superieur-1350-doctorants-bientot-recrutes\/396916\/","url":"https:\/\/www.webdo.tn\/fr\/actualite\/national\/enseignement-superieur-1350-doctorants-bientot-recrutes\/396916\/","name":"Enseignement sup\u00e9rieur : 1350 doctorants bient\u00f4t recrut\u00e9s - webdo","isPartOf":{"@id":"https:\/\/www.webdo.tn\/fr\/#website"},"primaryImageOfPage":{"@id":"https:\/\/www.webdo.tn\/fr\/actualite\/national\/enseignement-superieur-1350-doctorants-bientot-recrutes\/396916\/#primaryimage"},"image":{"@id":"https:\/\/www.webdo.tn\/fr\/actualite\/national\/enseignement-superieur-1350-doctorants-bientot-recrutes\/396916\/#primaryimage"},"thumbnailUrl":"https:\/\/www.webdo.tn\/fr\/wp-content\/uploads\/2026\/04\/Tunisie_Ministere_Enseignement_Superieure.jpg","datePublished":"2026-04-27T11:18:03+00:00","dateModified":"2026-04-27T11:18:04+00:00","description":"Le ministre de l'enseignement sup\u00e9rieur partage des initiatives pour am\u00e9liorer la qualit\u00e9 et l'employabilit\u00e9 des dipl\u00f4m\u00e9s.","breadcrumb":{"@id":"https:\/\/www.webdo.tn\/fr\/actualite\/national\/enseignement-superieur-1350-doctorants-bientot-recrutes\/396916\/#breadcrumb"},"inLanguage":"fr-FR","potentialAction":[{"@type":"ReadAction","target":["https:\/\/www.webdo.tn\/fr\/actualite\/national\/enseignement-superieur-1350-doctorants-bientot-recrutes\/396916\/"]}]},{"@type":"ImageObject","inLanguage":"fr-FR","@id":"https:\/\/www.webdo.tn\/fr\/actualite\/national\/enseignement-superieur-1350-doctorants-bientot-recrutes\/396916\/#primaryimage","url":"https:\/\/www.webdo.tn\/fr\/wp-content\/uploads\/2026\/04\/Tunisie_Ministere_Enseignement_Superieure.jpg","contentUrl":"https:\/\/www.webdo.tn\/fr\/wp-content\/uploads\/2026\/04\/Tunisie_Ministere_Enseignement_Superieure.jpg","width":1200,"height":605,"caption":"Enseignement sup\u00e9rieur : 1350 doctorants bient\u00f4t recrut\u00e9s"},{"@type":"BreadcrumbList","@id":"https:\/\/www.webdo.tn\/fr\/actualite\/national\/enseignement-superieur-1350-doctorants-bientot-recrutes\/396916\/#breadcrumb","itemListElement":[{"@type":"ListItem","position":1,"name":"Accueil","item":"https:\/\/www.webdo.tn\/fr\/"},{"@type":"ListItem","position":2,"name":"Enseignement sup\u00e9rieur : 1350 doctorants bient\u00f4t recrut\u00e9s"}]},{"@type":"WebSite","@id":"https:\/\/www.webdo.tn\/fr\/#website","url":"https:\/\/www.webdo.tn\/fr\/","name":"webdo","description":"Tunisie - News en Tunisie et \u00e0 l&#039;international sur Webdo.tn","publisher":{"@id":"https:\/\/www.webdo.tn\/fr\/#organization"},"potentialAction":[{"@type":"SearchAction","target":{"@type":"EntryPoint","urlTemplate":"https:\/\/www.webdo.tn\/fr\/?s={search_term_string}"},"query-input":{"@type":"PropertyValueSpecification","valueRequired":true,"valueName":"search_term_string"}}],"inLanguage":"fr-FR"},{"@type":"Organization","@id":"https:\/\/www.webdo.tn\/fr\/#organization","name":"Webdo","alternateName":"Webdo.tn","url":"https:\/\/www.webdo.tn\/fr\/","logo":{"@type":"ImageObject","inLanguage":"fr-FR","@id":"https:\/\/www.webdo.tn\/fr\/#\/schema\/logo\/image\/","url":"https:\/\/www.webdo.tn\/fr\/wp-content\/uploads\/2025\/06\/Webdo-Tunisie_168377.jpg","contentUrl":"https:\/\/www.webdo.tn\/fr\/wp-content\/uploads\/2025\/06\/Webdo-Tunisie_168377.jpg","width":301,"height":301,"caption":"Webdo"},"image":{"@id":"https:\/\/www.webdo.tn\/fr\/#\/schema\/logo\/image\/"},"sameAs":["https:\/\/www.facebook.com\/webdotn","https:\/\/x.com\/webdo_tn"],"description":"Webdo est un m\u00e9dia num\u00e9rique tunisien fond\u00e9 en 2010, sp\u00e9cialis\u00e9 dans l\u2019actualit\u00e9 nationale et internationale, l\u2019\u00e9conomie, la soci\u00e9t\u00e9 et les analyses politiques. Le site s\u2019adresse \u00e0 un large public francophone et couvre l\u2019information tunisienne en temps r\u00e9el.","email":"redac@webdo.tn","legalName":"YNJ SARL","foundingDate":"2010-09-06","numberOfEmployees":{"@type":"QuantitativeValue","minValue":"11","maxValue":"50"}},{"@type":"Person","@id":"https:\/\/www.webdo.tn\/fr\/#\/schema\/person\/16a4857e77dfc0b610c4c2cadffc9ac4","name":"Mohamed Fethi","image":{"@type":"ImageObject","inLanguage":"fr-FR","@id":"https:\/\/www.webdo.tn\/fr\/wp-content\/uploads\/2026\/04\/mohamed-fethi_avatar_1-96x96.jpg","url":"https:\/\/www.webdo.tn\/fr\/wp-content\/uploads\/2026\/04\/mohamed-fethi_avatar_1-96x96.jpg","contentUrl":"https:\/\/www.webdo.tn\/fr\/wp-content\/uploads\/2026\/04\/mohamed-fethi_avatar_1-96x96.jpg","caption":"Mohamed Fethi"},"description":"Signature \u00e9ditoriale de Maher Chaabane Mohamed Fethi est le pseudonyme \u00e9ditorial de Maher Chaabane, r\u00e9dacteur en chef de Webdo.tn depuis 2012. Cette signature est d\u00e9di\u00e9e au traitement intensif de l'actualit\u00e9 nationale et internationale en temps r\u00e9el. S'appuyant sur les deux d\u00e9cennies d'expertise journalistique de Maher Chaabane \u2014 d\u00e9but\u00e9e au sein du groupe Tunis Hebdo en 2000 \u2014 Mohamed Fethi assure une veille rigoureuse sur les enjeux politiques, \u00e9conomiques et sportifs. Sa mission est de garantir une information structur\u00e9e, fluide et fid\u00e8le aux standards de la r\u00e9daction. Pour consulter le parcours complet du r\u00e9dacteur en chef, visitez le profil officiel de Maher Chaabane.","knowsAbout":["actualit\u00e9","journalisme","information","politique","sport","m\u00e9dias","actualit\u00e9 internationale"],"knowsLanguage":["Fran\u00e7ais","Arabe"],"jobTitle":"Journaliste \u2013 R\u00e9daction Webdo","worksFor":"Webdo.tn","url":"https:\/\/www.webdo.tn\/fr\/actualite\/author\/mohamed-fethi\/"}]}},"_links":{"self":[{"href":"https:\/\/www.webdo.tn\/fr\/wp-json\/wp\/v2\/posts\/396916","targetHints":{"allow":["GET"]}}],"collection":[{"href":"https:\/\/www.webdo.tn\/fr\/wp-json\/wp\/v2\/posts"}],"about":[{"href":"https:\/\/www.webdo.tn\/fr\/wp-json\/wp\/v2\/types\/post"}],"author":[{"embeddable":true,"href":"https:\/\/www.webdo.tn\/fr\/wp-json\/wp\/v2\/users\/4782"}],"replies":[{"embeddable":true,"href":"https:\/\/www.webdo.tn\/fr\/wp-json\/wp\/v2\/comments?post=396916"}],"version-history":[{"count":1,"href":"https:\/\/www.webdo.tn\/fr\/wp-json\/wp\/v2\/posts\/396916\/revisions"}],"predecessor-version":[{"id":396918,"href":"https:\/\/www.webdo.tn\/fr\/wp-json\/wp\/v2\/posts\/396916\/revisions\/396918"}],"wp:featuredmedia":[{"embeddable":true,"href":"https:\/\/www.webdo.tn\/fr\/wp-json\/wp\/v2\/media\/396917"}],"wp:attachment":[{"href":"https:\/\/www.webdo.tn\/fr\/wp-json\/wp\/v2\/media?parent=396916"}],"wp:term":[{"taxonomy":"category","embeddable":true,"href":"https:\/\/www.webdo.tn\/fr\/wp-json\/wp\/v2\/categories?post=396916"},{"taxonomy":"post_tag","embeddable":true,"href":"https:\/\/www.webdo.tn\/fr\/wp-json\/wp\/v2\/tags?post=396916"}],"curies":[{"name":"wp","href":"https:\/\/api.w.org\/{rel}","templated":true}]}}