{"id":396903,"date":"2026-04-27T10:24:05","date_gmt":"2026-04-27T09:24:05","guid":{"rendered":"https:\/\/www.webdo.tn\/fr\/?p=396903"},"modified":"2026-04-27T10:24:06","modified_gmt":"2026-04-27T09:24:06","slug":"aid-al-idha-le-27-mai-selon-les-calculs-astronomiques","status":"publish","type":"post","link":"https:\/\/www.webdo.tn\/fr\/actualite\/national\/aid-al-idha-le-27-mai-selon-les-calculs-astronomiques\/396903\/","title":{"rendered":"A\u00efd al-Idha : Le 27 mai selon les calculs astronomiques"},"content":{"rendered":"\n<p><strong>La date de l\u2019A\u00efd al-Idha 2026 se pr\u00e9cise. Selon les calculs astronomiques, la f\u00eate du sacrifice devrait \u00eatre c\u00e9l\u00e9br\u00e9e le 27 mai en Tunisie. Cette estimation a \u00e9t\u00e9 avanc\u00e9e lundi par une responsable scientifique de la Cit\u00e9 des Sciences de Tunis.<\/strong><\/p>\n\n\n\n<h2 class=\"wp-block-heading\" id=\"h-une-date-fixee-par-les-donnees-astronomiques\">Une date fix\u00e9e par les donn\u00e9es astronomiques<\/h2>\n\n\n\n<p>Sarra Snoussi, cheffe du service Pavillon de l\u2019Univers \u00e0 la Cit\u00e9 des Sciences, a indiqu\u00e9 que les calculs astronomiques convergent vers le mercredi 27 mai 2026 comme premier jour de l\u2019A\u00efd al-Idha.<\/p>\n\n\n\n<p>Elle a pr\u00e9cis\u00e9 que le 17 mai correspondrait au dernier jour du mois de Dhou al-Qa\u00e2da, marquant ainsi l\u2019entr\u00e9e dans le mois de Dhou al-Hajja, p\u00e9riode cl\u00e9 du calendrier h\u00e9girien.<\/p>\n\n\n\n<p>Dans cette configuration, le jour d\u2019Arafat, moment central du p\u00e8lerinage, tomberait le 26 mai 2026, soit la veille de l\u2019A\u00efd.<\/p>\n\n\n\n<h2 class=\"wp-block-heading\" id=\"h-entre-calcul-scientifique-et-observation-lunaire\">Entre calcul scientifique et observation lunaire<\/h2>\n\n\n\n<p>Comme chaque ann\u00e9e, cette date reste indicative. La confirmation officielle d\u00e9pendra de l\u2019observation du croissant lunaire par les autorit\u00e9s religieuses comp\u00e9tentes, conform\u00e9ment \u00e0 la tradition en vigueur en Tunisie et dans la majorit\u00e9 des pays musulmans.<\/p>\n\n\n\n<blockquote class=\"wp-block-quote is-layout-flow wp-block-quote-is-layout-flow\">\n<ul class=\"wp-block-list\">\n<li class=\"has-medium-font-size\"><strong>Lire aussi : <\/strong><a href=\"https:\/\/www.webdo.tn\/fr\/actualite\/national\/aid-el-idha-la-filiere-alerte-sur-un-risque-de-penurie-de-viandes-rouges-et-une-flambee-des-prix\/396317\/\">A\u00efd El Idha : La fili\u00e8re alerte sur un risque de p\u00e9nurie de viandes rouges et une flamb\u00e9e des prix<\/a><\/li>\n<\/ul>\n<\/blockquote>\n\n\n\n<blockquote class=\"wp-block-quote is-layout-flow wp-block-quote-is-layout-flow\"><\/blockquote>\n","protected":false},"excerpt":{"rendered":"<p>La date de l\u2019A\u00efd al-Idha 2026 se pr\u00e9cise. Selon les calculs astronomiques, la f\u00eate du sacrifice devrait \u00eatre c\u00e9l\u00e9br\u00e9e le 27 mai en Tunisie. Cette estimation a \u00e9t\u00e9 avanc\u00e9e lundi par une responsable scientifique de la Cit\u00e9 des Sciences de Tunis. Une date fix\u00e9e par les donn\u00e9es astronomiques Sarra Snoussi, cheffe du service Pavillon de [&hellip;]<\/p>\n","protected":false},"author":4782,"featured_media":396904,"comment_status":"closed","ping_status":"closed","sticky":false,"template":"","format":"standard","meta":{"footnotes":""},"categories":[44],"tags":[9571,6760,2608],"class_list":["post-396903","post","type-post","status-publish","format-standard","has-post-thumbnail","hentry","category-national","tag-aid-al-idha","tag-calculs-astronomiques","tag-tunisie"],"yoast_head":"<!-- This site is optimized with the Yoast SEO Premium plugin v27.4 (Yoast SEO v27.4) - https:\/\/yoast.com\/product\/yoast-seo-premium-wordpress\/ -->\n<title>A\u00efd al-Idha : Le 27 mai selon les calculs astronomiques - webdo<\/title>\n<meta name=\"description\" content=\"L&#039;A\u00efd al-Idha approche ! Notez la date du 27 mai 2026 pour les c\u00e9l\u00e9brations en Tunisie et les \u00e9v\u00e9nements associ\u00e9s.\" \/>\n<link rel=\"canonical\" href=\"https:\/\/www.webdo.tn\/fr\/actualite\/national\/aid-al-idha-le-27-mai-selon-les-calculs-astronomiques\/396903\/\" \/>\n<meta property=\"og:locale\" content=\"fr_FR\" \/>\n<meta property=\"og:type\" content=\"article\" \/>\n<meta property=\"og:title\" content=\"A\u00efd al-Idha : Le 27 mai selon les calculs astronomiques\" \/>\n<meta property=\"og:description\" content=\"L&#039;A\u00efd al-Idha approche ! Notez la date du 27 mai 2026 pour les c\u00e9l\u00e9brations en Tunisie et les \u00e9v\u00e9nements associ\u00e9s.\" \/>\n<meta property=\"og:url\" content=\"https:\/\/www.webdo.tn\/fr\/actualite\/national\/aid-al-idha-le-27-mai-selon-les-calculs-astronomiques\/396903\/\" \/>\n<meta property=\"og:site_name\" content=\"webdo\" \/>\n<meta property=\"article:publisher\" content=\"https:\/\/www.facebook.com\/webdotn\" \/>\n<meta property=\"article:published_time\" content=\"2026-04-27T09:24:05+00:00\" \/>\n<meta property=\"article:modified_time\" content=\"2026-04-27T09:24:06+00:00\" \/>\n<meta property=\"og:image\" content=\"https:\/\/www.webdo.tn\/fr\/wp-content\/uploads\/2026\/04\/Mouton.jpg\" \/>\n\t<meta property=\"og:image:width\" content=\"1200\" \/>\n\t<meta property=\"og:image:height\" content=\"601\" \/>\n\t<meta property=\"og:image:type\" content=\"image\/jpeg\" \/>\n<meta name=\"author\" content=\"Mohamed Fethi\" \/>\n<meta name=\"twitter:card\" content=\"summary_large_image\" \/>\n<meta name=\"twitter:creator\" content=\"@webdo_tn\" \/>\n<meta name=\"twitter:site\" content=\"@webdo_tn\" \/>\n<meta name=\"twitter:label1\" content=\"\u00c9crit par\" \/>\n\t<meta name=\"twitter:data1\" content=\"Mohamed Fethi\" \/>\n\t<meta name=\"twitter:label2\" content=\"Dur\u00e9e de lecture estim\u00e9e\" \/>\n\t<meta name=\"twitter:data2\" content=\"2 minutes\" \/>\n<script type=\"application\/ld+json\" class=\"yoast-schema-graph\">{\"@context\":\"https:\\\/\\\/schema.org\",\"@graph\":[{\"@type\":\"NewsArticle\",\"@id\":\"https:\\\/\\\/www.webdo.tn\\\/fr\\\/actualite\\\/national\\\/aid-al-idha-le-27-mai-selon-les-calculs-astronomiques\\\/396903\\\/#article\",\"isPartOf\":{\"@id\":\"https:\\\/\\\/www.webdo.tn\\\/fr\\\/actualite\\\/national\\\/aid-al-idha-le-27-mai-selon-les-calculs-astronomiques\\\/396903\\\/\"},\"author\":{\"name\":\"Mohamed Fethi\",\"@id\":\"https:\\\/\\\/www.webdo.tn\\\/fr\\\/#\\\/schema\\\/person\\\/16a4857e77dfc0b610c4c2cadffc9ac4\"},\"headline\":\"A\u00efd al-Idha : Le 27 mai selon les calculs astronomiques\",\"datePublished\":\"2026-04-27T09:24:05+00:00\",\"dateModified\":\"2026-04-27T09:24:06+00:00\",\"mainEntityOfPage\":{\"@id\":\"https:\\\/\\\/www.webdo.tn\\\/fr\\\/actualite\\\/national\\\/aid-al-idha-le-27-mai-selon-les-calculs-astronomiques\\\/396903\\\/\"},\"wordCount\":226,\"publisher\":{\"@id\":\"https:\\\/\\\/www.webdo.tn\\\/fr\\\/#organization\"},\"image\":{\"@id\":\"https:\\\/\\\/www.webdo.tn\\\/fr\\\/actualite\\\/national\\\/aid-al-idha-le-27-mai-selon-les-calculs-astronomiques\\\/396903\\\/#primaryimage\"},\"thumbnailUrl\":\"https:\\\/\\\/www.webdo.tn\\\/fr\\\/wp-content\\\/uploads\\\/2026\\\/04\\\/Mouton.jpg\",\"keywords\":[\"A\u00efd Al-Idha\",\"calculs astronomiques\",\"Tunisie\"],\"articleSection\":[\"National\"],\"inLanguage\":\"fr-FR\"},{\"@type\":\"WebPage\",\"@id\":\"https:\\\/\\\/www.webdo.tn\\\/fr\\\/actualite\\\/national\\\/aid-al-idha-le-27-mai-selon-les-calculs-astronomiques\\\/396903\\\/\",\"url\":\"https:\\\/\\\/www.webdo.tn\\\/fr\\\/actualite\\\/national\\\/aid-al-idha-le-27-mai-selon-les-calculs-astronomiques\\\/396903\\\/\",\"name\":\"A\u00efd al-Idha : Le 27 mai selon les calculs astronomiques - webdo\",\"isPartOf\":{\"@id\":\"https:\\\/\\\/www.webdo.tn\\\/fr\\\/#website\"},\"primaryImageOfPage\":{\"@id\":\"https:\\\/\\\/www.webdo.tn\\\/fr\\\/actualite\\\/national\\\/aid-al-idha-le-27-mai-selon-les-calculs-astronomiques\\\/396903\\\/#primaryimage\"},\"image\":{\"@id\":\"https:\\\/\\\/www.webdo.tn\\\/fr\\\/actualite\\\/national\\\/aid-al-idha-le-27-mai-selon-les-calculs-astronomiques\\\/396903\\\/#primaryimage\"},\"thumbnailUrl\":\"https:\\\/\\\/www.webdo.tn\\\/fr\\\/wp-content\\\/uploads\\\/2026\\\/04\\\/Mouton.jpg\",\"datePublished\":\"2026-04-27T09:24:05+00:00\",\"dateModified\":\"2026-04-27T09:24:06+00:00\",\"description\":\"L'A\u00efd al-Idha approche ! Notez la date du 27 mai 2026 pour les c\u00e9l\u00e9brations en Tunisie et les \u00e9v\u00e9nements associ\u00e9s.\",\"breadcrumb\":{\"@id\":\"https:\\\/\\\/www.webdo.tn\\\/fr\\\/actualite\\\/national\\\/aid-al-idha-le-27-mai-selon-les-calculs-astronomiques\\\/396903\\\/#breadcrumb\"},\"inLanguage\":\"fr-FR\",\"potentialAction\":[{\"@type\":\"ReadAction\",\"target\":[\"https:\\\/\\\/www.webdo.tn\\\/fr\\\/actualite\\\/national\\\/aid-al-idha-le-27-mai-selon-les-calculs-astronomiques\\\/396903\\\/\"]}]},{\"@type\":\"ImageObject\",\"inLanguage\":\"fr-FR\",\"@id\":\"https:\\\/\\\/www.webdo.tn\\\/fr\\\/actualite\\\/national\\\/aid-al-idha-le-27-mai-selon-les-calculs-astronomiques\\\/396903\\\/#primaryimage\",\"url\":\"https:\\\/\\\/www.webdo.tn\\\/fr\\\/wp-content\\\/uploads\\\/2026\\\/04\\\/Mouton.jpg\",\"contentUrl\":\"https:\\\/\\\/www.webdo.tn\\\/fr\\\/wp-content\\\/uploads\\\/2026\\\/04\\\/Mouton.jpg\",\"width\":1200,\"height\":601,\"caption\":\"A\u00efd al-Idha : Le 27 mai selon les calculs astronomiques\"},{\"@type\":\"BreadcrumbList\",\"@id\":\"https:\\\/\\\/www.webdo.tn\\\/fr\\\/actualite\\\/national\\\/aid-al-idha-le-27-mai-selon-les-calculs-astronomiques\\\/396903\\\/#breadcrumb\",\"itemListElement\":[{\"@type\":\"ListItem\",\"position\":1,\"name\":\"Accueil\",\"item\":\"https:\\\/\\\/www.webdo.tn\\\/fr\\\/\"},{\"@type\":\"ListItem\",\"position\":2,\"name\":\"A\u00efd al-Idha : Le 27 mai selon les calculs astronomiques\"}]},{\"@type\":\"WebSite\",\"@id\":\"https:\\\/\\\/www.webdo.tn\\\/fr\\\/#website\",\"url\":\"https:\\\/\\\/www.webdo.tn\\\/fr\\\/\",\"name\":\"webdo\",\"description\":\"Tunisie - News en Tunisie et \u00e0 l&#039;international sur Webdo.tn\",\"publisher\":{\"@id\":\"https:\\\/\\\/www.webdo.tn\\\/fr\\\/#organization\"},\"potentialAction\":[{\"@type\":\"SearchAction\",\"target\":{\"@type\":\"EntryPoint\",\"urlTemplate\":\"https:\\\/\\\/www.webdo.tn\\\/fr\\\/?s={search_term_string}\"},\"query-input\":{\"@type\":\"PropertyValueSpecification\",\"valueRequired\":true,\"valueName\":\"search_term_string\"}}],\"inLanguage\":\"fr-FR\"},{\"@type\":\"Organization\",\"@id\":\"https:\\\/\\\/www.webdo.tn\\\/fr\\\/#organization\",\"name\":\"Webdo\",\"alternateName\":\"Webdo.tn\",\"url\":\"https:\\\/\\\/www.webdo.tn\\\/fr\\\/\",\"logo\":{\"@type\":\"ImageObject\",\"inLanguage\":\"fr-FR\",\"@id\":\"https:\\\/\\\/www.webdo.tn\\\/fr\\\/#\\\/schema\\\/logo\\\/image\\\/\",\"url\":\"https:\\\/\\\/www.webdo.tn\\\/fr\\\/wp-content\\\/uploads\\\/2025\\\/06\\\/Webdo-Tunisie_168377.jpg\",\"contentUrl\":\"https:\\\/\\\/www.webdo.tn\\\/fr\\\/wp-content\\\/uploads\\\/2025\\\/06\\\/Webdo-Tunisie_168377.jpg\",\"width\":301,\"height\":301,\"caption\":\"Webdo\"},\"image\":{\"@id\":\"https:\\\/\\\/www.webdo.tn\\\/fr\\\/#\\\/schema\\\/logo\\\/image\\\/\"},\"sameAs\":[\"https:\\\/\\\/www.facebook.com\\\/webdotn\",\"https:\\\/\\\/x.com\\\/webdo_tn\"],\"description\":\"Webdo est un m\u00e9dia num\u00e9rique tunisien fond\u00e9 en 2010, sp\u00e9cialis\u00e9 dans l\u2019actualit\u00e9 nationale et internationale, l\u2019\u00e9conomie, la soci\u00e9t\u00e9 et les analyses politiques. Le site s\u2019adresse \u00e0 un large public francophone et couvre l\u2019information tunisienne en temps r\u00e9el.\",\"email\":\"redac@webdo.tn\",\"legalName\":\"YNJ SARL\",\"foundingDate\":\"2010-09-06\",\"numberOfEmployees\":{\"@type\":\"QuantitativeValue\",\"minValue\":\"11\",\"maxValue\":\"50\"}},{\"@type\":\"Person\",\"@id\":\"https:\\\/\\\/www.webdo.tn\\\/fr\\\/#\\\/schema\\\/person\\\/16a4857e77dfc0b610c4c2cadffc9ac4\",\"name\":\"Mohamed Fethi\",\"image\":{\"@type\":\"ImageObject\",\"inLanguage\":\"fr-FR\",\"@id\":\"https:\\\/\\\/www.webdo.tn\\\/fr\\\/wp-content\\\/uploads\\\/2026\\\/04\\\/mohamed-fethi_avatar_1-96x96.jpg\",\"url\":\"https:\\\/\\\/www.webdo.tn\\\/fr\\\/wp-content\\\/uploads\\\/2026\\\/04\\\/mohamed-fethi_avatar_1-96x96.jpg\",\"contentUrl\":\"https:\\\/\\\/www.webdo.tn\\\/fr\\\/wp-content\\\/uploads\\\/2026\\\/04\\\/mohamed-fethi_avatar_1-96x96.jpg\",\"caption\":\"Mohamed Fethi\"},\"description\":\"Signature \u00e9ditoriale de Maher Chaabane Mohamed Fethi est le pseudonyme \u00e9ditorial de Maher Chaabane, r\u00e9dacteur en chef de Webdo.tn depuis 2012. Cette signature est d\u00e9di\u00e9e au traitement intensif de l'actualit\u00e9 nationale et internationale en temps r\u00e9el. S'appuyant sur les deux d\u00e9cennies d'expertise journalistique de Maher Chaabane \u2014 d\u00e9but\u00e9e au sein du groupe Tunis Hebdo en 2000 \u2014 Mohamed Fethi assure une veille rigoureuse sur les enjeux politiques, \u00e9conomiques et sportifs. Sa mission est de garantir une information structur\u00e9e, fluide et fid\u00e8le aux standards de la r\u00e9daction. Pour consulter le parcours complet du r\u00e9dacteur en chef, visitez le profil officiel de Maher Chaabane.\",\"knowsAbout\":[\"actualit\u00e9\",\"journalisme\",\"information\",\"politique\",\"sport\",\"m\u00e9dias\",\"actualit\u00e9 internationale\"],\"knowsLanguage\":[\"Fran\u00e7ais\",\"Arabe\"],\"jobTitle\":\"Journaliste \u2013 R\u00e9daction Webdo\",\"worksFor\":\"Webdo.tn\",\"url\":\"https:\\\/\\\/www.webdo.tn\\\/fr\\\/actualite\\\/author\\\/mohamed-fethi\\\/\"}]}<\/script>\n<!-- \/ Yoast SEO Premium plugin. -->","yoast_head_json":{"title":"A\u00efd al-Idha : Le 27 mai selon les calculs astronomiques - webdo","description":"L'A\u00efd al-Idha approche ! Notez la date du 27 mai 2026 pour les c\u00e9l\u00e9brations en Tunisie et les \u00e9v\u00e9nements associ\u00e9s.","canonical":"https:\/\/www.webdo.tn\/fr\/actualite\/national\/aid-al-idha-le-27-mai-selon-les-calculs-astronomiques\/396903\/","og_locale":"fr_FR","og_type":"article","og_title":"A\u00efd al-Idha : Le 27 mai selon les calculs astronomiques","og_description":"L'A\u00efd al-Idha approche ! Notez la date du 27 mai 2026 pour les c\u00e9l\u00e9brations en Tunisie et les \u00e9v\u00e9nements associ\u00e9s.","og_url":"https:\/\/www.webdo.tn\/fr\/actualite\/national\/aid-al-idha-le-27-mai-selon-les-calculs-astronomiques\/396903\/","og_site_name":"webdo","article_publisher":"https:\/\/www.facebook.com\/webdotn","article_published_time":"2026-04-27T09:24:05+00:00","article_modified_time":"2026-04-27T09:24:06+00:00","og_image":[{"width":1200,"height":601,"url":"https:\/\/www.webdo.tn\/fr\/wp-content\/uploads\/2026\/04\/Mouton.jpg","type":"image\/jpeg"}],"author":"Mohamed Fethi","twitter_card":"summary_large_image","twitter_creator":"@webdo_tn","twitter_site":"@webdo_tn","twitter_misc":{"\u00c9crit par":"Mohamed Fethi","Dur\u00e9e de lecture estim\u00e9e":"2 minutes"},"schema":{"@context":"https:\/\/schema.org","@graph":[{"@type":"NewsArticle","@id":"https:\/\/www.webdo.tn\/fr\/actualite\/national\/aid-al-idha-le-27-mai-selon-les-calculs-astronomiques\/396903\/#article","isPartOf":{"@id":"https:\/\/www.webdo.tn\/fr\/actualite\/national\/aid-al-idha-le-27-mai-selon-les-calculs-astronomiques\/396903\/"},"author":{"name":"Mohamed Fethi","@id":"https:\/\/www.webdo.tn\/fr\/#\/schema\/person\/16a4857e77dfc0b610c4c2cadffc9ac4"},"headline":"A\u00efd al-Idha : Le 27 mai selon les calculs astronomiques","datePublished":"2026-04-27T09:24:05+00:00","dateModified":"2026-04-27T09:24:06+00:00","mainEntityOfPage":{"@id":"https:\/\/www.webdo.tn\/fr\/actualite\/national\/aid-al-idha-le-27-mai-selon-les-calculs-astronomiques\/396903\/"},"wordCount":226,"publisher":{"@id":"https:\/\/www.webdo.tn\/fr\/#organization"},"image":{"@id":"https:\/\/www.webdo.tn\/fr\/actualite\/national\/aid-al-idha-le-27-mai-selon-les-calculs-astronomiques\/396903\/#primaryimage"},"thumbnailUrl":"https:\/\/www.webdo.tn\/fr\/wp-content\/uploads\/2026\/04\/Mouton.jpg","keywords":["A\u00efd Al-Idha","calculs astronomiques","Tunisie"],"articleSection":["National"],"inLanguage":"fr-FR"},{"@type":"WebPage","@id":"https:\/\/www.webdo.tn\/fr\/actualite\/national\/aid-al-idha-le-27-mai-selon-les-calculs-astronomiques\/396903\/","url":"https:\/\/www.webdo.tn\/fr\/actualite\/national\/aid-al-idha-le-27-mai-selon-les-calculs-astronomiques\/396903\/","name":"A\u00efd al-Idha : Le 27 mai selon les calculs astronomiques - webdo","isPartOf":{"@id":"https:\/\/www.webdo.tn\/fr\/#website"},"primaryImageOfPage":{"@id":"https:\/\/www.webdo.tn\/fr\/actualite\/national\/aid-al-idha-le-27-mai-selon-les-calculs-astronomiques\/396903\/#primaryimage"},"image":{"@id":"https:\/\/www.webdo.tn\/fr\/actualite\/national\/aid-al-idha-le-27-mai-selon-les-calculs-astronomiques\/396903\/#primaryimage"},"thumbnailUrl":"https:\/\/www.webdo.tn\/fr\/wp-content\/uploads\/2026\/04\/Mouton.jpg","datePublished":"2026-04-27T09:24:05+00:00","dateModified":"2026-04-27T09:24:06+00:00","description":"L'A\u00efd al-Idha approche ! Notez la date du 27 mai 2026 pour les c\u00e9l\u00e9brations en Tunisie et les \u00e9v\u00e9nements associ\u00e9s.","breadcrumb":{"@id":"https:\/\/www.webdo.tn\/fr\/actualite\/national\/aid-al-idha-le-27-mai-selon-les-calculs-astronomiques\/396903\/#breadcrumb"},"inLanguage":"fr-FR","potentialAction":[{"@type":"ReadAction","target":["https:\/\/www.webdo.tn\/fr\/actualite\/national\/aid-al-idha-le-27-mai-selon-les-calculs-astronomiques\/396903\/"]}]},{"@type":"ImageObject","inLanguage":"fr-FR","@id":"https:\/\/www.webdo.tn\/fr\/actualite\/national\/aid-al-idha-le-27-mai-selon-les-calculs-astronomiques\/396903\/#primaryimage","url":"https:\/\/www.webdo.tn\/fr\/wp-content\/uploads\/2026\/04\/Mouton.jpg","contentUrl":"https:\/\/www.webdo.tn\/fr\/wp-content\/uploads\/2026\/04\/Mouton.jpg","width":1200,"height":601,"caption":"A\u00efd al-Idha : Le 27 mai selon les calculs astronomiques"},{"@type":"BreadcrumbList","@id":"https:\/\/www.webdo.tn\/fr\/actualite\/national\/aid-al-idha-le-27-mai-selon-les-calculs-astronomiques\/396903\/#breadcrumb","itemListElement":[{"@type":"ListItem","position":1,"name":"Accueil","item":"https:\/\/www.webdo.tn\/fr\/"},{"@type":"ListItem","position":2,"name":"A\u00efd al-Idha : Le 27 mai selon les calculs astronomiques"}]},{"@type":"WebSite","@id":"https:\/\/www.webdo.tn\/fr\/#website","url":"https:\/\/www.webdo.tn\/fr\/","name":"webdo","description":"Tunisie - News en Tunisie et \u00e0 l&#039;international sur Webdo.tn","publisher":{"@id":"https:\/\/www.webdo.tn\/fr\/#organization"},"potentialAction":[{"@type":"SearchAction","target":{"@type":"EntryPoint","urlTemplate":"https:\/\/www.webdo.tn\/fr\/?s={search_term_string}"},"query-input":{"@type":"PropertyValueSpecification","valueRequired":true,"valueName":"search_term_string"}}],"inLanguage":"fr-FR"},{"@type":"Organization","@id":"https:\/\/www.webdo.tn\/fr\/#organization","name":"Webdo","alternateName":"Webdo.tn","url":"https:\/\/www.webdo.tn\/fr\/","logo":{"@type":"ImageObject","inLanguage":"fr-FR","@id":"https:\/\/www.webdo.tn\/fr\/#\/schema\/logo\/image\/","url":"https:\/\/www.webdo.tn\/fr\/wp-content\/uploads\/2025\/06\/Webdo-Tunisie_168377.jpg","contentUrl":"https:\/\/www.webdo.tn\/fr\/wp-content\/uploads\/2025\/06\/Webdo-Tunisie_168377.jpg","width":301,"height":301,"caption":"Webdo"},"image":{"@id":"https:\/\/www.webdo.tn\/fr\/#\/schema\/logo\/image\/"},"sameAs":["https:\/\/www.facebook.com\/webdotn","https:\/\/x.com\/webdo_tn"],"description":"Webdo est un m\u00e9dia num\u00e9rique tunisien fond\u00e9 en 2010, sp\u00e9cialis\u00e9 dans l\u2019actualit\u00e9 nationale et internationale, l\u2019\u00e9conomie, la soci\u00e9t\u00e9 et les analyses politiques. Le site s\u2019adresse \u00e0 un large public francophone et couvre l\u2019information tunisienne en temps r\u00e9el.","email":"redac@webdo.tn","legalName":"YNJ SARL","foundingDate":"2010-09-06","numberOfEmployees":{"@type":"QuantitativeValue","minValue":"11","maxValue":"50"}},{"@type":"Person","@id":"https:\/\/www.webdo.tn\/fr\/#\/schema\/person\/16a4857e77dfc0b610c4c2cadffc9ac4","name":"Mohamed Fethi","image":{"@type":"ImageObject","inLanguage":"fr-FR","@id":"https:\/\/www.webdo.tn\/fr\/wp-content\/uploads\/2026\/04\/mohamed-fethi_avatar_1-96x96.jpg","url":"https:\/\/www.webdo.tn\/fr\/wp-content\/uploads\/2026\/04\/mohamed-fethi_avatar_1-96x96.jpg","contentUrl":"https:\/\/www.webdo.tn\/fr\/wp-content\/uploads\/2026\/04\/mohamed-fethi_avatar_1-96x96.jpg","caption":"Mohamed Fethi"},"description":"Signature \u00e9ditoriale de Maher Chaabane Mohamed Fethi est le pseudonyme \u00e9ditorial de Maher Chaabane, r\u00e9dacteur en chef de Webdo.tn depuis 2012. Cette signature est d\u00e9di\u00e9e au traitement intensif de l'actualit\u00e9 nationale et internationale en temps r\u00e9el. S'appuyant sur les deux d\u00e9cennies d'expertise journalistique de Maher Chaabane \u2014 d\u00e9but\u00e9e au sein du groupe Tunis Hebdo en 2000 \u2014 Mohamed Fethi assure une veille rigoureuse sur les enjeux politiques, \u00e9conomiques et sportifs. Sa mission est de garantir une information structur\u00e9e, fluide et fid\u00e8le aux standards de la r\u00e9daction. Pour consulter le parcours complet du r\u00e9dacteur en chef, visitez le profil officiel de Maher Chaabane.","knowsAbout":["actualit\u00e9","journalisme","information","politique","sport","m\u00e9dias","actualit\u00e9 internationale"],"knowsLanguage":["Fran\u00e7ais","Arabe"],"jobTitle":"Journaliste \u2013 R\u00e9daction Webdo","worksFor":"Webdo.tn","url":"https:\/\/www.webdo.tn\/fr\/actualite\/author\/mohamed-fethi\/"}]}},"_links":{"self":[{"href":"https:\/\/www.webdo.tn\/fr\/wp-json\/wp\/v2\/posts\/396903","targetHints":{"allow":["GET"]}}],"collection":[{"href":"https:\/\/www.webdo.tn\/fr\/wp-json\/wp\/v2\/posts"}],"about":[{"href":"https:\/\/www.webdo.tn\/fr\/wp-json\/wp\/v2\/types\/post"}],"author":[{"embeddable":true,"href":"https:\/\/www.webdo.tn\/fr\/wp-json\/wp\/v2\/users\/4782"}],"replies":[{"embeddable":true,"href":"https:\/\/www.webdo.tn\/fr\/wp-json\/wp\/v2\/comments?post=396903"}],"version-history":[{"count":1,"href":"https:\/\/www.webdo.tn\/fr\/wp-json\/wp\/v2\/posts\/396903\/revisions"}],"predecessor-version":[{"id":396905,"href":"https:\/\/www.webdo.tn\/fr\/wp-json\/wp\/v2\/posts\/396903\/revisions\/396905"}],"wp:featuredmedia":[{"embeddable":true,"href":"https:\/\/www.webdo.tn\/fr\/wp-json\/wp\/v2\/media\/396904"}],"wp:attachment":[{"href":"https:\/\/www.webdo.tn\/fr\/wp-json\/wp\/v2\/media?parent=396903"}],"wp:term":[{"taxonomy":"category","embeddable":true,"href":"https:\/\/www.webdo.tn\/fr\/wp-json\/wp\/v2\/categories?post=396903"},{"taxonomy":"post_tag","embeddable":true,"href":"https:\/\/www.webdo.tn\/fr\/wp-json\/wp\/v2\/tags?post=396903"}],"curies":[{"name":"wp","href":"https:\/\/api.w.org\/{rel}","templated":true}]}}