{"id":396897,"date":"2026-04-27T09:54:02","date_gmt":"2026-04-27T08:54:02","guid":{"rendered":"https:\/\/www.webdo.tn\/fr\/?p=396897"},"modified":"2026-04-27T10:05:16","modified_gmt":"2026-04-27T09:05:16","slug":"ligue-1-le-sprint-final-est-lance-quatre-journees-sous-haute-tension","status":"publish","type":"post","link":"https:\/\/www.webdo.tn\/fr\/actualite\/sport\/ligue-1-le-sprint-final-est-lance-quatre-journees-sous-haute-tension\/396897\/","title":{"rendered":"Ligue 1 : Le sprint final est lanc\u00e9, quatre journ\u00e9es sous haute tension"},"content":{"rendered":"\n<p><strong>Le championnat de Ligue 1 entre dans sa phase d\u00e9cisive avec quatre journ\u00e9es restantes. Le titre, les places africaines et le maintien se joueront dans un mouchoir de poche. \u00c0 l\u2019approche du d\u00e9nouement, chaque point devient crucial dans une fin de saison sous haute tension.<\/strong><\/p>\n\n\n\n<p>En haut du classement, la bataille pour le sacre reste ind\u00e9cise. Les pr\u00e9tendants au titre (CA-EST-CSS) n\u2019ont plus droit \u00e0 l\u2019erreur, dans un calendrier o\u00f9 les confrontations directes pourraient faire basculer la hi\u00e9rarchie. Derri\u00e8re, la course aux places qualificatives pour les comp\u00e9titions continentales s\u2019annonce tout aussi disput\u00e9e, avec plusieurs \u00e9quipes en embuscade.<\/p>\n\n\n\n<p>Dans le bas du tableau, la pression est encore plus palpable. Les clubs menac\u00e9s de rel\u00e9gation jouent leur survie, souvent dans des matchs \u00e0 quitte ou double o\u00f9 le moindre d\u00e9tail peut peser lourd.<\/p>\n\n\n\n<blockquote class=\"wp-block-quote is-layout-flow wp-block-quote-is-layout-flow\">\n<ul class=\"wp-block-list\">\n<li class=\"has-medium-font-size\"><strong>Lire aussi :<\/strong> <a href=\"https:\/\/www.webdo.tn\/fr\/actualite\/sport\/sprint-final-en-vue-calendrier-charge-pour-la-fin-de-saison-du-football-tunisien\/396730\/\">Ligue 1 | 26\u00e8me journ\u00e9e : Le Club Africain prend les commandes<\/a><\/li>\n<\/ul>\n<\/blockquote>\n\n\n\n<p>Ce dernier bloc de la saison promet un encha\u00eenement de rencontres d\u00e9cisives, avec des enjeux multiples et des sc\u00e9narios encore ouverts. Les dynamiques actuelles, la gestion de la fatigue et la solidit\u00e9 mentale seront d\u00e9terminantes pour faire la diff\u00e9rence dans la derni\u00e8re ligne droite.<\/p>\n\n\n\n<p>Entre calculs, suspense et rebondissements, ce sprint final s\u2019annonce intense, avec une seule certitude : rien n\u2019est encore jou\u00e9 dans cette Ligue 1 plus ind\u00e9cise que jamais.<\/p>\n\n\n\n<h2 class=\"wp-block-heading\" id=\"h-programme-de-la-27eme-journee-15h30\">Programme de la 27\u00e8me journ\u00e9e (15h30)<\/h2>\n\n\n\n<p><strong>Mercredi 29 avril<\/strong><\/p>\n\n\n\n<ul class=\"wp-block-list\">\n<li>AS Soliman &#8211; Club Africain<\/li>\n\n\n\n<li>Stade Tunisien &#8211; JS Omrane<\/li>\n\n\n\n<li>US Monastirienne &#8211; AS Gabes<\/li>\n\n\n\n<li>ES M\u00e9tlaoui &#8211; ES Sahel<\/li>\n<\/ul>\n\n\n\n<p><strong>Jeudi 30 avril<\/strong><\/p>\n\n\n\n<ul class=\"wp-block-list\">\n<li>ES Tunis &#8211; CS Sfaxien<\/li>\n\n\n\n<li>AS Marsa &#8211; ES Zarzis<\/li>\n\n\n\n<li>Olympique de B\u00e9ja &#8211; CA Bizertin<\/li>\n\n\n\n<li>JS Kairouanaise &#8211; US Ben Guerdane<\/li>\n<\/ul>\n\n\n\n<h2 class=\"wp-block-heading\" id=\"h-programme-de-la-28eme-journee-16h00\">Programme de la 28\u00e8me journ\u00e9e (16h00)<\/h2>\n\n\n\n<p><strong>Dimanche 3 mai<\/strong><\/p>\n\n\n\n<ul class=\"wp-block-list\">\n<li>Club Africain &#8211; Stade Tunisien<\/li>\n\n\n\n<li>CS Sfaxien &#8211; Olympique de B\u00e9ja<\/li>\n\n\n\n<li>AS Gabes &#8211; JS Kairouanaise<\/li>\n\n\n\n<li>US Ben Guerdane &#8211; AS Soliman<\/li>\n<\/ul>\n\n\n\n<p><strong>Lundi 4 mai<\/strong><\/p>\n\n\n\n<ul class=\"wp-block-list\">\n<li>JS Omrane &#8211; ES Tunis<\/li>\n\n\n\n<li>CA Bizertin &#8211; AS Marsa<\/li>\n\n\n\n<li>US Monastirienne &#8211; ES M\u00e9tlaoui<\/li>\n\n\n\n<li>ES Zarzis &#8211; ES Sahel<\/li>\n<\/ul>\n\n\n\n<h2 class=\"wp-block-heading\" id=\"h-programme-de-la-29eme-journee-8-9-et-10-mai\">Programme de la 29\u00e8me journ\u00e9e (8, 9 et 10 mai)<\/h2>\n\n\n\n<ul class=\"wp-block-list\">\n<li>JS Kairouanaise &#8211; US Monastirienne<\/li>\n\n\n\n<li>ES Tunis &#8211; Club Africain<\/li>\n\n\n\n<li>ES Zarzis &#8211; ES M\u00e9tlaoui<\/li>\n\n\n\n<li>Stade Tunisien &#8211; US Ben Guerdane<\/li>\n\n\n\n<li>AS Marsa &#8211; CS Sfaxien<\/li>\n\n\n\n<li>Olympique de B\u00e9ja &#8211; JS Omrane<\/li>\n\n\n\n<li>ES Sahel &#8211; CA Bizertin<\/li>\n\n\n\n<li>AS Soliman &#8211; AS Gabes<\/li>\n<\/ul>\n\n\n\n<h2 class=\"wp-block-heading\" id=\"h-programme-de-la-30eme-journee-13-et-14-mai\">Programme de la 30\u00e8me journ\u00e9e (13 et 14 mai)<\/h2>\n\n\n\n<ul class=\"wp-block-list\">\n<li>Club Africain &#8211; Olympique de B\u00e9ja<\/li>\n\n\n\n<li>ES M\u00e9tlaoui &#8211; JS Kairouanaise<\/li>\n\n\n\n<li>JS Omrane &#8211; AS Marsa<\/li>\n\n\n\n<li>AS Gabes &#8211; Stade Tunisien<\/li>\n\n\n\n<li>US Monastirienne &#8211; AS Soliman<\/li>\n\n\n\n<li>CA Bizertin &#8211; ES Zarzis<\/li>\n\n\n\n<li>CS Sfaxien &#8211; ES Sahel<\/li>\n\n\n\n<li>US Ben Guerdane &#8211; ES Tunis<\/li>\n<\/ul>\n\n\n\n<h2 class=\"wp-block-heading\" id=\"h-classement\">Classement<\/h2>\n\n\n\n<p><\/p>\n\n\n\n<figure class=\"wp-block-image size-full\"><img decoding=\"async\" width=\"673\" height=\"695\" src=\"https:\/\/www.webdo.tn\/fr\/wp-content\/uploads\/2026\/04\/Classement.png\" alt=\"\" class=\"wp-image-396898\" srcset=\"https:\/\/www.webdo.tn\/fr\/wp-content\/uploads\/2026\/04\/Classement.png 673w, https:\/\/www.webdo.tn\/fr\/wp-content\/uploads\/2026\/04\/Classement-291x300.png 291w\" sizes=\"(max-width: 673px) 100vw, 673px\" \/><\/figure>\n\n\n\n<p><\/p>\n\n\n\n<blockquote class=\"wp-block-quote is-layout-flow wp-block-quote-is-layout-flow\">\n<ul class=\"wp-block-list\">\n<li class=\"has-medium-font-size\"><strong>Lire aussi :<\/strong> <a href=\"https:\/\/www.webdo.tn\/fr\/actualite\/sport\/sprint-final-en-vue-calendrier-charge-pour-la-fin-de-saison-du-football-tunisien\/396730\/\">Sprint final en vue : Calendrier charg\u00e9 pour la fin de saison du football tunisien<\/a><\/li>\n<\/ul>\n<\/blockquote>\n","protected":false},"excerpt":{"rendered":"<p>Le championnat de Ligue 1 entre dans sa phase d\u00e9cisive avec quatre journ\u00e9es restantes. Le titre, les places africaines et le maintien se joueront dans un mouchoir de poche. \u00c0 l\u2019approche du d\u00e9nouement, chaque point devient crucial dans une fin de saison sous haute tension. En haut du classement, la bataille pour le sacre reste [&hellip;]<\/p>\n","protected":false},"author":3189,"featured_media":396899,"comment_status":"closed","ping_status":"closed","sticky":false,"template":"","format":"standard","meta":{"footnotes":""},"categories":[13163,2593],"tags":[3738,2622,2777,2608],"class_list":["post-396897","post","type-post","status-publish","format-standard","has-post-thumbnail","hentry","category-epingle","category-sport","tag-championnat-de-tunisie","tag-football","tag-ligue-1","tag-tunisie"],"yoast_head":"<!-- This site is optimized with the Yoast SEO Premium plugin v27.4 (Yoast SEO v27.4) - https:\/\/yoast.com\/product\/yoast-seo-premium-wordpress\/ -->\n<title>Ligue 1 : Le sprint final est lanc\u00e9, quatre journ\u00e9es sous haute tension - webdo<\/title>\n<meta name=\"description\" content=\"Alors que la fin de saison approche, la Ligue 1 devient de plus en plus intense. Qui d\u00e9crochera le titre et \u00e9chappera \u00e0 la rel\u00e9gation?\" \/>\n<link rel=\"canonical\" href=\"https:\/\/www.webdo.tn\/fr\/actualite\/sport\/ligue-1-le-sprint-final-est-lance-quatre-journees-sous-haute-tension\/396897\/\" \/>\n<meta property=\"og:locale\" content=\"fr_FR\" \/>\n<meta property=\"og:type\" content=\"article\" \/>\n<meta property=\"og:title\" content=\"Ligue 1 : Le sprint final est lanc\u00e9, quatre journ\u00e9es sous haute tension\" \/>\n<meta property=\"og:description\" content=\"Alors que la fin de saison approche, la Ligue 1 devient de plus en plus intense. Qui d\u00e9crochera le titre et \u00e9chappera \u00e0 la rel\u00e9gation?\" \/>\n<meta property=\"og:url\" content=\"https:\/\/www.webdo.tn\/fr\/actualite\/sport\/ligue-1-le-sprint-final-est-lance-quatre-journees-sous-haute-tension\/396897\/\" \/>\n<meta property=\"og:site_name\" content=\"webdo\" \/>\n<meta property=\"article:publisher\" content=\"https:\/\/www.facebook.com\/webdotn\" \/>\n<meta property=\"article:author\" content=\"https:\/\/www.facebook.com\/youssef.rc.92\" \/>\n<meta property=\"article:published_time\" content=\"2026-04-27T08:54:02+00:00\" \/>\n<meta property=\"article:modified_time\" content=\"2026-04-27T09:05:16+00:00\" \/>\n<meta property=\"og:image\" content=\"https:\/\/www.webdo.tn\/fr\/wp-content\/uploads\/2026\/04\/derby.jpg\" \/>\n\t<meta property=\"og:image:width\" content=\"1201\" \/>\n\t<meta property=\"og:image:height\" content=\"600\" \/>\n\t<meta property=\"og:image:type\" content=\"image\/jpeg\" \/>\n<meta name=\"author\" content=\"Maher Chaabane\" \/>\n<meta name=\"twitter:card\" content=\"summary_large_image\" \/>\n<meta name=\"twitter:creator\" content=\"@webdo_tn\" \/>\n<meta name=\"twitter:site\" content=\"@webdo_tn\" \/>\n<meta name=\"twitter:label1\" content=\"\u00c9crit par\" \/>\n\t<meta name=\"twitter:data1\" content=\"Maher Chaabane\" \/>\n\t<meta name=\"twitter:label2\" content=\"Dur\u00e9e de lecture estim\u00e9e\" \/>\n\t<meta name=\"twitter:data2\" content=\"3 minutes\" \/>\n<script type=\"application\/ld+json\" class=\"yoast-schema-graph\">{\"@context\":\"https:\\\/\\\/schema.org\",\"@graph\":[{\"@type\":\"NewsArticle\",\"@id\":\"https:\\\/\\\/www.webdo.tn\\\/fr\\\/actualite\\\/sport\\\/ligue-1-le-sprint-final-est-lance-quatre-journees-sous-haute-tension\\\/396897\\\/#article\",\"isPartOf\":{\"@id\":\"https:\\\/\\\/www.webdo.tn\\\/fr\\\/actualite\\\/sport\\\/ligue-1-le-sprint-final-est-lance-quatre-journees-sous-haute-tension\\\/396897\\\/\"},\"author\":{\"name\":\"Maher Chaabane\",\"@id\":\"https:\\\/\\\/www.webdo.tn\\\/fr\\\/#\\\/schema\\\/person\\\/57c261717927697fcf719ab1058a8003\"},\"headline\":\"Ligue 1 : Le sprint final est lanc\u00e9, quatre journ\u00e9es sous haute tension\",\"datePublished\":\"2026-04-27T08:54:02+00:00\",\"dateModified\":\"2026-04-27T09:05:16+00:00\",\"mainEntityOfPage\":{\"@id\":\"https:\\\/\\\/www.webdo.tn\\\/fr\\\/actualite\\\/sport\\\/ligue-1-le-sprint-final-est-lance-quatre-journees-sous-haute-tension\\\/396897\\\/\"},\"wordCount\":476,\"publisher\":{\"@id\":\"https:\\\/\\\/www.webdo.tn\\\/fr\\\/#organization\"},\"image\":{\"@id\":\"https:\\\/\\\/www.webdo.tn\\\/fr\\\/actualite\\\/sport\\\/ligue-1-le-sprint-final-est-lance-quatre-journees-sous-haute-tension\\\/396897\\\/#primaryimage\"},\"thumbnailUrl\":\"https:\\\/\\\/www.webdo.tn\\\/fr\\\/wp-content\\\/uploads\\\/2026\\\/04\\\/derby.jpg\",\"keywords\":[\"championnat de tunisie\",\"football\",\"Ligue 1\",\"Tunisie\"],\"articleSection\":[\"\u00c9pingle\",\"Sport\"],\"inLanguage\":\"fr-FR\"},{\"@type\":\"WebPage\",\"@id\":\"https:\\\/\\\/www.webdo.tn\\\/fr\\\/actualite\\\/sport\\\/ligue-1-le-sprint-final-est-lance-quatre-journees-sous-haute-tension\\\/396897\\\/\",\"url\":\"https:\\\/\\\/www.webdo.tn\\\/fr\\\/actualite\\\/sport\\\/ligue-1-le-sprint-final-est-lance-quatre-journees-sous-haute-tension\\\/396897\\\/\",\"name\":\"Ligue 1 : Le sprint final est lanc\u00e9, quatre journ\u00e9es sous haute tension - webdo\",\"isPartOf\":{\"@id\":\"https:\\\/\\\/www.webdo.tn\\\/fr\\\/#website\"},\"primaryImageOfPage\":{\"@id\":\"https:\\\/\\\/www.webdo.tn\\\/fr\\\/actualite\\\/sport\\\/ligue-1-le-sprint-final-est-lance-quatre-journees-sous-haute-tension\\\/396897\\\/#primaryimage\"},\"image\":{\"@id\":\"https:\\\/\\\/www.webdo.tn\\\/fr\\\/actualite\\\/sport\\\/ligue-1-le-sprint-final-est-lance-quatre-journees-sous-haute-tension\\\/396897\\\/#primaryimage\"},\"thumbnailUrl\":\"https:\\\/\\\/www.webdo.tn\\\/fr\\\/wp-content\\\/uploads\\\/2026\\\/04\\\/derby.jpg\",\"datePublished\":\"2026-04-27T08:54:02+00:00\",\"dateModified\":\"2026-04-27T09:05:16+00:00\",\"description\":\"Alors que la fin de saison approche, la Ligue 1 devient de plus en plus intense. Qui d\u00e9crochera le titre et \u00e9chappera \u00e0 la rel\u00e9gation?\",\"breadcrumb\":{\"@id\":\"https:\\\/\\\/www.webdo.tn\\\/fr\\\/actualite\\\/sport\\\/ligue-1-le-sprint-final-est-lance-quatre-journees-sous-haute-tension\\\/396897\\\/#breadcrumb\"},\"inLanguage\":\"fr-FR\",\"potentialAction\":[{\"@type\":\"ReadAction\",\"target\":[\"https:\\\/\\\/www.webdo.tn\\\/fr\\\/actualite\\\/sport\\\/ligue-1-le-sprint-final-est-lance-quatre-journees-sous-haute-tension\\\/396897\\\/\"]}]},{\"@type\":\"ImageObject\",\"inLanguage\":\"fr-FR\",\"@id\":\"https:\\\/\\\/www.webdo.tn\\\/fr\\\/actualite\\\/sport\\\/ligue-1-le-sprint-final-est-lance-quatre-journees-sous-haute-tension\\\/396897\\\/#primaryimage\",\"url\":\"https:\\\/\\\/www.webdo.tn\\\/fr\\\/wp-content\\\/uploads\\\/2026\\\/04\\\/derby.jpg\",\"contentUrl\":\"https:\\\/\\\/www.webdo.tn\\\/fr\\\/wp-content\\\/uploads\\\/2026\\\/04\\\/derby.jpg\",\"width\":1201,\"height\":600,\"caption\":\"Ligue 1 : Le sprint final est lanc\u00e9, quatre journ\u00e9es sous haute tension\"},{\"@type\":\"BreadcrumbList\",\"@id\":\"https:\\\/\\\/www.webdo.tn\\\/fr\\\/actualite\\\/sport\\\/ligue-1-le-sprint-final-est-lance-quatre-journees-sous-haute-tension\\\/396897\\\/#breadcrumb\",\"itemListElement\":[{\"@type\":\"ListItem\",\"position\":1,\"name\":\"Accueil\",\"item\":\"https:\\\/\\\/www.webdo.tn\\\/fr\\\/\"},{\"@type\":\"ListItem\",\"position\":2,\"name\":\"Ligue 1 : Le sprint final est lanc\u00e9, quatre journ\u00e9es sous haute tension\"}]},{\"@type\":\"WebSite\",\"@id\":\"https:\\\/\\\/www.webdo.tn\\\/fr\\\/#website\",\"url\":\"https:\\\/\\\/www.webdo.tn\\\/fr\\\/\",\"name\":\"webdo\",\"description\":\"Tunisie - News en Tunisie et \u00e0 l&#039;international sur Webdo.tn\",\"publisher\":{\"@id\":\"https:\\\/\\\/www.webdo.tn\\\/fr\\\/#organization\"},\"potentialAction\":[{\"@type\":\"SearchAction\",\"target\":{\"@type\":\"EntryPoint\",\"urlTemplate\":\"https:\\\/\\\/www.webdo.tn\\\/fr\\\/?s={search_term_string}\"},\"query-input\":{\"@type\":\"PropertyValueSpecification\",\"valueRequired\":true,\"valueName\":\"search_term_string\"}}],\"inLanguage\":\"fr-FR\"},{\"@type\":\"Organization\",\"@id\":\"https:\\\/\\\/www.webdo.tn\\\/fr\\\/#organization\",\"name\":\"Webdo\",\"alternateName\":\"Webdo.tn\",\"url\":\"https:\\\/\\\/www.webdo.tn\\\/fr\\\/\",\"logo\":{\"@type\":\"ImageObject\",\"inLanguage\":\"fr-FR\",\"@id\":\"https:\\\/\\\/www.webdo.tn\\\/fr\\\/#\\\/schema\\\/logo\\\/image\\\/\",\"url\":\"https:\\\/\\\/www.webdo.tn\\\/fr\\\/wp-content\\\/uploads\\\/2025\\\/06\\\/Webdo-Tunisie_168377.jpg\",\"contentUrl\":\"https:\\\/\\\/www.webdo.tn\\\/fr\\\/wp-content\\\/uploads\\\/2025\\\/06\\\/Webdo-Tunisie_168377.jpg\",\"width\":301,\"height\":301,\"caption\":\"Webdo\"},\"image\":{\"@id\":\"https:\\\/\\\/www.webdo.tn\\\/fr\\\/#\\\/schema\\\/logo\\\/image\\\/\"},\"sameAs\":[\"https:\\\/\\\/www.facebook.com\\\/webdotn\",\"https:\\\/\\\/x.com\\\/webdo_tn\"],\"description\":\"Webdo est un m\u00e9dia num\u00e9rique tunisien fond\u00e9 en 2010, sp\u00e9cialis\u00e9 dans l\u2019actualit\u00e9 nationale et internationale, l\u2019\u00e9conomie, la soci\u00e9t\u00e9 et les analyses politiques. Le site s\u2019adresse \u00e0 un large public francophone et couvre l\u2019information tunisienne en temps r\u00e9el.\",\"email\":\"redac@webdo.tn\",\"legalName\":\"YNJ SARL\",\"foundingDate\":\"2010-09-06\",\"numberOfEmployees\":{\"@type\":\"QuantitativeValue\",\"minValue\":\"11\",\"maxValue\":\"50\"}},{\"@type\":\"Person\",\"@id\":\"https:\\\/\\\/www.webdo.tn\\\/fr\\\/#\\\/schema\\\/person\\\/57c261717927697fcf719ab1058a8003\",\"name\":\"Maher Chaabane\",\"image\":{\"@type\":\"ImageObject\",\"inLanguage\":\"fr-FR\",\"@id\":\"https:\\\/\\\/www.webdo.tn\\\/fr\\\/wp-content\\\/uploads\\\/2026\\\/04\\\/maher-chaabane_avatar_2-96x96.jpg\",\"url\":\"https:\\\/\\\/www.webdo.tn\\\/fr\\\/wp-content\\\/uploads\\\/2026\\\/04\\\/maher-chaabane_avatar_2-96x96.jpg\",\"contentUrl\":\"https:\\\/\\\/www.webdo.tn\\\/fr\\\/wp-content\\\/uploads\\\/2026\\\/04\\\/maher-chaabane_avatar_2-96x96.jpg\",\"caption\":\"Maher Chaabane\"},\"description\":\"Maher Chaabane est journaliste et r\u00e9dacteur en chef de Webdo.tn depuis 2012. Il d\u00e9bute sa carri\u00e8re au sein du groupe Tunis Hebdo en 2000, o\u00f9 il couvre pendant plusieurs ann\u00e9es l\u2019actualit\u00e9 sportive et internationale, avant d\u2019occuper les fonctions de r\u00e9dacteur en chef adjoint. Fort de plus de deux d\u00e9cennies d\u2019exp\u00e9rience dans le journalisme, il supervise aujourd\u2019hui la production \u00e9ditoriale de Webdo et contribue activement \u00e0 la ligne du m\u00e9dia, en particulier sur les sujets d\u2019actualit\u00e9 nationale et internationale. https:\\\/\\\/www.facebook.com\\\/youssef.rc.92\",\"sameAs\":[\"https:\\\/\\\/www.facebook.com\\\/youssef.rc.92\"],\"knowsAbout\":[\"journalisme\",\"actualit\u00e9 internationale\",\"sport\",\"r\u00e9daction\",\"m\u00e9dias\",\"information\"],\"knowsLanguage\":[\"Fran\u00e7ais\",\"Arabe\"],\"jobTitle\":\"R\u00e9dacteur en chef\",\"worksFor\":\"Webdo.tn\",\"url\":\"https:\\\/\\\/www.webdo.tn\\\/fr\\\/actualite\\\/author\\\/maher-chaabane\\\/\"}]}<\/script>\n<!-- \/ Yoast SEO Premium plugin. -->","yoast_head_json":{"title":"Ligue 1 : Le sprint final est lanc\u00e9, quatre journ\u00e9es sous haute tension - webdo","description":"Alors que la fin de saison approche, la Ligue 1 devient de plus en plus intense. Qui d\u00e9crochera le titre et \u00e9chappera \u00e0 la rel\u00e9gation?","canonical":"https:\/\/www.webdo.tn\/fr\/actualite\/sport\/ligue-1-le-sprint-final-est-lance-quatre-journees-sous-haute-tension\/396897\/","og_locale":"fr_FR","og_type":"article","og_title":"Ligue 1 : Le sprint final est lanc\u00e9, quatre journ\u00e9es sous haute tension","og_description":"Alors que la fin de saison approche, la Ligue 1 devient de plus en plus intense. Qui d\u00e9crochera le titre et \u00e9chappera \u00e0 la rel\u00e9gation?","og_url":"https:\/\/www.webdo.tn\/fr\/actualite\/sport\/ligue-1-le-sprint-final-est-lance-quatre-journees-sous-haute-tension\/396897\/","og_site_name":"webdo","article_publisher":"https:\/\/www.facebook.com\/webdotn","article_author":"https:\/\/www.facebook.com\/youssef.rc.92","article_published_time":"2026-04-27T08:54:02+00:00","article_modified_time":"2026-04-27T09:05:16+00:00","og_image":[{"width":1201,"height":600,"url":"https:\/\/www.webdo.tn\/fr\/wp-content\/uploads\/2026\/04\/derby.jpg","type":"image\/jpeg"}],"author":"Maher Chaabane","twitter_card":"summary_large_image","twitter_creator":"@webdo_tn","twitter_site":"@webdo_tn","twitter_misc":{"\u00c9crit par":"Maher Chaabane","Dur\u00e9e de lecture estim\u00e9e":"3 minutes"},"schema":{"@context":"https:\/\/schema.org","@graph":[{"@type":"NewsArticle","@id":"https:\/\/www.webdo.tn\/fr\/actualite\/sport\/ligue-1-le-sprint-final-est-lance-quatre-journees-sous-haute-tension\/396897\/#article","isPartOf":{"@id":"https:\/\/www.webdo.tn\/fr\/actualite\/sport\/ligue-1-le-sprint-final-est-lance-quatre-journees-sous-haute-tension\/396897\/"},"author":{"name":"Maher Chaabane","@id":"https:\/\/www.webdo.tn\/fr\/#\/schema\/person\/57c261717927697fcf719ab1058a8003"},"headline":"Ligue 1 : Le sprint final est lanc\u00e9, quatre journ\u00e9es sous haute tension","datePublished":"2026-04-27T08:54:02+00:00","dateModified":"2026-04-27T09:05:16+00:00","mainEntityOfPage":{"@id":"https:\/\/www.webdo.tn\/fr\/actualite\/sport\/ligue-1-le-sprint-final-est-lance-quatre-journees-sous-haute-tension\/396897\/"},"wordCount":476,"publisher":{"@id":"https:\/\/www.webdo.tn\/fr\/#organization"},"image":{"@id":"https:\/\/www.webdo.tn\/fr\/actualite\/sport\/ligue-1-le-sprint-final-est-lance-quatre-journees-sous-haute-tension\/396897\/#primaryimage"},"thumbnailUrl":"https:\/\/www.webdo.tn\/fr\/wp-content\/uploads\/2026\/04\/derby.jpg","keywords":["championnat de tunisie","football","Ligue 1","Tunisie"],"articleSection":["\u00c9pingle","Sport"],"inLanguage":"fr-FR"},{"@type":"WebPage","@id":"https:\/\/www.webdo.tn\/fr\/actualite\/sport\/ligue-1-le-sprint-final-est-lance-quatre-journees-sous-haute-tension\/396897\/","url":"https:\/\/www.webdo.tn\/fr\/actualite\/sport\/ligue-1-le-sprint-final-est-lance-quatre-journees-sous-haute-tension\/396897\/","name":"Ligue 1 : Le sprint final est lanc\u00e9, quatre journ\u00e9es sous haute tension - webdo","isPartOf":{"@id":"https:\/\/www.webdo.tn\/fr\/#website"},"primaryImageOfPage":{"@id":"https:\/\/www.webdo.tn\/fr\/actualite\/sport\/ligue-1-le-sprint-final-est-lance-quatre-journees-sous-haute-tension\/396897\/#primaryimage"},"image":{"@id":"https:\/\/www.webdo.tn\/fr\/actualite\/sport\/ligue-1-le-sprint-final-est-lance-quatre-journees-sous-haute-tension\/396897\/#primaryimage"},"thumbnailUrl":"https:\/\/www.webdo.tn\/fr\/wp-content\/uploads\/2026\/04\/derby.jpg","datePublished":"2026-04-27T08:54:02+00:00","dateModified":"2026-04-27T09:05:16+00:00","description":"Alors que la fin de saison approche, la Ligue 1 devient de plus en plus intense. Qui d\u00e9crochera le titre et \u00e9chappera \u00e0 la rel\u00e9gation?","breadcrumb":{"@id":"https:\/\/www.webdo.tn\/fr\/actualite\/sport\/ligue-1-le-sprint-final-est-lance-quatre-journees-sous-haute-tension\/396897\/#breadcrumb"},"inLanguage":"fr-FR","potentialAction":[{"@type":"ReadAction","target":["https:\/\/www.webdo.tn\/fr\/actualite\/sport\/ligue-1-le-sprint-final-est-lance-quatre-journees-sous-haute-tension\/396897\/"]}]},{"@type":"ImageObject","inLanguage":"fr-FR","@id":"https:\/\/www.webdo.tn\/fr\/actualite\/sport\/ligue-1-le-sprint-final-est-lance-quatre-journees-sous-haute-tension\/396897\/#primaryimage","url":"https:\/\/www.webdo.tn\/fr\/wp-content\/uploads\/2026\/04\/derby.jpg","contentUrl":"https:\/\/www.webdo.tn\/fr\/wp-content\/uploads\/2026\/04\/derby.jpg","width":1201,"height":600,"caption":"Ligue 1 : Le sprint final est lanc\u00e9, quatre journ\u00e9es sous haute tension"},{"@type":"BreadcrumbList","@id":"https:\/\/www.webdo.tn\/fr\/actualite\/sport\/ligue-1-le-sprint-final-est-lance-quatre-journees-sous-haute-tension\/396897\/#breadcrumb","itemListElement":[{"@type":"ListItem","position":1,"name":"Accueil","item":"https:\/\/www.webdo.tn\/fr\/"},{"@type":"ListItem","position":2,"name":"Ligue 1 : Le sprint final est lanc\u00e9, quatre journ\u00e9es sous haute tension"}]},{"@type":"WebSite","@id":"https:\/\/www.webdo.tn\/fr\/#website","url":"https:\/\/www.webdo.tn\/fr\/","name":"webdo","description":"Tunisie - News en Tunisie et \u00e0 l&#039;international sur Webdo.tn","publisher":{"@id":"https:\/\/www.webdo.tn\/fr\/#organization"},"potentialAction":[{"@type":"SearchAction","target":{"@type":"EntryPoint","urlTemplate":"https:\/\/www.webdo.tn\/fr\/?s={search_term_string}"},"query-input":{"@type":"PropertyValueSpecification","valueRequired":true,"valueName":"search_term_string"}}],"inLanguage":"fr-FR"},{"@type":"Organization","@id":"https:\/\/www.webdo.tn\/fr\/#organization","name":"Webdo","alternateName":"Webdo.tn","url":"https:\/\/www.webdo.tn\/fr\/","logo":{"@type":"ImageObject","inLanguage":"fr-FR","@id":"https:\/\/www.webdo.tn\/fr\/#\/schema\/logo\/image\/","url":"https:\/\/www.webdo.tn\/fr\/wp-content\/uploads\/2025\/06\/Webdo-Tunisie_168377.jpg","contentUrl":"https:\/\/www.webdo.tn\/fr\/wp-content\/uploads\/2025\/06\/Webdo-Tunisie_168377.jpg","width":301,"height":301,"caption":"Webdo"},"image":{"@id":"https:\/\/www.webdo.tn\/fr\/#\/schema\/logo\/image\/"},"sameAs":["https:\/\/www.facebook.com\/webdotn","https:\/\/x.com\/webdo_tn"],"description":"Webdo est un m\u00e9dia num\u00e9rique tunisien fond\u00e9 en 2010, sp\u00e9cialis\u00e9 dans l\u2019actualit\u00e9 nationale et internationale, l\u2019\u00e9conomie, la soci\u00e9t\u00e9 et les analyses politiques. Le site s\u2019adresse \u00e0 un large public francophone et couvre l\u2019information tunisienne en temps r\u00e9el.","email":"redac@webdo.tn","legalName":"YNJ SARL","foundingDate":"2010-09-06","numberOfEmployees":{"@type":"QuantitativeValue","minValue":"11","maxValue":"50"}},{"@type":"Person","@id":"https:\/\/www.webdo.tn\/fr\/#\/schema\/person\/57c261717927697fcf719ab1058a8003","name":"Maher Chaabane","image":{"@type":"ImageObject","inLanguage":"fr-FR","@id":"https:\/\/www.webdo.tn\/fr\/wp-content\/uploads\/2026\/04\/maher-chaabane_avatar_2-96x96.jpg","url":"https:\/\/www.webdo.tn\/fr\/wp-content\/uploads\/2026\/04\/maher-chaabane_avatar_2-96x96.jpg","contentUrl":"https:\/\/www.webdo.tn\/fr\/wp-content\/uploads\/2026\/04\/maher-chaabane_avatar_2-96x96.jpg","caption":"Maher Chaabane"},"description":"Maher Chaabane est journaliste et r\u00e9dacteur en chef de Webdo.tn depuis 2012. Il d\u00e9bute sa carri\u00e8re au sein du groupe Tunis Hebdo en 2000, o\u00f9 il couvre pendant plusieurs ann\u00e9es l\u2019actualit\u00e9 sportive et internationale, avant d\u2019occuper les fonctions de r\u00e9dacteur en chef adjoint. Fort de plus de deux d\u00e9cennies d\u2019exp\u00e9rience dans le journalisme, il supervise aujourd\u2019hui la production \u00e9ditoriale de Webdo et contribue activement \u00e0 la ligne du m\u00e9dia, en particulier sur les sujets d\u2019actualit\u00e9 nationale et internationale. https:\/\/www.facebook.com\/youssef.rc.92","sameAs":["https:\/\/www.facebook.com\/youssef.rc.92"],"knowsAbout":["journalisme","actualit\u00e9 internationale","sport","r\u00e9daction","m\u00e9dias","information"],"knowsLanguage":["Fran\u00e7ais","Arabe"],"jobTitle":"R\u00e9dacteur en chef","worksFor":"Webdo.tn","url":"https:\/\/www.webdo.tn\/fr\/actualite\/author\/maher-chaabane\/"}]}},"_links":{"self":[{"href":"https:\/\/www.webdo.tn\/fr\/wp-json\/wp\/v2\/posts\/396897","targetHints":{"allow":["GET"]}}],"collection":[{"href":"https:\/\/www.webdo.tn\/fr\/wp-json\/wp\/v2\/posts"}],"about":[{"href":"https:\/\/www.webdo.tn\/fr\/wp-json\/wp\/v2\/types\/post"}],"author":[{"embeddable":true,"href":"https:\/\/www.webdo.tn\/fr\/wp-json\/wp\/v2\/users\/3189"}],"replies":[{"embeddable":true,"href":"https:\/\/www.webdo.tn\/fr\/wp-json\/wp\/v2\/comments?post=396897"}],"version-history":[{"count":2,"href":"https:\/\/www.webdo.tn\/fr\/wp-json\/wp\/v2\/posts\/396897\/revisions"}],"predecessor-version":[{"id":396902,"href":"https:\/\/www.webdo.tn\/fr\/wp-json\/wp\/v2\/posts\/396897\/revisions\/396902"}],"wp:featuredmedia":[{"embeddable":true,"href":"https:\/\/www.webdo.tn\/fr\/wp-json\/wp\/v2\/media\/396899"}],"wp:attachment":[{"href":"https:\/\/www.webdo.tn\/fr\/wp-json\/wp\/v2\/media?parent=396897"}],"wp:term":[{"taxonomy":"category","embeddable":true,"href":"https:\/\/www.webdo.tn\/fr\/wp-json\/wp\/v2\/categories?post=396897"},{"taxonomy":"post_tag","embeddable":true,"href":"https:\/\/www.webdo.tn\/fr\/wp-json\/wp\/v2\/tags?post=396897"}],"curies":[{"name":"wp","href":"https:\/\/api.w.org\/{rel}","templated":true}]}}