{"id":396894,"date":"2026-04-27T09:10:02","date_gmt":"2026-04-27T08:10:02","guid":{"rendered":"https:\/\/www.webdo.tn\/fr\/?p=396894"},"modified":"2026-04-27T09:10:03","modified_gmt":"2026-04-27T08:10:03","slug":"tunisie-pluies-orageuses-et-risque-de-grele-sur-les-regions-ouest-du-nord-et-du-centre","status":"publish","type":"post","link":"https:\/\/www.webdo.tn\/fr\/actualite\/national\/tunisie-pluies-orageuses-et-risque-de-grele-sur-les-regions-ouest-du-nord-et-du-centre\/396894\/","title":{"rendered":"Tunisie : Pluies orageuses et risque de gr\u00eale sur les r\u00e9gions ouest du nord et du centre"},"content":{"rendered":"\n<p><strong>Des conditions m\u00e9t\u00e9orologiques instables sont attendues ce lundi 27 avril 2026 en Tunisie. Des pluies faibles \u00e0 localement orageuses concerneront plusieurs r\u00e9gions, notamment \u00e0 l\u2019ouest du nord et du centre. Des chutes de gr\u00eale sont \u00e9galement pr\u00e9vues par endroits, selon les pr\u00e9visions officielles.<\/strong><\/p>\n\n\n\n<h2 class=\"wp-block-heading\" id=\"h-orages-localises-et-grele-attendue-dans-l-apres-midi\">Orages localis\u00e9s et gr\u00eale attendue dans l\u2019apr\u00e8s-midi<\/h2>\n\n\n\n<p>La journ\u00e9e d\u00e9butera sous un ciel parfois tr\u00e8s nuageux sur le nord et le centre, avec des pluies faibles et \u00e9parses. Le sud conna\u00eetra, quant \u00e0 lui, un temps partiellement nuageux.<\/p>\n\n\n\n<p>Au fil de l\u2019apr\u00e8s-midi, la situation \u00e9voluera avec la formation de cellules orageuses locales. Ces derni\u00e8res toucheront principalement les r\u00e9gions ouest du nord et du centre, accompagn\u00e9es de pr\u00e9cipitations plus soutenues et de chutes de gr\u00eale dans certaines zones.<\/p>\n\n\n\n<p>Les vents souffleront du secteur sud sur le nord et le centre, et du secteur est au sud. Ils seront relativement forts, devenant localement soutenus pr\u00e8s des c\u00f4tes et dans les r\u00e9gions m\u00e9ridionales, o\u00f9 des ph\u00e9nom\u00e8nes de sable sont \u00e9galement attendus.<\/p>\n\n\n\n<h2 class=\"wp-block-heading\" id=\"h-temperatures-contrastees\">Temp\u00e9ratures contrast\u00e9es<\/h2>\n\n\n\n<p>Les temp\u00e9ratures maximales varieront entre 22 et 27\u00b0C sur le nord, le centre et le sud-est, avec des valeurs proches de 20\u00b0C sur les zones c\u00f4ti\u00e8res. Ailleurs, le mercure grimpera entre 28 et 33\u00b0C, pour atteindre jusqu\u2019\u00e0 37\u00b0C \u00e0 l\u2019extr\u00eame sud du pays.<\/p>\n\n\n\n<p>Ces perturbations s\u2019inscrivent dans une configuration m\u00e9t\u00e9orologique typique du printemps en Tunisie, marqu\u00e9e par des contrastes thermiques favorisant la formation d\u2019orages localis\u00e9s, parfois accompagn\u00e9s de ph\u00e9nom\u00e8nes violents comme la gr\u00eale.<\/p>\n\n\n\n<blockquote class=\"wp-block-quote is-layout-flow wp-block-quote-is-layout-flow\">\n<ul class=\"wp-block-list\">\n<li class=\"has-medium-font-size\"><strong>Lire aussi :<\/strong> <a href=\"https:\/\/www.webdo.tn\/fr\/actualite\/national\/tunisie-meteo-orages-et-pluies-intenses-attendus-dans-louest-du-centre-et-du-sud\/396761\/\">Tunisie \u2013 m\u00e9t\u00e9o : Orages et pluies intenses attendus dans l\u2019ouest du centre et du sud<\/a><\/li>\n<\/ul>\n<\/blockquote>\n","protected":false},"excerpt":{"rendered":"<p>Des conditions m\u00e9t\u00e9orologiques instables sont attendues ce lundi 27 avril 2026 en Tunisie. Des pluies faibles \u00e0 localement orageuses concerneront plusieurs r\u00e9gions, notamment \u00e0 l\u2019ouest du nord et du centre. Des chutes de gr\u00eale sont \u00e9galement pr\u00e9vues par endroits, selon les pr\u00e9visions officielles. Orages localis\u00e9s et gr\u00eale attendue dans l\u2019apr\u00e8s-midi La journ\u00e9e d\u00e9butera sous un [&hellip;]<\/p>\n","protected":false},"author":4782,"featured_media":383960,"comment_status":"closed","ping_status":"closed","sticky":false,"template":"","format":"standard","meta":{"footnotes":""},"categories":[44],"tags":[2670,5396,2608],"class_list":["post-396894","post","type-post","status-publish","format-standard","has-post-thumbnail","hentry","category-national","tag-meteo","tag-pluies-orageuses","tag-tunisie"],"yoast_head":"<!-- This site is optimized with the Yoast SEO Premium plugin v27.4 (Yoast SEO v27.4) - https:\/\/yoast.com\/product\/yoast-seo-premium-wordpress\/ -->\n<title>Tunisie : Pluies orageuses et risque de gr\u00eale sur les r\u00e9gions ouest du nord et du centre - webdo<\/title>\n<meta name=\"description\" content=\"Pr\u00e9parez-vous aux pluies orageuses en Tunisie. Des pr\u00e9visions indiquent des chutes de gr\u00eale et des orages dans plusieurs r\u00e9gions.\" \/>\n<link rel=\"canonical\" href=\"https:\/\/www.webdo.tn\/fr\/actualite\/national\/tunisie-pluies-orageuses-et-risque-de-grele-sur-les-regions-ouest-du-nord-et-du-centre\/396894\/\" \/>\n<meta property=\"og:locale\" content=\"fr_FR\" \/>\n<meta property=\"og:type\" content=\"article\" \/>\n<meta property=\"og:title\" content=\"Tunisie : Pluies orageuses et risque de gr\u00eale sur les r\u00e9gions ouest du nord et du centre\" \/>\n<meta property=\"og:description\" content=\"Pr\u00e9parez-vous aux pluies orageuses en Tunisie. Des pr\u00e9visions indiquent des chutes de gr\u00eale et des orages dans plusieurs r\u00e9gions.\" \/>\n<meta property=\"og:url\" content=\"https:\/\/www.webdo.tn\/fr\/actualite\/national\/tunisie-pluies-orageuses-et-risque-de-grele-sur-les-regions-ouest-du-nord-et-du-centre\/396894\/\" \/>\n<meta property=\"og:site_name\" content=\"webdo\" \/>\n<meta property=\"article:publisher\" content=\"https:\/\/www.facebook.com\/webdotn\" \/>\n<meta property=\"article:published_time\" content=\"2026-04-27T08:10:02+00:00\" \/>\n<meta property=\"article:modified_time\" content=\"2026-04-27T08:10:03+00:00\" \/>\n<meta property=\"og:image\" content=\"https:\/\/www.webdo.tn\/fr\/wp-content\/uploads\/2025\/09\/Pluies-orageuses.jpeg\" \/>\n\t<meta property=\"og:image:width\" content=\"1200\" \/>\n\t<meta property=\"og:image:height\" content=\"680\" \/>\n\t<meta property=\"og:image:type\" content=\"image\/jpeg\" \/>\n<meta name=\"author\" content=\"Mohamed Fethi\" \/>\n<meta name=\"twitter:card\" content=\"summary_large_image\" \/>\n<meta name=\"twitter:creator\" content=\"@webdo_tn\" \/>\n<meta name=\"twitter:site\" content=\"@webdo_tn\" \/>\n<meta name=\"twitter:label1\" content=\"\u00c9crit par\" \/>\n\t<meta name=\"twitter:data1\" content=\"Mohamed Fethi\" \/>\n\t<meta name=\"twitter:label2\" content=\"Dur\u00e9e de lecture estim\u00e9e\" \/>\n\t<meta name=\"twitter:data2\" content=\"2 minutes\" \/>\n<script type=\"application\/ld+json\" class=\"yoast-schema-graph\">{\"@context\":\"https:\\\/\\\/schema.org\",\"@graph\":[{\"@type\":\"NewsArticle\",\"@id\":\"https:\\\/\\\/www.webdo.tn\\\/fr\\\/actualite\\\/national\\\/tunisie-pluies-orageuses-et-risque-de-grele-sur-les-regions-ouest-du-nord-et-du-centre\\\/396894\\\/#article\",\"isPartOf\":{\"@id\":\"https:\\\/\\\/www.webdo.tn\\\/fr\\\/actualite\\\/national\\\/tunisie-pluies-orageuses-et-risque-de-grele-sur-les-regions-ouest-du-nord-et-du-centre\\\/396894\\\/\"},\"author\":{\"name\":\"Mohamed Fethi\",\"@id\":\"https:\\\/\\\/www.webdo.tn\\\/fr\\\/#\\\/schema\\\/person\\\/16a4857e77dfc0b610c4c2cadffc9ac4\"},\"headline\":\"Tunisie : Pluies orageuses et risque de gr\u00eale sur les r\u00e9gions ouest du nord et du centre\",\"datePublished\":\"2026-04-27T08:10:02+00:00\",\"dateModified\":\"2026-04-27T08:10:03+00:00\",\"mainEntityOfPage\":{\"@id\":\"https:\\\/\\\/www.webdo.tn\\\/fr\\\/actualite\\\/national\\\/tunisie-pluies-orageuses-et-risque-de-grele-sur-les-regions-ouest-du-nord-et-du-centre\\\/396894\\\/\"},\"wordCount\":310,\"publisher\":{\"@id\":\"https:\\\/\\\/www.webdo.tn\\\/fr\\\/#organization\"},\"image\":{\"@id\":\"https:\\\/\\\/www.webdo.tn\\\/fr\\\/actualite\\\/national\\\/tunisie-pluies-orageuses-et-risque-de-grele-sur-les-regions-ouest-du-nord-et-du-centre\\\/396894\\\/#primaryimage\"},\"thumbnailUrl\":\"https:\\\/\\\/www.webdo.tn\\\/fr\\\/wp-content\\\/uploads\\\/2025\\\/09\\\/Pluies-orageuses.jpeg\",\"keywords\":[\"m\u00e9t\u00e9o\",\"Pluies orageuses\",\"Tunisie\"],\"articleSection\":[\"National\"],\"inLanguage\":\"fr-FR\"},{\"@type\":\"WebPage\",\"@id\":\"https:\\\/\\\/www.webdo.tn\\\/fr\\\/actualite\\\/national\\\/tunisie-pluies-orageuses-et-risque-de-grele-sur-les-regions-ouest-du-nord-et-du-centre\\\/396894\\\/\",\"url\":\"https:\\\/\\\/www.webdo.tn\\\/fr\\\/actualite\\\/national\\\/tunisie-pluies-orageuses-et-risque-de-grele-sur-les-regions-ouest-du-nord-et-du-centre\\\/396894\\\/\",\"name\":\"Tunisie : Pluies orageuses et risque de gr\u00eale sur les r\u00e9gions ouest du nord et du centre - webdo\",\"isPartOf\":{\"@id\":\"https:\\\/\\\/www.webdo.tn\\\/fr\\\/#website\"},\"primaryImageOfPage\":{\"@id\":\"https:\\\/\\\/www.webdo.tn\\\/fr\\\/actualite\\\/national\\\/tunisie-pluies-orageuses-et-risque-de-grele-sur-les-regions-ouest-du-nord-et-du-centre\\\/396894\\\/#primaryimage\"},\"image\":{\"@id\":\"https:\\\/\\\/www.webdo.tn\\\/fr\\\/actualite\\\/national\\\/tunisie-pluies-orageuses-et-risque-de-grele-sur-les-regions-ouest-du-nord-et-du-centre\\\/396894\\\/#primaryimage\"},\"thumbnailUrl\":\"https:\\\/\\\/www.webdo.tn\\\/fr\\\/wp-content\\\/uploads\\\/2025\\\/09\\\/Pluies-orageuses.jpeg\",\"datePublished\":\"2026-04-27T08:10:02+00:00\",\"dateModified\":\"2026-04-27T08:10:03+00:00\",\"description\":\"Pr\u00e9parez-vous aux pluies orageuses en Tunisie. Des pr\u00e9visions indiquent des chutes de gr\u00eale et des orages dans plusieurs r\u00e9gions.\",\"breadcrumb\":{\"@id\":\"https:\\\/\\\/www.webdo.tn\\\/fr\\\/actualite\\\/national\\\/tunisie-pluies-orageuses-et-risque-de-grele-sur-les-regions-ouest-du-nord-et-du-centre\\\/396894\\\/#breadcrumb\"},\"inLanguage\":\"fr-FR\",\"potentialAction\":[{\"@type\":\"ReadAction\",\"target\":[\"https:\\\/\\\/www.webdo.tn\\\/fr\\\/actualite\\\/national\\\/tunisie-pluies-orageuses-et-risque-de-grele-sur-les-regions-ouest-du-nord-et-du-centre\\\/396894\\\/\"]}]},{\"@type\":\"ImageObject\",\"inLanguage\":\"fr-FR\",\"@id\":\"https:\\\/\\\/www.webdo.tn\\\/fr\\\/actualite\\\/national\\\/tunisie-pluies-orageuses-et-risque-de-grele-sur-les-regions-ouest-du-nord-et-du-centre\\\/396894\\\/#primaryimage\",\"url\":\"https:\\\/\\\/www.webdo.tn\\\/fr\\\/wp-content\\\/uploads\\\/2025\\\/09\\\/Pluies-orageuses.jpeg\",\"contentUrl\":\"https:\\\/\\\/www.webdo.tn\\\/fr\\\/wp-content\\\/uploads\\\/2025\\\/09\\\/Pluies-orageuses.jpeg\",\"width\":1200,\"height\":680,\"caption\":\"Tunisie : Pluies orageuses et risque de gr\u00eale sur les r\u00e9gions ouest du nord et du centre\"},{\"@type\":\"BreadcrumbList\",\"@id\":\"https:\\\/\\\/www.webdo.tn\\\/fr\\\/actualite\\\/national\\\/tunisie-pluies-orageuses-et-risque-de-grele-sur-les-regions-ouest-du-nord-et-du-centre\\\/396894\\\/#breadcrumb\",\"itemListElement\":[{\"@type\":\"ListItem\",\"position\":1,\"name\":\"Accueil\",\"item\":\"https:\\\/\\\/www.webdo.tn\\\/fr\\\/\"},{\"@type\":\"ListItem\",\"position\":2,\"name\":\"Tunisie : Pluies orageuses et risque de gr\u00eale sur les r\u00e9gions ouest du nord et du centre\"}]},{\"@type\":\"WebSite\",\"@id\":\"https:\\\/\\\/www.webdo.tn\\\/fr\\\/#website\",\"url\":\"https:\\\/\\\/www.webdo.tn\\\/fr\\\/\",\"name\":\"webdo\",\"description\":\"Tunisie - News en Tunisie et \u00e0 l&#039;international sur Webdo.tn\",\"publisher\":{\"@id\":\"https:\\\/\\\/www.webdo.tn\\\/fr\\\/#organization\"},\"potentialAction\":[{\"@type\":\"SearchAction\",\"target\":{\"@type\":\"EntryPoint\",\"urlTemplate\":\"https:\\\/\\\/www.webdo.tn\\\/fr\\\/?s={search_term_string}\"},\"query-input\":{\"@type\":\"PropertyValueSpecification\",\"valueRequired\":true,\"valueName\":\"search_term_string\"}}],\"inLanguage\":\"fr-FR\"},{\"@type\":\"Organization\",\"@id\":\"https:\\\/\\\/www.webdo.tn\\\/fr\\\/#organization\",\"name\":\"Webdo\",\"alternateName\":\"Webdo.tn\",\"url\":\"https:\\\/\\\/www.webdo.tn\\\/fr\\\/\",\"logo\":{\"@type\":\"ImageObject\",\"inLanguage\":\"fr-FR\",\"@id\":\"https:\\\/\\\/www.webdo.tn\\\/fr\\\/#\\\/schema\\\/logo\\\/image\\\/\",\"url\":\"https:\\\/\\\/www.webdo.tn\\\/fr\\\/wp-content\\\/uploads\\\/2025\\\/06\\\/Webdo-Tunisie_168377.jpg\",\"contentUrl\":\"https:\\\/\\\/www.webdo.tn\\\/fr\\\/wp-content\\\/uploads\\\/2025\\\/06\\\/Webdo-Tunisie_168377.jpg\",\"width\":301,\"height\":301,\"caption\":\"Webdo\"},\"image\":{\"@id\":\"https:\\\/\\\/www.webdo.tn\\\/fr\\\/#\\\/schema\\\/logo\\\/image\\\/\"},\"sameAs\":[\"https:\\\/\\\/www.facebook.com\\\/webdotn\",\"https:\\\/\\\/x.com\\\/webdo_tn\"],\"description\":\"Webdo est un m\u00e9dia num\u00e9rique tunisien fond\u00e9 en 2010, sp\u00e9cialis\u00e9 dans l\u2019actualit\u00e9 nationale et internationale, l\u2019\u00e9conomie, la soci\u00e9t\u00e9 et les analyses politiques. Le site s\u2019adresse \u00e0 un large public francophone et couvre l\u2019information tunisienne en temps r\u00e9el.\",\"email\":\"redac@webdo.tn\",\"legalName\":\"YNJ SARL\",\"foundingDate\":\"2010-09-06\",\"numberOfEmployees\":{\"@type\":\"QuantitativeValue\",\"minValue\":\"11\",\"maxValue\":\"50\"}},{\"@type\":\"Person\",\"@id\":\"https:\\\/\\\/www.webdo.tn\\\/fr\\\/#\\\/schema\\\/person\\\/16a4857e77dfc0b610c4c2cadffc9ac4\",\"name\":\"Mohamed Fethi\",\"image\":{\"@type\":\"ImageObject\",\"inLanguage\":\"fr-FR\",\"@id\":\"https:\\\/\\\/www.webdo.tn\\\/fr\\\/wp-content\\\/uploads\\\/2026\\\/04\\\/mohamed-fethi_avatar_1-96x96.jpg\",\"url\":\"https:\\\/\\\/www.webdo.tn\\\/fr\\\/wp-content\\\/uploads\\\/2026\\\/04\\\/mohamed-fethi_avatar_1-96x96.jpg\",\"contentUrl\":\"https:\\\/\\\/www.webdo.tn\\\/fr\\\/wp-content\\\/uploads\\\/2026\\\/04\\\/mohamed-fethi_avatar_1-96x96.jpg\",\"caption\":\"Mohamed Fethi\"},\"description\":\"Signature \u00e9ditoriale de Maher Chaabane Mohamed Fethi est le pseudonyme \u00e9ditorial de Maher Chaabane, r\u00e9dacteur en chef de Webdo.tn depuis 2012. Cette signature est d\u00e9di\u00e9e au traitement intensif de l'actualit\u00e9 nationale et internationale en temps r\u00e9el. S'appuyant sur les deux d\u00e9cennies d'expertise journalistique de Maher Chaabane \u2014 d\u00e9but\u00e9e au sein du groupe Tunis Hebdo en 2000 \u2014 Mohamed Fethi assure une veille rigoureuse sur les enjeux politiques, \u00e9conomiques et sportifs. Sa mission est de garantir une information structur\u00e9e, fluide et fid\u00e8le aux standards de la r\u00e9daction. Pour consulter le parcours complet du r\u00e9dacteur en chef, visitez le profil officiel de Maher Chaabane.\",\"knowsAbout\":[\"actualit\u00e9\",\"journalisme\",\"information\",\"politique\",\"sport\",\"m\u00e9dias\",\"actualit\u00e9 internationale\"],\"knowsLanguage\":[\"Fran\u00e7ais\",\"Arabe\"],\"jobTitle\":\"Journaliste \u2013 R\u00e9daction Webdo\",\"worksFor\":\"Webdo.tn\",\"url\":\"https:\\\/\\\/www.webdo.tn\\\/fr\\\/actualite\\\/author\\\/mohamed-fethi\\\/\"}]}<\/script>\n<!-- \/ Yoast SEO Premium plugin. -->","yoast_head_json":{"title":"Tunisie : Pluies orageuses et risque de gr\u00eale sur les r\u00e9gions ouest du nord et du centre - webdo","description":"Pr\u00e9parez-vous aux pluies orageuses en Tunisie. Des pr\u00e9visions indiquent des chutes de gr\u00eale et des orages dans plusieurs r\u00e9gions.","canonical":"https:\/\/www.webdo.tn\/fr\/actualite\/national\/tunisie-pluies-orageuses-et-risque-de-grele-sur-les-regions-ouest-du-nord-et-du-centre\/396894\/","og_locale":"fr_FR","og_type":"article","og_title":"Tunisie : Pluies orageuses et risque de gr\u00eale sur les r\u00e9gions ouest du nord et du centre","og_description":"Pr\u00e9parez-vous aux pluies orageuses en Tunisie. Des pr\u00e9visions indiquent des chutes de gr\u00eale et des orages dans plusieurs r\u00e9gions.","og_url":"https:\/\/www.webdo.tn\/fr\/actualite\/national\/tunisie-pluies-orageuses-et-risque-de-grele-sur-les-regions-ouest-du-nord-et-du-centre\/396894\/","og_site_name":"webdo","article_publisher":"https:\/\/www.facebook.com\/webdotn","article_published_time":"2026-04-27T08:10:02+00:00","article_modified_time":"2026-04-27T08:10:03+00:00","og_image":[{"width":1200,"height":680,"url":"https:\/\/www.webdo.tn\/fr\/wp-content\/uploads\/2025\/09\/Pluies-orageuses.jpeg","type":"image\/jpeg"}],"author":"Mohamed Fethi","twitter_card":"summary_large_image","twitter_creator":"@webdo_tn","twitter_site":"@webdo_tn","twitter_misc":{"\u00c9crit par":"Mohamed Fethi","Dur\u00e9e de lecture estim\u00e9e":"2 minutes"},"schema":{"@context":"https:\/\/schema.org","@graph":[{"@type":"NewsArticle","@id":"https:\/\/www.webdo.tn\/fr\/actualite\/national\/tunisie-pluies-orageuses-et-risque-de-grele-sur-les-regions-ouest-du-nord-et-du-centre\/396894\/#article","isPartOf":{"@id":"https:\/\/www.webdo.tn\/fr\/actualite\/national\/tunisie-pluies-orageuses-et-risque-de-grele-sur-les-regions-ouest-du-nord-et-du-centre\/396894\/"},"author":{"name":"Mohamed Fethi","@id":"https:\/\/www.webdo.tn\/fr\/#\/schema\/person\/16a4857e77dfc0b610c4c2cadffc9ac4"},"headline":"Tunisie : Pluies orageuses et risque de gr\u00eale sur les r\u00e9gions ouest du nord et du centre","datePublished":"2026-04-27T08:10:02+00:00","dateModified":"2026-04-27T08:10:03+00:00","mainEntityOfPage":{"@id":"https:\/\/www.webdo.tn\/fr\/actualite\/national\/tunisie-pluies-orageuses-et-risque-de-grele-sur-les-regions-ouest-du-nord-et-du-centre\/396894\/"},"wordCount":310,"publisher":{"@id":"https:\/\/www.webdo.tn\/fr\/#organization"},"image":{"@id":"https:\/\/www.webdo.tn\/fr\/actualite\/national\/tunisie-pluies-orageuses-et-risque-de-grele-sur-les-regions-ouest-du-nord-et-du-centre\/396894\/#primaryimage"},"thumbnailUrl":"https:\/\/www.webdo.tn\/fr\/wp-content\/uploads\/2025\/09\/Pluies-orageuses.jpeg","keywords":["m\u00e9t\u00e9o","Pluies orageuses","Tunisie"],"articleSection":["National"],"inLanguage":"fr-FR"},{"@type":"WebPage","@id":"https:\/\/www.webdo.tn\/fr\/actualite\/national\/tunisie-pluies-orageuses-et-risque-de-grele-sur-les-regions-ouest-du-nord-et-du-centre\/396894\/","url":"https:\/\/www.webdo.tn\/fr\/actualite\/national\/tunisie-pluies-orageuses-et-risque-de-grele-sur-les-regions-ouest-du-nord-et-du-centre\/396894\/","name":"Tunisie : Pluies orageuses et risque de gr\u00eale sur les r\u00e9gions ouest du nord et du centre - webdo","isPartOf":{"@id":"https:\/\/www.webdo.tn\/fr\/#website"},"primaryImageOfPage":{"@id":"https:\/\/www.webdo.tn\/fr\/actualite\/national\/tunisie-pluies-orageuses-et-risque-de-grele-sur-les-regions-ouest-du-nord-et-du-centre\/396894\/#primaryimage"},"image":{"@id":"https:\/\/www.webdo.tn\/fr\/actualite\/national\/tunisie-pluies-orageuses-et-risque-de-grele-sur-les-regions-ouest-du-nord-et-du-centre\/396894\/#primaryimage"},"thumbnailUrl":"https:\/\/www.webdo.tn\/fr\/wp-content\/uploads\/2025\/09\/Pluies-orageuses.jpeg","datePublished":"2026-04-27T08:10:02+00:00","dateModified":"2026-04-27T08:10:03+00:00","description":"Pr\u00e9parez-vous aux pluies orageuses en Tunisie. Des pr\u00e9visions indiquent des chutes de gr\u00eale et des orages dans plusieurs r\u00e9gions.","breadcrumb":{"@id":"https:\/\/www.webdo.tn\/fr\/actualite\/national\/tunisie-pluies-orageuses-et-risque-de-grele-sur-les-regions-ouest-du-nord-et-du-centre\/396894\/#breadcrumb"},"inLanguage":"fr-FR","potentialAction":[{"@type":"ReadAction","target":["https:\/\/www.webdo.tn\/fr\/actualite\/national\/tunisie-pluies-orageuses-et-risque-de-grele-sur-les-regions-ouest-du-nord-et-du-centre\/396894\/"]}]},{"@type":"ImageObject","inLanguage":"fr-FR","@id":"https:\/\/www.webdo.tn\/fr\/actualite\/national\/tunisie-pluies-orageuses-et-risque-de-grele-sur-les-regions-ouest-du-nord-et-du-centre\/396894\/#primaryimage","url":"https:\/\/www.webdo.tn\/fr\/wp-content\/uploads\/2025\/09\/Pluies-orageuses.jpeg","contentUrl":"https:\/\/www.webdo.tn\/fr\/wp-content\/uploads\/2025\/09\/Pluies-orageuses.jpeg","width":1200,"height":680,"caption":"Tunisie : Pluies orageuses et risque de gr\u00eale sur les r\u00e9gions ouest du nord et du centre"},{"@type":"BreadcrumbList","@id":"https:\/\/www.webdo.tn\/fr\/actualite\/national\/tunisie-pluies-orageuses-et-risque-de-grele-sur-les-regions-ouest-du-nord-et-du-centre\/396894\/#breadcrumb","itemListElement":[{"@type":"ListItem","position":1,"name":"Accueil","item":"https:\/\/www.webdo.tn\/fr\/"},{"@type":"ListItem","position":2,"name":"Tunisie : Pluies orageuses et risque de gr\u00eale sur les r\u00e9gions ouest du nord et du centre"}]},{"@type":"WebSite","@id":"https:\/\/www.webdo.tn\/fr\/#website","url":"https:\/\/www.webdo.tn\/fr\/","name":"webdo","description":"Tunisie - News en Tunisie et \u00e0 l&#039;international sur Webdo.tn","publisher":{"@id":"https:\/\/www.webdo.tn\/fr\/#organization"},"potentialAction":[{"@type":"SearchAction","target":{"@type":"EntryPoint","urlTemplate":"https:\/\/www.webdo.tn\/fr\/?s={search_term_string}"},"query-input":{"@type":"PropertyValueSpecification","valueRequired":true,"valueName":"search_term_string"}}],"inLanguage":"fr-FR"},{"@type":"Organization","@id":"https:\/\/www.webdo.tn\/fr\/#organization","name":"Webdo","alternateName":"Webdo.tn","url":"https:\/\/www.webdo.tn\/fr\/","logo":{"@type":"ImageObject","inLanguage":"fr-FR","@id":"https:\/\/www.webdo.tn\/fr\/#\/schema\/logo\/image\/","url":"https:\/\/www.webdo.tn\/fr\/wp-content\/uploads\/2025\/06\/Webdo-Tunisie_168377.jpg","contentUrl":"https:\/\/www.webdo.tn\/fr\/wp-content\/uploads\/2025\/06\/Webdo-Tunisie_168377.jpg","width":301,"height":301,"caption":"Webdo"},"image":{"@id":"https:\/\/www.webdo.tn\/fr\/#\/schema\/logo\/image\/"},"sameAs":["https:\/\/www.facebook.com\/webdotn","https:\/\/x.com\/webdo_tn"],"description":"Webdo est un m\u00e9dia num\u00e9rique tunisien fond\u00e9 en 2010, sp\u00e9cialis\u00e9 dans l\u2019actualit\u00e9 nationale et internationale, l\u2019\u00e9conomie, la soci\u00e9t\u00e9 et les analyses politiques. Le site s\u2019adresse \u00e0 un large public francophone et couvre l\u2019information tunisienne en temps r\u00e9el.","email":"redac@webdo.tn","legalName":"YNJ SARL","foundingDate":"2010-09-06","numberOfEmployees":{"@type":"QuantitativeValue","minValue":"11","maxValue":"50"}},{"@type":"Person","@id":"https:\/\/www.webdo.tn\/fr\/#\/schema\/person\/16a4857e77dfc0b610c4c2cadffc9ac4","name":"Mohamed Fethi","image":{"@type":"ImageObject","inLanguage":"fr-FR","@id":"https:\/\/www.webdo.tn\/fr\/wp-content\/uploads\/2026\/04\/mohamed-fethi_avatar_1-96x96.jpg","url":"https:\/\/www.webdo.tn\/fr\/wp-content\/uploads\/2026\/04\/mohamed-fethi_avatar_1-96x96.jpg","contentUrl":"https:\/\/www.webdo.tn\/fr\/wp-content\/uploads\/2026\/04\/mohamed-fethi_avatar_1-96x96.jpg","caption":"Mohamed Fethi"},"description":"Signature \u00e9ditoriale de Maher Chaabane Mohamed Fethi est le pseudonyme \u00e9ditorial de Maher Chaabane, r\u00e9dacteur en chef de Webdo.tn depuis 2012. Cette signature est d\u00e9di\u00e9e au traitement intensif de l'actualit\u00e9 nationale et internationale en temps r\u00e9el. S'appuyant sur les deux d\u00e9cennies d'expertise journalistique de Maher Chaabane \u2014 d\u00e9but\u00e9e au sein du groupe Tunis Hebdo en 2000 \u2014 Mohamed Fethi assure une veille rigoureuse sur les enjeux politiques, \u00e9conomiques et sportifs. Sa mission est de garantir une information structur\u00e9e, fluide et fid\u00e8le aux standards de la r\u00e9daction. Pour consulter le parcours complet du r\u00e9dacteur en chef, visitez le profil officiel de Maher Chaabane.","knowsAbout":["actualit\u00e9","journalisme","information","politique","sport","m\u00e9dias","actualit\u00e9 internationale"],"knowsLanguage":["Fran\u00e7ais","Arabe"],"jobTitle":"Journaliste \u2013 R\u00e9daction Webdo","worksFor":"Webdo.tn","url":"https:\/\/www.webdo.tn\/fr\/actualite\/author\/mohamed-fethi\/"}]}},"_links":{"self":[{"href":"https:\/\/www.webdo.tn\/fr\/wp-json\/wp\/v2\/posts\/396894","targetHints":{"allow":["GET"]}}],"collection":[{"href":"https:\/\/www.webdo.tn\/fr\/wp-json\/wp\/v2\/posts"}],"about":[{"href":"https:\/\/www.webdo.tn\/fr\/wp-json\/wp\/v2\/types\/post"}],"author":[{"embeddable":true,"href":"https:\/\/www.webdo.tn\/fr\/wp-json\/wp\/v2\/users\/4782"}],"replies":[{"embeddable":true,"href":"https:\/\/www.webdo.tn\/fr\/wp-json\/wp\/v2\/comments?post=396894"}],"version-history":[{"count":1,"href":"https:\/\/www.webdo.tn\/fr\/wp-json\/wp\/v2\/posts\/396894\/revisions"}],"predecessor-version":[{"id":396895,"href":"https:\/\/www.webdo.tn\/fr\/wp-json\/wp\/v2\/posts\/396894\/revisions\/396895"}],"wp:featuredmedia":[{"embeddable":true,"href":"https:\/\/www.webdo.tn\/fr\/wp-json\/wp\/v2\/media\/383960"}],"wp:attachment":[{"href":"https:\/\/www.webdo.tn\/fr\/wp-json\/wp\/v2\/media?parent=396894"}],"wp:term":[{"taxonomy":"category","embeddable":true,"href":"https:\/\/www.webdo.tn\/fr\/wp-json\/wp\/v2\/categories?post=396894"},{"taxonomy":"post_tag","embeddable":true,"href":"https:\/\/www.webdo.tn\/fr\/wp-json\/wp\/v2\/tags?post=396894"}],"curies":[{"name":"wp","href":"https:\/\/api.w.org\/{rel}","templated":true}]}}