{"id":396891,"date":"2026-04-27T08:57:08","date_gmt":"2026-04-27T07:57:08","guid":{"rendered":"https:\/\/www.webdo.tn\/fr\/?p=396891"},"modified":"2026-04-27T09:04:15","modified_gmt":"2026-04-27T08:04:15","slug":"zied-el-heni-devant-la-justice-le-30-avril-renvoi-en-chambre-correctionnelle","status":"publish","type":"post","link":"https:\/\/www.webdo.tn\/fr\/actualite\/national\/zied-el-heni-devant-la-justice-le-30-avril-renvoi-en-chambre-correctionnelle\/396891\/","title":{"rendered":"Zied El Heni devant la justice le 30 avril : Renvoi en chambre correctionnelle"},"content":{"rendered":"\n<p><strong>Le journaliste Zied El Heni compara\u00eetra le 30 avril 2026 devant la sixi\u00e8me Chambre correctionnelle du Tribunal de premi\u00e8re instance de Tunis. La d\u00e9cision a \u00e9t\u00e9 prise par le minist\u00e8re public apr\u00e8s l\u2019\u00e9mission d\u2019un mandat de d\u00e9p\u00f4t \u00e0 son encontre. Cette affaire s\u2019inscrit dans le cadre de poursuites pour des faits li\u00e9s \u00e0 l\u2019usage des r\u00e9seaux de t\u00e9l\u00e9communications.<\/strong><\/p>\n\n\n\n<h2 class=\"wp-block-heading\" id=\"h-mandat-de-depot-et-renvoi-en-justice\">Mandat de d\u00e9p\u00f4t et renvoi en justice<\/h2>\n\n\n\n<p>Selon les \u00e9l\u00e9ments disponibles, le parquet pr\u00e8s le Tribunal de premi\u00e8re instance de Tunis a d\u00e9cid\u00e9 de d\u00e9f\u00e9rer Zied El Heni devant la justice p\u00e9nale, marquant une nouvelle \u00e9tape dans cette proc\u00e9dure. Le journaliste devra ainsi r\u00e9pondre des accusations port\u00e9es contre lui lors d\u2019une audience pr\u00e9vue le 30 avril.<\/p>\n\n\n\n<p>Cette d\u00e9cision intervient apr\u00e8s l\u2019\u00e9mission d\u2019un mandat de d\u00e9p\u00f4t, entra\u00eenant son placement en d\u00e9tention dans l\u2019attente de sa comparution.<\/p>\n\n\n\n<h2 class=\"wp-block-heading\" id=\"h-une-affaire-liee-aux-publications-via-telecommunications\">Une affaire li\u00e9e aux publications via t\u00e9l\u00e9communications<\/h2>\n\n\n\n<p>Les poursuites engag\u00e9es concernent des faits qualifi\u00e9s d\u2019atteinte \u00e0 autrui \u00e0 travers les r\u00e9seaux de t\u00e9l\u00e9communications. Le journaliste avait \u00e9t\u00e9 plac\u00e9 en garde \u00e0 vue vendredi dernier, \u00e0 l\u2019issue de son audition par les autorit\u00e9s judiciaires.<\/p>\n\n\n\n<blockquote class=\"wp-block-quote is-layout-flow wp-block-quote-is-layout-flow\">\n<ul class=\"wp-block-list\">\n<li class=\"has-medium-font-size\"><strong>Lire aussi :<\/strong> <a href=\"https:\/\/www.webdo.tn\/fr\/actualite\/national\/tunisie-mandat-de-depot-contre-le-journaliste-ziad-el-heni\/396879\/\">Tunisie : Mandat de d\u00e9p\u00f4t contre le journaliste Zied El Heni<\/a><\/li>\n<\/ul>\n<\/blockquote>\n","protected":false},"excerpt":{"rendered":"<p>Le journaliste Zied El Heni compara\u00eetra le 30 avril 2026 devant la sixi\u00e8me Chambre correctionnelle du Tribunal de premi\u00e8re instance de Tunis. La d\u00e9cision a \u00e9t\u00e9 prise par le minist\u00e8re public apr\u00e8s l\u2019\u00e9mission d\u2019un mandat de d\u00e9p\u00f4t \u00e0 son encontre. Cette affaire s\u2019inscrit dans le cadre de poursuites pour des faits li\u00e9s \u00e0 l\u2019usage des [&hellip;]<\/p>\n","protected":false},"author":4782,"featured_media":396893,"comment_status":"closed","ping_status":"closed","sticky":false,"template":"","format":"standard","meta":{"footnotes":""},"categories":[13163,44],"tags":[2619,2608,14043],"class_list":["post-396891","post","type-post","status-publish","format-standard","has-post-thumbnail","hentry","category-epingle","category-national","tag-justice","tag-tunisie","tag-zied-el-heni-2"],"yoast_head":"<!-- This site is optimized with the Yoast SEO Premium plugin v27.4 (Yoast SEO v27.4) - https:\/\/yoast.com\/product\/yoast-seo-premium-wordpress\/ -->\n<title>Zied El Heni devant la justice le 30 avril : Renvoi en chambre correctionnelle - webdo<\/title>\n<meta name=\"description\" content=\"Le journaliste Zied El Heni fait face \u00e0 des accusations li\u00e9es aux r\u00e9seaux de t\u00e9l\u00e9communications. Suivez le d\u00e9veloppement de cette affaire.\" \/>\n<link rel=\"canonical\" href=\"https:\/\/www.webdo.tn\/fr\/actualite\/national\/zied-el-heni-devant-la-justice-le-30-avril-renvoi-en-chambre-correctionnelle\/396891\/\" \/>\n<meta property=\"og:locale\" content=\"fr_FR\" \/>\n<meta property=\"og:type\" content=\"article\" \/>\n<meta property=\"og:title\" content=\"Zied El Heni devant la justice le 30 avril : Renvoi en chambre correctionnelle\" \/>\n<meta property=\"og:description\" content=\"Le journaliste Zied El Heni fait face \u00e0 des accusations li\u00e9es aux r\u00e9seaux de t\u00e9l\u00e9communications. Suivez le d\u00e9veloppement de cette affaire.\" \/>\n<meta property=\"og:url\" content=\"https:\/\/www.webdo.tn\/fr\/actualite\/national\/zied-el-heni-devant-la-justice-le-30-avril-renvoi-en-chambre-correctionnelle\/396891\/\" \/>\n<meta property=\"og:site_name\" content=\"webdo\" \/>\n<meta property=\"article:publisher\" content=\"https:\/\/www.facebook.com\/webdotn\" \/>\n<meta property=\"article:published_time\" content=\"2026-04-27T07:57:08+00:00\" \/>\n<meta property=\"article:modified_time\" content=\"2026-04-27T08:04:15+00:00\" \/>\n<meta property=\"og:image\" content=\"https:\/\/www.webdo.tn\/fr\/wp-content\/uploads\/2026\/04\/zied-elheni.jpg\" \/>\n\t<meta property=\"og:image:width\" content=\"1200\" \/>\n\t<meta property=\"og:image:height\" content=\"602\" \/>\n\t<meta property=\"og:image:type\" content=\"image\/jpeg\" \/>\n<meta name=\"author\" content=\"Mohamed Fethi\" \/>\n<meta name=\"twitter:card\" content=\"summary_large_image\" \/>\n<meta name=\"twitter:creator\" content=\"@webdo_tn\" \/>\n<meta name=\"twitter:site\" content=\"@webdo_tn\" \/>\n<meta name=\"twitter:label1\" content=\"\u00c9crit par\" \/>\n\t<meta name=\"twitter:data1\" content=\"Mohamed Fethi\" \/>\n\t<meta name=\"twitter:label2\" content=\"Dur\u00e9e de lecture estim\u00e9e\" \/>\n\t<meta name=\"twitter:data2\" content=\"2 minutes\" \/>\n<script type=\"application\/ld+json\" class=\"yoast-schema-graph\">{\"@context\":\"https:\\\/\\\/schema.org\",\"@graph\":[{\"@type\":\"NewsArticle\",\"@id\":\"https:\\\/\\\/www.webdo.tn\\\/fr\\\/actualite\\\/national\\\/zied-el-heni-devant-la-justice-le-30-avril-renvoi-en-chambre-correctionnelle\\\/396891\\\/#article\",\"isPartOf\":{\"@id\":\"https:\\\/\\\/www.webdo.tn\\\/fr\\\/actualite\\\/national\\\/zied-el-heni-devant-la-justice-le-30-avril-renvoi-en-chambre-correctionnelle\\\/396891\\\/\"},\"author\":{\"name\":\"Mohamed Fethi\",\"@id\":\"https:\\\/\\\/www.webdo.tn\\\/fr\\\/#\\\/schema\\\/person\\\/16a4857e77dfc0b610c4c2cadffc9ac4\"},\"headline\":\"Zied El Heni devant la justice le 30 avril : Renvoi en chambre correctionnelle\",\"datePublished\":\"2026-04-27T07:57:08+00:00\",\"dateModified\":\"2026-04-27T08:04:15+00:00\",\"mainEntityOfPage\":{\"@id\":\"https:\\\/\\\/www.webdo.tn\\\/fr\\\/actualite\\\/national\\\/zied-el-heni-devant-la-justice-le-30-avril-renvoi-en-chambre-correctionnelle\\\/396891\\\/\"},\"wordCount\":243,\"publisher\":{\"@id\":\"https:\\\/\\\/www.webdo.tn\\\/fr\\\/#organization\"},\"image\":{\"@id\":\"https:\\\/\\\/www.webdo.tn\\\/fr\\\/actualite\\\/national\\\/zied-el-heni-devant-la-justice-le-30-avril-renvoi-en-chambre-correctionnelle\\\/396891\\\/#primaryimage\"},\"thumbnailUrl\":\"https:\\\/\\\/www.webdo.tn\\\/fr\\\/wp-content\\\/uploads\\\/2026\\\/04\\\/zied-elheni.jpg\",\"keywords\":[\"justice\",\"Tunisie\",\"Zied El Heni\"],\"articleSection\":[\"\u00c9pingle\",\"National\"],\"inLanguage\":\"fr-FR\"},{\"@type\":\"WebPage\",\"@id\":\"https:\\\/\\\/www.webdo.tn\\\/fr\\\/actualite\\\/national\\\/zied-el-heni-devant-la-justice-le-30-avril-renvoi-en-chambre-correctionnelle\\\/396891\\\/\",\"url\":\"https:\\\/\\\/www.webdo.tn\\\/fr\\\/actualite\\\/national\\\/zied-el-heni-devant-la-justice-le-30-avril-renvoi-en-chambre-correctionnelle\\\/396891\\\/\",\"name\":\"Zied El Heni devant la justice le 30 avril : Renvoi en chambre correctionnelle - webdo\",\"isPartOf\":{\"@id\":\"https:\\\/\\\/www.webdo.tn\\\/fr\\\/#website\"},\"primaryImageOfPage\":{\"@id\":\"https:\\\/\\\/www.webdo.tn\\\/fr\\\/actualite\\\/national\\\/zied-el-heni-devant-la-justice-le-30-avril-renvoi-en-chambre-correctionnelle\\\/396891\\\/#primaryimage\"},\"image\":{\"@id\":\"https:\\\/\\\/www.webdo.tn\\\/fr\\\/actualite\\\/national\\\/zied-el-heni-devant-la-justice-le-30-avril-renvoi-en-chambre-correctionnelle\\\/396891\\\/#primaryimage\"},\"thumbnailUrl\":\"https:\\\/\\\/www.webdo.tn\\\/fr\\\/wp-content\\\/uploads\\\/2026\\\/04\\\/zied-elheni.jpg\",\"datePublished\":\"2026-04-27T07:57:08+00:00\",\"dateModified\":\"2026-04-27T08:04:15+00:00\",\"description\":\"Le journaliste Zied El Heni fait face \u00e0 des accusations li\u00e9es aux r\u00e9seaux de t\u00e9l\u00e9communications. Suivez le d\u00e9veloppement de cette affaire.\",\"breadcrumb\":{\"@id\":\"https:\\\/\\\/www.webdo.tn\\\/fr\\\/actualite\\\/national\\\/zied-el-heni-devant-la-justice-le-30-avril-renvoi-en-chambre-correctionnelle\\\/396891\\\/#breadcrumb\"},\"inLanguage\":\"fr-FR\",\"potentialAction\":[{\"@type\":\"ReadAction\",\"target\":[\"https:\\\/\\\/www.webdo.tn\\\/fr\\\/actualite\\\/national\\\/zied-el-heni-devant-la-justice-le-30-avril-renvoi-en-chambre-correctionnelle\\\/396891\\\/\"]}]},{\"@type\":\"ImageObject\",\"inLanguage\":\"fr-FR\",\"@id\":\"https:\\\/\\\/www.webdo.tn\\\/fr\\\/actualite\\\/national\\\/zied-el-heni-devant-la-justice-le-30-avril-renvoi-en-chambre-correctionnelle\\\/396891\\\/#primaryimage\",\"url\":\"https:\\\/\\\/www.webdo.tn\\\/fr\\\/wp-content\\\/uploads\\\/2026\\\/04\\\/zied-elheni.jpg\",\"contentUrl\":\"https:\\\/\\\/www.webdo.tn\\\/fr\\\/wp-content\\\/uploads\\\/2026\\\/04\\\/zied-elheni.jpg\",\"width\":1200,\"height\":602,\"caption\":\"Zied El Heni devant la justice le 30 avril : Renvoi en chambre correctionnelle\"},{\"@type\":\"BreadcrumbList\",\"@id\":\"https:\\\/\\\/www.webdo.tn\\\/fr\\\/actualite\\\/national\\\/zied-el-heni-devant-la-justice-le-30-avril-renvoi-en-chambre-correctionnelle\\\/396891\\\/#breadcrumb\",\"itemListElement\":[{\"@type\":\"ListItem\",\"position\":1,\"name\":\"Accueil\",\"item\":\"https:\\\/\\\/www.webdo.tn\\\/fr\\\/\"},{\"@type\":\"ListItem\",\"position\":2,\"name\":\"Zied El Heni devant la justice le 30 avril : Renvoi en chambre correctionnelle\"}]},{\"@type\":\"WebSite\",\"@id\":\"https:\\\/\\\/www.webdo.tn\\\/fr\\\/#website\",\"url\":\"https:\\\/\\\/www.webdo.tn\\\/fr\\\/\",\"name\":\"webdo\",\"description\":\"Tunisie - News en Tunisie et \u00e0 l&#039;international sur Webdo.tn\",\"publisher\":{\"@id\":\"https:\\\/\\\/www.webdo.tn\\\/fr\\\/#organization\"},\"potentialAction\":[{\"@type\":\"SearchAction\",\"target\":{\"@type\":\"EntryPoint\",\"urlTemplate\":\"https:\\\/\\\/www.webdo.tn\\\/fr\\\/?s={search_term_string}\"},\"query-input\":{\"@type\":\"PropertyValueSpecification\",\"valueRequired\":true,\"valueName\":\"search_term_string\"}}],\"inLanguage\":\"fr-FR\"},{\"@type\":\"Organization\",\"@id\":\"https:\\\/\\\/www.webdo.tn\\\/fr\\\/#organization\",\"name\":\"Webdo\",\"alternateName\":\"Webdo.tn\",\"url\":\"https:\\\/\\\/www.webdo.tn\\\/fr\\\/\",\"logo\":{\"@type\":\"ImageObject\",\"inLanguage\":\"fr-FR\",\"@id\":\"https:\\\/\\\/www.webdo.tn\\\/fr\\\/#\\\/schema\\\/logo\\\/image\\\/\",\"url\":\"https:\\\/\\\/www.webdo.tn\\\/fr\\\/wp-content\\\/uploads\\\/2025\\\/06\\\/Webdo-Tunisie_168377.jpg\",\"contentUrl\":\"https:\\\/\\\/www.webdo.tn\\\/fr\\\/wp-content\\\/uploads\\\/2025\\\/06\\\/Webdo-Tunisie_168377.jpg\",\"width\":301,\"height\":301,\"caption\":\"Webdo\"},\"image\":{\"@id\":\"https:\\\/\\\/www.webdo.tn\\\/fr\\\/#\\\/schema\\\/logo\\\/image\\\/\"},\"sameAs\":[\"https:\\\/\\\/www.facebook.com\\\/webdotn\",\"https:\\\/\\\/x.com\\\/webdo_tn\"],\"description\":\"Webdo est un m\u00e9dia num\u00e9rique tunisien fond\u00e9 en 2010, sp\u00e9cialis\u00e9 dans l\u2019actualit\u00e9 nationale et internationale, l\u2019\u00e9conomie, la soci\u00e9t\u00e9 et les analyses politiques. Le site s\u2019adresse \u00e0 un large public francophone et couvre l\u2019information tunisienne en temps r\u00e9el.\",\"email\":\"redac@webdo.tn\",\"legalName\":\"YNJ SARL\",\"foundingDate\":\"2010-09-06\",\"numberOfEmployees\":{\"@type\":\"QuantitativeValue\",\"minValue\":\"11\",\"maxValue\":\"50\"}},{\"@type\":\"Person\",\"@id\":\"https:\\\/\\\/www.webdo.tn\\\/fr\\\/#\\\/schema\\\/person\\\/16a4857e77dfc0b610c4c2cadffc9ac4\",\"name\":\"Mohamed Fethi\",\"image\":{\"@type\":\"ImageObject\",\"inLanguage\":\"fr-FR\",\"@id\":\"https:\\\/\\\/www.webdo.tn\\\/fr\\\/wp-content\\\/uploads\\\/2026\\\/04\\\/mohamed-fethi_avatar_1-96x96.jpg\",\"url\":\"https:\\\/\\\/www.webdo.tn\\\/fr\\\/wp-content\\\/uploads\\\/2026\\\/04\\\/mohamed-fethi_avatar_1-96x96.jpg\",\"contentUrl\":\"https:\\\/\\\/www.webdo.tn\\\/fr\\\/wp-content\\\/uploads\\\/2026\\\/04\\\/mohamed-fethi_avatar_1-96x96.jpg\",\"caption\":\"Mohamed Fethi\"},\"description\":\"Signature \u00e9ditoriale de Maher Chaabane Mohamed Fethi est le pseudonyme \u00e9ditorial de Maher Chaabane, r\u00e9dacteur en chef de Webdo.tn depuis 2012. Cette signature est d\u00e9di\u00e9e au traitement intensif de l'actualit\u00e9 nationale et internationale en temps r\u00e9el. S'appuyant sur les deux d\u00e9cennies d'expertise journalistique de Maher Chaabane \u2014 d\u00e9but\u00e9e au sein du groupe Tunis Hebdo en 2000 \u2014 Mohamed Fethi assure une veille rigoureuse sur les enjeux politiques, \u00e9conomiques et sportifs. Sa mission est de garantir une information structur\u00e9e, fluide et fid\u00e8le aux standards de la r\u00e9daction. Pour consulter le parcours complet du r\u00e9dacteur en chef, visitez le profil officiel de Maher Chaabane.\",\"knowsAbout\":[\"actualit\u00e9\",\"journalisme\",\"information\",\"politique\",\"sport\",\"m\u00e9dias\",\"actualit\u00e9 internationale\"],\"knowsLanguage\":[\"Fran\u00e7ais\",\"Arabe\"],\"jobTitle\":\"Journaliste \u2013 R\u00e9daction Webdo\",\"worksFor\":\"Webdo.tn\",\"url\":\"https:\\\/\\\/www.webdo.tn\\\/fr\\\/actualite\\\/author\\\/mohamed-fethi\\\/\"}]}<\/script>\n<!-- \/ Yoast SEO Premium plugin. -->","yoast_head_json":{"title":"Zied El Heni devant la justice le 30 avril : Renvoi en chambre correctionnelle - webdo","description":"Le journaliste Zied El Heni fait face \u00e0 des accusations li\u00e9es aux r\u00e9seaux de t\u00e9l\u00e9communications. Suivez le d\u00e9veloppement de cette affaire.","canonical":"https:\/\/www.webdo.tn\/fr\/actualite\/national\/zied-el-heni-devant-la-justice-le-30-avril-renvoi-en-chambre-correctionnelle\/396891\/","og_locale":"fr_FR","og_type":"article","og_title":"Zied El Heni devant la justice le 30 avril : Renvoi en chambre correctionnelle","og_description":"Le journaliste Zied El Heni fait face \u00e0 des accusations li\u00e9es aux r\u00e9seaux de t\u00e9l\u00e9communications. Suivez le d\u00e9veloppement de cette affaire.","og_url":"https:\/\/www.webdo.tn\/fr\/actualite\/national\/zied-el-heni-devant-la-justice-le-30-avril-renvoi-en-chambre-correctionnelle\/396891\/","og_site_name":"webdo","article_publisher":"https:\/\/www.facebook.com\/webdotn","article_published_time":"2026-04-27T07:57:08+00:00","article_modified_time":"2026-04-27T08:04:15+00:00","og_image":[{"width":1200,"height":602,"url":"https:\/\/www.webdo.tn\/fr\/wp-content\/uploads\/2026\/04\/zied-elheni.jpg","type":"image\/jpeg"}],"author":"Mohamed Fethi","twitter_card":"summary_large_image","twitter_creator":"@webdo_tn","twitter_site":"@webdo_tn","twitter_misc":{"\u00c9crit par":"Mohamed Fethi","Dur\u00e9e de lecture estim\u00e9e":"2 minutes"},"schema":{"@context":"https:\/\/schema.org","@graph":[{"@type":"NewsArticle","@id":"https:\/\/www.webdo.tn\/fr\/actualite\/national\/zied-el-heni-devant-la-justice-le-30-avril-renvoi-en-chambre-correctionnelle\/396891\/#article","isPartOf":{"@id":"https:\/\/www.webdo.tn\/fr\/actualite\/national\/zied-el-heni-devant-la-justice-le-30-avril-renvoi-en-chambre-correctionnelle\/396891\/"},"author":{"name":"Mohamed Fethi","@id":"https:\/\/www.webdo.tn\/fr\/#\/schema\/person\/16a4857e77dfc0b610c4c2cadffc9ac4"},"headline":"Zied El Heni devant la justice le 30 avril : Renvoi en chambre correctionnelle","datePublished":"2026-04-27T07:57:08+00:00","dateModified":"2026-04-27T08:04:15+00:00","mainEntityOfPage":{"@id":"https:\/\/www.webdo.tn\/fr\/actualite\/national\/zied-el-heni-devant-la-justice-le-30-avril-renvoi-en-chambre-correctionnelle\/396891\/"},"wordCount":243,"publisher":{"@id":"https:\/\/www.webdo.tn\/fr\/#organization"},"image":{"@id":"https:\/\/www.webdo.tn\/fr\/actualite\/national\/zied-el-heni-devant-la-justice-le-30-avril-renvoi-en-chambre-correctionnelle\/396891\/#primaryimage"},"thumbnailUrl":"https:\/\/www.webdo.tn\/fr\/wp-content\/uploads\/2026\/04\/zied-elheni.jpg","keywords":["justice","Tunisie","Zied El Heni"],"articleSection":["\u00c9pingle","National"],"inLanguage":"fr-FR"},{"@type":"WebPage","@id":"https:\/\/www.webdo.tn\/fr\/actualite\/national\/zied-el-heni-devant-la-justice-le-30-avril-renvoi-en-chambre-correctionnelle\/396891\/","url":"https:\/\/www.webdo.tn\/fr\/actualite\/national\/zied-el-heni-devant-la-justice-le-30-avril-renvoi-en-chambre-correctionnelle\/396891\/","name":"Zied El Heni devant la justice le 30 avril : Renvoi en chambre correctionnelle - webdo","isPartOf":{"@id":"https:\/\/www.webdo.tn\/fr\/#website"},"primaryImageOfPage":{"@id":"https:\/\/www.webdo.tn\/fr\/actualite\/national\/zied-el-heni-devant-la-justice-le-30-avril-renvoi-en-chambre-correctionnelle\/396891\/#primaryimage"},"image":{"@id":"https:\/\/www.webdo.tn\/fr\/actualite\/national\/zied-el-heni-devant-la-justice-le-30-avril-renvoi-en-chambre-correctionnelle\/396891\/#primaryimage"},"thumbnailUrl":"https:\/\/www.webdo.tn\/fr\/wp-content\/uploads\/2026\/04\/zied-elheni.jpg","datePublished":"2026-04-27T07:57:08+00:00","dateModified":"2026-04-27T08:04:15+00:00","description":"Le journaliste Zied El Heni fait face \u00e0 des accusations li\u00e9es aux r\u00e9seaux de t\u00e9l\u00e9communications. Suivez le d\u00e9veloppement de cette affaire.","breadcrumb":{"@id":"https:\/\/www.webdo.tn\/fr\/actualite\/national\/zied-el-heni-devant-la-justice-le-30-avril-renvoi-en-chambre-correctionnelle\/396891\/#breadcrumb"},"inLanguage":"fr-FR","potentialAction":[{"@type":"ReadAction","target":["https:\/\/www.webdo.tn\/fr\/actualite\/national\/zied-el-heni-devant-la-justice-le-30-avril-renvoi-en-chambre-correctionnelle\/396891\/"]}]},{"@type":"ImageObject","inLanguage":"fr-FR","@id":"https:\/\/www.webdo.tn\/fr\/actualite\/national\/zied-el-heni-devant-la-justice-le-30-avril-renvoi-en-chambre-correctionnelle\/396891\/#primaryimage","url":"https:\/\/www.webdo.tn\/fr\/wp-content\/uploads\/2026\/04\/zied-elheni.jpg","contentUrl":"https:\/\/www.webdo.tn\/fr\/wp-content\/uploads\/2026\/04\/zied-elheni.jpg","width":1200,"height":602,"caption":"Zied El Heni devant la justice le 30 avril : Renvoi en chambre correctionnelle"},{"@type":"BreadcrumbList","@id":"https:\/\/www.webdo.tn\/fr\/actualite\/national\/zied-el-heni-devant-la-justice-le-30-avril-renvoi-en-chambre-correctionnelle\/396891\/#breadcrumb","itemListElement":[{"@type":"ListItem","position":1,"name":"Accueil","item":"https:\/\/www.webdo.tn\/fr\/"},{"@type":"ListItem","position":2,"name":"Zied El Heni devant la justice le 30 avril : Renvoi en chambre correctionnelle"}]},{"@type":"WebSite","@id":"https:\/\/www.webdo.tn\/fr\/#website","url":"https:\/\/www.webdo.tn\/fr\/","name":"webdo","description":"Tunisie - News en Tunisie et \u00e0 l&#039;international sur Webdo.tn","publisher":{"@id":"https:\/\/www.webdo.tn\/fr\/#organization"},"potentialAction":[{"@type":"SearchAction","target":{"@type":"EntryPoint","urlTemplate":"https:\/\/www.webdo.tn\/fr\/?s={search_term_string}"},"query-input":{"@type":"PropertyValueSpecification","valueRequired":true,"valueName":"search_term_string"}}],"inLanguage":"fr-FR"},{"@type":"Organization","@id":"https:\/\/www.webdo.tn\/fr\/#organization","name":"Webdo","alternateName":"Webdo.tn","url":"https:\/\/www.webdo.tn\/fr\/","logo":{"@type":"ImageObject","inLanguage":"fr-FR","@id":"https:\/\/www.webdo.tn\/fr\/#\/schema\/logo\/image\/","url":"https:\/\/www.webdo.tn\/fr\/wp-content\/uploads\/2025\/06\/Webdo-Tunisie_168377.jpg","contentUrl":"https:\/\/www.webdo.tn\/fr\/wp-content\/uploads\/2025\/06\/Webdo-Tunisie_168377.jpg","width":301,"height":301,"caption":"Webdo"},"image":{"@id":"https:\/\/www.webdo.tn\/fr\/#\/schema\/logo\/image\/"},"sameAs":["https:\/\/www.facebook.com\/webdotn","https:\/\/x.com\/webdo_tn"],"description":"Webdo est un m\u00e9dia num\u00e9rique tunisien fond\u00e9 en 2010, sp\u00e9cialis\u00e9 dans l\u2019actualit\u00e9 nationale et internationale, l\u2019\u00e9conomie, la soci\u00e9t\u00e9 et les analyses politiques. Le site s\u2019adresse \u00e0 un large public francophone et couvre l\u2019information tunisienne en temps r\u00e9el.","email":"redac@webdo.tn","legalName":"YNJ SARL","foundingDate":"2010-09-06","numberOfEmployees":{"@type":"QuantitativeValue","minValue":"11","maxValue":"50"}},{"@type":"Person","@id":"https:\/\/www.webdo.tn\/fr\/#\/schema\/person\/16a4857e77dfc0b610c4c2cadffc9ac4","name":"Mohamed Fethi","image":{"@type":"ImageObject","inLanguage":"fr-FR","@id":"https:\/\/www.webdo.tn\/fr\/wp-content\/uploads\/2026\/04\/mohamed-fethi_avatar_1-96x96.jpg","url":"https:\/\/www.webdo.tn\/fr\/wp-content\/uploads\/2026\/04\/mohamed-fethi_avatar_1-96x96.jpg","contentUrl":"https:\/\/www.webdo.tn\/fr\/wp-content\/uploads\/2026\/04\/mohamed-fethi_avatar_1-96x96.jpg","caption":"Mohamed Fethi"},"description":"Signature \u00e9ditoriale de Maher Chaabane Mohamed Fethi est le pseudonyme \u00e9ditorial de Maher Chaabane, r\u00e9dacteur en chef de Webdo.tn depuis 2012. Cette signature est d\u00e9di\u00e9e au traitement intensif de l'actualit\u00e9 nationale et internationale en temps r\u00e9el. S'appuyant sur les deux d\u00e9cennies d'expertise journalistique de Maher Chaabane \u2014 d\u00e9but\u00e9e au sein du groupe Tunis Hebdo en 2000 \u2014 Mohamed Fethi assure une veille rigoureuse sur les enjeux politiques, \u00e9conomiques et sportifs. Sa mission est de garantir une information structur\u00e9e, fluide et fid\u00e8le aux standards de la r\u00e9daction. Pour consulter le parcours complet du r\u00e9dacteur en chef, visitez le profil officiel de Maher Chaabane.","knowsAbout":["actualit\u00e9","journalisme","information","politique","sport","m\u00e9dias","actualit\u00e9 internationale"],"knowsLanguage":["Fran\u00e7ais","Arabe"],"jobTitle":"Journaliste \u2013 R\u00e9daction Webdo","worksFor":"Webdo.tn","url":"https:\/\/www.webdo.tn\/fr\/actualite\/author\/mohamed-fethi\/"}]}},"_links":{"self":[{"href":"https:\/\/www.webdo.tn\/fr\/wp-json\/wp\/v2\/posts\/396891","targetHints":{"allow":["GET"]}}],"collection":[{"href":"https:\/\/www.webdo.tn\/fr\/wp-json\/wp\/v2\/posts"}],"about":[{"href":"https:\/\/www.webdo.tn\/fr\/wp-json\/wp\/v2\/types\/post"}],"author":[{"embeddable":true,"href":"https:\/\/www.webdo.tn\/fr\/wp-json\/wp\/v2\/users\/4782"}],"replies":[{"embeddable":true,"href":"https:\/\/www.webdo.tn\/fr\/wp-json\/wp\/v2\/comments?post=396891"}],"version-history":[{"count":1,"href":"https:\/\/www.webdo.tn\/fr\/wp-json\/wp\/v2\/posts\/396891\/revisions"}],"predecessor-version":[{"id":396892,"href":"https:\/\/www.webdo.tn\/fr\/wp-json\/wp\/v2\/posts\/396891\/revisions\/396892"}],"wp:featuredmedia":[{"embeddable":true,"href":"https:\/\/www.webdo.tn\/fr\/wp-json\/wp\/v2\/media\/396893"}],"wp:attachment":[{"href":"https:\/\/www.webdo.tn\/fr\/wp-json\/wp\/v2\/media?parent=396891"}],"wp:term":[{"taxonomy":"category","embeddable":true,"href":"https:\/\/www.webdo.tn\/fr\/wp-json\/wp\/v2\/categories?post=396891"},{"taxonomy":"post_tag","embeddable":true,"href":"https:\/\/www.webdo.tn\/fr\/wp-json\/wp\/v2\/tags?post=396891"}],"curies":[{"name":"wp","href":"https:\/\/api.w.org\/{rel}","templated":true}]}}