{"id":396888,"date":"2026-04-27T08:45:06","date_gmt":"2026-04-27T07:45:06","guid":{"rendered":"https:\/\/www.webdo.tn\/fr\/?p=396888"},"modified":"2026-04-27T08:45:07","modified_gmt":"2026-04-27T07:45:07","slug":"transport-la-greve-des-taxis-suspendue-apres-des-engagements-du-gouvernement","status":"publish","type":"post","link":"https:\/\/www.webdo.tn\/fr\/actualite\/national\/transport-la-greve-des-taxis-suspendue-apres-des-engagements-du-gouvernement\/396888\/","title":{"rendered":"Transport : La gr\u00e8ve des taxis suspendue apr\u00e8s des engagements du gouvernement"},"content":{"rendered":"\n<p><strong>La gr\u00e8ve pr\u00e9vue ce lundi 27 avril dans le secteur du transport public non r\u00e9gulier de personnes a \u00e9t\u00e9 suspendue en Tunisie. L\u2019annonce a \u00e9t\u00e9 faite tard dimanche soir par Union tunisienne de l\u2019industrie, du commerce et de l\u2019artisanat. Cette d\u00e9cision intervient apr\u00e8s une s\u00e9rie de concertations avec les repr\u00e9sentants du secteur et des engagements officiels pour r\u00e9soudre les points de blocage d\u2019ici fin ao\u00fbt 2026.<\/strong><\/p>\n\n\n\n<h2 class=\"wp-block-heading\" id=\"h-suspension-actee-apres-des-negociations-de-derniere-minute\">Suspension act\u00e9e apr\u00e8s des n\u00e9gociations de derni\u00e8re minute<\/h2>\n\n\n\n<p>Selon le communiqu\u00e9, cette suspension fait suite \u00e0 l\u2019intervention conjointe de la direction de l\u2019organisation patronale et de la F\u00e9d\u00e9ration nationale du transport, en coordination avec les structures syndicales affili\u00e9es. Les discussions ont permis d\u2019arracher des engagements portant sur l\u2019examen des dossiers en suspens, avec un d\u00e9lai maximal fix\u00e9 au 31 ao\u00fbt 2026 pour leur mise en \u0153uvre.<\/p>\n\n\n\n<p>Parmi les points sensibles figurent plusieurs revendications professionnelles rest\u00e9es sans r\u00e9ponse, ce qui avait initialement conduit \u00e0 l\u2019appel \u00e0 la gr\u00e8ve dans ce secteur cl\u00e9 du transport de personnes.<\/p>\n\n\n\n<h2 class=\"wp-block-heading\" id=\"h-hausse-tarifaire-attendue-et-reformes-reglementaires\">Hausse tarifaire attendue et r\u00e9formes r\u00e9glementaires<\/h2>\n\n\n\n<p>Le communiqu\u00e9 souligne \u00e9galement qu\u2019un accord a \u00e9t\u00e9 trouv\u00e9 pour traiter la question de l\u2019augmentation des tarifs au cours du mois de juin 2026, en concertation avec les professionnels. Cette hausse avait d\u00e9j\u00e0 \u00e9t\u00e9 promise pour fin mars, sans \u00eatre appliqu\u00e9e.<\/p>\n\n\n\n<p>Parall\u00e8lement, les n\u00e9gociations se poursuivent avec le minist\u00e8re des Transports afin de trancher plusieurs dossiers r\u00e9glementaires. Il s\u2019agit notamment de fixer une \u00e9ch\u00e9ance pour la publication de la version d\u00e9finitive de la loi n\u00b033 de 2024, apr\u00e8s consultation des repr\u00e9sentants du secteur.<\/p>\n\n\n\n<h2 class=\"wp-block-heading\" id=\"h-calendrier-de-reformes-et-textes-en-attente\">Calendrier de r\u00e9formes et textes en attente<\/h2>\n\n\n\n<p>Les engagements incluent aussi l\u2019\u00e9laboration d\u2019un calendrier pour amender et finaliser le d\u00e9cret n\u00b0581 du 7 septembre 2023, ainsi que la mise au point d\u2019un r\u00e8glement encadrant l\u2019activit\u00e9 des transporteurs dans les stations, avec l\u2019implication directe des professionnels.<\/p>\n\n\n\n<p>Enfin, le dossier pr\u00e9voit \u00e9galement la r\u00e9vision de l\u2019arr\u00eat\u00e9 du ministre du Transport datant du 22 janvier 2010, dans un d\u00e9lai qui reste \u00e0 pr\u00e9ciser.<\/p>\n\n\n\n<p>Cette suspension intervient dans un climat de tensions r\u00e9currentes entre les professionnels du transport non r\u00e9gulier et les autorit\u00e9s, sur fond de revendications li\u00e9es aux conditions d\u2019exercice, \u00e0 la tarification et \u00e0 la mise \u00e0 jour du cadre juridique r\u00e9gissant le secteur.<\/p>\n\n\n\n<blockquote class=\"wp-block-quote is-layout-flow wp-block-quote-is-layout-flow\">\n<ul class=\"wp-block-list\">\n<li class=\"has-medium-font-size\"><strong>Lire aussi : <\/strong><a href=\"https:\/\/www.webdo.tn\/fr\/actualite\/national\/transport-greve-generale-des-taxis-lundi-27-avril\/396854\/\">Transport\u00a0: Gr\u00e8ve g\u00e9n\u00e9rale des taxis, lundi 27 avril<\/a><\/li>\n<\/ul>\n<\/blockquote>\n","protected":false},"excerpt":{"rendered":"<p>La gr\u00e8ve pr\u00e9vue ce lundi 27 avril dans le secteur du transport public non r\u00e9gulier de personnes a \u00e9t\u00e9 suspendue en Tunisie. L\u2019annonce a \u00e9t\u00e9 faite tard dimanche soir par Union tunisienne de l\u2019industrie, du commerce et de l\u2019artisanat. Cette d\u00e9cision intervient apr\u00e8s une s\u00e9rie de concertations avec les repr\u00e9sentants du secteur et des engagements [&hellip;]<\/p>\n","protected":false},"author":4782,"featured_media":396525,"comment_status":"closed","ping_status":"closed","sticky":false,"template":"","format":"standard","meta":{"footnotes":""},"categories":[13163,44],"tags":[2647,3411,2818,2608],"class_list":["post-396888","post","type-post","status-publish","format-standard","has-post-thumbnail","hentry","category-epingle","category-national","tag-greve","tag-taxis","tag-transport","tag-tunisie"],"yoast_head":"<!-- This site is optimized with the Yoast SEO Premium plugin v27.4 (Yoast SEO v27.4) - https:\/\/yoast.com\/product\/yoast-seo-premium-wordpress\/ -->\n<title>Transport : La gr\u00e8ve des taxis suspendue apr\u00e8s des engagements du gouvernement - webdo<\/title>\n<meta name=\"description\" content=\"La gr\u00e8ve des taxis ne se d\u00e9roulera finalement pas. D\u00e9couvrez les engagements pris pour r\u00e9soudre les probl\u00e8mes du secteur.\" \/>\n<link rel=\"canonical\" href=\"https:\/\/www.webdo.tn\/fr\/actualite\/national\/transport-la-greve-des-taxis-suspendue-apres-des-engagements-du-gouvernement\/396888\/\" \/>\n<meta property=\"og:locale\" content=\"fr_FR\" \/>\n<meta property=\"og:type\" content=\"article\" \/>\n<meta property=\"og:title\" content=\"Transport : La gr\u00e8ve des taxis suspendue apr\u00e8s des engagements du gouvernement\" \/>\n<meta property=\"og:description\" content=\"La gr\u00e8ve des taxis ne se d\u00e9roulera finalement pas. D\u00e9couvrez les engagements pris pour r\u00e9soudre les probl\u00e8mes du secteur.\" \/>\n<meta property=\"og:url\" content=\"https:\/\/www.webdo.tn\/fr\/actualite\/national\/transport-la-greve-des-taxis-suspendue-apres-des-engagements-du-gouvernement\/396888\/\" \/>\n<meta property=\"og:site_name\" content=\"webdo\" \/>\n<meta property=\"article:publisher\" content=\"https:\/\/www.facebook.com\/webdotn\" \/>\n<meta property=\"article:published_time\" content=\"2026-04-27T07:45:06+00:00\" \/>\n<meta property=\"article:modified_time\" content=\"2026-04-27T07:45:07+00:00\" \/>\n<meta property=\"og:image\" content=\"https:\/\/www.webdo.tn\/fr\/wp-content\/uploads\/2026\/04\/taxi.jpg\" \/>\n\t<meta property=\"og:image:width\" content=\"1200\" \/>\n\t<meta property=\"og:image:height\" content=\"600\" \/>\n\t<meta property=\"og:image:type\" content=\"image\/jpeg\" \/>\n<meta name=\"author\" content=\"Mohamed Fethi\" \/>\n<meta name=\"twitter:card\" content=\"summary_large_image\" \/>\n<meta name=\"twitter:creator\" content=\"@webdo_tn\" \/>\n<meta name=\"twitter:site\" content=\"@webdo_tn\" \/>\n<meta name=\"twitter:label1\" content=\"\u00c9crit par\" \/>\n\t<meta name=\"twitter:data1\" content=\"Mohamed Fethi\" \/>\n\t<meta name=\"twitter:label2\" content=\"Dur\u00e9e de lecture estim\u00e9e\" \/>\n\t<meta name=\"twitter:data2\" content=\"3 minutes\" \/>\n<script type=\"application\/ld+json\" class=\"yoast-schema-graph\">{\"@context\":\"https:\\\/\\\/schema.org\",\"@graph\":[{\"@type\":\"NewsArticle\",\"@id\":\"https:\\\/\\\/www.webdo.tn\\\/fr\\\/actualite\\\/national\\\/transport-la-greve-des-taxis-suspendue-apres-des-engagements-du-gouvernement\\\/396888\\\/#article\",\"isPartOf\":{\"@id\":\"https:\\\/\\\/www.webdo.tn\\\/fr\\\/actualite\\\/national\\\/transport-la-greve-des-taxis-suspendue-apres-des-engagements-du-gouvernement\\\/396888\\\/\"},\"author\":{\"name\":\"Mohamed Fethi\",\"@id\":\"https:\\\/\\\/www.webdo.tn\\\/fr\\\/#\\\/schema\\\/person\\\/16a4857e77dfc0b610c4c2cadffc9ac4\"},\"headline\":\"Transport : La gr\u00e8ve des taxis suspendue apr\u00e8s des engagements du gouvernement\",\"datePublished\":\"2026-04-27T07:45:06+00:00\",\"dateModified\":\"2026-04-27T07:45:07+00:00\",\"mainEntityOfPage\":{\"@id\":\"https:\\\/\\\/www.webdo.tn\\\/fr\\\/actualite\\\/national\\\/transport-la-greve-des-taxis-suspendue-apres-des-engagements-du-gouvernement\\\/396888\\\/\"},\"wordCount\":435,\"publisher\":{\"@id\":\"https:\\\/\\\/www.webdo.tn\\\/fr\\\/#organization\"},\"image\":{\"@id\":\"https:\\\/\\\/www.webdo.tn\\\/fr\\\/actualite\\\/national\\\/transport-la-greve-des-taxis-suspendue-apres-des-engagements-du-gouvernement\\\/396888\\\/#primaryimage\"},\"thumbnailUrl\":\"https:\\\/\\\/www.webdo.tn\\\/fr\\\/wp-content\\\/uploads\\\/2026\\\/04\\\/taxi.jpg\",\"keywords\":[\"Gr\u00e8ve\",\"taxis\",\"Transport\",\"Tunisie\"],\"articleSection\":[\"\u00c9pingle\",\"National\"],\"inLanguage\":\"fr-FR\"},{\"@type\":\"WebPage\",\"@id\":\"https:\\\/\\\/www.webdo.tn\\\/fr\\\/actualite\\\/national\\\/transport-la-greve-des-taxis-suspendue-apres-des-engagements-du-gouvernement\\\/396888\\\/\",\"url\":\"https:\\\/\\\/www.webdo.tn\\\/fr\\\/actualite\\\/national\\\/transport-la-greve-des-taxis-suspendue-apres-des-engagements-du-gouvernement\\\/396888\\\/\",\"name\":\"Transport : La gr\u00e8ve des taxis suspendue apr\u00e8s des engagements du gouvernement - webdo\",\"isPartOf\":{\"@id\":\"https:\\\/\\\/www.webdo.tn\\\/fr\\\/#website\"},\"primaryImageOfPage\":{\"@id\":\"https:\\\/\\\/www.webdo.tn\\\/fr\\\/actualite\\\/national\\\/transport-la-greve-des-taxis-suspendue-apres-des-engagements-du-gouvernement\\\/396888\\\/#primaryimage\"},\"image\":{\"@id\":\"https:\\\/\\\/www.webdo.tn\\\/fr\\\/actualite\\\/national\\\/transport-la-greve-des-taxis-suspendue-apres-des-engagements-du-gouvernement\\\/396888\\\/#primaryimage\"},\"thumbnailUrl\":\"https:\\\/\\\/www.webdo.tn\\\/fr\\\/wp-content\\\/uploads\\\/2026\\\/04\\\/taxi.jpg\",\"datePublished\":\"2026-04-27T07:45:06+00:00\",\"dateModified\":\"2026-04-27T07:45:07+00:00\",\"description\":\"La gr\u00e8ve des taxis ne se d\u00e9roulera finalement pas. D\u00e9couvrez les engagements pris pour r\u00e9soudre les probl\u00e8mes du secteur.\",\"breadcrumb\":{\"@id\":\"https:\\\/\\\/www.webdo.tn\\\/fr\\\/actualite\\\/national\\\/transport-la-greve-des-taxis-suspendue-apres-des-engagements-du-gouvernement\\\/396888\\\/#breadcrumb\"},\"inLanguage\":\"fr-FR\",\"potentialAction\":[{\"@type\":\"ReadAction\",\"target\":[\"https:\\\/\\\/www.webdo.tn\\\/fr\\\/actualite\\\/national\\\/transport-la-greve-des-taxis-suspendue-apres-des-engagements-du-gouvernement\\\/396888\\\/\"]}]},{\"@type\":\"ImageObject\",\"inLanguage\":\"fr-FR\",\"@id\":\"https:\\\/\\\/www.webdo.tn\\\/fr\\\/actualite\\\/national\\\/transport-la-greve-des-taxis-suspendue-apres-des-engagements-du-gouvernement\\\/396888\\\/#primaryimage\",\"url\":\"https:\\\/\\\/www.webdo.tn\\\/fr\\\/wp-content\\\/uploads\\\/2026\\\/04\\\/taxi.jpg\",\"contentUrl\":\"https:\\\/\\\/www.webdo.tn\\\/fr\\\/wp-content\\\/uploads\\\/2026\\\/04\\\/taxi.jpg\",\"width\":1200,\"height\":600,\"caption\":\"Transport : La gr\u00e8ve des taxis suspendue apr\u00e8s des engagements du gouvernement\"},{\"@type\":\"BreadcrumbList\",\"@id\":\"https:\\\/\\\/www.webdo.tn\\\/fr\\\/actualite\\\/national\\\/transport-la-greve-des-taxis-suspendue-apres-des-engagements-du-gouvernement\\\/396888\\\/#breadcrumb\",\"itemListElement\":[{\"@type\":\"ListItem\",\"position\":1,\"name\":\"Accueil\",\"item\":\"https:\\\/\\\/www.webdo.tn\\\/fr\\\/\"},{\"@type\":\"ListItem\",\"position\":2,\"name\":\"Transport : La gr\u00e8ve des taxis suspendue apr\u00e8s des engagements du gouvernement\"}]},{\"@type\":\"WebSite\",\"@id\":\"https:\\\/\\\/www.webdo.tn\\\/fr\\\/#website\",\"url\":\"https:\\\/\\\/www.webdo.tn\\\/fr\\\/\",\"name\":\"webdo\",\"description\":\"Tunisie - News en Tunisie et \u00e0 l&#039;international sur Webdo.tn\",\"publisher\":{\"@id\":\"https:\\\/\\\/www.webdo.tn\\\/fr\\\/#organization\"},\"potentialAction\":[{\"@type\":\"SearchAction\",\"target\":{\"@type\":\"EntryPoint\",\"urlTemplate\":\"https:\\\/\\\/www.webdo.tn\\\/fr\\\/?s={search_term_string}\"},\"query-input\":{\"@type\":\"PropertyValueSpecification\",\"valueRequired\":true,\"valueName\":\"search_term_string\"}}],\"inLanguage\":\"fr-FR\"},{\"@type\":\"Organization\",\"@id\":\"https:\\\/\\\/www.webdo.tn\\\/fr\\\/#organization\",\"name\":\"Webdo\",\"alternateName\":\"Webdo.tn\",\"url\":\"https:\\\/\\\/www.webdo.tn\\\/fr\\\/\",\"logo\":{\"@type\":\"ImageObject\",\"inLanguage\":\"fr-FR\",\"@id\":\"https:\\\/\\\/www.webdo.tn\\\/fr\\\/#\\\/schema\\\/logo\\\/image\\\/\",\"url\":\"https:\\\/\\\/www.webdo.tn\\\/fr\\\/wp-content\\\/uploads\\\/2025\\\/06\\\/Webdo-Tunisie_168377.jpg\",\"contentUrl\":\"https:\\\/\\\/www.webdo.tn\\\/fr\\\/wp-content\\\/uploads\\\/2025\\\/06\\\/Webdo-Tunisie_168377.jpg\",\"width\":301,\"height\":301,\"caption\":\"Webdo\"},\"image\":{\"@id\":\"https:\\\/\\\/www.webdo.tn\\\/fr\\\/#\\\/schema\\\/logo\\\/image\\\/\"},\"sameAs\":[\"https:\\\/\\\/www.facebook.com\\\/webdotn\",\"https:\\\/\\\/x.com\\\/webdo_tn\"],\"description\":\"Webdo est un m\u00e9dia num\u00e9rique tunisien fond\u00e9 en 2010, sp\u00e9cialis\u00e9 dans l\u2019actualit\u00e9 nationale et internationale, l\u2019\u00e9conomie, la soci\u00e9t\u00e9 et les analyses politiques. Le site s\u2019adresse \u00e0 un large public francophone et couvre l\u2019information tunisienne en temps r\u00e9el.\",\"email\":\"redac@webdo.tn\",\"legalName\":\"YNJ SARL\",\"foundingDate\":\"2010-09-06\",\"numberOfEmployees\":{\"@type\":\"QuantitativeValue\",\"minValue\":\"11\",\"maxValue\":\"50\"}},{\"@type\":\"Person\",\"@id\":\"https:\\\/\\\/www.webdo.tn\\\/fr\\\/#\\\/schema\\\/person\\\/16a4857e77dfc0b610c4c2cadffc9ac4\",\"name\":\"Mohamed Fethi\",\"image\":{\"@type\":\"ImageObject\",\"inLanguage\":\"fr-FR\",\"@id\":\"https:\\\/\\\/www.webdo.tn\\\/fr\\\/wp-content\\\/uploads\\\/2026\\\/04\\\/mohamed-fethi_avatar_1-96x96.jpg\",\"url\":\"https:\\\/\\\/www.webdo.tn\\\/fr\\\/wp-content\\\/uploads\\\/2026\\\/04\\\/mohamed-fethi_avatar_1-96x96.jpg\",\"contentUrl\":\"https:\\\/\\\/www.webdo.tn\\\/fr\\\/wp-content\\\/uploads\\\/2026\\\/04\\\/mohamed-fethi_avatar_1-96x96.jpg\",\"caption\":\"Mohamed Fethi\"},\"description\":\"Signature \u00e9ditoriale de Maher Chaabane Mohamed Fethi est le pseudonyme \u00e9ditorial de Maher Chaabane, r\u00e9dacteur en chef de Webdo.tn depuis 2012. Cette signature est d\u00e9di\u00e9e au traitement intensif de l'actualit\u00e9 nationale et internationale en temps r\u00e9el. S'appuyant sur les deux d\u00e9cennies d'expertise journalistique de Maher Chaabane \u2014 d\u00e9but\u00e9e au sein du groupe Tunis Hebdo en 2000 \u2014 Mohamed Fethi assure une veille rigoureuse sur les enjeux politiques, \u00e9conomiques et sportifs. Sa mission est de garantir une information structur\u00e9e, fluide et fid\u00e8le aux standards de la r\u00e9daction. Pour consulter le parcours complet du r\u00e9dacteur en chef, visitez le profil officiel de Maher Chaabane.\",\"knowsAbout\":[\"actualit\u00e9\",\"journalisme\",\"information\",\"politique\",\"sport\",\"m\u00e9dias\",\"actualit\u00e9 internationale\"],\"knowsLanguage\":[\"Fran\u00e7ais\",\"Arabe\"],\"jobTitle\":\"Journaliste \u2013 R\u00e9daction Webdo\",\"worksFor\":\"Webdo.tn\",\"url\":\"https:\\\/\\\/www.webdo.tn\\\/fr\\\/actualite\\\/author\\\/mohamed-fethi\\\/\"}]}<\/script>\n<!-- \/ Yoast SEO Premium plugin. -->","yoast_head_json":{"title":"Transport : La gr\u00e8ve des taxis suspendue apr\u00e8s des engagements du gouvernement - webdo","description":"La gr\u00e8ve des taxis ne se d\u00e9roulera finalement pas. D\u00e9couvrez les engagements pris pour r\u00e9soudre les probl\u00e8mes du secteur.","canonical":"https:\/\/www.webdo.tn\/fr\/actualite\/national\/transport-la-greve-des-taxis-suspendue-apres-des-engagements-du-gouvernement\/396888\/","og_locale":"fr_FR","og_type":"article","og_title":"Transport : La gr\u00e8ve des taxis suspendue apr\u00e8s des engagements du gouvernement","og_description":"La gr\u00e8ve des taxis ne se d\u00e9roulera finalement pas. D\u00e9couvrez les engagements pris pour r\u00e9soudre les probl\u00e8mes du secteur.","og_url":"https:\/\/www.webdo.tn\/fr\/actualite\/national\/transport-la-greve-des-taxis-suspendue-apres-des-engagements-du-gouvernement\/396888\/","og_site_name":"webdo","article_publisher":"https:\/\/www.facebook.com\/webdotn","article_published_time":"2026-04-27T07:45:06+00:00","article_modified_time":"2026-04-27T07:45:07+00:00","og_image":[{"width":1200,"height":600,"url":"https:\/\/www.webdo.tn\/fr\/wp-content\/uploads\/2026\/04\/taxi.jpg","type":"image\/jpeg"}],"author":"Mohamed Fethi","twitter_card":"summary_large_image","twitter_creator":"@webdo_tn","twitter_site":"@webdo_tn","twitter_misc":{"\u00c9crit par":"Mohamed Fethi","Dur\u00e9e de lecture estim\u00e9e":"3 minutes"},"schema":{"@context":"https:\/\/schema.org","@graph":[{"@type":"NewsArticle","@id":"https:\/\/www.webdo.tn\/fr\/actualite\/national\/transport-la-greve-des-taxis-suspendue-apres-des-engagements-du-gouvernement\/396888\/#article","isPartOf":{"@id":"https:\/\/www.webdo.tn\/fr\/actualite\/national\/transport-la-greve-des-taxis-suspendue-apres-des-engagements-du-gouvernement\/396888\/"},"author":{"name":"Mohamed Fethi","@id":"https:\/\/www.webdo.tn\/fr\/#\/schema\/person\/16a4857e77dfc0b610c4c2cadffc9ac4"},"headline":"Transport : La gr\u00e8ve des taxis suspendue apr\u00e8s des engagements du gouvernement","datePublished":"2026-04-27T07:45:06+00:00","dateModified":"2026-04-27T07:45:07+00:00","mainEntityOfPage":{"@id":"https:\/\/www.webdo.tn\/fr\/actualite\/national\/transport-la-greve-des-taxis-suspendue-apres-des-engagements-du-gouvernement\/396888\/"},"wordCount":435,"publisher":{"@id":"https:\/\/www.webdo.tn\/fr\/#organization"},"image":{"@id":"https:\/\/www.webdo.tn\/fr\/actualite\/national\/transport-la-greve-des-taxis-suspendue-apres-des-engagements-du-gouvernement\/396888\/#primaryimage"},"thumbnailUrl":"https:\/\/www.webdo.tn\/fr\/wp-content\/uploads\/2026\/04\/taxi.jpg","keywords":["Gr\u00e8ve","taxis","Transport","Tunisie"],"articleSection":["\u00c9pingle","National"],"inLanguage":"fr-FR"},{"@type":"WebPage","@id":"https:\/\/www.webdo.tn\/fr\/actualite\/national\/transport-la-greve-des-taxis-suspendue-apres-des-engagements-du-gouvernement\/396888\/","url":"https:\/\/www.webdo.tn\/fr\/actualite\/national\/transport-la-greve-des-taxis-suspendue-apres-des-engagements-du-gouvernement\/396888\/","name":"Transport : La gr\u00e8ve des taxis suspendue apr\u00e8s des engagements du gouvernement - webdo","isPartOf":{"@id":"https:\/\/www.webdo.tn\/fr\/#website"},"primaryImageOfPage":{"@id":"https:\/\/www.webdo.tn\/fr\/actualite\/national\/transport-la-greve-des-taxis-suspendue-apres-des-engagements-du-gouvernement\/396888\/#primaryimage"},"image":{"@id":"https:\/\/www.webdo.tn\/fr\/actualite\/national\/transport-la-greve-des-taxis-suspendue-apres-des-engagements-du-gouvernement\/396888\/#primaryimage"},"thumbnailUrl":"https:\/\/www.webdo.tn\/fr\/wp-content\/uploads\/2026\/04\/taxi.jpg","datePublished":"2026-04-27T07:45:06+00:00","dateModified":"2026-04-27T07:45:07+00:00","description":"La gr\u00e8ve des taxis ne se d\u00e9roulera finalement pas. D\u00e9couvrez les engagements pris pour r\u00e9soudre les probl\u00e8mes du secteur.","breadcrumb":{"@id":"https:\/\/www.webdo.tn\/fr\/actualite\/national\/transport-la-greve-des-taxis-suspendue-apres-des-engagements-du-gouvernement\/396888\/#breadcrumb"},"inLanguage":"fr-FR","potentialAction":[{"@type":"ReadAction","target":["https:\/\/www.webdo.tn\/fr\/actualite\/national\/transport-la-greve-des-taxis-suspendue-apres-des-engagements-du-gouvernement\/396888\/"]}]},{"@type":"ImageObject","inLanguage":"fr-FR","@id":"https:\/\/www.webdo.tn\/fr\/actualite\/national\/transport-la-greve-des-taxis-suspendue-apres-des-engagements-du-gouvernement\/396888\/#primaryimage","url":"https:\/\/www.webdo.tn\/fr\/wp-content\/uploads\/2026\/04\/taxi.jpg","contentUrl":"https:\/\/www.webdo.tn\/fr\/wp-content\/uploads\/2026\/04\/taxi.jpg","width":1200,"height":600,"caption":"Transport : La gr\u00e8ve des taxis suspendue apr\u00e8s des engagements du gouvernement"},{"@type":"BreadcrumbList","@id":"https:\/\/www.webdo.tn\/fr\/actualite\/national\/transport-la-greve-des-taxis-suspendue-apres-des-engagements-du-gouvernement\/396888\/#breadcrumb","itemListElement":[{"@type":"ListItem","position":1,"name":"Accueil","item":"https:\/\/www.webdo.tn\/fr\/"},{"@type":"ListItem","position":2,"name":"Transport : La gr\u00e8ve des taxis suspendue apr\u00e8s des engagements du gouvernement"}]},{"@type":"WebSite","@id":"https:\/\/www.webdo.tn\/fr\/#website","url":"https:\/\/www.webdo.tn\/fr\/","name":"webdo","description":"Tunisie - News en Tunisie et \u00e0 l&#039;international sur Webdo.tn","publisher":{"@id":"https:\/\/www.webdo.tn\/fr\/#organization"},"potentialAction":[{"@type":"SearchAction","target":{"@type":"EntryPoint","urlTemplate":"https:\/\/www.webdo.tn\/fr\/?s={search_term_string}"},"query-input":{"@type":"PropertyValueSpecification","valueRequired":true,"valueName":"search_term_string"}}],"inLanguage":"fr-FR"},{"@type":"Organization","@id":"https:\/\/www.webdo.tn\/fr\/#organization","name":"Webdo","alternateName":"Webdo.tn","url":"https:\/\/www.webdo.tn\/fr\/","logo":{"@type":"ImageObject","inLanguage":"fr-FR","@id":"https:\/\/www.webdo.tn\/fr\/#\/schema\/logo\/image\/","url":"https:\/\/www.webdo.tn\/fr\/wp-content\/uploads\/2025\/06\/Webdo-Tunisie_168377.jpg","contentUrl":"https:\/\/www.webdo.tn\/fr\/wp-content\/uploads\/2025\/06\/Webdo-Tunisie_168377.jpg","width":301,"height":301,"caption":"Webdo"},"image":{"@id":"https:\/\/www.webdo.tn\/fr\/#\/schema\/logo\/image\/"},"sameAs":["https:\/\/www.facebook.com\/webdotn","https:\/\/x.com\/webdo_tn"],"description":"Webdo est un m\u00e9dia num\u00e9rique tunisien fond\u00e9 en 2010, sp\u00e9cialis\u00e9 dans l\u2019actualit\u00e9 nationale et internationale, l\u2019\u00e9conomie, la soci\u00e9t\u00e9 et les analyses politiques. Le site s\u2019adresse \u00e0 un large public francophone et couvre l\u2019information tunisienne en temps r\u00e9el.","email":"redac@webdo.tn","legalName":"YNJ SARL","foundingDate":"2010-09-06","numberOfEmployees":{"@type":"QuantitativeValue","minValue":"11","maxValue":"50"}},{"@type":"Person","@id":"https:\/\/www.webdo.tn\/fr\/#\/schema\/person\/16a4857e77dfc0b610c4c2cadffc9ac4","name":"Mohamed Fethi","image":{"@type":"ImageObject","inLanguage":"fr-FR","@id":"https:\/\/www.webdo.tn\/fr\/wp-content\/uploads\/2026\/04\/mohamed-fethi_avatar_1-96x96.jpg","url":"https:\/\/www.webdo.tn\/fr\/wp-content\/uploads\/2026\/04\/mohamed-fethi_avatar_1-96x96.jpg","contentUrl":"https:\/\/www.webdo.tn\/fr\/wp-content\/uploads\/2026\/04\/mohamed-fethi_avatar_1-96x96.jpg","caption":"Mohamed Fethi"},"description":"Signature \u00e9ditoriale de Maher Chaabane Mohamed Fethi est le pseudonyme \u00e9ditorial de Maher Chaabane, r\u00e9dacteur en chef de Webdo.tn depuis 2012. Cette signature est d\u00e9di\u00e9e au traitement intensif de l'actualit\u00e9 nationale et internationale en temps r\u00e9el. S'appuyant sur les deux d\u00e9cennies d'expertise journalistique de Maher Chaabane \u2014 d\u00e9but\u00e9e au sein du groupe Tunis Hebdo en 2000 \u2014 Mohamed Fethi assure une veille rigoureuse sur les enjeux politiques, \u00e9conomiques et sportifs. Sa mission est de garantir une information structur\u00e9e, fluide et fid\u00e8le aux standards de la r\u00e9daction. Pour consulter le parcours complet du r\u00e9dacteur en chef, visitez le profil officiel de Maher Chaabane.","knowsAbout":["actualit\u00e9","journalisme","information","politique","sport","m\u00e9dias","actualit\u00e9 internationale"],"knowsLanguage":["Fran\u00e7ais","Arabe"],"jobTitle":"Journaliste \u2013 R\u00e9daction Webdo","worksFor":"Webdo.tn","url":"https:\/\/www.webdo.tn\/fr\/actualite\/author\/mohamed-fethi\/"}]}},"_links":{"self":[{"href":"https:\/\/www.webdo.tn\/fr\/wp-json\/wp\/v2\/posts\/396888","targetHints":{"allow":["GET"]}}],"collection":[{"href":"https:\/\/www.webdo.tn\/fr\/wp-json\/wp\/v2\/posts"}],"about":[{"href":"https:\/\/www.webdo.tn\/fr\/wp-json\/wp\/v2\/types\/post"}],"author":[{"embeddable":true,"href":"https:\/\/www.webdo.tn\/fr\/wp-json\/wp\/v2\/users\/4782"}],"replies":[{"embeddable":true,"href":"https:\/\/www.webdo.tn\/fr\/wp-json\/wp\/v2\/comments?post=396888"}],"version-history":[{"count":1,"href":"https:\/\/www.webdo.tn\/fr\/wp-json\/wp\/v2\/posts\/396888\/revisions"}],"predecessor-version":[{"id":396889,"href":"https:\/\/www.webdo.tn\/fr\/wp-json\/wp\/v2\/posts\/396888\/revisions\/396889"}],"wp:featuredmedia":[{"embeddable":true,"href":"https:\/\/www.webdo.tn\/fr\/wp-json\/wp\/v2\/media\/396525"}],"wp:attachment":[{"href":"https:\/\/www.webdo.tn\/fr\/wp-json\/wp\/v2\/media?parent=396888"}],"wp:term":[{"taxonomy":"category","embeddable":true,"href":"https:\/\/www.webdo.tn\/fr\/wp-json\/wp\/v2\/categories?post=396888"},{"taxonomy":"post_tag","embeddable":true,"href":"https:\/\/www.webdo.tn\/fr\/wp-json\/wp\/v2\/tags?post=396888"}],"curies":[{"name":"wp","href":"https:\/\/api.w.org\/{rel}","templated":true}]}}