{"id":396883,"date":"2026-04-26T17:55:34","date_gmt":"2026-04-26T16:55:34","guid":{"rendered":"https:\/\/www.webdo.tn\/fr\/?p=396883"},"modified":"2026-04-26T17:56:54","modified_gmt":"2026-04-26T16:56:54","slug":"ligue-1-26eme-journee-le-club-africain-prend-les-commandes","status":"publish","type":"post","link":"https:\/\/www.webdo.tn\/fr\/actualite\/sport\/ligue-1-26eme-journee-le-club-africain-prend-les-commandes\/396883\/","title":{"rendered":"Ligue 1 | 26\u00e8me journ\u00e9e : Le Club Africain prend les commandes"},"content":{"rendered":"\n<p><strong>Le Club Africain a frapp\u00e9 fort ce dimanche en s\u2019imposant face \u00e0 la Jeunesse sportive kairouanaise (2-0), \u00e0 l\u2019occasion de la 26e journ\u00e9e de Ligue 1. Une victoire qui permet au club de Bab Jedid de s\u2019emparer seul de la t\u00eate du classement avec 58 points.<\/strong><\/p>\n\n\n\n<p>La rencontre a rapidement tourn\u00e9 \u00e0 l\u2019avantage des Clubistes gr\u00e2ce \u00e0 une ouverture du score pr\u00e9coce sign\u00e9e Hamza Khadhraoui d\u00e8s la 10e minute. Il a fallu attendre la fin de match pour voir Firas Chawat sceller d\u00e9finitivement le sort de la rencontre \u00e0 la 83e minute.<\/p>\n\n\n\n<p>Derri\u00e8re, la Esp\u00e9rance sportive de Tunis a laiss\u00e9 filer de pr\u00e9cieux points apr\u00e8s son nul (1-1) face au Club athl\u00e9tique bizertin au stade du 15-Octobre. Un r\u00e9sultat qui rel\u00e8gue les Sang et Or \u00e0 la deuxi\u00e8me place avec 56 points.<\/p>\n\n\n\n<p>Le Club sportif sfaxien reste en embuscade. Les Sfaxiens se sont impos\u00e9s (1-0) face au Stade tunisien gr\u00e2ce \u00e0 un penalty transform\u00e9 par Omar Ben Ali \u00e0 la 39e minute, consolidant leur troisi\u00e8me place avec 52 points.<\/p>\n\n\n\n<p><strong>Lire aussi :\u00a0<\/strong><a href=\"https:\/\/www.webdo.tn\/fr\/actualite\/sport\/sprint-final-en-vue-calendrier-charge-pour-la-fin-de-saison-du-football-tunisien\/396730\/\">Sprint final en vue : Calendrier charg\u00e9 pour la fin de saison du football tunisien<\/a><\/p>\n\n\n\n<p>\u00c0 noter \u00e9galement la victoire de l\u2019Esp\u00e9rance sportive de Tunis face \u00e0 l\u2019Olympique de B\u00e9ja (2-0), lui permettant de rester au contact du leader.<\/p>\n\n\n\n<p>Au classement, le Club Africain m\u00e8ne avec 58 points, suivi de l\u2019Esp\u00e9rance sportive de Tunis (56 points) et du Club sportif sfaxien (52 points). Plus loin, le Stade tunisien occupe la quatri\u00e8me place avec 44 points, devant l\u2019Union sportive monastirienne (39 points) et l\u2019\u00c9toile sportive du Sahel (38 points).<\/p>\n\n\n\n<p>En bas du tableau, la lutte pour le maintien reste intense, notamment pour l\u2019Avenir sportif de Gab\u00e8s, lanterne rouge avec 18 points, et l\u2019Avenir sportif de Soliman (20 points).<\/p>\n\n\n\n<p>\u00c0 quatre journ\u00e9es de la fin, la course au titre s\u2019annonce plus disput\u00e9e que jamais.<\/p>\n\n\n\n<h2 class=\"wp-block-heading\" id=\"h-resultats\">RESULTATS <\/h2>\n\n\n\n<ul class=\"wp-block-list\">\n<li>CS Sfaxien 1 \u2013 0 Stade Tunisien<\/li>\n\n\n\n<li>Club Africain 2 \u2013 0 JS Kairouan<\/li>\n\n\n\n<li>Zarzis 2 \u2013 0 Olympique B\u00e9ja<\/li>\n\n\n\n<li>CA Bizertin 1 \u2013 1 ES Tunis <\/li>\n<\/ul>\n\n\n\n<p> <\/p>\n\n\n\n<h2 class=\"wp-block-heading\" id=\"h-classement\">CLASSEMENT <\/h2>\n\n\n\n<p><\/p>\n\n\n\n<p>1-Club Africain (58 points)<br>2- Esp\u00e9rance de Tunis (56)<br>3-Club Sportif Sfaxien (52)<br>4-Stade Tunisien (44)<br>5-US Monastirienne (39)<br>6-Etoile du Sahel (38)<br>7-CA Bizertin (33)<br>8-ES M\u00e9tlaoui (33)<br>9-Esp\u00e9rance de Zarzis (33)<br>10-JS Omrane (32)<br>11-US Ben Guerdane (31)<br>12-AS Marsa (28)<br>13-Olympique de B\u00e9ja (25)<br>14-JS Kairouanaise (24)<br>15-AS Soliman (20)<br>16-AS Gab\u00e9s (18)<\/p>\n\n\n\n<p><\/p>\n","protected":false},"excerpt":{"rendered":"<p>Le Club Africain a frapp\u00e9 fort ce dimanche en s\u2019imposant face \u00e0 la Jeunesse sportive kairouanaise (2-0), \u00e0 l\u2019occasion de la 26e journ\u00e9e de Ligue 1. Une victoire qui permet au club de Bab Jedid de s\u2019emparer seul de la t\u00eate du classement avec 58 points. La rencontre a rapidement tourn\u00e9 \u00e0 l\u2019avantage des Clubistes [&hellip;]<\/p>\n","protected":false},"author":3184,"featured_media":396884,"comment_status":"closed","ping_status":"closed","sticky":false,"template":"","format":"standard","meta":{"footnotes":""},"categories":[13163,2593],"tags":[3101,2777,2608],"class_list":["post-396883","post","type-post","status-publish","format-standard","has-post-thumbnail","hentry","category-epingle","category-sport","tag-club-africain","tag-ligue-1","tag-tunisie"],"yoast_head":"<!-- This site is optimized with the Yoast SEO Premium plugin v27.4 (Yoast SEO v27.4) - https:\/\/yoast.com\/product\/yoast-seo-premium-wordpress\/ -->\n<title>Ligue 1 | 26\u00e8me journ\u00e9e : Le Club Africain prend les commandes - webdo<\/title>\n<meta name=\"description\" content=\"Le Club Africain s&#039;impose 2-0 contre la Jeunesse sportive kairouanaise et prend la t\u00eate du classement de Ligue 1.\" \/>\n<link rel=\"canonical\" href=\"https:\/\/www.webdo.tn\/fr\/actualite\/sport\/ligue-1-26eme-journee-le-club-africain-prend-les-commandes\/396883\/\" \/>\n<meta property=\"og:locale\" content=\"fr_FR\" \/>\n<meta property=\"og:type\" content=\"article\" \/>\n<meta property=\"og:title\" content=\"Ligue 1 | 26\u00e8me journ\u00e9e : Le Club Africain prend les commandes\" \/>\n<meta property=\"og:description\" content=\"Le Club Africain s&#039;impose 2-0 contre la Jeunesse sportive kairouanaise et prend la t\u00eate du classement de Ligue 1.\" \/>\n<meta property=\"og:url\" content=\"https:\/\/www.webdo.tn\/fr\/actualite\/sport\/ligue-1-26eme-journee-le-club-africain-prend-les-commandes\/396883\/\" \/>\n<meta property=\"og:site_name\" content=\"webdo\" \/>\n<meta property=\"article:publisher\" content=\"https:\/\/www.facebook.com\/webdotn\" \/>\n<meta property=\"article:published_time\" content=\"2026-04-26T16:55:34+00:00\" \/>\n<meta property=\"article:modified_time\" content=\"2026-04-26T16:56:54+00:00\" \/>\n<meta property=\"og:image\" content=\"https:\/\/www.webdo.tn\/fr\/wp-content\/uploads\/2026\/04\/club.jpg\" \/>\n\t<meta property=\"og:image:width\" content=\"1200\" \/>\n\t<meta property=\"og:image:height\" content=\"599\" \/>\n\t<meta property=\"og:image:type\" content=\"image\/jpeg\" \/>\n<meta name=\"author\" content=\"Wided Belhaj\" \/>\n<meta name=\"twitter:card\" content=\"summary_large_image\" \/>\n<meta name=\"twitter:creator\" content=\"@webdo_tn\" \/>\n<meta name=\"twitter:site\" content=\"@webdo_tn\" \/>\n<meta name=\"twitter:label1\" content=\"\u00c9crit par\" \/>\n\t<meta name=\"twitter:data1\" content=\"Wided Belhaj\" \/>\n\t<meta name=\"twitter:label2\" content=\"Dur\u00e9e de lecture estim\u00e9e\" \/>\n\t<meta name=\"twitter:data2\" content=\"3 minutes\" \/>\n<script type=\"application\/ld+json\" class=\"yoast-schema-graph\">{\"@context\":\"https:\\\/\\\/schema.org\",\"@graph\":[{\"@type\":\"NewsArticle\",\"@id\":\"https:\\\/\\\/www.webdo.tn\\\/fr\\\/actualite\\\/sport\\\/ligue-1-26eme-journee-le-club-africain-prend-les-commandes\\\/396883\\\/#article\",\"isPartOf\":{\"@id\":\"https:\\\/\\\/www.webdo.tn\\\/fr\\\/actualite\\\/sport\\\/ligue-1-26eme-journee-le-club-africain-prend-les-commandes\\\/396883\\\/\"},\"author\":{\"name\":\"Wided Belhaj\",\"@id\":\"https:\\\/\\\/www.webdo.tn\\\/fr\\\/#\\\/schema\\\/person\\\/b9ecde7a5574cb4fcf4b496ea5fadb15\"},\"headline\":\"Ligue 1 | 26\u00e8me journ\u00e9e : Le Club Africain prend les commandes\",\"datePublished\":\"2026-04-26T16:55:34+00:00\",\"dateModified\":\"2026-04-26T16:56:54+00:00\",\"mainEntityOfPage\":{\"@id\":\"https:\\\/\\\/www.webdo.tn\\\/fr\\\/actualite\\\/sport\\\/ligue-1-26eme-journee-le-club-africain-prend-les-commandes\\\/396883\\\/\"},\"wordCount\":390,\"publisher\":{\"@id\":\"https:\\\/\\\/www.webdo.tn\\\/fr\\\/#organization\"},\"image\":{\"@id\":\"https:\\\/\\\/www.webdo.tn\\\/fr\\\/actualite\\\/sport\\\/ligue-1-26eme-journee-le-club-africain-prend-les-commandes\\\/396883\\\/#primaryimage\"},\"thumbnailUrl\":\"https:\\\/\\\/www.webdo.tn\\\/fr\\\/wp-content\\\/uploads\\\/2026\\\/04\\\/club.jpg\",\"keywords\":[\"Club Africain\",\"Ligue 1\",\"Tunisie\"],\"articleSection\":[\"\u00c9pingle\",\"Sport\"],\"inLanguage\":\"fr-FR\"},{\"@type\":\"WebPage\",\"@id\":\"https:\\\/\\\/www.webdo.tn\\\/fr\\\/actualite\\\/sport\\\/ligue-1-26eme-journee-le-club-africain-prend-les-commandes\\\/396883\\\/\",\"url\":\"https:\\\/\\\/www.webdo.tn\\\/fr\\\/actualite\\\/sport\\\/ligue-1-26eme-journee-le-club-africain-prend-les-commandes\\\/396883\\\/\",\"name\":\"Ligue 1 | 26\u00e8me journ\u00e9e : Le Club Africain prend les commandes - webdo\",\"isPartOf\":{\"@id\":\"https:\\\/\\\/www.webdo.tn\\\/fr\\\/#website\"},\"primaryImageOfPage\":{\"@id\":\"https:\\\/\\\/www.webdo.tn\\\/fr\\\/actualite\\\/sport\\\/ligue-1-26eme-journee-le-club-africain-prend-les-commandes\\\/396883\\\/#primaryimage\"},\"image\":{\"@id\":\"https:\\\/\\\/www.webdo.tn\\\/fr\\\/actualite\\\/sport\\\/ligue-1-26eme-journee-le-club-africain-prend-les-commandes\\\/396883\\\/#primaryimage\"},\"thumbnailUrl\":\"https:\\\/\\\/www.webdo.tn\\\/fr\\\/wp-content\\\/uploads\\\/2026\\\/04\\\/club.jpg\",\"datePublished\":\"2026-04-26T16:55:34+00:00\",\"dateModified\":\"2026-04-26T16:56:54+00:00\",\"description\":\"Le Club Africain s'impose 2-0 contre la Jeunesse sportive kairouanaise et prend la t\u00eate du classement de Ligue 1.\",\"breadcrumb\":{\"@id\":\"https:\\\/\\\/www.webdo.tn\\\/fr\\\/actualite\\\/sport\\\/ligue-1-26eme-journee-le-club-africain-prend-les-commandes\\\/396883\\\/#breadcrumb\"},\"inLanguage\":\"fr-FR\",\"potentialAction\":[{\"@type\":\"ReadAction\",\"target\":[\"https:\\\/\\\/www.webdo.tn\\\/fr\\\/actualite\\\/sport\\\/ligue-1-26eme-journee-le-club-africain-prend-les-commandes\\\/396883\\\/\"]}]},{\"@type\":\"ImageObject\",\"inLanguage\":\"fr-FR\",\"@id\":\"https:\\\/\\\/www.webdo.tn\\\/fr\\\/actualite\\\/sport\\\/ligue-1-26eme-journee-le-club-africain-prend-les-commandes\\\/396883\\\/#primaryimage\",\"url\":\"https:\\\/\\\/www.webdo.tn\\\/fr\\\/wp-content\\\/uploads\\\/2026\\\/04\\\/club.jpg\",\"contentUrl\":\"https:\\\/\\\/www.webdo.tn\\\/fr\\\/wp-content\\\/uploads\\\/2026\\\/04\\\/club.jpg\",\"width\":1200,\"height\":599},{\"@type\":\"BreadcrumbList\",\"@id\":\"https:\\\/\\\/www.webdo.tn\\\/fr\\\/actualite\\\/sport\\\/ligue-1-26eme-journee-le-club-africain-prend-les-commandes\\\/396883\\\/#breadcrumb\",\"itemListElement\":[{\"@type\":\"ListItem\",\"position\":1,\"name\":\"Accueil\",\"item\":\"https:\\\/\\\/www.webdo.tn\\\/fr\\\/\"},{\"@type\":\"ListItem\",\"position\":2,\"name\":\"Ligue 1 | 26\u00e8me journ\u00e9e : Le Club Africain prend les commandes\"}]},{\"@type\":\"WebSite\",\"@id\":\"https:\\\/\\\/www.webdo.tn\\\/fr\\\/#website\",\"url\":\"https:\\\/\\\/www.webdo.tn\\\/fr\\\/\",\"name\":\"webdo\",\"description\":\"Tunisie - News en Tunisie et \u00e0 l&#039;international sur Webdo.tn\",\"publisher\":{\"@id\":\"https:\\\/\\\/www.webdo.tn\\\/fr\\\/#organization\"},\"potentialAction\":[{\"@type\":\"SearchAction\",\"target\":{\"@type\":\"EntryPoint\",\"urlTemplate\":\"https:\\\/\\\/www.webdo.tn\\\/fr\\\/?s={search_term_string}\"},\"query-input\":{\"@type\":\"PropertyValueSpecification\",\"valueRequired\":true,\"valueName\":\"search_term_string\"}}],\"inLanguage\":\"fr-FR\"},{\"@type\":\"Organization\",\"@id\":\"https:\\\/\\\/www.webdo.tn\\\/fr\\\/#organization\",\"name\":\"Webdo\",\"alternateName\":\"Webdo.tn\",\"url\":\"https:\\\/\\\/www.webdo.tn\\\/fr\\\/\",\"logo\":{\"@type\":\"ImageObject\",\"inLanguage\":\"fr-FR\",\"@id\":\"https:\\\/\\\/www.webdo.tn\\\/fr\\\/#\\\/schema\\\/logo\\\/image\\\/\",\"url\":\"https:\\\/\\\/www.webdo.tn\\\/fr\\\/wp-content\\\/uploads\\\/2025\\\/06\\\/Webdo-Tunisie_168377.jpg\",\"contentUrl\":\"https:\\\/\\\/www.webdo.tn\\\/fr\\\/wp-content\\\/uploads\\\/2025\\\/06\\\/Webdo-Tunisie_168377.jpg\",\"width\":301,\"height\":301,\"caption\":\"Webdo\"},\"image\":{\"@id\":\"https:\\\/\\\/www.webdo.tn\\\/fr\\\/#\\\/schema\\\/logo\\\/image\\\/\"},\"sameAs\":[\"https:\\\/\\\/www.facebook.com\\\/webdotn\",\"https:\\\/\\\/x.com\\\/webdo_tn\"],\"description\":\"Webdo est un m\u00e9dia num\u00e9rique tunisien fond\u00e9 en 2010, sp\u00e9cialis\u00e9 dans l\u2019actualit\u00e9 nationale et internationale, l\u2019\u00e9conomie, la soci\u00e9t\u00e9 et les analyses politiques. Le site s\u2019adresse \u00e0 un large public francophone et couvre l\u2019information tunisienne en temps r\u00e9el.\",\"email\":\"redac@webdo.tn\",\"legalName\":\"YNJ SARL\",\"foundingDate\":\"2010-09-06\",\"numberOfEmployees\":{\"@type\":\"QuantitativeValue\",\"minValue\":\"11\",\"maxValue\":\"50\"}},{\"@type\":\"Person\",\"@id\":\"https:\\\/\\\/www.webdo.tn\\\/fr\\\/#\\\/schema\\\/person\\\/b9ecde7a5574cb4fcf4b496ea5fadb15\",\"name\":\"Wided Belhaj\",\"image\":{\"@type\":\"ImageObject\",\"inLanguage\":\"fr-FR\",\"@id\":\"https:\\\/\\\/www.webdo.tn\\\/fr\\\/wp-content\\\/uploads\\\/2026\\\/04\\\/wided-belhaj_avatar-96x96.jpg\",\"url\":\"https:\\\/\\\/www.webdo.tn\\\/fr\\\/wp-content\\\/uploads\\\/2026\\\/04\\\/wided-belhaj_avatar-96x96.jpg\",\"contentUrl\":\"https:\\\/\\\/www.webdo.tn\\\/fr\\\/wp-content\\\/uploads\\\/2026\\\/04\\\/wided-belhaj_avatar-96x96.jpg\",\"caption\":\"Wided Belhaj\"},\"description\":\"Wided Belhaj est le pseudonyme \u00e9ditorial utilis\u00e9 par Khalil Jelassi, journaliste, ma\u00eetre-assistant \u00e0 l\u2019Institut de presse et des sciences de l\u2019information (IPSI) et chercheur en sciences de l\u2019information et de la communication. Cette signature est d\u00e9di\u00e9e \u00e0 l\u2019analyse des m\u00e9dias, des pratiques journalistiques et des mutations de l\u2019information \u00e0 l\u2019\u00e8re digitale. \u00c0 travers ses contributions, Wided Belhaj propose une lecture analytique de l\u2019actualit\u00e9, en croisant regard critique et expertise acad\u00e9mique.\",\"knowsAbout\":[\"m\u00e9dias\",\"journalisme\",\"communication\",\"information\",\"transformation num\u00e9rique\",\"analyse des m\u00e9dias\"],\"knowsLanguage\":[\"Fran\u00e7ais\",\"Arabe\"],\"jobTitle\":\"Webdo.tn\",\"worksFor\":\"Journaliste \u2013 Analyse des m\u00e9dias\",\"url\":\"https:\\\/\\\/www.webdo.tn\\\/fr\\\/actualite\\\/author\\\/wided-belhaj\\\/\"}]}<\/script>\n<!-- \/ Yoast SEO Premium plugin. -->","yoast_head_json":{"title":"Ligue 1 | 26\u00e8me journ\u00e9e : Le Club Africain prend les commandes - webdo","description":"Le Club Africain s'impose 2-0 contre la Jeunesse sportive kairouanaise et prend la t\u00eate du classement de Ligue 1.","canonical":"https:\/\/www.webdo.tn\/fr\/actualite\/sport\/ligue-1-26eme-journee-le-club-africain-prend-les-commandes\/396883\/","og_locale":"fr_FR","og_type":"article","og_title":"Ligue 1 | 26\u00e8me journ\u00e9e : Le Club Africain prend les commandes","og_description":"Le Club Africain s'impose 2-0 contre la Jeunesse sportive kairouanaise et prend la t\u00eate du classement de Ligue 1.","og_url":"https:\/\/www.webdo.tn\/fr\/actualite\/sport\/ligue-1-26eme-journee-le-club-africain-prend-les-commandes\/396883\/","og_site_name":"webdo","article_publisher":"https:\/\/www.facebook.com\/webdotn","article_published_time":"2026-04-26T16:55:34+00:00","article_modified_time":"2026-04-26T16:56:54+00:00","og_image":[{"width":1200,"height":599,"url":"https:\/\/www.webdo.tn\/fr\/wp-content\/uploads\/2026\/04\/club.jpg","type":"image\/jpeg"}],"author":"Wided Belhaj","twitter_card":"summary_large_image","twitter_creator":"@webdo_tn","twitter_site":"@webdo_tn","twitter_misc":{"\u00c9crit par":"Wided Belhaj","Dur\u00e9e de lecture estim\u00e9e":"3 minutes"},"schema":{"@context":"https:\/\/schema.org","@graph":[{"@type":"NewsArticle","@id":"https:\/\/www.webdo.tn\/fr\/actualite\/sport\/ligue-1-26eme-journee-le-club-africain-prend-les-commandes\/396883\/#article","isPartOf":{"@id":"https:\/\/www.webdo.tn\/fr\/actualite\/sport\/ligue-1-26eme-journee-le-club-africain-prend-les-commandes\/396883\/"},"author":{"name":"Wided Belhaj","@id":"https:\/\/www.webdo.tn\/fr\/#\/schema\/person\/b9ecde7a5574cb4fcf4b496ea5fadb15"},"headline":"Ligue 1 | 26\u00e8me journ\u00e9e : Le Club Africain prend les commandes","datePublished":"2026-04-26T16:55:34+00:00","dateModified":"2026-04-26T16:56:54+00:00","mainEntityOfPage":{"@id":"https:\/\/www.webdo.tn\/fr\/actualite\/sport\/ligue-1-26eme-journee-le-club-africain-prend-les-commandes\/396883\/"},"wordCount":390,"publisher":{"@id":"https:\/\/www.webdo.tn\/fr\/#organization"},"image":{"@id":"https:\/\/www.webdo.tn\/fr\/actualite\/sport\/ligue-1-26eme-journee-le-club-africain-prend-les-commandes\/396883\/#primaryimage"},"thumbnailUrl":"https:\/\/www.webdo.tn\/fr\/wp-content\/uploads\/2026\/04\/club.jpg","keywords":["Club Africain","Ligue 1","Tunisie"],"articleSection":["\u00c9pingle","Sport"],"inLanguage":"fr-FR"},{"@type":"WebPage","@id":"https:\/\/www.webdo.tn\/fr\/actualite\/sport\/ligue-1-26eme-journee-le-club-africain-prend-les-commandes\/396883\/","url":"https:\/\/www.webdo.tn\/fr\/actualite\/sport\/ligue-1-26eme-journee-le-club-africain-prend-les-commandes\/396883\/","name":"Ligue 1 | 26\u00e8me journ\u00e9e : Le Club Africain prend les commandes - webdo","isPartOf":{"@id":"https:\/\/www.webdo.tn\/fr\/#website"},"primaryImageOfPage":{"@id":"https:\/\/www.webdo.tn\/fr\/actualite\/sport\/ligue-1-26eme-journee-le-club-africain-prend-les-commandes\/396883\/#primaryimage"},"image":{"@id":"https:\/\/www.webdo.tn\/fr\/actualite\/sport\/ligue-1-26eme-journee-le-club-africain-prend-les-commandes\/396883\/#primaryimage"},"thumbnailUrl":"https:\/\/www.webdo.tn\/fr\/wp-content\/uploads\/2026\/04\/club.jpg","datePublished":"2026-04-26T16:55:34+00:00","dateModified":"2026-04-26T16:56:54+00:00","description":"Le Club Africain s'impose 2-0 contre la Jeunesse sportive kairouanaise et prend la t\u00eate du classement de Ligue 1.","breadcrumb":{"@id":"https:\/\/www.webdo.tn\/fr\/actualite\/sport\/ligue-1-26eme-journee-le-club-africain-prend-les-commandes\/396883\/#breadcrumb"},"inLanguage":"fr-FR","potentialAction":[{"@type":"ReadAction","target":["https:\/\/www.webdo.tn\/fr\/actualite\/sport\/ligue-1-26eme-journee-le-club-africain-prend-les-commandes\/396883\/"]}]},{"@type":"ImageObject","inLanguage":"fr-FR","@id":"https:\/\/www.webdo.tn\/fr\/actualite\/sport\/ligue-1-26eme-journee-le-club-africain-prend-les-commandes\/396883\/#primaryimage","url":"https:\/\/www.webdo.tn\/fr\/wp-content\/uploads\/2026\/04\/club.jpg","contentUrl":"https:\/\/www.webdo.tn\/fr\/wp-content\/uploads\/2026\/04\/club.jpg","width":1200,"height":599},{"@type":"BreadcrumbList","@id":"https:\/\/www.webdo.tn\/fr\/actualite\/sport\/ligue-1-26eme-journee-le-club-africain-prend-les-commandes\/396883\/#breadcrumb","itemListElement":[{"@type":"ListItem","position":1,"name":"Accueil","item":"https:\/\/www.webdo.tn\/fr\/"},{"@type":"ListItem","position":2,"name":"Ligue 1 | 26\u00e8me journ\u00e9e : Le Club Africain prend les commandes"}]},{"@type":"WebSite","@id":"https:\/\/www.webdo.tn\/fr\/#website","url":"https:\/\/www.webdo.tn\/fr\/","name":"webdo","description":"Tunisie - News en Tunisie et \u00e0 l&#039;international sur Webdo.tn","publisher":{"@id":"https:\/\/www.webdo.tn\/fr\/#organization"},"potentialAction":[{"@type":"SearchAction","target":{"@type":"EntryPoint","urlTemplate":"https:\/\/www.webdo.tn\/fr\/?s={search_term_string}"},"query-input":{"@type":"PropertyValueSpecification","valueRequired":true,"valueName":"search_term_string"}}],"inLanguage":"fr-FR"},{"@type":"Organization","@id":"https:\/\/www.webdo.tn\/fr\/#organization","name":"Webdo","alternateName":"Webdo.tn","url":"https:\/\/www.webdo.tn\/fr\/","logo":{"@type":"ImageObject","inLanguage":"fr-FR","@id":"https:\/\/www.webdo.tn\/fr\/#\/schema\/logo\/image\/","url":"https:\/\/www.webdo.tn\/fr\/wp-content\/uploads\/2025\/06\/Webdo-Tunisie_168377.jpg","contentUrl":"https:\/\/www.webdo.tn\/fr\/wp-content\/uploads\/2025\/06\/Webdo-Tunisie_168377.jpg","width":301,"height":301,"caption":"Webdo"},"image":{"@id":"https:\/\/www.webdo.tn\/fr\/#\/schema\/logo\/image\/"},"sameAs":["https:\/\/www.facebook.com\/webdotn","https:\/\/x.com\/webdo_tn"],"description":"Webdo est un m\u00e9dia num\u00e9rique tunisien fond\u00e9 en 2010, sp\u00e9cialis\u00e9 dans l\u2019actualit\u00e9 nationale et internationale, l\u2019\u00e9conomie, la soci\u00e9t\u00e9 et les analyses politiques. Le site s\u2019adresse \u00e0 un large public francophone et couvre l\u2019information tunisienne en temps r\u00e9el.","email":"redac@webdo.tn","legalName":"YNJ SARL","foundingDate":"2010-09-06","numberOfEmployees":{"@type":"QuantitativeValue","minValue":"11","maxValue":"50"}},{"@type":"Person","@id":"https:\/\/www.webdo.tn\/fr\/#\/schema\/person\/b9ecde7a5574cb4fcf4b496ea5fadb15","name":"Wided Belhaj","image":{"@type":"ImageObject","inLanguage":"fr-FR","@id":"https:\/\/www.webdo.tn\/fr\/wp-content\/uploads\/2026\/04\/wided-belhaj_avatar-96x96.jpg","url":"https:\/\/www.webdo.tn\/fr\/wp-content\/uploads\/2026\/04\/wided-belhaj_avatar-96x96.jpg","contentUrl":"https:\/\/www.webdo.tn\/fr\/wp-content\/uploads\/2026\/04\/wided-belhaj_avatar-96x96.jpg","caption":"Wided Belhaj"},"description":"Wided Belhaj est le pseudonyme \u00e9ditorial utilis\u00e9 par Khalil Jelassi, journaliste, ma\u00eetre-assistant \u00e0 l\u2019Institut de presse et des sciences de l\u2019information (IPSI) et chercheur en sciences de l\u2019information et de la communication. Cette signature est d\u00e9di\u00e9e \u00e0 l\u2019analyse des m\u00e9dias, des pratiques journalistiques et des mutations de l\u2019information \u00e0 l\u2019\u00e8re digitale. \u00c0 travers ses contributions, Wided Belhaj propose une lecture analytique de l\u2019actualit\u00e9, en croisant regard critique et expertise acad\u00e9mique.","knowsAbout":["m\u00e9dias","journalisme","communication","information","transformation num\u00e9rique","analyse des m\u00e9dias"],"knowsLanguage":["Fran\u00e7ais","Arabe"],"jobTitle":"Webdo.tn","worksFor":"Journaliste \u2013 Analyse des m\u00e9dias","url":"https:\/\/www.webdo.tn\/fr\/actualite\/author\/wided-belhaj\/"}]}},"_links":{"self":[{"href":"https:\/\/www.webdo.tn\/fr\/wp-json\/wp\/v2\/posts\/396883","targetHints":{"allow":["GET"]}}],"collection":[{"href":"https:\/\/www.webdo.tn\/fr\/wp-json\/wp\/v2\/posts"}],"about":[{"href":"https:\/\/www.webdo.tn\/fr\/wp-json\/wp\/v2\/types\/post"}],"author":[{"embeddable":true,"href":"https:\/\/www.webdo.tn\/fr\/wp-json\/wp\/v2\/users\/3184"}],"replies":[{"embeddable":true,"href":"https:\/\/www.webdo.tn\/fr\/wp-json\/wp\/v2\/comments?post=396883"}],"version-history":[{"count":2,"href":"https:\/\/www.webdo.tn\/fr\/wp-json\/wp\/v2\/posts\/396883\/revisions"}],"predecessor-version":[{"id":396886,"href":"https:\/\/www.webdo.tn\/fr\/wp-json\/wp\/v2\/posts\/396883\/revisions\/396886"}],"wp:featuredmedia":[{"embeddable":true,"href":"https:\/\/www.webdo.tn\/fr\/wp-json\/wp\/v2\/media\/396884"}],"wp:attachment":[{"href":"https:\/\/www.webdo.tn\/fr\/wp-json\/wp\/v2\/media?parent=396883"}],"wp:term":[{"taxonomy":"category","embeddable":true,"href":"https:\/\/www.webdo.tn\/fr\/wp-json\/wp\/v2\/categories?post=396883"},{"taxonomy":"post_tag","embeddable":true,"href":"https:\/\/www.webdo.tn\/fr\/wp-json\/wp\/v2\/tags?post=396883"}],"curies":[{"name":"wp","href":"https:\/\/api.w.org\/{rel}","templated":true}]}}