{"id":396879,"date":"2026-04-26T13:10:55","date_gmt":"2026-04-26T12:10:55","guid":{"rendered":"https:\/\/www.webdo.tn\/fr\/?p=396879"},"modified":"2026-04-26T13:12:16","modified_gmt":"2026-04-26T12:12:16","slug":"tunisie-mandat-de-depot-contre-le-journaliste-ziad-el-heni","status":"publish","type":"post","link":"https:\/\/www.webdo.tn\/fr\/actualite\/national\/tunisie-mandat-de-depot-contre-le-journaliste-ziad-el-heni\/396879\/","title":{"rendered":"Tunisie : Mandat de d\u00e9p\u00f4t contre le journaliste Zied El Heni"},"content":{"rendered":"\n<p><strong>La justice a ordonn\u00e9, dimanche 26 avril 2026, l\u2019\u00e9mission d\u2019un mandat de d\u00e9p\u00f4t \u00e0 l\u2019encontre du journaliste Ziad El Heni, dans l\u2019attente de sa comparution devant le tribunal. <\/strong><\/p>\n\n\n\n<p>La d\u00e9cision a \u00e9t\u00e9 prise par le minist\u00e8re public pr\u00e8s le tribunal de premi\u00e8re instance de Tunis, sur la base de l\u2019article 86 du Code des t\u00e9l\u00e9communications.<\/p>\n\n\n\n<h2 class=\"wp-block-heading\" id=\"h-ouverture-de-poursuites\">Ouverture de poursuites<\/h2>\n\n\n\n<p>Selon les d\u00e9clarations de l\u2019avocat Samir Dilou, cette mesure intervient apr\u00e8s l\u2019ouverture de poursuites pour des faits li\u00e9s \u00e0 l\u2019utilisation des r\u00e9seaux publics de communication, notamment pour \u00ab atteinte \u00e0 autrui \u00bb via ces plateformes.<\/p>\n\n\n\n<p class=\"has-medium-font-size\"><strong>Lire aussi :<\/strong> <a href=\"https:\/\/www.webdo.tn\/fr\/actualite\/national\/zied-el-heni-place-en-garde-a-vue-3\/396793\/\" type=\"link\" id=\"https:\/\/www.webdo.tn\/fr\/actualite\/national\/zied-el-heni-place-en-garde-a-vue-3\/396793\/\">Zied El Heni plac\u00e9 en garde \u00e0 vue<\/a><br><\/p>\n\n\n\n<p>Le journaliste avait d\u00e9j\u00e0 \u00e9t\u00e9 plac\u00e9 en garde \u00e0 vue sur d\u00e9cision du parquet, \u00e0 la suite de son audition vendredi dernier. Les poursuites engag\u00e9es s\u2019inscrivent dans le cadre des dispositions juridiques encadrant les infractions commises en ligne.<\/p>\n\n\n\n<p>L\u2019affaire reste en cours, dans l\u2019attente de la tenue du proc\u00e8s.<\/p>\n\n\n\n<p><\/p>\n","protected":false},"excerpt":{"rendered":"<p>La justice a ordonn\u00e9, dimanche 26 avril 2026, l\u2019\u00e9mission d\u2019un mandat de d\u00e9p\u00f4t \u00e0 l\u2019encontre du journaliste Ziad El Heni, dans l\u2019attente de sa comparution devant le tribunal. La d\u00e9cision a \u00e9t\u00e9 prise par le minist\u00e8re public pr\u00e8s le tribunal de premi\u00e8re instance de Tunis, sur la base de l\u2019article 86 du Code des t\u00e9l\u00e9communications. [&hellip;]<\/p>\n","protected":false},"author":3184,"featured_media":396746,"comment_status":"closed","ping_status":"closed","sticky":false,"template":"","format":"standard","meta":{"footnotes":""},"categories":[13163,44],"tags":[2608,14043],"class_list":["post-396879","post","type-post","status-publish","format-standard","has-post-thumbnail","hentry","category-epingle","category-national","tag-tunisie","tag-zied-el-heni-2"],"yoast_head":"<!-- This site is optimized with the Yoast SEO Premium plugin v27.4 (Yoast SEO v27.4) - https:\/\/yoast.com\/product\/yoast-seo-premium-wordpress\/ -->\n<title>Tunisie : Mandat de d\u00e9p\u00f4t contre le journaliste Zied El Heni - webdo<\/title>\n<meta name=\"description\" content=\"Le journaliste Zied El Heni fait l&#039;objet d&#039;un mandat de d\u00e9p\u00f4t. D\u00e9couvrez les derniers d\u00e9veloppements de cette affaire.\" \/>\n<link rel=\"canonical\" href=\"https:\/\/www.webdo.tn\/fr\/actualite\/national\/tunisie-mandat-de-depot-contre-le-journaliste-ziad-el-heni\/396879\/\" \/>\n<meta property=\"og:locale\" content=\"fr_FR\" \/>\n<meta property=\"og:type\" content=\"article\" \/>\n<meta property=\"og:title\" content=\"Tunisie : Mandat de d\u00e9p\u00f4t contre le journaliste Zied El Heni\" \/>\n<meta property=\"og:description\" content=\"Le journaliste Zied El Heni fait l&#039;objet d&#039;un mandat de d\u00e9p\u00f4t. D\u00e9couvrez les derniers d\u00e9veloppements de cette affaire.\" \/>\n<meta property=\"og:url\" content=\"https:\/\/www.webdo.tn\/fr\/actualite\/national\/tunisie-mandat-de-depot-contre-le-journaliste-ziad-el-heni\/396879\/\" \/>\n<meta property=\"og:site_name\" content=\"webdo\" \/>\n<meta property=\"article:publisher\" content=\"https:\/\/www.facebook.com\/webdotn\" \/>\n<meta property=\"article:published_time\" content=\"2026-04-26T12:10:55+00:00\" \/>\n<meta property=\"article:modified_time\" content=\"2026-04-26T12:12:16+00:00\" \/>\n<meta property=\"og:image\" content=\"https:\/\/www.webdo.tn\/fr\/wp-content\/uploads\/2026\/04\/zied-heni.jpg\" \/>\n\t<meta property=\"og:image:width\" content=\"1200\" \/>\n\t<meta property=\"og:image:height\" content=\"647\" \/>\n\t<meta property=\"og:image:type\" content=\"image\/jpeg\" \/>\n<meta name=\"author\" content=\"Wided Belhaj\" \/>\n<meta name=\"twitter:card\" content=\"summary_large_image\" \/>\n<meta name=\"twitter:creator\" content=\"@webdo_tn\" \/>\n<meta name=\"twitter:site\" content=\"@webdo_tn\" \/>\n<meta name=\"twitter:label1\" content=\"\u00c9crit par\" \/>\n\t<meta name=\"twitter:data1\" content=\"Wided Belhaj\" \/>\n\t<meta name=\"twitter:label2\" content=\"Dur\u00e9e de lecture estim\u00e9e\" \/>\n\t<meta name=\"twitter:data2\" content=\"1 minute\" \/>\n<script type=\"application\/ld+json\" class=\"yoast-schema-graph\">{\"@context\":\"https:\\\/\\\/schema.org\",\"@graph\":[{\"@type\":\"NewsArticle\",\"@id\":\"https:\\\/\\\/www.webdo.tn\\\/fr\\\/actualite\\\/national\\\/tunisie-mandat-de-depot-contre-le-journaliste-ziad-el-heni\\\/396879\\\/#article\",\"isPartOf\":{\"@id\":\"https:\\\/\\\/www.webdo.tn\\\/fr\\\/actualite\\\/national\\\/tunisie-mandat-de-depot-contre-le-journaliste-ziad-el-heni\\\/396879\\\/\"},\"author\":{\"name\":\"Wided Belhaj\",\"@id\":\"https:\\\/\\\/www.webdo.tn\\\/fr\\\/#\\\/schema\\\/person\\\/b9ecde7a5574cb4fcf4b496ea5fadb15\"},\"headline\":\"Tunisie : Mandat de d\u00e9p\u00f4t contre le journaliste Zied El Heni\",\"datePublished\":\"2026-04-26T12:10:55+00:00\",\"dateModified\":\"2026-04-26T12:12:16+00:00\",\"mainEntityOfPage\":{\"@id\":\"https:\\\/\\\/www.webdo.tn\\\/fr\\\/actualite\\\/national\\\/tunisie-mandat-de-depot-contre-le-journaliste-ziad-el-heni\\\/396879\\\/\"},\"wordCount\":180,\"publisher\":{\"@id\":\"https:\\\/\\\/www.webdo.tn\\\/fr\\\/#organization\"},\"image\":{\"@id\":\"https:\\\/\\\/www.webdo.tn\\\/fr\\\/actualite\\\/national\\\/tunisie-mandat-de-depot-contre-le-journaliste-ziad-el-heni\\\/396879\\\/#primaryimage\"},\"thumbnailUrl\":\"https:\\\/\\\/www.webdo.tn\\\/fr\\\/wp-content\\\/uploads\\\/2026\\\/04\\\/zied-heni.jpg\",\"keywords\":[\"Tunisie\",\"Zied El Heni\"],\"articleSection\":[\"\u00c9pingle\",\"National\"],\"inLanguage\":\"fr-FR\"},{\"@type\":\"WebPage\",\"@id\":\"https:\\\/\\\/www.webdo.tn\\\/fr\\\/actualite\\\/national\\\/tunisie-mandat-de-depot-contre-le-journaliste-ziad-el-heni\\\/396879\\\/\",\"url\":\"https:\\\/\\\/www.webdo.tn\\\/fr\\\/actualite\\\/national\\\/tunisie-mandat-de-depot-contre-le-journaliste-ziad-el-heni\\\/396879\\\/\",\"name\":\"Tunisie : Mandat de d\u00e9p\u00f4t contre le journaliste Zied El Heni - webdo\",\"isPartOf\":{\"@id\":\"https:\\\/\\\/www.webdo.tn\\\/fr\\\/#website\"},\"primaryImageOfPage\":{\"@id\":\"https:\\\/\\\/www.webdo.tn\\\/fr\\\/actualite\\\/national\\\/tunisie-mandat-de-depot-contre-le-journaliste-ziad-el-heni\\\/396879\\\/#primaryimage\"},\"image\":{\"@id\":\"https:\\\/\\\/www.webdo.tn\\\/fr\\\/actualite\\\/national\\\/tunisie-mandat-de-depot-contre-le-journaliste-ziad-el-heni\\\/396879\\\/#primaryimage\"},\"thumbnailUrl\":\"https:\\\/\\\/www.webdo.tn\\\/fr\\\/wp-content\\\/uploads\\\/2026\\\/04\\\/zied-heni.jpg\",\"datePublished\":\"2026-04-26T12:10:55+00:00\",\"dateModified\":\"2026-04-26T12:12:16+00:00\",\"description\":\"Le journaliste Zied El Heni fait l'objet d'un mandat de d\u00e9p\u00f4t. D\u00e9couvrez les derniers d\u00e9veloppements de cette affaire.\",\"breadcrumb\":{\"@id\":\"https:\\\/\\\/www.webdo.tn\\\/fr\\\/actualite\\\/national\\\/tunisie-mandat-de-depot-contre-le-journaliste-ziad-el-heni\\\/396879\\\/#breadcrumb\"},\"inLanguage\":\"fr-FR\",\"potentialAction\":[{\"@type\":\"ReadAction\",\"target\":[\"https:\\\/\\\/www.webdo.tn\\\/fr\\\/actualite\\\/national\\\/tunisie-mandat-de-depot-contre-le-journaliste-ziad-el-heni\\\/396879\\\/\"]}]},{\"@type\":\"ImageObject\",\"inLanguage\":\"fr-FR\",\"@id\":\"https:\\\/\\\/www.webdo.tn\\\/fr\\\/actualite\\\/national\\\/tunisie-mandat-de-depot-contre-le-journaliste-ziad-el-heni\\\/396879\\\/#primaryimage\",\"url\":\"https:\\\/\\\/www.webdo.tn\\\/fr\\\/wp-content\\\/uploads\\\/2026\\\/04\\\/zied-heni.jpg\",\"contentUrl\":\"https:\\\/\\\/www.webdo.tn\\\/fr\\\/wp-content\\\/uploads\\\/2026\\\/04\\\/zied-heni.jpg\",\"width\":1200,\"height\":647,\"caption\":\"Zied Heni\"},{\"@type\":\"BreadcrumbList\",\"@id\":\"https:\\\/\\\/www.webdo.tn\\\/fr\\\/actualite\\\/national\\\/tunisie-mandat-de-depot-contre-le-journaliste-ziad-el-heni\\\/396879\\\/#breadcrumb\",\"itemListElement\":[{\"@type\":\"ListItem\",\"position\":1,\"name\":\"Accueil\",\"item\":\"https:\\\/\\\/www.webdo.tn\\\/fr\\\/\"},{\"@type\":\"ListItem\",\"position\":2,\"name\":\"Tunisie : Mandat de d\u00e9p\u00f4t contre le journaliste Zied El Heni\"}]},{\"@type\":\"WebSite\",\"@id\":\"https:\\\/\\\/www.webdo.tn\\\/fr\\\/#website\",\"url\":\"https:\\\/\\\/www.webdo.tn\\\/fr\\\/\",\"name\":\"webdo\",\"description\":\"Tunisie - News en Tunisie et \u00e0 l&#039;international sur Webdo.tn\",\"publisher\":{\"@id\":\"https:\\\/\\\/www.webdo.tn\\\/fr\\\/#organization\"},\"potentialAction\":[{\"@type\":\"SearchAction\",\"target\":{\"@type\":\"EntryPoint\",\"urlTemplate\":\"https:\\\/\\\/www.webdo.tn\\\/fr\\\/?s={search_term_string}\"},\"query-input\":{\"@type\":\"PropertyValueSpecification\",\"valueRequired\":true,\"valueName\":\"search_term_string\"}}],\"inLanguage\":\"fr-FR\"},{\"@type\":\"Organization\",\"@id\":\"https:\\\/\\\/www.webdo.tn\\\/fr\\\/#organization\",\"name\":\"Webdo\",\"alternateName\":\"Webdo.tn\",\"url\":\"https:\\\/\\\/www.webdo.tn\\\/fr\\\/\",\"logo\":{\"@type\":\"ImageObject\",\"inLanguage\":\"fr-FR\",\"@id\":\"https:\\\/\\\/www.webdo.tn\\\/fr\\\/#\\\/schema\\\/logo\\\/image\\\/\",\"url\":\"https:\\\/\\\/www.webdo.tn\\\/fr\\\/wp-content\\\/uploads\\\/2025\\\/06\\\/Webdo-Tunisie_168377.jpg\",\"contentUrl\":\"https:\\\/\\\/www.webdo.tn\\\/fr\\\/wp-content\\\/uploads\\\/2025\\\/06\\\/Webdo-Tunisie_168377.jpg\",\"width\":301,\"height\":301,\"caption\":\"Webdo\"},\"image\":{\"@id\":\"https:\\\/\\\/www.webdo.tn\\\/fr\\\/#\\\/schema\\\/logo\\\/image\\\/\"},\"sameAs\":[\"https:\\\/\\\/www.facebook.com\\\/webdotn\",\"https:\\\/\\\/x.com\\\/webdo_tn\"],\"description\":\"Webdo est un m\u00e9dia num\u00e9rique tunisien fond\u00e9 en 2010, sp\u00e9cialis\u00e9 dans l\u2019actualit\u00e9 nationale et internationale, l\u2019\u00e9conomie, la soci\u00e9t\u00e9 et les analyses politiques. Le site s\u2019adresse \u00e0 un large public francophone et couvre l\u2019information tunisienne en temps r\u00e9el.\",\"email\":\"redac@webdo.tn\",\"legalName\":\"YNJ SARL\",\"foundingDate\":\"2010-09-06\",\"numberOfEmployees\":{\"@type\":\"QuantitativeValue\",\"minValue\":\"11\",\"maxValue\":\"50\"}},{\"@type\":\"Person\",\"@id\":\"https:\\\/\\\/www.webdo.tn\\\/fr\\\/#\\\/schema\\\/person\\\/b9ecde7a5574cb4fcf4b496ea5fadb15\",\"name\":\"Wided Belhaj\",\"image\":{\"@type\":\"ImageObject\",\"inLanguage\":\"fr-FR\",\"@id\":\"https:\\\/\\\/www.webdo.tn\\\/fr\\\/wp-content\\\/uploads\\\/2026\\\/04\\\/wided-belhaj_avatar-96x96.jpg\",\"url\":\"https:\\\/\\\/www.webdo.tn\\\/fr\\\/wp-content\\\/uploads\\\/2026\\\/04\\\/wided-belhaj_avatar-96x96.jpg\",\"contentUrl\":\"https:\\\/\\\/www.webdo.tn\\\/fr\\\/wp-content\\\/uploads\\\/2026\\\/04\\\/wided-belhaj_avatar-96x96.jpg\",\"caption\":\"Wided Belhaj\"},\"description\":\"Wided Belhaj est le pseudonyme \u00e9ditorial utilis\u00e9 par Khalil Jelassi, journaliste, ma\u00eetre-assistant \u00e0 l\u2019Institut de presse et des sciences de l\u2019information (IPSI) et chercheur en sciences de l\u2019information et de la communication. Cette signature est d\u00e9di\u00e9e \u00e0 l\u2019analyse des m\u00e9dias, des pratiques journalistiques et des mutations de l\u2019information \u00e0 l\u2019\u00e8re digitale. \u00c0 travers ses contributions, Wided Belhaj propose une lecture analytique de l\u2019actualit\u00e9, en croisant regard critique et expertise acad\u00e9mique.\",\"knowsAbout\":[\"m\u00e9dias\",\"journalisme\",\"communication\",\"information\",\"transformation num\u00e9rique\",\"analyse des m\u00e9dias\"],\"knowsLanguage\":[\"Fran\u00e7ais\",\"Arabe\"],\"jobTitle\":\"Webdo.tn\",\"worksFor\":\"Journaliste \u2013 Analyse des m\u00e9dias\",\"url\":\"https:\\\/\\\/www.webdo.tn\\\/fr\\\/actualite\\\/author\\\/wided-belhaj\\\/\"}]}<\/script>\n<!-- \/ Yoast SEO Premium plugin. -->","yoast_head_json":{"title":"Tunisie : Mandat de d\u00e9p\u00f4t contre le journaliste Zied El Heni - webdo","description":"Le journaliste Zied El Heni fait l'objet d'un mandat de d\u00e9p\u00f4t. D\u00e9couvrez les derniers d\u00e9veloppements de cette affaire.","canonical":"https:\/\/www.webdo.tn\/fr\/actualite\/national\/tunisie-mandat-de-depot-contre-le-journaliste-ziad-el-heni\/396879\/","og_locale":"fr_FR","og_type":"article","og_title":"Tunisie : Mandat de d\u00e9p\u00f4t contre le journaliste Zied El Heni","og_description":"Le journaliste Zied El Heni fait l'objet d'un mandat de d\u00e9p\u00f4t. D\u00e9couvrez les derniers d\u00e9veloppements de cette affaire.","og_url":"https:\/\/www.webdo.tn\/fr\/actualite\/national\/tunisie-mandat-de-depot-contre-le-journaliste-ziad-el-heni\/396879\/","og_site_name":"webdo","article_publisher":"https:\/\/www.facebook.com\/webdotn","article_published_time":"2026-04-26T12:10:55+00:00","article_modified_time":"2026-04-26T12:12:16+00:00","og_image":[{"width":1200,"height":647,"url":"https:\/\/www.webdo.tn\/fr\/wp-content\/uploads\/2026\/04\/zied-heni.jpg","type":"image\/jpeg"}],"author":"Wided Belhaj","twitter_card":"summary_large_image","twitter_creator":"@webdo_tn","twitter_site":"@webdo_tn","twitter_misc":{"\u00c9crit par":"Wided Belhaj","Dur\u00e9e de lecture estim\u00e9e":"1 minute"},"schema":{"@context":"https:\/\/schema.org","@graph":[{"@type":"NewsArticle","@id":"https:\/\/www.webdo.tn\/fr\/actualite\/national\/tunisie-mandat-de-depot-contre-le-journaliste-ziad-el-heni\/396879\/#article","isPartOf":{"@id":"https:\/\/www.webdo.tn\/fr\/actualite\/national\/tunisie-mandat-de-depot-contre-le-journaliste-ziad-el-heni\/396879\/"},"author":{"name":"Wided Belhaj","@id":"https:\/\/www.webdo.tn\/fr\/#\/schema\/person\/b9ecde7a5574cb4fcf4b496ea5fadb15"},"headline":"Tunisie : Mandat de d\u00e9p\u00f4t contre le journaliste Zied El Heni","datePublished":"2026-04-26T12:10:55+00:00","dateModified":"2026-04-26T12:12:16+00:00","mainEntityOfPage":{"@id":"https:\/\/www.webdo.tn\/fr\/actualite\/national\/tunisie-mandat-de-depot-contre-le-journaliste-ziad-el-heni\/396879\/"},"wordCount":180,"publisher":{"@id":"https:\/\/www.webdo.tn\/fr\/#organization"},"image":{"@id":"https:\/\/www.webdo.tn\/fr\/actualite\/national\/tunisie-mandat-de-depot-contre-le-journaliste-ziad-el-heni\/396879\/#primaryimage"},"thumbnailUrl":"https:\/\/www.webdo.tn\/fr\/wp-content\/uploads\/2026\/04\/zied-heni.jpg","keywords":["Tunisie","Zied El Heni"],"articleSection":["\u00c9pingle","National"],"inLanguage":"fr-FR"},{"@type":"WebPage","@id":"https:\/\/www.webdo.tn\/fr\/actualite\/national\/tunisie-mandat-de-depot-contre-le-journaliste-ziad-el-heni\/396879\/","url":"https:\/\/www.webdo.tn\/fr\/actualite\/national\/tunisie-mandat-de-depot-contre-le-journaliste-ziad-el-heni\/396879\/","name":"Tunisie : Mandat de d\u00e9p\u00f4t contre le journaliste Zied El Heni - webdo","isPartOf":{"@id":"https:\/\/www.webdo.tn\/fr\/#website"},"primaryImageOfPage":{"@id":"https:\/\/www.webdo.tn\/fr\/actualite\/national\/tunisie-mandat-de-depot-contre-le-journaliste-ziad-el-heni\/396879\/#primaryimage"},"image":{"@id":"https:\/\/www.webdo.tn\/fr\/actualite\/national\/tunisie-mandat-de-depot-contre-le-journaliste-ziad-el-heni\/396879\/#primaryimage"},"thumbnailUrl":"https:\/\/www.webdo.tn\/fr\/wp-content\/uploads\/2026\/04\/zied-heni.jpg","datePublished":"2026-04-26T12:10:55+00:00","dateModified":"2026-04-26T12:12:16+00:00","description":"Le journaliste Zied El Heni fait l'objet d'un mandat de d\u00e9p\u00f4t. D\u00e9couvrez les derniers d\u00e9veloppements de cette affaire.","breadcrumb":{"@id":"https:\/\/www.webdo.tn\/fr\/actualite\/national\/tunisie-mandat-de-depot-contre-le-journaliste-ziad-el-heni\/396879\/#breadcrumb"},"inLanguage":"fr-FR","potentialAction":[{"@type":"ReadAction","target":["https:\/\/www.webdo.tn\/fr\/actualite\/national\/tunisie-mandat-de-depot-contre-le-journaliste-ziad-el-heni\/396879\/"]}]},{"@type":"ImageObject","inLanguage":"fr-FR","@id":"https:\/\/www.webdo.tn\/fr\/actualite\/national\/tunisie-mandat-de-depot-contre-le-journaliste-ziad-el-heni\/396879\/#primaryimage","url":"https:\/\/www.webdo.tn\/fr\/wp-content\/uploads\/2026\/04\/zied-heni.jpg","contentUrl":"https:\/\/www.webdo.tn\/fr\/wp-content\/uploads\/2026\/04\/zied-heni.jpg","width":1200,"height":647,"caption":"Zied Heni"},{"@type":"BreadcrumbList","@id":"https:\/\/www.webdo.tn\/fr\/actualite\/national\/tunisie-mandat-de-depot-contre-le-journaliste-ziad-el-heni\/396879\/#breadcrumb","itemListElement":[{"@type":"ListItem","position":1,"name":"Accueil","item":"https:\/\/www.webdo.tn\/fr\/"},{"@type":"ListItem","position":2,"name":"Tunisie : Mandat de d\u00e9p\u00f4t contre le journaliste Zied El Heni"}]},{"@type":"WebSite","@id":"https:\/\/www.webdo.tn\/fr\/#website","url":"https:\/\/www.webdo.tn\/fr\/","name":"webdo","description":"Tunisie - News en Tunisie et \u00e0 l&#039;international sur Webdo.tn","publisher":{"@id":"https:\/\/www.webdo.tn\/fr\/#organization"},"potentialAction":[{"@type":"SearchAction","target":{"@type":"EntryPoint","urlTemplate":"https:\/\/www.webdo.tn\/fr\/?s={search_term_string}"},"query-input":{"@type":"PropertyValueSpecification","valueRequired":true,"valueName":"search_term_string"}}],"inLanguage":"fr-FR"},{"@type":"Organization","@id":"https:\/\/www.webdo.tn\/fr\/#organization","name":"Webdo","alternateName":"Webdo.tn","url":"https:\/\/www.webdo.tn\/fr\/","logo":{"@type":"ImageObject","inLanguage":"fr-FR","@id":"https:\/\/www.webdo.tn\/fr\/#\/schema\/logo\/image\/","url":"https:\/\/www.webdo.tn\/fr\/wp-content\/uploads\/2025\/06\/Webdo-Tunisie_168377.jpg","contentUrl":"https:\/\/www.webdo.tn\/fr\/wp-content\/uploads\/2025\/06\/Webdo-Tunisie_168377.jpg","width":301,"height":301,"caption":"Webdo"},"image":{"@id":"https:\/\/www.webdo.tn\/fr\/#\/schema\/logo\/image\/"},"sameAs":["https:\/\/www.facebook.com\/webdotn","https:\/\/x.com\/webdo_tn"],"description":"Webdo est un m\u00e9dia num\u00e9rique tunisien fond\u00e9 en 2010, sp\u00e9cialis\u00e9 dans l\u2019actualit\u00e9 nationale et internationale, l\u2019\u00e9conomie, la soci\u00e9t\u00e9 et les analyses politiques. Le site s\u2019adresse \u00e0 un large public francophone et couvre l\u2019information tunisienne en temps r\u00e9el.","email":"redac@webdo.tn","legalName":"YNJ SARL","foundingDate":"2010-09-06","numberOfEmployees":{"@type":"QuantitativeValue","minValue":"11","maxValue":"50"}},{"@type":"Person","@id":"https:\/\/www.webdo.tn\/fr\/#\/schema\/person\/b9ecde7a5574cb4fcf4b496ea5fadb15","name":"Wided Belhaj","image":{"@type":"ImageObject","inLanguage":"fr-FR","@id":"https:\/\/www.webdo.tn\/fr\/wp-content\/uploads\/2026\/04\/wided-belhaj_avatar-96x96.jpg","url":"https:\/\/www.webdo.tn\/fr\/wp-content\/uploads\/2026\/04\/wided-belhaj_avatar-96x96.jpg","contentUrl":"https:\/\/www.webdo.tn\/fr\/wp-content\/uploads\/2026\/04\/wided-belhaj_avatar-96x96.jpg","caption":"Wided Belhaj"},"description":"Wided Belhaj est le pseudonyme \u00e9ditorial utilis\u00e9 par Khalil Jelassi, journaliste, ma\u00eetre-assistant \u00e0 l\u2019Institut de presse et des sciences de l\u2019information (IPSI) et chercheur en sciences de l\u2019information et de la communication. Cette signature est d\u00e9di\u00e9e \u00e0 l\u2019analyse des m\u00e9dias, des pratiques journalistiques et des mutations de l\u2019information \u00e0 l\u2019\u00e8re digitale. \u00c0 travers ses contributions, Wided Belhaj propose une lecture analytique de l\u2019actualit\u00e9, en croisant regard critique et expertise acad\u00e9mique.","knowsAbout":["m\u00e9dias","journalisme","communication","information","transformation num\u00e9rique","analyse des m\u00e9dias"],"knowsLanguage":["Fran\u00e7ais","Arabe"],"jobTitle":"Webdo.tn","worksFor":"Journaliste \u2013 Analyse des m\u00e9dias","url":"https:\/\/www.webdo.tn\/fr\/actualite\/author\/wided-belhaj\/"}]}},"_links":{"self":[{"href":"https:\/\/www.webdo.tn\/fr\/wp-json\/wp\/v2\/posts\/396879","targetHints":{"allow":["GET"]}}],"collection":[{"href":"https:\/\/www.webdo.tn\/fr\/wp-json\/wp\/v2\/posts"}],"about":[{"href":"https:\/\/www.webdo.tn\/fr\/wp-json\/wp\/v2\/types\/post"}],"author":[{"embeddable":true,"href":"https:\/\/www.webdo.tn\/fr\/wp-json\/wp\/v2\/users\/3184"}],"replies":[{"embeddable":true,"href":"https:\/\/www.webdo.tn\/fr\/wp-json\/wp\/v2\/comments?post=396879"}],"version-history":[{"count":3,"href":"https:\/\/www.webdo.tn\/fr\/wp-json\/wp\/v2\/posts\/396879\/revisions"}],"predecessor-version":[{"id":396882,"href":"https:\/\/www.webdo.tn\/fr\/wp-json\/wp\/v2\/posts\/396879\/revisions\/396882"}],"wp:featuredmedia":[{"embeddable":true,"href":"https:\/\/www.webdo.tn\/fr\/wp-json\/wp\/v2\/media\/396746"}],"wp:attachment":[{"href":"https:\/\/www.webdo.tn\/fr\/wp-json\/wp\/v2\/media?parent=396879"}],"wp:term":[{"taxonomy":"category","embeddable":true,"href":"https:\/\/www.webdo.tn\/fr\/wp-json\/wp\/v2\/categories?post=396879"},{"taxonomy":"post_tag","embeddable":true,"href":"https:\/\/www.webdo.tn\/fr\/wp-json\/wp\/v2\/tags?post=396879"}],"curies":[{"name":"wp","href":"https:\/\/api.w.org\/{rel}","templated":true}]}}