{"id":396876,"date":"2026-04-26T12:15:07","date_gmt":"2026-04-26T11:15:07","guid":{"rendered":"https:\/\/www.webdo.tn\/fr\/?p=396876"},"modified":"2026-04-26T12:17:10","modified_gmt":"2026-04-26T11:17:10","slug":"tunisie-le-port-de-zarzis-souvre-aux-echanges-internationaux","status":"publish","type":"post","link":"https:\/\/www.webdo.tn\/fr\/actualite\/national\/tunisie-le-port-de-zarzis-souvre-aux-echanges-internationaux\/396876\/","title":{"rendered":"Tunisie : Le port de Zarzis s\u2019ouvre aux \u00e9changes internationaux"},"content":{"rendered":"\n<p><strong>Le minist\u00e8re du Transport a annonc\u00e9, dimanche 26 avril 2026, l\u2019arriv\u00e9e au port de Zarzis de son premier navire porte-conteneurs, marquant le lancement officiel d\u2019une premi\u00e8re ligne maritime internationale r\u00e9guli\u00e8re d\u00e9di\u00e9e au transport de marchandises.<\/strong><\/p>\n\n\n\n<p>Cette nouvelle liaison relie le port de Zarzis au Port de Rad\u00e8s, ainsi qu\u2019aux ports de Port de Gioia Tauro et de Port de Tripoli. Elle constitue une avanc\u00e9e strat\u00e9gique pour l\u2019int\u00e9gration logistique du sud-est tunisien dans les circuits du commerce international.<\/p>\n\n\n\n<h2 class=\"wp-block-heading\" id=\"h-407-conteneurs-vides\">407 conteneurs vides<\/h2>\n\n\n\n<p>Selon le communiqu\u00e9 minist\u00e9riel, le navire a transport\u00e9 environ 407 conteneurs vides, destin\u00e9s \u00e0 \u00eatre livr\u00e9s aux op\u00e9rateurs \u00e9conomiques de la r\u00e9gion. Ces conteneurs seront ensuite recharg\u00e9s et exp\u00e9di\u00e9s via le port de Zarzis avant la mi-mai 2026, amor\u00e7ant ainsi un cycle d\u2019exportation r\u00e9gulier.<\/p>\n\n\n\n<p>L\u2019entr\u00e9e en activit\u00e9 de cette ligne maritime r\u00e9pond \u00e0 une demande croissante des entreprises implant\u00e9es dans le sud-est, en qu\u00eate de solutions logistiques plus proches et plus comp\u00e9titives. Elle vise \u00e9galement \u00e0 dynamiser l\u2019activit\u00e9 \u00e9conomique r\u00e9gionale, en facilitant l\u2019acc\u00e8s aux march\u00e9s ext\u00e9rieurs et en r\u00e9duisant \u00e0 la fois les co\u00fbts de transport et les d\u00e9lais d\u2019acheminement des marchandises.<\/p>\n\n\n\n<p class=\"has-medium-font-size\"><strong>Lire aussi :\u00a0<\/strong><a href=\"https:\/\/www.webdo.tn\/fr\/actualite\/national\/tunisie-le-boom-des-exportations-de-fruits-en-2025\/392018\/\">Tunisie : Le boom des exportations de fruits en 2025<\/a> <\/p>\n\n\n\n<p>Dans cette perspective, les autorit\u00e9s indiquent que les \u00e9quipements n\u00e9cessaires aux op\u00e9rations de chargement, de d\u00e9chargement et de manutention des conteneurs ont \u00e9t\u00e9 mobilis\u00e9s, en coordination avec les diff\u00e9rentes parties prenantes op\u00e9rant au sein du port.<\/p>\n\n\n\n<h2 class=\"wp-block-heading\" id=\"h-projet-de-travaux-de-dragage\">Projet de travaux de dragage<\/h2>\n\n\n\n<p>Parall\u00e8lement, le port commercial de Zarzis se pr\u00e9pare \u00e0 lancer, d\u2019ici la fin de l\u2019ann\u00e9e 2026, un projet de travaux de dragage. Cette op\u00e9ration permettra d\u2019augmenter le tirant d\u2019eau jusqu\u2019\u00e0 11 m\u00e8tres, condition essentielle pour accueillir des navires de plus grande capacit\u00e9. Au-del\u00e0 du fret, cette \u00e9volution devrait \u00e9galement renforcer le potentiel du port dans le domaine du transport de passagers et des activit\u00e9s touristiques, tout en am\u00e9liorant la s\u00e9curit\u00e9 de la navigation maritime.<\/p>\n\n\n\n<p>Avec cette nouvelle ligne, le port de Zarzis amorce un repositionnement strat\u00e9gique, appel\u00e9 \u00e0 redessiner les flux commerciaux au b\u00e9n\u00e9fice du sud tunisien.<\/p>\n\n\n\n<p><\/p>\n","protected":false},"excerpt":{"rendered":"<p>Le minist\u00e8re du Transport a annonc\u00e9, dimanche 26 avril 2026, l\u2019arriv\u00e9e au port de Zarzis de son premier navire porte-conteneurs, marquant le lancement officiel d\u2019une premi\u00e8re ligne maritime internationale r\u00e9guli\u00e8re d\u00e9di\u00e9e au transport de marchandises. Cette nouvelle liaison relie le port de Zarzis au Port de Rad\u00e8s, ainsi qu\u2019aux ports de Port de Gioia Tauro [&hellip;]<\/p>\n","protected":false},"author":3184,"featured_media":396878,"comment_status":"closed","ping_status":"closed","sticky":false,"template":"","format":"standard","meta":{"footnotes":""},"categories":[13163,44],"tags":[2929,2608,6490],"class_list":["post-396876","post","type-post","status-publish","format-standard","has-post-thumbnail","hentry","category-epingle","category-national","tag-port","tag-tunisie","tag-zarzis"],"yoast_head":"<!-- This site is optimized with the Yoast SEO Premium plugin v27.4 (Yoast SEO v27.4) - https:\/\/yoast.com\/product\/yoast-seo-premium-wordpress\/ -->\n<title>Tunisie : Le port de Zarzis s\u2019ouvre aux \u00e9changes internationaux - webdo<\/title>\n<meta name=\"description\" content=\"D\u00e9couvrez l&#039;arriv\u00e9e du premier navire au port de Zarzis et son impact sur le commerce international en Tunisie.\" \/>\n<link rel=\"canonical\" href=\"https:\/\/www.webdo.tn\/fr\/actualite\/national\/tunisie-le-port-de-zarzis-souvre-aux-echanges-internationaux\/396876\/\" \/>\n<meta property=\"og:locale\" content=\"fr_FR\" \/>\n<meta property=\"og:type\" content=\"article\" \/>\n<meta property=\"og:title\" content=\"Tunisie : Le port de Zarzis s\u2019ouvre aux \u00e9changes internationaux\" \/>\n<meta property=\"og:description\" content=\"D\u00e9couvrez l&#039;arriv\u00e9e du premier navire au port de Zarzis et son impact sur le commerce international en Tunisie.\" \/>\n<meta property=\"og:url\" content=\"https:\/\/www.webdo.tn\/fr\/actualite\/national\/tunisie-le-port-de-zarzis-souvre-aux-echanges-internationaux\/396876\/\" \/>\n<meta property=\"og:site_name\" content=\"webdo\" \/>\n<meta property=\"article:publisher\" content=\"https:\/\/www.facebook.com\/webdotn\" \/>\n<meta property=\"article:published_time\" content=\"2026-04-26T11:15:07+00:00\" \/>\n<meta property=\"article:modified_time\" content=\"2026-04-26T11:17:10+00:00\" \/>\n<meta property=\"og:image\" content=\"https:\/\/www.webdo.tn\/fr\/wp-content\/uploads\/2026\/04\/zarzis.jpg\" \/>\n\t<meta property=\"og:image:width\" content=\"1200\" \/>\n\t<meta property=\"og:image:height\" content=\"615\" \/>\n\t<meta property=\"og:image:type\" content=\"image\/jpeg\" \/>\n<meta name=\"author\" content=\"Wided Belhaj\" \/>\n<meta name=\"twitter:card\" content=\"summary_large_image\" \/>\n<meta name=\"twitter:creator\" content=\"@webdo_tn\" \/>\n<meta name=\"twitter:site\" content=\"@webdo_tn\" \/>\n<meta name=\"twitter:label1\" content=\"\u00c9crit par\" \/>\n\t<meta name=\"twitter:data1\" content=\"Wided Belhaj\" \/>\n\t<meta name=\"twitter:label2\" content=\"Dur\u00e9e de lecture estim\u00e9e\" \/>\n\t<meta name=\"twitter:data2\" content=\"2 minutes\" \/>\n<script type=\"application\/ld+json\" class=\"yoast-schema-graph\">{\"@context\":\"https:\\\/\\\/schema.org\",\"@graph\":[{\"@type\":\"NewsArticle\",\"@id\":\"https:\\\/\\\/www.webdo.tn\\\/fr\\\/actualite\\\/national\\\/tunisie-le-port-de-zarzis-souvre-aux-echanges-internationaux\\\/396876\\\/#article\",\"isPartOf\":{\"@id\":\"https:\\\/\\\/www.webdo.tn\\\/fr\\\/actualite\\\/national\\\/tunisie-le-port-de-zarzis-souvre-aux-echanges-internationaux\\\/396876\\\/\"},\"author\":{\"name\":\"Wided Belhaj\",\"@id\":\"https:\\\/\\\/www.webdo.tn\\\/fr\\\/#\\\/schema\\\/person\\\/b9ecde7a5574cb4fcf4b496ea5fadb15\"},\"headline\":\"Tunisie : Le port de Zarzis s\u2019ouvre aux \u00e9changes internationaux\",\"datePublished\":\"2026-04-26T11:15:07+00:00\",\"dateModified\":\"2026-04-26T11:17:10+00:00\",\"mainEntityOfPage\":{\"@id\":\"https:\\\/\\\/www.webdo.tn\\\/fr\\\/actualite\\\/national\\\/tunisie-le-port-de-zarzis-souvre-aux-echanges-internationaux\\\/396876\\\/\"},\"wordCount\":391,\"publisher\":{\"@id\":\"https:\\\/\\\/www.webdo.tn\\\/fr\\\/#organization\"},\"image\":{\"@id\":\"https:\\\/\\\/www.webdo.tn\\\/fr\\\/actualite\\\/national\\\/tunisie-le-port-de-zarzis-souvre-aux-echanges-internationaux\\\/396876\\\/#primaryimage\"},\"thumbnailUrl\":\"https:\\\/\\\/www.webdo.tn\\\/fr\\\/wp-content\\\/uploads\\\/2026\\\/04\\\/zarzis.jpg\",\"keywords\":[\"Port\",\"Tunisie\",\"Zarzis\"],\"articleSection\":[\"\u00c9pingle\",\"National\"],\"inLanguage\":\"fr-FR\"},{\"@type\":\"WebPage\",\"@id\":\"https:\\\/\\\/www.webdo.tn\\\/fr\\\/actualite\\\/national\\\/tunisie-le-port-de-zarzis-souvre-aux-echanges-internationaux\\\/396876\\\/\",\"url\":\"https:\\\/\\\/www.webdo.tn\\\/fr\\\/actualite\\\/national\\\/tunisie-le-port-de-zarzis-souvre-aux-echanges-internationaux\\\/396876\\\/\",\"name\":\"Tunisie : Le port de Zarzis s\u2019ouvre aux \u00e9changes internationaux - webdo\",\"isPartOf\":{\"@id\":\"https:\\\/\\\/www.webdo.tn\\\/fr\\\/#website\"},\"primaryImageOfPage\":{\"@id\":\"https:\\\/\\\/www.webdo.tn\\\/fr\\\/actualite\\\/national\\\/tunisie-le-port-de-zarzis-souvre-aux-echanges-internationaux\\\/396876\\\/#primaryimage\"},\"image\":{\"@id\":\"https:\\\/\\\/www.webdo.tn\\\/fr\\\/actualite\\\/national\\\/tunisie-le-port-de-zarzis-souvre-aux-echanges-internationaux\\\/396876\\\/#primaryimage\"},\"thumbnailUrl\":\"https:\\\/\\\/www.webdo.tn\\\/fr\\\/wp-content\\\/uploads\\\/2026\\\/04\\\/zarzis.jpg\",\"datePublished\":\"2026-04-26T11:15:07+00:00\",\"dateModified\":\"2026-04-26T11:17:10+00:00\",\"description\":\"D\u00e9couvrez l'arriv\u00e9e du premier navire au port de Zarzis et son impact sur le commerce international en Tunisie.\",\"breadcrumb\":{\"@id\":\"https:\\\/\\\/www.webdo.tn\\\/fr\\\/actualite\\\/national\\\/tunisie-le-port-de-zarzis-souvre-aux-echanges-internationaux\\\/396876\\\/#breadcrumb\"},\"inLanguage\":\"fr-FR\",\"potentialAction\":[{\"@type\":\"ReadAction\",\"target\":[\"https:\\\/\\\/www.webdo.tn\\\/fr\\\/actualite\\\/national\\\/tunisie-le-port-de-zarzis-souvre-aux-echanges-internationaux\\\/396876\\\/\"]}]},{\"@type\":\"ImageObject\",\"inLanguage\":\"fr-FR\",\"@id\":\"https:\\\/\\\/www.webdo.tn\\\/fr\\\/actualite\\\/national\\\/tunisie-le-port-de-zarzis-souvre-aux-echanges-internationaux\\\/396876\\\/#primaryimage\",\"url\":\"https:\\\/\\\/www.webdo.tn\\\/fr\\\/wp-content\\\/uploads\\\/2026\\\/04\\\/zarzis.jpg\",\"contentUrl\":\"https:\\\/\\\/www.webdo.tn\\\/fr\\\/wp-content\\\/uploads\\\/2026\\\/04\\\/zarzis.jpg\",\"width\":1200,\"height\":615,\"caption\":\"Zarzis\"},{\"@type\":\"BreadcrumbList\",\"@id\":\"https:\\\/\\\/www.webdo.tn\\\/fr\\\/actualite\\\/national\\\/tunisie-le-port-de-zarzis-souvre-aux-echanges-internationaux\\\/396876\\\/#breadcrumb\",\"itemListElement\":[{\"@type\":\"ListItem\",\"position\":1,\"name\":\"Accueil\",\"item\":\"https:\\\/\\\/www.webdo.tn\\\/fr\\\/\"},{\"@type\":\"ListItem\",\"position\":2,\"name\":\"Tunisie : Le port de Zarzis s\u2019ouvre aux \u00e9changes internationaux\"}]},{\"@type\":\"WebSite\",\"@id\":\"https:\\\/\\\/www.webdo.tn\\\/fr\\\/#website\",\"url\":\"https:\\\/\\\/www.webdo.tn\\\/fr\\\/\",\"name\":\"webdo\",\"description\":\"Tunisie - News en Tunisie et \u00e0 l&#039;international sur Webdo.tn\",\"publisher\":{\"@id\":\"https:\\\/\\\/www.webdo.tn\\\/fr\\\/#organization\"},\"potentialAction\":[{\"@type\":\"SearchAction\",\"target\":{\"@type\":\"EntryPoint\",\"urlTemplate\":\"https:\\\/\\\/www.webdo.tn\\\/fr\\\/?s={search_term_string}\"},\"query-input\":{\"@type\":\"PropertyValueSpecification\",\"valueRequired\":true,\"valueName\":\"search_term_string\"}}],\"inLanguage\":\"fr-FR\"},{\"@type\":\"Organization\",\"@id\":\"https:\\\/\\\/www.webdo.tn\\\/fr\\\/#organization\",\"name\":\"Webdo\",\"alternateName\":\"Webdo.tn\",\"url\":\"https:\\\/\\\/www.webdo.tn\\\/fr\\\/\",\"logo\":{\"@type\":\"ImageObject\",\"inLanguage\":\"fr-FR\",\"@id\":\"https:\\\/\\\/www.webdo.tn\\\/fr\\\/#\\\/schema\\\/logo\\\/image\\\/\",\"url\":\"https:\\\/\\\/www.webdo.tn\\\/fr\\\/wp-content\\\/uploads\\\/2025\\\/06\\\/Webdo-Tunisie_168377.jpg\",\"contentUrl\":\"https:\\\/\\\/www.webdo.tn\\\/fr\\\/wp-content\\\/uploads\\\/2025\\\/06\\\/Webdo-Tunisie_168377.jpg\",\"width\":301,\"height\":301,\"caption\":\"Webdo\"},\"image\":{\"@id\":\"https:\\\/\\\/www.webdo.tn\\\/fr\\\/#\\\/schema\\\/logo\\\/image\\\/\"},\"sameAs\":[\"https:\\\/\\\/www.facebook.com\\\/webdotn\",\"https:\\\/\\\/x.com\\\/webdo_tn\"],\"description\":\"Webdo est un m\u00e9dia num\u00e9rique tunisien fond\u00e9 en 2010, sp\u00e9cialis\u00e9 dans l\u2019actualit\u00e9 nationale et internationale, l\u2019\u00e9conomie, la soci\u00e9t\u00e9 et les analyses politiques. Le site s\u2019adresse \u00e0 un large public francophone et couvre l\u2019information tunisienne en temps r\u00e9el.\",\"email\":\"redac@webdo.tn\",\"legalName\":\"YNJ SARL\",\"foundingDate\":\"2010-09-06\",\"numberOfEmployees\":{\"@type\":\"QuantitativeValue\",\"minValue\":\"11\",\"maxValue\":\"50\"}},{\"@type\":\"Person\",\"@id\":\"https:\\\/\\\/www.webdo.tn\\\/fr\\\/#\\\/schema\\\/person\\\/b9ecde7a5574cb4fcf4b496ea5fadb15\",\"name\":\"Wided Belhaj\",\"image\":{\"@type\":\"ImageObject\",\"inLanguage\":\"fr-FR\",\"@id\":\"https:\\\/\\\/www.webdo.tn\\\/fr\\\/wp-content\\\/uploads\\\/2026\\\/04\\\/wided-belhaj_avatar-96x96.jpg\",\"url\":\"https:\\\/\\\/www.webdo.tn\\\/fr\\\/wp-content\\\/uploads\\\/2026\\\/04\\\/wided-belhaj_avatar-96x96.jpg\",\"contentUrl\":\"https:\\\/\\\/www.webdo.tn\\\/fr\\\/wp-content\\\/uploads\\\/2026\\\/04\\\/wided-belhaj_avatar-96x96.jpg\",\"caption\":\"Wided Belhaj\"},\"description\":\"Wided Belhaj est le pseudonyme \u00e9ditorial utilis\u00e9 par Khalil Jelassi, journaliste, ma\u00eetre-assistant \u00e0 l\u2019Institut de presse et des sciences de l\u2019information (IPSI) et chercheur en sciences de l\u2019information et de la communication. Cette signature est d\u00e9di\u00e9e \u00e0 l\u2019analyse des m\u00e9dias, des pratiques journalistiques et des mutations de l\u2019information \u00e0 l\u2019\u00e8re digitale. \u00c0 travers ses contributions, Wided Belhaj propose une lecture analytique de l\u2019actualit\u00e9, en croisant regard critique et expertise acad\u00e9mique.\",\"knowsAbout\":[\"m\u00e9dias\",\"journalisme\",\"communication\",\"information\",\"transformation num\u00e9rique\",\"analyse des m\u00e9dias\"],\"knowsLanguage\":[\"Fran\u00e7ais\",\"Arabe\"],\"jobTitle\":\"Webdo.tn\",\"worksFor\":\"Journaliste \u2013 Analyse des m\u00e9dias\",\"url\":\"https:\\\/\\\/www.webdo.tn\\\/fr\\\/actualite\\\/author\\\/wided-belhaj\\\/\"}]}<\/script>\n<!-- \/ Yoast SEO Premium plugin. -->","yoast_head_json":{"title":"Tunisie : Le port de Zarzis s\u2019ouvre aux \u00e9changes internationaux - webdo","description":"D\u00e9couvrez l'arriv\u00e9e du premier navire au port de Zarzis et son impact sur le commerce international en Tunisie.","canonical":"https:\/\/www.webdo.tn\/fr\/actualite\/national\/tunisie-le-port-de-zarzis-souvre-aux-echanges-internationaux\/396876\/","og_locale":"fr_FR","og_type":"article","og_title":"Tunisie : Le port de Zarzis s\u2019ouvre aux \u00e9changes internationaux","og_description":"D\u00e9couvrez l'arriv\u00e9e du premier navire au port de Zarzis et son impact sur le commerce international en Tunisie.","og_url":"https:\/\/www.webdo.tn\/fr\/actualite\/national\/tunisie-le-port-de-zarzis-souvre-aux-echanges-internationaux\/396876\/","og_site_name":"webdo","article_publisher":"https:\/\/www.facebook.com\/webdotn","article_published_time":"2026-04-26T11:15:07+00:00","article_modified_time":"2026-04-26T11:17:10+00:00","og_image":[{"width":1200,"height":615,"url":"https:\/\/www.webdo.tn\/fr\/wp-content\/uploads\/2026\/04\/zarzis.jpg","type":"image\/jpeg"}],"author":"Wided Belhaj","twitter_card":"summary_large_image","twitter_creator":"@webdo_tn","twitter_site":"@webdo_tn","twitter_misc":{"\u00c9crit par":"Wided Belhaj","Dur\u00e9e de lecture estim\u00e9e":"2 minutes"},"schema":{"@context":"https:\/\/schema.org","@graph":[{"@type":"NewsArticle","@id":"https:\/\/www.webdo.tn\/fr\/actualite\/national\/tunisie-le-port-de-zarzis-souvre-aux-echanges-internationaux\/396876\/#article","isPartOf":{"@id":"https:\/\/www.webdo.tn\/fr\/actualite\/national\/tunisie-le-port-de-zarzis-souvre-aux-echanges-internationaux\/396876\/"},"author":{"name":"Wided Belhaj","@id":"https:\/\/www.webdo.tn\/fr\/#\/schema\/person\/b9ecde7a5574cb4fcf4b496ea5fadb15"},"headline":"Tunisie : Le port de Zarzis s\u2019ouvre aux \u00e9changes internationaux","datePublished":"2026-04-26T11:15:07+00:00","dateModified":"2026-04-26T11:17:10+00:00","mainEntityOfPage":{"@id":"https:\/\/www.webdo.tn\/fr\/actualite\/national\/tunisie-le-port-de-zarzis-souvre-aux-echanges-internationaux\/396876\/"},"wordCount":391,"publisher":{"@id":"https:\/\/www.webdo.tn\/fr\/#organization"},"image":{"@id":"https:\/\/www.webdo.tn\/fr\/actualite\/national\/tunisie-le-port-de-zarzis-souvre-aux-echanges-internationaux\/396876\/#primaryimage"},"thumbnailUrl":"https:\/\/www.webdo.tn\/fr\/wp-content\/uploads\/2026\/04\/zarzis.jpg","keywords":["Port","Tunisie","Zarzis"],"articleSection":["\u00c9pingle","National"],"inLanguage":"fr-FR"},{"@type":"WebPage","@id":"https:\/\/www.webdo.tn\/fr\/actualite\/national\/tunisie-le-port-de-zarzis-souvre-aux-echanges-internationaux\/396876\/","url":"https:\/\/www.webdo.tn\/fr\/actualite\/national\/tunisie-le-port-de-zarzis-souvre-aux-echanges-internationaux\/396876\/","name":"Tunisie : Le port de Zarzis s\u2019ouvre aux \u00e9changes internationaux - webdo","isPartOf":{"@id":"https:\/\/www.webdo.tn\/fr\/#website"},"primaryImageOfPage":{"@id":"https:\/\/www.webdo.tn\/fr\/actualite\/national\/tunisie-le-port-de-zarzis-souvre-aux-echanges-internationaux\/396876\/#primaryimage"},"image":{"@id":"https:\/\/www.webdo.tn\/fr\/actualite\/national\/tunisie-le-port-de-zarzis-souvre-aux-echanges-internationaux\/396876\/#primaryimage"},"thumbnailUrl":"https:\/\/www.webdo.tn\/fr\/wp-content\/uploads\/2026\/04\/zarzis.jpg","datePublished":"2026-04-26T11:15:07+00:00","dateModified":"2026-04-26T11:17:10+00:00","description":"D\u00e9couvrez l'arriv\u00e9e du premier navire au port de Zarzis et son impact sur le commerce international en Tunisie.","breadcrumb":{"@id":"https:\/\/www.webdo.tn\/fr\/actualite\/national\/tunisie-le-port-de-zarzis-souvre-aux-echanges-internationaux\/396876\/#breadcrumb"},"inLanguage":"fr-FR","potentialAction":[{"@type":"ReadAction","target":["https:\/\/www.webdo.tn\/fr\/actualite\/national\/tunisie-le-port-de-zarzis-souvre-aux-echanges-internationaux\/396876\/"]}]},{"@type":"ImageObject","inLanguage":"fr-FR","@id":"https:\/\/www.webdo.tn\/fr\/actualite\/national\/tunisie-le-port-de-zarzis-souvre-aux-echanges-internationaux\/396876\/#primaryimage","url":"https:\/\/www.webdo.tn\/fr\/wp-content\/uploads\/2026\/04\/zarzis.jpg","contentUrl":"https:\/\/www.webdo.tn\/fr\/wp-content\/uploads\/2026\/04\/zarzis.jpg","width":1200,"height":615,"caption":"Zarzis"},{"@type":"BreadcrumbList","@id":"https:\/\/www.webdo.tn\/fr\/actualite\/national\/tunisie-le-port-de-zarzis-souvre-aux-echanges-internationaux\/396876\/#breadcrumb","itemListElement":[{"@type":"ListItem","position":1,"name":"Accueil","item":"https:\/\/www.webdo.tn\/fr\/"},{"@type":"ListItem","position":2,"name":"Tunisie : Le port de Zarzis s\u2019ouvre aux \u00e9changes internationaux"}]},{"@type":"WebSite","@id":"https:\/\/www.webdo.tn\/fr\/#website","url":"https:\/\/www.webdo.tn\/fr\/","name":"webdo","description":"Tunisie - News en Tunisie et \u00e0 l&#039;international sur Webdo.tn","publisher":{"@id":"https:\/\/www.webdo.tn\/fr\/#organization"},"potentialAction":[{"@type":"SearchAction","target":{"@type":"EntryPoint","urlTemplate":"https:\/\/www.webdo.tn\/fr\/?s={search_term_string}"},"query-input":{"@type":"PropertyValueSpecification","valueRequired":true,"valueName":"search_term_string"}}],"inLanguage":"fr-FR"},{"@type":"Organization","@id":"https:\/\/www.webdo.tn\/fr\/#organization","name":"Webdo","alternateName":"Webdo.tn","url":"https:\/\/www.webdo.tn\/fr\/","logo":{"@type":"ImageObject","inLanguage":"fr-FR","@id":"https:\/\/www.webdo.tn\/fr\/#\/schema\/logo\/image\/","url":"https:\/\/www.webdo.tn\/fr\/wp-content\/uploads\/2025\/06\/Webdo-Tunisie_168377.jpg","contentUrl":"https:\/\/www.webdo.tn\/fr\/wp-content\/uploads\/2025\/06\/Webdo-Tunisie_168377.jpg","width":301,"height":301,"caption":"Webdo"},"image":{"@id":"https:\/\/www.webdo.tn\/fr\/#\/schema\/logo\/image\/"},"sameAs":["https:\/\/www.facebook.com\/webdotn","https:\/\/x.com\/webdo_tn"],"description":"Webdo est un m\u00e9dia num\u00e9rique tunisien fond\u00e9 en 2010, sp\u00e9cialis\u00e9 dans l\u2019actualit\u00e9 nationale et internationale, l\u2019\u00e9conomie, la soci\u00e9t\u00e9 et les analyses politiques. Le site s\u2019adresse \u00e0 un large public francophone et couvre l\u2019information tunisienne en temps r\u00e9el.","email":"redac@webdo.tn","legalName":"YNJ SARL","foundingDate":"2010-09-06","numberOfEmployees":{"@type":"QuantitativeValue","minValue":"11","maxValue":"50"}},{"@type":"Person","@id":"https:\/\/www.webdo.tn\/fr\/#\/schema\/person\/b9ecde7a5574cb4fcf4b496ea5fadb15","name":"Wided Belhaj","image":{"@type":"ImageObject","inLanguage":"fr-FR","@id":"https:\/\/www.webdo.tn\/fr\/wp-content\/uploads\/2026\/04\/wided-belhaj_avatar-96x96.jpg","url":"https:\/\/www.webdo.tn\/fr\/wp-content\/uploads\/2026\/04\/wided-belhaj_avatar-96x96.jpg","contentUrl":"https:\/\/www.webdo.tn\/fr\/wp-content\/uploads\/2026\/04\/wided-belhaj_avatar-96x96.jpg","caption":"Wided Belhaj"},"description":"Wided Belhaj est le pseudonyme \u00e9ditorial utilis\u00e9 par Khalil Jelassi, journaliste, ma\u00eetre-assistant \u00e0 l\u2019Institut de presse et des sciences de l\u2019information (IPSI) et chercheur en sciences de l\u2019information et de la communication. Cette signature est d\u00e9di\u00e9e \u00e0 l\u2019analyse des m\u00e9dias, des pratiques journalistiques et des mutations de l\u2019information \u00e0 l\u2019\u00e8re digitale. \u00c0 travers ses contributions, Wided Belhaj propose une lecture analytique de l\u2019actualit\u00e9, en croisant regard critique et expertise acad\u00e9mique.","knowsAbout":["m\u00e9dias","journalisme","communication","information","transformation num\u00e9rique","analyse des m\u00e9dias"],"knowsLanguage":["Fran\u00e7ais","Arabe"],"jobTitle":"Webdo.tn","worksFor":"Journaliste \u2013 Analyse des m\u00e9dias","url":"https:\/\/www.webdo.tn\/fr\/actualite\/author\/wided-belhaj\/"}]}},"_links":{"self":[{"href":"https:\/\/www.webdo.tn\/fr\/wp-json\/wp\/v2\/posts\/396876","targetHints":{"allow":["GET"]}}],"collection":[{"href":"https:\/\/www.webdo.tn\/fr\/wp-json\/wp\/v2\/posts"}],"about":[{"href":"https:\/\/www.webdo.tn\/fr\/wp-json\/wp\/v2\/types\/post"}],"author":[{"embeddable":true,"href":"https:\/\/www.webdo.tn\/fr\/wp-json\/wp\/v2\/users\/3184"}],"replies":[{"embeddable":true,"href":"https:\/\/www.webdo.tn\/fr\/wp-json\/wp\/v2\/comments?post=396876"}],"version-history":[{"count":1,"href":"https:\/\/www.webdo.tn\/fr\/wp-json\/wp\/v2\/posts\/396876\/revisions"}],"predecessor-version":[{"id":396877,"href":"https:\/\/www.webdo.tn\/fr\/wp-json\/wp\/v2\/posts\/396876\/revisions\/396877"}],"wp:featuredmedia":[{"embeddable":true,"href":"https:\/\/www.webdo.tn\/fr\/wp-json\/wp\/v2\/media\/396878"}],"wp:attachment":[{"href":"https:\/\/www.webdo.tn\/fr\/wp-json\/wp\/v2\/media?parent=396876"}],"wp:term":[{"taxonomy":"category","embeddable":true,"href":"https:\/\/www.webdo.tn\/fr\/wp-json\/wp\/v2\/categories?post=396876"},{"taxonomy":"post_tag","embeddable":true,"href":"https:\/\/www.webdo.tn\/fr\/wp-json\/wp\/v2\/tags?post=396876"}],"curies":[{"name":"wp","href":"https:\/\/api.w.org\/{rel}","templated":true}]}}