{"id":396869,"date":"2026-04-26T11:04:01","date_gmt":"2026-04-26T10:04:01","guid":{"rendered":"https:\/\/www.webdo.tn\/fr\/?p=396869"},"modified":"2026-04-26T11:04:03","modified_gmt":"2026-04-26T10:04:03","slug":"tunisie-le-registre-national-des-entreprises-passe-au-tout-numerique","status":"publish","type":"post","link":"https:\/\/www.webdo.tn\/fr\/actualite\/national\/tunisie-le-registre-national-des-entreprises-passe-au-tout-numerique\/396869\/","title":{"rendered":"Tunisie : Le Registre national des entreprises passe au tout num\u00e9rique ?"},"content":{"rendered":"\n<p><strong>Le Registre national des entreprises s\u2019appr\u00eate \u00e0 franchir une \u00e9tape d\u00e9cisive dans la digitalisation de ses services. Son directeur g\u00e9n\u00e9ral, Mohamed Adel Chouari, a annonc\u00e9 qu\u2019\u00e0 partir du 1er juillet 2026, l\u2019institution abandonnera d\u00e9finitivement le d\u00e9p\u00f4t de dossiers papier pour adopter des procedures enti\u00e8rement num\u00e9riques via sa plateforme.<\/strong><\/p>\n\n\n\n<p>Dans ce cadre, une nouvelle avanc\u00e9e est pr\u00e9vue d\u2019ici fin septembre 2026 avec le lancement du service d\u2019\u00e9mission \u00e9lectronique de la carte d\u2019identification fiscale \u00ab patente \u00bb, en collaboration avec la Direction g\u00e9n\u00e9rale des imp\u00f4ts et le Centre informatique du minist\u00e8re des Finances.<\/p>\n\n\n\n<h2 class=\"wp-block-heading\" id=\"h-mise-en-oeuvre-de-la-decision-du-ministere-des-finances\">Mise en \u0153uvre de la d\u00e9cision du minist\u00e8re des Finances<\/h2>\n\n\n\n<p>Cette \u00e9volution s\u2019inscrit dans la mise en \u0153uvre de la d\u00e9cision de la Minist\u00e8re des Finances, dat\u00e9e du 12 f\u00e9vrier 2026, autorisant la d\u00e9claration d\u2019existence \u00e0 distance. Elle permettra ainsi de compl\u00e9ter le processus de cr\u00e9ation d\u2019entreprise de mani\u00e8re enti\u00e8rement num\u00e9rique, depuis la r\u00e9servation du nom jusqu\u2019\u00e0 l\u2019obtention des documents du registre, sans n\u00e9cessit\u00e9 de se d\u00e9placer.<\/p>\n\n\n\n<p class=\"has-medium-font-size\"><strong>Lire aussi :<\/strong> <a href=\"https:\/\/www.webdo.tn\/fr\/actualite\/national\/tunisie-le-rne-completement-digitalise-d-ici-fin-2024\/206708\/\" type=\"link\" id=\"https:\/\/www.webdo.tn\/fr\/actualite\/national\/tunisie-le-rne-completement-digitalise-d-ici-fin-2024\/206708\/\">Le RNE compl\u00e8tement digitalis\u00e9 d\u2019ici fin 2024<\/a><br><\/p>\n\n\n\n<p>Sur le plan juridique, l\u2019acc\u00e8s aux services du registre sera conditionn\u00e9, \u00e0 partir de juillet 2026, par l\u2019obtention d\u2019une identit\u00e9 num\u00e9rique pour les personnes physiques et du service DigiGo pour les personnes morales. Les professionnels r\u00e9glement\u00e9s, tels que les avocats et les experts-comptables, disposeront \u00e9galement de services d\u00e9di\u00e9s.<\/p>\n\n\n\n<h2 class=\"wp-block-heading\" id=\"h-couts-des-services-reduits-de-50\">Co\u00fbts des services r\u00e9duits de 50 %<\/h2>\n\n\n\n<p>Enfin, Mohamed Adel Chouari a indiqu\u00e9 que les co\u00fbts des services seront r\u00e9duits de 50 %, avec une baisse des tarifs l\u00e9gaux de moiti\u00e9 par rapport \u00e0 leur niveau actuel.<\/p>\n\n\n\n<p><\/p>\n","protected":false},"excerpt":{"rendered":"<p>Le Registre national des entreprises s\u2019appr\u00eate \u00e0 franchir une \u00e9tape d\u00e9cisive dans la digitalisation de ses services. Son directeur g\u00e9n\u00e9ral, Mohamed Adel Chouari, a annonc\u00e9 qu\u2019\u00e0 partir du 1er juillet 2026, l\u2019institution abandonnera d\u00e9finitivement le d\u00e9p\u00f4t de dossiers papier pour adopter des procedures enti\u00e8rement num\u00e9riques via sa plateforme. Dans ce cadre, une nouvelle avanc\u00e9e est [&hellip;]<\/p>\n","protected":false},"author":3184,"featured_media":396870,"comment_status":"closed","ping_status":"closed","sticky":false,"template":"","format":"standard","meta":{"footnotes":""},"categories":[13163,44],"tags":[4581,2608],"class_list":["post-396869","post","type-post","status-publish","format-standard","has-post-thumbnail","hentry","category-epingle","category-national","tag-rne","tag-tunisie"],"yoast_head":"<!-- This site is optimized with the Yoast SEO Premium plugin v27.4 (Yoast SEO v27.4) - https:\/\/yoast.com\/product\/yoast-seo-premium-wordpress\/ -->\n<title>Tunisie : Le Registre national des entreprises passe au tout num\u00e9rique ? - webdo<\/title>\n<meta name=\"description\" content=\"D\u00e9couvrez les changements du Registre des entreprises avec la digitalisation compl\u00e8te pr\u00e9vue pour juillet 2026.\" \/>\n<link rel=\"canonical\" href=\"https:\/\/www.webdo.tn\/fr\/actualite\/national\/tunisie-le-registre-national-des-entreprises-passe-au-tout-numerique\/396869\/\" \/>\n<meta property=\"og:locale\" content=\"fr_FR\" \/>\n<meta property=\"og:type\" content=\"article\" \/>\n<meta property=\"og:title\" content=\"Tunisie : Le Registre national des entreprises passe au tout num\u00e9rique ?\" \/>\n<meta property=\"og:description\" content=\"D\u00e9couvrez les changements du Registre des entreprises avec la digitalisation compl\u00e8te pr\u00e9vue pour juillet 2026.\" \/>\n<meta property=\"og:url\" content=\"https:\/\/www.webdo.tn\/fr\/actualite\/national\/tunisie-le-registre-national-des-entreprises-passe-au-tout-numerique\/396869\/\" \/>\n<meta property=\"og:site_name\" content=\"webdo\" \/>\n<meta property=\"article:publisher\" content=\"https:\/\/www.facebook.com\/webdotn\" \/>\n<meta property=\"article:published_time\" content=\"2026-04-26T10:04:01+00:00\" \/>\n<meta property=\"article:modified_time\" content=\"2026-04-26T10:04:03+00:00\" \/>\n<meta property=\"og:image\" content=\"https:\/\/www.webdo.tn\/fr\/wp-content\/uploads\/2026\/04\/rne.jpg\" \/>\n\t<meta property=\"og:image:width\" content=\"1200\" \/>\n\t<meta property=\"og:image:height\" content=\"600\" \/>\n\t<meta property=\"og:image:type\" content=\"image\/jpeg\" \/>\n<meta name=\"author\" content=\"Wided Belhaj\" \/>\n<meta name=\"twitter:card\" content=\"summary_large_image\" \/>\n<meta name=\"twitter:creator\" content=\"@webdo_tn\" \/>\n<meta name=\"twitter:site\" content=\"@webdo_tn\" \/>\n<meta name=\"twitter:label1\" content=\"\u00c9crit par\" \/>\n\t<meta name=\"twitter:data1\" content=\"Wided Belhaj\" \/>\n\t<meta name=\"twitter:label2\" content=\"Dur\u00e9e de lecture estim\u00e9e\" \/>\n\t<meta name=\"twitter:data2\" content=\"2 minutes\" \/>\n<script type=\"application\/ld+json\" class=\"yoast-schema-graph\">{\"@context\":\"https:\\\/\\\/schema.org\",\"@graph\":[{\"@type\":\"NewsArticle\",\"@id\":\"https:\\\/\\\/www.webdo.tn\\\/fr\\\/actualite\\\/national\\\/tunisie-le-registre-national-des-entreprises-passe-au-tout-numerique\\\/396869\\\/#article\",\"isPartOf\":{\"@id\":\"https:\\\/\\\/www.webdo.tn\\\/fr\\\/actualite\\\/national\\\/tunisie-le-registre-national-des-entreprises-passe-au-tout-numerique\\\/396869\\\/\"},\"author\":{\"name\":\"Wided Belhaj\",\"@id\":\"https:\\\/\\\/www.webdo.tn\\\/fr\\\/#\\\/schema\\\/person\\\/b9ecde7a5574cb4fcf4b496ea5fadb15\"},\"headline\":\"Tunisie : Le Registre national des entreprises passe au tout num\u00e9rique ?\",\"datePublished\":\"2026-04-26T10:04:01+00:00\",\"dateModified\":\"2026-04-26T10:04:03+00:00\",\"mainEntityOfPage\":{\"@id\":\"https:\\\/\\\/www.webdo.tn\\\/fr\\\/actualite\\\/national\\\/tunisie-le-registre-national-des-entreprises-passe-au-tout-numerique\\\/396869\\\/\"},\"wordCount\":302,\"publisher\":{\"@id\":\"https:\\\/\\\/www.webdo.tn\\\/fr\\\/#organization\"},\"image\":{\"@id\":\"https:\\\/\\\/www.webdo.tn\\\/fr\\\/actualite\\\/national\\\/tunisie-le-registre-national-des-entreprises-passe-au-tout-numerique\\\/396869\\\/#primaryimage\"},\"thumbnailUrl\":\"https:\\\/\\\/www.webdo.tn\\\/fr\\\/wp-content\\\/uploads\\\/2026\\\/04\\\/rne.jpg\",\"keywords\":[\"RNE\",\"Tunisie\"],\"articleSection\":[\"\u00c9pingle\",\"National\"],\"inLanguage\":\"fr-FR\"},{\"@type\":\"WebPage\",\"@id\":\"https:\\\/\\\/www.webdo.tn\\\/fr\\\/actualite\\\/national\\\/tunisie-le-registre-national-des-entreprises-passe-au-tout-numerique\\\/396869\\\/\",\"url\":\"https:\\\/\\\/www.webdo.tn\\\/fr\\\/actualite\\\/national\\\/tunisie-le-registre-national-des-entreprises-passe-au-tout-numerique\\\/396869\\\/\",\"name\":\"Tunisie : Le Registre national des entreprises passe au tout num\u00e9rique ? - webdo\",\"isPartOf\":{\"@id\":\"https:\\\/\\\/www.webdo.tn\\\/fr\\\/#website\"},\"primaryImageOfPage\":{\"@id\":\"https:\\\/\\\/www.webdo.tn\\\/fr\\\/actualite\\\/national\\\/tunisie-le-registre-national-des-entreprises-passe-au-tout-numerique\\\/396869\\\/#primaryimage\"},\"image\":{\"@id\":\"https:\\\/\\\/www.webdo.tn\\\/fr\\\/actualite\\\/national\\\/tunisie-le-registre-national-des-entreprises-passe-au-tout-numerique\\\/396869\\\/#primaryimage\"},\"thumbnailUrl\":\"https:\\\/\\\/www.webdo.tn\\\/fr\\\/wp-content\\\/uploads\\\/2026\\\/04\\\/rne.jpg\",\"datePublished\":\"2026-04-26T10:04:01+00:00\",\"dateModified\":\"2026-04-26T10:04:03+00:00\",\"description\":\"D\u00e9couvrez les changements du Registre des entreprises avec la digitalisation compl\u00e8te pr\u00e9vue pour juillet 2026.\",\"breadcrumb\":{\"@id\":\"https:\\\/\\\/www.webdo.tn\\\/fr\\\/actualite\\\/national\\\/tunisie-le-registre-national-des-entreprises-passe-au-tout-numerique\\\/396869\\\/#breadcrumb\"},\"inLanguage\":\"fr-FR\",\"potentialAction\":[{\"@type\":\"ReadAction\",\"target\":[\"https:\\\/\\\/www.webdo.tn\\\/fr\\\/actualite\\\/national\\\/tunisie-le-registre-national-des-entreprises-passe-au-tout-numerique\\\/396869\\\/\"]}]},{\"@type\":\"ImageObject\",\"inLanguage\":\"fr-FR\",\"@id\":\"https:\\\/\\\/www.webdo.tn\\\/fr\\\/actualite\\\/national\\\/tunisie-le-registre-national-des-entreprises-passe-au-tout-numerique\\\/396869\\\/#primaryimage\",\"url\":\"https:\\\/\\\/www.webdo.tn\\\/fr\\\/wp-content\\\/uploads\\\/2026\\\/04\\\/rne.jpg\",\"contentUrl\":\"https:\\\/\\\/www.webdo.tn\\\/fr\\\/wp-content\\\/uploads\\\/2026\\\/04\\\/rne.jpg\",\"width\":1200,\"height\":600,\"caption\":\"RNE\"},{\"@type\":\"BreadcrumbList\",\"@id\":\"https:\\\/\\\/www.webdo.tn\\\/fr\\\/actualite\\\/national\\\/tunisie-le-registre-national-des-entreprises-passe-au-tout-numerique\\\/396869\\\/#breadcrumb\",\"itemListElement\":[{\"@type\":\"ListItem\",\"position\":1,\"name\":\"Accueil\",\"item\":\"https:\\\/\\\/www.webdo.tn\\\/fr\\\/\"},{\"@type\":\"ListItem\",\"position\":2,\"name\":\"Tunisie : Le Registre national des entreprises passe au tout num\u00e9rique ?\"}]},{\"@type\":\"WebSite\",\"@id\":\"https:\\\/\\\/www.webdo.tn\\\/fr\\\/#website\",\"url\":\"https:\\\/\\\/www.webdo.tn\\\/fr\\\/\",\"name\":\"webdo\",\"description\":\"Tunisie - News en Tunisie et \u00e0 l&#039;international sur Webdo.tn\",\"publisher\":{\"@id\":\"https:\\\/\\\/www.webdo.tn\\\/fr\\\/#organization\"},\"potentialAction\":[{\"@type\":\"SearchAction\",\"target\":{\"@type\":\"EntryPoint\",\"urlTemplate\":\"https:\\\/\\\/www.webdo.tn\\\/fr\\\/?s={search_term_string}\"},\"query-input\":{\"@type\":\"PropertyValueSpecification\",\"valueRequired\":true,\"valueName\":\"search_term_string\"}}],\"inLanguage\":\"fr-FR\"},{\"@type\":\"Organization\",\"@id\":\"https:\\\/\\\/www.webdo.tn\\\/fr\\\/#organization\",\"name\":\"Webdo\",\"alternateName\":\"Webdo.tn\",\"url\":\"https:\\\/\\\/www.webdo.tn\\\/fr\\\/\",\"logo\":{\"@type\":\"ImageObject\",\"inLanguage\":\"fr-FR\",\"@id\":\"https:\\\/\\\/www.webdo.tn\\\/fr\\\/#\\\/schema\\\/logo\\\/image\\\/\",\"url\":\"https:\\\/\\\/www.webdo.tn\\\/fr\\\/wp-content\\\/uploads\\\/2025\\\/06\\\/Webdo-Tunisie_168377.jpg\",\"contentUrl\":\"https:\\\/\\\/www.webdo.tn\\\/fr\\\/wp-content\\\/uploads\\\/2025\\\/06\\\/Webdo-Tunisie_168377.jpg\",\"width\":301,\"height\":301,\"caption\":\"Webdo\"},\"image\":{\"@id\":\"https:\\\/\\\/www.webdo.tn\\\/fr\\\/#\\\/schema\\\/logo\\\/image\\\/\"},\"sameAs\":[\"https:\\\/\\\/www.facebook.com\\\/webdotn\",\"https:\\\/\\\/x.com\\\/webdo_tn\"],\"description\":\"Webdo est un m\u00e9dia num\u00e9rique tunisien fond\u00e9 en 2010, sp\u00e9cialis\u00e9 dans l\u2019actualit\u00e9 nationale et internationale, l\u2019\u00e9conomie, la soci\u00e9t\u00e9 et les analyses politiques. Le site s\u2019adresse \u00e0 un large public francophone et couvre l\u2019information tunisienne en temps r\u00e9el.\",\"email\":\"redac@webdo.tn\",\"legalName\":\"YNJ SARL\",\"foundingDate\":\"2010-09-06\",\"numberOfEmployees\":{\"@type\":\"QuantitativeValue\",\"minValue\":\"11\",\"maxValue\":\"50\"}},{\"@type\":\"Person\",\"@id\":\"https:\\\/\\\/www.webdo.tn\\\/fr\\\/#\\\/schema\\\/person\\\/b9ecde7a5574cb4fcf4b496ea5fadb15\",\"name\":\"Wided Belhaj\",\"image\":{\"@type\":\"ImageObject\",\"inLanguage\":\"fr-FR\",\"@id\":\"https:\\\/\\\/www.webdo.tn\\\/fr\\\/wp-content\\\/uploads\\\/2026\\\/04\\\/wided-belhaj_avatar-96x96.jpg\",\"url\":\"https:\\\/\\\/www.webdo.tn\\\/fr\\\/wp-content\\\/uploads\\\/2026\\\/04\\\/wided-belhaj_avatar-96x96.jpg\",\"contentUrl\":\"https:\\\/\\\/www.webdo.tn\\\/fr\\\/wp-content\\\/uploads\\\/2026\\\/04\\\/wided-belhaj_avatar-96x96.jpg\",\"caption\":\"Wided Belhaj\"},\"description\":\"Wided Belhaj est le pseudonyme \u00e9ditorial utilis\u00e9 par Khalil Jelassi, journaliste, ma\u00eetre-assistant \u00e0 l\u2019Institut de presse et des sciences de l\u2019information (IPSI) et chercheur en sciences de l\u2019information et de la communication. Cette signature est d\u00e9di\u00e9e \u00e0 l\u2019analyse des m\u00e9dias, des pratiques journalistiques et des mutations de l\u2019information \u00e0 l\u2019\u00e8re digitale. \u00c0 travers ses contributions, Wided Belhaj propose une lecture analytique de l\u2019actualit\u00e9, en croisant regard critique et expertise acad\u00e9mique.\",\"knowsAbout\":[\"m\u00e9dias\",\"journalisme\",\"communication\",\"information\",\"transformation num\u00e9rique\",\"analyse des m\u00e9dias\"],\"knowsLanguage\":[\"Fran\u00e7ais\",\"Arabe\"],\"jobTitle\":\"Webdo.tn\",\"worksFor\":\"Journaliste \u2013 Analyse des m\u00e9dias\",\"url\":\"https:\\\/\\\/www.webdo.tn\\\/fr\\\/actualite\\\/author\\\/wided-belhaj\\\/\"}]}<\/script>\n<!-- \/ Yoast SEO Premium plugin. -->","yoast_head_json":{"title":"Tunisie : Le Registre national des entreprises passe au tout num\u00e9rique ? - webdo","description":"D\u00e9couvrez les changements du Registre des entreprises avec la digitalisation compl\u00e8te pr\u00e9vue pour juillet 2026.","canonical":"https:\/\/www.webdo.tn\/fr\/actualite\/national\/tunisie-le-registre-national-des-entreprises-passe-au-tout-numerique\/396869\/","og_locale":"fr_FR","og_type":"article","og_title":"Tunisie : Le Registre national des entreprises passe au tout num\u00e9rique ?","og_description":"D\u00e9couvrez les changements du Registre des entreprises avec la digitalisation compl\u00e8te pr\u00e9vue pour juillet 2026.","og_url":"https:\/\/www.webdo.tn\/fr\/actualite\/national\/tunisie-le-registre-national-des-entreprises-passe-au-tout-numerique\/396869\/","og_site_name":"webdo","article_publisher":"https:\/\/www.facebook.com\/webdotn","article_published_time":"2026-04-26T10:04:01+00:00","article_modified_time":"2026-04-26T10:04:03+00:00","og_image":[{"width":1200,"height":600,"url":"https:\/\/www.webdo.tn\/fr\/wp-content\/uploads\/2026\/04\/rne.jpg","type":"image\/jpeg"}],"author":"Wided Belhaj","twitter_card":"summary_large_image","twitter_creator":"@webdo_tn","twitter_site":"@webdo_tn","twitter_misc":{"\u00c9crit par":"Wided Belhaj","Dur\u00e9e de lecture estim\u00e9e":"2 minutes"},"schema":{"@context":"https:\/\/schema.org","@graph":[{"@type":"NewsArticle","@id":"https:\/\/www.webdo.tn\/fr\/actualite\/national\/tunisie-le-registre-national-des-entreprises-passe-au-tout-numerique\/396869\/#article","isPartOf":{"@id":"https:\/\/www.webdo.tn\/fr\/actualite\/national\/tunisie-le-registre-national-des-entreprises-passe-au-tout-numerique\/396869\/"},"author":{"name":"Wided Belhaj","@id":"https:\/\/www.webdo.tn\/fr\/#\/schema\/person\/b9ecde7a5574cb4fcf4b496ea5fadb15"},"headline":"Tunisie : Le Registre national des entreprises passe au tout num\u00e9rique ?","datePublished":"2026-04-26T10:04:01+00:00","dateModified":"2026-04-26T10:04:03+00:00","mainEntityOfPage":{"@id":"https:\/\/www.webdo.tn\/fr\/actualite\/national\/tunisie-le-registre-national-des-entreprises-passe-au-tout-numerique\/396869\/"},"wordCount":302,"publisher":{"@id":"https:\/\/www.webdo.tn\/fr\/#organization"},"image":{"@id":"https:\/\/www.webdo.tn\/fr\/actualite\/national\/tunisie-le-registre-national-des-entreprises-passe-au-tout-numerique\/396869\/#primaryimage"},"thumbnailUrl":"https:\/\/www.webdo.tn\/fr\/wp-content\/uploads\/2026\/04\/rne.jpg","keywords":["RNE","Tunisie"],"articleSection":["\u00c9pingle","National"],"inLanguage":"fr-FR"},{"@type":"WebPage","@id":"https:\/\/www.webdo.tn\/fr\/actualite\/national\/tunisie-le-registre-national-des-entreprises-passe-au-tout-numerique\/396869\/","url":"https:\/\/www.webdo.tn\/fr\/actualite\/national\/tunisie-le-registre-national-des-entreprises-passe-au-tout-numerique\/396869\/","name":"Tunisie : Le Registre national des entreprises passe au tout num\u00e9rique ? - webdo","isPartOf":{"@id":"https:\/\/www.webdo.tn\/fr\/#website"},"primaryImageOfPage":{"@id":"https:\/\/www.webdo.tn\/fr\/actualite\/national\/tunisie-le-registre-national-des-entreprises-passe-au-tout-numerique\/396869\/#primaryimage"},"image":{"@id":"https:\/\/www.webdo.tn\/fr\/actualite\/national\/tunisie-le-registre-national-des-entreprises-passe-au-tout-numerique\/396869\/#primaryimage"},"thumbnailUrl":"https:\/\/www.webdo.tn\/fr\/wp-content\/uploads\/2026\/04\/rne.jpg","datePublished":"2026-04-26T10:04:01+00:00","dateModified":"2026-04-26T10:04:03+00:00","description":"D\u00e9couvrez les changements du Registre des entreprises avec la digitalisation compl\u00e8te pr\u00e9vue pour juillet 2026.","breadcrumb":{"@id":"https:\/\/www.webdo.tn\/fr\/actualite\/national\/tunisie-le-registre-national-des-entreprises-passe-au-tout-numerique\/396869\/#breadcrumb"},"inLanguage":"fr-FR","potentialAction":[{"@type":"ReadAction","target":["https:\/\/www.webdo.tn\/fr\/actualite\/national\/tunisie-le-registre-national-des-entreprises-passe-au-tout-numerique\/396869\/"]}]},{"@type":"ImageObject","inLanguage":"fr-FR","@id":"https:\/\/www.webdo.tn\/fr\/actualite\/national\/tunisie-le-registre-national-des-entreprises-passe-au-tout-numerique\/396869\/#primaryimage","url":"https:\/\/www.webdo.tn\/fr\/wp-content\/uploads\/2026\/04\/rne.jpg","contentUrl":"https:\/\/www.webdo.tn\/fr\/wp-content\/uploads\/2026\/04\/rne.jpg","width":1200,"height":600,"caption":"RNE"},{"@type":"BreadcrumbList","@id":"https:\/\/www.webdo.tn\/fr\/actualite\/national\/tunisie-le-registre-national-des-entreprises-passe-au-tout-numerique\/396869\/#breadcrumb","itemListElement":[{"@type":"ListItem","position":1,"name":"Accueil","item":"https:\/\/www.webdo.tn\/fr\/"},{"@type":"ListItem","position":2,"name":"Tunisie : Le Registre national des entreprises passe au tout num\u00e9rique ?"}]},{"@type":"WebSite","@id":"https:\/\/www.webdo.tn\/fr\/#website","url":"https:\/\/www.webdo.tn\/fr\/","name":"webdo","description":"Tunisie - News en Tunisie et \u00e0 l&#039;international sur Webdo.tn","publisher":{"@id":"https:\/\/www.webdo.tn\/fr\/#organization"},"potentialAction":[{"@type":"SearchAction","target":{"@type":"EntryPoint","urlTemplate":"https:\/\/www.webdo.tn\/fr\/?s={search_term_string}"},"query-input":{"@type":"PropertyValueSpecification","valueRequired":true,"valueName":"search_term_string"}}],"inLanguage":"fr-FR"},{"@type":"Organization","@id":"https:\/\/www.webdo.tn\/fr\/#organization","name":"Webdo","alternateName":"Webdo.tn","url":"https:\/\/www.webdo.tn\/fr\/","logo":{"@type":"ImageObject","inLanguage":"fr-FR","@id":"https:\/\/www.webdo.tn\/fr\/#\/schema\/logo\/image\/","url":"https:\/\/www.webdo.tn\/fr\/wp-content\/uploads\/2025\/06\/Webdo-Tunisie_168377.jpg","contentUrl":"https:\/\/www.webdo.tn\/fr\/wp-content\/uploads\/2025\/06\/Webdo-Tunisie_168377.jpg","width":301,"height":301,"caption":"Webdo"},"image":{"@id":"https:\/\/www.webdo.tn\/fr\/#\/schema\/logo\/image\/"},"sameAs":["https:\/\/www.facebook.com\/webdotn","https:\/\/x.com\/webdo_tn"],"description":"Webdo est un m\u00e9dia num\u00e9rique tunisien fond\u00e9 en 2010, sp\u00e9cialis\u00e9 dans l\u2019actualit\u00e9 nationale et internationale, l\u2019\u00e9conomie, la soci\u00e9t\u00e9 et les analyses politiques. Le site s\u2019adresse \u00e0 un large public francophone et couvre l\u2019information tunisienne en temps r\u00e9el.","email":"redac@webdo.tn","legalName":"YNJ SARL","foundingDate":"2010-09-06","numberOfEmployees":{"@type":"QuantitativeValue","minValue":"11","maxValue":"50"}},{"@type":"Person","@id":"https:\/\/www.webdo.tn\/fr\/#\/schema\/person\/b9ecde7a5574cb4fcf4b496ea5fadb15","name":"Wided Belhaj","image":{"@type":"ImageObject","inLanguage":"fr-FR","@id":"https:\/\/www.webdo.tn\/fr\/wp-content\/uploads\/2026\/04\/wided-belhaj_avatar-96x96.jpg","url":"https:\/\/www.webdo.tn\/fr\/wp-content\/uploads\/2026\/04\/wided-belhaj_avatar-96x96.jpg","contentUrl":"https:\/\/www.webdo.tn\/fr\/wp-content\/uploads\/2026\/04\/wided-belhaj_avatar-96x96.jpg","caption":"Wided Belhaj"},"description":"Wided Belhaj est le pseudonyme \u00e9ditorial utilis\u00e9 par Khalil Jelassi, journaliste, ma\u00eetre-assistant \u00e0 l\u2019Institut de presse et des sciences de l\u2019information (IPSI) et chercheur en sciences de l\u2019information et de la communication. Cette signature est d\u00e9di\u00e9e \u00e0 l\u2019analyse des m\u00e9dias, des pratiques journalistiques et des mutations de l\u2019information \u00e0 l\u2019\u00e8re digitale. \u00c0 travers ses contributions, Wided Belhaj propose une lecture analytique de l\u2019actualit\u00e9, en croisant regard critique et expertise acad\u00e9mique.","knowsAbout":["m\u00e9dias","journalisme","communication","information","transformation num\u00e9rique","analyse des m\u00e9dias"],"knowsLanguage":["Fran\u00e7ais","Arabe"],"jobTitle":"Webdo.tn","worksFor":"Journaliste \u2013 Analyse des m\u00e9dias","url":"https:\/\/www.webdo.tn\/fr\/actualite\/author\/wided-belhaj\/"}]}},"_links":{"self":[{"href":"https:\/\/www.webdo.tn\/fr\/wp-json\/wp\/v2\/posts\/396869","targetHints":{"allow":["GET"]}}],"collection":[{"href":"https:\/\/www.webdo.tn\/fr\/wp-json\/wp\/v2\/posts"}],"about":[{"href":"https:\/\/www.webdo.tn\/fr\/wp-json\/wp\/v2\/types\/post"}],"author":[{"embeddable":true,"href":"https:\/\/www.webdo.tn\/fr\/wp-json\/wp\/v2\/users\/3184"}],"replies":[{"embeddable":true,"href":"https:\/\/www.webdo.tn\/fr\/wp-json\/wp\/v2\/comments?post=396869"}],"version-history":[{"count":1,"href":"https:\/\/www.webdo.tn\/fr\/wp-json\/wp\/v2\/posts\/396869\/revisions"}],"predecessor-version":[{"id":396871,"href":"https:\/\/www.webdo.tn\/fr\/wp-json\/wp\/v2\/posts\/396869\/revisions\/396871"}],"wp:featuredmedia":[{"embeddable":true,"href":"https:\/\/www.webdo.tn\/fr\/wp-json\/wp\/v2\/media\/396870"}],"wp:attachment":[{"href":"https:\/\/www.webdo.tn\/fr\/wp-json\/wp\/v2\/media?parent=396869"}],"wp:term":[{"taxonomy":"category","embeddable":true,"href":"https:\/\/www.webdo.tn\/fr\/wp-json\/wp\/v2\/categories?post=396869"},{"taxonomy":"post_tag","embeddable":true,"href":"https:\/\/www.webdo.tn\/fr\/wp-json\/wp\/v2\/tags?post=396869"}],"curies":[{"name":"wp","href":"https:\/\/api.w.org\/{rel}","templated":true}]}}