{"id":396866,"date":"2026-04-26T10:27:14","date_gmt":"2026-04-26T09:27:14","guid":{"rendered":"https:\/\/www.webdo.tn\/fr\/?p=396866"},"modified":"2026-04-26T12:01:37","modified_gmt":"2026-04-26T11:01:37","slug":"snapshot-la-marsa-et-maintenant-cest-le-saf-saf-quon-defigure","status":"publish","type":"post","link":"https:\/\/www.webdo.tn\/fr\/actualite\/chroniques\/snapshot-la-marsa-et-maintenant-cest-le-saf-saf-quon-defigure\/396866\/","title":{"rendered":"Snapshot &#8211; La Marsa : Et maintenant\u00a0 c&rsquo;est le Saf Saf qu&rsquo;on d\u00e9figure"},"content":{"rendered":"\n<p><\/p>\n\n\n\n<p><strong>Est-ce logique de continuer \u00e0 d\u00e9figurer la petite place du Saf Saf ? D\u00e9sormais, ce c\u0153ur n\u00e9vralgique de la convivialit\u00e9 marsoise est litt\u00e9ralement occup\u00e9 par des kiosques qui poussent comme des champignons.<\/strong><\/p>\n\n\n\n<p>C&rsquo;est au d\u00e9triment du tourisme local et de l&rsquo;identit\u00e9 la plus \u00e9l\u00e9mentaire de la ville baln\u00e9aire de la Marsa que cette d\u00e9route de l&rsquo;espace public se poursuit.<\/p>\n\n\n\n<p>Malgr\u00e9 les protestations des riverains, malgr\u00e9 le bon sens, on construit l\u00e0 o\u00f9 le patrimoine immat\u00e9riel devrait \u00eatre pr\u00e9serv\u00e9. C&rsquo;est tout un art de vivre et l&rsquo;image de marque d&rsquo;une ville qui sont menac\u00e9s par les coups de boutoir d&rsquo;un incivisme d&rsquo;autant plus pernicieux qu&rsquo;il se drape dans des oripeaux mensongers.<\/p>\n\n\n\n<p>Est-ce ainsi que nous maltraitons notre espace public ? Est-ce que la notion de l\u00e9galit\u00e9 qui est ainsi d\u00e9fendue ? Pourquoi d\u00e9figurer un patrimoine pour quelques fricass\u00e9s de plus ?<\/p>\n\n\n\n<p class=\"has-medium-font-size\"><strong>Lire aussi <\/strong>:\u00a0<a href=\"https:\/\/www.webdo.tn\/fr\/actualite\/chroniques\/snapshot-la-marsa-le-mystere-de-qobbet-el-hawa\/383133\/\">Snapshot \u2013 La Marsa : Le myst\u00e8re de Qobbet El Hawa<\/a> <\/p>\n\n\n\n<p>Il est triste de constater la d\u00e9rive programm\u00e9e de toute une banlieue nord qui, de la Marsa \u00e0 Sidi Bou Said, est d\u00e9faite par la connivence du commerce informel et de l&rsquo;urbanisme insens\u00e9.<\/p>\n\n\n\n<p>Notre photo montre la derni\u00e8re \u00a0\u00bb bicoque \u00a0\u00bb \u00e0 avoir surgi sur la place du Saf Saf au m\u00e9pris de l&rsquo;\u00e9quilibre urbain, du respect mutuel et du bon sens le plus \u00e9l\u00e9mentaire.<\/p>\n\n\n\n<p><\/p>\n","protected":false},"excerpt":{"rendered":"<p>Est-ce logique de continuer \u00e0 d\u00e9figurer la petite place du Saf Saf ? D\u00e9sormais, ce c\u0153ur n\u00e9vralgique de la convivialit\u00e9 marsoise est litt\u00e9ralement occup\u00e9 par des kiosques qui poussent comme des champignons. C&rsquo;est au d\u00e9triment du tourisme local et de l&rsquo;identit\u00e9 la plus \u00e9l\u00e9mentaire de la ville baln\u00e9aire de la Marsa que cette d\u00e9route de [&hellip;]<\/p>\n","protected":false},"author":3229,"featured_media":396867,"comment_status":"closed","ping_status":"closed","sticky":false,"template":"","format":"standard","meta":{"footnotes":""},"categories":[2596],"tags":[4043,2608],"class_list":["post-396866","post","type-post","status-publish","format-standard","has-post-thumbnail","hentry","category-chroniques","tag-la-marsa","tag-tunisie"],"yoast_head":"<!-- This site is optimized with the Yoast SEO Premium plugin v27.4 (Yoast SEO v27.4) - https:\/\/yoast.com\/product\/yoast-seo-premium-wordpress\/ -->\n<title>Snapshot - La Marsa : Et maintenant\u00a0 c&#039;est le Saf Saf qu&#039;on d\u00e9figure - webdo<\/title>\n<meta name=\"description\" content=\"D\u00e9couvrez comment La Marsa souffre de l&#039;occupation excessive de son espace public, au d\u00e9triment de son identit\u00e9 locale.\" \/>\n<link rel=\"canonical\" href=\"https:\/\/www.webdo.tn\/fr\/actualite\/chroniques\/snapshot-la-marsa-et-maintenant-cest-le-saf-saf-quon-defigure\/396866\/\" \/>\n<meta property=\"og:locale\" content=\"fr_FR\" \/>\n<meta property=\"og:type\" content=\"article\" \/>\n<meta property=\"og:title\" content=\"Snapshot - La Marsa : Et maintenant\u00a0 c&#039;est le Saf Saf qu&#039;on d\u00e9figure\" \/>\n<meta property=\"og:description\" content=\"D\u00e9couvrez comment La Marsa souffre de l&#039;occupation excessive de son espace public, au d\u00e9triment de son identit\u00e9 locale.\" \/>\n<meta property=\"og:url\" content=\"https:\/\/www.webdo.tn\/fr\/actualite\/chroniques\/snapshot-la-marsa-et-maintenant-cest-le-saf-saf-quon-defigure\/396866\/\" \/>\n<meta property=\"og:site_name\" content=\"webdo\" \/>\n<meta property=\"article:publisher\" content=\"https:\/\/www.facebook.com\/webdotn\" \/>\n<meta property=\"article:author\" content=\"https:\/\/www.facebook.com\/hatem.bourial.2025\" \/>\n<meta property=\"article:published_time\" content=\"2026-04-26T09:27:14+00:00\" \/>\n<meta property=\"article:modified_time\" content=\"2026-04-26T11:01:37+00:00\" \/>\n<meta property=\"og:image\" content=\"https:\/\/www.webdo.tn\/fr\/wp-content\/uploads\/2026\/04\/la-marsa.jpg\" \/>\n\t<meta property=\"og:image:width\" content=\"1200\" \/>\n\t<meta property=\"og:image:height\" content=\"623\" \/>\n\t<meta property=\"og:image:type\" content=\"image\/jpeg\" \/>\n<meta name=\"author\" content=\"Hatem Bourial\" \/>\n<meta name=\"twitter:card\" content=\"summary_large_image\" \/>\n<meta name=\"twitter:creator\" content=\"@webdo_tn\" \/>\n<meta name=\"twitter:site\" content=\"@webdo_tn\" \/>\n<meta name=\"twitter:label1\" content=\"\u00c9crit par\" \/>\n\t<meta name=\"twitter:data1\" content=\"Hatem Bourial\" \/>\n\t<meta name=\"twitter:label2\" content=\"Dur\u00e9e de lecture estim\u00e9e\" \/>\n\t<meta name=\"twitter:data2\" content=\"2 minutes\" \/>\n<script type=\"application\/ld+json\" class=\"yoast-schema-graph\">{\"@context\":\"https:\\\/\\\/schema.org\",\"@graph\":[{\"@type\":\"NewsArticle\",\"@id\":\"https:\\\/\\\/www.webdo.tn\\\/fr\\\/actualite\\\/chroniques\\\/snapshot-la-marsa-et-maintenant-cest-le-saf-saf-quon-defigure\\\/396866\\\/#article\",\"isPartOf\":{\"@id\":\"https:\\\/\\\/www.webdo.tn\\\/fr\\\/actualite\\\/chroniques\\\/snapshot-la-marsa-et-maintenant-cest-le-saf-saf-quon-defigure\\\/396866\\\/\"},\"author\":{\"name\":\"Hatem Bourial\",\"@id\":\"https:\\\/\\\/www.webdo.tn\\\/fr\\\/#\\\/schema\\\/person\\\/6bc0beba2cd23aec27cb5df85ca2554f\"},\"headline\":\"Snapshot &#8211; La Marsa : Et maintenant\u00a0 c&rsquo;est le Saf Saf qu&rsquo;on d\u00e9figure\",\"datePublished\":\"2026-04-26T09:27:14+00:00\",\"dateModified\":\"2026-04-26T11:01:37+00:00\",\"mainEntityOfPage\":{\"@id\":\"https:\\\/\\\/www.webdo.tn\\\/fr\\\/actualite\\\/chroniques\\\/snapshot-la-marsa-et-maintenant-cest-le-saf-saf-quon-defigure\\\/396866\\\/\"},\"wordCount\":256,\"publisher\":{\"@id\":\"https:\\\/\\\/www.webdo.tn\\\/fr\\\/#organization\"},\"image\":{\"@id\":\"https:\\\/\\\/www.webdo.tn\\\/fr\\\/actualite\\\/chroniques\\\/snapshot-la-marsa-et-maintenant-cest-le-saf-saf-quon-defigure\\\/396866\\\/#primaryimage\"},\"thumbnailUrl\":\"https:\\\/\\\/www.webdo.tn\\\/fr\\\/wp-content\\\/uploads\\\/2026\\\/04\\\/la-marsa.jpg\",\"keywords\":[\"La Marsa\",\"Tunisie\"],\"articleSection\":[\"Chroniques\"],\"inLanguage\":\"fr-FR\"},{\"@type\":\"WebPage\",\"@id\":\"https:\\\/\\\/www.webdo.tn\\\/fr\\\/actualite\\\/chroniques\\\/snapshot-la-marsa-et-maintenant-cest-le-saf-saf-quon-defigure\\\/396866\\\/\",\"url\":\"https:\\\/\\\/www.webdo.tn\\\/fr\\\/actualite\\\/chroniques\\\/snapshot-la-marsa-et-maintenant-cest-le-saf-saf-quon-defigure\\\/396866\\\/\",\"name\":\"Snapshot - La Marsa : Et maintenant\u00a0 c'est le Saf Saf qu'on d\u00e9figure - webdo\",\"isPartOf\":{\"@id\":\"https:\\\/\\\/www.webdo.tn\\\/fr\\\/#website\"},\"primaryImageOfPage\":{\"@id\":\"https:\\\/\\\/www.webdo.tn\\\/fr\\\/actualite\\\/chroniques\\\/snapshot-la-marsa-et-maintenant-cest-le-saf-saf-quon-defigure\\\/396866\\\/#primaryimage\"},\"image\":{\"@id\":\"https:\\\/\\\/www.webdo.tn\\\/fr\\\/actualite\\\/chroniques\\\/snapshot-la-marsa-et-maintenant-cest-le-saf-saf-quon-defigure\\\/396866\\\/#primaryimage\"},\"thumbnailUrl\":\"https:\\\/\\\/www.webdo.tn\\\/fr\\\/wp-content\\\/uploads\\\/2026\\\/04\\\/la-marsa.jpg\",\"datePublished\":\"2026-04-26T09:27:14+00:00\",\"dateModified\":\"2026-04-26T11:01:37+00:00\",\"description\":\"D\u00e9couvrez comment La Marsa souffre de l'occupation excessive de son espace public, au d\u00e9triment de son identit\u00e9 locale.\",\"breadcrumb\":{\"@id\":\"https:\\\/\\\/www.webdo.tn\\\/fr\\\/actualite\\\/chroniques\\\/snapshot-la-marsa-et-maintenant-cest-le-saf-saf-quon-defigure\\\/396866\\\/#breadcrumb\"},\"inLanguage\":\"fr-FR\",\"potentialAction\":[{\"@type\":\"ReadAction\",\"target\":[\"https:\\\/\\\/www.webdo.tn\\\/fr\\\/actualite\\\/chroniques\\\/snapshot-la-marsa-et-maintenant-cest-le-saf-saf-quon-defigure\\\/396866\\\/\"]}]},{\"@type\":\"ImageObject\",\"inLanguage\":\"fr-FR\",\"@id\":\"https:\\\/\\\/www.webdo.tn\\\/fr\\\/actualite\\\/chroniques\\\/snapshot-la-marsa-et-maintenant-cest-le-saf-saf-quon-defigure\\\/396866\\\/#primaryimage\",\"url\":\"https:\\\/\\\/www.webdo.tn\\\/fr\\\/wp-content\\\/uploads\\\/2026\\\/04\\\/la-marsa.jpg\",\"contentUrl\":\"https:\\\/\\\/www.webdo.tn\\\/fr\\\/wp-content\\\/uploads\\\/2026\\\/04\\\/la-marsa.jpg\",\"width\":1200,\"height\":623,\"caption\":\"La Marsa Safsaf\"},{\"@type\":\"BreadcrumbList\",\"@id\":\"https:\\\/\\\/www.webdo.tn\\\/fr\\\/actualite\\\/chroniques\\\/snapshot-la-marsa-et-maintenant-cest-le-saf-saf-quon-defigure\\\/396866\\\/#breadcrumb\",\"itemListElement\":[{\"@type\":\"ListItem\",\"position\":1,\"name\":\"Accueil\",\"item\":\"https:\\\/\\\/www.webdo.tn\\\/fr\\\/\"},{\"@type\":\"ListItem\",\"position\":2,\"name\":\"Snapshot &#8211; La Marsa : Et maintenant\u00a0 c&rsquo;est le Saf Saf qu&rsquo;on d\u00e9figure\"}]},{\"@type\":\"WebSite\",\"@id\":\"https:\\\/\\\/www.webdo.tn\\\/fr\\\/#website\",\"url\":\"https:\\\/\\\/www.webdo.tn\\\/fr\\\/\",\"name\":\"webdo\",\"description\":\"Tunisie - News en Tunisie et \u00e0 l&#039;international sur Webdo.tn\",\"publisher\":{\"@id\":\"https:\\\/\\\/www.webdo.tn\\\/fr\\\/#organization\"},\"potentialAction\":[{\"@type\":\"SearchAction\",\"target\":{\"@type\":\"EntryPoint\",\"urlTemplate\":\"https:\\\/\\\/www.webdo.tn\\\/fr\\\/?s={search_term_string}\"},\"query-input\":{\"@type\":\"PropertyValueSpecification\",\"valueRequired\":true,\"valueName\":\"search_term_string\"}}],\"inLanguage\":\"fr-FR\"},{\"@type\":\"Organization\",\"@id\":\"https:\\\/\\\/www.webdo.tn\\\/fr\\\/#organization\",\"name\":\"Webdo\",\"alternateName\":\"Webdo.tn\",\"url\":\"https:\\\/\\\/www.webdo.tn\\\/fr\\\/\",\"logo\":{\"@type\":\"ImageObject\",\"inLanguage\":\"fr-FR\",\"@id\":\"https:\\\/\\\/www.webdo.tn\\\/fr\\\/#\\\/schema\\\/logo\\\/image\\\/\",\"url\":\"https:\\\/\\\/www.webdo.tn\\\/fr\\\/wp-content\\\/uploads\\\/2025\\\/06\\\/Webdo-Tunisie_168377.jpg\",\"contentUrl\":\"https:\\\/\\\/www.webdo.tn\\\/fr\\\/wp-content\\\/uploads\\\/2025\\\/06\\\/Webdo-Tunisie_168377.jpg\",\"width\":301,\"height\":301,\"caption\":\"Webdo\"},\"image\":{\"@id\":\"https:\\\/\\\/www.webdo.tn\\\/fr\\\/#\\\/schema\\\/logo\\\/image\\\/\"},\"sameAs\":[\"https:\\\/\\\/www.facebook.com\\\/webdotn\",\"https:\\\/\\\/x.com\\\/webdo_tn\"],\"description\":\"Webdo est un m\u00e9dia num\u00e9rique tunisien fond\u00e9 en 2010, sp\u00e9cialis\u00e9 dans l\u2019actualit\u00e9 nationale et internationale, l\u2019\u00e9conomie, la soci\u00e9t\u00e9 et les analyses politiques. Le site s\u2019adresse \u00e0 un large public francophone et couvre l\u2019information tunisienne en temps r\u00e9el.\",\"email\":\"redac@webdo.tn\",\"legalName\":\"YNJ SARL\",\"foundingDate\":\"2010-09-06\",\"numberOfEmployees\":{\"@type\":\"QuantitativeValue\",\"minValue\":\"11\",\"maxValue\":\"50\"}},{\"@type\":\"Person\",\"@id\":\"https:\\\/\\\/www.webdo.tn\\\/fr\\\/#\\\/schema\\\/person\\\/6bc0beba2cd23aec27cb5df85ca2554f\",\"name\":\"Hatem Bourial\",\"image\":{\"@type\":\"ImageObject\",\"inLanguage\":\"fr-FR\",\"@id\":\"https:\\\/\\\/www.webdo.tn\\\/fr\\\/wp-content\\\/uploads\\\/2026\\\/04\\\/hatem-bourial_avatar-96x96.jpg\",\"url\":\"https:\\\/\\\/www.webdo.tn\\\/fr\\\/wp-content\\\/uploads\\\/2026\\\/04\\\/hatem-bourial_avatar-96x96.jpg\",\"contentUrl\":\"https:\\\/\\\/www.webdo.tn\\\/fr\\\/wp-content\\\/uploads\\\/2026\\\/04\\\/hatem-bourial_avatar-96x96.jpg\",\"caption\":\"Hatem Bourial\"},\"description\":\"Hatem Bourial est journaliste, \u00e9crivain et chroniqueur tunisien. Actif depuis plusieurs d\u00e9cennies, il s\u2019est impos\u00e9 comme un observateur attentif de la soci\u00e9t\u00e9 tunisienne, m\u00ealant dans ses \u00e9crits m\u00e9moire, culture et analyse du quotidien. Auteur de nombreux ouvrages, il d\u00e9veloppe une \u0153uvre \u00e0 la crois\u00e9e du r\u00e9cit, de la po\u00e9sie et de l\u2019observation sociologique. Parall\u00e8lement \u00e0 ses contributions dans la presse, il intervient r\u00e9guli\u00e8rement \u00e0 la radio et dans des espaces culturels, o\u00f9 il explore les enjeux li\u00e9s au patrimoine, \u00e0 l\u2019identit\u00e9 et aux transformations du monde contemporain. \u00c0 travers ses chroniques, Hatem Bourial propose une lecture sensible et approfondie de l\u2019actualit\u00e9, nourrie par une exp\u00e9rience journalistique et litt\u00e9raire reconnue. \ud83d\udd17 Facebook : https:\\\/\\\/www.facebook.com\\\/hatem.bourial.2025\",\"sameAs\":[\"https:\\\/\\\/www.facebook.com\\\/hatem.bourial.2025\",\"https:\\\/\\\/fr.wikipedia.org\\\/wiki\\\/Fichier:Hatem_Bourial.jpg\"],\"knowsAbout\":[\"Culture & patrimoine tunisien\",\"Chronique soci\u00e9tale\",\"Litt\u00e9rature & m\u00e9moire\",\"Cin\u00e9ma & critique culturelle\",\"Identit\u00e9 & mutations sociales\"],\"knowsLanguage\":[\"Arabe\",\"Fran\u00e7ais\",\"Anglais\",\"Italien\",\"Polonais\"],\"jobTitle\":\"Journaliste, \u00e9crivain et chroniqueur culturel\",\"worksFor\":\"Webdo\",\"url\":\"https:\\\/\\\/www.webdo.tn\\\/fr\\\/actualite\\\/author\\\/hatem-bourial-2\\\/\"}]}<\/script>\n<!-- \/ Yoast SEO Premium plugin. -->","yoast_head_json":{"title":"Snapshot - La Marsa : Et maintenant\u00a0 c'est le Saf Saf qu'on d\u00e9figure - webdo","description":"D\u00e9couvrez comment La Marsa souffre de l'occupation excessive de son espace public, au d\u00e9triment de son identit\u00e9 locale.","canonical":"https:\/\/www.webdo.tn\/fr\/actualite\/chroniques\/snapshot-la-marsa-et-maintenant-cest-le-saf-saf-quon-defigure\/396866\/","og_locale":"fr_FR","og_type":"article","og_title":"Snapshot - La Marsa : Et maintenant\u00a0 c'est le Saf Saf qu'on d\u00e9figure","og_description":"D\u00e9couvrez comment La Marsa souffre de l'occupation excessive de son espace public, au d\u00e9triment de son identit\u00e9 locale.","og_url":"https:\/\/www.webdo.tn\/fr\/actualite\/chroniques\/snapshot-la-marsa-et-maintenant-cest-le-saf-saf-quon-defigure\/396866\/","og_site_name":"webdo","article_publisher":"https:\/\/www.facebook.com\/webdotn","article_author":"https:\/\/www.facebook.com\/hatem.bourial.2025","article_published_time":"2026-04-26T09:27:14+00:00","article_modified_time":"2026-04-26T11:01:37+00:00","og_image":[{"width":1200,"height":623,"url":"https:\/\/www.webdo.tn\/fr\/wp-content\/uploads\/2026\/04\/la-marsa.jpg","type":"image\/jpeg"}],"author":"Hatem Bourial","twitter_card":"summary_large_image","twitter_creator":"@webdo_tn","twitter_site":"@webdo_tn","twitter_misc":{"\u00c9crit par":"Hatem Bourial","Dur\u00e9e de lecture estim\u00e9e":"2 minutes"},"schema":{"@context":"https:\/\/schema.org","@graph":[{"@type":"NewsArticle","@id":"https:\/\/www.webdo.tn\/fr\/actualite\/chroniques\/snapshot-la-marsa-et-maintenant-cest-le-saf-saf-quon-defigure\/396866\/#article","isPartOf":{"@id":"https:\/\/www.webdo.tn\/fr\/actualite\/chroniques\/snapshot-la-marsa-et-maintenant-cest-le-saf-saf-quon-defigure\/396866\/"},"author":{"name":"Hatem Bourial","@id":"https:\/\/www.webdo.tn\/fr\/#\/schema\/person\/6bc0beba2cd23aec27cb5df85ca2554f"},"headline":"Snapshot &#8211; La Marsa : Et maintenant\u00a0 c&rsquo;est le Saf Saf qu&rsquo;on d\u00e9figure","datePublished":"2026-04-26T09:27:14+00:00","dateModified":"2026-04-26T11:01:37+00:00","mainEntityOfPage":{"@id":"https:\/\/www.webdo.tn\/fr\/actualite\/chroniques\/snapshot-la-marsa-et-maintenant-cest-le-saf-saf-quon-defigure\/396866\/"},"wordCount":256,"publisher":{"@id":"https:\/\/www.webdo.tn\/fr\/#organization"},"image":{"@id":"https:\/\/www.webdo.tn\/fr\/actualite\/chroniques\/snapshot-la-marsa-et-maintenant-cest-le-saf-saf-quon-defigure\/396866\/#primaryimage"},"thumbnailUrl":"https:\/\/www.webdo.tn\/fr\/wp-content\/uploads\/2026\/04\/la-marsa.jpg","keywords":["La Marsa","Tunisie"],"articleSection":["Chroniques"],"inLanguage":"fr-FR"},{"@type":"WebPage","@id":"https:\/\/www.webdo.tn\/fr\/actualite\/chroniques\/snapshot-la-marsa-et-maintenant-cest-le-saf-saf-quon-defigure\/396866\/","url":"https:\/\/www.webdo.tn\/fr\/actualite\/chroniques\/snapshot-la-marsa-et-maintenant-cest-le-saf-saf-quon-defigure\/396866\/","name":"Snapshot - La Marsa : Et maintenant\u00a0 c'est le Saf Saf qu'on d\u00e9figure - webdo","isPartOf":{"@id":"https:\/\/www.webdo.tn\/fr\/#website"},"primaryImageOfPage":{"@id":"https:\/\/www.webdo.tn\/fr\/actualite\/chroniques\/snapshot-la-marsa-et-maintenant-cest-le-saf-saf-quon-defigure\/396866\/#primaryimage"},"image":{"@id":"https:\/\/www.webdo.tn\/fr\/actualite\/chroniques\/snapshot-la-marsa-et-maintenant-cest-le-saf-saf-quon-defigure\/396866\/#primaryimage"},"thumbnailUrl":"https:\/\/www.webdo.tn\/fr\/wp-content\/uploads\/2026\/04\/la-marsa.jpg","datePublished":"2026-04-26T09:27:14+00:00","dateModified":"2026-04-26T11:01:37+00:00","description":"D\u00e9couvrez comment La Marsa souffre de l'occupation excessive de son espace public, au d\u00e9triment de son identit\u00e9 locale.","breadcrumb":{"@id":"https:\/\/www.webdo.tn\/fr\/actualite\/chroniques\/snapshot-la-marsa-et-maintenant-cest-le-saf-saf-quon-defigure\/396866\/#breadcrumb"},"inLanguage":"fr-FR","potentialAction":[{"@type":"ReadAction","target":["https:\/\/www.webdo.tn\/fr\/actualite\/chroniques\/snapshot-la-marsa-et-maintenant-cest-le-saf-saf-quon-defigure\/396866\/"]}]},{"@type":"ImageObject","inLanguage":"fr-FR","@id":"https:\/\/www.webdo.tn\/fr\/actualite\/chroniques\/snapshot-la-marsa-et-maintenant-cest-le-saf-saf-quon-defigure\/396866\/#primaryimage","url":"https:\/\/www.webdo.tn\/fr\/wp-content\/uploads\/2026\/04\/la-marsa.jpg","contentUrl":"https:\/\/www.webdo.tn\/fr\/wp-content\/uploads\/2026\/04\/la-marsa.jpg","width":1200,"height":623,"caption":"La Marsa Safsaf"},{"@type":"BreadcrumbList","@id":"https:\/\/www.webdo.tn\/fr\/actualite\/chroniques\/snapshot-la-marsa-et-maintenant-cest-le-saf-saf-quon-defigure\/396866\/#breadcrumb","itemListElement":[{"@type":"ListItem","position":1,"name":"Accueil","item":"https:\/\/www.webdo.tn\/fr\/"},{"@type":"ListItem","position":2,"name":"Snapshot &#8211; La Marsa : Et maintenant\u00a0 c&rsquo;est le Saf Saf qu&rsquo;on d\u00e9figure"}]},{"@type":"WebSite","@id":"https:\/\/www.webdo.tn\/fr\/#website","url":"https:\/\/www.webdo.tn\/fr\/","name":"webdo","description":"Tunisie - News en Tunisie et \u00e0 l&#039;international sur Webdo.tn","publisher":{"@id":"https:\/\/www.webdo.tn\/fr\/#organization"},"potentialAction":[{"@type":"SearchAction","target":{"@type":"EntryPoint","urlTemplate":"https:\/\/www.webdo.tn\/fr\/?s={search_term_string}"},"query-input":{"@type":"PropertyValueSpecification","valueRequired":true,"valueName":"search_term_string"}}],"inLanguage":"fr-FR"},{"@type":"Organization","@id":"https:\/\/www.webdo.tn\/fr\/#organization","name":"Webdo","alternateName":"Webdo.tn","url":"https:\/\/www.webdo.tn\/fr\/","logo":{"@type":"ImageObject","inLanguage":"fr-FR","@id":"https:\/\/www.webdo.tn\/fr\/#\/schema\/logo\/image\/","url":"https:\/\/www.webdo.tn\/fr\/wp-content\/uploads\/2025\/06\/Webdo-Tunisie_168377.jpg","contentUrl":"https:\/\/www.webdo.tn\/fr\/wp-content\/uploads\/2025\/06\/Webdo-Tunisie_168377.jpg","width":301,"height":301,"caption":"Webdo"},"image":{"@id":"https:\/\/www.webdo.tn\/fr\/#\/schema\/logo\/image\/"},"sameAs":["https:\/\/www.facebook.com\/webdotn","https:\/\/x.com\/webdo_tn"],"description":"Webdo est un m\u00e9dia num\u00e9rique tunisien fond\u00e9 en 2010, sp\u00e9cialis\u00e9 dans l\u2019actualit\u00e9 nationale et internationale, l\u2019\u00e9conomie, la soci\u00e9t\u00e9 et les analyses politiques. Le site s\u2019adresse \u00e0 un large public francophone et couvre l\u2019information tunisienne en temps r\u00e9el.","email":"redac@webdo.tn","legalName":"YNJ SARL","foundingDate":"2010-09-06","numberOfEmployees":{"@type":"QuantitativeValue","minValue":"11","maxValue":"50"}},{"@type":"Person","@id":"https:\/\/www.webdo.tn\/fr\/#\/schema\/person\/6bc0beba2cd23aec27cb5df85ca2554f","name":"Hatem Bourial","image":{"@type":"ImageObject","inLanguage":"fr-FR","@id":"https:\/\/www.webdo.tn\/fr\/wp-content\/uploads\/2026\/04\/hatem-bourial_avatar-96x96.jpg","url":"https:\/\/www.webdo.tn\/fr\/wp-content\/uploads\/2026\/04\/hatem-bourial_avatar-96x96.jpg","contentUrl":"https:\/\/www.webdo.tn\/fr\/wp-content\/uploads\/2026\/04\/hatem-bourial_avatar-96x96.jpg","caption":"Hatem Bourial"},"description":"Hatem Bourial est journaliste, \u00e9crivain et chroniqueur tunisien. Actif depuis plusieurs d\u00e9cennies, il s\u2019est impos\u00e9 comme un observateur attentif de la soci\u00e9t\u00e9 tunisienne, m\u00ealant dans ses \u00e9crits m\u00e9moire, culture et analyse du quotidien. Auteur de nombreux ouvrages, il d\u00e9veloppe une \u0153uvre \u00e0 la crois\u00e9e du r\u00e9cit, de la po\u00e9sie et de l\u2019observation sociologique. Parall\u00e8lement \u00e0 ses contributions dans la presse, il intervient r\u00e9guli\u00e8rement \u00e0 la radio et dans des espaces culturels, o\u00f9 il explore les enjeux li\u00e9s au patrimoine, \u00e0 l\u2019identit\u00e9 et aux transformations du monde contemporain. \u00c0 travers ses chroniques, Hatem Bourial propose une lecture sensible et approfondie de l\u2019actualit\u00e9, nourrie par une exp\u00e9rience journalistique et litt\u00e9raire reconnue. \ud83d\udd17 Facebook : https:\/\/www.facebook.com\/hatem.bourial.2025","sameAs":["https:\/\/www.facebook.com\/hatem.bourial.2025","https:\/\/fr.wikipedia.org\/wiki\/Fichier:Hatem_Bourial.jpg"],"knowsAbout":["Culture & patrimoine tunisien","Chronique soci\u00e9tale","Litt\u00e9rature & m\u00e9moire","Cin\u00e9ma & critique culturelle","Identit\u00e9 & mutations sociales"],"knowsLanguage":["Arabe","Fran\u00e7ais","Anglais","Italien","Polonais"],"jobTitle":"Journaliste, \u00e9crivain et chroniqueur culturel","worksFor":"Webdo","url":"https:\/\/www.webdo.tn\/fr\/actualite\/author\/hatem-bourial-2\/"}]}},"_links":{"self":[{"href":"https:\/\/www.webdo.tn\/fr\/wp-json\/wp\/v2\/posts\/396866","targetHints":{"allow":["GET"]}}],"collection":[{"href":"https:\/\/www.webdo.tn\/fr\/wp-json\/wp\/v2\/posts"}],"about":[{"href":"https:\/\/www.webdo.tn\/fr\/wp-json\/wp\/v2\/types\/post"}],"author":[{"embeddable":true,"href":"https:\/\/www.webdo.tn\/fr\/wp-json\/wp\/v2\/users\/3229"}],"replies":[{"embeddable":true,"href":"https:\/\/www.webdo.tn\/fr\/wp-json\/wp\/v2\/comments?post=396866"}],"version-history":[{"count":2,"href":"https:\/\/www.webdo.tn\/fr\/wp-json\/wp\/v2\/posts\/396866\/revisions"}],"predecessor-version":[{"id":396875,"href":"https:\/\/www.webdo.tn\/fr\/wp-json\/wp\/v2\/posts\/396866\/revisions\/396875"}],"wp:featuredmedia":[{"embeddable":true,"href":"https:\/\/www.webdo.tn\/fr\/wp-json\/wp\/v2\/media\/396867"}],"wp:attachment":[{"href":"https:\/\/www.webdo.tn\/fr\/wp-json\/wp\/v2\/media?parent=396866"}],"wp:term":[{"taxonomy":"category","embeddable":true,"href":"https:\/\/www.webdo.tn\/fr\/wp-json\/wp\/v2\/categories?post=396866"},{"taxonomy":"post_tag","embeddable":true,"href":"https:\/\/www.webdo.tn\/fr\/wp-json\/wp\/v2\/tags?post=396866"}],"curies":[{"name":"wp","href":"https:\/\/api.w.org\/{rel}","templated":true}]}}