{"id":396863,"date":"2026-04-26T10:18:10","date_gmt":"2026-04-26T09:18:10","guid":{"rendered":"https:\/\/www.webdo.tn\/fr\/?p=396863"},"modified":"2026-04-26T10:18:13","modified_gmt":"2026-04-26T09:18:13","slug":"trump-evacue-apres-des-tirs-en-marge-dun-diner-officiel","status":"publish","type":"post","link":"https:\/\/www.webdo.tn\/fr\/actualite\/international\/trump-evacue-apres-des-tirs-en-marge-dun-diner-officiel\/396863\/","title":{"rendered":"Trump \u00e9vacu\u00e9 apr\u00e8s des tirs en marge d\u2019un d\u00eener officiel"},"content":{"rendered":"\n<p><strong>Un incident arm\u00e9 a sem\u00e9 la confusion, samedi soir, en marge du White House Correspondents\u2019 Dinner, grand rendez-vous r\u00e9unissant journalistes, responsables politiques et c\u00e9l\u00e9brit\u00e9s \u00e0 Washington.<\/strong><\/p>\n\n\n\n<p>Selon plusieurs m\u00e9dias am\u00e9ricains, des coups de feu ont \u00e9t\u00e9 tir\u00e9s \u00e0 proximit\u00e9 du lieu de r\u00e9ception, provoquant un mouvement de panique parmi les invit\u00e9s. L\u2019\u00e9v\u00e9nement ne se d\u00e9roulait pas \u00e0 la Maison Blanche elle-m\u00eame, mais dans un h\u00f4tel de la capitale, comme le veut la tradition et ce en pr\u00e9sence de Donald Trump. <\/p>\n\n\n\n<h2 class=\"wp-block-heading\" id=\"h-un-individu-arme-aurait-tente-de-franchir-un-perimetre-de-securite\"> Un individu arm\u00e9 aurait tent\u00e9 de franchir un p\u00e9rim\u00e8tre de s\u00e9curit\u00e9<\/h2>\n\n\n\n<p>D\u2019apr\u00e8s les premi\u00e8res informations, un individu arm\u00e9 aurait tent\u00e9 de franchir un p\u00e9rim\u00e8tre de s\u00e9curit\u00e9 avant d\u2019ouvrir le feu. Les services de protection sont intervenus rapidement, neutralisant la menace en quelques instants. Le suspect a \u00e9t\u00e9 interpell\u00e9.<\/p>\n\n\n\n<p class=\"has-medium-font-size\"><strong>Lire aussi :<\/strong> <a href=\"https:\/\/www.webdo.tn\/fr\/actualite\/international\/fusillade-pres-d-un-musee-juif-a-washington-deux-diplomates-israeliens-tues\/222116\/\">Fusillade pr\u00e8s d\u2019un mus\u00e9e juif \u00e0 Washington : Deux diplomates isra\u00e9liens tu\u00e9s<\/a><br><\/p>\n\n\n\n<p>Un agent de s\u00e9curit\u00e9 aurait \u00e9t\u00e9 touch\u00e9, sans que son pronostic vital ne soit engag\u00e9 gr\u00e2ce \u00e0 son \u00e9quipement de protection. Aucun responsable politique de premier plan n\u2019a \u00e9t\u00e9 bless\u00e9. Les invit\u00e9s, dont plusieurs figures m\u00e9diatiques et politiques et notamment Trump, ont \u00e9t\u00e9 \u00e9vacu\u00e9s dans le calme relatif apr\u00e8s les premi\u00e8res minutes de tension.<\/p>\n\n\n\n<h2 class=\"wp-block-heading\" id=\"h-sensibilite-des-grands-evenements-politiques\"> Sensibilit\u00e9 des grands \u00e9v\u00e9nements politiques<\/h2>\n\n\n\n<p>Cet \u00e9pisode rappelle la sensibilit\u00e9 des grands \u00e9v\u00e9nements politiques aux \u00c9tats-Unis, o\u00f9 la question de la s\u00e9curit\u00e9 demeure centrale, en particulier dans un contexte de polarisation accrue.<\/p>\n\n\n\n<p>Malgr\u00e9 la frayeur, la situation a \u00e9t\u00e9 rapidement ma\u00eetris\u00e9e, \u00e9vitant un bilan humain plus lourd. Une enqu\u00eate a \u00e9t\u00e9 ouverte pour d\u00e9terminer les motivations de l\u2019assaillant.<\/p>\n","protected":false},"excerpt":{"rendered":"<p>Un incident arm\u00e9 a sem\u00e9 la confusion, samedi soir, en marge du White House Correspondents\u2019 Dinner, grand rendez-vous r\u00e9unissant journalistes, responsables politiques et c\u00e9l\u00e9brit\u00e9s \u00e0 Washington. Selon plusieurs m\u00e9dias am\u00e9ricains, des coups de feu ont \u00e9t\u00e9 tir\u00e9s \u00e0 proximit\u00e9 du lieu de r\u00e9ception, provoquant un mouvement de panique parmi les invit\u00e9s. L\u2019\u00e9v\u00e9nement ne se d\u00e9roulait [&hellip;]<\/p>\n","protected":false},"author":3184,"featured_media":396864,"comment_status":"closed","ping_status":"closed","sticky":false,"template":"","format":"standard","meta":{"footnotes":""},"categories":[2598],"tags":[3309,3061],"class_list":["post-396863","post","type-post","status-publish","format-standard","has-post-thumbnail","hentry","category-international","tag-trump","tag-usa"],"yoast_head":"<!-- This site is optimized with the Yoast SEO Premium plugin v27.4 (Yoast SEO v27.4) - https:\/\/yoast.com\/product\/yoast-seo-premium-wordpress\/ -->\n<title>Trump \u00e9vacu\u00e9 apr\u00e8s des tirs en marge d\u2019un d\u00eener officiel - webdo<\/title>\n<meta name=\"description\" content=\"Un incident arm\u00e9 a eu lieu pr\u00e8s du d\u00eener des correspondants de la Maison Blanche, avec la pr\u00e9sence de Trump.\" \/>\n<link rel=\"canonical\" href=\"https:\/\/www.webdo.tn\/fr\/actualite\/international\/trump-evacue-apres-des-tirs-en-marge-dun-diner-officiel\/396863\/\" \/>\n<meta property=\"og:locale\" content=\"fr_FR\" \/>\n<meta property=\"og:type\" content=\"article\" \/>\n<meta property=\"og:title\" content=\"Trump \u00e9vacu\u00e9 apr\u00e8s des tirs en marge d\u2019un d\u00eener officiel\" \/>\n<meta property=\"og:description\" content=\"Un incident arm\u00e9 a eu lieu pr\u00e8s du d\u00eener des correspondants de la Maison Blanche, avec la pr\u00e9sence de Trump.\" \/>\n<meta property=\"og:url\" content=\"https:\/\/www.webdo.tn\/fr\/actualite\/international\/trump-evacue-apres-des-tirs-en-marge-dun-diner-officiel\/396863\/\" \/>\n<meta property=\"og:site_name\" content=\"webdo\" \/>\n<meta property=\"article:publisher\" content=\"https:\/\/www.facebook.com\/webdotn\" \/>\n<meta property=\"article:published_time\" content=\"2026-04-26T09:18:10+00:00\" \/>\n<meta property=\"article:modified_time\" content=\"2026-04-26T09:18:13+00:00\" \/>\n<meta property=\"og:image\" content=\"https:\/\/www.webdo.tn\/fr\/wp-content\/uploads\/2026\/04\/trump-1.jpg\" \/>\n\t<meta property=\"og:image:width\" content=\"1200\" \/>\n\t<meta property=\"og:image:height\" content=\"607\" \/>\n\t<meta property=\"og:image:type\" content=\"image\/jpeg\" \/>\n<meta name=\"author\" content=\"Wided Belhaj\" \/>\n<meta name=\"twitter:card\" content=\"summary_large_image\" \/>\n<meta name=\"twitter:creator\" content=\"@webdo_tn\" \/>\n<meta name=\"twitter:site\" content=\"@webdo_tn\" \/>\n<meta name=\"twitter:label1\" content=\"\u00c9crit par\" \/>\n\t<meta name=\"twitter:data1\" content=\"Wided Belhaj\" \/>\n\t<meta name=\"twitter:label2\" content=\"Dur\u00e9e de lecture estim\u00e9e\" \/>\n\t<meta name=\"twitter:data2\" content=\"2 minutes\" \/>\n<script type=\"application\/ld+json\" class=\"yoast-schema-graph\">{\"@context\":\"https:\\\/\\\/schema.org\",\"@graph\":[{\"@type\":\"NewsArticle\",\"@id\":\"https:\\\/\\\/www.webdo.tn\\\/fr\\\/actualite\\\/international\\\/trump-evacue-apres-des-tirs-en-marge-dun-diner-officiel\\\/396863\\\/#article\",\"isPartOf\":{\"@id\":\"https:\\\/\\\/www.webdo.tn\\\/fr\\\/actualite\\\/international\\\/trump-evacue-apres-des-tirs-en-marge-dun-diner-officiel\\\/396863\\\/\"},\"author\":{\"name\":\"Wided Belhaj\",\"@id\":\"https:\\\/\\\/www.webdo.tn\\\/fr\\\/#\\\/schema\\\/person\\\/b9ecde7a5574cb4fcf4b496ea5fadb15\"},\"headline\":\"Trump \u00e9vacu\u00e9 apr\u00e8s des tirs en marge d\u2019un d\u00eener officiel\",\"datePublished\":\"2026-04-26T09:18:10+00:00\",\"dateModified\":\"2026-04-26T09:18:13+00:00\",\"mainEntityOfPage\":{\"@id\":\"https:\\\/\\\/www.webdo.tn\\\/fr\\\/actualite\\\/international\\\/trump-evacue-apres-des-tirs-en-marge-dun-diner-officiel\\\/396863\\\/\"},\"wordCount\":307,\"publisher\":{\"@id\":\"https:\\\/\\\/www.webdo.tn\\\/fr\\\/#organization\"},\"image\":{\"@id\":\"https:\\\/\\\/www.webdo.tn\\\/fr\\\/actualite\\\/international\\\/trump-evacue-apres-des-tirs-en-marge-dun-diner-officiel\\\/396863\\\/#primaryimage\"},\"thumbnailUrl\":\"https:\\\/\\\/www.webdo.tn\\\/fr\\\/wp-content\\\/uploads\\\/2026\\\/04\\\/trump-1.jpg\",\"keywords\":[\"trump\",\"USA\"],\"articleSection\":[\"International\"],\"inLanguage\":\"fr-FR\"},{\"@type\":\"WebPage\",\"@id\":\"https:\\\/\\\/www.webdo.tn\\\/fr\\\/actualite\\\/international\\\/trump-evacue-apres-des-tirs-en-marge-dun-diner-officiel\\\/396863\\\/\",\"url\":\"https:\\\/\\\/www.webdo.tn\\\/fr\\\/actualite\\\/international\\\/trump-evacue-apres-des-tirs-en-marge-dun-diner-officiel\\\/396863\\\/\",\"name\":\"Trump \u00e9vacu\u00e9 apr\u00e8s des tirs en marge d\u2019un d\u00eener officiel - webdo\",\"isPartOf\":{\"@id\":\"https:\\\/\\\/www.webdo.tn\\\/fr\\\/#website\"},\"primaryImageOfPage\":{\"@id\":\"https:\\\/\\\/www.webdo.tn\\\/fr\\\/actualite\\\/international\\\/trump-evacue-apres-des-tirs-en-marge-dun-diner-officiel\\\/396863\\\/#primaryimage\"},\"image\":{\"@id\":\"https:\\\/\\\/www.webdo.tn\\\/fr\\\/actualite\\\/international\\\/trump-evacue-apres-des-tirs-en-marge-dun-diner-officiel\\\/396863\\\/#primaryimage\"},\"thumbnailUrl\":\"https:\\\/\\\/www.webdo.tn\\\/fr\\\/wp-content\\\/uploads\\\/2026\\\/04\\\/trump-1.jpg\",\"datePublished\":\"2026-04-26T09:18:10+00:00\",\"dateModified\":\"2026-04-26T09:18:13+00:00\",\"description\":\"Un incident arm\u00e9 a eu lieu pr\u00e8s du d\u00eener des correspondants de la Maison Blanche, avec la pr\u00e9sence de Trump.\",\"breadcrumb\":{\"@id\":\"https:\\\/\\\/www.webdo.tn\\\/fr\\\/actualite\\\/international\\\/trump-evacue-apres-des-tirs-en-marge-dun-diner-officiel\\\/396863\\\/#breadcrumb\"},\"inLanguage\":\"fr-FR\",\"potentialAction\":[{\"@type\":\"ReadAction\",\"target\":[\"https:\\\/\\\/www.webdo.tn\\\/fr\\\/actualite\\\/international\\\/trump-evacue-apres-des-tirs-en-marge-dun-diner-officiel\\\/396863\\\/\"]}]},{\"@type\":\"ImageObject\",\"inLanguage\":\"fr-FR\",\"@id\":\"https:\\\/\\\/www.webdo.tn\\\/fr\\\/actualite\\\/international\\\/trump-evacue-apres-des-tirs-en-marge-dun-diner-officiel\\\/396863\\\/#primaryimage\",\"url\":\"https:\\\/\\\/www.webdo.tn\\\/fr\\\/wp-content\\\/uploads\\\/2026\\\/04\\\/trump-1.jpg\",\"contentUrl\":\"https:\\\/\\\/www.webdo.tn\\\/fr\\\/wp-content\\\/uploads\\\/2026\\\/04\\\/trump-1.jpg\",\"width\":1200,\"height\":607,\"caption\":\"Trump\"},{\"@type\":\"BreadcrumbList\",\"@id\":\"https:\\\/\\\/www.webdo.tn\\\/fr\\\/actualite\\\/international\\\/trump-evacue-apres-des-tirs-en-marge-dun-diner-officiel\\\/396863\\\/#breadcrumb\",\"itemListElement\":[{\"@type\":\"ListItem\",\"position\":1,\"name\":\"Accueil\",\"item\":\"https:\\\/\\\/www.webdo.tn\\\/fr\\\/\"},{\"@type\":\"ListItem\",\"position\":2,\"name\":\"Trump \u00e9vacu\u00e9 apr\u00e8s des tirs en marge d\u2019un d\u00eener officiel\"}]},{\"@type\":\"WebSite\",\"@id\":\"https:\\\/\\\/www.webdo.tn\\\/fr\\\/#website\",\"url\":\"https:\\\/\\\/www.webdo.tn\\\/fr\\\/\",\"name\":\"webdo\",\"description\":\"Tunisie - News en Tunisie et \u00e0 l&#039;international sur Webdo.tn\",\"publisher\":{\"@id\":\"https:\\\/\\\/www.webdo.tn\\\/fr\\\/#organization\"},\"potentialAction\":[{\"@type\":\"SearchAction\",\"target\":{\"@type\":\"EntryPoint\",\"urlTemplate\":\"https:\\\/\\\/www.webdo.tn\\\/fr\\\/?s={search_term_string}\"},\"query-input\":{\"@type\":\"PropertyValueSpecification\",\"valueRequired\":true,\"valueName\":\"search_term_string\"}}],\"inLanguage\":\"fr-FR\"},{\"@type\":\"Organization\",\"@id\":\"https:\\\/\\\/www.webdo.tn\\\/fr\\\/#organization\",\"name\":\"Webdo\",\"alternateName\":\"Webdo.tn\",\"url\":\"https:\\\/\\\/www.webdo.tn\\\/fr\\\/\",\"logo\":{\"@type\":\"ImageObject\",\"inLanguage\":\"fr-FR\",\"@id\":\"https:\\\/\\\/www.webdo.tn\\\/fr\\\/#\\\/schema\\\/logo\\\/image\\\/\",\"url\":\"https:\\\/\\\/www.webdo.tn\\\/fr\\\/wp-content\\\/uploads\\\/2025\\\/06\\\/Webdo-Tunisie_168377.jpg\",\"contentUrl\":\"https:\\\/\\\/www.webdo.tn\\\/fr\\\/wp-content\\\/uploads\\\/2025\\\/06\\\/Webdo-Tunisie_168377.jpg\",\"width\":301,\"height\":301,\"caption\":\"Webdo\"},\"image\":{\"@id\":\"https:\\\/\\\/www.webdo.tn\\\/fr\\\/#\\\/schema\\\/logo\\\/image\\\/\"},\"sameAs\":[\"https:\\\/\\\/www.facebook.com\\\/webdotn\",\"https:\\\/\\\/x.com\\\/webdo_tn\"],\"description\":\"Webdo est un m\u00e9dia num\u00e9rique tunisien fond\u00e9 en 2010, sp\u00e9cialis\u00e9 dans l\u2019actualit\u00e9 nationale et internationale, l\u2019\u00e9conomie, la soci\u00e9t\u00e9 et les analyses politiques. Le site s\u2019adresse \u00e0 un large public francophone et couvre l\u2019information tunisienne en temps r\u00e9el.\",\"email\":\"redac@webdo.tn\",\"legalName\":\"YNJ SARL\",\"foundingDate\":\"2010-09-06\",\"numberOfEmployees\":{\"@type\":\"QuantitativeValue\",\"minValue\":\"11\",\"maxValue\":\"50\"}},{\"@type\":\"Person\",\"@id\":\"https:\\\/\\\/www.webdo.tn\\\/fr\\\/#\\\/schema\\\/person\\\/b9ecde7a5574cb4fcf4b496ea5fadb15\",\"name\":\"Wided Belhaj\",\"image\":{\"@type\":\"ImageObject\",\"inLanguage\":\"fr-FR\",\"@id\":\"https:\\\/\\\/www.webdo.tn\\\/fr\\\/wp-content\\\/uploads\\\/2026\\\/04\\\/wided-belhaj_avatar-96x96.jpg\",\"url\":\"https:\\\/\\\/www.webdo.tn\\\/fr\\\/wp-content\\\/uploads\\\/2026\\\/04\\\/wided-belhaj_avatar-96x96.jpg\",\"contentUrl\":\"https:\\\/\\\/www.webdo.tn\\\/fr\\\/wp-content\\\/uploads\\\/2026\\\/04\\\/wided-belhaj_avatar-96x96.jpg\",\"caption\":\"Wided Belhaj\"},\"description\":\"Wided Belhaj est le pseudonyme \u00e9ditorial utilis\u00e9 par Khalil Jelassi, journaliste, ma\u00eetre-assistant \u00e0 l\u2019Institut de presse et des sciences de l\u2019information (IPSI) et chercheur en sciences de l\u2019information et de la communication. Cette signature est d\u00e9di\u00e9e \u00e0 l\u2019analyse des m\u00e9dias, des pratiques journalistiques et des mutations de l\u2019information \u00e0 l\u2019\u00e8re digitale. \u00c0 travers ses contributions, Wided Belhaj propose une lecture analytique de l\u2019actualit\u00e9, en croisant regard critique et expertise acad\u00e9mique.\",\"knowsAbout\":[\"m\u00e9dias\",\"journalisme\",\"communication\",\"information\",\"transformation num\u00e9rique\",\"analyse des m\u00e9dias\"],\"knowsLanguage\":[\"Fran\u00e7ais\",\"Arabe\"],\"jobTitle\":\"Webdo.tn\",\"worksFor\":\"Journaliste \u2013 Analyse des m\u00e9dias\",\"url\":\"https:\\\/\\\/www.webdo.tn\\\/fr\\\/actualite\\\/author\\\/wided-belhaj\\\/\"}]}<\/script>\n<!-- \/ Yoast SEO Premium plugin. -->","yoast_head_json":{"title":"Trump \u00e9vacu\u00e9 apr\u00e8s des tirs en marge d\u2019un d\u00eener officiel - webdo","description":"Un incident arm\u00e9 a eu lieu pr\u00e8s du d\u00eener des correspondants de la Maison Blanche, avec la pr\u00e9sence de Trump.","canonical":"https:\/\/www.webdo.tn\/fr\/actualite\/international\/trump-evacue-apres-des-tirs-en-marge-dun-diner-officiel\/396863\/","og_locale":"fr_FR","og_type":"article","og_title":"Trump \u00e9vacu\u00e9 apr\u00e8s des tirs en marge d\u2019un d\u00eener officiel","og_description":"Un incident arm\u00e9 a eu lieu pr\u00e8s du d\u00eener des correspondants de la Maison Blanche, avec la pr\u00e9sence de Trump.","og_url":"https:\/\/www.webdo.tn\/fr\/actualite\/international\/trump-evacue-apres-des-tirs-en-marge-dun-diner-officiel\/396863\/","og_site_name":"webdo","article_publisher":"https:\/\/www.facebook.com\/webdotn","article_published_time":"2026-04-26T09:18:10+00:00","article_modified_time":"2026-04-26T09:18:13+00:00","og_image":[{"width":1200,"height":607,"url":"https:\/\/www.webdo.tn\/fr\/wp-content\/uploads\/2026\/04\/trump-1.jpg","type":"image\/jpeg"}],"author":"Wided Belhaj","twitter_card":"summary_large_image","twitter_creator":"@webdo_tn","twitter_site":"@webdo_tn","twitter_misc":{"\u00c9crit par":"Wided Belhaj","Dur\u00e9e de lecture estim\u00e9e":"2 minutes"},"schema":{"@context":"https:\/\/schema.org","@graph":[{"@type":"NewsArticle","@id":"https:\/\/www.webdo.tn\/fr\/actualite\/international\/trump-evacue-apres-des-tirs-en-marge-dun-diner-officiel\/396863\/#article","isPartOf":{"@id":"https:\/\/www.webdo.tn\/fr\/actualite\/international\/trump-evacue-apres-des-tirs-en-marge-dun-diner-officiel\/396863\/"},"author":{"name":"Wided Belhaj","@id":"https:\/\/www.webdo.tn\/fr\/#\/schema\/person\/b9ecde7a5574cb4fcf4b496ea5fadb15"},"headline":"Trump \u00e9vacu\u00e9 apr\u00e8s des tirs en marge d\u2019un d\u00eener officiel","datePublished":"2026-04-26T09:18:10+00:00","dateModified":"2026-04-26T09:18:13+00:00","mainEntityOfPage":{"@id":"https:\/\/www.webdo.tn\/fr\/actualite\/international\/trump-evacue-apres-des-tirs-en-marge-dun-diner-officiel\/396863\/"},"wordCount":307,"publisher":{"@id":"https:\/\/www.webdo.tn\/fr\/#organization"},"image":{"@id":"https:\/\/www.webdo.tn\/fr\/actualite\/international\/trump-evacue-apres-des-tirs-en-marge-dun-diner-officiel\/396863\/#primaryimage"},"thumbnailUrl":"https:\/\/www.webdo.tn\/fr\/wp-content\/uploads\/2026\/04\/trump-1.jpg","keywords":["trump","USA"],"articleSection":["International"],"inLanguage":"fr-FR"},{"@type":"WebPage","@id":"https:\/\/www.webdo.tn\/fr\/actualite\/international\/trump-evacue-apres-des-tirs-en-marge-dun-diner-officiel\/396863\/","url":"https:\/\/www.webdo.tn\/fr\/actualite\/international\/trump-evacue-apres-des-tirs-en-marge-dun-diner-officiel\/396863\/","name":"Trump \u00e9vacu\u00e9 apr\u00e8s des tirs en marge d\u2019un d\u00eener officiel - webdo","isPartOf":{"@id":"https:\/\/www.webdo.tn\/fr\/#website"},"primaryImageOfPage":{"@id":"https:\/\/www.webdo.tn\/fr\/actualite\/international\/trump-evacue-apres-des-tirs-en-marge-dun-diner-officiel\/396863\/#primaryimage"},"image":{"@id":"https:\/\/www.webdo.tn\/fr\/actualite\/international\/trump-evacue-apres-des-tirs-en-marge-dun-diner-officiel\/396863\/#primaryimage"},"thumbnailUrl":"https:\/\/www.webdo.tn\/fr\/wp-content\/uploads\/2026\/04\/trump-1.jpg","datePublished":"2026-04-26T09:18:10+00:00","dateModified":"2026-04-26T09:18:13+00:00","description":"Un incident arm\u00e9 a eu lieu pr\u00e8s du d\u00eener des correspondants de la Maison Blanche, avec la pr\u00e9sence de Trump.","breadcrumb":{"@id":"https:\/\/www.webdo.tn\/fr\/actualite\/international\/trump-evacue-apres-des-tirs-en-marge-dun-diner-officiel\/396863\/#breadcrumb"},"inLanguage":"fr-FR","potentialAction":[{"@type":"ReadAction","target":["https:\/\/www.webdo.tn\/fr\/actualite\/international\/trump-evacue-apres-des-tirs-en-marge-dun-diner-officiel\/396863\/"]}]},{"@type":"ImageObject","inLanguage":"fr-FR","@id":"https:\/\/www.webdo.tn\/fr\/actualite\/international\/trump-evacue-apres-des-tirs-en-marge-dun-diner-officiel\/396863\/#primaryimage","url":"https:\/\/www.webdo.tn\/fr\/wp-content\/uploads\/2026\/04\/trump-1.jpg","contentUrl":"https:\/\/www.webdo.tn\/fr\/wp-content\/uploads\/2026\/04\/trump-1.jpg","width":1200,"height":607,"caption":"Trump"},{"@type":"BreadcrumbList","@id":"https:\/\/www.webdo.tn\/fr\/actualite\/international\/trump-evacue-apres-des-tirs-en-marge-dun-diner-officiel\/396863\/#breadcrumb","itemListElement":[{"@type":"ListItem","position":1,"name":"Accueil","item":"https:\/\/www.webdo.tn\/fr\/"},{"@type":"ListItem","position":2,"name":"Trump \u00e9vacu\u00e9 apr\u00e8s des tirs en marge d\u2019un d\u00eener officiel"}]},{"@type":"WebSite","@id":"https:\/\/www.webdo.tn\/fr\/#website","url":"https:\/\/www.webdo.tn\/fr\/","name":"webdo","description":"Tunisie - News en Tunisie et \u00e0 l&#039;international sur Webdo.tn","publisher":{"@id":"https:\/\/www.webdo.tn\/fr\/#organization"},"potentialAction":[{"@type":"SearchAction","target":{"@type":"EntryPoint","urlTemplate":"https:\/\/www.webdo.tn\/fr\/?s={search_term_string}"},"query-input":{"@type":"PropertyValueSpecification","valueRequired":true,"valueName":"search_term_string"}}],"inLanguage":"fr-FR"},{"@type":"Organization","@id":"https:\/\/www.webdo.tn\/fr\/#organization","name":"Webdo","alternateName":"Webdo.tn","url":"https:\/\/www.webdo.tn\/fr\/","logo":{"@type":"ImageObject","inLanguage":"fr-FR","@id":"https:\/\/www.webdo.tn\/fr\/#\/schema\/logo\/image\/","url":"https:\/\/www.webdo.tn\/fr\/wp-content\/uploads\/2025\/06\/Webdo-Tunisie_168377.jpg","contentUrl":"https:\/\/www.webdo.tn\/fr\/wp-content\/uploads\/2025\/06\/Webdo-Tunisie_168377.jpg","width":301,"height":301,"caption":"Webdo"},"image":{"@id":"https:\/\/www.webdo.tn\/fr\/#\/schema\/logo\/image\/"},"sameAs":["https:\/\/www.facebook.com\/webdotn","https:\/\/x.com\/webdo_tn"],"description":"Webdo est un m\u00e9dia num\u00e9rique tunisien fond\u00e9 en 2010, sp\u00e9cialis\u00e9 dans l\u2019actualit\u00e9 nationale et internationale, l\u2019\u00e9conomie, la soci\u00e9t\u00e9 et les analyses politiques. Le site s\u2019adresse \u00e0 un large public francophone et couvre l\u2019information tunisienne en temps r\u00e9el.","email":"redac@webdo.tn","legalName":"YNJ SARL","foundingDate":"2010-09-06","numberOfEmployees":{"@type":"QuantitativeValue","minValue":"11","maxValue":"50"}},{"@type":"Person","@id":"https:\/\/www.webdo.tn\/fr\/#\/schema\/person\/b9ecde7a5574cb4fcf4b496ea5fadb15","name":"Wided Belhaj","image":{"@type":"ImageObject","inLanguage":"fr-FR","@id":"https:\/\/www.webdo.tn\/fr\/wp-content\/uploads\/2026\/04\/wided-belhaj_avatar-96x96.jpg","url":"https:\/\/www.webdo.tn\/fr\/wp-content\/uploads\/2026\/04\/wided-belhaj_avatar-96x96.jpg","contentUrl":"https:\/\/www.webdo.tn\/fr\/wp-content\/uploads\/2026\/04\/wided-belhaj_avatar-96x96.jpg","caption":"Wided Belhaj"},"description":"Wided Belhaj est le pseudonyme \u00e9ditorial utilis\u00e9 par Khalil Jelassi, journaliste, ma\u00eetre-assistant \u00e0 l\u2019Institut de presse et des sciences de l\u2019information (IPSI) et chercheur en sciences de l\u2019information et de la communication. Cette signature est d\u00e9di\u00e9e \u00e0 l\u2019analyse des m\u00e9dias, des pratiques journalistiques et des mutations de l\u2019information \u00e0 l\u2019\u00e8re digitale. \u00c0 travers ses contributions, Wided Belhaj propose une lecture analytique de l\u2019actualit\u00e9, en croisant regard critique et expertise acad\u00e9mique.","knowsAbout":["m\u00e9dias","journalisme","communication","information","transformation num\u00e9rique","analyse des m\u00e9dias"],"knowsLanguage":["Fran\u00e7ais","Arabe"],"jobTitle":"Webdo.tn","worksFor":"Journaliste \u2013 Analyse des m\u00e9dias","url":"https:\/\/www.webdo.tn\/fr\/actualite\/author\/wided-belhaj\/"}]}},"_links":{"self":[{"href":"https:\/\/www.webdo.tn\/fr\/wp-json\/wp\/v2\/posts\/396863","targetHints":{"allow":["GET"]}}],"collection":[{"href":"https:\/\/www.webdo.tn\/fr\/wp-json\/wp\/v2\/posts"}],"about":[{"href":"https:\/\/www.webdo.tn\/fr\/wp-json\/wp\/v2\/types\/post"}],"author":[{"embeddable":true,"href":"https:\/\/www.webdo.tn\/fr\/wp-json\/wp\/v2\/users\/3184"}],"replies":[{"embeddable":true,"href":"https:\/\/www.webdo.tn\/fr\/wp-json\/wp\/v2\/comments?post=396863"}],"version-history":[{"count":1,"href":"https:\/\/www.webdo.tn\/fr\/wp-json\/wp\/v2\/posts\/396863\/revisions"}],"predecessor-version":[{"id":396865,"href":"https:\/\/www.webdo.tn\/fr\/wp-json\/wp\/v2\/posts\/396863\/revisions\/396865"}],"wp:featuredmedia":[{"embeddable":true,"href":"https:\/\/www.webdo.tn\/fr\/wp-json\/wp\/v2\/media\/396864"}],"wp:attachment":[{"href":"https:\/\/www.webdo.tn\/fr\/wp-json\/wp\/v2\/media?parent=396863"}],"wp:term":[{"taxonomy":"category","embeddable":true,"href":"https:\/\/www.webdo.tn\/fr\/wp-json\/wp\/v2\/categories?post=396863"},{"taxonomy":"post_tag","embeddable":true,"href":"https:\/\/www.webdo.tn\/fr\/wp-json\/wp\/v2\/tags?post=396863"}],"curies":[{"name":"wp","href":"https:\/\/api.w.org\/{rel}","templated":true}]}}