{"id":396813,"date":"2026-04-25T08:38:40","date_gmt":"2026-04-25T07:38:40","guid":{"rendered":"https:\/\/www.webdo.tn\/fr\/?p=396813"},"modified":"2026-04-25T08:38:41","modified_gmt":"2026-04-25T07:38:41","slug":"suspension-annoncee-de-la-ltdh-lorganisation-denonce-et-se-prepare-a-riposter","status":"publish","type":"post","link":"https:\/\/www.webdo.tn\/fr\/actualite\/national\/suspension-annoncee-de-la-ltdh-lorganisation-denonce-et-se-prepare-a-riposter\/396813\/","title":{"rendered":"Suspension annonc\u00e9e de la LTDH : L\u2019organisation d\u00e9nonce et se pr\u00e9pare \u00e0 riposter"},"content":{"rendered":"\n<p><strong>La Ligue tunisienne pour la d\u00e9fense des droits de l\u2019Homme affirme avoir \u00e9t\u00e9 inform\u00e9e d\u2019une suspension de ses activit\u00e9s pour une dur\u00e9e d\u2019un mois, sans notification officielle \u00e0 ce stade. L\u2019organisation dit attendre une confirmation formelle tout en d\u00e9non\u00e7ant d\u00e9j\u00e0 une atteinte aux libert\u00e9s associatives. Elle annonce son intention de contester toute d\u00e9cision en ce sens par les voies l\u00e9gales.<\/strong><\/p>\n\n\n\n<h2 class=\"wp-block-heading\" id=\"h-une-suspension-encore-non-notifiee-officiellement\">Une suspension encore non notifi\u00e9e officiellement<\/h2>\n\n\n\n<p>R\u00e9uni vendredi soir, le comit\u00e9 directeur de la Ligue tunisienne pour la d\u00e9fense des droits de l\u2019Homme (LTDH) indique avoir re\u00e7u des informations \u00e9voquant une d\u00e9cision de suspension temporaire de ses activit\u00e9s, rapporte l\u2019agence TAP. Selon les \u00e9l\u00e9ments en sa possession, cette mesure serait limit\u00e9e \u00e0 une p\u00e9riode d\u2019un mois.<\/p>\n\n\n\n<p>\u00c0 ce stade, aucune notification officielle n\u2019a \u00e9t\u00e9 transmise \u00e0 l\u2019organisation, qui dit se maintenir dans l\u2019attente de pr\u00e9cisions formelles sur la nature et les fondements juridiques de cette d\u00e9cision.<\/p>\n\n\n\n<blockquote class=\"wp-block-quote is-layout-flow wp-block-quote-is-layout-flow\">\n<ul class=\"wp-block-list\">\n<li class=\"has-medium-font-size\"><strong>Lire aussi :<\/strong> <a href=\"https:\/\/www.webdo.tn\/fr\/actualite\/national\/polemique-au-parlement-la-ltdh-denonce-des-propos-discriminatoires\/396143\/\">Pol\u00e9mique au Parlement : La LTDH d\u00e9nonce des propos discriminatoires<\/a><\/li>\n<\/ul>\n<\/blockquote>\n\n\n\n<p>Dans son communiqu\u00e9, la LTDH insiste sur le fait qu\u2019elle se conforme \u00e0 l\u2019ensemble des lois et r\u00e8glements r\u00e9gissant son activit\u00e9. Elle pr\u00e9vient que si la suspension venait \u00e0 \u00eatre confirm\u00e9e, elle la consid\u00e9rerait comme \u00ab abusive \u00bb et contraire aux principes encadrant la libert\u00e9 d\u2019organisation et d\u2019action associative.<\/p>\n\n\n\n<h2 class=\"wp-block-heading\" id=\"h-recours-judiciaire\">Recours judiciaire<\/h2>\n\n\n\n<p>Face \u00e0 cette situation, la LTDH annonce d\u2019ores et d\u00e9j\u00e0 sa volont\u00e9 de contester la d\u00e9cision par les m\u00e9canismes juridiques appropri\u00e9s. Elle affirme disposer des \u00e9l\u00e9ments n\u00e9cessaires pour d\u00e9montrer sa conformit\u00e9 aux dispositions l\u00e9gales en vigueur.<\/p>\n\n\n\n<p>Malgr\u00e9 cette \u00e9ventuelle suspension, la Ligue r\u00e9affirme sa d\u00e9termination \u00e0 poursuivre ses actions en faveur des droits humains, soulignant son attachement \u00e0 son r\u00f4le historique dans la d\u00e9fense des libert\u00e9s en Tunisie.<\/p>\n\n\n\n<blockquote class=\"wp-block-quote is-layout-flow wp-block-quote-is-layout-flow\">\n<ul class=\"wp-block-list\">\n<li class=\"has-medium-font-size\"><strong>Lire aussi :<\/strong> <a href=\"https:\/\/www.webdo.tn\/fr\/actualite\/national\/tunisie-la-kasbah-demande-la-dissolution-de-lassociation-al-khatt\/396595\/\">Tunisie : La Kasbah demande la dissolution de l\u2019association Al Khatt<\/a><\/li>\n<\/ul>\n<\/blockquote>\n\n\n\n<p><\/p>\n\n\n\n<iframe src=\"https:\/\/www.facebook.com\/plugins\/post.php?href=https%3A%2F%2Fwww.facebook.com%2Fltdh.tn%2Fposts%2Fpfbid02cVVWU4pyzq1CJp53uJvib4LuuHo7inByYEA9aBPdzSPPXgnVGHtANr4zDdQasKJQl&#038;show_text=true&#038;width=500\" width=\"500\" height=\"709\" style=\"border:none;overflow:hidden\" scrolling=\"no\" frameborder=\"0\" allowfullscreen=\"true\" allow=\"autoplay; clipboard-write; encrypted-media; picture-in-picture; web-share\"><\/iframe>\n","protected":false},"excerpt":{"rendered":"<p>La Ligue tunisienne pour la d\u00e9fense des droits de l\u2019Homme affirme avoir \u00e9t\u00e9 inform\u00e9e d\u2019une suspension de ses activit\u00e9s pour une dur\u00e9e d\u2019un mois, sans notification officielle \u00e0 ce stade. L\u2019organisation dit attendre une confirmation formelle tout en d\u00e9non\u00e7ant d\u00e9j\u00e0 une atteinte aux libert\u00e9s associatives. Elle annonce son intention de contester toute d\u00e9cision en ce [&hellip;]<\/p>\n","protected":false},"author":4782,"featured_media":396814,"comment_status":"closed","ping_status":"closed","sticky":false,"template":"","format":"standard","meta":{"footnotes":""},"categories":[13163,44],"tags":[9059,7947,11551,2608],"class_list":["post-396813","post","type-post","status-publish","format-standard","has-post-thumbnail","hentry","category-epingle","category-national","tag-ligue-tunisienne-des-droits-de-lhomme","tag-ltdh","tag-suspension-dactivite","tag-tunisie"],"yoast_head":"<!-- This site is optimized with the Yoast SEO Premium plugin v27.4 (Yoast SEO v27.4) - https:\/\/yoast.com\/product\/yoast-seo-premium-wordpress\/ -->\n<title>Suspension annonc\u00e9e de la LTDH : L\u2019organisation d\u00e9nonce et se pr\u00e9pare \u00e0 riposter - webdo<\/title>\n<meta name=\"description\" content=\"La Ligue tunisienne pour la d\u00e9fense des droits de l\u2019Homme r\u00e9agit \u00e0 la suspension annonc\u00e9e de ses activit\u00e9s. En savoir plus ici.\" \/>\n<link rel=\"canonical\" href=\"https:\/\/www.webdo.tn\/fr\/actualite\/national\/suspension-annoncee-de-la-ltdh-lorganisation-denonce-et-se-prepare-a-riposter\/396813\/\" \/>\n<meta property=\"og:locale\" content=\"fr_FR\" \/>\n<meta property=\"og:type\" content=\"article\" \/>\n<meta property=\"og:title\" content=\"Suspension annonc\u00e9e de la LTDH : L\u2019organisation d\u00e9nonce et se pr\u00e9pare \u00e0 riposter\" \/>\n<meta property=\"og:description\" content=\"La Ligue tunisienne pour la d\u00e9fense des droits de l\u2019Homme r\u00e9agit \u00e0 la suspension annonc\u00e9e de ses activit\u00e9s. En savoir plus ici.\" \/>\n<meta property=\"og:url\" content=\"https:\/\/www.webdo.tn\/fr\/actualite\/national\/suspension-annoncee-de-la-ltdh-lorganisation-denonce-et-se-prepare-a-riposter\/396813\/\" \/>\n<meta property=\"og:site_name\" content=\"webdo\" \/>\n<meta property=\"article:publisher\" content=\"https:\/\/www.facebook.com\/webdotn\" \/>\n<meta property=\"article:published_time\" content=\"2026-04-25T07:38:40+00:00\" \/>\n<meta property=\"article:modified_time\" content=\"2026-04-25T07:38:41+00:00\" \/>\n<meta property=\"og:image\" content=\"https:\/\/www.webdo.tn\/fr\/wp-content\/uploads\/2026\/04\/LTDH.jpg\" \/>\n\t<meta property=\"og:image:width\" content=\"1202\" \/>\n\t<meta property=\"og:image:height\" content=\"600\" \/>\n\t<meta property=\"og:image:type\" content=\"image\/jpeg\" \/>\n<meta name=\"author\" content=\"Mohamed Fethi\" \/>\n<meta name=\"twitter:card\" content=\"summary_large_image\" \/>\n<meta name=\"twitter:creator\" content=\"@webdo_tn\" \/>\n<meta name=\"twitter:site\" content=\"@webdo_tn\" \/>\n<meta name=\"twitter:label1\" content=\"\u00c9crit par\" \/>\n\t<meta name=\"twitter:data1\" content=\"Mohamed Fethi\" \/>\n\t<meta name=\"twitter:label2\" content=\"Dur\u00e9e de lecture estim\u00e9e\" \/>\n\t<meta name=\"twitter:data2\" content=\"2 minutes\" \/>\n<script type=\"application\/ld+json\" class=\"yoast-schema-graph\">{\"@context\":\"https:\\\/\\\/schema.org\",\"@graph\":[{\"@type\":\"NewsArticle\",\"@id\":\"https:\\\/\\\/www.webdo.tn\\\/fr\\\/actualite\\\/national\\\/suspension-annoncee-de-la-ltdh-lorganisation-denonce-et-se-prepare-a-riposter\\\/396813\\\/#article\",\"isPartOf\":{\"@id\":\"https:\\\/\\\/www.webdo.tn\\\/fr\\\/actualite\\\/national\\\/suspension-annoncee-de-la-ltdh-lorganisation-denonce-et-se-prepare-a-riposter\\\/396813\\\/\"},\"author\":{\"name\":\"Mohamed Fethi\",\"@id\":\"https:\\\/\\\/www.webdo.tn\\\/fr\\\/#\\\/schema\\\/person\\\/16a4857e77dfc0b610c4c2cadffc9ac4\"},\"headline\":\"Suspension annonc\u00e9e de la LTDH : L\u2019organisation d\u00e9nonce et se pr\u00e9pare \u00e0 riposter\",\"datePublished\":\"2026-04-25T07:38:40+00:00\",\"dateModified\":\"2026-04-25T07:38:41+00:00\",\"mainEntityOfPage\":{\"@id\":\"https:\\\/\\\/www.webdo.tn\\\/fr\\\/actualite\\\/national\\\/suspension-annoncee-de-la-ltdh-lorganisation-denonce-et-se-prepare-a-riposter\\\/396813\\\/\"},\"wordCount\":349,\"publisher\":{\"@id\":\"https:\\\/\\\/www.webdo.tn\\\/fr\\\/#organization\"},\"image\":{\"@id\":\"https:\\\/\\\/www.webdo.tn\\\/fr\\\/actualite\\\/national\\\/suspension-annoncee-de-la-ltdh-lorganisation-denonce-et-se-prepare-a-riposter\\\/396813\\\/#primaryimage\"},\"thumbnailUrl\":\"https:\\\/\\\/www.webdo.tn\\\/fr\\\/wp-content\\\/uploads\\\/2026\\\/04\\\/LTDH.jpg\",\"keywords\":[\"Ligue tunisienne des droits de l\u2019Homme\",\"LTDH\",\"suspension d'activit\u00e9\",\"Tunisie\"],\"articleSection\":[\"\u00c9pingle\",\"National\"],\"inLanguage\":\"fr-FR\"},{\"@type\":\"WebPage\",\"@id\":\"https:\\\/\\\/www.webdo.tn\\\/fr\\\/actualite\\\/national\\\/suspension-annoncee-de-la-ltdh-lorganisation-denonce-et-se-prepare-a-riposter\\\/396813\\\/\",\"url\":\"https:\\\/\\\/www.webdo.tn\\\/fr\\\/actualite\\\/national\\\/suspension-annoncee-de-la-ltdh-lorganisation-denonce-et-se-prepare-a-riposter\\\/396813\\\/\",\"name\":\"Suspension annonc\u00e9e de la LTDH : L\u2019organisation d\u00e9nonce et se pr\u00e9pare \u00e0 riposter - webdo\",\"isPartOf\":{\"@id\":\"https:\\\/\\\/www.webdo.tn\\\/fr\\\/#website\"},\"primaryImageOfPage\":{\"@id\":\"https:\\\/\\\/www.webdo.tn\\\/fr\\\/actualite\\\/national\\\/suspension-annoncee-de-la-ltdh-lorganisation-denonce-et-se-prepare-a-riposter\\\/396813\\\/#primaryimage\"},\"image\":{\"@id\":\"https:\\\/\\\/www.webdo.tn\\\/fr\\\/actualite\\\/national\\\/suspension-annoncee-de-la-ltdh-lorganisation-denonce-et-se-prepare-a-riposter\\\/396813\\\/#primaryimage\"},\"thumbnailUrl\":\"https:\\\/\\\/www.webdo.tn\\\/fr\\\/wp-content\\\/uploads\\\/2026\\\/04\\\/LTDH.jpg\",\"datePublished\":\"2026-04-25T07:38:40+00:00\",\"dateModified\":\"2026-04-25T07:38:41+00:00\",\"description\":\"La Ligue tunisienne pour la d\u00e9fense des droits de l\u2019Homme r\u00e9agit \u00e0 la suspension annonc\u00e9e de ses activit\u00e9s. En savoir plus ici.\",\"breadcrumb\":{\"@id\":\"https:\\\/\\\/www.webdo.tn\\\/fr\\\/actualite\\\/national\\\/suspension-annoncee-de-la-ltdh-lorganisation-denonce-et-se-prepare-a-riposter\\\/396813\\\/#breadcrumb\"},\"inLanguage\":\"fr-FR\",\"potentialAction\":[{\"@type\":\"ReadAction\",\"target\":[\"https:\\\/\\\/www.webdo.tn\\\/fr\\\/actualite\\\/national\\\/suspension-annoncee-de-la-ltdh-lorganisation-denonce-et-se-prepare-a-riposter\\\/396813\\\/\"]}]},{\"@type\":\"ImageObject\",\"inLanguage\":\"fr-FR\",\"@id\":\"https:\\\/\\\/www.webdo.tn\\\/fr\\\/actualite\\\/national\\\/suspension-annoncee-de-la-ltdh-lorganisation-denonce-et-se-prepare-a-riposter\\\/396813\\\/#primaryimage\",\"url\":\"https:\\\/\\\/www.webdo.tn\\\/fr\\\/wp-content\\\/uploads\\\/2026\\\/04\\\/LTDH.jpg\",\"contentUrl\":\"https:\\\/\\\/www.webdo.tn\\\/fr\\\/wp-content\\\/uploads\\\/2026\\\/04\\\/LTDH.jpg\",\"width\":1202,\"height\":600,\"caption\":\"Suspension annonc\u00e9e de la LTDH : L\u2019organisation d\u00e9nonce et se pr\u00e9pare \u00e0 riposter\"},{\"@type\":\"BreadcrumbList\",\"@id\":\"https:\\\/\\\/www.webdo.tn\\\/fr\\\/actualite\\\/national\\\/suspension-annoncee-de-la-ltdh-lorganisation-denonce-et-se-prepare-a-riposter\\\/396813\\\/#breadcrumb\",\"itemListElement\":[{\"@type\":\"ListItem\",\"position\":1,\"name\":\"Accueil\",\"item\":\"https:\\\/\\\/www.webdo.tn\\\/fr\\\/\"},{\"@type\":\"ListItem\",\"position\":2,\"name\":\"Suspension annonc\u00e9e de la LTDH : L\u2019organisation d\u00e9nonce et se pr\u00e9pare \u00e0 riposter\"}]},{\"@type\":\"WebSite\",\"@id\":\"https:\\\/\\\/www.webdo.tn\\\/fr\\\/#website\",\"url\":\"https:\\\/\\\/www.webdo.tn\\\/fr\\\/\",\"name\":\"webdo\",\"description\":\"Tunisie - News en Tunisie et \u00e0 l&#039;international sur Webdo.tn\",\"publisher\":{\"@id\":\"https:\\\/\\\/www.webdo.tn\\\/fr\\\/#organization\"},\"potentialAction\":[{\"@type\":\"SearchAction\",\"target\":{\"@type\":\"EntryPoint\",\"urlTemplate\":\"https:\\\/\\\/www.webdo.tn\\\/fr\\\/?s={search_term_string}\"},\"query-input\":{\"@type\":\"PropertyValueSpecification\",\"valueRequired\":true,\"valueName\":\"search_term_string\"}}],\"inLanguage\":\"fr-FR\"},{\"@type\":\"Organization\",\"@id\":\"https:\\\/\\\/www.webdo.tn\\\/fr\\\/#organization\",\"name\":\"Webdo\",\"alternateName\":\"Webdo.tn\",\"url\":\"https:\\\/\\\/www.webdo.tn\\\/fr\\\/\",\"logo\":{\"@type\":\"ImageObject\",\"inLanguage\":\"fr-FR\",\"@id\":\"https:\\\/\\\/www.webdo.tn\\\/fr\\\/#\\\/schema\\\/logo\\\/image\\\/\",\"url\":\"https:\\\/\\\/www.webdo.tn\\\/fr\\\/wp-content\\\/uploads\\\/2025\\\/06\\\/Webdo-Tunisie_168377.jpg\",\"contentUrl\":\"https:\\\/\\\/www.webdo.tn\\\/fr\\\/wp-content\\\/uploads\\\/2025\\\/06\\\/Webdo-Tunisie_168377.jpg\",\"width\":301,\"height\":301,\"caption\":\"Webdo\"},\"image\":{\"@id\":\"https:\\\/\\\/www.webdo.tn\\\/fr\\\/#\\\/schema\\\/logo\\\/image\\\/\"},\"sameAs\":[\"https:\\\/\\\/www.facebook.com\\\/webdotn\",\"https:\\\/\\\/x.com\\\/webdo_tn\"],\"description\":\"Webdo est un m\u00e9dia num\u00e9rique tunisien fond\u00e9 en 2010, sp\u00e9cialis\u00e9 dans l\u2019actualit\u00e9 nationale et internationale, l\u2019\u00e9conomie, la soci\u00e9t\u00e9 et les analyses politiques. Le site s\u2019adresse \u00e0 un large public francophone et couvre l\u2019information tunisienne en temps r\u00e9el.\",\"email\":\"redac@webdo.tn\",\"legalName\":\"YNJ SARL\",\"foundingDate\":\"2010-09-06\",\"numberOfEmployees\":{\"@type\":\"QuantitativeValue\",\"minValue\":\"11\",\"maxValue\":\"50\"}},{\"@type\":\"Person\",\"@id\":\"https:\\\/\\\/www.webdo.tn\\\/fr\\\/#\\\/schema\\\/person\\\/16a4857e77dfc0b610c4c2cadffc9ac4\",\"name\":\"Mohamed Fethi\",\"image\":{\"@type\":\"ImageObject\",\"inLanguage\":\"fr-FR\",\"@id\":\"https:\\\/\\\/www.webdo.tn\\\/fr\\\/wp-content\\\/uploads\\\/2026\\\/04\\\/mohamed-fethi_avatar_1-96x96.jpg\",\"url\":\"https:\\\/\\\/www.webdo.tn\\\/fr\\\/wp-content\\\/uploads\\\/2026\\\/04\\\/mohamed-fethi_avatar_1-96x96.jpg\",\"contentUrl\":\"https:\\\/\\\/www.webdo.tn\\\/fr\\\/wp-content\\\/uploads\\\/2026\\\/04\\\/mohamed-fethi_avatar_1-96x96.jpg\",\"caption\":\"Mohamed Fethi\"},\"description\":\"Signature \u00e9ditoriale de Maher Chaabane Mohamed Fethi est le pseudonyme \u00e9ditorial de Maher Chaabane, r\u00e9dacteur en chef de Webdo.tn depuis 2012. Cette signature est d\u00e9di\u00e9e au traitement intensif de l'actualit\u00e9 nationale et internationale en temps r\u00e9el. S'appuyant sur les deux d\u00e9cennies d'expertise journalistique de Maher Chaabane \u2014 d\u00e9but\u00e9e au sein du groupe Tunis Hebdo en 2000 \u2014 Mohamed Fethi assure une veille rigoureuse sur les enjeux politiques, \u00e9conomiques et sportifs. Sa mission est de garantir une information structur\u00e9e, fluide et fid\u00e8le aux standards de la r\u00e9daction. Pour consulter le parcours complet du r\u00e9dacteur en chef, visitez le profil officiel de Maher Chaabane.\",\"knowsAbout\":[\"actualit\u00e9\",\"journalisme\",\"information\",\"politique\",\"sport\",\"m\u00e9dias\",\"actualit\u00e9 internationale\"],\"knowsLanguage\":[\"Fran\u00e7ais\",\"Arabe\"],\"jobTitle\":\"Journaliste \u2013 R\u00e9daction Webdo\",\"worksFor\":\"Webdo.tn\",\"url\":\"https:\\\/\\\/www.webdo.tn\\\/fr\\\/actualite\\\/author\\\/mohamed-fethi\\\/\"}]}<\/script>\n<!-- \/ Yoast SEO Premium plugin. -->","yoast_head_json":{"title":"Suspension annonc\u00e9e de la LTDH : L\u2019organisation d\u00e9nonce et se pr\u00e9pare \u00e0 riposter - webdo","description":"La Ligue tunisienne pour la d\u00e9fense des droits de l\u2019Homme r\u00e9agit \u00e0 la suspension annonc\u00e9e de ses activit\u00e9s. En savoir plus ici.","canonical":"https:\/\/www.webdo.tn\/fr\/actualite\/national\/suspension-annoncee-de-la-ltdh-lorganisation-denonce-et-se-prepare-a-riposter\/396813\/","og_locale":"fr_FR","og_type":"article","og_title":"Suspension annonc\u00e9e de la LTDH : L\u2019organisation d\u00e9nonce et se pr\u00e9pare \u00e0 riposter","og_description":"La Ligue tunisienne pour la d\u00e9fense des droits de l\u2019Homme r\u00e9agit \u00e0 la suspension annonc\u00e9e de ses activit\u00e9s. En savoir plus ici.","og_url":"https:\/\/www.webdo.tn\/fr\/actualite\/national\/suspension-annoncee-de-la-ltdh-lorganisation-denonce-et-se-prepare-a-riposter\/396813\/","og_site_name":"webdo","article_publisher":"https:\/\/www.facebook.com\/webdotn","article_published_time":"2026-04-25T07:38:40+00:00","article_modified_time":"2026-04-25T07:38:41+00:00","og_image":[{"width":1202,"height":600,"url":"https:\/\/www.webdo.tn\/fr\/wp-content\/uploads\/2026\/04\/LTDH.jpg","type":"image\/jpeg"}],"author":"Mohamed Fethi","twitter_card":"summary_large_image","twitter_creator":"@webdo_tn","twitter_site":"@webdo_tn","twitter_misc":{"\u00c9crit par":"Mohamed Fethi","Dur\u00e9e de lecture estim\u00e9e":"2 minutes"},"schema":{"@context":"https:\/\/schema.org","@graph":[{"@type":"NewsArticle","@id":"https:\/\/www.webdo.tn\/fr\/actualite\/national\/suspension-annoncee-de-la-ltdh-lorganisation-denonce-et-se-prepare-a-riposter\/396813\/#article","isPartOf":{"@id":"https:\/\/www.webdo.tn\/fr\/actualite\/national\/suspension-annoncee-de-la-ltdh-lorganisation-denonce-et-se-prepare-a-riposter\/396813\/"},"author":{"name":"Mohamed Fethi","@id":"https:\/\/www.webdo.tn\/fr\/#\/schema\/person\/16a4857e77dfc0b610c4c2cadffc9ac4"},"headline":"Suspension annonc\u00e9e de la LTDH : L\u2019organisation d\u00e9nonce et se pr\u00e9pare \u00e0 riposter","datePublished":"2026-04-25T07:38:40+00:00","dateModified":"2026-04-25T07:38:41+00:00","mainEntityOfPage":{"@id":"https:\/\/www.webdo.tn\/fr\/actualite\/national\/suspension-annoncee-de-la-ltdh-lorganisation-denonce-et-se-prepare-a-riposter\/396813\/"},"wordCount":349,"publisher":{"@id":"https:\/\/www.webdo.tn\/fr\/#organization"},"image":{"@id":"https:\/\/www.webdo.tn\/fr\/actualite\/national\/suspension-annoncee-de-la-ltdh-lorganisation-denonce-et-se-prepare-a-riposter\/396813\/#primaryimage"},"thumbnailUrl":"https:\/\/www.webdo.tn\/fr\/wp-content\/uploads\/2026\/04\/LTDH.jpg","keywords":["Ligue tunisienne des droits de l\u2019Homme","LTDH","suspension d'activit\u00e9","Tunisie"],"articleSection":["\u00c9pingle","National"],"inLanguage":"fr-FR"},{"@type":"WebPage","@id":"https:\/\/www.webdo.tn\/fr\/actualite\/national\/suspension-annoncee-de-la-ltdh-lorganisation-denonce-et-se-prepare-a-riposter\/396813\/","url":"https:\/\/www.webdo.tn\/fr\/actualite\/national\/suspension-annoncee-de-la-ltdh-lorganisation-denonce-et-se-prepare-a-riposter\/396813\/","name":"Suspension annonc\u00e9e de la LTDH : L\u2019organisation d\u00e9nonce et se pr\u00e9pare \u00e0 riposter - webdo","isPartOf":{"@id":"https:\/\/www.webdo.tn\/fr\/#website"},"primaryImageOfPage":{"@id":"https:\/\/www.webdo.tn\/fr\/actualite\/national\/suspension-annoncee-de-la-ltdh-lorganisation-denonce-et-se-prepare-a-riposter\/396813\/#primaryimage"},"image":{"@id":"https:\/\/www.webdo.tn\/fr\/actualite\/national\/suspension-annoncee-de-la-ltdh-lorganisation-denonce-et-se-prepare-a-riposter\/396813\/#primaryimage"},"thumbnailUrl":"https:\/\/www.webdo.tn\/fr\/wp-content\/uploads\/2026\/04\/LTDH.jpg","datePublished":"2026-04-25T07:38:40+00:00","dateModified":"2026-04-25T07:38:41+00:00","description":"La Ligue tunisienne pour la d\u00e9fense des droits de l\u2019Homme r\u00e9agit \u00e0 la suspension annonc\u00e9e de ses activit\u00e9s. En savoir plus ici.","breadcrumb":{"@id":"https:\/\/www.webdo.tn\/fr\/actualite\/national\/suspension-annoncee-de-la-ltdh-lorganisation-denonce-et-se-prepare-a-riposter\/396813\/#breadcrumb"},"inLanguage":"fr-FR","potentialAction":[{"@type":"ReadAction","target":["https:\/\/www.webdo.tn\/fr\/actualite\/national\/suspension-annoncee-de-la-ltdh-lorganisation-denonce-et-se-prepare-a-riposter\/396813\/"]}]},{"@type":"ImageObject","inLanguage":"fr-FR","@id":"https:\/\/www.webdo.tn\/fr\/actualite\/national\/suspension-annoncee-de-la-ltdh-lorganisation-denonce-et-se-prepare-a-riposter\/396813\/#primaryimage","url":"https:\/\/www.webdo.tn\/fr\/wp-content\/uploads\/2026\/04\/LTDH.jpg","contentUrl":"https:\/\/www.webdo.tn\/fr\/wp-content\/uploads\/2026\/04\/LTDH.jpg","width":1202,"height":600,"caption":"Suspension annonc\u00e9e de la LTDH : L\u2019organisation d\u00e9nonce et se pr\u00e9pare \u00e0 riposter"},{"@type":"BreadcrumbList","@id":"https:\/\/www.webdo.tn\/fr\/actualite\/national\/suspension-annoncee-de-la-ltdh-lorganisation-denonce-et-se-prepare-a-riposter\/396813\/#breadcrumb","itemListElement":[{"@type":"ListItem","position":1,"name":"Accueil","item":"https:\/\/www.webdo.tn\/fr\/"},{"@type":"ListItem","position":2,"name":"Suspension annonc\u00e9e de la LTDH : L\u2019organisation d\u00e9nonce et se pr\u00e9pare \u00e0 riposter"}]},{"@type":"WebSite","@id":"https:\/\/www.webdo.tn\/fr\/#website","url":"https:\/\/www.webdo.tn\/fr\/","name":"webdo","description":"Tunisie - News en Tunisie et \u00e0 l&#039;international sur Webdo.tn","publisher":{"@id":"https:\/\/www.webdo.tn\/fr\/#organization"},"potentialAction":[{"@type":"SearchAction","target":{"@type":"EntryPoint","urlTemplate":"https:\/\/www.webdo.tn\/fr\/?s={search_term_string}"},"query-input":{"@type":"PropertyValueSpecification","valueRequired":true,"valueName":"search_term_string"}}],"inLanguage":"fr-FR"},{"@type":"Organization","@id":"https:\/\/www.webdo.tn\/fr\/#organization","name":"Webdo","alternateName":"Webdo.tn","url":"https:\/\/www.webdo.tn\/fr\/","logo":{"@type":"ImageObject","inLanguage":"fr-FR","@id":"https:\/\/www.webdo.tn\/fr\/#\/schema\/logo\/image\/","url":"https:\/\/www.webdo.tn\/fr\/wp-content\/uploads\/2025\/06\/Webdo-Tunisie_168377.jpg","contentUrl":"https:\/\/www.webdo.tn\/fr\/wp-content\/uploads\/2025\/06\/Webdo-Tunisie_168377.jpg","width":301,"height":301,"caption":"Webdo"},"image":{"@id":"https:\/\/www.webdo.tn\/fr\/#\/schema\/logo\/image\/"},"sameAs":["https:\/\/www.facebook.com\/webdotn","https:\/\/x.com\/webdo_tn"],"description":"Webdo est un m\u00e9dia num\u00e9rique tunisien fond\u00e9 en 2010, sp\u00e9cialis\u00e9 dans l\u2019actualit\u00e9 nationale et internationale, l\u2019\u00e9conomie, la soci\u00e9t\u00e9 et les analyses politiques. Le site s\u2019adresse \u00e0 un large public francophone et couvre l\u2019information tunisienne en temps r\u00e9el.","email":"redac@webdo.tn","legalName":"YNJ SARL","foundingDate":"2010-09-06","numberOfEmployees":{"@type":"QuantitativeValue","minValue":"11","maxValue":"50"}},{"@type":"Person","@id":"https:\/\/www.webdo.tn\/fr\/#\/schema\/person\/16a4857e77dfc0b610c4c2cadffc9ac4","name":"Mohamed Fethi","image":{"@type":"ImageObject","inLanguage":"fr-FR","@id":"https:\/\/www.webdo.tn\/fr\/wp-content\/uploads\/2026\/04\/mohamed-fethi_avatar_1-96x96.jpg","url":"https:\/\/www.webdo.tn\/fr\/wp-content\/uploads\/2026\/04\/mohamed-fethi_avatar_1-96x96.jpg","contentUrl":"https:\/\/www.webdo.tn\/fr\/wp-content\/uploads\/2026\/04\/mohamed-fethi_avatar_1-96x96.jpg","caption":"Mohamed Fethi"},"description":"Signature \u00e9ditoriale de Maher Chaabane Mohamed Fethi est le pseudonyme \u00e9ditorial de Maher Chaabane, r\u00e9dacteur en chef de Webdo.tn depuis 2012. Cette signature est d\u00e9di\u00e9e au traitement intensif de l'actualit\u00e9 nationale et internationale en temps r\u00e9el. S'appuyant sur les deux d\u00e9cennies d'expertise journalistique de Maher Chaabane \u2014 d\u00e9but\u00e9e au sein du groupe Tunis Hebdo en 2000 \u2014 Mohamed Fethi assure une veille rigoureuse sur les enjeux politiques, \u00e9conomiques et sportifs. Sa mission est de garantir une information structur\u00e9e, fluide et fid\u00e8le aux standards de la r\u00e9daction. Pour consulter le parcours complet du r\u00e9dacteur en chef, visitez le profil officiel de Maher Chaabane.","knowsAbout":["actualit\u00e9","journalisme","information","politique","sport","m\u00e9dias","actualit\u00e9 internationale"],"knowsLanguage":["Fran\u00e7ais","Arabe"],"jobTitle":"Journaliste \u2013 R\u00e9daction Webdo","worksFor":"Webdo.tn","url":"https:\/\/www.webdo.tn\/fr\/actualite\/author\/mohamed-fethi\/"}]}},"_links":{"self":[{"href":"https:\/\/www.webdo.tn\/fr\/wp-json\/wp\/v2\/posts\/396813","targetHints":{"allow":["GET"]}}],"collection":[{"href":"https:\/\/www.webdo.tn\/fr\/wp-json\/wp\/v2\/posts"}],"about":[{"href":"https:\/\/www.webdo.tn\/fr\/wp-json\/wp\/v2\/types\/post"}],"author":[{"embeddable":true,"href":"https:\/\/www.webdo.tn\/fr\/wp-json\/wp\/v2\/users\/4782"}],"replies":[{"embeddable":true,"href":"https:\/\/www.webdo.tn\/fr\/wp-json\/wp\/v2\/comments?post=396813"}],"version-history":[{"count":1,"href":"https:\/\/www.webdo.tn\/fr\/wp-json\/wp\/v2\/posts\/396813\/revisions"}],"predecessor-version":[{"id":396815,"href":"https:\/\/www.webdo.tn\/fr\/wp-json\/wp\/v2\/posts\/396813\/revisions\/396815"}],"wp:featuredmedia":[{"embeddable":true,"href":"https:\/\/www.webdo.tn\/fr\/wp-json\/wp\/v2\/media\/396814"}],"wp:attachment":[{"href":"https:\/\/www.webdo.tn\/fr\/wp-json\/wp\/v2\/media?parent=396813"}],"wp:term":[{"taxonomy":"category","embeddable":true,"href":"https:\/\/www.webdo.tn\/fr\/wp-json\/wp\/v2\/categories?post=396813"},{"taxonomy":"post_tag","embeddable":true,"href":"https:\/\/www.webdo.tn\/fr\/wp-json\/wp\/v2\/tags?post=396813"}],"curies":[{"name":"wp","href":"https:\/\/api.w.org\/{rel}","templated":true}]}}