{"id":395731,"date":"2026-04-03T12:22:08","date_gmt":"2026-04-03T11:22:08","guid":{"rendered":"https:\/\/www.webdo.tn\/fr\/?p=395731"},"modified":"2026-04-03T12:22:10","modified_gmt":"2026-04-03T11:22:10","slug":"aeroport-tunis-carthage-fermeture-nocturne-temporaire-du-pont-de-lavenue-yasser-arafat","status":"publish","type":"post","link":"https:\/\/www.webdo.tn\/fr\/actualite\/regions\/aeroport-tunis-carthage-fermeture-nocturne-temporaire-du-pont-de-lavenue-yasser-arafat\/395731\/","title":{"rendered":"A\u00e9roport Tunis-Carthage : Fermeture nocturne temporaire du pont de l\u2019avenue Yasser Arafat"},"content":{"rendered":"\n<p><strong>L\u2019Office de l\u2019aviation civile et des a\u00e9roports (OACA) a annonc\u00e9 la fermeture provisoire du pont situ\u00e9 au niveau de l\u2019avenue Yasser Arafat, en face de la station principale de l\u2019A\u00e9roport international de Tunis-Carthage.<\/strong><\/p>\n\n\n\n<p>La mesure entre en vigueur \u00e0 partir de ce vendredi soir et se poursuivra durant trois nuits cons\u00e9cutives, soit dans la nuit du vendredi 3, du samedi 4 et du dimanche 5 avril, de 22h00 \u00e0 05h00.<\/p>\n\n\n\n<h2 class=\"wp-block-heading\" id=\"h-des-travaux-nocturnes-sans-impact-sur-l-acces-a-l-aeroport\">Des travaux nocturnes sans impact sur l\u2019acc\u00e8s \u00e0 l\u2019a\u00e9roport<\/h2>\n\n\n\n<p>Selon l\u2019OACA, cette fermeture s\u2019inscrit dans le cadre de travaux r\u00e9alis\u00e9s exclusivement de nuit afin de limiter la g\u00eane pour la circulation et les activit\u00e9s a\u00e9roportuaires.<\/p>\n\n\n\n<p>L\u2019Office a tenu \u00e0 rassurer les voyageurs : l\u2019acc\u00e8s \u00e0 l\u2019a\u00e9roport restera pleinement assur\u00e9 pour les passagers et les diff\u00e9rents usagers, malgr\u00e9 l\u2019interruption temporaire de la circulation au niveau du pont.<\/p>\n\n\n\n<h2 class=\"wp-block-heading\" id=\"h-appel-a-la-vigilance-des-automobilistes\">Appel \u00e0 la vigilance des automobilistes<\/h2>\n\n\n\n<p>Les automobilistes sont toutefois invit\u00e9s \u00e0 \u00e9viter autant que possible la zone concern\u00e9e pendant les horaires des travaux, notamment aux heures tardives.<\/p>\n\n\n\n<p>L\u2019OACA appelle \u00e9galement les conducteurs \u00e0 faire preuve de vigilance, \u00e0 suivre les itin\u00e9raires de d\u00e9viation mis en place et \u00e0 respecter les consignes des agents de la circulation mobilis\u00e9s sur place.<\/p>\n\n\n\n<p>Cette op\u00e9ration vise \u00e0 s\u00e9curiser et am\u00e9liorer les infrastructures routi\u00e8res desservant l\u2019a\u00e9roport, l\u2019un des axes les plus fr\u00e9quent\u00e9s du Grand Tunis, tout en maintenant la fluidit\u00e9 de l\u2019acc\u00e8s \u00e0 la plateforme a\u00e9roportuaire.<\/p>\n\n\n\n<p><\/p>\n\n\n\n<blockquote class=\"wp-block-quote is-layout-flow wp-block-quote-is-layout-flow\">\n<ul class=\"wp-block-list\">\n<li class=\"has-medium-font-size\"><strong>Lire aussi :<\/strong> <a href=\"https:\/\/www.webdo.tn\/fr\/actualite\/national\/tunis-le-projet-dun-nouvel-aeroport-definitivement-abandonne\/394263\/\">Tunis : Le projet d\u2019un nouvel a\u00e9roport d\u00e9finitivement abandonn\u00e9<\/a><\/li>\n<\/ul>\n<\/blockquote>\n","protected":false},"excerpt":{"rendered":"<p>L\u2019Office de l\u2019aviation civile et des a\u00e9roports (OACA) a annonc\u00e9 la fermeture provisoire du pont situ\u00e9 au niveau de l\u2019avenue Yasser Arafat, en face de la station principale de l\u2019A\u00e9roport international de Tunis-Carthage. La mesure entre en vigueur \u00e0 partir de ce vendredi soir et se poursuivra durant trois nuits cons\u00e9cutives, soit dans la nuit [&hellip;]<\/p>\n","protected":false},"author":4782,"featured_media":395732,"comment_status":"closed","ping_status":"closed","sticky":false,"template":"","format":"standard","meta":{"footnotes":""},"categories":[2595],"tags":[4092,5165,3926,2640,2608],"class_list":["post-395731","post","type-post","status-publish","format-standard","has-post-thumbnail","hentry","category-regions","tag-aeroport-tunis-carthage","tag-pont","tag-travaux","tag-tunis","tag-tunisie"],"yoast_head":"<!-- This site is optimized with the Yoast SEO Premium plugin v27.5 (Yoast SEO v27.5) - https:\/\/yoast.com\/product\/yoast-seo-premium-wordpress\/ -->\n<title>A\u00e9roport Tunis-Carthage : Fermeture nocturne temporaire du pont de l\u2019avenue Yasser Arafat - webdo<\/title>\n<meta name=\"description\" content=\"A\u00e9roport Tunis-Carthage : fermeture nocturne temporaire du pont de l\u2019avenue Yasser Arafat. D\u00e9tails sur les horaires concern\u00e9s.\" \/>\n<link rel=\"canonical\" href=\"https:\/\/www.webdo.tn\/fr\/actualite\/regions\/aeroport-tunis-carthage-fermeture-nocturne-temporaire-du-pont-de-lavenue-yasser-arafat\/395731\/\" \/>\n<meta property=\"og:locale\" content=\"fr_FR\" \/>\n<meta property=\"og:type\" content=\"article\" \/>\n<meta property=\"og:title\" content=\"A\u00e9roport Tunis-Carthage : Fermeture nocturne temporaire du pont de l\u2019avenue Yasser Arafat\" \/>\n<meta property=\"og:description\" content=\"A\u00e9roport Tunis-Carthage : fermeture nocturne temporaire du pont de l\u2019avenue Yasser Arafat. D\u00e9tails sur les horaires concern\u00e9s.\" \/>\n<meta property=\"og:url\" content=\"https:\/\/www.webdo.tn\/fr\/actualite\/regions\/aeroport-tunis-carthage-fermeture-nocturne-temporaire-du-pont-de-lavenue-yasser-arafat\/395731\/\" \/>\n<meta property=\"og:site_name\" content=\"webdo\" \/>\n<meta property=\"article:publisher\" content=\"https:\/\/www.facebook.com\/webdotn\" \/>\n<meta property=\"article:published_time\" content=\"2026-04-03T11:22:08+00:00\" \/>\n<meta property=\"article:modified_time\" content=\"2026-04-03T11:22:10+00:00\" \/>\n<meta property=\"og:image\" content=\"https:\/\/www.webdo.tn\/fr\/wp-content\/uploads\/2026\/04\/avenue-Yasser-Arafat.jpg\" \/>\n\t<meta property=\"og:image:width\" content=\"1200\" \/>\n\t<meta property=\"og:image:height\" content=\"600\" \/>\n\t<meta property=\"og:image:type\" content=\"image\/jpeg\" \/>\n<meta name=\"author\" content=\"Mohamed Fethi\" \/>\n<meta name=\"twitter:card\" content=\"summary_large_image\" \/>\n<meta name=\"twitter:creator\" content=\"@webdo_tn\" \/>\n<meta name=\"twitter:site\" content=\"@webdo_tn\" \/>\n<meta name=\"twitter:label1\" content=\"\u00c9crit par\" \/>\n\t<meta name=\"twitter:data1\" content=\"Mohamed Fethi\" \/>\n\t<meta name=\"twitter:label2\" content=\"Dur\u00e9e de lecture estim\u00e9e\" \/>\n\t<meta name=\"twitter:data2\" content=\"2 minutes\" \/>\n<script type=\"application\/ld+json\" class=\"yoast-schema-graph\">{\"@context\":\"https:\\\/\\\/schema.org\",\"@graph\":[{\"@type\":\"NewsArticle\",\"@id\":\"https:\\\/\\\/www.webdo.tn\\\/fr\\\/actualite\\\/regions\\\/aeroport-tunis-carthage-fermeture-nocturne-temporaire-du-pont-de-lavenue-yasser-arafat\\\/395731\\\/#article\",\"isPartOf\":{\"@id\":\"https:\\\/\\\/www.webdo.tn\\\/fr\\\/actualite\\\/regions\\\/aeroport-tunis-carthage-fermeture-nocturne-temporaire-du-pont-de-lavenue-yasser-arafat\\\/395731\\\/\"},\"author\":{\"name\":\"Mohamed Fethi\",\"@id\":\"https:\\\/\\\/www.webdo.tn\\\/fr\\\/#\\\/schema\\\/person\\\/16a4857e77dfc0b610c4c2cadffc9ac4\"},\"headline\":\"A\u00e9roport Tunis-Carthage : Fermeture nocturne temporaire du pont de l\u2019avenue Yasser Arafat\",\"datePublished\":\"2026-04-03T11:22:08+00:00\",\"dateModified\":\"2026-04-03T11:22:10+00:00\",\"mainEntityOfPage\":{\"@id\":\"https:\\\/\\\/www.webdo.tn\\\/fr\\\/actualite\\\/regions\\\/aeroport-tunis-carthage-fermeture-nocturne-temporaire-du-pont-de-lavenue-yasser-arafat\\\/395731\\\/\"},\"wordCount\":281,\"publisher\":{\"@id\":\"https:\\\/\\\/www.webdo.tn\\\/fr\\\/#organization\"},\"image\":{\"@id\":\"https:\\\/\\\/www.webdo.tn\\\/fr\\\/actualite\\\/regions\\\/aeroport-tunis-carthage-fermeture-nocturne-temporaire-du-pont-de-lavenue-yasser-arafat\\\/395731\\\/#primaryimage\"},\"thumbnailUrl\":\"https:\\\/\\\/www.webdo.tn\\\/fr\\\/wp-content\\\/uploads\\\/2026\\\/04\\\/avenue-Yasser-Arafat.jpg\",\"keywords\":[\"A\u00e9roport Tunis-Carthage\",\"Pont\",\"travaux\",\"Tunis\",\"Tunisie\"],\"articleSection\":[\"regions\"],\"inLanguage\":\"fr-FR\"},{\"@type\":\"WebPage\",\"@id\":\"https:\\\/\\\/www.webdo.tn\\\/fr\\\/actualite\\\/regions\\\/aeroport-tunis-carthage-fermeture-nocturne-temporaire-du-pont-de-lavenue-yasser-arafat\\\/395731\\\/\",\"url\":\"https:\\\/\\\/www.webdo.tn\\\/fr\\\/actualite\\\/regions\\\/aeroport-tunis-carthage-fermeture-nocturne-temporaire-du-pont-de-lavenue-yasser-arafat\\\/395731\\\/\",\"name\":\"A\u00e9roport Tunis-Carthage : Fermeture nocturne temporaire du pont de l\u2019avenue Yasser Arafat - webdo\",\"isPartOf\":{\"@id\":\"https:\\\/\\\/www.webdo.tn\\\/fr\\\/#website\"},\"primaryImageOfPage\":{\"@id\":\"https:\\\/\\\/www.webdo.tn\\\/fr\\\/actualite\\\/regions\\\/aeroport-tunis-carthage-fermeture-nocturne-temporaire-du-pont-de-lavenue-yasser-arafat\\\/395731\\\/#primaryimage\"},\"image\":{\"@id\":\"https:\\\/\\\/www.webdo.tn\\\/fr\\\/actualite\\\/regions\\\/aeroport-tunis-carthage-fermeture-nocturne-temporaire-du-pont-de-lavenue-yasser-arafat\\\/395731\\\/#primaryimage\"},\"thumbnailUrl\":\"https:\\\/\\\/www.webdo.tn\\\/fr\\\/wp-content\\\/uploads\\\/2026\\\/04\\\/avenue-Yasser-Arafat.jpg\",\"datePublished\":\"2026-04-03T11:22:08+00:00\",\"dateModified\":\"2026-04-03T11:22:10+00:00\",\"description\":\"A\u00e9roport Tunis-Carthage : fermeture nocturne temporaire du pont de l\u2019avenue Yasser Arafat. D\u00e9tails sur les horaires concern\u00e9s.\",\"breadcrumb\":{\"@id\":\"https:\\\/\\\/www.webdo.tn\\\/fr\\\/actualite\\\/regions\\\/aeroport-tunis-carthage-fermeture-nocturne-temporaire-du-pont-de-lavenue-yasser-arafat\\\/395731\\\/#breadcrumb\"},\"inLanguage\":\"fr-FR\",\"potentialAction\":[{\"@type\":\"ReadAction\",\"target\":[\"https:\\\/\\\/www.webdo.tn\\\/fr\\\/actualite\\\/regions\\\/aeroport-tunis-carthage-fermeture-nocturne-temporaire-du-pont-de-lavenue-yasser-arafat\\\/395731\\\/\"]}]},{\"@type\":\"ImageObject\",\"inLanguage\":\"fr-FR\",\"@id\":\"https:\\\/\\\/www.webdo.tn\\\/fr\\\/actualite\\\/regions\\\/aeroport-tunis-carthage-fermeture-nocturne-temporaire-du-pont-de-lavenue-yasser-arafat\\\/395731\\\/#primaryimage\",\"url\":\"https:\\\/\\\/www.webdo.tn\\\/fr\\\/wp-content\\\/uploads\\\/2026\\\/04\\\/avenue-Yasser-Arafat.jpg\",\"contentUrl\":\"https:\\\/\\\/www.webdo.tn\\\/fr\\\/wp-content\\\/uploads\\\/2026\\\/04\\\/avenue-Yasser-Arafat.jpg\",\"width\":1200,\"height\":600,\"caption\":\"A\u00e9roport Tunis-Carthage : Fermeture nocturne temporaire du pont de l\u2019avenue Yasser Arafat\"},{\"@type\":\"BreadcrumbList\",\"@id\":\"https:\\\/\\\/www.webdo.tn\\\/fr\\\/actualite\\\/regions\\\/aeroport-tunis-carthage-fermeture-nocturne-temporaire-du-pont-de-lavenue-yasser-arafat\\\/395731\\\/#breadcrumb\",\"itemListElement\":[{\"@type\":\"ListItem\",\"position\":1,\"name\":\"Accueil\",\"item\":\"https:\\\/\\\/www.webdo.tn\\\/fr\\\/\"},{\"@type\":\"ListItem\",\"position\":2,\"name\":\"A\u00e9roport Tunis-Carthage : Fermeture nocturne temporaire du pont de l\u2019avenue Yasser Arafat\"}]},{\"@type\":\"WebSite\",\"@id\":\"https:\\\/\\\/www.webdo.tn\\\/fr\\\/#website\",\"url\":\"https:\\\/\\\/www.webdo.tn\\\/fr\\\/\",\"name\":\"webdo\",\"description\":\"Tunisie - News en Tunisie et \u00e0 l&#039;international sur Webdo.tn\",\"publisher\":{\"@id\":\"https:\\\/\\\/www.webdo.tn\\\/fr\\\/#organization\"},\"potentialAction\":[{\"@type\":\"SearchAction\",\"target\":{\"@type\":\"EntryPoint\",\"urlTemplate\":\"https:\\\/\\\/www.webdo.tn\\\/fr\\\/?s={search_term_string}\"},\"query-input\":{\"@type\":\"PropertyValueSpecification\",\"valueRequired\":true,\"valueName\":\"search_term_string\"}}],\"inLanguage\":\"fr-FR\"},{\"@type\":\"Organization\",\"@id\":\"https:\\\/\\\/www.webdo.tn\\\/fr\\\/#organization\",\"name\":\"Webdo\",\"alternateName\":\"Webdo.tn\",\"url\":\"https:\\\/\\\/www.webdo.tn\\\/fr\\\/\",\"logo\":{\"@type\":\"ImageObject\",\"inLanguage\":\"fr-FR\",\"@id\":\"https:\\\/\\\/www.webdo.tn\\\/fr\\\/#\\\/schema\\\/logo\\\/image\\\/\",\"url\":\"https:\\\/\\\/www.webdo.tn\\\/fr\\\/wp-content\\\/uploads\\\/2025\\\/06\\\/Webdo-Tunisie_168377.jpg\",\"contentUrl\":\"https:\\\/\\\/www.webdo.tn\\\/fr\\\/wp-content\\\/uploads\\\/2025\\\/06\\\/Webdo-Tunisie_168377.jpg\",\"width\":301,\"height\":301,\"caption\":\"Webdo\"},\"image\":{\"@id\":\"https:\\\/\\\/www.webdo.tn\\\/fr\\\/#\\\/schema\\\/logo\\\/image\\\/\"},\"sameAs\":[\"https:\\\/\\\/www.facebook.com\\\/webdotn\",\"https:\\\/\\\/x.com\\\/webdo_tn\"],\"description\":\"Webdo est un m\u00e9dia num\u00e9rique tunisien fond\u00e9 en 2010, sp\u00e9cialis\u00e9 dans l\u2019actualit\u00e9 nationale et internationale, l\u2019\u00e9conomie, la soci\u00e9t\u00e9 et les analyses politiques. Le site s\u2019adresse \u00e0 un large public francophone et couvre l\u2019information tunisienne en temps r\u00e9el.\",\"email\":\"redac@webdo.tn\",\"legalName\":\"YNJ SARL\",\"foundingDate\":\"2010-09-06\",\"numberOfEmployees\":{\"@type\":\"QuantitativeValue\",\"minValue\":\"11\",\"maxValue\":\"50\"}},{\"@type\":\"Person\",\"@id\":\"https:\\\/\\\/www.webdo.tn\\\/fr\\\/#\\\/schema\\\/person\\\/16a4857e77dfc0b610c4c2cadffc9ac4\",\"name\":\"Mohamed Fethi\",\"image\":{\"@type\":\"ImageObject\",\"inLanguage\":\"fr-FR\",\"@id\":\"https:\\\/\\\/www.webdo.tn\\\/fr\\\/wp-content\\\/uploads\\\/2026\\\/04\\\/mohamed-fethi_avatar_1-96x96.jpg\",\"url\":\"https:\\\/\\\/www.webdo.tn\\\/fr\\\/wp-content\\\/uploads\\\/2026\\\/04\\\/mohamed-fethi_avatar_1-96x96.jpg\",\"contentUrl\":\"https:\\\/\\\/www.webdo.tn\\\/fr\\\/wp-content\\\/uploads\\\/2026\\\/04\\\/mohamed-fethi_avatar_1-96x96.jpg\",\"caption\":\"Mohamed Fethi\"},\"description\":\"Signature \u00e9ditoriale de Maher Chaabane Mohamed Fethi est le pseudonyme \u00e9ditorial de Maher Chaabane, r\u00e9dacteur en chef de Webdo.tn depuis 2012. Cette signature est d\u00e9di\u00e9e au traitement intensif de l'actualit\u00e9 nationale et internationale en temps r\u00e9el. S'appuyant sur les deux d\u00e9cennies d'expertise journalistique de Maher Chaabane \u2014 d\u00e9but\u00e9e au sein du groupe Tunis Hebdo en 2000 \u2014 Mohamed Fethi assure une veille rigoureuse sur les enjeux politiques, \u00e9conomiques et sportifs. Sa mission est de garantir une information structur\u00e9e, fluide et fid\u00e8le aux standards de la r\u00e9daction. Pour consulter le parcours complet du r\u00e9dacteur en chef, visitez le profil officiel de Maher Chaabane.\",\"knowsAbout\":[\"actualit\u00e9\",\"journalisme\",\"information\",\"politique\",\"sport\",\"m\u00e9dias\",\"actualit\u00e9 internationale\"],\"knowsLanguage\":[\"Fran\u00e7ais\",\"Arabe\"],\"jobTitle\":\"Journaliste \u2013 R\u00e9daction Webdo\",\"worksFor\":\"Webdo.tn\",\"url\":\"https:\\\/\\\/www.webdo.tn\\\/fr\\\/actualite\\\/author\\\/mohamed-fethi\\\/\"}]}<\/script>\n<!-- \/ Yoast SEO Premium plugin. -->","yoast_head_json":{"title":"A\u00e9roport Tunis-Carthage : Fermeture nocturne temporaire du pont de l\u2019avenue Yasser Arafat - webdo","description":"A\u00e9roport Tunis-Carthage : fermeture nocturne temporaire du pont de l\u2019avenue Yasser Arafat. D\u00e9tails sur les horaires concern\u00e9s.","canonical":"https:\/\/www.webdo.tn\/fr\/actualite\/regions\/aeroport-tunis-carthage-fermeture-nocturne-temporaire-du-pont-de-lavenue-yasser-arafat\/395731\/","og_locale":"fr_FR","og_type":"article","og_title":"A\u00e9roport Tunis-Carthage : Fermeture nocturne temporaire du pont de l\u2019avenue Yasser Arafat","og_description":"A\u00e9roport Tunis-Carthage : fermeture nocturne temporaire du pont de l\u2019avenue Yasser Arafat. D\u00e9tails sur les horaires concern\u00e9s.","og_url":"https:\/\/www.webdo.tn\/fr\/actualite\/regions\/aeroport-tunis-carthage-fermeture-nocturne-temporaire-du-pont-de-lavenue-yasser-arafat\/395731\/","og_site_name":"webdo","article_publisher":"https:\/\/www.facebook.com\/webdotn","article_published_time":"2026-04-03T11:22:08+00:00","article_modified_time":"2026-04-03T11:22:10+00:00","og_image":[{"width":1200,"height":600,"url":"https:\/\/www.webdo.tn\/fr\/wp-content\/uploads\/2026\/04\/avenue-Yasser-Arafat.jpg","type":"image\/jpeg"}],"author":"Mohamed Fethi","twitter_card":"summary_large_image","twitter_creator":"@webdo_tn","twitter_site":"@webdo_tn","twitter_misc":{"\u00c9crit par":"Mohamed Fethi","Dur\u00e9e de lecture estim\u00e9e":"2 minutes"},"schema":{"@context":"https:\/\/schema.org","@graph":[{"@type":"NewsArticle","@id":"https:\/\/www.webdo.tn\/fr\/actualite\/regions\/aeroport-tunis-carthage-fermeture-nocturne-temporaire-du-pont-de-lavenue-yasser-arafat\/395731\/#article","isPartOf":{"@id":"https:\/\/www.webdo.tn\/fr\/actualite\/regions\/aeroport-tunis-carthage-fermeture-nocturne-temporaire-du-pont-de-lavenue-yasser-arafat\/395731\/"},"author":{"name":"Mohamed Fethi","@id":"https:\/\/www.webdo.tn\/fr\/#\/schema\/person\/16a4857e77dfc0b610c4c2cadffc9ac4"},"headline":"A\u00e9roport Tunis-Carthage : Fermeture nocturne temporaire du pont de l\u2019avenue Yasser Arafat","datePublished":"2026-04-03T11:22:08+00:00","dateModified":"2026-04-03T11:22:10+00:00","mainEntityOfPage":{"@id":"https:\/\/www.webdo.tn\/fr\/actualite\/regions\/aeroport-tunis-carthage-fermeture-nocturne-temporaire-du-pont-de-lavenue-yasser-arafat\/395731\/"},"wordCount":281,"publisher":{"@id":"https:\/\/www.webdo.tn\/fr\/#organization"},"image":{"@id":"https:\/\/www.webdo.tn\/fr\/actualite\/regions\/aeroport-tunis-carthage-fermeture-nocturne-temporaire-du-pont-de-lavenue-yasser-arafat\/395731\/#primaryimage"},"thumbnailUrl":"https:\/\/www.webdo.tn\/fr\/wp-content\/uploads\/2026\/04\/avenue-Yasser-Arafat.jpg","keywords":["A\u00e9roport Tunis-Carthage","Pont","travaux","Tunis","Tunisie"],"articleSection":["regions"],"inLanguage":"fr-FR"},{"@type":"WebPage","@id":"https:\/\/www.webdo.tn\/fr\/actualite\/regions\/aeroport-tunis-carthage-fermeture-nocturne-temporaire-du-pont-de-lavenue-yasser-arafat\/395731\/","url":"https:\/\/www.webdo.tn\/fr\/actualite\/regions\/aeroport-tunis-carthage-fermeture-nocturne-temporaire-du-pont-de-lavenue-yasser-arafat\/395731\/","name":"A\u00e9roport Tunis-Carthage : Fermeture nocturne temporaire du pont de l\u2019avenue Yasser Arafat - webdo","isPartOf":{"@id":"https:\/\/www.webdo.tn\/fr\/#website"},"primaryImageOfPage":{"@id":"https:\/\/www.webdo.tn\/fr\/actualite\/regions\/aeroport-tunis-carthage-fermeture-nocturne-temporaire-du-pont-de-lavenue-yasser-arafat\/395731\/#primaryimage"},"image":{"@id":"https:\/\/www.webdo.tn\/fr\/actualite\/regions\/aeroport-tunis-carthage-fermeture-nocturne-temporaire-du-pont-de-lavenue-yasser-arafat\/395731\/#primaryimage"},"thumbnailUrl":"https:\/\/www.webdo.tn\/fr\/wp-content\/uploads\/2026\/04\/avenue-Yasser-Arafat.jpg","datePublished":"2026-04-03T11:22:08+00:00","dateModified":"2026-04-03T11:22:10+00:00","description":"A\u00e9roport Tunis-Carthage : fermeture nocturne temporaire du pont de l\u2019avenue Yasser Arafat. D\u00e9tails sur les horaires concern\u00e9s.","breadcrumb":{"@id":"https:\/\/www.webdo.tn\/fr\/actualite\/regions\/aeroport-tunis-carthage-fermeture-nocturne-temporaire-du-pont-de-lavenue-yasser-arafat\/395731\/#breadcrumb"},"inLanguage":"fr-FR","potentialAction":[{"@type":"ReadAction","target":["https:\/\/www.webdo.tn\/fr\/actualite\/regions\/aeroport-tunis-carthage-fermeture-nocturne-temporaire-du-pont-de-lavenue-yasser-arafat\/395731\/"]}]},{"@type":"ImageObject","inLanguage":"fr-FR","@id":"https:\/\/www.webdo.tn\/fr\/actualite\/regions\/aeroport-tunis-carthage-fermeture-nocturne-temporaire-du-pont-de-lavenue-yasser-arafat\/395731\/#primaryimage","url":"https:\/\/www.webdo.tn\/fr\/wp-content\/uploads\/2026\/04\/avenue-Yasser-Arafat.jpg","contentUrl":"https:\/\/www.webdo.tn\/fr\/wp-content\/uploads\/2026\/04\/avenue-Yasser-Arafat.jpg","width":1200,"height":600,"caption":"A\u00e9roport Tunis-Carthage : Fermeture nocturne temporaire du pont de l\u2019avenue Yasser Arafat"},{"@type":"BreadcrumbList","@id":"https:\/\/www.webdo.tn\/fr\/actualite\/regions\/aeroport-tunis-carthage-fermeture-nocturne-temporaire-du-pont-de-lavenue-yasser-arafat\/395731\/#breadcrumb","itemListElement":[{"@type":"ListItem","position":1,"name":"Accueil","item":"https:\/\/www.webdo.tn\/fr\/"},{"@type":"ListItem","position":2,"name":"A\u00e9roport Tunis-Carthage : Fermeture nocturne temporaire du pont de l\u2019avenue Yasser Arafat"}]},{"@type":"WebSite","@id":"https:\/\/www.webdo.tn\/fr\/#website","url":"https:\/\/www.webdo.tn\/fr\/","name":"webdo","description":"Tunisie - News en Tunisie et \u00e0 l&#039;international sur Webdo.tn","publisher":{"@id":"https:\/\/www.webdo.tn\/fr\/#organization"},"potentialAction":[{"@type":"SearchAction","target":{"@type":"EntryPoint","urlTemplate":"https:\/\/www.webdo.tn\/fr\/?s={search_term_string}"},"query-input":{"@type":"PropertyValueSpecification","valueRequired":true,"valueName":"search_term_string"}}],"inLanguage":"fr-FR"},{"@type":"Organization","@id":"https:\/\/www.webdo.tn\/fr\/#organization","name":"Webdo","alternateName":"Webdo.tn","url":"https:\/\/www.webdo.tn\/fr\/","logo":{"@type":"ImageObject","inLanguage":"fr-FR","@id":"https:\/\/www.webdo.tn\/fr\/#\/schema\/logo\/image\/","url":"https:\/\/www.webdo.tn\/fr\/wp-content\/uploads\/2025\/06\/Webdo-Tunisie_168377.jpg","contentUrl":"https:\/\/www.webdo.tn\/fr\/wp-content\/uploads\/2025\/06\/Webdo-Tunisie_168377.jpg","width":301,"height":301,"caption":"Webdo"},"image":{"@id":"https:\/\/www.webdo.tn\/fr\/#\/schema\/logo\/image\/"},"sameAs":["https:\/\/www.facebook.com\/webdotn","https:\/\/x.com\/webdo_tn"],"description":"Webdo est un m\u00e9dia num\u00e9rique tunisien fond\u00e9 en 2010, sp\u00e9cialis\u00e9 dans l\u2019actualit\u00e9 nationale et internationale, l\u2019\u00e9conomie, la soci\u00e9t\u00e9 et les analyses politiques. Le site s\u2019adresse \u00e0 un large public francophone et couvre l\u2019information tunisienne en temps r\u00e9el.","email":"redac@webdo.tn","legalName":"YNJ SARL","foundingDate":"2010-09-06","numberOfEmployees":{"@type":"QuantitativeValue","minValue":"11","maxValue":"50"}},{"@type":"Person","@id":"https:\/\/www.webdo.tn\/fr\/#\/schema\/person\/16a4857e77dfc0b610c4c2cadffc9ac4","name":"Mohamed Fethi","image":{"@type":"ImageObject","inLanguage":"fr-FR","@id":"https:\/\/www.webdo.tn\/fr\/wp-content\/uploads\/2026\/04\/mohamed-fethi_avatar_1-96x96.jpg","url":"https:\/\/www.webdo.tn\/fr\/wp-content\/uploads\/2026\/04\/mohamed-fethi_avatar_1-96x96.jpg","contentUrl":"https:\/\/www.webdo.tn\/fr\/wp-content\/uploads\/2026\/04\/mohamed-fethi_avatar_1-96x96.jpg","caption":"Mohamed Fethi"},"description":"Signature \u00e9ditoriale de Maher Chaabane Mohamed Fethi est le pseudonyme \u00e9ditorial de Maher Chaabane, r\u00e9dacteur en chef de Webdo.tn depuis 2012. Cette signature est d\u00e9di\u00e9e au traitement intensif de l'actualit\u00e9 nationale et internationale en temps r\u00e9el. S'appuyant sur les deux d\u00e9cennies d'expertise journalistique de Maher Chaabane \u2014 d\u00e9but\u00e9e au sein du groupe Tunis Hebdo en 2000 \u2014 Mohamed Fethi assure une veille rigoureuse sur les enjeux politiques, \u00e9conomiques et sportifs. Sa mission est de garantir une information structur\u00e9e, fluide et fid\u00e8le aux standards de la r\u00e9daction. Pour consulter le parcours complet du r\u00e9dacteur en chef, visitez le profil officiel de Maher Chaabane.","knowsAbout":["actualit\u00e9","journalisme","information","politique","sport","m\u00e9dias","actualit\u00e9 internationale"],"knowsLanguage":["Fran\u00e7ais","Arabe"],"jobTitle":"Journaliste \u2013 R\u00e9daction Webdo","worksFor":"Webdo.tn","url":"https:\/\/www.webdo.tn\/fr\/actualite\/author\/mohamed-fethi\/"}]}},"_links":{"self":[{"href":"https:\/\/www.webdo.tn\/fr\/wp-json\/wp\/v2\/posts\/395731","targetHints":{"allow":["GET"]}}],"collection":[{"href":"https:\/\/www.webdo.tn\/fr\/wp-json\/wp\/v2\/posts"}],"about":[{"href":"https:\/\/www.webdo.tn\/fr\/wp-json\/wp\/v2\/types\/post"}],"author":[{"embeddable":true,"href":"https:\/\/www.webdo.tn\/fr\/wp-json\/wp\/v2\/users\/4782"}],"replies":[{"embeddable":true,"href":"https:\/\/www.webdo.tn\/fr\/wp-json\/wp\/v2\/comments?post=395731"}],"version-history":[{"count":0,"href":"https:\/\/www.webdo.tn\/fr\/wp-json\/wp\/v2\/posts\/395731\/revisions"}],"wp:featuredmedia":[{"embeddable":true,"href":"https:\/\/www.webdo.tn\/fr\/wp-json\/wp\/v2\/media\/395732"}],"wp:attachment":[{"href":"https:\/\/www.webdo.tn\/fr\/wp-json\/wp\/v2\/media?parent=395731"}],"wp:term":[{"taxonomy":"category","embeddable":true,"href":"https:\/\/www.webdo.tn\/fr\/wp-json\/wp\/v2\/categories?post=395731"},{"taxonomy":"post_tag","embeddable":true,"href":"https:\/\/www.webdo.tn\/fr\/wp-json\/wp\/v2\/tags?post=395731"}],"curies":[{"name":"wp","href":"https:\/\/api.w.org\/{rel}","templated":true}]}}