{"id":395724,"date":"2026-04-03T12:07:05","date_gmt":"2026-04-03T11:07:05","guid":{"rendered":"https:\/\/www.webdo.tn\/fr\/?p=395724"},"modified":"2026-04-03T12:07:06","modified_gmt":"2026-04-03T11:07:06","slug":"la-justice-confirme-la-condamnation-de-marouane-mabrouk","status":"publish","type":"post","link":"https:\/\/www.webdo.tn\/fr\/actualite\/national\/la-justice-confirme-la-condamnation-de-marouane-mabrouk\/395724\/","title":{"rendered":"La justice confirme la condamnation de Marouane Mabrouk"},"content":{"rendered":"\n<p><strong>La chambre criminelle sp\u00e9cialis\u00e9e dans les affaires de corruption financi\u00e8re aupr\u00e8s de la cour d\u2019appel de Tunis a confirm\u00e9, hier, le jugement de premi\u00e8re instance prononc\u00e9 \u00e0 l\u2019encontre de Marouane Mabrouk. <\/strong><\/p>\n\n\n\n<p>L\u2019homme d\u2019affaires a \u00e9t\u00e9 condamn\u00e9 \u00e0 une peine de quatre ans de prison ferme, assortie d\u2019une amende de 400 mille dinars.<\/p>\n\n\n\n<h2 class=\"wp-block-heading\" id=\"h-soupcons-de-corruption-financiere\">Soup\u00e7ons de corruption financi\u00e8re<\/h2>\n\n\n\n<p>Selon une source judiciaire cit\u00e9e par Diwan FM, cette affaire s\u2019inscrit dans le cadre de soup\u00e7ons de corruption financi\u00e8re et administrative li\u00e9s \u00e0 une op\u00e9ration d\u2019acquisition immobili\u00e8re. Les d\u00e9tails pr\u00e9cis du dossier n\u2019ont pas \u00e9t\u00e9 rendus publics, mais l\u2019accusation porte sur des irr\u00e9gularit\u00e9s pr\u00e9sum\u00e9es dans les proc\u00e9dures entourant cette transaction. <\/p>\n\n\n\n<p class=\"has-medium-font-size\"><strong>Lire aussi :&nbsp;<\/strong><a href=\"https:\/\/www.webdo.tn\/fr\/actualite\/national\/tunisie-le-dossier-marouane-mabrouk-oriente-vers-la-conciliation\/389895\/\">Tunisie&nbsp;: Le dossier Marouane Mabrouk orient\u00e9 vers la conciliation<\/a> <\/p>\n\n\n\n<p>Cette d\u00e9cision en appel vient ainsi consolider le jugement initial, confirmant la position de la justice sur un dossier sensible impliquant une figure bien connue du monde des affaires en Tunisie. Elle intervient dans un contexte o\u00f9 les autorit\u00e9s judiciaires multiplient les proc\u00e9dures visant des dossiers de corruption financi\u00e8re, dans le cadre d\u2019une politique affich\u00e9e de lutte contre l\u2019impunit\u00e9.<\/p>\n\n\n\n<h2 class=\"wp-block-heading\" id=\"h-efficacite-des-mecanismes-de-controle\">Efficacit\u00e9 des m\u00e9canismes de contr\u00f4le<\/h2>\n\n\n\n<p>Au-del\u00e0 du cas individuel, cette confirmation judiciaire relance le d\u00e9bat sur l\u2019efficacit\u00e9 des m\u00e9canismes de contr\u00f4le des transactions immobili\u00e8res et sur la transparence dans les milieux \u00e9conomiques. Elle pose \u00e9galement la question de l\u2019impact de telles affaires sur le climat des affaires, \u00e0 un moment o\u00f9 la Tunisie cherche \u00e0 renforcer la confiance des investisseurs.<\/p>\n\n\n\n<p><\/p>\n","protected":false},"excerpt":{"rendered":"<p>La chambre criminelle sp\u00e9cialis\u00e9e dans les affaires de corruption financi\u00e8re aupr\u00e8s de la cour d\u2019appel de Tunis a confirm\u00e9, hier, le jugement de premi\u00e8re instance prononc\u00e9 \u00e0 l\u2019encontre de Marouane Mabrouk. L\u2019homme d\u2019affaires a \u00e9t\u00e9 condamn\u00e9 \u00e0 une peine de quatre ans de prison ferme, assortie d\u2019une amende de 400 mille dinars. Soup\u00e7ons de corruption [&hellip;]<\/p>\n","protected":false},"author":3184,"featured_media":388276,"comment_status":"closed","ping_status":"closed","sticky":false,"template":"","format":"standard","meta":{"footnotes":""},"categories":[44],"tags":[7001,2608],"class_list":["post-395724","post","type-post","status-publish","format-standard","has-post-thumbnail","hentry","category-national","tag-marouane-mabrouk","tag-tunisie"],"yoast_head":"<!-- This site is optimized with the Yoast SEO Premium plugin v27.5 (Yoast SEO v27.5) - https:\/\/yoast.com\/product\/yoast-seo-premium-wordpress\/ -->\n<title>La justice confirme la condamnation de Marouane Mabrouk - webdo<\/title>\n<meta name=\"description\" content=\"D\u00e9couvrez les d\u00e9tails du cas de Marouane Mabrouk, condamn\u00e9 \u00e0 quatre ans de prison pour corruption financi\u00e8re.\" \/>\n<link rel=\"canonical\" href=\"https:\/\/www.webdo.tn\/fr\/actualite\/national\/la-justice-confirme-la-condamnation-de-marouane-mabrouk\/395724\/\" \/>\n<meta property=\"og:locale\" content=\"fr_FR\" \/>\n<meta property=\"og:type\" content=\"article\" \/>\n<meta property=\"og:title\" content=\"La justice confirme la condamnation de Marouane Mabrouk\" \/>\n<meta property=\"og:description\" content=\"D\u00e9couvrez les d\u00e9tails du cas de Marouane Mabrouk, condamn\u00e9 \u00e0 quatre ans de prison pour corruption financi\u00e8re.\" \/>\n<meta property=\"og:url\" content=\"https:\/\/www.webdo.tn\/fr\/actualite\/national\/la-justice-confirme-la-condamnation-de-marouane-mabrouk\/395724\/\" \/>\n<meta property=\"og:site_name\" content=\"webdo\" \/>\n<meta property=\"article:publisher\" content=\"https:\/\/www.facebook.com\/webdotn\" \/>\n<meta property=\"article:published_time\" content=\"2026-04-03T11:07:05+00:00\" \/>\n<meta property=\"article:modified_time\" content=\"2026-04-03T11:07:06+00:00\" \/>\n<meta property=\"og:image\" content=\"https:\/\/www.webdo.tn\/fr\/wp-content\/uploads\/2025\/11\/Marouane-Mabrouk.jpeg\" \/>\n\t<meta property=\"og:image:width\" content=\"1200\" \/>\n\t<meta property=\"og:image:height\" content=\"602\" \/>\n\t<meta property=\"og:image:type\" content=\"image\/jpeg\" \/>\n<meta name=\"author\" content=\"Wided Belhaj\" \/>\n<meta name=\"twitter:card\" content=\"summary_large_image\" \/>\n<meta name=\"twitter:creator\" content=\"@webdo_tn\" \/>\n<meta name=\"twitter:site\" content=\"@webdo_tn\" \/>\n<meta name=\"twitter:label1\" content=\"\u00c9crit par\" \/>\n\t<meta name=\"twitter:data1\" content=\"Wided Belhaj\" \/>\n\t<meta name=\"twitter:label2\" content=\"Dur\u00e9e de lecture estim\u00e9e\" \/>\n\t<meta name=\"twitter:data2\" content=\"2 minutes\" \/>\n<script type=\"application\/ld+json\" class=\"yoast-schema-graph\">{\"@context\":\"https:\\\/\\\/schema.org\",\"@graph\":[{\"@type\":\"NewsArticle\",\"@id\":\"https:\\\/\\\/www.webdo.tn\\\/fr\\\/actualite\\\/national\\\/la-justice-confirme-la-condamnation-de-marouane-mabrouk\\\/395724\\\/#article\",\"isPartOf\":{\"@id\":\"https:\\\/\\\/www.webdo.tn\\\/fr\\\/actualite\\\/national\\\/la-justice-confirme-la-condamnation-de-marouane-mabrouk\\\/395724\\\/\"},\"author\":{\"name\":\"Wided Belhaj\",\"@id\":\"https:\\\/\\\/www.webdo.tn\\\/fr\\\/#\\\/schema\\\/person\\\/b9ecde7a5574cb4fcf4b496ea5fadb15\"},\"headline\":\"La justice confirme la condamnation de Marouane Mabrouk\",\"datePublished\":\"2026-04-03T11:07:05+00:00\",\"dateModified\":\"2026-04-03T11:07:06+00:00\",\"mainEntityOfPage\":{\"@id\":\"https:\\\/\\\/www.webdo.tn\\\/fr\\\/actualite\\\/national\\\/la-justice-confirme-la-condamnation-de-marouane-mabrouk\\\/395724\\\/\"},\"wordCount\":284,\"publisher\":{\"@id\":\"https:\\\/\\\/www.webdo.tn\\\/fr\\\/#organization\"},\"image\":{\"@id\":\"https:\\\/\\\/www.webdo.tn\\\/fr\\\/actualite\\\/national\\\/la-justice-confirme-la-condamnation-de-marouane-mabrouk\\\/395724\\\/#primaryimage\"},\"thumbnailUrl\":\"https:\\\/\\\/www.webdo.tn\\\/fr\\\/wp-content\\\/uploads\\\/2025\\\/11\\\/Marouane-Mabrouk.jpeg\",\"keywords\":[\"marouane mabrouk\",\"Tunisie\"],\"articleSection\":[\"National\"],\"inLanguage\":\"fr-FR\"},{\"@type\":\"WebPage\",\"@id\":\"https:\\\/\\\/www.webdo.tn\\\/fr\\\/actualite\\\/national\\\/la-justice-confirme-la-condamnation-de-marouane-mabrouk\\\/395724\\\/\",\"url\":\"https:\\\/\\\/www.webdo.tn\\\/fr\\\/actualite\\\/national\\\/la-justice-confirme-la-condamnation-de-marouane-mabrouk\\\/395724\\\/\",\"name\":\"La justice confirme la condamnation de Marouane Mabrouk - webdo\",\"isPartOf\":{\"@id\":\"https:\\\/\\\/www.webdo.tn\\\/fr\\\/#website\"},\"primaryImageOfPage\":{\"@id\":\"https:\\\/\\\/www.webdo.tn\\\/fr\\\/actualite\\\/national\\\/la-justice-confirme-la-condamnation-de-marouane-mabrouk\\\/395724\\\/#primaryimage\"},\"image\":{\"@id\":\"https:\\\/\\\/www.webdo.tn\\\/fr\\\/actualite\\\/national\\\/la-justice-confirme-la-condamnation-de-marouane-mabrouk\\\/395724\\\/#primaryimage\"},\"thumbnailUrl\":\"https:\\\/\\\/www.webdo.tn\\\/fr\\\/wp-content\\\/uploads\\\/2025\\\/11\\\/Marouane-Mabrouk.jpeg\",\"datePublished\":\"2026-04-03T11:07:05+00:00\",\"dateModified\":\"2026-04-03T11:07:06+00:00\",\"description\":\"D\u00e9couvrez les d\u00e9tails du cas de Marouane Mabrouk, condamn\u00e9 \u00e0 quatre ans de prison pour corruption financi\u00e8re.\",\"breadcrumb\":{\"@id\":\"https:\\\/\\\/www.webdo.tn\\\/fr\\\/actualite\\\/national\\\/la-justice-confirme-la-condamnation-de-marouane-mabrouk\\\/395724\\\/#breadcrumb\"},\"inLanguage\":\"fr-FR\",\"potentialAction\":[{\"@type\":\"ReadAction\",\"target\":[\"https:\\\/\\\/www.webdo.tn\\\/fr\\\/actualite\\\/national\\\/la-justice-confirme-la-condamnation-de-marouane-mabrouk\\\/395724\\\/\"]}]},{\"@type\":\"ImageObject\",\"inLanguage\":\"fr-FR\",\"@id\":\"https:\\\/\\\/www.webdo.tn\\\/fr\\\/actualite\\\/national\\\/la-justice-confirme-la-condamnation-de-marouane-mabrouk\\\/395724\\\/#primaryimage\",\"url\":\"https:\\\/\\\/www.webdo.tn\\\/fr\\\/wp-content\\\/uploads\\\/2025\\\/11\\\/Marouane-Mabrouk.jpeg\",\"contentUrl\":\"https:\\\/\\\/www.webdo.tn\\\/fr\\\/wp-content\\\/uploads\\\/2025\\\/11\\\/Marouane-Mabrouk.jpeg\",\"width\":1200,\"height\":602,\"caption\":\"Tunisie : 5 ans de prison et lourdes amendes pour l\u2019homme d\u2019affaires Marouane Mabrouk\"},{\"@type\":\"BreadcrumbList\",\"@id\":\"https:\\\/\\\/www.webdo.tn\\\/fr\\\/actualite\\\/national\\\/la-justice-confirme-la-condamnation-de-marouane-mabrouk\\\/395724\\\/#breadcrumb\",\"itemListElement\":[{\"@type\":\"ListItem\",\"position\":1,\"name\":\"Accueil\",\"item\":\"https:\\\/\\\/www.webdo.tn\\\/fr\\\/\"},{\"@type\":\"ListItem\",\"position\":2,\"name\":\"La justice confirme la condamnation de Marouane Mabrouk\"}]},{\"@type\":\"WebSite\",\"@id\":\"https:\\\/\\\/www.webdo.tn\\\/fr\\\/#website\",\"url\":\"https:\\\/\\\/www.webdo.tn\\\/fr\\\/\",\"name\":\"webdo\",\"description\":\"Tunisie - News en Tunisie et \u00e0 l&#039;international sur Webdo.tn\",\"publisher\":{\"@id\":\"https:\\\/\\\/www.webdo.tn\\\/fr\\\/#organization\"},\"potentialAction\":[{\"@type\":\"SearchAction\",\"target\":{\"@type\":\"EntryPoint\",\"urlTemplate\":\"https:\\\/\\\/www.webdo.tn\\\/fr\\\/?s={search_term_string}\"},\"query-input\":{\"@type\":\"PropertyValueSpecification\",\"valueRequired\":true,\"valueName\":\"search_term_string\"}}],\"inLanguage\":\"fr-FR\"},{\"@type\":\"Organization\",\"@id\":\"https:\\\/\\\/www.webdo.tn\\\/fr\\\/#organization\",\"name\":\"Webdo\",\"alternateName\":\"Webdo.tn\",\"url\":\"https:\\\/\\\/www.webdo.tn\\\/fr\\\/\",\"logo\":{\"@type\":\"ImageObject\",\"inLanguage\":\"fr-FR\",\"@id\":\"https:\\\/\\\/www.webdo.tn\\\/fr\\\/#\\\/schema\\\/logo\\\/image\\\/\",\"url\":\"https:\\\/\\\/www.webdo.tn\\\/fr\\\/wp-content\\\/uploads\\\/2025\\\/06\\\/Webdo-Tunisie_168377.jpg\",\"contentUrl\":\"https:\\\/\\\/www.webdo.tn\\\/fr\\\/wp-content\\\/uploads\\\/2025\\\/06\\\/Webdo-Tunisie_168377.jpg\",\"width\":301,\"height\":301,\"caption\":\"Webdo\"},\"image\":{\"@id\":\"https:\\\/\\\/www.webdo.tn\\\/fr\\\/#\\\/schema\\\/logo\\\/image\\\/\"},\"sameAs\":[\"https:\\\/\\\/www.facebook.com\\\/webdotn\",\"https:\\\/\\\/x.com\\\/webdo_tn\"],\"description\":\"Webdo est un m\u00e9dia num\u00e9rique tunisien fond\u00e9 en 2010, sp\u00e9cialis\u00e9 dans l\u2019actualit\u00e9 nationale et internationale, l\u2019\u00e9conomie, la soci\u00e9t\u00e9 et les analyses politiques. Le site s\u2019adresse \u00e0 un large public francophone et couvre l\u2019information tunisienne en temps r\u00e9el.\",\"email\":\"redac@webdo.tn\",\"legalName\":\"YNJ SARL\",\"foundingDate\":\"2010-09-06\",\"numberOfEmployees\":{\"@type\":\"QuantitativeValue\",\"minValue\":\"11\",\"maxValue\":\"50\"}},{\"@type\":\"Person\",\"@id\":\"https:\\\/\\\/www.webdo.tn\\\/fr\\\/#\\\/schema\\\/person\\\/b9ecde7a5574cb4fcf4b496ea5fadb15\",\"name\":\"Wided Belhaj\",\"image\":{\"@type\":\"ImageObject\",\"inLanguage\":\"fr-FR\",\"@id\":\"https:\\\/\\\/www.webdo.tn\\\/fr\\\/wp-content\\\/uploads\\\/2026\\\/04\\\/wided-belhaj_avatar-96x96.jpg\",\"url\":\"https:\\\/\\\/www.webdo.tn\\\/fr\\\/wp-content\\\/uploads\\\/2026\\\/04\\\/wided-belhaj_avatar-96x96.jpg\",\"contentUrl\":\"https:\\\/\\\/www.webdo.tn\\\/fr\\\/wp-content\\\/uploads\\\/2026\\\/04\\\/wided-belhaj_avatar-96x96.jpg\",\"caption\":\"Wided Belhaj\"},\"description\":\"Wided Belhaj est le pseudonyme \u00e9ditorial utilis\u00e9 par Khalil Jelassi, journaliste, ma\u00eetre-assistant \u00e0 l\u2019Institut de presse et des sciences de l\u2019information (IPSI) et chercheur en sciences de l\u2019information et de la communication. Cette signature est d\u00e9di\u00e9e \u00e0 l\u2019analyse des m\u00e9dias, des pratiques journalistiques et des mutations de l\u2019information \u00e0 l\u2019\u00e8re digitale. \u00c0 travers ses contributions, Wided Belhaj propose une lecture analytique de l\u2019actualit\u00e9, en croisant regard critique et expertise acad\u00e9mique.\",\"knowsAbout\":[\"m\u00e9dias\",\"journalisme\",\"communication\",\"information\",\"transformation num\u00e9rique\",\"analyse des m\u00e9dias\"],\"knowsLanguage\":[\"Fran\u00e7ais\",\"Arabe\"],\"jobTitle\":\"Webdo.tn\",\"worksFor\":\"Journaliste \u2013 Analyse des m\u00e9dias\",\"url\":\"https:\\\/\\\/www.webdo.tn\\\/fr\\\/actualite\\\/author\\\/wided-belhaj\\\/\"}]}<\/script>\n<!-- \/ Yoast SEO Premium plugin. -->","yoast_head_json":{"title":"La justice confirme la condamnation de Marouane Mabrouk - webdo","description":"D\u00e9couvrez les d\u00e9tails du cas de Marouane Mabrouk, condamn\u00e9 \u00e0 quatre ans de prison pour corruption financi\u00e8re.","canonical":"https:\/\/www.webdo.tn\/fr\/actualite\/national\/la-justice-confirme-la-condamnation-de-marouane-mabrouk\/395724\/","og_locale":"fr_FR","og_type":"article","og_title":"La justice confirme la condamnation de Marouane Mabrouk","og_description":"D\u00e9couvrez les d\u00e9tails du cas de Marouane Mabrouk, condamn\u00e9 \u00e0 quatre ans de prison pour corruption financi\u00e8re.","og_url":"https:\/\/www.webdo.tn\/fr\/actualite\/national\/la-justice-confirme-la-condamnation-de-marouane-mabrouk\/395724\/","og_site_name":"webdo","article_publisher":"https:\/\/www.facebook.com\/webdotn","article_published_time":"2026-04-03T11:07:05+00:00","article_modified_time":"2026-04-03T11:07:06+00:00","og_image":[{"width":1200,"height":602,"url":"https:\/\/www.webdo.tn\/fr\/wp-content\/uploads\/2025\/11\/Marouane-Mabrouk.jpeg","type":"image\/jpeg"}],"author":"Wided Belhaj","twitter_card":"summary_large_image","twitter_creator":"@webdo_tn","twitter_site":"@webdo_tn","twitter_misc":{"\u00c9crit par":"Wided Belhaj","Dur\u00e9e de lecture estim\u00e9e":"2 minutes"},"schema":{"@context":"https:\/\/schema.org","@graph":[{"@type":"NewsArticle","@id":"https:\/\/www.webdo.tn\/fr\/actualite\/national\/la-justice-confirme-la-condamnation-de-marouane-mabrouk\/395724\/#article","isPartOf":{"@id":"https:\/\/www.webdo.tn\/fr\/actualite\/national\/la-justice-confirme-la-condamnation-de-marouane-mabrouk\/395724\/"},"author":{"name":"Wided Belhaj","@id":"https:\/\/www.webdo.tn\/fr\/#\/schema\/person\/b9ecde7a5574cb4fcf4b496ea5fadb15"},"headline":"La justice confirme la condamnation de Marouane Mabrouk","datePublished":"2026-04-03T11:07:05+00:00","dateModified":"2026-04-03T11:07:06+00:00","mainEntityOfPage":{"@id":"https:\/\/www.webdo.tn\/fr\/actualite\/national\/la-justice-confirme-la-condamnation-de-marouane-mabrouk\/395724\/"},"wordCount":284,"publisher":{"@id":"https:\/\/www.webdo.tn\/fr\/#organization"},"image":{"@id":"https:\/\/www.webdo.tn\/fr\/actualite\/national\/la-justice-confirme-la-condamnation-de-marouane-mabrouk\/395724\/#primaryimage"},"thumbnailUrl":"https:\/\/www.webdo.tn\/fr\/wp-content\/uploads\/2025\/11\/Marouane-Mabrouk.jpeg","keywords":["marouane mabrouk","Tunisie"],"articleSection":["National"],"inLanguage":"fr-FR"},{"@type":"WebPage","@id":"https:\/\/www.webdo.tn\/fr\/actualite\/national\/la-justice-confirme-la-condamnation-de-marouane-mabrouk\/395724\/","url":"https:\/\/www.webdo.tn\/fr\/actualite\/national\/la-justice-confirme-la-condamnation-de-marouane-mabrouk\/395724\/","name":"La justice confirme la condamnation de Marouane Mabrouk - webdo","isPartOf":{"@id":"https:\/\/www.webdo.tn\/fr\/#website"},"primaryImageOfPage":{"@id":"https:\/\/www.webdo.tn\/fr\/actualite\/national\/la-justice-confirme-la-condamnation-de-marouane-mabrouk\/395724\/#primaryimage"},"image":{"@id":"https:\/\/www.webdo.tn\/fr\/actualite\/national\/la-justice-confirme-la-condamnation-de-marouane-mabrouk\/395724\/#primaryimage"},"thumbnailUrl":"https:\/\/www.webdo.tn\/fr\/wp-content\/uploads\/2025\/11\/Marouane-Mabrouk.jpeg","datePublished":"2026-04-03T11:07:05+00:00","dateModified":"2026-04-03T11:07:06+00:00","description":"D\u00e9couvrez les d\u00e9tails du cas de Marouane Mabrouk, condamn\u00e9 \u00e0 quatre ans de prison pour corruption financi\u00e8re.","breadcrumb":{"@id":"https:\/\/www.webdo.tn\/fr\/actualite\/national\/la-justice-confirme-la-condamnation-de-marouane-mabrouk\/395724\/#breadcrumb"},"inLanguage":"fr-FR","potentialAction":[{"@type":"ReadAction","target":["https:\/\/www.webdo.tn\/fr\/actualite\/national\/la-justice-confirme-la-condamnation-de-marouane-mabrouk\/395724\/"]}]},{"@type":"ImageObject","inLanguage":"fr-FR","@id":"https:\/\/www.webdo.tn\/fr\/actualite\/national\/la-justice-confirme-la-condamnation-de-marouane-mabrouk\/395724\/#primaryimage","url":"https:\/\/www.webdo.tn\/fr\/wp-content\/uploads\/2025\/11\/Marouane-Mabrouk.jpeg","contentUrl":"https:\/\/www.webdo.tn\/fr\/wp-content\/uploads\/2025\/11\/Marouane-Mabrouk.jpeg","width":1200,"height":602,"caption":"Tunisie : 5 ans de prison et lourdes amendes pour l\u2019homme d\u2019affaires Marouane Mabrouk"},{"@type":"BreadcrumbList","@id":"https:\/\/www.webdo.tn\/fr\/actualite\/national\/la-justice-confirme-la-condamnation-de-marouane-mabrouk\/395724\/#breadcrumb","itemListElement":[{"@type":"ListItem","position":1,"name":"Accueil","item":"https:\/\/www.webdo.tn\/fr\/"},{"@type":"ListItem","position":2,"name":"La justice confirme la condamnation de Marouane Mabrouk"}]},{"@type":"WebSite","@id":"https:\/\/www.webdo.tn\/fr\/#website","url":"https:\/\/www.webdo.tn\/fr\/","name":"webdo","description":"Tunisie - News en Tunisie et \u00e0 l&#039;international sur Webdo.tn","publisher":{"@id":"https:\/\/www.webdo.tn\/fr\/#organization"},"potentialAction":[{"@type":"SearchAction","target":{"@type":"EntryPoint","urlTemplate":"https:\/\/www.webdo.tn\/fr\/?s={search_term_string}"},"query-input":{"@type":"PropertyValueSpecification","valueRequired":true,"valueName":"search_term_string"}}],"inLanguage":"fr-FR"},{"@type":"Organization","@id":"https:\/\/www.webdo.tn\/fr\/#organization","name":"Webdo","alternateName":"Webdo.tn","url":"https:\/\/www.webdo.tn\/fr\/","logo":{"@type":"ImageObject","inLanguage":"fr-FR","@id":"https:\/\/www.webdo.tn\/fr\/#\/schema\/logo\/image\/","url":"https:\/\/www.webdo.tn\/fr\/wp-content\/uploads\/2025\/06\/Webdo-Tunisie_168377.jpg","contentUrl":"https:\/\/www.webdo.tn\/fr\/wp-content\/uploads\/2025\/06\/Webdo-Tunisie_168377.jpg","width":301,"height":301,"caption":"Webdo"},"image":{"@id":"https:\/\/www.webdo.tn\/fr\/#\/schema\/logo\/image\/"},"sameAs":["https:\/\/www.facebook.com\/webdotn","https:\/\/x.com\/webdo_tn"],"description":"Webdo est un m\u00e9dia num\u00e9rique tunisien fond\u00e9 en 2010, sp\u00e9cialis\u00e9 dans l\u2019actualit\u00e9 nationale et internationale, l\u2019\u00e9conomie, la soci\u00e9t\u00e9 et les analyses politiques. Le site s\u2019adresse \u00e0 un large public francophone et couvre l\u2019information tunisienne en temps r\u00e9el.","email":"redac@webdo.tn","legalName":"YNJ SARL","foundingDate":"2010-09-06","numberOfEmployees":{"@type":"QuantitativeValue","minValue":"11","maxValue":"50"}},{"@type":"Person","@id":"https:\/\/www.webdo.tn\/fr\/#\/schema\/person\/b9ecde7a5574cb4fcf4b496ea5fadb15","name":"Wided Belhaj","image":{"@type":"ImageObject","inLanguage":"fr-FR","@id":"https:\/\/www.webdo.tn\/fr\/wp-content\/uploads\/2026\/04\/wided-belhaj_avatar-96x96.jpg","url":"https:\/\/www.webdo.tn\/fr\/wp-content\/uploads\/2026\/04\/wided-belhaj_avatar-96x96.jpg","contentUrl":"https:\/\/www.webdo.tn\/fr\/wp-content\/uploads\/2026\/04\/wided-belhaj_avatar-96x96.jpg","caption":"Wided Belhaj"},"description":"Wided Belhaj est le pseudonyme \u00e9ditorial utilis\u00e9 par Khalil Jelassi, journaliste, ma\u00eetre-assistant \u00e0 l\u2019Institut de presse et des sciences de l\u2019information (IPSI) et chercheur en sciences de l\u2019information et de la communication. Cette signature est d\u00e9di\u00e9e \u00e0 l\u2019analyse des m\u00e9dias, des pratiques journalistiques et des mutations de l\u2019information \u00e0 l\u2019\u00e8re digitale. \u00c0 travers ses contributions, Wided Belhaj propose une lecture analytique de l\u2019actualit\u00e9, en croisant regard critique et expertise acad\u00e9mique.","knowsAbout":["m\u00e9dias","journalisme","communication","information","transformation num\u00e9rique","analyse des m\u00e9dias"],"knowsLanguage":["Fran\u00e7ais","Arabe"],"jobTitle":"Webdo.tn","worksFor":"Journaliste \u2013 Analyse des m\u00e9dias","url":"https:\/\/www.webdo.tn\/fr\/actualite\/author\/wided-belhaj\/"}]}},"_links":{"self":[{"href":"https:\/\/www.webdo.tn\/fr\/wp-json\/wp\/v2\/posts\/395724","targetHints":{"allow":["GET"]}}],"collection":[{"href":"https:\/\/www.webdo.tn\/fr\/wp-json\/wp\/v2\/posts"}],"about":[{"href":"https:\/\/www.webdo.tn\/fr\/wp-json\/wp\/v2\/types\/post"}],"author":[{"embeddable":true,"href":"https:\/\/www.webdo.tn\/fr\/wp-json\/wp\/v2\/users\/3184"}],"replies":[{"embeddable":true,"href":"https:\/\/www.webdo.tn\/fr\/wp-json\/wp\/v2\/comments?post=395724"}],"version-history":[{"count":0,"href":"https:\/\/www.webdo.tn\/fr\/wp-json\/wp\/v2\/posts\/395724\/revisions"}],"wp:featuredmedia":[{"embeddable":true,"href":"https:\/\/www.webdo.tn\/fr\/wp-json\/wp\/v2\/media\/388276"}],"wp:attachment":[{"href":"https:\/\/www.webdo.tn\/fr\/wp-json\/wp\/v2\/media?parent=395724"}],"wp:term":[{"taxonomy":"category","embeddable":true,"href":"https:\/\/www.webdo.tn\/fr\/wp-json\/wp\/v2\/categories?post=395724"},{"taxonomy":"post_tag","embeddable":true,"href":"https:\/\/www.webdo.tn\/fr\/wp-json\/wp\/v2\/tags?post=395724"}],"curies":[{"name":"wp","href":"https:\/\/api.w.org\/{rel}","templated":true}]}}