{"id":395714,"date":"2026-04-03T10:29:12","date_gmt":"2026-04-03T09:29:12","guid":{"rendered":"https:\/\/www.webdo.tn\/fr\/?p=395714"},"modified":"2026-04-03T10:29:14","modified_gmt":"2026-04-03T09:29:14","slug":"abdelkader-klibi-sadiki-sorbonne-et-ibn-khaldoun","status":"publish","type":"post","link":"https:\/\/www.webdo.tn\/fr\/actualite\/chroniques\/abdelkader-klibi-sadiki-sorbonne-et-ibn-khaldoun\/395714\/","title":{"rendered":"Abdelkader Klibi : Sadiki, Sorbonne et Ibn Khaldoun"},"content":{"rendered":"\n<p><strong>Personnalit\u00e9 forte et intellectuel rigoureux, Abdelkader Klibi ne badinait pas avec la culture. Bien au contraire, il \u00e9tait de ceux qui nous ont appris \u00e0 sacraliser les choses de l&rsquo;\u00e9ducation et du savoir sous toutes ses formes.<\/strong><\/p>\n\n\n\n<p>N\u00e9 le 28 mars 1931, Abdelkader Klibi s&rsquo;appr\u00eatait \u00e0 f\u00eater son anniversaire entour\u00e9 de sa famille. Mais la vie en a voulu autrement puisqu&rsquo;il est d\u00e9c\u00e9d\u00e9 le 15 mars dernier, r\u00e9veillant aupr\u00e8s de ceux qui l&rsquo;ont connu le souvenir d&rsquo;un homme de devoir.<\/p>\n\n\n\n<p>A la retraite depuis plus d&rsquo;une trentaine d&rsquo;ann\u00e9es, Abdelkader Klibi avait choisi de couler des jours paisibles dans les proximit\u00e9s familiales.<\/p>\n\n\n\n<p>Relativement perdu de vue par les tenants contemporains de la vie culturelle, il n&rsquo;en demeure pas moins l&rsquo;un des b\u00e2tisseurs du socle m\u00eame de notre culture d&rsquo;aujourd&rsquo;hui.<\/p>\n\n\n\n<p>Sadikien et parfait bilingue, il suivra son cursus universitaire \u00e0 la Sorbonne o\u00f9 il a d\u00e9croch\u00e9 une licence en langue et litt\u00e9rature arabe en 1958.<\/p>\n\n\n\n<p><\/p>\n\n\n<div class=\"wp-block-image\">\n<figure class=\"aligncenter size-full\"><img decoding=\"async\" width=\"960\" height=\"636\" src=\"https:\/\/www.webdo.tn\/fr\/wp-content\/uploads\/2026\/04\/abdelkader-klibi-2.jpeg\" alt=\"\" class=\"wp-image-395715\" srcset=\"https:\/\/www.webdo.tn\/fr\/wp-content\/uploads\/2026\/04\/abdelkader-klibi-2.jpeg 960w, https:\/\/www.webdo.tn\/fr\/wp-content\/uploads\/2026\/04\/abdelkader-klibi-2-300x199.jpeg 300w, https:\/\/www.webdo.tn\/fr\/wp-content\/uploads\/2026\/04\/abdelkader-klibi-2-768x509.jpeg 768w, https:\/\/www.webdo.tn\/fr\/wp-content\/uploads\/2026\/04\/abdelkader-klibi-2-750x497.jpeg 750w\" sizes=\"(max-width: 960px) 100vw, 960px\" \/><\/figure>\n<\/div>\n\n\n<p><\/p>\n\n\n\n<p>De retour au pays, il s&rsquo;investira pleinement dans l&rsquo;enseignement et formera des g\u00e9n\u00e9rations d&rsquo;\u00e9l\u00e8ves au lyc\u00e9e Khaznadar.<\/p>\n\n\n\n<p>Vers\u00e9 dans le monde des arts et des lettres, il sera le directeur le plus embl\u00e9matique de la Maison de la culture Ibn Khaldoun qui \u00e9tait alors l&rsquo;\u00e9picentre de la vie culturelle dans un Tunis fra\u00eechement par\u00e9 aux couleurs de l&rsquo;ind\u00e9pendance.<\/p>\n\n\n\n<p>Durant son long mandat qui se prolongera toute une d\u00e9cennie jusqu&rsquo;en 1968, la Maison de la culture Ibn Khaldoun brillait de mille feux, brassait spectacles et expositions, pr\u00e9sentait conf\u00e9renciers et invit\u00e9s de marque, rassemblait au quotidien un public fid\u00e8le et avide de savoir.<\/p>\n\n\n\n<p>Une anecdote de cette \u00e9poque lointaine en dit long sur la pers\u00e9v\u00e9rance et l&rsquo;exemplarit\u00e9 du regrett\u00e9 Abdelkader Klibi. En ce temps, en face de la Maison Ibn Khaldoun, un restaurant populaire vendait briks, sandwichs et fricass\u00e9s dans une ambiance enfum\u00e9e et bon enfant. <\/p>\n\n\n\n<p>Usant de dons que ne renierait pas un diplomate, Abdelkader Klibi avait convaincu le sieur Miloud &#8211; puisque c&rsquo;est de lui qu&rsquo;il s&rsquo;agit &#8211; de d\u00e9placer sa fa\u00e7ade qui de nos jours encore, se trouve dans la rue lat\u00e9rale. C&rsquo;est dire la capacit\u00e9 de sugg\u00e9rer, persuader et convaincre qui fut celle de Abdelkader Klibi.<\/p>\n\n\n\n<p>Apr\u00e8s son mandat \u00e0 Ibn Khaldoun, le regrett\u00e9 accomplira plusieurs missions au minist\u00e8re des Affaires culturelles et \u00e9galement \u00e0 l&rsquo;\u00c9ducation nationale. Toujours sur la br\u00e8che, il \u00e9taient de ceux qui savaient que le diable se cache dans les d\u00e9tails et abordaient les projets \u00e0 r\u00e9aliser avec pr\u00e9cision et ponctualit\u00e9.<\/p>\n\n\n\n<p>Abdelkader Klibi a v\u00e9cu discr\u00e8tement, sans tapage, \u00e0 l&rsquo;image des commis de l&rsquo;\u00c9tat tunisien naissant dont il faisait partie. \u00c0 ce titre, il a compt\u00e9 parmi les fondateurs du minist\u00e8re des Affaires culturelles et pos\u00e9 les socles vivaces de l&rsquo;action culturelle et de l&rsquo;\u00e9ducation populaire.<\/p>\n\n\n\n<p>Ce sont des femmes et des hommes de sa trempe qui se sont relay\u00e9s pour l&rsquo;essor culturel des g\u00e9n\u00e9rations montantes. Ce sont ces pionniers, ces fondateurs qui ont traduit dans le topique et le concret les ambitions culturelles de la Tunisie ind\u00e9pendante.<\/p>\n\n\n\n<p>Ma propre g\u00e9n\u00e9ration doit beaucoup \u00e0 ces b\u00e2tisseurs dont Abdelkader Klibi fut le prototype g\u00e9n\u00e9reux, disponible, toujours militant. Et si les hasards de la vie ont voulu que je sois l&rsquo;un de ses lointains successeurs \u00e0 la t\u00eate de la Maison Ibn Khaldoun, je n&rsquo;oublierai jamais sa silhouette paternelle, accueillant sur le seuil de l&rsquo;institution, les enfants pour le cin\u00e9ma du dimanche. Je n&rsquo;avais alors que six ans et j&rsquo;ai toujours cherch\u00e9 \u00e0 maintenir cette m\u00eame bienveillance dans mon propre travail.<\/p>\n\n\n\n<p><\/p>\n\n\n<div class=\"wp-block-image\">\n<figure class=\"aligncenter size-large\"><img decoding=\"async\" width=\"1024\" height=\"717\" src=\"https:\/\/www.webdo.tn\/fr\/wp-content\/uploads\/2026\/04\/abdelkader-klibi-3-1024x717.jpeg\" alt=\"\" class=\"wp-image-395716\" srcset=\"https:\/\/www.webdo.tn\/fr\/wp-content\/uploads\/2026\/04\/abdelkader-klibi-3-1024x717.jpeg 1024w, https:\/\/www.webdo.tn\/fr\/wp-content\/uploads\/2026\/04\/abdelkader-klibi-3-300x210.jpeg 300w, https:\/\/www.webdo.tn\/fr\/wp-content\/uploads\/2026\/04\/abdelkader-klibi-3-768x537.jpeg 768w, https:\/\/www.webdo.tn\/fr\/wp-content\/uploads\/2026\/04\/abdelkader-klibi-3-1536x1075.jpeg 1536w, https:\/\/www.webdo.tn\/fr\/wp-content\/uploads\/2026\/04\/abdelkader-klibi-3-750x525.jpeg 750w, https:\/\/www.webdo.tn\/fr\/wp-content\/uploads\/2026\/04\/abdelkader-klibi-3-1140x798.jpeg 1140w, https:\/\/www.webdo.tn\/fr\/wp-content\/uploads\/2026\/04\/abdelkader-klibi-3.jpeg 2009w\" sizes=\"(max-width: 1024px) 100vw, 1024px\" \/><\/figure>\n<\/div>\n\n\n<p><\/p>\n\n\n\n<p>Les enfants, les adolescents observent toujours le ma\u00eetre et s&rsquo;inspirent de son attitude pour construire leurs propres rep\u00e8res. Abdelkader Klibi le savait et fort de cette certitude se devait d&rsquo;\u00eatre irr\u00e9prochable et l&rsquo;\u00e9tait en toutes circonstances.<\/p>\n\n\n\n<p>M\u00eame si je l&rsquo;ai peu connu et ne l&rsquo;ai fr\u00e9quent\u00e9 qu&rsquo;\u00e0 la fin des ann\u00e9es soixante-dix lorsqu&rsquo;il visitait r\u00e9guli\u00e8rement le Centre d&rsquo;art vivant du Belv\u00e9d\u00e8re, je me consid\u00e8re comme l&rsquo;un de ses disciples.<\/p>\n\n\n\n<p>Alors que j&rsquo;\u00e9cris cet hommage \u00e0 un homme qui a beaucoup compt\u00e9 pour le monde de la culture, je mesure ma dette envers lui, Jalila Hafsia, Sophie El Goulli et tant d&rsquo;autres, plus jeunes et toujours vigilants.<\/p>\n\n\n\n<p>Paix \u00e0 l&rsquo;\u00e2me du grand Abdelkader Klibi, sinc\u00e8res condol\u00e9ances \u00e0 sa famille. Et un souhait enfin : puisse le minist\u00e8re des Affaires culturelles pleinement s&rsquo;associer \u00e0 la comm\u00e9moration du quaranti\u00e8me jour de sa disparition. Omettre ce devoir de m\u00e9moire reviendrait \u00e0 passer \u00e0 c\u00f4t\u00e9 de cet essentiel \u00e0 la recherche duquel nous sommes, cet essentiel qui conjugue travail, \u00e9thique, id\u00e9es claires et g\u00e9n\u00e9rosit\u00e9.<\/p>\n","protected":false},"excerpt":{"rendered":"<p>Personnalit\u00e9 forte et intellectuel rigoureux, Abdelkader Klibi ne badinait pas avec la culture. Bien au contraire, il \u00e9tait de ceux qui nous ont appris \u00e0 sacraliser les choses de l&rsquo;\u00e9ducation et du savoir sous toutes ses formes. N\u00e9 le 28 mars 1931, Abdelkader Klibi s&rsquo;appr\u00eatait \u00e0 f\u00eater son anniversaire entour\u00e9 de sa famille. Mais la [&hellip;]<\/p>\n","protected":false},"author":3229,"featured_media":395717,"comment_status":"closed","ping_status":"closed","sticky":false,"template":"","format":"standard","meta":{"footnotes":""},"categories":[2596],"tags":[13922,2608],"class_list":["post-395714","post","type-post","status-publish","format-standard","has-post-thumbnail","hentry","category-chroniques","tag-abdelkader-klibi","tag-tunisie"],"yoast_head":"<!-- This site is optimized with the Yoast SEO Premium plugin v27.5 (Yoast SEO v27.5) - https:\/\/yoast.com\/product\/yoast-seo-premium-wordpress\/ -->\n<title>Abdelkader Klibi : Sadiki, Sorbonne et Ibn Khaldoun - webdo<\/title>\n<meta name=\"description\" content=\"Revivez les contributions d&#039;Abdelkader Klibi : Sadiki, Sorbonne et Ibn Khaldoun, un homme qui a fa\u00e7onn\u00e9 notre monde culturel.\" \/>\n<link rel=\"canonical\" href=\"https:\/\/www.webdo.tn\/fr\/actualite\/chroniques\/abdelkader-klibi-sadiki-sorbonne-et-ibn-khaldoun\/395714\/\" \/>\n<meta property=\"og:locale\" content=\"fr_FR\" \/>\n<meta property=\"og:type\" content=\"article\" \/>\n<meta property=\"og:title\" content=\"Abdelkader Klibi : Sadiki, Sorbonne et Ibn Khaldoun\" \/>\n<meta property=\"og:description\" content=\"Revivez les contributions d&#039;Abdelkader Klibi : Sadiki, Sorbonne et Ibn Khaldoun, un homme qui a fa\u00e7onn\u00e9 notre monde culturel.\" \/>\n<meta property=\"og:url\" content=\"https:\/\/www.webdo.tn\/fr\/actualite\/chroniques\/abdelkader-klibi-sadiki-sorbonne-et-ibn-khaldoun\/395714\/\" \/>\n<meta property=\"og:site_name\" content=\"webdo\" \/>\n<meta property=\"article:publisher\" content=\"https:\/\/www.facebook.com\/webdotn\" \/>\n<meta property=\"article:author\" content=\"https:\/\/www.facebook.com\/hatem.bourial.2025\" \/>\n<meta property=\"article:published_time\" content=\"2026-04-03T09:29:12+00:00\" \/>\n<meta property=\"article:modified_time\" content=\"2026-04-03T09:29:14+00:00\" \/>\n<meta property=\"og:image\" content=\"https:\/\/www.webdo.tn\/fr\/wp-content\/uploads\/2026\/04\/abdelkader-klibi-1.jpeg\" \/>\n\t<meta property=\"og:image:width\" content=\"1200\" \/>\n\t<meta property=\"og:image:height\" content=\"600\" \/>\n\t<meta property=\"og:image:type\" content=\"image\/jpeg\" \/>\n<meta name=\"author\" content=\"Hatem Bourial\" \/>\n<meta name=\"twitter:card\" content=\"summary_large_image\" \/>\n<meta name=\"twitter:creator\" content=\"@webdo_tn\" \/>\n<meta name=\"twitter:site\" content=\"@webdo_tn\" \/>\n<meta name=\"twitter:label1\" content=\"\u00c9crit par\" \/>\n\t<meta name=\"twitter:data1\" content=\"Hatem Bourial\" \/>\n\t<meta name=\"twitter:label2\" content=\"Dur\u00e9e de lecture estim\u00e9e\" \/>\n\t<meta name=\"twitter:data2\" content=\"5 minutes\" \/>\n<script type=\"application\/ld+json\" class=\"yoast-schema-graph\">{\"@context\":\"https:\\\/\\\/schema.org\",\"@graph\":[{\"@type\":\"NewsArticle\",\"@id\":\"https:\\\/\\\/www.webdo.tn\\\/fr\\\/actualite\\\/chroniques\\\/abdelkader-klibi-sadiki-sorbonne-et-ibn-khaldoun\\\/395714\\\/#article\",\"isPartOf\":{\"@id\":\"https:\\\/\\\/www.webdo.tn\\\/fr\\\/actualite\\\/chroniques\\\/abdelkader-klibi-sadiki-sorbonne-et-ibn-khaldoun\\\/395714\\\/\"},\"author\":{\"name\":\"Hatem Bourial\",\"@id\":\"https:\\\/\\\/www.webdo.tn\\\/fr\\\/#\\\/schema\\\/person\\\/6bc0beba2cd23aec27cb5df85ca2554f\"},\"headline\":\"Abdelkader Klibi : Sadiki, Sorbonne et Ibn Khaldoun\",\"datePublished\":\"2026-04-03T09:29:12+00:00\",\"dateModified\":\"2026-04-03T09:29:14+00:00\",\"mainEntityOfPage\":{\"@id\":\"https:\\\/\\\/www.webdo.tn\\\/fr\\\/actualite\\\/chroniques\\\/abdelkader-klibi-sadiki-sorbonne-et-ibn-khaldoun\\\/395714\\\/\"},\"wordCount\":839,\"publisher\":{\"@id\":\"https:\\\/\\\/www.webdo.tn\\\/fr\\\/#organization\"},\"image\":{\"@id\":\"https:\\\/\\\/www.webdo.tn\\\/fr\\\/actualite\\\/chroniques\\\/abdelkader-klibi-sadiki-sorbonne-et-ibn-khaldoun\\\/395714\\\/#primaryimage\"},\"thumbnailUrl\":\"https:\\\/\\\/www.webdo.tn\\\/fr\\\/wp-content\\\/uploads\\\/2026\\\/04\\\/abdelkader-klibi-1.jpeg\",\"keywords\":[\"Abdelkader Klibi\",\"Tunisie\"],\"articleSection\":[\"Chroniques\"],\"inLanguage\":\"fr-FR\"},{\"@type\":\"WebPage\",\"@id\":\"https:\\\/\\\/www.webdo.tn\\\/fr\\\/actualite\\\/chroniques\\\/abdelkader-klibi-sadiki-sorbonne-et-ibn-khaldoun\\\/395714\\\/\",\"url\":\"https:\\\/\\\/www.webdo.tn\\\/fr\\\/actualite\\\/chroniques\\\/abdelkader-klibi-sadiki-sorbonne-et-ibn-khaldoun\\\/395714\\\/\",\"name\":\"Abdelkader Klibi : Sadiki, Sorbonne et Ibn Khaldoun - webdo\",\"isPartOf\":{\"@id\":\"https:\\\/\\\/www.webdo.tn\\\/fr\\\/#website\"},\"primaryImageOfPage\":{\"@id\":\"https:\\\/\\\/www.webdo.tn\\\/fr\\\/actualite\\\/chroniques\\\/abdelkader-klibi-sadiki-sorbonne-et-ibn-khaldoun\\\/395714\\\/#primaryimage\"},\"image\":{\"@id\":\"https:\\\/\\\/www.webdo.tn\\\/fr\\\/actualite\\\/chroniques\\\/abdelkader-klibi-sadiki-sorbonne-et-ibn-khaldoun\\\/395714\\\/#primaryimage\"},\"thumbnailUrl\":\"https:\\\/\\\/www.webdo.tn\\\/fr\\\/wp-content\\\/uploads\\\/2026\\\/04\\\/abdelkader-klibi-1.jpeg\",\"datePublished\":\"2026-04-03T09:29:12+00:00\",\"dateModified\":\"2026-04-03T09:29:14+00:00\",\"description\":\"Revivez les contributions d'Abdelkader Klibi : Sadiki, Sorbonne et Ibn Khaldoun, un homme qui a fa\u00e7onn\u00e9 notre monde culturel.\",\"breadcrumb\":{\"@id\":\"https:\\\/\\\/www.webdo.tn\\\/fr\\\/actualite\\\/chroniques\\\/abdelkader-klibi-sadiki-sorbonne-et-ibn-khaldoun\\\/395714\\\/#breadcrumb\"},\"inLanguage\":\"fr-FR\",\"potentialAction\":[{\"@type\":\"ReadAction\",\"target\":[\"https:\\\/\\\/www.webdo.tn\\\/fr\\\/actualite\\\/chroniques\\\/abdelkader-klibi-sadiki-sorbonne-et-ibn-khaldoun\\\/395714\\\/\"]}]},{\"@type\":\"ImageObject\",\"inLanguage\":\"fr-FR\",\"@id\":\"https:\\\/\\\/www.webdo.tn\\\/fr\\\/actualite\\\/chroniques\\\/abdelkader-klibi-sadiki-sorbonne-et-ibn-khaldoun\\\/395714\\\/#primaryimage\",\"url\":\"https:\\\/\\\/www.webdo.tn\\\/fr\\\/wp-content\\\/uploads\\\/2026\\\/04\\\/abdelkader-klibi-1.jpeg\",\"contentUrl\":\"https:\\\/\\\/www.webdo.tn\\\/fr\\\/wp-content\\\/uploads\\\/2026\\\/04\\\/abdelkader-klibi-1.jpeg\",\"width\":1200,\"height\":600,\"caption\":\"Abdelkader Klibi : Sadiki, Sorbonne et Ibn Khaldoun\"},{\"@type\":\"BreadcrumbList\",\"@id\":\"https:\\\/\\\/www.webdo.tn\\\/fr\\\/actualite\\\/chroniques\\\/abdelkader-klibi-sadiki-sorbonne-et-ibn-khaldoun\\\/395714\\\/#breadcrumb\",\"itemListElement\":[{\"@type\":\"ListItem\",\"position\":1,\"name\":\"Accueil\",\"item\":\"https:\\\/\\\/www.webdo.tn\\\/fr\\\/\"},{\"@type\":\"ListItem\",\"position\":2,\"name\":\"Abdelkader Klibi : Sadiki, Sorbonne et Ibn Khaldoun\"}]},{\"@type\":\"WebSite\",\"@id\":\"https:\\\/\\\/www.webdo.tn\\\/fr\\\/#website\",\"url\":\"https:\\\/\\\/www.webdo.tn\\\/fr\\\/\",\"name\":\"webdo\",\"description\":\"Tunisie - News en Tunisie et \u00e0 l&#039;international sur Webdo.tn\",\"publisher\":{\"@id\":\"https:\\\/\\\/www.webdo.tn\\\/fr\\\/#organization\"},\"potentialAction\":[{\"@type\":\"SearchAction\",\"target\":{\"@type\":\"EntryPoint\",\"urlTemplate\":\"https:\\\/\\\/www.webdo.tn\\\/fr\\\/?s={search_term_string}\"},\"query-input\":{\"@type\":\"PropertyValueSpecification\",\"valueRequired\":true,\"valueName\":\"search_term_string\"}}],\"inLanguage\":\"fr-FR\"},{\"@type\":\"Organization\",\"@id\":\"https:\\\/\\\/www.webdo.tn\\\/fr\\\/#organization\",\"name\":\"Webdo\",\"alternateName\":\"Webdo.tn\",\"url\":\"https:\\\/\\\/www.webdo.tn\\\/fr\\\/\",\"logo\":{\"@type\":\"ImageObject\",\"inLanguage\":\"fr-FR\",\"@id\":\"https:\\\/\\\/www.webdo.tn\\\/fr\\\/#\\\/schema\\\/logo\\\/image\\\/\",\"url\":\"https:\\\/\\\/www.webdo.tn\\\/fr\\\/wp-content\\\/uploads\\\/2025\\\/06\\\/Webdo-Tunisie_168377.jpg\",\"contentUrl\":\"https:\\\/\\\/www.webdo.tn\\\/fr\\\/wp-content\\\/uploads\\\/2025\\\/06\\\/Webdo-Tunisie_168377.jpg\",\"width\":301,\"height\":301,\"caption\":\"Webdo\"},\"image\":{\"@id\":\"https:\\\/\\\/www.webdo.tn\\\/fr\\\/#\\\/schema\\\/logo\\\/image\\\/\"},\"sameAs\":[\"https:\\\/\\\/www.facebook.com\\\/webdotn\",\"https:\\\/\\\/x.com\\\/webdo_tn\"],\"description\":\"Webdo est un m\u00e9dia num\u00e9rique tunisien fond\u00e9 en 2010, sp\u00e9cialis\u00e9 dans l\u2019actualit\u00e9 nationale et internationale, l\u2019\u00e9conomie, la soci\u00e9t\u00e9 et les analyses politiques. Le site s\u2019adresse \u00e0 un large public francophone et couvre l\u2019information tunisienne en temps r\u00e9el.\",\"email\":\"redac@webdo.tn\",\"legalName\":\"YNJ SARL\",\"foundingDate\":\"2010-09-06\",\"numberOfEmployees\":{\"@type\":\"QuantitativeValue\",\"minValue\":\"11\",\"maxValue\":\"50\"}},{\"@type\":\"Person\",\"@id\":\"https:\\\/\\\/www.webdo.tn\\\/fr\\\/#\\\/schema\\\/person\\\/6bc0beba2cd23aec27cb5df85ca2554f\",\"name\":\"Hatem Bourial\",\"image\":{\"@type\":\"ImageObject\",\"inLanguage\":\"fr-FR\",\"@id\":\"https:\\\/\\\/www.webdo.tn\\\/fr\\\/wp-content\\\/uploads\\\/2026\\\/04\\\/hatem-bourial_avatar-96x96.jpg\",\"url\":\"https:\\\/\\\/www.webdo.tn\\\/fr\\\/wp-content\\\/uploads\\\/2026\\\/04\\\/hatem-bourial_avatar-96x96.jpg\",\"contentUrl\":\"https:\\\/\\\/www.webdo.tn\\\/fr\\\/wp-content\\\/uploads\\\/2026\\\/04\\\/hatem-bourial_avatar-96x96.jpg\",\"caption\":\"Hatem Bourial\"},\"description\":\"Hatem Bourial est journaliste, \u00e9crivain et chroniqueur tunisien. Actif depuis plusieurs d\u00e9cennies, il s\u2019est impos\u00e9 comme un observateur attentif de la soci\u00e9t\u00e9 tunisienne, m\u00ealant dans ses \u00e9crits m\u00e9moire, culture et analyse du quotidien. Auteur de nombreux ouvrages, il d\u00e9veloppe une \u0153uvre \u00e0 la crois\u00e9e du r\u00e9cit, de la po\u00e9sie et de l\u2019observation sociologique. Parall\u00e8lement \u00e0 ses contributions dans la presse, il intervient r\u00e9guli\u00e8rement \u00e0 la radio et dans des espaces culturels, o\u00f9 il explore les enjeux li\u00e9s au patrimoine, \u00e0 l\u2019identit\u00e9 et aux transformations du monde contemporain. \u00c0 travers ses chroniques, Hatem Bourial propose une lecture sensible et approfondie de l\u2019actualit\u00e9, nourrie par une exp\u00e9rience journalistique et litt\u00e9raire reconnue. \ud83d\udd17 Facebook : https:\\\/\\\/www.facebook.com\\\/hatem.bourial.2025\",\"sameAs\":[\"https:\\\/\\\/www.facebook.com\\\/hatem.bourial.2025\",\"https:\\\/\\\/fr.wikipedia.org\\\/wiki\\\/Fichier:Hatem_Bourial.jpg\"],\"knowsAbout\":[\"Culture & patrimoine tunisien\",\"Chronique soci\u00e9tale\",\"Litt\u00e9rature & m\u00e9moire\",\"Cin\u00e9ma & critique culturelle\",\"Identit\u00e9 & mutations sociales\"],\"knowsLanguage\":[\"Arabe\",\"Fran\u00e7ais\",\"Anglais\",\"Italien\",\"Polonais\"],\"jobTitle\":\"Journaliste, \u00e9crivain et chroniqueur culturel\",\"worksFor\":\"Webdo\",\"url\":\"https:\\\/\\\/www.webdo.tn\\\/fr\\\/actualite\\\/author\\\/hatem-bourial-2\\\/\"}]}<\/script>\n<!-- \/ Yoast SEO Premium plugin. -->","yoast_head_json":{"title":"Abdelkader Klibi : Sadiki, Sorbonne et Ibn Khaldoun - webdo","description":"Revivez les contributions d'Abdelkader Klibi : Sadiki, Sorbonne et Ibn Khaldoun, un homme qui a fa\u00e7onn\u00e9 notre monde culturel.","canonical":"https:\/\/www.webdo.tn\/fr\/actualite\/chroniques\/abdelkader-klibi-sadiki-sorbonne-et-ibn-khaldoun\/395714\/","og_locale":"fr_FR","og_type":"article","og_title":"Abdelkader Klibi : Sadiki, Sorbonne et Ibn Khaldoun","og_description":"Revivez les contributions d'Abdelkader Klibi : Sadiki, Sorbonne et Ibn Khaldoun, un homme qui a fa\u00e7onn\u00e9 notre monde culturel.","og_url":"https:\/\/www.webdo.tn\/fr\/actualite\/chroniques\/abdelkader-klibi-sadiki-sorbonne-et-ibn-khaldoun\/395714\/","og_site_name":"webdo","article_publisher":"https:\/\/www.facebook.com\/webdotn","article_author":"https:\/\/www.facebook.com\/hatem.bourial.2025","article_published_time":"2026-04-03T09:29:12+00:00","article_modified_time":"2026-04-03T09:29:14+00:00","og_image":[{"width":1200,"height":600,"url":"https:\/\/www.webdo.tn\/fr\/wp-content\/uploads\/2026\/04\/abdelkader-klibi-1.jpeg","type":"image\/jpeg"}],"author":"Hatem Bourial","twitter_card":"summary_large_image","twitter_creator":"@webdo_tn","twitter_site":"@webdo_tn","twitter_misc":{"\u00c9crit par":"Hatem Bourial","Dur\u00e9e de lecture estim\u00e9e":"5 minutes"},"schema":{"@context":"https:\/\/schema.org","@graph":[{"@type":"NewsArticle","@id":"https:\/\/www.webdo.tn\/fr\/actualite\/chroniques\/abdelkader-klibi-sadiki-sorbonne-et-ibn-khaldoun\/395714\/#article","isPartOf":{"@id":"https:\/\/www.webdo.tn\/fr\/actualite\/chroniques\/abdelkader-klibi-sadiki-sorbonne-et-ibn-khaldoun\/395714\/"},"author":{"name":"Hatem Bourial","@id":"https:\/\/www.webdo.tn\/fr\/#\/schema\/person\/6bc0beba2cd23aec27cb5df85ca2554f"},"headline":"Abdelkader Klibi : Sadiki, Sorbonne et Ibn Khaldoun","datePublished":"2026-04-03T09:29:12+00:00","dateModified":"2026-04-03T09:29:14+00:00","mainEntityOfPage":{"@id":"https:\/\/www.webdo.tn\/fr\/actualite\/chroniques\/abdelkader-klibi-sadiki-sorbonne-et-ibn-khaldoun\/395714\/"},"wordCount":839,"publisher":{"@id":"https:\/\/www.webdo.tn\/fr\/#organization"},"image":{"@id":"https:\/\/www.webdo.tn\/fr\/actualite\/chroniques\/abdelkader-klibi-sadiki-sorbonne-et-ibn-khaldoun\/395714\/#primaryimage"},"thumbnailUrl":"https:\/\/www.webdo.tn\/fr\/wp-content\/uploads\/2026\/04\/abdelkader-klibi-1.jpeg","keywords":["Abdelkader Klibi","Tunisie"],"articleSection":["Chroniques"],"inLanguage":"fr-FR"},{"@type":"WebPage","@id":"https:\/\/www.webdo.tn\/fr\/actualite\/chroniques\/abdelkader-klibi-sadiki-sorbonne-et-ibn-khaldoun\/395714\/","url":"https:\/\/www.webdo.tn\/fr\/actualite\/chroniques\/abdelkader-klibi-sadiki-sorbonne-et-ibn-khaldoun\/395714\/","name":"Abdelkader Klibi : Sadiki, Sorbonne et Ibn Khaldoun - webdo","isPartOf":{"@id":"https:\/\/www.webdo.tn\/fr\/#website"},"primaryImageOfPage":{"@id":"https:\/\/www.webdo.tn\/fr\/actualite\/chroniques\/abdelkader-klibi-sadiki-sorbonne-et-ibn-khaldoun\/395714\/#primaryimage"},"image":{"@id":"https:\/\/www.webdo.tn\/fr\/actualite\/chroniques\/abdelkader-klibi-sadiki-sorbonne-et-ibn-khaldoun\/395714\/#primaryimage"},"thumbnailUrl":"https:\/\/www.webdo.tn\/fr\/wp-content\/uploads\/2026\/04\/abdelkader-klibi-1.jpeg","datePublished":"2026-04-03T09:29:12+00:00","dateModified":"2026-04-03T09:29:14+00:00","description":"Revivez les contributions d'Abdelkader Klibi : Sadiki, Sorbonne et Ibn Khaldoun, un homme qui a fa\u00e7onn\u00e9 notre monde culturel.","breadcrumb":{"@id":"https:\/\/www.webdo.tn\/fr\/actualite\/chroniques\/abdelkader-klibi-sadiki-sorbonne-et-ibn-khaldoun\/395714\/#breadcrumb"},"inLanguage":"fr-FR","potentialAction":[{"@type":"ReadAction","target":["https:\/\/www.webdo.tn\/fr\/actualite\/chroniques\/abdelkader-klibi-sadiki-sorbonne-et-ibn-khaldoun\/395714\/"]}]},{"@type":"ImageObject","inLanguage":"fr-FR","@id":"https:\/\/www.webdo.tn\/fr\/actualite\/chroniques\/abdelkader-klibi-sadiki-sorbonne-et-ibn-khaldoun\/395714\/#primaryimage","url":"https:\/\/www.webdo.tn\/fr\/wp-content\/uploads\/2026\/04\/abdelkader-klibi-1.jpeg","contentUrl":"https:\/\/www.webdo.tn\/fr\/wp-content\/uploads\/2026\/04\/abdelkader-klibi-1.jpeg","width":1200,"height":600,"caption":"Abdelkader Klibi : Sadiki, Sorbonne et Ibn Khaldoun"},{"@type":"BreadcrumbList","@id":"https:\/\/www.webdo.tn\/fr\/actualite\/chroniques\/abdelkader-klibi-sadiki-sorbonne-et-ibn-khaldoun\/395714\/#breadcrumb","itemListElement":[{"@type":"ListItem","position":1,"name":"Accueil","item":"https:\/\/www.webdo.tn\/fr\/"},{"@type":"ListItem","position":2,"name":"Abdelkader Klibi : Sadiki, Sorbonne et Ibn Khaldoun"}]},{"@type":"WebSite","@id":"https:\/\/www.webdo.tn\/fr\/#website","url":"https:\/\/www.webdo.tn\/fr\/","name":"webdo","description":"Tunisie - News en Tunisie et \u00e0 l&#039;international sur Webdo.tn","publisher":{"@id":"https:\/\/www.webdo.tn\/fr\/#organization"},"potentialAction":[{"@type":"SearchAction","target":{"@type":"EntryPoint","urlTemplate":"https:\/\/www.webdo.tn\/fr\/?s={search_term_string}"},"query-input":{"@type":"PropertyValueSpecification","valueRequired":true,"valueName":"search_term_string"}}],"inLanguage":"fr-FR"},{"@type":"Organization","@id":"https:\/\/www.webdo.tn\/fr\/#organization","name":"Webdo","alternateName":"Webdo.tn","url":"https:\/\/www.webdo.tn\/fr\/","logo":{"@type":"ImageObject","inLanguage":"fr-FR","@id":"https:\/\/www.webdo.tn\/fr\/#\/schema\/logo\/image\/","url":"https:\/\/www.webdo.tn\/fr\/wp-content\/uploads\/2025\/06\/Webdo-Tunisie_168377.jpg","contentUrl":"https:\/\/www.webdo.tn\/fr\/wp-content\/uploads\/2025\/06\/Webdo-Tunisie_168377.jpg","width":301,"height":301,"caption":"Webdo"},"image":{"@id":"https:\/\/www.webdo.tn\/fr\/#\/schema\/logo\/image\/"},"sameAs":["https:\/\/www.facebook.com\/webdotn","https:\/\/x.com\/webdo_tn"],"description":"Webdo est un m\u00e9dia num\u00e9rique tunisien fond\u00e9 en 2010, sp\u00e9cialis\u00e9 dans l\u2019actualit\u00e9 nationale et internationale, l\u2019\u00e9conomie, la soci\u00e9t\u00e9 et les analyses politiques. Le site s\u2019adresse \u00e0 un large public francophone et couvre l\u2019information tunisienne en temps r\u00e9el.","email":"redac@webdo.tn","legalName":"YNJ SARL","foundingDate":"2010-09-06","numberOfEmployees":{"@type":"QuantitativeValue","minValue":"11","maxValue":"50"}},{"@type":"Person","@id":"https:\/\/www.webdo.tn\/fr\/#\/schema\/person\/6bc0beba2cd23aec27cb5df85ca2554f","name":"Hatem Bourial","image":{"@type":"ImageObject","inLanguage":"fr-FR","@id":"https:\/\/www.webdo.tn\/fr\/wp-content\/uploads\/2026\/04\/hatem-bourial_avatar-96x96.jpg","url":"https:\/\/www.webdo.tn\/fr\/wp-content\/uploads\/2026\/04\/hatem-bourial_avatar-96x96.jpg","contentUrl":"https:\/\/www.webdo.tn\/fr\/wp-content\/uploads\/2026\/04\/hatem-bourial_avatar-96x96.jpg","caption":"Hatem Bourial"},"description":"Hatem Bourial est journaliste, \u00e9crivain et chroniqueur tunisien. Actif depuis plusieurs d\u00e9cennies, il s\u2019est impos\u00e9 comme un observateur attentif de la soci\u00e9t\u00e9 tunisienne, m\u00ealant dans ses \u00e9crits m\u00e9moire, culture et analyse du quotidien. Auteur de nombreux ouvrages, il d\u00e9veloppe une \u0153uvre \u00e0 la crois\u00e9e du r\u00e9cit, de la po\u00e9sie et de l\u2019observation sociologique. Parall\u00e8lement \u00e0 ses contributions dans la presse, il intervient r\u00e9guli\u00e8rement \u00e0 la radio et dans des espaces culturels, o\u00f9 il explore les enjeux li\u00e9s au patrimoine, \u00e0 l\u2019identit\u00e9 et aux transformations du monde contemporain. \u00c0 travers ses chroniques, Hatem Bourial propose une lecture sensible et approfondie de l\u2019actualit\u00e9, nourrie par une exp\u00e9rience journalistique et litt\u00e9raire reconnue. \ud83d\udd17 Facebook : https:\/\/www.facebook.com\/hatem.bourial.2025","sameAs":["https:\/\/www.facebook.com\/hatem.bourial.2025","https:\/\/fr.wikipedia.org\/wiki\/Fichier:Hatem_Bourial.jpg"],"knowsAbout":["Culture & patrimoine tunisien","Chronique soci\u00e9tale","Litt\u00e9rature & m\u00e9moire","Cin\u00e9ma & critique culturelle","Identit\u00e9 & mutations sociales"],"knowsLanguage":["Arabe","Fran\u00e7ais","Anglais","Italien","Polonais"],"jobTitle":"Journaliste, \u00e9crivain et chroniqueur culturel","worksFor":"Webdo","url":"https:\/\/www.webdo.tn\/fr\/actualite\/author\/hatem-bourial-2\/"}]}},"_links":{"self":[{"href":"https:\/\/www.webdo.tn\/fr\/wp-json\/wp\/v2\/posts\/395714","targetHints":{"allow":["GET"]}}],"collection":[{"href":"https:\/\/www.webdo.tn\/fr\/wp-json\/wp\/v2\/posts"}],"about":[{"href":"https:\/\/www.webdo.tn\/fr\/wp-json\/wp\/v2\/types\/post"}],"author":[{"embeddable":true,"href":"https:\/\/www.webdo.tn\/fr\/wp-json\/wp\/v2\/users\/3229"}],"replies":[{"embeddable":true,"href":"https:\/\/www.webdo.tn\/fr\/wp-json\/wp\/v2\/comments?post=395714"}],"version-history":[{"count":0,"href":"https:\/\/www.webdo.tn\/fr\/wp-json\/wp\/v2\/posts\/395714\/revisions"}],"wp:featuredmedia":[{"embeddable":true,"href":"https:\/\/www.webdo.tn\/fr\/wp-json\/wp\/v2\/media\/395717"}],"wp:attachment":[{"href":"https:\/\/www.webdo.tn\/fr\/wp-json\/wp\/v2\/media?parent=395714"}],"wp:term":[{"taxonomy":"category","embeddable":true,"href":"https:\/\/www.webdo.tn\/fr\/wp-json\/wp\/v2\/categories?post=395714"},{"taxonomy":"post_tag","embeddable":true,"href":"https:\/\/www.webdo.tn\/fr\/wp-json\/wp\/v2\/tags?post=395714"}],"curies":[{"name":"wp","href":"https:\/\/api.w.org\/{rel}","templated":true}]}}