{"id":395705,"date":"2026-04-03T09:11:45","date_gmt":"2026-04-03T08:11:45","guid":{"rendered":"https:\/\/www.webdo.tn\/fr\/?p=395705"},"modified":"2026-04-03T09:11:47","modified_gmt":"2026-04-03T08:11:47","slug":"navrant-et-incomprehensible-qui-veut-la-peau-du-tgm","status":"publish","type":"post","link":"https:\/\/www.webdo.tn\/fr\/actualite\/chroniques\/navrant-et-incomprehensible-qui-veut-la-peau-du-tgm\/395705\/","title":{"rendered":"Navrant et incompr\u00e9hensible : Qui veut la peau du TGM ?"},"content":{"rendered":"\n<p><strong>Depuis plus d&rsquo;un si\u00e8cle, la ligne du TGM rend d&rsquo;\u00e9minents services aux habitants de Tunis, la Goulette, et la Marsa dont les lettres initiales donnent son acronyme \u00e0 ce train de banlieue.<\/strong><\/p>\n\n\n\n<p>Toutefois, depuis quelques ann\u00e9es, le TGM n&rsquo;est plus ce qu&rsquo;il \u00e9tait. Des rames v\u00e9tustes, des gares d\u00e9laiss\u00e9es, des voies envahies par les herbes folles et des cadences qui \u00e9loignent les usagers.<\/p>\n\n\n\n<p>Est-il acceptable qu&rsquo;il n&rsquo;y ait quasiment plus qu&rsquo;un train par heure ? Pourquoi ces pannes \u00e0 r\u00e9p\u00e9tition qui immobilisent le train et laissent les voyageurs en rade ? Pourquoi ces guichets vides, pratiquement abandonn\u00e9s ?<\/p>\n\n\n\n<p>Seules les gares de Tunis, la Goulette et la Marsa \u00e9chappent \u00e0 cette situation. Ce sont des gares principales, des vitrines alors que les gares secondaires sont moins bien loties.<\/p>\n\n\n\n<blockquote class=\"wp-block-quote is-layout-flow wp-block-quote-is-layout-flow\">\n<ul class=\"wp-block-list\">\n<li class=\"has-medium-font-size\"><strong>Lire aussi :<\/strong> <a href=\"https:\/\/www.webdo.tn\/fr\/actualite\/national\/tgm-les-usagers-penalises-par-la-rarete-des-rames\/213814\/\">TGM : Les usagers p\u00e9nalis\u00e9s par la raret\u00e9 des rames<\/a><\/li>\n<\/ul>\n<\/blockquote>\n\n\n\n<p>M\u00eame si une efficace ligne de bus double celle du train, il est aberrant de n\u00e9gliger ce qui donne son identit\u00e9 historique au TGM. Ce laisser-aller cacherait-il un abandon silencieux et progressif de la ligne ?<\/p>\n\n\n\n<p>Le fait est que les usagers n&rsquo;y comprennent plus grand-chose et constatent que leur train d\u00e9p\u00e9rit \u00e0 vue d&rsquo;\u0153il. Ceci sans \u00e9voquer le cas fr\u00e9quent de touristes \u00e9trangers qui d\u00e9couvrent en empruntant cette ligne l&rsquo;inacceptable d\u00e9labrement de rames rafistol\u00e9es avec du contre-plaqu\u00e9.<\/p>\n\n\n\n<p>Que faire pour rendre pleinement son r\u00f4le au TGM ? Comment exploiter efficacement cette ligne et lui rendre une importance qu&rsquo;elle ne devrait pas perdre ?<\/p>\n\n\n\n<p>Enfin, la v\u00e9tust\u00e9 des rames saute aux yeux et sans doute est-il temps de les remplacer !<\/p>\n\n\n\n<p><\/p>\n\n\n\n<blockquote class=\"wp-block-quote is-layout-flow wp-block-quote-is-layout-flow\">\n<ul class=\"wp-block-list\">\n<li class=\"has-medium-font-size\"><strong>Lire aussi :<\/strong> <a href=\"https:\/\/www.webdo.tn\/fr\/actualite\/chroniques\/grandeur-et-decadence-du-tgm\/206209\/\">Grandeur et d\u00e9cadence du TGM<\/a><\/li>\n<\/ul>\n<\/blockquote>\n","protected":false},"excerpt":{"rendered":"<p>Depuis plus d&rsquo;un si\u00e8cle, la ligne du TGM rend d&rsquo;\u00e9minents services aux habitants de Tunis, la Goulette, et la Marsa dont les lettres initiales donnent son acronyme \u00e0 ce train de banlieue. Toutefois, depuis quelques ann\u00e9es, le TGM n&rsquo;est plus ce qu&rsquo;il \u00e9tait. Des rames v\u00e9tustes, des gares d\u00e9laiss\u00e9es, des voies envahies par les herbes [&hellip;]<\/p>\n","protected":false},"author":3229,"featured_media":395707,"comment_status":"closed","ping_status":"closed","sticky":false,"template":"","format":"standard","meta":{"footnotes":""},"categories":[2596],"tags":[4711,4045,2640,2608],"class_list":["post-395705","post","type-post","status-publish","format-standard","has-post-thumbnail","hentry","category-chroniques","tag-tgm","tag-transtu","tag-tunis","tag-tunisie"],"yoast_head":"<!-- This site is optimized with the Yoast SEO Premium plugin v27.5 (Yoast SEO v27.5) - https:\/\/yoast.com\/product\/yoast-seo-premium-wordpress\/ -->\n<title>Navrant et incompr\u00e9hensible : Qui veut la peau du TGM ? - webdo<\/title>\n<meta name=\"description\" content=\"Le TGM, autrefois utile, souffre aujourd&#039;hui de d\u00e9faillances : pannes, horaires insuffisants et gares abandonn\u00e9es.\" \/>\n<link rel=\"canonical\" href=\"https:\/\/www.webdo.tn\/fr\/actualite\/chroniques\/navrant-et-incomprehensible-qui-veut-la-peau-du-tgm\/395705\/\" \/>\n<meta property=\"og:locale\" content=\"fr_FR\" \/>\n<meta property=\"og:type\" content=\"article\" \/>\n<meta property=\"og:title\" content=\"Navrant et incompr\u00e9hensible : Qui veut la peau du TGM ?\" \/>\n<meta property=\"og:description\" content=\"Le TGM, autrefois utile, souffre aujourd&#039;hui de d\u00e9faillances : pannes, horaires insuffisants et gares abandonn\u00e9es.\" \/>\n<meta property=\"og:url\" content=\"https:\/\/www.webdo.tn\/fr\/actualite\/chroniques\/navrant-et-incomprehensible-qui-veut-la-peau-du-tgm\/395705\/\" \/>\n<meta property=\"og:site_name\" content=\"webdo\" \/>\n<meta property=\"article:publisher\" content=\"https:\/\/www.facebook.com\/webdotn\" \/>\n<meta property=\"article:author\" content=\"https:\/\/www.facebook.com\/hatem.bourial.2025\" \/>\n<meta property=\"article:published_time\" content=\"2026-04-03T08:11:45+00:00\" \/>\n<meta property=\"article:modified_time\" content=\"2026-04-03T08:11:47+00:00\" \/>\n<meta property=\"og:image\" content=\"https:\/\/www.webdo.tn\/fr\/wp-content\/uploads\/2026\/04\/TGM-2.jpg\" \/>\n\t<meta property=\"og:image:width\" content=\"1200\" \/>\n\t<meta property=\"og:image:height\" content=\"602\" \/>\n\t<meta property=\"og:image:type\" content=\"image\/jpeg\" \/>\n<meta name=\"author\" content=\"Hatem Bourial\" \/>\n<meta name=\"twitter:card\" content=\"summary_large_image\" \/>\n<meta name=\"twitter:creator\" content=\"@webdo_tn\" \/>\n<meta name=\"twitter:site\" content=\"@webdo_tn\" \/>\n<meta name=\"twitter:label1\" content=\"\u00c9crit par\" \/>\n\t<meta name=\"twitter:data1\" content=\"Hatem Bourial\" \/>\n\t<meta name=\"twitter:label2\" content=\"Dur\u00e9e de lecture estim\u00e9e\" \/>\n\t<meta name=\"twitter:data2\" content=\"2 minutes\" \/>\n<script type=\"application\/ld+json\" class=\"yoast-schema-graph\">{\"@context\":\"https:\\\/\\\/schema.org\",\"@graph\":[{\"@type\":\"NewsArticle\",\"@id\":\"https:\\\/\\\/www.webdo.tn\\\/fr\\\/actualite\\\/chroniques\\\/navrant-et-incomprehensible-qui-veut-la-peau-du-tgm\\\/395705\\\/#article\",\"isPartOf\":{\"@id\":\"https:\\\/\\\/www.webdo.tn\\\/fr\\\/actualite\\\/chroniques\\\/navrant-et-incomprehensible-qui-veut-la-peau-du-tgm\\\/395705\\\/\"},\"author\":{\"name\":\"Hatem Bourial\",\"@id\":\"https:\\\/\\\/www.webdo.tn\\\/fr\\\/#\\\/schema\\\/person\\\/6bc0beba2cd23aec27cb5df85ca2554f\"},\"headline\":\"Navrant et incompr\u00e9hensible : Qui veut la peau du TGM ?\",\"datePublished\":\"2026-04-03T08:11:45+00:00\",\"dateModified\":\"2026-04-03T08:11:47+00:00\",\"mainEntityOfPage\":{\"@id\":\"https:\\\/\\\/www.webdo.tn\\\/fr\\\/actualite\\\/chroniques\\\/navrant-et-incomprehensible-qui-veut-la-peau-du-tgm\\\/395705\\\/\"},\"wordCount\":298,\"publisher\":{\"@id\":\"https:\\\/\\\/www.webdo.tn\\\/fr\\\/#organization\"},\"image\":{\"@id\":\"https:\\\/\\\/www.webdo.tn\\\/fr\\\/actualite\\\/chroniques\\\/navrant-et-incomprehensible-qui-veut-la-peau-du-tgm\\\/395705\\\/#primaryimage\"},\"thumbnailUrl\":\"https:\\\/\\\/www.webdo.tn\\\/fr\\\/wp-content\\\/uploads\\\/2026\\\/04\\\/TGM-2.jpg\",\"keywords\":[\"tgm\",\"TRANSTU\",\"Tunis\",\"Tunisie\"],\"articleSection\":[\"Chroniques\"],\"inLanguage\":\"fr-FR\"},{\"@type\":\"WebPage\",\"@id\":\"https:\\\/\\\/www.webdo.tn\\\/fr\\\/actualite\\\/chroniques\\\/navrant-et-incomprehensible-qui-veut-la-peau-du-tgm\\\/395705\\\/\",\"url\":\"https:\\\/\\\/www.webdo.tn\\\/fr\\\/actualite\\\/chroniques\\\/navrant-et-incomprehensible-qui-veut-la-peau-du-tgm\\\/395705\\\/\",\"name\":\"Navrant et incompr\u00e9hensible : Qui veut la peau du TGM ? - webdo\",\"isPartOf\":{\"@id\":\"https:\\\/\\\/www.webdo.tn\\\/fr\\\/#website\"},\"primaryImageOfPage\":{\"@id\":\"https:\\\/\\\/www.webdo.tn\\\/fr\\\/actualite\\\/chroniques\\\/navrant-et-incomprehensible-qui-veut-la-peau-du-tgm\\\/395705\\\/#primaryimage\"},\"image\":{\"@id\":\"https:\\\/\\\/www.webdo.tn\\\/fr\\\/actualite\\\/chroniques\\\/navrant-et-incomprehensible-qui-veut-la-peau-du-tgm\\\/395705\\\/#primaryimage\"},\"thumbnailUrl\":\"https:\\\/\\\/www.webdo.tn\\\/fr\\\/wp-content\\\/uploads\\\/2026\\\/04\\\/TGM-2.jpg\",\"datePublished\":\"2026-04-03T08:11:45+00:00\",\"dateModified\":\"2026-04-03T08:11:47+00:00\",\"description\":\"Le TGM, autrefois utile, souffre aujourd'hui de d\u00e9faillances : pannes, horaires insuffisants et gares abandonn\u00e9es.\",\"breadcrumb\":{\"@id\":\"https:\\\/\\\/www.webdo.tn\\\/fr\\\/actualite\\\/chroniques\\\/navrant-et-incomprehensible-qui-veut-la-peau-du-tgm\\\/395705\\\/#breadcrumb\"},\"inLanguage\":\"fr-FR\",\"potentialAction\":[{\"@type\":\"ReadAction\",\"target\":[\"https:\\\/\\\/www.webdo.tn\\\/fr\\\/actualite\\\/chroniques\\\/navrant-et-incomprehensible-qui-veut-la-peau-du-tgm\\\/395705\\\/\"]}]},{\"@type\":\"ImageObject\",\"inLanguage\":\"fr-FR\",\"@id\":\"https:\\\/\\\/www.webdo.tn\\\/fr\\\/actualite\\\/chroniques\\\/navrant-et-incomprehensible-qui-veut-la-peau-du-tgm\\\/395705\\\/#primaryimage\",\"url\":\"https:\\\/\\\/www.webdo.tn\\\/fr\\\/wp-content\\\/uploads\\\/2026\\\/04\\\/TGM-2.jpg\",\"contentUrl\":\"https:\\\/\\\/www.webdo.tn\\\/fr\\\/wp-content\\\/uploads\\\/2026\\\/04\\\/TGM-2.jpg\",\"width\":1200,\"height\":602,\"caption\":\"Navrant et incompr\u00e9hensible : Qui veut la peau du TGM ?\"},{\"@type\":\"BreadcrumbList\",\"@id\":\"https:\\\/\\\/www.webdo.tn\\\/fr\\\/actualite\\\/chroniques\\\/navrant-et-incomprehensible-qui-veut-la-peau-du-tgm\\\/395705\\\/#breadcrumb\",\"itemListElement\":[{\"@type\":\"ListItem\",\"position\":1,\"name\":\"Accueil\",\"item\":\"https:\\\/\\\/www.webdo.tn\\\/fr\\\/\"},{\"@type\":\"ListItem\",\"position\":2,\"name\":\"Navrant et incompr\u00e9hensible : Qui veut la peau du TGM ?\"}]},{\"@type\":\"WebSite\",\"@id\":\"https:\\\/\\\/www.webdo.tn\\\/fr\\\/#website\",\"url\":\"https:\\\/\\\/www.webdo.tn\\\/fr\\\/\",\"name\":\"webdo\",\"description\":\"Tunisie - News en Tunisie et \u00e0 l&#039;international sur Webdo.tn\",\"publisher\":{\"@id\":\"https:\\\/\\\/www.webdo.tn\\\/fr\\\/#organization\"},\"potentialAction\":[{\"@type\":\"SearchAction\",\"target\":{\"@type\":\"EntryPoint\",\"urlTemplate\":\"https:\\\/\\\/www.webdo.tn\\\/fr\\\/?s={search_term_string}\"},\"query-input\":{\"@type\":\"PropertyValueSpecification\",\"valueRequired\":true,\"valueName\":\"search_term_string\"}}],\"inLanguage\":\"fr-FR\"},{\"@type\":\"Organization\",\"@id\":\"https:\\\/\\\/www.webdo.tn\\\/fr\\\/#organization\",\"name\":\"Webdo\",\"alternateName\":\"Webdo.tn\",\"url\":\"https:\\\/\\\/www.webdo.tn\\\/fr\\\/\",\"logo\":{\"@type\":\"ImageObject\",\"inLanguage\":\"fr-FR\",\"@id\":\"https:\\\/\\\/www.webdo.tn\\\/fr\\\/#\\\/schema\\\/logo\\\/image\\\/\",\"url\":\"https:\\\/\\\/www.webdo.tn\\\/fr\\\/wp-content\\\/uploads\\\/2025\\\/06\\\/Webdo-Tunisie_168377.jpg\",\"contentUrl\":\"https:\\\/\\\/www.webdo.tn\\\/fr\\\/wp-content\\\/uploads\\\/2025\\\/06\\\/Webdo-Tunisie_168377.jpg\",\"width\":301,\"height\":301,\"caption\":\"Webdo\"},\"image\":{\"@id\":\"https:\\\/\\\/www.webdo.tn\\\/fr\\\/#\\\/schema\\\/logo\\\/image\\\/\"},\"sameAs\":[\"https:\\\/\\\/www.facebook.com\\\/webdotn\",\"https:\\\/\\\/x.com\\\/webdo_tn\"],\"description\":\"Webdo est un m\u00e9dia num\u00e9rique tunisien fond\u00e9 en 2010, sp\u00e9cialis\u00e9 dans l\u2019actualit\u00e9 nationale et internationale, l\u2019\u00e9conomie, la soci\u00e9t\u00e9 et les analyses politiques. Le site s\u2019adresse \u00e0 un large public francophone et couvre l\u2019information tunisienne en temps r\u00e9el.\",\"email\":\"redac@webdo.tn\",\"legalName\":\"YNJ SARL\",\"foundingDate\":\"2010-09-06\",\"numberOfEmployees\":{\"@type\":\"QuantitativeValue\",\"minValue\":\"11\",\"maxValue\":\"50\"}},{\"@type\":\"Person\",\"@id\":\"https:\\\/\\\/www.webdo.tn\\\/fr\\\/#\\\/schema\\\/person\\\/6bc0beba2cd23aec27cb5df85ca2554f\",\"name\":\"Hatem Bourial\",\"image\":{\"@type\":\"ImageObject\",\"inLanguage\":\"fr-FR\",\"@id\":\"https:\\\/\\\/www.webdo.tn\\\/fr\\\/wp-content\\\/uploads\\\/2026\\\/04\\\/hatem-bourial_avatar-96x96.jpg\",\"url\":\"https:\\\/\\\/www.webdo.tn\\\/fr\\\/wp-content\\\/uploads\\\/2026\\\/04\\\/hatem-bourial_avatar-96x96.jpg\",\"contentUrl\":\"https:\\\/\\\/www.webdo.tn\\\/fr\\\/wp-content\\\/uploads\\\/2026\\\/04\\\/hatem-bourial_avatar-96x96.jpg\",\"caption\":\"Hatem Bourial\"},\"description\":\"Hatem Bourial est journaliste, \u00e9crivain et chroniqueur tunisien. Actif depuis plusieurs d\u00e9cennies, il s\u2019est impos\u00e9 comme un observateur attentif de la soci\u00e9t\u00e9 tunisienne, m\u00ealant dans ses \u00e9crits m\u00e9moire, culture et analyse du quotidien. Auteur de nombreux ouvrages, il d\u00e9veloppe une \u0153uvre \u00e0 la crois\u00e9e du r\u00e9cit, de la po\u00e9sie et de l\u2019observation sociologique. Parall\u00e8lement \u00e0 ses contributions dans la presse, il intervient r\u00e9guli\u00e8rement \u00e0 la radio et dans des espaces culturels, o\u00f9 il explore les enjeux li\u00e9s au patrimoine, \u00e0 l\u2019identit\u00e9 et aux transformations du monde contemporain. \u00c0 travers ses chroniques, Hatem Bourial propose une lecture sensible et approfondie de l\u2019actualit\u00e9, nourrie par une exp\u00e9rience journalistique et litt\u00e9raire reconnue. \ud83d\udd17 Facebook : https:\\\/\\\/www.facebook.com\\\/hatem.bourial.2025\",\"sameAs\":[\"https:\\\/\\\/www.facebook.com\\\/hatem.bourial.2025\",\"https:\\\/\\\/fr.wikipedia.org\\\/wiki\\\/Fichier:Hatem_Bourial.jpg\"],\"knowsAbout\":[\"Culture & patrimoine tunisien\",\"Chronique soci\u00e9tale\",\"Litt\u00e9rature & m\u00e9moire\",\"Cin\u00e9ma & critique culturelle\",\"Identit\u00e9 & mutations sociales\"],\"knowsLanguage\":[\"Arabe\",\"Fran\u00e7ais\",\"Anglais\",\"Italien\",\"Polonais\"],\"jobTitle\":\"Journaliste, \u00e9crivain et chroniqueur culturel\",\"worksFor\":\"Webdo\",\"url\":\"https:\\\/\\\/www.webdo.tn\\\/fr\\\/actualite\\\/author\\\/hatem-bourial-2\\\/\"}]}<\/script>\n<!-- \/ Yoast SEO Premium plugin. -->","yoast_head_json":{"title":"Navrant et incompr\u00e9hensible : Qui veut la peau du TGM ? - webdo","description":"Le TGM, autrefois utile, souffre aujourd'hui de d\u00e9faillances : pannes, horaires insuffisants et gares abandonn\u00e9es.","canonical":"https:\/\/www.webdo.tn\/fr\/actualite\/chroniques\/navrant-et-incomprehensible-qui-veut-la-peau-du-tgm\/395705\/","og_locale":"fr_FR","og_type":"article","og_title":"Navrant et incompr\u00e9hensible : Qui veut la peau du TGM ?","og_description":"Le TGM, autrefois utile, souffre aujourd'hui de d\u00e9faillances : pannes, horaires insuffisants et gares abandonn\u00e9es.","og_url":"https:\/\/www.webdo.tn\/fr\/actualite\/chroniques\/navrant-et-incomprehensible-qui-veut-la-peau-du-tgm\/395705\/","og_site_name":"webdo","article_publisher":"https:\/\/www.facebook.com\/webdotn","article_author":"https:\/\/www.facebook.com\/hatem.bourial.2025","article_published_time":"2026-04-03T08:11:45+00:00","article_modified_time":"2026-04-03T08:11:47+00:00","og_image":[{"width":1200,"height":602,"url":"https:\/\/www.webdo.tn\/fr\/wp-content\/uploads\/2026\/04\/TGM-2.jpg","type":"image\/jpeg"}],"author":"Hatem Bourial","twitter_card":"summary_large_image","twitter_creator":"@webdo_tn","twitter_site":"@webdo_tn","twitter_misc":{"\u00c9crit par":"Hatem Bourial","Dur\u00e9e de lecture estim\u00e9e":"2 minutes"},"schema":{"@context":"https:\/\/schema.org","@graph":[{"@type":"NewsArticle","@id":"https:\/\/www.webdo.tn\/fr\/actualite\/chroniques\/navrant-et-incomprehensible-qui-veut-la-peau-du-tgm\/395705\/#article","isPartOf":{"@id":"https:\/\/www.webdo.tn\/fr\/actualite\/chroniques\/navrant-et-incomprehensible-qui-veut-la-peau-du-tgm\/395705\/"},"author":{"name":"Hatem Bourial","@id":"https:\/\/www.webdo.tn\/fr\/#\/schema\/person\/6bc0beba2cd23aec27cb5df85ca2554f"},"headline":"Navrant et incompr\u00e9hensible : Qui veut la peau du TGM ?","datePublished":"2026-04-03T08:11:45+00:00","dateModified":"2026-04-03T08:11:47+00:00","mainEntityOfPage":{"@id":"https:\/\/www.webdo.tn\/fr\/actualite\/chroniques\/navrant-et-incomprehensible-qui-veut-la-peau-du-tgm\/395705\/"},"wordCount":298,"publisher":{"@id":"https:\/\/www.webdo.tn\/fr\/#organization"},"image":{"@id":"https:\/\/www.webdo.tn\/fr\/actualite\/chroniques\/navrant-et-incomprehensible-qui-veut-la-peau-du-tgm\/395705\/#primaryimage"},"thumbnailUrl":"https:\/\/www.webdo.tn\/fr\/wp-content\/uploads\/2026\/04\/TGM-2.jpg","keywords":["tgm","TRANSTU","Tunis","Tunisie"],"articleSection":["Chroniques"],"inLanguage":"fr-FR"},{"@type":"WebPage","@id":"https:\/\/www.webdo.tn\/fr\/actualite\/chroniques\/navrant-et-incomprehensible-qui-veut-la-peau-du-tgm\/395705\/","url":"https:\/\/www.webdo.tn\/fr\/actualite\/chroniques\/navrant-et-incomprehensible-qui-veut-la-peau-du-tgm\/395705\/","name":"Navrant et incompr\u00e9hensible : Qui veut la peau du TGM ? - webdo","isPartOf":{"@id":"https:\/\/www.webdo.tn\/fr\/#website"},"primaryImageOfPage":{"@id":"https:\/\/www.webdo.tn\/fr\/actualite\/chroniques\/navrant-et-incomprehensible-qui-veut-la-peau-du-tgm\/395705\/#primaryimage"},"image":{"@id":"https:\/\/www.webdo.tn\/fr\/actualite\/chroniques\/navrant-et-incomprehensible-qui-veut-la-peau-du-tgm\/395705\/#primaryimage"},"thumbnailUrl":"https:\/\/www.webdo.tn\/fr\/wp-content\/uploads\/2026\/04\/TGM-2.jpg","datePublished":"2026-04-03T08:11:45+00:00","dateModified":"2026-04-03T08:11:47+00:00","description":"Le TGM, autrefois utile, souffre aujourd'hui de d\u00e9faillances : pannes, horaires insuffisants et gares abandonn\u00e9es.","breadcrumb":{"@id":"https:\/\/www.webdo.tn\/fr\/actualite\/chroniques\/navrant-et-incomprehensible-qui-veut-la-peau-du-tgm\/395705\/#breadcrumb"},"inLanguage":"fr-FR","potentialAction":[{"@type":"ReadAction","target":["https:\/\/www.webdo.tn\/fr\/actualite\/chroniques\/navrant-et-incomprehensible-qui-veut-la-peau-du-tgm\/395705\/"]}]},{"@type":"ImageObject","inLanguage":"fr-FR","@id":"https:\/\/www.webdo.tn\/fr\/actualite\/chroniques\/navrant-et-incomprehensible-qui-veut-la-peau-du-tgm\/395705\/#primaryimage","url":"https:\/\/www.webdo.tn\/fr\/wp-content\/uploads\/2026\/04\/TGM-2.jpg","contentUrl":"https:\/\/www.webdo.tn\/fr\/wp-content\/uploads\/2026\/04\/TGM-2.jpg","width":1200,"height":602,"caption":"Navrant et incompr\u00e9hensible : Qui veut la peau du TGM ?"},{"@type":"BreadcrumbList","@id":"https:\/\/www.webdo.tn\/fr\/actualite\/chroniques\/navrant-et-incomprehensible-qui-veut-la-peau-du-tgm\/395705\/#breadcrumb","itemListElement":[{"@type":"ListItem","position":1,"name":"Accueil","item":"https:\/\/www.webdo.tn\/fr\/"},{"@type":"ListItem","position":2,"name":"Navrant et incompr\u00e9hensible : Qui veut la peau du TGM ?"}]},{"@type":"WebSite","@id":"https:\/\/www.webdo.tn\/fr\/#website","url":"https:\/\/www.webdo.tn\/fr\/","name":"webdo","description":"Tunisie - News en Tunisie et \u00e0 l&#039;international sur Webdo.tn","publisher":{"@id":"https:\/\/www.webdo.tn\/fr\/#organization"},"potentialAction":[{"@type":"SearchAction","target":{"@type":"EntryPoint","urlTemplate":"https:\/\/www.webdo.tn\/fr\/?s={search_term_string}"},"query-input":{"@type":"PropertyValueSpecification","valueRequired":true,"valueName":"search_term_string"}}],"inLanguage":"fr-FR"},{"@type":"Organization","@id":"https:\/\/www.webdo.tn\/fr\/#organization","name":"Webdo","alternateName":"Webdo.tn","url":"https:\/\/www.webdo.tn\/fr\/","logo":{"@type":"ImageObject","inLanguage":"fr-FR","@id":"https:\/\/www.webdo.tn\/fr\/#\/schema\/logo\/image\/","url":"https:\/\/www.webdo.tn\/fr\/wp-content\/uploads\/2025\/06\/Webdo-Tunisie_168377.jpg","contentUrl":"https:\/\/www.webdo.tn\/fr\/wp-content\/uploads\/2025\/06\/Webdo-Tunisie_168377.jpg","width":301,"height":301,"caption":"Webdo"},"image":{"@id":"https:\/\/www.webdo.tn\/fr\/#\/schema\/logo\/image\/"},"sameAs":["https:\/\/www.facebook.com\/webdotn","https:\/\/x.com\/webdo_tn"],"description":"Webdo est un m\u00e9dia num\u00e9rique tunisien fond\u00e9 en 2010, sp\u00e9cialis\u00e9 dans l\u2019actualit\u00e9 nationale et internationale, l\u2019\u00e9conomie, la soci\u00e9t\u00e9 et les analyses politiques. Le site s\u2019adresse \u00e0 un large public francophone et couvre l\u2019information tunisienne en temps r\u00e9el.","email":"redac@webdo.tn","legalName":"YNJ SARL","foundingDate":"2010-09-06","numberOfEmployees":{"@type":"QuantitativeValue","minValue":"11","maxValue":"50"}},{"@type":"Person","@id":"https:\/\/www.webdo.tn\/fr\/#\/schema\/person\/6bc0beba2cd23aec27cb5df85ca2554f","name":"Hatem Bourial","image":{"@type":"ImageObject","inLanguage":"fr-FR","@id":"https:\/\/www.webdo.tn\/fr\/wp-content\/uploads\/2026\/04\/hatem-bourial_avatar-96x96.jpg","url":"https:\/\/www.webdo.tn\/fr\/wp-content\/uploads\/2026\/04\/hatem-bourial_avatar-96x96.jpg","contentUrl":"https:\/\/www.webdo.tn\/fr\/wp-content\/uploads\/2026\/04\/hatem-bourial_avatar-96x96.jpg","caption":"Hatem Bourial"},"description":"Hatem Bourial est journaliste, \u00e9crivain et chroniqueur tunisien. Actif depuis plusieurs d\u00e9cennies, il s\u2019est impos\u00e9 comme un observateur attentif de la soci\u00e9t\u00e9 tunisienne, m\u00ealant dans ses \u00e9crits m\u00e9moire, culture et analyse du quotidien. Auteur de nombreux ouvrages, il d\u00e9veloppe une \u0153uvre \u00e0 la crois\u00e9e du r\u00e9cit, de la po\u00e9sie et de l\u2019observation sociologique. Parall\u00e8lement \u00e0 ses contributions dans la presse, il intervient r\u00e9guli\u00e8rement \u00e0 la radio et dans des espaces culturels, o\u00f9 il explore les enjeux li\u00e9s au patrimoine, \u00e0 l\u2019identit\u00e9 et aux transformations du monde contemporain. \u00c0 travers ses chroniques, Hatem Bourial propose une lecture sensible et approfondie de l\u2019actualit\u00e9, nourrie par une exp\u00e9rience journalistique et litt\u00e9raire reconnue. \ud83d\udd17 Facebook : https:\/\/www.facebook.com\/hatem.bourial.2025","sameAs":["https:\/\/www.facebook.com\/hatem.bourial.2025","https:\/\/fr.wikipedia.org\/wiki\/Fichier:Hatem_Bourial.jpg"],"knowsAbout":["Culture & patrimoine tunisien","Chronique soci\u00e9tale","Litt\u00e9rature & m\u00e9moire","Cin\u00e9ma & critique culturelle","Identit\u00e9 & mutations sociales"],"knowsLanguage":["Arabe","Fran\u00e7ais","Anglais","Italien","Polonais"],"jobTitle":"Journaliste, \u00e9crivain et chroniqueur culturel","worksFor":"Webdo","url":"https:\/\/www.webdo.tn\/fr\/actualite\/author\/hatem-bourial-2\/"}]}},"_links":{"self":[{"href":"https:\/\/www.webdo.tn\/fr\/wp-json\/wp\/v2\/posts\/395705","targetHints":{"allow":["GET"]}}],"collection":[{"href":"https:\/\/www.webdo.tn\/fr\/wp-json\/wp\/v2\/posts"}],"about":[{"href":"https:\/\/www.webdo.tn\/fr\/wp-json\/wp\/v2\/types\/post"}],"author":[{"embeddable":true,"href":"https:\/\/www.webdo.tn\/fr\/wp-json\/wp\/v2\/users\/3229"}],"replies":[{"embeddable":true,"href":"https:\/\/www.webdo.tn\/fr\/wp-json\/wp\/v2\/comments?post=395705"}],"version-history":[{"count":0,"href":"https:\/\/www.webdo.tn\/fr\/wp-json\/wp\/v2\/posts\/395705\/revisions"}],"wp:featuredmedia":[{"embeddable":true,"href":"https:\/\/www.webdo.tn\/fr\/wp-json\/wp\/v2\/media\/395707"}],"wp:attachment":[{"href":"https:\/\/www.webdo.tn\/fr\/wp-json\/wp\/v2\/media?parent=395705"}],"wp:term":[{"taxonomy":"category","embeddable":true,"href":"https:\/\/www.webdo.tn\/fr\/wp-json\/wp\/v2\/categories?post=395705"},{"taxonomy":"post_tag","embeddable":true,"href":"https:\/\/www.webdo.tn\/fr\/wp-json\/wp\/v2\/tags?post=395705"}],"curies":[{"name":"wp","href":"https:\/\/api.w.org\/{rel}","templated":true}]}}