{"id":395697,"date":"2026-04-03T09:01:20","date_gmt":"2026-04-03T08:01:20","guid":{"rendered":"https:\/\/www.webdo.tn\/fr\/?p=395697"},"modified":"2026-04-03T09:47:14","modified_gmt":"2026-04-03T08:47:14","slug":"perle-du-lac-2-en-video-le-nouveau-visage-de-tunis-commence-a-prendre-forme","status":"publish","type":"post","link":"https:\/\/www.webdo.tn\/fr\/actualite\/national\/perle-du-lac-2-en-video-le-nouveau-visage-de-tunis-commence-a-prendre-forme\/395697\/","title":{"rendered":"\u00ab\u00a0Perle du Lac 2\u00a0\u00bb : En vid\u00e9o, le nouveau visage de Tunis commence \u00e0 prendre forme"},"content":{"rendered":"\n<p><strong>Avec 85% d\u2019avancement et une livraison pr\u00e9vue fin juin, le projet \u00ab Perle du Lac 2 \u00bb s\u2019impose comme l\u2019un des chantiers urbains les plus structurants actuellement du Grand Tunis. <\/strong><\/p>\n\n\n\n<p>En effet, \u00e0 l\u2019or\u00e9e du printemps 2026, un projet urbain d\u2019envergure attire de plus en plus l\u2019attention dans la capitale. Sur les rives du lac, le chantier de \u00ab Durrat Al Buhaira 2 \u00bb avance \u00e0 un rythme soutenu, donnant progressivement corps \u00e0 une nouvelle vision de la ville. <\/p>\n\n\n\n<p>\u00c0 travers une vid\u00e9o r\u00e9cemment diffus\u00e9e, la soci\u00e9t\u00e9 La Soci\u00e9t\u00e9 de Promotion du Lac de Tunis met en lumi\u00e8re l\u2019\u00e9tat d\u2019avancement des travaux et confirme une dynamique bien engag\u00e9e.<\/p>\n\n\n\n<p>Dans les images, les infrastructures de base apparaissent d\u00e9sormais bien d\u00e9finies. Voiries, r\u00e9seaux et am\u00e9nagements structurants se dessinent avec pr\u00e9cision, traduisant une planification rigoureuse et un suivi technique constant. Les \u00e9quipes mobilis\u00e9es poursuivent les travaux selon un calendrier ma\u00eetris\u00e9, avec un accent particulier sur la qualit\u00e9 d\u2019ex\u00e9cution \u00e0 chaque \u00e9tape.<\/p>\n\n\n\n<h2 class=\"wp-block-heading\" id=\"h-toute-une-conception-de-l-espace-urbain\">Toute une conception de l\u2019espace urbain <\/h2>\n\n\n\n<p>Mais au-del\u00e0 des fondations, c\u2019est toute une conception de l\u2019espace urbain qui se r\u00e9v\u00e8le. Le projet accorde une place importante aux espaces verts et aux zones de vie, dans une logique d\u2019\u00e9quilibre entre urbanisation et cadre environnemental. Les premi\u00e8res plantations et les trac\u00e9s paysagers visibles dans la vid\u00e9o illustrent cette volont\u00e9 de cr\u00e9er un environnement \u00e0 la fois moderne et agr\u00e9able \u00e0 vivre.<\/p>\n\n\n\n<p>Situ\u00e9 dans le prolongement des am\u00e9nagements du Lac Nord de Tunis, ce projet s\u2019inscrit dans une strat\u00e9gie plus large de reconfiguration urbaine. Il ambitionne de red\u00e9finir les standards de l\u2019habitat et des activit\u00e9s tertiaires dans la capitale, en misant sur une architecture contemporaine et des infrastructures adapt\u00e9es aux exigences actuelles.<\/p>\n\n\n\n<p><strong>Lire aussi :<\/strong>&nbsp;<a href=\"https:\/\/www.webdo.tn\/fr\/actualite\/national\/la-bct-et-les-principales-banques-de-la-place-siegeront-a-l-avenir-a-la-perle-du-lac-2\/209216\/\">La BCT et les principales banques de la place si\u00e8geront \u00e0 l\u2019avenir \u00e0 la \u00ab&nbsp;Perle du Lac 2&nbsp;\u00bb !?<\/a> <\/p>\n\n\n\n<p>La communication r\u00e9guli\u00e8re autour de l\u2019avancement du chantier r\u00e9pond, selon le promoteur, \u00e0 une logique de transparence vis-\u00e0-vis des investisseurs et partenaires. Une d\u00e9marche qui s\u2019inscrit aussi dans un contexte o\u00f9 les grands projets urbains sont scrut\u00e9s de pr\u00e8s par l\u2019opinion publique, soucieuse de leur impact r\u00e9el sur le tissu urbain.<\/p>\n\n\n\n<h2 class=\"wp-block-heading\" id=\"h-role-de-vitrine-du-renouveau-urbain-de-tunis\"> R\u00f4le de vitrine du renouveau urbain de Tunis<\/h2>\n\n\n\n<p>\u00c0 mesure que les travaux progressent, \u00ab Durrat Al Buhaira 2 \u00bb semble ainsi confirmer son r\u00f4le de vitrine du renouveau urbain de Tunis. Reste \u00e0 voir si cette promesse se traduira, \u00e0 terme, par une transformation tangible et inclusive du paysage de la capitale.<\/p>\n\n\n\n<p><\/p>\n\n\n\n<iframe src=\"https:\/\/www.facebook.com\/plugins\/video.php?height=314&#038;href=https%3A%2F%2Fwww.facebook.com%2Freel%2F1493510145462232%2F&#038;show_text=false&#038;width=560&#038;t=0\" width=\"560\" height=\"314\" style=\"border:none;overflow:hidden\" scrolling=\"no\" frameborder=\"0\" allowfullscreen=\"true\" allow=\"autoplay; clipboard-write; encrypted-media; picture-in-picture; web-share\" allowFullScreen=\"true\"><\/iframe>\n\n\n\n<p><\/p>\n","protected":false},"excerpt":{"rendered":"<p>Avec 85% d\u2019avancement et une livraison pr\u00e9vue fin juin, le projet \u00ab Perle du Lac 2 \u00bb s\u2019impose comme l\u2019un des chantiers urbains les plus structurants actuellement du Grand Tunis. En effet, \u00e0 l\u2019or\u00e9e du printemps 2026, un projet urbain d\u2019envergure attire de plus en plus l\u2019attention dans la capitale. Sur les rives du lac, [&hellip;]<\/p>\n","protected":false},"author":3204,"featured_media":393417,"comment_status":"closed","ping_status":"closed","sticky":false,"template":"","format":"standard","meta":{"footnotes":""},"categories":[44],"tags":[13259,2640,2608],"class_list":["post-395697","post","type-post","status-publish","format-standard","has-post-thumbnail","hentry","category-national","tag-perle-du-lac","tag-tunis","tag-tunisie"],"yoast_head":"<!-- This site is optimized with the Yoast SEO Premium plugin v27.5 (Yoast SEO v27.5) - https:\/\/yoast.com\/product\/yoast-seo-premium-wordpress\/ -->\n<title>&quot;Perle du Lac 2&quot; : En vid\u00e9o, le nouveau visage de Tunis commence \u00e0 prendre forme - webdo<\/title>\n<meta name=\"description\" content=\"D\u00e9couvrez le projet Durrat Al Buhaira 2 \u00e0 Tunis, une nouvelle vision urbaine qui prend forme au bord du lac.\" \/>\n<link rel=\"canonical\" href=\"https:\/\/www.webdo.tn\/fr\/actualite\/national\/perle-du-lac-2-en-video-le-nouveau-visage-de-tunis-commence-a-prendre-forme\/395697\/\" \/>\n<meta property=\"og:locale\" content=\"fr_FR\" \/>\n<meta property=\"og:type\" content=\"article\" \/>\n<meta property=\"og:title\" content=\"&quot;Perle du Lac 2&quot; : En vid\u00e9o, le nouveau visage de Tunis commence \u00e0 prendre forme\" \/>\n<meta property=\"og:description\" content=\"D\u00e9couvrez le projet Durrat Al Buhaira 2 \u00e0 Tunis, une nouvelle vision urbaine qui prend forme au bord du lac.\" \/>\n<meta property=\"og:url\" content=\"https:\/\/www.webdo.tn\/fr\/actualite\/national\/perle-du-lac-2-en-video-le-nouveau-visage-de-tunis-commence-a-prendre-forme\/395697\/\" \/>\n<meta property=\"og:site_name\" content=\"webdo\" \/>\n<meta property=\"article:publisher\" content=\"https:\/\/www.facebook.com\/webdotn\" \/>\n<meta property=\"article:author\" content=\"https:\/\/www.facebook.com\/khalil.jelassi.7\" \/>\n<meta property=\"article:published_time\" content=\"2026-04-03T08:01:20+00:00\" \/>\n<meta property=\"article:modified_time\" content=\"2026-04-03T08:47:14+00:00\" \/>\n<meta property=\"og:image\" content=\"https:\/\/www.webdo.tn\/fr\/wp-content\/uploads\/2026\/02\/Perle-du-Lac-2.jpg\" \/>\n\t<meta property=\"og:image:width\" content=\"1200\" \/>\n\t<meta property=\"og:image:height\" content=\"605\" \/>\n\t<meta property=\"og:image:type\" content=\"image\/jpeg\" \/>\n<meta name=\"author\" content=\"Khalil JELASSI\" \/>\n<meta name=\"twitter:card\" content=\"summary_large_image\" \/>\n<meta name=\"twitter:creator\" content=\"@webdo_tn\" \/>\n<meta name=\"twitter:site\" content=\"@webdo_tn\" \/>\n<meta name=\"twitter:label1\" content=\"\u00c9crit par\" \/>\n\t<meta name=\"twitter:data1\" content=\"Khalil JELASSI\" \/>\n\t<meta name=\"twitter:label2\" content=\"Dur\u00e9e de lecture estim\u00e9e\" \/>\n\t<meta name=\"twitter:data2\" content=\"3 minutes\" \/>\n<script type=\"application\/ld+json\" class=\"yoast-schema-graph\">{\"@context\":\"https:\\\/\\\/schema.org\",\"@graph\":[{\"@type\":\"NewsArticle\",\"@id\":\"https:\\\/\\\/www.webdo.tn\\\/fr\\\/actualite\\\/national\\\/perle-du-lac-2-en-video-le-nouveau-visage-de-tunis-commence-a-prendre-forme\\\/395697\\\/#article\",\"isPartOf\":{\"@id\":\"https:\\\/\\\/www.webdo.tn\\\/fr\\\/actualite\\\/national\\\/perle-du-lac-2-en-video-le-nouveau-visage-de-tunis-commence-a-prendre-forme\\\/395697\\\/\"},\"author\":{\"name\":\"Khalil JELASSI\",\"@id\":\"https:\\\/\\\/www.webdo.tn\\\/fr\\\/#\\\/schema\\\/person\\\/5fb2f8f3d4ef4fd1d129927fd4b020ff\"},\"headline\":\"\u00ab\u00a0Perle du Lac 2\u00a0\u00bb : En vid\u00e9o, le nouveau visage de Tunis commence \u00e0 prendre forme\",\"datePublished\":\"2026-04-03T08:01:20+00:00\",\"dateModified\":\"2026-04-03T08:47:14+00:00\",\"mainEntityOfPage\":{\"@id\":\"https:\\\/\\\/www.webdo.tn\\\/fr\\\/actualite\\\/national\\\/perle-du-lac-2-en-video-le-nouveau-visage-de-tunis-commence-a-prendre-forme\\\/395697\\\/\"},\"wordCount\":452,\"publisher\":{\"@id\":\"https:\\\/\\\/www.webdo.tn\\\/fr\\\/#organization\"},\"image\":{\"@id\":\"https:\\\/\\\/www.webdo.tn\\\/fr\\\/actualite\\\/national\\\/perle-du-lac-2-en-video-le-nouveau-visage-de-tunis-commence-a-prendre-forme\\\/395697\\\/#primaryimage\"},\"thumbnailUrl\":\"https:\\\/\\\/www.webdo.tn\\\/fr\\\/wp-content\\\/uploads\\\/2026\\\/02\\\/Perle-du-Lac-2.jpg\",\"keywords\":[\"Perle du Lac\",\"Tunis\",\"Tunisie\"],\"articleSection\":[\"National\"],\"inLanguage\":\"fr-FR\"},{\"@type\":\"WebPage\",\"@id\":\"https:\\\/\\\/www.webdo.tn\\\/fr\\\/actualite\\\/national\\\/perle-du-lac-2-en-video-le-nouveau-visage-de-tunis-commence-a-prendre-forme\\\/395697\\\/\",\"url\":\"https:\\\/\\\/www.webdo.tn\\\/fr\\\/actualite\\\/national\\\/perle-du-lac-2-en-video-le-nouveau-visage-de-tunis-commence-a-prendre-forme\\\/395697\\\/\",\"name\":\"\\\"Perle du Lac 2\\\" : En vid\u00e9o, le nouveau visage de Tunis commence \u00e0 prendre forme - webdo\",\"isPartOf\":{\"@id\":\"https:\\\/\\\/www.webdo.tn\\\/fr\\\/#website\"},\"primaryImageOfPage\":{\"@id\":\"https:\\\/\\\/www.webdo.tn\\\/fr\\\/actualite\\\/national\\\/perle-du-lac-2-en-video-le-nouveau-visage-de-tunis-commence-a-prendre-forme\\\/395697\\\/#primaryimage\"},\"image\":{\"@id\":\"https:\\\/\\\/www.webdo.tn\\\/fr\\\/actualite\\\/national\\\/perle-du-lac-2-en-video-le-nouveau-visage-de-tunis-commence-a-prendre-forme\\\/395697\\\/#primaryimage\"},\"thumbnailUrl\":\"https:\\\/\\\/www.webdo.tn\\\/fr\\\/wp-content\\\/uploads\\\/2026\\\/02\\\/Perle-du-Lac-2.jpg\",\"datePublished\":\"2026-04-03T08:01:20+00:00\",\"dateModified\":\"2026-04-03T08:47:14+00:00\",\"description\":\"D\u00e9couvrez le projet Durrat Al Buhaira 2 \u00e0 Tunis, une nouvelle vision urbaine qui prend forme au bord du lac.\",\"breadcrumb\":{\"@id\":\"https:\\\/\\\/www.webdo.tn\\\/fr\\\/actualite\\\/national\\\/perle-du-lac-2-en-video-le-nouveau-visage-de-tunis-commence-a-prendre-forme\\\/395697\\\/#breadcrumb\"},\"inLanguage\":\"fr-FR\",\"potentialAction\":[{\"@type\":\"ReadAction\",\"target\":[\"https:\\\/\\\/www.webdo.tn\\\/fr\\\/actualite\\\/national\\\/perle-du-lac-2-en-video-le-nouveau-visage-de-tunis-commence-a-prendre-forme\\\/395697\\\/\"]}]},{\"@type\":\"ImageObject\",\"inLanguage\":\"fr-FR\",\"@id\":\"https:\\\/\\\/www.webdo.tn\\\/fr\\\/actualite\\\/national\\\/perle-du-lac-2-en-video-le-nouveau-visage-de-tunis-commence-a-prendre-forme\\\/395697\\\/#primaryimage\",\"url\":\"https:\\\/\\\/www.webdo.tn\\\/fr\\\/wp-content\\\/uploads\\\/2026\\\/02\\\/Perle-du-Lac-2.jpg\",\"contentUrl\":\"https:\\\/\\\/www.webdo.tn\\\/fr\\\/wp-content\\\/uploads\\\/2026\\\/02\\\/Perle-du-Lac-2.jpg\",\"width\":1200,\"height\":605,\"caption\":\"Tunisie : La \u00ab Perle du Lac 2 \u00bb entre dans sa phase finale d\u2019am\u00e9nagement\"},{\"@type\":\"BreadcrumbList\",\"@id\":\"https:\\\/\\\/www.webdo.tn\\\/fr\\\/actualite\\\/national\\\/perle-du-lac-2-en-video-le-nouveau-visage-de-tunis-commence-a-prendre-forme\\\/395697\\\/#breadcrumb\",\"itemListElement\":[{\"@type\":\"ListItem\",\"position\":1,\"name\":\"Accueil\",\"item\":\"https:\\\/\\\/www.webdo.tn\\\/fr\\\/\"},{\"@type\":\"ListItem\",\"position\":2,\"name\":\"\u00ab\u00a0Perle du Lac 2\u00a0\u00bb : En vid\u00e9o, le nouveau visage de Tunis commence \u00e0 prendre forme\"}]},{\"@type\":\"WebSite\",\"@id\":\"https:\\\/\\\/www.webdo.tn\\\/fr\\\/#website\",\"url\":\"https:\\\/\\\/www.webdo.tn\\\/fr\\\/\",\"name\":\"webdo\",\"description\":\"Tunisie - News en Tunisie et \u00e0 l&#039;international sur Webdo.tn\",\"publisher\":{\"@id\":\"https:\\\/\\\/www.webdo.tn\\\/fr\\\/#organization\"},\"potentialAction\":[{\"@type\":\"SearchAction\",\"target\":{\"@type\":\"EntryPoint\",\"urlTemplate\":\"https:\\\/\\\/www.webdo.tn\\\/fr\\\/?s={search_term_string}\"},\"query-input\":{\"@type\":\"PropertyValueSpecification\",\"valueRequired\":true,\"valueName\":\"search_term_string\"}}],\"inLanguage\":\"fr-FR\"},{\"@type\":\"Organization\",\"@id\":\"https:\\\/\\\/www.webdo.tn\\\/fr\\\/#organization\",\"name\":\"Webdo\",\"alternateName\":\"Webdo.tn\",\"url\":\"https:\\\/\\\/www.webdo.tn\\\/fr\\\/\",\"logo\":{\"@type\":\"ImageObject\",\"inLanguage\":\"fr-FR\",\"@id\":\"https:\\\/\\\/www.webdo.tn\\\/fr\\\/#\\\/schema\\\/logo\\\/image\\\/\",\"url\":\"https:\\\/\\\/www.webdo.tn\\\/fr\\\/wp-content\\\/uploads\\\/2025\\\/06\\\/Webdo-Tunisie_168377.jpg\",\"contentUrl\":\"https:\\\/\\\/www.webdo.tn\\\/fr\\\/wp-content\\\/uploads\\\/2025\\\/06\\\/Webdo-Tunisie_168377.jpg\",\"width\":301,\"height\":301,\"caption\":\"Webdo\"},\"image\":{\"@id\":\"https:\\\/\\\/www.webdo.tn\\\/fr\\\/#\\\/schema\\\/logo\\\/image\\\/\"},\"sameAs\":[\"https:\\\/\\\/www.facebook.com\\\/webdotn\",\"https:\\\/\\\/x.com\\\/webdo_tn\"],\"description\":\"Webdo est un m\u00e9dia num\u00e9rique tunisien fond\u00e9 en 2010, sp\u00e9cialis\u00e9 dans l\u2019actualit\u00e9 nationale et internationale, l\u2019\u00e9conomie, la soci\u00e9t\u00e9 et les analyses politiques. Le site s\u2019adresse \u00e0 un large public francophone et couvre l\u2019information tunisienne en temps r\u00e9el.\",\"email\":\"redac@webdo.tn\",\"legalName\":\"YNJ SARL\",\"foundingDate\":\"2010-09-06\",\"numberOfEmployees\":{\"@type\":\"QuantitativeValue\",\"minValue\":\"11\",\"maxValue\":\"50\"}},{\"@type\":\"Person\",\"@id\":\"https:\\\/\\\/www.webdo.tn\\\/fr\\\/#\\\/schema\\\/person\\\/5fb2f8f3d4ef4fd1d129927fd4b020ff\",\"name\":\"Khalil JELASSI\",\"image\":{\"@type\":\"ImageObject\",\"inLanguage\":\"fr-FR\",\"@id\":\"https:\\\/\\\/www.webdo.tn\\\/fr\\\/wp-content\\\/uploads\\\/2026\\\/04\\\/khalil-jelassi_avatar-96x96.jpg\",\"url\":\"https:\\\/\\\/www.webdo.tn\\\/fr\\\/wp-content\\\/uploads\\\/2026\\\/04\\\/khalil-jelassi_avatar-96x96.jpg\",\"contentUrl\":\"https:\\\/\\\/www.webdo.tn\\\/fr\\\/wp-content\\\/uploads\\\/2026\\\/04\\\/khalil-jelassi_avatar-96x96.jpg\",\"caption\":\"Khalil JELASSI\"},\"description\":\"Khalil Jelassi est journaliste, ma\u00eetre-assistant \u00e0 l\u2019Institut de presse et des sciences de l\u2019information (IPSI) et chercheur en sciences de l\u2019information et de la communication. Sp\u00e9cialiste des m\u00e9dias, des pratiques journalistiques et des mutations de l\u2019information, il s\u2019int\u00e9resse particuli\u00e8rement aux transformations du paysage m\u00e9diatique, aux enjeux num\u00e9riques et aux dynamiques de production de l\u2019information. \u00c0 travers ses contributions, il propose une lecture analytique de l\u2019actualit\u00e9, en croisant approche acad\u00e9mique et exp\u00e9rience journalistique. \ud83d\udd17 Facebook : https:\\\/\\\/www.facebook.com\\\/khalil.jelassi.7\",\"sameAs\":[\"https:\\\/\\\/www.facebook.com\\\/khalil.jelassi.7\"],\"knowsAbout\":[\"journalisme\",\"m\u00e9dias\",\"communication\",\"sciences de l'information\",\"transformation num\u00e9rique\",\"analyse des m\u00e9dias\"],\"knowsLanguage\":[\"Fran\u00e7ais\",\"Arabe\",\"Anglais\"],\"jobTitle\":\"Ma\u00eetre-assistant et journaliste\",\"worksFor\":\"IPSI \u2013 Institut de presse et des sciences de l'information\",\"url\":\"https:\\\/\\\/www.webdo.tn\\\/fr\\\/actualite\\\/author\\\/khalil-jelassi\\\/\"}]}<\/script>\n<!-- \/ Yoast SEO Premium plugin. -->","yoast_head_json":{"title":"\"Perle du Lac 2\" : En vid\u00e9o, le nouveau visage de Tunis commence \u00e0 prendre forme - webdo","description":"D\u00e9couvrez le projet Durrat Al Buhaira 2 \u00e0 Tunis, une nouvelle vision urbaine qui prend forme au bord du lac.","canonical":"https:\/\/www.webdo.tn\/fr\/actualite\/national\/perle-du-lac-2-en-video-le-nouveau-visage-de-tunis-commence-a-prendre-forme\/395697\/","og_locale":"fr_FR","og_type":"article","og_title":"\"Perle du Lac 2\" : En vid\u00e9o, le nouveau visage de Tunis commence \u00e0 prendre forme","og_description":"D\u00e9couvrez le projet Durrat Al Buhaira 2 \u00e0 Tunis, une nouvelle vision urbaine qui prend forme au bord du lac.","og_url":"https:\/\/www.webdo.tn\/fr\/actualite\/national\/perle-du-lac-2-en-video-le-nouveau-visage-de-tunis-commence-a-prendre-forme\/395697\/","og_site_name":"webdo","article_publisher":"https:\/\/www.facebook.com\/webdotn","article_author":"https:\/\/www.facebook.com\/khalil.jelassi.7","article_published_time":"2026-04-03T08:01:20+00:00","article_modified_time":"2026-04-03T08:47:14+00:00","og_image":[{"width":1200,"height":605,"url":"https:\/\/www.webdo.tn\/fr\/wp-content\/uploads\/2026\/02\/Perle-du-Lac-2.jpg","type":"image\/jpeg"}],"author":"Khalil JELASSI","twitter_card":"summary_large_image","twitter_creator":"@webdo_tn","twitter_site":"@webdo_tn","twitter_misc":{"\u00c9crit par":"Khalil JELASSI","Dur\u00e9e de lecture estim\u00e9e":"3 minutes"},"schema":{"@context":"https:\/\/schema.org","@graph":[{"@type":"NewsArticle","@id":"https:\/\/www.webdo.tn\/fr\/actualite\/national\/perle-du-lac-2-en-video-le-nouveau-visage-de-tunis-commence-a-prendre-forme\/395697\/#article","isPartOf":{"@id":"https:\/\/www.webdo.tn\/fr\/actualite\/national\/perle-du-lac-2-en-video-le-nouveau-visage-de-tunis-commence-a-prendre-forme\/395697\/"},"author":{"name":"Khalil JELASSI","@id":"https:\/\/www.webdo.tn\/fr\/#\/schema\/person\/5fb2f8f3d4ef4fd1d129927fd4b020ff"},"headline":"\u00ab\u00a0Perle du Lac 2\u00a0\u00bb : En vid\u00e9o, le nouveau visage de Tunis commence \u00e0 prendre forme","datePublished":"2026-04-03T08:01:20+00:00","dateModified":"2026-04-03T08:47:14+00:00","mainEntityOfPage":{"@id":"https:\/\/www.webdo.tn\/fr\/actualite\/national\/perle-du-lac-2-en-video-le-nouveau-visage-de-tunis-commence-a-prendre-forme\/395697\/"},"wordCount":452,"publisher":{"@id":"https:\/\/www.webdo.tn\/fr\/#organization"},"image":{"@id":"https:\/\/www.webdo.tn\/fr\/actualite\/national\/perle-du-lac-2-en-video-le-nouveau-visage-de-tunis-commence-a-prendre-forme\/395697\/#primaryimage"},"thumbnailUrl":"https:\/\/www.webdo.tn\/fr\/wp-content\/uploads\/2026\/02\/Perle-du-Lac-2.jpg","keywords":["Perle du Lac","Tunis","Tunisie"],"articleSection":["National"],"inLanguage":"fr-FR"},{"@type":"WebPage","@id":"https:\/\/www.webdo.tn\/fr\/actualite\/national\/perle-du-lac-2-en-video-le-nouveau-visage-de-tunis-commence-a-prendre-forme\/395697\/","url":"https:\/\/www.webdo.tn\/fr\/actualite\/national\/perle-du-lac-2-en-video-le-nouveau-visage-de-tunis-commence-a-prendre-forme\/395697\/","name":"\"Perle du Lac 2\" : En vid\u00e9o, le nouveau visage de Tunis commence \u00e0 prendre forme - webdo","isPartOf":{"@id":"https:\/\/www.webdo.tn\/fr\/#website"},"primaryImageOfPage":{"@id":"https:\/\/www.webdo.tn\/fr\/actualite\/national\/perle-du-lac-2-en-video-le-nouveau-visage-de-tunis-commence-a-prendre-forme\/395697\/#primaryimage"},"image":{"@id":"https:\/\/www.webdo.tn\/fr\/actualite\/national\/perle-du-lac-2-en-video-le-nouveau-visage-de-tunis-commence-a-prendre-forme\/395697\/#primaryimage"},"thumbnailUrl":"https:\/\/www.webdo.tn\/fr\/wp-content\/uploads\/2026\/02\/Perle-du-Lac-2.jpg","datePublished":"2026-04-03T08:01:20+00:00","dateModified":"2026-04-03T08:47:14+00:00","description":"D\u00e9couvrez le projet Durrat Al Buhaira 2 \u00e0 Tunis, une nouvelle vision urbaine qui prend forme au bord du lac.","breadcrumb":{"@id":"https:\/\/www.webdo.tn\/fr\/actualite\/national\/perle-du-lac-2-en-video-le-nouveau-visage-de-tunis-commence-a-prendre-forme\/395697\/#breadcrumb"},"inLanguage":"fr-FR","potentialAction":[{"@type":"ReadAction","target":["https:\/\/www.webdo.tn\/fr\/actualite\/national\/perle-du-lac-2-en-video-le-nouveau-visage-de-tunis-commence-a-prendre-forme\/395697\/"]}]},{"@type":"ImageObject","inLanguage":"fr-FR","@id":"https:\/\/www.webdo.tn\/fr\/actualite\/national\/perle-du-lac-2-en-video-le-nouveau-visage-de-tunis-commence-a-prendre-forme\/395697\/#primaryimage","url":"https:\/\/www.webdo.tn\/fr\/wp-content\/uploads\/2026\/02\/Perle-du-Lac-2.jpg","contentUrl":"https:\/\/www.webdo.tn\/fr\/wp-content\/uploads\/2026\/02\/Perle-du-Lac-2.jpg","width":1200,"height":605,"caption":"Tunisie : La \u00ab Perle du Lac 2 \u00bb entre dans sa phase finale d\u2019am\u00e9nagement"},{"@type":"BreadcrumbList","@id":"https:\/\/www.webdo.tn\/fr\/actualite\/national\/perle-du-lac-2-en-video-le-nouveau-visage-de-tunis-commence-a-prendre-forme\/395697\/#breadcrumb","itemListElement":[{"@type":"ListItem","position":1,"name":"Accueil","item":"https:\/\/www.webdo.tn\/fr\/"},{"@type":"ListItem","position":2,"name":"\u00ab\u00a0Perle du Lac 2\u00a0\u00bb : En vid\u00e9o, le nouveau visage de Tunis commence \u00e0 prendre forme"}]},{"@type":"WebSite","@id":"https:\/\/www.webdo.tn\/fr\/#website","url":"https:\/\/www.webdo.tn\/fr\/","name":"webdo","description":"Tunisie - News en Tunisie et \u00e0 l&#039;international sur Webdo.tn","publisher":{"@id":"https:\/\/www.webdo.tn\/fr\/#organization"},"potentialAction":[{"@type":"SearchAction","target":{"@type":"EntryPoint","urlTemplate":"https:\/\/www.webdo.tn\/fr\/?s={search_term_string}"},"query-input":{"@type":"PropertyValueSpecification","valueRequired":true,"valueName":"search_term_string"}}],"inLanguage":"fr-FR"},{"@type":"Organization","@id":"https:\/\/www.webdo.tn\/fr\/#organization","name":"Webdo","alternateName":"Webdo.tn","url":"https:\/\/www.webdo.tn\/fr\/","logo":{"@type":"ImageObject","inLanguage":"fr-FR","@id":"https:\/\/www.webdo.tn\/fr\/#\/schema\/logo\/image\/","url":"https:\/\/www.webdo.tn\/fr\/wp-content\/uploads\/2025\/06\/Webdo-Tunisie_168377.jpg","contentUrl":"https:\/\/www.webdo.tn\/fr\/wp-content\/uploads\/2025\/06\/Webdo-Tunisie_168377.jpg","width":301,"height":301,"caption":"Webdo"},"image":{"@id":"https:\/\/www.webdo.tn\/fr\/#\/schema\/logo\/image\/"},"sameAs":["https:\/\/www.facebook.com\/webdotn","https:\/\/x.com\/webdo_tn"],"description":"Webdo est un m\u00e9dia num\u00e9rique tunisien fond\u00e9 en 2010, sp\u00e9cialis\u00e9 dans l\u2019actualit\u00e9 nationale et internationale, l\u2019\u00e9conomie, la soci\u00e9t\u00e9 et les analyses politiques. Le site s\u2019adresse \u00e0 un large public francophone et couvre l\u2019information tunisienne en temps r\u00e9el.","email":"redac@webdo.tn","legalName":"YNJ SARL","foundingDate":"2010-09-06","numberOfEmployees":{"@type":"QuantitativeValue","minValue":"11","maxValue":"50"}},{"@type":"Person","@id":"https:\/\/www.webdo.tn\/fr\/#\/schema\/person\/5fb2f8f3d4ef4fd1d129927fd4b020ff","name":"Khalil JELASSI","image":{"@type":"ImageObject","inLanguage":"fr-FR","@id":"https:\/\/www.webdo.tn\/fr\/wp-content\/uploads\/2026\/04\/khalil-jelassi_avatar-96x96.jpg","url":"https:\/\/www.webdo.tn\/fr\/wp-content\/uploads\/2026\/04\/khalil-jelassi_avatar-96x96.jpg","contentUrl":"https:\/\/www.webdo.tn\/fr\/wp-content\/uploads\/2026\/04\/khalil-jelassi_avatar-96x96.jpg","caption":"Khalil JELASSI"},"description":"Khalil Jelassi est journaliste, ma\u00eetre-assistant \u00e0 l\u2019Institut de presse et des sciences de l\u2019information (IPSI) et chercheur en sciences de l\u2019information et de la communication. Sp\u00e9cialiste des m\u00e9dias, des pratiques journalistiques et des mutations de l\u2019information, il s\u2019int\u00e9resse particuli\u00e8rement aux transformations du paysage m\u00e9diatique, aux enjeux num\u00e9riques et aux dynamiques de production de l\u2019information. \u00c0 travers ses contributions, il propose une lecture analytique de l\u2019actualit\u00e9, en croisant approche acad\u00e9mique et exp\u00e9rience journalistique. \ud83d\udd17 Facebook : https:\/\/www.facebook.com\/khalil.jelassi.7","sameAs":["https:\/\/www.facebook.com\/khalil.jelassi.7"],"knowsAbout":["journalisme","m\u00e9dias","communication","sciences de l'information","transformation num\u00e9rique","analyse des m\u00e9dias"],"knowsLanguage":["Fran\u00e7ais","Arabe","Anglais"],"jobTitle":"Ma\u00eetre-assistant et journaliste","worksFor":"IPSI \u2013 Institut de presse et des sciences de l'information","url":"https:\/\/www.webdo.tn\/fr\/actualite\/author\/khalil-jelassi\/"}]}},"_links":{"self":[{"href":"https:\/\/www.webdo.tn\/fr\/wp-json\/wp\/v2\/posts\/395697","targetHints":{"allow":["GET"]}}],"collection":[{"href":"https:\/\/www.webdo.tn\/fr\/wp-json\/wp\/v2\/posts"}],"about":[{"href":"https:\/\/www.webdo.tn\/fr\/wp-json\/wp\/v2\/types\/post"}],"author":[{"embeddable":true,"href":"https:\/\/www.webdo.tn\/fr\/wp-json\/wp\/v2\/users\/3204"}],"replies":[{"embeddable":true,"href":"https:\/\/www.webdo.tn\/fr\/wp-json\/wp\/v2\/comments?post=395697"}],"version-history":[{"count":0,"href":"https:\/\/www.webdo.tn\/fr\/wp-json\/wp\/v2\/posts\/395697\/revisions"}],"wp:featuredmedia":[{"embeddable":true,"href":"https:\/\/www.webdo.tn\/fr\/wp-json\/wp\/v2\/media\/393417"}],"wp:attachment":[{"href":"https:\/\/www.webdo.tn\/fr\/wp-json\/wp\/v2\/media?parent=395697"}],"wp:term":[{"taxonomy":"category","embeddable":true,"href":"https:\/\/www.webdo.tn\/fr\/wp-json\/wp\/v2\/categories?post=395697"},{"taxonomy":"post_tag","embeddable":true,"href":"https:\/\/www.webdo.tn\/fr\/wp-json\/wp\/v2\/tags?post=395697"}],"curies":[{"name":"wp","href":"https:\/\/api.w.org\/{rel}","templated":true}]}}