{"id":395659,"date":"2026-04-02T09:40:59","date_gmt":"2026-04-02T08:40:59","guid":{"rendered":"https:\/\/www.webdo.tn\/fr\/?p=395659"},"modified":"2026-04-02T11:42:21","modified_gmt":"2026-04-02T10:42:21","slug":"tunisie-le-vent-se-renforce-pluie-et-neige-maintiennent-une-ambiance-hivernale","status":"publish","type":"post","link":"https:\/\/www.webdo.tn\/fr\/actualite\/national\/tunisie-le-vent-se-renforce-pluie-et-neige-maintiennent-une-ambiance-hivernale\/395659\/","title":{"rendered":"Tunisie : Le vent se renforce, pluie et neige maintiennent une ambiance hivernale"},"content":{"rendered":"\n<p><strong>La situation m\u00e9t\u00e9o reste agit\u00e9e ce jeudi 2 avril en Tunisie, avec un ciel g\u00e9n\u00e9ralement nuageux et des pluies \u00e9parses attendues sur le nord, le centre-ouest et localement le sud. Selon les pr\u00e9visions, ces pr\u00e9cipitations pourront prendre un caract\u00e8re orageux et parfois intense sur le nord-ouest, avec des chutes de gr\u00eale possibles par endroits.<\/strong><\/p>\n\n\n\n<p>Sur les zones montagneuses situ\u00e9es \u00e0 plus de 1000 m\u00e8tres d\u2019altitude, des chutes de neige sont \u00e9galement annonc\u00e9es, ce qui maintient une ambiance hivernale sur les reliefs de l\u2019ouest.<\/p>\n\n\n\n<h2 class=\"wp-block-heading\" id=\"h-vent-violent-et-mer-tres-agitee\">Vent violent et mer tr\u00e8s agit\u00e9e<\/h2>\n\n\n\n<p>Le fait marquant de cette journ\u00e9e reste le vent. Des rafales fortes \u00e0 tr\u00e8s fortes d\u00e9passant temporairement 90 km\/h, notamment sous orages, souffleront pr\u00e8s des c\u00f4tes, sur les hauteurs et dans le sud, o\u00f9 des ph\u00e9nom\u00e8nes locaux de sable pourront r\u00e9duire la visibilit\u00e9.<\/p>\n\n\n\n<p>En mer, les conditions seront difficiles avec une mer houleuse au nord et tr\u00e8s agit\u00e9e \u00e0 houleuse sur les c\u00f4tes est, appelant \u00e0 la prudence pour la navigation et les activit\u00e9s maritimes.<\/p>\n\n\n\n<h2 class=\"wp-block-heading\" id=\"h-temperatures-en-nette-baisse-sur-les-reliefs\">Temp\u00e9ratures en nette baisse sur les reliefs<\/h2>\n\n\n\n<p>Les maximales resteront fra\u00eeches pour la saison : autour de 8\u00b0C sur les hauteurs, entre 10 et 15\u00b0C au nord et au centre-ouest, entre 16 et 21\u00b0C dans le reste des r\u00e9gions.<\/p>\n\n\n\n<p>\u00c0 Tunis, la temp\u00e9rature devrait plafonner autour de 15\u00b0C avec des averses et du vent, avant une am\u00e9lioration progressive d\u00e8s le week-end.<\/p>\n\n\n\n<p><\/p>\n\n\n\n<blockquote class=\"wp-block-quote is-layout-flow wp-block-quote-is-layout-flow\">\n<ul class=\"wp-block-list\">\n<li class=\"has-medium-font-size\"><strong>Lire aussi :<\/strong> <a href=\"https:\/\/www.webdo.tn\/fr\/actualite\/national\/tunisie-fortes-pluies-neige-et-grele-sur-plusieurs-regions\/395602\/\">Tunisie : Fortes pluies, neige et gr\u00eale sur plusieurs r\u00e9gions<\/a><\/li>\n<\/ul>\n<\/blockquote>\n","protected":false},"excerpt":{"rendered":"<p>La situation m\u00e9t\u00e9o reste agit\u00e9e ce jeudi 2 avril en Tunisie, avec un ciel g\u00e9n\u00e9ralement nuageux et des pluies \u00e9parses attendues sur le nord, le centre-ouest et localement le sud. Selon les pr\u00e9visions, ces pr\u00e9cipitations pourront prendre un caract\u00e8re orageux et parfois intense sur le nord-ouest, avec des chutes de gr\u00eale possibles par endroits. Sur [&hellip;]<\/p>\n","protected":false},"author":4782,"featured_media":384069,"comment_status":"closed","ping_status":"closed","sticky":false,"template":"","format":"standard","meta":{"footnotes":""},"categories":[44],"tags":[2670,4359,2671,2608,3363],"class_list":["post-395659","post","type-post","status-publish","format-standard","has-post-thumbnail","hentry","category-national","tag-meteo","tag-neige","tag-pluie","tag-tunisie","tag-vent"],"yoast_head":"<!-- This site is optimized with the Yoast SEO Premium plugin v27.5 (Yoast SEO v27.5) - https:\/\/yoast.com\/product\/yoast-seo-premium-wordpress\/ -->\n<title>Tunisie : Le vent se renforce, pluie et neige maintiennent une ambiance hivernale - webdo<\/title>\n<meta name=\"description\" content=\"La situation m\u00e9t\u00e9o s&#039;aggrave en Tunisie, avec des vents puissants, de la pluie et des chutes de neige sur les hauteurs.\" \/>\n<link rel=\"canonical\" href=\"https:\/\/www.webdo.tn\/fr\/actualite\/national\/tunisie-le-vent-se-renforce-pluie-et-neige-maintiennent-une-ambiance-hivernale\/395659\/\" \/>\n<meta property=\"og:locale\" content=\"fr_FR\" \/>\n<meta property=\"og:type\" content=\"article\" \/>\n<meta property=\"og:title\" content=\"Tunisie : Le vent se renforce, pluie et neige maintiennent une ambiance hivernale\" \/>\n<meta property=\"og:description\" content=\"La situation m\u00e9t\u00e9o s&#039;aggrave en Tunisie, avec des vents puissants, de la pluie et des chutes de neige sur les hauteurs.\" \/>\n<meta property=\"og:url\" content=\"https:\/\/www.webdo.tn\/fr\/actualite\/national\/tunisie-le-vent-se-renforce-pluie-et-neige-maintiennent-une-ambiance-hivernale\/395659\/\" \/>\n<meta property=\"og:site_name\" content=\"webdo\" \/>\n<meta property=\"article:publisher\" content=\"https:\/\/www.facebook.com\/webdotn\" \/>\n<meta property=\"article:published_time\" content=\"2026-04-02T08:40:59+00:00\" \/>\n<meta property=\"article:modified_time\" content=\"2026-04-02T10:42:21+00:00\" \/>\n<meta property=\"og:image\" content=\"https:\/\/www.webdo.tn\/fr\/wp-content\/uploads\/2025\/09\/pluie-1.jpg\" \/>\n\t<meta property=\"og:image:width\" content=\"1200\" \/>\n\t<meta property=\"og:image:height\" content=\"600\" \/>\n\t<meta property=\"og:image:type\" content=\"image\/jpeg\" \/>\n<meta name=\"author\" content=\"Mohamed Fethi\" \/>\n<meta name=\"twitter:card\" content=\"summary_large_image\" \/>\n<meta name=\"twitter:creator\" content=\"@webdo_tn\" \/>\n<meta name=\"twitter:site\" content=\"@webdo_tn\" \/>\n<meta name=\"twitter:label1\" content=\"\u00c9crit par\" \/>\n\t<meta name=\"twitter:data1\" content=\"Mohamed Fethi\" \/>\n\t<meta name=\"twitter:label2\" content=\"Dur\u00e9e de lecture estim\u00e9e\" \/>\n\t<meta name=\"twitter:data2\" content=\"2 minutes\" \/>\n<script type=\"application\/ld+json\" class=\"yoast-schema-graph\">{\"@context\":\"https:\\\/\\\/schema.org\",\"@graph\":[{\"@type\":\"NewsArticle\",\"@id\":\"https:\\\/\\\/www.webdo.tn\\\/fr\\\/actualite\\\/national\\\/tunisie-le-vent-se-renforce-pluie-et-neige-maintiennent-une-ambiance-hivernale\\\/395659\\\/#article\",\"isPartOf\":{\"@id\":\"https:\\\/\\\/www.webdo.tn\\\/fr\\\/actualite\\\/national\\\/tunisie-le-vent-se-renforce-pluie-et-neige-maintiennent-une-ambiance-hivernale\\\/395659\\\/\"},\"author\":{\"name\":\"Mohamed Fethi\",\"@id\":\"https:\\\/\\\/www.webdo.tn\\\/fr\\\/#\\\/schema\\\/person\\\/16a4857e77dfc0b610c4c2cadffc9ac4\"},\"headline\":\"Tunisie : Le vent se renforce, pluie et neige maintiennent une ambiance hivernale\",\"datePublished\":\"2026-04-02T08:40:59+00:00\",\"dateModified\":\"2026-04-02T10:42:21+00:00\",\"mainEntityOfPage\":{\"@id\":\"https:\\\/\\\/www.webdo.tn\\\/fr\\\/actualite\\\/national\\\/tunisie-le-vent-se-renforce-pluie-et-neige-maintiennent-une-ambiance-hivernale\\\/395659\\\/\"},\"wordCount\":274,\"publisher\":{\"@id\":\"https:\\\/\\\/www.webdo.tn\\\/fr\\\/#organization\"},\"image\":{\"@id\":\"https:\\\/\\\/www.webdo.tn\\\/fr\\\/actualite\\\/national\\\/tunisie-le-vent-se-renforce-pluie-et-neige-maintiennent-une-ambiance-hivernale\\\/395659\\\/#primaryimage\"},\"thumbnailUrl\":\"https:\\\/\\\/www.webdo.tn\\\/fr\\\/wp-content\\\/uploads\\\/2025\\\/09\\\/pluie-1.jpg\",\"keywords\":[\"m\u00e9t\u00e9o\",\"neige\",\"Pluie\",\"Tunisie\",\"Vent\"],\"articleSection\":[\"National\"],\"inLanguage\":\"fr-FR\"},{\"@type\":\"WebPage\",\"@id\":\"https:\\\/\\\/www.webdo.tn\\\/fr\\\/actualite\\\/national\\\/tunisie-le-vent-se-renforce-pluie-et-neige-maintiennent-une-ambiance-hivernale\\\/395659\\\/\",\"url\":\"https:\\\/\\\/www.webdo.tn\\\/fr\\\/actualite\\\/national\\\/tunisie-le-vent-se-renforce-pluie-et-neige-maintiennent-une-ambiance-hivernale\\\/395659\\\/\",\"name\":\"Tunisie : Le vent se renforce, pluie et neige maintiennent une ambiance hivernale - webdo\",\"isPartOf\":{\"@id\":\"https:\\\/\\\/www.webdo.tn\\\/fr\\\/#website\"},\"primaryImageOfPage\":{\"@id\":\"https:\\\/\\\/www.webdo.tn\\\/fr\\\/actualite\\\/national\\\/tunisie-le-vent-se-renforce-pluie-et-neige-maintiennent-une-ambiance-hivernale\\\/395659\\\/#primaryimage\"},\"image\":{\"@id\":\"https:\\\/\\\/www.webdo.tn\\\/fr\\\/actualite\\\/national\\\/tunisie-le-vent-se-renforce-pluie-et-neige-maintiennent-une-ambiance-hivernale\\\/395659\\\/#primaryimage\"},\"thumbnailUrl\":\"https:\\\/\\\/www.webdo.tn\\\/fr\\\/wp-content\\\/uploads\\\/2025\\\/09\\\/pluie-1.jpg\",\"datePublished\":\"2026-04-02T08:40:59+00:00\",\"dateModified\":\"2026-04-02T10:42:21+00:00\",\"description\":\"La situation m\u00e9t\u00e9o s'aggrave en Tunisie, avec des vents puissants, de la pluie et des chutes de neige sur les hauteurs.\",\"breadcrumb\":{\"@id\":\"https:\\\/\\\/www.webdo.tn\\\/fr\\\/actualite\\\/national\\\/tunisie-le-vent-se-renforce-pluie-et-neige-maintiennent-une-ambiance-hivernale\\\/395659\\\/#breadcrumb\"},\"inLanguage\":\"fr-FR\",\"potentialAction\":[{\"@type\":\"ReadAction\",\"target\":[\"https:\\\/\\\/www.webdo.tn\\\/fr\\\/actualite\\\/national\\\/tunisie-le-vent-se-renforce-pluie-et-neige-maintiennent-une-ambiance-hivernale\\\/395659\\\/\"]}]},{\"@type\":\"ImageObject\",\"inLanguage\":\"fr-FR\",\"@id\":\"https:\\\/\\\/www.webdo.tn\\\/fr\\\/actualite\\\/national\\\/tunisie-le-vent-se-renforce-pluie-et-neige-maintiennent-une-ambiance-hivernale\\\/395659\\\/#primaryimage\",\"url\":\"https:\\\/\\\/www.webdo.tn\\\/fr\\\/wp-content\\\/uploads\\\/2025\\\/09\\\/pluie-1.jpg\",\"contentUrl\":\"https:\\\/\\\/www.webdo.tn\\\/fr\\\/wp-content\\\/uploads\\\/2025\\\/09\\\/pluie-1.jpg\",\"width\":1200,\"height\":600,\"caption\":\"Tunisie : Pluies et baisse des temp\u00e9ratures attendues d\u00e8s dimanche\"},{\"@type\":\"BreadcrumbList\",\"@id\":\"https:\\\/\\\/www.webdo.tn\\\/fr\\\/actualite\\\/national\\\/tunisie-le-vent-se-renforce-pluie-et-neige-maintiennent-une-ambiance-hivernale\\\/395659\\\/#breadcrumb\",\"itemListElement\":[{\"@type\":\"ListItem\",\"position\":1,\"name\":\"Accueil\",\"item\":\"https:\\\/\\\/www.webdo.tn\\\/fr\\\/\"},{\"@type\":\"ListItem\",\"position\":2,\"name\":\"Tunisie : Le vent se renforce, pluie et neige maintiennent une ambiance hivernale\"}]},{\"@type\":\"WebSite\",\"@id\":\"https:\\\/\\\/www.webdo.tn\\\/fr\\\/#website\",\"url\":\"https:\\\/\\\/www.webdo.tn\\\/fr\\\/\",\"name\":\"webdo\",\"description\":\"Tunisie - News en Tunisie et \u00e0 l&#039;international sur Webdo.tn\",\"publisher\":{\"@id\":\"https:\\\/\\\/www.webdo.tn\\\/fr\\\/#organization\"},\"potentialAction\":[{\"@type\":\"SearchAction\",\"target\":{\"@type\":\"EntryPoint\",\"urlTemplate\":\"https:\\\/\\\/www.webdo.tn\\\/fr\\\/?s={search_term_string}\"},\"query-input\":{\"@type\":\"PropertyValueSpecification\",\"valueRequired\":true,\"valueName\":\"search_term_string\"}}],\"inLanguage\":\"fr-FR\"},{\"@type\":\"Organization\",\"@id\":\"https:\\\/\\\/www.webdo.tn\\\/fr\\\/#organization\",\"name\":\"Webdo\",\"alternateName\":\"Webdo.tn\",\"url\":\"https:\\\/\\\/www.webdo.tn\\\/fr\\\/\",\"logo\":{\"@type\":\"ImageObject\",\"inLanguage\":\"fr-FR\",\"@id\":\"https:\\\/\\\/www.webdo.tn\\\/fr\\\/#\\\/schema\\\/logo\\\/image\\\/\",\"url\":\"https:\\\/\\\/www.webdo.tn\\\/fr\\\/wp-content\\\/uploads\\\/2025\\\/06\\\/Webdo-Tunisie_168377.jpg\",\"contentUrl\":\"https:\\\/\\\/www.webdo.tn\\\/fr\\\/wp-content\\\/uploads\\\/2025\\\/06\\\/Webdo-Tunisie_168377.jpg\",\"width\":301,\"height\":301,\"caption\":\"Webdo\"},\"image\":{\"@id\":\"https:\\\/\\\/www.webdo.tn\\\/fr\\\/#\\\/schema\\\/logo\\\/image\\\/\"},\"sameAs\":[\"https:\\\/\\\/www.facebook.com\\\/webdotn\",\"https:\\\/\\\/x.com\\\/webdo_tn\"],\"description\":\"Webdo est un m\u00e9dia num\u00e9rique tunisien fond\u00e9 en 2010, sp\u00e9cialis\u00e9 dans l\u2019actualit\u00e9 nationale et internationale, l\u2019\u00e9conomie, la soci\u00e9t\u00e9 et les analyses politiques. Le site s\u2019adresse \u00e0 un large public francophone et couvre l\u2019information tunisienne en temps r\u00e9el.\",\"email\":\"redac@webdo.tn\",\"legalName\":\"YNJ SARL\",\"foundingDate\":\"2010-09-06\",\"numberOfEmployees\":{\"@type\":\"QuantitativeValue\",\"minValue\":\"11\",\"maxValue\":\"50\"}},{\"@type\":\"Person\",\"@id\":\"https:\\\/\\\/www.webdo.tn\\\/fr\\\/#\\\/schema\\\/person\\\/16a4857e77dfc0b610c4c2cadffc9ac4\",\"name\":\"Mohamed Fethi\",\"image\":{\"@type\":\"ImageObject\",\"inLanguage\":\"fr-FR\",\"@id\":\"https:\\\/\\\/www.webdo.tn\\\/fr\\\/wp-content\\\/uploads\\\/2026\\\/04\\\/mohamed-fethi_avatar_1-96x96.jpg\",\"url\":\"https:\\\/\\\/www.webdo.tn\\\/fr\\\/wp-content\\\/uploads\\\/2026\\\/04\\\/mohamed-fethi_avatar_1-96x96.jpg\",\"contentUrl\":\"https:\\\/\\\/www.webdo.tn\\\/fr\\\/wp-content\\\/uploads\\\/2026\\\/04\\\/mohamed-fethi_avatar_1-96x96.jpg\",\"caption\":\"Mohamed Fethi\"},\"description\":\"Signature \u00e9ditoriale de Maher Chaabane Mohamed Fethi est le pseudonyme \u00e9ditorial de Maher Chaabane, r\u00e9dacteur en chef de Webdo.tn depuis 2012. Cette signature est d\u00e9di\u00e9e au traitement intensif de l'actualit\u00e9 nationale et internationale en temps r\u00e9el. S'appuyant sur les deux d\u00e9cennies d'expertise journalistique de Maher Chaabane \u2014 d\u00e9but\u00e9e au sein du groupe Tunis Hebdo en 2000 \u2014 Mohamed Fethi assure une veille rigoureuse sur les enjeux politiques, \u00e9conomiques et sportifs. Sa mission est de garantir une information structur\u00e9e, fluide et fid\u00e8le aux standards de la r\u00e9daction. Pour consulter le parcours complet du r\u00e9dacteur en chef, visitez le profil officiel de Maher Chaabane.\",\"knowsAbout\":[\"actualit\u00e9\",\"journalisme\",\"information\",\"politique\",\"sport\",\"m\u00e9dias\",\"actualit\u00e9 internationale\"],\"knowsLanguage\":[\"Fran\u00e7ais\",\"Arabe\"],\"jobTitle\":\"Journaliste \u2013 R\u00e9daction Webdo\",\"worksFor\":\"Webdo.tn\",\"url\":\"https:\\\/\\\/www.webdo.tn\\\/fr\\\/actualite\\\/author\\\/mohamed-fethi\\\/\"}]}<\/script>\n<!-- \/ Yoast SEO Premium plugin. -->","yoast_head_json":{"title":"Tunisie : Le vent se renforce, pluie et neige maintiennent une ambiance hivernale - webdo","description":"La situation m\u00e9t\u00e9o s'aggrave en Tunisie, avec des vents puissants, de la pluie et des chutes de neige sur les hauteurs.","canonical":"https:\/\/www.webdo.tn\/fr\/actualite\/national\/tunisie-le-vent-se-renforce-pluie-et-neige-maintiennent-une-ambiance-hivernale\/395659\/","og_locale":"fr_FR","og_type":"article","og_title":"Tunisie : Le vent se renforce, pluie et neige maintiennent une ambiance hivernale","og_description":"La situation m\u00e9t\u00e9o s'aggrave en Tunisie, avec des vents puissants, de la pluie et des chutes de neige sur les hauteurs.","og_url":"https:\/\/www.webdo.tn\/fr\/actualite\/national\/tunisie-le-vent-se-renforce-pluie-et-neige-maintiennent-une-ambiance-hivernale\/395659\/","og_site_name":"webdo","article_publisher":"https:\/\/www.facebook.com\/webdotn","article_published_time":"2026-04-02T08:40:59+00:00","article_modified_time":"2026-04-02T10:42:21+00:00","og_image":[{"width":1200,"height":600,"url":"https:\/\/www.webdo.tn\/fr\/wp-content\/uploads\/2025\/09\/pluie-1.jpg","type":"image\/jpeg"}],"author":"Mohamed Fethi","twitter_card":"summary_large_image","twitter_creator":"@webdo_tn","twitter_site":"@webdo_tn","twitter_misc":{"\u00c9crit par":"Mohamed Fethi","Dur\u00e9e de lecture estim\u00e9e":"2 minutes"},"schema":{"@context":"https:\/\/schema.org","@graph":[{"@type":"NewsArticle","@id":"https:\/\/www.webdo.tn\/fr\/actualite\/national\/tunisie-le-vent-se-renforce-pluie-et-neige-maintiennent-une-ambiance-hivernale\/395659\/#article","isPartOf":{"@id":"https:\/\/www.webdo.tn\/fr\/actualite\/national\/tunisie-le-vent-se-renforce-pluie-et-neige-maintiennent-une-ambiance-hivernale\/395659\/"},"author":{"name":"Mohamed Fethi","@id":"https:\/\/www.webdo.tn\/fr\/#\/schema\/person\/16a4857e77dfc0b610c4c2cadffc9ac4"},"headline":"Tunisie : Le vent se renforce, pluie et neige maintiennent une ambiance hivernale","datePublished":"2026-04-02T08:40:59+00:00","dateModified":"2026-04-02T10:42:21+00:00","mainEntityOfPage":{"@id":"https:\/\/www.webdo.tn\/fr\/actualite\/national\/tunisie-le-vent-se-renforce-pluie-et-neige-maintiennent-une-ambiance-hivernale\/395659\/"},"wordCount":274,"publisher":{"@id":"https:\/\/www.webdo.tn\/fr\/#organization"},"image":{"@id":"https:\/\/www.webdo.tn\/fr\/actualite\/national\/tunisie-le-vent-se-renforce-pluie-et-neige-maintiennent-une-ambiance-hivernale\/395659\/#primaryimage"},"thumbnailUrl":"https:\/\/www.webdo.tn\/fr\/wp-content\/uploads\/2025\/09\/pluie-1.jpg","keywords":["m\u00e9t\u00e9o","neige","Pluie","Tunisie","Vent"],"articleSection":["National"],"inLanguage":"fr-FR"},{"@type":"WebPage","@id":"https:\/\/www.webdo.tn\/fr\/actualite\/national\/tunisie-le-vent-se-renforce-pluie-et-neige-maintiennent-une-ambiance-hivernale\/395659\/","url":"https:\/\/www.webdo.tn\/fr\/actualite\/national\/tunisie-le-vent-se-renforce-pluie-et-neige-maintiennent-une-ambiance-hivernale\/395659\/","name":"Tunisie : Le vent se renforce, pluie et neige maintiennent une ambiance hivernale - webdo","isPartOf":{"@id":"https:\/\/www.webdo.tn\/fr\/#website"},"primaryImageOfPage":{"@id":"https:\/\/www.webdo.tn\/fr\/actualite\/national\/tunisie-le-vent-se-renforce-pluie-et-neige-maintiennent-une-ambiance-hivernale\/395659\/#primaryimage"},"image":{"@id":"https:\/\/www.webdo.tn\/fr\/actualite\/national\/tunisie-le-vent-se-renforce-pluie-et-neige-maintiennent-une-ambiance-hivernale\/395659\/#primaryimage"},"thumbnailUrl":"https:\/\/www.webdo.tn\/fr\/wp-content\/uploads\/2025\/09\/pluie-1.jpg","datePublished":"2026-04-02T08:40:59+00:00","dateModified":"2026-04-02T10:42:21+00:00","description":"La situation m\u00e9t\u00e9o s'aggrave en Tunisie, avec des vents puissants, de la pluie et des chutes de neige sur les hauteurs.","breadcrumb":{"@id":"https:\/\/www.webdo.tn\/fr\/actualite\/national\/tunisie-le-vent-se-renforce-pluie-et-neige-maintiennent-une-ambiance-hivernale\/395659\/#breadcrumb"},"inLanguage":"fr-FR","potentialAction":[{"@type":"ReadAction","target":["https:\/\/www.webdo.tn\/fr\/actualite\/national\/tunisie-le-vent-se-renforce-pluie-et-neige-maintiennent-une-ambiance-hivernale\/395659\/"]}]},{"@type":"ImageObject","inLanguage":"fr-FR","@id":"https:\/\/www.webdo.tn\/fr\/actualite\/national\/tunisie-le-vent-se-renforce-pluie-et-neige-maintiennent-une-ambiance-hivernale\/395659\/#primaryimage","url":"https:\/\/www.webdo.tn\/fr\/wp-content\/uploads\/2025\/09\/pluie-1.jpg","contentUrl":"https:\/\/www.webdo.tn\/fr\/wp-content\/uploads\/2025\/09\/pluie-1.jpg","width":1200,"height":600,"caption":"Tunisie : Pluies et baisse des temp\u00e9ratures attendues d\u00e8s dimanche"},{"@type":"BreadcrumbList","@id":"https:\/\/www.webdo.tn\/fr\/actualite\/national\/tunisie-le-vent-se-renforce-pluie-et-neige-maintiennent-une-ambiance-hivernale\/395659\/#breadcrumb","itemListElement":[{"@type":"ListItem","position":1,"name":"Accueil","item":"https:\/\/www.webdo.tn\/fr\/"},{"@type":"ListItem","position":2,"name":"Tunisie : Le vent se renforce, pluie et neige maintiennent une ambiance hivernale"}]},{"@type":"WebSite","@id":"https:\/\/www.webdo.tn\/fr\/#website","url":"https:\/\/www.webdo.tn\/fr\/","name":"webdo","description":"Tunisie - News en Tunisie et \u00e0 l&#039;international sur Webdo.tn","publisher":{"@id":"https:\/\/www.webdo.tn\/fr\/#organization"},"potentialAction":[{"@type":"SearchAction","target":{"@type":"EntryPoint","urlTemplate":"https:\/\/www.webdo.tn\/fr\/?s={search_term_string}"},"query-input":{"@type":"PropertyValueSpecification","valueRequired":true,"valueName":"search_term_string"}}],"inLanguage":"fr-FR"},{"@type":"Organization","@id":"https:\/\/www.webdo.tn\/fr\/#organization","name":"Webdo","alternateName":"Webdo.tn","url":"https:\/\/www.webdo.tn\/fr\/","logo":{"@type":"ImageObject","inLanguage":"fr-FR","@id":"https:\/\/www.webdo.tn\/fr\/#\/schema\/logo\/image\/","url":"https:\/\/www.webdo.tn\/fr\/wp-content\/uploads\/2025\/06\/Webdo-Tunisie_168377.jpg","contentUrl":"https:\/\/www.webdo.tn\/fr\/wp-content\/uploads\/2025\/06\/Webdo-Tunisie_168377.jpg","width":301,"height":301,"caption":"Webdo"},"image":{"@id":"https:\/\/www.webdo.tn\/fr\/#\/schema\/logo\/image\/"},"sameAs":["https:\/\/www.facebook.com\/webdotn","https:\/\/x.com\/webdo_tn"],"description":"Webdo est un m\u00e9dia num\u00e9rique tunisien fond\u00e9 en 2010, sp\u00e9cialis\u00e9 dans l\u2019actualit\u00e9 nationale et internationale, l\u2019\u00e9conomie, la soci\u00e9t\u00e9 et les analyses politiques. Le site s\u2019adresse \u00e0 un large public francophone et couvre l\u2019information tunisienne en temps r\u00e9el.","email":"redac@webdo.tn","legalName":"YNJ SARL","foundingDate":"2010-09-06","numberOfEmployees":{"@type":"QuantitativeValue","minValue":"11","maxValue":"50"}},{"@type":"Person","@id":"https:\/\/www.webdo.tn\/fr\/#\/schema\/person\/16a4857e77dfc0b610c4c2cadffc9ac4","name":"Mohamed Fethi","image":{"@type":"ImageObject","inLanguage":"fr-FR","@id":"https:\/\/www.webdo.tn\/fr\/wp-content\/uploads\/2026\/04\/mohamed-fethi_avatar_1-96x96.jpg","url":"https:\/\/www.webdo.tn\/fr\/wp-content\/uploads\/2026\/04\/mohamed-fethi_avatar_1-96x96.jpg","contentUrl":"https:\/\/www.webdo.tn\/fr\/wp-content\/uploads\/2026\/04\/mohamed-fethi_avatar_1-96x96.jpg","caption":"Mohamed Fethi"},"description":"Signature \u00e9ditoriale de Maher Chaabane Mohamed Fethi est le pseudonyme \u00e9ditorial de Maher Chaabane, r\u00e9dacteur en chef de Webdo.tn depuis 2012. Cette signature est d\u00e9di\u00e9e au traitement intensif de l'actualit\u00e9 nationale et internationale en temps r\u00e9el. S'appuyant sur les deux d\u00e9cennies d'expertise journalistique de Maher Chaabane \u2014 d\u00e9but\u00e9e au sein du groupe Tunis Hebdo en 2000 \u2014 Mohamed Fethi assure une veille rigoureuse sur les enjeux politiques, \u00e9conomiques et sportifs. Sa mission est de garantir une information structur\u00e9e, fluide et fid\u00e8le aux standards de la r\u00e9daction. Pour consulter le parcours complet du r\u00e9dacteur en chef, visitez le profil officiel de Maher Chaabane.","knowsAbout":["actualit\u00e9","journalisme","information","politique","sport","m\u00e9dias","actualit\u00e9 internationale"],"knowsLanguage":["Fran\u00e7ais","Arabe"],"jobTitle":"Journaliste \u2013 R\u00e9daction Webdo","worksFor":"Webdo.tn","url":"https:\/\/www.webdo.tn\/fr\/actualite\/author\/mohamed-fethi\/"}]}},"_links":{"self":[{"href":"https:\/\/www.webdo.tn\/fr\/wp-json\/wp\/v2\/posts\/395659","targetHints":{"allow":["GET"]}}],"collection":[{"href":"https:\/\/www.webdo.tn\/fr\/wp-json\/wp\/v2\/posts"}],"about":[{"href":"https:\/\/www.webdo.tn\/fr\/wp-json\/wp\/v2\/types\/post"}],"author":[{"embeddable":true,"href":"https:\/\/www.webdo.tn\/fr\/wp-json\/wp\/v2\/users\/4782"}],"replies":[{"embeddable":true,"href":"https:\/\/www.webdo.tn\/fr\/wp-json\/wp\/v2\/comments?post=395659"}],"version-history":[{"count":0,"href":"https:\/\/www.webdo.tn\/fr\/wp-json\/wp\/v2\/posts\/395659\/revisions"}],"wp:featuredmedia":[{"embeddable":true,"href":"https:\/\/www.webdo.tn\/fr\/wp-json\/wp\/v2\/media\/384069"}],"wp:attachment":[{"href":"https:\/\/www.webdo.tn\/fr\/wp-json\/wp\/v2\/media?parent=395659"}],"wp:term":[{"taxonomy":"category","embeddable":true,"href":"https:\/\/www.webdo.tn\/fr\/wp-json\/wp\/v2\/categories?post=395659"},{"taxonomy":"post_tag","embeddable":true,"href":"https:\/\/www.webdo.tn\/fr\/wp-json\/wp\/v2\/tags?post=395659"}],"curies":[{"name":"wp","href":"https:\/\/api.w.org\/{rel}","templated":true}]}}