{"id":394789,"date":"2026-03-17T18:41:37","date_gmt":"2026-03-17T17:41:37","guid":{"rendered":"https:\/\/www.webdo.tn\/fr\/?p=394789"},"modified":"2026-03-17T18:41:40","modified_gmt":"2026-03-17T17:41:40","slug":"grace-presidentielle-1473-detenus-liberes-et-416-admis-a-la-liberte-conditionnelle","status":"publish","type":"post","link":"https:\/\/www.webdo.tn\/fr\/actualite\/national\/grace-presidentielle-1473-detenus-liberes-et-416-admis-a-la-liberte-conditionnelle\/394789\/","title":{"rendered":"Gr\u00e2ce pr\u00e9sidentielle : 1473 d\u00e9tenus lib\u00e9r\u00e9s et 416 admis \u00e0 la libert\u00e9 conditionnelle"},"content":{"rendered":"\n<p>\u00c0 l\u2019occasion de A\u00efd el-Fitr et du 70e anniversaire de F\u00eate de l\u2019Ind\u00e9pendance de la Tunisie, le pr\u00e9sident de la R\u00e9publique Ka\u00efs Sa\u00efed a d\u00e9cid\u00e9 d\u2019accorder une gr\u00e2ce pr\u00e9sidentielle au profit de plusieurs d\u00e9tenus.<\/p>\n\n\n\n<p>Selon les donn\u00e9es communiqu\u00e9es, cette mesure permettra la lib\u00e9ration de 1473 prisonniers, tandis que 835 autres b\u00e9n\u00e9ficieront d\u2019une r\u00e9duction de leur peine. En parall\u00e8le, 416 d\u00e9tenus suppl\u00e9mentaires seront admis au r\u00e9gime de la lib\u00e9ration conditionnelle, sur instruction du chef de l\u2019\u00c9tat.<\/p>\n\n\n\n<h2 class=\"wp-block-heading\" id=\"h-une-mesure-liee-aux-celebrations-nationales\">Une mesure li\u00e9e aux c\u00e9l\u00e9brations nationales<\/h2>\n\n\n\n<p>Cette d\u00e9cision intervient dans un contexte marqu\u00e9 par les c\u00e9l\u00e9brations conjointes de l\u2019A\u00efd et de l\u2019Ind\u00e9pendance, deux dates symboliques du calendrier tunisien. Comme de tradition, les autorit\u00e9s proc\u00e8dent \u00e0 des mesures de gr\u00e2ce visant \u00e0 all\u00e9ger la population carc\u00e9rale et \u00e0 offrir une seconde chance \u00e0 certains d\u00e9tenus remplissant les conditions requises.<\/p>\n\n\n\n<p>Au total, ce sont plus de 2700 d\u00e9tenus qui sont concern\u00e9s, entre lib\u00e9rations, r\u00e9ductions de peines et mesures de libert\u00e9 conditionnelle.<\/p>\n\n\n\n<blockquote class=\"wp-block-quote is-layout-flow wp-block-quote-is-layout-flow\">\n<blockquote class=\"wp-block-quote is-layout-flow wp-block-quote-is-layout-flow\">\n<p><strong>Lire aussi:<\/strong><\/p>\n\n\n\n<ul class=\"wp-block-list\">\n<li class=\"has-medium-font-size\"><a href=\"https:\/\/www.webdo.tn\/fr\/actualite\/national\/fete-de-la-revolution-kais-saied-accorde-une-grace-presidentielle-a-2014-detenus\/389598\/\">F\u00eate de la R\u00e9volution : Ka\u00efs Sa\u00efed accorde une gr\u00e2ce pr\u00e9sidentielle \u00e0 2014 d\u00e9tenus<\/a><\/li>\n<\/ul>\n<\/blockquote>\n<\/blockquote>\n","protected":false},"excerpt":{"rendered":"<p>\u00c0 l\u2019occasion de A\u00efd el-Fitr et du 70e anniversaire de F\u00eate de l\u2019Ind\u00e9pendance de la Tunisie, le pr\u00e9sident de la R\u00e9publique Ka\u00efs Sa\u00efed a d\u00e9cid\u00e9 d\u2019accorder une gr\u00e2ce pr\u00e9sidentielle au profit de plusieurs d\u00e9tenus. Selon les donn\u00e9es communiqu\u00e9es, cette mesure permettra la lib\u00e9ration de 1473 prisonniers, tandis que 835 autres b\u00e9n\u00e9ficieront d\u2019une r\u00e9duction de leur [&hellip;]<\/p>\n","protected":false},"author":3203,"featured_media":389599,"comment_status":"closed","ping_status":"closed","sticky":false,"template":"","format":"standard","meta":{"footnotes":""},"categories":[44],"tags":[13111,2608],"class_list":["post-394789","post","type-post","status-publish","format-standard","has-post-thumbnail","hentry","category-national","tag-grace-presidentielle-2","tag-tunisie"],"yoast_head":"<!-- This site is optimized with the Yoast SEO Premium plugin v27.5 (Yoast SEO v27.5) - https:\/\/yoast.com\/product\/yoast-seo-premium-wordpress\/ -->\n<title>Gr\u00e2ce pr\u00e9sidentielle : 1473 d\u00e9tenus lib\u00e9r\u00e9s et 416 admis \u00e0 la libert\u00e9 conditionnelle - webdo<\/title>\n<meta name=\"description\" content=\"Le pr\u00e9sident Ka\u00efs Sa\u00efed accorde une gr\u00e2ce pr\u00e9sidentielle : 1473 d\u00e9tenus lib\u00e9r\u00e9s et 416 en lib\u00e9ration conditionnelle.\" \/>\n<link rel=\"canonical\" href=\"https:\/\/www.webdo.tn\/fr\/actualite\/national\/grace-presidentielle-1473-detenus-liberes-et-416-admis-a-la-liberte-conditionnelle\/394789\/\" \/>\n<meta property=\"og:locale\" content=\"fr_FR\" \/>\n<meta property=\"og:type\" content=\"article\" \/>\n<meta property=\"og:title\" content=\"Gr\u00e2ce pr\u00e9sidentielle : 1473 d\u00e9tenus lib\u00e9r\u00e9s et 416 admis \u00e0 la libert\u00e9 conditionnelle\" \/>\n<meta property=\"og:description\" content=\"Le pr\u00e9sident Ka\u00efs Sa\u00efed accorde une gr\u00e2ce pr\u00e9sidentielle : 1473 d\u00e9tenus lib\u00e9r\u00e9s et 416 en lib\u00e9ration conditionnelle.\" \/>\n<meta property=\"og:url\" content=\"https:\/\/www.webdo.tn\/fr\/actualite\/national\/grace-presidentielle-1473-detenus-liberes-et-416-admis-a-la-liberte-conditionnelle\/394789\/\" \/>\n<meta property=\"og:site_name\" content=\"webdo\" \/>\n<meta property=\"article:publisher\" content=\"https:\/\/www.facebook.com\/webdotn\" \/>\n<meta property=\"article:published_time\" content=\"2026-03-17T17:41:37+00:00\" \/>\n<meta property=\"article:modified_time\" content=\"2026-03-17T17:41:40+00:00\" \/>\n<meta property=\"og:image\" content=\"https:\/\/www.webdo.tn\/fr\/wp-content\/uploads\/2025\/12\/kais-saied-decret-.jpg\" \/>\n\t<meta property=\"og:image:width\" content=\"1200\" \/>\n\t<meta property=\"og:image:height\" content=\"600\" \/>\n\t<meta property=\"og:image:type\" content=\"image\/jpeg\" \/>\n<meta name=\"author\" content=\"Ramzi Haddad\" \/>\n<meta name=\"twitter:card\" content=\"summary_large_image\" \/>\n<meta name=\"twitter:creator\" content=\"@webdo_tn\" \/>\n<meta name=\"twitter:site\" content=\"@webdo_tn\" \/>\n<meta name=\"twitter:label1\" content=\"\u00c9crit par\" \/>\n\t<meta name=\"twitter:data1\" content=\"Ramzi Haddad\" \/>\n\t<meta name=\"twitter:label2\" content=\"Dur\u00e9e de lecture estim\u00e9e\" \/>\n\t<meta name=\"twitter:data2\" content=\"1 minute\" \/>\n<script type=\"application\/ld+json\" class=\"yoast-schema-graph\">{\"@context\":\"https:\\\/\\\/schema.org\",\"@graph\":[{\"@type\":\"NewsArticle\",\"@id\":\"https:\\\/\\\/www.webdo.tn\\\/fr\\\/actualite\\\/national\\\/grace-presidentielle-1473-detenus-liberes-et-416-admis-a-la-liberte-conditionnelle\\\/394789\\\/#article\",\"isPartOf\":{\"@id\":\"https:\\\/\\\/www.webdo.tn\\\/fr\\\/actualite\\\/national\\\/grace-presidentielle-1473-detenus-liberes-et-416-admis-a-la-liberte-conditionnelle\\\/394789\\\/\"},\"author\":{\"name\":\"Ramzi Haddad\",\"@id\":\"https:\\\/\\\/www.webdo.tn\\\/fr\\\/#\\\/schema\\\/person\\\/5663044c25eb36d8f88ba5b653f12f8c\"},\"headline\":\"Gr\u00e2ce pr\u00e9sidentielle : 1473 d\u00e9tenus lib\u00e9r\u00e9s et 416 admis \u00e0 la libert\u00e9 conditionnelle\",\"datePublished\":\"2026-03-17T17:41:37+00:00\",\"dateModified\":\"2026-03-17T17:41:40+00:00\",\"mainEntityOfPage\":{\"@id\":\"https:\\\/\\\/www.webdo.tn\\\/fr\\\/actualite\\\/national\\\/grace-presidentielle-1473-detenus-liberes-et-416-admis-a-la-liberte-conditionnelle\\\/394789\\\/\"},\"wordCount\":226,\"publisher\":{\"@id\":\"https:\\\/\\\/www.webdo.tn\\\/fr\\\/#organization\"},\"image\":{\"@id\":\"https:\\\/\\\/www.webdo.tn\\\/fr\\\/actualite\\\/national\\\/grace-presidentielle-1473-detenus-liberes-et-416-admis-a-la-liberte-conditionnelle\\\/394789\\\/#primaryimage\"},\"thumbnailUrl\":\"https:\\\/\\\/www.webdo.tn\\\/fr\\\/wp-content\\\/uploads\\\/2025\\\/12\\\/kais-saied-decret-.jpg\",\"keywords\":[\"Grace pr\u00e9sidentielle\",\"Tunisie\"],\"articleSection\":[\"National\"],\"inLanguage\":\"fr-FR\"},{\"@type\":\"WebPage\",\"@id\":\"https:\\\/\\\/www.webdo.tn\\\/fr\\\/actualite\\\/national\\\/grace-presidentielle-1473-detenus-liberes-et-416-admis-a-la-liberte-conditionnelle\\\/394789\\\/\",\"url\":\"https:\\\/\\\/www.webdo.tn\\\/fr\\\/actualite\\\/national\\\/grace-presidentielle-1473-detenus-liberes-et-416-admis-a-la-liberte-conditionnelle\\\/394789\\\/\",\"name\":\"Gr\u00e2ce pr\u00e9sidentielle : 1473 d\u00e9tenus lib\u00e9r\u00e9s et 416 admis \u00e0 la libert\u00e9 conditionnelle - webdo\",\"isPartOf\":{\"@id\":\"https:\\\/\\\/www.webdo.tn\\\/fr\\\/#website\"},\"primaryImageOfPage\":{\"@id\":\"https:\\\/\\\/www.webdo.tn\\\/fr\\\/actualite\\\/national\\\/grace-presidentielle-1473-detenus-liberes-et-416-admis-a-la-liberte-conditionnelle\\\/394789\\\/#primaryimage\"},\"image\":{\"@id\":\"https:\\\/\\\/www.webdo.tn\\\/fr\\\/actualite\\\/national\\\/grace-presidentielle-1473-detenus-liberes-et-416-admis-a-la-liberte-conditionnelle\\\/394789\\\/#primaryimage\"},\"thumbnailUrl\":\"https:\\\/\\\/www.webdo.tn\\\/fr\\\/wp-content\\\/uploads\\\/2025\\\/12\\\/kais-saied-decret-.jpg\",\"datePublished\":\"2026-03-17T17:41:37+00:00\",\"dateModified\":\"2026-03-17T17:41:40+00:00\",\"description\":\"Le pr\u00e9sident Ka\u00efs Sa\u00efed accorde une gr\u00e2ce pr\u00e9sidentielle : 1473 d\u00e9tenus lib\u00e9r\u00e9s et 416 en lib\u00e9ration conditionnelle.\",\"breadcrumb\":{\"@id\":\"https:\\\/\\\/www.webdo.tn\\\/fr\\\/actualite\\\/national\\\/grace-presidentielle-1473-detenus-liberes-et-416-admis-a-la-liberte-conditionnelle\\\/394789\\\/#breadcrumb\"},\"inLanguage\":\"fr-FR\",\"potentialAction\":[{\"@type\":\"ReadAction\",\"target\":[\"https:\\\/\\\/www.webdo.tn\\\/fr\\\/actualite\\\/national\\\/grace-presidentielle-1473-detenus-liberes-et-416-admis-a-la-liberte-conditionnelle\\\/394789\\\/\"]}]},{\"@type\":\"ImageObject\",\"inLanguage\":\"fr-FR\",\"@id\":\"https:\\\/\\\/www.webdo.tn\\\/fr\\\/actualite\\\/national\\\/grace-presidentielle-1473-detenus-liberes-et-416-admis-a-la-liberte-conditionnelle\\\/394789\\\/#primaryimage\",\"url\":\"https:\\\/\\\/www.webdo.tn\\\/fr\\\/wp-content\\\/uploads\\\/2025\\\/12\\\/kais-saied-decret-.jpg\",\"contentUrl\":\"https:\\\/\\\/www.webdo.tn\\\/fr\\\/wp-content\\\/uploads\\\/2025\\\/12\\\/kais-saied-decret-.jpg\",\"width\":1200,\"height\":600,\"caption\":\"F\u00eate de la R\u00e9volution : Ka\u00efs Sa\u00efed accorde une gr\u00e2ce pr\u00e9sidentielle \u00e0 2014 d\u00e9tenus\"},{\"@type\":\"BreadcrumbList\",\"@id\":\"https:\\\/\\\/www.webdo.tn\\\/fr\\\/actualite\\\/national\\\/grace-presidentielle-1473-detenus-liberes-et-416-admis-a-la-liberte-conditionnelle\\\/394789\\\/#breadcrumb\",\"itemListElement\":[{\"@type\":\"ListItem\",\"position\":1,\"name\":\"Accueil\",\"item\":\"https:\\\/\\\/www.webdo.tn\\\/fr\\\/\"},{\"@type\":\"ListItem\",\"position\":2,\"name\":\"Gr\u00e2ce pr\u00e9sidentielle : 1473 d\u00e9tenus lib\u00e9r\u00e9s et 416 admis \u00e0 la libert\u00e9 conditionnelle\"}]},{\"@type\":\"WebSite\",\"@id\":\"https:\\\/\\\/www.webdo.tn\\\/fr\\\/#website\",\"url\":\"https:\\\/\\\/www.webdo.tn\\\/fr\\\/\",\"name\":\"webdo\",\"description\":\"Tunisie - News en Tunisie et \u00e0 l&#039;international sur Webdo.tn\",\"publisher\":{\"@id\":\"https:\\\/\\\/www.webdo.tn\\\/fr\\\/#organization\"},\"potentialAction\":[{\"@type\":\"SearchAction\",\"target\":{\"@type\":\"EntryPoint\",\"urlTemplate\":\"https:\\\/\\\/www.webdo.tn\\\/fr\\\/?s={search_term_string}\"},\"query-input\":{\"@type\":\"PropertyValueSpecification\",\"valueRequired\":true,\"valueName\":\"search_term_string\"}}],\"inLanguage\":\"fr-FR\"},{\"@type\":\"Organization\",\"@id\":\"https:\\\/\\\/www.webdo.tn\\\/fr\\\/#organization\",\"name\":\"Webdo\",\"alternateName\":\"Webdo.tn\",\"url\":\"https:\\\/\\\/www.webdo.tn\\\/fr\\\/\",\"logo\":{\"@type\":\"ImageObject\",\"inLanguage\":\"fr-FR\",\"@id\":\"https:\\\/\\\/www.webdo.tn\\\/fr\\\/#\\\/schema\\\/logo\\\/image\\\/\",\"url\":\"https:\\\/\\\/www.webdo.tn\\\/fr\\\/wp-content\\\/uploads\\\/2025\\\/06\\\/Webdo-Tunisie_168377.jpg\",\"contentUrl\":\"https:\\\/\\\/www.webdo.tn\\\/fr\\\/wp-content\\\/uploads\\\/2025\\\/06\\\/Webdo-Tunisie_168377.jpg\",\"width\":301,\"height\":301,\"caption\":\"Webdo\"},\"image\":{\"@id\":\"https:\\\/\\\/www.webdo.tn\\\/fr\\\/#\\\/schema\\\/logo\\\/image\\\/\"},\"sameAs\":[\"https:\\\/\\\/www.facebook.com\\\/webdotn\",\"https:\\\/\\\/x.com\\\/webdo_tn\"],\"description\":\"Webdo est un m\u00e9dia num\u00e9rique tunisien fond\u00e9 en 2010, sp\u00e9cialis\u00e9 dans l\u2019actualit\u00e9 nationale et internationale, l\u2019\u00e9conomie, la soci\u00e9t\u00e9 et les analyses politiques. Le site s\u2019adresse \u00e0 un large public francophone et couvre l\u2019information tunisienne en temps r\u00e9el.\",\"email\":\"redac@webdo.tn\",\"legalName\":\"YNJ SARL\",\"foundingDate\":\"2010-09-06\",\"numberOfEmployees\":{\"@type\":\"QuantitativeValue\",\"minValue\":\"11\",\"maxValue\":\"50\"}},{\"@type\":\"Person\",\"@id\":\"https:\\\/\\\/www.webdo.tn\\\/fr\\\/#\\\/schema\\\/person\\\/5663044c25eb36d8f88ba5b653f12f8c\",\"name\":\"Ramzi Haddad\",\"image\":{\"@type\":\"ImageObject\",\"inLanguage\":\"fr-FR\",\"@id\":\"https:\\\/\\\/www.webdo.tn\\\/fr\\\/wp-content\\\/uploads\\\/2026\\\/04\\\/ramzi-haddad_avatar-96x96.jpg\",\"url\":\"https:\\\/\\\/www.webdo.tn\\\/fr\\\/wp-content\\\/uploads\\\/2026\\\/04\\\/ramzi-haddad_avatar-96x96.jpg\",\"contentUrl\":\"https:\\\/\\\/www.webdo.tn\\\/fr\\\/wp-content\\\/uploads\\\/2026\\\/04\\\/ramzi-haddad_avatar-96x96.jpg\",\"caption\":\"Ramzi Haddad\"},\"description\":\"Signature \u00e9ditoriale de Walid Ben Youssef Ramzi Haddad est le pseudonyme \u00e9ditorial de Walid Ben Youssef, fondateur et g\u00e9rant de Webdo.tn. Cette signature est d\u00e9di\u00e9e \u00e0 la couverture de l'actualit\u00e9 nationale et internationale, ainsi qu'aux analyses des dynamiques num\u00e9riques. Ce profil b\u00e9n\u00e9ficie de l'expertise de Walid Ben Youssef, pionnier du web en Tunisie depuis 2000 et dipl\u00f4m\u00e9 en Math\u00e9matiques pures de l'Universit\u00e9 d'Oregon. \u00c0 travers cette signature, la r\u00e9daction de Webdo garantit une information structur\u00e9e et v\u00e9rifi\u00e9e, fid\u00e8le aux standards journalistiques du m\u00e9dia.\",\"url\":\"https:\\\/\\\/www.webdo.tn\\\/fr\\\/actualite\\\/author\\\/ramzi-haddad\\\/\"}]}<\/script>\n<!-- \/ Yoast SEO Premium plugin. -->","yoast_head_json":{"title":"Gr\u00e2ce pr\u00e9sidentielle : 1473 d\u00e9tenus lib\u00e9r\u00e9s et 416 admis \u00e0 la libert\u00e9 conditionnelle - webdo","description":"Le pr\u00e9sident Ka\u00efs Sa\u00efed accorde une gr\u00e2ce pr\u00e9sidentielle : 1473 d\u00e9tenus lib\u00e9r\u00e9s et 416 en lib\u00e9ration conditionnelle.","canonical":"https:\/\/www.webdo.tn\/fr\/actualite\/national\/grace-presidentielle-1473-detenus-liberes-et-416-admis-a-la-liberte-conditionnelle\/394789\/","og_locale":"fr_FR","og_type":"article","og_title":"Gr\u00e2ce pr\u00e9sidentielle : 1473 d\u00e9tenus lib\u00e9r\u00e9s et 416 admis \u00e0 la libert\u00e9 conditionnelle","og_description":"Le pr\u00e9sident Ka\u00efs Sa\u00efed accorde une gr\u00e2ce pr\u00e9sidentielle : 1473 d\u00e9tenus lib\u00e9r\u00e9s et 416 en lib\u00e9ration conditionnelle.","og_url":"https:\/\/www.webdo.tn\/fr\/actualite\/national\/grace-presidentielle-1473-detenus-liberes-et-416-admis-a-la-liberte-conditionnelle\/394789\/","og_site_name":"webdo","article_publisher":"https:\/\/www.facebook.com\/webdotn","article_published_time":"2026-03-17T17:41:37+00:00","article_modified_time":"2026-03-17T17:41:40+00:00","og_image":[{"width":1200,"height":600,"url":"https:\/\/www.webdo.tn\/fr\/wp-content\/uploads\/2025\/12\/kais-saied-decret-.jpg","type":"image\/jpeg"}],"author":"Ramzi Haddad","twitter_card":"summary_large_image","twitter_creator":"@webdo_tn","twitter_site":"@webdo_tn","twitter_misc":{"\u00c9crit par":"Ramzi Haddad","Dur\u00e9e de lecture estim\u00e9e":"1 minute"},"schema":{"@context":"https:\/\/schema.org","@graph":[{"@type":"NewsArticle","@id":"https:\/\/www.webdo.tn\/fr\/actualite\/national\/grace-presidentielle-1473-detenus-liberes-et-416-admis-a-la-liberte-conditionnelle\/394789\/#article","isPartOf":{"@id":"https:\/\/www.webdo.tn\/fr\/actualite\/national\/grace-presidentielle-1473-detenus-liberes-et-416-admis-a-la-liberte-conditionnelle\/394789\/"},"author":{"name":"Ramzi Haddad","@id":"https:\/\/www.webdo.tn\/fr\/#\/schema\/person\/5663044c25eb36d8f88ba5b653f12f8c"},"headline":"Gr\u00e2ce pr\u00e9sidentielle : 1473 d\u00e9tenus lib\u00e9r\u00e9s et 416 admis \u00e0 la libert\u00e9 conditionnelle","datePublished":"2026-03-17T17:41:37+00:00","dateModified":"2026-03-17T17:41:40+00:00","mainEntityOfPage":{"@id":"https:\/\/www.webdo.tn\/fr\/actualite\/national\/grace-presidentielle-1473-detenus-liberes-et-416-admis-a-la-liberte-conditionnelle\/394789\/"},"wordCount":226,"publisher":{"@id":"https:\/\/www.webdo.tn\/fr\/#organization"},"image":{"@id":"https:\/\/www.webdo.tn\/fr\/actualite\/national\/grace-presidentielle-1473-detenus-liberes-et-416-admis-a-la-liberte-conditionnelle\/394789\/#primaryimage"},"thumbnailUrl":"https:\/\/www.webdo.tn\/fr\/wp-content\/uploads\/2025\/12\/kais-saied-decret-.jpg","keywords":["Grace pr\u00e9sidentielle","Tunisie"],"articleSection":["National"],"inLanguage":"fr-FR"},{"@type":"WebPage","@id":"https:\/\/www.webdo.tn\/fr\/actualite\/national\/grace-presidentielle-1473-detenus-liberes-et-416-admis-a-la-liberte-conditionnelle\/394789\/","url":"https:\/\/www.webdo.tn\/fr\/actualite\/national\/grace-presidentielle-1473-detenus-liberes-et-416-admis-a-la-liberte-conditionnelle\/394789\/","name":"Gr\u00e2ce pr\u00e9sidentielle : 1473 d\u00e9tenus lib\u00e9r\u00e9s et 416 admis \u00e0 la libert\u00e9 conditionnelle - webdo","isPartOf":{"@id":"https:\/\/www.webdo.tn\/fr\/#website"},"primaryImageOfPage":{"@id":"https:\/\/www.webdo.tn\/fr\/actualite\/national\/grace-presidentielle-1473-detenus-liberes-et-416-admis-a-la-liberte-conditionnelle\/394789\/#primaryimage"},"image":{"@id":"https:\/\/www.webdo.tn\/fr\/actualite\/national\/grace-presidentielle-1473-detenus-liberes-et-416-admis-a-la-liberte-conditionnelle\/394789\/#primaryimage"},"thumbnailUrl":"https:\/\/www.webdo.tn\/fr\/wp-content\/uploads\/2025\/12\/kais-saied-decret-.jpg","datePublished":"2026-03-17T17:41:37+00:00","dateModified":"2026-03-17T17:41:40+00:00","description":"Le pr\u00e9sident Ka\u00efs Sa\u00efed accorde une gr\u00e2ce pr\u00e9sidentielle : 1473 d\u00e9tenus lib\u00e9r\u00e9s et 416 en lib\u00e9ration conditionnelle.","breadcrumb":{"@id":"https:\/\/www.webdo.tn\/fr\/actualite\/national\/grace-presidentielle-1473-detenus-liberes-et-416-admis-a-la-liberte-conditionnelle\/394789\/#breadcrumb"},"inLanguage":"fr-FR","potentialAction":[{"@type":"ReadAction","target":["https:\/\/www.webdo.tn\/fr\/actualite\/national\/grace-presidentielle-1473-detenus-liberes-et-416-admis-a-la-liberte-conditionnelle\/394789\/"]}]},{"@type":"ImageObject","inLanguage":"fr-FR","@id":"https:\/\/www.webdo.tn\/fr\/actualite\/national\/grace-presidentielle-1473-detenus-liberes-et-416-admis-a-la-liberte-conditionnelle\/394789\/#primaryimage","url":"https:\/\/www.webdo.tn\/fr\/wp-content\/uploads\/2025\/12\/kais-saied-decret-.jpg","contentUrl":"https:\/\/www.webdo.tn\/fr\/wp-content\/uploads\/2025\/12\/kais-saied-decret-.jpg","width":1200,"height":600,"caption":"F\u00eate de la R\u00e9volution : Ka\u00efs Sa\u00efed accorde une gr\u00e2ce pr\u00e9sidentielle \u00e0 2014 d\u00e9tenus"},{"@type":"BreadcrumbList","@id":"https:\/\/www.webdo.tn\/fr\/actualite\/national\/grace-presidentielle-1473-detenus-liberes-et-416-admis-a-la-liberte-conditionnelle\/394789\/#breadcrumb","itemListElement":[{"@type":"ListItem","position":1,"name":"Accueil","item":"https:\/\/www.webdo.tn\/fr\/"},{"@type":"ListItem","position":2,"name":"Gr\u00e2ce pr\u00e9sidentielle : 1473 d\u00e9tenus lib\u00e9r\u00e9s et 416 admis \u00e0 la libert\u00e9 conditionnelle"}]},{"@type":"WebSite","@id":"https:\/\/www.webdo.tn\/fr\/#website","url":"https:\/\/www.webdo.tn\/fr\/","name":"webdo","description":"Tunisie - News en Tunisie et \u00e0 l&#039;international sur Webdo.tn","publisher":{"@id":"https:\/\/www.webdo.tn\/fr\/#organization"},"potentialAction":[{"@type":"SearchAction","target":{"@type":"EntryPoint","urlTemplate":"https:\/\/www.webdo.tn\/fr\/?s={search_term_string}"},"query-input":{"@type":"PropertyValueSpecification","valueRequired":true,"valueName":"search_term_string"}}],"inLanguage":"fr-FR"},{"@type":"Organization","@id":"https:\/\/www.webdo.tn\/fr\/#organization","name":"Webdo","alternateName":"Webdo.tn","url":"https:\/\/www.webdo.tn\/fr\/","logo":{"@type":"ImageObject","inLanguage":"fr-FR","@id":"https:\/\/www.webdo.tn\/fr\/#\/schema\/logo\/image\/","url":"https:\/\/www.webdo.tn\/fr\/wp-content\/uploads\/2025\/06\/Webdo-Tunisie_168377.jpg","contentUrl":"https:\/\/www.webdo.tn\/fr\/wp-content\/uploads\/2025\/06\/Webdo-Tunisie_168377.jpg","width":301,"height":301,"caption":"Webdo"},"image":{"@id":"https:\/\/www.webdo.tn\/fr\/#\/schema\/logo\/image\/"},"sameAs":["https:\/\/www.facebook.com\/webdotn","https:\/\/x.com\/webdo_tn"],"description":"Webdo est un m\u00e9dia num\u00e9rique tunisien fond\u00e9 en 2010, sp\u00e9cialis\u00e9 dans l\u2019actualit\u00e9 nationale et internationale, l\u2019\u00e9conomie, la soci\u00e9t\u00e9 et les analyses politiques. Le site s\u2019adresse \u00e0 un large public francophone et couvre l\u2019information tunisienne en temps r\u00e9el.","email":"redac@webdo.tn","legalName":"YNJ SARL","foundingDate":"2010-09-06","numberOfEmployees":{"@type":"QuantitativeValue","minValue":"11","maxValue":"50"}},{"@type":"Person","@id":"https:\/\/www.webdo.tn\/fr\/#\/schema\/person\/5663044c25eb36d8f88ba5b653f12f8c","name":"Ramzi Haddad","image":{"@type":"ImageObject","inLanguage":"fr-FR","@id":"https:\/\/www.webdo.tn\/fr\/wp-content\/uploads\/2026\/04\/ramzi-haddad_avatar-96x96.jpg","url":"https:\/\/www.webdo.tn\/fr\/wp-content\/uploads\/2026\/04\/ramzi-haddad_avatar-96x96.jpg","contentUrl":"https:\/\/www.webdo.tn\/fr\/wp-content\/uploads\/2026\/04\/ramzi-haddad_avatar-96x96.jpg","caption":"Ramzi Haddad"},"description":"Signature \u00e9ditoriale de Walid Ben Youssef Ramzi Haddad est le pseudonyme \u00e9ditorial de Walid Ben Youssef, fondateur et g\u00e9rant de Webdo.tn. Cette signature est d\u00e9di\u00e9e \u00e0 la couverture de l'actualit\u00e9 nationale et internationale, ainsi qu'aux analyses des dynamiques num\u00e9riques. Ce profil b\u00e9n\u00e9ficie de l'expertise de Walid Ben Youssef, pionnier du web en Tunisie depuis 2000 et dipl\u00f4m\u00e9 en Math\u00e9matiques pures de l'Universit\u00e9 d'Oregon. \u00c0 travers cette signature, la r\u00e9daction de Webdo garantit une information structur\u00e9e et v\u00e9rifi\u00e9e, fid\u00e8le aux standards journalistiques du m\u00e9dia.","url":"https:\/\/www.webdo.tn\/fr\/actualite\/author\/ramzi-haddad\/"}]}},"_links":{"self":[{"href":"https:\/\/www.webdo.tn\/fr\/wp-json\/wp\/v2\/posts\/394789","targetHints":{"allow":["GET"]}}],"collection":[{"href":"https:\/\/www.webdo.tn\/fr\/wp-json\/wp\/v2\/posts"}],"about":[{"href":"https:\/\/www.webdo.tn\/fr\/wp-json\/wp\/v2\/types\/post"}],"author":[{"embeddable":true,"href":"https:\/\/www.webdo.tn\/fr\/wp-json\/wp\/v2\/users\/3203"}],"replies":[{"embeddable":true,"href":"https:\/\/www.webdo.tn\/fr\/wp-json\/wp\/v2\/comments?post=394789"}],"version-history":[{"count":0,"href":"https:\/\/www.webdo.tn\/fr\/wp-json\/wp\/v2\/posts\/394789\/revisions"}],"wp:featuredmedia":[{"embeddable":true,"href":"https:\/\/www.webdo.tn\/fr\/wp-json\/wp\/v2\/media\/389599"}],"wp:attachment":[{"href":"https:\/\/www.webdo.tn\/fr\/wp-json\/wp\/v2\/media?parent=394789"}],"wp:term":[{"taxonomy":"category","embeddable":true,"href":"https:\/\/www.webdo.tn\/fr\/wp-json\/wp\/v2\/categories?post=394789"},{"taxonomy":"post_tag","embeddable":true,"href":"https:\/\/www.webdo.tn\/fr\/wp-json\/wp\/v2\/tags?post=394789"}],"curies":[{"name":"wp","href":"https:\/\/api.w.org\/{rel}","templated":true}]}}