{"id":394783,"date":"2026-03-17T17:42:00","date_gmt":"2026-03-17T16:42:00","guid":{"rendered":"https:\/\/www.webdo.tn\/fr\/?p=394783"},"modified":"2026-03-17T17:47:43","modified_gmt":"2026-03-17T16:47:43","slug":"ciment-de-bizerte-la-relance-a-lepreuve-du-reel","status":"publish","type":"post","link":"https:\/\/www.webdo.tn\/fr\/actualite\/national\/ciment-de-bizerte-la-relance-a-lepreuve-du-reel\/394783\/","title":{"rendered":"Ciment de Bizerte : La relance \u00e0 l\u2019\u00e9preuve du r\u00e9el"},"content":{"rendered":"\n<p><strong>R\u00e9uni le 17 mars \u00e0 la Kasbah, un conseil minist\u00e9riel restreint pr\u00e9sid\u00e9 par la cheffe du gouvernement Sarra Zaafrani Zenzri a examin\u00e9 la restructuration de la soci\u00e9t\u00e9 Ciment de Bizerte, avec un objectif affich\u00e9 : relancer une entreprise historique sans c\u00e9der son capital.<\/strong><\/p>\n\n\n\n<h2 class=\"wp-block-heading\" id=\"h-un-pilier-historique-fragilise\">Un pilier historique fragilis\u00e9<\/h2>\n\n\n\n<p>Fond\u00e9e en 1950, entr\u00e9e en production en 1953 et nationalis\u00e9e en 1959, Ciment de Bizerte a longtemps \u00e9t\u00e9 un acteur central des grands chantiers en Tunisie et un fournisseur cl\u00e9 du march\u00e9 local comme des exportations vers la M\u00e9diterran\u00e9e.<\/p>\n\n\n\n<p>Aujourd\u2019hui, malgr\u00e9 des atouts importants \u2014 port int\u00e9gr\u00e9, connexion ferroviaire, position strat\u00e9gique \u2014 l\u2019entreprise traverse une phase critique. Depuis plusieurs ann\u00e9es, et notamment \u00e0 partir de 2021, elle a connu des arr\u00eats r\u00e9p\u00e9t\u00e9s de production, r\u00e9v\u00e9lant des difficult\u00e9s techniques et financi\u00e8res profondes.<\/p>\n\n\n\n<h2 class=\"wp-block-heading\" id=\"h-une-restructuration-en-trois-etapes\">Une restructuration en trois \u00e9tapes<\/h2>\n\n\n\n<p>Le plan pr\u00e9sent\u00e9 par le gouvernement repose sur une mont\u00e9e en puissance progressive. Il pr\u00e9voit d\u2019abord la relance de la production \u00e0 travers la reprise du clinker et une meilleure ma\u00eetrise des co\u00fbts. <\/p>\n\n\n\n<p>Dans un second temps, il s\u2019agira d\u2019augmenter la capacit\u00e9 via la modernisation des \u00e9quipements et l\u2019am\u00e9lioration du fonctionnement des unit\u00e9s de production. <\/p>\n\n\n\n<p>Enfin, une troisi\u00e8me phase vise \u00e0 renforcer l\u2019efficacit\u00e9 \u00e9nerg\u00e9tique, int\u00e9grer les exigences environnementales et moderniser la gestion \u00e0 travers des outils num\u00e9riques.<\/p>\n\n\n\n<p>\u00c0 court terme, l\u2019objectif est de maintenir l\u2019approvisionnement du march\u00e9 afin d\u2019\u00e9viter une perte de parts. \u00c0 moyen terme, la r\u00e9duction des co\u00fbts logistiques \u2014 notamment via la r\u00e9activation du rail \u2014 et le d\u00e9veloppement commercial sont cibl\u00e9s. \u00c0 long terme, l\u2019entreprise devra se repositionner sur les march\u00e9s ext\u00e9rieurs.<\/p>\n\n\n\n<h2 class=\"wp-block-heading\" id=\"h-une-relance-freinee-par-des-obstacles-structurels\">Une relance frein\u00e9e par des obstacles structurels<\/h2>\n\n\n\n<p>Derri\u00e8re ce plan, les d\u00e9fis restent nombreux. L\u2019outil industriel, en grande partie ancien, n\u00e9cessite des investissements lourds pour retrouver un niveau comp\u00e9titif. Dans un secteur tr\u00e8s \u00e9nergivore, la hausse des co\u00fbts de l\u2019\u00e9nergie p\u00e8se fortement sur les co\u00fbts de production.<\/p>\n\n\n\n<p>Sur le plan financier, les tensions de tr\u00e9sorerie ont conduit l\u2019entreprise \u00e0 recourir \u00e0 l\u2019importation de clinker pour maintenir une activit\u00e9 minimale, une solution co\u00fbteuse qui r\u00e9duit les marges.<\/p>\n\n\n\n<p>Le contexte du march\u00e9 constitue un autre obstacle : avec une capacit\u00e9 nationale de production estim\u00e9e \u00e0 pr\u00e8s de 12 millions de tonnes, sup\u00e9rieure \u00e0 la demande locale, la concurrence est forte entre les cimenteries, rendant indispensable mais difficile le d\u00e9veloppement des exportations.<\/p>\n\n\n\n<p>Enfin, malgr\u00e9 la pr\u00e9sence d\u2019un port et d\u2019une connexion ferroviaire, ces infrastructures restent sous-exploit\u00e9es, limitant les gains logistiques potentiels.<\/p>\n\n\n\n<h2 class=\"wp-block-heading\" id=\"h-une-strategie-industrielle-assumee\">Une strat\u00e9gie industrielle assum\u00e9e<\/h2>\n\n\n\n<p>Dans le prolongement de ce dossier, le gouvernement a \u00e9galement \u00e9voqu\u00e9 la restructuration d\u2019autres entreprises industrielles publiques, confirmant une approche plus large visant \u00e0 pr\u00e9server les principaux piliers de l\u2019industrie lourde.<\/p>\n\n\n\n<p>Au-del\u00e0 de ces deux entreprises, le gouvernement assume une rupture avec les politiques pass\u00e9es, accus\u00e9es d\u2019avoir fragilis\u00e9 les soci\u00e9t\u00e9s publiques en vue de leur cession. L\u2019objectif affich\u00e9 est d\u00e9sormais de pr\u00e9server ces structures, r\u00e9duire la d\u00e9pendance aux importations et limiter la pression sur les r\u00e9serves en devises.<\/p>\n\n\n\n<p>Reste une question centrale : la restructuration suffira-t-elle \u00e0 transformer ces entreprises en moteurs durables de croissance, dans un environnement \u00e9conomique de plus en plus contraint ?<\/p>\n\n\n\n<blockquote class=\"wp-block-quote is-layout-flow wp-block-quote-is-layout-flow\">\n<blockquote class=\"wp-block-quote is-layout-flow wp-block-quote-is-layout-flow\">\n<p><strong>Lire aussi:<\/strong><\/p>\n\n\n\n<ul class=\"wp-block-list\">\n<li class=\"has-medium-font-size\"><a href=\"https:\/\/www.webdo.tn\/fr\/actualite\/national\/le-geant-chinois-cnbm-investit-145-m-dans-le-ciment-tunisien\/215551\/\">Le g\u00e9ant chinois CNBM investit 145 M$ dans le ciment tunisie<\/a><\/li>\n<\/ul>\n<\/blockquote>\n<\/blockquote>\n\n\n\n<iframe src=\"https:\/\/www.facebook.com\/plugins\/post.php?href=https%3A%2F%2Fwww.facebook.com%2FPresidencedugouvernementtunisien%2Fposts%2Fpfbid02hxj4Kpi96Vd6AqMUcHmYwZJeMD1ZkBoub5j9wx2MSzCQsGLiopandZT8nTWGZCgDl&#038;show_text=true&#038;width=500\" width=\"500\" height=\"766\" style=\"border:none;overflow:hidden\" scrolling=\"no\" frameborder=\"0\" allowfullscreen=\"true\" allow=\"autoplay; clipboard-write; encrypted-media; picture-in-picture; web-share\"><\/iframe>\n","protected":false},"excerpt":{"rendered":"<p>R\u00e9uni le 17 mars \u00e0 la Kasbah, un conseil minist\u00e9riel restreint pr\u00e9sid\u00e9 par la cheffe du gouvernement Sarra Zaafrani Zenzri a examin\u00e9 la restructuration de la soci\u00e9t\u00e9 Ciment de Bizerte, avec un objectif affich\u00e9 : relancer une entreprise historique sans c\u00e9der son capital. Un pilier historique fragilis\u00e9 Fond\u00e9e en 1950, entr\u00e9e en production en 1953 [&hellip;]<\/p>\n","protected":false},"author":4779,"featured_media":394785,"comment_status":"closed","ping_status":"closed","sticky":false,"template":"","format":"standard","meta":{"footnotes":""},"categories":[44],"tags":[13854,3556,2608],"class_list":["post-394783","post","type-post","status-publish","format-standard","has-post-thumbnail","hentry","category-national","tag-ciment-de-bizerte","tag-sarra-zaafrani-zenzri","tag-tunisie"],"yoast_head":"<!-- This site is optimized with the Yoast SEO Premium plugin v27.5 (Yoast SEO v27.5) - https:\/\/yoast.com\/product\/yoast-seo-premium-wordpress\/ -->\n<title>Ciment de Bizerte : La relance \u00e0 l\u2019\u00e9preuve du r\u00e9el - webdo<\/title>\n<meta name=\"description\" content=\"D\u00e9couvrez le Ciment de Bizerte : La relance \u00e0 l\u2019\u00e9preuve du r\u00e9el et les enjeux de la pr\u00e9servation des entreprises publiques.\" \/>\n<link rel=\"canonical\" href=\"https:\/\/www.webdo.tn\/fr\/actualite\/national\/ciment-de-bizerte-la-relance-a-lepreuve-du-reel\/394783\/\" \/>\n<meta property=\"og:locale\" content=\"fr_FR\" \/>\n<meta property=\"og:type\" content=\"article\" \/>\n<meta property=\"og:title\" content=\"Ciment de Bizerte : La relance \u00e0 l\u2019\u00e9preuve du r\u00e9el\" \/>\n<meta property=\"og:description\" content=\"D\u00e9couvrez le Ciment de Bizerte : La relance \u00e0 l\u2019\u00e9preuve du r\u00e9el et les enjeux de la pr\u00e9servation des entreprises publiques.\" \/>\n<meta property=\"og:url\" content=\"https:\/\/www.webdo.tn\/fr\/actualite\/national\/ciment-de-bizerte-la-relance-a-lepreuve-du-reel\/394783\/\" \/>\n<meta property=\"og:site_name\" content=\"webdo\" \/>\n<meta property=\"article:publisher\" content=\"https:\/\/www.facebook.com\/webdotn\" \/>\n<meta property=\"article:published_time\" content=\"2026-03-17T16:42:00+00:00\" \/>\n<meta property=\"article:modified_time\" content=\"2026-03-17T16:47:43+00:00\" \/>\n<meta property=\"og:image\" content=\"https:\/\/www.webdo.tn\/fr\/wp-content\/uploads\/2026\/03\/Reunion-du-conseil-ministeriel-ciment-de-Bizerte.jpg\" \/>\n\t<meta property=\"og:image:width\" content=\"1200\" \/>\n\t<meta property=\"og:image:height\" content=\"600\" \/>\n\t<meta property=\"og:image:type\" content=\"image\/jpeg\" \/>\n<meta name=\"author\" content=\"Firas Ben Abdeltif\" \/>\n<meta name=\"twitter:card\" content=\"summary_large_image\" \/>\n<meta name=\"twitter:creator\" content=\"@webdo_tn\" \/>\n<meta name=\"twitter:site\" content=\"@webdo_tn\" \/>\n<meta name=\"twitter:label1\" content=\"\u00c9crit par\" \/>\n\t<meta name=\"twitter:data1\" content=\"Firas Ben Abdeltif\" \/>\n\t<meta name=\"twitter:label2\" content=\"Dur\u00e9e de lecture estim\u00e9e\" \/>\n\t<meta name=\"twitter:data2\" content=\"3 minutes\" \/>\n<script type=\"application\/ld+json\" class=\"yoast-schema-graph\">{\"@context\":\"https:\\\/\\\/schema.org\",\"@graph\":[{\"@type\":\"NewsArticle\",\"@id\":\"https:\\\/\\\/www.webdo.tn\\\/fr\\\/actualite\\\/national\\\/ciment-de-bizerte-la-relance-a-lepreuve-du-reel\\\/394783\\\/#article\",\"isPartOf\":{\"@id\":\"https:\\\/\\\/www.webdo.tn\\\/fr\\\/actualite\\\/national\\\/ciment-de-bizerte-la-relance-a-lepreuve-du-reel\\\/394783\\\/\"},\"author\":{\"name\":\"Firas Ben Abdeltif\",\"@id\":\"https:\\\/\\\/www.webdo.tn\\\/fr\\\/#\\\/schema\\\/person\\\/19664196c9bfdcda126f3c27709f7d11\"},\"headline\":\"Ciment de Bizerte : La relance \u00e0 l\u2019\u00e9preuve du r\u00e9el\",\"datePublished\":\"2026-03-17T16:42:00+00:00\",\"dateModified\":\"2026-03-17T16:47:43+00:00\",\"mainEntityOfPage\":{\"@id\":\"https:\\\/\\\/www.webdo.tn\\\/fr\\\/actualite\\\/national\\\/ciment-de-bizerte-la-relance-a-lepreuve-du-reel\\\/394783\\\/\"},\"wordCount\":591,\"publisher\":{\"@id\":\"https:\\\/\\\/www.webdo.tn\\\/fr\\\/#organization\"},\"image\":{\"@id\":\"https:\\\/\\\/www.webdo.tn\\\/fr\\\/actualite\\\/national\\\/ciment-de-bizerte-la-relance-a-lepreuve-du-reel\\\/394783\\\/#primaryimage\"},\"thumbnailUrl\":\"https:\\\/\\\/www.webdo.tn\\\/fr\\\/wp-content\\\/uploads\\\/2026\\\/03\\\/Reunion-du-conseil-ministeriel-ciment-de-Bizerte.jpg\",\"keywords\":[\"Ciment de Bizerte\",\"Sarra Za\u00e2frani Zenzri\",\"Tunisie\"],\"articleSection\":[\"National\"],\"inLanguage\":\"fr-FR\"},{\"@type\":\"WebPage\",\"@id\":\"https:\\\/\\\/www.webdo.tn\\\/fr\\\/actualite\\\/national\\\/ciment-de-bizerte-la-relance-a-lepreuve-du-reel\\\/394783\\\/\",\"url\":\"https:\\\/\\\/www.webdo.tn\\\/fr\\\/actualite\\\/national\\\/ciment-de-bizerte-la-relance-a-lepreuve-du-reel\\\/394783\\\/\",\"name\":\"Ciment de Bizerte : La relance \u00e0 l\u2019\u00e9preuve du r\u00e9el - webdo\",\"isPartOf\":{\"@id\":\"https:\\\/\\\/www.webdo.tn\\\/fr\\\/#website\"},\"primaryImageOfPage\":{\"@id\":\"https:\\\/\\\/www.webdo.tn\\\/fr\\\/actualite\\\/national\\\/ciment-de-bizerte-la-relance-a-lepreuve-du-reel\\\/394783\\\/#primaryimage\"},\"image\":{\"@id\":\"https:\\\/\\\/www.webdo.tn\\\/fr\\\/actualite\\\/national\\\/ciment-de-bizerte-la-relance-a-lepreuve-du-reel\\\/394783\\\/#primaryimage\"},\"thumbnailUrl\":\"https:\\\/\\\/www.webdo.tn\\\/fr\\\/wp-content\\\/uploads\\\/2026\\\/03\\\/Reunion-du-conseil-ministeriel-ciment-de-Bizerte.jpg\",\"datePublished\":\"2026-03-17T16:42:00+00:00\",\"dateModified\":\"2026-03-17T16:47:43+00:00\",\"description\":\"D\u00e9couvrez le Ciment de Bizerte : La relance \u00e0 l\u2019\u00e9preuve du r\u00e9el et les enjeux de la pr\u00e9servation des entreprises publiques.\",\"breadcrumb\":{\"@id\":\"https:\\\/\\\/www.webdo.tn\\\/fr\\\/actualite\\\/national\\\/ciment-de-bizerte-la-relance-a-lepreuve-du-reel\\\/394783\\\/#breadcrumb\"},\"inLanguage\":\"fr-FR\",\"potentialAction\":[{\"@type\":\"ReadAction\",\"target\":[\"https:\\\/\\\/www.webdo.tn\\\/fr\\\/actualite\\\/national\\\/ciment-de-bizerte-la-relance-a-lepreuve-du-reel\\\/394783\\\/\"]}]},{\"@type\":\"ImageObject\",\"inLanguage\":\"fr-FR\",\"@id\":\"https:\\\/\\\/www.webdo.tn\\\/fr\\\/actualite\\\/national\\\/ciment-de-bizerte-la-relance-a-lepreuve-du-reel\\\/394783\\\/#primaryimage\",\"url\":\"https:\\\/\\\/www.webdo.tn\\\/fr\\\/wp-content\\\/uploads\\\/2026\\\/03\\\/Reunion-du-conseil-ministeriel-ciment-de-Bizerte.jpg\",\"contentUrl\":\"https:\\\/\\\/www.webdo.tn\\\/fr\\\/wp-content\\\/uploads\\\/2026\\\/03\\\/Reunion-du-conseil-ministeriel-ciment-de-Bizerte.jpg\",\"width\":1200,\"height\":600,\"caption\":\"\u00c0 la Kasbah, la cheffe du gouvernement Sarra Zaafrani Zenzri pr\u00e9side le conseil minist\u00e9riel d\u00e9di\u00e9 \u00e0 la relance de Ciment de Bizerte.\"},{\"@type\":\"BreadcrumbList\",\"@id\":\"https:\\\/\\\/www.webdo.tn\\\/fr\\\/actualite\\\/national\\\/ciment-de-bizerte-la-relance-a-lepreuve-du-reel\\\/394783\\\/#breadcrumb\",\"itemListElement\":[{\"@type\":\"ListItem\",\"position\":1,\"name\":\"Accueil\",\"item\":\"https:\\\/\\\/www.webdo.tn\\\/fr\\\/\"},{\"@type\":\"ListItem\",\"position\":2,\"name\":\"Ciment de Bizerte : La relance \u00e0 l\u2019\u00e9preuve du r\u00e9el\"}]},{\"@type\":\"WebSite\",\"@id\":\"https:\\\/\\\/www.webdo.tn\\\/fr\\\/#website\",\"url\":\"https:\\\/\\\/www.webdo.tn\\\/fr\\\/\",\"name\":\"webdo\",\"description\":\"Tunisie - News en Tunisie et \u00e0 l&#039;international sur Webdo.tn\",\"publisher\":{\"@id\":\"https:\\\/\\\/www.webdo.tn\\\/fr\\\/#organization\"},\"potentialAction\":[{\"@type\":\"SearchAction\",\"target\":{\"@type\":\"EntryPoint\",\"urlTemplate\":\"https:\\\/\\\/www.webdo.tn\\\/fr\\\/?s={search_term_string}\"},\"query-input\":{\"@type\":\"PropertyValueSpecification\",\"valueRequired\":true,\"valueName\":\"search_term_string\"}}],\"inLanguage\":\"fr-FR\"},{\"@type\":\"Organization\",\"@id\":\"https:\\\/\\\/www.webdo.tn\\\/fr\\\/#organization\",\"name\":\"Webdo\",\"alternateName\":\"Webdo.tn\",\"url\":\"https:\\\/\\\/www.webdo.tn\\\/fr\\\/\",\"logo\":{\"@type\":\"ImageObject\",\"inLanguage\":\"fr-FR\",\"@id\":\"https:\\\/\\\/www.webdo.tn\\\/fr\\\/#\\\/schema\\\/logo\\\/image\\\/\",\"url\":\"https:\\\/\\\/www.webdo.tn\\\/fr\\\/wp-content\\\/uploads\\\/2025\\\/06\\\/Webdo-Tunisie_168377.jpg\",\"contentUrl\":\"https:\\\/\\\/www.webdo.tn\\\/fr\\\/wp-content\\\/uploads\\\/2025\\\/06\\\/Webdo-Tunisie_168377.jpg\",\"width\":301,\"height\":301,\"caption\":\"Webdo\"},\"image\":{\"@id\":\"https:\\\/\\\/www.webdo.tn\\\/fr\\\/#\\\/schema\\\/logo\\\/image\\\/\"},\"sameAs\":[\"https:\\\/\\\/www.facebook.com\\\/webdotn\",\"https:\\\/\\\/x.com\\\/webdo_tn\"],\"description\":\"Webdo est un m\u00e9dia num\u00e9rique tunisien fond\u00e9 en 2010, sp\u00e9cialis\u00e9 dans l\u2019actualit\u00e9 nationale et internationale, l\u2019\u00e9conomie, la soci\u00e9t\u00e9 et les analyses politiques. Le site s\u2019adresse \u00e0 un large public francophone et couvre l\u2019information tunisienne en temps r\u00e9el.\",\"email\":\"redac@webdo.tn\",\"legalName\":\"YNJ SARL\",\"foundingDate\":\"2010-09-06\",\"numberOfEmployees\":{\"@type\":\"QuantitativeValue\",\"minValue\":\"11\",\"maxValue\":\"50\"}},{\"@type\":\"Person\",\"@id\":\"https:\\\/\\\/www.webdo.tn\\\/fr\\\/#\\\/schema\\\/person\\\/19664196c9bfdcda126f3c27709f7d11\",\"name\":\"Firas Ben Abdeltif\",\"image\":{\"@type\":\"ImageObject\",\"inLanguage\":\"fr-FR\",\"@id\":\"https:\\\/\\\/secure.gravatar.com\\\/avatar\\\/161a347d40df098a084778c52ed133dbd85f14df003867067c5948081241ec55?s=96&d=mm&r=g\",\"url\":\"https:\\\/\\\/secure.gravatar.com\\\/avatar\\\/161a347d40df098a084778c52ed133dbd85f14df003867067c5948081241ec55?s=96&d=mm&r=g\",\"contentUrl\":\"https:\\\/\\\/secure.gravatar.com\\\/avatar\\\/161a347d40df098a084778c52ed133dbd85f14df003867067c5948081241ec55?s=96&d=mm&r=g\",\"caption\":\"Firas Ben Abdeltif\"},\"url\":\"https:\\\/\\\/www.webdo.tn\\\/fr\\\/actualite\\\/author\\\/firas-ben-abdeltif\\\/\"}]}<\/script>\n<!-- \/ Yoast SEO Premium plugin. -->","yoast_head_json":{"title":"Ciment de Bizerte : La relance \u00e0 l\u2019\u00e9preuve du r\u00e9el - webdo","description":"D\u00e9couvrez le Ciment de Bizerte : La relance \u00e0 l\u2019\u00e9preuve du r\u00e9el et les enjeux de la pr\u00e9servation des entreprises publiques.","canonical":"https:\/\/www.webdo.tn\/fr\/actualite\/national\/ciment-de-bizerte-la-relance-a-lepreuve-du-reel\/394783\/","og_locale":"fr_FR","og_type":"article","og_title":"Ciment de Bizerte : La relance \u00e0 l\u2019\u00e9preuve du r\u00e9el","og_description":"D\u00e9couvrez le Ciment de Bizerte : La relance \u00e0 l\u2019\u00e9preuve du r\u00e9el et les enjeux de la pr\u00e9servation des entreprises publiques.","og_url":"https:\/\/www.webdo.tn\/fr\/actualite\/national\/ciment-de-bizerte-la-relance-a-lepreuve-du-reel\/394783\/","og_site_name":"webdo","article_publisher":"https:\/\/www.facebook.com\/webdotn","article_published_time":"2026-03-17T16:42:00+00:00","article_modified_time":"2026-03-17T16:47:43+00:00","og_image":[{"width":1200,"height":600,"url":"https:\/\/www.webdo.tn\/fr\/wp-content\/uploads\/2026\/03\/Reunion-du-conseil-ministeriel-ciment-de-Bizerte.jpg","type":"image\/jpeg"}],"author":"Firas Ben Abdeltif","twitter_card":"summary_large_image","twitter_creator":"@webdo_tn","twitter_site":"@webdo_tn","twitter_misc":{"\u00c9crit par":"Firas Ben Abdeltif","Dur\u00e9e de lecture estim\u00e9e":"3 minutes"},"schema":{"@context":"https:\/\/schema.org","@graph":[{"@type":"NewsArticle","@id":"https:\/\/www.webdo.tn\/fr\/actualite\/national\/ciment-de-bizerte-la-relance-a-lepreuve-du-reel\/394783\/#article","isPartOf":{"@id":"https:\/\/www.webdo.tn\/fr\/actualite\/national\/ciment-de-bizerte-la-relance-a-lepreuve-du-reel\/394783\/"},"author":{"name":"Firas Ben Abdeltif","@id":"https:\/\/www.webdo.tn\/fr\/#\/schema\/person\/19664196c9bfdcda126f3c27709f7d11"},"headline":"Ciment de Bizerte : La relance \u00e0 l\u2019\u00e9preuve du r\u00e9el","datePublished":"2026-03-17T16:42:00+00:00","dateModified":"2026-03-17T16:47:43+00:00","mainEntityOfPage":{"@id":"https:\/\/www.webdo.tn\/fr\/actualite\/national\/ciment-de-bizerte-la-relance-a-lepreuve-du-reel\/394783\/"},"wordCount":591,"publisher":{"@id":"https:\/\/www.webdo.tn\/fr\/#organization"},"image":{"@id":"https:\/\/www.webdo.tn\/fr\/actualite\/national\/ciment-de-bizerte-la-relance-a-lepreuve-du-reel\/394783\/#primaryimage"},"thumbnailUrl":"https:\/\/www.webdo.tn\/fr\/wp-content\/uploads\/2026\/03\/Reunion-du-conseil-ministeriel-ciment-de-Bizerte.jpg","keywords":["Ciment de Bizerte","Sarra Za\u00e2frani Zenzri","Tunisie"],"articleSection":["National"],"inLanguage":"fr-FR"},{"@type":"WebPage","@id":"https:\/\/www.webdo.tn\/fr\/actualite\/national\/ciment-de-bizerte-la-relance-a-lepreuve-du-reel\/394783\/","url":"https:\/\/www.webdo.tn\/fr\/actualite\/national\/ciment-de-bizerte-la-relance-a-lepreuve-du-reel\/394783\/","name":"Ciment de Bizerte : La relance \u00e0 l\u2019\u00e9preuve du r\u00e9el - webdo","isPartOf":{"@id":"https:\/\/www.webdo.tn\/fr\/#website"},"primaryImageOfPage":{"@id":"https:\/\/www.webdo.tn\/fr\/actualite\/national\/ciment-de-bizerte-la-relance-a-lepreuve-du-reel\/394783\/#primaryimage"},"image":{"@id":"https:\/\/www.webdo.tn\/fr\/actualite\/national\/ciment-de-bizerte-la-relance-a-lepreuve-du-reel\/394783\/#primaryimage"},"thumbnailUrl":"https:\/\/www.webdo.tn\/fr\/wp-content\/uploads\/2026\/03\/Reunion-du-conseil-ministeriel-ciment-de-Bizerte.jpg","datePublished":"2026-03-17T16:42:00+00:00","dateModified":"2026-03-17T16:47:43+00:00","description":"D\u00e9couvrez le Ciment de Bizerte : La relance \u00e0 l\u2019\u00e9preuve du r\u00e9el et les enjeux de la pr\u00e9servation des entreprises publiques.","breadcrumb":{"@id":"https:\/\/www.webdo.tn\/fr\/actualite\/national\/ciment-de-bizerte-la-relance-a-lepreuve-du-reel\/394783\/#breadcrumb"},"inLanguage":"fr-FR","potentialAction":[{"@type":"ReadAction","target":["https:\/\/www.webdo.tn\/fr\/actualite\/national\/ciment-de-bizerte-la-relance-a-lepreuve-du-reel\/394783\/"]}]},{"@type":"ImageObject","inLanguage":"fr-FR","@id":"https:\/\/www.webdo.tn\/fr\/actualite\/national\/ciment-de-bizerte-la-relance-a-lepreuve-du-reel\/394783\/#primaryimage","url":"https:\/\/www.webdo.tn\/fr\/wp-content\/uploads\/2026\/03\/Reunion-du-conseil-ministeriel-ciment-de-Bizerte.jpg","contentUrl":"https:\/\/www.webdo.tn\/fr\/wp-content\/uploads\/2026\/03\/Reunion-du-conseil-ministeriel-ciment-de-Bizerte.jpg","width":1200,"height":600,"caption":"\u00c0 la Kasbah, la cheffe du gouvernement Sarra Zaafrani Zenzri pr\u00e9side le conseil minist\u00e9riel d\u00e9di\u00e9 \u00e0 la relance de Ciment de Bizerte."},{"@type":"BreadcrumbList","@id":"https:\/\/www.webdo.tn\/fr\/actualite\/national\/ciment-de-bizerte-la-relance-a-lepreuve-du-reel\/394783\/#breadcrumb","itemListElement":[{"@type":"ListItem","position":1,"name":"Accueil","item":"https:\/\/www.webdo.tn\/fr\/"},{"@type":"ListItem","position":2,"name":"Ciment de Bizerte : La relance \u00e0 l\u2019\u00e9preuve du r\u00e9el"}]},{"@type":"WebSite","@id":"https:\/\/www.webdo.tn\/fr\/#website","url":"https:\/\/www.webdo.tn\/fr\/","name":"webdo","description":"Tunisie - News en Tunisie et \u00e0 l&#039;international sur Webdo.tn","publisher":{"@id":"https:\/\/www.webdo.tn\/fr\/#organization"},"potentialAction":[{"@type":"SearchAction","target":{"@type":"EntryPoint","urlTemplate":"https:\/\/www.webdo.tn\/fr\/?s={search_term_string}"},"query-input":{"@type":"PropertyValueSpecification","valueRequired":true,"valueName":"search_term_string"}}],"inLanguage":"fr-FR"},{"@type":"Organization","@id":"https:\/\/www.webdo.tn\/fr\/#organization","name":"Webdo","alternateName":"Webdo.tn","url":"https:\/\/www.webdo.tn\/fr\/","logo":{"@type":"ImageObject","inLanguage":"fr-FR","@id":"https:\/\/www.webdo.tn\/fr\/#\/schema\/logo\/image\/","url":"https:\/\/www.webdo.tn\/fr\/wp-content\/uploads\/2025\/06\/Webdo-Tunisie_168377.jpg","contentUrl":"https:\/\/www.webdo.tn\/fr\/wp-content\/uploads\/2025\/06\/Webdo-Tunisie_168377.jpg","width":301,"height":301,"caption":"Webdo"},"image":{"@id":"https:\/\/www.webdo.tn\/fr\/#\/schema\/logo\/image\/"},"sameAs":["https:\/\/www.facebook.com\/webdotn","https:\/\/x.com\/webdo_tn"],"description":"Webdo est un m\u00e9dia num\u00e9rique tunisien fond\u00e9 en 2010, sp\u00e9cialis\u00e9 dans l\u2019actualit\u00e9 nationale et internationale, l\u2019\u00e9conomie, la soci\u00e9t\u00e9 et les analyses politiques. Le site s\u2019adresse \u00e0 un large public francophone et couvre l\u2019information tunisienne en temps r\u00e9el.","email":"redac@webdo.tn","legalName":"YNJ SARL","foundingDate":"2010-09-06","numberOfEmployees":{"@type":"QuantitativeValue","minValue":"11","maxValue":"50"}},{"@type":"Person","@id":"https:\/\/www.webdo.tn\/fr\/#\/schema\/person\/19664196c9bfdcda126f3c27709f7d11","name":"Firas Ben Abdeltif","image":{"@type":"ImageObject","inLanguage":"fr-FR","@id":"https:\/\/secure.gravatar.com\/avatar\/161a347d40df098a084778c52ed133dbd85f14df003867067c5948081241ec55?s=96&d=mm&r=g","url":"https:\/\/secure.gravatar.com\/avatar\/161a347d40df098a084778c52ed133dbd85f14df003867067c5948081241ec55?s=96&d=mm&r=g","contentUrl":"https:\/\/secure.gravatar.com\/avatar\/161a347d40df098a084778c52ed133dbd85f14df003867067c5948081241ec55?s=96&d=mm&r=g","caption":"Firas Ben Abdeltif"},"url":"https:\/\/www.webdo.tn\/fr\/actualite\/author\/firas-ben-abdeltif\/"}]}},"_links":{"self":[{"href":"https:\/\/www.webdo.tn\/fr\/wp-json\/wp\/v2\/posts\/394783","targetHints":{"allow":["GET"]}}],"collection":[{"href":"https:\/\/www.webdo.tn\/fr\/wp-json\/wp\/v2\/posts"}],"about":[{"href":"https:\/\/www.webdo.tn\/fr\/wp-json\/wp\/v2\/types\/post"}],"author":[{"embeddable":true,"href":"https:\/\/www.webdo.tn\/fr\/wp-json\/wp\/v2\/users\/4779"}],"replies":[{"embeddable":true,"href":"https:\/\/www.webdo.tn\/fr\/wp-json\/wp\/v2\/comments?post=394783"}],"version-history":[{"count":0,"href":"https:\/\/www.webdo.tn\/fr\/wp-json\/wp\/v2\/posts\/394783\/revisions"}],"wp:featuredmedia":[{"embeddable":true,"href":"https:\/\/www.webdo.tn\/fr\/wp-json\/wp\/v2\/media\/394785"}],"wp:attachment":[{"href":"https:\/\/www.webdo.tn\/fr\/wp-json\/wp\/v2\/media?parent=394783"}],"wp:term":[{"taxonomy":"category","embeddable":true,"href":"https:\/\/www.webdo.tn\/fr\/wp-json\/wp\/v2\/categories?post=394783"},{"taxonomy":"post_tag","embeddable":true,"href":"https:\/\/www.webdo.tn\/fr\/wp-json\/wp\/v2\/tags?post=394783"}],"curies":[{"name":"wp","href":"https:\/\/api.w.org\/{rel}","templated":true}]}}