{"id":394776,"date":"2026-03-17T16:29:32","date_gmt":"2026-03-17T15:29:32","guid":{"rendered":"https:\/\/www.webdo.tn\/fr\/?p=394776"},"modified":"2026-03-17T17:48:44","modified_gmt":"2026-03-17T16:48:44","slug":"guerre-contre-liran-demission-choc-au-sommet-du-renseignement-americain","status":"publish","type":"post","link":"https:\/\/www.webdo.tn\/fr\/actualite\/international\/guerre-contre-liran-demission-choc-au-sommet-du-renseignement-americain\/394776\/","title":{"rendered":"Guerre contre l\u2019Iran : D\u00e9mission choc au sommet du renseignement am\u00e9ricain"},"content":{"rendered":"\n<p><strong>La guerre autour de l\u2019Iran provoque une premi\u00e8re secousse majeure au c\u0153ur de l\u2019appareil s\u00e9curitaire am\u00e9ricain. Joe Kent, directeur du National Counterterrorism Center, a annonc\u00e9 sa d\u00e9mission, marquant une rupture rare avec la ligne de l\u2019administration de Donald Trump.<\/strong><\/p>\n\n\n\n<h2 class=\"wp-block-heading\" id=\"h-une-demission-en-opposition-directe-a-la-guerre\">Une d\u00e9mission en opposition directe \u00e0 la guerre<\/h2>\n\n\n\n<p>Dans sa lettre adress\u00e9e au pr\u00e9sident am\u00e9ricain Donald Trump, Joe Kent affirme ne pas pouvoir soutenir l\u2019engagement militaire contre Iran.<\/p>\n\n\n\n<p>Il estime notamment que T\u00e9h\u00e9ran ne repr\u00e9sentait pas de \u00ab menace imminente \u00bb pour les \u00c9tats-Unis, remettant en cause l\u2019un des arguments centraux justifiant l\u2019intervention.<\/p>\n\n\n\n<p>Cette prise de position est d\u2019autant plus notable qu\u2019elle \u00e9mane d\u2019un haut responsable du renseignement, cens\u00e9 pr\u00e9cis\u00e9ment \u00e9valuer ce type de risques.<\/p>\n\n\n\n<h2 class=\"wp-block-heading\" id=\"h-accusations-sensibles-contre-israel-et-les-medias\">Accusations sensibles contre Isra\u00ebl et les m\u00e9dias<\/h2>\n\n\n\n<p>Dans un passage particuli\u00e8rement sensible, Joe Kent \u00e9voque une \u00ab campagne de d\u00e9sinformation \u00bb men\u00e9e, selon lui, par des responsables isra\u00e9liens et certains acteurs m\u00e9diatiques am\u00e9ricains.<\/p>\n\n\n\n<p>Isra\u00ebl est ainsi accus\u00e9 d\u2019avoir contribu\u00e9 \u00e0 installer un climat favorable \u00e0 une intervention militaire, en exag\u00e9rant la menace iranienne.<\/p>\n\n\n\n<p>L\u2019ancien responsable \u00e9tablit m\u00eame un parall\u00e8le avec les m\u00e9canismes ayant pr\u00e9c\u00e9d\u00e9 la Guerre en Irak, \u00e9voquant une logique similaire de construction du consensus autour de la guerre.<\/p>\n\n\n\n<h2 class=\"wp-block-heading\" id=\"h-une-fracture-au-sein-du-camp-trump\">Une fracture au sein du camp Trump<\/h2>\n\n\n\n<p>Au-del\u00e0 de la d\u00e9mission elle-m\u00eame, cet \u00e9pisode r\u00e9v\u00e8le une fracture au sein m\u00eame de l\u2019appareil s\u00e9curitaire am\u00e9ricain.<\/p>\n\n\n\n<p>Joe Kent, pourtant proche de la doctrine \u00ab America First \u00bb, accuse implicitement une d\u00e9rive par rapport \u00e0 cette ligne, historiquement oppos\u00e9e aux interventions militaires prolong\u00e9es.<\/p>\n\n\n\n<p>Cette rupture intervient dans un contexte o\u00f9 plusieurs alli\u00e9s europ\u00e9ens ont d\u00e9j\u00e0 affich\u00e9 leur prudence face \u00e0 une escalade militaire dans la r\u00e9gion.<\/p>\n\n\n\n<blockquote class=\"twitter-tweet\"><p lang=\"en\" dir=\"ltr\">After much reflection, I have decided to resign from my position as Director of the National Counterterrorism Center, effective today.<br><br>I cannot in good conscience support the ongoing war in Iran. Iran posed no imminent threat to our nation, and it is clear that we started this\u2026 <a href=\"https:\/\/t.co\/prtu86DpEr\">pic.twitter.com\/prtu86DpEr<\/a><\/p>&mdash; Joe Kent (@joekent16jan19) <a href=\"https:\/\/twitter.com\/joekent16jan19\/status\/2033897242986209689?ref_src=twsrc%5Etfw\">March 17, 2026<\/a><\/blockquote> <script async src=\"https:\/\/platform.twitter.com\/widgets.js\" charset=\"utf-8\"><\/script>\n\n\n\n<p><\/p>\n\n\n\n<blockquote class=\"wp-block-quote is-layout-flow wp-block-quote-is-layout-flow\">\n<blockquote class=\"wp-block-quote is-layout-flow wp-block-quote-is-layout-flow\">\n<p><strong>Lire aussi:<\/strong><\/p>\n\n\n\n<ul class=\"wp-block-list\">\n<li class=\"has-medium-font-size\"><a href=\"https:\/\/www.webdo.tn\/fr\/actualite\/international\/ormuz-lue-privilegie-la-diplomatie-face-a-la-pression-de-trump\/394760\/\">Ormuz : L\u2019UE privil\u00e9gie la diplomatie face \u00e0 la pression de Trump<br><\/a><\/li>\n<\/ul>\n<\/blockquote>\n<\/blockquote>\n\n\n\n<p><\/p>\n","protected":false},"excerpt":{"rendered":"<p>La guerre autour de l\u2019Iran provoque une premi\u00e8re secousse majeure au c\u0153ur de l\u2019appareil s\u00e9curitaire am\u00e9ricain. Joe Kent, directeur du National Counterterrorism Center, a annonc\u00e9 sa d\u00e9mission, marquant une rupture rare avec la ligne de l\u2019administration de Donald Trump. Une d\u00e9mission en opposition directe \u00e0 la guerre Dans sa lettre adress\u00e9e au pr\u00e9sident am\u00e9ricain Donald [&hellip;]<\/p>\n","protected":false},"author":4779,"featured_media":394778,"comment_status":"closed","ping_status":"closed","sticky":false,"template":"","format":"standard","meta":{"footnotes":""},"categories":[2598],"tags":[3035,13853,3309],"class_list":["post-394776","post","type-post","status-publish","format-standard","has-post-thumbnail","hentry","category-international","tag-etats-unis","tag-joe-kent","tag-trump"],"yoast_head":"<!-- This site is optimized with the Yoast SEO Premium plugin v27.5 (Yoast SEO v27.5) - https:\/\/yoast.com\/product\/yoast-seo-premium-wordpress\/ -->\n<title>Guerre contre l\u2019Iran : D\u00e9mission choc au sommet du renseignement am\u00e9ricain - webdo<\/title>\n<meta name=\"description\" content=\"D\u00e9couvrez les d\u00e9tails de la d\u00e9mission choc de Joe Kent sur la guerre contre l\u2019Iran et le renseignement am\u00e9ricain.\" \/>\n<link rel=\"canonical\" href=\"https:\/\/www.webdo.tn\/fr\/actualite\/international\/guerre-contre-liran-demission-choc-au-sommet-du-renseignement-americain\/394776\/\" \/>\n<meta property=\"og:locale\" content=\"fr_FR\" \/>\n<meta property=\"og:type\" content=\"article\" \/>\n<meta property=\"og:title\" content=\"Guerre contre l\u2019Iran : D\u00e9mission choc au sommet du renseignement am\u00e9ricain\" \/>\n<meta property=\"og:description\" content=\"D\u00e9couvrez les d\u00e9tails de la d\u00e9mission choc de Joe Kent sur la guerre contre l\u2019Iran et le renseignement am\u00e9ricain.\" \/>\n<meta property=\"og:url\" content=\"https:\/\/www.webdo.tn\/fr\/actualite\/international\/guerre-contre-liran-demission-choc-au-sommet-du-renseignement-americain\/394776\/\" \/>\n<meta property=\"og:site_name\" content=\"webdo\" \/>\n<meta property=\"article:publisher\" content=\"https:\/\/www.facebook.com\/webdotn\" \/>\n<meta property=\"article:published_time\" content=\"2026-03-17T15:29:32+00:00\" \/>\n<meta property=\"article:modified_time\" content=\"2026-03-17T16:48:44+00:00\" \/>\n<meta property=\"og:image\" content=\"https:\/\/www.webdo.tn\/fr\/wp-content\/uploads\/2026\/03\/joe-kent.jpg\" \/>\n\t<meta property=\"og:image:width\" content=\"1200\" \/>\n\t<meta property=\"og:image:height\" content=\"600\" \/>\n\t<meta property=\"og:image:type\" content=\"image\/jpeg\" \/>\n<meta name=\"author\" content=\"Firas Ben Abdeltif\" \/>\n<meta name=\"twitter:card\" content=\"summary_large_image\" \/>\n<meta name=\"twitter:creator\" content=\"@webdo_tn\" \/>\n<meta name=\"twitter:site\" content=\"@webdo_tn\" \/>\n<meta name=\"twitter:label1\" content=\"\u00c9crit par\" \/>\n\t<meta name=\"twitter:data1\" content=\"Firas Ben Abdeltif\" \/>\n\t<meta name=\"twitter:label2\" content=\"Dur\u00e9e de lecture estim\u00e9e\" \/>\n\t<meta name=\"twitter:data2\" content=\"2 minutes\" \/>\n<script type=\"application\/ld+json\" class=\"yoast-schema-graph\">{\"@context\":\"https:\\\/\\\/schema.org\",\"@graph\":[{\"@type\":\"NewsArticle\",\"@id\":\"https:\\\/\\\/www.webdo.tn\\\/fr\\\/actualite\\\/international\\\/guerre-contre-liran-demission-choc-au-sommet-du-renseignement-americain\\\/394776\\\/#article\",\"isPartOf\":{\"@id\":\"https:\\\/\\\/www.webdo.tn\\\/fr\\\/actualite\\\/international\\\/guerre-contre-liran-demission-choc-au-sommet-du-renseignement-americain\\\/394776\\\/\"},\"author\":{\"name\":\"Firas Ben Abdeltif\",\"@id\":\"https:\\\/\\\/www.webdo.tn\\\/fr\\\/#\\\/schema\\\/person\\\/19664196c9bfdcda126f3c27709f7d11\"},\"headline\":\"Guerre contre l\u2019Iran : D\u00e9mission choc au sommet du renseignement am\u00e9ricain\",\"datePublished\":\"2026-03-17T15:29:32+00:00\",\"dateModified\":\"2026-03-17T16:48:44+00:00\",\"mainEntityOfPage\":{\"@id\":\"https:\\\/\\\/www.webdo.tn\\\/fr\\\/actualite\\\/international\\\/guerre-contre-liran-demission-choc-au-sommet-du-renseignement-americain\\\/394776\\\/\"},\"wordCount\":396,\"publisher\":{\"@id\":\"https:\\\/\\\/www.webdo.tn\\\/fr\\\/#organization\"},\"image\":{\"@id\":\"https:\\\/\\\/www.webdo.tn\\\/fr\\\/actualite\\\/international\\\/guerre-contre-liran-demission-choc-au-sommet-du-renseignement-americain\\\/394776\\\/#primaryimage\"},\"thumbnailUrl\":\"https:\\\/\\\/www.webdo.tn\\\/fr\\\/wp-content\\\/uploads\\\/2026\\\/03\\\/joe-kent.jpg\",\"keywords\":[\"Etats-Unis\",\"Joe Kent\",\"trump\"],\"articleSection\":[\"International\"],\"inLanguage\":\"fr-FR\"},{\"@type\":\"WebPage\",\"@id\":\"https:\\\/\\\/www.webdo.tn\\\/fr\\\/actualite\\\/international\\\/guerre-contre-liran-demission-choc-au-sommet-du-renseignement-americain\\\/394776\\\/\",\"url\":\"https:\\\/\\\/www.webdo.tn\\\/fr\\\/actualite\\\/international\\\/guerre-contre-liran-demission-choc-au-sommet-du-renseignement-americain\\\/394776\\\/\",\"name\":\"Guerre contre l\u2019Iran : D\u00e9mission choc au sommet du renseignement am\u00e9ricain - webdo\",\"isPartOf\":{\"@id\":\"https:\\\/\\\/www.webdo.tn\\\/fr\\\/#website\"},\"primaryImageOfPage\":{\"@id\":\"https:\\\/\\\/www.webdo.tn\\\/fr\\\/actualite\\\/international\\\/guerre-contre-liran-demission-choc-au-sommet-du-renseignement-americain\\\/394776\\\/#primaryimage\"},\"image\":{\"@id\":\"https:\\\/\\\/www.webdo.tn\\\/fr\\\/actualite\\\/international\\\/guerre-contre-liran-demission-choc-au-sommet-du-renseignement-americain\\\/394776\\\/#primaryimage\"},\"thumbnailUrl\":\"https:\\\/\\\/www.webdo.tn\\\/fr\\\/wp-content\\\/uploads\\\/2026\\\/03\\\/joe-kent.jpg\",\"datePublished\":\"2026-03-17T15:29:32+00:00\",\"dateModified\":\"2026-03-17T16:48:44+00:00\",\"description\":\"D\u00e9couvrez les d\u00e9tails de la d\u00e9mission choc de Joe Kent sur la guerre contre l\u2019Iran et le renseignement am\u00e9ricain.\",\"breadcrumb\":{\"@id\":\"https:\\\/\\\/www.webdo.tn\\\/fr\\\/actualite\\\/international\\\/guerre-contre-liran-demission-choc-au-sommet-du-renseignement-americain\\\/394776\\\/#breadcrumb\"},\"inLanguage\":\"fr-FR\",\"potentialAction\":[{\"@type\":\"ReadAction\",\"target\":[\"https:\\\/\\\/www.webdo.tn\\\/fr\\\/actualite\\\/international\\\/guerre-contre-liran-demission-choc-au-sommet-du-renseignement-americain\\\/394776\\\/\"]}]},{\"@type\":\"ImageObject\",\"inLanguage\":\"fr-FR\",\"@id\":\"https:\\\/\\\/www.webdo.tn\\\/fr\\\/actualite\\\/international\\\/guerre-contre-liran-demission-choc-au-sommet-du-renseignement-americain\\\/394776\\\/#primaryimage\",\"url\":\"https:\\\/\\\/www.webdo.tn\\\/fr\\\/wp-content\\\/uploads\\\/2026\\\/03\\\/joe-kent.jpg\",\"contentUrl\":\"https:\\\/\\\/www.webdo.tn\\\/fr\\\/wp-content\\\/uploads\\\/2026\\\/03\\\/joe-kent.jpg\",\"width\":1200,\"height\":600,\"caption\":\"Joe Kent, directeur du contreterrorisme am\u00e9ricain, d\u00e9missionne sur fond de guerre contre l\u2019Iran\"},{\"@type\":\"BreadcrumbList\",\"@id\":\"https:\\\/\\\/www.webdo.tn\\\/fr\\\/actualite\\\/international\\\/guerre-contre-liran-demission-choc-au-sommet-du-renseignement-americain\\\/394776\\\/#breadcrumb\",\"itemListElement\":[{\"@type\":\"ListItem\",\"position\":1,\"name\":\"Accueil\",\"item\":\"https:\\\/\\\/www.webdo.tn\\\/fr\\\/\"},{\"@type\":\"ListItem\",\"position\":2,\"name\":\"Guerre contre l\u2019Iran : D\u00e9mission choc au sommet du renseignement am\u00e9ricain\"}]},{\"@type\":\"WebSite\",\"@id\":\"https:\\\/\\\/www.webdo.tn\\\/fr\\\/#website\",\"url\":\"https:\\\/\\\/www.webdo.tn\\\/fr\\\/\",\"name\":\"webdo\",\"description\":\"Tunisie - News en Tunisie et \u00e0 l&#039;international sur Webdo.tn\",\"publisher\":{\"@id\":\"https:\\\/\\\/www.webdo.tn\\\/fr\\\/#organization\"},\"potentialAction\":[{\"@type\":\"SearchAction\",\"target\":{\"@type\":\"EntryPoint\",\"urlTemplate\":\"https:\\\/\\\/www.webdo.tn\\\/fr\\\/?s={search_term_string}\"},\"query-input\":{\"@type\":\"PropertyValueSpecification\",\"valueRequired\":true,\"valueName\":\"search_term_string\"}}],\"inLanguage\":\"fr-FR\"},{\"@type\":\"Organization\",\"@id\":\"https:\\\/\\\/www.webdo.tn\\\/fr\\\/#organization\",\"name\":\"Webdo\",\"alternateName\":\"Webdo.tn\",\"url\":\"https:\\\/\\\/www.webdo.tn\\\/fr\\\/\",\"logo\":{\"@type\":\"ImageObject\",\"inLanguage\":\"fr-FR\",\"@id\":\"https:\\\/\\\/www.webdo.tn\\\/fr\\\/#\\\/schema\\\/logo\\\/image\\\/\",\"url\":\"https:\\\/\\\/www.webdo.tn\\\/fr\\\/wp-content\\\/uploads\\\/2025\\\/06\\\/Webdo-Tunisie_168377.jpg\",\"contentUrl\":\"https:\\\/\\\/www.webdo.tn\\\/fr\\\/wp-content\\\/uploads\\\/2025\\\/06\\\/Webdo-Tunisie_168377.jpg\",\"width\":301,\"height\":301,\"caption\":\"Webdo\"},\"image\":{\"@id\":\"https:\\\/\\\/www.webdo.tn\\\/fr\\\/#\\\/schema\\\/logo\\\/image\\\/\"},\"sameAs\":[\"https:\\\/\\\/www.facebook.com\\\/webdotn\",\"https:\\\/\\\/x.com\\\/webdo_tn\"],\"description\":\"Webdo est un m\u00e9dia num\u00e9rique tunisien fond\u00e9 en 2010, sp\u00e9cialis\u00e9 dans l\u2019actualit\u00e9 nationale et internationale, l\u2019\u00e9conomie, la soci\u00e9t\u00e9 et les analyses politiques. Le site s\u2019adresse \u00e0 un large public francophone et couvre l\u2019information tunisienne en temps r\u00e9el.\",\"email\":\"redac@webdo.tn\",\"legalName\":\"YNJ SARL\",\"foundingDate\":\"2010-09-06\",\"numberOfEmployees\":{\"@type\":\"QuantitativeValue\",\"minValue\":\"11\",\"maxValue\":\"50\"}},{\"@type\":\"Person\",\"@id\":\"https:\\\/\\\/www.webdo.tn\\\/fr\\\/#\\\/schema\\\/person\\\/19664196c9bfdcda126f3c27709f7d11\",\"name\":\"Firas Ben Abdeltif\",\"image\":{\"@type\":\"ImageObject\",\"inLanguage\":\"fr-FR\",\"@id\":\"https:\\\/\\\/secure.gravatar.com\\\/avatar\\\/161a347d40df098a084778c52ed133dbd85f14df003867067c5948081241ec55?s=96&d=mm&r=g\",\"url\":\"https:\\\/\\\/secure.gravatar.com\\\/avatar\\\/161a347d40df098a084778c52ed133dbd85f14df003867067c5948081241ec55?s=96&d=mm&r=g\",\"contentUrl\":\"https:\\\/\\\/secure.gravatar.com\\\/avatar\\\/161a347d40df098a084778c52ed133dbd85f14df003867067c5948081241ec55?s=96&d=mm&r=g\",\"caption\":\"Firas Ben Abdeltif\"},\"url\":\"https:\\\/\\\/www.webdo.tn\\\/fr\\\/actualite\\\/author\\\/firas-ben-abdeltif\\\/\"}]}<\/script>\n<!-- \/ Yoast SEO Premium plugin. -->","yoast_head_json":{"title":"Guerre contre l\u2019Iran : D\u00e9mission choc au sommet du renseignement am\u00e9ricain - webdo","description":"D\u00e9couvrez les d\u00e9tails de la d\u00e9mission choc de Joe Kent sur la guerre contre l\u2019Iran et le renseignement am\u00e9ricain.","canonical":"https:\/\/www.webdo.tn\/fr\/actualite\/international\/guerre-contre-liran-demission-choc-au-sommet-du-renseignement-americain\/394776\/","og_locale":"fr_FR","og_type":"article","og_title":"Guerre contre l\u2019Iran : D\u00e9mission choc au sommet du renseignement am\u00e9ricain","og_description":"D\u00e9couvrez les d\u00e9tails de la d\u00e9mission choc de Joe Kent sur la guerre contre l\u2019Iran et le renseignement am\u00e9ricain.","og_url":"https:\/\/www.webdo.tn\/fr\/actualite\/international\/guerre-contre-liran-demission-choc-au-sommet-du-renseignement-americain\/394776\/","og_site_name":"webdo","article_publisher":"https:\/\/www.facebook.com\/webdotn","article_published_time":"2026-03-17T15:29:32+00:00","article_modified_time":"2026-03-17T16:48:44+00:00","og_image":[{"width":1200,"height":600,"url":"https:\/\/www.webdo.tn\/fr\/wp-content\/uploads\/2026\/03\/joe-kent.jpg","type":"image\/jpeg"}],"author":"Firas Ben Abdeltif","twitter_card":"summary_large_image","twitter_creator":"@webdo_tn","twitter_site":"@webdo_tn","twitter_misc":{"\u00c9crit par":"Firas Ben Abdeltif","Dur\u00e9e de lecture estim\u00e9e":"2 minutes"},"schema":{"@context":"https:\/\/schema.org","@graph":[{"@type":"NewsArticle","@id":"https:\/\/www.webdo.tn\/fr\/actualite\/international\/guerre-contre-liran-demission-choc-au-sommet-du-renseignement-americain\/394776\/#article","isPartOf":{"@id":"https:\/\/www.webdo.tn\/fr\/actualite\/international\/guerre-contre-liran-demission-choc-au-sommet-du-renseignement-americain\/394776\/"},"author":{"name":"Firas Ben Abdeltif","@id":"https:\/\/www.webdo.tn\/fr\/#\/schema\/person\/19664196c9bfdcda126f3c27709f7d11"},"headline":"Guerre contre l\u2019Iran : D\u00e9mission choc au sommet du renseignement am\u00e9ricain","datePublished":"2026-03-17T15:29:32+00:00","dateModified":"2026-03-17T16:48:44+00:00","mainEntityOfPage":{"@id":"https:\/\/www.webdo.tn\/fr\/actualite\/international\/guerre-contre-liran-demission-choc-au-sommet-du-renseignement-americain\/394776\/"},"wordCount":396,"publisher":{"@id":"https:\/\/www.webdo.tn\/fr\/#organization"},"image":{"@id":"https:\/\/www.webdo.tn\/fr\/actualite\/international\/guerre-contre-liran-demission-choc-au-sommet-du-renseignement-americain\/394776\/#primaryimage"},"thumbnailUrl":"https:\/\/www.webdo.tn\/fr\/wp-content\/uploads\/2026\/03\/joe-kent.jpg","keywords":["Etats-Unis","Joe Kent","trump"],"articleSection":["International"],"inLanguage":"fr-FR"},{"@type":"WebPage","@id":"https:\/\/www.webdo.tn\/fr\/actualite\/international\/guerre-contre-liran-demission-choc-au-sommet-du-renseignement-americain\/394776\/","url":"https:\/\/www.webdo.tn\/fr\/actualite\/international\/guerre-contre-liran-demission-choc-au-sommet-du-renseignement-americain\/394776\/","name":"Guerre contre l\u2019Iran : D\u00e9mission choc au sommet du renseignement am\u00e9ricain - webdo","isPartOf":{"@id":"https:\/\/www.webdo.tn\/fr\/#website"},"primaryImageOfPage":{"@id":"https:\/\/www.webdo.tn\/fr\/actualite\/international\/guerre-contre-liran-demission-choc-au-sommet-du-renseignement-americain\/394776\/#primaryimage"},"image":{"@id":"https:\/\/www.webdo.tn\/fr\/actualite\/international\/guerre-contre-liran-demission-choc-au-sommet-du-renseignement-americain\/394776\/#primaryimage"},"thumbnailUrl":"https:\/\/www.webdo.tn\/fr\/wp-content\/uploads\/2026\/03\/joe-kent.jpg","datePublished":"2026-03-17T15:29:32+00:00","dateModified":"2026-03-17T16:48:44+00:00","description":"D\u00e9couvrez les d\u00e9tails de la d\u00e9mission choc de Joe Kent sur la guerre contre l\u2019Iran et le renseignement am\u00e9ricain.","breadcrumb":{"@id":"https:\/\/www.webdo.tn\/fr\/actualite\/international\/guerre-contre-liran-demission-choc-au-sommet-du-renseignement-americain\/394776\/#breadcrumb"},"inLanguage":"fr-FR","potentialAction":[{"@type":"ReadAction","target":["https:\/\/www.webdo.tn\/fr\/actualite\/international\/guerre-contre-liran-demission-choc-au-sommet-du-renseignement-americain\/394776\/"]}]},{"@type":"ImageObject","inLanguage":"fr-FR","@id":"https:\/\/www.webdo.tn\/fr\/actualite\/international\/guerre-contre-liran-demission-choc-au-sommet-du-renseignement-americain\/394776\/#primaryimage","url":"https:\/\/www.webdo.tn\/fr\/wp-content\/uploads\/2026\/03\/joe-kent.jpg","contentUrl":"https:\/\/www.webdo.tn\/fr\/wp-content\/uploads\/2026\/03\/joe-kent.jpg","width":1200,"height":600,"caption":"Joe Kent, directeur du contreterrorisme am\u00e9ricain, d\u00e9missionne sur fond de guerre contre l\u2019Iran"},{"@type":"BreadcrumbList","@id":"https:\/\/www.webdo.tn\/fr\/actualite\/international\/guerre-contre-liran-demission-choc-au-sommet-du-renseignement-americain\/394776\/#breadcrumb","itemListElement":[{"@type":"ListItem","position":1,"name":"Accueil","item":"https:\/\/www.webdo.tn\/fr\/"},{"@type":"ListItem","position":2,"name":"Guerre contre l\u2019Iran : D\u00e9mission choc au sommet du renseignement am\u00e9ricain"}]},{"@type":"WebSite","@id":"https:\/\/www.webdo.tn\/fr\/#website","url":"https:\/\/www.webdo.tn\/fr\/","name":"webdo","description":"Tunisie - News en Tunisie et \u00e0 l&#039;international sur Webdo.tn","publisher":{"@id":"https:\/\/www.webdo.tn\/fr\/#organization"},"potentialAction":[{"@type":"SearchAction","target":{"@type":"EntryPoint","urlTemplate":"https:\/\/www.webdo.tn\/fr\/?s={search_term_string}"},"query-input":{"@type":"PropertyValueSpecification","valueRequired":true,"valueName":"search_term_string"}}],"inLanguage":"fr-FR"},{"@type":"Organization","@id":"https:\/\/www.webdo.tn\/fr\/#organization","name":"Webdo","alternateName":"Webdo.tn","url":"https:\/\/www.webdo.tn\/fr\/","logo":{"@type":"ImageObject","inLanguage":"fr-FR","@id":"https:\/\/www.webdo.tn\/fr\/#\/schema\/logo\/image\/","url":"https:\/\/www.webdo.tn\/fr\/wp-content\/uploads\/2025\/06\/Webdo-Tunisie_168377.jpg","contentUrl":"https:\/\/www.webdo.tn\/fr\/wp-content\/uploads\/2025\/06\/Webdo-Tunisie_168377.jpg","width":301,"height":301,"caption":"Webdo"},"image":{"@id":"https:\/\/www.webdo.tn\/fr\/#\/schema\/logo\/image\/"},"sameAs":["https:\/\/www.facebook.com\/webdotn","https:\/\/x.com\/webdo_tn"],"description":"Webdo est un m\u00e9dia num\u00e9rique tunisien fond\u00e9 en 2010, sp\u00e9cialis\u00e9 dans l\u2019actualit\u00e9 nationale et internationale, l\u2019\u00e9conomie, la soci\u00e9t\u00e9 et les analyses politiques. Le site s\u2019adresse \u00e0 un large public francophone et couvre l\u2019information tunisienne en temps r\u00e9el.","email":"redac@webdo.tn","legalName":"YNJ SARL","foundingDate":"2010-09-06","numberOfEmployees":{"@type":"QuantitativeValue","minValue":"11","maxValue":"50"}},{"@type":"Person","@id":"https:\/\/www.webdo.tn\/fr\/#\/schema\/person\/19664196c9bfdcda126f3c27709f7d11","name":"Firas Ben Abdeltif","image":{"@type":"ImageObject","inLanguage":"fr-FR","@id":"https:\/\/secure.gravatar.com\/avatar\/161a347d40df098a084778c52ed133dbd85f14df003867067c5948081241ec55?s=96&d=mm&r=g","url":"https:\/\/secure.gravatar.com\/avatar\/161a347d40df098a084778c52ed133dbd85f14df003867067c5948081241ec55?s=96&d=mm&r=g","contentUrl":"https:\/\/secure.gravatar.com\/avatar\/161a347d40df098a084778c52ed133dbd85f14df003867067c5948081241ec55?s=96&d=mm&r=g","caption":"Firas Ben Abdeltif"},"url":"https:\/\/www.webdo.tn\/fr\/actualite\/author\/firas-ben-abdeltif\/"}]}},"_links":{"self":[{"href":"https:\/\/www.webdo.tn\/fr\/wp-json\/wp\/v2\/posts\/394776","targetHints":{"allow":["GET"]}}],"collection":[{"href":"https:\/\/www.webdo.tn\/fr\/wp-json\/wp\/v2\/posts"}],"about":[{"href":"https:\/\/www.webdo.tn\/fr\/wp-json\/wp\/v2\/types\/post"}],"author":[{"embeddable":true,"href":"https:\/\/www.webdo.tn\/fr\/wp-json\/wp\/v2\/users\/4779"}],"replies":[{"embeddable":true,"href":"https:\/\/www.webdo.tn\/fr\/wp-json\/wp\/v2\/comments?post=394776"}],"version-history":[{"count":0,"href":"https:\/\/www.webdo.tn\/fr\/wp-json\/wp\/v2\/posts\/394776\/revisions"}],"wp:featuredmedia":[{"embeddable":true,"href":"https:\/\/www.webdo.tn\/fr\/wp-json\/wp\/v2\/media\/394778"}],"wp:attachment":[{"href":"https:\/\/www.webdo.tn\/fr\/wp-json\/wp\/v2\/media?parent=394776"}],"wp:term":[{"taxonomy":"category","embeddable":true,"href":"https:\/\/www.webdo.tn\/fr\/wp-json\/wp\/v2\/categories?post=394776"},{"taxonomy":"post_tag","embeddable":true,"href":"https:\/\/www.webdo.tn\/fr\/wp-json\/wp\/v2\/tags?post=394776"}],"curies":[{"name":"wp","href":"https:\/\/api.w.org\/{rel}","templated":true}]}}