{"id":394756,"date":"2026-03-17T11:51:12","date_gmt":"2026-03-17T10:51:12","guid":{"rendered":"https:\/\/www.webdo.tn\/fr\/?p=394756"},"modified":"2026-03-17T11:51:14","modified_gmt":"2026-03-17T10:51:14","slug":"subventions-detournees-les-libyens-sonnent-lalarme-sur-les-flux-vers-la-tunisie","status":"publish","type":"post","link":"https:\/\/www.webdo.tn\/fr\/actualite\/international\/subventions-detournees-les-libyens-sonnent-lalarme-sur-les-flux-vers-la-tunisie\/394756\/","title":{"rendered":"Subventions d\u00e9tourn\u00e9es : Les Libyens sonnent l\u2019alarme sur les flux vers la Tunisie"},"content":{"rendered":"\n<p id=\"h-\"><\/p>\n\n\n\n<p><strong>En Libye, voix s&rsquo;\u00e9l\u00e8vent sur les r\u00e9seaux sociaux alertant contre ce qu\u2019ils qualifient de \u00ab\u202ffuite commerciale\u202f\u00bb vers la Tunisie. Selon eux, les produits subventionn\u00e9s par l\u2019\u00c9tat libyen \u2014 carburant, denr\u00e9es alimentaires, v\u00eatements, appareils \u00e9lectriques et mat\u00e9riaux de construction \u2014 sont massivement achet\u00e9s par des Tunisiens et transport\u00e9s \u00e0 travers la fronti\u00e8re, privant les Libyens de l\u2019acc\u00e8s \u00e0 ces biens \u00e0 prix r\u00e9duits et accentuant la pression sur le dinar libyen.<\/strong><\/p>\n\n\n\n<p>Ces voix r\u00e9clament des mesures pour \u00ab\u202fprot\u00e9ger le consommateur libyen\u202f\u00bb et limiter les achats transfrontaliers, afin que les subventions b\u00e9n\u00e9ficient en priorit\u00e9 \u00e0 la population locale et non au march\u00e9 parall\u00e8le.<\/p>\n\n\n\n<h3 class=\"wp-block-heading\" id=\"h-un-probleme-complexe\">Un probl\u00e8me complexe<\/h3>\n\n\n\n<p>Si ce constat traduit une pr\u00e9occupation r\u00e9elle, l\u2019analyse \u00e9conomique montre que le probl\u00e8me est plus nuanc\u00e9. Les \u00e9changes entre la Tunisie et la Libye sont \u00e0 la fois formels et informels. Le commerce l\u00e9gal entre les deux pays repr\u00e9sente plusieurs centaines de millions de dollars chaque ann\u00e9e, avec des exportations tunisiennes majoritairement concentr\u00e9es sur l\u2019alimentation, les produits manufactur\u00e9s et les biens de consommation. <\/p>\n\n\n\n<p>Selon les statistiques douani\u00e8res tunisiennes, les exportations vers la Libye ont atteint pr\u00e8s de 1,2 milliard de dollars en 2025, un chiffre en hausse de 8\u202f% par rapport \u00e0 2024.<\/p>\n\n\n\n<p>En parall\u00e8le, le commerce informel ou de contrebande reste difficile \u00e0 chiffrer mais est reconnu comme significatif. Il contribue \u00e0 des tensions \u00e9conomiques c\u00f4t\u00e9 libyen, notamment par la rar\u00e9faction de certains produits subventionn\u00e9s et la d\u00e9pr\u00e9ciation du dinar libyen dans certaines r\u00e9gions frontali\u00e8res. Toutefois, il alimente \u00e9galement l\u2019\u00e9conomie tunisienne et r\u00e9pond \u00e0 une demande r\u00e9elle des consommateurs tunisiens pour des produits \u00e0 moindre co\u00fbt.<\/p>\n\n\n\n<h2 class=\"wp-block-heading\" id=\"h-defi-pour-les-autorites-libyennes\">D\u00e9fi pour les autorit\u00e9s libyennes<\/h2>\n\n\n\n<p>Le d\u00e9fi pour les autorit\u00e9s libyennes consiste donc \u00e0 concilier deux objectifs\u202f: prot\u00e9ger le pouvoir d\u2019achat local et r\u00e9guler les flux transfrontaliers sans nuire aux \u00e9changes bilat\u00e9raux officiels. Pour la Tunisie, le maintien d\u2019un commerce l\u00e9gal structur\u00e9 avec la Libye reste crucial, tant pour les entreprises exportatrices que pour l\u2019\u00e9conomie r\u00e9gionale.<\/p>\n\n\n\n<p>En r\u00e9sum\u00e9, la \u00ab\u202ffuite commerciale\u202f\u00bb d\u00e9nonc\u00e9e par ces voix en Libye met en lumi\u00e8re un d\u00e9s\u00e9quilibre entre besoins locaux et opportunit\u00e9s transfrontali\u00e8res. La solution passerait probablement par une coop\u00e9ration bilat\u00e9rale renforc\u00e9e, combinant contr\u00f4le douanier, r\u00e9gulation des subventions et soutien au commerce officiel.<\/p>\n\n\n\n<p class=\"has-medium-font-size\"><strong>Lire aussi : <\/strong><a href=\"https:\/\/www.webdo.tn\/fr\/actualite\/national\/tunisie-le-boom-des-exportations-de-fruits-en-2025\/392018\/\" type=\"link\" id=\"https:\/\/www.webdo.tn\/fr\/actualite\/national\/tunisie-le-boom-des-exportations-de-fruits-en-2025\/392018\/\">Tunisie : Le boom des exportations de fruits en 2025<br><\/a><\/p>\n\n\n\n<p><\/p>\n","protected":false},"excerpt":{"rendered":"<p>En Libye, voix s&rsquo;\u00e9l\u00e8vent sur les r\u00e9seaux sociaux alertant contre ce qu\u2019ils qualifient de \u00ab\u202ffuite commerciale\u202f\u00bb vers la Tunisie. Selon eux, les produits subventionn\u00e9s par l\u2019\u00c9tat libyen \u2014 carburant, denr\u00e9es alimentaires, v\u00eatements, appareils \u00e9lectriques et mat\u00e9riaux de construction \u2014 sont massivement achet\u00e9s par des Tunisiens et transport\u00e9s \u00e0 travers la fronti\u00e8re, privant les Libyens de [&hellip;]<\/p>\n","protected":false},"author":3184,"featured_media":394757,"comment_status":"closed","ping_status":"closed","sticky":false,"template":"","format":"standard","meta":{"footnotes":""},"categories":[2598],"tags":[3482,3279,2608],"class_list":["post-394756","post","type-post","status-publish","format-standard","has-post-thumbnail","hentry","category-international","tag-commerce","tag-libye","tag-tunisie"],"yoast_head":"<!-- This site is optimized with the Yoast SEO Premium plugin v27.5 (Yoast SEO v27.5) - https:\/\/yoast.com\/product\/yoast-seo-premium-wordpress\/ -->\n<title>Subventions d\u00e9tourn\u00e9es : Les Libyens sonnent l\u2019alarme sur les flux vers la Tunisie - webdo<\/title>\n<meta name=\"description\" content=\"D\u00e9couvrez comment la fuite commerciale vers la Tunisie impacte les Libyens et leurs acc\u00e8s aux biens subventionn\u00e9s.\" \/>\n<link rel=\"canonical\" href=\"https:\/\/www.webdo.tn\/fr\/actualite\/international\/subventions-detournees-les-libyens-sonnent-lalarme-sur-les-flux-vers-la-tunisie\/394756\/\" \/>\n<meta property=\"og:locale\" content=\"fr_FR\" \/>\n<meta property=\"og:type\" content=\"article\" \/>\n<meta property=\"og:title\" content=\"Subventions d\u00e9tourn\u00e9es : Les Libyens sonnent l\u2019alarme sur les flux vers la Tunisie\" \/>\n<meta property=\"og:description\" content=\"D\u00e9couvrez comment la fuite commerciale vers la Tunisie impacte les Libyens et leurs acc\u00e8s aux biens subventionn\u00e9s.\" \/>\n<meta property=\"og:url\" content=\"https:\/\/www.webdo.tn\/fr\/actualite\/international\/subventions-detournees-les-libyens-sonnent-lalarme-sur-les-flux-vers-la-tunisie\/394756\/\" \/>\n<meta property=\"og:site_name\" content=\"webdo\" \/>\n<meta property=\"article:publisher\" content=\"https:\/\/www.facebook.com\/webdotn\" \/>\n<meta property=\"article:published_time\" content=\"2026-03-17T10:51:12+00:00\" \/>\n<meta property=\"article:modified_time\" content=\"2026-03-17T10:51:14+00:00\" \/>\n<meta property=\"og:image\" content=\"https:\/\/www.webdo.tn\/fr\/wp-content\/uploads\/2026\/03\/ras-jedir.jpg\" \/>\n\t<meta property=\"og:image:width\" content=\"1200\" \/>\n\t<meta property=\"og:image:height\" content=\"600\" \/>\n\t<meta property=\"og:image:type\" content=\"image\/jpeg\" \/>\n<meta name=\"author\" content=\"Wided Belhaj\" \/>\n<meta name=\"twitter:card\" content=\"summary_large_image\" \/>\n<meta name=\"twitter:creator\" content=\"@webdo_tn\" \/>\n<meta name=\"twitter:site\" content=\"@webdo_tn\" \/>\n<meta name=\"twitter:label1\" content=\"\u00c9crit par\" \/>\n\t<meta name=\"twitter:data1\" content=\"Wided Belhaj\" \/>\n\t<meta name=\"twitter:label2\" content=\"Dur\u00e9e de lecture estim\u00e9e\" \/>\n\t<meta name=\"twitter:data2\" content=\"3 minutes\" \/>\n<script type=\"application\/ld+json\" class=\"yoast-schema-graph\">{\"@context\":\"https:\\\/\\\/schema.org\",\"@graph\":[{\"@type\":\"NewsArticle\",\"@id\":\"https:\\\/\\\/www.webdo.tn\\\/fr\\\/actualite\\\/international\\\/subventions-detournees-les-libyens-sonnent-lalarme-sur-les-flux-vers-la-tunisie\\\/394756\\\/#article\",\"isPartOf\":{\"@id\":\"https:\\\/\\\/www.webdo.tn\\\/fr\\\/actualite\\\/international\\\/subventions-detournees-les-libyens-sonnent-lalarme-sur-les-flux-vers-la-tunisie\\\/394756\\\/\"},\"author\":{\"name\":\"Wided Belhaj\",\"@id\":\"https:\\\/\\\/www.webdo.tn\\\/fr\\\/#\\\/schema\\\/person\\\/b9ecde7a5574cb4fcf4b496ea5fadb15\"},\"headline\":\"Subventions d\u00e9tourn\u00e9es : Les Libyens sonnent l\u2019alarme sur les flux vers la Tunisie\",\"datePublished\":\"2026-03-17T10:51:12+00:00\",\"dateModified\":\"2026-03-17T10:51:14+00:00\",\"mainEntityOfPage\":{\"@id\":\"https:\\\/\\\/www.webdo.tn\\\/fr\\\/actualite\\\/international\\\/subventions-detournees-les-libyens-sonnent-lalarme-sur-les-flux-vers-la-tunisie\\\/394756\\\/\"},\"wordCount\":437,\"publisher\":{\"@id\":\"https:\\\/\\\/www.webdo.tn\\\/fr\\\/#organization\"},\"image\":{\"@id\":\"https:\\\/\\\/www.webdo.tn\\\/fr\\\/actualite\\\/international\\\/subventions-detournees-les-libyens-sonnent-lalarme-sur-les-flux-vers-la-tunisie\\\/394756\\\/#primaryimage\"},\"thumbnailUrl\":\"https:\\\/\\\/www.webdo.tn\\\/fr\\\/wp-content\\\/uploads\\\/2026\\\/03\\\/ras-jedir.jpg\",\"keywords\":[\"commerce\",\"Libye\",\"Tunisie\"],\"articleSection\":[\"International\"],\"inLanguage\":\"fr-FR\"},{\"@type\":\"WebPage\",\"@id\":\"https:\\\/\\\/www.webdo.tn\\\/fr\\\/actualite\\\/international\\\/subventions-detournees-les-libyens-sonnent-lalarme-sur-les-flux-vers-la-tunisie\\\/394756\\\/\",\"url\":\"https:\\\/\\\/www.webdo.tn\\\/fr\\\/actualite\\\/international\\\/subventions-detournees-les-libyens-sonnent-lalarme-sur-les-flux-vers-la-tunisie\\\/394756\\\/\",\"name\":\"Subventions d\u00e9tourn\u00e9es : Les Libyens sonnent l\u2019alarme sur les flux vers la Tunisie - webdo\",\"isPartOf\":{\"@id\":\"https:\\\/\\\/www.webdo.tn\\\/fr\\\/#website\"},\"primaryImageOfPage\":{\"@id\":\"https:\\\/\\\/www.webdo.tn\\\/fr\\\/actualite\\\/international\\\/subventions-detournees-les-libyens-sonnent-lalarme-sur-les-flux-vers-la-tunisie\\\/394756\\\/#primaryimage\"},\"image\":{\"@id\":\"https:\\\/\\\/www.webdo.tn\\\/fr\\\/actualite\\\/international\\\/subventions-detournees-les-libyens-sonnent-lalarme-sur-les-flux-vers-la-tunisie\\\/394756\\\/#primaryimage\"},\"thumbnailUrl\":\"https:\\\/\\\/www.webdo.tn\\\/fr\\\/wp-content\\\/uploads\\\/2026\\\/03\\\/ras-jedir.jpg\",\"datePublished\":\"2026-03-17T10:51:12+00:00\",\"dateModified\":\"2026-03-17T10:51:14+00:00\",\"description\":\"D\u00e9couvrez comment la fuite commerciale vers la Tunisie impacte les Libyens et leurs acc\u00e8s aux biens subventionn\u00e9s.\",\"breadcrumb\":{\"@id\":\"https:\\\/\\\/www.webdo.tn\\\/fr\\\/actualite\\\/international\\\/subventions-detournees-les-libyens-sonnent-lalarme-sur-les-flux-vers-la-tunisie\\\/394756\\\/#breadcrumb\"},\"inLanguage\":\"fr-FR\",\"potentialAction\":[{\"@type\":\"ReadAction\",\"target\":[\"https:\\\/\\\/www.webdo.tn\\\/fr\\\/actualite\\\/international\\\/subventions-detournees-les-libyens-sonnent-lalarme-sur-les-flux-vers-la-tunisie\\\/394756\\\/\"]}]},{\"@type\":\"ImageObject\",\"inLanguage\":\"fr-FR\",\"@id\":\"https:\\\/\\\/www.webdo.tn\\\/fr\\\/actualite\\\/international\\\/subventions-detournees-les-libyens-sonnent-lalarme-sur-les-flux-vers-la-tunisie\\\/394756\\\/#primaryimage\",\"url\":\"https:\\\/\\\/www.webdo.tn\\\/fr\\\/wp-content\\\/uploads\\\/2026\\\/03\\\/ras-jedir.jpg\",\"contentUrl\":\"https:\\\/\\\/www.webdo.tn\\\/fr\\\/wp-content\\\/uploads\\\/2026\\\/03\\\/ras-jedir.jpg\",\"width\":1200,\"height\":600,\"caption\":\"Ras Jedir\"},{\"@type\":\"BreadcrumbList\",\"@id\":\"https:\\\/\\\/www.webdo.tn\\\/fr\\\/actualite\\\/international\\\/subventions-detournees-les-libyens-sonnent-lalarme-sur-les-flux-vers-la-tunisie\\\/394756\\\/#breadcrumb\",\"itemListElement\":[{\"@type\":\"ListItem\",\"position\":1,\"name\":\"Accueil\",\"item\":\"https:\\\/\\\/www.webdo.tn\\\/fr\\\/\"},{\"@type\":\"ListItem\",\"position\":2,\"name\":\"Subventions d\u00e9tourn\u00e9es : Les Libyens sonnent l\u2019alarme sur les flux vers la Tunisie\"}]},{\"@type\":\"WebSite\",\"@id\":\"https:\\\/\\\/www.webdo.tn\\\/fr\\\/#website\",\"url\":\"https:\\\/\\\/www.webdo.tn\\\/fr\\\/\",\"name\":\"webdo\",\"description\":\"Tunisie - News en Tunisie et \u00e0 l&#039;international sur Webdo.tn\",\"publisher\":{\"@id\":\"https:\\\/\\\/www.webdo.tn\\\/fr\\\/#organization\"},\"potentialAction\":[{\"@type\":\"SearchAction\",\"target\":{\"@type\":\"EntryPoint\",\"urlTemplate\":\"https:\\\/\\\/www.webdo.tn\\\/fr\\\/?s={search_term_string}\"},\"query-input\":{\"@type\":\"PropertyValueSpecification\",\"valueRequired\":true,\"valueName\":\"search_term_string\"}}],\"inLanguage\":\"fr-FR\"},{\"@type\":\"Organization\",\"@id\":\"https:\\\/\\\/www.webdo.tn\\\/fr\\\/#organization\",\"name\":\"Webdo\",\"alternateName\":\"Webdo.tn\",\"url\":\"https:\\\/\\\/www.webdo.tn\\\/fr\\\/\",\"logo\":{\"@type\":\"ImageObject\",\"inLanguage\":\"fr-FR\",\"@id\":\"https:\\\/\\\/www.webdo.tn\\\/fr\\\/#\\\/schema\\\/logo\\\/image\\\/\",\"url\":\"https:\\\/\\\/www.webdo.tn\\\/fr\\\/wp-content\\\/uploads\\\/2025\\\/06\\\/Webdo-Tunisie_168377.jpg\",\"contentUrl\":\"https:\\\/\\\/www.webdo.tn\\\/fr\\\/wp-content\\\/uploads\\\/2025\\\/06\\\/Webdo-Tunisie_168377.jpg\",\"width\":301,\"height\":301,\"caption\":\"Webdo\"},\"image\":{\"@id\":\"https:\\\/\\\/www.webdo.tn\\\/fr\\\/#\\\/schema\\\/logo\\\/image\\\/\"},\"sameAs\":[\"https:\\\/\\\/www.facebook.com\\\/webdotn\",\"https:\\\/\\\/x.com\\\/webdo_tn\"],\"description\":\"Webdo est un m\u00e9dia num\u00e9rique tunisien fond\u00e9 en 2010, sp\u00e9cialis\u00e9 dans l\u2019actualit\u00e9 nationale et internationale, l\u2019\u00e9conomie, la soci\u00e9t\u00e9 et les analyses politiques. Le site s\u2019adresse \u00e0 un large public francophone et couvre l\u2019information tunisienne en temps r\u00e9el.\",\"email\":\"redac@webdo.tn\",\"legalName\":\"YNJ SARL\",\"foundingDate\":\"2010-09-06\",\"numberOfEmployees\":{\"@type\":\"QuantitativeValue\",\"minValue\":\"11\",\"maxValue\":\"50\"}},{\"@type\":\"Person\",\"@id\":\"https:\\\/\\\/www.webdo.tn\\\/fr\\\/#\\\/schema\\\/person\\\/b9ecde7a5574cb4fcf4b496ea5fadb15\",\"name\":\"Wided Belhaj\",\"image\":{\"@type\":\"ImageObject\",\"inLanguage\":\"fr-FR\",\"@id\":\"https:\\\/\\\/www.webdo.tn\\\/fr\\\/wp-content\\\/uploads\\\/2026\\\/04\\\/wided-belhaj_avatar-96x96.jpg\",\"url\":\"https:\\\/\\\/www.webdo.tn\\\/fr\\\/wp-content\\\/uploads\\\/2026\\\/04\\\/wided-belhaj_avatar-96x96.jpg\",\"contentUrl\":\"https:\\\/\\\/www.webdo.tn\\\/fr\\\/wp-content\\\/uploads\\\/2026\\\/04\\\/wided-belhaj_avatar-96x96.jpg\",\"caption\":\"Wided Belhaj\"},\"description\":\"Wided Belhaj est le pseudonyme \u00e9ditorial utilis\u00e9 par Khalil Jelassi, journaliste, ma\u00eetre-assistant \u00e0 l\u2019Institut de presse et des sciences de l\u2019information (IPSI) et chercheur en sciences de l\u2019information et de la communication. Cette signature est d\u00e9di\u00e9e \u00e0 l\u2019analyse des m\u00e9dias, des pratiques journalistiques et des mutations de l\u2019information \u00e0 l\u2019\u00e8re digitale. \u00c0 travers ses contributions, Wided Belhaj propose une lecture analytique de l\u2019actualit\u00e9, en croisant regard critique et expertise acad\u00e9mique.\",\"knowsAbout\":[\"m\u00e9dias\",\"journalisme\",\"communication\",\"information\",\"transformation num\u00e9rique\",\"analyse des m\u00e9dias\"],\"knowsLanguage\":[\"Fran\u00e7ais\",\"Arabe\"],\"jobTitle\":\"Webdo.tn\",\"worksFor\":\"Journaliste \u2013 Analyse des m\u00e9dias\",\"url\":\"https:\\\/\\\/www.webdo.tn\\\/fr\\\/actualite\\\/author\\\/wided-belhaj\\\/\"}]}<\/script>\n<!-- \/ Yoast SEO Premium plugin. -->","yoast_head_json":{"title":"Subventions d\u00e9tourn\u00e9es : Les Libyens sonnent l\u2019alarme sur les flux vers la Tunisie - webdo","description":"D\u00e9couvrez comment la fuite commerciale vers la Tunisie impacte les Libyens et leurs acc\u00e8s aux biens subventionn\u00e9s.","canonical":"https:\/\/www.webdo.tn\/fr\/actualite\/international\/subventions-detournees-les-libyens-sonnent-lalarme-sur-les-flux-vers-la-tunisie\/394756\/","og_locale":"fr_FR","og_type":"article","og_title":"Subventions d\u00e9tourn\u00e9es : Les Libyens sonnent l\u2019alarme sur les flux vers la Tunisie","og_description":"D\u00e9couvrez comment la fuite commerciale vers la Tunisie impacte les Libyens et leurs acc\u00e8s aux biens subventionn\u00e9s.","og_url":"https:\/\/www.webdo.tn\/fr\/actualite\/international\/subventions-detournees-les-libyens-sonnent-lalarme-sur-les-flux-vers-la-tunisie\/394756\/","og_site_name":"webdo","article_publisher":"https:\/\/www.facebook.com\/webdotn","article_published_time":"2026-03-17T10:51:12+00:00","article_modified_time":"2026-03-17T10:51:14+00:00","og_image":[{"width":1200,"height":600,"url":"https:\/\/www.webdo.tn\/fr\/wp-content\/uploads\/2026\/03\/ras-jedir.jpg","type":"image\/jpeg"}],"author":"Wided Belhaj","twitter_card":"summary_large_image","twitter_creator":"@webdo_tn","twitter_site":"@webdo_tn","twitter_misc":{"\u00c9crit par":"Wided Belhaj","Dur\u00e9e de lecture estim\u00e9e":"3 minutes"},"schema":{"@context":"https:\/\/schema.org","@graph":[{"@type":"NewsArticle","@id":"https:\/\/www.webdo.tn\/fr\/actualite\/international\/subventions-detournees-les-libyens-sonnent-lalarme-sur-les-flux-vers-la-tunisie\/394756\/#article","isPartOf":{"@id":"https:\/\/www.webdo.tn\/fr\/actualite\/international\/subventions-detournees-les-libyens-sonnent-lalarme-sur-les-flux-vers-la-tunisie\/394756\/"},"author":{"name":"Wided Belhaj","@id":"https:\/\/www.webdo.tn\/fr\/#\/schema\/person\/b9ecde7a5574cb4fcf4b496ea5fadb15"},"headline":"Subventions d\u00e9tourn\u00e9es : Les Libyens sonnent l\u2019alarme sur les flux vers la Tunisie","datePublished":"2026-03-17T10:51:12+00:00","dateModified":"2026-03-17T10:51:14+00:00","mainEntityOfPage":{"@id":"https:\/\/www.webdo.tn\/fr\/actualite\/international\/subventions-detournees-les-libyens-sonnent-lalarme-sur-les-flux-vers-la-tunisie\/394756\/"},"wordCount":437,"publisher":{"@id":"https:\/\/www.webdo.tn\/fr\/#organization"},"image":{"@id":"https:\/\/www.webdo.tn\/fr\/actualite\/international\/subventions-detournees-les-libyens-sonnent-lalarme-sur-les-flux-vers-la-tunisie\/394756\/#primaryimage"},"thumbnailUrl":"https:\/\/www.webdo.tn\/fr\/wp-content\/uploads\/2026\/03\/ras-jedir.jpg","keywords":["commerce","Libye","Tunisie"],"articleSection":["International"],"inLanguage":"fr-FR"},{"@type":"WebPage","@id":"https:\/\/www.webdo.tn\/fr\/actualite\/international\/subventions-detournees-les-libyens-sonnent-lalarme-sur-les-flux-vers-la-tunisie\/394756\/","url":"https:\/\/www.webdo.tn\/fr\/actualite\/international\/subventions-detournees-les-libyens-sonnent-lalarme-sur-les-flux-vers-la-tunisie\/394756\/","name":"Subventions d\u00e9tourn\u00e9es : Les Libyens sonnent l\u2019alarme sur les flux vers la Tunisie - webdo","isPartOf":{"@id":"https:\/\/www.webdo.tn\/fr\/#website"},"primaryImageOfPage":{"@id":"https:\/\/www.webdo.tn\/fr\/actualite\/international\/subventions-detournees-les-libyens-sonnent-lalarme-sur-les-flux-vers-la-tunisie\/394756\/#primaryimage"},"image":{"@id":"https:\/\/www.webdo.tn\/fr\/actualite\/international\/subventions-detournees-les-libyens-sonnent-lalarme-sur-les-flux-vers-la-tunisie\/394756\/#primaryimage"},"thumbnailUrl":"https:\/\/www.webdo.tn\/fr\/wp-content\/uploads\/2026\/03\/ras-jedir.jpg","datePublished":"2026-03-17T10:51:12+00:00","dateModified":"2026-03-17T10:51:14+00:00","description":"D\u00e9couvrez comment la fuite commerciale vers la Tunisie impacte les Libyens et leurs acc\u00e8s aux biens subventionn\u00e9s.","breadcrumb":{"@id":"https:\/\/www.webdo.tn\/fr\/actualite\/international\/subventions-detournees-les-libyens-sonnent-lalarme-sur-les-flux-vers-la-tunisie\/394756\/#breadcrumb"},"inLanguage":"fr-FR","potentialAction":[{"@type":"ReadAction","target":["https:\/\/www.webdo.tn\/fr\/actualite\/international\/subventions-detournees-les-libyens-sonnent-lalarme-sur-les-flux-vers-la-tunisie\/394756\/"]}]},{"@type":"ImageObject","inLanguage":"fr-FR","@id":"https:\/\/www.webdo.tn\/fr\/actualite\/international\/subventions-detournees-les-libyens-sonnent-lalarme-sur-les-flux-vers-la-tunisie\/394756\/#primaryimage","url":"https:\/\/www.webdo.tn\/fr\/wp-content\/uploads\/2026\/03\/ras-jedir.jpg","contentUrl":"https:\/\/www.webdo.tn\/fr\/wp-content\/uploads\/2026\/03\/ras-jedir.jpg","width":1200,"height":600,"caption":"Ras Jedir"},{"@type":"BreadcrumbList","@id":"https:\/\/www.webdo.tn\/fr\/actualite\/international\/subventions-detournees-les-libyens-sonnent-lalarme-sur-les-flux-vers-la-tunisie\/394756\/#breadcrumb","itemListElement":[{"@type":"ListItem","position":1,"name":"Accueil","item":"https:\/\/www.webdo.tn\/fr\/"},{"@type":"ListItem","position":2,"name":"Subventions d\u00e9tourn\u00e9es : Les Libyens sonnent l\u2019alarme sur les flux vers la Tunisie"}]},{"@type":"WebSite","@id":"https:\/\/www.webdo.tn\/fr\/#website","url":"https:\/\/www.webdo.tn\/fr\/","name":"webdo","description":"Tunisie - News en Tunisie et \u00e0 l&#039;international sur Webdo.tn","publisher":{"@id":"https:\/\/www.webdo.tn\/fr\/#organization"},"potentialAction":[{"@type":"SearchAction","target":{"@type":"EntryPoint","urlTemplate":"https:\/\/www.webdo.tn\/fr\/?s={search_term_string}"},"query-input":{"@type":"PropertyValueSpecification","valueRequired":true,"valueName":"search_term_string"}}],"inLanguage":"fr-FR"},{"@type":"Organization","@id":"https:\/\/www.webdo.tn\/fr\/#organization","name":"Webdo","alternateName":"Webdo.tn","url":"https:\/\/www.webdo.tn\/fr\/","logo":{"@type":"ImageObject","inLanguage":"fr-FR","@id":"https:\/\/www.webdo.tn\/fr\/#\/schema\/logo\/image\/","url":"https:\/\/www.webdo.tn\/fr\/wp-content\/uploads\/2025\/06\/Webdo-Tunisie_168377.jpg","contentUrl":"https:\/\/www.webdo.tn\/fr\/wp-content\/uploads\/2025\/06\/Webdo-Tunisie_168377.jpg","width":301,"height":301,"caption":"Webdo"},"image":{"@id":"https:\/\/www.webdo.tn\/fr\/#\/schema\/logo\/image\/"},"sameAs":["https:\/\/www.facebook.com\/webdotn","https:\/\/x.com\/webdo_tn"],"description":"Webdo est un m\u00e9dia num\u00e9rique tunisien fond\u00e9 en 2010, sp\u00e9cialis\u00e9 dans l\u2019actualit\u00e9 nationale et internationale, l\u2019\u00e9conomie, la soci\u00e9t\u00e9 et les analyses politiques. Le site s\u2019adresse \u00e0 un large public francophone et couvre l\u2019information tunisienne en temps r\u00e9el.","email":"redac@webdo.tn","legalName":"YNJ SARL","foundingDate":"2010-09-06","numberOfEmployees":{"@type":"QuantitativeValue","minValue":"11","maxValue":"50"}},{"@type":"Person","@id":"https:\/\/www.webdo.tn\/fr\/#\/schema\/person\/b9ecde7a5574cb4fcf4b496ea5fadb15","name":"Wided Belhaj","image":{"@type":"ImageObject","inLanguage":"fr-FR","@id":"https:\/\/www.webdo.tn\/fr\/wp-content\/uploads\/2026\/04\/wided-belhaj_avatar-96x96.jpg","url":"https:\/\/www.webdo.tn\/fr\/wp-content\/uploads\/2026\/04\/wided-belhaj_avatar-96x96.jpg","contentUrl":"https:\/\/www.webdo.tn\/fr\/wp-content\/uploads\/2026\/04\/wided-belhaj_avatar-96x96.jpg","caption":"Wided Belhaj"},"description":"Wided Belhaj est le pseudonyme \u00e9ditorial utilis\u00e9 par Khalil Jelassi, journaliste, ma\u00eetre-assistant \u00e0 l\u2019Institut de presse et des sciences de l\u2019information (IPSI) et chercheur en sciences de l\u2019information et de la communication. Cette signature est d\u00e9di\u00e9e \u00e0 l\u2019analyse des m\u00e9dias, des pratiques journalistiques et des mutations de l\u2019information \u00e0 l\u2019\u00e8re digitale. \u00c0 travers ses contributions, Wided Belhaj propose une lecture analytique de l\u2019actualit\u00e9, en croisant regard critique et expertise acad\u00e9mique.","knowsAbout":["m\u00e9dias","journalisme","communication","information","transformation num\u00e9rique","analyse des m\u00e9dias"],"knowsLanguage":["Fran\u00e7ais","Arabe"],"jobTitle":"Webdo.tn","worksFor":"Journaliste \u2013 Analyse des m\u00e9dias","url":"https:\/\/www.webdo.tn\/fr\/actualite\/author\/wided-belhaj\/"}]}},"_links":{"self":[{"href":"https:\/\/www.webdo.tn\/fr\/wp-json\/wp\/v2\/posts\/394756","targetHints":{"allow":["GET"]}}],"collection":[{"href":"https:\/\/www.webdo.tn\/fr\/wp-json\/wp\/v2\/posts"}],"about":[{"href":"https:\/\/www.webdo.tn\/fr\/wp-json\/wp\/v2\/types\/post"}],"author":[{"embeddable":true,"href":"https:\/\/www.webdo.tn\/fr\/wp-json\/wp\/v2\/users\/3184"}],"replies":[{"embeddable":true,"href":"https:\/\/www.webdo.tn\/fr\/wp-json\/wp\/v2\/comments?post=394756"}],"version-history":[{"count":0,"href":"https:\/\/www.webdo.tn\/fr\/wp-json\/wp\/v2\/posts\/394756\/revisions"}],"wp:featuredmedia":[{"embeddable":true,"href":"https:\/\/www.webdo.tn\/fr\/wp-json\/wp\/v2\/media\/394757"}],"wp:attachment":[{"href":"https:\/\/www.webdo.tn\/fr\/wp-json\/wp\/v2\/media?parent=394756"}],"wp:term":[{"taxonomy":"category","embeddable":true,"href":"https:\/\/www.webdo.tn\/fr\/wp-json\/wp\/v2\/categories?post=394756"},{"taxonomy":"post_tag","embeddable":true,"href":"https:\/\/www.webdo.tn\/fr\/wp-json\/wp\/v2\/tags?post=394756"}],"curies":[{"name":"wp","href":"https:\/\/api.w.org\/{rel}","templated":true}]}}