{"id":394718,"date":"2026-03-16T17:34:20","date_gmt":"2026-03-16T16:34:20","guid":{"rendered":"https:\/\/www.webdo.tn\/fr\/?p=394718"},"modified":"2026-03-16T17:34:22","modified_gmt":"2026-03-16T16:34:22","slug":"guerre-autour-de-liran-la-securite-energetique-de-la-chine-sur-le-fil-du-rasoir","status":"publish","type":"post","link":"https:\/\/www.webdo.tn\/fr\/actualite\/international\/guerre-autour-de-liran-la-securite-energetique-de-la-chine-sur-le-fil-du-rasoir\/394718\/","title":{"rendered":"Guerre autour de l\u2019Iran : La s\u00e9curit\u00e9 \u00e9nerg\u00e9tique de la Chine sur le fil du rasoir"},"content":{"rendered":"\n<p><strong>L\u2019escalade des tensions autour de l\u2019Iran remet brutalement en lumi\u00e8re une vuln\u00e9rabilit\u00e9 majeure de la deuxi\u00e8me \u00e9conomie mondiale : sa d\u00e9pendance au p\u00e9trole du Moyen-Orient. Alors que le d\u00e9troit d\u2019Ormuz se retrouve au c\u0153ur des tensions militaires, P\u00e9kin observe avec une inqui\u00e9tude croissante ce corridor strat\u00e9gique par lequel transite une part essentielle de l\u2019\u00e9nergie alimentant son appareil industriel.<\/strong><\/p>\n\n\n\n<h2 class=\"wp-block-heading\" id=\"h-ormuz-l-artere-vitale-sous-haute-tension\">Ormuz : l\u2019art\u00e8re vitale sous haute tension<\/h2>\n\n\n\n<p>Chaque jour, entre 20 et 21 millions de barils de p\u00e9trole traversent le Strait of Hormuz. Ce point de passage strat\u00e9gique concentre environ 20 % de l\u2019offre mondiale de p\u00e9trole et pr\u00e8s d\u2019un tiers du commerce maritime mondial de p\u00e9trole.<\/p>\n\n\n\n<p>Pour la Chine, premier importateur mondial avec un volume quotidien oscillant entre 11 et 12 millions de barils, ce goulot d\u2019\u00e9tranglement constitue un enjeu strat\u00e9gique majeur. Ses principaux fournisseurs \u2013 Russie, Arabie saoudite, Irak et \u00c9mirats arabes unis \u2013 d\u00e9pendent tous de la fluidit\u00e9 des routes maritimes du Golfe pour exporter leur p\u00e9trole.<\/p>\n\n\n\n<p>Dans ce dispositif, P\u00e9kin occupe \u00e9galement une position singuli\u00e8re en tant que principal acheteur du p\u00e9trole iranien. La Chine absorbe aujourd\u2019hui environ 90 % des exportations p\u00e9troli\u00e8res de T\u00e9h\u00e9ran, souvent via des circuits commerciaux permettant de contourner les sanctions occidentales. Cette relation garantit \u00e0 P\u00e9kin un acc\u00e8s \u00e0 une \u00e9nergie fr\u00e9quemment n\u00e9goci\u00e9e \u00e0 prix r\u00e9duit, mais elle l\u2019expose aussi \u00e0 un risque direct : toute perturbation majeure du trafic maritime dans le Golfe ou toute frappe visant les infrastructures p\u00e9troli\u00e8res iraniennes pourrait affecter imm\u00e9diatement l\u2019approvisionnement de ses raffineries.<\/p>\n\n\n\n<h2 class=\"wp-block-heading\" id=\"h-une-strategie-chinoise-pour-reduire-la-vulnerabilite\">Une strat\u00e9gie chinoise pour r\u00e9duire la vuln\u00e9rabilit\u00e9<\/h2>\n\n\n\n<p>Consciente de cette d\u00e9pendance, la Chine a progressivement d\u00e9velopp\u00e9 plusieurs instruments de r\u00e9silience \u00e9nerg\u00e9tique. P\u00e9kin a d\u2019abord constitu\u00e9 des r\u00e9serves strat\u00e9giques importantes, estim\u00e9es en 2026 \u00e0 plus d\u2019un milliard de barils, ce qui lui offrirait plusieurs mois de marge en cas de perturbation des importations.<\/p>\n\n\n\n<p>La Chine a \u00e9galement cherch\u00e9 \u00e0 diversifier ses routes d\u2019approvisionnement. Le d\u00e9veloppement de pipelines terrestres reliant le pays \u00e0 la Russie et \u00e0 l\u2019Asie centrale permet de r\u00e9duire partiellement la d\u00e9pendance aux routes maritimes les plus expos\u00e9es.<\/p>\n\n\n\n<p>Parall\u00e8lement, l\u2019\u00e9lectrification rapide des transports et le d\u00e9veloppement massif des \u00e9nergies renouvelables contribuent \u00e0 r\u00e9duire progressivement la consommation de p\u00e9trole dans certains secteurs. Ces mesures renforcent la r\u00e9silience \u00e9nerg\u00e9tique chinoise, sans toutefois \u00e9liminer totalement la d\u00e9pendance au p\u00e9trole du Golfe.<\/p>\n\n\n\n<h2 class=\"wp-block-heading\" id=\"h-une-puissance-economique-dependante-de-la-securite-du-golfe\">Une puissance \u00e9conomique d\u00e9pendante de la s\u00e9curit\u00e9 du Golfe<\/h2>\n\n\n\n<p>Depuis le lancement de la Belt and Road Initiative en 2013, la Chine a investi des centaines de milliards de dollars dans les ports, les infrastructures et les r\u00e9seaux logistiques du Moyen-Orient afin de s\u00e9curiser ses \u00e9changes commerciaux.<\/p>\n\n\n\n<p>Pourtant, une contradiction strat\u00e9gique demeure. Si P\u00e9kin est devenu un acteur \u00e9conomique majeur dans la r\u00e9gion, il ne contr\u00f4le pas la s\u00e9curit\u00e9 militaire des routes maritimes dont d\u00e9pend son approvisionnement \u00e9nerg\u00e9tique, une mission historiquement assur\u00e9e par les puissances occidentales.<\/p>\n\n\n\n<p>Cette d\u00e9pendance reste profonde, puisque la Chine importe aujourd\u2019hui plus de 70 % de ses besoins en p\u00e9trole. Dans le contexte actuel, une hausse brutale et durable des cours du brut constituerait une menace directe pour la rentabilit\u00e9 de son industrie lourde et de sa p\u00e9trochimie.<\/p>\n\n\n\n<p>Le d\u00e9troit d\u2019Ormuz appara\u00eet ainsi comme l\u2019un des points les plus sensibles de la s\u00e9curit\u00e9 \u00e9nerg\u00e9tique chinoise : un passage \u00e9troit dont la stabilit\u00e9 conditionne une partie de l\u2019\u00e9quilibre \u00e9conomique mondial.<\/p>\n\n\n\n<blockquote class=\"wp-block-quote is-layout-flow wp-block-quote-is-layout-flow\">\n<blockquote class=\"wp-block-quote is-layout-flow wp-block-quote-is-layout-flow\">\n<p><strong>Lire aussi:<\/strong><\/p>\n\n\n\n<ul class=\"wp-block-list\">\n<li class=\"has-medium-font-size\"><a href=\"https:\/\/www.webdo.tn\/fr\/actualite\/international\/guerre-contre-liran-la-frappe-americaine-sur-kharg-coeur-petrolier-de-liran\/394614\/\">Guerre contre l\u2019Iran : La frappe am\u00e9ricaine sur Kharg, c\u0153ur p\u00e9trolier de l\u2019Iran<\/a><\/li>\n<\/ul>\n<\/blockquote>\n<\/blockquote>\n","protected":false},"excerpt":{"rendered":"<p>L\u2019escalade des tensions autour de l\u2019Iran remet brutalement en lumi\u00e8re une vuln\u00e9rabilit\u00e9 majeure de la deuxi\u00e8me \u00e9conomie mondiale : sa d\u00e9pendance au p\u00e9trole du Moyen-Orient. Alors que le d\u00e9troit d\u2019Ormuz se retrouve au c\u0153ur des tensions militaires, P\u00e9kin observe avec une inqui\u00e9tude croissante ce corridor strat\u00e9gique par lequel transite une part essentielle de l\u2019\u00e9nergie alimentant [&hellip;]<\/p>\n","protected":false},"author":4779,"featured_media":394720,"comment_status":"closed","ping_status":"closed","sticky":false,"template":"","format":"standard","meta":{"footnotes":""},"categories":[2598],"tags":[2694,3035,2912,4691],"class_list":["post-394718","post","type-post","status-publish","format-standard","has-post-thumbnail","hentry","category-international","tag-chine","tag-etats-unis","tag-iran","tag-petrole"],"yoast_head":"<!-- This site is optimized with the Yoast SEO Premium plugin v27.5 (Yoast SEO v27.5) - https:\/\/yoast.com\/product\/yoast-seo-premium-wordpress\/ -->\n<title>Guerre autour de l\u2019Iran : La s\u00e9curit\u00e9 \u00e9nerg\u00e9tique de la Chine sur le fil du rasoir - webdo<\/title>\n<meta name=\"description\" content=\"L&#039;escalade des tensions en Iran expose la fragilit\u00e9 de la s\u00e9curit\u00e9 \u00e9nerg\u00e9tique de la Chine dans un contexte mondial instable.\" \/>\n<link rel=\"canonical\" href=\"https:\/\/www.webdo.tn\/fr\/actualite\/international\/guerre-autour-de-liran-la-securite-energetique-de-la-chine-sur-le-fil-du-rasoir\/394718\/\" \/>\n<meta property=\"og:locale\" content=\"fr_FR\" \/>\n<meta property=\"og:type\" content=\"article\" \/>\n<meta property=\"og:title\" content=\"Guerre autour de l\u2019Iran : La s\u00e9curit\u00e9 \u00e9nerg\u00e9tique de la Chine sur le fil du rasoir\" \/>\n<meta property=\"og:description\" content=\"L&#039;escalade des tensions en Iran expose la fragilit\u00e9 de la s\u00e9curit\u00e9 \u00e9nerg\u00e9tique de la Chine dans un contexte mondial instable.\" \/>\n<meta property=\"og:url\" content=\"https:\/\/www.webdo.tn\/fr\/actualite\/international\/guerre-autour-de-liran-la-securite-energetique-de-la-chine-sur-le-fil-du-rasoir\/394718\/\" \/>\n<meta property=\"og:site_name\" content=\"webdo\" \/>\n<meta property=\"article:publisher\" content=\"https:\/\/www.facebook.com\/webdotn\" \/>\n<meta property=\"article:published_time\" content=\"2026-03-16T16:34:20+00:00\" \/>\n<meta property=\"article:modified_time\" content=\"2026-03-16T16:34:22+00:00\" \/>\n<meta property=\"og:image\" content=\"https:\/\/www.webdo.tn\/fr\/wp-content\/uploads\/2026\/03\/Ormuz-navires.jpg\" \/>\n\t<meta property=\"og:image:width\" content=\"1200\" \/>\n\t<meta property=\"og:image:height\" content=\"601\" \/>\n\t<meta property=\"og:image:type\" content=\"image\/jpeg\" \/>\n<meta name=\"author\" content=\"Firas Ben Abdeltif\" \/>\n<meta name=\"twitter:card\" content=\"summary_large_image\" \/>\n<meta name=\"twitter:creator\" content=\"@webdo_tn\" \/>\n<meta name=\"twitter:site\" content=\"@webdo_tn\" \/>\n<meta name=\"twitter:label1\" content=\"\u00c9crit par\" \/>\n\t<meta name=\"twitter:data1\" content=\"Firas Ben Abdeltif\" \/>\n\t<meta name=\"twitter:label2\" content=\"Dur\u00e9e de lecture estim\u00e9e\" \/>\n\t<meta name=\"twitter:data2\" content=\"3 minutes\" \/>\n<script type=\"application\/ld+json\" class=\"yoast-schema-graph\">{\"@context\":\"https:\\\/\\\/schema.org\",\"@graph\":[{\"@type\":\"NewsArticle\",\"@id\":\"https:\\\/\\\/www.webdo.tn\\\/fr\\\/actualite\\\/international\\\/guerre-autour-de-liran-la-securite-energetique-de-la-chine-sur-le-fil-du-rasoir\\\/394718\\\/#article\",\"isPartOf\":{\"@id\":\"https:\\\/\\\/www.webdo.tn\\\/fr\\\/actualite\\\/international\\\/guerre-autour-de-liran-la-securite-energetique-de-la-chine-sur-le-fil-du-rasoir\\\/394718\\\/\"},\"author\":{\"name\":\"Firas Ben Abdeltif\",\"@id\":\"https:\\\/\\\/www.webdo.tn\\\/fr\\\/#\\\/schema\\\/person\\\/19664196c9bfdcda126f3c27709f7d11\"},\"headline\":\"Guerre autour de l\u2019Iran : La s\u00e9curit\u00e9 \u00e9nerg\u00e9tique de la Chine sur le fil du rasoir\",\"datePublished\":\"2026-03-16T16:34:20+00:00\",\"dateModified\":\"2026-03-16T16:34:22+00:00\",\"mainEntityOfPage\":{\"@id\":\"https:\\\/\\\/www.webdo.tn\\\/fr\\\/actualite\\\/international\\\/guerre-autour-de-liran-la-securite-energetique-de-la-chine-sur-le-fil-du-rasoir\\\/394718\\\/\"},\"wordCount\":645,\"publisher\":{\"@id\":\"https:\\\/\\\/www.webdo.tn\\\/fr\\\/#organization\"},\"image\":{\"@id\":\"https:\\\/\\\/www.webdo.tn\\\/fr\\\/actualite\\\/international\\\/guerre-autour-de-liran-la-securite-energetique-de-la-chine-sur-le-fil-du-rasoir\\\/394718\\\/#primaryimage\"},\"thumbnailUrl\":\"https:\\\/\\\/www.webdo.tn\\\/fr\\\/wp-content\\\/uploads\\\/2026\\\/03\\\/Ormuz-navires.jpg\",\"keywords\":[\"chine\",\"Etats-Unis\",\"Iran\",\"p\u00e9trole\"],\"articleSection\":[\"International\"],\"inLanguage\":\"fr-FR\"},{\"@type\":\"WebPage\",\"@id\":\"https:\\\/\\\/www.webdo.tn\\\/fr\\\/actualite\\\/international\\\/guerre-autour-de-liran-la-securite-energetique-de-la-chine-sur-le-fil-du-rasoir\\\/394718\\\/\",\"url\":\"https:\\\/\\\/www.webdo.tn\\\/fr\\\/actualite\\\/international\\\/guerre-autour-de-liran-la-securite-energetique-de-la-chine-sur-le-fil-du-rasoir\\\/394718\\\/\",\"name\":\"Guerre autour de l\u2019Iran : La s\u00e9curit\u00e9 \u00e9nerg\u00e9tique de la Chine sur le fil du rasoir - webdo\",\"isPartOf\":{\"@id\":\"https:\\\/\\\/www.webdo.tn\\\/fr\\\/#website\"},\"primaryImageOfPage\":{\"@id\":\"https:\\\/\\\/www.webdo.tn\\\/fr\\\/actualite\\\/international\\\/guerre-autour-de-liran-la-securite-energetique-de-la-chine-sur-le-fil-du-rasoir\\\/394718\\\/#primaryimage\"},\"image\":{\"@id\":\"https:\\\/\\\/www.webdo.tn\\\/fr\\\/actualite\\\/international\\\/guerre-autour-de-liran-la-securite-energetique-de-la-chine-sur-le-fil-du-rasoir\\\/394718\\\/#primaryimage\"},\"thumbnailUrl\":\"https:\\\/\\\/www.webdo.tn\\\/fr\\\/wp-content\\\/uploads\\\/2026\\\/03\\\/Ormuz-navires.jpg\",\"datePublished\":\"2026-03-16T16:34:20+00:00\",\"dateModified\":\"2026-03-16T16:34:22+00:00\",\"description\":\"L'escalade des tensions en Iran expose la fragilit\u00e9 de la s\u00e9curit\u00e9 \u00e9nerg\u00e9tique de la Chine dans un contexte mondial instable.\",\"breadcrumb\":{\"@id\":\"https:\\\/\\\/www.webdo.tn\\\/fr\\\/actualite\\\/international\\\/guerre-autour-de-liran-la-securite-energetique-de-la-chine-sur-le-fil-du-rasoir\\\/394718\\\/#breadcrumb\"},\"inLanguage\":\"fr-FR\",\"potentialAction\":[{\"@type\":\"ReadAction\",\"target\":[\"https:\\\/\\\/www.webdo.tn\\\/fr\\\/actualite\\\/international\\\/guerre-autour-de-liran-la-securite-energetique-de-la-chine-sur-le-fil-du-rasoir\\\/394718\\\/\"]}]},{\"@type\":\"ImageObject\",\"inLanguage\":\"fr-FR\",\"@id\":\"https:\\\/\\\/www.webdo.tn\\\/fr\\\/actualite\\\/international\\\/guerre-autour-de-liran-la-securite-energetique-de-la-chine-sur-le-fil-du-rasoir\\\/394718\\\/#primaryimage\",\"url\":\"https:\\\/\\\/www.webdo.tn\\\/fr\\\/wp-content\\\/uploads\\\/2026\\\/03\\\/Ormuz-navires.jpg\",\"contentUrl\":\"https:\\\/\\\/www.webdo.tn\\\/fr\\\/wp-content\\\/uploads\\\/2026\\\/03\\\/Ormuz-navires.jpg\",\"width\":1200,\"height\":601,\"caption\":\"Ormuz : le point faible de la puissance \u00e9nerg\u00e9tique chinoise\"},{\"@type\":\"BreadcrumbList\",\"@id\":\"https:\\\/\\\/www.webdo.tn\\\/fr\\\/actualite\\\/international\\\/guerre-autour-de-liran-la-securite-energetique-de-la-chine-sur-le-fil-du-rasoir\\\/394718\\\/#breadcrumb\",\"itemListElement\":[{\"@type\":\"ListItem\",\"position\":1,\"name\":\"Accueil\",\"item\":\"https:\\\/\\\/www.webdo.tn\\\/fr\\\/\"},{\"@type\":\"ListItem\",\"position\":2,\"name\":\"Guerre autour de l\u2019Iran : La s\u00e9curit\u00e9 \u00e9nerg\u00e9tique de la Chine sur le fil du rasoir\"}]},{\"@type\":\"WebSite\",\"@id\":\"https:\\\/\\\/www.webdo.tn\\\/fr\\\/#website\",\"url\":\"https:\\\/\\\/www.webdo.tn\\\/fr\\\/\",\"name\":\"webdo\",\"description\":\"Tunisie - News en Tunisie et \u00e0 l&#039;international sur Webdo.tn\",\"publisher\":{\"@id\":\"https:\\\/\\\/www.webdo.tn\\\/fr\\\/#organization\"},\"potentialAction\":[{\"@type\":\"SearchAction\",\"target\":{\"@type\":\"EntryPoint\",\"urlTemplate\":\"https:\\\/\\\/www.webdo.tn\\\/fr\\\/?s={search_term_string}\"},\"query-input\":{\"@type\":\"PropertyValueSpecification\",\"valueRequired\":true,\"valueName\":\"search_term_string\"}}],\"inLanguage\":\"fr-FR\"},{\"@type\":\"Organization\",\"@id\":\"https:\\\/\\\/www.webdo.tn\\\/fr\\\/#organization\",\"name\":\"Webdo\",\"alternateName\":\"Webdo.tn\",\"url\":\"https:\\\/\\\/www.webdo.tn\\\/fr\\\/\",\"logo\":{\"@type\":\"ImageObject\",\"inLanguage\":\"fr-FR\",\"@id\":\"https:\\\/\\\/www.webdo.tn\\\/fr\\\/#\\\/schema\\\/logo\\\/image\\\/\",\"url\":\"https:\\\/\\\/www.webdo.tn\\\/fr\\\/wp-content\\\/uploads\\\/2025\\\/06\\\/Webdo-Tunisie_168377.jpg\",\"contentUrl\":\"https:\\\/\\\/www.webdo.tn\\\/fr\\\/wp-content\\\/uploads\\\/2025\\\/06\\\/Webdo-Tunisie_168377.jpg\",\"width\":301,\"height\":301,\"caption\":\"Webdo\"},\"image\":{\"@id\":\"https:\\\/\\\/www.webdo.tn\\\/fr\\\/#\\\/schema\\\/logo\\\/image\\\/\"},\"sameAs\":[\"https:\\\/\\\/www.facebook.com\\\/webdotn\",\"https:\\\/\\\/x.com\\\/webdo_tn\"],\"description\":\"Webdo est un m\u00e9dia num\u00e9rique tunisien fond\u00e9 en 2010, sp\u00e9cialis\u00e9 dans l\u2019actualit\u00e9 nationale et internationale, l\u2019\u00e9conomie, la soci\u00e9t\u00e9 et les analyses politiques. Le site s\u2019adresse \u00e0 un large public francophone et couvre l\u2019information tunisienne en temps r\u00e9el.\",\"email\":\"redac@webdo.tn\",\"legalName\":\"YNJ SARL\",\"foundingDate\":\"2010-09-06\",\"numberOfEmployees\":{\"@type\":\"QuantitativeValue\",\"minValue\":\"11\",\"maxValue\":\"50\"}},{\"@type\":\"Person\",\"@id\":\"https:\\\/\\\/www.webdo.tn\\\/fr\\\/#\\\/schema\\\/person\\\/19664196c9bfdcda126f3c27709f7d11\",\"name\":\"Firas Ben Abdeltif\",\"image\":{\"@type\":\"ImageObject\",\"inLanguage\":\"fr-FR\",\"@id\":\"https:\\\/\\\/secure.gravatar.com\\\/avatar\\\/161a347d40df098a084778c52ed133dbd85f14df003867067c5948081241ec55?s=96&d=mm&r=g\",\"url\":\"https:\\\/\\\/secure.gravatar.com\\\/avatar\\\/161a347d40df098a084778c52ed133dbd85f14df003867067c5948081241ec55?s=96&d=mm&r=g\",\"contentUrl\":\"https:\\\/\\\/secure.gravatar.com\\\/avatar\\\/161a347d40df098a084778c52ed133dbd85f14df003867067c5948081241ec55?s=96&d=mm&r=g\",\"caption\":\"Firas Ben Abdeltif\"},\"url\":\"https:\\\/\\\/www.webdo.tn\\\/fr\\\/actualite\\\/author\\\/firas-ben-abdeltif\\\/\"}]}<\/script>\n<!-- \/ Yoast SEO Premium plugin. -->","yoast_head_json":{"title":"Guerre autour de l\u2019Iran : La s\u00e9curit\u00e9 \u00e9nerg\u00e9tique de la Chine sur le fil du rasoir - webdo","description":"L'escalade des tensions en Iran expose la fragilit\u00e9 de la s\u00e9curit\u00e9 \u00e9nerg\u00e9tique de la Chine dans un contexte mondial instable.","canonical":"https:\/\/www.webdo.tn\/fr\/actualite\/international\/guerre-autour-de-liran-la-securite-energetique-de-la-chine-sur-le-fil-du-rasoir\/394718\/","og_locale":"fr_FR","og_type":"article","og_title":"Guerre autour de l\u2019Iran : La s\u00e9curit\u00e9 \u00e9nerg\u00e9tique de la Chine sur le fil du rasoir","og_description":"L'escalade des tensions en Iran expose la fragilit\u00e9 de la s\u00e9curit\u00e9 \u00e9nerg\u00e9tique de la Chine dans un contexte mondial instable.","og_url":"https:\/\/www.webdo.tn\/fr\/actualite\/international\/guerre-autour-de-liran-la-securite-energetique-de-la-chine-sur-le-fil-du-rasoir\/394718\/","og_site_name":"webdo","article_publisher":"https:\/\/www.facebook.com\/webdotn","article_published_time":"2026-03-16T16:34:20+00:00","article_modified_time":"2026-03-16T16:34:22+00:00","og_image":[{"width":1200,"height":601,"url":"https:\/\/www.webdo.tn\/fr\/wp-content\/uploads\/2026\/03\/Ormuz-navires.jpg","type":"image\/jpeg"}],"author":"Firas Ben Abdeltif","twitter_card":"summary_large_image","twitter_creator":"@webdo_tn","twitter_site":"@webdo_tn","twitter_misc":{"\u00c9crit par":"Firas Ben Abdeltif","Dur\u00e9e de lecture estim\u00e9e":"3 minutes"},"schema":{"@context":"https:\/\/schema.org","@graph":[{"@type":"NewsArticle","@id":"https:\/\/www.webdo.tn\/fr\/actualite\/international\/guerre-autour-de-liran-la-securite-energetique-de-la-chine-sur-le-fil-du-rasoir\/394718\/#article","isPartOf":{"@id":"https:\/\/www.webdo.tn\/fr\/actualite\/international\/guerre-autour-de-liran-la-securite-energetique-de-la-chine-sur-le-fil-du-rasoir\/394718\/"},"author":{"name":"Firas Ben Abdeltif","@id":"https:\/\/www.webdo.tn\/fr\/#\/schema\/person\/19664196c9bfdcda126f3c27709f7d11"},"headline":"Guerre autour de l\u2019Iran : La s\u00e9curit\u00e9 \u00e9nerg\u00e9tique de la Chine sur le fil du rasoir","datePublished":"2026-03-16T16:34:20+00:00","dateModified":"2026-03-16T16:34:22+00:00","mainEntityOfPage":{"@id":"https:\/\/www.webdo.tn\/fr\/actualite\/international\/guerre-autour-de-liran-la-securite-energetique-de-la-chine-sur-le-fil-du-rasoir\/394718\/"},"wordCount":645,"publisher":{"@id":"https:\/\/www.webdo.tn\/fr\/#organization"},"image":{"@id":"https:\/\/www.webdo.tn\/fr\/actualite\/international\/guerre-autour-de-liran-la-securite-energetique-de-la-chine-sur-le-fil-du-rasoir\/394718\/#primaryimage"},"thumbnailUrl":"https:\/\/www.webdo.tn\/fr\/wp-content\/uploads\/2026\/03\/Ormuz-navires.jpg","keywords":["chine","Etats-Unis","Iran","p\u00e9trole"],"articleSection":["International"],"inLanguage":"fr-FR"},{"@type":"WebPage","@id":"https:\/\/www.webdo.tn\/fr\/actualite\/international\/guerre-autour-de-liran-la-securite-energetique-de-la-chine-sur-le-fil-du-rasoir\/394718\/","url":"https:\/\/www.webdo.tn\/fr\/actualite\/international\/guerre-autour-de-liran-la-securite-energetique-de-la-chine-sur-le-fil-du-rasoir\/394718\/","name":"Guerre autour de l\u2019Iran : La s\u00e9curit\u00e9 \u00e9nerg\u00e9tique de la Chine sur le fil du rasoir - webdo","isPartOf":{"@id":"https:\/\/www.webdo.tn\/fr\/#website"},"primaryImageOfPage":{"@id":"https:\/\/www.webdo.tn\/fr\/actualite\/international\/guerre-autour-de-liran-la-securite-energetique-de-la-chine-sur-le-fil-du-rasoir\/394718\/#primaryimage"},"image":{"@id":"https:\/\/www.webdo.tn\/fr\/actualite\/international\/guerre-autour-de-liran-la-securite-energetique-de-la-chine-sur-le-fil-du-rasoir\/394718\/#primaryimage"},"thumbnailUrl":"https:\/\/www.webdo.tn\/fr\/wp-content\/uploads\/2026\/03\/Ormuz-navires.jpg","datePublished":"2026-03-16T16:34:20+00:00","dateModified":"2026-03-16T16:34:22+00:00","description":"L'escalade des tensions en Iran expose la fragilit\u00e9 de la s\u00e9curit\u00e9 \u00e9nerg\u00e9tique de la Chine dans un contexte mondial instable.","breadcrumb":{"@id":"https:\/\/www.webdo.tn\/fr\/actualite\/international\/guerre-autour-de-liran-la-securite-energetique-de-la-chine-sur-le-fil-du-rasoir\/394718\/#breadcrumb"},"inLanguage":"fr-FR","potentialAction":[{"@type":"ReadAction","target":["https:\/\/www.webdo.tn\/fr\/actualite\/international\/guerre-autour-de-liran-la-securite-energetique-de-la-chine-sur-le-fil-du-rasoir\/394718\/"]}]},{"@type":"ImageObject","inLanguage":"fr-FR","@id":"https:\/\/www.webdo.tn\/fr\/actualite\/international\/guerre-autour-de-liran-la-securite-energetique-de-la-chine-sur-le-fil-du-rasoir\/394718\/#primaryimage","url":"https:\/\/www.webdo.tn\/fr\/wp-content\/uploads\/2026\/03\/Ormuz-navires.jpg","contentUrl":"https:\/\/www.webdo.tn\/fr\/wp-content\/uploads\/2026\/03\/Ormuz-navires.jpg","width":1200,"height":601,"caption":"Ormuz : le point faible de la puissance \u00e9nerg\u00e9tique chinoise"},{"@type":"BreadcrumbList","@id":"https:\/\/www.webdo.tn\/fr\/actualite\/international\/guerre-autour-de-liran-la-securite-energetique-de-la-chine-sur-le-fil-du-rasoir\/394718\/#breadcrumb","itemListElement":[{"@type":"ListItem","position":1,"name":"Accueil","item":"https:\/\/www.webdo.tn\/fr\/"},{"@type":"ListItem","position":2,"name":"Guerre autour de l\u2019Iran : La s\u00e9curit\u00e9 \u00e9nerg\u00e9tique de la Chine sur le fil du rasoir"}]},{"@type":"WebSite","@id":"https:\/\/www.webdo.tn\/fr\/#website","url":"https:\/\/www.webdo.tn\/fr\/","name":"webdo","description":"Tunisie - News en Tunisie et \u00e0 l&#039;international sur Webdo.tn","publisher":{"@id":"https:\/\/www.webdo.tn\/fr\/#organization"},"potentialAction":[{"@type":"SearchAction","target":{"@type":"EntryPoint","urlTemplate":"https:\/\/www.webdo.tn\/fr\/?s={search_term_string}"},"query-input":{"@type":"PropertyValueSpecification","valueRequired":true,"valueName":"search_term_string"}}],"inLanguage":"fr-FR"},{"@type":"Organization","@id":"https:\/\/www.webdo.tn\/fr\/#organization","name":"Webdo","alternateName":"Webdo.tn","url":"https:\/\/www.webdo.tn\/fr\/","logo":{"@type":"ImageObject","inLanguage":"fr-FR","@id":"https:\/\/www.webdo.tn\/fr\/#\/schema\/logo\/image\/","url":"https:\/\/www.webdo.tn\/fr\/wp-content\/uploads\/2025\/06\/Webdo-Tunisie_168377.jpg","contentUrl":"https:\/\/www.webdo.tn\/fr\/wp-content\/uploads\/2025\/06\/Webdo-Tunisie_168377.jpg","width":301,"height":301,"caption":"Webdo"},"image":{"@id":"https:\/\/www.webdo.tn\/fr\/#\/schema\/logo\/image\/"},"sameAs":["https:\/\/www.facebook.com\/webdotn","https:\/\/x.com\/webdo_tn"],"description":"Webdo est un m\u00e9dia num\u00e9rique tunisien fond\u00e9 en 2010, sp\u00e9cialis\u00e9 dans l\u2019actualit\u00e9 nationale et internationale, l\u2019\u00e9conomie, la soci\u00e9t\u00e9 et les analyses politiques. Le site s\u2019adresse \u00e0 un large public francophone et couvre l\u2019information tunisienne en temps r\u00e9el.","email":"redac@webdo.tn","legalName":"YNJ SARL","foundingDate":"2010-09-06","numberOfEmployees":{"@type":"QuantitativeValue","minValue":"11","maxValue":"50"}},{"@type":"Person","@id":"https:\/\/www.webdo.tn\/fr\/#\/schema\/person\/19664196c9bfdcda126f3c27709f7d11","name":"Firas Ben Abdeltif","image":{"@type":"ImageObject","inLanguage":"fr-FR","@id":"https:\/\/secure.gravatar.com\/avatar\/161a347d40df098a084778c52ed133dbd85f14df003867067c5948081241ec55?s=96&d=mm&r=g","url":"https:\/\/secure.gravatar.com\/avatar\/161a347d40df098a084778c52ed133dbd85f14df003867067c5948081241ec55?s=96&d=mm&r=g","contentUrl":"https:\/\/secure.gravatar.com\/avatar\/161a347d40df098a084778c52ed133dbd85f14df003867067c5948081241ec55?s=96&d=mm&r=g","caption":"Firas Ben Abdeltif"},"url":"https:\/\/www.webdo.tn\/fr\/actualite\/author\/firas-ben-abdeltif\/"}]}},"_links":{"self":[{"href":"https:\/\/www.webdo.tn\/fr\/wp-json\/wp\/v2\/posts\/394718","targetHints":{"allow":["GET"]}}],"collection":[{"href":"https:\/\/www.webdo.tn\/fr\/wp-json\/wp\/v2\/posts"}],"about":[{"href":"https:\/\/www.webdo.tn\/fr\/wp-json\/wp\/v2\/types\/post"}],"author":[{"embeddable":true,"href":"https:\/\/www.webdo.tn\/fr\/wp-json\/wp\/v2\/users\/4779"}],"replies":[{"embeddable":true,"href":"https:\/\/www.webdo.tn\/fr\/wp-json\/wp\/v2\/comments?post=394718"}],"version-history":[{"count":0,"href":"https:\/\/www.webdo.tn\/fr\/wp-json\/wp\/v2\/posts\/394718\/revisions"}],"wp:featuredmedia":[{"embeddable":true,"href":"https:\/\/www.webdo.tn\/fr\/wp-json\/wp\/v2\/media\/394720"}],"wp:attachment":[{"href":"https:\/\/www.webdo.tn\/fr\/wp-json\/wp\/v2\/media?parent=394718"}],"wp:term":[{"taxonomy":"category","embeddable":true,"href":"https:\/\/www.webdo.tn\/fr\/wp-json\/wp\/v2\/categories?post=394718"},{"taxonomy":"post_tag","embeddable":true,"href":"https:\/\/www.webdo.tn\/fr\/wp-json\/wp\/v2\/tags?post=394718"}],"curies":[{"name":"wp","href":"https:\/\/api.w.org\/{rel}","templated":true}]}}