{"id":394716,"date":"2026-03-16T13:46:33","date_gmt":"2026-03-16T12:46:33","guid":{"rendered":"https:\/\/www.webdo.tn\/fr\/?p=394716"},"modified":"2026-03-16T13:46:34","modified_gmt":"2026-03-16T12:46:34","slug":"aid-al-fitr-un-programme-exceptionnel-de-transport-avec-40-doffre-en-plus","status":"publish","type":"post","link":"https:\/\/www.webdo.tn\/fr\/actualite\/national\/aid-al-fitr-un-programme-exceptionnel-de-transport-avec-40-doffre-en-plus\/394716\/","title":{"rendered":"A\u00efd al-Fitr : Un programme exceptionnel de transport avec 40% d\u2019offre en plus"},"content":{"rendered":"\n<p><strong>\u00c0 l\u2019approche de l\u2019A\u00efd al-Fitr 2026, le minist\u00e8re du Transport a annonc\u00e9 la mise en place d\u2019un programme exceptionnel destin\u00e9 \u00e0 assurer la mobilit\u00e9 des citoyens durant la p\u00e9riode des vacances.<\/strong><\/p>\n\n\n\n<p>Ce dispositif sp\u00e9cial s\u2019\u00e9tend du 13 au 23 mars 2026 et a \u00e9t\u00e9 \u00e9labor\u00e9 en coordination avec les entreprises nationales et r\u00e9gionales de transport terrestre ainsi qu\u2019avec les professionnels du transport public non r\u00e9gulier de personnes. L\u2019objectif est de r\u00e9pondre \u00e0 l\u2019augmentation attendue de la demande de d\u00e9placements en renfor\u00e7ant la disponibilit\u00e9 du parc de v\u00e9hicules et en mobilisant davantage de ressources humaines.<\/p>\n\n\n\n<h2 class=\"wp-block-heading\" id=\"h-entree-en-exploitation-de-nouveaux-bus-recemment-acquis\">Entr\u00e9e en exploitation de nouveaux bus r\u00e9cemment acquis <\/h2>\n\n\n\n<p>Selon le minist\u00e8re, l\u2019entr\u00e9e en exploitation de nouveaux bus r\u00e9cemment acquis permettra \u00e9galement de remettre en service plusieurs lignes qui \u00e9taient \u00e0 l\u2019arr\u00eat, tout en cr\u00e9ant de nouvelles liaisons jug\u00e9es prioritaires.<\/p>\n\n\n\n<p>Dans ce cadre, les soci\u00e9t\u00e9s publiques de transport routier ont \u00e9t\u00e9 autoris\u00e9es \u00e0 programmer des voyages suppl\u00e9mentaires sur l\u2019ensemble de leurs lignes, ainsi que sur d\u2019autres trajets en fonction de la demande. Cette mesure devrait entra\u00eener une hausse de l\u2019offre globale de transport estim\u00e9e \u00e0 environ 40 %.<\/p>\n\n\n\n<p><strong>Lire aussi :<\/strong> <a href=\"https:\/\/www.webdo.tn\/fr\/actualite\/national\/transport-interurbain-48-nouveaux-bus-entrent-en-service\/394562\/\">Transport interurbain : 48 nouveaux bus entrent en service<\/a><br><\/p>\n\n\n\n<p>De son c\u00f4t\u00e9, la Soci\u00e9t\u00e9 nationale de transport interurbain a d\u00e9cid\u00e9 d\u2019assouplir les conditions de r\u00e9servation pour faciliter les d\u00e9placements. Les voyageurs pourront ainsi acheter leurs billets ou effectuer des r\u00e9servations sans limite du nombre de places propos\u00e9es, sur l\u2019ensemble des lignes r\u00e9guli\u00e8res au d\u00e9part des gares routi\u00e8res de Bab Saadoun Bus Station et de Bab Alioua Bus Station. En cas de forte demande sur certains axes, le parc de la Soci\u00e9t\u00e9 des transports de Tunis pourra \u00e9galement \u00eatre mobilis\u00e9 pour renforcer l\u2019offre.<\/p>\n\n\n\n<p>Concernant le transport ferroviaire, la Soci\u00e9t\u00e9 nationale des chemins de fer tunisiens a annonc\u00e9 le renforcement de la composition des trains sur les lignes longues distances gr\u00e2ce \u00e0 l\u2019ajout de 126 wagons suppl\u00e9mentaires et la programmation de 16 voyages additionnels.<\/p>\n\n\n\n<h2 class=\"wp-block-heading\" id=\"h-des-trajets-sur-l-ensemble-du-territoire-national\">Des trajets sur l\u2019ensemble du territoire national<\/h2>\n\n\n\n<p>Par ailleurs, une mesure exceptionnelle a \u00e9t\u00e9 prise pour le transport public non r\u00e9gulier. Les taxis collectifs, commun\u00e9ment appel\u00e9s \u00ab louages \u00bb, seront autoris\u00e9s \u00e0 effectuer des trajets sur l\u2019ensemble du territoire national sans \u00eatre limit\u00e9s \u00e0 leur zone de circulation habituelle pendant toute la dur\u00e9e du programme.<\/p>\n\n\n\n<p>Afin d\u2019assurer le bon d\u00e9roulement de ce dispositif, des \u00e9quipes de contr\u00f4le du minist\u00e8re seront d\u00e9ploy\u00e9es dans les gares routi\u00e8res, les gares ferroviaires et les stations de louages \u00e0 travers le pays. Un bureau de coordination a \u00e9galement \u00e9t\u00e9 mis en place au sein de la direction g\u00e9n\u00e9rale du transport terrestre ainsi que dans les directions r\u00e9gionales pour superviser l\u2019op\u00e9ration.<\/p>\n","protected":false},"excerpt":{"rendered":"<p>\u00c0 l\u2019approche de l\u2019A\u00efd al-Fitr 2026, le minist\u00e8re du Transport a annonc\u00e9 la mise en place d\u2019un programme exceptionnel destin\u00e9 \u00e0 assurer la mobilit\u00e9 des citoyens durant la p\u00e9riode des vacances. Ce dispositif sp\u00e9cial s\u2019\u00e9tend du 13 au 23 mars 2026 et a \u00e9t\u00e9 \u00e9labor\u00e9 en coordination avec les entreprises nationales et r\u00e9gionales de transport [&hellip;]<\/p>\n","protected":false},"author":3184,"featured_media":392878,"comment_status":"closed","ping_status":"closed","sticky":false,"template":"","format":"standard","meta":{"footnotes":""},"categories":[44],"tags":[2818,2608],"class_list":["post-394716","post","type-post","status-publish","format-standard","has-post-thumbnail","hentry","category-national","tag-transport","tag-tunisie"],"yoast_head":"<!-- This site is optimized with the Yoast SEO Premium plugin v27.5 (Yoast SEO v27.5) - https:\/\/yoast.com\/product\/yoast-seo-premium-wordpress\/ -->\n<title>A\u00efd al-Fitr : Un programme exceptionnel de transport avec 40% d\u2019offre en plus - webdo<\/title>\n<meta name=\"description\" content=\"D\u00e9couvrez le programme exceptionnel de transport pour l\u2019A\u00efd al-Fitr 2026 et am\u00e9liorez votre mobilit\u00e9 pendant les vacances.\" \/>\n<link rel=\"canonical\" href=\"https:\/\/www.webdo.tn\/fr\/actualite\/national\/aid-al-fitr-un-programme-exceptionnel-de-transport-avec-40-doffre-en-plus\/394716\/\" \/>\n<meta property=\"og:locale\" content=\"fr_FR\" \/>\n<meta property=\"og:type\" content=\"article\" \/>\n<meta property=\"og:title\" content=\"A\u00efd al-Fitr : Un programme exceptionnel de transport avec 40% d\u2019offre en plus\" \/>\n<meta property=\"og:description\" content=\"D\u00e9couvrez le programme exceptionnel de transport pour l\u2019A\u00efd al-Fitr 2026 et am\u00e9liorez votre mobilit\u00e9 pendant les vacances.\" \/>\n<meta property=\"og:url\" content=\"https:\/\/www.webdo.tn\/fr\/actualite\/national\/aid-al-fitr-un-programme-exceptionnel-de-transport-avec-40-doffre-en-plus\/394716\/\" \/>\n<meta property=\"og:site_name\" content=\"webdo\" \/>\n<meta property=\"article:publisher\" content=\"https:\/\/www.facebook.com\/webdotn\" \/>\n<meta property=\"article:published_time\" content=\"2026-03-16T12:46:33+00:00\" \/>\n<meta property=\"article:modified_time\" content=\"2026-03-16T12:46:34+00:00\" \/>\n<meta property=\"og:image\" content=\"https:\/\/www.webdo.tn\/fr\/wp-content\/uploads\/2026\/02\/bus-chinois.jpg\" \/>\n\t<meta property=\"og:image:width\" content=\"1200\" \/>\n\t<meta property=\"og:image:height\" content=\"602\" \/>\n\t<meta property=\"og:image:type\" content=\"image\/jpeg\" \/>\n<meta name=\"author\" content=\"Wided Belhaj\" \/>\n<meta name=\"twitter:card\" content=\"summary_large_image\" \/>\n<meta name=\"twitter:creator\" content=\"@webdo_tn\" \/>\n<meta name=\"twitter:site\" content=\"@webdo_tn\" \/>\n<meta name=\"twitter:label1\" content=\"\u00c9crit par\" \/>\n\t<meta name=\"twitter:data1\" content=\"Wided Belhaj\" \/>\n\t<meta name=\"twitter:label2\" content=\"Dur\u00e9e de lecture estim\u00e9e\" \/>\n\t<meta name=\"twitter:data2\" content=\"3 minutes\" \/>\n<script type=\"application\/ld+json\" class=\"yoast-schema-graph\">{\"@context\":\"https:\\\/\\\/schema.org\",\"@graph\":[{\"@type\":\"NewsArticle\",\"@id\":\"https:\\\/\\\/www.webdo.tn\\\/fr\\\/actualite\\\/national\\\/aid-al-fitr-un-programme-exceptionnel-de-transport-avec-40-doffre-en-plus\\\/394716\\\/#article\",\"isPartOf\":{\"@id\":\"https:\\\/\\\/www.webdo.tn\\\/fr\\\/actualite\\\/national\\\/aid-al-fitr-un-programme-exceptionnel-de-transport-avec-40-doffre-en-plus\\\/394716\\\/\"},\"author\":{\"name\":\"Wided Belhaj\",\"@id\":\"https:\\\/\\\/www.webdo.tn\\\/fr\\\/#\\\/schema\\\/person\\\/b9ecde7a5574cb4fcf4b496ea5fadb15\"},\"headline\":\"A\u00efd al-Fitr : Un programme exceptionnel de transport avec 40% d\u2019offre en plus\",\"datePublished\":\"2026-03-16T12:46:33+00:00\",\"dateModified\":\"2026-03-16T12:46:34+00:00\",\"mainEntityOfPage\":{\"@id\":\"https:\\\/\\\/www.webdo.tn\\\/fr\\\/actualite\\\/national\\\/aid-al-fitr-un-programme-exceptionnel-de-transport-avec-40-doffre-en-plus\\\/394716\\\/\"},\"wordCount\":496,\"publisher\":{\"@id\":\"https:\\\/\\\/www.webdo.tn\\\/fr\\\/#organization\"},\"image\":{\"@id\":\"https:\\\/\\\/www.webdo.tn\\\/fr\\\/actualite\\\/national\\\/aid-al-fitr-un-programme-exceptionnel-de-transport-avec-40-doffre-en-plus\\\/394716\\\/#primaryimage\"},\"thumbnailUrl\":\"https:\\\/\\\/www.webdo.tn\\\/fr\\\/wp-content\\\/uploads\\\/2026\\\/02\\\/bus-chinois.jpg\",\"keywords\":[\"Transport\",\"Tunisie\"],\"articleSection\":[\"National\"],\"inLanguage\":\"fr-FR\"},{\"@type\":\"WebPage\",\"@id\":\"https:\\\/\\\/www.webdo.tn\\\/fr\\\/actualite\\\/national\\\/aid-al-fitr-un-programme-exceptionnel-de-transport-avec-40-doffre-en-plus\\\/394716\\\/\",\"url\":\"https:\\\/\\\/www.webdo.tn\\\/fr\\\/actualite\\\/national\\\/aid-al-fitr-un-programme-exceptionnel-de-transport-avec-40-doffre-en-plus\\\/394716\\\/\",\"name\":\"A\u00efd al-Fitr : Un programme exceptionnel de transport avec 40% d\u2019offre en plus - webdo\",\"isPartOf\":{\"@id\":\"https:\\\/\\\/www.webdo.tn\\\/fr\\\/#website\"},\"primaryImageOfPage\":{\"@id\":\"https:\\\/\\\/www.webdo.tn\\\/fr\\\/actualite\\\/national\\\/aid-al-fitr-un-programme-exceptionnel-de-transport-avec-40-doffre-en-plus\\\/394716\\\/#primaryimage\"},\"image\":{\"@id\":\"https:\\\/\\\/www.webdo.tn\\\/fr\\\/actualite\\\/national\\\/aid-al-fitr-un-programme-exceptionnel-de-transport-avec-40-doffre-en-plus\\\/394716\\\/#primaryimage\"},\"thumbnailUrl\":\"https:\\\/\\\/www.webdo.tn\\\/fr\\\/wp-content\\\/uploads\\\/2026\\\/02\\\/bus-chinois.jpg\",\"datePublished\":\"2026-03-16T12:46:33+00:00\",\"dateModified\":\"2026-03-16T12:46:34+00:00\",\"description\":\"D\u00e9couvrez le programme exceptionnel de transport pour l\u2019A\u00efd al-Fitr 2026 et am\u00e9liorez votre mobilit\u00e9 pendant les vacances.\",\"breadcrumb\":{\"@id\":\"https:\\\/\\\/www.webdo.tn\\\/fr\\\/actualite\\\/national\\\/aid-al-fitr-un-programme-exceptionnel-de-transport-avec-40-doffre-en-plus\\\/394716\\\/#breadcrumb\"},\"inLanguage\":\"fr-FR\",\"potentialAction\":[{\"@type\":\"ReadAction\",\"target\":[\"https:\\\/\\\/www.webdo.tn\\\/fr\\\/actualite\\\/national\\\/aid-al-fitr-un-programme-exceptionnel-de-transport-avec-40-doffre-en-plus\\\/394716\\\/\"]}]},{\"@type\":\"ImageObject\",\"inLanguage\":\"fr-FR\",\"@id\":\"https:\\\/\\\/www.webdo.tn\\\/fr\\\/actualite\\\/national\\\/aid-al-fitr-un-programme-exceptionnel-de-transport-avec-40-doffre-en-plus\\\/394716\\\/#primaryimage\",\"url\":\"https:\\\/\\\/www.webdo.tn\\\/fr\\\/wp-content\\\/uploads\\\/2026\\\/02\\\/bus-chinois.jpg\",\"contentUrl\":\"https:\\\/\\\/www.webdo.tn\\\/fr\\\/wp-content\\\/uploads\\\/2026\\\/02\\\/bus-chinois.jpg\",\"width\":1200,\"height\":602,\"caption\":\"Transport public : Un second lot de bus chinois en route et 621 autres en appel d\u2019offres\"},{\"@type\":\"BreadcrumbList\",\"@id\":\"https:\\\/\\\/www.webdo.tn\\\/fr\\\/actualite\\\/national\\\/aid-al-fitr-un-programme-exceptionnel-de-transport-avec-40-doffre-en-plus\\\/394716\\\/#breadcrumb\",\"itemListElement\":[{\"@type\":\"ListItem\",\"position\":1,\"name\":\"Accueil\",\"item\":\"https:\\\/\\\/www.webdo.tn\\\/fr\\\/\"},{\"@type\":\"ListItem\",\"position\":2,\"name\":\"A\u00efd al-Fitr : Un programme exceptionnel de transport avec 40% d\u2019offre en plus\"}]},{\"@type\":\"WebSite\",\"@id\":\"https:\\\/\\\/www.webdo.tn\\\/fr\\\/#website\",\"url\":\"https:\\\/\\\/www.webdo.tn\\\/fr\\\/\",\"name\":\"webdo\",\"description\":\"Tunisie - News en Tunisie et \u00e0 l&#039;international sur Webdo.tn\",\"publisher\":{\"@id\":\"https:\\\/\\\/www.webdo.tn\\\/fr\\\/#organization\"},\"potentialAction\":[{\"@type\":\"SearchAction\",\"target\":{\"@type\":\"EntryPoint\",\"urlTemplate\":\"https:\\\/\\\/www.webdo.tn\\\/fr\\\/?s={search_term_string}\"},\"query-input\":{\"@type\":\"PropertyValueSpecification\",\"valueRequired\":true,\"valueName\":\"search_term_string\"}}],\"inLanguage\":\"fr-FR\"},{\"@type\":\"Organization\",\"@id\":\"https:\\\/\\\/www.webdo.tn\\\/fr\\\/#organization\",\"name\":\"Webdo\",\"alternateName\":\"Webdo.tn\",\"url\":\"https:\\\/\\\/www.webdo.tn\\\/fr\\\/\",\"logo\":{\"@type\":\"ImageObject\",\"inLanguage\":\"fr-FR\",\"@id\":\"https:\\\/\\\/www.webdo.tn\\\/fr\\\/#\\\/schema\\\/logo\\\/image\\\/\",\"url\":\"https:\\\/\\\/www.webdo.tn\\\/fr\\\/wp-content\\\/uploads\\\/2025\\\/06\\\/Webdo-Tunisie_168377.jpg\",\"contentUrl\":\"https:\\\/\\\/www.webdo.tn\\\/fr\\\/wp-content\\\/uploads\\\/2025\\\/06\\\/Webdo-Tunisie_168377.jpg\",\"width\":301,\"height\":301,\"caption\":\"Webdo\"},\"image\":{\"@id\":\"https:\\\/\\\/www.webdo.tn\\\/fr\\\/#\\\/schema\\\/logo\\\/image\\\/\"},\"sameAs\":[\"https:\\\/\\\/www.facebook.com\\\/webdotn\",\"https:\\\/\\\/x.com\\\/webdo_tn\"],\"description\":\"Webdo est un m\u00e9dia num\u00e9rique tunisien fond\u00e9 en 2010, sp\u00e9cialis\u00e9 dans l\u2019actualit\u00e9 nationale et internationale, l\u2019\u00e9conomie, la soci\u00e9t\u00e9 et les analyses politiques. Le site s\u2019adresse \u00e0 un large public francophone et couvre l\u2019information tunisienne en temps r\u00e9el.\",\"email\":\"redac@webdo.tn\",\"legalName\":\"YNJ SARL\",\"foundingDate\":\"2010-09-06\",\"numberOfEmployees\":{\"@type\":\"QuantitativeValue\",\"minValue\":\"11\",\"maxValue\":\"50\"}},{\"@type\":\"Person\",\"@id\":\"https:\\\/\\\/www.webdo.tn\\\/fr\\\/#\\\/schema\\\/person\\\/b9ecde7a5574cb4fcf4b496ea5fadb15\",\"name\":\"Wided Belhaj\",\"image\":{\"@type\":\"ImageObject\",\"inLanguage\":\"fr-FR\",\"@id\":\"https:\\\/\\\/www.webdo.tn\\\/fr\\\/wp-content\\\/uploads\\\/2026\\\/04\\\/wided-belhaj_avatar-96x96.jpg\",\"url\":\"https:\\\/\\\/www.webdo.tn\\\/fr\\\/wp-content\\\/uploads\\\/2026\\\/04\\\/wided-belhaj_avatar-96x96.jpg\",\"contentUrl\":\"https:\\\/\\\/www.webdo.tn\\\/fr\\\/wp-content\\\/uploads\\\/2026\\\/04\\\/wided-belhaj_avatar-96x96.jpg\",\"caption\":\"Wided Belhaj\"},\"description\":\"Wided Belhaj est le pseudonyme \u00e9ditorial utilis\u00e9 par Khalil Jelassi, journaliste, ma\u00eetre-assistant \u00e0 l\u2019Institut de presse et des sciences de l\u2019information (IPSI) et chercheur en sciences de l\u2019information et de la communication. Cette signature est d\u00e9di\u00e9e \u00e0 l\u2019analyse des m\u00e9dias, des pratiques journalistiques et des mutations de l\u2019information \u00e0 l\u2019\u00e8re digitale. \u00c0 travers ses contributions, Wided Belhaj propose une lecture analytique de l\u2019actualit\u00e9, en croisant regard critique et expertise acad\u00e9mique.\",\"knowsAbout\":[\"m\u00e9dias\",\"journalisme\",\"communication\",\"information\",\"transformation num\u00e9rique\",\"analyse des m\u00e9dias\"],\"knowsLanguage\":[\"Fran\u00e7ais\",\"Arabe\"],\"jobTitle\":\"Webdo.tn\",\"worksFor\":\"Journaliste \u2013 Analyse des m\u00e9dias\",\"url\":\"https:\\\/\\\/www.webdo.tn\\\/fr\\\/actualite\\\/author\\\/wided-belhaj\\\/\"}]}<\/script>\n<!-- \/ Yoast SEO Premium plugin. -->","yoast_head_json":{"title":"A\u00efd al-Fitr : Un programme exceptionnel de transport avec 40% d\u2019offre en plus - webdo","description":"D\u00e9couvrez le programme exceptionnel de transport pour l\u2019A\u00efd al-Fitr 2026 et am\u00e9liorez votre mobilit\u00e9 pendant les vacances.","canonical":"https:\/\/www.webdo.tn\/fr\/actualite\/national\/aid-al-fitr-un-programme-exceptionnel-de-transport-avec-40-doffre-en-plus\/394716\/","og_locale":"fr_FR","og_type":"article","og_title":"A\u00efd al-Fitr : Un programme exceptionnel de transport avec 40% d\u2019offre en plus","og_description":"D\u00e9couvrez le programme exceptionnel de transport pour l\u2019A\u00efd al-Fitr 2026 et am\u00e9liorez votre mobilit\u00e9 pendant les vacances.","og_url":"https:\/\/www.webdo.tn\/fr\/actualite\/national\/aid-al-fitr-un-programme-exceptionnel-de-transport-avec-40-doffre-en-plus\/394716\/","og_site_name":"webdo","article_publisher":"https:\/\/www.facebook.com\/webdotn","article_published_time":"2026-03-16T12:46:33+00:00","article_modified_time":"2026-03-16T12:46:34+00:00","og_image":[{"width":1200,"height":602,"url":"https:\/\/www.webdo.tn\/fr\/wp-content\/uploads\/2026\/02\/bus-chinois.jpg","type":"image\/jpeg"}],"author":"Wided Belhaj","twitter_card":"summary_large_image","twitter_creator":"@webdo_tn","twitter_site":"@webdo_tn","twitter_misc":{"\u00c9crit par":"Wided Belhaj","Dur\u00e9e de lecture estim\u00e9e":"3 minutes"},"schema":{"@context":"https:\/\/schema.org","@graph":[{"@type":"NewsArticle","@id":"https:\/\/www.webdo.tn\/fr\/actualite\/national\/aid-al-fitr-un-programme-exceptionnel-de-transport-avec-40-doffre-en-plus\/394716\/#article","isPartOf":{"@id":"https:\/\/www.webdo.tn\/fr\/actualite\/national\/aid-al-fitr-un-programme-exceptionnel-de-transport-avec-40-doffre-en-plus\/394716\/"},"author":{"name":"Wided Belhaj","@id":"https:\/\/www.webdo.tn\/fr\/#\/schema\/person\/b9ecde7a5574cb4fcf4b496ea5fadb15"},"headline":"A\u00efd al-Fitr : Un programme exceptionnel de transport avec 40% d\u2019offre en plus","datePublished":"2026-03-16T12:46:33+00:00","dateModified":"2026-03-16T12:46:34+00:00","mainEntityOfPage":{"@id":"https:\/\/www.webdo.tn\/fr\/actualite\/national\/aid-al-fitr-un-programme-exceptionnel-de-transport-avec-40-doffre-en-plus\/394716\/"},"wordCount":496,"publisher":{"@id":"https:\/\/www.webdo.tn\/fr\/#organization"},"image":{"@id":"https:\/\/www.webdo.tn\/fr\/actualite\/national\/aid-al-fitr-un-programme-exceptionnel-de-transport-avec-40-doffre-en-plus\/394716\/#primaryimage"},"thumbnailUrl":"https:\/\/www.webdo.tn\/fr\/wp-content\/uploads\/2026\/02\/bus-chinois.jpg","keywords":["Transport","Tunisie"],"articleSection":["National"],"inLanguage":"fr-FR"},{"@type":"WebPage","@id":"https:\/\/www.webdo.tn\/fr\/actualite\/national\/aid-al-fitr-un-programme-exceptionnel-de-transport-avec-40-doffre-en-plus\/394716\/","url":"https:\/\/www.webdo.tn\/fr\/actualite\/national\/aid-al-fitr-un-programme-exceptionnel-de-transport-avec-40-doffre-en-plus\/394716\/","name":"A\u00efd al-Fitr : Un programme exceptionnel de transport avec 40% d\u2019offre en plus - webdo","isPartOf":{"@id":"https:\/\/www.webdo.tn\/fr\/#website"},"primaryImageOfPage":{"@id":"https:\/\/www.webdo.tn\/fr\/actualite\/national\/aid-al-fitr-un-programme-exceptionnel-de-transport-avec-40-doffre-en-plus\/394716\/#primaryimage"},"image":{"@id":"https:\/\/www.webdo.tn\/fr\/actualite\/national\/aid-al-fitr-un-programme-exceptionnel-de-transport-avec-40-doffre-en-plus\/394716\/#primaryimage"},"thumbnailUrl":"https:\/\/www.webdo.tn\/fr\/wp-content\/uploads\/2026\/02\/bus-chinois.jpg","datePublished":"2026-03-16T12:46:33+00:00","dateModified":"2026-03-16T12:46:34+00:00","description":"D\u00e9couvrez le programme exceptionnel de transport pour l\u2019A\u00efd al-Fitr 2026 et am\u00e9liorez votre mobilit\u00e9 pendant les vacances.","breadcrumb":{"@id":"https:\/\/www.webdo.tn\/fr\/actualite\/national\/aid-al-fitr-un-programme-exceptionnel-de-transport-avec-40-doffre-en-plus\/394716\/#breadcrumb"},"inLanguage":"fr-FR","potentialAction":[{"@type":"ReadAction","target":["https:\/\/www.webdo.tn\/fr\/actualite\/national\/aid-al-fitr-un-programme-exceptionnel-de-transport-avec-40-doffre-en-plus\/394716\/"]}]},{"@type":"ImageObject","inLanguage":"fr-FR","@id":"https:\/\/www.webdo.tn\/fr\/actualite\/national\/aid-al-fitr-un-programme-exceptionnel-de-transport-avec-40-doffre-en-plus\/394716\/#primaryimage","url":"https:\/\/www.webdo.tn\/fr\/wp-content\/uploads\/2026\/02\/bus-chinois.jpg","contentUrl":"https:\/\/www.webdo.tn\/fr\/wp-content\/uploads\/2026\/02\/bus-chinois.jpg","width":1200,"height":602,"caption":"Transport public : Un second lot de bus chinois en route et 621 autres en appel d\u2019offres"},{"@type":"BreadcrumbList","@id":"https:\/\/www.webdo.tn\/fr\/actualite\/national\/aid-al-fitr-un-programme-exceptionnel-de-transport-avec-40-doffre-en-plus\/394716\/#breadcrumb","itemListElement":[{"@type":"ListItem","position":1,"name":"Accueil","item":"https:\/\/www.webdo.tn\/fr\/"},{"@type":"ListItem","position":2,"name":"A\u00efd al-Fitr : Un programme exceptionnel de transport avec 40% d\u2019offre en plus"}]},{"@type":"WebSite","@id":"https:\/\/www.webdo.tn\/fr\/#website","url":"https:\/\/www.webdo.tn\/fr\/","name":"webdo","description":"Tunisie - News en Tunisie et \u00e0 l&#039;international sur Webdo.tn","publisher":{"@id":"https:\/\/www.webdo.tn\/fr\/#organization"},"potentialAction":[{"@type":"SearchAction","target":{"@type":"EntryPoint","urlTemplate":"https:\/\/www.webdo.tn\/fr\/?s={search_term_string}"},"query-input":{"@type":"PropertyValueSpecification","valueRequired":true,"valueName":"search_term_string"}}],"inLanguage":"fr-FR"},{"@type":"Organization","@id":"https:\/\/www.webdo.tn\/fr\/#organization","name":"Webdo","alternateName":"Webdo.tn","url":"https:\/\/www.webdo.tn\/fr\/","logo":{"@type":"ImageObject","inLanguage":"fr-FR","@id":"https:\/\/www.webdo.tn\/fr\/#\/schema\/logo\/image\/","url":"https:\/\/www.webdo.tn\/fr\/wp-content\/uploads\/2025\/06\/Webdo-Tunisie_168377.jpg","contentUrl":"https:\/\/www.webdo.tn\/fr\/wp-content\/uploads\/2025\/06\/Webdo-Tunisie_168377.jpg","width":301,"height":301,"caption":"Webdo"},"image":{"@id":"https:\/\/www.webdo.tn\/fr\/#\/schema\/logo\/image\/"},"sameAs":["https:\/\/www.facebook.com\/webdotn","https:\/\/x.com\/webdo_tn"],"description":"Webdo est un m\u00e9dia num\u00e9rique tunisien fond\u00e9 en 2010, sp\u00e9cialis\u00e9 dans l\u2019actualit\u00e9 nationale et internationale, l\u2019\u00e9conomie, la soci\u00e9t\u00e9 et les analyses politiques. Le site s\u2019adresse \u00e0 un large public francophone et couvre l\u2019information tunisienne en temps r\u00e9el.","email":"redac@webdo.tn","legalName":"YNJ SARL","foundingDate":"2010-09-06","numberOfEmployees":{"@type":"QuantitativeValue","minValue":"11","maxValue":"50"}},{"@type":"Person","@id":"https:\/\/www.webdo.tn\/fr\/#\/schema\/person\/b9ecde7a5574cb4fcf4b496ea5fadb15","name":"Wided Belhaj","image":{"@type":"ImageObject","inLanguage":"fr-FR","@id":"https:\/\/www.webdo.tn\/fr\/wp-content\/uploads\/2026\/04\/wided-belhaj_avatar-96x96.jpg","url":"https:\/\/www.webdo.tn\/fr\/wp-content\/uploads\/2026\/04\/wided-belhaj_avatar-96x96.jpg","contentUrl":"https:\/\/www.webdo.tn\/fr\/wp-content\/uploads\/2026\/04\/wided-belhaj_avatar-96x96.jpg","caption":"Wided Belhaj"},"description":"Wided Belhaj est le pseudonyme \u00e9ditorial utilis\u00e9 par Khalil Jelassi, journaliste, ma\u00eetre-assistant \u00e0 l\u2019Institut de presse et des sciences de l\u2019information (IPSI) et chercheur en sciences de l\u2019information et de la communication. Cette signature est d\u00e9di\u00e9e \u00e0 l\u2019analyse des m\u00e9dias, des pratiques journalistiques et des mutations de l\u2019information \u00e0 l\u2019\u00e8re digitale. \u00c0 travers ses contributions, Wided Belhaj propose une lecture analytique de l\u2019actualit\u00e9, en croisant regard critique et expertise acad\u00e9mique.","knowsAbout":["m\u00e9dias","journalisme","communication","information","transformation num\u00e9rique","analyse des m\u00e9dias"],"knowsLanguage":["Fran\u00e7ais","Arabe"],"jobTitle":"Webdo.tn","worksFor":"Journaliste \u2013 Analyse des m\u00e9dias","url":"https:\/\/www.webdo.tn\/fr\/actualite\/author\/wided-belhaj\/"}]}},"_links":{"self":[{"href":"https:\/\/www.webdo.tn\/fr\/wp-json\/wp\/v2\/posts\/394716","targetHints":{"allow":["GET"]}}],"collection":[{"href":"https:\/\/www.webdo.tn\/fr\/wp-json\/wp\/v2\/posts"}],"about":[{"href":"https:\/\/www.webdo.tn\/fr\/wp-json\/wp\/v2\/types\/post"}],"author":[{"embeddable":true,"href":"https:\/\/www.webdo.tn\/fr\/wp-json\/wp\/v2\/users\/3184"}],"replies":[{"embeddable":true,"href":"https:\/\/www.webdo.tn\/fr\/wp-json\/wp\/v2\/comments?post=394716"}],"version-history":[{"count":0,"href":"https:\/\/www.webdo.tn\/fr\/wp-json\/wp\/v2\/posts\/394716\/revisions"}],"wp:featuredmedia":[{"embeddable":true,"href":"https:\/\/www.webdo.tn\/fr\/wp-json\/wp\/v2\/media\/392878"}],"wp:attachment":[{"href":"https:\/\/www.webdo.tn\/fr\/wp-json\/wp\/v2\/media?parent=394716"}],"wp:term":[{"taxonomy":"category","embeddable":true,"href":"https:\/\/www.webdo.tn\/fr\/wp-json\/wp\/v2\/categories?post=394716"},{"taxonomy":"post_tag","embeddable":true,"href":"https:\/\/www.webdo.tn\/fr\/wp-json\/wp\/v2\/tags?post=394716"}],"curies":[{"name":"wp","href":"https:\/\/api.w.org\/{rel}","templated":true}]}}