{"id":394714,"date":"2026-03-16T13:04:10","date_gmt":"2026-03-16T12:04:10","guid":{"rendered":"https:\/\/www.webdo.tn\/fr\/?p=394714"},"modified":"2026-03-16T13:04:12","modified_gmt":"2026-03-16T12:04:12","slug":"aid-al-adha-letat-prevoit-dimporter-des-moutons-et-impose-la-vente-au-kilo","status":"publish","type":"post","link":"https:\/\/www.webdo.tn\/fr\/actualite\/national\/aid-al-adha-letat-prevoit-dimporter-des-moutons-et-impose-la-vente-au-kilo\/394714\/","title":{"rendered":"A\u00efd al-Adha : L\u2019\u00c9tat pr\u00e9voit d\u2019importer des moutons et impose la vente au kilo"},"content":{"rendered":"\n<p><strong>Le minist\u00e8re du Commerce et du D\u00e9veloppement des exportations se pr\u00e9pare d\u00e8s \u00e0 pr\u00e9sent pour l\u2019A\u00efd al-Adha, en annon\u00e7ant des mesures visant \u00e0 assurer l\u2019approvisionnement du march\u00e9 en moutons et \u00e0 mieux encadrer les prix.<\/strong><\/p>\n\n\n\n<p>Lors d\u2019une s\u00e9ance au Parlement, le ministre du Commerce, Samir Abid, a indiqu\u00e9 que la Soci\u00e9t\u00e9 des viandes travaille actuellement \u00e0 garantir la r\u00e9gularit\u00e9 de l\u2019approvisionnement en viandes rouges. Selon lui, ces efforts ont d\u00e9j\u00e0 contribu\u00e9 \u00e0 stabiliser les prix apr\u00e8s la hausse enregistr\u00e9e au cours de la p\u00e9riode pr\u00e9c\u00e9dente.<\/p>\n\n\n\n<h2 class=\"wp-block-heading\" id=\"h-un-appel-d-offres-lance\"> Un appel d\u2019offres  lanc\u00e9 <\/h2>\n\n\n\n<p>Dans ce cadre, le minist\u00e8re a lanc\u00e9 un appel d\u2019offres pour l\u2019importation de moutons vivants en pr\u00e9vision de l\u2019A\u00efd al-Adha. L\u2019objectif est de renforcer l\u2019offre sur le march\u00e9 et de limiter les tensions sur les prix durant cette p\u00e9riode marqu\u00e9e par une forte demande.<\/p>\n\n\n\n<p><strong>Lire aussi\u00a0<\/strong>:\u00a0<a href=\"https:\/\/www.webdo.tn\/fr\/actualite\/national\/les-tunisiens-ont-ils-boude-le-mouton-du-sacrifice\/222331\/\">Les Tunisiens ont-ils boud\u00e9 le mouton du sacrifice ?<\/a><\/p>\n\n\n\n<p>R\u00e9pondant \u00e0 une question orale du d\u00e9put\u00e9 Hatem Hewaoui, le ministre a pr\u00e9cis\u00e9 que les moutons import\u00e9s seront vendus exclusivement au poids. Cette commercialisation se fera par l\u2019interm\u00e9diaire de la Soci\u00e9t\u00e9 des viandes et de ses partenaires, afin de garantir davantage de transparence dans les transactions.<\/p>\n\n\n\n<h2 class=\"wp-block-heading\" id=\"h-fixer-le-prix-de-vente\">Fixer le prix de vente <\/h2>\n\n\n\n<p>Samir Abid a \u00e9galement indiqu\u00e9 que son d\u00e9partement coordonne actuellement avec le minist\u00e8re de l\u2019Agriculture pour fixer le prix de vente du kilogramme de mouton vivant. Cette mesure vise \u00e0 encadrer le march\u00e9 et \u00e0 \u00e9viter les d\u00e9rives tarifaires \u00e0 l\u2019approche de l\u2019A\u00efd.<\/p>\n","protected":false},"excerpt":{"rendered":"<p>Le minist\u00e8re du Commerce et du D\u00e9veloppement des exportations se pr\u00e9pare d\u00e8s \u00e0 pr\u00e9sent pour l\u2019A\u00efd al-Adha, en annon\u00e7ant des mesures visant \u00e0 assurer l\u2019approvisionnement du march\u00e9 en moutons et \u00e0 mieux encadrer les prix. Lors d\u2019une s\u00e9ance au Parlement, le ministre du Commerce, Samir Abid, a indiqu\u00e9 que la Soci\u00e9t\u00e9 des viandes travaille actuellement [&hellip;]<\/p>\n","protected":false},"author":3184,"featured_media":393802,"comment_status":"closed","ping_status":"closed","sticky":false,"template":"","format":"standard","meta":{"footnotes":""},"categories":[44],"tags":[6317,2608],"class_list":["post-394714","post","type-post","status-publish","format-standard","has-post-thumbnail","hentry","category-national","tag-aid-el-idha","tag-tunisie"],"yoast_head":"<!-- This site is optimized with the Yoast SEO Premium plugin v27.5 (Yoast SEO v27.5) - https:\/\/yoast.com\/product\/yoast-seo-premium-wordpress\/ -->\n<title>A\u00efd al-Adha : L\u2019\u00c9tat pr\u00e9voit d\u2019importer des moutons et impose la vente au kilo - webdo<\/title>\n<meta name=\"description\" content=\"Le minist\u00e8re du Commerce prend des mesures pour assurer l&#039;approvisionnement en moutons pour l&#039;A\u00efd al-Adha et stabiliser les prix.\" \/>\n<link rel=\"canonical\" href=\"https:\/\/www.webdo.tn\/fr\/actualite\/national\/aid-al-adha-letat-prevoit-dimporter-des-moutons-et-impose-la-vente-au-kilo\/394714\/\" \/>\n<meta property=\"og:locale\" content=\"fr_FR\" \/>\n<meta property=\"og:type\" content=\"article\" \/>\n<meta property=\"og:title\" content=\"A\u00efd al-Adha : L\u2019\u00c9tat pr\u00e9voit d\u2019importer des moutons et impose la vente au kilo\" \/>\n<meta property=\"og:description\" content=\"Le minist\u00e8re du Commerce prend des mesures pour assurer l&#039;approvisionnement en moutons pour l&#039;A\u00efd al-Adha et stabiliser les prix.\" \/>\n<meta property=\"og:url\" content=\"https:\/\/www.webdo.tn\/fr\/actualite\/national\/aid-al-adha-letat-prevoit-dimporter-des-moutons-et-impose-la-vente-au-kilo\/394714\/\" \/>\n<meta property=\"og:site_name\" content=\"webdo\" \/>\n<meta property=\"article:publisher\" content=\"https:\/\/www.facebook.com\/webdotn\" \/>\n<meta property=\"article:published_time\" content=\"2026-03-16T12:04:10+00:00\" \/>\n<meta property=\"article:modified_time\" content=\"2026-03-16T12:04:12+00:00\" \/>\n<meta property=\"og:image\" content=\"https:\/\/www.webdo.tn\/fr\/wp-content\/uploads\/2026\/02\/mouton.jpg\" \/>\n\t<meta property=\"og:image:width\" content=\"1200\" \/>\n\t<meta property=\"og:image:height\" content=\"558\" \/>\n\t<meta property=\"og:image:type\" content=\"image\/jpeg\" \/>\n<meta name=\"author\" content=\"Wided Belhaj\" \/>\n<meta name=\"twitter:card\" content=\"summary_large_image\" \/>\n<meta name=\"twitter:creator\" content=\"@webdo_tn\" \/>\n<meta name=\"twitter:site\" content=\"@webdo_tn\" \/>\n<meta name=\"twitter:label1\" content=\"\u00c9crit par\" \/>\n\t<meta name=\"twitter:data1\" content=\"Wided Belhaj\" \/>\n\t<meta name=\"twitter:label2\" content=\"Dur\u00e9e de lecture estim\u00e9e\" \/>\n\t<meta name=\"twitter:data2\" content=\"2 minutes\" \/>\n<script type=\"application\/ld+json\" class=\"yoast-schema-graph\">{\"@context\":\"https:\\\/\\\/schema.org\",\"@graph\":[{\"@type\":\"NewsArticle\",\"@id\":\"https:\\\/\\\/www.webdo.tn\\\/fr\\\/actualite\\\/national\\\/aid-al-adha-letat-prevoit-dimporter-des-moutons-et-impose-la-vente-au-kilo\\\/394714\\\/#article\",\"isPartOf\":{\"@id\":\"https:\\\/\\\/www.webdo.tn\\\/fr\\\/actualite\\\/national\\\/aid-al-adha-letat-prevoit-dimporter-des-moutons-et-impose-la-vente-au-kilo\\\/394714\\\/\"},\"author\":{\"name\":\"Wided Belhaj\",\"@id\":\"https:\\\/\\\/www.webdo.tn\\\/fr\\\/#\\\/schema\\\/person\\\/b9ecde7a5574cb4fcf4b496ea5fadb15\"},\"headline\":\"A\u00efd al-Adha : L\u2019\u00c9tat pr\u00e9voit d\u2019importer des moutons et impose la vente au kilo\",\"datePublished\":\"2026-03-16T12:04:10+00:00\",\"dateModified\":\"2026-03-16T12:04:12+00:00\",\"mainEntityOfPage\":{\"@id\":\"https:\\\/\\\/www.webdo.tn\\\/fr\\\/actualite\\\/national\\\/aid-al-adha-letat-prevoit-dimporter-des-moutons-et-impose-la-vente-au-kilo\\\/394714\\\/\"},\"wordCount\":290,\"publisher\":{\"@id\":\"https:\\\/\\\/www.webdo.tn\\\/fr\\\/#organization\"},\"image\":{\"@id\":\"https:\\\/\\\/www.webdo.tn\\\/fr\\\/actualite\\\/national\\\/aid-al-adha-letat-prevoit-dimporter-des-moutons-et-impose-la-vente-au-kilo\\\/394714\\\/#primaryimage\"},\"thumbnailUrl\":\"https:\\\/\\\/www.webdo.tn\\\/fr\\\/wp-content\\\/uploads\\\/2026\\\/02\\\/mouton.jpg\",\"keywords\":[\"aid el idha\",\"Tunisie\"],\"articleSection\":[\"National\"],\"inLanguage\":\"fr-FR\"},{\"@type\":\"WebPage\",\"@id\":\"https:\\\/\\\/www.webdo.tn\\\/fr\\\/actualite\\\/national\\\/aid-al-adha-letat-prevoit-dimporter-des-moutons-et-impose-la-vente-au-kilo\\\/394714\\\/\",\"url\":\"https:\\\/\\\/www.webdo.tn\\\/fr\\\/actualite\\\/national\\\/aid-al-adha-letat-prevoit-dimporter-des-moutons-et-impose-la-vente-au-kilo\\\/394714\\\/\",\"name\":\"A\u00efd al-Adha : L\u2019\u00c9tat pr\u00e9voit d\u2019importer des moutons et impose la vente au kilo - webdo\",\"isPartOf\":{\"@id\":\"https:\\\/\\\/www.webdo.tn\\\/fr\\\/#website\"},\"primaryImageOfPage\":{\"@id\":\"https:\\\/\\\/www.webdo.tn\\\/fr\\\/actualite\\\/national\\\/aid-al-adha-letat-prevoit-dimporter-des-moutons-et-impose-la-vente-au-kilo\\\/394714\\\/#primaryimage\"},\"image\":{\"@id\":\"https:\\\/\\\/www.webdo.tn\\\/fr\\\/actualite\\\/national\\\/aid-al-adha-letat-prevoit-dimporter-des-moutons-et-impose-la-vente-au-kilo\\\/394714\\\/#primaryimage\"},\"thumbnailUrl\":\"https:\\\/\\\/www.webdo.tn\\\/fr\\\/wp-content\\\/uploads\\\/2026\\\/02\\\/mouton.jpg\",\"datePublished\":\"2026-03-16T12:04:10+00:00\",\"dateModified\":\"2026-03-16T12:04:12+00:00\",\"description\":\"Le minist\u00e8re du Commerce prend des mesures pour assurer l'approvisionnement en moutons pour l'A\u00efd al-Adha et stabiliser les prix.\",\"breadcrumb\":{\"@id\":\"https:\\\/\\\/www.webdo.tn\\\/fr\\\/actualite\\\/national\\\/aid-al-adha-letat-prevoit-dimporter-des-moutons-et-impose-la-vente-au-kilo\\\/394714\\\/#breadcrumb\"},\"inLanguage\":\"fr-FR\",\"potentialAction\":[{\"@type\":\"ReadAction\",\"target\":[\"https:\\\/\\\/www.webdo.tn\\\/fr\\\/actualite\\\/national\\\/aid-al-adha-letat-prevoit-dimporter-des-moutons-et-impose-la-vente-au-kilo\\\/394714\\\/\"]}]},{\"@type\":\"ImageObject\",\"inLanguage\":\"fr-FR\",\"@id\":\"https:\\\/\\\/www.webdo.tn\\\/fr\\\/actualite\\\/national\\\/aid-al-adha-letat-prevoit-dimporter-des-moutons-et-impose-la-vente-au-kilo\\\/394714\\\/#primaryimage\",\"url\":\"https:\\\/\\\/www.webdo.tn\\\/fr\\\/wp-content\\\/uploads\\\/2026\\\/02\\\/mouton.jpg\",\"contentUrl\":\"https:\\\/\\\/www.webdo.tn\\\/fr\\\/wp-content\\\/uploads\\\/2026\\\/02\\\/mouton.jpg\",\"width\":1200,\"height\":558,\"caption\":\"Mouton tunisie importation\"},{\"@type\":\"BreadcrumbList\",\"@id\":\"https:\\\/\\\/www.webdo.tn\\\/fr\\\/actualite\\\/national\\\/aid-al-adha-letat-prevoit-dimporter-des-moutons-et-impose-la-vente-au-kilo\\\/394714\\\/#breadcrumb\",\"itemListElement\":[{\"@type\":\"ListItem\",\"position\":1,\"name\":\"Accueil\",\"item\":\"https:\\\/\\\/www.webdo.tn\\\/fr\\\/\"},{\"@type\":\"ListItem\",\"position\":2,\"name\":\"A\u00efd al-Adha : L\u2019\u00c9tat pr\u00e9voit d\u2019importer des moutons et impose la vente au kilo\"}]},{\"@type\":\"WebSite\",\"@id\":\"https:\\\/\\\/www.webdo.tn\\\/fr\\\/#website\",\"url\":\"https:\\\/\\\/www.webdo.tn\\\/fr\\\/\",\"name\":\"webdo\",\"description\":\"Tunisie - News en Tunisie et \u00e0 l&#039;international sur Webdo.tn\",\"publisher\":{\"@id\":\"https:\\\/\\\/www.webdo.tn\\\/fr\\\/#organization\"},\"potentialAction\":[{\"@type\":\"SearchAction\",\"target\":{\"@type\":\"EntryPoint\",\"urlTemplate\":\"https:\\\/\\\/www.webdo.tn\\\/fr\\\/?s={search_term_string}\"},\"query-input\":{\"@type\":\"PropertyValueSpecification\",\"valueRequired\":true,\"valueName\":\"search_term_string\"}}],\"inLanguage\":\"fr-FR\"},{\"@type\":\"Organization\",\"@id\":\"https:\\\/\\\/www.webdo.tn\\\/fr\\\/#organization\",\"name\":\"Webdo\",\"alternateName\":\"Webdo.tn\",\"url\":\"https:\\\/\\\/www.webdo.tn\\\/fr\\\/\",\"logo\":{\"@type\":\"ImageObject\",\"inLanguage\":\"fr-FR\",\"@id\":\"https:\\\/\\\/www.webdo.tn\\\/fr\\\/#\\\/schema\\\/logo\\\/image\\\/\",\"url\":\"https:\\\/\\\/www.webdo.tn\\\/fr\\\/wp-content\\\/uploads\\\/2025\\\/06\\\/Webdo-Tunisie_168377.jpg\",\"contentUrl\":\"https:\\\/\\\/www.webdo.tn\\\/fr\\\/wp-content\\\/uploads\\\/2025\\\/06\\\/Webdo-Tunisie_168377.jpg\",\"width\":301,\"height\":301,\"caption\":\"Webdo\"},\"image\":{\"@id\":\"https:\\\/\\\/www.webdo.tn\\\/fr\\\/#\\\/schema\\\/logo\\\/image\\\/\"},\"sameAs\":[\"https:\\\/\\\/www.facebook.com\\\/webdotn\",\"https:\\\/\\\/x.com\\\/webdo_tn\"],\"description\":\"Webdo est un m\u00e9dia num\u00e9rique tunisien fond\u00e9 en 2010, sp\u00e9cialis\u00e9 dans l\u2019actualit\u00e9 nationale et internationale, l\u2019\u00e9conomie, la soci\u00e9t\u00e9 et les analyses politiques. Le site s\u2019adresse \u00e0 un large public francophone et couvre l\u2019information tunisienne en temps r\u00e9el.\",\"email\":\"redac@webdo.tn\",\"legalName\":\"YNJ SARL\",\"foundingDate\":\"2010-09-06\",\"numberOfEmployees\":{\"@type\":\"QuantitativeValue\",\"minValue\":\"11\",\"maxValue\":\"50\"}},{\"@type\":\"Person\",\"@id\":\"https:\\\/\\\/www.webdo.tn\\\/fr\\\/#\\\/schema\\\/person\\\/b9ecde7a5574cb4fcf4b496ea5fadb15\",\"name\":\"Wided Belhaj\",\"image\":{\"@type\":\"ImageObject\",\"inLanguage\":\"fr-FR\",\"@id\":\"https:\\\/\\\/www.webdo.tn\\\/fr\\\/wp-content\\\/uploads\\\/2026\\\/04\\\/wided-belhaj_avatar-96x96.jpg\",\"url\":\"https:\\\/\\\/www.webdo.tn\\\/fr\\\/wp-content\\\/uploads\\\/2026\\\/04\\\/wided-belhaj_avatar-96x96.jpg\",\"contentUrl\":\"https:\\\/\\\/www.webdo.tn\\\/fr\\\/wp-content\\\/uploads\\\/2026\\\/04\\\/wided-belhaj_avatar-96x96.jpg\",\"caption\":\"Wided Belhaj\"},\"description\":\"Wided Belhaj est le pseudonyme \u00e9ditorial utilis\u00e9 par Khalil Jelassi, journaliste, ma\u00eetre-assistant \u00e0 l\u2019Institut de presse et des sciences de l\u2019information (IPSI) et chercheur en sciences de l\u2019information et de la communication. Cette signature est d\u00e9di\u00e9e \u00e0 l\u2019analyse des m\u00e9dias, des pratiques journalistiques et des mutations de l\u2019information \u00e0 l\u2019\u00e8re digitale. \u00c0 travers ses contributions, Wided Belhaj propose une lecture analytique de l\u2019actualit\u00e9, en croisant regard critique et expertise acad\u00e9mique.\",\"knowsAbout\":[\"m\u00e9dias\",\"journalisme\",\"communication\",\"information\",\"transformation num\u00e9rique\",\"analyse des m\u00e9dias\"],\"knowsLanguage\":[\"Fran\u00e7ais\",\"Arabe\"],\"jobTitle\":\"Webdo.tn\",\"worksFor\":\"Journaliste \u2013 Analyse des m\u00e9dias\",\"url\":\"https:\\\/\\\/www.webdo.tn\\\/fr\\\/actualite\\\/author\\\/wided-belhaj\\\/\"}]}<\/script>\n<!-- \/ Yoast SEO Premium plugin. -->","yoast_head_json":{"title":"A\u00efd al-Adha : L\u2019\u00c9tat pr\u00e9voit d\u2019importer des moutons et impose la vente au kilo - webdo","description":"Le minist\u00e8re du Commerce prend des mesures pour assurer l'approvisionnement en moutons pour l'A\u00efd al-Adha et stabiliser les prix.","canonical":"https:\/\/www.webdo.tn\/fr\/actualite\/national\/aid-al-adha-letat-prevoit-dimporter-des-moutons-et-impose-la-vente-au-kilo\/394714\/","og_locale":"fr_FR","og_type":"article","og_title":"A\u00efd al-Adha : L\u2019\u00c9tat pr\u00e9voit d\u2019importer des moutons et impose la vente au kilo","og_description":"Le minist\u00e8re du Commerce prend des mesures pour assurer l'approvisionnement en moutons pour l'A\u00efd al-Adha et stabiliser les prix.","og_url":"https:\/\/www.webdo.tn\/fr\/actualite\/national\/aid-al-adha-letat-prevoit-dimporter-des-moutons-et-impose-la-vente-au-kilo\/394714\/","og_site_name":"webdo","article_publisher":"https:\/\/www.facebook.com\/webdotn","article_published_time":"2026-03-16T12:04:10+00:00","article_modified_time":"2026-03-16T12:04:12+00:00","og_image":[{"width":1200,"height":558,"url":"https:\/\/www.webdo.tn\/fr\/wp-content\/uploads\/2026\/02\/mouton.jpg","type":"image\/jpeg"}],"author":"Wided Belhaj","twitter_card":"summary_large_image","twitter_creator":"@webdo_tn","twitter_site":"@webdo_tn","twitter_misc":{"\u00c9crit par":"Wided Belhaj","Dur\u00e9e de lecture estim\u00e9e":"2 minutes"},"schema":{"@context":"https:\/\/schema.org","@graph":[{"@type":"NewsArticle","@id":"https:\/\/www.webdo.tn\/fr\/actualite\/national\/aid-al-adha-letat-prevoit-dimporter-des-moutons-et-impose-la-vente-au-kilo\/394714\/#article","isPartOf":{"@id":"https:\/\/www.webdo.tn\/fr\/actualite\/national\/aid-al-adha-letat-prevoit-dimporter-des-moutons-et-impose-la-vente-au-kilo\/394714\/"},"author":{"name":"Wided Belhaj","@id":"https:\/\/www.webdo.tn\/fr\/#\/schema\/person\/b9ecde7a5574cb4fcf4b496ea5fadb15"},"headline":"A\u00efd al-Adha : L\u2019\u00c9tat pr\u00e9voit d\u2019importer des moutons et impose la vente au kilo","datePublished":"2026-03-16T12:04:10+00:00","dateModified":"2026-03-16T12:04:12+00:00","mainEntityOfPage":{"@id":"https:\/\/www.webdo.tn\/fr\/actualite\/national\/aid-al-adha-letat-prevoit-dimporter-des-moutons-et-impose-la-vente-au-kilo\/394714\/"},"wordCount":290,"publisher":{"@id":"https:\/\/www.webdo.tn\/fr\/#organization"},"image":{"@id":"https:\/\/www.webdo.tn\/fr\/actualite\/national\/aid-al-adha-letat-prevoit-dimporter-des-moutons-et-impose-la-vente-au-kilo\/394714\/#primaryimage"},"thumbnailUrl":"https:\/\/www.webdo.tn\/fr\/wp-content\/uploads\/2026\/02\/mouton.jpg","keywords":["aid el idha","Tunisie"],"articleSection":["National"],"inLanguage":"fr-FR"},{"@type":"WebPage","@id":"https:\/\/www.webdo.tn\/fr\/actualite\/national\/aid-al-adha-letat-prevoit-dimporter-des-moutons-et-impose-la-vente-au-kilo\/394714\/","url":"https:\/\/www.webdo.tn\/fr\/actualite\/national\/aid-al-adha-letat-prevoit-dimporter-des-moutons-et-impose-la-vente-au-kilo\/394714\/","name":"A\u00efd al-Adha : L\u2019\u00c9tat pr\u00e9voit d\u2019importer des moutons et impose la vente au kilo - webdo","isPartOf":{"@id":"https:\/\/www.webdo.tn\/fr\/#website"},"primaryImageOfPage":{"@id":"https:\/\/www.webdo.tn\/fr\/actualite\/national\/aid-al-adha-letat-prevoit-dimporter-des-moutons-et-impose-la-vente-au-kilo\/394714\/#primaryimage"},"image":{"@id":"https:\/\/www.webdo.tn\/fr\/actualite\/national\/aid-al-adha-letat-prevoit-dimporter-des-moutons-et-impose-la-vente-au-kilo\/394714\/#primaryimage"},"thumbnailUrl":"https:\/\/www.webdo.tn\/fr\/wp-content\/uploads\/2026\/02\/mouton.jpg","datePublished":"2026-03-16T12:04:10+00:00","dateModified":"2026-03-16T12:04:12+00:00","description":"Le minist\u00e8re du Commerce prend des mesures pour assurer l'approvisionnement en moutons pour l'A\u00efd al-Adha et stabiliser les prix.","breadcrumb":{"@id":"https:\/\/www.webdo.tn\/fr\/actualite\/national\/aid-al-adha-letat-prevoit-dimporter-des-moutons-et-impose-la-vente-au-kilo\/394714\/#breadcrumb"},"inLanguage":"fr-FR","potentialAction":[{"@type":"ReadAction","target":["https:\/\/www.webdo.tn\/fr\/actualite\/national\/aid-al-adha-letat-prevoit-dimporter-des-moutons-et-impose-la-vente-au-kilo\/394714\/"]}]},{"@type":"ImageObject","inLanguage":"fr-FR","@id":"https:\/\/www.webdo.tn\/fr\/actualite\/national\/aid-al-adha-letat-prevoit-dimporter-des-moutons-et-impose-la-vente-au-kilo\/394714\/#primaryimage","url":"https:\/\/www.webdo.tn\/fr\/wp-content\/uploads\/2026\/02\/mouton.jpg","contentUrl":"https:\/\/www.webdo.tn\/fr\/wp-content\/uploads\/2026\/02\/mouton.jpg","width":1200,"height":558,"caption":"Mouton tunisie importation"},{"@type":"BreadcrumbList","@id":"https:\/\/www.webdo.tn\/fr\/actualite\/national\/aid-al-adha-letat-prevoit-dimporter-des-moutons-et-impose-la-vente-au-kilo\/394714\/#breadcrumb","itemListElement":[{"@type":"ListItem","position":1,"name":"Accueil","item":"https:\/\/www.webdo.tn\/fr\/"},{"@type":"ListItem","position":2,"name":"A\u00efd al-Adha : L\u2019\u00c9tat pr\u00e9voit d\u2019importer des moutons et impose la vente au kilo"}]},{"@type":"WebSite","@id":"https:\/\/www.webdo.tn\/fr\/#website","url":"https:\/\/www.webdo.tn\/fr\/","name":"webdo","description":"Tunisie - News en Tunisie et \u00e0 l&#039;international sur Webdo.tn","publisher":{"@id":"https:\/\/www.webdo.tn\/fr\/#organization"},"potentialAction":[{"@type":"SearchAction","target":{"@type":"EntryPoint","urlTemplate":"https:\/\/www.webdo.tn\/fr\/?s={search_term_string}"},"query-input":{"@type":"PropertyValueSpecification","valueRequired":true,"valueName":"search_term_string"}}],"inLanguage":"fr-FR"},{"@type":"Organization","@id":"https:\/\/www.webdo.tn\/fr\/#organization","name":"Webdo","alternateName":"Webdo.tn","url":"https:\/\/www.webdo.tn\/fr\/","logo":{"@type":"ImageObject","inLanguage":"fr-FR","@id":"https:\/\/www.webdo.tn\/fr\/#\/schema\/logo\/image\/","url":"https:\/\/www.webdo.tn\/fr\/wp-content\/uploads\/2025\/06\/Webdo-Tunisie_168377.jpg","contentUrl":"https:\/\/www.webdo.tn\/fr\/wp-content\/uploads\/2025\/06\/Webdo-Tunisie_168377.jpg","width":301,"height":301,"caption":"Webdo"},"image":{"@id":"https:\/\/www.webdo.tn\/fr\/#\/schema\/logo\/image\/"},"sameAs":["https:\/\/www.facebook.com\/webdotn","https:\/\/x.com\/webdo_tn"],"description":"Webdo est un m\u00e9dia num\u00e9rique tunisien fond\u00e9 en 2010, sp\u00e9cialis\u00e9 dans l\u2019actualit\u00e9 nationale et internationale, l\u2019\u00e9conomie, la soci\u00e9t\u00e9 et les analyses politiques. Le site s\u2019adresse \u00e0 un large public francophone et couvre l\u2019information tunisienne en temps r\u00e9el.","email":"redac@webdo.tn","legalName":"YNJ SARL","foundingDate":"2010-09-06","numberOfEmployees":{"@type":"QuantitativeValue","minValue":"11","maxValue":"50"}},{"@type":"Person","@id":"https:\/\/www.webdo.tn\/fr\/#\/schema\/person\/b9ecde7a5574cb4fcf4b496ea5fadb15","name":"Wided Belhaj","image":{"@type":"ImageObject","inLanguage":"fr-FR","@id":"https:\/\/www.webdo.tn\/fr\/wp-content\/uploads\/2026\/04\/wided-belhaj_avatar-96x96.jpg","url":"https:\/\/www.webdo.tn\/fr\/wp-content\/uploads\/2026\/04\/wided-belhaj_avatar-96x96.jpg","contentUrl":"https:\/\/www.webdo.tn\/fr\/wp-content\/uploads\/2026\/04\/wided-belhaj_avatar-96x96.jpg","caption":"Wided Belhaj"},"description":"Wided Belhaj est le pseudonyme \u00e9ditorial utilis\u00e9 par Khalil Jelassi, journaliste, ma\u00eetre-assistant \u00e0 l\u2019Institut de presse et des sciences de l\u2019information (IPSI) et chercheur en sciences de l\u2019information et de la communication. Cette signature est d\u00e9di\u00e9e \u00e0 l\u2019analyse des m\u00e9dias, des pratiques journalistiques et des mutations de l\u2019information \u00e0 l\u2019\u00e8re digitale. \u00c0 travers ses contributions, Wided Belhaj propose une lecture analytique de l\u2019actualit\u00e9, en croisant regard critique et expertise acad\u00e9mique.","knowsAbout":["m\u00e9dias","journalisme","communication","information","transformation num\u00e9rique","analyse des m\u00e9dias"],"knowsLanguage":["Fran\u00e7ais","Arabe"],"jobTitle":"Webdo.tn","worksFor":"Journaliste \u2013 Analyse des m\u00e9dias","url":"https:\/\/www.webdo.tn\/fr\/actualite\/author\/wided-belhaj\/"}]}},"_links":{"self":[{"href":"https:\/\/www.webdo.tn\/fr\/wp-json\/wp\/v2\/posts\/394714","targetHints":{"allow":["GET"]}}],"collection":[{"href":"https:\/\/www.webdo.tn\/fr\/wp-json\/wp\/v2\/posts"}],"about":[{"href":"https:\/\/www.webdo.tn\/fr\/wp-json\/wp\/v2\/types\/post"}],"author":[{"embeddable":true,"href":"https:\/\/www.webdo.tn\/fr\/wp-json\/wp\/v2\/users\/3184"}],"replies":[{"embeddable":true,"href":"https:\/\/www.webdo.tn\/fr\/wp-json\/wp\/v2\/comments?post=394714"}],"version-history":[{"count":0,"href":"https:\/\/www.webdo.tn\/fr\/wp-json\/wp\/v2\/posts\/394714\/revisions"}],"wp:featuredmedia":[{"embeddable":true,"href":"https:\/\/www.webdo.tn\/fr\/wp-json\/wp\/v2\/media\/393802"}],"wp:attachment":[{"href":"https:\/\/www.webdo.tn\/fr\/wp-json\/wp\/v2\/media?parent=394714"}],"wp:term":[{"taxonomy":"category","embeddable":true,"href":"https:\/\/www.webdo.tn\/fr\/wp-json\/wp\/v2\/categories?post=394714"},{"taxonomy":"post_tag","embeddable":true,"href":"https:\/\/www.webdo.tn\/fr\/wp-json\/wp\/v2\/tags?post=394714"}],"curies":[{"name":"wp","href":"https:\/\/api.w.org\/{rel}","templated":true}]}}