{"id":394712,"date":"2026-03-16T11:52:45","date_gmt":"2026-03-16T10:52:45","guid":{"rendered":"https:\/\/www.webdo.tn\/fr\/?p=394712"},"modified":"2026-03-16T11:52:46","modified_gmt":"2026-03-16T10:52:46","slug":"tunisie-meteo-pluies-parfois-orageuses-et-vents-forts-attendus","status":"publish","type":"post","link":"https:\/\/www.webdo.tn\/fr\/actualite\/national\/tunisie-meteo-pluies-parfois-orageuses-et-vents-forts-attendus\/394712\/","title":{"rendered":"Tunisie &#8211; M\u00e9t\u00e9o : Pluies parfois orageuses et vents forts attendus"},"content":{"rendered":"\n<p id=\"h-\"><\/p>\n\n\n\n<p><strong>La situation m\u00e9t\u00e9orologique restera instable ce lundi 16 mars 2026 en Tunisie, avec des pluies attendues sur plusieurs r\u00e9gions du pays. <\/strong><\/p>\n\n\n\n<p>Selon une note de suivi publi\u00e9e par l\u2019Institut national de la m\u00e9t\u00e9orologie, les pr\u00e9cipitations concerneront principalement le nord et les r\u00e9gions de l\u2019ouest, o\u00f9 elles pourront \u00eatre temporairement orageuses et parfois abondantes, notamment \u00e0 l\u2019extr\u00eame nord-ouest.<\/p>\n\n\n\n<h2 class=\"wp-block-heading\" id=\"h-70-millimetres-dans-certaines-zones\">70 millim\u00e8tres dans certaines zones<\/h2>\n\n\n\n<p>Les quantit\u00e9s de pluie devraient g\u00e9n\u00e9ralement varier entre 30 et 50 millim\u00e8tres, avec des cumuls pouvant atteindre localement 70 millim\u00e8tres dans certaines zones.<\/p>\n\n\n\n<p class=\"has-medium-font-size\"><strong>Lire aussi :<a href=\"https:\/\/www.webdo.tn\/fr\/actualite\/national\/tunisie-pluies-vent-et-baisse-de-temperatures-attendus\/394613\/\"> <\/a><\/strong><a href=\"https:\/\/www.webdo.tn\/fr\/actualite\/national\/tunisie-pluies-vent-et-baisse-de-temperatures-attendus\/394613\/\">Tunisie : Pluies, vent et baisse de temp\u00e9ratures attendus<\/a><br><\/p>\n\n\n\n<p>Les perturbations devraient ensuite s\u2019\u00e9tendre durant la nuit et au cours de la journ\u00e9e du mardi 17 mars vers les r\u00e9gions c\u00f4ti\u00e8res de l\u2019est, o\u00f9 des pluies localement importantes sont \u00e9galement attendues. Les cumuls y oscilleront g\u00e9n\u00e9ralement entre 30 et 50 millim\u00e8tres, avec la possibilit\u00e9 de chutes de gr\u00eale par endroits.<\/p>\n\n\n\n<h2 class=\"wp-block-heading\" id=\"h-des-vents-relativement-forts-a-forts\"> Des vents relativement forts \u00e0 forts <\/h2>\n\n\n\n<p>Par ailleurs, l\u2019Institut national de la m\u00e9t\u00e9orologie pr\u00e9voit des vents relativement forts \u00e0 forts sur le nord et le centre du pays. Les rafales pourraient atteindre entre 50 et 80 km\/h, notamment pr\u00e8s des c\u00f4tes et sur les hauteurs. Dans certaines zones, notamment dans la r\u00e9gion de Kasserine, les rafales pourraient atteindre temporairement 100 km\/h.<\/p>\n","protected":false},"excerpt":{"rendered":"<p>La situation m\u00e9t\u00e9orologique restera instable ce lundi 16 mars 2026 en Tunisie, avec des pluies attendues sur plusieurs r\u00e9gions du pays. Selon une note de suivi publi\u00e9e par l\u2019Institut national de la m\u00e9t\u00e9orologie, les pr\u00e9cipitations concerneront principalement le nord et les r\u00e9gions de l\u2019ouest, o\u00f9 elles pourront \u00eatre temporairement orageuses et parfois abondantes, notamment \u00e0 [&hellip;]<\/p>\n","protected":false},"author":3184,"featured_media":390260,"comment_status":"closed","ping_status":"closed","sticky":false,"template":"","format":"standard","meta":{"footnotes":""},"categories":[44],"tags":[2670,2671,2608],"class_list":["post-394712","post","type-post","status-publish","format-standard","has-post-thumbnail","hentry","category-national","tag-meteo","tag-pluie","tag-tunisie"],"yoast_head":"<!-- This site is optimized with the Yoast SEO Premium plugin v27.5 (Yoast SEO v27.5) - https:\/\/yoast.com\/product\/yoast-seo-premium-wordpress\/ -->\n<title>Tunisie - M\u00e9t\u00e9o : Pluies parfois orageuses et vents forts attendus - webdo<\/title>\n<meta name=\"description\" content=\"Pr\u00e9parez-vous pour des pluies instables en Tunisie ce 16 mars. Des pr\u00e9cipitations abondantes sont attendues dans plusieurs r\u00e9gions.\" \/>\n<link rel=\"canonical\" href=\"https:\/\/www.webdo.tn\/fr\/actualite\/national\/tunisie-meteo-pluies-parfois-orageuses-et-vents-forts-attendus\/394712\/\" \/>\n<meta property=\"og:locale\" content=\"fr_FR\" \/>\n<meta property=\"og:type\" content=\"article\" \/>\n<meta property=\"og:title\" content=\"Tunisie - M\u00e9t\u00e9o : Pluies parfois orageuses et vents forts attendus\" \/>\n<meta property=\"og:description\" content=\"Pr\u00e9parez-vous pour des pluies instables en Tunisie ce 16 mars. Des pr\u00e9cipitations abondantes sont attendues dans plusieurs r\u00e9gions.\" \/>\n<meta property=\"og:url\" content=\"https:\/\/www.webdo.tn\/fr\/actualite\/national\/tunisie-meteo-pluies-parfois-orageuses-et-vents-forts-attendus\/394712\/\" \/>\n<meta property=\"og:site_name\" content=\"webdo\" \/>\n<meta property=\"article:publisher\" content=\"https:\/\/www.facebook.com\/webdotn\" \/>\n<meta property=\"article:published_time\" content=\"2026-03-16T10:52:45+00:00\" \/>\n<meta property=\"article:modified_time\" content=\"2026-03-16T10:52:46+00:00\" \/>\n<meta property=\"og:image\" content=\"https:\/\/www.webdo.tn\/fr\/wp-content\/uploads\/2025\/12\/meteo-pluie-1-1920x1164-1.jpg\" \/>\n\t<meta property=\"og:image:width\" content=\"1200\" \/>\n\t<meta property=\"og:image:height\" content=\"607\" \/>\n\t<meta property=\"og:image:type\" content=\"image\/jpeg\" \/>\n<meta name=\"author\" content=\"Wided Belhaj\" \/>\n<meta name=\"twitter:card\" content=\"summary_large_image\" \/>\n<meta name=\"twitter:creator\" content=\"@webdo_tn\" \/>\n<meta name=\"twitter:site\" content=\"@webdo_tn\" \/>\n<meta name=\"twitter:label1\" content=\"\u00c9crit par\" \/>\n\t<meta name=\"twitter:data1\" content=\"Wided Belhaj\" \/>\n\t<meta name=\"twitter:label2\" content=\"Dur\u00e9e de lecture estim\u00e9e\" \/>\n\t<meta name=\"twitter:data2\" content=\"2 minutes\" \/>\n<script type=\"application\/ld+json\" class=\"yoast-schema-graph\">{\"@context\":\"https:\\\/\\\/schema.org\",\"@graph\":[{\"@type\":\"NewsArticle\",\"@id\":\"https:\\\/\\\/www.webdo.tn\\\/fr\\\/actualite\\\/national\\\/tunisie-meteo-pluies-parfois-orageuses-et-vents-forts-attendus\\\/394712\\\/#article\",\"isPartOf\":{\"@id\":\"https:\\\/\\\/www.webdo.tn\\\/fr\\\/actualite\\\/national\\\/tunisie-meteo-pluies-parfois-orageuses-et-vents-forts-attendus\\\/394712\\\/\"},\"author\":{\"name\":\"Wided Belhaj\",\"@id\":\"https:\\\/\\\/www.webdo.tn\\\/fr\\\/#\\\/schema\\\/person\\\/b9ecde7a5574cb4fcf4b496ea5fadb15\"},\"headline\":\"Tunisie &#8211; M\u00e9t\u00e9o : Pluies parfois orageuses et vents forts attendus\",\"datePublished\":\"2026-03-16T10:52:45+00:00\",\"dateModified\":\"2026-03-16T10:52:46+00:00\",\"mainEntityOfPage\":{\"@id\":\"https:\\\/\\\/www.webdo.tn\\\/fr\\\/actualite\\\/national\\\/tunisie-meteo-pluies-parfois-orageuses-et-vents-forts-attendus\\\/394712\\\/\"},\"wordCount\":242,\"publisher\":{\"@id\":\"https:\\\/\\\/www.webdo.tn\\\/fr\\\/#organization\"},\"image\":{\"@id\":\"https:\\\/\\\/www.webdo.tn\\\/fr\\\/actualite\\\/national\\\/tunisie-meteo-pluies-parfois-orageuses-et-vents-forts-attendus\\\/394712\\\/#primaryimage\"},\"thumbnailUrl\":\"https:\\\/\\\/www.webdo.tn\\\/fr\\\/wp-content\\\/uploads\\\/2025\\\/12\\\/meteo-pluie-1-1920x1164-1.jpg\",\"keywords\":[\"m\u00e9t\u00e9o\",\"Pluie\",\"Tunisie\"],\"articleSection\":[\"National\"],\"inLanguage\":\"fr-FR\"},{\"@type\":\"WebPage\",\"@id\":\"https:\\\/\\\/www.webdo.tn\\\/fr\\\/actualite\\\/national\\\/tunisie-meteo-pluies-parfois-orageuses-et-vents-forts-attendus\\\/394712\\\/\",\"url\":\"https:\\\/\\\/www.webdo.tn\\\/fr\\\/actualite\\\/national\\\/tunisie-meteo-pluies-parfois-orageuses-et-vents-forts-attendus\\\/394712\\\/\",\"name\":\"Tunisie - M\u00e9t\u00e9o : Pluies parfois orageuses et vents forts attendus - webdo\",\"isPartOf\":{\"@id\":\"https:\\\/\\\/www.webdo.tn\\\/fr\\\/#website\"},\"primaryImageOfPage\":{\"@id\":\"https:\\\/\\\/www.webdo.tn\\\/fr\\\/actualite\\\/national\\\/tunisie-meteo-pluies-parfois-orageuses-et-vents-forts-attendus\\\/394712\\\/#primaryimage\"},\"image\":{\"@id\":\"https:\\\/\\\/www.webdo.tn\\\/fr\\\/actualite\\\/national\\\/tunisie-meteo-pluies-parfois-orageuses-et-vents-forts-attendus\\\/394712\\\/#primaryimage\"},\"thumbnailUrl\":\"https:\\\/\\\/www.webdo.tn\\\/fr\\\/wp-content\\\/uploads\\\/2025\\\/12\\\/meteo-pluie-1-1920x1164-1.jpg\",\"datePublished\":\"2026-03-16T10:52:45+00:00\",\"dateModified\":\"2026-03-16T10:52:46+00:00\",\"description\":\"Pr\u00e9parez-vous pour des pluies instables en Tunisie ce 16 mars. Des pr\u00e9cipitations abondantes sont attendues dans plusieurs r\u00e9gions.\",\"breadcrumb\":{\"@id\":\"https:\\\/\\\/www.webdo.tn\\\/fr\\\/actualite\\\/national\\\/tunisie-meteo-pluies-parfois-orageuses-et-vents-forts-attendus\\\/394712\\\/#breadcrumb\"},\"inLanguage\":\"fr-FR\",\"potentialAction\":[{\"@type\":\"ReadAction\",\"target\":[\"https:\\\/\\\/www.webdo.tn\\\/fr\\\/actualite\\\/national\\\/tunisie-meteo-pluies-parfois-orageuses-et-vents-forts-attendus\\\/394712\\\/\"]}]},{\"@type\":\"ImageObject\",\"inLanguage\":\"fr-FR\",\"@id\":\"https:\\\/\\\/www.webdo.tn\\\/fr\\\/actualite\\\/national\\\/tunisie-meteo-pluies-parfois-orageuses-et-vents-forts-attendus\\\/394712\\\/#primaryimage\",\"url\":\"https:\\\/\\\/www.webdo.tn\\\/fr\\\/wp-content\\\/uploads\\\/2025\\\/12\\\/meteo-pluie-1-1920x1164-1.jpg\",\"contentUrl\":\"https:\\\/\\\/www.webdo.tn\\\/fr\\\/wp-content\\\/uploads\\\/2025\\\/12\\\/meteo-pluie-1-1920x1164-1.jpg\",\"width\":1200,\"height\":607,\"caption\":\"Intemp\u00e9ries en Tunisie : Apr\u00e8s Zaghouan, la m\u00e9t\u00e9o vire \u00e0 l\u2019alerte gr\u00eale et vents violents\"},{\"@type\":\"BreadcrumbList\",\"@id\":\"https:\\\/\\\/www.webdo.tn\\\/fr\\\/actualite\\\/national\\\/tunisie-meteo-pluies-parfois-orageuses-et-vents-forts-attendus\\\/394712\\\/#breadcrumb\",\"itemListElement\":[{\"@type\":\"ListItem\",\"position\":1,\"name\":\"Accueil\",\"item\":\"https:\\\/\\\/www.webdo.tn\\\/fr\\\/\"},{\"@type\":\"ListItem\",\"position\":2,\"name\":\"Tunisie &#8211; M\u00e9t\u00e9o : Pluies parfois orageuses et vents forts attendus\"}]},{\"@type\":\"WebSite\",\"@id\":\"https:\\\/\\\/www.webdo.tn\\\/fr\\\/#website\",\"url\":\"https:\\\/\\\/www.webdo.tn\\\/fr\\\/\",\"name\":\"webdo\",\"description\":\"Tunisie - News en Tunisie et \u00e0 l&#039;international sur Webdo.tn\",\"publisher\":{\"@id\":\"https:\\\/\\\/www.webdo.tn\\\/fr\\\/#organization\"},\"potentialAction\":[{\"@type\":\"SearchAction\",\"target\":{\"@type\":\"EntryPoint\",\"urlTemplate\":\"https:\\\/\\\/www.webdo.tn\\\/fr\\\/?s={search_term_string}\"},\"query-input\":{\"@type\":\"PropertyValueSpecification\",\"valueRequired\":true,\"valueName\":\"search_term_string\"}}],\"inLanguage\":\"fr-FR\"},{\"@type\":\"Organization\",\"@id\":\"https:\\\/\\\/www.webdo.tn\\\/fr\\\/#organization\",\"name\":\"Webdo\",\"alternateName\":\"Webdo.tn\",\"url\":\"https:\\\/\\\/www.webdo.tn\\\/fr\\\/\",\"logo\":{\"@type\":\"ImageObject\",\"inLanguage\":\"fr-FR\",\"@id\":\"https:\\\/\\\/www.webdo.tn\\\/fr\\\/#\\\/schema\\\/logo\\\/image\\\/\",\"url\":\"https:\\\/\\\/www.webdo.tn\\\/fr\\\/wp-content\\\/uploads\\\/2025\\\/06\\\/Webdo-Tunisie_168377.jpg\",\"contentUrl\":\"https:\\\/\\\/www.webdo.tn\\\/fr\\\/wp-content\\\/uploads\\\/2025\\\/06\\\/Webdo-Tunisie_168377.jpg\",\"width\":301,\"height\":301,\"caption\":\"Webdo\"},\"image\":{\"@id\":\"https:\\\/\\\/www.webdo.tn\\\/fr\\\/#\\\/schema\\\/logo\\\/image\\\/\"},\"sameAs\":[\"https:\\\/\\\/www.facebook.com\\\/webdotn\",\"https:\\\/\\\/x.com\\\/webdo_tn\"],\"description\":\"Webdo est un m\u00e9dia num\u00e9rique tunisien fond\u00e9 en 2010, sp\u00e9cialis\u00e9 dans l\u2019actualit\u00e9 nationale et internationale, l\u2019\u00e9conomie, la soci\u00e9t\u00e9 et les analyses politiques. Le site s\u2019adresse \u00e0 un large public francophone et couvre l\u2019information tunisienne en temps r\u00e9el.\",\"email\":\"redac@webdo.tn\",\"legalName\":\"YNJ SARL\",\"foundingDate\":\"2010-09-06\",\"numberOfEmployees\":{\"@type\":\"QuantitativeValue\",\"minValue\":\"11\",\"maxValue\":\"50\"}},{\"@type\":\"Person\",\"@id\":\"https:\\\/\\\/www.webdo.tn\\\/fr\\\/#\\\/schema\\\/person\\\/b9ecde7a5574cb4fcf4b496ea5fadb15\",\"name\":\"Wided Belhaj\",\"image\":{\"@type\":\"ImageObject\",\"inLanguage\":\"fr-FR\",\"@id\":\"https:\\\/\\\/www.webdo.tn\\\/fr\\\/wp-content\\\/uploads\\\/2026\\\/04\\\/wided-belhaj_avatar-96x96.jpg\",\"url\":\"https:\\\/\\\/www.webdo.tn\\\/fr\\\/wp-content\\\/uploads\\\/2026\\\/04\\\/wided-belhaj_avatar-96x96.jpg\",\"contentUrl\":\"https:\\\/\\\/www.webdo.tn\\\/fr\\\/wp-content\\\/uploads\\\/2026\\\/04\\\/wided-belhaj_avatar-96x96.jpg\",\"caption\":\"Wided Belhaj\"},\"description\":\"Wided Belhaj est le pseudonyme \u00e9ditorial utilis\u00e9 par Khalil Jelassi, journaliste, ma\u00eetre-assistant \u00e0 l\u2019Institut de presse et des sciences de l\u2019information (IPSI) et chercheur en sciences de l\u2019information et de la communication. Cette signature est d\u00e9di\u00e9e \u00e0 l\u2019analyse des m\u00e9dias, des pratiques journalistiques et des mutations de l\u2019information \u00e0 l\u2019\u00e8re digitale. \u00c0 travers ses contributions, Wided Belhaj propose une lecture analytique de l\u2019actualit\u00e9, en croisant regard critique et expertise acad\u00e9mique.\",\"knowsAbout\":[\"m\u00e9dias\",\"journalisme\",\"communication\",\"information\",\"transformation num\u00e9rique\",\"analyse des m\u00e9dias\"],\"knowsLanguage\":[\"Fran\u00e7ais\",\"Arabe\"],\"jobTitle\":\"Webdo.tn\",\"worksFor\":\"Journaliste \u2013 Analyse des m\u00e9dias\",\"url\":\"https:\\\/\\\/www.webdo.tn\\\/fr\\\/actualite\\\/author\\\/wided-belhaj\\\/\"}]}<\/script>\n<!-- \/ Yoast SEO Premium plugin. -->","yoast_head_json":{"title":"Tunisie - M\u00e9t\u00e9o : Pluies parfois orageuses et vents forts attendus - webdo","description":"Pr\u00e9parez-vous pour des pluies instables en Tunisie ce 16 mars. Des pr\u00e9cipitations abondantes sont attendues dans plusieurs r\u00e9gions.","canonical":"https:\/\/www.webdo.tn\/fr\/actualite\/national\/tunisie-meteo-pluies-parfois-orageuses-et-vents-forts-attendus\/394712\/","og_locale":"fr_FR","og_type":"article","og_title":"Tunisie - M\u00e9t\u00e9o : Pluies parfois orageuses et vents forts attendus","og_description":"Pr\u00e9parez-vous pour des pluies instables en Tunisie ce 16 mars. Des pr\u00e9cipitations abondantes sont attendues dans plusieurs r\u00e9gions.","og_url":"https:\/\/www.webdo.tn\/fr\/actualite\/national\/tunisie-meteo-pluies-parfois-orageuses-et-vents-forts-attendus\/394712\/","og_site_name":"webdo","article_publisher":"https:\/\/www.facebook.com\/webdotn","article_published_time":"2026-03-16T10:52:45+00:00","article_modified_time":"2026-03-16T10:52:46+00:00","og_image":[{"width":1200,"height":607,"url":"https:\/\/www.webdo.tn\/fr\/wp-content\/uploads\/2025\/12\/meteo-pluie-1-1920x1164-1.jpg","type":"image\/jpeg"}],"author":"Wided Belhaj","twitter_card":"summary_large_image","twitter_creator":"@webdo_tn","twitter_site":"@webdo_tn","twitter_misc":{"\u00c9crit par":"Wided Belhaj","Dur\u00e9e de lecture estim\u00e9e":"2 minutes"},"schema":{"@context":"https:\/\/schema.org","@graph":[{"@type":"NewsArticle","@id":"https:\/\/www.webdo.tn\/fr\/actualite\/national\/tunisie-meteo-pluies-parfois-orageuses-et-vents-forts-attendus\/394712\/#article","isPartOf":{"@id":"https:\/\/www.webdo.tn\/fr\/actualite\/national\/tunisie-meteo-pluies-parfois-orageuses-et-vents-forts-attendus\/394712\/"},"author":{"name":"Wided Belhaj","@id":"https:\/\/www.webdo.tn\/fr\/#\/schema\/person\/b9ecde7a5574cb4fcf4b496ea5fadb15"},"headline":"Tunisie &#8211; M\u00e9t\u00e9o : Pluies parfois orageuses et vents forts attendus","datePublished":"2026-03-16T10:52:45+00:00","dateModified":"2026-03-16T10:52:46+00:00","mainEntityOfPage":{"@id":"https:\/\/www.webdo.tn\/fr\/actualite\/national\/tunisie-meteo-pluies-parfois-orageuses-et-vents-forts-attendus\/394712\/"},"wordCount":242,"publisher":{"@id":"https:\/\/www.webdo.tn\/fr\/#organization"},"image":{"@id":"https:\/\/www.webdo.tn\/fr\/actualite\/national\/tunisie-meteo-pluies-parfois-orageuses-et-vents-forts-attendus\/394712\/#primaryimage"},"thumbnailUrl":"https:\/\/www.webdo.tn\/fr\/wp-content\/uploads\/2025\/12\/meteo-pluie-1-1920x1164-1.jpg","keywords":["m\u00e9t\u00e9o","Pluie","Tunisie"],"articleSection":["National"],"inLanguage":"fr-FR"},{"@type":"WebPage","@id":"https:\/\/www.webdo.tn\/fr\/actualite\/national\/tunisie-meteo-pluies-parfois-orageuses-et-vents-forts-attendus\/394712\/","url":"https:\/\/www.webdo.tn\/fr\/actualite\/national\/tunisie-meteo-pluies-parfois-orageuses-et-vents-forts-attendus\/394712\/","name":"Tunisie - M\u00e9t\u00e9o : Pluies parfois orageuses et vents forts attendus - webdo","isPartOf":{"@id":"https:\/\/www.webdo.tn\/fr\/#website"},"primaryImageOfPage":{"@id":"https:\/\/www.webdo.tn\/fr\/actualite\/national\/tunisie-meteo-pluies-parfois-orageuses-et-vents-forts-attendus\/394712\/#primaryimage"},"image":{"@id":"https:\/\/www.webdo.tn\/fr\/actualite\/national\/tunisie-meteo-pluies-parfois-orageuses-et-vents-forts-attendus\/394712\/#primaryimage"},"thumbnailUrl":"https:\/\/www.webdo.tn\/fr\/wp-content\/uploads\/2025\/12\/meteo-pluie-1-1920x1164-1.jpg","datePublished":"2026-03-16T10:52:45+00:00","dateModified":"2026-03-16T10:52:46+00:00","description":"Pr\u00e9parez-vous pour des pluies instables en Tunisie ce 16 mars. Des pr\u00e9cipitations abondantes sont attendues dans plusieurs r\u00e9gions.","breadcrumb":{"@id":"https:\/\/www.webdo.tn\/fr\/actualite\/national\/tunisie-meteo-pluies-parfois-orageuses-et-vents-forts-attendus\/394712\/#breadcrumb"},"inLanguage":"fr-FR","potentialAction":[{"@type":"ReadAction","target":["https:\/\/www.webdo.tn\/fr\/actualite\/national\/tunisie-meteo-pluies-parfois-orageuses-et-vents-forts-attendus\/394712\/"]}]},{"@type":"ImageObject","inLanguage":"fr-FR","@id":"https:\/\/www.webdo.tn\/fr\/actualite\/national\/tunisie-meteo-pluies-parfois-orageuses-et-vents-forts-attendus\/394712\/#primaryimage","url":"https:\/\/www.webdo.tn\/fr\/wp-content\/uploads\/2025\/12\/meteo-pluie-1-1920x1164-1.jpg","contentUrl":"https:\/\/www.webdo.tn\/fr\/wp-content\/uploads\/2025\/12\/meteo-pluie-1-1920x1164-1.jpg","width":1200,"height":607,"caption":"Intemp\u00e9ries en Tunisie : Apr\u00e8s Zaghouan, la m\u00e9t\u00e9o vire \u00e0 l\u2019alerte gr\u00eale et vents violents"},{"@type":"BreadcrumbList","@id":"https:\/\/www.webdo.tn\/fr\/actualite\/national\/tunisie-meteo-pluies-parfois-orageuses-et-vents-forts-attendus\/394712\/#breadcrumb","itemListElement":[{"@type":"ListItem","position":1,"name":"Accueil","item":"https:\/\/www.webdo.tn\/fr\/"},{"@type":"ListItem","position":2,"name":"Tunisie &#8211; M\u00e9t\u00e9o : Pluies parfois orageuses et vents forts attendus"}]},{"@type":"WebSite","@id":"https:\/\/www.webdo.tn\/fr\/#website","url":"https:\/\/www.webdo.tn\/fr\/","name":"webdo","description":"Tunisie - News en Tunisie et \u00e0 l&#039;international sur Webdo.tn","publisher":{"@id":"https:\/\/www.webdo.tn\/fr\/#organization"},"potentialAction":[{"@type":"SearchAction","target":{"@type":"EntryPoint","urlTemplate":"https:\/\/www.webdo.tn\/fr\/?s={search_term_string}"},"query-input":{"@type":"PropertyValueSpecification","valueRequired":true,"valueName":"search_term_string"}}],"inLanguage":"fr-FR"},{"@type":"Organization","@id":"https:\/\/www.webdo.tn\/fr\/#organization","name":"Webdo","alternateName":"Webdo.tn","url":"https:\/\/www.webdo.tn\/fr\/","logo":{"@type":"ImageObject","inLanguage":"fr-FR","@id":"https:\/\/www.webdo.tn\/fr\/#\/schema\/logo\/image\/","url":"https:\/\/www.webdo.tn\/fr\/wp-content\/uploads\/2025\/06\/Webdo-Tunisie_168377.jpg","contentUrl":"https:\/\/www.webdo.tn\/fr\/wp-content\/uploads\/2025\/06\/Webdo-Tunisie_168377.jpg","width":301,"height":301,"caption":"Webdo"},"image":{"@id":"https:\/\/www.webdo.tn\/fr\/#\/schema\/logo\/image\/"},"sameAs":["https:\/\/www.facebook.com\/webdotn","https:\/\/x.com\/webdo_tn"],"description":"Webdo est un m\u00e9dia num\u00e9rique tunisien fond\u00e9 en 2010, sp\u00e9cialis\u00e9 dans l\u2019actualit\u00e9 nationale et internationale, l\u2019\u00e9conomie, la soci\u00e9t\u00e9 et les analyses politiques. Le site s\u2019adresse \u00e0 un large public francophone et couvre l\u2019information tunisienne en temps r\u00e9el.","email":"redac@webdo.tn","legalName":"YNJ SARL","foundingDate":"2010-09-06","numberOfEmployees":{"@type":"QuantitativeValue","minValue":"11","maxValue":"50"}},{"@type":"Person","@id":"https:\/\/www.webdo.tn\/fr\/#\/schema\/person\/b9ecde7a5574cb4fcf4b496ea5fadb15","name":"Wided Belhaj","image":{"@type":"ImageObject","inLanguage":"fr-FR","@id":"https:\/\/www.webdo.tn\/fr\/wp-content\/uploads\/2026\/04\/wided-belhaj_avatar-96x96.jpg","url":"https:\/\/www.webdo.tn\/fr\/wp-content\/uploads\/2026\/04\/wided-belhaj_avatar-96x96.jpg","contentUrl":"https:\/\/www.webdo.tn\/fr\/wp-content\/uploads\/2026\/04\/wided-belhaj_avatar-96x96.jpg","caption":"Wided Belhaj"},"description":"Wided Belhaj est le pseudonyme \u00e9ditorial utilis\u00e9 par Khalil Jelassi, journaliste, ma\u00eetre-assistant \u00e0 l\u2019Institut de presse et des sciences de l\u2019information (IPSI) et chercheur en sciences de l\u2019information et de la communication. Cette signature est d\u00e9di\u00e9e \u00e0 l\u2019analyse des m\u00e9dias, des pratiques journalistiques et des mutations de l\u2019information \u00e0 l\u2019\u00e8re digitale. \u00c0 travers ses contributions, Wided Belhaj propose une lecture analytique de l\u2019actualit\u00e9, en croisant regard critique et expertise acad\u00e9mique.","knowsAbout":["m\u00e9dias","journalisme","communication","information","transformation num\u00e9rique","analyse des m\u00e9dias"],"knowsLanguage":["Fran\u00e7ais","Arabe"],"jobTitle":"Webdo.tn","worksFor":"Journaliste \u2013 Analyse des m\u00e9dias","url":"https:\/\/www.webdo.tn\/fr\/actualite\/author\/wided-belhaj\/"}]}},"_links":{"self":[{"href":"https:\/\/www.webdo.tn\/fr\/wp-json\/wp\/v2\/posts\/394712","targetHints":{"allow":["GET"]}}],"collection":[{"href":"https:\/\/www.webdo.tn\/fr\/wp-json\/wp\/v2\/posts"}],"about":[{"href":"https:\/\/www.webdo.tn\/fr\/wp-json\/wp\/v2\/types\/post"}],"author":[{"embeddable":true,"href":"https:\/\/www.webdo.tn\/fr\/wp-json\/wp\/v2\/users\/3184"}],"replies":[{"embeddable":true,"href":"https:\/\/www.webdo.tn\/fr\/wp-json\/wp\/v2\/comments?post=394712"}],"version-history":[{"count":0,"href":"https:\/\/www.webdo.tn\/fr\/wp-json\/wp\/v2\/posts\/394712\/revisions"}],"wp:featuredmedia":[{"embeddable":true,"href":"https:\/\/www.webdo.tn\/fr\/wp-json\/wp\/v2\/media\/390260"}],"wp:attachment":[{"href":"https:\/\/www.webdo.tn\/fr\/wp-json\/wp\/v2\/media?parent=394712"}],"wp:term":[{"taxonomy":"category","embeddable":true,"href":"https:\/\/www.webdo.tn\/fr\/wp-json\/wp\/v2\/categories?post=394712"},{"taxonomy":"post_tag","embeddable":true,"href":"https:\/\/www.webdo.tn\/fr\/wp-json\/wp\/v2\/tags?post=394712"}],"curies":[{"name":"wp","href":"https:\/\/api.w.org\/{rel}","templated":true}]}}