{"id":394710,"date":"2026-03-16T11:39:14","date_gmt":"2026-03-16T10:39:14","guid":{"rendered":"https:\/\/www.webdo.tn\/fr\/?p=394710"},"modified":"2026-03-16T11:39:16","modified_gmt":"2026-03-16T10:39:16","slug":"justice-cinq-ans-de-prison-par-contumace-pour-marzouki","status":"publish","type":"post","link":"https:\/\/www.webdo.tn\/fr\/actualite\/national\/justice-cinq-ans-de-prison-par-contumace-pour-marzouki\/394710\/","title":{"rendered":"Justice : Cinq ans de prison par contumace pour Marzouki"},"content":{"rendered":"\n<p><strong>Un nouveau jugement a \u00e9t\u00e9 rendu contre l\u2019ancien pr\u00e9sident tunisien Moncef Marzouki et l\u2019ancien b\u00e2tonnier Abderrazak Kilani. La chambre criminelle du tribunal de premi\u00e8re instance de Tunis les a condamn\u00e9s par contumace \u00e0 cinq ans de prison ferme avec ex\u00e9cution imm\u00e9diate pour des faits li\u00e9s \u00e0 l\u2019incitation contre l\u2019\u00c9tat.<\/strong><\/p>\n\n\n\n<p>Selon les informations disponibles, cette d\u00e9cision a \u00e9t\u00e9 prononc\u00e9e par la chambre criminelle pr\u00e8s le tribunal de premi\u00e8re instance de Tunis. Les deux hommes ont \u00e9t\u00e9 reconnus coupables d\u2019accusations relatives \u00e0 l\u2019incitation contre les institutions de l\u2019\u00c9tat. Le jugement a \u00e9t\u00e9 rendu par contumace, les accus\u00e9s n\u2019\u00e9tant pas pr\u00e9sents lors de l\u2019audience.<\/p>\n\n\n\n<h2 class=\"wp-block-heading\" id=\"h-cette-nouvelle-condamnation-s-ajoute-a-une-precedente\">Cette nouvelle condamnation s\u2019ajoute \u00e0 une pr\u00e9c\u00e9dente<\/h2>\n\n\n\n<p>Cette nouvelle condamnation s\u2019ajoute \u00e0 une pr\u00e9c\u00e9dente d\u00e9cision judiciaire prononc\u00e9e r\u00e9cemment par la chambre criminelle sp\u00e9cialis\u00e9e dans les affaires de terrorisme du m\u00eame tribunal. Dans cette affaire, Moncef Marzouki et Abderrazak Kilani avaient \u00e9t\u00e9 condamn\u00e9s par contumace \u00e0 vingt-deux ans de prison avec ex\u00e9cution imm\u00e9diate pour des crimes et accusations \u00e0 caract\u00e8re terroriste.<\/p>\n\n\n\n<p>Ces jugements interviennent dans un contexte judiciaire marqu\u00e9 par plusieurs proc\u00e9dures visant des responsables politiques et des personnalit\u00e9s publiques tunisiennes.<\/p>\n\n\n\n<p><strong>Lire aussi <\/strong>: <a href=\"https:\/\/www.webdo.tn\/fr\/actualite\/national\/marzouki-sur-ghannouchi-liberez-le-si-vous-voulez-du-bien-pour-vous-meme\/204942\/\">Marzouki en r\u00e9f\u00e9rence \u00e0 Ghannouchi : \u00ab\u00a0Lib\u00e9rez-le, si vous voulez du bien pour vous-m\u00eame !\u00a0\u00bb<\/a><br><\/p>\n\n\n\n<p><\/p>\n","protected":false},"excerpt":{"rendered":"<p>Un nouveau jugement a \u00e9t\u00e9 rendu contre l\u2019ancien pr\u00e9sident tunisien Moncef Marzouki et l\u2019ancien b\u00e2tonnier Abderrazak Kilani. La chambre criminelle du tribunal de premi\u00e8re instance de Tunis les a condamn\u00e9s par contumace \u00e0 cinq ans de prison ferme avec ex\u00e9cution imm\u00e9diate pour des faits li\u00e9s \u00e0 l\u2019incitation contre l\u2019\u00c9tat. Selon les informations disponibles, cette d\u00e9cision [&hellip;]<\/p>\n","protected":false},"author":3184,"featured_media":391461,"comment_status":"closed","ping_status":"closed","sticky":false,"template":"","format":"standard","meta":{"footnotes":""},"categories":[44],"tags":[2619,8542,2608],"class_list":["post-394710","post","type-post","status-publish","format-standard","has-post-thumbnail","hentry","category-national","tag-justice","tag-marzouki","tag-tunisie"],"yoast_head":"<!-- This site is optimized with the Yoast SEO Premium plugin v27.5 (Yoast SEO v27.5) - https:\/\/yoast.com\/product\/yoast-seo-premium-wordpress\/ -->\n<title>Justice : Cinq ans de prison par contumace pour Marzouki - webdo<\/title>\n<meta name=\"description\" content=\"Moncef Marzouki condamn\u00e9 \u00e0 cinq ans de prison pour incitation contre l&#039;\u00c9tat. D\u00e9couvrez les d\u00e9tails de cette d\u00e9cision judiciaire.\" \/>\n<link rel=\"canonical\" href=\"https:\/\/www.webdo.tn\/fr\/actualite\/national\/justice-cinq-ans-de-prison-par-contumace-pour-marzouki\/394710\/\" \/>\n<meta property=\"og:locale\" content=\"fr_FR\" \/>\n<meta property=\"og:type\" content=\"article\" \/>\n<meta property=\"og:title\" content=\"Justice : Cinq ans de prison par contumace pour Marzouki\" \/>\n<meta property=\"og:description\" content=\"Moncef Marzouki condamn\u00e9 \u00e0 cinq ans de prison pour incitation contre l&#039;\u00c9tat. D\u00e9couvrez les d\u00e9tails de cette d\u00e9cision judiciaire.\" \/>\n<meta property=\"og:url\" content=\"https:\/\/www.webdo.tn\/fr\/actualite\/national\/justice-cinq-ans-de-prison-par-contumace-pour-marzouki\/394710\/\" \/>\n<meta property=\"og:site_name\" content=\"webdo\" \/>\n<meta property=\"article:publisher\" content=\"https:\/\/www.facebook.com\/webdotn\" \/>\n<meta property=\"article:published_time\" content=\"2026-03-16T10:39:14+00:00\" \/>\n<meta property=\"article:modified_time\" content=\"2026-03-16T10:39:16+00:00\" \/>\n<meta property=\"og:image\" content=\"https:\/\/www.webdo.tn\/fr\/wp-content\/uploads\/2026\/01\/Justice.jpg\" \/>\n\t<meta property=\"og:image:width\" content=\"1200\" \/>\n\t<meta property=\"og:image:height\" content=\"607\" \/>\n\t<meta property=\"og:image:type\" content=\"image\/jpeg\" \/>\n<meta name=\"author\" content=\"Wided Belhaj\" \/>\n<meta name=\"twitter:card\" content=\"summary_large_image\" \/>\n<meta name=\"twitter:creator\" content=\"@webdo_tn\" \/>\n<meta name=\"twitter:site\" content=\"@webdo_tn\" \/>\n<meta name=\"twitter:label1\" content=\"\u00c9crit par\" \/>\n\t<meta name=\"twitter:data1\" content=\"Wided Belhaj\" \/>\n\t<meta name=\"twitter:label2\" content=\"Dur\u00e9e de lecture estim\u00e9e\" \/>\n\t<meta name=\"twitter:data2\" content=\"2 minutes\" \/>\n<script type=\"application\/ld+json\" class=\"yoast-schema-graph\">{\"@context\":\"https:\\\/\\\/schema.org\",\"@graph\":[{\"@type\":\"NewsArticle\",\"@id\":\"https:\\\/\\\/www.webdo.tn\\\/fr\\\/actualite\\\/national\\\/justice-cinq-ans-de-prison-par-contumace-pour-marzouki\\\/394710\\\/#article\",\"isPartOf\":{\"@id\":\"https:\\\/\\\/www.webdo.tn\\\/fr\\\/actualite\\\/national\\\/justice-cinq-ans-de-prison-par-contumace-pour-marzouki\\\/394710\\\/\"},\"author\":{\"name\":\"Wided Belhaj\",\"@id\":\"https:\\\/\\\/www.webdo.tn\\\/fr\\\/#\\\/schema\\\/person\\\/b9ecde7a5574cb4fcf4b496ea5fadb15\"},\"headline\":\"Justice : Cinq ans de prison par contumace pour Marzouki\",\"datePublished\":\"2026-03-16T10:39:14+00:00\",\"dateModified\":\"2026-03-16T10:39:16+00:00\",\"mainEntityOfPage\":{\"@id\":\"https:\\\/\\\/www.webdo.tn\\\/fr\\\/actualite\\\/national\\\/justice-cinq-ans-de-prison-par-contumace-pour-marzouki\\\/394710\\\/\"},\"wordCount\":241,\"publisher\":{\"@id\":\"https:\\\/\\\/www.webdo.tn\\\/fr\\\/#organization\"},\"image\":{\"@id\":\"https:\\\/\\\/www.webdo.tn\\\/fr\\\/actualite\\\/national\\\/justice-cinq-ans-de-prison-par-contumace-pour-marzouki\\\/394710\\\/#primaryimage\"},\"thumbnailUrl\":\"https:\\\/\\\/www.webdo.tn\\\/fr\\\/wp-content\\\/uploads\\\/2026\\\/01\\\/Justice.jpg\",\"keywords\":[\"justice\",\"Marzouki\",\"Tunisie\"],\"articleSection\":[\"National\"],\"inLanguage\":\"fr-FR\"},{\"@type\":\"WebPage\",\"@id\":\"https:\\\/\\\/www.webdo.tn\\\/fr\\\/actualite\\\/national\\\/justice-cinq-ans-de-prison-par-contumace-pour-marzouki\\\/394710\\\/\",\"url\":\"https:\\\/\\\/www.webdo.tn\\\/fr\\\/actualite\\\/national\\\/justice-cinq-ans-de-prison-par-contumace-pour-marzouki\\\/394710\\\/\",\"name\":\"Justice : Cinq ans de prison par contumace pour Marzouki - webdo\",\"isPartOf\":{\"@id\":\"https:\\\/\\\/www.webdo.tn\\\/fr\\\/#website\"},\"primaryImageOfPage\":{\"@id\":\"https:\\\/\\\/www.webdo.tn\\\/fr\\\/actualite\\\/national\\\/justice-cinq-ans-de-prison-par-contumace-pour-marzouki\\\/394710\\\/#primaryimage\"},\"image\":{\"@id\":\"https:\\\/\\\/www.webdo.tn\\\/fr\\\/actualite\\\/national\\\/justice-cinq-ans-de-prison-par-contumace-pour-marzouki\\\/394710\\\/#primaryimage\"},\"thumbnailUrl\":\"https:\\\/\\\/www.webdo.tn\\\/fr\\\/wp-content\\\/uploads\\\/2026\\\/01\\\/Justice.jpg\",\"datePublished\":\"2026-03-16T10:39:14+00:00\",\"dateModified\":\"2026-03-16T10:39:16+00:00\",\"description\":\"Moncef Marzouki condamn\u00e9 \u00e0 cinq ans de prison pour incitation contre l'\u00c9tat. D\u00e9couvrez les d\u00e9tails de cette d\u00e9cision judiciaire.\",\"breadcrumb\":{\"@id\":\"https:\\\/\\\/www.webdo.tn\\\/fr\\\/actualite\\\/national\\\/justice-cinq-ans-de-prison-par-contumace-pour-marzouki\\\/394710\\\/#breadcrumb\"},\"inLanguage\":\"fr-FR\",\"potentialAction\":[{\"@type\":\"ReadAction\",\"target\":[\"https:\\\/\\\/www.webdo.tn\\\/fr\\\/actualite\\\/national\\\/justice-cinq-ans-de-prison-par-contumace-pour-marzouki\\\/394710\\\/\"]}]},{\"@type\":\"ImageObject\",\"inLanguage\":\"fr-FR\",\"@id\":\"https:\\\/\\\/www.webdo.tn\\\/fr\\\/actualite\\\/national\\\/justice-cinq-ans-de-prison-par-contumace-pour-marzouki\\\/394710\\\/#primaryimage\",\"url\":\"https:\\\/\\\/www.webdo.tn\\\/fr\\\/wp-content\\\/uploads\\\/2026\\\/01\\\/Justice.jpg\",\"contentUrl\":\"https:\\\/\\\/www.webdo.tn\\\/fr\\\/wp-content\\\/uploads\\\/2026\\\/01\\\/Justice.jpg\",\"width\":1200,\"height\":607,\"caption\":\"Abus sexuel sur un enfant de 3\u202fans\u202f: Le principal suspect et trois autres personnes plac\u00e9s en d\u00e9tention\"},{\"@type\":\"BreadcrumbList\",\"@id\":\"https:\\\/\\\/www.webdo.tn\\\/fr\\\/actualite\\\/national\\\/justice-cinq-ans-de-prison-par-contumace-pour-marzouki\\\/394710\\\/#breadcrumb\",\"itemListElement\":[{\"@type\":\"ListItem\",\"position\":1,\"name\":\"Accueil\",\"item\":\"https:\\\/\\\/www.webdo.tn\\\/fr\\\/\"},{\"@type\":\"ListItem\",\"position\":2,\"name\":\"Justice : Cinq ans de prison par contumace pour Marzouki\"}]},{\"@type\":\"WebSite\",\"@id\":\"https:\\\/\\\/www.webdo.tn\\\/fr\\\/#website\",\"url\":\"https:\\\/\\\/www.webdo.tn\\\/fr\\\/\",\"name\":\"webdo\",\"description\":\"Tunisie - News en Tunisie et \u00e0 l&#039;international sur Webdo.tn\",\"publisher\":{\"@id\":\"https:\\\/\\\/www.webdo.tn\\\/fr\\\/#organization\"},\"potentialAction\":[{\"@type\":\"SearchAction\",\"target\":{\"@type\":\"EntryPoint\",\"urlTemplate\":\"https:\\\/\\\/www.webdo.tn\\\/fr\\\/?s={search_term_string}\"},\"query-input\":{\"@type\":\"PropertyValueSpecification\",\"valueRequired\":true,\"valueName\":\"search_term_string\"}}],\"inLanguage\":\"fr-FR\"},{\"@type\":\"Organization\",\"@id\":\"https:\\\/\\\/www.webdo.tn\\\/fr\\\/#organization\",\"name\":\"Webdo\",\"alternateName\":\"Webdo.tn\",\"url\":\"https:\\\/\\\/www.webdo.tn\\\/fr\\\/\",\"logo\":{\"@type\":\"ImageObject\",\"inLanguage\":\"fr-FR\",\"@id\":\"https:\\\/\\\/www.webdo.tn\\\/fr\\\/#\\\/schema\\\/logo\\\/image\\\/\",\"url\":\"https:\\\/\\\/www.webdo.tn\\\/fr\\\/wp-content\\\/uploads\\\/2025\\\/06\\\/Webdo-Tunisie_168377.jpg\",\"contentUrl\":\"https:\\\/\\\/www.webdo.tn\\\/fr\\\/wp-content\\\/uploads\\\/2025\\\/06\\\/Webdo-Tunisie_168377.jpg\",\"width\":301,\"height\":301,\"caption\":\"Webdo\"},\"image\":{\"@id\":\"https:\\\/\\\/www.webdo.tn\\\/fr\\\/#\\\/schema\\\/logo\\\/image\\\/\"},\"sameAs\":[\"https:\\\/\\\/www.facebook.com\\\/webdotn\",\"https:\\\/\\\/x.com\\\/webdo_tn\"],\"description\":\"Webdo est un m\u00e9dia num\u00e9rique tunisien fond\u00e9 en 2010, sp\u00e9cialis\u00e9 dans l\u2019actualit\u00e9 nationale et internationale, l\u2019\u00e9conomie, la soci\u00e9t\u00e9 et les analyses politiques. Le site s\u2019adresse \u00e0 un large public francophone et couvre l\u2019information tunisienne en temps r\u00e9el.\",\"email\":\"redac@webdo.tn\",\"legalName\":\"YNJ SARL\",\"foundingDate\":\"2010-09-06\",\"numberOfEmployees\":{\"@type\":\"QuantitativeValue\",\"minValue\":\"11\",\"maxValue\":\"50\"}},{\"@type\":\"Person\",\"@id\":\"https:\\\/\\\/www.webdo.tn\\\/fr\\\/#\\\/schema\\\/person\\\/b9ecde7a5574cb4fcf4b496ea5fadb15\",\"name\":\"Wided Belhaj\",\"image\":{\"@type\":\"ImageObject\",\"inLanguage\":\"fr-FR\",\"@id\":\"https:\\\/\\\/www.webdo.tn\\\/fr\\\/wp-content\\\/uploads\\\/2026\\\/04\\\/wided-belhaj_avatar-96x96.jpg\",\"url\":\"https:\\\/\\\/www.webdo.tn\\\/fr\\\/wp-content\\\/uploads\\\/2026\\\/04\\\/wided-belhaj_avatar-96x96.jpg\",\"contentUrl\":\"https:\\\/\\\/www.webdo.tn\\\/fr\\\/wp-content\\\/uploads\\\/2026\\\/04\\\/wided-belhaj_avatar-96x96.jpg\",\"caption\":\"Wided Belhaj\"},\"description\":\"Wided Belhaj est le pseudonyme \u00e9ditorial utilis\u00e9 par Khalil Jelassi, journaliste, ma\u00eetre-assistant \u00e0 l\u2019Institut de presse et des sciences de l\u2019information (IPSI) et chercheur en sciences de l\u2019information et de la communication. Cette signature est d\u00e9di\u00e9e \u00e0 l\u2019analyse des m\u00e9dias, des pratiques journalistiques et des mutations de l\u2019information \u00e0 l\u2019\u00e8re digitale. \u00c0 travers ses contributions, Wided Belhaj propose une lecture analytique de l\u2019actualit\u00e9, en croisant regard critique et expertise acad\u00e9mique.\",\"knowsAbout\":[\"m\u00e9dias\",\"journalisme\",\"communication\",\"information\",\"transformation num\u00e9rique\",\"analyse des m\u00e9dias\"],\"knowsLanguage\":[\"Fran\u00e7ais\",\"Arabe\"],\"jobTitle\":\"Webdo.tn\",\"worksFor\":\"Journaliste \u2013 Analyse des m\u00e9dias\",\"url\":\"https:\\\/\\\/www.webdo.tn\\\/fr\\\/actualite\\\/author\\\/wided-belhaj\\\/\"}]}<\/script>\n<!-- \/ Yoast SEO Premium plugin. -->","yoast_head_json":{"title":"Justice : Cinq ans de prison par contumace pour Marzouki - webdo","description":"Moncef Marzouki condamn\u00e9 \u00e0 cinq ans de prison pour incitation contre l'\u00c9tat. D\u00e9couvrez les d\u00e9tails de cette d\u00e9cision judiciaire.","canonical":"https:\/\/www.webdo.tn\/fr\/actualite\/national\/justice-cinq-ans-de-prison-par-contumace-pour-marzouki\/394710\/","og_locale":"fr_FR","og_type":"article","og_title":"Justice : Cinq ans de prison par contumace pour Marzouki","og_description":"Moncef Marzouki condamn\u00e9 \u00e0 cinq ans de prison pour incitation contre l'\u00c9tat. D\u00e9couvrez les d\u00e9tails de cette d\u00e9cision judiciaire.","og_url":"https:\/\/www.webdo.tn\/fr\/actualite\/national\/justice-cinq-ans-de-prison-par-contumace-pour-marzouki\/394710\/","og_site_name":"webdo","article_publisher":"https:\/\/www.facebook.com\/webdotn","article_published_time":"2026-03-16T10:39:14+00:00","article_modified_time":"2026-03-16T10:39:16+00:00","og_image":[{"width":1200,"height":607,"url":"https:\/\/www.webdo.tn\/fr\/wp-content\/uploads\/2026\/01\/Justice.jpg","type":"image\/jpeg"}],"author":"Wided Belhaj","twitter_card":"summary_large_image","twitter_creator":"@webdo_tn","twitter_site":"@webdo_tn","twitter_misc":{"\u00c9crit par":"Wided Belhaj","Dur\u00e9e de lecture estim\u00e9e":"2 minutes"},"schema":{"@context":"https:\/\/schema.org","@graph":[{"@type":"NewsArticle","@id":"https:\/\/www.webdo.tn\/fr\/actualite\/national\/justice-cinq-ans-de-prison-par-contumace-pour-marzouki\/394710\/#article","isPartOf":{"@id":"https:\/\/www.webdo.tn\/fr\/actualite\/national\/justice-cinq-ans-de-prison-par-contumace-pour-marzouki\/394710\/"},"author":{"name":"Wided Belhaj","@id":"https:\/\/www.webdo.tn\/fr\/#\/schema\/person\/b9ecde7a5574cb4fcf4b496ea5fadb15"},"headline":"Justice : Cinq ans de prison par contumace pour Marzouki","datePublished":"2026-03-16T10:39:14+00:00","dateModified":"2026-03-16T10:39:16+00:00","mainEntityOfPage":{"@id":"https:\/\/www.webdo.tn\/fr\/actualite\/national\/justice-cinq-ans-de-prison-par-contumace-pour-marzouki\/394710\/"},"wordCount":241,"publisher":{"@id":"https:\/\/www.webdo.tn\/fr\/#organization"},"image":{"@id":"https:\/\/www.webdo.tn\/fr\/actualite\/national\/justice-cinq-ans-de-prison-par-contumace-pour-marzouki\/394710\/#primaryimage"},"thumbnailUrl":"https:\/\/www.webdo.tn\/fr\/wp-content\/uploads\/2026\/01\/Justice.jpg","keywords":["justice","Marzouki","Tunisie"],"articleSection":["National"],"inLanguage":"fr-FR"},{"@type":"WebPage","@id":"https:\/\/www.webdo.tn\/fr\/actualite\/national\/justice-cinq-ans-de-prison-par-contumace-pour-marzouki\/394710\/","url":"https:\/\/www.webdo.tn\/fr\/actualite\/national\/justice-cinq-ans-de-prison-par-contumace-pour-marzouki\/394710\/","name":"Justice : Cinq ans de prison par contumace pour Marzouki - webdo","isPartOf":{"@id":"https:\/\/www.webdo.tn\/fr\/#website"},"primaryImageOfPage":{"@id":"https:\/\/www.webdo.tn\/fr\/actualite\/national\/justice-cinq-ans-de-prison-par-contumace-pour-marzouki\/394710\/#primaryimage"},"image":{"@id":"https:\/\/www.webdo.tn\/fr\/actualite\/national\/justice-cinq-ans-de-prison-par-contumace-pour-marzouki\/394710\/#primaryimage"},"thumbnailUrl":"https:\/\/www.webdo.tn\/fr\/wp-content\/uploads\/2026\/01\/Justice.jpg","datePublished":"2026-03-16T10:39:14+00:00","dateModified":"2026-03-16T10:39:16+00:00","description":"Moncef Marzouki condamn\u00e9 \u00e0 cinq ans de prison pour incitation contre l'\u00c9tat. D\u00e9couvrez les d\u00e9tails de cette d\u00e9cision judiciaire.","breadcrumb":{"@id":"https:\/\/www.webdo.tn\/fr\/actualite\/national\/justice-cinq-ans-de-prison-par-contumace-pour-marzouki\/394710\/#breadcrumb"},"inLanguage":"fr-FR","potentialAction":[{"@type":"ReadAction","target":["https:\/\/www.webdo.tn\/fr\/actualite\/national\/justice-cinq-ans-de-prison-par-contumace-pour-marzouki\/394710\/"]}]},{"@type":"ImageObject","inLanguage":"fr-FR","@id":"https:\/\/www.webdo.tn\/fr\/actualite\/national\/justice-cinq-ans-de-prison-par-contumace-pour-marzouki\/394710\/#primaryimage","url":"https:\/\/www.webdo.tn\/fr\/wp-content\/uploads\/2026\/01\/Justice.jpg","contentUrl":"https:\/\/www.webdo.tn\/fr\/wp-content\/uploads\/2026\/01\/Justice.jpg","width":1200,"height":607,"caption":"Abus sexuel sur un enfant de 3\u202fans\u202f: Le principal suspect et trois autres personnes plac\u00e9s en d\u00e9tention"},{"@type":"BreadcrumbList","@id":"https:\/\/www.webdo.tn\/fr\/actualite\/national\/justice-cinq-ans-de-prison-par-contumace-pour-marzouki\/394710\/#breadcrumb","itemListElement":[{"@type":"ListItem","position":1,"name":"Accueil","item":"https:\/\/www.webdo.tn\/fr\/"},{"@type":"ListItem","position":2,"name":"Justice : Cinq ans de prison par contumace pour Marzouki"}]},{"@type":"WebSite","@id":"https:\/\/www.webdo.tn\/fr\/#website","url":"https:\/\/www.webdo.tn\/fr\/","name":"webdo","description":"Tunisie - News en Tunisie et \u00e0 l&#039;international sur Webdo.tn","publisher":{"@id":"https:\/\/www.webdo.tn\/fr\/#organization"},"potentialAction":[{"@type":"SearchAction","target":{"@type":"EntryPoint","urlTemplate":"https:\/\/www.webdo.tn\/fr\/?s={search_term_string}"},"query-input":{"@type":"PropertyValueSpecification","valueRequired":true,"valueName":"search_term_string"}}],"inLanguage":"fr-FR"},{"@type":"Organization","@id":"https:\/\/www.webdo.tn\/fr\/#organization","name":"Webdo","alternateName":"Webdo.tn","url":"https:\/\/www.webdo.tn\/fr\/","logo":{"@type":"ImageObject","inLanguage":"fr-FR","@id":"https:\/\/www.webdo.tn\/fr\/#\/schema\/logo\/image\/","url":"https:\/\/www.webdo.tn\/fr\/wp-content\/uploads\/2025\/06\/Webdo-Tunisie_168377.jpg","contentUrl":"https:\/\/www.webdo.tn\/fr\/wp-content\/uploads\/2025\/06\/Webdo-Tunisie_168377.jpg","width":301,"height":301,"caption":"Webdo"},"image":{"@id":"https:\/\/www.webdo.tn\/fr\/#\/schema\/logo\/image\/"},"sameAs":["https:\/\/www.facebook.com\/webdotn","https:\/\/x.com\/webdo_tn"],"description":"Webdo est un m\u00e9dia num\u00e9rique tunisien fond\u00e9 en 2010, sp\u00e9cialis\u00e9 dans l\u2019actualit\u00e9 nationale et internationale, l\u2019\u00e9conomie, la soci\u00e9t\u00e9 et les analyses politiques. Le site s\u2019adresse \u00e0 un large public francophone et couvre l\u2019information tunisienne en temps r\u00e9el.","email":"redac@webdo.tn","legalName":"YNJ SARL","foundingDate":"2010-09-06","numberOfEmployees":{"@type":"QuantitativeValue","minValue":"11","maxValue":"50"}},{"@type":"Person","@id":"https:\/\/www.webdo.tn\/fr\/#\/schema\/person\/b9ecde7a5574cb4fcf4b496ea5fadb15","name":"Wided Belhaj","image":{"@type":"ImageObject","inLanguage":"fr-FR","@id":"https:\/\/www.webdo.tn\/fr\/wp-content\/uploads\/2026\/04\/wided-belhaj_avatar-96x96.jpg","url":"https:\/\/www.webdo.tn\/fr\/wp-content\/uploads\/2026\/04\/wided-belhaj_avatar-96x96.jpg","contentUrl":"https:\/\/www.webdo.tn\/fr\/wp-content\/uploads\/2026\/04\/wided-belhaj_avatar-96x96.jpg","caption":"Wided Belhaj"},"description":"Wided Belhaj est le pseudonyme \u00e9ditorial utilis\u00e9 par Khalil Jelassi, journaliste, ma\u00eetre-assistant \u00e0 l\u2019Institut de presse et des sciences de l\u2019information (IPSI) et chercheur en sciences de l\u2019information et de la communication. Cette signature est d\u00e9di\u00e9e \u00e0 l\u2019analyse des m\u00e9dias, des pratiques journalistiques et des mutations de l\u2019information \u00e0 l\u2019\u00e8re digitale. \u00c0 travers ses contributions, Wided Belhaj propose une lecture analytique de l\u2019actualit\u00e9, en croisant regard critique et expertise acad\u00e9mique.","knowsAbout":["m\u00e9dias","journalisme","communication","information","transformation num\u00e9rique","analyse des m\u00e9dias"],"knowsLanguage":["Fran\u00e7ais","Arabe"],"jobTitle":"Webdo.tn","worksFor":"Journaliste \u2013 Analyse des m\u00e9dias","url":"https:\/\/www.webdo.tn\/fr\/actualite\/author\/wided-belhaj\/"}]}},"_links":{"self":[{"href":"https:\/\/www.webdo.tn\/fr\/wp-json\/wp\/v2\/posts\/394710","targetHints":{"allow":["GET"]}}],"collection":[{"href":"https:\/\/www.webdo.tn\/fr\/wp-json\/wp\/v2\/posts"}],"about":[{"href":"https:\/\/www.webdo.tn\/fr\/wp-json\/wp\/v2\/types\/post"}],"author":[{"embeddable":true,"href":"https:\/\/www.webdo.tn\/fr\/wp-json\/wp\/v2\/users\/3184"}],"replies":[{"embeddable":true,"href":"https:\/\/www.webdo.tn\/fr\/wp-json\/wp\/v2\/comments?post=394710"}],"version-history":[{"count":0,"href":"https:\/\/www.webdo.tn\/fr\/wp-json\/wp\/v2\/posts\/394710\/revisions"}],"wp:featuredmedia":[{"embeddable":true,"href":"https:\/\/www.webdo.tn\/fr\/wp-json\/wp\/v2\/media\/391461"}],"wp:attachment":[{"href":"https:\/\/www.webdo.tn\/fr\/wp-json\/wp\/v2\/media?parent=394710"}],"wp:term":[{"taxonomy":"category","embeddable":true,"href":"https:\/\/www.webdo.tn\/fr\/wp-json\/wp\/v2\/categories?post=394710"},{"taxonomy":"post_tag","embeddable":true,"href":"https:\/\/www.webdo.tn\/fr\/wp-json\/wp\/v2\/tags?post=394710"}],"curies":[{"name":"wp","href":"https:\/\/api.w.org\/{rel}","templated":true}]}}