{"id":394704,"date":"2026-03-16T10:35:23","date_gmt":"2026-03-16T09:35:23","guid":{"rendered":"https:\/\/www.webdo.tn\/fr\/?p=394704"},"modified":"2026-03-16T10:35:24","modified_gmt":"2026-03-16T09:35:24","slug":"tunisie-trois-jours-de-conge-a-loccasion-de-laid-el-fitr","status":"publish","type":"post","link":"https:\/\/www.webdo.tn\/fr\/actualite\/national\/tunisie-trois-jours-de-conge-a-loccasion-de-laid-el-fitr\/394704\/","title":{"rendered":"Tunisie : trois jours de cong\u00e9 \u00e0 l&rsquo;occasion de l&rsquo;A\u00efd el-Fitr"},"content":{"rendered":"\n<p><strong>La Pr\u00e9sidence du gouvernement a annonc\u00e9 que les agents de l\u2019\u00c9tat, des collectivit\u00e9s locales et des \u00e9tablissements publics \u00e0 caract\u00e8re administratif b\u00e9n\u00e9ficieront de trois jours de cong\u00e9 \u00e0 l\u2019occasion de l\u2019A\u00efd el\u2011Fitr.<\/strong><\/p>\n\n\n\n<p>Selon le communiqu\u00e9 officiel, cette p\u00e9riode de repos est fix\u00e9e aux 20, 21 et 22 mars 2026. Les administrations publiques reprendront leurs activit\u00e9s le lundi 23 mars 2026.<\/p>\n\n\n\n<p>\u00c0 partir de cette date, le travail reprendra selon l\u2019horaire d\u2019hiver dans les administrations publiques.<\/p>\n\n\n\n<p>Du lundi au jeudi, les horaires seront r\u00e9partis en deux s\u00e9ances :<br>\u2013 de <strong>08h30 \u00e0 12h30<\/strong>,<br>\u2013 puis de <strong>13h30 \u00e0 17h30<\/strong>.<\/p>\n\n\n\n<p>Le vendredi, la journ\u00e9e de travail se d\u00e9roulera \u00e9galement en deux p\u00e9riodes :<br>\u2013 de <strong>08h00 \u00e0 13h00<\/strong>,<br>\u2013 puis de <strong>14h30 \u00e0 17h30<\/strong>.<\/p>\n\n\n\n<p>Cette organisation concerne les agents de la fonction publique, des collectivit\u00e9s locales ainsi que les \u00e9tablissements publics \u00e0 caract\u00e8re administratif. Elle vise \u00e0 assurer la continuit\u00e9 du service public tout en permettant aux agents de c\u00e9l\u00e9brer la f\u00eate dans de bonnes conditions.<\/p>\n\n\n\n<p><\/p>\n\n\n\n<p><strong>Lire aussi :<a href=\"https:\/\/www.webdo.tn\/fr\/actualite\/actualite\/gateaux-de-laid-des-pignons-a-200-dinars-le-kilo\/394432\/\"> <\/a><\/strong><a href=\"https:\/\/www.webdo.tn\/fr\/actualite\/actualite\/gateaux-de-laid-des-pignons-a-200-dinars-le-kilo\/394432\/\">G\u00e2teaux de l\u2019A\u00efd : Des pignons \u00e0 200 dinars le kilo<\/a><br><\/p>\n","protected":false},"excerpt":{"rendered":"<p>La Pr\u00e9sidence du gouvernement a annonc\u00e9 que les agents de l\u2019\u00c9tat, des collectivit\u00e9s locales et des \u00e9tablissements publics \u00e0 caract\u00e8re administratif b\u00e9n\u00e9ficieront de trois jours de cong\u00e9 \u00e0 l\u2019occasion de l\u2019A\u00efd el\u2011Fitr. Selon le communiqu\u00e9 officiel, cette p\u00e9riode de repos est fix\u00e9e aux 20, 21 et 22 mars 2026. Les administrations publiques reprendront leurs activit\u00e9s [&hellip;]<\/p>\n","protected":false},"author":3184,"featured_media":394091,"comment_status":"closed","ping_status":"closed","sticky":false,"template":"","format":"standard","meta":{"footnotes":""},"categories":[44],"tags":[13851,5924,2608],"class_list":["post-394704","post","type-post","status-publish","format-standard","has-post-thumbnail","hentry","category-national","tag-aid-2","tag-conge","tag-tunisie"],"yoast_head":"<!-- This site is optimized with the Yoast SEO Premium plugin v27.5 (Yoast SEO v27.5) - https:\/\/yoast.com\/product\/yoast-seo-premium-wordpress\/ -->\n<title>Tunisie : trois jours de cong\u00e9 \u00e0 l&#039;occasion de l&#039;A\u00efd el-Fitr - webdo<\/title>\n<meta name=\"description\" content=\"D\u00e9couvrez l&#039;A\u00efd el-Fitr et ses jours de cong\u00e9 pour les agents de l\u2019\u00c9tat en mars 2026. Apprenez-en plus sur cette c\u00e9l\u00e9bration.\" \/>\n<link rel=\"canonical\" href=\"https:\/\/www.webdo.tn\/fr\/actualite\/national\/tunisie-trois-jours-de-conge-a-loccasion-de-laid-el-fitr\/394704\/\" \/>\n<meta property=\"og:locale\" content=\"fr_FR\" \/>\n<meta property=\"og:type\" content=\"article\" \/>\n<meta property=\"og:title\" content=\"Tunisie : trois jours de cong\u00e9 \u00e0 l&#039;occasion de l&#039;A\u00efd el-Fitr\" \/>\n<meta property=\"og:description\" content=\"D\u00e9couvrez l&#039;A\u00efd el-Fitr et ses jours de cong\u00e9 pour les agents de l\u2019\u00c9tat en mars 2026. Apprenez-en plus sur cette c\u00e9l\u00e9bration.\" \/>\n<meta property=\"og:url\" content=\"https:\/\/www.webdo.tn\/fr\/actualite\/national\/tunisie-trois-jours-de-conge-a-loccasion-de-laid-el-fitr\/394704\/\" \/>\n<meta property=\"og:site_name\" content=\"webdo\" \/>\n<meta property=\"article:publisher\" content=\"https:\/\/www.facebook.com\/webdotn\" \/>\n<meta property=\"article:published_time\" content=\"2026-03-16T09:35:23+00:00\" \/>\n<meta property=\"article:modified_time\" content=\"2026-03-16T09:35:24+00:00\" \/>\n<meta property=\"og:image\" content=\"https:\/\/www.webdo.tn\/fr\/wp-content\/uploads\/2026\/03\/Aid-El-Fitr.jpg\" \/>\n\t<meta property=\"og:image:width\" content=\"1206\" \/>\n\t<meta property=\"og:image:height\" content=\"600\" \/>\n\t<meta property=\"og:image:type\" content=\"image\/jpeg\" \/>\n<meta name=\"author\" content=\"Wided Belhaj\" \/>\n<meta name=\"twitter:card\" content=\"summary_large_image\" \/>\n<meta name=\"twitter:creator\" content=\"@webdo_tn\" \/>\n<meta name=\"twitter:site\" content=\"@webdo_tn\" \/>\n<meta name=\"twitter:label1\" content=\"\u00c9crit par\" \/>\n\t<meta name=\"twitter:data1\" content=\"Wided Belhaj\" \/>\n\t<meta name=\"twitter:label2\" content=\"Dur\u00e9e de lecture estim\u00e9e\" \/>\n\t<meta name=\"twitter:data2\" content=\"2 minutes\" \/>\n<script type=\"application\/ld+json\" class=\"yoast-schema-graph\">{\"@context\":\"https:\\\/\\\/schema.org\",\"@graph\":[{\"@type\":\"NewsArticle\",\"@id\":\"https:\\\/\\\/www.webdo.tn\\\/fr\\\/actualite\\\/national\\\/tunisie-trois-jours-de-conge-a-loccasion-de-laid-el-fitr\\\/394704\\\/#article\",\"isPartOf\":{\"@id\":\"https:\\\/\\\/www.webdo.tn\\\/fr\\\/actualite\\\/national\\\/tunisie-trois-jours-de-conge-a-loccasion-de-laid-el-fitr\\\/394704\\\/\"},\"author\":{\"name\":\"Wided Belhaj\",\"@id\":\"https:\\\/\\\/www.webdo.tn\\\/fr\\\/#\\\/schema\\\/person\\\/b9ecde7a5574cb4fcf4b496ea5fadb15\"},\"headline\":\"Tunisie : trois jours de cong\u00e9 \u00e0 l&rsquo;occasion de l&rsquo;A\u00efd el-Fitr\",\"datePublished\":\"2026-03-16T09:35:23+00:00\",\"dateModified\":\"2026-03-16T09:35:24+00:00\",\"mainEntityOfPage\":{\"@id\":\"https:\\\/\\\/www.webdo.tn\\\/fr\\\/actualite\\\/national\\\/tunisie-trois-jours-de-conge-a-loccasion-de-laid-el-fitr\\\/394704\\\/\"},\"wordCount\":193,\"publisher\":{\"@id\":\"https:\\\/\\\/www.webdo.tn\\\/fr\\\/#organization\"},\"image\":{\"@id\":\"https:\\\/\\\/www.webdo.tn\\\/fr\\\/actualite\\\/national\\\/tunisie-trois-jours-de-conge-a-loccasion-de-laid-el-fitr\\\/394704\\\/#primaryimage\"},\"thumbnailUrl\":\"https:\\\/\\\/www.webdo.tn\\\/fr\\\/wp-content\\\/uploads\\\/2026\\\/03\\\/Aid-El-Fitr.jpg\",\"keywords\":[\"aid\",\"cong\u00e9\",\"Tunisie\"],\"articleSection\":[\"National\"],\"inLanguage\":\"fr-FR\"},{\"@type\":\"WebPage\",\"@id\":\"https:\\\/\\\/www.webdo.tn\\\/fr\\\/actualite\\\/national\\\/tunisie-trois-jours-de-conge-a-loccasion-de-laid-el-fitr\\\/394704\\\/\",\"url\":\"https:\\\/\\\/www.webdo.tn\\\/fr\\\/actualite\\\/national\\\/tunisie-trois-jours-de-conge-a-loccasion-de-laid-el-fitr\\\/394704\\\/\",\"name\":\"Tunisie : trois jours de cong\u00e9 \u00e0 l'occasion de l'A\u00efd el-Fitr - webdo\",\"isPartOf\":{\"@id\":\"https:\\\/\\\/www.webdo.tn\\\/fr\\\/#website\"},\"primaryImageOfPage\":{\"@id\":\"https:\\\/\\\/www.webdo.tn\\\/fr\\\/actualite\\\/national\\\/tunisie-trois-jours-de-conge-a-loccasion-de-laid-el-fitr\\\/394704\\\/#primaryimage\"},\"image\":{\"@id\":\"https:\\\/\\\/www.webdo.tn\\\/fr\\\/actualite\\\/national\\\/tunisie-trois-jours-de-conge-a-loccasion-de-laid-el-fitr\\\/394704\\\/#primaryimage\"},\"thumbnailUrl\":\"https:\\\/\\\/www.webdo.tn\\\/fr\\\/wp-content\\\/uploads\\\/2026\\\/03\\\/Aid-El-Fitr.jpg\",\"datePublished\":\"2026-03-16T09:35:23+00:00\",\"dateModified\":\"2026-03-16T09:35:24+00:00\",\"description\":\"D\u00e9couvrez l'A\u00efd el-Fitr et ses jours de cong\u00e9 pour les agents de l\u2019\u00c9tat en mars 2026. Apprenez-en plus sur cette c\u00e9l\u00e9bration.\",\"breadcrumb\":{\"@id\":\"https:\\\/\\\/www.webdo.tn\\\/fr\\\/actualite\\\/national\\\/tunisie-trois-jours-de-conge-a-loccasion-de-laid-el-fitr\\\/394704\\\/#breadcrumb\"},\"inLanguage\":\"fr-FR\",\"potentialAction\":[{\"@type\":\"ReadAction\",\"target\":[\"https:\\\/\\\/www.webdo.tn\\\/fr\\\/actualite\\\/national\\\/tunisie-trois-jours-de-conge-a-loccasion-de-laid-el-fitr\\\/394704\\\/\"]}]},{\"@type\":\"ImageObject\",\"inLanguage\":\"fr-FR\",\"@id\":\"https:\\\/\\\/www.webdo.tn\\\/fr\\\/actualite\\\/national\\\/tunisie-trois-jours-de-conge-a-loccasion-de-laid-el-fitr\\\/394704\\\/#primaryimage\",\"url\":\"https:\\\/\\\/www.webdo.tn\\\/fr\\\/wp-content\\\/uploads\\\/2026\\\/03\\\/Aid-El-Fitr.jpg\",\"contentUrl\":\"https:\\\/\\\/www.webdo.tn\\\/fr\\\/wp-content\\\/uploads\\\/2026\\\/03\\\/Aid-El-Fitr.jpg\",\"width\":1206,\"height\":600,\"caption\":\"L\u2019A\u00efd al-Fitr le 20 mars selon la Cit\u00e9 des sciences\"},{\"@type\":\"BreadcrumbList\",\"@id\":\"https:\\\/\\\/www.webdo.tn\\\/fr\\\/actualite\\\/national\\\/tunisie-trois-jours-de-conge-a-loccasion-de-laid-el-fitr\\\/394704\\\/#breadcrumb\",\"itemListElement\":[{\"@type\":\"ListItem\",\"position\":1,\"name\":\"Accueil\",\"item\":\"https:\\\/\\\/www.webdo.tn\\\/fr\\\/\"},{\"@type\":\"ListItem\",\"position\":2,\"name\":\"Tunisie : trois jours de cong\u00e9 \u00e0 l&rsquo;occasion de l&rsquo;A\u00efd el-Fitr\"}]},{\"@type\":\"WebSite\",\"@id\":\"https:\\\/\\\/www.webdo.tn\\\/fr\\\/#website\",\"url\":\"https:\\\/\\\/www.webdo.tn\\\/fr\\\/\",\"name\":\"webdo\",\"description\":\"Tunisie - News en Tunisie et \u00e0 l&#039;international sur Webdo.tn\",\"publisher\":{\"@id\":\"https:\\\/\\\/www.webdo.tn\\\/fr\\\/#organization\"},\"potentialAction\":[{\"@type\":\"SearchAction\",\"target\":{\"@type\":\"EntryPoint\",\"urlTemplate\":\"https:\\\/\\\/www.webdo.tn\\\/fr\\\/?s={search_term_string}\"},\"query-input\":{\"@type\":\"PropertyValueSpecification\",\"valueRequired\":true,\"valueName\":\"search_term_string\"}}],\"inLanguage\":\"fr-FR\"},{\"@type\":\"Organization\",\"@id\":\"https:\\\/\\\/www.webdo.tn\\\/fr\\\/#organization\",\"name\":\"Webdo\",\"alternateName\":\"Webdo.tn\",\"url\":\"https:\\\/\\\/www.webdo.tn\\\/fr\\\/\",\"logo\":{\"@type\":\"ImageObject\",\"inLanguage\":\"fr-FR\",\"@id\":\"https:\\\/\\\/www.webdo.tn\\\/fr\\\/#\\\/schema\\\/logo\\\/image\\\/\",\"url\":\"https:\\\/\\\/www.webdo.tn\\\/fr\\\/wp-content\\\/uploads\\\/2025\\\/06\\\/Webdo-Tunisie_168377.jpg\",\"contentUrl\":\"https:\\\/\\\/www.webdo.tn\\\/fr\\\/wp-content\\\/uploads\\\/2025\\\/06\\\/Webdo-Tunisie_168377.jpg\",\"width\":301,\"height\":301,\"caption\":\"Webdo\"},\"image\":{\"@id\":\"https:\\\/\\\/www.webdo.tn\\\/fr\\\/#\\\/schema\\\/logo\\\/image\\\/\"},\"sameAs\":[\"https:\\\/\\\/www.facebook.com\\\/webdotn\",\"https:\\\/\\\/x.com\\\/webdo_tn\"],\"description\":\"Webdo est un m\u00e9dia num\u00e9rique tunisien fond\u00e9 en 2010, sp\u00e9cialis\u00e9 dans l\u2019actualit\u00e9 nationale et internationale, l\u2019\u00e9conomie, la soci\u00e9t\u00e9 et les analyses politiques. Le site s\u2019adresse \u00e0 un large public francophone et couvre l\u2019information tunisienne en temps r\u00e9el.\",\"email\":\"redac@webdo.tn\",\"legalName\":\"YNJ SARL\",\"foundingDate\":\"2010-09-06\",\"numberOfEmployees\":{\"@type\":\"QuantitativeValue\",\"minValue\":\"11\",\"maxValue\":\"50\"}},{\"@type\":\"Person\",\"@id\":\"https:\\\/\\\/www.webdo.tn\\\/fr\\\/#\\\/schema\\\/person\\\/b9ecde7a5574cb4fcf4b496ea5fadb15\",\"name\":\"Wided Belhaj\",\"image\":{\"@type\":\"ImageObject\",\"inLanguage\":\"fr-FR\",\"@id\":\"https:\\\/\\\/www.webdo.tn\\\/fr\\\/wp-content\\\/uploads\\\/2026\\\/04\\\/wided-belhaj_avatar-96x96.jpg\",\"url\":\"https:\\\/\\\/www.webdo.tn\\\/fr\\\/wp-content\\\/uploads\\\/2026\\\/04\\\/wided-belhaj_avatar-96x96.jpg\",\"contentUrl\":\"https:\\\/\\\/www.webdo.tn\\\/fr\\\/wp-content\\\/uploads\\\/2026\\\/04\\\/wided-belhaj_avatar-96x96.jpg\",\"caption\":\"Wided Belhaj\"},\"description\":\"Wided Belhaj est le pseudonyme \u00e9ditorial utilis\u00e9 par Khalil Jelassi, journaliste, ma\u00eetre-assistant \u00e0 l\u2019Institut de presse et des sciences de l\u2019information (IPSI) et chercheur en sciences de l\u2019information et de la communication. Cette signature est d\u00e9di\u00e9e \u00e0 l\u2019analyse des m\u00e9dias, des pratiques journalistiques et des mutations de l\u2019information \u00e0 l\u2019\u00e8re digitale. \u00c0 travers ses contributions, Wided Belhaj propose une lecture analytique de l\u2019actualit\u00e9, en croisant regard critique et expertise acad\u00e9mique.\",\"knowsAbout\":[\"m\u00e9dias\",\"journalisme\",\"communication\",\"information\",\"transformation num\u00e9rique\",\"analyse des m\u00e9dias\"],\"knowsLanguage\":[\"Fran\u00e7ais\",\"Arabe\"],\"jobTitle\":\"Webdo.tn\",\"worksFor\":\"Journaliste \u2013 Analyse des m\u00e9dias\",\"url\":\"https:\\\/\\\/www.webdo.tn\\\/fr\\\/actualite\\\/author\\\/wided-belhaj\\\/\"}]}<\/script>\n<!-- \/ Yoast SEO Premium plugin. -->","yoast_head_json":{"title":"Tunisie : trois jours de cong\u00e9 \u00e0 l'occasion de l'A\u00efd el-Fitr - webdo","description":"D\u00e9couvrez l'A\u00efd el-Fitr et ses jours de cong\u00e9 pour les agents de l\u2019\u00c9tat en mars 2026. Apprenez-en plus sur cette c\u00e9l\u00e9bration.","canonical":"https:\/\/www.webdo.tn\/fr\/actualite\/national\/tunisie-trois-jours-de-conge-a-loccasion-de-laid-el-fitr\/394704\/","og_locale":"fr_FR","og_type":"article","og_title":"Tunisie : trois jours de cong\u00e9 \u00e0 l'occasion de l'A\u00efd el-Fitr","og_description":"D\u00e9couvrez l'A\u00efd el-Fitr et ses jours de cong\u00e9 pour les agents de l\u2019\u00c9tat en mars 2026. Apprenez-en plus sur cette c\u00e9l\u00e9bration.","og_url":"https:\/\/www.webdo.tn\/fr\/actualite\/national\/tunisie-trois-jours-de-conge-a-loccasion-de-laid-el-fitr\/394704\/","og_site_name":"webdo","article_publisher":"https:\/\/www.facebook.com\/webdotn","article_published_time":"2026-03-16T09:35:23+00:00","article_modified_time":"2026-03-16T09:35:24+00:00","og_image":[{"width":1206,"height":600,"url":"https:\/\/www.webdo.tn\/fr\/wp-content\/uploads\/2026\/03\/Aid-El-Fitr.jpg","type":"image\/jpeg"}],"author":"Wided Belhaj","twitter_card":"summary_large_image","twitter_creator":"@webdo_tn","twitter_site":"@webdo_tn","twitter_misc":{"\u00c9crit par":"Wided Belhaj","Dur\u00e9e de lecture estim\u00e9e":"2 minutes"},"schema":{"@context":"https:\/\/schema.org","@graph":[{"@type":"NewsArticle","@id":"https:\/\/www.webdo.tn\/fr\/actualite\/national\/tunisie-trois-jours-de-conge-a-loccasion-de-laid-el-fitr\/394704\/#article","isPartOf":{"@id":"https:\/\/www.webdo.tn\/fr\/actualite\/national\/tunisie-trois-jours-de-conge-a-loccasion-de-laid-el-fitr\/394704\/"},"author":{"name":"Wided Belhaj","@id":"https:\/\/www.webdo.tn\/fr\/#\/schema\/person\/b9ecde7a5574cb4fcf4b496ea5fadb15"},"headline":"Tunisie : trois jours de cong\u00e9 \u00e0 l&rsquo;occasion de l&rsquo;A\u00efd el-Fitr","datePublished":"2026-03-16T09:35:23+00:00","dateModified":"2026-03-16T09:35:24+00:00","mainEntityOfPage":{"@id":"https:\/\/www.webdo.tn\/fr\/actualite\/national\/tunisie-trois-jours-de-conge-a-loccasion-de-laid-el-fitr\/394704\/"},"wordCount":193,"publisher":{"@id":"https:\/\/www.webdo.tn\/fr\/#organization"},"image":{"@id":"https:\/\/www.webdo.tn\/fr\/actualite\/national\/tunisie-trois-jours-de-conge-a-loccasion-de-laid-el-fitr\/394704\/#primaryimage"},"thumbnailUrl":"https:\/\/www.webdo.tn\/fr\/wp-content\/uploads\/2026\/03\/Aid-El-Fitr.jpg","keywords":["aid","cong\u00e9","Tunisie"],"articleSection":["National"],"inLanguage":"fr-FR"},{"@type":"WebPage","@id":"https:\/\/www.webdo.tn\/fr\/actualite\/national\/tunisie-trois-jours-de-conge-a-loccasion-de-laid-el-fitr\/394704\/","url":"https:\/\/www.webdo.tn\/fr\/actualite\/national\/tunisie-trois-jours-de-conge-a-loccasion-de-laid-el-fitr\/394704\/","name":"Tunisie : trois jours de cong\u00e9 \u00e0 l'occasion de l'A\u00efd el-Fitr - webdo","isPartOf":{"@id":"https:\/\/www.webdo.tn\/fr\/#website"},"primaryImageOfPage":{"@id":"https:\/\/www.webdo.tn\/fr\/actualite\/national\/tunisie-trois-jours-de-conge-a-loccasion-de-laid-el-fitr\/394704\/#primaryimage"},"image":{"@id":"https:\/\/www.webdo.tn\/fr\/actualite\/national\/tunisie-trois-jours-de-conge-a-loccasion-de-laid-el-fitr\/394704\/#primaryimage"},"thumbnailUrl":"https:\/\/www.webdo.tn\/fr\/wp-content\/uploads\/2026\/03\/Aid-El-Fitr.jpg","datePublished":"2026-03-16T09:35:23+00:00","dateModified":"2026-03-16T09:35:24+00:00","description":"D\u00e9couvrez l'A\u00efd el-Fitr et ses jours de cong\u00e9 pour les agents de l\u2019\u00c9tat en mars 2026. Apprenez-en plus sur cette c\u00e9l\u00e9bration.","breadcrumb":{"@id":"https:\/\/www.webdo.tn\/fr\/actualite\/national\/tunisie-trois-jours-de-conge-a-loccasion-de-laid-el-fitr\/394704\/#breadcrumb"},"inLanguage":"fr-FR","potentialAction":[{"@type":"ReadAction","target":["https:\/\/www.webdo.tn\/fr\/actualite\/national\/tunisie-trois-jours-de-conge-a-loccasion-de-laid-el-fitr\/394704\/"]}]},{"@type":"ImageObject","inLanguage":"fr-FR","@id":"https:\/\/www.webdo.tn\/fr\/actualite\/national\/tunisie-trois-jours-de-conge-a-loccasion-de-laid-el-fitr\/394704\/#primaryimage","url":"https:\/\/www.webdo.tn\/fr\/wp-content\/uploads\/2026\/03\/Aid-El-Fitr.jpg","contentUrl":"https:\/\/www.webdo.tn\/fr\/wp-content\/uploads\/2026\/03\/Aid-El-Fitr.jpg","width":1206,"height":600,"caption":"L\u2019A\u00efd al-Fitr le 20 mars selon la Cit\u00e9 des sciences"},{"@type":"BreadcrumbList","@id":"https:\/\/www.webdo.tn\/fr\/actualite\/national\/tunisie-trois-jours-de-conge-a-loccasion-de-laid-el-fitr\/394704\/#breadcrumb","itemListElement":[{"@type":"ListItem","position":1,"name":"Accueil","item":"https:\/\/www.webdo.tn\/fr\/"},{"@type":"ListItem","position":2,"name":"Tunisie : trois jours de cong\u00e9 \u00e0 l&rsquo;occasion de l&rsquo;A\u00efd el-Fitr"}]},{"@type":"WebSite","@id":"https:\/\/www.webdo.tn\/fr\/#website","url":"https:\/\/www.webdo.tn\/fr\/","name":"webdo","description":"Tunisie - News en Tunisie et \u00e0 l&#039;international sur Webdo.tn","publisher":{"@id":"https:\/\/www.webdo.tn\/fr\/#organization"},"potentialAction":[{"@type":"SearchAction","target":{"@type":"EntryPoint","urlTemplate":"https:\/\/www.webdo.tn\/fr\/?s={search_term_string}"},"query-input":{"@type":"PropertyValueSpecification","valueRequired":true,"valueName":"search_term_string"}}],"inLanguage":"fr-FR"},{"@type":"Organization","@id":"https:\/\/www.webdo.tn\/fr\/#organization","name":"Webdo","alternateName":"Webdo.tn","url":"https:\/\/www.webdo.tn\/fr\/","logo":{"@type":"ImageObject","inLanguage":"fr-FR","@id":"https:\/\/www.webdo.tn\/fr\/#\/schema\/logo\/image\/","url":"https:\/\/www.webdo.tn\/fr\/wp-content\/uploads\/2025\/06\/Webdo-Tunisie_168377.jpg","contentUrl":"https:\/\/www.webdo.tn\/fr\/wp-content\/uploads\/2025\/06\/Webdo-Tunisie_168377.jpg","width":301,"height":301,"caption":"Webdo"},"image":{"@id":"https:\/\/www.webdo.tn\/fr\/#\/schema\/logo\/image\/"},"sameAs":["https:\/\/www.facebook.com\/webdotn","https:\/\/x.com\/webdo_tn"],"description":"Webdo est un m\u00e9dia num\u00e9rique tunisien fond\u00e9 en 2010, sp\u00e9cialis\u00e9 dans l\u2019actualit\u00e9 nationale et internationale, l\u2019\u00e9conomie, la soci\u00e9t\u00e9 et les analyses politiques. Le site s\u2019adresse \u00e0 un large public francophone et couvre l\u2019information tunisienne en temps r\u00e9el.","email":"redac@webdo.tn","legalName":"YNJ SARL","foundingDate":"2010-09-06","numberOfEmployees":{"@type":"QuantitativeValue","minValue":"11","maxValue":"50"}},{"@type":"Person","@id":"https:\/\/www.webdo.tn\/fr\/#\/schema\/person\/b9ecde7a5574cb4fcf4b496ea5fadb15","name":"Wided Belhaj","image":{"@type":"ImageObject","inLanguage":"fr-FR","@id":"https:\/\/www.webdo.tn\/fr\/wp-content\/uploads\/2026\/04\/wided-belhaj_avatar-96x96.jpg","url":"https:\/\/www.webdo.tn\/fr\/wp-content\/uploads\/2026\/04\/wided-belhaj_avatar-96x96.jpg","contentUrl":"https:\/\/www.webdo.tn\/fr\/wp-content\/uploads\/2026\/04\/wided-belhaj_avatar-96x96.jpg","caption":"Wided Belhaj"},"description":"Wided Belhaj est le pseudonyme \u00e9ditorial utilis\u00e9 par Khalil Jelassi, journaliste, ma\u00eetre-assistant \u00e0 l\u2019Institut de presse et des sciences de l\u2019information (IPSI) et chercheur en sciences de l\u2019information et de la communication. Cette signature est d\u00e9di\u00e9e \u00e0 l\u2019analyse des m\u00e9dias, des pratiques journalistiques et des mutations de l\u2019information \u00e0 l\u2019\u00e8re digitale. \u00c0 travers ses contributions, Wided Belhaj propose une lecture analytique de l\u2019actualit\u00e9, en croisant regard critique et expertise acad\u00e9mique.","knowsAbout":["m\u00e9dias","journalisme","communication","information","transformation num\u00e9rique","analyse des m\u00e9dias"],"knowsLanguage":["Fran\u00e7ais","Arabe"],"jobTitle":"Webdo.tn","worksFor":"Journaliste \u2013 Analyse des m\u00e9dias","url":"https:\/\/www.webdo.tn\/fr\/actualite\/author\/wided-belhaj\/"}]}},"_links":{"self":[{"href":"https:\/\/www.webdo.tn\/fr\/wp-json\/wp\/v2\/posts\/394704","targetHints":{"allow":["GET"]}}],"collection":[{"href":"https:\/\/www.webdo.tn\/fr\/wp-json\/wp\/v2\/posts"}],"about":[{"href":"https:\/\/www.webdo.tn\/fr\/wp-json\/wp\/v2\/types\/post"}],"author":[{"embeddable":true,"href":"https:\/\/www.webdo.tn\/fr\/wp-json\/wp\/v2\/users\/3184"}],"replies":[{"embeddable":true,"href":"https:\/\/www.webdo.tn\/fr\/wp-json\/wp\/v2\/comments?post=394704"}],"version-history":[{"count":0,"href":"https:\/\/www.webdo.tn\/fr\/wp-json\/wp\/v2\/posts\/394704\/revisions"}],"wp:featuredmedia":[{"embeddable":true,"href":"https:\/\/www.webdo.tn\/fr\/wp-json\/wp\/v2\/media\/394091"}],"wp:attachment":[{"href":"https:\/\/www.webdo.tn\/fr\/wp-json\/wp\/v2\/media?parent=394704"}],"wp:term":[{"taxonomy":"category","embeddable":true,"href":"https:\/\/www.webdo.tn\/fr\/wp-json\/wp\/v2\/categories?post=394704"},{"taxonomy":"post_tag","embeddable":true,"href":"https:\/\/www.webdo.tn\/fr\/wp-json\/wp\/v2\/tags?post=394704"}],"curies":[{"name":"wp","href":"https:\/\/api.w.org\/{rel}","templated":true}]}}