{"id":394677,"date":"2026-03-15T12:35:09","date_gmt":"2026-03-15T11:35:09","guid":{"rendered":"https:\/\/www.webdo.tn\/fr\/?p=394677"},"modified":"2026-03-15T12:35:12","modified_gmt":"2026-03-15T11:35:12","slug":"en-cinq-points-tous-les-details-sur-le-concert-de-bryan-adams-en-tunisie","status":"publish","type":"post","link":"https:\/\/www.webdo.tn\/fr\/actualite\/culture\/en-cinq-points-tous-les-details-sur-le-concert-de-bryan-adams-en-tunisie\/394677\/","title":{"rendered":"En cinq points, tous les d\u00e9tails sur le concert de Bryan Adams en Tunisie"},"content":{"rendered":"\n<p><strong>La nouvelle a \u00e9t\u00e9 officialis\u00e9e hier samedi par le biais de publications sur les r\u00e9seaux sociaux du Festival international de Dougga et de l&rsquo;ambassade du Canada en Tunisie. Le chanteur rock Bryan Adams se produira en Tunisie au Festival international de Dougga le 2 mai prochain.<\/strong><\/p>\n\n\n\n<p>Nous vous proposons plusieurs d\u00e9tails sur l&rsquo;organisation de ce concert qui b\u00e9n\u00e9ficie \u00e9galement du soutien de la Fondation Art &amp; Culture by UIB et de l&rsquo;Office national du Tourisme tunisien.<\/p>\n\n\n\n<ol class=\"wp-block-list\">\n<li>Le concert de Dougga est inscrit dans le cadre de la tourn\u00e9e \u00a0\u00bb Bare Bones \u00a0\u00bb qui aura d&rsquo;autres \u00e9tapes au Maroc, en Italie et en Espagne. L&rsquo;expression \u00a0\u00bb Bare Bones \u00a0\u00bb signifie \u00a0\u00bb Les Os nus \u00a0\u00bb et d\u00e9signe une tourn\u00e9e de concerts acoustiques en solo, sur le mode tr\u00e8s appr\u00e9ci\u00e9 des performances en \u00a0\u00bb Unplugged \u00ab\u00a0.<\/li>\n\n\n\n<li>Le prix des billets &#8211; qui sont d\u00e9j\u00e0 en vente &#8211; est de 190 dinars, \u00e0 peu pr\u00e8s au standard europ\u00e9en de 65 euros. S&rsquo;il est vrai que ce concert sera co\u00fbteux, il n&rsquo;en reste pas moins qu&rsquo;il se place dans la m\u00eame fourchette de prix que les galas de certaines vedettes orientales. Toutefois, les billets restent chers dans les deux cas s&rsquo;ils sont mis en regard du pouvoir d&rsquo;achat moyen en Tunisie.<\/li>\n\n\n\n<li>Avant sa venue en Tunisie, Bryan Adams donnera trois concerts en Afrique du Sud \u00e0 Capetown ( 21 avril ), Pretoria ( 25 avril ) et Durban ( 28 avril ). Bryan Adams se produira ensuite au Maroc les 5 et 6 mai, respectivement \u00e0 Rabat et Tanger.<\/li>\n\n\n\n<li>Bryan Adams est \u00e9galement mobilis\u00e9 par une autre tourn\u00e9e intitul\u00e9e \u00a0\u00bb Roll with the Punches \u00ab\u00a0. Cette tourn\u00e9e a commenc\u00e9 en septembre 2025 et a men\u00e9 le rocker sur des sc\u00e8nes canadiennes et am\u00e9ricaines. La tourn\u00e9e se poursuit en ce moment et culminera en<br>novembre et d\u00e9cembre 2026 avec plusieurs dates en France, en Espagne, en Allemagne et dans plusieurs autres pays europ\u00e9ens.<\/li>\n\n\n\n<li>Il est question que Bryan Adams donne un deuxi\u00e8me concert \u00e0 Dougga le 3 mai. Ce second concert n&rsquo;a pas encore \u00e9t\u00e9 annonc\u00e9 officiellement mais des sources s\u00fbres nous l&rsquo;ont confirm\u00e9.<\/li>\n<\/ol>\n\n\n\n<p>Enfin, notons pour conclure que Bryan Adams se produira lors de la tourn\u00e9e \u00a0\u00bb Bare Bones \u00a0\u00bb dans deux th\u00e9\u00e2tres antiques : celui de Dougga puis celui de Taormina.<\/p>\n\n\n\n<p>Ne manquons pas pour terminer de saluer les efforts des organisateurs et de leurs soutiens qui, ces quatre derniers mois, ont mobilis\u00e9 tous leurs efforts pour rendre possible cette \u00e9tape tunisienne dans le calendrier des tourn\u00e9es de Bryan Adams.<\/p>\n\n\n\n<blockquote class=\"wp-block-quote is-layout-flow wp-block-quote-is-layout-flow\">\n<blockquote class=\"wp-block-quote is-layout-flow wp-block-quote-is-layout-flow\">\n<p><strong>Lire aussi:<\/strong><\/p>\n\n\n\n<ul class=\"wp-block-list has-medium-font-size\">\n<li class=\"has-medium-font-size\"><a href=\"https:\/\/www.webdo.tn\/fr\/actualite\/culture\/jazz-a-dougga-quand-rita-movsesian-chante-tahia-carthage\/379499\/\">\u00a0Jazz \u00e0 Dougga : Quand Rita Movsesian chante \u00ab\u00a0Tahia Carthage\u00a0\u00bb<\/a><\/li>\n\n\n\n<li class=\"has-medium-font-size\"><a href=\"https:\/\/www.webdo.tn\/fr\/actualite\/culture\/tunisie-dougga-innove-pour-la-49e-edition-de-son-festival\/222287\/\">Tunisie : Dougga innove pour la 49e \u00e9dition de son festival (2025)<\/a><\/li>\n<\/ul>\n<\/blockquote>\n<\/blockquote>\n","protected":false},"excerpt":{"rendered":"<p>La nouvelle a \u00e9t\u00e9 officialis\u00e9e hier samedi par le biais de publications sur les r\u00e9seaux sociaux du Festival international de Dougga et de l&rsquo;ambassade du Canada en Tunisie. Le chanteur rock Bryan Adams se produira en Tunisie au Festival international de Dougga le 2 mai prochain. Nous vous proposons plusieurs d\u00e9tails sur l&rsquo;organisation de ce [&hellip;]<\/p>\n","protected":false},"author":3229,"featured_media":394679,"comment_status":"closed","ping_status":"closed","sticky":false,"template":"","format":"standard","meta":{"footnotes":""},"categories":[2594],"tags":[13844,11678,2608],"class_list":["post-394677","post","type-post","status-publish","format-standard","has-post-thumbnail","hentry","category-culture","tag-bryan-adams","tag-festival-international-de-dougga","tag-tunisie"],"yoast_head":"<!-- This site is optimized with the Yoast SEO Premium plugin v27.5 (Yoast SEO v27.5) - https:\/\/yoast.com\/product\/yoast-seo-premium-wordpress\/ -->\n<title>En cinq points, tous les d\u00e9tails sur le concert de Bryan Adams en Tunisie - webdo<\/title>\n<meta name=\"description\" content=\"Ne manquez pas les d\u00e9tails essentiels sur le concert de Bryan Adams en Tunisie, pr\u00e9sent\u00e9 au Festival international de Dougga.\" \/>\n<link rel=\"canonical\" href=\"https:\/\/www.webdo.tn\/fr\/actualite\/culture\/en-cinq-points-tous-les-details-sur-le-concert-de-bryan-adams-en-tunisie\/394677\/\" \/>\n<meta property=\"og:locale\" content=\"fr_FR\" \/>\n<meta property=\"og:type\" content=\"article\" \/>\n<meta property=\"og:title\" content=\"En cinq points, tous les d\u00e9tails sur le concert de Bryan Adams en Tunisie\" \/>\n<meta property=\"og:description\" content=\"Ne manquez pas les d\u00e9tails essentiels sur le concert de Bryan Adams en Tunisie, pr\u00e9sent\u00e9 au Festival international de Dougga.\" \/>\n<meta property=\"og:url\" content=\"https:\/\/www.webdo.tn\/fr\/actualite\/culture\/en-cinq-points-tous-les-details-sur-le-concert-de-bryan-adams-en-tunisie\/394677\/\" \/>\n<meta property=\"og:site_name\" content=\"webdo\" \/>\n<meta property=\"article:publisher\" content=\"https:\/\/www.facebook.com\/webdotn\" \/>\n<meta property=\"article:author\" content=\"https:\/\/www.facebook.com\/hatem.bourial.2025\" \/>\n<meta property=\"article:published_time\" content=\"2026-03-15T11:35:09+00:00\" \/>\n<meta property=\"article:modified_time\" content=\"2026-03-15T11:35:12+00:00\" \/>\n<meta property=\"og:image\" content=\"https:\/\/www.webdo.tn\/fr\/wp-content\/uploads\/2026\/03\/bryan-adams-Dougga.jpg\" \/>\n\t<meta property=\"og:image:width\" content=\"1200\" \/>\n\t<meta property=\"og:image:height\" content=\"600\" \/>\n\t<meta property=\"og:image:type\" content=\"image\/jpeg\" \/>\n<meta name=\"author\" content=\"Hatem Bourial\" \/>\n<meta name=\"twitter:card\" content=\"summary_large_image\" \/>\n<meta name=\"twitter:creator\" content=\"@webdo_tn\" \/>\n<meta name=\"twitter:site\" content=\"@webdo_tn\" \/>\n<meta name=\"twitter:label1\" content=\"\u00c9crit par\" \/>\n\t<meta name=\"twitter:data1\" content=\"Hatem Bourial\" \/>\n\t<meta name=\"twitter:label2\" content=\"Dur\u00e9e de lecture estim\u00e9e\" \/>\n\t<meta name=\"twitter:data2\" content=\"3 minutes\" \/>\n<script type=\"application\/ld+json\" class=\"yoast-schema-graph\">{\"@context\":\"https:\\\/\\\/schema.org\",\"@graph\":[{\"@type\":\"NewsArticle\",\"@id\":\"https:\\\/\\\/www.webdo.tn\\\/fr\\\/actualite\\\/culture\\\/en-cinq-points-tous-les-details-sur-le-concert-de-bryan-adams-en-tunisie\\\/394677\\\/#article\",\"isPartOf\":{\"@id\":\"https:\\\/\\\/www.webdo.tn\\\/fr\\\/actualite\\\/culture\\\/en-cinq-points-tous-les-details-sur-le-concert-de-bryan-adams-en-tunisie\\\/394677\\\/\"},\"author\":{\"name\":\"Hatem Bourial\",\"@id\":\"https:\\\/\\\/www.webdo.tn\\\/fr\\\/#\\\/schema\\\/person\\\/6bc0beba2cd23aec27cb5df85ca2554f\"},\"headline\":\"En cinq points, tous les d\u00e9tails sur le concert de Bryan Adams en Tunisie\",\"datePublished\":\"2026-03-15T11:35:09+00:00\",\"dateModified\":\"2026-03-15T11:35:12+00:00\",\"mainEntityOfPage\":{\"@id\":\"https:\\\/\\\/www.webdo.tn\\\/fr\\\/actualite\\\/culture\\\/en-cinq-points-tous-les-details-sur-le-concert-de-bryan-adams-en-tunisie\\\/394677\\\/\"},\"wordCount\":457,\"publisher\":{\"@id\":\"https:\\\/\\\/www.webdo.tn\\\/fr\\\/#organization\"},\"image\":{\"@id\":\"https:\\\/\\\/www.webdo.tn\\\/fr\\\/actualite\\\/culture\\\/en-cinq-points-tous-les-details-sur-le-concert-de-bryan-adams-en-tunisie\\\/394677\\\/#primaryimage\"},\"thumbnailUrl\":\"https:\\\/\\\/www.webdo.tn\\\/fr\\\/wp-content\\\/uploads\\\/2026\\\/03\\\/bryan-adams-Dougga.jpg\",\"keywords\":[\"Bryan Adams\",\"Festival international de Dougga\",\"Tunisie\"],\"articleSection\":[\"Culture\"],\"inLanguage\":\"fr-FR\"},{\"@type\":\"WebPage\",\"@id\":\"https:\\\/\\\/www.webdo.tn\\\/fr\\\/actualite\\\/culture\\\/en-cinq-points-tous-les-details-sur-le-concert-de-bryan-adams-en-tunisie\\\/394677\\\/\",\"url\":\"https:\\\/\\\/www.webdo.tn\\\/fr\\\/actualite\\\/culture\\\/en-cinq-points-tous-les-details-sur-le-concert-de-bryan-adams-en-tunisie\\\/394677\\\/\",\"name\":\"En cinq points, tous les d\u00e9tails sur le concert de Bryan Adams en Tunisie - webdo\",\"isPartOf\":{\"@id\":\"https:\\\/\\\/www.webdo.tn\\\/fr\\\/#website\"},\"primaryImageOfPage\":{\"@id\":\"https:\\\/\\\/www.webdo.tn\\\/fr\\\/actualite\\\/culture\\\/en-cinq-points-tous-les-details-sur-le-concert-de-bryan-adams-en-tunisie\\\/394677\\\/#primaryimage\"},\"image\":{\"@id\":\"https:\\\/\\\/www.webdo.tn\\\/fr\\\/actualite\\\/culture\\\/en-cinq-points-tous-les-details-sur-le-concert-de-bryan-adams-en-tunisie\\\/394677\\\/#primaryimage\"},\"thumbnailUrl\":\"https:\\\/\\\/www.webdo.tn\\\/fr\\\/wp-content\\\/uploads\\\/2026\\\/03\\\/bryan-adams-Dougga.jpg\",\"datePublished\":\"2026-03-15T11:35:09+00:00\",\"dateModified\":\"2026-03-15T11:35:12+00:00\",\"description\":\"Ne manquez pas les d\u00e9tails essentiels sur le concert de Bryan Adams en Tunisie, pr\u00e9sent\u00e9 au Festival international de Dougga.\",\"breadcrumb\":{\"@id\":\"https:\\\/\\\/www.webdo.tn\\\/fr\\\/actualite\\\/culture\\\/en-cinq-points-tous-les-details-sur-le-concert-de-bryan-adams-en-tunisie\\\/394677\\\/#breadcrumb\"},\"inLanguage\":\"fr-FR\",\"potentialAction\":[{\"@type\":\"ReadAction\",\"target\":[\"https:\\\/\\\/www.webdo.tn\\\/fr\\\/actualite\\\/culture\\\/en-cinq-points-tous-les-details-sur-le-concert-de-bryan-adams-en-tunisie\\\/394677\\\/\"]}]},{\"@type\":\"ImageObject\",\"inLanguage\":\"fr-FR\",\"@id\":\"https:\\\/\\\/www.webdo.tn\\\/fr\\\/actualite\\\/culture\\\/en-cinq-points-tous-les-details-sur-le-concert-de-bryan-adams-en-tunisie\\\/394677\\\/#primaryimage\",\"url\":\"https:\\\/\\\/www.webdo.tn\\\/fr\\\/wp-content\\\/uploads\\\/2026\\\/03\\\/bryan-adams-Dougga.jpg\",\"contentUrl\":\"https:\\\/\\\/www.webdo.tn\\\/fr\\\/wp-content\\\/uploads\\\/2026\\\/03\\\/bryan-adams-Dougga.jpg\",\"width\":1200,\"height\":600,\"caption\":\"Les d\u00e9tails sur le concert de Bryan Adams en Tunisie\"},{\"@type\":\"BreadcrumbList\",\"@id\":\"https:\\\/\\\/www.webdo.tn\\\/fr\\\/actualite\\\/culture\\\/en-cinq-points-tous-les-details-sur-le-concert-de-bryan-adams-en-tunisie\\\/394677\\\/#breadcrumb\",\"itemListElement\":[{\"@type\":\"ListItem\",\"position\":1,\"name\":\"Accueil\",\"item\":\"https:\\\/\\\/www.webdo.tn\\\/fr\\\/\"},{\"@type\":\"ListItem\",\"position\":2,\"name\":\"En cinq points, tous les d\u00e9tails sur le concert de Bryan Adams en Tunisie\"}]},{\"@type\":\"WebSite\",\"@id\":\"https:\\\/\\\/www.webdo.tn\\\/fr\\\/#website\",\"url\":\"https:\\\/\\\/www.webdo.tn\\\/fr\\\/\",\"name\":\"webdo\",\"description\":\"Tunisie - News en Tunisie et \u00e0 l&#039;international sur Webdo.tn\",\"publisher\":{\"@id\":\"https:\\\/\\\/www.webdo.tn\\\/fr\\\/#organization\"},\"potentialAction\":[{\"@type\":\"SearchAction\",\"target\":{\"@type\":\"EntryPoint\",\"urlTemplate\":\"https:\\\/\\\/www.webdo.tn\\\/fr\\\/?s={search_term_string}\"},\"query-input\":{\"@type\":\"PropertyValueSpecification\",\"valueRequired\":true,\"valueName\":\"search_term_string\"}}],\"inLanguage\":\"fr-FR\"},{\"@type\":\"Organization\",\"@id\":\"https:\\\/\\\/www.webdo.tn\\\/fr\\\/#organization\",\"name\":\"Webdo\",\"alternateName\":\"Webdo.tn\",\"url\":\"https:\\\/\\\/www.webdo.tn\\\/fr\\\/\",\"logo\":{\"@type\":\"ImageObject\",\"inLanguage\":\"fr-FR\",\"@id\":\"https:\\\/\\\/www.webdo.tn\\\/fr\\\/#\\\/schema\\\/logo\\\/image\\\/\",\"url\":\"https:\\\/\\\/www.webdo.tn\\\/fr\\\/wp-content\\\/uploads\\\/2025\\\/06\\\/Webdo-Tunisie_168377.jpg\",\"contentUrl\":\"https:\\\/\\\/www.webdo.tn\\\/fr\\\/wp-content\\\/uploads\\\/2025\\\/06\\\/Webdo-Tunisie_168377.jpg\",\"width\":301,\"height\":301,\"caption\":\"Webdo\"},\"image\":{\"@id\":\"https:\\\/\\\/www.webdo.tn\\\/fr\\\/#\\\/schema\\\/logo\\\/image\\\/\"},\"sameAs\":[\"https:\\\/\\\/www.facebook.com\\\/webdotn\",\"https:\\\/\\\/x.com\\\/webdo_tn\"],\"description\":\"Webdo est un m\u00e9dia num\u00e9rique tunisien fond\u00e9 en 2010, sp\u00e9cialis\u00e9 dans l\u2019actualit\u00e9 nationale et internationale, l\u2019\u00e9conomie, la soci\u00e9t\u00e9 et les analyses politiques. Le site s\u2019adresse \u00e0 un large public francophone et couvre l\u2019information tunisienne en temps r\u00e9el.\",\"email\":\"redac@webdo.tn\",\"legalName\":\"YNJ SARL\",\"foundingDate\":\"2010-09-06\",\"numberOfEmployees\":{\"@type\":\"QuantitativeValue\",\"minValue\":\"11\",\"maxValue\":\"50\"}},{\"@type\":\"Person\",\"@id\":\"https:\\\/\\\/www.webdo.tn\\\/fr\\\/#\\\/schema\\\/person\\\/6bc0beba2cd23aec27cb5df85ca2554f\",\"name\":\"Hatem Bourial\",\"image\":{\"@type\":\"ImageObject\",\"inLanguage\":\"fr-FR\",\"@id\":\"https:\\\/\\\/www.webdo.tn\\\/fr\\\/wp-content\\\/uploads\\\/2026\\\/04\\\/hatem-bourial_avatar-96x96.jpg\",\"url\":\"https:\\\/\\\/www.webdo.tn\\\/fr\\\/wp-content\\\/uploads\\\/2026\\\/04\\\/hatem-bourial_avatar-96x96.jpg\",\"contentUrl\":\"https:\\\/\\\/www.webdo.tn\\\/fr\\\/wp-content\\\/uploads\\\/2026\\\/04\\\/hatem-bourial_avatar-96x96.jpg\",\"caption\":\"Hatem Bourial\"},\"description\":\"Hatem Bourial est journaliste, \u00e9crivain et chroniqueur tunisien. Actif depuis plusieurs d\u00e9cennies, il s\u2019est impos\u00e9 comme un observateur attentif de la soci\u00e9t\u00e9 tunisienne, m\u00ealant dans ses \u00e9crits m\u00e9moire, culture et analyse du quotidien. Auteur de nombreux ouvrages, il d\u00e9veloppe une \u0153uvre \u00e0 la crois\u00e9e du r\u00e9cit, de la po\u00e9sie et de l\u2019observation sociologique. Parall\u00e8lement \u00e0 ses contributions dans la presse, il intervient r\u00e9guli\u00e8rement \u00e0 la radio et dans des espaces culturels, o\u00f9 il explore les enjeux li\u00e9s au patrimoine, \u00e0 l\u2019identit\u00e9 et aux transformations du monde contemporain. \u00c0 travers ses chroniques, Hatem Bourial propose une lecture sensible et approfondie de l\u2019actualit\u00e9, nourrie par une exp\u00e9rience journalistique et litt\u00e9raire reconnue. \ud83d\udd17 Facebook : https:\\\/\\\/www.facebook.com\\\/hatem.bourial.2025\",\"sameAs\":[\"https:\\\/\\\/www.facebook.com\\\/hatem.bourial.2025\",\"https:\\\/\\\/fr.wikipedia.org\\\/wiki\\\/Fichier:Hatem_Bourial.jpg\"],\"knowsAbout\":[\"Culture & patrimoine tunisien\",\"Chronique soci\u00e9tale\",\"Litt\u00e9rature & m\u00e9moire\",\"Cin\u00e9ma & critique culturelle\",\"Identit\u00e9 & mutations sociales\"],\"knowsLanguage\":[\"Arabe\",\"Fran\u00e7ais\",\"Anglais\",\"Italien\",\"Polonais\"],\"jobTitle\":\"Journaliste, \u00e9crivain et chroniqueur culturel\",\"worksFor\":\"Webdo\",\"url\":\"https:\\\/\\\/www.webdo.tn\\\/fr\\\/actualite\\\/author\\\/hatem-bourial-2\\\/\"}]}<\/script>\n<!-- \/ Yoast SEO Premium plugin. -->","yoast_head_json":{"title":"En cinq points, tous les d\u00e9tails sur le concert de Bryan Adams en Tunisie - webdo","description":"Ne manquez pas les d\u00e9tails essentiels sur le concert de Bryan Adams en Tunisie, pr\u00e9sent\u00e9 au Festival international de Dougga.","canonical":"https:\/\/www.webdo.tn\/fr\/actualite\/culture\/en-cinq-points-tous-les-details-sur-le-concert-de-bryan-adams-en-tunisie\/394677\/","og_locale":"fr_FR","og_type":"article","og_title":"En cinq points, tous les d\u00e9tails sur le concert de Bryan Adams en Tunisie","og_description":"Ne manquez pas les d\u00e9tails essentiels sur le concert de Bryan Adams en Tunisie, pr\u00e9sent\u00e9 au Festival international de Dougga.","og_url":"https:\/\/www.webdo.tn\/fr\/actualite\/culture\/en-cinq-points-tous-les-details-sur-le-concert-de-bryan-adams-en-tunisie\/394677\/","og_site_name":"webdo","article_publisher":"https:\/\/www.facebook.com\/webdotn","article_author":"https:\/\/www.facebook.com\/hatem.bourial.2025","article_published_time":"2026-03-15T11:35:09+00:00","article_modified_time":"2026-03-15T11:35:12+00:00","og_image":[{"width":1200,"height":600,"url":"https:\/\/www.webdo.tn\/fr\/wp-content\/uploads\/2026\/03\/bryan-adams-Dougga.jpg","type":"image\/jpeg"}],"author":"Hatem Bourial","twitter_card":"summary_large_image","twitter_creator":"@webdo_tn","twitter_site":"@webdo_tn","twitter_misc":{"\u00c9crit par":"Hatem Bourial","Dur\u00e9e de lecture estim\u00e9e":"3 minutes"},"schema":{"@context":"https:\/\/schema.org","@graph":[{"@type":"NewsArticle","@id":"https:\/\/www.webdo.tn\/fr\/actualite\/culture\/en-cinq-points-tous-les-details-sur-le-concert-de-bryan-adams-en-tunisie\/394677\/#article","isPartOf":{"@id":"https:\/\/www.webdo.tn\/fr\/actualite\/culture\/en-cinq-points-tous-les-details-sur-le-concert-de-bryan-adams-en-tunisie\/394677\/"},"author":{"name":"Hatem Bourial","@id":"https:\/\/www.webdo.tn\/fr\/#\/schema\/person\/6bc0beba2cd23aec27cb5df85ca2554f"},"headline":"En cinq points, tous les d\u00e9tails sur le concert de Bryan Adams en Tunisie","datePublished":"2026-03-15T11:35:09+00:00","dateModified":"2026-03-15T11:35:12+00:00","mainEntityOfPage":{"@id":"https:\/\/www.webdo.tn\/fr\/actualite\/culture\/en-cinq-points-tous-les-details-sur-le-concert-de-bryan-adams-en-tunisie\/394677\/"},"wordCount":457,"publisher":{"@id":"https:\/\/www.webdo.tn\/fr\/#organization"},"image":{"@id":"https:\/\/www.webdo.tn\/fr\/actualite\/culture\/en-cinq-points-tous-les-details-sur-le-concert-de-bryan-adams-en-tunisie\/394677\/#primaryimage"},"thumbnailUrl":"https:\/\/www.webdo.tn\/fr\/wp-content\/uploads\/2026\/03\/bryan-adams-Dougga.jpg","keywords":["Bryan Adams","Festival international de Dougga","Tunisie"],"articleSection":["Culture"],"inLanguage":"fr-FR"},{"@type":"WebPage","@id":"https:\/\/www.webdo.tn\/fr\/actualite\/culture\/en-cinq-points-tous-les-details-sur-le-concert-de-bryan-adams-en-tunisie\/394677\/","url":"https:\/\/www.webdo.tn\/fr\/actualite\/culture\/en-cinq-points-tous-les-details-sur-le-concert-de-bryan-adams-en-tunisie\/394677\/","name":"En cinq points, tous les d\u00e9tails sur le concert de Bryan Adams en Tunisie - webdo","isPartOf":{"@id":"https:\/\/www.webdo.tn\/fr\/#website"},"primaryImageOfPage":{"@id":"https:\/\/www.webdo.tn\/fr\/actualite\/culture\/en-cinq-points-tous-les-details-sur-le-concert-de-bryan-adams-en-tunisie\/394677\/#primaryimage"},"image":{"@id":"https:\/\/www.webdo.tn\/fr\/actualite\/culture\/en-cinq-points-tous-les-details-sur-le-concert-de-bryan-adams-en-tunisie\/394677\/#primaryimage"},"thumbnailUrl":"https:\/\/www.webdo.tn\/fr\/wp-content\/uploads\/2026\/03\/bryan-adams-Dougga.jpg","datePublished":"2026-03-15T11:35:09+00:00","dateModified":"2026-03-15T11:35:12+00:00","description":"Ne manquez pas les d\u00e9tails essentiels sur le concert de Bryan Adams en Tunisie, pr\u00e9sent\u00e9 au Festival international de Dougga.","breadcrumb":{"@id":"https:\/\/www.webdo.tn\/fr\/actualite\/culture\/en-cinq-points-tous-les-details-sur-le-concert-de-bryan-adams-en-tunisie\/394677\/#breadcrumb"},"inLanguage":"fr-FR","potentialAction":[{"@type":"ReadAction","target":["https:\/\/www.webdo.tn\/fr\/actualite\/culture\/en-cinq-points-tous-les-details-sur-le-concert-de-bryan-adams-en-tunisie\/394677\/"]}]},{"@type":"ImageObject","inLanguage":"fr-FR","@id":"https:\/\/www.webdo.tn\/fr\/actualite\/culture\/en-cinq-points-tous-les-details-sur-le-concert-de-bryan-adams-en-tunisie\/394677\/#primaryimage","url":"https:\/\/www.webdo.tn\/fr\/wp-content\/uploads\/2026\/03\/bryan-adams-Dougga.jpg","contentUrl":"https:\/\/www.webdo.tn\/fr\/wp-content\/uploads\/2026\/03\/bryan-adams-Dougga.jpg","width":1200,"height":600,"caption":"Les d\u00e9tails sur le concert de Bryan Adams en Tunisie"},{"@type":"BreadcrumbList","@id":"https:\/\/www.webdo.tn\/fr\/actualite\/culture\/en-cinq-points-tous-les-details-sur-le-concert-de-bryan-adams-en-tunisie\/394677\/#breadcrumb","itemListElement":[{"@type":"ListItem","position":1,"name":"Accueil","item":"https:\/\/www.webdo.tn\/fr\/"},{"@type":"ListItem","position":2,"name":"En cinq points, tous les d\u00e9tails sur le concert de Bryan Adams en Tunisie"}]},{"@type":"WebSite","@id":"https:\/\/www.webdo.tn\/fr\/#website","url":"https:\/\/www.webdo.tn\/fr\/","name":"webdo","description":"Tunisie - News en Tunisie et \u00e0 l&#039;international sur Webdo.tn","publisher":{"@id":"https:\/\/www.webdo.tn\/fr\/#organization"},"potentialAction":[{"@type":"SearchAction","target":{"@type":"EntryPoint","urlTemplate":"https:\/\/www.webdo.tn\/fr\/?s={search_term_string}"},"query-input":{"@type":"PropertyValueSpecification","valueRequired":true,"valueName":"search_term_string"}}],"inLanguage":"fr-FR"},{"@type":"Organization","@id":"https:\/\/www.webdo.tn\/fr\/#organization","name":"Webdo","alternateName":"Webdo.tn","url":"https:\/\/www.webdo.tn\/fr\/","logo":{"@type":"ImageObject","inLanguage":"fr-FR","@id":"https:\/\/www.webdo.tn\/fr\/#\/schema\/logo\/image\/","url":"https:\/\/www.webdo.tn\/fr\/wp-content\/uploads\/2025\/06\/Webdo-Tunisie_168377.jpg","contentUrl":"https:\/\/www.webdo.tn\/fr\/wp-content\/uploads\/2025\/06\/Webdo-Tunisie_168377.jpg","width":301,"height":301,"caption":"Webdo"},"image":{"@id":"https:\/\/www.webdo.tn\/fr\/#\/schema\/logo\/image\/"},"sameAs":["https:\/\/www.facebook.com\/webdotn","https:\/\/x.com\/webdo_tn"],"description":"Webdo est un m\u00e9dia num\u00e9rique tunisien fond\u00e9 en 2010, sp\u00e9cialis\u00e9 dans l\u2019actualit\u00e9 nationale et internationale, l\u2019\u00e9conomie, la soci\u00e9t\u00e9 et les analyses politiques. Le site s\u2019adresse \u00e0 un large public francophone et couvre l\u2019information tunisienne en temps r\u00e9el.","email":"redac@webdo.tn","legalName":"YNJ SARL","foundingDate":"2010-09-06","numberOfEmployees":{"@type":"QuantitativeValue","minValue":"11","maxValue":"50"}},{"@type":"Person","@id":"https:\/\/www.webdo.tn\/fr\/#\/schema\/person\/6bc0beba2cd23aec27cb5df85ca2554f","name":"Hatem Bourial","image":{"@type":"ImageObject","inLanguage":"fr-FR","@id":"https:\/\/www.webdo.tn\/fr\/wp-content\/uploads\/2026\/04\/hatem-bourial_avatar-96x96.jpg","url":"https:\/\/www.webdo.tn\/fr\/wp-content\/uploads\/2026\/04\/hatem-bourial_avatar-96x96.jpg","contentUrl":"https:\/\/www.webdo.tn\/fr\/wp-content\/uploads\/2026\/04\/hatem-bourial_avatar-96x96.jpg","caption":"Hatem Bourial"},"description":"Hatem Bourial est journaliste, \u00e9crivain et chroniqueur tunisien. Actif depuis plusieurs d\u00e9cennies, il s\u2019est impos\u00e9 comme un observateur attentif de la soci\u00e9t\u00e9 tunisienne, m\u00ealant dans ses \u00e9crits m\u00e9moire, culture et analyse du quotidien. Auteur de nombreux ouvrages, il d\u00e9veloppe une \u0153uvre \u00e0 la crois\u00e9e du r\u00e9cit, de la po\u00e9sie et de l\u2019observation sociologique. Parall\u00e8lement \u00e0 ses contributions dans la presse, il intervient r\u00e9guli\u00e8rement \u00e0 la radio et dans des espaces culturels, o\u00f9 il explore les enjeux li\u00e9s au patrimoine, \u00e0 l\u2019identit\u00e9 et aux transformations du monde contemporain. \u00c0 travers ses chroniques, Hatem Bourial propose une lecture sensible et approfondie de l\u2019actualit\u00e9, nourrie par une exp\u00e9rience journalistique et litt\u00e9raire reconnue. \ud83d\udd17 Facebook : https:\/\/www.facebook.com\/hatem.bourial.2025","sameAs":["https:\/\/www.facebook.com\/hatem.bourial.2025","https:\/\/fr.wikipedia.org\/wiki\/Fichier:Hatem_Bourial.jpg"],"knowsAbout":["Culture & patrimoine tunisien","Chronique soci\u00e9tale","Litt\u00e9rature & m\u00e9moire","Cin\u00e9ma & critique culturelle","Identit\u00e9 & mutations sociales"],"knowsLanguage":["Arabe","Fran\u00e7ais","Anglais","Italien","Polonais"],"jobTitle":"Journaliste, \u00e9crivain et chroniqueur culturel","worksFor":"Webdo","url":"https:\/\/www.webdo.tn\/fr\/actualite\/author\/hatem-bourial-2\/"}]}},"_links":{"self":[{"href":"https:\/\/www.webdo.tn\/fr\/wp-json\/wp\/v2\/posts\/394677","targetHints":{"allow":["GET"]}}],"collection":[{"href":"https:\/\/www.webdo.tn\/fr\/wp-json\/wp\/v2\/posts"}],"about":[{"href":"https:\/\/www.webdo.tn\/fr\/wp-json\/wp\/v2\/types\/post"}],"author":[{"embeddable":true,"href":"https:\/\/www.webdo.tn\/fr\/wp-json\/wp\/v2\/users\/3229"}],"replies":[{"embeddable":true,"href":"https:\/\/www.webdo.tn\/fr\/wp-json\/wp\/v2\/comments?post=394677"}],"version-history":[{"count":0,"href":"https:\/\/www.webdo.tn\/fr\/wp-json\/wp\/v2\/posts\/394677\/revisions"}],"wp:featuredmedia":[{"embeddable":true,"href":"https:\/\/www.webdo.tn\/fr\/wp-json\/wp\/v2\/media\/394679"}],"wp:attachment":[{"href":"https:\/\/www.webdo.tn\/fr\/wp-json\/wp\/v2\/media?parent=394677"}],"wp:term":[{"taxonomy":"category","embeddable":true,"href":"https:\/\/www.webdo.tn\/fr\/wp-json\/wp\/v2\/categories?post=394677"},{"taxonomy":"post_tag","embeddable":true,"href":"https:\/\/www.webdo.tn\/fr\/wp-json\/wp\/v2\/tags?post=394677"}],"curies":[{"name":"wp","href":"https:\/\/api.w.org\/{rel}","templated":true}]}}