{"id":394669,"date":"2026-03-15T11:32:24","date_gmt":"2026-03-15T10:32:24","guid":{"rendered":"https:\/\/www.webdo.tn\/fr\/?p=394669"},"modified":"2026-03-15T11:32:27","modified_gmt":"2026-03-15T10:32:27","slug":"salon-mondial-du-tourisme-mettre-le-sud-tunisien-en-mouvement","status":"publish","type":"post","link":"https:\/\/www.webdo.tn\/fr\/actualite\/national\/salon-mondial-du-tourisme-mettre-le-sud-tunisien-en-mouvement\/394669\/","title":{"rendered":"Salon mondial du tourisme : Mettre le Sud tunisien en mouvement"},"content":{"rendered":"\n<p><strong>Le Salon mondial du tourisme s\u2019ach\u00e8ve ce dimanche \u00e0 Paris. Du 12 au 15 mars, des professionnels venus de nombreux pays s\u2019y sont rencontr\u00e9s afin de pr\u00e9senter leurs destinations et d\u2019\u00e9changer autour des nouvelles tendances du voyage.<\/strong><\/p>\n\n\n\n<p>La Tunisie y \u00e9tait repr\u00e9sent\u00e9e par l\u2019Office national du tourisme tunisien (ONTT), qui a mis en avant les atouts du pays aupr\u00e8s des visiteurs et des professionnels europ\u00e9ens.<\/p>\n\n\n\n<h2 class=\"wp-block-heading\" id=\"h-le-sahara-tunisien-en-vitrine\">Le Sahara tunisien en vitrine<\/h2>\n\n\n\n<p>Lors de cette participation, l\u2019accent a \u00e9t\u00e9 mis sur les destinations sahariennes et oasiennes, dans l\u2019objectif de valoriser une composante essentielle de l\u2019offre touristique tunisienne.<\/p>\n\n\n\n<p>Les r\u00e9gions du Sud \u2014 notamment Tozeur, Douz ou encore les oasis de montagne \u2014 offrent en effet des exp\u00e9riences de voyage diff\u00e9rentes : circuits dans le d\u00e9sert, d\u00e9couverte des oasis, tourisme culturel et immersion dans les paysages sahariens.<\/p>\n\n\n\n<p>Cette orientation s\u2019inscrit dans une strat\u00e9gie visant \u00e0 diversifier l\u2019offre touristique tunisienne, longtemps domin\u00e9e par le tourisme baln\u00e9aire.<\/p>\n\n\n\n<h2 class=\"wp-block-heading\" id=\"h-le-marche-francais-reste-strategique\">Le march\u00e9 fran\u00e7ais reste strat\u00e9gique<\/h2>\n\n\n\n<p>La pr\u00e9sence tunisienne \u00e0 Paris rev\u00eat \u00e9galement une dimension strat\u00e9gique, le march\u00e9 fran\u00e7ais demeurant l\u2019un des plus importants pour la destination Tunisie.<\/p>\n\n\n\n<p>Les salons professionnels et grand public organis\u00e9s dans la capitale fran\u00e7aise constituent ainsi une vitrine privil\u00e9gi\u00e9e pour renforcer les partenariats avec les agences de voyages et les tour-op\u00e9rateurs, tout en faisant d\u00e9couvrir aux voyageurs europ\u00e9ens la richesse des r\u00e9gions du Sud.<\/p>\n\n\n\n<p>\u00c0 noter \u00e9galement la participation active de l\u2019agence Otentic Art of Travel, premier op\u00e9rateur fran\u00e7ais sp\u00e9cialis\u00e9 dans le tourisme saharien et oasien en Tunisie, qui contribue depuis plusieurs ann\u00e9es \u00e0 promouvoir ces destinations aupr\u00e8s des voyageurs europ\u00e9ens.<\/p>\n\n\n\n<blockquote class=\"wp-block-quote is-layout-flow wp-block-quote-is-layout-flow\">\n<blockquote class=\"wp-block-quote is-layout-flow wp-block-quote-is-layout-flow\">\n<p><strong>Lire aussi:<\/strong><\/p>\n\n\n\n<ul class=\"wp-block-list\">\n<li class=\"has-medium-font-size\"><a href=\"https:\/\/www.webdo.tn\/fr\/actualite\/national\/tourisme-a-prague-le-stand-tunisien-seduit-les-professionnels-du-secteur\/394646\/\">Tourisme : A Prague, le stand tunisien s\u00e9duit les professionnels du secteur<\/a><\/li>\n\n\n\n<li class=\"has-medium-font-size\"><a href=\"https:\/\/www.webdo.tn\/fr\/actualite\/national\/tourisme-britannique-en-hausse-65-vols-par-semaine-en-2026\/394505\/\">Tourisme britannique en hausse : 65 vols par semaine en 2026<\/a><\/li>\n\n\n\n<li class=\"has-medium-font-size\"><a href=\"https:\/\/www.webdo.tn\/fr\/actualite\/national\/tourisme-les-etats-unis-veulent-renforcer-les-flux-vers-la-tunisie\/392213\/\">Tourisme : Les \u00c9tats-Unis veulent renforcer les flux vers la Tunisie<\/a><\/li>\n<\/ul>\n<\/blockquote>\n<\/blockquote>\n","protected":false},"excerpt":{"rendered":"<p>Le Salon mondial du tourisme s\u2019ach\u00e8ve ce dimanche \u00e0 Paris. Du 12 au 15 mars, des professionnels venus de nombreux pays s\u2019y sont rencontr\u00e9s afin de pr\u00e9senter leurs destinations et d\u2019\u00e9changer autour des nouvelles tendances du voyage. La Tunisie y \u00e9tait repr\u00e9sent\u00e9e par l\u2019Office national du tourisme tunisien (ONTT), qui a mis en avant les [&hellip;]<\/p>\n","protected":false},"author":3229,"featured_media":394671,"comment_status":"closed","ping_status":"closed","sticky":false,"template":"","format":"standard","meta":{"footnotes":""},"categories":[44],"tags":[13849,4908,13848,7244],"class_list":["post-394669","post","type-post","status-publish","format-standard","has-post-thumbnail","hentry","category-national","tag-otentic-art-of-travel","tag-sahara","tag-salon-mondial-du-tourisme","tag-sud-tunisien"],"yoast_head":"<!-- This site is optimized with the Yoast SEO Premium plugin v27.5 (Yoast SEO v27.5) - https:\/\/yoast.com\/product\/yoast-seo-premium-wordpress\/ -->\n<title>Salon mondial du tourisme : Mettre le Sud tunisien en mouvement - webdo<\/title>\n<meta name=\"description\" content=\"Le Sud tunisien se d\u00e9voile au Salon mondial du tourisme : circuits dans le d\u00e9sert et d\u00e9couvertes culturelles exceptionnelles.\" \/>\n<link rel=\"canonical\" href=\"https:\/\/www.webdo.tn\/fr\/actualite\/national\/salon-mondial-du-tourisme-mettre-le-sud-tunisien-en-mouvement\/394669\/\" \/>\n<meta property=\"og:locale\" content=\"fr_FR\" \/>\n<meta property=\"og:type\" content=\"article\" \/>\n<meta property=\"og:title\" content=\"Salon mondial du tourisme : Mettre le Sud tunisien en mouvement\" \/>\n<meta property=\"og:description\" content=\"Le Sud tunisien se d\u00e9voile au Salon mondial du tourisme : circuits dans le d\u00e9sert et d\u00e9couvertes culturelles exceptionnelles.\" \/>\n<meta property=\"og:url\" content=\"https:\/\/www.webdo.tn\/fr\/actualite\/national\/salon-mondial-du-tourisme-mettre-le-sud-tunisien-en-mouvement\/394669\/\" \/>\n<meta property=\"og:site_name\" content=\"webdo\" \/>\n<meta property=\"article:publisher\" content=\"https:\/\/www.facebook.com\/webdotn\" \/>\n<meta property=\"article:author\" content=\"https:\/\/www.facebook.com\/hatem.bourial.2025\" \/>\n<meta property=\"article:published_time\" content=\"2026-03-15T10:32:24+00:00\" \/>\n<meta property=\"article:modified_time\" content=\"2026-03-15T10:32:27+00:00\" \/>\n<meta property=\"og:image\" content=\"https:\/\/www.webdo.tn\/fr\/wp-content\/uploads\/2026\/03\/Otentic-Art-of-Travel.jpg\" \/>\n\t<meta property=\"og:image:width\" content=\"1200\" \/>\n\t<meta property=\"og:image:height\" content=\"600\" \/>\n\t<meta property=\"og:image:type\" content=\"image\/jpeg\" \/>\n<meta name=\"author\" content=\"Hatem Bourial\" \/>\n<meta name=\"twitter:card\" content=\"summary_large_image\" \/>\n<meta name=\"twitter:creator\" content=\"@webdo_tn\" \/>\n<meta name=\"twitter:site\" content=\"@webdo_tn\" \/>\n<meta name=\"twitter:label1\" content=\"\u00c9crit par\" \/>\n\t<meta name=\"twitter:data1\" content=\"Hatem Bourial\" \/>\n\t<meta name=\"twitter:label2\" content=\"Dur\u00e9e de lecture estim\u00e9e\" \/>\n\t<meta name=\"twitter:data2\" content=\"2 minutes\" \/>\n<script type=\"application\/ld+json\" class=\"yoast-schema-graph\">{\"@context\":\"https:\\\/\\\/schema.org\",\"@graph\":[{\"@type\":\"NewsArticle\",\"@id\":\"https:\\\/\\\/www.webdo.tn\\\/fr\\\/actualite\\\/national\\\/salon-mondial-du-tourisme-mettre-le-sud-tunisien-en-mouvement\\\/394669\\\/#article\",\"isPartOf\":{\"@id\":\"https:\\\/\\\/www.webdo.tn\\\/fr\\\/actualite\\\/national\\\/salon-mondial-du-tourisme-mettre-le-sud-tunisien-en-mouvement\\\/394669\\\/\"},\"author\":{\"name\":\"Hatem Bourial\",\"@id\":\"https:\\\/\\\/www.webdo.tn\\\/fr\\\/#\\\/schema\\\/person\\\/6bc0beba2cd23aec27cb5df85ca2554f\"},\"headline\":\"Salon mondial du tourisme : Mettre le Sud tunisien en mouvement\",\"datePublished\":\"2026-03-15T10:32:24+00:00\",\"dateModified\":\"2026-03-15T10:32:27+00:00\",\"mainEntityOfPage\":{\"@id\":\"https:\\\/\\\/www.webdo.tn\\\/fr\\\/actualite\\\/national\\\/salon-mondial-du-tourisme-mettre-le-sud-tunisien-en-mouvement\\\/394669\\\/\"},\"wordCount\":335,\"publisher\":{\"@id\":\"https:\\\/\\\/www.webdo.tn\\\/fr\\\/#organization\"},\"image\":{\"@id\":\"https:\\\/\\\/www.webdo.tn\\\/fr\\\/actualite\\\/national\\\/salon-mondial-du-tourisme-mettre-le-sud-tunisien-en-mouvement\\\/394669\\\/#primaryimage\"},\"thumbnailUrl\":\"https:\\\/\\\/www.webdo.tn\\\/fr\\\/wp-content\\\/uploads\\\/2026\\\/03\\\/Otentic-Art-of-Travel.jpg\",\"keywords\":[\"Otentic Art of Travel\",\"sahara\",\"Salon mondial du tourisme\",\"sud tunisien\"],\"articleSection\":[\"National\"],\"inLanguage\":\"fr-FR\"},{\"@type\":\"WebPage\",\"@id\":\"https:\\\/\\\/www.webdo.tn\\\/fr\\\/actualite\\\/national\\\/salon-mondial-du-tourisme-mettre-le-sud-tunisien-en-mouvement\\\/394669\\\/\",\"url\":\"https:\\\/\\\/www.webdo.tn\\\/fr\\\/actualite\\\/national\\\/salon-mondial-du-tourisme-mettre-le-sud-tunisien-en-mouvement\\\/394669\\\/\",\"name\":\"Salon mondial du tourisme : Mettre le Sud tunisien en mouvement - webdo\",\"isPartOf\":{\"@id\":\"https:\\\/\\\/www.webdo.tn\\\/fr\\\/#website\"},\"primaryImageOfPage\":{\"@id\":\"https:\\\/\\\/www.webdo.tn\\\/fr\\\/actualite\\\/national\\\/salon-mondial-du-tourisme-mettre-le-sud-tunisien-en-mouvement\\\/394669\\\/#primaryimage\"},\"image\":{\"@id\":\"https:\\\/\\\/www.webdo.tn\\\/fr\\\/actualite\\\/national\\\/salon-mondial-du-tourisme-mettre-le-sud-tunisien-en-mouvement\\\/394669\\\/#primaryimage\"},\"thumbnailUrl\":\"https:\\\/\\\/www.webdo.tn\\\/fr\\\/wp-content\\\/uploads\\\/2026\\\/03\\\/Otentic-Art-of-Travel.jpg\",\"datePublished\":\"2026-03-15T10:32:24+00:00\",\"dateModified\":\"2026-03-15T10:32:27+00:00\",\"description\":\"Le Sud tunisien se d\u00e9voile au Salon mondial du tourisme : circuits dans le d\u00e9sert et d\u00e9couvertes culturelles exceptionnelles.\",\"breadcrumb\":{\"@id\":\"https:\\\/\\\/www.webdo.tn\\\/fr\\\/actualite\\\/national\\\/salon-mondial-du-tourisme-mettre-le-sud-tunisien-en-mouvement\\\/394669\\\/#breadcrumb\"},\"inLanguage\":\"fr-FR\",\"potentialAction\":[{\"@type\":\"ReadAction\",\"target\":[\"https:\\\/\\\/www.webdo.tn\\\/fr\\\/actualite\\\/national\\\/salon-mondial-du-tourisme-mettre-le-sud-tunisien-en-mouvement\\\/394669\\\/\"]}]},{\"@type\":\"ImageObject\",\"inLanguage\":\"fr-FR\",\"@id\":\"https:\\\/\\\/www.webdo.tn\\\/fr\\\/actualite\\\/national\\\/salon-mondial-du-tourisme-mettre-le-sud-tunisien-en-mouvement\\\/394669\\\/#primaryimage\",\"url\":\"https:\\\/\\\/www.webdo.tn\\\/fr\\\/wp-content\\\/uploads\\\/2026\\\/03\\\/Otentic-Art-of-Travel.jpg\",\"contentUrl\":\"https:\\\/\\\/www.webdo.tn\\\/fr\\\/wp-content\\\/uploads\\\/2026\\\/03\\\/Otentic-Art-of-Travel.jpg\",\"width\":1200,\"height\":600,\"caption\":\"Otentic Art of Travel - mettre le Sud tunisien en mouvement\"},{\"@type\":\"BreadcrumbList\",\"@id\":\"https:\\\/\\\/www.webdo.tn\\\/fr\\\/actualite\\\/national\\\/salon-mondial-du-tourisme-mettre-le-sud-tunisien-en-mouvement\\\/394669\\\/#breadcrumb\",\"itemListElement\":[{\"@type\":\"ListItem\",\"position\":1,\"name\":\"Accueil\",\"item\":\"https:\\\/\\\/www.webdo.tn\\\/fr\\\/\"},{\"@type\":\"ListItem\",\"position\":2,\"name\":\"Salon mondial du tourisme : Mettre le Sud tunisien en mouvement\"}]},{\"@type\":\"WebSite\",\"@id\":\"https:\\\/\\\/www.webdo.tn\\\/fr\\\/#website\",\"url\":\"https:\\\/\\\/www.webdo.tn\\\/fr\\\/\",\"name\":\"webdo\",\"description\":\"Tunisie - News en Tunisie et \u00e0 l&#039;international sur Webdo.tn\",\"publisher\":{\"@id\":\"https:\\\/\\\/www.webdo.tn\\\/fr\\\/#organization\"},\"potentialAction\":[{\"@type\":\"SearchAction\",\"target\":{\"@type\":\"EntryPoint\",\"urlTemplate\":\"https:\\\/\\\/www.webdo.tn\\\/fr\\\/?s={search_term_string}\"},\"query-input\":{\"@type\":\"PropertyValueSpecification\",\"valueRequired\":true,\"valueName\":\"search_term_string\"}}],\"inLanguage\":\"fr-FR\"},{\"@type\":\"Organization\",\"@id\":\"https:\\\/\\\/www.webdo.tn\\\/fr\\\/#organization\",\"name\":\"Webdo\",\"alternateName\":\"Webdo.tn\",\"url\":\"https:\\\/\\\/www.webdo.tn\\\/fr\\\/\",\"logo\":{\"@type\":\"ImageObject\",\"inLanguage\":\"fr-FR\",\"@id\":\"https:\\\/\\\/www.webdo.tn\\\/fr\\\/#\\\/schema\\\/logo\\\/image\\\/\",\"url\":\"https:\\\/\\\/www.webdo.tn\\\/fr\\\/wp-content\\\/uploads\\\/2025\\\/06\\\/Webdo-Tunisie_168377.jpg\",\"contentUrl\":\"https:\\\/\\\/www.webdo.tn\\\/fr\\\/wp-content\\\/uploads\\\/2025\\\/06\\\/Webdo-Tunisie_168377.jpg\",\"width\":301,\"height\":301,\"caption\":\"Webdo\"},\"image\":{\"@id\":\"https:\\\/\\\/www.webdo.tn\\\/fr\\\/#\\\/schema\\\/logo\\\/image\\\/\"},\"sameAs\":[\"https:\\\/\\\/www.facebook.com\\\/webdotn\",\"https:\\\/\\\/x.com\\\/webdo_tn\"],\"description\":\"Webdo est un m\u00e9dia num\u00e9rique tunisien fond\u00e9 en 2010, sp\u00e9cialis\u00e9 dans l\u2019actualit\u00e9 nationale et internationale, l\u2019\u00e9conomie, la soci\u00e9t\u00e9 et les analyses politiques. Le site s\u2019adresse \u00e0 un large public francophone et couvre l\u2019information tunisienne en temps r\u00e9el.\",\"email\":\"redac@webdo.tn\",\"legalName\":\"YNJ SARL\",\"foundingDate\":\"2010-09-06\",\"numberOfEmployees\":{\"@type\":\"QuantitativeValue\",\"minValue\":\"11\",\"maxValue\":\"50\"}},{\"@type\":\"Person\",\"@id\":\"https:\\\/\\\/www.webdo.tn\\\/fr\\\/#\\\/schema\\\/person\\\/6bc0beba2cd23aec27cb5df85ca2554f\",\"name\":\"Hatem Bourial\",\"image\":{\"@type\":\"ImageObject\",\"inLanguage\":\"fr-FR\",\"@id\":\"https:\\\/\\\/www.webdo.tn\\\/fr\\\/wp-content\\\/uploads\\\/2026\\\/04\\\/hatem-bourial_avatar-96x96.jpg\",\"url\":\"https:\\\/\\\/www.webdo.tn\\\/fr\\\/wp-content\\\/uploads\\\/2026\\\/04\\\/hatem-bourial_avatar-96x96.jpg\",\"contentUrl\":\"https:\\\/\\\/www.webdo.tn\\\/fr\\\/wp-content\\\/uploads\\\/2026\\\/04\\\/hatem-bourial_avatar-96x96.jpg\",\"caption\":\"Hatem Bourial\"},\"description\":\"Hatem Bourial est journaliste, \u00e9crivain et chroniqueur tunisien. Actif depuis plusieurs d\u00e9cennies, il s\u2019est impos\u00e9 comme un observateur attentif de la soci\u00e9t\u00e9 tunisienne, m\u00ealant dans ses \u00e9crits m\u00e9moire, culture et analyse du quotidien. Auteur de nombreux ouvrages, il d\u00e9veloppe une \u0153uvre \u00e0 la crois\u00e9e du r\u00e9cit, de la po\u00e9sie et de l\u2019observation sociologique. Parall\u00e8lement \u00e0 ses contributions dans la presse, il intervient r\u00e9guli\u00e8rement \u00e0 la radio et dans des espaces culturels, o\u00f9 il explore les enjeux li\u00e9s au patrimoine, \u00e0 l\u2019identit\u00e9 et aux transformations du monde contemporain. \u00c0 travers ses chroniques, Hatem Bourial propose une lecture sensible et approfondie de l\u2019actualit\u00e9, nourrie par une exp\u00e9rience journalistique et litt\u00e9raire reconnue. \ud83d\udd17 Facebook : https:\\\/\\\/www.facebook.com\\\/hatem.bourial.2025\",\"sameAs\":[\"https:\\\/\\\/www.facebook.com\\\/hatem.bourial.2025\",\"https:\\\/\\\/fr.wikipedia.org\\\/wiki\\\/Fichier:Hatem_Bourial.jpg\"],\"knowsAbout\":[\"Culture & patrimoine tunisien\",\"Chronique soci\u00e9tale\",\"Litt\u00e9rature & m\u00e9moire\",\"Cin\u00e9ma & critique culturelle\",\"Identit\u00e9 & mutations sociales\"],\"knowsLanguage\":[\"Arabe\",\"Fran\u00e7ais\",\"Anglais\",\"Italien\",\"Polonais\"],\"jobTitle\":\"Journaliste, \u00e9crivain et chroniqueur culturel\",\"worksFor\":\"Webdo\",\"url\":\"https:\\\/\\\/www.webdo.tn\\\/fr\\\/actualite\\\/author\\\/hatem-bourial-2\\\/\"}]}<\/script>\n<!-- \/ Yoast SEO Premium plugin. -->","yoast_head_json":{"title":"Salon mondial du tourisme : Mettre le Sud tunisien en mouvement - webdo","description":"Le Sud tunisien se d\u00e9voile au Salon mondial du tourisme : circuits dans le d\u00e9sert et d\u00e9couvertes culturelles exceptionnelles.","canonical":"https:\/\/www.webdo.tn\/fr\/actualite\/national\/salon-mondial-du-tourisme-mettre-le-sud-tunisien-en-mouvement\/394669\/","og_locale":"fr_FR","og_type":"article","og_title":"Salon mondial du tourisme : Mettre le Sud tunisien en mouvement","og_description":"Le Sud tunisien se d\u00e9voile au Salon mondial du tourisme : circuits dans le d\u00e9sert et d\u00e9couvertes culturelles exceptionnelles.","og_url":"https:\/\/www.webdo.tn\/fr\/actualite\/national\/salon-mondial-du-tourisme-mettre-le-sud-tunisien-en-mouvement\/394669\/","og_site_name":"webdo","article_publisher":"https:\/\/www.facebook.com\/webdotn","article_author":"https:\/\/www.facebook.com\/hatem.bourial.2025","article_published_time":"2026-03-15T10:32:24+00:00","article_modified_time":"2026-03-15T10:32:27+00:00","og_image":[{"width":1200,"height":600,"url":"https:\/\/www.webdo.tn\/fr\/wp-content\/uploads\/2026\/03\/Otentic-Art-of-Travel.jpg","type":"image\/jpeg"}],"author":"Hatem Bourial","twitter_card":"summary_large_image","twitter_creator":"@webdo_tn","twitter_site":"@webdo_tn","twitter_misc":{"\u00c9crit par":"Hatem Bourial","Dur\u00e9e de lecture estim\u00e9e":"2 minutes"},"schema":{"@context":"https:\/\/schema.org","@graph":[{"@type":"NewsArticle","@id":"https:\/\/www.webdo.tn\/fr\/actualite\/national\/salon-mondial-du-tourisme-mettre-le-sud-tunisien-en-mouvement\/394669\/#article","isPartOf":{"@id":"https:\/\/www.webdo.tn\/fr\/actualite\/national\/salon-mondial-du-tourisme-mettre-le-sud-tunisien-en-mouvement\/394669\/"},"author":{"name":"Hatem Bourial","@id":"https:\/\/www.webdo.tn\/fr\/#\/schema\/person\/6bc0beba2cd23aec27cb5df85ca2554f"},"headline":"Salon mondial du tourisme : Mettre le Sud tunisien en mouvement","datePublished":"2026-03-15T10:32:24+00:00","dateModified":"2026-03-15T10:32:27+00:00","mainEntityOfPage":{"@id":"https:\/\/www.webdo.tn\/fr\/actualite\/national\/salon-mondial-du-tourisme-mettre-le-sud-tunisien-en-mouvement\/394669\/"},"wordCount":335,"publisher":{"@id":"https:\/\/www.webdo.tn\/fr\/#organization"},"image":{"@id":"https:\/\/www.webdo.tn\/fr\/actualite\/national\/salon-mondial-du-tourisme-mettre-le-sud-tunisien-en-mouvement\/394669\/#primaryimage"},"thumbnailUrl":"https:\/\/www.webdo.tn\/fr\/wp-content\/uploads\/2026\/03\/Otentic-Art-of-Travel.jpg","keywords":["Otentic Art of Travel","sahara","Salon mondial du tourisme","sud tunisien"],"articleSection":["National"],"inLanguage":"fr-FR"},{"@type":"WebPage","@id":"https:\/\/www.webdo.tn\/fr\/actualite\/national\/salon-mondial-du-tourisme-mettre-le-sud-tunisien-en-mouvement\/394669\/","url":"https:\/\/www.webdo.tn\/fr\/actualite\/national\/salon-mondial-du-tourisme-mettre-le-sud-tunisien-en-mouvement\/394669\/","name":"Salon mondial du tourisme : Mettre le Sud tunisien en mouvement - webdo","isPartOf":{"@id":"https:\/\/www.webdo.tn\/fr\/#website"},"primaryImageOfPage":{"@id":"https:\/\/www.webdo.tn\/fr\/actualite\/national\/salon-mondial-du-tourisme-mettre-le-sud-tunisien-en-mouvement\/394669\/#primaryimage"},"image":{"@id":"https:\/\/www.webdo.tn\/fr\/actualite\/national\/salon-mondial-du-tourisme-mettre-le-sud-tunisien-en-mouvement\/394669\/#primaryimage"},"thumbnailUrl":"https:\/\/www.webdo.tn\/fr\/wp-content\/uploads\/2026\/03\/Otentic-Art-of-Travel.jpg","datePublished":"2026-03-15T10:32:24+00:00","dateModified":"2026-03-15T10:32:27+00:00","description":"Le Sud tunisien se d\u00e9voile au Salon mondial du tourisme : circuits dans le d\u00e9sert et d\u00e9couvertes culturelles exceptionnelles.","breadcrumb":{"@id":"https:\/\/www.webdo.tn\/fr\/actualite\/national\/salon-mondial-du-tourisme-mettre-le-sud-tunisien-en-mouvement\/394669\/#breadcrumb"},"inLanguage":"fr-FR","potentialAction":[{"@type":"ReadAction","target":["https:\/\/www.webdo.tn\/fr\/actualite\/national\/salon-mondial-du-tourisme-mettre-le-sud-tunisien-en-mouvement\/394669\/"]}]},{"@type":"ImageObject","inLanguage":"fr-FR","@id":"https:\/\/www.webdo.tn\/fr\/actualite\/national\/salon-mondial-du-tourisme-mettre-le-sud-tunisien-en-mouvement\/394669\/#primaryimage","url":"https:\/\/www.webdo.tn\/fr\/wp-content\/uploads\/2026\/03\/Otentic-Art-of-Travel.jpg","contentUrl":"https:\/\/www.webdo.tn\/fr\/wp-content\/uploads\/2026\/03\/Otentic-Art-of-Travel.jpg","width":1200,"height":600,"caption":"Otentic Art of Travel - mettre le Sud tunisien en mouvement"},{"@type":"BreadcrumbList","@id":"https:\/\/www.webdo.tn\/fr\/actualite\/national\/salon-mondial-du-tourisme-mettre-le-sud-tunisien-en-mouvement\/394669\/#breadcrumb","itemListElement":[{"@type":"ListItem","position":1,"name":"Accueil","item":"https:\/\/www.webdo.tn\/fr\/"},{"@type":"ListItem","position":2,"name":"Salon mondial du tourisme : Mettre le Sud tunisien en mouvement"}]},{"@type":"WebSite","@id":"https:\/\/www.webdo.tn\/fr\/#website","url":"https:\/\/www.webdo.tn\/fr\/","name":"webdo","description":"Tunisie - News en Tunisie et \u00e0 l&#039;international sur Webdo.tn","publisher":{"@id":"https:\/\/www.webdo.tn\/fr\/#organization"},"potentialAction":[{"@type":"SearchAction","target":{"@type":"EntryPoint","urlTemplate":"https:\/\/www.webdo.tn\/fr\/?s={search_term_string}"},"query-input":{"@type":"PropertyValueSpecification","valueRequired":true,"valueName":"search_term_string"}}],"inLanguage":"fr-FR"},{"@type":"Organization","@id":"https:\/\/www.webdo.tn\/fr\/#organization","name":"Webdo","alternateName":"Webdo.tn","url":"https:\/\/www.webdo.tn\/fr\/","logo":{"@type":"ImageObject","inLanguage":"fr-FR","@id":"https:\/\/www.webdo.tn\/fr\/#\/schema\/logo\/image\/","url":"https:\/\/www.webdo.tn\/fr\/wp-content\/uploads\/2025\/06\/Webdo-Tunisie_168377.jpg","contentUrl":"https:\/\/www.webdo.tn\/fr\/wp-content\/uploads\/2025\/06\/Webdo-Tunisie_168377.jpg","width":301,"height":301,"caption":"Webdo"},"image":{"@id":"https:\/\/www.webdo.tn\/fr\/#\/schema\/logo\/image\/"},"sameAs":["https:\/\/www.facebook.com\/webdotn","https:\/\/x.com\/webdo_tn"],"description":"Webdo est un m\u00e9dia num\u00e9rique tunisien fond\u00e9 en 2010, sp\u00e9cialis\u00e9 dans l\u2019actualit\u00e9 nationale et internationale, l\u2019\u00e9conomie, la soci\u00e9t\u00e9 et les analyses politiques. Le site s\u2019adresse \u00e0 un large public francophone et couvre l\u2019information tunisienne en temps r\u00e9el.","email":"redac@webdo.tn","legalName":"YNJ SARL","foundingDate":"2010-09-06","numberOfEmployees":{"@type":"QuantitativeValue","minValue":"11","maxValue":"50"}},{"@type":"Person","@id":"https:\/\/www.webdo.tn\/fr\/#\/schema\/person\/6bc0beba2cd23aec27cb5df85ca2554f","name":"Hatem Bourial","image":{"@type":"ImageObject","inLanguage":"fr-FR","@id":"https:\/\/www.webdo.tn\/fr\/wp-content\/uploads\/2026\/04\/hatem-bourial_avatar-96x96.jpg","url":"https:\/\/www.webdo.tn\/fr\/wp-content\/uploads\/2026\/04\/hatem-bourial_avatar-96x96.jpg","contentUrl":"https:\/\/www.webdo.tn\/fr\/wp-content\/uploads\/2026\/04\/hatem-bourial_avatar-96x96.jpg","caption":"Hatem Bourial"},"description":"Hatem Bourial est journaliste, \u00e9crivain et chroniqueur tunisien. Actif depuis plusieurs d\u00e9cennies, il s\u2019est impos\u00e9 comme un observateur attentif de la soci\u00e9t\u00e9 tunisienne, m\u00ealant dans ses \u00e9crits m\u00e9moire, culture et analyse du quotidien. Auteur de nombreux ouvrages, il d\u00e9veloppe une \u0153uvre \u00e0 la crois\u00e9e du r\u00e9cit, de la po\u00e9sie et de l\u2019observation sociologique. Parall\u00e8lement \u00e0 ses contributions dans la presse, il intervient r\u00e9guli\u00e8rement \u00e0 la radio et dans des espaces culturels, o\u00f9 il explore les enjeux li\u00e9s au patrimoine, \u00e0 l\u2019identit\u00e9 et aux transformations du monde contemporain. \u00c0 travers ses chroniques, Hatem Bourial propose une lecture sensible et approfondie de l\u2019actualit\u00e9, nourrie par une exp\u00e9rience journalistique et litt\u00e9raire reconnue. \ud83d\udd17 Facebook : https:\/\/www.facebook.com\/hatem.bourial.2025","sameAs":["https:\/\/www.facebook.com\/hatem.bourial.2025","https:\/\/fr.wikipedia.org\/wiki\/Fichier:Hatem_Bourial.jpg"],"knowsAbout":["Culture & patrimoine tunisien","Chronique soci\u00e9tale","Litt\u00e9rature & m\u00e9moire","Cin\u00e9ma & critique culturelle","Identit\u00e9 & mutations sociales"],"knowsLanguage":["Arabe","Fran\u00e7ais","Anglais","Italien","Polonais"],"jobTitle":"Journaliste, \u00e9crivain et chroniqueur culturel","worksFor":"Webdo","url":"https:\/\/www.webdo.tn\/fr\/actualite\/author\/hatem-bourial-2\/"}]}},"_links":{"self":[{"href":"https:\/\/www.webdo.tn\/fr\/wp-json\/wp\/v2\/posts\/394669","targetHints":{"allow":["GET"]}}],"collection":[{"href":"https:\/\/www.webdo.tn\/fr\/wp-json\/wp\/v2\/posts"}],"about":[{"href":"https:\/\/www.webdo.tn\/fr\/wp-json\/wp\/v2\/types\/post"}],"author":[{"embeddable":true,"href":"https:\/\/www.webdo.tn\/fr\/wp-json\/wp\/v2\/users\/3229"}],"replies":[{"embeddable":true,"href":"https:\/\/www.webdo.tn\/fr\/wp-json\/wp\/v2\/comments?post=394669"}],"version-history":[{"count":0,"href":"https:\/\/www.webdo.tn\/fr\/wp-json\/wp\/v2\/posts\/394669\/revisions"}],"wp:featuredmedia":[{"embeddable":true,"href":"https:\/\/www.webdo.tn\/fr\/wp-json\/wp\/v2\/media\/394671"}],"wp:attachment":[{"href":"https:\/\/www.webdo.tn\/fr\/wp-json\/wp\/v2\/media?parent=394669"}],"wp:term":[{"taxonomy":"category","embeddable":true,"href":"https:\/\/www.webdo.tn\/fr\/wp-json\/wp\/v2\/categories?post=394669"},{"taxonomy":"post_tag","embeddable":true,"href":"https:\/\/www.webdo.tn\/fr\/wp-json\/wp\/v2\/tags?post=394669"}],"curies":[{"name":"wp","href":"https:\/\/api.w.org\/{rel}","templated":true}]}}