{"id":394654,"date":"2026-03-15T09:32:33","date_gmt":"2026-03-15T08:32:33","guid":{"rendered":"https:\/\/www.webdo.tn\/fr\/?p=394654"},"modified":"2026-03-17T12:54:01","modified_gmt":"2026-03-17T11:54:01","slug":"le-regard-dun-tunisien-sur-le-kabuki-recompense-au-japon","status":"publish","type":"post","link":"https:\/\/www.webdo.tn\/fr\/actualite\/culture\/le-regard-dun-tunisien-sur-le-kabuki-recompense-au-japon\/394654\/","title":{"rendered":"Le regard d\u2019un Tunisien sur le kabuki r\u00e9compens\u00e9 au Japon"},"content":{"rendered":"\n<p><strong>Le directeur de la photographie tunisien Sofian El Feni a remport\u00e9 le prix de la meilleure photographie lors de la 49\u1d49 \u00e9dition des Japan Academy Film Prize, l\u2019une des distinctions les plus prestigieuses du cin\u00e9ma japonais.<\/strong><\/p>\n\n\n\n<p>Cette r\u00e9compense vient saluer son travail visuel dans le film <em>Kokuho<\/em> (\u00ab Le Ma\u00eetre du kabuki \u00bb), r\u00e9alis\u00e9 par Lee Sang-il, une \u0153uvre qui plonge dans l\u2019univers du th\u00e9\u00e2tre traditionnel japonais.<\/p>\n\n\n\n<h2 class=\"wp-block-heading\" id=\"h-une-camera-au-plus-pres-des-acteurs\">Une cam\u00e9ra au plus pr\u00e8s des acteurs<\/h2>\n\n\n\n<p>La presse japonaise a particuli\u00e8rement relev\u00e9 l\u2019approche visuelle adopt\u00e9e par Sofian El Feni. Selon plusieurs analyses, la mise en image place la cam\u00e9ra au plus pr\u00e8s des acteurs et restitue l\u2019intensit\u00e9 du jeu kabuki.<\/p>\n\n\n\n<p>D\u2019autres critiques \u00e9voquent une photographie marqu\u00e9e par des gros plans pr\u00e9cis, capturant l\u2019\u00e9motion des interpr\u00e8tes et renouvelant la mani\u00e8re de filmer cet art ancestral.<\/p>\n\n\n\n<h2 class=\"wp-block-heading\" id=\"h-une-reconnaissance-internationale\">Une reconnaissance internationale<\/h2>\n\n\n\n<p>La distinction obtenue aux Japan Academy Awards confirme la reconnaissance internationale dont b\u00e9n\u00e9ficie Sofian El Feni.<\/p>\n\n\n\n<p>Chef op\u00e9rateur reconnu, il s\u2019est illustr\u00e9 dans plusieurs productions cin\u00e9matographiques et collabore avec des r\u00e9alisateurs issus de diff\u00e9rents horizons, contribuant \u00e0 des \u0153uvres ancr\u00e9es dans des univers culturels vari\u00e9s.<\/p>\n\n\n\n<p>Cette r\u00e9compense illustre ainsi la trajectoire d\u2019un professionnel de l\u2019image dont le regard continue de s\u2019imposer sur la sc\u00e8ne cin\u00e9matographique internationale.<\/p>\n\n\n\n<blockquote class=\"wp-block-quote is-layout-flow wp-block-quote-is-layout-flow\">\n<blockquote class=\"wp-block-quote is-layout-flow wp-block-quote-is-layout-flow\">\n<p><strong>Lire aussi:<\/strong><\/p>\n\n\n\n<ul class=\"wp-block-list\">\n<li class=\"has-medium-font-size\"><a href=\"https:\/\/www.webdo.tn\/fr\/actualite\/culture\/oscars-2026-motaz-malhees-un-acteur-de-la-voix-de-hind-rajab-interdit-dassister-a-la-ceremonie\/394621\/\">Oscars 2026 \u2013 \u00ab La Voix de Hind Rajab \u00bb : L\u2019acteur palestinien Motaz Malhees priv\u00e9 de c\u00e9r\u00e9monie faute de visa<\/a><\/li>\n<\/ul>\n<\/blockquote>\n<\/blockquote>\n\n\n\n<p><\/p>\n","protected":false},"excerpt":{"rendered":"<p>Le directeur de la photographie tunisien Sofian El Feni a remport\u00e9 le prix de la meilleure photographie lors de la 49\u1d49 \u00e9dition des Japan Academy Film Prize, l\u2019une des distinctions les plus prestigieuses du cin\u00e9ma japonais. Cette r\u00e9compense vient saluer son travail visuel dans le film Kokuho (\u00ab Le Ma\u00eetre du kabuki \u00bb), r\u00e9alis\u00e9 par [&hellip;]<\/p>\n","protected":false},"author":4779,"featured_media":394656,"comment_status":"closed","ping_status":"closed","sticky":false,"template":"","format":"standard","meta":{"footnotes":""},"categories":[2594],"tags":[2626,2961,2609,13845,12504,2608],"class_list":["post-394654","post","type-post","status-publish","format-standard","has-post-thumbnail","hentry","category-culture","tag-cinema","tag-japon","tag-prix","tag-sofian-el-fani","tag-the-voice-of-hind-rajab","tag-tunisie"],"yoast_head":"<!-- This site is optimized with the Yoast SEO Premium plugin v27.5 (Yoast SEO v27.5) - https:\/\/yoast.com\/product\/yoast-seo-premium-wordpress\/ -->\n<title>Le regard d\u2019un Tunisien sur le kabuki r\u00e9compens\u00e9 au Japon - webdo<\/title>\n<meta name=\"description\" content=\"Le regard d\u2019un Tunisien sur le kabuki offre une vision unique. Sofian El Fani remporte le prix de la meilleure photographie \u00e0 Tokyo.\" \/>\n<link rel=\"canonical\" href=\"https:\/\/www.webdo.tn\/fr\/actualite\/culture\/le-regard-dun-tunisien-sur-le-kabuki-recompense-au-japon\/394654\/\" \/>\n<meta property=\"og:locale\" content=\"fr_FR\" \/>\n<meta property=\"og:type\" content=\"article\" \/>\n<meta property=\"og:title\" content=\"Le regard d\u2019un Tunisien sur le kabuki r\u00e9compens\u00e9 au Japon\" \/>\n<meta property=\"og:description\" content=\"Le regard d\u2019un Tunisien sur le kabuki offre une vision unique. Sofian El Fani remporte le prix de la meilleure photographie \u00e0 Tokyo.\" \/>\n<meta property=\"og:url\" content=\"https:\/\/www.webdo.tn\/fr\/actualite\/culture\/le-regard-dun-tunisien-sur-le-kabuki-recompense-au-japon\/394654\/\" \/>\n<meta property=\"og:site_name\" content=\"webdo\" \/>\n<meta property=\"article:publisher\" content=\"https:\/\/www.facebook.com\/webdotn\" \/>\n<meta property=\"article:published_time\" content=\"2026-03-15T08:32:33+00:00\" \/>\n<meta property=\"article:modified_time\" content=\"2026-03-17T11:54:01+00:00\" \/>\n<meta property=\"og:image\" content=\"https:\/\/www.webdo.tn\/fr\/wp-content\/uploads\/2026\/03\/Sofian-El-Fani.jpg\" \/>\n\t<meta property=\"og:image:width\" content=\"1200\" \/>\n\t<meta property=\"og:image:height\" content=\"600\" \/>\n\t<meta property=\"og:image:type\" content=\"image\/jpeg\" \/>\n<meta name=\"author\" content=\"Firas Ben Abdeltif\" \/>\n<meta name=\"twitter:card\" content=\"summary_large_image\" \/>\n<meta name=\"twitter:creator\" content=\"@webdo_tn\" \/>\n<meta name=\"twitter:site\" content=\"@webdo_tn\" \/>\n<meta name=\"twitter:label1\" content=\"\u00c9crit par\" \/>\n\t<meta name=\"twitter:data1\" content=\"Firas Ben Abdeltif\" \/>\n\t<meta name=\"twitter:label2\" content=\"Dur\u00e9e de lecture estim\u00e9e\" \/>\n\t<meta name=\"twitter:data2\" content=\"2 minutes\" \/>\n<script type=\"application\/ld+json\" class=\"yoast-schema-graph\">{\"@context\":\"https:\\\/\\\/schema.org\",\"@graph\":[{\"@type\":\"NewsArticle\",\"@id\":\"https:\\\/\\\/www.webdo.tn\\\/fr\\\/actualite\\\/culture\\\/le-regard-dun-tunisien-sur-le-kabuki-recompense-au-japon\\\/394654\\\/#article\",\"isPartOf\":{\"@id\":\"https:\\\/\\\/www.webdo.tn\\\/fr\\\/actualite\\\/culture\\\/le-regard-dun-tunisien-sur-le-kabuki-recompense-au-japon\\\/394654\\\/\"},\"author\":{\"name\":\"Firas Ben Abdeltif\",\"@id\":\"https:\\\/\\\/www.webdo.tn\\\/fr\\\/#\\\/schema\\\/person\\\/19664196c9bfdcda126f3c27709f7d11\"},\"headline\":\"Le regard d\u2019un Tunisien sur le kabuki r\u00e9compens\u00e9 au Japon\",\"datePublished\":\"2026-03-15T08:32:33+00:00\",\"dateModified\":\"2026-03-17T11:54:01+00:00\",\"mainEntityOfPage\":{\"@id\":\"https:\\\/\\\/www.webdo.tn\\\/fr\\\/actualite\\\/culture\\\/le-regard-dun-tunisien-sur-le-kabuki-recompense-au-japon\\\/394654\\\/\"},\"wordCount\":266,\"publisher\":{\"@id\":\"https:\\\/\\\/www.webdo.tn\\\/fr\\\/#organization\"},\"image\":{\"@id\":\"https:\\\/\\\/www.webdo.tn\\\/fr\\\/actualite\\\/culture\\\/le-regard-dun-tunisien-sur-le-kabuki-recompense-au-japon\\\/394654\\\/#primaryimage\"},\"thumbnailUrl\":\"https:\\\/\\\/www.webdo.tn\\\/fr\\\/wp-content\\\/uploads\\\/2026\\\/03\\\/Sofian-El-Fani.jpg\",\"keywords\":[\"Cin\u00e9ma\",\"Japon\",\"prix\",\"Sofian El Fani\",\"The Voice of Hind Rajab\",\"Tunisie\"],\"articleSection\":[\"Culture\"],\"inLanguage\":\"fr-FR\"},{\"@type\":\"WebPage\",\"@id\":\"https:\\\/\\\/www.webdo.tn\\\/fr\\\/actualite\\\/culture\\\/le-regard-dun-tunisien-sur-le-kabuki-recompense-au-japon\\\/394654\\\/\",\"url\":\"https:\\\/\\\/www.webdo.tn\\\/fr\\\/actualite\\\/culture\\\/le-regard-dun-tunisien-sur-le-kabuki-recompense-au-japon\\\/394654\\\/\",\"name\":\"Le regard d\u2019un Tunisien sur le kabuki r\u00e9compens\u00e9 au Japon - webdo\",\"isPartOf\":{\"@id\":\"https:\\\/\\\/www.webdo.tn\\\/fr\\\/#website\"},\"primaryImageOfPage\":{\"@id\":\"https:\\\/\\\/www.webdo.tn\\\/fr\\\/actualite\\\/culture\\\/le-regard-dun-tunisien-sur-le-kabuki-recompense-au-japon\\\/394654\\\/#primaryimage\"},\"image\":{\"@id\":\"https:\\\/\\\/www.webdo.tn\\\/fr\\\/actualite\\\/culture\\\/le-regard-dun-tunisien-sur-le-kabuki-recompense-au-japon\\\/394654\\\/#primaryimage\"},\"thumbnailUrl\":\"https:\\\/\\\/www.webdo.tn\\\/fr\\\/wp-content\\\/uploads\\\/2026\\\/03\\\/Sofian-El-Fani.jpg\",\"datePublished\":\"2026-03-15T08:32:33+00:00\",\"dateModified\":\"2026-03-17T11:54:01+00:00\",\"description\":\"Le regard d\u2019un Tunisien sur le kabuki offre une vision unique. Sofian El Fani remporte le prix de la meilleure photographie \u00e0 Tokyo.\",\"breadcrumb\":{\"@id\":\"https:\\\/\\\/www.webdo.tn\\\/fr\\\/actualite\\\/culture\\\/le-regard-dun-tunisien-sur-le-kabuki-recompense-au-japon\\\/394654\\\/#breadcrumb\"},\"inLanguage\":\"fr-FR\",\"potentialAction\":[{\"@type\":\"ReadAction\",\"target\":[\"https:\\\/\\\/www.webdo.tn\\\/fr\\\/actualite\\\/culture\\\/le-regard-dun-tunisien-sur-le-kabuki-recompense-au-japon\\\/394654\\\/\"]}]},{\"@type\":\"ImageObject\",\"inLanguage\":\"fr-FR\",\"@id\":\"https:\\\/\\\/www.webdo.tn\\\/fr\\\/actualite\\\/culture\\\/le-regard-dun-tunisien-sur-le-kabuki-recompense-au-japon\\\/394654\\\/#primaryimage\",\"url\":\"https:\\\/\\\/www.webdo.tn\\\/fr\\\/wp-content\\\/uploads\\\/2026\\\/03\\\/Sofian-El-Fani.jpg\",\"contentUrl\":\"https:\\\/\\\/www.webdo.tn\\\/fr\\\/wp-content\\\/uploads\\\/2026\\\/03\\\/Sofian-El-Fani.jpg\",\"width\":1200,\"height\":600,\"caption\":\"Le Tunisien Sofian El Fani prim\u00e9 aux Japan Academy Awards pour la meilleure photographie\"},{\"@type\":\"BreadcrumbList\",\"@id\":\"https:\\\/\\\/www.webdo.tn\\\/fr\\\/actualite\\\/culture\\\/le-regard-dun-tunisien-sur-le-kabuki-recompense-au-japon\\\/394654\\\/#breadcrumb\",\"itemListElement\":[{\"@type\":\"ListItem\",\"position\":1,\"name\":\"Accueil\",\"item\":\"https:\\\/\\\/www.webdo.tn\\\/fr\\\/\"},{\"@type\":\"ListItem\",\"position\":2,\"name\":\"Le regard d\u2019un Tunisien sur le kabuki r\u00e9compens\u00e9 au Japon\"}]},{\"@type\":\"WebSite\",\"@id\":\"https:\\\/\\\/www.webdo.tn\\\/fr\\\/#website\",\"url\":\"https:\\\/\\\/www.webdo.tn\\\/fr\\\/\",\"name\":\"webdo\",\"description\":\"Tunisie - News en Tunisie et \u00e0 l&#039;international sur Webdo.tn\",\"publisher\":{\"@id\":\"https:\\\/\\\/www.webdo.tn\\\/fr\\\/#organization\"},\"potentialAction\":[{\"@type\":\"SearchAction\",\"target\":{\"@type\":\"EntryPoint\",\"urlTemplate\":\"https:\\\/\\\/www.webdo.tn\\\/fr\\\/?s={search_term_string}\"},\"query-input\":{\"@type\":\"PropertyValueSpecification\",\"valueRequired\":true,\"valueName\":\"search_term_string\"}}],\"inLanguage\":\"fr-FR\"},{\"@type\":\"Organization\",\"@id\":\"https:\\\/\\\/www.webdo.tn\\\/fr\\\/#organization\",\"name\":\"Webdo\",\"alternateName\":\"Webdo.tn\",\"url\":\"https:\\\/\\\/www.webdo.tn\\\/fr\\\/\",\"logo\":{\"@type\":\"ImageObject\",\"inLanguage\":\"fr-FR\",\"@id\":\"https:\\\/\\\/www.webdo.tn\\\/fr\\\/#\\\/schema\\\/logo\\\/image\\\/\",\"url\":\"https:\\\/\\\/www.webdo.tn\\\/fr\\\/wp-content\\\/uploads\\\/2025\\\/06\\\/Webdo-Tunisie_168377.jpg\",\"contentUrl\":\"https:\\\/\\\/www.webdo.tn\\\/fr\\\/wp-content\\\/uploads\\\/2025\\\/06\\\/Webdo-Tunisie_168377.jpg\",\"width\":301,\"height\":301,\"caption\":\"Webdo\"},\"image\":{\"@id\":\"https:\\\/\\\/www.webdo.tn\\\/fr\\\/#\\\/schema\\\/logo\\\/image\\\/\"},\"sameAs\":[\"https:\\\/\\\/www.facebook.com\\\/webdotn\",\"https:\\\/\\\/x.com\\\/webdo_tn\"],\"description\":\"Webdo est un m\u00e9dia num\u00e9rique tunisien fond\u00e9 en 2010, sp\u00e9cialis\u00e9 dans l\u2019actualit\u00e9 nationale et internationale, l\u2019\u00e9conomie, la soci\u00e9t\u00e9 et les analyses politiques. Le site s\u2019adresse \u00e0 un large public francophone et couvre l\u2019information tunisienne en temps r\u00e9el.\",\"email\":\"redac@webdo.tn\",\"legalName\":\"YNJ SARL\",\"foundingDate\":\"2010-09-06\",\"numberOfEmployees\":{\"@type\":\"QuantitativeValue\",\"minValue\":\"11\",\"maxValue\":\"50\"}},{\"@type\":\"Person\",\"@id\":\"https:\\\/\\\/www.webdo.tn\\\/fr\\\/#\\\/schema\\\/person\\\/19664196c9bfdcda126f3c27709f7d11\",\"name\":\"Firas Ben Abdeltif\",\"image\":{\"@type\":\"ImageObject\",\"inLanguage\":\"fr-FR\",\"@id\":\"https:\\\/\\\/secure.gravatar.com\\\/avatar\\\/161a347d40df098a084778c52ed133dbd85f14df003867067c5948081241ec55?s=96&d=mm&r=g\",\"url\":\"https:\\\/\\\/secure.gravatar.com\\\/avatar\\\/161a347d40df098a084778c52ed133dbd85f14df003867067c5948081241ec55?s=96&d=mm&r=g\",\"contentUrl\":\"https:\\\/\\\/secure.gravatar.com\\\/avatar\\\/161a347d40df098a084778c52ed133dbd85f14df003867067c5948081241ec55?s=96&d=mm&r=g\",\"caption\":\"Firas Ben Abdeltif\"},\"url\":\"https:\\\/\\\/www.webdo.tn\\\/fr\\\/actualite\\\/author\\\/firas-ben-abdeltif\\\/\"}]}<\/script>\n<!-- \/ Yoast SEO Premium plugin. -->","yoast_head_json":{"title":"Le regard d\u2019un Tunisien sur le kabuki r\u00e9compens\u00e9 au Japon - webdo","description":"Le regard d\u2019un Tunisien sur le kabuki offre une vision unique. Sofian El Fani remporte le prix de la meilleure photographie \u00e0 Tokyo.","canonical":"https:\/\/www.webdo.tn\/fr\/actualite\/culture\/le-regard-dun-tunisien-sur-le-kabuki-recompense-au-japon\/394654\/","og_locale":"fr_FR","og_type":"article","og_title":"Le regard d\u2019un Tunisien sur le kabuki r\u00e9compens\u00e9 au Japon","og_description":"Le regard d\u2019un Tunisien sur le kabuki offre une vision unique. Sofian El Fani remporte le prix de la meilleure photographie \u00e0 Tokyo.","og_url":"https:\/\/www.webdo.tn\/fr\/actualite\/culture\/le-regard-dun-tunisien-sur-le-kabuki-recompense-au-japon\/394654\/","og_site_name":"webdo","article_publisher":"https:\/\/www.facebook.com\/webdotn","article_published_time":"2026-03-15T08:32:33+00:00","article_modified_time":"2026-03-17T11:54:01+00:00","og_image":[{"width":1200,"height":600,"url":"https:\/\/www.webdo.tn\/fr\/wp-content\/uploads\/2026\/03\/Sofian-El-Fani.jpg","type":"image\/jpeg"}],"author":"Firas Ben Abdeltif","twitter_card":"summary_large_image","twitter_creator":"@webdo_tn","twitter_site":"@webdo_tn","twitter_misc":{"\u00c9crit par":"Firas Ben Abdeltif","Dur\u00e9e de lecture estim\u00e9e":"2 minutes"},"schema":{"@context":"https:\/\/schema.org","@graph":[{"@type":"NewsArticle","@id":"https:\/\/www.webdo.tn\/fr\/actualite\/culture\/le-regard-dun-tunisien-sur-le-kabuki-recompense-au-japon\/394654\/#article","isPartOf":{"@id":"https:\/\/www.webdo.tn\/fr\/actualite\/culture\/le-regard-dun-tunisien-sur-le-kabuki-recompense-au-japon\/394654\/"},"author":{"name":"Firas Ben Abdeltif","@id":"https:\/\/www.webdo.tn\/fr\/#\/schema\/person\/19664196c9bfdcda126f3c27709f7d11"},"headline":"Le regard d\u2019un Tunisien sur le kabuki r\u00e9compens\u00e9 au Japon","datePublished":"2026-03-15T08:32:33+00:00","dateModified":"2026-03-17T11:54:01+00:00","mainEntityOfPage":{"@id":"https:\/\/www.webdo.tn\/fr\/actualite\/culture\/le-regard-dun-tunisien-sur-le-kabuki-recompense-au-japon\/394654\/"},"wordCount":266,"publisher":{"@id":"https:\/\/www.webdo.tn\/fr\/#organization"},"image":{"@id":"https:\/\/www.webdo.tn\/fr\/actualite\/culture\/le-regard-dun-tunisien-sur-le-kabuki-recompense-au-japon\/394654\/#primaryimage"},"thumbnailUrl":"https:\/\/www.webdo.tn\/fr\/wp-content\/uploads\/2026\/03\/Sofian-El-Fani.jpg","keywords":["Cin\u00e9ma","Japon","prix","Sofian El Fani","The Voice of Hind Rajab","Tunisie"],"articleSection":["Culture"],"inLanguage":"fr-FR"},{"@type":"WebPage","@id":"https:\/\/www.webdo.tn\/fr\/actualite\/culture\/le-regard-dun-tunisien-sur-le-kabuki-recompense-au-japon\/394654\/","url":"https:\/\/www.webdo.tn\/fr\/actualite\/culture\/le-regard-dun-tunisien-sur-le-kabuki-recompense-au-japon\/394654\/","name":"Le regard d\u2019un Tunisien sur le kabuki r\u00e9compens\u00e9 au Japon - webdo","isPartOf":{"@id":"https:\/\/www.webdo.tn\/fr\/#website"},"primaryImageOfPage":{"@id":"https:\/\/www.webdo.tn\/fr\/actualite\/culture\/le-regard-dun-tunisien-sur-le-kabuki-recompense-au-japon\/394654\/#primaryimage"},"image":{"@id":"https:\/\/www.webdo.tn\/fr\/actualite\/culture\/le-regard-dun-tunisien-sur-le-kabuki-recompense-au-japon\/394654\/#primaryimage"},"thumbnailUrl":"https:\/\/www.webdo.tn\/fr\/wp-content\/uploads\/2026\/03\/Sofian-El-Fani.jpg","datePublished":"2026-03-15T08:32:33+00:00","dateModified":"2026-03-17T11:54:01+00:00","description":"Le regard d\u2019un Tunisien sur le kabuki offre une vision unique. Sofian El Fani remporte le prix de la meilleure photographie \u00e0 Tokyo.","breadcrumb":{"@id":"https:\/\/www.webdo.tn\/fr\/actualite\/culture\/le-regard-dun-tunisien-sur-le-kabuki-recompense-au-japon\/394654\/#breadcrumb"},"inLanguage":"fr-FR","potentialAction":[{"@type":"ReadAction","target":["https:\/\/www.webdo.tn\/fr\/actualite\/culture\/le-regard-dun-tunisien-sur-le-kabuki-recompense-au-japon\/394654\/"]}]},{"@type":"ImageObject","inLanguage":"fr-FR","@id":"https:\/\/www.webdo.tn\/fr\/actualite\/culture\/le-regard-dun-tunisien-sur-le-kabuki-recompense-au-japon\/394654\/#primaryimage","url":"https:\/\/www.webdo.tn\/fr\/wp-content\/uploads\/2026\/03\/Sofian-El-Fani.jpg","contentUrl":"https:\/\/www.webdo.tn\/fr\/wp-content\/uploads\/2026\/03\/Sofian-El-Fani.jpg","width":1200,"height":600,"caption":"Le Tunisien Sofian El Fani prim\u00e9 aux Japan Academy Awards pour la meilleure photographie"},{"@type":"BreadcrumbList","@id":"https:\/\/www.webdo.tn\/fr\/actualite\/culture\/le-regard-dun-tunisien-sur-le-kabuki-recompense-au-japon\/394654\/#breadcrumb","itemListElement":[{"@type":"ListItem","position":1,"name":"Accueil","item":"https:\/\/www.webdo.tn\/fr\/"},{"@type":"ListItem","position":2,"name":"Le regard d\u2019un Tunisien sur le kabuki r\u00e9compens\u00e9 au Japon"}]},{"@type":"WebSite","@id":"https:\/\/www.webdo.tn\/fr\/#website","url":"https:\/\/www.webdo.tn\/fr\/","name":"webdo","description":"Tunisie - News en Tunisie et \u00e0 l&#039;international sur Webdo.tn","publisher":{"@id":"https:\/\/www.webdo.tn\/fr\/#organization"},"potentialAction":[{"@type":"SearchAction","target":{"@type":"EntryPoint","urlTemplate":"https:\/\/www.webdo.tn\/fr\/?s={search_term_string}"},"query-input":{"@type":"PropertyValueSpecification","valueRequired":true,"valueName":"search_term_string"}}],"inLanguage":"fr-FR"},{"@type":"Organization","@id":"https:\/\/www.webdo.tn\/fr\/#organization","name":"Webdo","alternateName":"Webdo.tn","url":"https:\/\/www.webdo.tn\/fr\/","logo":{"@type":"ImageObject","inLanguage":"fr-FR","@id":"https:\/\/www.webdo.tn\/fr\/#\/schema\/logo\/image\/","url":"https:\/\/www.webdo.tn\/fr\/wp-content\/uploads\/2025\/06\/Webdo-Tunisie_168377.jpg","contentUrl":"https:\/\/www.webdo.tn\/fr\/wp-content\/uploads\/2025\/06\/Webdo-Tunisie_168377.jpg","width":301,"height":301,"caption":"Webdo"},"image":{"@id":"https:\/\/www.webdo.tn\/fr\/#\/schema\/logo\/image\/"},"sameAs":["https:\/\/www.facebook.com\/webdotn","https:\/\/x.com\/webdo_tn"],"description":"Webdo est un m\u00e9dia num\u00e9rique tunisien fond\u00e9 en 2010, sp\u00e9cialis\u00e9 dans l\u2019actualit\u00e9 nationale et internationale, l\u2019\u00e9conomie, la soci\u00e9t\u00e9 et les analyses politiques. Le site s\u2019adresse \u00e0 un large public francophone et couvre l\u2019information tunisienne en temps r\u00e9el.","email":"redac@webdo.tn","legalName":"YNJ SARL","foundingDate":"2010-09-06","numberOfEmployees":{"@type":"QuantitativeValue","minValue":"11","maxValue":"50"}},{"@type":"Person","@id":"https:\/\/www.webdo.tn\/fr\/#\/schema\/person\/19664196c9bfdcda126f3c27709f7d11","name":"Firas Ben Abdeltif","image":{"@type":"ImageObject","inLanguage":"fr-FR","@id":"https:\/\/secure.gravatar.com\/avatar\/161a347d40df098a084778c52ed133dbd85f14df003867067c5948081241ec55?s=96&d=mm&r=g","url":"https:\/\/secure.gravatar.com\/avatar\/161a347d40df098a084778c52ed133dbd85f14df003867067c5948081241ec55?s=96&d=mm&r=g","contentUrl":"https:\/\/secure.gravatar.com\/avatar\/161a347d40df098a084778c52ed133dbd85f14df003867067c5948081241ec55?s=96&d=mm&r=g","caption":"Firas Ben Abdeltif"},"url":"https:\/\/www.webdo.tn\/fr\/actualite\/author\/firas-ben-abdeltif\/"}]}},"_links":{"self":[{"href":"https:\/\/www.webdo.tn\/fr\/wp-json\/wp\/v2\/posts\/394654","targetHints":{"allow":["GET"]}}],"collection":[{"href":"https:\/\/www.webdo.tn\/fr\/wp-json\/wp\/v2\/posts"}],"about":[{"href":"https:\/\/www.webdo.tn\/fr\/wp-json\/wp\/v2\/types\/post"}],"author":[{"embeddable":true,"href":"https:\/\/www.webdo.tn\/fr\/wp-json\/wp\/v2\/users\/4779"}],"replies":[{"embeddable":true,"href":"https:\/\/www.webdo.tn\/fr\/wp-json\/wp\/v2\/comments?post=394654"}],"version-history":[{"count":0,"href":"https:\/\/www.webdo.tn\/fr\/wp-json\/wp\/v2\/posts\/394654\/revisions"}],"wp:featuredmedia":[{"embeddable":true,"href":"https:\/\/www.webdo.tn\/fr\/wp-json\/wp\/v2\/media\/394656"}],"wp:attachment":[{"href":"https:\/\/www.webdo.tn\/fr\/wp-json\/wp\/v2\/media?parent=394654"}],"wp:term":[{"taxonomy":"category","embeddable":true,"href":"https:\/\/www.webdo.tn\/fr\/wp-json\/wp\/v2\/categories?post=394654"},{"taxonomy":"post_tag","embeddable":true,"href":"https:\/\/www.webdo.tn\/fr\/wp-json\/wp\/v2\/tags?post=394654"}],"curies":[{"name":"wp","href":"https:\/\/api.w.org\/{rel}","templated":true}]}}