{"id":394633,"date":"2026-03-14T17:35:47","date_gmt":"2026-03-14T16:35:47","guid":{"rendered":"https:\/\/www.webdo.tn\/fr\/?p=394633"},"modified":"2026-03-15T14:01:32","modified_gmt":"2026-03-15T13:01:32","slug":"bryan-adams-au-festival-international-de-dougga","status":"publish","type":"post","link":"https:\/\/www.webdo.tn\/fr\/actualite\/culture\/bryan-adams-au-festival-international-de-dougga\/394633\/","title":{"rendered":"Bryan Adams au festival international de Dougga"},"content":{"rendered":"\n<p><strong>Mise \u00e0 jour \u2013 15 mars 2026 :<\/strong><\/p>\n\n\n\n<p>De nouveaux \u00e9l\u00e9ments ont \u00e9t\u00e9 d\u00e9voil\u00e9s concernant ce concert \u00e9v\u00e9nement. Bryan Adams se produira le 2 mai 2026 au Th\u00e9\u00e2tre antique de Dougga, dans le cadre de sa tourn\u00e9e acoustique \u00ab Bare Bones \u00bb, connue pour ses performances intimistes et unplugged. Les billets, d\u00e9j\u00e0 mis en vente, sont propos\u00e9s \u00e0 partir de 190 dinars, un tarif comparable \u00e0 celui de nombreux spectacles internationaux. Selon plusieurs sources, un second concert pourrait \u00e9galement \u00eatre organis\u00e9 le 3 mai, m\u00eame si cette date n\u2019a pas encore \u00e9t\u00e9 officiellement confirm\u00e9e.<\/p>\n\n\n\n<p>Avant son passage en Tunisie, l\u2019artiste canadien donnera plusieurs concerts en Afrique du Sud, puis poursuivra sa tourn\u00e9e au Maroc et dans plusieurs pays europ\u00e9ens.<\/p>\n\n\n\n<p><strong>Lire aussi:<\/strong> <a href=\"https:\/\/www.webdo.tn\/fr\/actualite\/culture\/en-cinq-points-tous-les-details-sur-le-concert-de-bryan-adams-en-tunisie\/394677\/\">En cinq points, tous les d\u00e9tails sur le concert de Bryan Adams en Tunisie<\/a><br><\/p>\n\n\n\n<p>C&rsquo;est en rock star que Bryan Adams se produira en mai prochain sur la sc\u00e8ne du Festival international de Dougga.<\/p>\n\n\n\n<p>C&rsquo;est la premi\u00e8re fois que le rocker d&rsquo;origine canadienne donnera un concert en Tunisie o\u00f9 ses fans sont nombreux.<\/p>\n\n\n\n<p>Un must pour les festivals de Tunisie !<\/p>\n\n\n\n<p>Ic\u00f4ne du rock canadien, Bryan Adams s\u2019est impos\u00e9 sur la sc\u00e8ne internationale dans les ann\u00e9es 1980 avec son \u00e9nergie rock et ses ballades devenues cultes.<\/p>\n\n\n\n<p>Des titres comme Summer of \u201969, Heaven ou (Everything I Do) I Do It for You ont travers\u00e9 les d\u00e9cennies et continuent de rassembler plusieurs g\u00e9n\u00e9rations de fans.<\/p>\n\n\n\n<p>Avec plus de cinquante millions d\u2019albums vendus et une carri\u00e8re de plus de quarante ans, il reste l\u2019une des figures embl\u00e9matiques de la pop-rock mondiale.<\/p>\n\n\n\n<blockquote class=\"wp-block-quote is-layout-flow wp-block-quote-is-layout-flow\">\n<blockquote class=\"wp-block-quote is-layout-flow wp-block-quote-is-layout-flow\">\n<p><strong>Lire aussi:<\/strong><\/p>\n\n\n\n<ul class=\"wp-block-list\">\n<li class=\"has-medium-font-size\"><a href=\"https:\/\/www.webdo.tn\/fr\/actualite\/culture\/jazz-a-dougga-quand-rita-movsesian-chante-tahia-carthage\/379499\/\">&nbsp;Jazz \u00e0 Dougga : Quand Rita Movsesian chante \u00ab&nbsp;Tahia Carthage&nbsp;\u00bb<\/a><\/li>\n\n\n\n<li class=\"has-medium-font-size\"><a href=\"https:\/\/www.webdo.tn\/fr\/actualite\/culture\/tunisie-dougga-innove-pour-la-49e-edition-de-son-festival\/222287\/\">Tunisie : Dougga innove pour la 49e \u00e9dition de son festival (2025)<\/a><\/li>\n<\/ul>\n<\/blockquote>\n<\/blockquote>\n\n\n\n<figure class=\"wp-block-image size-full\"><img decoding=\"async\" width=\"600\" height=\"600\" src=\"https:\/\/www.webdo.tn\/fr\/wp-content\/uploads\/2026\/03\/bryan-adams2.jpg\" alt=\"\" class=\"wp-image-394639\" srcset=\"https:\/\/www.webdo.tn\/fr\/wp-content\/uploads\/2026\/03\/bryan-adams2.jpg 600w, https:\/\/www.webdo.tn\/fr\/wp-content\/uploads\/2026\/03\/bryan-adams2-300x300.jpg 300w, https:\/\/www.webdo.tn\/fr\/wp-content\/uploads\/2026\/03\/bryan-adams2-150x150.jpg 150w, https:\/\/www.webdo.tn\/fr\/wp-content\/uploads\/2026\/03\/bryan-adams2-75x75.jpg 75w, https:\/\/www.webdo.tn\/fr\/wp-content\/uploads\/2026\/03\/bryan-adams2-350x350.jpg 350w\" sizes=\"(max-width: 600px) 100vw, 600px\" \/><\/figure>\n","protected":false},"excerpt":{"rendered":"<p>Mise \u00e0 jour \u2013 15 mars 2026 : De nouveaux \u00e9l\u00e9ments ont \u00e9t\u00e9 d\u00e9voil\u00e9s concernant ce concert \u00e9v\u00e9nement. Bryan Adams se produira le 2 mai 2026 au Th\u00e9\u00e2tre antique de Dougga, dans le cadre de sa tourn\u00e9e acoustique \u00ab Bare Bones \u00bb, connue pour ses performances intimistes et unplugged. Les billets, d\u00e9j\u00e0 mis en vente, [&hellip;]<\/p>\n","protected":false},"author":3229,"featured_media":394635,"comment_status":"closed","ping_status":"closed","sticky":false,"template":"","format":"standard","meta":{"footnotes":""},"categories":[2594],"tags":[13844,11678,2608],"class_list":["post-394633","post","type-post","status-publish","format-standard","has-post-thumbnail","hentry","category-culture","tag-bryan-adams","tag-festival-international-de-dougga","tag-tunisie"],"yoast_head":"<!-- This site is optimized with the Yoast SEO Premium plugin v27.5 (Yoast SEO v27.5) - https:\/\/yoast.com\/product\/yoast-seo-premium-wordpress\/ -->\n<title>Bryan Adams au festival international de Dougga - webdo<\/title>\n<meta name=\"description\" content=\"Bryan Adams en concert au festival international de Dougga en mai prochain ! Un \u00e9v\u00e9nement incontournable pour les fans de musique.\" \/>\n<link rel=\"canonical\" href=\"https:\/\/www.webdo.tn\/fr\/actualite\/culture\/bryan-adams-au-festival-international-de-dougga\/394633\/\" \/>\n<meta property=\"og:locale\" content=\"fr_FR\" \/>\n<meta property=\"og:type\" content=\"article\" \/>\n<meta property=\"og:title\" content=\"Bryan Adams au festival international de Dougga\" \/>\n<meta property=\"og:description\" content=\"Bryan Adams en concert au festival international de Dougga en mai prochain ! Un \u00e9v\u00e9nement incontournable pour les fans de musique.\" \/>\n<meta property=\"og:url\" content=\"https:\/\/www.webdo.tn\/fr\/actualite\/culture\/bryan-adams-au-festival-international-de-dougga\/394633\/\" \/>\n<meta property=\"og:site_name\" content=\"webdo\" \/>\n<meta property=\"article:publisher\" content=\"https:\/\/www.facebook.com\/webdotn\" \/>\n<meta property=\"article:author\" content=\"https:\/\/www.facebook.com\/hatem.bourial.2025\" \/>\n<meta property=\"article:published_time\" content=\"2026-03-14T16:35:47+00:00\" \/>\n<meta property=\"article:modified_time\" content=\"2026-03-15T13:01:32+00:00\" \/>\n<meta property=\"og:image\" content=\"https:\/\/www.webdo.tn\/fr\/wp-content\/uploads\/2026\/03\/bryan-adams.jpg\" \/>\n\t<meta property=\"og:image:width\" content=\"1200\" \/>\n\t<meta property=\"og:image:height\" content=\"600\" \/>\n\t<meta property=\"og:image:type\" content=\"image\/jpeg\" \/>\n<meta name=\"author\" content=\"Hatem Bourial\" \/>\n<meta name=\"twitter:card\" content=\"summary_large_image\" \/>\n<meta name=\"twitter:creator\" content=\"@webdo_tn\" \/>\n<meta name=\"twitter:site\" content=\"@webdo_tn\" \/>\n<meta name=\"twitter:label1\" content=\"\u00c9crit par\" \/>\n\t<meta name=\"twitter:data1\" content=\"Hatem Bourial\" \/>\n\t<meta name=\"twitter:label2\" content=\"Dur\u00e9e de lecture estim\u00e9e\" \/>\n\t<meta name=\"twitter:data2\" content=\"2 minutes\" \/>\n<script type=\"application\/ld+json\" class=\"yoast-schema-graph\">{\"@context\":\"https:\\\/\\\/schema.org\",\"@graph\":[{\"@type\":\"NewsArticle\",\"@id\":\"https:\\\/\\\/www.webdo.tn\\\/fr\\\/actualite\\\/culture\\\/bryan-adams-au-festival-international-de-dougga\\\/394633\\\/#article\",\"isPartOf\":{\"@id\":\"https:\\\/\\\/www.webdo.tn\\\/fr\\\/actualite\\\/culture\\\/bryan-adams-au-festival-international-de-dougga\\\/394633\\\/\"},\"author\":{\"name\":\"Hatem Bourial\",\"@id\":\"https:\\\/\\\/www.webdo.tn\\\/fr\\\/#\\\/schema\\\/person\\\/6bc0beba2cd23aec27cb5df85ca2554f\"},\"headline\":\"Bryan Adams au festival international de Dougga\",\"datePublished\":\"2026-03-14T16:35:47+00:00\",\"dateModified\":\"2026-03-15T13:01:32+00:00\",\"mainEntityOfPage\":{\"@id\":\"https:\\\/\\\/www.webdo.tn\\\/fr\\\/actualite\\\/culture\\\/bryan-adams-au-festival-international-de-dougga\\\/394633\\\/\"},\"wordCount\":305,\"publisher\":{\"@id\":\"https:\\\/\\\/www.webdo.tn\\\/fr\\\/#organization\"},\"image\":{\"@id\":\"https:\\\/\\\/www.webdo.tn\\\/fr\\\/actualite\\\/culture\\\/bryan-adams-au-festival-international-de-dougga\\\/394633\\\/#primaryimage\"},\"thumbnailUrl\":\"https:\\\/\\\/www.webdo.tn\\\/fr\\\/wp-content\\\/uploads\\\/2026\\\/03\\\/bryan-adams.jpg\",\"keywords\":[\"Bryan Adams\",\"Festival international de Dougga\",\"Tunisie\"],\"articleSection\":[\"Culture\"],\"inLanguage\":\"fr-FR\"},{\"@type\":\"WebPage\",\"@id\":\"https:\\\/\\\/www.webdo.tn\\\/fr\\\/actualite\\\/culture\\\/bryan-adams-au-festival-international-de-dougga\\\/394633\\\/\",\"url\":\"https:\\\/\\\/www.webdo.tn\\\/fr\\\/actualite\\\/culture\\\/bryan-adams-au-festival-international-de-dougga\\\/394633\\\/\",\"name\":\"Bryan Adams au festival international de Dougga - webdo\",\"isPartOf\":{\"@id\":\"https:\\\/\\\/www.webdo.tn\\\/fr\\\/#website\"},\"primaryImageOfPage\":{\"@id\":\"https:\\\/\\\/www.webdo.tn\\\/fr\\\/actualite\\\/culture\\\/bryan-adams-au-festival-international-de-dougga\\\/394633\\\/#primaryimage\"},\"image\":{\"@id\":\"https:\\\/\\\/www.webdo.tn\\\/fr\\\/actualite\\\/culture\\\/bryan-adams-au-festival-international-de-dougga\\\/394633\\\/#primaryimage\"},\"thumbnailUrl\":\"https:\\\/\\\/www.webdo.tn\\\/fr\\\/wp-content\\\/uploads\\\/2026\\\/03\\\/bryan-adams.jpg\",\"datePublished\":\"2026-03-14T16:35:47+00:00\",\"dateModified\":\"2026-03-15T13:01:32+00:00\",\"description\":\"Bryan Adams en concert au festival international de Dougga en mai prochain ! Un \u00e9v\u00e9nement incontournable pour les fans de musique.\",\"breadcrumb\":{\"@id\":\"https:\\\/\\\/www.webdo.tn\\\/fr\\\/actualite\\\/culture\\\/bryan-adams-au-festival-international-de-dougga\\\/394633\\\/#breadcrumb\"},\"inLanguage\":\"fr-FR\",\"potentialAction\":[{\"@type\":\"ReadAction\",\"target\":[\"https:\\\/\\\/www.webdo.tn\\\/fr\\\/actualite\\\/culture\\\/bryan-adams-au-festival-international-de-dougga\\\/394633\\\/\"]}]},{\"@type\":\"ImageObject\",\"inLanguage\":\"fr-FR\",\"@id\":\"https:\\\/\\\/www.webdo.tn\\\/fr\\\/actualite\\\/culture\\\/bryan-adams-au-festival-international-de-dougga\\\/394633\\\/#primaryimage\",\"url\":\"https:\\\/\\\/www.webdo.tn\\\/fr\\\/wp-content\\\/uploads\\\/2026\\\/03\\\/bryan-adams.jpg\",\"contentUrl\":\"https:\\\/\\\/www.webdo.tn\\\/fr\\\/wp-content\\\/uploads\\\/2026\\\/03\\\/bryan-adams.jpg\",\"width\":1200,\"height\":600,\"caption\":\"Bryan Adams au festival international de Dougga\"},{\"@type\":\"BreadcrumbList\",\"@id\":\"https:\\\/\\\/www.webdo.tn\\\/fr\\\/actualite\\\/culture\\\/bryan-adams-au-festival-international-de-dougga\\\/394633\\\/#breadcrumb\",\"itemListElement\":[{\"@type\":\"ListItem\",\"position\":1,\"name\":\"Accueil\",\"item\":\"https:\\\/\\\/www.webdo.tn\\\/fr\\\/\"},{\"@type\":\"ListItem\",\"position\":2,\"name\":\"Bryan Adams au festival international de Dougga\"}]},{\"@type\":\"WebSite\",\"@id\":\"https:\\\/\\\/www.webdo.tn\\\/fr\\\/#website\",\"url\":\"https:\\\/\\\/www.webdo.tn\\\/fr\\\/\",\"name\":\"webdo\",\"description\":\"Tunisie - News en Tunisie et \u00e0 l&#039;international sur Webdo.tn\",\"publisher\":{\"@id\":\"https:\\\/\\\/www.webdo.tn\\\/fr\\\/#organization\"},\"potentialAction\":[{\"@type\":\"SearchAction\",\"target\":{\"@type\":\"EntryPoint\",\"urlTemplate\":\"https:\\\/\\\/www.webdo.tn\\\/fr\\\/?s={search_term_string}\"},\"query-input\":{\"@type\":\"PropertyValueSpecification\",\"valueRequired\":true,\"valueName\":\"search_term_string\"}}],\"inLanguage\":\"fr-FR\"},{\"@type\":\"Organization\",\"@id\":\"https:\\\/\\\/www.webdo.tn\\\/fr\\\/#organization\",\"name\":\"Webdo\",\"alternateName\":\"Webdo.tn\",\"url\":\"https:\\\/\\\/www.webdo.tn\\\/fr\\\/\",\"logo\":{\"@type\":\"ImageObject\",\"inLanguage\":\"fr-FR\",\"@id\":\"https:\\\/\\\/www.webdo.tn\\\/fr\\\/#\\\/schema\\\/logo\\\/image\\\/\",\"url\":\"https:\\\/\\\/www.webdo.tn\\\/fr\\\/wp-content\\\/uploads\\\/2025\\\/06\\\/Webdo-Tunisie_168377.jpg\",\"contentUrl\":\"https:\\\/\\\/www.webdo.tn\\\/fr\\\/wp-content\\\/uploads\\\/2025\\\/06\\\/Webdo-Tunisie_168377.jpg\",\"width\":301,\"height\":301,\"caption\":\"Webdo\"},\"image\":{\"@id\":\"https:\\\/\\\/www.webdo.tn\\\/fr\\\/#\\\/schema\\\/logo\\\/image\\\/\"},\"sameAs\":[\"https:\\\/\\\/www.facebook.com\\\/webdotn\",\"https:\\\/\\\/x.com\\\/webdo_tn\"],\"description\":\"Webdo est un m\u00e9dia num\u00e9rique tunisien fond\u00e9 en 2010, sp\u00e9cialis\u00e9 dans l\u2019actualit\u00e9 nationale et internationale, l\u2019\u00e9conomie, la soci\u00e9t\u00e9 et les analyses politiques. Le site s\u2019adresse \u00e0 un large public francophone et couvre l\u2019information tunisienne en temps r\u00e9el.\",\"email\":\"redac@webdo.tn\",\"legalName\":\"YNJ SARL\",\"foundingDate\":\"2010-09-06\",\"numberOfEmployees\":{\"@type\":\"QuantitativeValue\",\"minValue\":\"11\",\"maxValue\":\"50\"}},{\"@type\":\"Person\",\"@id\":\"https:\\\/\\\/www.webdo.tn\\\/fr\\\/#\\\/schema\\\/person\\\/6bc0beba2cd23aec27cb5df85ca2554f\",\"name\":\"Hatem Bourial\",\"image\":{\"@type\":\"ImageObject\",\"inLanguage\":\"fr-FR\",\"@id\":\"https:\\\/\\\/www.webdo.tn\\\/fr\\\/wp-content\\\/uploads\\\/2026\\\/04\\\/hatem-bourial_avatar-96x96.jpg\",\"url\":\"https:\\\/\\\/www.webdo.tn\\\/fr\\\/wp-content\\\/uploads\\\/2026\\\/04\\\/hatem-bourial_avatar-96x96.jpg\",\"contentUrl\":\"https:\\\/\\\/www.webdo.tn\\\/fr\\\/wp-content\\\/uploads\\\/2026\\\/04\\\/hatem-bourial_avatar-96x96.jpg\",\"caption\":\"Hatem Bourial\"},\"description\":\"Hatem Bourial est journaliste, \u00e9crivain et chroniqueur tunisien. Actif depuis plusieurs d\u00e9cennies, il s\u2019est impos\u00e9 comme un observateur attentif de la soci\u00e9t\u00e9 tunisienne, m\u00ealant dans ses \u00e9crits m\u00e9moire, culture et analyse du quotidien. Auteur de nombreux ouvrages, il d\u00e9veloppe une \u0153uvre \u00e0 la crois\u00e9e du r\u00e9cit, de la po\u00e9sie et de l\u2019observation sociologique. Parall\u00e8lement \u00e0 ses contributions dans la presse, il intervient r\u00e9guli\u00e8rement \u00e0 la radio et dans des espaces culturels, o\u00f9 il explore les enjeux li\u00e9s au patrimoine, \u00e0 l\u2019identit\u00e9 et aux transformations du monde contemporain. \u00c0 travers ses chroniques, Hatem Bourial propose une lecture sensible et approfondie de l\u2019actualit\u00e9, nourrie par une exp\u00e9rience journalistique et litt\u00e9raire reconnue. \ud83d\udd17 Facebook : https:\\\/\\\/www.facebook.com\\\/hatem.bourial.2025\",\"sameAs\":[\"https:\\\/\\\/www.facebook.com\\\/hatem.bourial.2025\",\"https:\\\/\\\/fr.wikipedia.org\\\/wiki\\\/Fichier:Hatem_Bourial.jpg\"],\"knowsAbout\":[\"Culture & patrimoine tunisien\",\"Chronique soci\u00e9tale\",\"Litt\u00e9rature & m\u00e9moire\",\"Cin\u00e9ma & critique culturelle\",\"Identit\u00e9 & mutations sociales\"],\"knowsLanguage\":[\"Arabe\",\"Fran\u00e7ais\",\"Anglais\",\"Italien\",\"Polonais\"],\"jobTitle\":\"Journaliste, \u00e9crivain et chroniqueur culturel\",\"worksFor\":\"Webdo\",\"url\":\"https:\\\/\\\/www.webdo.tn\\\/fr\\\/actualite\\\/author\\\/hatem-bourial-2\\\/\"}]}<\/script>\n<!-- \/ Yoast SEO Premium plugin. -->","yoast_head_json":{"title":"Bryan Adams au festival international de Dougga - webdo","description":"Bryan Adams en concert au festival international de Dougga en mai prochain ! Un \u00e9v\u00e9nement incontournable pour les fans de musique.","canonical":"https:\/\/www.webdo.tn\/fr\/actualite\/culture\/bryan-adams-au-festival-international-de-dougga\/394633\/","og_locale":"fr_FR","og_type":"article","og_title":"Bryan Adams au festival international de Dougga","og_description":"Bryan Adams en concert au festival international de Dougga en mai prochain ! Un \u00e9v\u00e9nement incontournable pour les fans de musique.","og_url":"https:\/\/www.webdo.tn\/fr\/actualite\/culture\/bryan-adams-au-festival-international-de-dougga\/394633\/","og_site_name":"webdo","article_publisher":"https:\/\/www.facebook.com\/webdotn","article_author":"https:\/\/www.facebook.com\/hatem.bourial.2025","article_published_time":"2026-03-14T16:35:47+00:00","article_modified_time":"2026-03-15T13:01:32+00:00","og_image":[{"width":1200,"height":600,"url":"https:\/\/www.webdo.tn\/fr\/wp-content\/uploads\/2026\/03\/bryan-adams.jpg","type":"image\/jpeg"}],"author":"Hatem Bourial","twitter_card":"summary_large_image","twitter_creator":"@webdo_tn","twitter_site":"@webdo_tn","twitter_misc":{"\u00c9crit par":"Hatem Bourial","Dur\u00e9e de lecture estim\u00e9e":"2 minutes"},"schema":{"@context":"https:\/\/schema.org","@graph":[{"@type":"NewsArticle","@id":"https:\/\/www.webdo.tn\/fr\/actualite\/culture\/bryan-adams-au-festival-international-de-dougga\/394633\/#article","isPartOf":{"@id":"https:\/\/www.webdo.tn\/fr\/actualite\/culture\/bryan-adams-au-festival-international-de-dougga\/394633\/"},"author":{"name":"Hatem Bourial","@id":"https:\/\/www.webdo.tn\/fr\/#\/schema\/person\/6bc0beba2cd23aec27cb5df85ca2554f"},"headline":"Bryan Adams au festival international de Dougga","datePublished":"2026-03-14T16:35:47+00:00","dateModified":"2026-03-15T13:01:32+00:00","mainEntityOfPage":{"@id":"https:\/\/www.webdo.tn\/fr\/actualite\/culture\/bryan-adams-au-festival-international-de-dougga\/394633\/"},"wordCount":305,"publisher":{"@id":"https:\/\/www.webdo.tn\/fr\/#organization"},"image":{"@id":"https:\/\/www.webdo.tn\/fr\/actualite\/culture\/bryan-adams-au-festival-international-de-dougga\/394633\/#primaryimage"},"thumbnailUrl":"https:\/\/www.webdo.tn\/fr\/wp-content\/uploads\/2026\/03\/bryan-adams.jpg","keywords":["Bryan Adams","Festival international de Dougga","Tunisie"],"articleSection":["Culture"],"inLanguage":"fr-FR"},{"@type":"WebPage","@id":"https:\/\/www.webdo.tn\/fr\/actualite\/culture\/bryan-adams-au-festival-international-de-dougga\/394633\/","url":"https:\/\/www.webdo.tn\/fr\/actualite\/culture\/bryan-adams-au-festival-international-de-dougga\/394633\/","name":"Bryan Adams au festival international de Dougga - webdo","isPartOf":{"@id":"https:\/\/www.webdo.tn\/fr\/#website"},"primaryImageOfPage":{"@id":"https:\/\/www.webdo.tn\/fr\/actualite\/culture\/bryan-adams-au-festival-international-de-dougga\/394633\/#primaryimage"},"image":{"@id":"https:\/\/www.webdo.tn\/fr\/actualite\/culture\/bryan-adams-au-festival-international-de-dougga\/394633\/#primaryimage"},"thumbnailUrl":"https:\/\/www.webdo.tn\/fr\/wp-content\/uploads\/2026\/03\/bryan-adams.jpg","datePublished":"2026-03-14T16:35:47+00:00","dateModified":"2026-03-15T13:01:32+00:00","description":"Bryan Adams en concert au festival international de Dougga en mai prochain ! Un \u00e9v\u00e9nement incontournable pour les fans de musique.","breadcrumb":{"@id":"https:\/\/www.webdo.tn\/fr\/actualite\/culture\/bryan-adams-au-festival-international-de-dougga\/394633\/#breadcrumb"},"inLanguage":"fr-FR","potentialAction":[{"@type":"ReadAction","target":["https:\/\/www.webdo.tn\/fr\/actualite\/culture\/bryan-adams-au-festival-international-de-dougga\/394633\/"]}]},{"@type":"ImageObject","inLanguage":"fr-FR","@id":"https:\/\/www.webdo.tn\/fr\/actualite\/culture\/bryan-adams-au-festival-international-de-dougga\/394633\/#primaryimage","url":"https:\/\/www.webdo.tn\/fr\/wp-content\/uploads\/2026\/03\/bryan-adams.jpg","contentUrl":"https:\/\/www.webdo.tn\/fr\/wp-content\/uploads\/2026\/03\/bryan-adams.jpg","width":1200,"height":600,"caption":"Bryan Adams au festival international de Dougga"},{"@type":"BreadcrumbList","@id":"https:\/\/www.webdo.tn\/fr\/actualite\/culture\/bryan-adams-au-festival-international-de-dougga\/394633\/#breadcrumb","itemListElement":[{"@type":"ListItem","position":1,"name":"Accueil","item":"https:\/\/www.webdo.tn\/fr\/"},{"@type":"ListItem","position":2,"name":"Bryan Adams au festival international de Dougga"}]},{"@type":"WebSite","@id":"https:\/\/www.webdo.tn\/fr\/#website","url":"https:\/\/www.webdo.tn\/fr\/","name":"webdo","description":"Tunisie - News en Tunisie et \u00e0 l&#039;international sur Webdo.tn","publisher":{"@id":"https:\/\/www.webdo.tn\/fr\/#organization"},"potentialAction":[{"@type":"SearchAction","target":{"@type":"EntryPoint","urlTemplate":"https:\/\/www.webdo.tn\/fr\/?s={search_term_string}"},"query-input":{"@type":"PropertyValueSpecification","valueRequired":true,"valueName":"search_term_string"}}],"inLanguage":"fr-FR"},{"@type":"Organization","@id":"https:\/\/www.webdo.tn\/fr\/#organization","name":"Webdo","alternateName":"Webdo.tn","url":"https:\/\/www.webdo.tn\/fr\/","logo":{"@type":"ImageObject","inLanguage":"fr-FR","@id":"https:\/\/www.webdo.tn\/fr\/#\/schema\/logo\/image\/","url":"https:\/\/www.webdo.tn\/fr\/wp-content\/uploads\/2025\/06\/Webdo-Tunisie_168377.jpg","contentUrl":"https:\/\/www.webdo.tn\/fr\/wp-content\/uploads\/2025\/06\/Webdo-Tunisie_168377.jpg","width":301,"height":301,"caption":"Webdo"},"image":{"@id":"https:\/\/www.webdo.tn\/fr\/#\/schema\/logo\/image\/"},"sameAs":["https:\/\/www.facebook.com\/webdotn","https:\/\/x.com\/webdo_tn"],"description":"Webdo est un m\u00e9dia num\u00e9rique tunisien fond\u00e9 en 2010, sp\u00e9cialis\u00e9 dans l\u2019actualit\u00e9 nationale et internationale, l\u2019\u00e9conomie, la soci\u00e9t\u00e9 et les analyses politiques. Le site s\u2019adresse \u00e0 un large public francophone et couvre l\u2019information tunisienne en temps r\u00e9el.","email":"redac@webdo.tn","legalName":"YNJ SARL","foundingDate":"2010-09-06","numberOfEmployees":{"@type":"QuantitativeValue","minValue":"11","maxValue":"50"}},{"@type":"Person","@id":"https:\/\/www.webdo.tn\/fr\/#\/schema\/person\/6bc0beba2cd23aec27cb5df85ca2554f","name":"Hatem Bourial","image":{"@type":"ImageObject","inLanguage":"fr-FR","@id":"https:\/\/www.webdo.tn\/fr\/wp-content\/uploads\/2026\/04\/hatem-bourial_avatar-96x96.jpg","url":"https:\/\/www.webdo.tn\/fr\/wp-content\/uploads\/2026\/04\/hatem-bourial_avatar-96x96.jpg","contentUrl":"https:\/\/www.webdo.tn\/fr\/wp-content\/uploads\/2026\/04\/hatem-bourial_avatar-96x96.jpg","caption":"Hatem Bourial"},"description":"Hatem Bourial est journaliste, \u00e9crivain et chroniqueur tunisien. Actif depuis plusieurs d\u00e9cennies, il s\u2019est impos\u00e9 comme un observateur attentif de la soci\u00e9t\u00e9 tunisienne, m\u00ealant dans ses \u00e9crits m\u00e9moire, culture et analyse du quotidien. Auteur de nombreux ouvrages, il d\u00e9veloppe une \u0153uvre \u00e0 la crois\u00e9e du r\u00e9cit, de la po\u00e9sie et de l\u2019observation sociologique. Parall\u00e8lement \u00e0 ses contributions dans la presse, il intervient r\u00e9guli\u00e8rement \u00e0 la radio et dans des espaces culturels, o\u00f9 il explore les enjeux li\u00e9s au patrimoine, \u00e0 l\u2019identit\u00e9 et aux transformations du monde contemporain. \u00c0 travers ses chroniques, Hatem Bourial propose une lecture sensible et approfondie de l\u2019actualit\u00e9, nourrie par une exp\u00e9rience journalistique et litt\u00e9raire reconnue. \ud83d\udd17 Facebook : https:\/\/www.facebook.com\/hatem.bourial.2025","sameAs":["https:\/\/www.facebook.com\/hatem.bourial.2025","https:\/\/fr.wikipedia.org\/wiki\/Fichier:Hatem_Bourial.jpg"],"knowsAbout":["Culture & patrimoine tunisien","Chronique soci\u00e9tale","Litt\u00e9rature & m\u00e9moire","Cin\u00e9ma & critique culturelle","Identit\u00e9 & mutations sociales"],"knowsLanguage":["Arabe","Fran\u00e7ais","Anglais","Italien","Polonais"],"jobTitle":"Journaliste, \u00e9crivain et chroniqueur culturel","worksFor":"Webdo","url":"https:\/\/www.webdo.tn\/fr\/actualite\/author\/hatem-bourial-2\/"}]}},"_links":{"self":[{"href":"https:\/\/www.webdo.tn\/fr\/wp-json\/wp\/v2\/posts\/394633","targetHints":{"allow":["GET"]}}],"collection":[{"href":"https:\/\/www.webdo.tn\/fr\/wp-json\/wp\/v2\/posts"}],"about":[{"href":"https:\/\/www.webdo.tn\/fr\/wp-json\/wp\/v2\/types\/post"}],"author":[{"embeddable":true,"href":"https:\/\/www.webdo.tn\/fr\/wp-json\/wp\/v2\/users\/3229"}],"replies":[{"embeddable":true,"href":"https:\/\/www.webdo.tn\/fr\/wp-json\/wp\/v2\/comments?post=394633"}],"version-history":[{"count":0,"href":"https:\/\/www.webdo.tn\/fr\/wp-json\/wp\/v2\/posts\/394633\/revisions"}],"wp:featuredmedia":[{"embeddable":true,"href":"https:\/\/www.webdo.tn\/fr\/wp-json\/wp\/v2\/media\/394635"}],"wp:attachment":[{"href":"https:\/\/www.webdo.tn\/fr\/wp-json\/wp\/v2\/media?parent=394633"}],"wp:term":[{"taxonomy":"category","embeddable":true,"href":"https:\/\/www.webdo.tn\/fr\/wp-json\/wp\/v2\/categories?post=394633"},{"taxonomy":"post_tag","embeddable":true,"href":"https:\/\/www.webdo.tn\/fr\/wp-json\/wp\/v2\/tags?post=394633"}],"curies":[{"name":"wp","href":"https:\/\/api.w.org\/{rel}","templated":true}]}}