{"id":394626,"date":"2026-03-14T16:41:48","date_gmt":"2026-03-14T15:41:48","guid":{"rendered":"https:\/\/www.webdo.tn\/fr\/?p=394626"},"modified":"2026-03-14T16:46:31","modified_gmt":"2026-03-14T15:46:31","slug":"academie-tunisienne-raja-yassine-presidente-de-beit-el-hikma","status":"publish","type":"post","link":"https:\/\/www.webdo.tn\/fr\/actualite\/national\/academie-tunisienne-raja-yassine-presidente-de-beit-el-hikma\/394626\/","title":{"rendered":"Acad\u00e9mie tunisienne : Raja Yassine, pr\u00e9sidente de Beit El Hikma"},"content":{"rendered":"\n<p><strong>L&rsquo;acad\u00e9mie tunisienne Beit el Hikma a une nouvelle pr\u00e9sidente. Raja Yassine vient en effet d&rsquo;\u00eatre \u00e9lue \u00e0 la pr\u00e9sidence de l\u2019Acad\u00e9mie tunisienne des sciences, des lettres et des arts Be\u00eft al-Hikma<\/strong><\/p>\n\n\n\n<p>Mme Raja Yassine a \u00e9t\u00e9 \u00e9lue aujourd\u2019hui avec 25 voix, devenant ainsi la premi\u00e8re femme \u00e0 occuper cette fonction depuis la cr\u00e9ation de l\u2019Acad\u00e9mie en 1983. Elle succ\u00e8de \u00e0 M. Mahmoud Ben Romdhane. Les autres candidats \u00e9taient :<\/p>\n\n\n\n<p>\u2022 Moncef Ben Abdeljelil : 22 voix<br>\u2022 Khaled Gh\u00e9dira : 17 voix<br>\u2022 Hafedh Abdelmlak : 3 voix<\/p>\n\n\n\n<p>Il s\u2019agit de la troisi\u00e8me \u00e9lection pr\u00e9sidentielle dans l\u2019histoire de l\u2019Acad\u00e9mie, apr\u00e8s que la pr\u00e9sidence ait \u00e9t\u00e9 ouverte au vote parmi les membres du conseil scientifique depuis 2015. Avant cette date, les pr\u00e9sidents \u00e9taient nomm\u00e9s par d\u00e9cret pr\u00e9sidentiel. Pour m\u00e9moire, M. Abdelmajid Charfi fut le premier pr\u00e9sident \u00e9lu en 2015, suivi de M. Mahmoud Ben Romadhane en 2020.<\/p>\n\n\n\n<p>Mme Raja Yassine est professeur de l\u2019Enseignement Sup\u00e9rieur \u00e0 la Facult\u00e9 des Lettres, des Arts et des Humanit\u00e9s de la Manouba ( D\u00e9partement des Langues, Section d\u2019Espagnol ).<\/p>\n\n\n\n<h2 class=\"wp-block-heading\" id=\"h-parcours-academique-et-scientifique\">Parcours acad\u00e9mique et scientifique<\/h2>\n\n\n\n<p>\u2022 Formation initiale en lettres et philosophie au Lyc\u00e9e Fran\u00e7ais de Tunis (1972), suivie d\u2019\u00e9tudes en anglais et espagnol \u00e0 la Facult\u00e9 des Lettres de la Manouba et \u00e0 l\u2019Universidad Aut\u00f3noma de Madrid.<br>\u2022 Th\u00e8se de doctorat sur les Morisques du Royaume de Valence (1990), avec mention Tr\u00e8s Honorable et f\u00e9licitations du jury.<br>\u2022 Habilitation \u00e0 diriger des recherches et grade de Professeur de l\u2019Enseignement Sup\u00e9rieur (2004).<br>\u2022 Chercheuse reconnue pour ses travaux sur l\u2019histoire m\u00e9diterran\u00e9enne, les Morisques et les relations culturelles hispano-tunisiennes, avec de nombreuses publications scientifiques et communications internationales.<\/p>\n\n\n\n<h2 class=\"wp-block-heading\" id=\"h-distinctions-et-titres-honorifiques\">Distinctions et titres honorifiques<\/h2>\n\n\n\n<p>\u2022 M\u00e9daille de \u00ab Lazo de Dama de la Orden del M\u00e9rito Civil \u00bb (Espagne, 1983)<br>\u2022 D\u00e9coration par le Dowling College, Universit\u00e9 de New York (2001)<br>\u2022 Membre correspondant de l\u2019Acad\u00e9mie Royale d\u2019Histoire de Madrid (depuis 2005)<br>\u2022 M\u00e9daille Nationale du M\u00e9rite du Travail (Tunisie, 2010)<\/p>\n\n\n\n<p>Mme Raja Yassine est \u00e9galement membre du Conseil scientifique de l\u2019Acad\u00e9mie Be\u00eft al-Hikma, ce qui souligne sa contribution continue au d\u00e9veloppement scientifique et culturel en Tunisie.<\/p>\n\n\n\n<blockquote class=\"wp-block-quote is-layout-flow wp-block-quote-is-layout-flow\">\n<blockquote class=\"wp-block-quote is-layout-flow wp-block-quote-is-layout-flow\">\n<p><strong>Lire aussi:<\/strong><\/p>\n\n\n\n<ul class=\"wp-block-list\">\n<li class=\"has-medium-font-size\"><a href=\"https:\/\/www.webdo.tn\/fr\/actualite\/culture\/a-beit-el-hikma-nouveaux-horizons-pour-la-publication-scientifique\/384977\/\">A Beit El Hikma : Nouveaux horizons pour la publication scientifique<\/a><\/li>\n<\/ul>\n<\/blockquote>\n<\/blockquote>\n\n\n\n<p><\/p>\n","protected":false},"excerpt":{"rendered":"<p>L&rsquo;acad\u00e9mie tunisienne Beit el Hikma a une nouvelle pr\u00e9sidente. Raja Yassine vient en effet d&rsquo;\u00eatre \u00e9lue \u00e0 la pr\u00e9sidence de l\u2019Acad\u00e9mie tunisienne des sciences, des lettres et des arts Be\u00eft al-Hikma Mme Raja Yassine a \u00e9t\u00e9 \u00e9lue aujourd\u2019hui avec 25 voix, devenant ainsi la premi\u00e8re femme \u00e0 occuper cette fonction depuis la cr\u00e9ation de l\u2019Acad\u00e9mie [&hellip;]<\/p>\n","protected":false},"author":3229,"featured_media":394628,"comment_status":"closed","ping_status":"closed","sticky":false,"template":"","format":"standard","meta":{"footnotes":""},"categories":[44],"tags":[13045,13843],"class_list":["post-394626","post","type-post","status-publish","format-standard","has-post-thumbnail","hentry","category-national","tag-beit-el-hikma-2","tag-raja-yassine"],"yoast_head":"<!-- This site is optimized with the Yoast SEO Premium plugin v27.5 (Yoast SEO v27.5) - https:\/\/yoast.com\/product\/yoast-seo-premium-wordpress\/ -->\n<title>Acad\u00e9mie tunisienne : Raja Yassine, pr\u00e9sidente de Beit El Hikma - webdo<\/title>\n<meta name=\"description\" content=\"Raja Yassine est la nouvelle pr\u00e9sidente de l&#039;Acad\u00e9mie tunisienne Beit El Hikma, une premi\u00e8re pour une femme depuis 1983.\" \/>\n<link rel=\"canonical\" href=\"https:\/\/www.webdo.tn\/fr\/actualite\/national\/academie-tunisienne-raja-yassine-presidente-de-beit-el-hikma\/394626\/\" \/>\n<meta property=\"og:locale\" content=\"fr_FR\" \/>\n<meta property=\"og:type\" content=\"article\" \/>\n<meta property=\"og:title\" content=\"Acad\u00e9mie tunisienne : Raja Yassine, pr\u00e9sidente de Beit El Hikma\" \/>\n<meta property=\"og:description\" content=\"Raja Yassine est la nouvelle pr\u00e9sidente de l&#039;Acad\u00e9mie tunisienne Beit El Hikma, une premi\u00e8re pour une femme depuis 1983.\" \/>\n<meta property=\"og:url\" content=\"https:\/\/www.webdo.tn\/fr\/actualite\/national\/academie-tunisienne-raja-yassine-presidente-de-beit-el-hikma\/394626\/\" \/>\n<meta property=\"og:site_name\" content=\"webdo\" \/>\n<meta property=\"article:publisher\" content=\"https:\/\/www.facebook.com\/webdotn\" \/>\n<meta property=\"article:author\" content=\"https:\/\/www.facebook.com\/hatem.bourial.2025\" \/>\n<meta property=\"article:published_time\" content=\"2026-03-14T15:41:48+00:00\" \/>\n<meta property=\"article:modified_time\" content=\"2026-03-14T15:46:31+00:00\" \/>\n<meta property=\"og:image\" content=\"https:\/\/www.webdo.tn\/fr\/wp-content\/uploads\/2026\/03\/Raja-Yassine.jpg\" \/>\n\t<meta property=\"og:image:width\" content=\"924\" \/>\n\t<meta property=\"og:image:height\" content=\"551\" \/>\n\t<meta property=\"og:image:type\" content=\"image\/jpeg\" \/>\n<meta name=\"author\" content=\"Hatem Bourial\" \/>\n<meta name=\"twitter:card\" content=\"summary_large_image\" \/>\n<meta name=\"twitter:creator\" content=\"@webdo_tn\" \/>\n<meta name=\"twitter:site\" content=\"@webdo_tn\" \/>\n<meta name=\"twitter:label1\" content=\"\u00c9crit par\" \/>\n\t<meta name=\"twitter:data1\" content=\"Hatem Bourial\" \/>\n\t<meta name=\"twitter:label2\" content=\"Dur\u00e9e de lecture estim\u00e9e\" \/>\n\t<meta name=\"twitter:data2\" content=\"2 minutes\" \/>\n<script type=\"application\/ld+json\" class=\"yoast-schema-graph\">{\"@context\":\"https:\\\/\\\/schema.org\",\"@graph\":[{\"@type\":\"NewsArticle\",\"@id\":\"https:\\\/\\\/www.webdo.tn\\\/fr\\\/actualite\\\/national\\\/academie-tunisienne-raja-yassine-presidente-de-beit-el-hikma\\\/394626\\\/#article\",\"isPartOf\":{\"@id\":\"https:\\\/\\\/www.webdo.tn\\\/fr\\\/actualite\\\/national\\\/academie-tunisienne-raja-yassine-presidente-de-beit-el-hikma\\\/394626\\\/\"},\"author\":{\"name\":\"Hatem Bourial\",\"@id\":\"https:\\\/\\\/www.webdo.tn\\\/fr\\\/#\\\/schema\\\/person\\\/6bc0beba2cd23aec27cb5df85ca2554f\"},\"headline\":\"Acad\u00e9mie tunisienne : Raja Yassine, pr\u00e9sidente de Beit El Hikma\",\"datePublished\":\"2026-03-14T15:41:48+00:00\",\"dateModified\":\"2026-03-14T15:46:31+00:00\",\"mainEntityOfPage\":{\"@id\":\"https:\\\/\\\/www.webdo.tn\\\/fr\\\/actualite\\\/national\\\/academie-tunisienne-raja-yassine-presidente-de-beit-el-hikma\\\/394626\\\/\"},\"wordCount\":388,\"publisher\":{\"@id\":\"https:\\\/\\\/www.webdo.tn\\\/fr\\\/#organization\"},\"image\":{\"@id\":\"https:\\\/\\\/www.webdo.tn\\\/fr\\\/actualite\\\/national\\\/academie-tunisienne-raja-yassine-presidente-de-beit-el-hikma\\\/394626\\\/#primaryimage\"},\"thumbnailUrl\":\"https:\\\/\\\/www.webdo.tn\\\/fr\\\/wp-content\\\/uploads\\\/2026\\\/03\\\/Raja-Yassine.jpg\",\"keywords\":[\"beit el hikma\",\"Raja Yassine\"],\"articleSection\":[\"National\"],\"inLanguage\":\"fr-FR\"},{\"@type\":\"WebPage\",\"@id\":\"https:\\\/\\\/www.webdo.tn\\\/fr\\\/actualite\\\/national\\\/academie-tunisienne-raja-yassine-presidente-de-beit-el-hikma\\\/394626\\\/\",\"url\":\"https:\\\/\\\/www.webdo.tn\\\/fr\\\/actualite\\\/national\\\/academie-tunisienne-raja-yassine-presidente-de-beit-el-hikma\\\/394626\\\/\",\"name\":\"Acad\u00e9mie tunisienne : Raja Yassine, pr\u00e9sidente de Beit El Hikma - webdo\",\"isPartOf\":{\"@id\":\"https:\\\/\\\/www.webdo.tn\\\/fr\\\/#website\"},\"primaryImageOfPage\":{\"@id\":\"https:\\\/\\\/www.webdo.tn\\\/fr\\\/actualite\\\/national\\\/academie-tunisienne-raja-yassine-presidente-de-beit-el-hikma\\\/394626\\\/#primaryimage\"},\"image\":{\"@id\":\"https:\\\/\\\/www.webdo.tn\\\/fr\\\/actualite\\\/national\\\/academie-tunisienne-raja-yassine-presidente-de-beit-el-hikma\\\/394626\\\/#primaryimage\"},\"thumbnailUrl\":\"https:\\\/\\\/www.webdo.tn\\\/fr\\\/wp-content\\\/uploads\\\/2026\\\/03\\\/Raja-Yassine.jpg\",\"datePublished\":\"2026-03-14T15:41:48+00:00\",\"dateModified\":\"2026-03-14T15:46:31+00:00\",\"description\":\"Raja Yassine est la nouvelle pr\u00e9sidente de l'Acad\u00e9mie tunisienne Beit El Hikma, une premi\u00e8re pour une femme depuis 1983.\",\"breadcrumb\":{\"@id\":\"https:\\\/\\\/www.webdo.tn\\\/fr\\\/actualite\\\/national\\\/academie-tunisienne-raja-yassine-presidente-de-beit-el-hikma\\\/394626\\\/#breadcrumb\"},\"inLanguage\":\"fr-FR\",\"potentialAction\":[{\"@type\":\"ReadAction\",\"target\":[\"https:\\\/\\\/www.webdo.tn\\\/fr\\\/actualite\\\/national\\\/academie-tunisienne-raja-yassine-presidente-de-beit-el-hikma\\\/394626\\\/\"]}]},{\"@type\":\"ImageObject\",\"inLanguage\":\"fr-FR\",\"@id\":\"https:\\\/\\\/www.webdo.tn\\\/fr\\\/actualite\\\/national\\\/academie-tunisienne-raja-yassine-presidente-de-beit-el-hikma\\\/394626\\\/#primaryimage\",\"url\":\"https:\\\/\\\/www.webdo.tn\\\/fr\\\/wp-content\\\/uploads\\\/2026\\\/03\\\/Raja-Yassine.jpg\",\"contentUrl\":\"https:\\\/\\\/www.webdo.tn\\\/fr\\\/wp-content\\\/uploads\\\/2026\\\/03\\\/Raja-Yassine.jpg\",\"width\":924,\"height\":551,\"caption\":\"Raja Yassine, pr\u00e9sidente de Beit El Hikma\"},{\"@type\":\"BreadcrumbList\",\"@id\":\"https:\\\/\\\/www.webdo.tn\\\/fr\\\/actualite\\\/national\\\/academie-tunisienne-raja-yassine-presidente-de-beit-el-hikma\\\/394626\\\/#breadcrumb\",\"itemListElement\":[{\"@type\":\"ListItem\",\"position\":1,\"name\":\"Accueil\",\"item\":\"https:\\\/\\\/www.webdo.tn\\\/fr\\\/\"},{\"@type\":\"ListItem\",\"position\":2,\"name\":\"Acad\u00e9mie tunisienne : Raja Yassine, pr\u00e9sidente de Beit El Hikma\"}]},{\"@type\":\"WebSite\",\"@id\":\"https:\\\/\\\/www.webdo.tn\\\/fr\\\/#website\",\"url\":\"https:\\\/\\\/www.webdo.tn\\\/fr\\\/\",\"name\":\"webdo\",\"description\":\"Tunisie - News en Tunisie et \u00e0 l&#039;international sur Webdo.tn\",\"publisher\":{\"@id\":\"https:\\\/\\\/www.webdo.tn\\\/fr\\\/#organization\"},\"potentialAction\":[{\"@type\":\"SearchAction\",\"target\":{\"@type\":\"EntryPoint\",\"urlTemplate\":\"https:\\\/\\\/www.webdo.tn\\\/fr\\\/?s={search_term_string}\"},\"query-input\":{\"@type\":\"PropertyValueSpecification\",\"valueRequired\":true,\"valueName\":\"search_term_string\"}}],\"inLanguage\":\"fr-FR\"},{\"@type\":\"Organization\",\"@id\":\"https:\\\/\\\/www.webdo.tn\\\/fr\\\/#organization\",\"name\":\"Webdo\",\"alternateName\":\"Webdo.tn\",\"url\":\"https:\\\/\\\/www.webdo.tn\\\/fr\\\/\",\"logo\":{\"@type\":\"ImageObject\",\"inLanguage\":\"fr-FR\",\"@id\":\"https:\\\/\\\/www.webdo.tn\\\/fr\\\/#\\\/schema\\\/logo\\\/image\\\/\",\"url\":\"https:\\\/\\\/www.webdo.tn\\\/fr\\\/wp-content\\\/uploads\\\/2025\\\/06\\\/Webdo-Tunisie_168377.jpg\",\"contentUrl\":\"https:\\\/\\\/www.webdo.tn\\\/fr\\\/wp-content\\\/uploads\\\/2025\\\/06\\\/Webdo-Tunisie_168377.jpg\",\"width\":301,\"height\":301,\"caption\":\"Webdo\"},\"image\":{\"@id\":\"https:\\\/\\\/www.webdo.tn\\\/fr\\\/#\\\/schema\\\/logo\\\/image\\\/\"},\"sameAs\":[\"https:\\\/\\\/www.facebook.com\\\/webdotn\",\"https:\\\/\\\/x.com\\\/webdo_tn\"],\"description\":\"Webdo est un m\u00e9dia num\u00e9rique tunisien fond\u00e9 en 2010, sp\u00e9cialis\u00e9 dans l\u2019actualit\u00e9 nationale et internationale, l\u2019\u00e9conomie, la soci\u00e9t\u00e9 et les analyses politiques. Le site s\u2019adresse \u00e0 un large public francophone et couvre l\u2019information tunisienne en temps r\u00e9el.\",\"email\":\"redac@webdo.tn\",\"legalName\":\"YNJ SARL\",\"foundingDate\":\"2010-09-06\",\"numberOfEmployees\":{\"@type\":\"QuantitativeValue\",\"minValue\":\"11\",\"maxValue\":\"50\"}},{\"@type\":\"Person\",\"@id\":\"https:\\\/\\\/www.webdo.tn\\\/fr\\\/#\\\/schema\\\/person\\\/6bc0beba2cd23aec27cb5df85ca2554f\",\"name\":\"Hatem Bourial\",\"image\":{\"@type\":\"ImageObject\",\"inLanguage\":\"fr-FR\",\"@id\":\"https:\\\/\\\/www.webdo.tn\\\/fr\\\/wp-content\\\/uploads\\\/2026\\\/04\\\/hatem-bourial_avatar-96x96.jpg\",\"url\":\"https:\\\/\\\/www.webdo.tn\\\/fr\\\/wp-content\\\/uploads\\\/2026\\\/04\\\/hatem-bourial_avatar-96x96.jpg\",\"contentUrl\":\"https:\\\/\\\/www.webdo.tn\\\/fr\\\/wp-content\\\/uploads\\\/2026\\\/04\\\/hatem-bourial_avatar-96x96.jpg\",\"caption\":\"Hatem Bourial\"},\"description\":\"Hatem Bourial est journaliste, \u00e9crivain et chroniqueur tunisien. Actif depuis plusieurs d\u00e9cennies, il s\u2019est impos\u00e9 comme un observateur attentif de la soci\u00e9t\u00e9 tunisienne, m\u00ealant dans ses \u00e9crits m\u00e9moire, culture et analyse du quotidien. Auteur de nombreux ouvrages, il d\u00e9veloppe une \u0153uvre \u00e0 la crois\u00e9e du r\u00e9cit, de la po\u00e9sie et de l\u2019observation sociologique. Parall\u00e8lement \u00e0 ses contributions dans la presse, il intervient r\u00e9guli\u00e8rement \u00e0 la radio et dans des espaces culturels, o\u00f9 il explore les enjeux li\u00e9s au patrimoine, \u00e0 l\u2019identit\u00e9 et aux transformations du monde contemporain. \u00c0 travers ses chroniques, Hatem Bourial propose une lecture sensible et approfondie de l\u2019actualit\u00e9, nourrie par une exp\u00e9rience journalistique et litt\u00e9raire reconnue. \ud83d\udd17 Facebook : https:\\\/\\\/www.facebook.com\\\/hatem.bourial.2025\",\"sameAs\":[\"https:\\\/\\\/www.facebook.com\\\/hatem.bourial.2025\",\"https:\\\/\\\/fr.wikipedia.org\\\/wiki\\\/Fichier:Hatem_Bourial.jpg\"],\"knowsAbout\":[\"Culture & patrimoine tunisien\",\"Chronique soci\u00e9tale\",\"Litt\u00e9rature & m\u00e9moire\",\"Cin\u00e9ma & critique culturelle\",\"Identit\u00e9 & mutations sociales\"],\"knowsLanguage\":[\"Arabe\",\"Fran\u00e7ais\",\"Anglais\",\"Italien\",\"Polonais\"],\"jobTitle\":\"Journaliste, \u00e9crivain et chroniqueur culturel\",\"worksFor\":\"Webdo\",\"url\":\"https:\\\/\\\/www.webdo.tn\\\/fr\\\/actualite\\\/author\\\/hatem-bourial-2\\\/\"}]}<\/script>\n<!-- \/ Yoast SEO Premium plugin. -->","yoast_head_json":{"title":"Acad\u00e9mie tunisienne : Raja Yassine, pr\u00e9sidente de Beit El Hikma - webdo","description":"Raja Yassine est la nouvelle pr\u00e9sidente de l'Acad\u00e9mie tunisienne Beit El Hikma, une premi\u00e8re pour une femme depuis 1983.","canonical":"https:\/\/www.webdo.tn\/fr\/actualite\/national\/academie-tunisienne-raja-yassine-presidente-de-beit-el-hikma\/394626\/","og_locale":"fr_FR","og_type":"article","og_title":"Acad\u00e9mie tunisienne : Raja Yassine, pr\u00e9sidente de Beit El Hikma","og_description":"Raja Yassine est la nouvelle pr\u00e9sidente de l'Acad\u00e9mie tunisienne Beit El Hikma, une premi\u00e8re pour une femme depuis 1983.","og_url":"https:\/\/www.webdo.tn\/fr\/actualite\/national\/academie-tunisienne-raja-yassine-presidente-de-beit-el-hikma\/394626\/","og_site_name":"webdo","article_publisher":"https:\/\/www.facebook.com\/webdotn","article_author":"https:\/\/www.facebook.com\/hatem.bourial.2025","article_published_time":"2026-03-14T15:41:48+00:00","article_modified_time":"2026-03-14T15:46:31+00:00","og_image":[{"width":924,"height":551,"url":"https:\/\/www.webdo.tn\/fr\/wp-content\/uploads\/2026\/03\/Raja-Yassine.jpg","type":"image\/jpeg"}],"author":"Hatem Bourial","twitter_card":"summary_large_image","twitter_creator":"@webdo_tn","twitter_site":"@webdo_tn","twitter_misc":{"\u00c9crit par":"Hatem Bourial","Dur\u00e9e de lecture estim\u00e9e":"2 minutes"},"schema":{"@context":"https:\/\/schema.org","@graph":[{"@type":"NewsArticle","@id":"https:\/\/www.webdo.tn\/fr\/actualite\/national\/academie-tunisienne-raja-yassine-presidente-de-beit-el-hikma\/394626\/#article","isPartOf":{"@id":"https:\/\/www.webdo.tn\/fr\/actualite\/national\/academie-tunisienne-raja-yassine-presidente-de-beit-el-hikma\/394626\/"},"author":{"name":"Hatem Bourial","@id":"https:\/\/www.webdo.tn\/fr\/#\/schema\/person\/6bc0beba2cd23aec27cb5df85ca2554f"},"headline":"Acad\u00e9mie tunisienne : Raja Yassine, pr\u00e9sidente de Beit El Hikma","datePublished":"2026-03-14T15:41:48+00:00","dateModified":"2026-03-14T15:46:31+00:00","mainEntityOfPage":{"@id":"https:\/\/www.webdo.tn\/fr\/actualite\/national\/academie-tunisienne-raja-yassine-presidente-de-beit-el-hikma\/394626\/"},"wordCount":388,"publisher":{"@id":"https:\/\/www.webdo.tn\/fr\/#organization"},"image":{"@id":"https:\/\/www.webdo.tn\/fr\/actualite\/national\/academie-tunisienne-raja-yassine-presidente-de-beit-el-hikma\/394626\/#primaryimage"},"thumbnailUrl":"https:\/\/www.webdo.tn\/fr\/wp-content\/uploads\/2026\/03\/Raja-Yassine.jpg","keywords":["beit el hikma","Raja Yassine"],"articleSection":["National"],"inLanguage":"fr-FR"},{"@type":"WebPage","@id":"https:\/\/www.webdo.tn\/fr\/actualite\/national\/academie-tunisienne-raja-yassine-presidente-de-beit-el-hikma\/394626\/","url":"https:\/\/www.webdo.tn\/fr\/actualite\/national\/academie-tunisienne-raja-yassine-presidente-de-beit-el-hikma\/394626\/","name":"Acad\u00e9mie tunisienne : Raja Yassine, pr\u00e9sidente de Beit El Hikma - webdo","isPartOf":{"@id":"https:\/\/www.webdo.tn\/fr\/#website"},"primaryImageOfPage":{"@id":"https:\/\/www.webdo.tn\/fr\/actualite\/national\/academie-tunisienne-raja-yassine-presidente-de-beit-el-hikma\/394626\/#primaryimage"},"image":{"@id":"https:\/\/www.webdo.tn\/fr\/actualite\/national\/academie-tunisienne-raja-yassine-presidente-de-beit-el-hikma\/394626\/#primaryimage"},"thumbnailUrl":"https:\/\/www.webdo.tn\/fr\/wp-content\/uploads\/2026\/03\/Raja-Yassine.jpg","datePublished":"2026-03-14T15:41:48+00:00","dateModified":"2026-03-14T15:46:31+00:00","description":"Raja Yassine est la nouvelle pr\u00e9sidente de l'Acad\u00e9mie tunisienne Beit El Hikma, une premi\u00e8re pour une femme depuis 1983.","breadcrumb":{"@id":"https:\/\/www.webdo.tn\/fr\/actualite\/national\/academie-tunisienne-raja-yassine-presidente-de-beit-el-hikma\/394626\/#breadcrumb"},"inLanguage":"fr-FR","potentialAction":[{"@type":"ReadAction","target":["https:\/\/www.webdo.tn\/fr\/actualite\/national\/academie-tunisienne-raja-yassine-presidente-de-beit-el-hikma\/394626\/"]}]},{"@type":"ImageObject","inLanguage":"fr-FR","@id":"https:\/\/www.webdo.tn\/fr\/actualite\/national\/academie-tunisienne-raja-yassine-presidente-de-beit-el-hikma\/394626\/#primaryimage","url":"https:\/\/www.webdo.tn\/fr\/wp-content\/uploads\/2026\/03\/Raja-Yassine.jpg","contentUrl":"https:\/\/www.webdo.tn\/fr\/wp-content\/uploads\/2026\/03\/Raja-Yassine.jpg","width":924,"height":551,"caption":"Raja Yassine, pr\u00e9sidente de Beit El Hikma"},{"@type":"BreadcrumbList","@id":"https:\/\/www.webdo.tn\/fr\/actualite\/national\/academie-tunisienne-raja-yassine-presidente-de-beit-el-hikma\/394626\/#breadcrumb","itemListElement":[{"@type":"ListItem","position":1,"name":"Accueil","item":"https:\/\/www.webdo.tn\/fr\/"},{"@type":"ListItem","position":2,"name":"Acad\u00e9mie tunisienne : Raja Yassine, pr\u00e9sidente de Beit El Hikma"}]},{"@type":"WebSite","@id":"https:\/\/www.webdo.tn\/fr\/#website","url":"https:\/\/www.webdo.tn\/fr\/","name":"webdo","description":"Tunisie - News en Tunisie et \u00e0 l&#039;international sur Webdo.tn","publisher":{"@id":"https:\/\/www.webdo.tn\/fr\/#organization"},"potentialAction":[{"@type":"SearchAction","target":{"@type":"EntryPoint","urlTemplate":"https:\/\/www.webdo.tn\/fr\/?s={search_term_string}"},"query-input":{"@type":"PropertyValueSpecification","valueRequired":true,"valueName":"search_term_string"}}],"inLanguage":"fr-FR"},{"@type":"Organization","@id":"https:\/\/www.webdo.tn\/fr\/#organization","name":"Webdo","alternateName":"Webdo.tn","url":"https:\/\/www.webdo.tn\/fr\/","logo":{"@type":"ImageObject","inLanguage":"fr-FR","@id":"https:\/\/www.webdo.tn\/fr\/#\/schema\/logo\/image\/","url":"https:\/\/www.webdo.tn\/fr\/wp-content\/uploads\/2025\/06\/Webdo-Tunisie_168377.jpg","contentUrl":"https:\/\/www.webdo.tn\/fr\/wp-content\/uploads\/2025\/06\/Webdo-Tunisie_168377.jpg","width":301,"height":301,"caption":"Webdo"},"image":{"@id":"https:\/\/www.webdo.tn\/fr\/#\/schema\/logo\/image\/"},"sameAs":["https:\/\/www.facebook.com\/webdotn","https:\/\/x.com\/webdo_tn"],"description":"Webdo est un m\u00e9dia num\u00e9rique tunisien fond\u00e9 en 2010, sp\u00e9cialis\u00e9 dans l\u2019actualit\u00e9 nationale et internationale, l\u2019\u00e9conomie, la soci\u00e9t\u00e9 et les analyses politiques. Le site s\u2019adresse \u00e0 un large public francophone et couvre l\u2019information tunisienne en temps r\u00e9el.","email":"redac@webdo.tn","legalName":"YNJ SARL","foundingDate":"2010-09-06","numberOfEmployees":{"@type":"QuantitativeValue","minValue":"11","maxValue":"50"}},{"@type":"Person","@id":"https:\/\/www.webdo.tn\/fr\/#\/schema\/person\/6bc0beba2cd23aec27cb5df85ca2554f","name":"Hatem Bourial","image":{"@type":"ImageObject","inLanguage":"fr-FR","@id":"https:\/\/www.webdo.tn\/fr\/wp-content\/uploads\/2026\/04\/hatem-bourial_avatar-96x96.jpg","url":"https:\/\/www.webdo.tn\/fr\/wp-content\/uploads\/2026\/04\/hatem-bourial_avatar-96x96.jpg","contentUrl":"https:\/\/www.webdo.tn\/fr\/wp-content\/uploads\/2026\/04\/hatem-bourial_avatar-96x96.jpg","caption":"Hatem Bourial"},"description":"Hatem Bourial est journaliste, \u00e9crivain et chroniqueur tunisien. Actif depuis plusieurs d\u00e9cennies, il s\u2019est impos\u00e9 comme un observateur attentif de la soci\u00e9t\u00e9 tunisienne, m\u00ealant dans ses \u00e9crits m\u00e9moire, culture et analyse du quotidien. Auteur de nombreux ouvrages, il d\u00e9veloppe une \u0153uvre \u00e0 la crois\u00e9e du r\u00e9cit, de la po\u00e9sie et de l\u2019observation sociologique. Parall\u00e8lement \u00e0 ses contributions dans la presse, il intervient r\u00e9guli\u00e8rement \u00e0 la radio et dans des espaces culturels, o\u00f9 il explore les enjeux li\u00e9s au patrimoine, \u00e0 l\u2019identit\u00e9 et aux transformations du monde contemporain. \u00c0 travers ses chroniques, Hatem Bourial propose une lecture sensible et approfondie de l\u2019actualit\u00e9, nourrie par une exp\u00e9rience journalistique et litt\u00e9raire reconnue. \ud83d\udd17 Facebook : https:\/\/www.facebook.com\/hatem.bourial.2025","sameAs":["https:\/\/www.facebook.com\/hatem.bourial.2025","https:\/\/fr.wikipedia.org\/wiki\/Fichier:Hatem_Bourial.jpg"],"knowsAbout":["Culture & patrimoine tunisien","Chronique soci\u00e9tale","Litt\u00e9rature & m\u00e9moire","Cin\u00e9ma & critique culturelle","Identit\u00e9 & mutations sociales"],"knowsLanguage":["Arabe","Fran\u00e7ais","Anglais","Italien","Polonais"],"jobTitle":"Journaliste, \u00e9crivain et chroniqueur culturel","worksFor":"Webdo","url":"https:\/\/www.webdo.tn\/fr\/actualite\/author\/hatem-bourial-2\/"}]}},"_links":{"self":[{"href":"https:\/\/www.webdo.tn\/fr\/wp-json\/wp\/v2\/posts\/394626","targetHints":{"allow":["GET"]}}],"collection":[{"href":"https:\/\/www.webdo.tn\/fr\/wp-json\/wp\/v2\/posts"}],"about":[{"href":"https:\/\/www.webdo.tn\/fr\/wp-json\/wp\/v2\/types\/post"}],"author":[{"embeddable":true,"href":"https:\/\/www.webdo.tn\/fr\/wp-json\/wp\/v2\/users\/3229"}],"replies":[{"embeddable":true,"href":"https:\/\/www.webdo.tn\/fr\/wp-json\/wp\/v2\/comments?post=394626"}],"version-history":[{"count":0,"href":"https:\/\/www.webdo.tn\/fr\/wp-json\/wp\/v2\/posts\/394626\/revisions"}],"wp:featuredmedia":[{"embeddable":true,"href":"https:\/\/www.webdo.tn\/fr\/wp-json\/wp\/v2\/media\/394628"}],"wp:attachment":[{"href":"https:\/\/www.webdo.tn\/fr\/wp-json\/wp\/v2\/media?parent=394626"}],"wp:term":[{"taxonomy":"category","embeddable":true,"href":"https:\/\/www.webdo.tn\/fr\/wp-json\/wp\/v2\/categories?post=394626"},{"taxonomy":"post_tag","embeddable":true,"href":"https:\/\/www.webdo.tn\/fr\/wp-json\/wp\/v2\/tags?post=394626"}],"curies":[{"name":"wp","href":"https:\/\/api.w.org\/{rel}","templated":true}]}}