{"id":394621,"date":"2026-03-14T15:56:45","date_gmt":"2026-03-14T14:56:45","guid":{"rendered":"https:\/\/www.webdo.tn\/fr\/?p=394621"},"modified":"2026-03-14T18:11:14","modified_gmt":"2026-03-14T17:11:14","slug":"oscars-2026-motaz-malhees-un-acteur-de-la-voix-de-hind-rajab-interdit-dassister-a-la-ceremonie","status":"publish","type":"post","link":"https:\/\/www.webdo.tn\/fr\/actualite\/culture\/oscars-2026-motaz-malhees-un-acteur-de-la-voix-de-hind-rajab-interdit-dassister-a-la-ceremonie\/394621\/","title":{"rendered":"Oscars 2026 \u2013 \u00ab La Voix de Hind Rajab \u00bb : L\u2019acteur palestinien Motaz Malhees priv\u00e9 de c\u00e9r\u00e9monie faute de visa"},"content":{"rendered":"\n<p><br><br>\u00c0 quelques heures de la c\u00e9r\u00e9monie des Oscars du dimanche 15 mars 2026 \u00e0 Los Angeles, une absence s\u2019est impos\u00e9e comme l\u2019un des symboles les plus troublants de cette \u00e9dition. Motaz Malhees, l\u2019un des interpr\u00e8tes de <em>La Voix de Hind Rajab<\/em>, ne pourra pas assister \u00e0 la c\u00e9r\u00e9monie alors m\u00eame que le film de Kaouther Ben Hania est nomm\u00e9 \u00e0 l\u2019Oscar du meilleur film international. L\u2019acteur palestinien a expliqu\u00e9 qu\u2019il n\u2019\u00e9tait pas autoris\u00e9 \u00e0 entrer aux \u00c9tats-Unis en raison de sa citoyennet\u00e9 palestinienne et des restrictions am\u00e9ricaines visant les documents de voyage d\u00e9livr\u00e9s ou approuv\u00e9s par l\u2019Autorit\u00e9 palestinienne.<\/p>\n\n\n\n<p>Le cas est d\u2019autant plus marquant que <em>La Voix de Hind Rajab<\/em> n\u2019est pas un film anodin dans cette saison des prix. R\u00e9alis\u00e9 par la cin\u00e9aste tunisienne Kaouther Ben Hania, le long m\u00e9trage revient sur l\u2019histoire de Hind Rajab, la petite fille palestinienne tu\u00e9e \u00e0 Gaza en janvier 2024 par des tirs isra\u00e9liens, apr\u00e8s avoir \u00e9t\u00e9 pi\u00e9g\u00e9e dans une voiture avec plusieurs membres de sa famille d\u00e9j\u00e0 tu\u00e9s autour d\u2019elle dans la m\u00eame attaque. Le film retrace aussi la mort de deux ambulanciers venus tenter de la secourir, eux aussi tu\u00e9s par des tirs isra\u00e9liens alors qu\u2019ils s\u2019approchaient du v\u00e9hicule pour porter secours \u00e0 l\u2019enfant. Le film, qui avait d\u00e9j\u00e0 boulevers\u00e9 la Mostra de Venise en septembre 2025, y a remport\u00e9 le Grand Prix du Jury, soit le Lion d\u2019argent.<\/p>\n\n\n\n<p>Dans ce contexte, l\u2019emp\u00eachement de Motaz Malhees ne rel\u00e8ve pas seulement d\u2019un contretemps administratif. Il frappe un acteur directement associ\u00e9 \u00e0 un film qui porte, pr\u00e9cis\u00e9ment, une parole palestinienne dans l\u2019un des espaces m\u00e9diatiques les plus visibles du cin\u00e9ma mondial. Selon <em>Entertainment Weekly<\/em>, Malhees a r\u00e9sum\u00e9 lui-m\u00eame la situation en une formule qui a \u00e9t\u00e9 tr\u00e8s reprise : on peut bloquer un passeport, pas une voix. Reuters pr\u00e9cise de son c\u00f4t\u00e9 qu\u2019il a dit sur Instagram que cette absence lui faisait mal, tout en affirmant que son identit\u00e9 palestinienne restait pour lui une source de dignit\u00e9 et de fiert\u00e9. La circulation rapide de cette phrase dans la presse anglophone et sur les r\u00e9seaux a transform\u00e9 son emp\u00eachement en message politique autant qu\u2019en fait d\u2019actualit\u00e9 culturelle.<\/p>\n\n\n\n<p>Ce qui rend l\u2019affaire encore plus parlante, c\u2019est qu\u2019elle repose sur un dispositif officiel clairement identifi\u00e9. La Maison-Blanche a publi\u00e9 le 16 d\u00e9cembre 2025 une proclamation renfor\u00e7ant les restrictions d\u2019entr\u00e9e sur le territoire am\u00e9ricain. Le document, ainsi que la fiche explicative publi\u00e9e le m\u00eame jour, pr\u00e9cisent que les personnes voyageant avec des documents \u00e9mis par l\u2019Autorit\u00e9 palestinienne sont d\u00e9sormais soumises \u00e0 des restrictions compl\u00e8tes d\u2019entr\u00e9e. Le d\u00e9partement d\u2019\u00c9tat am\u00e9ricain a ensuite confirm\u00e9 que cette mesure \u00e9tait entr\u00e9e en vigueur le 1er janvier 2026 \u00e0 00 h 01, avec suspension de d\u00e9livrance de visas dans la plupart des cat\u00e9gories, sous exceptions limit\u00e9es. Le cas de Motaz Malhees ne rel\u00e8ve donc pas d\u2019un incident isol\u00e9 ou opaque : il d\u00e9coule d\u2019une politique annonc\u00e9e et appliqu\u00e9e officiellement.<\/p>\n\n\n\n<p>L\u2019histoire devient encore plus douloureuse quand on la replace dans la trajectoire du film lui-m\u00eame. <em>La Voix de Hind Rajab<\/em> est pens\u00e9 par ses soutiens comme un film capable de faire entendre, au c\u0153ur du syst\u00e8me hollywoodien, l\u2019histoire d\u2019un enfant de Gaza r\u00e9duit trop souvent \u00e0 une statistique parmi d\u2019autres. La productrice Odessa Rae expliquait que les Oscars repr\u00e9sentaient, pour le film, l\u2019une des plus grandes plateformes possibles. Dans le m\u00eame esprit, des cin\u00e9astes palestiniens pr\u00e9sents \u00e0 Gaza affirmaient esp\u00e9rer que cette reconnaissance permette au moins de briser une part de l\u2019indiff\u00e9rence internationale. Autrement dit, au moment m\u00eame o\u00f9 le film atteint la sc\u00e8ne la plus expos\u00e9e de l\u2019industrie, l\u2019un de ses visages palestiniens est emp\u00each\u00e9 d\u2019y \u00eatre physiquement pr\u00e9sent.<\/p>\n\n\n\n<p>Cette contradiction prend d\u2019autant plus de relief que l\u2019histoire de Hind Rajab, son appel aux secours, l\u2019attente, puis la d\u00e9couverte du v\u00e9hicule cribl\u00e9 d\u2019impacts, ont boulevers\u00e9 bien au-del\u00e0 du seul cercle des festivals. Le film de Kaouther Ben Hania ne raconte pas une trag\u00e9die abstraite, mais un drame parfaitement identifi\u00e9, document\u00e9, situ\u00e9, dont les responsables sont nomm\u00e9s. C\u2019est aussi ce qui donne \u00e0 l\u2019absence de Motaz Malhees un poids particulier : elle ne concerne pas seulement un acteur emp\u00each\u00e9 de voyager, mais l\u2019un des visages d\u2019un film qui rappelle frontalement la violence de la guerre contre les Palestiniens et la mani\u00e8re dont des civils, y compris des enfants et des secouristes, ont \u00e9t\u00e9 tu\u00e9s.<\/p>\n\n\n\n<p>Les r\u00e9actions suscit\u00e9es par cette absence ont surtout pris la forme d\u2019une indignation diffuse mais nette. <em>Entertainment Weekly<\/em> parle d\u2019un toll\u00e9 et de pr\u00e9occupations plus larges autour de la libert\u00e9 d\u2019expression et de l\u2019acc\u00e8s des artistes aux grandes sc\u00e8nes culturelles. Reuters inscrit aussi cette affaire dans un contexte plus g\u00e9n\u00e9ral de pression exerc\u00e9e aux \u00c9tats-Unis sur des voix palestiniennes ou pro-palestiniennes. Il ne semble pas, \u00e0 ce stade, qu\u2019une r\u00e9ponse officielle de l\u2019Academy ait \u00e9t\u00e9 publi\u00e9e sur ce cas pr\u00e9cis, mais dans l\u2019espace m\u00e9diatique, l\u2019histoire a imm\u00e9diatement d\u00e9pass\u00e9 le cadre du tapis rouge pour devenir un sympt\u00f4me : celui d\u2019un moment o\u00f9 la circulation des artistes est elle aussi affect\u00e9e par le climat politique.<\/p>\n\n\n\n<p>Cette situation a d\u2019autant plus frapp\u00e9 les observateurs qu\u2019elle intervient dans une industrie qui aime se pr\u00e9senter comme l\u2019une des plus internationales du monde culturel. Hollywood c\u00e9l\u00e8bre chaque ann\u00e9e des films venus de tous les continents, et la cat\u00e9gorie du meilleur film international est pr\u00e9cis\u00e9ment pens\u00e9e comme un espace de reconnaissance mondiale. Pourtant, l\u2019histoire de Motaz Malhees montre qu\u2019entre la circulation des \u0153uvres et celle des artistes qui les incarnent, l\u2019\u00e9cart peut rester immense.<\/p>\n\n\n\n<p>Cette contradiction rappelle aussi que l\u2019histoire des Oscars est ponctu\u00e9e d\u2019\u00e9pisodes o\u00f9 les r\u00e9alit\u00e9s politiques viennent brusquement rappeler leurs droits. En 2017, le r\u00e9alisateur iranien Asghar Farhadi avait d\u00e9cid\u00e9 de ne pas se rendre \u00e0 la c\u00e9r\u00e9monie pour protester contre le d\u00e9cret migratoire de Donald Trump visant plusieurs pays majoritairement musulmans. Son film <em>Le Client<\/em> avait remport\u00e9 l\u2019Oscar du meilleur film \u00e9tranger, mais Farhadi avait choisi de boycotter la c\u00e9r\u00e9monie pour d\u00e9noncer ce qu\u2019il consid\u00e9rait comme une mesure discriminatoire. Deux ans plus tard, en 2019, l\u2019acteur mexicain Jorge Antonio Guerrero, qui incarnait Ferm\u00edn dans <em>Roma<\/em> d\u2019Alfonso Cuar\u00f3n, avait lui aussi vu sa pr\u00e9sence compromise apr\u00e8s plusieurs refus de visa. Ces pr\u00e9c\u00e9dents sont diff\u00e9rents dans leurs causes exactes, mais ils rappellent la m\u00eame r\u00e9alit\u00e9 : le prestige des Oscars ne suspend pas les logiques de fronti\u00e8re, et l\u2019universalit\u00e9 proclam\u00e9e du cin\u00e9ma se heurte r\u00e9guli\u00e8rement aux politiques migratoires.<\/p>\n\n\n\n<p>Dans le cas de Motaz Malhees, l\u2019ironie est particuli\u00e8rement forte. <em>La Voix de Hind Rajab<\/em> s\u2019est impos\u00e9 depuis Venise comme l\u2019un des films les plus comment\u00e9s de la saison, pr\u00e9cis\u00e9ment parce qu\u2019il redonne un nom, une voix et un visage \u00e0 une trag\u00e9die que beaucoup d\u2019images de guerre finissent par anonymiser. Plusieurs films palestiniens ou centr\u00e9s sur des destins palestiniens participent cette ann\u00e9e \u00e0 recentrer le regard sur des histoires humaines. Le fait qu\u2019un acteur palestinien d\u2019un film aussi visible ne puisse pas se rendre \u00e0 la c\u00e9r\u00e9monie ne constitue donc pas seulement une anecdote de saison des prix. Cela devient une extension presque brutale du sujet m\u00eame du film : qui a le droit d\u2019\u00eatre vu, entendu, d\u00e9plac\u00e9, repr\u00e9sent\u00e9, et \u00e0 quelles conditions.<\/p>\n\n\n\n<p>Au fond, cette absence forc\u00e9e dit quelque chose de plus large sur l\u2019\u00e9poque. Hollywood aime se pr\u00e9senter comme un lieu d\u2019ouverture mondiale, de c\u00e9l\u00e9bration des cin\u00e9mas venus de partout, de mise en lumi\u00e8re des r\u00e9cits oubli\u00e9s. Mais lorsqu\u2019un film palestinien arrive jusqu\u2019aux Oscars et que l\u2019un de ses acteurs se voit emp\u00each\u00e9 avant m\u00eame d\u2019avoir atteint Los Angeles, c\u2019est toute cette promesse d\u2019universalit\u00e9 qui se fissure. L\u2019histoire de Motaz Malhees rappelle alors qu\u2019un film peut traverser les fronti\u00e8res plus facilement que ceux qui lui donnent chair.<\/p>\n\n\n\n<p>Ce malaise n\u2019est pas enti\u00e8rement nouveau. Un an plus t\u00f4t, en mars 2025, une autre affaire avait d\u00e9j\u00e0 suscit\u00e9 un d\u00e9bat intense dans le monde du cin\u00e9ma international et au sein m\u00eame de l\u2019Academy of Motion Picture Arts and Sciences. Le r\u00e9alisateur palestinien Hamdan Ballal, cor\u00e9alisateur du documentaire oscaris\u00e9 <em>No Other Land<\/em>, avait \u00e9t\u00e9 violemment agress\u00e9 en Cisjordanie par des colons isra\u00e9liens avant d\u2019\u00eatre arr\u00eat\u00e9 par l\u2019arm\u00e9e isra\u00e9lienne. L\u2019incident, survenu dans le village de Susiya, avait \u00e9t\u00e9 largement rapport\u00e9 par la presse internationale et par plusieurs organisations de d\u00e9fense des droits humains. Ballal avait racont\u00e9 plus tard avoir craint pour sa vie lors de l\u2019attaque.<\/p>\n\n\n\n<p>L\u2019\u00e9v\u00e9nement avait provoqu\u00e9 une onde de choc dans le milieu du cin\u00e9ma. <em>No Other Land<\/em>, documentaire consacr\u00e9 \u00e0 la situation des Palestiniens en Cisjordanie occup\u00e9e et laur\u00e9at de l\u2019Oscar du meilleur long m\u00e9trage documentaire, circulait d\u00e9j\u00e0 dans de nombreux festivals internationaux et b\u00e9n\u00e9ficiait d\u2019une forte visibilit\u00e9 dans les circuits cin\u00e9philes et militants. Pour beaucoup de professionnels du secteur, l\u2019agression de l\u2019un de ses r\u00e9alisateurs ne pouvait pas \u00eatre trait\u00e9e comme un simple fait divers. Plusieurs cin\u00e9astes, acteurs et producteurs avaient alors appel\u00e9 l\u2019Academy \u00e0 r\u00e9agir publiquement pour condamner l\u2019attaque et exprimer son soutien au r\u00e9alisateur.<br><br>La premi\u00e8re r\u00e9action de l\u2019institution avait toutefois \u00e9t\u00e9 jug\u00e9e trop prudente. L\u2019Academy avait publi\u00e9 une d\u00e9claration condamnant la violence contre les artistes de mani\u00e8re g\u00e9n\u00e9rale, mais sans mentionner explicitement le nom de Hamdan Ballal. Cette formulation avait suscit\u00e9 un malaise chez de nombreux membres de l\u2019organisation, qui estimaient qu\u2019une institution repr\u00e9sentant la plus prestigieuse c\u00e9r\u00e9monie du cin\u00e9ma mondial ne pouvait pas rester aussi vague face \u00e0 une agression visant directement un cin\u00e9aste dont le travail circulait dans l\u2019\u00e9cosyst\u00e8me international des festivals et des r\u00e9compenses.<\/p>\n\n\n\n<p>La pol\u00e9mique avait rapidement pris de l\u2019ampleur. Plus de six cents membres de l\u2019Academy avaient sign\u00e9 une lettre ouverte d\u00e9non\u00e7ant cette r\u00e9action jug\u00e9e insuffisante et appelant l\u2019institution \u00e0 d\u00e9fendre plus clairement le r\u00e9alisateur palestinien. Sous la pression de cette mobilisation interne, l\u2019Academy avait finalement pr\u00e9sent\u00e9 des excuses et reconnu que sa premi\u00e8re d\u00e9claration n\u2019avait pas exprim\u00e9 de mani\u00e8re suffisamment explicite son soutien \u00e0 Hamdan Ballal.<\/p>\n\n\n\n<p>Le souvenir de cet \u00e9pisode \u00e9claire aujourd\u2019hui la situation de Motaz Malhees sous un jour particulier. Dans les deux cas, ce ne sont pas seulement les \u00e9v\u00e9nements eux-m\u00eames qui ont suscit\u00e9 des r\u00e9actions, mais aussi la mani\u00e8re dont l\u2019Academy a choisi \u2014 ou non \u2014 de s\u2019exprimer publiquement. En 2025, il avait fallu la mobilisation de centaines de ses membres pour pousser l\u2019institution \u00e0 nommer explicitement un r\u00e9alisateur palestinien agress\u00e9. En 2026, l\u2019impossibilit\u00e9 pour un acteur palestinien d\u2019un film nomm\u00e9 aux Oscars d\u2019assister \u00e0 la c\u00e9r\u00e9monie relance les m\u00eames interrogations sur la capacit\u00e9 de l\u2019organisation \u00e0 d\u00e9fendre publiquement les artistes qu\u2019elle c\u00e9l\u00e8bre.<\/p>\n\n\n\n<p>Le rapprochement entre les deux affaires est d\u2019autant plus frappant que, dans un cas comme dans l\u2019autre, il s\u2019agit d\u2019artistes palestiniens li\u00e9s \u00e0 des films ayant acquis une visibilit\u00e9 internationale majeure. Hamdan Ballal avait \u00e9t\u00e9 agress\u00e9 apr\u00e8s que <em>No Other Land<\/em> s\u2019\u00e9tait impos\u00e9 dans les circuits festivaliers et documentaires. Motaz Malhees, lui, se voit tenu \u00e0 l\u2019\u00e9cart au moment o\u00f9 <em>La Voix de Hind Rajab<\/em> atteint la sc\u00e8ne la plus m\u00e9diatis\u00e9e de l\u2019industrie am\u00e9ricaine. Dans les deux situations, une m\u00eame critique refait surface : l\u2019Academy c\u00e9l\u00e8bre volontiers les \u0153uvres, mais para\u00eet beaucoup plus h\u00e9sitante lorsqu\u2019il s\u2019agit de d\u00e9fendre, avec la m\u00eame nettet\u00e9, les artistes palestiniens qui les portent lorsqu\u2019ils sont confront\u00e9s \u00e0 la violence ou \u00e0 des d\u00e9cisions politiques.<\/p>\n\n\n\n<p>L\u2019affaire Motaz Malhees d\u00e9passe ainsi largement la question d\u2019un simple visa refus\u00e9. Elle s\u2019inscrit dans une s\u00e9quence plus longue o\u00f9 des artistes palestiniens, m\u00eame lorsqu\u2019ils se trouvent au c\u0153ur de la saison des Oscars, se heurtent \u00e0 des obstacles majeurs tandis que l\u2019Academy est accus\u00e9e, une nouvelle fois, de rester en retrait. L\u2019institution c\u00e9l\u00e8bre les \u0153uvres, mais lorsqu\u2019il s\u2019agit de d\u00e9fendre concr\u00e8tement ceux qui les incarnent, son silence, sa prudence ou sa r\u00e9serve deviennent eux aussi un sujet.<\/p>\n\n\n\n<p>Ainsi, au moment o\u00f9 <em>La Voix de Hind Rajab<\/em> porte jusque sur la sc\u00e8ne des Oscars le nom d\u2019une enfant palestinienne tu\u00e9e avec des membres de sa famille par des tirs isra\u00e9liens \u00e0 Gaza, l\u2019un des acteurs qui contribuent \u00e0 faire entendre cette histoire reste, lui aussi, tenu \u00e0 distance. L\u2019image est frappante : un film peut traverser les fronti\u00e8res et atteindre Hollywood, mais ceux qui lui donnent un visage et une voix ne b\u00e9n\u00e9ficient pas toujours de la m\u00eame libert\u00e9 de mouvement. Pour beaucoup d\u2019observateurs, c\u2019est peut-\u00eatre l\u00e0 que se r\u00e9v\u00e8le la v\u00e9ritable contradiction de cette affaire \u2014 et la question qu\u2019elle laisse en suspens pour l\u2019industrie du cin\u00e9ma.<\/p>\n\n\n\n<p><strong>Ne\u00efla Driss<\/strong><\/p>\n","protected":false},"excerpt":{"rendered":"<p>\u00c0 quelques heures de la c\u00e9r\u00e9monie des Oscars du dimanche 15 mars 2026 \u00e0 Los Angeles, une absence s\u2019est impos\u00e9e comme l\u2019un des symboles les plus troublants de cette \u00e9dition. Motaz Malhees, l\u2019un des interpr\u00e8tes de La Voix de Hind Rajab, ne pourra pas assister \u00e0 la c\u00e9r\u00e9monie alors m\u00eame que le film de Kaouther [&hellip;]<\/p>\n","protected":false},"author":3164,"featured_media":394632,"comment_status":"closed","ping_status":"closed","sticky":false,"template":"","format":"standard","meta":{"footnotes":""},"categories":[2594],"tags":[2655,12503,13842,12508],"class_list":["post-394621","post","type-post","status-publish","format-standard","has-post-thumbnail","hentry","category-culture","tag-film","tag-la-voix-de-hind-rajab","tag-motaz-malhees","tag-oscars-2026"],"yoast_head":"<!-- This site is optimized with the Yoast SEO Premium plugin v27.5 (Yoast SEO v27.5) - https:\/\/yoast.com\/product\/yoast-seo-premium-wordpress\/ -->\n<title>Oscars 2026 \u2013 \u00ab La Voix de Hind Rajab \u00bb : L\u2019acteur palestinien Motaz Malhees priv\u00e9 de c\u00e9r\u00e9monie faute de visa - webdo<\/title>\n<meta name=\"description\" content=\"Oscars 2026 : Motaz Malhees, acteur de La Voix de Hind Rajab, emp\u00each\u00e9 d\u2019assister \u00e0 la c\u00e9r\u00e9monie, relance le d\u00e9bat sur le silence de l\u2019Academy.\" \/>\n<link rel=\"canonical\" href=\"https:\/\/www.webdo.tn\/fr\/actualite\/culture\/oscars-2026-motaz-malhees-un-acteur-de-la-voix-de-hind-rajab-interdit-dassister-a-la-ceremonie\/394621\/\" \/>\n<meta property=\"og:locale\" content=\"fr_FR\" \/>\n<meta property=\"og:type\" content=\"article\" \/>\n<meta property=\"og:title\" content=\"Oscars 2026 \u2013 \u00ab La Voix de Hind Rajab \u00bb : L\u2019acteur palestinien Motaz Malhees priv\u00e9 de c\u00e9r\u00e9monie faute de visa\" \/>\n<meta property=\"og:description\" content=\"Oscars 2026 : Motaz Malhees, acteur de La Voix de Hind Rajab, emp\u00each\u00e9 d\u2019assister \u00e0 la c\u00e9r\u00e9monie, relance le d\u00e9bat sur le silence de l\u2019Academy.\" \/>\n<meta property=\"og:url\" content=\"https:\/\/www.webdo.tn\/fr\/actualite\/culture\/oscars-2026-motaz-malhees-un-acteur-de-la-voix-de-hind-rajab-interdit-dassister-a-la-ceremonie\/394621\/\" \/>\n<meta property=\"og:site_name\" content=\"webdo\" \/>\n<meta property=\"article:publisher\" content=\"https:\/\/www.facebook.com\/webdotn\" \/>\n<meta property=\"article:author\" content=\"https:\/\/www.facebook.com\/massir.destiniii\/\" \/>\n<meta property=\"article:published_time\" content=\"2026-03-14T14:56:45+00:00\" \/>\n<meta property=\"article:modified_time\" content=\"2026-03-14T17:11:14+00:00\" \/>\n<meta property=\"og:image\" content=\"https:\/\/www.webdo.tn\/fr\/wp-content\/uploads\/2026\/03\/Motaz-Malhees.jpg\" \/>\n\t<meta property=\"og:image:width\" content=\"1200\" \/>\n\t<meta property=\"og:image:height\" content=\"600\" \/>\n\t<meta property=\"og:image:type\" content=\"image\/jpeg\" \/>\n<meta name=\"author\" content=\"Ne\u00efla DRISS\" \/>\n<meta name=\"twitter:card\" content=\"summary_large_image\" \/>\n<meta name=\"twitter:creator\" content=\"@https:\/\/x.com\/MassirDestin\" \/>\n<meta name=\"twitter:site\" content=\"@webdo_tn\" \/>\n<meta name=\"twitter:label1\" content=\"\u00c9crit par\" \/>\n\t<meta name=\"twitter:data1\" content=\"Ne\u00efla DRISS\" \/>\n\t<meta name=\"twitter:label2\" content=\"Dur\u00e9e de lecture estim\u00e9e\" \/>\n\t<meta name=\"twitter:data2\" content=\"11 minutes\" \/>\n<script type=\"application\/ld+json\" class=\"yoast-schema-graph\">{\"@context\":\"https:\\\/\\\/schema.org\",\"@graph\":[{\"@type\":\"NewsArticle\",\"@id\":\"https:\\\/\\\/www.webdo.tn\\\/fr\\\/actualite\\\/culture\\\/oscars-2026-motaz-malhees-un-acteur-de-la-voix-de-hind-rajab-interdit-dassister-a-la-ceremonie\\\/394621\\\/#article\",\"isPartOf\":{\"@id\":\"https:\\\/\\\/www.webdo.tn\\\/fr\\\/actualite\\\/culture\\\/oscars-2026-motaz-malhees-un-acteur-de-la-voix-de-hind-rajab-interdit-dassister-a-la-ceremonie\\\/394621\\\/\"},\"author\":{\"name\":\"Ne\u00efla DRISS\",\"@id\":\"https:\\\/\\\/www.webdo.tn\\\/fr\\\/#\\\/schema\\\/person\\\/60d5ba619ed3f58783b0dc82b7dada80\"},\"headline\":\"Oscars 2026 \u2013 \u00ab La Voix de Hind Rajab \u00bb : L\u2019acteur palestinien Motaz Malhees priv\u00e9 de c\u00e9r\u00e9monie faute de visa\",\"datePublished\":\"2026-03-14T14:56:45+00:00\",\"dateModified\":\"2026-03-14T17:11:14+00:00\",\"mainEntityOfPage\":{\"@id\":\"https:\\\/\\\/www.webdo.tn\\\/fr\\\/actualite\\\/culture\\\/oscars-2026-motaz-malhees-un-acteur-de-la-voix-de-hind-rajab-interdit-dassister-a-la-ceremonie\\\/394621\\\/\"},\"wordCount\":2375,\"publisher\":{\"@id\":\"https:\\\/\\\/www.webdo.tn\\\/fr\\\/#organization\"},\"image\":{\"@id\":\"https:\\\/\\\/www.webdo.tn\\\/fr\\\/actualite\\\/culture\\\/oscars-2026-motaz-malhees-un-acteur-de-la-voix-de-hind-rajab-interdit-dassister-a-la-ceremonie\\\/394621\\\/#primaryimage\"},\"thumbnailUrl\":\"https:\\\/\\\/www.webdo.tn\\\/fr\\\/wp-content\\\/uploads\\\/2026\\\/03\\\/Motaz-Malhees.jpg\",\"keywords\":[\"Film\",\"La voix de Hind Rajab\",\"Motaz Malhees\",\"Oscars 2026\"],\"articleSection\":[\"Culture\"],\"inLanguage\":\"fr-FR\"},{\"@type\":\"WebPage\",\"@id\":\"https:\\\/\\\/www.webdo.tn\\\/fr\\\/actualite\\\/culture\\\/oscars-2026-motaz-malhees-un-acteur-de-la-voix-de-hind-rajab-interdit-dassister-a-la-ceremonie\\\/394621\\\/\",\"url\":\"https:\\\/\\\/www.webdo.tn\\\/fr\\\/actualite\\\/culture\\\/oscars-2026-motaz-malhees-un-acteur-de-la-voix-de-hind-rajab-interdit-dassister-a-la-ceremonie\\\/394621\\\/\",\"name\":\"Oscars 2026 \u2013 \u00ab La Voix de Hind Rajab \u00bb : L\u2019acteur palestinien Motaz Malhees priv\u00e9 de c\u00e9r\u00e9monie faute de visa - webdo\",\"isPartOf\":{\"@id\":\"https:\\\/\\\/www.webdo.tn\\\/fr\\\/#website\"},\"primaryImageOfPage\":{\"@id\":\"https:\\\/\\\/www.webdo.tn\\\/fr\\\/actualite\\\/culture\\\/oscars-2026-motaz-malhees-un-acteur-de-la-voix-de-hind-rajab-interdit-dassister-a-la-ceremonie\\\/394621\\\/#primaryimage\"},\"image\":{\"@id\":\"https:\\\/\\\/www.webdo.tn\\\/fr\\\/actualite\\\/culture\\\/oscars-2026-motaz-malhees-un-acteur-de-la-voix-de-hind-rajab-interdit-dassister-a-la-ceremonie\\\/394621\\\/#primaryimage\"},\"thumbnailUrl\":\"https:\\\/\\\/www.webdo.tn\\\/fr\\\/wp-content\\\/uploads\\\/2026\\\/03\\\/Motaz-Malhees.jpg\",\"datePublished\":\"2026-03-14T14:56:45+00:00\",\"dateModified\":\"2026-03-14T17:11:14+00:00\",\"description\":\"Oscars 2026 : Motaz Malhees, acteur de La Voix de Hind Rajab, emp\u00each\u00e9 d\u2019assister \u00e0 la c\u00e9r\u00e9monie, relance le d\u00e9bat sur le silence de l\u2019Academy.\",\"breadcrumb\":{\"@id\":\"https:\\\/\\\/www.webdo.tn\\\/fr\\\/actualite\\\/culture\\\/oscars-2026-motaz-malhees-un-acteur-de-la-voix-de-hind-rajab-interdit-dassister-a-la-ceremonie\\\/394621\\\/#breadcrumb\"},\"inLanguage\":\"fr-FR\",\"potentialAction\":[{\"@type\":\"ReadAction\",\"target\":[\"https:\\\/\\\/www.webdo.tn\\\/fr\\\/actualite\\\/culture\\\/oscars-2026-motaz-malhees-un-acteur-de-la-voix-de-hind-rajab-interdit-dassister-a-la-ceremonie\\\/394621\\\/\"]}]},{\"@type\":\"ImageObject\",\"inLanguage\":\"fr-FR\",\"@id\":\"https:\\\/\\\/www.webdo.tn\\\/fr\\\/actualite\\\/culture\\\/oscars-2026-motaz-malhees-un-acteur-de-la-voix-de-hind-rajab-interdit-dassister-a-la-ceremonie\\\/394621\\\/#primaryimage\",\"url\":\"https:\\\/\\\/www.webdo.tn\\\/fr\\\/wp-content\\\/uploads\\\/2026\\\/03\\\/Motaz-Malhees.jpg\",\"contentUrl\":\"https:\\\/\\\/www.webdo.tn\\\/fr\\\/wp-content\\\/uploads\\\/2026\\\/03\\\/Motaz-Malhees.jpg\",\"width\":1200,\"height\":600,\"caption\":\"Motaz Malhees interdit d\u2019assister \u00e0 la c\u00e9r\u00e9monie\"},{\"@type\":\"BreadcrumbList\",\"@id\":\"https:\\\/\\\/www.webdo.tn\\\/fr\\\/actualite\\\/culture\\\/oscars-2026-motaz-malhees-un-acteur-de-la-voix-de-hind-rajab-interdit-dassister-a-la-ceremonie\\\/394621\\\/#breadcrumb\",\"itemListElement\":[{\"@type\":\"ListItem\",\"position\":1,\"name\":\"Accueil\",\"item\":\"https:\\\/\\\/www.webdo.tn\\\/fr\\\/\"},{\"@type\":\"ListItem\",\"position\":2,\"name\":\"Oscars 2026 \u2013 \u00ab La Voix de Hind Rajab \u00bb : L\u2019acteur palestinien Motaz Malhees priv\u00e9 de c\u00e9r\u00e9monie faute de visa\"}]},{\"@type\":\"WebSite\",\"@id\":\"https:\\\/\\\/www.webdo.tn\\\/fr\\\/#website\",\"url\":\"https:\\\/\\\/www.webdo.tn\\\/fr\\\/\",\"name\":\"webdo\",\"description\":\"Tunisie - News en Tunisie et \u00e0 l&#039;international sur Webdo.tn\",\"publisher\":{\"@id\":\"https:\\\/\\\/www.webdo.tn\\\/fr\\\/#organization\"},\"potentialAction\":[{\"@type\":\"SearchAction\",\"target\":{\"@type\":\"EntryPoint\",\"urlTemplate\":\"https:\\\/\\\/www.webdo.tn\\\/fr\\\/?s={search_term_string}\"},\"query-input\":{\"@type\":\"PropertyValueSpecification\",\"valueRequired\":true,\"valueName\":\"search_term_string\"}}],\"inLanguage\":\"fr-FR\"},{\"@type\":\"Organization\",\"@id\":\"https:\\\/\\\/www.webdo.tn\\\/fr\\\/#organization\",\"name\":\"Webdo\",\"alternateName\":\"Webdo.tn\",\"url\":\"https:\\\/\\\/www.webdo.tn\\\/fr\\\/\",\"logo\":{\"@type\":\"ImageObject\",\"inLanguage\":\"fr-FR\",\"@id\":\"https:\\\/\\\/www.webdo.tn\\\/fr\\\/#\\\/schema\\\/logo\\\/image\\\/\",\"url\":\"https:\\\/\\\/www.webdo.tn\\\/fr\\\/wp-content\\\/uploads\\\/2025\\\/06\\\/Webdo-Tunisie_168377.jpg\",\"contentUrl\":\"https:\\\/\\\/www.webdo.tn\\\/fr\\\/wp-content\\\/uploads\\\/2025\\\/06\\\/Webdo-Tunisie_168377.jpg\",\"width\":301,\"height\":301,\"caption\":\"Webdo\"},\"image\":{\"@id\":\"https:\\\/\\\/www.webdo.tn\\\/fr\\\/#\\\/schema\\\/logo\\\/image\\\/\"},\"sameAs\":[\"https:\\\/\\\/www.facebook.com\\\/webdotn\",\"https:\\\/\\\/x.com\\\/webdo_tn\"],\"description\":\"Webdo est un m\u00e9dia num\u00e9rique tunisien fond\u00e9 en 2010, sp\u00e9cialis\u00e9 dans l\u2019actualit\u00e9 nationale et internationale, l\u2019\u00e9conomie, la soci\u00e9t\u00e9 et les analyses politiques. Le site s\u2019adresse \u00e0 un large public francophone et couvre l\u2019information tunisienne en temps r\u00e9el.\",\"email\":\"redac@webdo.tn\",\"legalName\":\"YNJ SARL\",\"foundingDate\":\"2010-09-06\",\"numberOfEmployees\":{\"@type\":\"QuantitativeValue\",\"minValue\":\"11\",\"maxValue\":\"50\"}},{\"@type\":\"Person\",\"@id\":\"https:\\\/\\\/www.webdo.tn\\\/fr\\\/#\\\/schema\\\/person\\\/60d5ba619ed3f58783b0dc82b7dada80\",\"name\":\"Ne\u00efla DRISS\",\"image\":{\"@type\":\"ImageObject\",\"inLanguage\":\"fr-FR\",\"@id\":\"https:\\\/\\\/www.webdo.tn\\\/fr\\\/wp-content\\\/uploads\\\/2026\\\/04\\\/neila-driss_avatar-96x96.jpg\",\"url\":\"https:\\\/\\\/www.webdo.tn\\\/fr\\\/wp-content\\\/uploads\\\/2026\\\/04\\\/neila-driss_avatar-96x96.jpg\",\"contentUrl\":\"https:\\\/\\\/www.webdo.tn\\\/fr\\\/wp-content\\\/uploads\\\/2026\\\/04\\\/neila-driss_avatar-96x96.jpg\",\"caption\":\"Ne\u00efla DRISS\"},\"description\":\"Ne\u00efla Driss est juriste, journaliste culturelle et critique de cin\u00e9ma tunisienne. Titulaire d\u2019un DEA en droit priv\u00e9 de l\u2019Universit\u00e9 Paris II et d\u2019un DESS de l\u2019IHEC Carthage, elle d\u00e9bute sa carri\u00e8re comme juriste sp\u00e9cialis\u00e9e en gestion de patrimoine immobilier. Elle s\u2019oriente ensuite vers l\u2019\u00e9criture en ligne, o\u00f9 elle se distingue d\u00e8s 2006 aux Tunisia Blog Awards, avant de se consacrer au journalisme culturel, avec une sp\u00e9cialisation dans la critique cin\u00e9matographique. Elle couvre r\u00e9guli\u00e8rement les grands festivals internationaux, notamment le Festival de Cannes, les Journ\u00e9es Cin\u00e9matographiques de Carthage et le Festival du film du Caire. Membre de l\u2019ATPCC et de la FIPRESCI, elle participe \u00e0 des jurys et initiatives internationales de critique. Depuis 2024, elle est \u00e9lectrice internationale aux Golden Globes. Facebook : https:\\\/\\\/www.facebook.com\\\/massir.destiniii\\\/ X : https:\\\/\\\/x.com\\\/MassirDestin\",\"sameAs\":[\"https:\\\/\\\/www.facebook.com\\\/massir.destiniii\\\/\",\"https:\\\/\\\/www.instagram.com\\\/neila.driss\\\/?hl=fr\",\"https:\\\/\\\/www.linkedin.com\\\/in\\\/neila-driss-22606a80\\\/\",\"https:\\\/\\\/x.com\\\/https:\\\/\\\/x.com\\\/MassirDestin\"],\"knowsAbout\":[\"Cin\u00e9ma international\",\"critique cin\u00e9matographique\",\"festivals de cin\u00e9ma\",\"journalisme culturel\"],\"knowsLanguage\":[\"Fran\u00e7ais\",\"Arabe\",\"Anglais\"],\"jobTitle\":\"Journaliste culturelle et critique de cin\u00e9ma\",\"worksFor\":\"Webdo\",\"url\":\"https:\\\/\\\/www.webdo.tn\\\/fr\\\/actualite\\\/author\\\/neila-driss\\\/\"}]}<\/script>\n<!-- \/ Yoast SEO Premium plugin. -->","yoast_head_json":{"title":"Oscars 2026 \u2013 \u00ab La Voix de Hind Rajab \u00bb : L\u2019acteur palestinien Motaz Malhees priv\u00e9 de c\u00e9r\u00e9monie faute de visa - webdo","description":"Oscars 2026 : Motaz Malhees, acteur de La Voix de Hind Rajab, emp\u00each\u00e9 d\u2019assister \u00e0 la c\u00e9r\u00e9monie, relance le d\u00e9bat sur le silence de l\u2019Academy.","canonical":"https:\/\/www.webdo.tn\/fr\/actualite\/culture\/oscars-2026-motaz-malhees-un-acteur-de-la-voix-de-hind-rajab-interdit-dassister-a-la-ceremonie\/394621\/","og_locale":"fr_FR","og_type":"article","og_title":"Oscars 2026 \u2013 \u00ab La Voix de Hind Rajab \u00bb : L\u2019acteur palestinien Motaz Malhees priv\u00e9 de c\u00e9r\u00e9monie faute de visa","og_description":"Oscars 2026 : Motaz Malhees, acteur de La Voix de Hind Rajab, emp\u00each\u00e9 d\u2019assister \u00e0 la c\u00e9r\u00e9monie, relance le d\u00e9bat sur le silence de l\u2019Academy.","og_url":"https:\/\/www.webdo.tn\/fr\/actualite\/culture\/oscars-2026-motaz-malhees-un-acteur-de-la-voix-de-hind-rajab-interdit-dassister-a-la-ceremonie\/394621\/","og_site_name":"webdo","article_publisher":"https:\/\/www.facebook.com\/webdotn","article_author":"https:\/\/www.facebook.com\/massir.destiniii\/","article_published_time":"2026-03-14T14:56:45+00:00","article_modified_time":"2026-03-14T17:11:14+00:00","og_image":[{"width":1200,"height":600,"url":"https:\/\/www.webdo.tn\/fr\/wp-content\/uploads\/2026\/03\/Motaz-Malhees.jpg","type":"image\/jpeg"}],"author":"Ne\u00efla DRISS","twitter_card":"summary_large_image","twitter_creator":"@https:\/\/x.com\/MassirDestin","twitter_site":"@webdo_tn","twitter_misc":{"\u00c9crit par":"Ne\u00efla DRISS","Dur\u00e9e de lecture estim\u00e9e":"11 minutes"},"schema":{"@context":"https:\/\/schema.org","@graph":[{"@type":"NewsArticle","@id":"https:\/\/www.webdo.tn\/fr\/actualite\/culture\/oscars-2026-motaz-malhees-un-acteur-de-la-voix-de-hind-rajab-interdit-dassister-a-la-ceremonie\/394621\/#article","isPartOf":{"@id":"https:\/\/www.webdo.tn\/fr\/actualite\/culture\/oscars-2026-motaz-malhees-un-acteur-de-la-voix-de-hind-rajab-interdit-dassister-a-la-ceremonie\/394621\/"},"author":{"name":"Ne\u00efla DRISS","@id":"https:\/\/www.webdo.tn\/fr\/#\/schema\/person\/60d5ba619ed3f58783b0dc82b7dada80"},"headline":"Oscars 2026 \u2013 \u00ab La Voix de Hind Rajab \u00bb : L\u2019acteur palestinien Motaz Malhees priv\u00e9 de c\u00e9r\u00e9monie faute de visa","datePublished":"2026-03-14T14:56:45+00:00","dateModified":"2026-03-14T17:11:14+00:00","mainEntityOfPage":{"@id":"https:\/\/www.webdo.tn\/fr\/actualite\/culture\/oscars-2026-motaz-malhees-un-acteur-de-la-voix-de-hind-rajab-interdit-dassister-a-la-ceremonie\/394621\/"},"wordCount":2375,"publisher":{"@id":"https:\/\/www.webdo.tn\/fr\/#organization"},"image":{"@id":"https:\/\/www.webdo.tn\/fr\/actualite\/culture\/oscars-2026-motaz-malhees-un-acteur-de-la-voix-de-hind-rajab-interdit-dassister-a-la-ceremonie\/394621\/#primaryimage"},"thumbnailUrl":"https:\/\/www.webdo.tn\/fr\/wp-content\/uploads\/2026\/03\/Motaz-Malhees.jpg","keywords":["Film","La voix de Hind Rajab","Motaz Malhees","Oscars 2026"],"articleSection":["Culture"],"inLanguage":"fr-FR"},{"@type":"WebPage","@id":"https:\/\/www.webdo.tn\/fr\/actualite\/culture\/oscars-2026-motaz-malhees-un-acteur-de-la-voix-de-hind-rajab-interdit-dassister-a-la-ceremonie\/394621\/","url":"https:\/\/www.webdo.tn\/fr\/actualite\/culture\/oscars-2026-motaz-malhees-un-acteur-de-la-voix-de-hind-rajab-interdit-dassister-a-la-ceremonie\/394621\/","name":"Oscars 2026 \u2013 \u00ab La Voix de Hind Rajab \u00bb : L\u2019acteur palestinien Motaz Malhees priv\u00e9 de c\u00e9r\u00e9monie faute de visa - webdo","isPartOf":{"@id":"https:\/\/www.webdo.tn\/fr\/#website"},"primaryImageOfPage":{"@id":"https:\/\/www.webdo.tn\/fr\/actualite\/culture\/oscars-2026-motaz-malhees-un-acteur-de-la-voix-de-hind-rajab-interdit-dassister-a-la-ceremonie\/394621\/#primaryimage"},"image":{"@id":"https:\/\/www.webdo.tn\/fr\/actualite\/culture\/oscars-2026-motaz-malhees-un-acteur-de-la-voix-de-hind-rajab-interdit-dassister-a-la-ceremonie\/394621\/#primaryimage"},"thumbnailUrl":"https:\/\/www.webdo.tn\/fr\/wp-content\/uploads\/2026\/03\/Motaz-Malhees.jpg","datePublished":"2026-03-14T14:56:45+00:00","dateModified":"2026-03-14T17:11:14+00:00","description":"Oscars 2026 : Motaz Malhees, acteur de La Voix de Hind Rajab, emp\u00each\u00e9 d\u2019assister \u00e0 la c\u00e9r\u00e9monie, relance le d\u00e9bat sur le silence de l\u2019Academy.","breadcrumb":{"@id":"https:\/\/www.webdo.tn\/fr\/actualite\/culture\/oscars-2026-motaz-malhees-un-acteur-de-la-voix-de-hind-rajab-interdit-dassister-a-la-ceremonie\/394621\/#breadcrumb"},"inLanguage":"fr-FR","potentialAction":[{"@type":"ReadAction","target":["https:\/\/www.webdo.tn\/fr\/actualite\/culture\/oscars-2026-motaz-malhees-un-acteur-de-la-voix-de-hind-rajab-interdit-dassister-a-la-ceremonie\/394621\/"]}]},{"@type":"ImageObject","inLanguage":"fr-FR","@id":"https:\/\/www.webdo.tn\/fr\/actualite\/culture\/oscars-2026-motaz-malhees-un-acteur-de-la-voix-de-hind-rajab-interdit-dassister-a-la-ceremonie\/394621\/#primaryimage","url":"https:\/\/www.webdo.tn\/fr\/wp-content\/uploads\/2026\/03\/Motaz-Malhees.jpg","contentUrl":"https:\/\/www.webdo.tn\/fr\/wp-content\/uploads\/2026\/03\/Motaz-Malhees.jpg","width":1200,"height":600,"caption":"Motaz Malhees interdit d\u2019assister \u00e0 la c\u00e9r\u00e9monie"},{"@type":"BreadcrumbList","@id":"https:\/\/www.webdo.tn\/fr\/actualite\/culture\/oscars-2026-motaz-malhees-un-acteur-de-la-voix-de-hind-rajab-interdit-dassister-a-la-ceremonie\/394621\/#breadcrumb","itemListElement":[{"@type":"ListItem","position":1,"name":"Accueil","item":"https:\/\/www.webdo.tn\/fr\/"},{"@type":"ListItem","position":2,"name":"Oscars 2026 \u2013 \u00ab La Voix de Hind Rajab \u00bb : L\u2019acteur palestinien Motaz Malhees priv\u00e9 de c\u00e9r\u00e9monie faute de visa"}]},{"@type":"WebSite","@id":"https:\/\/www.webdo.tn\/fr\/#website","url":"https:\/\/www.webdo.tn\/fr\/","name":"webdo","description":"Tunisie - News en Tunisie et \u00e0 l&#039;international sur Webdo.tn","publisher":{"@id":"https:\/\/www.webdo.tn\/fr\/#organization"},"potentialAction":[{"@type":"SearchAction","target":{"@type":"EntryPoint","urlTemplate":"https:\/\/www.webdo.tn\/fr\/?s={search_term_string}"},"query-input":{"@type":"PropertyValueSpecification","valueRequired":true,"valueName":"search_term_string"}}],"inLanguage":"fr-FR"},{"@type":"Organization","@id":"https:\/\/www.webdo.tn\/fr\/#organization","name":"Webdo","alternateName":"Webdo.tn","url":"https:\/\/www.webdo.tn\/fr\/","logo":{"@type":"ImageObject","inLanguage":"fr-FR","@id":"https:\/\/www.webdo.tn\/fr\/#\/schema\/logo\/image\/","url":"https:\/\/www.webdo.tn\/fr\/wp-content\/uploads\/2025\/06\/Webdo-Tunisie_168377.jpg","contentUrl":"https:\/\/www.webdo.tn\/fr\/wp-content\/uploads\/2025\/06\/Webdo-Tunisie_168377.jpg","width":301,"height":301,"caption":"Webdo"},"image":{"@id":"https:\/\/www.webdo.tn\/fr\/#\/schema\/logo\/image\/"},"sameAs":["https:\/\/www.facebook.com\/webdotn","https:\/\/x.com\/webdo_tn"],"description":"Webdo est un m\u00e9dia num\u00e9rique tunisien fond\u00e9 en 2010, sp\u00e9cialis\u00e9 dans l\u2019actualit\u00e9 nationale et internationale, l\u2019\u00e9conomie, la soci\u00e9t\u00e9 et les analyses politiques. Le site s\u2019adresse \u00e0 un large public francophone et couvre l\u2019information tunisienne en temps r\u00e9el.","email":"redac@webdo.tn","legalName":"YNJ SARL","foundingDate":"2010-09-06","numberOfEmployees":{"@type":"QuantitativeValue","minValue":"11","maxValue":"50"}},{"@type":"Person","@id":"https:\/\/www.webdo.tn\/fr\/#\/schema\/person\/60d5ba619ed3f58783b0dc82b7dada80","name":"Ne\u00efla DRISS","image":{"@type":"ImageObject","inLanguage":"fr-FR","@id":"https:\/\/www.webdo.tn\/fr\/wp-content\/uploads\/2026\/04\/neila-driss_avatar-96x96.jpg","url":"https:\/\/www.webdo.tn\/fr\/wp-content\/uploads\/2026\/04\/neila-driss_avatar-96x96.jpg","contentUrl":"https:\/\/www.webdo.tn\/fr\/wp-content\/uploads\/2026\/04\/neila-driss_avatar-96x96.jpg","caption":"Ne\u00efla DRISS"},"description":"Ne\u00efla Driss est juriste, journaliste culturelle et critique de cin\u00e9ma tunisienne. Titulaire d\u2019un DEA en droit priv\u00e9 de l\u2019Universit\u00e9 Paris II et d\u2019un DESS de l\u2019IHEC Carthage, elle d\u00e9bute sa carri\u00e8re comme juriste sp\u00e9cialis\u00e9e en gestion de patrimoine immobilier. Elle s\u2019oriente ensuite vers l\u2019\u00e9criture en ligne, o\u00f9 elle se distingue d\u00e8s 2006 aux Tunisia Blog Awards, avant de se consacrer au journalisme culturel, avec une sp\u00e9cialisation dans la critique cin\u00e9matographique. Elle couvre r\u00e9guli\u00e8rement les grands festivals internationaux, notamment le Festival de Cannes, les Journ\u00e9es Cin\u00e9matographiques de Carthage et le Festival du film du Caire. Membre de l\u2019ATPCC et de la FIPRESCI, elle participe \u00e0 des jurys et initiatives internationales de critique. Depuis 2024, elle est \u00e9lectrice internationale aux Golden Globes. Facebook : https:\/\/www.facebook.com\/massir.destiniii\/ X : https:\/\/x.com\/MassirDestin","sameAs":["https:\/\/www.facebook.com\/massir.destiniii\/","https:\/\/www.instagram.com\/neila.driss\/?hl=fr","https:\/\/www.linkedin.com\/in\/neila-driss-22606a80\/","https:\/\/x.com\/https:\/\/x.com\/MassirDestin"],"knowsAbout":["Cin\u00e9ma international","critique cin\u00e9matographique","festivals de cin\u00e9ma","journalisme culturel"],"knowsLanguage":["Fran\u00e7ais","Arabe","Anglais"],"jobTitle":"Journaliste culturelle et critique de cin\u00e9ma","worksFor":"Webdo","url":"https:\/\/www.webdo.tn\/fr\/actualite\/author\/neila-driss\/"}]}},"_links":{"self":[{"href":"https:\/\/www.webdo.tn\/fr\/wp-json\/wp\/v2\/posts\/394621","targetHints":{"allow":["GET"]}}],"collection":[{"href":"https:\/\/www.webdo.tn\/fr\/wp-json\/wp\/v2\/posts"}],"about":[{"href":"https:\/\/www.webdo.tn\/fr\/wp-json\/wp\/v2\/types\/post"}],"author":[{"embeddable":true,"href":"https:\/\/www.webdo.tn\/fr\/wp-json\/wp\/v2\/users\/3164"}],"replies":[{"embeddable":true,"href":"https:\/\/www.webdo.tn\/fr\/wp-json\/wp\/v2\/comments?post=394621"}],"version-history":[{"count":0,"href":"https:\/\/www.webdo.tn\/fr\/wp-json\/wp\/v2\/posts\/394621\/revisions"}],"wp:featuredmedia":[{"embeddable":true,"href":"https:\/\/www.webdo.tn\/fr\/wp-json\/wp\/v2\/media\/394632"}],"wp:attachment":[{"href":"https:\/\/www.webdo.tn\/fr\/wp-json\/wp\/v2\/media?parent=394621"}],"wp:term":[{"taxonomy":"category","embeddable":true,"href":"https:\/\/www.webdo.tn\/fr\/wp-json\/wp\/v2\/categories?post=394621"},{"taxonomy":"post_tag","embeddable":true,"href":"https:\/\/www.webdo.tn\/fr\/wp-json\/wp\/v2\/tags?post=394621"}],"curies":[{"name":"wp","href":"https:\/\/api.w.org\/{rel}","templated":true}]}}