{"id":394614,"date":"2026-03-14T13:16:26","date_gmt":"2026-03-14T12:16:26","guid":{"rendered":"https:\/\/www.webdo.tn\/fr\/?p=394614"},"modified":"2026-03-14T13:16:34","modified_gmt":"2026-03-14T12:16:34","slug":"guerre-contre-liran-la-frappe-americaine-sur-kharg-coeur-petrolier-de-liran","status":"publish","type":"post","link":"https:\/\/www.webdo.tn\/fr\/actualite\/international\/guerre-contre-liran-la-frappe-americaine-sur-kharg-coeur-petrolier-de-liran\/394614\/","title":{"rendered":"Guerre contre l\u2019Iran : La frappe am\u00e9ricaine sur Kharg, c\u0153ur p\u00e9trolier de l\u2019Iran"},"content":{"rendered":"\n<p><strong>La guerre men\u00e9e par les \u00c9tats-Unis et Isra\u00ebl contre l\u2019Iran est entr\u00e9e dans sa troisi\u00e8me semaine avec une nouvelle escalade militaire. Washington a frapp\u00e9 des installations militaires sur l\u2019\u00eele de Kharg, pivot strat\u00e9gique des exportations p\u00e9troli\u00e8res iraniennes. Tout en affirmant avoir \u00e9pargn\u00e9 les infrastructures \u00e9nerg\u00e9tiques, Donald Trump a pr\u00e9venu que celles-ci pourraient \u00eatre vis\u00e9es si T\u00e9h\u00e9ran perturbait le trafic maritime dans le d\u00e9troit d\u2019Ormuz.<\/strong><\/p>\n\n\n\n<h2 class=\"wp-block-heading\" id=\"h-kharg-coeur-strategique-du-petrole-iranien\">Kharg, c\u0153ur strat\u00e9gique du p\u00e9trole iranien<\/h2>\n\n\n\n<p>L\u2019\u00eele de Kharg constitue la principale plateforme d\u2019exportation du p\u00e9trole iranien. Selon les estimations, pr\u00e8s de 90 % du brut du pays y transite avant de rejoindre le Golfe puis le d\u00e9troit d\u2019Ormuz.<\/p>\n\n\n\n<p>En ciblant des installations militaires sur l\u2019\u00eele tout en \u00e9vitant les infrastructures p\u00e9troli\u00e8res, Washington envoie un message clair : d\u00e9montrer sa capacit\u00e9 \u00e0 frapper un point vital de l\u2019\u00e9conomie iranienne sans, pour l\u2019instant, d\u00e9clencher un choc \u00e9nerg\u00e9tique mondial.<\/p>\n\n\n\n<p>Donald Trump a n\u00e9anmoins averti que cette retenue pourrait \u00eatre lev\u00e9e si l\u2019Iran tentait d\u2019entraver la navigation dans le d\u00e9troit d\u2019Ormuz, passage strat\u00e9gique pour une part importante du commerce p\u00e9trolier mondial.<\/p>\n\n\n\n<h2 class=\"wp-block-heading\" id=\"h-une-escalade-militaire-dans-toute-la-region\">Une escalade militaire dans toute la r\u00e9gion<\/h2>\n\n\n\n<p>Parall\u00e8lement aux frappes am\u00e9ricaines, les tensions militaires continuent de s\u2019\u00e9tendre \u00e0 l\u2019ensemble du Moyen-Orient.<\/p>\n\n\n\n<p>Depuis le d\u00e9but du conflit le 28 f\u00e9vrier, les bombardements auraient fait plus de 1 400 morts et plus de 18 500 bless\u00e9s en Iran, selon les autorit\u00e9s iraniennes.<\/p>\n\n\n\n<p>T\u00e9h\u00e9ran a intensifi\u00e9 ses attaques de drones et de missiles contre des installations am\u00e9ricaines et des cibles alli\u00e9es dans le Golfe. Plusieurs pays de la r\u00e9gion ont \u00e9t\u00e9 plac\u00e9s en alerte, notamment l\u2019Arabie saoudite et le Qatar qui ont annonc\u00e9 avoir intercept\u00e9 des drones ou des missiles.<\/p>\n\n\n\n<p>Isra\u00ebl affirme de son c\u00f4t\u00e9 avoir men\u00e9 plus de 7 600 frappes en Iran et plus de 1 100 attaques au Liban depuis le lancement de l\u2019offensive conjointe avec Washington.<\/p>\n\n\n\n<h2 class=\"wp-block-heading\" id=\"h-le-spectre-d-un-choc-energetique-mondial\">Le spectre d\u2019un choc \u00e9nerg\u00e9tique mondial<\/h2>\n\n\n\n<p>Au-del\u00e0 du front militaire, les cons\u00e9quences \u00e9conomiques du conflit commencent d\u00e9j\u00e0 \u00e0 se faire sentir.<\/p>\n\n\n\n<p>Plusieurs pays redoutent une perturbation du trafic maritime dans le d\u00e9troit d\u2019Ormuz, par lequel transite une part essentielle des exportations p\u00e9troli\u00e8res mondiales.<\/p>\n\n\n\n<p>Dans ce contexte, certains \u00c9tats ont commenc\u00e9 \u00e0 mobiliser leurs r\u00e9serves strat\u00e9giques afin de stabiliser les march\u00e9s, alors que les tensions g\u00e9opolitiques alimentent d\u00e9j\u00e0 la volatilit\u00e9 des prix de l\u2019\u00e9nergie.<\/p>\n\n\n\n<blockquote class=\"wp-block-quote is-layout-flow wp-block-quote-is-layout-flow\">\n<blockquote class=\"wp-block-quote is-layout-flow wp-block-quote-is-layout-flow\">\n<p><strong>Lire aussi:<\/strong><\/p>\n\n\n\n<ul class=\"wp-block-list\">\n<li class=\"has-medium-font-size\"><a href=\"https:\/\/www.webdo.tn\/fr\/actualite\/international\/guerre-contre-liran-les-calculs-de-washington-mis-a-lepreuve\/394574\/\">Guerre contre l\u2019Iran : Les calculs de Washington mis \u00e0 l\u2019\u00e9preuve<\/a><\/li>\n<\/ul>\n<\/blockquote>\n<\/blockquote>\n\n\n\n<p><\/p>\n","protected":false},"excerpt":{"rendered":"<p>La guerre men\u00e9e par les \u00c9tats-Unis et Isra\u00ebl contre l\u2019Iran est entr\u00e9e dans sa troisi\u00e8me semaine avec une nouvelle escalade militaire. Washington a frapp\u00e9 des installations militaires sur l\u2019\u00eele de Kharg, pivot strat\u00e9gique des exportations p\u00e9troli\u00e8res iraniennes. Tout en affirmant avoir \u00e9pargn\u00e9 les infrastructures \u00e9nerg\u00e9tiques, Donald Trump a pr\u00e9venu que celles-ci pourraient \u00eatre vis\u00e9es si [&hellip;]<\/p>\n","protected":false},"author":3203,"featured_media":394617,"comment_status":"closed","ping_status":"closed","sticky":false,"template":"","format":"standard","meta":{"footnotes":""},"categories":[2598],"tags":[3035,2912,13841,4691],"class_list":["post-394614","post","type-post","status-publish","format-standard","has-post-thumbnail","hentry","category-international","tag-etats-unis","tag-iran","tag-kharg","tag-petrole"],"yoast_head":"<!-- This site is optimized with the Yoast SEO Premium plugin v27.5 (Yoast SEO v27.5) - https:\/\/yoast.com\/product\/yoast-seo-premium-wordpress\/ -->\n<title>Guerre contre l\u2019Iran : La frappe am\u00e9ricaine sur Kharg, c\u0153ur p\u00e9trolier de l\u2019Iran - webdo<\/title>\n<meta name=\"description\" content=\"La frappe am\u00e9ricaine sur Kharg souligne la tension dans la guerre contre l\u2019Iran et son importance strat\u00e9gique pour le p\u00e9trole.\" \/>\n<link rel=\"canonical\" href=\"https:\/\/www.webdo.tn\/fr\/actualite\/international\/guerre-contre-liran-la-frappe-americaine-sur-kharg-coeur-petrolier-de-liran\/394614\/\" \/>\n<meta property=\"og:locale\" content=\"fr_FR\" \/>\n<meta property=\"og:type\" content=\"article\" \/>\n<meta property=\"og:title\" content=\"Guerre contre l\u2019Iran : La frappe am\u00e9ricaine sur Kharg, c\u0153ur p\u00e9trolier de l\u2019Iran\" \/>\n<meta property=\"og:description\" content=\"La frappe am\u00e9ricaine sur Kharg souligne la tension dans la guerre contre l\u2019Iran et son importance strat\u00e9gique pour le p\u00e9trole.\" \/>\n<meta property=\"og:url\" content=\"https:\/\/www.webdo.tn\/fr\/actualite\/international\/guerre-contre-liran-la-frappe-americaine-sur-kharg-coeur-petrolier-de-liran\/394614\/\" \/>\n<meta property=\"og:site_name\" content=\"webdo\" \/>\n<meta property=\"article:publisher\" content=\"https:\/\/www.facebook.com\/webdotn\" \/>\n<meta property=\"article:published_time\" content=\"2026-03-14T12:16:26+00:00\" \/>\n<meta property=\"article:modified_time\" content=\"2026-03-14T12:16:34+00:00\" \/>\n<meta property=\"og:image\" content=\"https:\/\/www.webdo.tn\/fr\/wp-content\/uploads\/2026\/03\/Kharg-ile.jpg\" \/>\n\t<meta property=\"og:image:width\" content=\"1200\" \/>\n\t<meta property=\"og:image:height\" content=\"600\" \/>\n\t<meta property=\"og:image:type\" content=\"image\/jpeg\" \/>\n<meta name=\"author\" content=\"Ramzi Haddad\" \/>\n<meta name=\"twitter:card\" content=\"summary_large_image\" \/>\n<meta name=\"twitter:creator\" content=\"@webdo_tn\" \/>\n<meta name=\"twitter:site\" content=\"@webdo_tn\" \/>\n<meta name=\"twitter:label1\" content=\"\u00c9crit par\" \/>\n\t<meta name=\"twitter:data1\" content=\"Ramzi Haddad\" \/>\n\t<meta name=\"twitter:label2\" content=\"Dur\u00e9e de lecture estim\u00e9e\" \/>\n\t<meta name=\"twitter:data2\" content=\"3 minutes\" \/>\n<script type=\"application\/ld+json\" class=\"yoast-schema-graph\">{\"@context\":\"https:\\\/\\\/schema.org\",\"@graph\":[{\"@type\":\"NewsArticle\",\"@id\":\"https:\\\/\\\/www.webdo.tn\\\/fr\\\/actualite\\\/international\\\/guerre-contre-liran-la-frappe-americaine-sur-kharg-coeur-petrolier-de-liran\\\/394614\\\/#article\",\"isPartOf\":{\"@id\":\"https:\\\/\\\/www.webdo.tn\\\/fr\\\/actualite\\\/international\\\/guerre-contre-liran-la-frappe-americaine-sur-kharg-coeur-petrolier-de-liran\\\/394614\\\/\"},\"author\":{\"name\":\"Ramzi Haddad\",\"@id\":\"https:\\\/\\\/www.webdo.tn\\\/fr\\\/#\\\/schema\\\/person\\\/5663044c25eb36d8f88ba5b653f12f8c\"},\"headline\":\"Guerre contre l\u2019Iran : La frappe am\u00e9ricaine sur Kharg, c\u0153ur p\u00e9trolier de l\u2019Iran\",\"datePublished\":\"2026-03-14T12:16:26+00:00\",\"dateModified\":\"2026-03-14T12:16:34+00:00\",\"mainEntityOfPage\":{\"@id\":\"https:\\\/\\\/www.webdo.tn\\\/fr\\\/actualite\\\/international\\\/guerre-contre-liran-la-frappe-americaine-sur-kharg-coeur-petrolier-de-liran\\\/394614\\\/\"},\"wordCount\":460,\"publisher\":{\"@id\":\"https:\\\/\\\/www.webdo.tn\\\/fr\\\/#organization\"},\"image\":{\"@id\":\"https:\\\/\\\/www.webdo.tn\\\/fr\\\/actualite\\\/international\\\/guerre-contre-liran-la-frappe-americaine-sur-kharg-coeur-petrolier-de-liran\\\/394614\\\/#primaryimage\"},\"thumbnailUrl\":\"https:\\\/\\\/www.webdo.tn\\\/fr\\\/wp-content\\\/uploads\\\/2026\\\/03\\\/Kharg-ile.jpg\",\"keywords\":[\"Etats-Unis\",\"Iran\",\"Kharg\",\"p\u00e9trole\"],\"articleSection\":[\"International\"],\"inLanguage\":\"fr-FR\"},{\"@type\":\"WebPage\",\"@id\":\"https:\\\/\\\/www.webdo.tn\\\/fr\\\/actualite\\\/international\\\/guerre-contre-liran-la-frappe-americaine-sur-kharg-coeur-petrolier-de-liran\\\/394614\\\/\",\"url\":\"https:\\\/\\\/www.webdo.tn\\\/fr\\\/actualite\\\/international\\\/guerre-contre-liran-la-frappe-americaine-sur-kharg-coeur-petrolier-de-liran\\\/394614\\\/\",\"name\":\"Guerre contre l\u2019Iran : La frappe am\u00e9ricaine sur Kharg, c\u0153ur p\u00e9trolier de l\u2019Iran - webdo\",\"isPartOf\":{\"@id\":\"https:\\\/\\\/www.webdo.tn\\\/fr\\\/#website\"},\"primaryImageOfPage\":{\"@id\":\"https:\\\/\\\/www.webdo.tn\\\/fr\\\/actualite\\\/international\\\/guerre-contre-liran-la-frappe-americaine-sur-kharg-coeur-petrolier-de-liran\\\/394614\\\/#primaryimage\"},\"image\":{\"@id\":\"https:\\\/\\\/www.webdo.tn\\\/fr\\\/actualite\\\/international\\\/guerre-contre-liran-la-frappe-americaine-sur-kharg-coeur-petrolier-de-liran\\\/394614\\\/#primaryimage\"},\"thumbnailUrl\":\"https:\\\/\\\/www.webdo.tn\\\/fr\\\/wp-content\\\/uploads\\\/2026\\\/03\\\/Kharg-ile.jpg\",\"datePublished\":\"2026-03-14T12:16:26+00:00\",\"dateModified\":\"2026-03-14T12:16:34+00:00\",\"description\":\"La frappe am\u00e9ricaine sur Kharg souligne la tension dans la guerre contre l\u2019Iran et son importance strat\u00e9gique pour le p\u00e9trole.\",\"breadcrumb\":{\"@id\":\"https:\\\/\\\/www.webdo.tn\\\/fr\\\/actualite\\\/international\\\/guerre-contre-liran-la-frappe-americaine-sur-kharg-coeur-petrolier-de-liran\\\/394614\\\/#breadcrumb\"},\"inLanguage\":\"fr-FR\",\"potentialAction\":[{\"@type\":\"ReadAction\",\"target\":[\"https:\\\/\\\/www.webdo.tn\\\/fr\\\/actualite\\\/international\\\/guerre-contre-liran-la-frappe-americaine-sur-kharg-coeur-petrolier-de-liran\\\/394614\\\/\"]}]},{\"@type\":\"ImageObject\",\"inLanguage\":\"fr-FR\",\"@id\":\"https:\\\/\\\/www.webdo.tn\\\/fr\\\/actualite\\\/international\\\/guerre-contre-liran-la-frappe-americaine-sur-kharg-coeur-petrolier-de-liran\\\/394614\\\/#primaryimage\",\"url\":\"https:\\\/\\\/www.webdo.tn\\\/fr\\\/wp-content\\\/uploads\\\/2026\\\/03\\\/Kharg-ile.jpg\",\"contentUrl\":\"https:\\\/\\\/www.webdo.tn\\\/fr\\\/wp-content\\\/uploads\\\/2026\\\/03\\\/Kharg-ile.jpg\",\"width\":1200,\"height\":600,\"caption\":\"Guerre contre l\u2019Iran : Washington frappe l\u2019\u00eele strat\u00e9gique de Kharg et agite la menace p\u00e9troli\u00e8re\"},{\"@type\":\"BreadcrumbList\",\"@id\":\"https:\\\/\\\/www.webdo.tn\\\/fr\\\/actualite\\\/international\\\/guerre-contre-liran-la-frappe-americaine-sur-kharg-coeur-petrolier-de-liran\\\/394614\\\/#breadcrumb\",\"itemListElement\":[{\"@type\":\"ListItem\",\"position\":1,\"name\":\"Accueil\",\"item\":\"https:\\\/\\\/www.webdo.tn\\\/fr\\\/\"},{\"@type\":\"ListItem\",\"position\":2,\"name\":\"Guerre contre l\u2019Iran : La frappe am\u00e9ricaine sur Kharg, c\u0153ur p\u00e9trolier de l\u2019Iran\"}]},{\"@type\":\"WebSite\",\"@id\":\"https:\\\/\\\/www.webdo.tn\\\/fr\\\/#website\",\"url\":\"https:\\\/\\\/www.webdo.tn\\\/fr\\\/\",\"name\":\"webdo\",\"description\":\"Tunisie - News en Tunisie et \u00e0 l&#039;international sur Webdo.tn\",\"publisher\":{\"@id\":\"https:\\\/\\\/www.webdo.tn\\\/fr\\\/#organization\"},\"potentialAction\":[{\"@type\":\"SearchAction\",\"target\":{\"@type\":\"EntryPoint\",\"urlTemplate\":\"https:\\\/\\\/www.webdo.tn\\\/fr\\\/?s={search_term_string}\"},\"query-input\":{\"@type\":\"PropertyValueSpecification\",\"valueRequired\":true,\"valueName\":\"search_term_string\"}}],\"inLanguage\":\"fr-FR\"},{\"@type\":\"Organization\",\"@id\":\"https:\\\/\\\/www.webdo.tn\\\/fr\\\/#organization\",\"name\":\"Webdo\",\"alternateName\":\"Webdo.tn\",\"url\":\"https:\\\/\\\/www.webdo.tn\\\/fr\\\/\",\"logo\":{\"@type\":\"ImageObject\",\"inLanguage\":\"fr-FR\",\"@id\":\"https:\\\/\\\/www.webdo.tn\\\/fr\\\/#\\\/schema\\\/logo\\\/image\\\/\",\"url\":\"https:\\\/\\\/www.webdo.tn\\\/fr\\\/wp-content\\\/uploads\\\/2025\\\/06\\\/Webdo-Tunisie_168377.jpg\",\"contentUrl\":\"https:\\\/\\\/www.webdo.tn\\\/fr\\\/wp-content\\\/uploads\\\/2025\\\/06\\\/Webdo-Tunisie_168377.jpg\",\"width\":301,\"height\":301,\"caption\":\"Webdo\"},\"image\":{\"@id\":\"https:\\\/\\\/www.webdo.tn\\\/fr\\\/#\\\/schema\\\/logo\\\/image\\\/\"},\"sameAs\":[\"https:\\\/\\\/www.facebook.com\\\/webdotn\",\"https:\\\/\\\/x.com\\\/webdo_tn\"],\"description\":\"Webdo est un m\u00e9dia num\u00e9rique tunisien fond\u00e9 en 2010, sp\u00e9cialis\u00e9 dans l\u2019actualit\u00e9 nationale et internationale, l\u2019\u00e9conomie, la soci\u00e9t\u00e9 et les analyses politiques. Le site s\u2019adresse \u00e0 un large public francophone et couvre l\u2019information tunisienne en temps r\u00e9el.\",\"email\":\"redac@webdo.tn\",\"legalName\":\"YNJ SARL\",\"foundingDate\":\"2010-09-06\",\"numberOfEmployees\":{\"@type\":\"QuantitativeValue\",\"minValue\":\"11\",\"maxValue\":\"50\"}},{\"@type\":\"Person\",\"@id\":\"https:\\\/\\\/www.webdo.tn\\\/fr\\\/#\\\/schema\\\/person\\\/5663044c25eb36d8f88ba5b653f12f8c\",\"name\":\"Ramzi Haddad\",\"image\":{\"@type\":\"ImageObject\",\"inLanguage\":\"fr-FR\",\"@id\":\"https:\\\/\\\/www.webdo.tn\\\/fr\\\/wp-content\\\/uploads\\\/2026\\\/04\\\/ramzi-haddad_avatar-96x96.jpg\",\"url\":\"https:\\\/\\\/www.webdo.tn\\\/fr\\\/wp-content\\\/uploads\\\/2026\\\/04\\\/ramzi-haddad_avatar-96x96.jpg\",\"contentUrl\":\"https:\\\/\\\/www.webdo.tn\\\/fr\\\/wp-content\\\/uploads\\\/2026\\\/04\\\/ramzi-haddad_avatar-96x96.jpg\",\"caption\":\"Ramzi Haddad\"},\"description\":\"Signature \u00e9ditoriale de Walid Ben Youssef Ramzi Haddad est le pseudonyme \u00e9ditorial de Walid Ben Youssef, fondateur et g\u00e9rant de Webdo.tn. Cette signature est d\u00e9di\u00e9e \u00e0 la couverture de l'actualit\u00e9 nationale et internationale, ainsi qu'aux analyses des dynamiques num\u00e9riques. Ce profil b\u00e9n\u00e9ficie de l'expertise de Walid Ben Youssef, pionnier du web en Tunisie depuis 2000 et dipl\u00f4m\u00e9 en Math\u00e9matiques pures de l'Universit\u00e9 d'Oregon. \u00c0 travers cette signature, la r\u00e9daction de Webdo garantit une information structur\u00e9e et v\u00e9rifi\u00e9e, fid\u00e8le aux standards journalistiques du m\u00e9dia.\",\"url\":\"https:\\\/\\\/www.webdo.tn\\\/fr\\\/actualite\\\/author\\\/ramzi-haddad\\\/\"}]}<\/script>\n<!-- \/ Yoast SEO Premium plugin. -->","yoast_head_json":{"title":"Guerre contre l\u2019Iran : La frappe am\u00e9ricaine sur Kharg, c\u0153ur p\u00e9trolier de l\u2019Iran - webdo","description":"La frappe am\u00e9ricaine sur Kharg souligne la tension dans la guerre contre l\u2019Iran et son importance strat\u00e9gique pour le p\u00e9trole.","canonical":"https:\/\/www.webdo.tn\/fr\/actualite\/international\/guerre-contre-liran-la-frappe-americaine-sur-kharg-coeur-petrolier-de-liran\/394614\/","og_locale":"fr_FR","og_type":"article","og_title":"Guerre contre l\u2019Iran : La frappe am\u00e9ricaine sur Kharg, c\u0153ur p\u00e9trolier de l\u2019Iran","og_description":"La frappe am\u00e9ricaine sur Kharg souligne la tension dans la guerre contre l\u2019Iran et son importance strat\u00e9gique pour le p\u00e9trole.","og_url":"https:\/\/www.webdo.tn\/fr\/actualite\/international\/guerre-contre-liran-la-frappe-americaine-sur-kharg-coeur-petrolier-de-liran\/394614\/","og_site_name":"webdo","article_publisher":"https:\/\/www.facebook.com\/webdotn","article_published_time":"2026-03-14T12:16:26+00:00","article_modified_time":"2026-03-14T12:16:34+00:00","og_image":[{"width":1200,"height":600,"url":"https:\/\/www.webdo.tn\/fr\/wp-content\/uploads\/2026\/03\/Kharg-ile.jpg","type":"image\/jpeg"}],"author":"Ramzi Haddad","twitter_card":"summary_large_image","twitter_creator":"@webdo_tn","twitter_site":"@webdo_tn","twitter_misc":{"\u00c9crit par":"Ramzi Haddad","Dur\u00e9e de lecture estim\u00e9e":"3 minutes"},"schema":{"@context":"https:\/\/schema.org","@graph":[{"@type":"NewsArticle","@id":"https:\/\/www.webdo.tn\/fr\/actualite\/international\/guerre-contre-liran-la-frappe-americaine-sur-kharg-coeur-petrolier-de-liran\/394614\/#article","isPartOf":{"@id":"https:\/\/www.webdo.tn\/fr\/actualite\/international\/guerre-contre-liran-la-frappe-americaine-sur-kharg-coeur-petrolier-de-liran\/394614\/"},"author":{"name":"Ramzi Haddad","@id":"https:\/\/www.webdo.tn\/fr\/#\/schema\/person\/5663044c25eb36d8f88ba5b653f12f8c"},"headline":"Guerre contre l\u2019Iran : La frappe am\u00e9ricaine sur Kharg, c\u0153ur p\u00e9trolier de l\u2019Iran","datePublished":"2026-03-14T12:16:26+00:00","dateModified":"2026-03-14T12:16:34+00:00","mainEntityOfPage":{"@id":"https:\/\/www.webdo.tn\/fr\/actualite\/international\/guerre-contre-liran-la-frappe-americaine-sur-kharg-coeur-petrolier-de-liran\/394614\/"},"wordCount":460,"publisher":{"@id":"https:\/\/www.webdo.tn\/fr\/#organization"},"image":{"@id":"https:\/\/www.webdo.tn\/fr\/actualite\/international\/guerre-contre-liran-la-frappe-americaine-sur-kharg-coeur-petrolier-de-liran\/394614\/#primaryimage"},"thumbnailUrl":"https:\/\/www.webdo.tn\/fr\/wp-content\/uploads\/2026\/03\/Kharg-ile.jpg","keywords":["Etats-Unis","Iran","Kharg","p\u00e9trole"],"articleSection":["International"],"inLanguage":"fr-FR"},{"@type":"WebPage","@id":"https:\/\/www.webdo.tn\/fr\/actualite\/international\/guerre-contre-liran-la-frappe-americaine-sur-kharg-coeur-petrolier-de-liran\/394614\/","url":"https:\/\/www.webdo.tn\/fr\/actualite\/international\/guerre-contre-liran-la-frappe-americaine-sur-kharg-coeur-petrolier-de-liran\/394614\/","name":"Guerre contre l\u2019Iran : La frappe am\u00e9ricaine sur Kharg, c\u0153ur p\u00e9trolier de l\u2019Iran - webdo","isPartOf":{"@id":"https:\/\/www.webdo.tn\/fr\/#website"},"primaryImageOfPage":{"@id":"https:\/\/www.webdo.tn\/fr\/actualite\/international\/guerre-contre-liran-la-frappe-americaine-sur-kharg-coeur-petrolier-de-liran\/394614\/#primaryimage"},"image":{"@id":"https:\/\/www.webdo.tn\/fr\/actualite\/international\/guerre-contre-liran-la-frappe-americaine-sur-kharg-coeur-petrolier-de-liran\/394614\/#primaryimage"},"thumbnailUrl":"https:\/\/www.webdo.tn\/fr\/wp-content\/uploads\/2026\/03\/Kharg-ile.jpg","datePublished":"2026-03-14T12:16:26+00:00","dateModified":"2026-03-14T12:16:34+00:00","description":"La frappe am\u00e9ricaine sur Kharg souligne la tension dans la guerre contre l\u2019Iran et son importance strat\u00e9gique pour le p\u00e9trole.","breadcrumb":{"@id":"https:\/\/www.webdo.tn\/fr\/actualite\/international\/guerre-contre-liran-la-frappe-americaine-sur-kharg-coeur-petrolier-de-liran\/394614\/#breadcrumb"},"inLanguage":"fr-FR","potentialAction":[{"@type":"ReadAction","target":["https:\/\/www.webdo.tn\/fr\/actualite\/international\/guerre-contre-liran-la-frappe-americaine-sur-kharg-coeur-petrolier-de-liran\/394614\/"]}]},{"@type":"ImageObject","inLanguage":"fr-FR","@id":"https:\/\/www.webdo.tn\/fr\/actualite\/international\/guerre-contre-liran-la-frappe-americaine-sur-kharg-coeur-petrolier-de-liran\/394614\/#primaryimage","url":"https:\/\/www.webdo.tn\/fr\/wp-content\/uploads\/2026\/03\/Kharg-ile.jpg","contentUrl":"https:\/\/www.webdo.tn\/fr\/wp-content\/uploads\/2026\/03\/Kharg-ile.jpg","width":1200,"height":600,"caption":"Guerre contre l\u2019Iran : Washington frappe l\u2019\u00eele strat\u00e9gique de Kharg et agite la menace p\u00e9troli\u00e8re"},{"@type":"BreadcrumbList","@id":"https:\/\/www.webdo.tn\/fr\/actualite\/international\/guerre-contre-liran-la-frappe-americaine-sur-kharg-coeur-petrolier-de-liran\/394614\/#breadcrumb","itemListElement":[{"@type":"ListItem","position":1,"name":"Accueil","item":"https:\/\/www.webdo.tn\/fr\/"},{"@type":"ListItem","position":2,"name":"Guerre contre l\u2019Iran : La frappe am\u00e9ricaine sur Kharg, c\u0153ur p\u00e9trolier de l\u2019Iran"}]},{"@type":"WebSite","@id":"https:\/\/www.webdo.tn\/fr\/#website","url":"https:\/\/www.webdo.tn\/fr\/","name":"webdo","description":"Tunisie - News en Tunisie et \u00e0 l&#039;international sur Webdo.tn","publisher":{"@id":"https:\/\/www.webdo.tn\/fr\/#organization"},"potentialAction":[{"@type":"SearchAction","target":{"@type":"EntryPoint","urlTemplate":"https:\/\/www.webdo.tn\/fr\/?s={search_term_string}"},"query-input":{"@type":"PropertyValueSpecification","valueRequired":true,"valueName":"search_term_string"}}],"inLanguage":"fr-FR"},{"@type":"Organization","@id":"https:\/\/www.webdo.tn\/fr\/#organization","name":"Webdo","alternateName":"Webdo.tn","url":"https:\/\/www.webdo.tn\/fr\/","logo":{"@type":"ImageObject","inLanguage":"fr-FR","@id":"https:\/\/www.webdo.tn\/fr\/#\/schema\/logo\/image\/","url":"https:\/\/www.webdo.tn\/fr\/wp-content\/uploads\/2025\/06\/Webdo-Tunisie_168377.jpg","contentUrl":"https:\/\/www.webdo.tn\/fr\/wp-content\/uploads\/2025\/06\/Webdo-Tunisie_168377.jpg","width":301,"height":301,"caption":"Webdo"},"image":{"@id":"https:\/\/www.webdo.tn\/fr\/#\/schema\/logo\/image\/"},"sameAs":["https:\/\/www.facebook.com\/webdotn","https:\/\/x.com\/webdo_tn"],"description":"Webdo est un m\u00e9dia num\u00e9rique tunisien fond\u00e9 en 2010, sp\u00e9cialis\u00e9 dans l\u2019actualit\u00e9 nationale et internationale, l\u2019\u00e9conomie, la soci\u00e9t\u00e9 et les analyses politiques. Le site s\u2019adresse \u00e0 un large public francophone et couvre l\u2019information tunisienne en temps r\u00e9el.","email":"redac@webdo.tn","legalName":"YNJ SARL","foundingDate":"2010-09-06","numberOfEmployees":{"@type":"QuantitativeValue","minValue":"11","maxValue":"50"}},{"@type":"Person","@id":"https:\/\/www.webdo.tn\/fr\/#\/schema\/person\/5663044c25eb36d8f88ba5b653f12f8c","name":"Ramzi Haddad","image":{"@type":"ImageObject","inLanguage":"fr-FR","@id":"https:\/\/www.webdo.tn\/fr\/wp-content\/uploads\/2026\/04\/ramzi-haddad_avatar-96x96.jpg","url":"https:\/\/www.webdo.tn\/fr\/wp-content\/uploads\/2026\/04\/ramzi-haddad_avatar-96x96.jpg","contentUrl":"https:\/\/www.webdo.tn\/fr\/wp-content\/uploads\/2026\/04\/ramzi-haddad_avatar-96x96.jpg","caption":"Ramzi Haddad"},"description":"Signature \u00e9ditoriale de Walid Ben Youssef Ramzi Haddad est le pseudonyme \u00e9ditorial de Walid Ben Youssef, fondateur et g\u00e9rant de Webdo.tn. Cette signature est d\u00e9di\u00e9e \u00e0 la couverture de l'actualit\u00e9 nationale et internationale, ainsi qu'aux analyses des dynamiques num\u00e9riques. Ce profil b\u00e9n\u00e9ficie de l'expertise de Walid Ben Youssef, pionnier du web en Tunisie depuis 2000 et dipl\u00f4m\u00e9 en Math\u00e9matiques pures de l'Universit\u00e9 d'Oregon. \u00c0 travers cette signature, la r\u00e9daction de Webdo garantit une information structur\u00e9e et v\u00e9rifi\u00e9e, fid\u00e8le aux standards journalistiques du m\u00e9dia.","url":"https:\/\/www.webdo.tn\/fr\/actualite\/author\/ramzi-haddad\/"}]}},"_links":{"self":[{"href":"https:\/\/www.webdo.tn\/fr\/wp-json\/wp\/v2\/posts\/394614","targetHints":{"allow":["GET"]}}],"collection":[{"href":"https:\/\/www.webdo.tn\/fr\/wp-json\/wp\/v2\/posts"}],"about":[{"href":"https:\/\/www.webdo.tn\/fr\/wp-json\/wp\/v2\/types\/post"}],"author":[{"embeddable":true,"href":"https:\/\/www.webdo.tn\/fr\/wp-json\/wp\/v2\/users\/3203"}],"replies":[{"embeddable":true,"href":"https:\/\/www.webdo.tn\/fr\/wp-json\/wp\/v2\/comments?post=394614"}],"version-history":[{"count":0,"href":"https:\/\/www.webdo.tn\/fr\/wp-json\/wp\/v2\/posts\/394614\/revisions"}],"wp:featuredmedia":[{"embeddable":true,"href":"https:\/\/www.webdo.tn\/fr\/wp-json\/wp\/v2\/media\/394617"}],"wp:attachment":[{"href":"https:\/\/www.webdo.tn\/fr\/wp-json\/wp\/v2\/media?parent=394614"}],"wp:term":[{"taxonomy":"category","embeddable":true,"href":"https:\/\/www.webdo.tn\/fr\/wp-json\/wp\/v2\/categories?post=394614"},{"taxonomy":"post_tag","embeddable":true,"href":"https:\/\/www.webdo.tn\/fr\/wp-json\/wp\/v2\/tags?post=394614"}],"curies":[{"name":"wp","href":"https:\/\/api.w.org\/{rel}","templated":true}]}}