{"id":394611,"date":"2026-03-14T11:33:46","date_gmt":"2026-03-14T10:33:46","guid":{"rendered":"https:\/\/www.webdo.tn\/fr\/?p=394611"},"modified":"2026-03-14T11:33:50","modified_gmt":"2026-03-14T10:33:50","slug":"tunisie-automobile-croissance-et-une-forte-presence-asiatique","status":"publish","type":"post","link":"https:\/\/www.webdo.tn\/fr\/actualite\/national\/tunisie-automobile-croissance-et-une-forte-presence-asiatique\/394611\/","title":{"rendered":"Tunisie &#8211; automobile : Croissance et une forte pr\u00e9sence asiatique"},"content":{"rendered":"\n<p><\/p>\n\n\n\n<p><strong>Le march\u00e9 automobile tunisien a connu une dynamique positive durant les mois de janvier et f\u00e9vrier 2026, avec une croissance globale des ventes de 7,54 % par rapport \u00e0 la m\u00eame p\u00e9riode en 2025, d\u00e9passant ainsi 8 880 v\u00e9hicules vendus. Ces donn\u00e9es proviennent de la Agence TAP, qui s\u2019appuie sur les statistiques de la Chambre nationale des agents et fabricants de v\u00e9hicules, relevant de l\u2019Union tunisienne de l\u2019industrie, du commerce et de l\u2019artisanat.<\/strong><\/p>\n\n\n\n<p><br>Les statistiques montrent une nette domination des marques asiatiques dans le segment des v\u00e9hicules vendus par les concessionnaires agr\u00e9\u00e9s. Parmi les cinq premi\u00e8res marques les plus vendues, quatre sont cor\u00e9ennes ou japonaises, avec des volumes de vente compris entre 571 et 1 117 v\u00e9hicules.<\/p>\n\n\n\n<h2 class=\"wp-block-heading\" id=\"h-une-marque-japonaise-en-tete-des-vehicules-utilitaires-legers\"><strong>Une marque japonaise en t\u00eate des v\u00e9hicules utilitaires l\u00e9gers<\/strong><\/h2>\n\n\n\n<p><br>Dans le segment des v\u00e9hicules utilitaires et des petites camionnettes, une marque japonaise conserve une position dominante avec une part de march\u00e9 d\u00e9passant 31 %. Ses ventes ont enregistr\u00e9 une hausse exceptionnelle de 208 % par rapport \u00e0 l\u2019ann\u00e9e pr\u00e9c\u00e9dente, refl\u00e9tant une demande accrue de la part des acteurs \u00e9conomiques. Une marque fran\u00e7aise occupe la deuxi\u00e8me place dans ce segment.<\/p>\n\n\n\n<h2 class=\"wp-block-heading\" id=\"h-le-marche-des-voitures-populaires\"><strong>Le march\u00e9 des voitures populaires<\/strong><\/h2>\n\n\n\n<p><br>Le segment des voitures populaires a l\u00e9g\u00e8rement recul\u00e9, passant de 1 149 unit\u00e9s vendues en janvier-f\u00e9vrier 2025 \u00e0 1 103 unit\u00e9s sur la m\u00eame p\u00e9riode en 2026. Sept concessionnaires, principalement asiatiques, commercialisent ce type de v\u00e9hicules, mais c\u2019est une marque europ\u00e9enne qui reste la plus vendue. Les prix observ\u00e9s varient entre 30 000 et 34 800 dinars.<\/p>\n\n\n\n<p class=\"has-medium-font-size\"><strong>Lire aussi :<a href=\"https:\/\/www.webdo.tn\/fr\/actualite\/national\/voiture-exoneree-les-concessionnaires-alertent-contre-une-saturation-sans-precedent\/388410\/\">&nbsp;<\/a><\/strong><a href=\"https:\/\/www.webdo.tn\/fr\/actualite\/national\/voiture-exoneree-les-concessionnaires-alertent-contre-une-saturation-sans-precedent\/388410\/\">\u00ab&nbsp;Voiture exon\u00e9r\u00e9e&nbsp;\u00bb : Les concessionnaires alertent contre une \u00ab&nbsp;saturation&nbsp;\u00bb sans pr\u00e9c\u00e9dent !<\/a><br><\/p>\n\n\n\n<p>L\u2019\u00e9tude souligne \u00e9galement le d\u00e9veloppement continu des marques asiatiques, notamment chinoises, avec des taux de croissance \u00e0 trois chiffres, refl\u00e9tant un changement des pr\u00e9f\u00e9rences des consommateurs tunisiens vers des v\u00e9hicules technologiquement modernes et abordables.<\/p>\n\n\n\n<h2 class=\"wp-block-heading\" id=\"h-croissance-du-marche-parallele\"><strong>Croissance du march\u00e9 parall\u00e8le<\/strong><\/h2>\n\n\n\n<p><br>Le march\u00e9 parall\u00e8le conna\u00eet \u00e9galement une expansion notable, avec 4 515 v\u00e9hicules vendus depuis le d\u00e9but de l\u2019ann\u00e9e, en hausse de 17,85 % par rapport \u00e0 la m\u00eame p\u00e9riode en 2025 (3 831 unit\u00e9s). Les marques europ\u00e9ennes dominent ce segment, illustrant le d\u00e9sir des consommateurs d\u2019acqu\u00e9rir ces v\u00e9hicules m\u00eame en dehors des circuits officiels.<\/p>\n","protected":false},"excerpt":{"rendered":"<p>Le march\u00e9 automobile tunisien a connu une dynamique positive durant les mois de janvier et f\u00e9vrier 2026, avec une croissance globale des ventes de 7,54 % par rapport \u00e0 la m\u00eame p\u00e9riode en 2025, d\u00e9passant ainsi 8 880 v\u00e9hicules vendus. Ces donn\u00e9es proviennent de la Agence TAP, qui s\u2019appuie sur les statistiques de la Chambre [&hellip;]<\/p>\n","protected":false},"author":3184,"featured_media":394448,"comment_status":"closed","ping_status":"closed","sticky":false,"template":"","format":"standard","meta":{"footnotes":""},"categories":[44],"tags":[2841,2608],"class_list":["post-394611","post","type-post","status-publish","format-standard","has-post-thumbnail","hentry","category-national","tag-automobile","tag-tunisie"],"yoast_head":"<!-- This site is optimized with the Yoast SEO Premium plugin v27.5 (Yoast SEO v27.5) - https:\/\/yoast.com\/product\/yoast-seo-premium-wordpress\/ -->\n<title>Tunisie - automobile : Croissance et une forte pr\u00e9sence asiatique - webdo<\/title>\n<meta name=\"description\" content=\"D\u00e9couvrez le march\u00e9 automobile tunisien, qui a connu une croissance des ventes de 7,54 % en d\u00e9but d&#039;ann\u00e9e 2026.\" \/>\n<link rel=\"canonical\" href=\"https:\/\/www.webdo.tn\/fr\/actualite\/national\/tunisie-automobile-croissance-et-une-forte-presence-asiatique\/394611\/\" \/>\n<meta property=\"og:locale\" content=\"fr_FR\" \/>\n<meta property=\"og:type\" content=\"article\" \/>\n<meta property=\"og:title\" content=\"Tunisie - automobile : Croissance et une forte pr\u00e9sence asiatique\" \/>\n<meta property=\"og:description\" content=\"D\u00e9couvrez le march\u00e9 automobile tunisien, qui a connu une croissance des ventes de 7,54 % en d\u00e9but d&#039;ann\u00e9e 2026.\" \/>\n<meta property=\"og:url\" content=\"https:\/\/www.webdo.tn\/fr\/actualite\/national\/tunisie-automobile-croissance-et-une-forte-presence-asiatique\/394611\/\" \/>\n<meta property=\"og:site_name\" content=\"webdo\" \/>\n<meta property=\"article:publisher\" content=\"https:\/\/www.facebook.com\/webdotn\" \/>\n<meta property=\"article:published_time\" content=\"2026-03-14T10:33:46+00:00\" \/>\n<meta property=\"article:modified_time\" content=\"2026-03-14T10:33:50+00:00\" \/>\n<meta property=\"og:image\" content=\"https:\/\/www.webdo.tn\/fr\/wp-content\/uploads\/2026\/03\/concessionnaires-automobiles.jpg\" \/>\n\t<meta property=\"og:image:width\" content=\"1200\" \/>\n\t<meta property=\"og:image:height\" content=\"600\" \/>\n\t<meta property=\"og:image:type\" content=\"image\/jpeg\" \/>\n<meta name=\"author\" content=\"Wided Belhaj\" \/>\n<meta name=\"twitter:card\" content=\"summary_large_image\" \/>\n<meta name=\"twitter:creator\" content=\"@webdo_tn\" \/>\n<meta name=\"twitter:site\" content=\"@webdo_tn\" \/>\n<meta name=\"twitter:label1\" content=\"\u00c9crit par\" \/>\n\t<meta name=\"twitter:data1\" content=\"Wided Belhaj\" \/>\n\t<meta name=\"twitter:label2\" content=\"Dur\u00e9e de lecture estim\u00e9e\" \/>\n\t<meta name=\"twitter:data2\" content=\"3 minutes\" \/>\n<script type=\"application\/ld+json\" class=\"yoast-schema-graph\">{\"@context\":\"https:\\\/\\\/schema.org\",\"@graph\":[{\"@type\":\"NewsArticle\",\"@id\":\"https:\\\/\\\/www.webdo.tn\\\/fr\\\/actualite\\\/national\\\/tunisie-automobile-croissance-et-une-forte-presence-asiatique\\\/394611\\\/#article\",\"isPartOf\":{\"@id\":\"https:\\\/\\\/www.webdo.tn\\\/fr\\\/actualite\\\/national\\\/tunisie-automobile-croissance-et-une-forte-presence-asiatique\\\/394611\\\/\"},\"author\":{\"name\":\"Wided Belhaj\",\"@id\":\"https:\\\/\\\/www.webdo.tn\\\/fr\\\/#\\\/schema\\\/person\\\/b9ecde7a5574cb4fcf4b496ea5fadb15\"},\"headline\":\"Tunisie &#8211; automobile : Croissance et une forte pr\u00e9sence asiatique\",\"datePublished\":\"2026-03-14T10:33:46+00:00\",\"dateModified\":\"2026-03-14T10:33:50+00:00\",\"mainEntityOfPage\":{\"@id\":\"https:\\\/\\\/www.webdo.tn\\\/fr\\\/actualite\\\/national\\\/tunisie-automobile-croissance-et-une-forte-presence-asiatique\\\/394611\\\/\"},\"wordCount\":397,\"publisher\":{\"@id\":\"https:\\\/\\\/www.webdo.tn\\\/fr\\\/#organization\"},\"image\":{\"@id\":\"https:\\\/\\\/www.webdo.tn\\\/fr\\\/actualite\\\/national\\\/tunisie-automobile-croissance-et-une-forte-presence-asiatique\\\/394611\\\/#primaryimage\"},\"thumbnailUrl\":\"https:\\\/\\\/www.webdo.tn\\\/fr\\\/wp-content\\\/uploads\\\/2026\\\/03\\\/concessionnaires-automobiles.jpg\",\"keywords\":[\"Automobile\",\"Tunisie\"],\"articleSection\":[\"National\"],\"inLanguage\":\"fr-FR\"},{\"@type\":\"WebPage\",\"@id\":\"https:\\\/\\\/www.webdo.tn\\\/fr\\\/actualite\\\/national\\\/tunisie-automobile-croissance-et-une-forte-presence-asiatique\\\/394611\\\/\",\"url\":\"https:\\\/\\\/www.webdo.tn\\\/fr\\\/actualite\\\/national\\\/tunisie-automobile-croissance-et-une-forte-presence-asiatique\\\/394611\\\/\",\"name\":\"Tunisie - automobile : Croissance et une forte pr\u00e9sence asiatique - webdo\",\"isPartOf\":{\"@id\":\"https:\\\/\\\/www.webdo.tn\\\/fr\\\/#website\"},\"primaryImageOfPage\":{\"@id\":\"https:\\\/\\\/www.webdo.tn\\\/fr\\\/actualite\\\/national\\\/tunisie-automobile-croissance-et-une-forte-presence-asiatique\\\/394611\\\/#primaryimage\"},\"image\":{\"@id\":\"https:\\\/\\\/www.webdo.tn\\\/fr\\\/actualite\\\/national\\\/tunisie-automobile-croissance-et-une-forte-presence-asiatique\\\/394611\\\/#primaryimage\"},\"thumbnailUrl\":\"https:\\\/\\\/www.webdo.tn\\\/fr\\\/wp-content\\\/uploads\\\/2026\\\/03\\\/concessionnaires-automobiles.jpg\",\"datePublished\":\"2026-03-14T10:33:46+00:00\",\"dateModified\":\"2026-03-14T10:33:50+00:00\",\"description\":\"D\u00e9couvrez le march\u00e9 automobile tunisien, qui a connu une croissance des ventes de 7,54 % en d\u00e9but d'ann\u00e9e 2026.\",\"breadcrumb\":{\"@id\":\"https:\\\/\\\/www.webdo.tn\\\/fr\\\/actualite\\\/national\\\/tunisie-automobile-croissance-et-une-forte-presence-asiatique\\\/394611\\\/#breadcrumb\"},\"inLanguage\":\"fr-FR\",\"potentialAction\":[{\"@type\":\"ReadAction\",\"target\":[\"https:\\\/\\\/www.webdo.tn\\\/fr\\\/actualite\\\/national\\\/tunisie-automobile-croissance-et-une-forte-presence-asiatique\\\/394611\\\/\"]}]},{\"@type\":\"ImageObject\",\"inLanguage\":\"fr-FR\",\"@id\":\"https:\\\/\\\/www.webdo.tn\\\/fr\\\/actualite\\\/national\\\/tunisie-automobile-croissance-et-une-forte-presence-asiatique\\\/394611\\\/#primaryimage\",\"url\":\"https:\\\/\\\/www.webdo.tn\\\/fr\\\/wp-content\\\/uploads\\\/2026\\\/03\\\/concessionnaires-automobiles.jpg\",\"contentUrl\":\"https:\\\/\\\/www.webdo.tn\\\/fr\\\/wp-content\\\/uploads\\\/2026\\\/03\\\/concessionnaires-automobiles.jpg\",\"width\":1200,\"height\":600,\"caption\":\"Voitures : la mont\u00e9e du march\u00e9 parall\u00e8le inqui\u00e8te les concessionnaires en Tunisie\"},{\"@type\":\"BreadcrumbList\",\"@id\":\"https:\\\/\\\/www.webdo.tn\\\/fr\\\/actualite\\\/national\\\/tunisie-automobile-croissance-et-une-forte-presence-asiatique\\\/394611\\\/#breadcrumb\",\"itemListElement\":[{\"@type\":\"ListItem\",\"position\":1,\"name\":\"Accueil\",\"item\":\"https:\\\/\\\/www.webdo.tn\\\/fr\\\/\"},{\"@type\":\"ListItem\",\"position\":2,\"name\":\"Tunisie &#8211; automobile : Croissance et une forte pr\u00e9sence asiatique\"}]},{\"@type\":\"WebSite\",\"@id\":\"https:\\\/\\\/www.webdo.tn\\\/fr\\\/#website\",\"url\":\"https:\\\/\\\/www.webdo.tn\\\/fr\\\/\",\"name\":\"webdo\",\"description\":\"Tunisie - News en Tunisie et \u00e0 l&#039;international sur Webdo.tn\",\"publisher\":{\"@id\":\"https:\\\/\\\/www.webdo.tn\\\/fr\\\/#organization\"},\"potentialAction\":[{\"@type\":\"SearchAction\",\"target\":{\"@type\":\"EntryPoint\",\"urlTemplate\":\"https:\\\/\\\/www.webdo.tn\\\/fr\\\/?s={search_term_string}\"},\"query-input\":{\"@type\":\"PropertyValueSpecification\",\"valueRequired\":true,\"valueName\":\"search_term_string\"}}],\"inLanguage\":\"fr-FR\"},{\"@type\":\"Organization\",\"@id\":\"https:\\\/\\\/www.webdo.tn\\\/fr\\\/#organization\",\"name\":\"Webdo\",\"alternateName\":\"Webdo.tn\",\"url\":\"https:\\\/\\\/www.webdo.tn\\\/fr\\\/\",\"logo\":{\"@type\":\"ImageObject\",\"inLanguage\":\"fr-FR\",\"@id\":\"https:\\\/\\\/www.webdo.tn\\\/fr\\\/#\\\/schema\\\/logo\\\/image\\\/\",\"url\":\"https:\\\/\\\/www.webdo.tn\\\/fr\\\/wp-content\\\/uploads\\\/2025\\\/06\\\/Webdo-Tunisie_168377.jpg\",\"contentUrl\":\"https:\\\/\\\/www.webdo.tn\\\/fr\\\/wp-content\\\/uploads\\\/2025\\\/06\\\/Webdo-Tunisie_168377.jpg\",\"width\":301,\"height\":301,\"caption\":\"Webdo\"},\"image\":{\"@id\":\"https:\\\/\\\/www.webdo.tn\\\/fr\\\/#\\\/schema\\\/logo\\\/image\\\/\"},\"sameAs\":[\"https:\\\/\\\/www.facebook.com\\\/webdotn\",\"https:\\\/\\\/x.com\\\/webdo_tn\"],\"description\":\"Webdo est un m\u00e9dia num\u00e9rique tunisien fond\u00e9 en 2010, sp\u00e9cialis\u00e9 dans l\u2019actualit\u00e9 nationale et internationale, l\u2019\u00e9conomie, la soci\u00e9t\u00e9 et les analyses politiques. Le site s\u2019adresse \u00e0 un large public francophone et couvre l\u2019information tunisienne en temps r\u00e9el.\",\"email\":\"redac@webdo.tn\",\"legalName\":\"YNJ SARL\",\"foundingDate\":\"2010-09-06\",\"numberOfEmployees\":{\"@type\":\"QuantitativeValue\",\"minValue\":\"11\",\"maxValue\":\"50\"}},{\"@type\":\"Person\",\"@id\":\"https:\\\/\\\/www.webdo.tn\\\/fr\\\/#\\\/schema\\\/person\\\/b9ecde7a5574cb4fcf4b496ea5fadb15\",\"name\":\"Wided Belhaj\",\"image\":{\"@type\":\"ImageObject\",\"inLanguage\":\"fr-FR\",\"@id\":\"https:\\\/\\\/www.webdo.tn\\\/fr\\\/wp-content\\\/uploads\\\/2026\\\/04\\\/wided-belhaj_avatar-96x96.jpg\",\"url\":\"https:\\\/\\\/www.webdo.tn\\\/fr\\\/wp-content\\\/uploads\\\/2026\\\/04\\\/wided-belhaj_avatar-96x96.jpg\",\"contentUrl\":\"https:\\\/\\\/www.webdo.tn\\\/fr\\\/wp-content\\\/uploads\\\/2026\\\/04\\\/wided-belhaj_avatar-96x96.jpg\",\"caption\":\"Wided Belhaj\"},\"description\":\"Wided Belhaj est le pseudonyme \u00e9ditorial utilis\u00e9 par Khalil Jelassi, journaliste, ma\u00eetre-assistant \u00e0 l\u2019Institut de presse et des sciences de l\u2019information (IPSI) et chercheur en sciences de l\u2019information et de la communication. Cette signature est d\u00e9di\u00e9e \u00e0 l\u2019analyse des m\u00e9dias, des pratiques journalistiques et des mutations de l\u2019information \u00e0 l\u2019\u00e8re digitale. \u00c0 travers ses contributions, Wided Belhaj propose une lecture analytique de l\u2019actualit\u00e9, en croisant regard critique et expertise acad\u00e9mique.\",\"knowsAbout\":[\"m\u00e9dias\",\"journalisme\",\"communication\",\"information\",\"transformation num\u00e9rique\",\"analyse des m\u00e9dias\"],\"knowsLanguage\":[\"Fran\u00e7ais\",\"Arabe\"],\"jobTitle\":\"Webdo.tn\",\"worksFor\":\"Journaliste \u2013 Analyse des m\u00e9dias\",\"url\":\"https:\\\/\\\/www.webdo.tn\\\/fr\\\/actualite\\\/author\\\/wided-belhaj\\\/\"}]}<\/script>\n<!-- \/ Yoast SEO Premium plugin. -->","yoast_head_json":{"title":"Tunisie - automobile : Croissance et une forte pr\u00e9sence asiatique - webdo","description":"D\u00e9couvrez le march\u00e9 automobile tunisien, qui a connu une croissance des ventes de 7,54 % en d\u00e9but d'ann\u00e9e 2026.","canonical":"https:\/\/www.webdo.tn\/fr\/actualite\/national\/tunisie-automobile-croissance-et-une-forte-presence-asiatique\/394611\/","og_locale":"fr_FR","og_type":"article","og_title":"Tunisie - automobile : Croissance et une forte pr\u00e9sence asiatique","og_description":"D\u00e9couvrez le march\u00e9 automobile tunisien, qui a connu une croissance des ventes de 7,54 % en d\u00e9but d'ann\u00e9e 2026.","og_url":"https:\/\/www.webdo.tn\/fr\/actualite\/national\/tunisie-automobile-croissance-et-une-forte-presence-asiatique\/394611\/","og_site_name":"webdo","article_publisher":"https:\/\/www.facebook.com\/webdotn","article_published_time":"2026-03-14T10:33:46+00:00","article_modified_time":"2026-03-14T10:33:50+00:00","og_image":[{"width":1200,"height":600,"url":"https:\/\/www.webdo.tn\/fr\/wp-content\/uploads\/2026\/03\/concessionnaires-automobiles.jpg","type":"image\/jpeg"}],"author":"Wided Belhaj","twitter_card":"summary_large_image","twitter_creator":"@webdo_tn","twitter_site":"@webdo_tn","twitter_misc":{"\u00c9crit par":"Wided Belhaj","Dur\u00e9e de lecture estim\u00e9e":"3 minutes"},"schema":{"@context":"https:\/\/schema.org","@graph":[{"@type":"NewsArticle","@id":"https:\/\/www.webdo.tn\/fr\/actualite\/national\/tunisie-automobile-croissance-et-une-forte-presence-asiatique\/394611\/#article","isPartOf":{"@id":"https:\/\/www.webdo.tn\/fr\/actualite\/national\/tunisie-automobile-croissance-et-une-forte-presence-asiatique\/394611\/"},"author":{"name":"Wided Belhaj","@id":"https:\/\/www.webdo.tn\/fr\/#\/schema\/person\/b9ecde7a5574cb4fcf4b496ea5fadb15"},"headline":"Tunisie &#8211; automobile : Croissance et une forte pr\u00e9sence asiatique","datePublished":"2026-03-14T10:33:46+00:00","dateModified":"2026-03-14T10:33:50+00:00","mainEntityOfPage":{"@id":"https:\/\/www.webdo.tn\/fr\/actualite\/national\/tunisie-automobile-croissance-et-une-forte-presence-asiatique\/394611\/"},"wordCount":397,"publisher":{"@id":"https:\/\/www.webdo.tn\/fr\/#organization"},"image":{"@id":"https:\/\/www.webdo.tn\/fr\/actualite\/national\/tunisie-automobile-croissance-et-une-forte-presence-asiatique\/394611\/#primaryimage"},"thumbnailUrl":"https:\/\/www.webdo.tn\/fr\/wp-content\/uploads\/2026\/03\/concessionnaires-automobiles.jpg","keywords":["Automobile","Tunisie"],"articleSection":["National"],"inLanguage":"fr-FR"},{"@type":"WebPage","@id":"https:\/\/www.webdo.tn\/fr\/actualite\/national\/tunisie-automobile-croissance-et-une-forte-presence-asiatique\/394611\/","url":"https:\/\/www.webdo.tn\/fr\/actualite\/national\/tunisie-automobile-croissance-et-une-forte-presence-asiatique\/394611\/","name":"Tunisie - automobile : Croissance et une forte pr\u00e9sence asiatique - webdo","isPartOf":{"@id":"https:\/\/www.webdo.tn\/fr\/#website"},"primaryImageOfPage":{"@id":"https:\/\/www.webdo.tn\/fr\/actualite\/national\/tunisie-automobile-croissance-et-une-forte-presence-asiatique\/394611\/#primaryimage"},"image":{"@id":"https:\/\/www.webdo.tn\/fr\/actualite\/national\/tunisie-automobile-croissance-et-une-forte-presence-asiatique\/394611\/#primaryimage"},"thumbnailUrl":"https:\/\/www.webdo.tn\/fr\/wp-content\/uploads\/2026\/03\/concessionnaires-automobiles.jpg","datePublished":"2026-03-14T10:33:46+00:00","dateModified":"2026-03-14T10:33:50+00:00","description":"D\u00e9couvrez le march\u00e9 automobile tunisien, qui a connu une croissance des ventes de 7,54 % en d\u00e9but d'ann\u00e9e 2026.","breadcrumb":{"@id":"https:\/\/www.webdo.tn\/fr\/actualite\/national\/tunisie-automobile-croissance-et-une-forte-presence-asiatique\/394611\/#breadcrumb"},"inLanguage":"fr-FR","potentialAction":[{"@type":"ReadAction","target":["https:\/\/www.webdo.tn\/fr\/actualite\/national\/tunisie-automobile-croissance-et-une-forte-presence-asiatique\/394611\/"]}]},{"@type":"ImageObject","inLanguage":"fr-FR","@id":"https:\/\/www.webdo.tn\/fr\/actualite\/national\/tunisie-automobile-croissance-et-une-forte-presence-asiatique\/394611\/#primaryimage","url":"https:\/\/www.webdo.tn\/fr\/wp-content\/uploads\/2026\/03\/concessionnaires-automobiles.jpg","contentUrl":"https:\/\/www.webdo.tn\/fr\/wp-content\/uploads\/2026\/03\/concessionnaires-automobiles.jpg","width":1200,"height":600,"caption":"Voitures : la mont\u00e9e du march\u00e9 parall\u00e8le inqui\u00e8te les concessionnaires en Tunisie"},{"@type":"BreadcrumbList","@id":"https:\/\/www.webdo.tn\/fr\/actualite\/national\/tunisie-automobile-croissance-et-une-forte-presence-asiatique\/394611\/#breadcrumb","itemListElement":[{"@type":"ListItem","position":1,"name":"Accueil","item":"https:\/\/www.webdo.tn\/fr\/"},{"@type":"ListItem","position":2,"name":"Tunisie &#8211; automobile : Croissance et une forte pr\u00e9sence asiatique"}]},{"@type":"WebSite","@id":"https:\/\/www.webdo.tn\/fr\/#website","url":"https:\/\/www.webdo.tn\/fr\/","name":"webdo","description":"Tunisie - News en Tunisie et \u00e0 l&#039;international sur Webdo.tn","publisher":{"@id":"https:\/\/www.webdo.tn\/fr\/#organization"},"potentialAction":[{"@type":"SearchAction","target":{"@type":"EntryPoint","urlTemplate":"https:\/\/www.webdo.tn\/fr\/?s={search_term_string}"},"query-input":{"@type":"PropertyValueSpecification","valueRequired":true,"valueName":"search_term_string"}}],"inLanguage":"fr-FR"},{"@type":"Organization","@id":"https:\/\/www.webdo.tn\/fr\/#organization","name":"Webdo","alternateName":"Webdo.tn","url":"https:\/\/www.webdo.tn\/fr\/","logo":{"@type":"ImageObject","inLanguage":"fr-FR","@id":"https:\/\/www.webdo.tn\/fr\/#\/schema\/logo\/image\/","url":"https:\/\/www.webdo.tn\/fr\/wp-content\/uploads\/2025\/06\/Webdo-Tunisie_168377.jpg","contentUrl":"https:\/\/www.webdo.tn\/fr\/wp-content\/uploads\/2025\/06\/Webdo-Tunisie_168377.jpg","width":301,"height":301,"caption":"Webdo"},"image":{"@id":"https:\/\/www.webdo.tn\/fr\/#\/schema\/logo\/image\/"},"sameAs":["https:\/\/www.facebook.com\/webdotn","https:\/\/x.com\/webdo_tn"],"description":"Webdo est un m\u00e9dia num\u00e9rique tunisien fond\u00e9 en 2010, sp\u00e9cialis\u00e9 dans l\u2019actualit\u00e9 nationale et internationale, l\u2019\u00e9conomie, la soci\u00e9t\u00e9 et les analyses politiques. Le site s\u2019adresse \u00e0 un large public francophone et couvre l\u2019information tunisienne en temps r\u00e9el.","email":"redac@webdo.tn","legalName":"YNJ SARL","foundingDate":"2010-09-06","numberOfEmployees":{"@type":"QuantitativeValue","minValue":"11","maxValue":"50"}},{"@type":"Person","@id":"https:\/\/www.webdo.tn\/fr\/#\/schema\/person\/b9ecde7a5574cb4fcf4b496ea5fadb15","name":"Wided Belhaj","image":{"@type":"ImageObject","inLanguage":"fr-FR","@id":"https:\/\/www.webdo.tn\/fr\/wp-content\/uploads\/2026\/04\/wided-belhaj_avatar-96x96.jpg","url":"https:\/\/www.webdo.tn\/fr\/wp-content\/uploads\/2026\/04\/wided-belhaj_avatar-96x96.jpg","contentUrl":"https:\/\/www.webdo.tn\/fr\/wp-content\/uploads\/2026\/04\/wided-belhaj_avatar-96x96.jpg","caption":"Wided Belhaj"},"description":"Wided Belhaj est le pseudonyme \u00e9ditorial utilis\u00e9 par Khalil Jelassi, journaliste, ma\u00eetre-assistant \u00e0 l\u2019Institut de presse et des sciences de l\u2019information (IPSI) et chercheur en sciences de l\u2019information et de la communication. Cette signature est d\u00e9di\u00e9e \u00e0 l\u2019analyse des m\u00e9dias, des pratiques journalistiques et des mutations de l\u2019information \u00e0 l\u2019\u00e8re digitale. \u00c0 travers ses contributions, Wided Belhaj propose une lecture analytique de l\u2019actualit\u00e9, en croisant regard critique et expertise acad\u00e9mique.","knowsAbout":["m\u00e9dias","journalisme","communication","information","transformation num\u00e9rique","analyse des m\u00e9dias"],"knowsLanguage":["Fran\u00e7ais","Arabe"],"jobTitle":"Webdo.tn","worksFor":"Journaliste \u2013 Analyse des m\u00e9dias","url":"https:\/\/www.webdo.tn\/fr\/actualite\/author\/wided-belhaj\/"}]}},"_links":{"self":[{"href":"https:\/\/www.webdo.tn\/fr\/wp-json\/wp\/v2\/posts\/394611","targetHints":{"allow":["GET"]}}],"collection":[{"href":"https:\/\/www.webdo.tn\/fr\/wp-json\/wp\/v2\/posts"}],"about":[{"href":"https:\/\/www.webdo.tn\/fr\/wp-json\/wp\/v2\/types\/post"}],"author":[{"embeddable":true,"href":"https:\/\/www.webdo.tn\/fr\/wp-json\/wp\/v2\/users\/3184"}],"replies":[{"embeddable":true,"href":"https:\/\/www.webdo.tn\/fr\/wp-json\/wp\/v2\/comments?post=394611"}],"version-history":[{"count":0,"href":"https:\/\/www.webdo.tn\/fr\/wp-json\/wp\/v2\/posts\/394611\/revisions"}],"wp:featuredmedia":[{"embeddable":true,"href":"https:\/\/www.webdo.tn\/fr\/wp-json\/wp\/v2\/media\/394448"}],"wp:attachment":[{"href":"https:\/\/www.webdo.tn\/fr\/wp-json\/wp\/v2\/media?parent=394611"}],"wp:term":[{"taxonomy":"category","embeddable":true,"href":"https:\/\/www.webdo.tn\/fr\/wp-json\/wp\/v2\/categories?post=394611"},{"taxonomy":"post_tag","embeddable":true,"href":"https:\/\/www.webdo.tn\/fr\/wp-json\/wp\/v2\/tags?post=394611"}],"curies":[{"name":"wp","href":"https:\/\/api.w.org\/{rel}","templated":true}]}}