{"id":394594,"date":"2026-03-14T09:19:42","date_gmt":"2026-03-14T08:19:42","guid":{"rendered":"https:\/\/www.webdo.tn\/fr\/?p=394594"},"modified":"2026-03-14T09:22:05","modified_gmt":"2026-03-14T08:22:05","slug":"extension-de-tunis-carthage-entre-pollution-et-securite-lavertissement-de-cet-expert","status":"publish","type":"post","link":"https:\/\/www.webdo.tn\/fr\/actualite\/national\/extension-de-tunis-carthage-entre-pollution-et-securite-lavertissement-de-cet-expert\/394594\/","title":{"rendered":"Extension de Tunis-Carthage : Entre pollution et s\u00e9curit\u00e9 &#8230; l\u2019avertissement de cet expert"},"content":{"rendered":"\n<p><strong>L\u2019expert-comptable Maher Guida a vivement critiqu\u00e9 le projet d\u2019extension de l\u2019a\u00e9roport de Tunis-Carthage, soulignant plusieurs risques et limites li\u00e9s \u00e0 ce plan. En d\u00e9pit de sa rentabilit\u00e9 financi\u00e8re pr\u00e9vue, l&rsquo;expert explique qu&rsquo;une r\u00e9flexion plus approfondie permettra de mieux g\u00e9rer ce projet. <\/strong><\/p>\n\n\n\n<p>Selon lui, l\u2019extension pourrait entra\u00eener la gestion de 18 millions de passagers dans une zone urbaine d\u00e9j\u00e0 dense, avec environ 205 avions qui atterrissent quotidiennement. Cette intensification du trafic a\u00e9rien risque d\u2019accentuer la pollution sonore pour les habitants de La Soukra et les zones environnantes.<\/p>\n\n\n\n<h2 class=\"wp-block-heading\" id=\"h-l-infrastructure-actuelle-n-est-pas-suffisante\">L\u2019infrastructure actuelle n\u2019est pas suffisante<\/h2>\n\n\n\n<p>L\u2019expert souligne \u00e9galement que l\u2019infrastructure actuelle, notamment les deux pistes d\u2019atterrissage, n\u2019est pas suffisante pour absorber une telle augmentation du trafic. \u00ab Pourquoi ne pas miser sur le transit plut\u00f4t que sur le trafic direct ? Nous sommes en train de perdre notre emplacement strat\u00e9gique \u00bb, a-t-il averti, ajoutant que l\u2019a\u00e9roport actuel ne permet pas d\u2019atteindre cet objectif.<\/p>\n\n\n\n<p>Selon lui, maintenir un a\u00e9roport de cette taille au sein d\u2019une agglom\u00e9ration urbaine est tr\u00e8s co\u00fbteux, notamment en mati\u00e8re d\u2019assurances et de s\u00e9curit\u00e9, et que le manque d\u2019infrastructures compl\u00e9mentaires comme les h\u00f4tels ou les zones commerciales rend le projet encore plus complexe.<\/p>\n\n\n\n<p class=\"has-medium-font-size\"><strong>Lire aussi :<\/strong> <a href=\"https:\/\/www.webdo.tn\/fr\/actualite\/national\/extension-de-laeroport-tunis-carthage-un-projet-a-3-milliards-de-dinars-avec-metro-aerien\/387370\/\">Extension de l\u2019a\u00e9roport Tunis-Carthage : Un projet \u00e0 3 milliards de dinars avec m\u00e9tro a\u00e9rien<\/a><\/p>\n\n\n\n<p>Maher Guida appelle donc \u00e0 une r\u00e9flexion strat\u00e9gique avant d\u2019engager des investissements lourds, privil\u00e9giant des solutions alternatives pour optimiser le transit a\u00e9rien sans surcharger une zone urbaine d\u00e9j\u00e0 dense.<\/p>\n\n\n\n<h2 class=\"wp-block-heading\" id=\"h-un-projet-ambitieux\">Un projet ambitieux ? <\/h2>\n\n\n\n<p><\/p>\n\n\n\n<p>Un vaste projet de 3 milliards de dinars (environ 865 millions d&rsquo;euros) est pr\u00e9vu pour l&rsquo;extension de l&rsquo;a\u00e9roport Tunis-Carthage d&rsquo;ici 2031, abandonnant l&rsquo;id\u00e9e d&rsquo;un nouvel a\u00e9roport. L&rsquo;objectif est de porter la capacit\u00e9 de l&rsquo;a\u00e9rogare de 5 \u00e0 18,5 millions de passagers par an, incluant une nouvelle a\u00e9rogare et une liaison par m\u00e9tro a\u00e9rien<\/p>\n\n\n\n<p>En effet, le projet, pr\u00e9sent\u00e9 par les autorit\u00e9s, vise \u00e0 moderniser et agrandir l\u2019a\u00e9roport afin de porter sa capacit\u00e9 annuelle \u00e0 18 millions de passagers, avec de nouvelles infrastructures pour accueillir un trafic a\u00e9rien en forte croissance. Il comprend notamment l\u2019extension des terminaux, l\u2019am\u00e9nagement de parkings suppl\u00e9mentaires et la mise \u00e0 niveau de certaines installations existantes pour r\u00e9pondre aux standards internationaux.<\/p>\n\n\n\n<p><\/p>\n","protected":false},"excerpt":{"rendered":"<p>L\u2019expert-comptable Maher Guida a vivement critiqu\u00e9 le projet d\u2019extension de l\u2019a\u00e9roport de Tunis-Carthage, soulignant plusieurs risques et limites li\u00e9s \u00e0 ce plan. En d\u00e9pit de sa rentabilit\u00e9 financi\u00e8re pr\u00e9vue, l&rsquo;expert explique qu&rsquo;une r\u00e9flexion plus approfondie permettra de mieux g\u00e9rer ce projet. Selon lui, l\u2019extension pourrait entra\u00eener la gestion de 18 millions de passagers dans une [&hellip;]<\/p>\n","protected":false},"author":3184,"featured_media":387371,"comment_status":"closed","ping_status":"closed","sticky":false,"template":"","format":"standard","meta":{"footnotes":""},"categories":[44],"tags":[3458,2608],"class_list":["post-394594","post","type-post","status-publish","format-standard","has-post-thumbnail","hentry","category-national","tag-tunis-carthage","tag-tunisie"],"yoast_head":"<!-- This site is optimized with the Yoast SEO Premium plugin v27.5 (Yoast SEO v27.5) - https:\/\/yoast.com\/product\/yoast-seo-premium-wordpress\/ -->\n<title>Extension de Tunis-Carthage : Entre pollution et s\u00e9curit\u00e9 ... l\u2019avertissement de cet expert - webdo<\/title>\n<meta name=\"description\" content=\"D\u00e9couvrez les risques du projet d&#039;extension de Tunis-Carthage selon l&#039;expert Maher Guida et ses critiques sur le trafic a\u00e9rien.\" \/>\n<link rel=\"canonical\" href=\"https:\/\/www.webdo.tn\/fr\/actualite\/national\/extension-de-tunis-carthage-entre-pollution-et-securite-lavertissement-de-cet-expert\/394594\/\" \/>\n<meta property=\"og:locale\" content=\"fr_FR\" \/>\n<meta property=\"og:type\" content=\"article\" \/>\n<meta property=\"og:title\" content=\"Extension de Tunis-Carthage : Entre pollution et s\u00e9curit\u00e9 ... l\u2019avertissement de cet expert\" \/>\n<meta property=\"og:description\" content=\"D\u00e9couvrez les risques du projet d&#039;extension de Tunis-Carthage selon l&#039;expert Maher Guida et ses critiques sur le trafic a\u00e9rien.\" \/>\n<meta property=\"og:url\" content=\"https:\/\/www.webdo.tn\/fr\/actualite\/national\/extension-de-tunis-carthage-entre-pollution-et-securite-lavertissement-de-cet-expert\/394594\/\" \/>\n<meta property=\"og:site_name\" content=\"webdo\" \/>\n<meta property=\"article:publisher\" content=\"https:\/\/www.facebook.com\/webdotn\" \/>\n<meta property=\"article:published_time\" content=\"2026-03-14T08:19:42+00:00\" \/>\n<meta property=\"article:modified_time\" content=\"2026-03-14T08:22:05+00:00\" \/>\n<meta property=\"og:image\" content=\"https:\/\/www.webdo.tn\/fr\/wp-content\/uploads\/2025\/11\/Aeroport_Tunis_Carthage.jpg\" \/>\n\t<meta property=\"og:image:width\" content=\"1200\" \/>\n\t<meta property=\"og:image:height\" content=\"601\" \/>\n\t<meta property=\"og:image:type\" content=\"image\/jpeg\" \/>\n<meta name=\"author\" content=\"Wided Belhaj\" \/>\n<meta name=\"twitter:card\" content=\"summary_large_image\" \/>\n<meta name=\"twitter:creator\" content=\"@webdo_tn\" \/>\n<meta name=\"twitter:site\" content=\"@webdo_tn\" \/>\n<meta name=\"twitter:label1\" content=\"\u00c9crit par\" \/>\n\t<meta name=\"twitter:data1\" content=\"Wided Belhaj\" \/>\n\t<meta name=\"twitter:label2\" content=\"Dur\u00e9e de lecture estim\u00e9e\" \/>\n\t<meta name=\"twitter:data2\" content=\"2 minutes\" \/>\n<script type=\"application\/ld+json\" class=\"yoast-schema-graph\">{\"@context\":\"https:\\\/\\\/schema.org\",\"@graph\":[{\"@type\":\"NewsArticle\",\"@id\":\"https:\\\/\\\/www.webdo.tn\\\/fr\\\/actualite\\\/national\\\/extension-de-tunis-carthage-entre-pollution-et-securite-lavertissement-de-cet-expert\\\/394594\\\/#article\",\"isPartOf\":{\"@id\":\"https:\\\/\\\/www.webdo.tn\\\/fr\\\/actualite\\\/national\\\/extension-de-tunis-carthage-entre-pollution-et-securite-lavertissement-de-cet-expert\\\/394594\\\/\"},\"author\":{\"name\":\"Wided Belhaj\",\"@id\":\"https:\\\/\\\/www.webdo.tn\\\/fr\\\/#\\\/schema\\\/person\\\/b9ecde7a5574cb4fcf4b496ea5fadb15\"},\"headline\":\"Extension de Tunis-Carthage : Entre pollution et s\u00e9curit\u00e9 &#8230; l\u2019avertissement de cet expert\",\"datePublished\":\"2026-03-14T08:19:42+00:00\",\"dateModified\":\"2026-03-14T08:22:05+00:00\",\"mainEntityOfPage\":{\"@id\":\"https:\\\/\\\/www.webdo.tn\\\/fr\\\/actualite\\\/national\\\/extension-de-tunis-carthage-entre-pollution-et-securite-lavertissement-de-cet-expert\\\/394594\\\/\"},\"wordCount\":422,\"publisher\":{\"@id\":\"https:\\\/\\\/www.webdo.tn\\\/fr\\\/#organization\"},\"image\":{\"@id\":\"https:\\\/\\\/www.webdo.tn\\\/fr\\\/actualite\\\/national\\\/extension-de-tunis-carthage-entre-pollution-et-securite-lavertissement-de-cet-expert\\\/394594\\\/#primaryimage\"},\"thumbnailUrl\":\"https:\\\/\\\/www.webdo.tn\\\/fr\\\/wp-content\\\/uploads\\\/2025\\\/11\\\/Aeroport_Tunis_Carthage.jpg\",\"keywords\":[\"Tunis-Carthage\",\"Tunisie\"],\"articleSection\":[\"National\"],\"inLanguage\":\"fr-FR\"},{\"@type\":\"WebPage\",\"@id\":\"https:\\\/\\\/www.webdo.tn\\\/fr\\\/actualite\\\/national\\\/extension-de-tunis-carthage-entre-pollution-et-securite-lavertissement-de-cet-expert\\\/394594\\\/\",\"url\":\"https:\\\/\\\/www.webdo.tn\\\/fr\\\/actualite\\\/national\\\/extension-de-tunis-carthage-entre-pollution-et-securite-lavertissement-de-cet-expert\\\/394594\\\/\",\"name\":\"Extension de Tunis-Carthage : Entre pollution et s\u00e9curit\u00e9 ... l\u2019avertissement de cet expert - webdo\",\"isPartOf\":{\"@id\":\"https:\\\/\\\/www.webdo.tn\\\/fr\\\/#website\"},\"primaryImageOfPage\":{\"@id\":\"https:\\\/\\\/www.webdo.tn\\\/fr\\\/actualite\\\/national\\\/extension-de-tunis-carthage-entre-pollution-et-securite-lavertissement-de-cet-expert\\\/394594\\\/#primaryimage\"},\"image\":{\"@id\":\"https:\\\/\\\/www.webdo.tn\\\/fr\\\/actualite\\\/national\\\/extension-de-tunis-carthage-entre-pollution-et-securite-lavertissement-de-cet-expert\\\/394594\\\/#primaryimage\"},\"thumbnailUrl\":\"https:\\\/\\\/www.webdo.tn\\\/fr\\\/wp-content\\\/uploads\\\/2025\\\/11\\\/Aeroport_Tunis_Carthage.jpg\",\"datePublished\":\"2026-03-14T08:19:42+00:00\",\"dateModified\":\"2026-03-14T08:22:05+00:00\",\"description\":\"D\u00e9couvrez les risques du projet d'extension de Tunis-Carthage selon l'expert Maher Guida et ses critiques sur le trafic a\u00e9rien.\",\"breadcrumb\":{\"@id\":\"https:\\\/\\\/www.webdo.tn\\\/fr\\\/actualite\\\/national\\\/extension-de-tunis-carthage-entre-pollution-et-securite-lavertissement-de-cet-expert\\\/394594\\\/#breadcrumb\"},\"inLanguage\":\"fr-FR\",\"potentialAction\":[{\"@type\":\"ReadAction\",\"target\":[\"https:\\\/\\\/www.webdo.tn\\\/fr\\\/actualite\\\/national\\\/extension-de-tunis-carthage-entre-pollution-et-securite-lavertissement-de-cet-expert\\\/394594\\\/\"]}]},{\"@type\":\"ImageObject\",\"inLanguage\":\"fr-FR\",\"@id\":\"https:\\\/\\\/www.webdo.tn\\\/fr\\\/actualite\\\/national\\\/extension-de-tunis-carthage-entre-pollution-et-securite-lavertissement-de-cet-expert\\\/394594\\\/#primaryimage\",\"url\":\"https:\\\/\\\/www.webdo.tn\\\/fr\\\/wp-content\\\/uploads\\\/2025\\\/11\\\/Aeroport_Tunis_Carthage.jpg\",\"contentUrl\":\"https:\\\/\\\/www.webdo.tn\\\/fr\\\/wp-content\\\/uploads\\\/2025\\\/11\\\/Aeroport_Tunis_Carthage.jpg\",\"width\":1200,\"height\":601,\"caption\":\"Extension de l\u2019a\u00e9roport Tunis-Carthage : Un projet \u00e0 3 milliards de dinars avec m\u00e9tro a\u00e9rien\"},{\"@type\":\"BreadcrumbList\",\"@id\":\"https:\\\/\\\/www.webdo.tn\\\/fr\\\/actualite\\\/national\\\/extension-de-tunis-carthage-entre-pollution-et-securite-lavertissement-de-cet-expert\\\/394594\\\/#breadcrumb\",\"itemListElement\":[{\"@type\":\"ListItem\",\"position\":1,\"name\":\"Accueil\",\"item\":\"https:\\\/\\\/www.webdo.tn\\\/fr\\\/\"},{\"@type\":\"ListItem\",\"position\":2,\"name\":\"Extension de Tunis-Carthage : Entre pollution et s\u00e9curit\u00e9 &#8230; l\u2019avertissement de cet expert\"}]},{\"@type\":\"WebSite\",\"@id\":\"https:\\\/\\\/www.webdo.tn\\\/fr\\\/#website\",\"url\":\"https:\\\/\\\/www.webdo.tn\\\/fr\\\/\",\"name\":\"webdo\",\"description\":\"Tunisie - News en Tunisie et \u00e0 l&#039;international sur Webdo.tn\",\"publisher\":{\"@id\":\"https:\\\/\\\/www.webdo.tn\\\/fr\\\/#organization\"},\"potentialAction\":[{\"@type\":\"SearchAction\",\"target\":{\"@type\":\"EntryPoint\",\"urlTemplate\":\"https:\\\/\\\/www.webdo.tn\\\/fr\\\/?s={search_term_string}\"},\"query-input\":{\"@type\":\"PropertyValueSpecification\",\"valueRequired\":true,\"valueName\":\"search_term_string\"}}],\"inLanguage\":\"fr-FR\"},{\"@type\":\"Organization\",\"@id\":\"https:\\\/\\\/www.webdo.tn\\\/fr\\\/#organization\",\"name\":\"Webdo\",\"alternateName\":\"Webdo.tn\",\"url\":\"https:\\\/\\\/www.webdo.tn\\\/fr\\\/\",\"logo\":{\"@type\":\"ImageObject\",\"inLanguage\":\"fr-FR\",\"@id\":\"https:\\\/\\\/www.webdo.tn\\\/fr\\\/#\\\/schema\\\/logo\\\/image\\\/\",\"url\":\"https:\\\/\\\/www.webdo.tn\\\/fr\\\/wp-content\\\/uploads\\\/2025\\\/06\\\/Webdo-Tunisie_168377.jpg\",\"contentUrl\":\"https:\\\/\\\/www.webdo.tn\\\/fr\\\/wp-content\\\/uploads\\\/2025\\\/06\\\/Webdo-Tunisie_168377.jpg\",\"width\":301,\"height\":301,\"caption\":\"Webdo\"},\"image\":{\"@id\":\"https:\\\/\\\/www.webdo.tn\\\/fr\\\/#\\\/schema\\\/logo\\\/image\\\/\"},\"sameAs\":[\"https:\\\/\\\/www.facebook.com\\\/webdotn\",\"https:\\\/\\\/x.com\\\/webdo_tn\"],\"description\":\"Webdo est un m\u00e9dia num\u00e9rique tunisien fond\u00e9 en 2010, sp\u00e9cialis\u00e9 dans l\u2019actualit\u00e9 nationale et internationale, l\u2019\u00e9conomie, la soci\u00e9t\u00e9 et les analyses politiques. Le site s\u2019adresse \u00e0 un large public francophone et couvre l\u2019information tunisienne en temps r\u00e9el.\",\"email\":\"redac@webdo.tn\",\"legalName\":\"YNJ SARL\",\"foundingDate\":\"2010-09-06\",\"numberOfEmployees\":{\"@type\":\"QuantitativeValue\",\"minValue\":\"11\",\"maxValue\":\"50\"}},{\"@type\":\"Person\",\"@id\":\"https:\\\/\\\/www.webdo.tn\\\/fr\\\/#\\\/schema\\\/person\\\/b9ecde7a5574cb4fcf4b496ea5fadb15\",\"name\":\"Wided Belhaj\",\"image\":{\"@type\":\"ImageObject\",\"inLanguage\":\"fr-FR\",\"@id\":\"https:\\\/\\\/www.webdo.tn\\\/fr\\\/wp-content\\\/uploads\\\/2026\\\/04\\\/wided-belhaj_avatar-96x96.jpg\",\"url\":\"https:\\\/\\\/www.webdo.tn\\\/fr\\\/wp-content\\\/uploads\\\/2026\\\/04\\\/wided-belhaj_avatar-96x96.jpg\",\"contentUrl\":\"https:\\\/\\\/www.webdo.tn\\\/fr\\\/wp-content\\\/uploads\\\/2026\\\/04\\\/wided-belhaj_avatar-96x96.jpg\",\"caption\":\"Wided Belhaj\"},\"description\":\"Wided Belhaj est le pseudonyme \u00e9ditorial utilis\u00e9 par Khalil Jelassi, journaliste, ma\u00eetre-assistant \u00e0 l\u2019Institut de presse et des sciences de l\u2019information (IPSI) et chercheur en sciences de l\u2019information et de la communication. Cette signature est d\u00e9di\u00e9e \u00e0 l\u2019analyse des m\u00e9dias, des pratiques journalistiques et des mutations de l\u2019information \u00e0 l\u2019\u00e8re digitale. \u00c0 travers ses contributions, Wided Belhaj propose une lecture analytique de l\u2019actualit\u00e9, en croisant regard critique et expertise acad\u00e9mique.\",\"knowsAbout\":[\"m\u00e9dias\",\"journalisme\",\"communication\",\"information\",\"transformation num\u00e9rique\",\"analyse des m\u00e9dias\"],\"knowsLanguage\":[\"Fran\u00e7ais\",\"Arabe\"],\"jobTitle\":\"Webdo.tn\",\"worksFor\":\"Journaliste \u2013 Analyse des m\u00e9dias\",\"url\":\"https:\\\/\\\/www.webdo.tn\\\/fr\\\/actualite\\\/author\\\/wided-belhaj\\\/\"}]}<\/script>\n<!-- \/ Yoast SEO Premium plugin. -->","yoast_head_json":{"title":"Extension de Tunis-Carthage : Entre pollution et s\u00e9curit\u00e9 ... l\u2019avertissement de cet expert - webdo","description":"D\u00e9couvrez les risques du projet d'extension de Tunis-Carthage selon l'expert Maher Guida et ses critiques sur le trafic a\u00e9rien.","canonical":"https:\/\/www.webdo.tn\/fr\/actualite\/national\/extension-de-tunis-carthage-entre-pollution-et-securite-lavertissement-de-cet-expert\/394594\/","og_locale":"fr_FR","og_type":"article","og_title":"Extension de Tunis-Carthage : Entre pollution et s\u00e9curit\u00e9 ... l\u2019avertissement de cet expert","og_description":"D\u00e9couvrez les risques du projet d'extension de Tunis-Carthage selon l'expert Maher Guida et ses critiques sur le trafic a\u00e9rien.","og_url":"https:\/\/www.webdo.tn\/fr\/actualite\/national\/extension-de-tunis-carthage-entre-pollution-et-securite-lavertissement-de-cet-expert\/394594\/","og_site_name":"webdo","article_publisher":"https:\/\/www.facebook.com\/webdotn","article_published_time":"2026-03-14T08:19:42+00:00","article_modified_time":"2026-03-14T08:22:05+00:00","og_image":[{"width":1200,"height":601,"url":"https:\/\/www.webdo.tn\/fr\/wp-content\/uploads\/2025\/11\/Aeroport_Tunis_Carthage.jpg","type":"image\/jpeg"}],"author":"Wided Belhaj","twitter_card":"summary_large_image","twitter_creator":"@webdo_tn","twitter_site":"@webdo_tn","twitter_misc":{"\u00c9crit par":"Wided Belhaj","Dur\u00e9e de lecture estim\u00e9e":"2 minutes"},"schema":{"@context":"https:\/\/schema.org","@graph":[{"@type":"NewsArticle","@id":"https:\/\/www.webdo.tn\/fr\/actualite\/national\/extension-de-tunis-carthage-entre-pollution-et-securite-lavertissement-de-cet-expert\/394594\/#article","isPartOf":{"@id":"https:\/\/www.webdo.tn\/fr\/actualite\/national\/extension-de-tunis-carthage-entre-pollution-et-securite-lavertissement-de-cet-expert\/394594\/"},"author":{"name":"Wided Belhaj","@id":"https:\/\/www.webdo.tn\/fr\/#\/schema\/person\/b9ecde7a5574cb4fcf4b496ea5fadb15"},"headline":"Extension de Tunis-Carthage : Entre pollution et s\u00e9curit\u00e9 &#8230; l\u2019avertissement de cet expert","datePublished":"2026-03-14T08:19:42+00:00","dateModified":"2026-03-14T08:22:05+00:00","mainEntityOfPage":{"@id":"https:\/\/www.webdo.tn\/fr\/actualite\/national\/extension-de-tunis-carthage-entre-pollution-et-securite-lavertissement-de-cet-expert\/394594\/"},"wordCount":422,"publisher":{"@id":"https:\/\/www.webdo.tn\/fr\/#organization"},"image":{"@id":"https:\/\/www.webdo.tn\/fr\/actualite\/national\/extension-de-tunis-carthage-entre-pollution-et-securite-lavertissement-de-cet-expert\/394594\/#primaryimage"},"thumbnailUrl":"https:\/\/www.webdo.tn\/fr\/wp-content\/uploads\/2025\/11\/Aeroport_Tunis_Carthage.jpg","keywords":["Tunis-Carthage","Tunisie"],"articleSection":["National"],"inLanguage":"fr-FR"},{"@type":"WebPage","@id":"https:\/\/www.webdo.tn\/fr\/actualite\/national\/extension-de-tunis-carthage-entre-pollution-et-securite-lavertissement-de-cet-expert\/394594\/","url":"https:\/\/www.webdo.tn\/fr\/actualite\/national\/extension-de-tunis-carthage-entre-pollution-et-securite-lavertissement-de-cet-expert\/394594\/","name":"Extension de Tunis-Carthage : Entre pollution et s\u00e9curit\u00e9 ... l\u2019avertissement de cet expert - webdo","isPartOf":{"@id":"https:\/\/www.webdo.tn\/fr\/#website"},"primaryImageOfPage":{"@id":"https:\/\/www.webdo.tn\/fr\/actualite\/national\/extension-de-tunis-carthage-entre-pollution-et-securite-lavertissement-de-cet-expert\/394594\/#primaryimage"},"image":{"@id":"https:\/\/www.webdo.tn\/fr\/actualite\/national\/extension-de-tunis-carthage-entre-pollution-et-securite-lavertissement-de-cet-expert\/394594\/#primaryimage"},"thumbnailUrl":"https:\/\/www.webdo.tn\/fr\/wp-content\/uploads\/2025\/11\/Aeroport_Tunis_Carthage.jpg","datePublished":"2026-03-14T08:19:42+00:00","dateModified":"2026-03-14T08:22:05+00:00","description":"D\u00e9couvrez les risques du projet d'extension de Tunis-Carthage selon l'expert Maher Guida et ses critiques sur le trafic a\u00e9rien.","breadcrumb":{"@id":"https:\/\/www.webdo.tn\/fr\/actualite\/national\/extension-de-tunis-carthage-entre-pollution-et-securite-lavertissement-de-cet-expert\/394594\/#breadcrumb"},"inLanguage":"fr-FR","potentialAction":[{"@type":"ReadAction","target":["https:\/\/www.webdo.tn\/fr\/actualite\/national\/extension-de-tunis-carthage-entre-pollution-et-securite-lavertissement-de-cet-expert\/394594\/"]}]},{"@type":"ImageObject","inLanguage":"fr-FR","@id":"https:\/\/www.webdo.tn\/fr\/actualite\/national\/extension-de-tunis-carthage-entre-pollution-et-securite-lavertissement-de-cet-expert\/394594\/#primaryimage","url":"https:\/\/www.webdo.tn\/fr\/wp-content\/uploads\/2025\/11\/Aeroport_Tunis_Carthage.jpg","contentUrl":"https:\/\/www.webdo.tn\/fr\/wp-content\/uploads\/2025\/11\/Aeroport_Tunis_Carthage.jpg","width":1200,"height":601,"caption":"Extension de l\u2019a\u00e9roport Tunis-Carthage : Un projet \u00e0 3 milliards de dinars avec m\u00e9tro a\u00e9rien"},{"@type":"BreadcrumbList","@id":"https:\/\/www.webdo.tn\/fr\/actualite\/national\/extension-de-tunis-carthage-entre-pollution-et-securite-lavertissement-de-cet-expert\/394594\/#breadcrumb","itemListElement":[{"@type":"ListItem","position":1,"name":"Accueil","item":"https:\/\/www.webdo.tn\/fr\/"},{"@type":"ListItem","position":2,"name":"Extension de Tunis-Carthage : Entre pollution et s\u00e9curit\u00e9 &#8230; l\u2019avertissement de cet expert"}]},{"@type":"WebSite","@id":"https:\/\/www.webdo.tn\/fr\/#website","url":"https:\/\/www.webdo.tn\/fr\/","name":"webdo","description":"Tunisie - News en Tunisie et \u00e0 l&#039;international sur Webdo.tn","publisher":{"@id":"https:\/\/www.webdo.tn\/fr\/#organization"},"potentialAction":[{"@type":"SearchAction","target":{"@type":"EntryPoint","urlTemplate":"https:\/\/www.webdo.tn\/fr\/?s={search_term_string}"},"query-input":{"@type":"PropertyValueSpecification","valueRequired":true,"valueName":"search_term_string"}}],"inLanguage":"fr-FR"},{"@type":"Organization","@id":"https:\/\/www.webdo.tn\/fr\/#organization","name":"Webdo","alternateName":"Webdo.tn","url":"https:\/\/www.webdo.tn\/fr\/","logo":{"@type":"ImageObject","inLanguage":"fr-FR","@id":"https:\/\/www.webdo.tn\/fr\/#\/schema\/logo\/image\/","url":"https:\/\/www.webdo.tn\/fr\/wp-content\/uploads\/2025\/06\/Webdo-Tunisie_168377.jpg","contentUrl":"https:\/\/www.webdo.tn\/fr\/wp-content\/uploads\/2025\/06\/Webdo-Tunisie_168377.jpg","width":301,"height":301,"caption":"Webdo"},"image":{"@id":"https:\/\/www.webdo.tn\/fr\/#\/schema\/logo\/image\/"},"sameAs":["https:\/\/www.facebook.com\/webdotn","https:\/\/x.com\/webdo_tn"],"description":"Webdo est un m\u00e9dia num\u00e9rique tunisien fond\u00e9 en 2010, sp\u00e9cialis\u00e9 dans l\u2019actualit\u00e9 nationale et internationale, l\u2019\u00e9conomie, la soci\u00e9t\u00e9 et les analyses politiques. Le site s\u2019adresse \u00e0 un large public francophone et couvre l\u2019information tunisienne en temps r\u00e9el.","email":"redac@webdo.tn","legalName":"YNJ SARL","foundingDate":"2010-09-06","numberOfEmployees":{"@type":"QuantitativeValue","minValue":"11","maxValue":"50"}},{"@type":"Person","@id":"https:\/\/www.webdo.tn\/fr\/#\/schema\/person\/b9ecde7a5574cb4fcf4b496ea5fadb15","name":"Wided Belhaj","image":{"@type":"ImageObject","inLanguage":"fr-FR","@id":"https:\/\/www.webdo.tn\/fr\/wp-content\/uploads\/2026\/04\/wided-belhaj_avatar-96x96.jpg","url":"https:\/\/www.webdo.tn\/fr\/wp-content\/uploads\/2026\/04\/wided-belhaj_avatar-96x96.jpg","contentUrl":"https:\/\/www.webdo.tn\/fr\/wp-content\/uploads\/2026\/04\/wided-belhaj_avatar-96x96.jpg","caption":"Wided Belhaj"},"description":"Wided Belhaj est le pseudonyme \u00e9ditorial utilis\u00e9 par Khalil Jelassi, journaliste, ma\u00eetre-assistant \u00e0 l\u2019Institut de presse et des sciences de l\u2019information (IPSI) et chercheur en sciences de l\u2019information et de la communication. Cette signature est d\u00e9di\u00e9e \u00e0 l\u2019analyse des m\u00e9dias, des pratiques journalistiques et des mutations de l\u2019information \u00e0 l\u2019\u00e8re digitale. \u00c0 travers ses contributions, Wided Belhaj propose une lecture analytique de l\u2019actualit\u00e9, en croisant regard critique et expertise acad\u00e9mique.","knowsAbout":["m\u00e9dias","journalisme","communication","information","transformation num\u00e9rique","analyse des m\u00e9dias"],"knowsLanguage":["Fran\u00e7ais","Arabe"],"jobTitle":"Webdo.tn","worksFor":"Journaliste \u2013 Analyse des m\u00e9dias","url":"https:\/\/www.webdo.tn\/fr\/actualite\/author\/wided-belhaj\/"}]}},"_links":{"self":[{"href":"https:\/\/www.webdo.tn\/fr\/wp-json\/wp\/v2\/posts\/394594","targetHints":{"allow":["GET"]}}],"collection":[{"href":"https:\/\/www.webdo.tn\/fr\/wp-json\/wp\/v2\/posts"}],"about":[{"href":"https:\/\/www.webdo.tn\/fr\/wp-json\/wp\/v2\/types\/post"}],"author":[{"embeddable":true,"href":"https:\/\/www.webdo.tn\/fr\/wp-json\/wp\/v2\/users\/3184"}],"replies":[{"embeddable":true,"href":"https:\/\/www.webdo.tn\/fr\/wp-json\/wp\/v2\/comments?post=394594"}],"version-history":[{"count":0,"href":"https:\/\/www.webdo.tn\/fr\/wp-json\/wp\/v2\/posts\/394594\/revisions"}],"wp:featuredmedia":[{"embeddable":true,"href":"https:\/\/www.webdo.tn\/fr\/wp-json\/wp\/v2\/media\/387371"}],"wp:attachment":[{"href":"https:\/\/www.webdo.tn\/fr\/wp-json\/wp\/v2\/media?parent=394594"}],"wp:term":[{"taxonomy":"category","embeddable":true,"href":"https:\/\/www.webdo.tn\/fr\/wp-json\/wp\/v2\/categories?post=394594"},{"taxonomy":"post_tag","embeddable":true,"href":"https:\/\/www.webdo.tn\/fr\/wp-json\/wp\/v2\/tags?post=394594"}],"curies":[{"name":"wp","href":"https:\/\/api.w.org\/{rel}","templated":true}]}}