{"id":394590,"date":"2026-03-14T08:50:36","date_gmt":"2026-03-14T07:50:36","guid":{"rendered":"https:\/\/www.webdo.tn\/fr\/?p=394590"},"modified":"2026-03-14T08:50:38","modified_gmt":"2026-03-14T07:50:38","slug":"tunisie-quatre-sites-proposes-pour-des-zones-marines-et-cotieres-protegees","status":"publish","type":"post","link":"https:\/\/www.webdo.tn\/fr\/actualite\/national\/tunisie-quatre-sites-proposes-pour-des-zones-marines-et-cotieres-protegees\/394590\/","title":{"rendered":"Tunisie : Quatre sites propos\u00e9s pour des zones marines et c\u00f4ti\u00e8res prot\u00e9g\u00e9es"},"content":{"rendered":"\n<p><strong>Le ministre de l\u2019Environnement, Habib Abid, a annonc\u00e9 que son minist\u00e8re a soumis \u00e0 la pr\u00e9sidence du gouvernement quatre projets de lois visant \u00e0 cr\u00e9er des zones prot\u00e9g\u00e9es marines et c\u00f4ti\u00e8res en Tunisie.<\/strong><\/p>\n\n\n\n<p>Lors d\u2019une s\u00e9ance g\u00e9n\u00e9rale de dialogue, tenue vendredi au Conseil national des r\u00e9gions et gouvernorats, pour r\u00e9pondre aux questions orales des d\u00e9put\u00e9s, Habib Obeid a soulign\u00e9 que la Tunisie ne dispose actuellement d\u2019aucune zone marine prot\u00e9g\u00e9e, malgr\u00e9 l\u2019existence de la loi n\u00b049 de 2009, dat\u00e9e du 20 juillet 2009. Cette loi vise \u00e0 pr\u00e9server les \u00e9cosyst\u00e8mes et habitats marins et c\u00f4tiers, prot\u00e9ger les esp\u00e8ces end\u00e9miques, rares ou menac\u00e9es d\u2019extinction et sauvegarder les \u00e9cosyst\u00e8mes fragiles.<\/p>\n\n\n\n<h2 class=\"wp-block-heading\" id=\"h-les-quatre-sites-proposes\">Les quatre sites propos\u00e9s<\/h2>\n\n\n\n<p>Le ministre a rappel\u00e9 que l\u2019article 2 de cette loi d\u00e9finit les zones prot\u00e9g\u00e9es marines et c\u00f4ti\u00e8res comme des espaces d\u00e9sign\u00e9s l\u00e9galement pour la protection des milieux naturels, de la faune et de la flore, ainsi que des \u00e9cosyst\u00e8mes marins et c\u00f4tiers pr\u00e9sentant un int\u00e9r\u00eat scientifique, \u00e9ducatif, r\u00e9cr\u00e9atif ou paysager particulier.<\/p>\n\n\n\n<p class=\"has-medium-font-size\"><strong>Lire aussi :\u00a0<\/strong><a href=\"https:\/\/www.webdo.tn\/fr\/actualite\/national\/chaque-jour-les-plages-tunisiennes-croulent-sous-8-000-m%c2%b3-de-dechets\/381127\/\">Chaque jour, les plages tunisiennes croulent sous 8 000 m\u00b3 de d\u00e9chets<\/a><\/p>\n\n\n\n<p>Les quatre sites propos\u00e9s pour la cr\u00e9ation de ces zones prot\u00e9g\u00e9es sont l\u2019archipel de Galita, l\u2019archipel de Zembra et Zembretta, l\u2019\u00eele de Kerkennah et les lacs du Nord-Ouest. Ces zones visent non seulement \u00e0 pr\u00e9server l\u2019environnement, mais \u00e9galement \u00e0 d\u00e9velopper le tourisme tunisien et \u00e0 favoriser la reproduction des poissons et autres ressources animales.<\/p>\n\n\n\n<h2 class=\"wp-block-heading\" id=\"h-gouvernance-des-zones-cotieres\">Gouvernance des zones c\u00f4ti\u00e8res<\/h2>\n\n\n\n<p>Concernant la gouvernance des zones c\u00f4ti\u00e8res, le ministre a indiqu\u00e9 que le minist\u00e8re dispose d\u2019un financement de 500 000 dinars pour mener certaines \u00e9tudes, notamment sur la protection des c\u00f4tes du gouvernorat de Sfax. Il a \u00e9galement soulign\u00e9 l\u2019importance de renforcer le contr\u00f4le des usines situ\u00e9es pr\u00e8s des oueds, rappelant que plusieurs programmes ont \u00e9t\u00e9 mis en place pour suivre la qualit\u00e9 des eaux des principaux cours d\u2019eau.<\/p>\n","protected":false},"excerpt":{"rendered":"<p>Le ministre de l\u2019Environnement, Habib Abid, a annonc\u00e9 que son minist\u00e8re a soumis \u00e0 la pr\u00e9sidence du gouvernement quatre projets de lois visant \u00e0 cr\u00e9er des zones prot\u00e9g\u00e9es marines et c\u00f4ti\u00e8res en Tunisie. Lors d\u2019une s\u00e9ance g\u00e9n\u00e9rale de dialogue, tenue vendredi au Conseil national des r\u00e9gions et gouvernorats, pour r\u00e9pondre aux questions orales des d\u00e9put\u00e9s, [&hellip;]<\/p>\n","protected":false},"author":3184,"featured_media":391373,"comment_status":"closed","ping_status":"closed","sticky":false,"template":"","format":"standard","meta":{"footnotes":""},"categories":[44],"tags":[2608,13840],"class_list":["post-394590","post","type-post","status-publish","format-standard","has-post-thumbnail","hentry","category-national","tag-tunisie","tag-zone-marine"],"yoast_head":"<!-- This site is optimized with the Yoast SEO Premium plugin v27.5 (Yoast SEO v27.5) - https:\/\/yoast.com\/product\/yoast-seo-premium-wordpress\/ -->\n<title>Tunisie : Quatre sites propos\u00e9s pour des zones marines et c\u00f4ti\u00e8res prot\u00e9g\u00e9es - webdo<\/title>\n<meta name=\"description\" content=\"D\u00e9couvrez les zones marines et c\u00f4ti\u00e8res prot\u00e9g\u00e9es en Tunisie pour pr\u00e9server les \u00e9cosyst\u00e8mes et esp\u00e8ces menac\u00e9es.\" \/>\n<link rel=\"canonical\" href=\"https:\/\/www.webdo.tn\/fr\/actualite\/national\/tunisie-quatre-sites-proposes-pour-des-zones-marines-et-cotieres-protegees\/394590\/\" \/>\n<meta property=\"og:locale\" content=\"fr_FR\" \/>\n<meta property=\"og:type\" content=\"article\" \/>\n<meta property=\"og:title\" content=\"Tunisie : Quatre sites propos\u00e9s pour des zones marines et c\u00f4ti\u00e8res prot\u00e9g\u00e9es\" \/>\n<meta property=\"og:description\" content=\"D\u00e9couvrez les zones marines et c\u00f4ti\u00e8res prot\u00e9g\u00e9es en Tunisie pour pr\u00e9server les \u00e9cosyst\u00e8mes et esp\u00e8ces menac\u00e9es.\" \/>\n<meta property=\"og:url\" content=\"https:\/\/www.webdo.tn\/fr\/actualite\/national\/tunisie-quatre-sites-proposes-pour-des-zones-marines-et-cotieres-protegees\/394590\/\" \/>\n<meta property=\"og:site_name\" content=\"webdo\" \/>\n<meta property=\"article:publisher\" content=\"https:\/\/www.facebook.com\/webdotn\" \/>\n<meta property=\"article:published_time\" content=\"2026-03-14T07:50:36+00:00\" \/>\n<meta property=\"article:modified_time\" content=\"2026-03-14T07:50:38+00:00\" \/>\n<meta property=\"og:image\" content=\"https:\/\/www.webdo.tn\/fr\/wp-content\/uploads\/2026\/01\/pollution-dechets-plastique-mer-mediterranee.jpg\" \/>\n\t<meta property=\"og:image:width\" content=\"1200\" \/>\n\t<meta property=\"og:image:height\" content=\"606\" \/>\n\t<meta property=\"og:image:type\" content=\"image\/jpeg\" \/>\n<meta name=\"author\" content=\"Wided Belhaj\" \/>\n<meta name=\"twitter:card\" content=\"summary_large_image\" \/>\n<meta name=\"twitter:creator\" content=\"@webdo_tn\" \/>\n<meta name=\"twitter:site\" content=\"@webdo_tn\" \/>\n<meta name=\"twitter:label1\" content=\"\u00c9crit par\" \/>\n\t<meta name=\"twitter:data1\" content=\"Wided Belhaj\" \/>\n\t<meta name=\"twitter:label2\" content=\"Dur\u00e9e de lecture estim\u00e9e\" \/>\n\t<meta name=\"twitter:data2\" content=\"2 minutes\" \/>\n<script type=\"application\/ld+json\" class=\"yoast-schema-graph\">{\"@context\":\"https:\\\/\\\/schema.org\",\"@graph\":[{\"@type\":\"NewsArticle\",\"@id\":\"https:\\\/\\\/www.webdo.tn\\\/fr\\\/actualite\\\/national\\\/tunisie-quatre-sites-proposes-pour-des-zones-marines-et-cotieres-protegees\\\/394590\\\/#article\",\"isPartOf\":{\"@id\":\"https:\\\/\\\/www.webdo.tn\\\/fr\\\/actualite\\\/national\\\/tunisie-quatre-sites-proposes-pour-des-zones-marines-et-cotieres-protegees\\\/394590\\\/\"},\"author\":{\"name\":\"Wided Belhaj\",\"@id\":\"https:\\\/\\\/www.webdo.tn\\\/fr\\\/#\\\/schema\\\/person\\\/b9ecde7a5574cb4fcf4b496ea5fadb15\"},\"headline\":\"Tunisie : Quatre sites propos\u00e9s pour des zones marines et c\u00f4ti\u00e8res prot\u00e9g\u00e9es\",\"datePublished\":\"2026-03-14T07:50:36+00:00\",\"dateModified\":\"2026-03-14T07:50:38+00:00\",\"mainEntityOfPage\":{\"@id\":\"https:\\\/\\\/www.webdo.tn\\\/fr\\\/actualite\\\/national\\\/tunisie-quatre-sites-proposes-pour-des-zones-marines-et-cotieres-protegees\\\/394590\\\/\"},\"wordCount\":374,\"publisher\":{\"@id\":\"https:\\\/\\\/www.webdo.tn\\\/fr\\\/#organization\"},\"image\":{\"@id\":\"https:\\\/\\\/www.webdo.tn\\\/fr\\\/actualite\\\/national\\\/tunisie-quatre-sites-proposes-pour-des-zones-marines-et-cotieres-protegees\\\/394590\\\/#primaryimage\"},\"thumbnailUrl\":\"https:\\\/\\\/www.webdo.tn\\\/fr\\\/wp-content\\\/uploads\\\/2026\\\/01\\\/pollution-dechets-plastique-mer-mediterranee.jpg\",\"keywords\":[\"Tunisie\",\"zone marine\"],\"articleSection\":[\"National\"],\"inLanguage\":\"fr-FR\"},{\"@type\":\"WebPage\",\"@id\":\"https:\\\/\\\/www.webdo.tn\\\/fr\\\/actualite\\\/national\\\/tunisie-quatre-sites-proposes-pour-des-zones-marines-et-cotieres-protegees\\\/394590\\\/\",\"url\":\"https:\\\/\\\/www.webdo.tn\\\/fr\\\/actualite\\\/national\\\/tunisie-quatre-sites-proposes-pour-des-zones-marines-et-cotieres-protegees\\\/394590\\\/\",\"name\":\"Tunisie : Quatre sites propos\u00e9s pour des zones marines et c\u00f4ti\u00e8res prot\u00e9g\u00e9es - webdo\",\"isPartOf\":{\"@id\":\"https:\\\/\\\/www.webdo.tn\\\/fr\\\/#website\"},\"primaryImageOfPage\":{\"@id\":\"https:\\\/\\\/www.webdo.tn\\\/fr\\\/actualite\\\/national\\\/tunisie-quatre-sites-proposes-pour-des-zones-marines-et-cotieres-protegees\\\/394590\\\/#primaryimage\"},\"image\":{\"@id\":\"https:\\\/\\\/www.webdo.tn\\\/fr\\\/actualite\\\/national\\\/tunisie-quatre-sites-proposes-pour-des-zones-marines-et-cotieres-protegees\\\/394590\\\/#primaryimage\"},\"thumbnailUrl\":\"https:\\\/\\\/www.webdo.tn\\\/fr\\\/wp-content\\\/uploads\\\/2026\\\/01\\\/pollution-dechets-plastique-mer-mediterranee.jpg\",\"datePublished\":\"2026-03-14T07:50:36+00:00\",\"dateModified\":\"2026-03-14T07:50:38+00:00\",\"description\":\"D\u00e9couvrez les zones marines et c\u00f4ti\u00e8res prot\u00e9g\u00e9es en Tunisie pour pr\u00e9server les \u00e9cosyst\u00e8mes et esp\u00e8ces menac\u00e9es.\",\"breadcrumb\":{\"@id\":\"https:\\\/\\\/www.webdo.tn\\\/fr\\\/actualite\\\/national\\\/tunisie-quatre-sites-proposes-pour-des-zones-marines-et-cotieres-protegees\\\/394590\\\/#breadcrumb\"},\"inLanguage\":\"fr-FR\",\"potentialAction\":[{\"@type\":\"ReadAction\",\"target\":[\"https:\\\/\\\/www.webdo.tn\\\/fr\\\/actualite\\\/national\\\/tunisie-quatre-sites-proposes-pour-des-zones-marines-et-cotieres-protegees\\\/394590\\\/\"]}]},{\"@type\":\"ImageObject\",\"inLanguage\":\"fr-FR\",\"@id\":\"https:\\\/\\\/www.webdo.tn\\\/fr\\\/actualite\\\/national\\\/tunisie-quatre-sites-proposes-pour-des-zones-marines-et-cotieres-protegees\\\/394590\\\/#primaryimage\",\"url\":\"https:\\\/\\\/www.webdo.tn\\\/fr\\\/wp-content\\\/uploads\\\/2026\\\/01\\\/pollution-dechets-plastique-mer-mediterranee.jpg\",\"contentUrl\":\"https:\\\/\\\/www.webdo.tn\\\/fr\\\/wp-content\\\/uploads\\\/2026\\\/01\\\/pollution-dechets-plastique-mer-mediterranee.jpg\",\"width\":1200,\"height\":606,\"caption\":\"D\u00e9chets plastiques : La Tunisie au c\u0153ur d\u2019une crise environnementale r\u00e9gionale\"},{\"@type\":\"BreadcrumbList\",\"@id\":\"https:\\\/\\\/www.webdo.tn\\\/fr\\\/actualite\\\/national\\\/tunisie-quatre-sites-proposes-pour-des-zones-marines-et-cotieres-protegees\\\/394590\\\/#breadcrumb\",\"itemListElement\":[{\"@type\":\"ListItem\",\"position\":1,\"name\":\"Accueil\",\"item\":\"https:\\\/\\\/www.webdo.tn\\\/fr\\\/\"},{\"@type\":\"ListItem\",\"position\":2,\"name\":\"Tunisie : Quatre sites propos\u00e9s pour des zones marines et c\u00f4ti\u00e8res prot\u00e9g\u00e9es\"}]},{\"@type\":\"WebSite\",\"@id\":\"https:\\\/\\\/www.webdo.tn\\\/fr\\\/#website\",\"url\":\"https:\\\/\\\/www.webdo.tn\\\/fr\\\/\",\"name\":\"webdo\",\"description\":\"Tunisie - News en Tunisie et \u00e0 l&#039;international sur Webdo.tn\",\"publisher\":{\"@id\":\"https:\\\/\\\/www.webdo.tn\\\/fr\\\/#organization\"},\"potentialAction\":[{\"@type\":\"SearchAction\",\"target\":{\"@type\":\"EntryPoint\",\"urlTemplate\":\"https:\\\/\\\/www.webdo.tn\\\/fr\\\/?s={search_term_string}\"},\"query-input\":{\"@type\":\"PropertyValueSpecification\",\"valueRequired\":true,\"valueName\":\"search_term_string\"}}],\"inLanguage\":\"fr-FR\"},{\"@type\":\"Organization\",\"@id\":\"https:\\\/\\\/www.webdo.tn\\\/fr\\\/#organization\",\"name\":\"Webdo\",\"alternateName\":\"Webdo.tn\",\"url\":\"https:\\\/\\\/www.webdo.tn\\\/fr\\\/\",\"logo\":{\"@type\":\"ImageObject\",\"inLanguage\":\"fr-FR\",\"@id\":\"https:\\\/\\\/www.webdo.tn\\\/fr\\\/#\\\/schema\\\/logo\\\/image\\\/\",\"url\":\"https:\\\/\\\/www.webdo.tn\\\/fr\\\/wp-content\\\/uploads\\\/2025\\\/06\\\/Webdo-Tunisie_168377.jpg\",\"contentUrl\":\"https:\\\/\\\/www.webdo.tn\\\/fr\\\/wp-content\\\/uploads\\\/2025\\\/06\\\/Webdo-Tunisie_168377.jpg\",\"width\":301,\"height\":301,\"caption\":\"Webdo\"},\"image\":{\"@id\":\"https:\\\/\\\/www.webdo.tn\\\/fr\\\/#\\\/schema\\\/logo\\\/image\\\/\"},\"sameAs\":[\"https:\\\/\\\/www.facebook.com\\\/webdotn\",\"https:\\\/\\\/x.com\\\/webdo_tn\"],\"description\":\"Webdo est un m\u00e9dia num\u00e9rique tunisien fond\u00e9 en 2010, sp\u00e9cialis\u00e9 dans l\u2019actualit\u00e9 nationale et internationale, l\u2019\u00e9conomie, la soci\u00e9t\u00e9 et les analyses politiques. Le site s\u2019adresse \u00e0 un large public francophone et couvre l\u2019information tunisienne en temps r\u00e9el.\",\"email\":\"redac@webdo.tn\",\"legalName\":\"YNJ SARL\",\"foundingDate\":\"2010-09-06\",\"numberOfEmployees\":{\"@type\":\"QuantitativeValue\",\"minValue\":\"11\",\"maxValue\":\"50\"}},{\"@type\":\"Person\",\"@id\":\"https:\\\/\\\/www.webdo.tn\\\/fr\\\/#\\\/schema\\\/person\\\/b9ecde7a5574cb4fcf4b496ea5fadb15\",\"name\":\"Wided Belhaj\",\"image\":{\"@type\":\"ImageObject\",\"inLanguage\":\"fr-FR\",\"@id\":\"https:\\\/\\\/www.webdo.tn\\\/fr\\\/wp-content\\\/uploads\\\/2026\\\/04\\\/wided-belhaj_avatar-96x96.jpg\",\"url\":\"https:\\\/\\\/www.webdo.tn\\\/fr\\\/wp-content\\\/uploads\\\/2026\\\/04\\\/wided-belhaj_avatar-96x96.jpg\",\"contentUrl\":\"https:\\\/\\\/www.webdo.tn\\\/fr\\\/wp-content\\\/uploads\\\/2026\\\/04\\\/wided-belhaj_avatar-96x96.jpg\",\"caption\":\"Wided Belhaj\"},\"description\":\"Wided Belhaj est le pseudonyme \u00e9ditorial utilis\u00e9 par Khalil Jelassi, journaliste, ma\u00eetre-assistant \u00e0 l\u2019Institut de presse et des sciences de l\u2019information (IPSI) et chercheur en sciences de l\u2019information et de la communication. Cette signature est d\u00e9di\u00e9e \u00e0 l\u2019analyse des m\u00e9dias, des pratiques journalistiques et des mutations de l\u2019information \u00e0 l\u2019\u00e8re digitale. \u00c0 travers ses contributions, Wided Belhaj propose une lecture analytique de l\u2019actualit\u00e9, en croisant regard critique et expertise acad\u00e9mique.\",\"knowsAbout\":[\"m\u00e9dias\",\"journalisme\",\"communication\",\"information\",\"transformation num\u00e9rique\",\"analyse des m\u00e9dias\"],\"knowsLanguage\":[\"Fran\u00e7ais\",\"Arabe\"],\"jobTitle\":\"Webdo.tn\",\"worksFor\":\"Journaliste \u2013 Analyse des m\u00e9dias\",\"url\":\"https:\\\/\\\/www.webdo.tn\\\/fr\\\/actualite\\\/author\\\/wided-belhaj\\\/\"}]}<\/script>\n<!-- \/ Yoast SEO Premium plugin. -->","yoast_head_json":{"title":"Tunisie : Quatre sites propos\u00e9s pour des zones marines et c\u00f4ti\u00e8res prot\u00e9g\u00e9es - webdo","description":"D\u00e9couvrez les zones marines et c\u00f4ti\u00e8res prot\u00e9g\u00e9es en Tunisie pour pr\u00e9server les \u00e9cosyst\u00e8mes et esp\u00e8ces menac\u00e9es.","canonical":"https:\/\/www.webdo.tn\/fr\/actualite\/national\/tunisie-quatre-sites-proposes-pour-des-zones-marines-et-cotieres-protegees\/394590\/","og_locale":"fr_FR","og_type":"article","og_title":"Tunisie : Quatre sites propos\u00e9s pour des zones marines et c\u00f4ti\u00e8res prot\u00e9g\u00e9es","og_description":"D\u00e9couvrez les zones marines et c\u00f4ti\u00e8res prot\u00e9g\u00e9es en Tunisie pour pr\u00e9server les \u00e9cosyst\u00e8mes et esp\u00e8ces menac\u00e9es.","og_url":"https:\/\/www.webdo.tn\/fr\/actualite\/national\/tunisie-quatre-sites-proposes-pour-des-zones-marines-et-cotieres-protegees\/394590\/","og_site_name":"webdo","article_publisher":"https:\/\/www.facebook.com\/webdotn","article_published_time":"2026-03-14T07:50:36+00:00","article_modified_time":"2026-03-14T07:50:38+00:00","og_image":[{"width":1200,"height":606,"url":"https:\/\/www.webdo.tn\/fr\/wp-content\/uploads\/2026\/01\/pollution-dechets-plastique-mer-mediterranee.jpg","type":"image\/jpeg"}],"author":"Wided Belhaj","twitter_card":"summary_large_image","twitter_creator":"@webdo_tn","twitter_site":"@webdo_tn","twitter_misc":{"\u00c9crit par":"Wided Belhaj","Dur\u00e9e de lecture estim\u00e9e":"2 minutes"},"schema":{"@context":"https:\/\/schema.org","@graph":[{"@type":"NewsArticle","@id":"https:\/\/www.webdo.tn\/fr\/actualite\/national\/tunisie-quatre-sites-proposes-pour-des-zones-marines-et-cotieres-protegees\/394590\/#article","isPartOf":{"@id":"https:\/\/www.webdo.tn\/fr\/actualite\/national\/tunisie-quatre-sites-proposes-pour-des-zones-marines-et-cotieres-protegees\/394590\/"},"author":{"name":"Wided Belhaj","@id":"https:\/\/www.webdo.tn\/fr\/#\/schema\/person\/b9ecde7a5574cb4fcf4b496ea5fadb15"},"headline":"Tunisie : Quatre sites propos\u00e9s pour des zones marines et c\u00f4ti\u00e8res prot\u00e9g\u00e9es","datePublished":"2026-03-14T07:50:36+00:00","dateModified":"2026-03-14T07:50:38+00:00","mainEntityOfPage":{"@id":"https:\/\/www.webdo.tn\/fr\/actualite\/national\/tunisie-quatre-sites-proposes-pour-des-zones-marines-et-cotieres-protegees\/394590\/"},"wordCount":374,"publisher":{"@id":"https:\/\/www.webdo.tn\/fr\/#organization"},"image":{"@id":"https:\/\/www.webdo.tn\/fr\/actualite\/national\/tunisie-quatre-sites-proposes-pour-des-zones-marines-et-cotieres-protegees\/394590\/#primaryimage"},"thumbnailUrl":"https:\/\/www.webdo.tn\/fr\/wp-content\/uploads\/2026\/01\/pollution-dechets-plastique-mer-mediterranee.jpg","keywords":["Tunisie","zone marine"],"articleSection":["National"],"inLanguage":"fr-FR"},{"@type":"WebPage","@id":"https:\/\/www.webdo.tn\/fr\/actualite\/national\/tunisie-quatre-sites-proposes-pour-des-zones-marines-et-cotieres-protegees\/394590\/","url":"https:\/\/www.webdo.tn\/fr\/actualite\/national\/tunisie-quatre-sites-proposes-pour-des-zones-marines-et-cotieres-protegees\/394590\/","name":"Tunisie : Quatre sites propos\u00e9s pour des zones marines et c\u00f4ti\u00e8res prot\u00e9g\u00e9es - webdo","isPartOf":{"@id":"https:\/\/www.webdo.tn\/fr\/#website"},"primaryImageOfPage":{"@id":"https:\/\/www.webdo.tn\/fr\/actualite\/national\/tunisie-quatre-sites-proposes-pour-des-zones-marines-et-cotieres-protegees\/394590\/#primaryimage"},"image":{"@id":"https:\/\/www.webdo.tn\/fr\/actualite\/national\/tunisie-quatre-sites-proposes-pour-des-zones-marines-et-cotieres-protegees\/394590\/#primaryimage"},"thumbnailUrl":"https:\/\/www.webdo.tn\/fr\/wp-content\/uploads\/2026\/01\/pollution-dechets-plastique-mer-mediterranee.jpg","datePublished":"2026-03-14T07:50:36+00:00","dateModified":"2026-03-14T07:50:38+00:00","description":"D\u00e9couvrez les zones marines et c\u00f4ti\u00e8res prot\u00e9g\u00e9es en Tunisie pour pr\u00e9server les \u00e9cosyst\u00e8mes et esp\u00e8ces menac\u00e9es.","breadcrumb":{"@id":"https:\/\/www.webdo.tn\/fr\/actualite\/national\/tunisie-quatre-sites-proposes-pour-des-zones-marines-et-cotieres-protegees\/394590\/#breadcrumb"},"inLanguage":"fr-FR","potentialAction":[{"@type":"ReadAction","target":["https:\/\/www.webdo.tn\/fr\/actualite\/national\/tunisie-quatre-sites-proposes-pour-des-zones-marines-et-cotieres-protegees\/394590\/"]}]},{"@type":"ImageObject","inLanguage":"fr-FR","@id":"https:\/\/www.webdo.tn\/fr\/actualite\/national\/tunisie-quatre-sites-proposes-pour-des-zones-marines-et-cotieres-protegees\/394590\/#primaryimage","url":"https:\/\/www.webdo.tn\/fr\/wp-content\/uploads\/2026\/01\/pollution-dechets-plastique-mer-mediterranee.jpg","contentUrl":"https:\/\/www.webdo.tn\/fr\/wp-content\/uploads\/2026\/01\/pollution-dechets-plastique-mer-mediterranee.jpg","width":1200,"height":606,"caption":"D\u00e9chets plastiques : La Tunisie au c\u0153ur d\u2019une crise environnementale r\u00e9gionale"},{"@type":"BreadcrumbList","@id":"https:\/\/www.webdo.tn\/fr\/actualite\/national\/tunisie-quatre-sites-proposes-pour-des-zones-marines-et-cotieres-protegees\/394590\/#breadcrumb","itemListElement":[{"@type":"ListItem","position":1,"name":"Accueil","item":"https:\/\/www.webdo.tn\/fr\/"},{"@type":"ListItem","position":2,"name":"Tunisie : Quatre sites propos\u00e9s pour des zones marines et c\u00f4ti\u00e8res prot\u00e9g\u00e9es"}]},{"@type":"WebSite","@id":"https:\/\/www.webdo.tn\/fr\/#website","url":"https:\/\/www.webdo.tn\/fr\/","name":"webdo","description":"Tunisie - News en Tunisie et \u00e0 l&#039;international sur Webdo.tn","publisher":{"@id":"https:\/\/www.webdo.tn\/fr\/#organization"},"potentialAction":[{"@type":"SearchAction","target":{"@type":"EntryPoint","urlTemplate":"https:\/\/www.webdo.tn\/fr\/?s={search_term_string}"},"query-input":{"@type":"PropertyValueSpecification","valueRequired":true,"valueName":"search_term_string"}}],"inLanguage":"fr-FR"},{"@type":"Organization","@id":"https:\/\/www.webdo.tn\/fr\/#organization","name":"Webdo","alternateName":"Webdo.tn","url":"https:\/\/www.webdo.tn\/fr\/","logo":{"@type":"ImageObject","inLanguage":"fr-FR","@id":"https:\/\/www.webdo.tn\/fr\/#\/schema\/logo\/image\/","url":"https:\/\/www.webdo.tn\/fr\/wp-content\/uploads\/2025\/06\/Webdo-Tunisie_168377.jpg","contentUrl":"https:\/\/www.webdo.tn\/fr\/wp-content\/uploads\/2025\/06\/Webdo-Tunisie_168377.jpg","width":301,"height":301,"caption":"Webdo"},"image":{"@id":"https:\/\/www.webdo.tn\/fr\/#\/schema\/logo\/image\/"},"sameAs":["https:\/\/www.facebook.com\/webdotn","https:\/\/x.com\/webdo_tn"],"description":"Webdo est un m\u00e9dia num\u00e9rique tunisien fond\u00e9 en 2010, sp\u00e9cialis\u00e9 dans l\u2019actualit\u00e9 nationale et internationale, l\u2019\u00e9conomie, la soci\u00e9t\u00e9 et les analyses politiques. Le site s\u2019adresse \u00e0 un large public francophone et couvre l\u2019information tunisienne en temps r\u00e9el.","email":"redac@webdo.tn","legalName":"YNJ SARL","foundingDate":"2010-09-06","numberOfEmployees":{"@type":"QuantitativeValue","minValue":"11","maxValue":"50"}},{"@type":"Person","@id":"https:\/\/www.webdo.tn\/fr\/#\/schema\/person\/b9ecde7a5574cb4fcf4b496ea5fadb15","name":"Wided Belhaj","image":{"@type":"ImageObject","inLanguage":"fr-FR","@id":"https:\/\/www.webdo.tn\/fr\/wp-content\/uploads\/2026\/04\/wided-belhaj_avatar-96x96.jpg","url":"https:\/\/www.webdo.tn\/fr\/wp-content\/uploads\/2026\/04\/wided-belhaj_avatar-96x96.jpg","contentUrl":"https:\/\/www.webdo.tn\/fr\/wp-content\/uploads\/2026\/04\/wided-belhaj_avatar-96x96.jpg","caption":"Wided Belhaj"},"description":"Wided Belhaj est le pseudonyme \u00e9ditorial utilis\u00e9 par Khalil Jelassi, journaliste, ma\u00eetre-assistant \u00e0 l\u2019Institut de presse et des sciences de l\u2019information (IPSI) et chercheur en sciences de l\u2019information et de la communication. Cette signature est d\u00e9di\u00e9e \u00e0 l\u2019analyse des m\u00e9dias, des pratiques journalistiques et des mutations de l\u2019information \u00e0 l\u2019\u00e8re digitale. \u00c0 travers ses contributions, Wided Belhaj propose une lecture analytique de l\u2019actualit\u00e9, en croisant regard critique et expertise acad\u00e9mique.","knowsAbout":["m\u00e9dias","journalisme","communication","information","transformation num\u00e9rique","analyse des m\u00e9dias"],"knowsLanguage":["Fran\u00e7ais","Arabe"],"jobTitle":"Webdo.tn","worksFor":"Journaliste \u2013 Analyse des m\u00e9dias","url":"https:\/\/www.webdo.tn\/fr\/actualite\/author\/wided-belhaj\/"}]}},"_links":{"self":[{"href":"https:\/\/www.webdo.tn\/fr\/wp-json\/wp\/v2\/posts\/394590","targetHints":{"allow":["GET"]}}],"collection":[{"href":"https:\/\/www.webdo.tn\/fr\/wp-json\/wp\/v2\/posts"}],"about":[{"href":"https:\/\/www.webdo.tn\/fr\/wp-json\/wp\/v2\/types\/post"}],"author":[{"embeddable":true,"href":"https:\/\/www.webdo.tn\/fr\/wp-json\/wp\/v2\/users\/3184"}],"replies":[{"embeddable":true,"href":"https:\/\/www.webdo.tn\/fr\/wp-json\/wp\/v2\/comments?post=394590"}],"version-history":[{"count":0,"href":"https:\/\/www.webdo.tn\/fr\/wp-json\/wp\/v2\/posts\/394590\/revisions"}],"wp:featuredmedia":[{"embeddable":true,"href":"https:\/\/www.webdo.tn\/fr\/wp-json\/wp\/v2\/media\/391373"}],"wp:attachment":[{"href":"https:\/\/www.webdo.tn\/fr\/wp-json\/wp\/v2\/media?parent=394590"}],"wp:term":[{"taxonomy":"category","embeddable":true,"href":"https:\/\/www.webdo.tn\/fr\/wp-json\/wp\/v2\/categories?post=394590"},{"taxonomy":"post_tag","embeddable":true,"href":"https:\/\/www.webdo.tn\/fr\/wp-json\/wp\/v2\/tags?post=394590"}],"curies":[{"name":"wp","href":"https:\/\/api.w.org\/{rel}","templated":true}]}}